{"id":6326,"date":"2021-06-28T21:10:29","date_gmt":"2021-06-29T02:10:29","guid":{"rendered":"https:\/\/soclose.mx\/blog\/?p=6326"},"modified":"2023-11-13T20:46:09","modified_gmt":"2023-11-14T02:46:09","slug":"video-jorge-escutia-el-joven-baritono-mexicano-que-va-rumbo-a-suiza","status":"publish","type":"post","link":"https:\/\/soclose.mx\/blog\/news-feed\/video-jorge-escutia-el-joven-baritono-mexicano-que-va-rumbo-a-suiza\/","title":{"rendered":"VIDEO | Jorge Escutia, el joven bar\u00edtono mexicano que va rumbo a Suiza"},"content":{"rendered":"<p>Se llama<strong> Jorge Escutia<\/strong>, es bar\u00edtono de la Facultad de M\u00fasica de la <strong><a href=\"https:\/\/soclose.mx\/blog\/?s=UNAM\" target=\"_blank\" rel=\"noopener\">UNAM<\/a>,<\/strong> becario de la Academia de <strong>M\u00fasica<\/strong> Antigua y fue aceptado para estudiar la licenciatura especializada en m\u00fasica antigua en la <strong>Schola Cantorum Basiliensis<\/strong> en <strong>Suiza.<\/strong><\/p>\n<p>Todo sucedi\u00f3 luego de que el a\u00f1o pasado realiz\u00f3 un ciclo con obras de <strong>Beethoven,<\/strong> pero su trayectoria va desde los ensambles vocales que ha realizado hasta ser miembro del taller de \u00f3pera de la Facultad de M\u00fasica.<\/p>\n<p>Permanecer\u00e1 tres a\u00f1os a <strong>Suiza<\/strong> para terminar la licenciatura en la <strong>Schola<em>\u00a0Cantorum Basiliensis<\/em><\/strong> y, si es posible, quiere estudiar dos a\u00f1os m\u00e1s la maestr\u00eda. \u201cQuiero aprovechar todo, no s\u00f3lo para estudiar en esa escuela, sino ir por m\u00e1s, acudir a las audiciones que haya, ex\u00e1menes, etc\u00e9tera\u201d.<\/p>\n<p><iframe loading=\"lazy\" title=\"YouTube video player\" src=\"https:\/\/www.youtube.com\/embed\/Xq1HLp7YOa4\" width=\"560\" height=\"315\" frameborder=\"0\" allowfullscreen=\"allowfullscreen\"><\/iframe><\/p>\n<p>&nbsp;<\/p>\n<p>&nbsp;<\/p>\n","protected":false},"excerpt":{"rendered":"<p>Se llama Jorge Escutia, es bar\u00edtono de la Facultad de M\u00fasica de la UNAM, becario de la Academia de M\u00fasica Antigua y fue aceptado para estudiar la licenciatura especializada en m\u00fasica antigua en la Schola Cantorum Basiliensis en Suiza. Todo sucedi\u00f3 luego de que el a\u00f1o pasado realiz\u00f3 un ciclo con obras de Beethoven, pero su trayectoria va desde los ensambles vocales que ha realizado hasta ser miembro del taller de \u00f3pera de la Facultad de M\u00fasica. Permanecer\u00e1 tres a\u00f1os a Suiza para terminar la licenciatura en la Schola\u00a0Cantorum Basiliensis y, si es posible, quiere estudiar dos a\u00f1os m\u00e1s la<\/p>\n","protected":false},"author":1,"featured_media":6338,"comment_status":"open","ping_status":"open","sticky":false,"template":"","format":"standard","meta":{"_jetpack_memberships_contains_paid_content":false,"footnotes":""},"categories":[628],"tags":[1028,1029,1027,1026],"class_list":["post-6326","post","type-post","status-publish","format-standard","has-post-thumbnail","hentry","category-news-feed","tag-baritono","tag-escuela-de-musica-de-la-unam","tag-jorge-escutia","tag-suiza"],"yoast_head":"<!-- This site is optimized with the Yoast SEO plugin v26.7 - https:\/\/yoast.com\/wordpress\/plugins\/seo\/ -->\n<title>VIDEO | Jorge Escutia, el joven bar\u00edtono mexicano que va rumbo a Suiza - So Close<\/title>\n<meta name=\"description\" content=\"Se llama Jorge Escutia, es bar\u00edtono de la Facultad de M\u00fasica de la UNAM, becario de la Academia de M\u00fasica Antigua.\" \/>\n<meta name=\"robots\" content=\"index, follow, max-snippet:-1, max-image-preview:large, max-video-preview:-1\" \/>\n<link rel=\"canonical\" href=\"https:\/\/soclose.mx\/blog\/news-feed\/video-jorge-escutia-el-joven-baritono-mexicano-que-va-rumbo-a-suiza\/\" \/>\n<meta property=\"og:locale\" content=\"es_MX\" \/>\n<meta property=\"og:type\" content=\"article\" \/>\n<meta property=\"og:title\" content=\"VIDEO | Jorge Escutia, el joven bar\u00edtono mexicano que va rumbo a Suiza - So Close\" \/>\n<meta property=\"og:description\" content=\"Se llama Jorge Escutia, es bar\u00edtono de la Facultad de M\u00fasica de la UNAM, becario de la Academia de M\u00fasica Antigua.\" \/>\n<meta property=\"og:url\" content=\"https:\/\/soclose.mx\/blog\/news-feed\/video-jorge-escutia-el-joven-baritono-mexicano-que-va-rumbo-a-suiza\/\" \/>\n<meta property=\"og:site_name\" content=\"So Close\" \/>\n<meta property=\"article:published_time\" content=\"2021-06-29T02:10:29+00:00\" \/>\n<meta property=\"article:modified_time\" content=\"2023-11-14T02:46:09+00:00\" \/>\n<meta property=\"og:image\" content=\"https:\/\/soclose.mx\/blog\/wp-content\/uploads\/2021\/06\/baritono.jpeg\" \/>\n\t<meta property=\"og:image:width\" content=\"1240\" \/>\n\t<meta property=\"og:image:height\" content=\"700\" \/>\n\t<meta property=\"og:image:type\" content=\"image\/jpeg\" \/>\n<meta name=\"author\" content=\"So Close\" \/>\n<meta name=\"twitter:card\" content=\"summary_large_image\" \/>\n<meta name=\"twitter:label1\" content=\"Escrito por\" \/>\n\t<meta name=\"twitter:data1\" content=\"So Close\" \/>\n\t<meta name=\"twitter:label2\" content=\"Tiempo de lectura\" \/>\n\t<meta name=\"twitter:data2\" content=\"1 minuto\" \/>\n<script type=\"application\/ld+json\" class=\"yoast-schema-graph\">{\"@context\":\"https:\/\/schema.org\",\"@graph\":[{\"@type\":\"Article\",\"@id\":\"https:\/\/soclose.mx\/blog\/news-feed\/video-jorge-escutia-el-joven-baritono-mexicano-que-va-rumbo-a-suiza\/#article\",\"isPartOf\":{\"@id\":\"https:\/\/soclose.mx\/blog\/news-feed\/video-jorge-escutia-el-joven-baritono-mexicano-que-va-rumbo-a-suiza\/\"},\"author\":{\"name\":\"So Close\",\"@id\":\"https:\/\/soclose.mx\/blog\/#\/schema\/person\/723eb117ab965b55c3e56b5d29751667\"},\"headline\":\"VIDEO | Jorge Escutia, el joven bar\u00edtono mexicano que va rumbo a Suiza\",\"datePublished\":\"2021-06-29T02:10:29+00:00\",\"dateModified\":\"2023-11-14T02:46:09+00:00\",\"mainEntityOfPage\":{\"@id\":\"https:\/\/soclose.mx\/blog\/news-feed\/video-jorge-escutia-el-joven-baritono-mexicano-que-va-rumbo-a-suiza\/\"},\"wordCount\":153,\"commentCount\":0,\"publisher\":{\"@id\":\"https:\/\/soclose.mx\/blog\/#organization\"},\"image\":{\"@id\":\"https:\/\/soclose.mx\/blog\/news-feed\/video-jorge-escutia-el-joven-baritono-mexicano-que-va-rumbo-a-suiza\/#primaryimage\"},\"thumbnailUrl\":\"https:\/\/i0.wp.com\/soclose.mx\/blog\/wp-content\/uploads\/2021\/06\/baritono.jpeg?fit=1240%2C700&ssl=1\",\"keywords\":[\"baritono\",\"escuela de m\u00fasica de la unam\",\"jorge escutia\",\"suiza\"],\"articleSection\":[\"News feed\"],\"inLanguage\":\"es\",\"potentialAction\":[{\"@type\":\"CommentAction\",\"name\":\"Comment\",\"target\":[\"https:\/\/soclose.mx\/blog\/news-feed\/video-jorge-escutia-el-joven-baritono-mexicano-que-va-rumbo-a-suiza\/#respond\"]}]},{\"@type\":\"WebPage\",\"@id\":\"https:\/\/soclose.mx\/blog\/news-feed\/video-jorge-escutia-el-joven-baritono-mexicano-que-va-rumbo-a-suiza\/\",\"url\":\"https:\/\/soclose.mx\/blog\/news-feed\/video-jorge-escutia-el-joven-baritono-mexicano-que-va-rumbo-a-suiza\/\",\"name\":\"VIDEO | Jorge Escutia, el joven bar\u00edtono mexicano que va rumbo a Suiza - So Close\",\"isPartOf\":{\"@id\":\"https:\/\/soclose.mx\/blog\/#website\"},\"primaryImageOfPage\":{\"@id\":\"https:\/\/soclose.mx\/blog\/news-feed\/video-jorge-escutia-el-joven-baritono-mexicano-que-va-rumbo-a-suiza\/#primaryimage\"},\"image\":{\"@id\":\"https:\/\/soclose.mx\/blog\/news-feed\/video-jorge-escutia-el-joven-baritono-mexicano-que-va-rumbo-a-suiza\/#primaryimage\"},\"thumbnailUrl\":\"https:\/\/i0.wp.com\/soclose.mx\/blog\/wp-content\/uploads\/2021\/06\/baritono.jpeg?fit=1240%2C700&ssl=1\",\"datePublished\":\"2021-06-29T02:10:29+00:00\",\"dateModified\":\"2023-11-14T02:46:09+00:00\",\"description\":\"Se llama Jorge Escutia, es bar\u00edtono de la Facultad de M\u00fasica de la UNAM, becario de la Academia de M\u00fasica Antigua.\",\"breadcrumb\":{\"@id\":\"https:\/\/soclose.mx\/blog\/news-feed\/video-jorge-escutia-el-joven-baritono-mexicano-que-va-rumbo-a-suiza\/#breadcrumb\"},\"inLanguage\":\"es\",\"potentialAction\":[{\"@type\":\"ReadAction\",\"target\":[\"https:\/\/soclose.mx\/blog\/news-feed\/video-jorge-escutia-el-joven-baritono-mexicano-que-va-rumbo-a-suiza\/\"]}]},{\"@type\":\"ImageObject\",\"inLanguage\":\"es\",\"@id\":\"https:\/\/soclose.mx\/blog\/news-feed\/video-jorge-escutia-el-joven-baritono-mexicano-que-va-rumbo-a-suiza\/#primaryimage\",\"url\":\"https:\/\/i0.wp.com\/soclose.mx\/blog\/wp-content\/uploads\/2021\/06\/baritono.jpeg?fit=1240%2C700&ssl=1\",\"contentUrl\":\"https:\/\/i0.wp.com\/soclose.mx\/blog\/wp-content\/uploads\/2021\/06\/baritono.jpeg?fit=1240%2C700&ssl=1\",\"width\":1240,\"height\":700},{\"@type\":\"BreadcrumbList\",\"@id\":\"https:\/\/soclose.mx\/blog\/news-feed\/video-jorge-escutia-el-joven-baritono-mexicano-que-va-rumbo-a-suiza\/#breadcrumb\",\"itemListElement\":[{\"@type\":\"ListItem\",\"position\":1,\"name\":\"Inicio\",\"item\":\"https:\/\/soclose.mx\/blog\/\"},{\"@type\":\"ListItem\",\"position\":2,\"name\":\"VIDEO | Jorge Escutia, el joven bar\u00edtono mexicano que va rumbo a Suiza\"}]},{\"@type\":\"WebSite\",\"@id\":\"https:\/\/soclose.mx\/blog\/#website\",\"url\":\"https:\/\/soclose.mx\/blog\/\",\"name\":\"So Close\",\"description\":\"Hacemos contenidos de M\u00e9xico\",\"publisher\":{\"@id\":\"https:\/\/soclose.mx\/blog\/#organization\"},\"potentialAction\":[{\"@type\":\"SearchAction\",\"target\":{\"@type\":\"EntryPoint\",\"urlTemplate\":\"https:\/\/soclose.mx\/blog\/?s={search_term_string}\"},\"query-input\":{\"@type\":\"PropertyValueSpecification\",\"valueRequired\":true,\"valueName\":\"search_term_string\"}}],\"inLanguage\":\"es\"},{\"@type\":\"Organization\",\"@id\":\"https:\/\/soclose.mx\/blog\/#organization\",\"name\":\"So Close\",\"url\":\"https:\/\/soclose.mx\/blog\/\",\"logo\":{\"@type\":\"ImageObject\",\"inLanguage\":\"es\",\"@id\":\"https:\/\/soclose.mx\/blog\/#\/schema\/logo\/image\/\",\"url\":\"https:\/\/i0.wp.com\/soclose.mx\/blog\/wp-content\/uploads\/2020\/12\/LOGO_SOCLOSE_COLOR-e1608310133507.png?fit=2858%2C1264&ssl=1\",\"contentUrl\":\"https:\/\/i0.wp.com\/soclose.mx\/blog\/wp-content\/uploads\/2020\/12\/LOGO_SOCLOSE_COLOR-e1608310133507.png?fit=2858%2C1264&ssl=1\",\"width\":2858,\"height\":1264,\"caption\":\"So Close\"},\"image\":{\"@id\":\"https:\/\/soclose.mx\/blog\/#\/schema\/logo\/image\/\"}},{\"@type\":\"Person\",\"@id\":\"https:\/\/soclose.mx\/blog\/#\/schema\/person\/723eb117ab965b55c3e56b5d29751667\",\"name\":\"So Close\",\"image\":{\"@type\":\"ImageObject\",\"inLanguage\":\"es\",\"@id\":\"https:\/\/soclose.mx\/blog\/#\/schema\/person\/image\/\",\"url\":\"https:\/\/secure.gravatar.com\/avatar\/5a1d1d694eaf6d2c28f450f0984cbb34821b92dc49c1d088c0250fbc6a48efec?s=96&d=mm&r=g\",\"contentUrl\":\"https:\/\/secure.gravatar.com\/avatar\/5a1d1d694eaf6d2c28f450f0984cbb34821b92dc49c1d088c0250fbc6a48efec?s=96&d=mm&r=g\",\"caption\":\"So Close\"},\"sameAs\":[\"http:\/\/www.soclose.mx\",\"https:\/\/www.youtube.com\/@soclosemx\"],\"url\":\"https:\/\/soclose.mx\/blog\/author\/admin\/\"}]}<\/script>\n<!-- \/ Yoast SEO plugin. -->","yoast_head_json":{"title":"VIDEO | Jorge Escutia, el joven bar\u00edtono mexicano que va rumbo a Suiza - So Close","description":"Se llama Jorge Escutia, es bar\u00edtono de la Facultad de M\u00fasica de la UNAM, becario de la Academia de M\u00fasica Antigua.","robots":{"index":"index","follow":"follow","max-snippet":"max-snippet:-1","max-image-preview":"max-image-preview:large","max-video-preview":"max-video-preview:-1"},"canonical":"https:\/\/soclose.mx\/blog\/news-feed\/video-jorge-escutia-el-joven-baritono-mexicano-que-va-rumbo-a-suiza\/","og_locale":"es_MX","og_type":"article","og_title":"VIDEO | Jorge Escutia, el joven bar\u00edtono mexicano que va rumbo a Suiza - So Close","og_description":"Se llama Jorge Escutia, es bar\u00edtono de la Facultad de M\u00fasica de la UNAM, becario de la Academia de M\u00fasica Antigua.","og_url":"https:\/\/soclose.mx\/blog\/news-feed\/video-jorge-escutia-el-joven-baritono-mexicano-que-va-rumbo-a-suiza\/","og_site_name":"So Close","article_published_time":"2021-06-29T02:10:29+00:00","article_modified_time":"2023-11-14T02:46:09+00:00","og_image":[{"width":1240,"height":700,"url":"https:\/\/soclose.mx\/blog\/wp-content\/uploads\/2021\/06\/baritono.jpeg","type":"image\/jpeg"}],"author":"So Close","twitter_card":"summary_large_image","twitter_misc":{"Escrito por":"So Close","Tiempo de lectura":"1 minuto"},"schema":{"@context":"https:\/\/schema.org","@graph":[{"@type":"Article","@id":"https:\/\/soclose.mx\/blog\/news-feed\/video-jorge-escutia-el-joven-baritono-mexicano-que-va-rumbo-a-suiza\/#article","isPartOf":{"@id":"https:\/\/soclose.mx\/blog\/news-feed\/video-jorge-escutia-el-joven-baritono-mexicano-que-va-rumbo-a-suiza\/"},"author":{"name":"So Close","@id":"https:\/\/soclose.mx\/blog\/#\/schema\/person\/723eb117ab965b55c3e56b5d29751667"},"headline":"VIDEO | Jorge Escutia, el joven bar\u00edtono mexicano que va rumbo a Suiza","datePublished":"2021-06-29T02:10:29+00:00","dateModified":"2023-11-14T02:46:09+00:00","mainEntityOfPage":{"@id":"https:\/\/soclose.mx\/blog\/news-feed\/video-jorge-escutia-el-joven-baritono-mexicano-que-va-rumbo-a-suiza\/"},"wordCount":153,"commentCount":0,"publisher":{"@id":"https:\/\/soclose.mx\/blog\/#organization"},"image":{"@id":"https:\/\/soclose.mx\/blog\/news-feed\/video-jorge-escutia-el-joven-baritono-mexicano-que-va-rumbo-a-suiza\/#primaryimage"},"thumbnailUrl":"https:\/\/i0.wp.com\/soclose.mx\/blog\/wp-content\/uploads\/2021\/06\/baritono.jpeg?fit=1240%2C700&ssl=1","keywords":["baritono","escuela de m\u00fasica de la unam","jorge escutia","suiza"],"articleSection":["News feed"],"inLanguage":"es","potentialAction":[{"@type":"CommentAction","name":"Comment","target":["https:\/\/soclose.mx\/blog\/news-feed\/video-jorge-escutia-el-joven-baritono-mexicano-que-va-rumbo-a-suiza\/#respond"]}]},{"@type":"WebPage","@id":"https:\/\/soclose.mx\/blog\/news-feed\/video-jorge-escutia-el-joven-baritono-mexicano-que-va-rumbo-a-suiza\/","url":"https:\/\/soclose.mx\/blog\/news-feed\/video-jorge-escutia-el-joven-baritono-mexicano-que-va-rumbo-a-suiza\/","name":"VIDEO | Jorge Escutia, el joven bar\u00edtono mexicano que va rumbo a Suiza - So Close","isPartOf":{"@id":"https:\/\/soclose.mx\/blog\/#website"},"primaryImageOfPage":{"@id":"https:\/\/soclose.mx\/blog\/news-feed\/video-jorge-escutia-el-joven-baritono-mexicano-que-va-rumbo-a-suiza\/#primaryimage"},"image":{"@id":"https:\/\/soclose.mx\/blog\/news-feed\/video-jorge-escutia-el-joven-baritono-mexicano-que-va-rumbo-a-suiza\/#primaryimage"},"thumbnailUrl":"https:\/\/i0.wp.com\/soclose.mx\/blog\/wp-content\/uploads\/2021\/06\/baritono.jpeg?fit=1240%2C700&ssl=1","datePublished":"2021-06-29T02:10:29+00:00","dateModified":"2023-11-14T02:46:09+00:00","description":"Se llama Jorge Escutia, es bar\u00edtono de la Facultad de M\u00fasica de la UNAM, becario de la Academia de M\u00fasica Antigua.","breadcrumb":{"@id":"https:\/\/soclose.mx\/blog\/news-feed\/video-jorge-escutia-el-joven-baritono-mexicano-que-va-rumbo-a-suiza\/#breadcrumb"},"inLanguage":"es","potentialAction":[{"@type":"ReadAction","target":["https:\/\/soclose.mx\/blog\/news-feed\/video-jorge-escutia-el-joven-baritono-mexicano-que-va-rumbo-a-suiza\/"]}]},{"@type":"ImageObject","inLanguage":"es","@id":"https:\/\/soclose.mx\/blog\/news-feed\/video-jorge-escutia-el-joven-baritono-mexicano-que-va-rumbo-a-suiza\/#primaryimage","url":"https:\/\/i0.wp.com\/soclose.mx\/blog\/wp-content\/uploads\/2021\/06\/baritono.jpeg?fit=1240%2C700&ssl=1","contentUrl":"https:\/\/i0.wp.com\/soclose.mx\/blog\/wp-content\/uploads\/2021\/06\/baritono.jpeg?fit=1240%2C700&ssl=1","width":1240,"height":700},{"@type":"BreadcrumbList","@id":"https:\/\/soclose.mx\/blog\/news-feed\/video-jorge-escutia-el-joven-baritono-mexicano-que-va-rumbo-a-suiza\/#breadcrumb","itemListElement":[{"@type":"ListItem","position":1,"name":"Inicio","item":"https:\/\/soclose.mx\/blog\/"},{"@type":"ListItem","position":2,"name":"VIDEO | Jorge Escutia, el joven bar\u00edtono mexicano que va rumbo a Suiza"}]},{"@type":"WebSite","@id":"https:\/\/soclose.mx\/blog\/#website","url":"https:\/\/soclose.mx\/blog\/","name":"So Close","description":"Hacemos contenidos de M\u00e9xico","publisher":{"@id":"https:\/\/soclose.mx\/blog\/#organization"},"potentialAction":[{"@type":"SearchAction","target":{"@type":"EntryPoint","urlTemplate":"https:\/\/soclose.mx\/blog\/?s={search_term_string}"},"query-input":{"@type":"PropertyValueSpecification","valueRequired":true,"valueName":"search_term_string"}}],"inLanguage":"es"},{"@type":"Organization","@id":"https:\/\/soclose.mx\/blog\/#organization","name":"So Close","url":"https:\/\/soclose.mx\/blog\/","logo":{"@type":"ImageObject","inLanguage":"es","@id":"https:\/\/soclose.mx\/blog\/#\/schema\/logo\/image\/","url":"https:\/\/i0.wp.com\/soclose.mx\/blog\/wp-content\/uploads\/2020\/12\/LOGO_SOCLOSE_COLOR-e1608310133507.png?fit=2858%2C1264&ssl=1","contentUrl":"https:\/\/i0.wp.com\/soclose.mx\/blog\/wp-content\/uploads\/2020\/12\/LOGO_SOCLOSE_COLOR-e1608310133507.png?fit=2858%2C1264&ssl=1","width":2858,"height":1264,"caption":"So Close"},"image":{"@id":"https:\/\/soclose.mx\/blog\/#\/schema\/logo\/image\/"}},{"@type":"Person","@id":"https:\/\/soclose.mx\/blog\/#\/schema\/person\/723eb117ab965b55c3e56b5d29751667","name":"So Close","image":{"@type":"ImageObject","inLanguage":"es","@id":"https:\/\/soclose.mx\/blog\/#\/schema\/person\/image\/","url":"https:\/\/secure.gravatar.com\/avatar\/5a1d1d694eaf6d2c28f450f0984cbb34821b92dc49c1d088c0250fbc6a48efec?s=96&d=mm&r=g","contentUrl":"https:\/\/secure.gravatar.com\/avatar\/5a1d1d694eaf6d2c28f450f0984cbb34821b92dc49c1d088c0250fbc6a48efec?s=96&d=mm&r=g","caption":"So Close"},"sameAs":["http:\/\/www.soclose.mx","https:\/\/www.youtube.com\/@soclosemx"],"url":"https:\/\/soclose.mx\/blog\/author\/admin\/"}]}},"jetpack_featured_media_url":"https:\/\/i0.wp.com\/soclose.mx\/blog\/wp-content\/uploads\/2021\/06\/baritono.jpeg?fit=1240%2C700&ssl=1","jetpack-related-posts":[{"id":9142,"url":"https:\/\/soclose.mx\/blog\/news-feed\/el-es-jorge-viladoms-el-pianista-mexicano-que-se-presento-en-la-expo-dubai\/","url_meta":{"origin":6326,"position":0},"title":"\u00c9l es Jorge Viladoms, el pianista mexicano que se present\u00f3 en la expo Dubai","author":"Miguel Angel Romero","date":"1 marzo, 2022","format":false,"excerpt":"El pianista mexicano Jorge Viladoms\u00a0 estuvo acompa\u00f1ado de la bailarina Valeria\u00a0Alavez\u00a0y del violonchelista\u00a0Rolando\u00a0Fern\u00e1ndez\u00a0Lara, quienes deleitaron al p\u00fablico en los\u00a0Emiratos\u00a0\u00c1rabes\u00a0Unidos. El espect\u00e1culo de primer nivel incluy\u00f3 interpretaciones de los compositores Philip Glass, Astor Piazzolla, Johann Sebastian Bach y del mexicano Manuel M. Ponce. Viladoms naci\u00f3\u00a0en\u00a0Durango\u00a0en 1985 y comenz\u00f3\u00a0a tocar el piano\u2026","rel":"","context":"En &quot;News feed&quot;","block_context":{"text":"News feed","link":"https:\/\/soclose.mx\/blog\/category\/news-feed\/"},"img":{"alt_text":"","src":"https:\/\/i0.wp.com\/soclose.mx\/blog\/wp-content\/uploads\/2022\/02\/Copia-de-Principal-So-Close-blog-4-4.png?fit=1200%2C677&ssl=1&resize=350%2C200","width":350,"height":200,"srcset":"https:\/\/i0.wp.com\/soclose.mx\/blog\/wp-content\/uploads\/2022\/02\/Copia-de-Principal-So-Close-blog-4-4.png?fit=1200%2C677&ssl=1&resize=350%2C200 1x, https:\/\/i0.wp.com\/soclose.mx\/blog\/wp-content\/uploads\/2022\/02\/Copia-de-Principal-So-Close-blog-4-4.png?fit=1200%2C677&ssl=1&resize=525%2C300 1.5x, https:\/\/i0.wp.com\/soclose.mx\/blog\/wp-content\/uploads\/2022\/02\/Copia-de-Principal-So-Close-blog-4-4.png?fit=1200%2C677&ssl=1&resize=700%2C400 2x, https:\/\/i0.wp.com\/soclose.mx\/blog\/wp-content\/uploads\/2022\/02\/Copia-de-Principal-So-Close-blog-4-4.png?fit=1200%2C677&ssl=1&resize=1050%2C600 3x"},"classes":[]},{"id":7214,"url":"https:\/\/soclose.mx\/blog\/news-feed\/crea-unam-la-licenciatura-en-turismo-y-desarrollo-sostenible\/","url_meta":{"origin":6326,"position":1},"title":"Crea UNAM la Licenciatura en Turismo y Desarrollo Sostenible","author":"Miguel Angel Romero","date":"9 septiembre, 2021","format":false,"excerpt":"El Consejo Universitario de la Universidad Nacional Aut\u00f3noma de M\u00e9xico (UNAM) aprob\u00f3 la creaci\u00f3n de la Licenciatura en\u00a0Turismo y Desarrollo Sostenible, con la cual llega a 131 carreras en su oferta educativa. La m\u00e1xima casa de estudios indic\u00f3 que la licenciatura se impartir\u00e1 en la Escuela Nacional de Estudios Superiores\u2026","rel":"","context":"En &quot;News feed&quot;","block_context":{"text":"News feed","link":"https:\/\/soclose.mx\/blog\/category\/news-feed\/"},"img":{"alt_text":"","src":"https:\/\/i0.wp.com\/soclose.mx\/blog\/wp-content\/uploads\/2021\/09\/Principal-So-Close-blog-8-1.jpg?fit=1200%2C677&ssl=1&resize=350%2C200","width":350,"height":200,"srcset":"https:\/\/i0.wp.com\/soclose.mx\/blog\/wp-content\/uploads\/2021\/09\/Principal-So-Close-blog-8-1.jpg?fit=1200%2C677&ssl=1&resize=350%2C200 1x, https:\/\/i0.wp.com\/soclose.mx\/blog\/wp-content\/uploads\/2021\/09\/Principal-So-Close-blog-8-1.jpg?fit=1200%2C677&ssl=1&resize=525%2C300 1.5x, https:\/\/i0.wp.com\/soclose.mx\/blog\/wp-content\/uploads\/2021\/09\/Principal-So-Close-blog-8-1.jpg?fit=1200%2C677&ssl=1&resize=700%2C400 2x, https:\/\/i0.wp.com\/soclose.mx\/blog\/wp-content\/uploads\/2021\/09\/Principal-So-Close-blog-8-1.jpg?fit=1200%2C677&ssl=1&resize=1050%2C600 3x"},"classes":[]},{"id":14788,"url":"https:\/\/soclose.mx\/blog\/news-feed\/nueva-enes-de-la-unam-donde-estara-y-que-carreras-tendra\/","url_meta":{"origin":6326,"position":2},"title":"Nueva ENES de la UNAM: \u00bfd\u00f3nde estar\u00e1 y qu\u00e9 carreras tendr\u00e1?","author":"So Close","date":"14 abril, 2025","format":false,"excerpt":"La Universidad Nacional Aut\u00f3noma de M\u00e9xico (UNAM) ha anunciado la creaci\u00f3n de una nueva Escuela Nacional de Estudios Superiores (ENES) en el estado de Oaxaca, con el objetivo de fortalecer la educaci\u00f3n superior en la regi\u00f3n sur-sureste del pa\u00eds. La Nueva ENES de la UNAM forma parte del Plan de\u2026","rel":"","context":"En &quot;News feed&quot;","block_context":{"text":"News feed","link":"https:\/\/soclose.mx\/blog\/category\/news-feed\/"},"img":{"alt_text":"ENES de la UNAM en Oaxaca","src":"https:\/\/i0.wp.com\/soclose.mx\/blog\/wp-content\/uploads\/2025\/04\/ENES-de-la-UNAM-en-Oaxaca.jpg?fit=1200%2C675&ssl=1&resize=350%2C200","width":350,"height":200,"srcset":"https:\/\/i0.wp.com\/soclose.mx\/blog\/wp-content\/uploads\/2025\/04\/ENES-de-la-UNAM-en-Oaxaca.jpg?fit=1200%2C675&ssl=1&resize=350%2C200 1x, https:\/\/i0.wp.com\/soclose.mx\/blog\/wp-content\/uploads\/2025\/04\/ENES-de-la-UNAM-en-Oaxaca.jpg?fit=1200%2C675&ssl=1&resize=525%2C300 1.5x, https:\/\/i0.wp.com\/soclose.mx\/blog\/wp-content\/uploads\/2025\/04\/ENES-de-la-UNAM-en-Oaxaca.jpg?fit=1200%2C675&ssl=1&resize=700%2C400 2x, https:\/\/i0.wp.com\/soclose.mx\/blog\/wp-content\/uploads\/2025\/04\/ENES-de-la-UNAM-en-Oaxaca.jpg?fit=1200%2C675&ssl=1&resize=1050%2C600 3x"},"classes":[]},{"id":7287,"url":"https:\/\/soclose.mx\/blog\/ay-goeeee\/unam-crea-recorrido-virtual-por-tenochtitlan\/","url_meta":{"origin":6326,"position":3},"title":"UNAM crea recorrido virtual por Tenochtitlan","author":"Miguel Angel Romero","date":"2 octubre, 2021","format":false,"excerpt":"Para conmemorar los\u00a0500 a\u00f1os de la Ca\u00edda de Tenochtitlan, la\u00a0UNAM\u00a0cre\u00f3 el programa\u00a0M\u00e9xico 500, y entre sus proyectos est\u00e1 poder recorrer la ciudad azteca de manera virtual. As\u00ed es, como si fuera un videojuego, este software te permitir\u00e1 viajar en el tiempo y conocer la tierra de nuestros ancestros. \u2018Recorrido virtual,\u2026","rel":"","context":"En &quot;\u00a1Ay goeeee!&quot;","block_context":{"text":"\u00a1Ay goeeee!","link":"https:\/\/soclose.mx\/blog\/category\/ay-goeeee\/"},"img":{"alt_text":"","src":"https:\/\/i0.wp.com\/soclose.mx\/blog\/wp-content\/uploads\/2021\/09\/Principal-So-Close-blog-2.png?fit=1200%2C677&ssl=1&resize=350%2C200","width":350,"height":200,"srcset":"https:\/\/i0.wp.com\/soclose.mx\/blog\/wp-content\/uploads\/2021\/09\/Principal-So-Close-blog-2.png?fit=1200%2C677&ssl=1&resize=350%2C200 1x, https:\/\/i0.wp.com\/soclose.mx\/blog\/wp-content\/uploads\/2021\/09\/Principal-So-Close-blog-2.png?fit=1200%2C677&ssl=1&resize=525%2C300 1.5x, https:\/\/i0.wp.com\/soclose.mx\/blog\/wp-content\/uploads\/2021\/09\/Principal-So-Close-blog-2.png?fit=1200%2C677&ssl=1&resize=700%2C400 2x, https:\/\/i0.wp.com\/soclose.mx\/blog\/wp-content\/uploads\/2021\/09\/Principal-So-Close-blog-2.png?fit=1200%2C677&ssl=1&resize=1050%2C600 3x"},"classes":[]},{"id":9877,"url":"https:\/\/soclose.mx\/blog\/a-la-mexicana\/estudiante-mexicana-elegida-por-la-nasa-para-proyecto-lunar\/","url_meta":{"origin":6326,"position":4},"title":"Estudiante mexicana, elegida por la NASA para proyecto lunar","author":"Daniel Ram\u00edrez","date":"17 mayo, 2022","format":false,"excerpt":"No cabe duda que el talento mexicano rebasa fronteras y si es apoyado, es capaz de llegar a cualquier lugar, incluida la luna. Y eso es lo que har\u00e1 Zitlally Balbuena Feria, estudiante de ingenier\u00eda qu\u00edmica de la Facultad de Estudios Superiores Zaragoza de la UNAM. Su proyecto para eliminar\u2026","rel":"","context":"En &quot;A la mexicana&quot;","block_context":{"text":"A la mexicana","link":"https:\/\/soclose.mx\/blog\/category\/a-la-mexicana\/"},"img":{"alt_text":"","src":"https:\/\/i0.wp.com\/soclose.mx\/blog\/wp-content\/uploads\/2022\/05\/zitla.png?fit=803%2C468&ssl=1&resize=350%2C200","width":350,"height":200,"srcset":"https:\/\/i0.wp.com\/soclose.mx\/blog\/wp-content\/uploads\/2022\/05\/zitla.png?fit=803%2C468&ssl=1&resize=350%2C200 1x, https:\/\/i0.wp.com\/soclose.mx\/blog\/wp-content\/uploads\/2022\/05\/zitla.png?fit=803%2C468&ssl=1&resize=525%2C300 1.5x, https:\/\/i0.wp.com\/soclose.mx\/blog\/wp-content\/uploads\/2022\/05\/zitla.png?fit=803%2C468&ssl=1&resize=700%2C400 2x"},"classes":[]},{"id":5846,"url":"https:\/\/soclose.mx\/blog\/lugares\/museo-de-la-mujer-un-lugar-de-historia-en-mexico\/","url_meta":{"origin":6326,"position":5},"title":"VIDEO | Museo de la Mujer, un lugar de historia y conciencia en M\u00e9xico","author":"So Close","date":"1 marzo, 2024","format":false,"excerpt":"Sin duda, reconocer y documentar la labor de la mujer a trav\u00e9s de los a\u00f1os es un cometido cotidiano y el Museo de la Mujer es un lugar importante en la vida de M\u00e9xico por diversas razones, entre ellas: Aborda\u00a0cu\u00e1l ha sido la participaci\u00f3n de la mujer en cada \u00e9poca.\u2026","rel":"","context":"En &quot;Lugares&quot;","block_context":{"text":"Lugares","link":"https:\/\/soclose.mx\/blog\/category\/lugares\/"},"img":{"alt_text":"","src":"https:\/\/i0.wp.com\/soclose.mx\/blog\/wp-content\/uploads\/2021\/03\/museo-mujer.jpg?fit=1200%2C677&ssl=1&resize=350%2C200","width":350,"height":200,"srcset":"https:\/\/i0.wp.com\/soclose.mx\/blog\/wp-content\/uploads\/2021\/03\/museo-mujer.jpg?fit=1200%2C677&ssl=1&resize=350%2C200 1x, https:\/\/i0.wp.com\/soclose.mx\/blog\/wp-content\/uploads\/2021\/03\/museo-mujer.jpg?fit=1200%2C677&ssl=1&resize=525%2C300 1.5x, https:\/\/i0.wp.com\/soclose.mx\/blog\/wp-content\/uploads\/2021\/03\/museo-mujer.jpg?fit=1200%2C677&ssl=1&resize=700%2C400 2x, https:\/\/i0.wp.com\/soclose.mx\/blog\/wp-content\/uploads\/2021\/03\/museo-mujer.jpg?fit=1200%2C677&ssl=1&resize=1050%2C600 3x"},"classes":[]}],"jetpack_sharing_enabled":true,"_links":{"self":[{"href":"https:\/\/soclose.mx\/blog\/wp-json\/wp\/v2\/posts\/6326","targetHints":{"allow":["GET"]}}],"collection":[{"href":"https:\/\/soclose.mx\/blog\/wp-json\/wp\/v2\/posts"}],"about":[{"href":"https:\/\/soclose.mx\/blog\/wp-json\/wp\/v2\/types\/post"}],"author":[{"embeddable":true,"href":"https:\/\/soclose.mx\/blog\/wp-json\/wp\/v2\/users\/1"}],"replies":[{"embeddable":true,"href":"https:\/\/soclose.mx\/blog\/wp-json\/wp\/v2\/comments?post=6326"}],"version-history":[{"count":0,"href":"https:\/\/soclose.mx\/blog\/wp-json\/wp\/v2\/posts\/6326\/revisions"}],"wp:featuredmedia":[{"embeddable":true,"href":"https:\/\/soclose.mx\/blog\/wp-json\/wp\/v2\/media\/6338"}],"wp:attachment":[{"href":"https:\/\/soclose.mx\/blog\/wp-json\/wp\/v2\/media?parent=6326"}],"wp:term":[{"taxonomy":"category","embeddable":true,"href":"https:\/\/soclose.mx\/blog\/wp-json\/wp\/v2\/categories?post=6326"},{"taxonomy":"post_tag","embeddable":true,"href":"https:\/\/soclose.mx\/blog\/wp-json\/wp\/v2\/tags?post=6326"}],"curies":[{"name":"wp","href":"https:\/\/api.w.org\/{rel}","templated":true}]}}