{"id":6341,"date":"2021-06-29T10:10:04","date_gmt":"2021-06-29T15:10:04","guid":{"rendered":"https:\/\/soclose.mx\/blog\/?p=6341"},"modified":"2024-10-21T19:18:18","modified_gmt":"2024-10-22T01:18:18","slug":"10-datos-de-pedro-linares-lopez-y-sus-alebrijes","status":"publish","type":"post","link":"https:\/\/soclose.mx\/blog\/ay-goeeee\/10-datos-de-pedro-linares-lopez-y-sus-alebrijes\/","title":{"rendered":"10 datos de Pedro Linares L\u00f3pez y sus alebrijes"},"content":{"rendered":"<p>Pedro Linares L\u00f3pez fue un destacado artista mexicano, conocido como el creador de los\u00a0<strong>alebrijes<\/strong>, figuras fant\u00e1sticas que combinan elementos de diferentes animales y son elaboradas principalmente con cart\u00f3n.<\/p>\n<ol>\n<li>Naci\u00f3 en 1906 en la <a href=\"https:\/\/soclose.mx\/blog\/?s=Ciudad+de+M%C3%A9xico\" target=\"_blank\" rel=\"noopener\">Ciudad de M\u00e9xico.<img data-recalc-dims=\"1\" fetchpriority=\"high\" decoding=\"async\" class=\"size-full wp-image-6344 alignright\" src=\"https:\/\/i0.wp.com\/soclose.mx\/blog\/wp-content\/uploads\/2021\/06\/download.jpg?resize=242%2C208&#038;ssl=1\" alt=\"\" width=\"242\" height=\"208\" srcset=\"https:\/\/i0.wp.com\/soclose.mx\/blog\/wp-content\/uploads\/2021\/06\/download.jpg?w=242&amp;ssl=1 242w, https:\/\/i0.wp.com\/soclose.mx\/blog\/wp-content\/uploads\/2021\/06\/download.jpg?resize=14%2C12&amp;ssl=1 14w\" sizes=\"(max-width: 242px) 100vw, 242px\" \/><\/a><\/li>\n<li>Es reconocido como el creador de los <strong>\u201cAlebrijes\u201d.<\/strong><\/li>\n<li>Trabaj\u00f3 como artesano cartonero en la Merced.<\/li>\n<li>Cuando ten\u00eda 30 a\u00f1os de edad, <strong>Pedro Linares<\/strong> enferm\u00f3 quedando inconsciente y, cont\u00f3 en alguna ocasi\u00f3n, que en sue\u00f1os aparecieron por primera vez esas criaturas extra\u00f1as.<\/li>\n<li>Despu\u00e9s de ese momento molde\u00f3 las figuras, las pint\u00f3 igual que como las so\u00f1\u00f3, d\u00e1ndole vida a los <strong>\u201cAlebrijes\u201d.<\/strong><\/li>\n<li>Sus <strong>alebrijes<\/strong> fueron invitados a Estados Unidos y Europa.<\/li>\n<li><strong> Pedro Linares<\/strong> trabaj\u00f3 jornadas de 16 horas todos los d\u00edas, hasta un d\u00eda antes de su muerte.<\/li>\n<li>Muri\u00f3 el 26 de enero de 1992 a la edad de 86 a\u00f1os.<\/li>\n<li>Los <strong>alebrijes<\/strong> son artesan\u00edas mexicanas hechas de diferentes tipos de papel y pintadas con colores alegres y vibrantes.<\/li>\n<li>Generalmente representan a un <strong>animal imaginario<\/strong>, conformado por elementos fision\u00f3micos.<\/li>\n<\/ol>\n<h2 data-sourcepos=\"13:1-13:36\">El legado de Pedro Linares L\u00f3pez y sus alebrijes<\/h2>\n<p data-sourcepos=\"14:1-14:237\">La obra de Pedro Linares L\u00f3pez trascendi\u00f3 las fronteras de M\u00e9xico y dej\u00f3 un legado invaluable. Los alebrijes se han convertido en un <a href=\"https:\/\/soclose.mx\/blog\/mitos-y-leyendas-mexicanos\/siete-formas-de-celebrar-el-dia-de-muertos\/\" target=\"_blank\" rel=\"noopener\">icono de la cultura mexicana,<\/a> representando la riqueza de su imaginario y la habilidad de sus artesanos.<\/p>\n<p data-sourcepos=\"16:1-16:47\"><strong>\u00bfPor qu\u00e9 son tan importantes los alebrijes?<\/strong><\/p>\n<ul data-sourcepos=\"18:1-22:0\">\n<li data-sourcepos=\"18:1-18:174\"><strong>Representaci\u00f3n de la cultura mexicana:<\/strong> Los alebrijes son una expresi\u00f3n aut\u00e9ntica de la cultura mexicana, reflejando su colorido, su imaginario y su tradici\u00f3n artesanal.<\/li>\n<li data-sourcepos=\"19:1-19:156\"><strong>S\u00edmbolo de la creatividad:<\/strong> Las criaturas fant\u00e1sticas que componen los alebrijes son un reflejo de la creatividad y la imaginaci\u00f3n del pueblo mexicano.<\/li>\n<li data-sourcepos=\"20:1-20:131\"><strong>Patrimonio cultural:<\/strong> Los alebrijes son considerados un patrimonio cultural de M\u00e9xico y son reconocidos a nivel internacional.<\/li>\n<li data-sourcepos=\"21:1-22:0\"><strong>Turismo:<\/strong> La producci\u00f3n de alebrijes ha generado una importante actividad econ\u00f3mica en diversas regiones de M\u00e9xico, atrayendo a turistas de todo el mundo.<\/li>\n<\/ul>\n<h2 data-sourcepos=\"23:1-23:31\">\u00bfD\u00f3nde encontrar alebrijes?<\/h2>\n<p data-sourcepos=\"24:1-24:236\"><a href=\"https:\/\/www.serfadu.com\/2022\/09\/14\/el-alebrije-fue-creado-por-el-artista-mexicano-pedro-linares-en-1936\/\" target=\"_blank\" rel=\"noopener\">Los alebrijes<\/a> se pueden encontrar en diversos mercados artesanales de M\u00e9xico, especialmente en la Ciudad de M\u00e9xico y Oaxaca. Tambi\u00e9n existen talleres de artesanos donde se pueden observar los procesos de creaci\u00f3n de estas piezas \u00fanicas.<\/p>\n<p data-sourcepos=\"26:1-26:316\">Pedro Linares L\u00f3pez fue un visionario que, a trav\u00e9s de sus sue\u00f1os, cre\u00f3 un universo de criaturas fant\u00e1sticas que hoy en d\u00eda son reconocidas a nivel mundial. Los alebrijes son mucho m\u00e1s que simples objetos decorativos, son una expresi\u00f3n del alma mexicana y un legado que perdurar\u00e1 a trav\u00e9s del tiempo.<\/p>\n<p>&nbsp;<\/p>\n","protected":false},"excerpt":{"rendered":"<p>Pedro Linares L\u00f3pez fue un destacado artista mexicano, conocido como el creador de los\u00a0alebrijes, figuras fant\u00e1sticas que combinan elementos de diferentes animales y son elaboradas principalmente con cart\u00f3n. Naci\u00f3 en 1906 en la Ciudad de M\u00e9xico. Es reconocido como el creador de los \u201cAlebrijes\u201d. Trabaj\u00f3 como artesano cartonero en la Merced. Cuando ten\u00eda 30 a\u00f1os de edad, Pedro Linares enferm\u00f3 quedando inconsciente y, cont\u00f3 en alguna ocasi\u00f3n, que en sue\u00f1os aparecieron por primera vez esas criaturas extra\u00f1as. Despu\u00e9s de ese momento molde\u00f3 las figuras, las pint\u00f3 igual que como las so\u00f1\u00f3, d\u00e1ndole vida a los \u201cAlebrijes\u201d. Sus alebrijes fueron invitados<\/p>\n","protected":false},"author":1,"featured_media":6343,"comment_status":"open","ping_status":"open","sticky":false,"template":"","format":"standard","meta":{"_jetpack_memberships_contains_paid_content":false,"footnotes":""},"categories":[1],"tags":[1030,713,1032,712,1356,1031],"class_list":["post-6341","post","type-post","status-publish","format-standard","has-post-thumbnail","hentry","category-ay-goeeee","tag-alebrijes","tag-artesanias","tag-artesano","tag-artesanos","tag-dia-de-muertos","tag-pedro-linares-lopez"],"yoast_head":"<!-- This site is optimized with the Yoast SEO plugin v26.7 - https:\/\/yoast.com\/wordpress\/plugins\/seo\/ -->\n<title>10 datos de Pedro Linares L\u00f3pez y sus alebrijes - So Close<\/title>\n<meta name=\"description\" content=\"Cuando ten\u00eda 30 a\u00f1os, Pedro Linares enferm\u00f3 quedando inconsciente y, cont\u00f3 en alguna ocasi\u00f3n, que en sue\u00f1os aparecieron por primera vez.\" \/>\n<meta name=\"robots\" content=\"index, follow, max-snippet:-1, max-image-preview:large, max-video-preview:-1\" \/>\n<link rel=\"canonical\" href=\"https:\/\/soclose.mx\/blog\/ay-goeeee\/10-datos-de-pedro-linares-lopez-y-sus-alebrijes\/\" \/>\n<meta property=\"og:locale\" content=\"es_MX\" \/>\n<meta property=\"og:type\" content=\"article\" \/>\n<meta property=\"og:title\" content=\"10 datos de Pedro Linares L\u00f3pez y sus alebrijes - So Close\" \/>\n<meta property=\"og:description\" content=\"Cuando ten\u00eda 30 a\u00f1os, Pedro Linares enferm\u00f3 quedando inconsciente y, cont\u00f3 en alguna ocasi\u00f3n, que en sue\u00f1os aparecieron por primera vez.\" \/>\n<meta property=\"og:url\" content=\"https:\/\/soclose.mx\/blog\/ay-goeeee\/10-datos-de-pedro-linares-lopez-y-sus-alebrijes\/\" \/>\n<meta property=\"og:site_name\" content=\"So Close\" \/>\n<meta property=\"article:published_time\" content=\"2021-06-29T15:10:04+00:00\" \/>\n<meta property=\"article:modified_time\" content=\"2024-10-22T01:18:18+00:00\" \/>\n<meta property=\"og:image\" content=\"https:\/\/soclose.mx\/blog\/wp-content\/uploads\/2021\/06\/alebrije.jpg\" \/>\n\t<meta property=\"og:image:width\" content=\"1240\" \/>\n\t<meta property=\"og:image:height\" content=\"700\" \/>\n\t<meta property=\"og:image:type\" content=\"image\/jpeg\" \/>\n<meta name=\"author\" content=\"So Close\" \/>\n<meta name=\"twitter:card\" content=\"summary_large_image\" \/>\n<meta name=\"twitter:label1\" content=\"Escrito por\" \/>\n\t<meta name=\"twitter:data1\" content=\"So Close\" \/>\n\t<meta name=\"twitter:label2\" content=\"Tiempo de lectura\" \/>\n\t<meta name=\"twitter:data2\" content=\"3 minutos\" \/>\n<script type=\"application\/ld+json\" class=\"yoast-schema-graph\">{\"@context\":\"https:\/\/schema.org\",\"@graph\":[{\"@type\":\"Article\",\"@id\":\"https:\/\/soclose.mx\/blog\/ay-goeeee\/10-datos-de-pedro-linares-lopez-y-sus-alebrijes\/#article\",\"isPartOf\":{\"@id\":\"https:\/\/soclose.mx\/blog\/ay-goeeee\/10-datos-de-pedro-linares-lopez-y-sus-alebrijes\/\"},\"author\":{\"name\":\"So Close\",\"@id\":\"https:\/\/soclose.mx\/blog\/#\/schema\/person\/723eb117ab965b55c3e56b5d29751667\"},\"headline\":\"10 datos de Pedro Linares L\u00f3pez y sus alebrijes\",\"datePublished\":\"2021-06-29T15:10:04+00:00\",\"dateModified\":\"2024-10-22T01:18:18+00:00\",\"mainEntityOfPage\":{\"@id\":\"https:\/\/soclose.mx\/blog\/ay-goeeee\/10-datos-de-pedro-linares-lopez-y-sus-alebrijes\/\"},\"wordCount\":444,\"commentCount\":0,\"publisher\":{\"@id\":\"https:\/\/soclose.mx\/blog\/#organization\"},\"image\":{\"@id\":\"https:\/\/soclose.mx\/blog\/ay-goeeee\/10-datos-de-pedro-linares-lopez-y-sus-alebrijes\/#primaryimage\"},\"thumbnailUrl\":\"https:\/\/i0.wp.com\/soclose.mx\/blog\/wp-content\/uploads\/2021\/06\/alebrije.jpg?fit=1240%2C700&ssl=1\",\"keywords\":[\"alebrijes\",\"artesanias\",\"artesano\",\"artesanos\",\"d\u00eda de muertos\",\"pedro linares l\u00f3pez\"],\"articleSection\":[\"\u00a1Ay goeeee!\"],\"inLanguage\":\"es\",\"potentialAction\":[{\"@type\":\"CommentAction\",\"name\":\"Comment\",\"target\":[\"https:\/\/soclose.mx\/blog\/ay-goeeee\/10-datos-de-pedro-linares-lopez-y-sus-alebrijes\/#respond\"]}]},{\"@type\":\"WebPage\",\"@id\":\"https:\/\/soclose.mx\/blog\/ay-goeeee\/10-datos-de-pedro-linares-lopez-y-sus-alebrijes\/\",\"url\":\"https:\/\/soclose.mx\/blog\/ay-goeeee\/10-datos-de-pedro-linares-lopez-y-sus-alebrijes\/\",\"name\":\"10 datos de Pedro Linares L\u00f3pez y sus alebrijes - So Close\",\"isPartOf\":{\"@id\":\"https:\/\/soclose.mx\/blog\/#website\"},\"primaryImageOfPage\":{\"@id\":\"https:\/\/soclose.mx\/blog\/ay-goeeee\/10-datos-de-pedro-linares-lopez-y-sus-alebrijes\/#primaryimage\"},\"image\":{\"@id\":\"https:\/\/soclose.mx\/blog\/ay-goeeee\/10-datos-de-pedro-linares-lopez-y-sus-alebrijes\/#primaryimage\"},\"thumbnailUrl\":\"https:\/\/i0.wp.com\/soclose.mx\/blog\/wp-content\/uploads\/2021\/06\/alebrije.jpg?fit=1240%2C700&ssl=1\",\"datePublished\":\"2021-06-29T15:10:04+00:00\",\"dateModified\":\"2024-10-22T01:18:18+00:00\",\"description\":\"Cuando ten\u00eda 30 a\u00f1os, Pedro Linares enferm\u00f3 quedando inconsciente y, cont\u00f3 en alguna ocasi\u00f3n, que en sue\u00f1os aparecieron por primera vez.\",\"breadcrumb\":{\"@id\":\"https:\/\/soclose.mx\/blog\/ay-goeeee\/10-datos-de-pedro-linares-lopez-y-sus-alebrijes\/#breadcrumb\"},\"inLanguage\":\"es\",\"potentialAction\":[{\"@type\":\"ReadAction\",\"target\":[\"https:\/\/soclose.mx\/blog\/ay-goeeee\/10-datos-de-pedro-linares-lopez-y-sus-alebrijes\/\"]}]},{\"@type\":\"ImageObject\",\"inLanguage\":\"es\",\"@id\":\"https:\/\/soclose.mx\/blog\/ay-goeeee\/10-datos-de-pedro-linares-lopez-y-sus-alebrijes\/#primaryimage\",\"url\":\"https:\/\/i0.wp.com\/soclose.mx\/blog\/wp-content\/uploads\/2021\/06\/alebrije.jpg?fit=1240%2C700&ssl=1\",\"contentUrl\":\"https:\/\/i0.wp.com\/soclose.mx\/blog\/wp-content\/uploads\/2021\/06\/alebrije.jpg?fit=1240%2C700&ssl=1\",\"width\":1240,\"height\":700},{\"@type\":\"BreadcrumbList\",\"@id\":\"https:\/\/soclose.mx\/blog\/ay-goeeee\/10-datos-de-pedro-linares-lopez-y-sus-alebrijes\/#breadcrumb\",\"itemListElement\":[{\"@type\":\"ListItem\",\"position\":1,\"name\":\"Inicio\",\"item\":\"https:\/\/soclose.mx\/blog\/\"},{\"@type\":\"ListItem\",\"position\":2,\"name\":\"10 datos de Pedro Linares L\u00f3pez y sus alebrijes\"}]},{\"@type\":\"WebSite\",\"@id\":\"https:\/\/soclose.mx\/blog\/#website\",\"url\":\"https:\/\/soclose.mx\/blog\/\",\"name\":\"So Close\",\"description\":\"Hacemos contenidos de M\u00e9xico\",\"publisher\":{\"@id\":\"https:\/\/soclose.mx\/blog\/#organization\"},\"potentialAction\":[{\"@type\":\"SearchAction\",\"target\":{\"@type\":\"EntryPoint\",\"urlTemplate\":\"https:\/\/soclose.mx\/blog\/?s={search_term_string}\"},\"query-input\":{\"@type\":\"PropertyValueSpecification\",\"valueRequired\":true,\"valueName\":\"search_term_string\"}}],\"inLanguage\":\"es\"},{\"@type\":\"Organization\",\"@id\":\"https:\/\/soclose.mx\/blog\/#organization\",\"name\":\"So Close\",\"url\":\"https:\/\/soclose.mx\/blog\/\",\"logo\":{\"@type\":\"ImageObject\",\"inLanguage\":\"es\",\"@id\":\"https:\/\/soclose.mx\/blog\/#\/schema\/logo\/image\/\",\"url\":\"https:\/\/i0.wp.com\/soclose.mx\/blog\/wp-content\/uploads\/2020\/12\/LOGO_SOCLOSE_COLOR-e1608310133507.png?fit=2858%2C1264&ssl=1\",\"contentUrl\":\"https:\/\/i0.wp.com\/soclose.mx\/blog\/wp-content\/uploads\/2020\/12\/LOGO_SOCLOSE_COLOR-e1608310133507.png?fit=2858%2C1264&ssl=1\",\"width\":2858,\"height\":1264,\"caption\":\"So Close\"},\"image\":{\"@id\":\"https:\/\/soclose.mx\/blog\/#\/schema\/logo\/image\/\"}},{\"@type\":\"Person\",\"@id\":\"https:\/\/soclose.mx\/blog\/#\/schema\/person\/723eb117ab965b55c3e56b5d29751667\",\"name\":\"So Close\",\"image\":{\"@type\":\"ImageObject\",\"inLanguage\":\"es\",\"@id\":\"https:\/\/soclose.mx\/blog\/#\/schema\/person\/image\/\",\"url\":\"https:\/\/secure.gravatar.com\/avatar\/5a1d1d694eaf6d2c28f450f0984cbb34821b92dc49c1d088c0250fbc6a48efec?s=96&d=mm&r=g\",\"contentUrl\":\"https:\/\/secure.gravatar.com\/avatar\/5a1d1d694eaf6d2c28f450f0984cbb34821b92dc49c1d088c0250fbc6a48efec?s=96&d=mm&r=g\",\"caption\":\"So Close\"},\"sameAs\":[\"http:\/\/www.soclose.mx\",\"https:\/\/www.youtube.com\/@soclosemx\"],\"url\":\"https:\/\/soclose.mx\/blog\/author\/admin\/\"}]}<\/script>\n<!-- \/ Yoast SEO plugin. -->","yoast_head_json":{"title":"10 datos de Pedro Linares L\u00f3pez y sus alebrijes - So Close","description":"Cuando ten\u00eda 30 a\u00f1os, Pedro Linares enferm\u00f3 quedando inconsciente y, cont\u00f3 en alguna ocasi\u00f3n, que en sue\u00f1os aparecieron por primera vez.","robots":{"index":"index","follow":"follow","max-snippet":"max-snippet:-1","max-image-preview":"max-image-preview:large","max-video-preview":"max-video-preview:-1"},"canonical":"https:\/\/soclose.mx\/blog\/ay-goeeee\/10-datos-de-pedro-linares-lopez-y-sus-alebrijes\/","og_locale":"es_MX","og_type":"article","og_title":"10 datos de Pedro Linares L\u00f3pez y sus alebrijes - So Close","og_description":"Cuando ten\u00eda 30 a\u00f1os, Pedro Linares enferm\u00f3 quedando inconsciente y, cont\u00f3 en alguna ocasi\u00f3n, que en sue\u00f1os aparecieron por primera vez.","og_url":"https:\/\/soclose.mx\/blog\/ay-goeeee\/10-datos-de-pedro-linares-lopez-y-sus-alebrijes\/","og_site_name":"So Close","article_published_time":"2021-06-29T15:10:04+00:00","article_modified_time":"2024-10-22T01:18:18+00:00","og_image":[{"width":1240,"height":700,"url":"https:\/\/soclose.mx\/blog\/wp-content\/uploads\/2021\/06\/alebrije.jpg","type":"image\/jpeg"}],"author":"So Close","twitter_card":"summary_large_image","twitter_misc":{"Escrito por":"So Close","Tiempo de lectura":"3 minutos"},"schema":{"@context":"https:\/\/schema.org","@graph":[{"@type":"Article","@id":"https:\/\/soclose.mx\/blog\/ay-goeeee\/10-datos-de-pedro-linares-lopez-y-sus-alebrijes\/#article","isPartOf":{"@id":"https:\/\/soclose.mx\/blog\/ay-goeeee\/10-datos-de-pedro-linares-lopez-y-sus-alebrijes\/"},"author":{"name":"So Close","@id":"https:\/\/soclose.mx\/blog\/#\/schema\/person\/723eb117ab965b55c3e56b5d29751667"},"headline":"10 datos de Pedro Linares L\u00f3pez y sus alebrijes","datePublished":"2021-06-29T15:10:04+00:00","dateModified":"2024-10-22T01:18:18+00:00","mainEntityOfPage":{"@id":"https:\/\/soclose.mx\/blog\/ay-goeeee\/10-datos-de-pedro-linares-lopez-y-sus-alebrijes\/"},"wordCount":444,"commentCount":0,"publisher":{"@id":"https:\/\/soclose.mx\/blog\/#organization"},"image":{"@id":"https:\/\/soclose.mx\/blog\/ay-goeeee\/10-datos-de-pedro-linares-lopez-y-sus-alebrijes\/#primaryimage"},"thumbnailUrl":"https:\/\/i0.wp.com\/soclose.mx\/blog\/wp-content\/uploads\/2021\/06\/alebrije.jpg?fit=1240%2C700&ssl=1","keywords":["alebrijes","artesanias","artesano","artesanos","d\u00eda de muertos","pedro linares l\u00f3pez"],"articleSection":["\u00a1Ay goeeee!"],"inLanguage":"es","potentialAction":[{"@type":"CommentAction","name":"Comment","target":["https:\/\/soclose.mx\/blog\/ay-goeeee\/10-datos-de-pedro-linares-lopez-y-sus-alebrijes\/#respond"]}]},{"@type":"WebPage","@id":"https:\/\/soclose.mx\/blog\/ay-goeeee\/10-datos-de-pedro-linares-lopez-y-sus-alebrijes\/","url":"https:\/\/soclose.mx\/blog\/ay-goeeee\/10-datos-de-pedro-linares-lopez-y-sus-alebrijes\/","name":"10 datos de Pedro Linares L\u00f3pez y sus alebrijes - So Close","isPartOf":{"@id":"https:\/\/soclose.mx\/blog\/#website"},"primaryImageOfPage":{"@id":"https:\/\/soclose.mx\/blog\/ay-goeeee\/10-datos-de-pedro-linares-lopez-y-sus-alebrijes\/#primaryimage"},"image":{"@id":"https:\/\/soclose.mx\/blog\/ay-goeeee\/10-datos-de-pedro-linares-lopez-y-sus-alebrijes\/#primaryimage"},"thumbnailUrl":"https:\/\/i0.wp.com\/soclose.mx\/blog\/wp-content\/uploads\/2021\/06\/alebrije.jpg?fit=1240%2C700&ssl=1","datePublished":"2021-06-29T15:10:04+00:00","dateModified":"2024-10-22T01:18:18+00:00","description":"Cuando ten\u00eda 30 a\u00f1os, Pedro Linares enferm\u00f3 quedando inconsciente y, cont\u00f3 en alguna ocasi\u00f3n, que en sue\u00f1os aparecieron por primera vez.","breadcrumb":{"@id":"https:\/\/soclose.mx\/blog\/ay-goeeee\/10-datos-de-pedro-linares-lopez-y-sus-alebrijes\/#breadcrumb"},"inLanguage":"es","potentialAction":[{"@type":"ReadAction","target":["https:\/\/soclose.mx\/blog\/ay-goeeee\/10-datos-de-pedro-linares-lopez-y-sus-alebrijes\/"]}]},{"@type":"ImageObject","inLanguage":"es","@id":"https:\/\/soclose.mx\/blog\/ay-goeeee\/10-datos-de-pedro-linares-lopez-y-sus-alebrijes\/#primaryimage","url":"https:\/\/i0.wp.com\/soclose.mx\/blog\/wp-content\/uploads\/2021\/06\/alebrije.jpg?fit=1240%2C700&ssl=1","contentUrl":"https:\/\/i0.wp.com\/soclose.mx\/blog\/wp-content\/uploads\/2021\/06\/alebrije.jpg?fit=1240%2C700&ssl=1","width":1240,"height":700},{"@type":"BreadcrumbList","@id":"https:\/\/soclose.mx\/blog\/ay-goeeee\/10-datos-de-pedro-linares-lopez-y-sus-alebrijes\/#breadcrumb","itemListElement":[{"@type":"ListItem","position":1,"name":"Inicio","item":"https:\/\/soclose.mx\/blog\/"},{"@type":"ListItem","position":2,"name":"10 datos de Pedro Linares L\u00f3pez y sus alebrijes"}]},{"@type":"WebSite","@id":"https:\/\/soclose.mx\/blog\/#website","url":"https:\/\/soclose.mx\/blog\/","name":"So Close","description":"Hacemos contenidos de M\u00e9xico","publisher":{"@id":"https:\/\/soclose.mx\/blog\/#organization"},"potentialAction":[{"@type":"SearchAction","target":{"@type":"EntryPoint","urlTemplate":"https:\/\/soclose.mx\/blog\/?s={search_term_string}"},"query-input":{"@type":"PropertyValueSpecification","valueRequired":true,"valueName":"search_term_string"}}],"inLanguage":"es"},{"@type":"Organization","@id":"https:\/\/soclose.mx\/blog\/#organization","name":"So Close","url":"https:\/\/soclose.mx\/blog\/","logo":{"@type":"ImageObject","inLanguage":"es","@id":"https:\/\/soclose.mx\/blog\/#\/schema\/logo\/image\/","url":"https:\/\/i0.wp.com\/soclose.mx\/blog\/wp-content\/uploads\/2020\/12\/LOGO_SOCLOSE_COLOR-e1608310133507.png?fit=2858%2C1264&ssl=1","contentUrl":"https:\/\/i0.wp.com\/soclose.mx\/blog\/wp-content\/uploads\/2020\/12\/LOGO_SOCLOSE_COLOR-e1608310133507.png?fit=2858%2C1264&ssl=1","width":2858,"height":1264,"caption":"So Close"},"image":{"@id":"https:\/\/soclose.mx\/blog\/#\/schema\/logo\/image\/"}},{"@type":"Person","@id":"https:\/\/soclose.mx\/blog\/#\/schema\/person\/723eb117ab965b55c3e56b5d29751667","name":"So Close","image":{"@type":"ImageObject","inLanguage":"es","@id":"https:\/\/soclose.mx\/blog\/#\/schema\/person\/image\/","url":"https:\/\/secure.gravatar.com\/avatar\/5a1d1d694eaf6d2c28f450f0984cbb34821b92dc49c1d088c0250fbc6a48efec?s=96&d=mm&r=g","contentUrl":"https:\/\/secure.gravatar.com\/avatar\/5a1d1d694eaf6d2c28f450f0984cbb34821b92dc49c1d088c0250fbc6a48efec?s=96&d=mm&r=g","caption":"So Close"},"sameAs":["http:\/\/www.soclose.mx","https:\/\/www.youtube.com\/@soclosemx"],"url":"https:\/\/soclose.mx\/blog\/author\/admin\/"}]}},"jetpack_featured_media_url":"https:\/\/i0.wp.com\/soclose.mx\/blog\/wp-content\/uploads\/2021\/06\/alebrije.jpg?fit=1240%2C700&ssl=1","jetpack-related-posts":[{"id":10183,"url":"https:\/\/soclose.mx\/blog\/news-feed\/vuelve-el-desfile-de-alebrijes-monumentales-en-la-cdmx\/","url_meta":{"origin":6341,"position":0},"title":"Vuelve el desfile de alebrijes monumentales en la CDMX","author":"Daniel Ram\u00edrez","date":"10 junio, 2022","format":false,"excerpt":"Los alebrijes mexicanos son una de las cosas incre\u00edbles que tiene nuestra cultura, los dise\u00f1os son sorprendentes y hacen volar la imaginaci\u00f3n. Por eso, el Desfile y concurso de alebrijes estar\u00e1 de regreso en la Ciudad de M\u00e9xico y adem\u00e1s de disfrutarlos, podr\u00e1s participar creando uno propio. Se llevar\u00e1n a\u2026","rel":"","context":"En &quot;News feed&quot;","block_context":{"text":"News feed","link":"https:\/\/soclose.mx\/blog\/category\/news-feed\/"},"img":{"alt_text":"","src":"https:\/\/i0.wp.com\/soclose.mx\/blog\/wp-content\/uploads\/2022\/06\/Captura-de-Pantalla-2022-06-10-a-las-20.35.26.png?fit=804%2C537&ssl=1&resize=350%2C200","width":350,"height":200,"srcset":"https:\/\/i0.wp.com\/soclose.mx\/blog\/wp-content\/uploads\/2022\/06\/Captura-de-Pantalla-2022-06-10-a-las-20.35.26.png?fit=804%2C537&ssl=1&resize=350%2C200 1x, https:\/\/i0.wp.com\/soclose.mx\/blog\/wp-content\/uploads\/2022\/06\/Captura-de-Pantalla-2022-06-10-a-las-20.35.26.png?fit=804%2C537&ssl=1&resize=525%2C300 1.5x, https:\/\/i0.wp.com\/soclose.mx\/blog\/wp-content\/uploads\/2022\/06\/Captura-de-Pantalla-2022-06-10-a-las-20.35.26.png?fit=804%2C537&ssl=1&resize=700%2C400 2x"},"classes":[]},{"id":6679,"url":"https:\/\/soclose.mx\/blog\/news-feed\/animalia-la-fauna-en-el-arte-popular-mexicano-muestra-sobre-la-biodiversidad-llega-al-museo-nacional-de-culturas-populares\/","url_meta":{"origin":6341,"position":1},"title":"La muestra &#8220;Animalia. La fauna en el arte popular mexicano\u201d, llega al Museo Nacional de Culturas Populares","author":"So Close","date":"27 julio, 2021","format":false,"excerpt":"\u201cAnimalia. La fauna en el arte popular mexicano\u201d es un recorrido por el reino animal a trav\u00e9s de 48 piezas elaboradas por manos artesanas en barro, metal, madera, fibras vegetales, cart\u00f3n y otros materiales, que provienen de diversas comunidades de Guerrero, Puebla, Chiapas, Veracruz, Oaxaca, Michoac\u00e1n, Baja California, Sonora y\u2026","rel":"","context":"En &quot;News feed&quot;","block_context":{"text":"News feed","link":"https:\/\/soclose.mx\/blog\/category\/news-feed\/"},"img":{"alt_text":"","src":"https:\/\/i0.wp.com\/soclose.mx\/blog\/wp-content\/uploads\/2021\/07\/animalia-muestra-arte-popular.jpeg?fit=1200%2C677&ssl=1&resize=350%2C200","width":350,"height":200,"srcset":"https:\/\/i0.wp.com\/soclose.mx\/blog\/wp-content\/uploads\/2021\/07\/animalia-muestra-arte-popular.jpeg?fit=1200%2C677&ssl=1&resize=350%2C200 1x, https:\/\/i0.wp.com\/soclose.mx\/blog\/wp-content\/uploads\/2021\/07\/animalia-muestra-arte-popular.jpeg?fit=1200%2C677&ssl=1&resize=525%2C300 1.5x, https:\/\/i0.wp.com\/soclose.mx\/blog\/wp-content\/uploads\/2021\/07\/animalia-muestra-arte-popular.jpeg?fit=1200%2C677&ssl=1&resize=700%2C400 2x, https:\/\/i0.wp.com\/soclose.mx\/blog\/wp-content\/uploads\/2021\/07\/animalia-muestra-arte-popular.jpeg?fit=1200%2C677&ssl=1&resize=1050%2C600 3x"},"classes":[]},{"id":6072,"url":"https:\/\/soclose.mx\/blog\/ay-goeeee\/7-datos-que-debes-conocer-de-la-mexicana-andrea-meza-miss-universo-2021\/","url_meta":{"origin":6341,"position":2},"title":"7 datos que debes conocer de la mexicana Andrea Meza, miss universo 2021","author":"So Close","date":"17 mayo, 2021","format":false,"excerpt":"Es originaria de Chihuahua y naci\u00f3 en 1994. Fue coronada este domingo como la Miss Universo 2021. 3. Andrea Meza es la tercera mexicana en ganar miss Universo en la primero fue Lupita Jones en 1991 y Ximena Navarrete en 2010. 4. Es ingeniera en software, egresada de la Universidad\u2026","rel":"","context":"En &quot;\u00a1Ay goeeee!&quot;","block_context":{"text":"\u00a1Ay goeeee!","link":"https:\/\/soclose.mx\/blog\/category\/ay-goeeee\/"},"img":{"alt_text":"","src":"https:\/\/i0.wp.com\/soclose.mx\/blog\/wp-content\/uploads\/2021\/05\/andrea-meza-miss-universo.jpeg?fit=1200%2C677&ssl=1&resize=350%2C200","width":350,"height":200,"srcset":"https:\/\/i0.wp.com\/soclose.mx\/blog\/wp-content\/uploads\/2021\/05\/andrea-meza-miss-universo.jpeg?fit=1200%2C677&ssl=1&resize=350%2C200 1x, https:\/\/i0.wp.com\/soclose.mx\/blog\/wp-content\/uploads\/2021\/05\/andrea-meza-miss-universo.jpeg?fit=1200%2C677&ssl=1&resize=525%2C300 1.5x, https:\/\/i0.wp.com\/soclose.mx\/blog\/wp-content\/uploads\/2021\/05\/andrea-meza-miss-universo.jpeg?fit=1200%2C677&ssl=1&resize=700%2C400 2x, https:\/\/i0.wp.com\/soclose.mx\/blog\/wp-content\/uploads\/2021\/05\/andrea-meza-miss-universo.jpeg?fit=1200%2C677&ssl=1&resize=1050%2C600 3x"},"classes":[]},{"id":12053,"url":"https:\/\/soclose.mx\/blog\/mitos-y-leyendas-mexicanos\/siete-formas-de-celebrar-el-dia-de-muertos\/","url_meta":{"origin":6341,"position":3},"title":"Siete formas de celebrar el D\u00eda de Muertos","author":"Emmanuel Oviedo","date":"28 febrero, 2024","format":false,"excerpt":"Las festividades y elementos culturales que nos hacen sentir orgullo de M\u00e9xico, tocan nuestras ra\u00edces m\u00e1s profundas y forman parte de nuestra herencia hist\u00f3rica. Desde tiempos prehisp\u00e1nicos ha permanecido entre los mexicanos una creencia sobrenatural: el culto por la muerte, por eso te recordamos aqu\u00ed algunas formas de celebrar el\u2026","rel":"","context":"En &quot;\u00a1Ay nanita!&quot;","block_context":{"text":"\u00a1Ay nanita!","link":"https:\/\/soclose.mx\/blog\/category\/mitos-y-leyendas-mexicanos\/"},"img":{"alt_text":"D\u00eda de Muertos como celebrar","src":"https:\/\/i0.wp.com\/soclose.mx\/blog\/wp-content\/uploads\/2023\/07\/day-of-the-dead-g1b048d305_1280.jpg?fit=1200%2C800&ssl=1&resize=350%2C200","width":350,"height":200,"srcset":"https:\/\/i0.wp.com\/soclose.mx\/blog\/wp-content\/uploads\/2023\/07\/day-of-the-dead-g1b048d305_1280.jpg?fit=1200%2C800&ssl=1&resize=350%2C200 1x, https:\/\/i0.wp.com\/soclose.mx\/blog\/wp-content\/uploads\/2023\/07\/day-of-the-dead-g1b048d305_1280.jpg?fit=1200%2C800&ssl=1&resize=525%2C300 1.5x, https:\/\/i0.wp.com\/soclose.mx\/blog\/wp-content\/uploads\/2023\/07\/day-of-the-dead-g1b048d305_1280.jpg?fit=1200%2C800&ssl=1&resize=700%2C400 2x, https:\/\/i0.wp.com\/soclose.mx\/blog\/wp-content\/uploads\/2023\/07\/day-of-the-dead-g1b048d305_1280.jpg?fit=1200%2C800&ssl=1&resize=1050%2C600 3x"},"classes":[]},{"id":5567,"url":"https:\/\/soclose.mx\/blog\/lugares\/soame-mujeres-de-tradicion-milenaria-en-el-telar-de-cintura\/","url_meta":{"origin":6341,"position":4},"title":"Soame &#8220;Mujeres de Tradici\u00f3n&#8221; milenaria en el telar de cintura","author":"So Close","date":"2 enero, 2024","format":false,"excerpt":"Por Rosy Linares. Soame \"Mujeres de Tradici\u00f3n\"; Grupo de Gabaneras de Hueyapan est\u00e1 conformado por 29 integrantes de entre 20 y 72 a\u00f1os de edad con una tradici\u00f3n milenaria en el telar de cintura. En el reci\u00e9n conformado municipio ind\u00edgena Hueyapan ubicado en la zona Oriente de los Altos de\u2026","rel":"","context":"En &quot;Lugares&quot;","block_context":{"text":"Lugares","link":"https:\/\/soclose.mx\/blog\/category\/lugares\/"},"img":{"alt_text":"","src":"https:\/\/i0.wp.com\/soclose.mx\/blog\/wp-content\/uploads\/2021\/01\/Principal-So-Close-blog.jpg?fit=1200%2C677&ssl=1&resize=350%2C200","width":350,"height":200,"srcset":"https:\/\/i0.wp.com\/soclose.mx\/blog\/wp-content\/uploads\/2021\/01\/Principal-So-Close-blog.jpg?fit=1200%2C677&ssl=1&resize=350%2C200 1x, https:\/\/i0.wp.com\/soclose.mx\/blog\/wp-content\/uploads\/2021\/01\/Principal-So-Close-blog.jpg?fit=1200%2C677&ssl=1&resize=525%2C300 1.5x, https:\/\/i0.wp.com\/soclose.mx\/blog\/wp-content\/uploads\/2021\/01\/Principal-So-Close-blog.jpg?fit=1200%2C677&ssl=1&resize=700%2C400 2x, https:\/\/i0.wp.com\/soclose.mx\/blog\/wp-content\/uploads\/2021\/01\/Principal-So-Close-blog.jpg?fit=1200%2C677&ssl=1&resize=1050%2C600 3x"},"classes":[]},{"id":12045,"url":"https:\/\/soclose.mx\/blog\/a-la-mexicana\/ovnis-playa-miramar-muralla-contra-huracanes\/","url_meta":{"origin":6341,"position":5},"title":"\u00bfOvnis en Playa Miramar y base extraterrestre contra huracanes?","author":"Emmanuel Oviedo","date":"18 agosto, 2023","format":false,"excerpt":"No es ninguna broma cuando decimos con cierto orgullo \"M\u00e9xico m\u00e1gico\". Y es que dentro de nuestro pa\u00eds pasa y hay de todo, desde alebrijes y leyendas, hasta seres de otro mundo. Resulta que en Tampico, Tamaulipas\u00a0 hay un atractivo tur\u00edstico de otro planeta, hablamos de la playa Miramar en\u2026","rel":"","context":"En &quot;A la mexicana&quot;","block_context":{"text":"A la mexicana","link":"https:\/\/soclose.mx\/blog\/category\/a-la-mexicana\/"},"img":{"alt_text":"Ovnis Playa Miramar Tampico Tamaulipas","src":"https:\/\/i0.wp.com\/soclose.mx\/blog\/wp-content\/uploads\/2023\/07\/nave-espacial-futurista-vuela-traves-galaxia-espeluznante-secuestrando-persona-generada-ia-scaled.jpg?fit=1200%2C686&ssl=1&resize=350%2C200","width":350,"height":200,"srcset":"https:\/\/i0.wp.com\/soclose.mx\/blog\/wp-content\/uploads\/2023\/07\/nave-espacial-futurista-vuela-traves-galaxia-espeluznante-secuestrando-persona-generada-ia-scaled.jpg?fit=1200%2C686&ssl=1&resize=350%2C200 1x, https:\/\/i0.wp.com\/soclose.mx\/blog\/wp-content\/uploads\/2023\/07\/nave-espacial-futurista-vuela-traves-galaxia-espeluznante-secuestrando-persona-generada-ia-scaled.jpg?fit=1200%2C686&ssl=1&resize=525%2C300 1.5x, https:\/\/i0.wp.com\/soclose.mx\/blog\/wp-content\/uploads\/2023\/07\/nave-espacial-futurista-vuela-traves-galaxia-espeluznante-secuestrando-persona-generada-ia-scaled.jpg?fit=1200%2C686&ssl=1&resize=700%2C400 2x, https:\/\/i0.wp.com\/soclose.mx\/blog\/wp-content\/uploads\/2023\/07\/nave-espacial-futurista-vuela-traves-galaxia-espeluznante-secuestrando-persona-generada-ia-scaled.jpg?fit=1200%2C686&ssl=1&resize=1050%2C600 3x"},"classes":[]}],"jetpack_sharing_enabled":true,"_links":{"self":[{"href":"https:\/\/soclose.mx\/blog\/wp-json\/wp\/v2\/posts\/6341","targetHints":{"allow":["GET"]}}],"collection":[{"href":"https:\/\/soclose.mx\/blog\/wp-json\/wp\/v2\/posts"}],"about":[{"href":"https:\/\/soclose.mx\/blog\/wp-json\/wp\/v2\/types\/post"}],"author":[{"embeddable":true,"href":"https:\/\/soclose.mx\/blog\/wp-json\/wp\/v2\/users\/1"}],"replies":[{"embeddable":true,"href":"https:\/\/soclose.mx\/blog\/wp-json\/wp\/v2\/comments?post=6341"}],"version-history":[{"count":2,"href":"https:\/\/soclose.mx\/blog\/wp-json\/wp\/v2\/posts\/6341\/revisions"}],"predecessor-version":[{"id":14309,"href":"https:\/\/soclose.mx\/blog\/wp-json\/wp\/v2\/posts\/6341\/revisions\/14309"}],"wp:featuredmedia":[{"embeddable":true,"href":"https:\/\/soclose.mx\/blog\/wp-json\/wp\/v2\/media\/6343"}],"wp:attachment":[{"href":"https:\/\/soclose.mx\/blog\/wp-json\/wp\/v2\/media?parent=6341"}],"wp:term":[{"taxonomy":"category","embeddable":true,"href":"https:\/\/soclose.mx\/blog\/wp-json\/wp\/v2\/categories?post=6341"},{"taxonomy":"post_tag","embeddable":true,"href":"https:\/\/soclose.mx\/blog\/wp-json\/wp\/v2\/tags?post=6341"}],"curies":[{"name":"wp","href":"https:\/\/api.w.org\/{rel}","templated":true}]}}