{"id":6347,"date":"2021-06-30T17:42:38","date_gmt":"2021-06-30T22:42:38","guid":{"rendered":"https:\/\/soclose.mx\/blog\/?p=6347"},"modified":"2021-06-30T17:46:33","modified_gmt":"2021-06-30T22:46:33","slug":"las-claves-que-llevaron-a-hernan-cortes-a-vivir-la-noche-triste","status":"publish","type":"post","link":"https:\/\/soclose.mx\/blog\/ay-goeeee\/las-claves-que-llevaron-a-hernan-cortes-a-vivir-la-noche-triste\/","title":{"rendered":"Las claves que llevaron a Hern\u00e1n Cort\u00e9s a vivir La Noche Triste"},"content":{"rendered":"<p><span class=\"dropcap dropcap-simple\">De acuerdo con historiadores, e<\/span>l 30 de junio de 1520, <strong>Hern\u00e1n Cort\u00e9s<\/strong> sufri\u00f3 una gran derrota frente a los <strong>Mexicas, <\/strong>\u00bfpero c\u00f3mo fue que un ej\u00e9rcito tan poderoso que ven\u00eda a conquistar pudo ser vencido por <strong>ind\u00edgenas<\/strong>? Aqu\u00ed te dejamos algunas claves y acontecimientos que sucedieron previo al 30 de junio.<\/p>\n<blockquote><p>El 8 de agosto de 1519, <strong>Hern\u00e1n Cort\u00e9s<\/strong> parti\u00f3 rumbo a <strong>M\u00e9xico-<a href=\"https:\/\/soclose.mx\/blog\/?s=Moctezuma\" target=\"_blank\" rel=\"noopener\">Tenochtitlan<\/a><\/strong> desde Zempoala.<\/p>\n<p>El 7 de noviembre llegaron a Iztapalapa, Cuitl\u00e1huac, se\u00f1or de Iztapalapa, y hermano de <strong>Moctezuma,<\/strong> recibi\u00f3 a los espa\u00f1oles junto al Cerro de la Estrella y les dio alojamiento.<\/p>\n<p>La ma\u00f1ana del martes 8 de noviembre de 1519, Cort\u00e9s orden\u00f3 a sus soldados marchar rumbo a <a href=\"https:\/\/soclose.mx\/blog\/?s=Moctezuma\" target=\"_blank\" rel=\"noopener\"><strong>Tenochtitlan.<\/strong><\/a><\/p>\n<p>Escalante con sus aliados fue a retar a Qualpopoca y a exigirle oro. Cerca de Nauhtla se enfrentaron y los castellanos fueron derrotados.<\/p>\n<p>Con este pretexto, <strong>Cort\u00e9s<\/strong> decidi\u00f3 apresar a <strong>Moctezuma.<\/strong><\/p>\n<p>A mediados de mayo mientras se celebraba la fiesta de t\u00f3xcatl, en la que se honraba a Tezcatlipoca en el Templo Mayor, Alvarado empez\u00f3 a masacrar a los danzantes y despu\u00e9s a los espectadores.<\/p>\n<p>Mientras, en el palacio de Axayacatl, los guardianes de <a href=\"https:\/\/soclose.mx\/blog\/?s=Moctezuma\" target=\"_blank\" rel=\"noopener\"><strong>Moctezuma<\/strong><\/a> asesinaron a los se\u00f1ores que atend\u00edan al emperador, entre ellos a Cacama, se\u00f1or de Texcoco.<\/p>\n<p>Los<a href=\"https:\/\/soclose.mx\/blog\/?s=mexicas\" target=\"_blank\" rel=\"noopener\"><strong> mexicas<\/strong> <\/a>atacaron a los espa\u00f1oles, quienes se atrincheraron en el Palacio de Axayacatl, donde hoy est\u00e1 el edificio del Monte de Piedad.<\/p>\n<p>Cort\u00e9s pidi\u00f3 a <a href=\"https:\/\/soclose.mx\/blog\/?s=Moctezuma\" target=\"_blank\" rel=\"noopener\"><strong>Moctezuma<\/strong><\/a> que saliera a calmar a sus s\u00fabditos, aunque \u00e9ste se neg\u00f3, fray Bartolom\u00e9 de Olmedo y Crist\u00f3bal de Olid lo convencieron.<\/p>\n<p>Lo escucharon en silencio, pero poco despu\u00e9s empezaron a insultarlo y a lanzarle piedras.<\/p>\n<p>Aunque trataron de curarlo, <strong>Moctezuma<\/strong> se neg\u00f3 y muri\u00f3 de tres d\u00edas despu\u00e9s, posiblemente el 30 de junio. Algunas versiones dicen que habr\u00eda muerto de una fuerte depresi\u00f3n m\u00e1s que por la herida, pero que tambi\u00e9n habr\u00eda muerto por la espada, cuchillo o por garrote, 0 ahorcado.<\/p>\n<p>Cort\u00e9s de inmediato orden\u00f3 asesinar a los se\u00f1ores <strong>mexicas<\/strong> que quedaban en el palacio.<\/p>\n<p>Antes de la medianoche del 30 de junio de 1520, entre la neblina y la llovizna, los espa\u00f1oles empezaron a salir en silencio.<\/p>\n<p>Estaban a punto de llegar a la orilla del lago cuando fueron descubiertos y fueron rodeados y atacados por miles de guerreros <strong>Mexicas.<\/strong><\/p>\n<p>La leyenda cuenta que los que lograron llegar a Popotla, entre ellos Cort\u00e9s, se detuvieron a descansar junto a un ahuehuete, que se conoce como <strong>\u00c1rbol de la Noche Triste.<\/strong><\/p>\n<p>En Tlaxcala se reagruparon, y meses despu\u00e9s iniciaron la <strong>conquista de M\u00e9xico-Tenochtitlan.<\/strong><\/p><\/blockquote>\n<p>Fuente: UNAM<\/p>\n","protected":false},"excerpt":{"rendered":"<p>De acuerdo con historiadores, el 30 de junio de 1520, Hern\u00e1n Cort\u00e9s sufri\u00f3 una gran derrota frente a los Mexicas, \u00bfpero c\u00f3mo fue que un ej\u00e9rcito tan poderoso que ven\u00eda a conquistar pudo ser vencido por ind\u00edgenas? Aqu\u00ed te dejamos algunas claves y acontecimientos que sucedieron previo al 30 de junio. El 8 de agosto de 1519, Hern\u00e1n Cort\u00e9s parti\u00f3 rumbo a M\u00e9xico-Tenochtitlan desde Zempoala. El 7 de noviembre llegaron a Iztapalapa, Cuitl\u00e1huac, se\u00f1or de Iztapalapa, y hermano de Moctezuma, recibi\u00f3 a los espa\u00f1oles junto al Cerro de la Estrella y les dio alojamiento. La ma\u00f1ana del martes 8 de<\/p>\n","protected":false},"author":1,"featured_media":6358,"comment_status":"open","ping_status":"open","sticky":false,"template":"","format":"standard","meta":{"_jetpack_memberships_contains_paid_content":false,"footnotes":""},"categories":[1],"tags":[1034,963,1035,1033,652,482],"class_list":["post-6347","post","type-post","status-publish","format-standard","has-post-thumbnail","hentry","category-ay-goeeee","tag-conquista-de-mexico","tag-hernan-cortes","tag-moctezuma","tag-noche-triste","tag-templo-mayor","tag-tlatelolco"],"yoast_head":"<!-- This site is optimized with the Yoast SEO plugin v26.7 - https:\/\/yoast.com\/wordpress\/plugins\/seo\/ -->\n<title>Las claves que llevaron a Hern\u00e1n Cort\u00e9s a vivir La Noche Triste - So Close<\/title>\n<meta name=\"description\" content=\"La leyenda cuenta que los que lograron llegar a Popotla se detuvieron a descansar junto a un ahuehuete, el \u00c1rbol de la Noche Triste.\" \/>\n<meta name=\"robots\" content=\"index, follow, max-snippet:-1, max-image-preview:large, max-video-preview:-1\" \/>\n<link rel=\"canonical\" href=\"https:\/\/soclose.mx\/blog\/ay-goeeee\/las-claves-que-llevaron-a-hernan-cortes-a-vivir-la-noche-triste\/\" \/>\n<meta property=\"og:locale\" content=\"es_MX\" \/>\n<meta property=\"og:type\" content=\"article\" \/>\n<meta property=\"og:title\" content=\"Las claves que llevaron a Hern\u00e1n Cort\u00e9s a vivir La Noche Triste - So Close\" \/>\n<meta property=\"og:description\" content=\"La leyenda cuenta que los que lograron llegar a Popotla se detuvieron a descansar junto a un ahuehuete, el \u00c1rbol de la Noche Triste.\" \/>\n<meta property=\"og:url\" content=\"https:\/\/soclose.mx\/blog\/ay-goeeee\/las-claves-que-llevaron-a-hernan-cortes-a-vivir-la-noche-triste\/\" \/>\n<meta property=\"og:site_name\" content=\"So Close\" \/>\n<meta property=\"article:published_time\" content=\"2021-06-30T22:42:38+00:00\" \/>\n<meta property=\"article:modified_time\" content=\"2021-06-30T22:46:33+00:00\" \/>\n<meta property=\"og:image\" content=\"https:\/\/i0.wp.com\/soclose.mx\/blog\/wp-content\/uploads\/2021\/06\/noche-triste.jpeg?fit=1240%2C700&ssl=1\" \/>\n\t<meta property=\"og:image:width\" content=\"1240\" \/>\n\t<meta property=\"og:image:height\" content=\"700\" \/>\n\t<meta property=\"og:image:type\" content=\"image\/jpeg\" \/>\n<meta name=\"author\" content=\"So Close\" \/>\n<meta name=\"twitter:card\" content=\"summary_large_image\" \/>\n<meta name=\"twitter:label1\" content=\"Escrito por\" \/>\n\t<meta name=\"twitter:data1\" content=\"So Close\" \/>\n\t<meta name=\"twitter:label2\" content=\"Tiempo de lectura\" \/>\n\t<meta name=\"twitter:data2\" content=\"2 minutos\" \/>\n<script type=\"application\/ld+json\" class=\"yoast-schema-graph\">{\"@context\":\"https:\/\/schema.org\",\"@graph\":[{\"@type\":\"Article\",\"@id\":\"https:\/\/soclose.mx\/blog\/ay-goeeee\/las-claves-que-llevaron-a-hernan-cortes-a-vivir-la-noche-triste\/#article\",\"isPartOf\":{\"@id\":\"https:\/\/soclose.mx\/blog\/ay-goeeee\/las-claves-que-llevaron-a-hernan-cortes-a-vivir-la-noche-triste\/\"},\"author\":{\"name\":\"So Close\",\"@id\":\"https:\/\/soclose.mx\/blog\/#\/schema\/person\/723eb117ab965b55c3e56b5d29751667\"},\"headline\":\"Las claves que llevaron a Hern\u00e1n Cort\u00e9s a vivir La Noche Triste\",\"datePublished\":\"2021-06-30T22:42:38+00:00\",\"dateModified\":\"2021-06-30T22:46:33+00:00\",\"mainEntityOfPage\":{\"@id\":\"https:\/\/soclose.mx\/blog\/ay-goeeee\/las-claves-que-llevaron-a-hernan-cortes-a-vivir-la-noche-triste\/\"},\"wordCount\":455,\"commentCount\":0,\"publisher\":{\"@id\":\"https:\/\/soclose.mx\/blog\/#organization\"},\"image\":{\"@id\":\"https:\/\/soclose.mx\/blog\/ay-goeeee\/las-claves-que-llevaron-a-hernan-cortes-a-vivir-la-noche-triste\/#primaryimage\"},\"thumbnailUrl\":\"https:\/\/i0.wp.com\/soclose.mx\/blog\/wp-content\/uploads\/2021\/06\/noche-triste.jpeg?fit=1240%2C700&ssl=1\",\"keywords\":[\"conquista de M\u00e9xico\",\"hern\u00e1n cort\u00e9s\",\"moctezuma\",\"noche triste\",\"templo mayor\",\"tlatelolco\"],\"articleSection\":[\"\u00a1Ay goeeee!\"],\"inLanguage\":\"es\",\"potentialAction\":[{\"@type\":\"CommentAction\",\"name\":\"Comment\",\"target\":[\"https:\/\/soclose.mx\/blog\/ay-goeeee\/las-claves-que-llevaron-a-hernan-cortes-a-vivir-la-noche-triste\/#respond\"]}]},{\"@type\":\"WebPage\",\"@id\":\"https:\/\/soclose.mx\/blog\/ay-goeeee\/las-claves-que-llevaron-a-hernan-cortes-a-vivir-la-noche-triste\/\",\"url\":\"https:\/\/soclose.mx\/blog\/ay-goeeee\/las-claves-que-llevaron-a-hernan-cortes-a-vivir-la-noche-triste\/\",\"name\":\"Las claves que llevaron a Hern\u00e1n Cort\u00e9s a vivir La Noche Triste - So Close\",\"isPartOf\":{\"@id\":\"https:\/\/soclose.mx\/blog\/#website\"},\"primaryImageOfPage\":{\"@id\":\"https:\/\/soclose.mx\/blog\/ay-goeeee\/las-claves-que-llevaron-a-hernan-cortes-a-vivir-la-noche-triste\/#primaryimage\"},\"image\":{\"@id\":\"https:\/\/soclose.mx\/blog\/ay-goeeee\/las-claves-que-llevaron-a-hernan-cortes-a-vivir-la-noche-triste\/#primaryimage\"},\"thumbnailUrl\":\"https:\/\/i0.wp.com\/soclose.mx\/blog\/wp-content\/uploads\/2021\/06\/noche-triste.jpeg?fit=1240%2C700&ssl=1\",\"datePublished\":\"2021-06-30T22:42:38+00:00\",\"dateModified\":\"2021-06-30T22:46:33+00:00\",\"description\":\"La leyenda cuenta que los que lograron llegar a Popotla se detuvieron a descansar junto a un ahuehuete, el \u00c1rbol de la Noche Triste.\",\"breadcrumb\":{\"@id\":\"https:\/\/soclose.mx\/blog\/ay-goeeee\/las-claves-que-llevaron-a-hernan-cortes-a-vivir-la-noche-triste\/#breadcrumb\"},\"inLanguage\":\"es\",\"potentialAction\":[{\"@type\":\"ReadAction\",\"target\":[\"https:\/\/soclose.mx\/blog\/ay-goeeee\/las-claves-que-llevaron-a-hernan-cortes-a-vivir-la-noche-triste\/\"]}]},{\"@type\":\"ImageObject\",\"inLanguage\":\"es\",\"@id\":\"https:\/\/soclose.mx\/blog\/ay-goeeee\/las-claves-que-llevaron-a-hernan-cortes-a-vivir-la-noche-triste\/#primaryimage\",\"url\":\"https:\/\/i0.wp.com\/soclose.mx\/blog\/wp-content\/uploads\/2021\/06\/noche-triste.jpeg?fit=1240%2C700&ssl=1\",\"contentUrl\":\"https:\/\/i0.wp.com\/soclose.mx\/blog\/wp-content\/uploads\/2021\/06\/noche-triste.jpeg?fit=1240%2C700&ssl=1\",\"width\":1240,\"height\":700},{\"@type\":\"BreadcrumbList\",\"@id\":\"https:\/\/soclose.mx\/blog\/ay-goeeee\/las-claves-que-llevaron-a-hernan-cortes-a-vivir-la-noche-triste\/#breadcrumb\",\"itemListElement\":[{\"@type\":\"ListItem\",\"position\":1,\"name\":\"Inicio\",\"item\":\"https:\/\/soclose.mx\/blog\/\"},{\"@type\":\"ListItem\",\"position\":2,\"name\":\"Las claves que llevaron a Hern\u00e1n Cort\u00e9s a vivir La Noche Triste\"}]},{\"@type\":\"WebSite\",\"@id\":\"https:\/\/soclose.mx\/blog\/#website\",\"url\":\"https:\/\/soclose.mx\/blog\/\",\"name\":\"So Close\",\"description\":\"Hacemos contenidos de M\u00e9xico\",\"publisher\":{\"@id\":\"https:\/\/soclose.mx\/blog\/#organization\"},\"potentialAction\":[{\"@type\":\"SearchAction\",\"target\":{\"@type\":\"EntryPoint\",\"urlTemplate\":\"https:\/\/soclose.mx\/blog\/?s={search_term_string}\"},\"query-input\":{\"@type\":\"PropertyValueSpecification\",\"valueRequired\":true,\"valueName\":\"search_term_string\"}}],\"inLanguage\":\"es\"},{\"@type\":\"Organization\",\"@id\":\"https:\/\/soclose.mx\/blog\/#organization\",\"name\":\"So Close\",\"url\":\"https:\/\/soclose.mx\/blog\/\",\"logo\":{\"@type\":\"ImageObject\",\"inLanguage\":\"es\",\"@id\":\"https:\/\/soclose.mx\/blog\/#\/schema\/logo\/image\/\",\"url\":\"https:\/\/i0.wp.com\/soclose.mx\/blog\/wp-content\/uploads\/2020\/12\/LOGO_SOCLOSE_COLOR-e1608310133507.png?fit=2858%2C1264&ssl=1\",\"contentUrl\":\"https:\/\/i0.wp.com\/soclose.mx\/blog\/wp-content\/uploads\/2020\/12\/LOGO_SOCLOSE_COLOR-e1608310133507.png?fit=2858%2C1264&ssl=1\",\"width\":2858,\"height\":1264,\"caption\":\"So Close\"},\"image\":{\"@id\":\"https:\/\/soclose.mx\/blog\/#\/schema\/logo\/image\/\"}},{\"@type\":\"Person\",\"@id\":\"https:\/\/soclose.mx\/blog\/#\/schema\/person\/723eb117ab965b55c3e56b5d29751667\",\"name\":\"So Close\",\"image\":{\"@type\":\"ImageObject\",\"inLanguage\":\"es\",\"@id\":\"https:\/\/soclose.mx\/blog\/#\/schema\/person\/image\/\",\"url\":\"https:\/\/secure.gravatar.com\/avatar\/5a1d1d694eaf6d2c28f450f0984cbb34821b92dc49c1d088c0250fbc6a48efec?s=96&d=mm&r=g\",\"contentUrl\":\"https:\/\/secure.gravatar.com\/avatar\/5a1d1d694eaf6d2c28f450f0984cbb34821b92dc49c1d088c0250fbc6a48efec?s=96&d=mm&r=g\",\"caption\":\"So Close\"},\"sameAs\":[\"http:\/\/www.soclose.mx\",\"https:\/\/www.youtube.com\/@soclosemx\"],\"url\":\"https:\/\/soclose.mx\/blog\/author\/admin\/\"}]}<\/script>\n<!-- \/ Yoast SEO plugin. -->","yoast_head_json":{"title":"Las claves que llevaron a Hern\u00e1n Cort\u00e9s a vivir La Noche Triste - So Close","description":"La leyenda cuenta que los que lograron llegar a Popotla se detuvieron a descansar junto a un ahuehuete, el \u00c1rbol de la Noche Triste.","robots":{"index":"index","follow":"follow","max-snippet":"max-snippet:-1","max-image-preview":"max-image-preview:large","max-video-preview":"max-video-preview:-1"},"canonical":"https:\/\/soclose.mx\/blog\/ay-goeeee\/las-claves-que-llevaron-a-hernan-cortes-a-vivir-la-noche-triste\/","og_locale":"es_MX","og_type":"article","og_title":"Las claves que llevaron a Hern\u00e1n Cort\u00e9s a vivir La Noche Triste - So Close","og_description":"La leyenda cuenta que los que lograron llegar a Popotla se detuvieron a descansar junto a un ahuehuete, el \u00c1rbol de la Noche Triste.","og_url":"https:\/\/soclose.mx\/blog\/ay-goeeee\/las-claves-que-llevaron-a-hernan-cortes-a-vivir-la-noche-triste\/","og_site_name":"So Close","article_published_time":"2021-06-30T22:42:38+00:00","article_modified_time":"2021-06-30T22:46:33+00:00","og_image":[{"width":1240,"height":700,"url":"https:\/\/i0.wp.com\/soclose.mx\/blog\/wp-content\/uploads\/2021\/06\/noche-triste.jpeg?fit=1240%2C700&ssl=1","type":"image\/jpeg"}],"author":"So Close","twitter_card":"summary_large_image","twitter_misc":{"Escrito por":"So Close","Tiempo de lectura":"2 minutos"},"schema":{"@context":"https:\/\/schema.org","@graph":[{"@type":"Article","@id":"https:\/\/soclose.mx\/blog\/ay-goeeee\/las-claves-que-llevaron-a-hernan-cortes-a-vivir-la-noche-triste\/#article","isPartOf":{"@id":"https:\/\/soclose.mx\/blog\/ay-goeeee\/las-claves-que-llevaron-a-hernan-cortes-a-vivir-la-noche-triste\/"},"author":{"name":"So Close","@id":"https:\/\/soclose.mx\/blog\/#\/schema\/person\/723eb117ab965b55c3e56b5d29751667"},"headline":"Las claves que llevaron a Hern\u00e1n Cort\u00e9s a vivir La Noche Triste","datePublished":"2021-06-30T22:42:38+00:00","dateModified":"2021-06-30T22:46:33+00:00","mainEntityOfPage":{"@id":"https:\/\/soclose.mx\/blog\/ay-goeeee\/las-claves-que-llevaron-a-hernan-cortes-a-vivir-la-noche-triste\/"},"wordCount":455,"commentCount":0,"publisher":{"@id":"https:\/\/soclose.mx\/blog\/#organization"},"image":{"@id":"https:\/\/soclose.mx\/blog\/ay-goeeee\/las-claves-que-llevaron-a-hernan-cortes-a-vivir-la-noche-triste\/#primaryimage"},"thumbnailUrl":"https:\/\/i0.wp.com\/soclose.mx\/blog\/wp-content\/uploads\/2021\/06\/noche-triste.jpeg?fit=1240%2C700&ssl=1","keywords":["conquista de M\u00e9xico","hern\u00e1n cort\u00e9s","moctezuma","noche triste","templo mayor","tlatelolco"],"articleSection":["\u00a1Ay goeeee!"],"inLanguage":"es","potentialAction":[{"@type":"CommentAction","name":"Comment","target":["https:\/\/soclose.mx\/blog\/ay-goeeee\/las-claves-que-llevaron-a-hernan-cortes-a-vivir-la-noche-triste\/#respond"]}]},{"@type":"WebPage","@id":"https:\/\/soclose.mx\/blog\/ay-goeeee\/las-claves-que-llevaron-a-hernan-cortes-a-vivir-la-noche-triste\/","url":"https:\/\/soclose.mx\/blog\/ay-goeeee\/las-claves-que-llevaron-a-hernan-cortes-a-vivir-la-noche-triste\/","name":"Las claves que llevaron a Hern\u00e1n Cort\u00e9s a vivir La Noche Triste - So Close","isPartOf":{"@id":"https:\/\/soclose.mx\/blog\/#website"},"primaryImageOfPage":{"@id":"https:\/\/soclose.mx\/blog\/ay-goeeee\/las-claves-que-llevaron-a-hernan-cortes-a-vivir-la-noche-triste\/#primaryimage"},"image":{"@id":"https:\/\/soclose.mx\/blog\/ay-goeeee\/las-claves-que-llevaron-a-hernan-cortes-a-vivir-la-noche-triste\/#primaryimage"},"thumbnailUrl":"https:\/\/i0.wp.com\/soclose.mx\/blog\/wp-content\/uploads\/2021\/06\/noche-triste.jpeg?fit=1240%2C700&ssl=1","datePublished":"2021-06-30T22:42:38+00:00","dateModified":"2021-06-30T22:46:33+00:00","description":"La leyenda cuenta que los que lograron llegar a Popotla se detuvieron a descansar junto a un ahuehuete, el \u00c1rbol de la Noche Triste.","breadcrumb":{"@id":"https:\/\/soclose.mx\/blog\/ay-goeeee\/las-claves-que-llevaron-a-hernan-cortes-a-vivir-la-noche-triste\/#breadcrumb"},"inLanguage":"es","potentialAction":[{"@type":"ReadAction","target":["https:\/\/soclose.mx\/blog\/ay-goeeee\/las-claves-que-llevaron-a-hernan-cortes-a-vivir-la-noche-triste\/"]}]},{"@type":"ImageObject","inLanguage":"es","@id":"https:\/\/soclose.mx\/blog\/ay-goeeee\/las-claves-que-llevaron-a-hernan-cortes-a-vivir-la-noche-triste\/#primaryimage","url":"https:\/\/i0.wp.com\/soclose.mx\/blog\/wp-content\/uploads\/2021\/06\/noche-triste.jpeg?fit=1240%2C700&ssl=1","contentUrl":"https:\/\/i0.wp.com\/soclose.mx\/blog\/wp-content\/uploads\/2021\/06\/noche-triste.jpeg?fit=1240%2C700&ssl=1","width":1240,"height":700},{"@type":"BreadcrumbList","@id":"https:\/\/soclose.mx\/blog\/ay-goeeee\/las-claves-que-llevaron-a-hernan-cortes-a-vivir-la-noche-triste\/#breadcrumb","itemListElement":[{"@type":"ListItem","position":1,"name":"Inicio","item":"https:\/\/soclose.mx\/blog\/"},{"@type":"ListItem","position":2,"name":"Las claves que llevaron a Hern\u00e1n Cort\u00e9s a vivir La Noche Triste"}]},{"@type":"WebSite","@id":"https:\/\/soclose.mx\/blog\/#website","url":"https:\/\/soclose.mx\/blog\/","name":"So Close","description":"Hacemos contenidos de M\u00e9xico","publisher":{"@id":"https:\/\/soclose.mx\/blog\/#organization"},"potentialAction":[{"@type":"SearchAction","target":{"@type":"EntryPoint","urlTemplate":"https:\/\/soclose.mx\/blog\/?s={search_term_string}"},"query-input":{"@type":"PropertyValueSpecification","valueRequired":true,"valueName":"search_term_string"}}],"inLanguage":"es"},{"@type":"Organization","@id":"https:\/\/soclose.mx\/blog\/#organization","name":"So Close","url":"https:\/\/soclose.mx\/blog\/","logo":{"@type":"ImageObject","inLanguage":"es","@id":"https:\/\/soclose.mx\/blog\/#\/schema\/logo\/image\/","url":"https:\/\/i0.wp.com\/soclose.mx\/blog\/wp-content\/uploads\/2020\/12\/LOGO_SOCLOSE_COLOR-e1608310133507.png?fit=2858%2C1264&ssl=1","contentUrl":"https:\/\/i0.wp.com\/soclose.mx\/blog\/wp-content\/uploads\/2020\/12\/LOGO_SOCLOSE_COLOR-e1608310133507.png?fit=2858%2C1264&ssl=1","width":2858,"height":1264,"caption":"So Close"},"image":{"@id":"https:\/\/soclose.mx\/blog\/#\/schema\/logo\/image\/"}},{"@type":"Person","@id":"https:\/\/soclose.mx\/blog\/#\/schema\/person\/723eb117ab965b55c3e56b5d29751667","name":"So Close","image":{"@type":"ImageObject","inLanguage":"es","@id":"https:\/\/soclose.mx\/blog\/#\/schema\/person\/image\/","url":"https:\/\/secure.gravatar.com\/avatar\/5a1d1d694eaf6d2c28f450f0984cbb34821b92dc49c1d088c0250fbc6a48efec?s=96&d=mm&r=g","contentUrl":"https:\/\/secure.gravatar.com\/avatar\/5a1d1d694eaf6d2c28f450f0984cbb34821b92dc49c1d088c0250fbc6a48efec?s=96&d=mm&r=g","caption":"So Close"},"sameAs":["http:\/\/www.soclose.mx","https:\/\/www.youtube.com\/@soclosemx"],"url":"https:\/\/soclose.mx\/blog\/author\/admin\/"}]}},"jetpack_featured_media_url":"https:\/\/i0.wp.com\/soclose.mx\/blog\/wp-content\/uploads\/2021\/06\/noche-triste.jpeg?fit=1240%2C700&ssl=1","jetpack-related-posts":[{"id":6363,"url":"https:\/\/soclose.mx\/blog\/ay-goeeee\/el-gran-mito-de-la-conquista\/","url_meta":{"origin":6347,"position":0},"title":"El gran mito de la Conquista","author":"So Close","date":"30 junio, 2021","format":false,"excerpt":"Durante un conversatorio realizado por la UNAM, Guadalupe G\u00f3mez-Aguado de Alba, acad\u00e9mica del Centro de Ense\u00f1anza para Extranjeros explic\u00f3 el por qu\u00e9 el concepto de Conquista est\u00e1 equivocado y aqu\u00ed te dejamos algunos puntos que te sorprender\u00e1n: Lo ocurrido hace cinco siglos no se trat\u00f3 de una invasi\u00f3n espa\u00f1ola, sino\u2026","rel":"","context":"En &quot;\u00a1Ay goeeee!&quot;","block_context":{"text":"\u00a1Ay goeeee!","link":"https:\/\/soclose.mx\/blog\/category\/ay-goeeee\/"},"img":{"alt_text":"","src":"https:\/\/i0.wp.com\/soclose.mx\/blog\/wp-content\/uploads\/2021\/06\/conquista.jpeg?fit=1200%2C677&ssl=1&resize=350%2C200","width":350,"height":200,"srcset":"https:\/\/i0.wp.com\/soclose.mx\/blog\/wp-content\/uploads\/2021\/06\/conquista.jpeg?fit=1200%2C677&ssl=1&resize=350%2C200 1x, https:\/\/i0.wp.com\/soclose.mx\/blog\/wp-content\/uploads\/2021\/06\/conquista.jpeg?fit=1200%2C677&ssl=1&resize=525%2C300 1.5x, https:\/\/i0.wp.com\/soclose.mx\/blog\/wp-content\/uploads\/2021\/06\/conquista.jpeg?fit=1200%2C677&ssl=1&resize=700%2C400 2x, https:\/\/i0.wp.com\/soclose.mx\/blog\/wp-content\/uploads\/2021\/06\/conquista.jpeg?fit=1200%2C677&ssl=1&resize=1050%2C600 3x"},"classes":[]},{"id":5861,"url":"https:\/\/soclose.mx\/blog\/lugares\/5-mitos-sobre-la-fundacion-de-tenochtitlan\/","url_meta":{"origin":6347,"position":1},"title":"5 mitos sobre la fundaci\u00f3n de Tenochtitlan","author":"So Close","date":"16 marzo, 2021","format":false,"excerpt":"El arque\u00f3logo Eduardo Matos Moctezuma, uno de los arque\u00f3logos m\u00e1s importantes de M\u00e9xico, en su curso virtual sobre el surgimiento, la ca\u00edda y recuperaci\u00f3n de las ciudades mexicas: Tlatelolco y Tenochtitlan aclara: La fundaci\u00f3n de Tenochtitlan no fue por el avistamiento de un \u00e1guila sobre un nopal devorando una serpiente.\u2026","rel":"","context":"En &quot;Lugares&quot;","block_context":{"text":"Lugares","link":"https:\/\/soclose.mx\/blog\/category\/lugares\/"},"img":{"alt_text":"","src":"https:\/\/i0.wp.com\/soclose.mx\/blog\/wp-content\/uploads\/2021\/03\/Principal-So-Close-blog.jpeg?fit=1200%2C677&ssl=1&resize=350%2C200","width":350,"height":200,"srcset":"https:\/\/i0.wp.com\/soclose.mx\/blog\/wp-content\/uploads\/2021\/03\/Principal-So-Close-blog.jpeg?fit=1200%2C677&ssl=1&resize=350%2C200 1x, https:\/\/i0.wp.com\/soclose.mx\/blog\/wp-content\/uploads\/2021\/03\/Principal-So-Close-blog.jpeg?fit=1200%2C677&ssl=1&resize=525%2C300 1.5x, https:\/\/i0.wp.com\/soclose.mx\/blog\/wp-content\/uploads\/2021\/03\/Principal-So-Close-blog.jpeg?fit=1200%2C677&ssl=1&resize=700%2C400 2x, https:\/\/i0.wp.com\/soclose.mx\/blog\/wp-content\/uploads\/2021\/03\/Principal-So-Close-blog.jpeg?fit=1200%2C677&ssl=1&resize=1050%2C600 3x"},"classes":[]},{"id":6880,"url":"https:\/\/soclose.mx\/blog\/news-feed\/abre-exposicion-sobre-la-caida-de-tenochtitlan-y-tlatelolco\/","url_meta":{"origin":6347,"position":2},"title":"Abre exposici\u00f3n sobre la ca\u00edda de Tenochtitlan y Tlatelolco","author":"Miguel Angel Romero","date":"17 agosto, 2021","format":false,"excerpt":"En el marco del quinto centenario de la toma de M\u00e9xico-Tenochtitlan, se inaugura la exposici\u00f3n temporal\u00a0Tenochtitlan y Tlatelolco. A 500 a\u00f1os de su ca\u00edda, bajo la curadur\u00eda de Eduardo Matos Moctezuma, Patricia Ledesma Bouchan y Judith Alva S\u00e1nchez. La exposici\u00f3n enfatiza la manera en que Tenochtitlan y Tlatelolco, decidieron compartir\u2026","rel":"","context":"En &quot;\u00a1Ay goeeee!&quot;","block_context":{"text":"\u00a1Ay goeeee!","link":"https:\/\/soclose.mx\/blog\/category\/ay-goeeee\/"},"img":{"alt_text":"","src":"https:\/\/i0.wp.com\/soclose.mx\/blog\/wp-content\/uploads\/2021\/08\/foto_home.png?fit=1019%2C792&ssl=1&resize=350%2C200","width":350,"height":200,"srcset":"https:\/\/i0.wp.com\/soclose.mx\/blog\/wp-content\/uploads\/2021\/08\/foto_home.png?fit=1019%2C792&ssl=1&resize=350%2C200 1x, https:\/\/i0.wp.com\/soclose.mx\/blog\/wp-content\/uploads\/2021\/08\/foto_home.png?fit=1019%2C792&ssl=1&resize=525%2C300 1.5x, https:\/\/i0.wp.com\/soclose.mx\/blog\/wp-content\/uploads\/2021\/08\/foto_home.png?fit=1019%2C792&ssl=1&resize=700%2C400 2x"},"classes":[]},{"id":6710,"url":"https:\/\/soclose.mx\/blog\/news-feed\/datos-que-debes-saber-sobre-la-serie-de-tv-la-grandeza-de-mexico\/","url_meta":{"origin":6347,"position":3},"title":"Datos que debes saber sobre la serie de TV: La Grandeza de M\u00e9xico","author":"So Close","date":"29 julio, 2021","format":false,"excerpt":"En el marco de las conmemoraciones de 2021, \u201cA\u00f1o de la Grandeza y la Independencia de M\u00e9xico\u201d, el Sistema P\u00fablico de Radiodifusi\u00f3n del Estado Mexicano (SPR), en colaboraci\u00f3n con la Secretar\u00eda de Cultura federal, a trav\u00e9s del Instituto Nacional de Antropolog\u00eda e Historia (INAH), presentaron la serie documental de televisi\u00f3n\u2026","rel":"","context":"En &quot;News feed&quot;","block_context":{"text":"News feed","link":"https:\/\/soclose.mx\/blog\/category\/news-feed\/"},"img":{"alt_text":"","src":"https:\/\/i0.wp.com\/soclose.mx\/blog\/wp-content\/uploads\/2021\/07\/tenochtitlan-en3d.jpeg?fit=1200%2C677&ssl=1&resize=350%2C200","width":350,"height":200,"srcset":"https:\/\/i0.wp.com\/soclose.mx\/blog\/wp-content\/uploads\/2021\/07\/tenochtitlan-en3d.jpeg?fit=1200%2C677&ssl=1&resize=350%2C200 1x, https:\/\/i0.wp.com\/soclose.mx\/blog\/wp-content\/uploads\/2021\/07\/tenochtitlan-en3d.jpeg?fit=1200%2C677&ssl=1&resize=525%2C300 1.5x, https:\/\/i0.wp.com\/soclose.mx\/blog\/wp-content\/uploads\/2021\/07\/tenochtitlan-en3d.jpeg?fit=1200%2C677&ssl=1&resize=700%2C400 2x, https:\/\/i0.wp.com\/soclose.mx\/blog\/wp-content\/uploads\/2021\/07\/tenochtitlan-en3d.jpeg?fit=1200%2C677&ssl=1&resize=1050%2C600 3x"},"classes":[]},{"id":14895,"url":"https:\/\/soclose.mx\/blog\/ay-goeeee\/que-dice-el-manuscrito-de-hernan-cortes-que-regreso-el-fbi-a-mexico\/","url_meta":{"origin":6347,"position":4},"title":"\u00bfQu\u00e9 dice el manuscrito de Hern\u00e1n Cort\u00e9s que regres\u00f3 el FBI a M\u00e9xico?","author":"So Close","date":"14 agosto, 2025","format":false,"excerpt":"El manuscrito de Hern\u00e1n Cort\u00e9s que regres\u00f3 el FBI a M\u00e9xico, est\u00e1 fechado el 20 de febrero de 1527 y se trata de una p\u00e1gina original que describe una orden de pago en pesos de oro destinados a financiar una expedici\u00f3n para el descubrimiento de las tierras de las especias.\u2026","rel":"","context":"En &quot;\u00a1Ay goeeee!&quot;","block_context":{"text":"\u00a1Ay goeeee!","link":"https:\/\/soclose.mx\/blog\/category\/ay-goeeee\/"},"img":{"alt_text":"manuscrito de Hern\u00e1n Cort\u00e9s","src":"https:\/\/i0.wp.com\/soclose.mx\/blog\/wp-content\/uploads\/2025\/08\/manuscrito-de-hernan-cortes.jpg?fit=1200%2C675&ssl=1&resize=350%2C200","width":350,"height":200,"srcset":"https:\/\/i0.wp.com\/soclose.mx\/blog\/wp-content\/uploads\/2025\/08\/manuscrito-de-hernan-cortes.jpg?fit=1200%2C675&ssl=1&resize=350%2C200 1x, https:\/\/i0.wp.com\/soclose.mx\/blog\/wp-content\/uploads\/2025\/08\/manuscrito-de-hernan-cortes.jpg?fit=1200%2C675&ssl=1&resize=525%2C300 1.5x, https:\/\/i0.wp.com\/soclose.mx\/blog\/wp-content\/uploads\/2025\/08\/manuscrito-de-hernan-cortes.jpg?fit=1200%2C675&ssl=1&resize=700%2C400 2x, https:\/\/i0.wp.com\/soclose.mx\/blog\/wp-content\/uploads\/2025\/08\/manuscrito-de-hernan-cortes.jpg?fit=1200%2C675&ssl=1&resize=1050%2C600 3x"},"classes":[]},{"id":5801,"url":"https:\/\/soclose.mx\/blog\/news-feed\/tenochtitlan-y-tlatelolco-reflexiones-a-500-anos-de-su-caida-seminario-en-su-quinto-centenario\/","url_meta":{"origin":6347,"position":5},"title":"&#8220;Tenochtitlan y Tlatelolco: reflexiones a 500 a\u00f1os de su ca\u00edda\u201d, seminario en su quinto centenario","author":"So Close","date":"25 febrero, 2021","format":false,"excerpt":"Conocedor de primera mano de la destrucci\u00f3n hispana ejercida sobre M\u00e9xico-Tenochtitlan, al haber exhumado los restos de su Templo Mayor, el arque\u00f3logo Eduardo Matos Moctezuma ha enumerado en variadas ocasiones los factores que condicionaron este hecho hist\u00f3rico, los cuales ser\u00e1n examinados desde la interdisciplina, con enfoques panor\u00e1micos y a corta\u2026","rel":"","context":"En &quot;News feed&quot;","block_context":{"text":"News feed","link":"https:\/\/soclose.mx\/blog\/category\/news-feed\/"},"img":{"alt_text":"","src":"https:\/\/i0.wp.com\/soclose.mx\/blog\/wp-content\/uploads\/2021\/02\/Principal-So-Close-blog-6.jpg?fit=1200%2C677&ssl=1&resize=350%2C200","width":350,"height":200,"srcset":"https:\/\/i0.wp.com\/soclose.mx\/blog\/wp-content\/uploads\/2021\/02\/Principal-So-Close-blog-6.jpg?fit=1200%2C677&ssl=1&resize=350%2C200 1x, https:\/\/i0.wp.com\/soclose.mx\/blog\/wp-content\/uploads\/2021\/02\/Principal-So-Close-blog-6.jpg?fit=1200%2C677&ssl=1&resize=525%2C300 1.5x, https:\/\/i0.wp.com\/soclose.mx\/blog\/wp-content\/uploads\/2021\/02\/Principal-So-Close-blog-6.jpg?fit=1200%2C677&ssl=1&resize=700%2C400 2x, https:\/\/i0.wp.com\/soclose.mx\/blog\/wp-content\/uploads\/2021\/02\/Principal-So-Close-blog-6.jpg?fit=1200%2C677&ssl=1&resize=1050%2C600 3x"},"classes":[]}],"jetpack_sharing_enabled":true,"_links":{"self":[{"href":"https:\/\/soclose.mx\/blog\/wp-json\/wp\/v2\/posts\/6347","targetHints":{"allow":["GET"]}}],"collection":[{"href":"https:\/\/soclose.mx\/blog\/wp-json\/wp\/v2\/posts"}],"about":[{"href":"https:\/\/soclose.mx\/blog\/wp-json\/wp\/v2\/types\/post"}],"author":[{"embeddable":true,"href":"https:\/\/soclose.mx\/blog\/wp-json\/wp\/v2\/users\/1"}],"replies":[{"embeddable":true,"href":"https:\/\/soclose.mx\/blog\/wp-json\/wp\/v2\/comments?post=6347"}],"version-history":[{"count":0,"href":"https:\/\/soclose.mx\/blog\/wp-json\/wp\/v2\/posts\/6347\/revisions"}],"wp:featuredmedia":[{"embeddable":true,"href":"https:\/\/soclose.mx\/blog\/wp-json\/wp\/v2\/media\/6358"}],"wp:attachment":[{"href":"https:\/\/soclose.mx\/blog\/wp-json\/wp\/v2\/media?parent=6347"}],"wp:term":[{"taxonomy":"category","embeddable":true,"href":"https:\/\/soclose.mx\/blog\/wp-json\/wp\/v2\/categories?post=6347"},{"taxonomy":"post_tag","embeddable":true,"href":"https:\/\/soclose.mx\/blog\/wp-json\/wp\/v2\/tags?post=6347"}],"curies":[{"name":"wp","href":"https:\/\/api.w.org\/{rel}","templated":true}]}}