{"id":6363,"date":"2021-06-30T21:04:29","date_gmt":"2021-07-01T02:04:29","guid":{"rendered":"https:\/\/soclose.mx\/blog\/?p=6363"},"modified":"2021-06-30T21:04:29","modified_gmt":"2021-07-01T02:04:29","slug":"el-gran-mito-de-la-conquista","status":"publish","type":"post","link":"https:\/\/soclose.mx\/blog\/ay-goeeee\/el-gran-mito-de-la-conquista\/","title":{"rendered":"El gran mito de la Conquista"},"content":{"rendered":"<p>Durante un conversatorio realizado por la UNAM, Guadalupe G\u00f3mez-Aguado de Alba, acad\u00e9mica del Centro de Ense\u00f1anza para Extranjeros explic\u00f3 el por qu\u00e9 el concepto de <strong>Conquista<\/strong> est\u00e1 equivocado y aqu\u00ed te dejamos algunos puntos que te sorprender\u00e1n:<\/p>\n<blockquote><p>Lo ocurrido hace cinco siglos no se trat\u00f3 de una invasi\u00f3n espa\u00f1ola, sino de la conquista de la ciudad de M\u00e9xico-<a href=\"https:\/\/soclose.mx\/blog\/?s=Tenochtitlan\" target=\"_blank\" rel=\"noopener\">Tenochtitlan<\/a> con la participaci\u00f3n no s\u00f3lo de los propios espa\u00f1oles, sino igual de otros ind\u00edgenas. \u201cFue todo un proceso de alianzas con la poblaci\u00f3n local\u201d.<\/p>\n<p>Los espa\u00f1oles, junto con miles de aliados ind\u00edgenas, conquistaron la capital del llamado <strong>imperio mexica<\/strong>, la cual cay\u00f3 el 13 de agosto de 1521.<\/p>\n<p>Es un mito afirmar que <strong>Hern\u00e1n Cort\u00e9s<\/strong> conquist\u00f3 <strong>M\u00e9xico<\/strong> con 500 o 600 espa\u00f1oles, lo ocurrido en realidad fue una alianza con los <strong>enemigos de los mexicas.<\/strong><\/p>\n<p>Otro mito, a\u00fan en debate es que hay versiones que indican que <strong>Moctezuma II<\/strong> acept\u00f3 volverse vasallo del rey Carlos I, acontecimiento cuestionado por especialistas.<\/p><\/blockquote>\n<p>Por su parte, Stefan Rinke, de la Universidad Libre de Berl\u00edn, coincidi\u00f3:<\/p>\n<blockquote><p>Cort\u00e9s no conquist\u00f3 con 500 hombres al <strong>imperio mexica<\/strong> y asegur\u00f3 que el mundo ind\u00edgena estaba compuesto por muchas culturas y lenguas.<\/p>\n<p>Diferentes coaliciones de comunidades ind\u00edgenas lucharon contra la opresi\u00f3n de los <strong>mexicas<\/strong> y los <strong>espa\u00f1oles<\/strong> quienes se unieron a ellas; probablemente <strong>tlaxcaltecas, totonacos, texcocanos<\/strong> y otros que deseaban sacudirse el yugo, fueron los verdaderos protagonistas de la lucha.<\/p><\/blockquote>\n<p><iframe loading=\"lazy\" title=\"YouTube video player\" src=\"https:\/\/www.youtube.com\/embed\/9gnmW412xuM\" width=\"560\" height=\"315\" frameborder=\"0\" allowfullscreen=\"allowfullscreen\"><\/iframe><\/p>\n","protected":false},"excerpt":{"rendered":"<p>Durante un conversatorio realizado por la UNAM, Guadalupe G\u00f3mez-Aguado de Alba, acad\u00e9mica del Centro de Ense\u00f1anza para Extranjeros explic\u00f3 el por qu\u00e9 el concepto de Conquista est\u00e1 equivocado y aqu\u00ed te dejamos algunos puntos que te sorprender\u00e1n: Lo ocurrido hace cinco siglos no se trat\u00f3 de una invasi\u00f3n espa\u00f1ola, sino de la conquista de la ciudad de M\u00e9xico-Tenochtitlan con la participaci\u00f3n no s\u00f3lo de los propios espa\u00f1oles, sino igual de otros ind\u00edgenas. \u201cFue todo un proceso de alianzas con la poblaci\u00f3n local\u201d. Los espa\u00f1oles, junto con miles de aliados ind\u00edgenas, conquistaron la capital del llamado imperio mexica, la cual cay\u00f3<\/p>\n","protected":false},"author":1,"featured_media":6364,"comment_status":"open","ping_status":"open","sticky":false,"template":"","format":"standard","meta":{"_jetpack_memberships_contains_paid_content":false,"footnotes":""},"categories":[1],"tags":[653,1036,963,747,780,1037],"class_list":["post-6363","post","type-post","status-publish","format-standard","has-post-thumbnail","hentry","category-ay-goeeee","tag-aztecas","tag-conquista","tag-hernan-cortes","tag-mexicas","tag-mexico-tenochtitlan","tag-tlaxcaltecas"],"yoast_head":"<!-- This site is optimized with the Yoast SEO plugin v26.7 - https:\/\/yoast.com\/wordpress\/plugins\/seo\/ -->\n<title>El gran mito de la Conquista - So Close<\/title>\n<meta name=\"description\" content=\"Es un mito afirmar que Hern\u00e1n Cort\u00e9s conquist\u00f3 M\u00e9xico con 500 o 600 espa\u00f1oles, lo ocurrido en realidad fue una alianza.\" \/>\n<meta name=\"robots\" content=\"index, follow, max-snippet:-1, max-image-preview:large, max-video-preview:-1\" \/>\n<link rel=\"canonical\" href=\"https:\/\/soclose.mx\/blog\/ay-goeeee\/el-gran-mito-de-la-conquista\/\" \/>\n<meta property=\"og:locale\" content=\"es_MX\" \/>\n<meta property=\"og:type\" content=\"article\" \/>\n<meta property=\"og:title\" content=\"El gran mito de la Conquista - So Close\" \/>\n<meta property=\"og:description\" content=\"Es un mito afirmar que Hern\u00e1n Cort\u00e9s conquist\u00f3 M\u00e9xico con 500 o 600 espa\u00f1oles, lo ocurrido en realidad fue una alianza.\" \/>\n<meta property=\"og:url\" content=\"https:\/\/soclose.mx\/blog\/ay-goeeee\/el-gran-mito-de-la-conquista\/\" \/>\n<meta property=\"og:site_name\" content=\"So Close\" \/>\n<meta property=\"article:published_time\" content=\"2021-07-01T02:04:29+00:00\" \/>\n<meta property=\"og:image\" content=\"https:\/\/i0.wp.com\/soclose.mx\/blog\/wp-content\/uploads\/2021\/06\/conquista.jpeg?fit=1240%2C700&ssl=1\" \/>\n\t<meta property=\"og:image:width\" content=\"1240\" \/>\n\t<meta property=\"og:image:height\" content=\"700\" \/>\n\t<meta property=\"og:image:type\" content=\"image\/jpeg\" \/>\n<meta name=\"author\" content=\"So Close\" \/>\n<meta name=\"twitter:card\" content=\"summary_large_image\" \/>\n<meta name=\"twitter:label1\" content=\"Escrito por\" \/>\n\t<meta name=\"twitter:data1\" content=\"So Close\" \/>\n\t<meta name=\"twitter:label2\" content=\"Tiempo de lectura\" \/>\n\t<meta name=\"twitter:data2\" content=\"2 minutos\" \/>\n<script type=\"application\/ld+json\" class=\"yoast-schema-graph\">{\"@context\":\"https:\/\/schema.org\",\"@graph\":[{\"@type\":\"Article\",\"@id\":\"https:\/\/soclose.mx\/blog\/ay-goeeee\/el-gran-mito-de-la-conquista\/#article\",\"isPartOf\":{\"@id\":\"https:\/\/soclose.mx\/blog\/ay-goeeee\/el-gran-mito-de-la-conquista\/\"},\"author\":{\"name\":\"So Close\",\"@id\":\"https:\/\/soclose.mx\/blog\/#\/schema\/person\/723eb117ab965b55c3e56b5d29751667\"},\"headline\":\"El gran mito de la Conquista\",\"datePublished\":\"2021-07-01T02:04:29+00:00\",\"mainEntityOfPage\":{\"@id\":\"https:\/\/soclose.mx\/blog\/ay-goeeee\/el-gran-mito-de-la-conquista\/\"},\"wordCount\":256,\"commentCount\":0,\"publisher\":{\"@id\":\"https:\/\/soclose.mx\/blog\/#organization\"},\"image\":{\"@id\":\"https:\/\/soclose.mx\/blog\/ay-goeeee\/el-gran-mito-de-la-conquista\/#primaryimage\"},\"thumbnailUrl\":\"https:\/\/i0.wp.com\/soclose.mx\/blog\/wp-content\/uploads\/2021\/06\/conquista.jpeg?fit=1240%2C700&ssl=1\",\"keywords\":[\"aztecas\",\"conquista\",\"hern\u00e1n cort\u00e9s\",\"mexicas\",\"mexico-tenochtitlan\",\"tlaxcaltecas\"],\"articleSection\":[\"\u00a1Ay goeeee!\"],\"inLanguage\":\"es\",\"potentialAction\":[{\"@type\":\"CommentAction\",\"name\":\"Comment\",\"target\":[\"https:\/\/soclose.mx\/blog\/ay-goeeee\/el-gran-mito-de-la-conquista\/#respond\"]}]},{\"@type\":\"WebPage\",\"@id\":\"https:\/\/soclose.mx\/blog\/ay-goeeee\/el-gran-mito-de-la-conquista\/\",\"url\":\"https:\/\/soclose.mx\/blog\/ay-goeeee\/el-gran-mito-de-la-conquista\/\",\"name\":\"El gran mito de la Conquista - So Close\",\"isPartOf\":{\"@id\":\"https:\/\/soclose.mx\/blog\/#website\"},\"primaryImageOfPage\":{\"@id\":\"https:\/\/soclose.mx\/blog\/ay-goeeee\/el-gran-mito-de-la-conquista\/#primaryimage\"},\"image\":{\"@id\":\"https:\/\/soclose.mx\/blog\/ay-goeeee\/el-gran-mito-de-la-conquista\/#primaryimage\"},\"thumbnailUrl\":\"https:\/\/i0.wp.com\/soclose.mx\/blog\/wp-content\/uploads\/2021\/06\/conquista.jpeg?fit=1240%2C700&ssl=1\",\"datePublished\":\"2021-07-01T02:04:29+00:00\",\"description\":\"Es un mito afirmar que Hern\u00e1n Cort\u00e9s conquist\u00f3 M\u00e9xico con 500 o 600 espa\u00f1oles, lo ocurrido en realidad fue una alianza.\",\"breadcrumb\":{\"@id\":\"https:\/\/soclose.mx\/blog\/ay-goeeee\/el-gran-mito-de-la-conquista\/#breadcrumb\"},\"inLanguage\":\"es\",\"potentialAction\":[{\"@type\":\"ReadAction\",\"target\":[\"https:\/\/soclose.mx\/blog\/ay-goeeee\/el-gran-mito-de-la-conquista\/\"]}]},{\"@type\":\"ImageObject\",\"inLanguage\":\"es\",\"@id\":\"https:\/\/soclose.mx\/blog\/ay-goeeee\/el-gran-mito-de-la-conquista\/#primaryimage\",\"url\":\"https:\/\/i0.wp.com\/soclose.mx\/blog\/wp-content\/uploads\/2021\/06\/conquista.jpeg?fit=1240%2C700&ssl=1\",\"contentUrl\":\"https:\/\/i0.wp.com\/soclose.mx\/blog\/wp-content\/uploads\/2021\/06\/conquista.jpeg?fit=1240%2C700&ssl=1\",\"width\":1240,\"height\":700},{\"@type\":\"BreadcrumbList\",\"@id\":\"https:\/\/soclose.mx\/blog\/ay-goeeee\/el-gran-mito-de-la-conquista\/#breadcrumb\",\"itemListElement\":[{\"@type\":\"ListItem\",\"position\":1,\"name\":\"Inicio\",\"item\":\"https:\/\/soclose.mx\/blog\/\"},{\"@type\":\"ListItem\",\"position\":2,\"name\":\"El gran mito de la Conquista\"}]},{\"@type\":\"WebSite\",\"@id\":\"https:\/\/soclose.mx\/blog\/#website\",\"url\":\"https:\/\/soclose.mx\/blog\/\",\"name\":\"So Close\",\"description\":\"Hacemos contenidos de M\u00e9xico\",\"publisher\":{\"@id\":\"https:\/\/soclose.mx\/blog\/#organization\"},\"potentialAction\":[{\"@type\":\"SearchAction\",\"target\":{\"@type\":\"EntryPoint\",\"urlTemplate\":\"https:\/\/soclose.mx\/blog\/?s={search_term_string}\"},\"query-input\":{\"@type\":\"PropertyValueSpecification\",\"valueRequired\":true,\"valueName\":\"search_term_string\"}}],\"inLanguage\":\"es\"},{\"@type\":\"Organization\",\"@id\":\"https:\/\/soclose.mx\/blog\/#organization\",\"name\":\"So Close\",\"url\":\"https:\/\/soclose.mx\/blog\/\",\"logo\":{\"@type\":\"ImageObject\",\"inLanguage\":\"es\",\"@id\":\"https:\/\/soclose.mx\/blog\/#\/schema\/logo\/image\/\",\"url\":\"https:\/\/i0.wp.com\/soclose.mx\/blog\/wp-content\/uploads\/2020\/12\/LOGO_SOCLOSE_COLOR-e1608310133507.png?fit=2858%2C1264&ssl=1\",\"contentUrl\":\"https:\/\/i0.wp.com\/soclose.mx\/blog\/wp-content\/uploads\/2020\/12\/LOGO_SOCLOSE_COLOR-e1608310133507.png?fit=2858%2C1264&ssl=1\",\"width\":2858,\"height\":1264,\"caption\":\"So Close\"},\"image\":{\"@id\":\"https:\/\/soclose.mx\/blog\/#\/schema\/logo\/image\/\"}},{\"@type\":\"Person\",\"@id\":\"https:\/\/soclose.mx\/blog\/#\/schema\/person\/723eb117ab965b55c3e56b5d29751667\",\"name\":\"So Close\",\"image\":{\"@type\":\"ImageObject\",\"inLanguage\":\"es\",\"@id\":\"https:\/\/soclose.mx\/blog\/#\/schema\/person\/image\/\",\"url\":\"https:\/\/secure.gravatar.com\/avatar\/5a1d1d694eaf6d2c28f450f0984cbb34821b92dc49c1d088c0250fbc6a48efec?s=96&d=mm&r=g\",\"contentUrl\":\"https:\/\/secure.gravatar.com\/avatar\/5a1d1d694eaf6d2c28f450f0984cbb34821b92dc49c1d088c0250fbc6a48efec?s=96&d=mm&r=g\",\"caption\":\"So Close\"},\"sameAs\":[\"http:\/\/www.soclose.mx\",\"https:\/\/www.youtube.com\/@soclosemx\"],\"url\":\"https:\/\/soclose.mx\/blog\/author\/admin\/\"}]}<\/script>\n<!-- \/ Yoast SEO plugin. -->","yoast_head_json":{"title":"El gran mito de la Conquista - So Close","description":"Es un mito afirmar que Hern\u00e1n Cort\u00e9s conquist\u00f3 M\u00e9xico con 500 o 600 espa\u00f1oles, lo ocurrido en realidad fue una alianza.","robots":{"index":"index","follow":"follow","max-snippet":"max-snippet:-1","max-image-preview":"max-image-preview:large","max-video-preview":"max-video-preview:-1"},"canonical":"https:\/\/soclose.mx\/blog\/ay-goeeee\/el-gran-mito-de-la-conquista\/","og_locale":"es_MX","og_type":"article","og_title":"El gran mito de la Conquista - So Close","og_description":"Es un mito afirmar que Hern\u00e1n Cort\u00e9s conquist\u00f3 M\u00e9xico con 500 o 600 espa\u00f1oles, lo ocurrido en realidad fue una alianza.","og_url":"https:\/\/soclose.mx\/blog\/ay-goeeee\/el-gran-mito-de-la-conquista\/","og_site_name":"So Close","article_published_time":"2021-07-01T02:04:29+00:00","og_image":[{"width":1240,"height":700,"url":"https:\/\/i0.wp.com\/soclose.mx\/blog\/wp-content\/uploads\/2021\/06\/conquista.jpeg?fit=1240%2C700&ssl=1","type":"image\/jpeg"}],"author":"So Close","twitter_card":"summary_large_image","twitter_misc":{"Escrito por":"So Close","Tiempo de lectura":"2 minutos"},"schema":{"@context":"https:\/\/schema.org","@graph":[{"@type":"Article","@id":"https:\/\/soclose.mx\/blog\/ay-goeeee\/el-gran-mito-de-la-conquista\/#article","isPartOf":{"@id":"https:\/\/soclose.mx\/blog\/ay-goeeee\/el-gran-mito-de-la-conquista\/"},"author":{"name":"So Close","@id":"https:\/\/soclose.mx\/blog\/#\/schema\/person\/723eb117ab965b55c3e56b5d29751667"},"headline":"El gran mito de la Conquista","datePublished":"2021-07-01T02:04:29+00:00","mainEntityOfPage":{"@id":"https:\/\/soclose.mx\/blog\/ay-goeeee\/el-gran-mito-de-la-conquista\/"},"wordCount":256,"commentCount":0,"publisher":{"@id":"https:\/\/soclose.mx\/blog\/#organization"},"image":{"@id":"https:\/\/soclose.mx\/blog\/ay-goeeee\/el-gran-mito-de-la-conquista\/#primaryimage"},"thumbnailUrl":"https:\/\/i0.wp.com\/soclose.mx\/blog\/wp-content\/uploads\/2021\/06\/conquista.jpeg?fit=1240%2C700&ssl=1","keywords":["aztecas","conquista","hern\u00e1n cort\u00e9s","mexicas","mexico-tenochtitlan","tlaxcaltecas"],"articleSection":["\u00a1Ay goeeee!"],"inLanguage":"es","potentialAction":[{"@type":"CommentAction","name":"Comment","target":["https:\/\/soclose.mx\/blog\/ay-goeeee\/el-gran-mito-de-la-conquista\/#respond"]}]},{"@type":"WebPage","@id":"https:\/\/soclose.mx\/blog\/ay-goeeee\/el-gran-mito-de-la-conquista\/","url":"https:\/\/soclose.mx\/blog\/ay-goeeee\/el-gran-mito-de-la-conquista\/","name":"El gran mito de la Conquista - So Close","isPartOf":{"@id":"https:\/\/soclose.mx\/blog\/#website"},"primaryImageOfPage":{"@id":"https:\/\/soclose.mx\/blog\/ay-goeeee\/el-gran-mito-de-la-conquista\/#primaryimage"},"image":{"@id":"https:\/\/soclose.mx\/blog\/ay-goeeee\/el-gran-mito-de-la-conquista\/#primaryimage"},"thumbnailUrl":"https:\/\/i0.wp.com\/soclose.mx\/blog\/wp-content\/uploads\/2021\/06\/conquista.jpeg?fit=1240%2C700&ssl=1","datePublished":"2021-07-01T02:04:29+00:00","description":"Es un mito afirmar que Hern\u00e1n Cort\u00e9s conquist\u00f3 M\u00e9xico con 500 o 600 espa\u00f1oles, lo ocurrido en realidad fue una alianza.","breadcrumb":{"@id":"https:\/\/soclose.mx\/blog\/ay-goeeee\/el-gran-mito-de-la-conquista\/#breadcrumb"},"inLanguage":"es","potentialAction":[{"@type":"ReadAction","target":["https:\/\/soclose.mx\/blog\/ay-goeeee\/el-gran-mito-de-la-conquista\/"]}]},{"@type":"ImageObject","inLanguage":"es","@id":"https:\/\/soclose.mx\/blog\/ay-goeeee\/el-gran-mito-de-la-conquista\/#primaryimage","url":"https:\/\/i0.wp.com\/soclose.mx\/blog\/wp-content\/uploads\/2021\/06\/conquista.jpeg?fit=1240%2C700&ssl=1","contentUrl":"https:\/\/i0.wp.com\/soclose.mx\/blog\/wp-content\/uploads\/2021\/06\/conquista.jpeg?fit=1240%2C700&ssl=1","width":1240,"height":700},{"@type":"BreadcrumbList","@id":"https:\/\/soclose.mx\/blog\/ay-goeeee\/el-gran-mito-de-la-conquista\/#breadcrumb","itemListElement":[{"@type":"ListItem","position":1,"name":"Inicio","item":"https:\/\/soclose.mx\/blog\/"},{"@type":"ListItem","position":2,"name":"El gran mito de la Conquista"}]},{"@type":"WebSite","@id":"https:\/\/soclose.mx\/blog\/#website","url":"https:\/\/soclose.mx\/blog\/","name":"So Close","description":"Hacemos contenidos de M\u00e9xico","publisher":{"@id":"https:\/\/soclose.mx\/blog\/#organization"},"potentialAction":[{"@type":"SearchAction","target":{"@type":"EntryPoint","urlTemplate":"https:\/\/soclose.mx\/blog\/?s={search_term_string}"},"query-input":{"@type":"PropertyValueSpecification","valueRequired":true,"valueName":"search_term_string"}}],"inLanguage":"es"},{"@type":"Organization","@id":"https:\/\/soclose.mx\/blog\/#organization","name":"So Close","url":"https:\/\/soclose.mx\/blog\/","logo":{"@type":"ImageObject","inLanguage":"es","@id":"https:\/\/soclose.mx\/blog\/#\/schema\/logo\/image\/","url":"https:\/\/i0.wp.com\/soclose.mx\/blog\/wp-content\/uploads\/2020\/12\/LOGO_SOCLOSE_COLOR-e1608310133507.png?fit=2858%2C1264&ssl=1","contentUrl":"https:\/\/i0.wp.com\/soclose.mx\/blog\/wp-content\/uploads\/2020\/12\/LOGO_SOCLOSE_COLOR-e1608310133507.png?fit=2858%2C1264&ssl=1","width":2858,"height":1264,"caption":"So Close"},"image":{"@id":"https:\/\/soclose.mx\/blog\/#\/schema\/logo\/image\/"}},{"@type":"Person","@id":"https:\/\/soclose.mx\/blog\/#\/schema\/person\/723eb117ab965b55c3e56b5d29751667","name":"So Close","image":{"@type":"ImageObject","inLanguage":"es","@id":"https:\/\/soclose.mx\/blog\/#\/schema\/person\/image\/","url":"https:\/\/secure.gravatar.com\/avatar\/5a1d1d694eaf6d2c28f450f0984cbb34821b92dc49c1d088c0250fbc6a48efec?s=96&d=mm&r=g","contentUrl":"https:\/\/secure.gravatar.com\/avatar\/5a1d1d694eaf6d2c28f450f0984cbb34821b92dc49c1d088c0250fbc6a48efec?s=96&d=mm&r=g","caption":"So Close"},"sameAs":["http:\/\/www.soclose.mx","https:\/\/www.youtube.com\/@soclosemx"],"url":"https:\/\/soclose.mx\/blog\/author\/admin\/"}]}},"jetpack_featured_media_url":"https:\/\/i0.wp.com\/soclose.mx\/blog\/wp-content\/uploads\/2021\/06\/conquista.jpeg?fit=1240%2C700&ssl=1","jetpack-related-posts":[{"id":6347,"url":"https:\/\/soclose.mx\/blog\/ay-goeeee\/las-claves-que-llevaron-a-hernan-cortes-a-vivir-la-noche-triste\/","url_meta":{"origin":6363,"position":0},"title":"Las claves que llevaron a Hern\u00e1n Cort\u00e9s a vivir La Noche Triste","author":"So Close","date":"30 junio, 2021","format":false,"excerpt":"De acuerdo con historiadores, el 30 de junio de 1520, Hern\u00e1n Cort\u00e9s sufri\u00f3 una gran derrota frente a los Mexicas, \u00bfpero c\u00f3mo fue que un ej\u00e9rcito tan poderoso que ven\u00eda a conquistar pudo ser vencido por ind\u00edgenas? Aqu\u00ed te dejamos algunas claves y acontecimientos que sucedieron previo al 30 de\u2026","rel":"","context":"En &quot;\u00a1Ay goeeee!&quot;","block_context":{"text":"\u00a1Ay goeeee!","link":"https:\/\/soclose.mx\/blog\/category\/ay-goeeee\/"},"img":{"alt_text":"","src":"https:\/\/i0.wp.com\/soclose.mx\/blog\/wp-content\/uploads\/2021\/06\/noche-triste.jpeg?fit=1200%2C677&ssl=1&resize=350%2C200","width":350,"height":200,"srcset":"https:\/\/i0.wp.com\/soclose.mx\/blog\/wp-content\/uploads\/2021\/06\/noche-triste.jpeg?fit=1200%2C677&ssl=1&resize=350%2C200 1x, https:\/\/i0.wp.com\/soclose.mx\/blog\/wp-content\/uploads\/2021\/06\/noche-triste.jpeg?fit=1200%2C677&ssl=1&resize=525%2C300 1.5x, https:\/\/i0.wp.com\/soclose.mx\/blog\/wp-content\/uploads\/2021\/06\/noche-triste.jpeg?fit=1200%2C677&ssl=1&resize=700%2C400 2x, https:\/\/i0.wp.com\/soclose.mx\/blog\/wp-content\/uploads\/2021\/06\/noche-triste.jpeg?fit=1200%2C677&ssl=1&resize=1050%2C600 3x"},"classes":[]},{"id":6221,"url":"https:\/\/soclose.mx\/blog\/ay-goeeee\/la-malinche-ignorada-por-cortes-y-venerada-por-otros-mitos-y-realidades-de-dona-marina\/","url_meta":{"origin":6363,"position":1},"title":"La Malinche, ignorada por Cort\u00e9s y venerada por otros | mitos y realidades de Do\u00f1a Marina","author":"So Close","date":"15 junio, 2021","format":false,"excerpt":"Ignorada por Hern\u00e1n Cort\u00e9s en sus \"Cartas de relaci\u00f3n\", relativamente reivindicada por Bernal D\u00edaz del Castillo, elevada a venerable madre por los cronistas mestizos y abstra\u00edda por la intelectualidad de los siglos XIX y XX como la contradicci\u00f3n del ser mexicano es como expertos describen a uno de los personajes\u2026","rel":"","context":"En &quot;\u00a1Ay goeeee!&quot;","block_context":{"text":"\u00a1Ay goeeee!","link":"https:\/\/soclose.mx\/blog\/category\/ay-goeeee\/"},"img":{"alt_text":"","src":"https:\/\/i0.wp.com\/soclose.mx\/blog\/wp-content\/uploads\/2021\/06\/pintura-la-malinche-hernan-cortes.jpeg?fit=1200%2C677&ssl=1&resize=350%2C200","width":350,"height":200,"srcset":"https:\/\/i0.wp.com\/soclose.mx\/blog\/wp-content\/uploads\/2021\/06\/pintura-la-malinche-hernan-cortes.jpeg?fit=1200%2C677&ssl=1&resize=350%2C200 1x, https:\/\/i0.wp.com\/soclose.mx\/blog\/wp-content\/uploads\/2021\/06\/pintura-la-malinche-hernan-cortes.jpeg?fit=1200%2C677&ssl=1&resize=525%2C300 1.5x, https:\/\/i0.wp.com\/soclose.mx\/blog\/wp-content\/uploads\/2021\/06\/pintura-la-malinche-hernan-cortes.jpeg?fit=1200%2C677&ssl=1&resize=700%2C400 2x, https:\/\/i0.wp.com\/soclose.mx\/blog\/wp-content\/uploads\/2021\/06\/pintura-la-malinche-hernan-cortes.jpeg?fit=1200%2C677&ssl=1&resize=1050%2C600 3x"},"classes":[]},{"id":6710,"url":"https:\/\/soclose.mx\/blog\/news-feed\/datos-que-debes-saber-sobre-la-serie-de-tv-la-grandeza-de-mexico\/","url_meta":{"origin":6363,"position":2},"title":"Datos que debes saber sobre la serie de TV: La Grandeza de M\u00e9xico","author":"So Close","date":"29 julio, 2021","format":false,"excerpt":"En el marco de las conmemoraciones de 2021, \u201cA\u00f1o de la Grandeza y la Independencia de M\u00e9xico\u201d, el Sistema P\u00fablico de Radiodifusi\u00f3n del Estado Mexicano (SPR), en colaboraci\u00f3n con la Secretar\u00eda de Cultura federal, a trav\u00e9s del Instituto Nacional de Antropolog\u00eda e Historia (INAH), presentaron la serie documental de televisi\u00f3n\u2026","rel":"","context":"En &quot;News feed&quot;","block_context":{"text":"News feed","link":"https:\/\/soclose.mx\/blog\/category\/news-feed\/"},"img":{"alt_text":"","src":"https:\/\/i0.wp.com\/soclose.mx\/blog\/wp-content\/uploads\/2021\/07\/tenochtitlan-en3d.jpeg?fit=1200%2C677&ssl=1&resize=350%2C200","width":350,"height":200,"srcset":"https:\/\/i0.wp.com\/soclose.mx\/blog\/wp-content\/uploads\/2021\/07\/tenochtitlan-en3d.jpeg?fit=1200%2C677&ssl=1&resize=350%2C200 1x, https:\/\/i0.wp.com\/soclose.mx\/blog\/wp-content\/uploads\/2021\/07\/tenochtitlan-en3d.jpeg?fit=1200%2C677&ssl=1&resize=525%2C300 1.5x, https:\/\/i0.wp.com\/soclose.mx\/blog\/wp-content\/uploads\/2021\/07\/tenochtitlan-en3d.jpeg?fit=1200%2C677&ssl=1&resize=700%2C400 2x, https:\/\/i0.wp.com\/soclose.mx\/blog\/wp-content\/uploads\/2021\/07\/tenochtitlan-en3d.jpeg?fit=1200%2C677&ssl=1&resize=1050%2C600 3x"},"classes":[]},{"id":6861,"url":"https:\/\/soclose.mx\/blog\/ay-goeeee\/peliculas-que-nos-han-acercado-al-mexico-prehispanico\/","url_meta":{"origin":6363,"position":3},"title":"Pel\u00edculas que nos han acercado al M\u00e9xico Prehisp\u00e1nico","author":"Miguel Angel Romero","date":"17 agosto, 2021","format":false,"excerpt":"Para Jos\u00e9 Luis Ortega Torres, docente de la Filmoteca de la UNAM, el cine mexicano se ha acercado poco al M\u00e9xico Prehisp\u00e1nico y a lo sucedido durante la llegada de los espa\u00f1oles porque \u201choy el mexicano contempor\u00e1neo ve los hechos como leyenda y no como historia\u201d. Es un reto abordar\u2026","rel":"","context":"En &quot;\u00a1Ay goeeee!&quot;","block_context":{"text":"\u00a1Ay goeeee!","link":"https:\/\/soclose.mx\/blog\/category\/ay-goeeee\/"},"img":{"alt_text":"","src":"https:\/\/i0.wp.com\/soclose.mx\/blog\/wp-content\/uploads\/2021\/08\/Principal-So-Close-blog-3.jpg?fit=1200%2C677&ssl=1&resize=350%2C200","width":350,"height":200,"srcset":"https:\/\/i0.wp.com\/soclose.mx\/blog\/wp-content\/uploads\/2021\/08\/Principal-So-Close-blog-3.jpg?fit=1200%2C677&ssl=1&resize=350%2C200 1x, https:\/\/i0.wp.com\/soclose.mx\/blog\/wp-content\/uploads\/2021\/08\/Principal-So-Close-blog-3.jpg?fit=1200%2C677&ssl=1&resize=525%2C300 1.5x, https:\/\/i0.wp.com\/soclose.mx\/blog\/wp-content\/uploads\/2021\/08\/Principal-So-Close-blog-3.jpg?fit=1200%2C677&ssl=1&resize=700%2C400 2x, https:\/\/i0.wp.com\/soclose.mx\/blog\/wp-content\/uploads\/2021\/08\/Principal-So-Close-blog-3.jpg?fit=1200%2C677&ssl=1&resize=1050%2C600 3x"},"classes":[]},{"id":5861,"url":"https:\/\/soclose.mx\/blog\/lugares\/5-mitos-sobre-la-fundacion-de-tenochtitlan\/","url_meta":{"origin":6363,"position":4},"title":"5 mitos sobre la fundaci\u00f3n de Tenochtitlan","author":"So Close","date":"16 marzo, 2021","format":false,"excerpt":"El arque\u00f3logo Eduardo Matos Moctezuma, uno de los arque\u00f3logos m\u00e1s importantes de M\u00e9xico, en su curso virtual sobre el surgimiento, la ca\u00edda y recuperaci\u00f3n de las ciudades mexicas: Tlatelolco y Tenochtitlan aclara: La fundaci\u00f3n de Tenochtitlan no fue por el avistamiento de un \u00e1guila sobre un nopal devorando una serpiente.\u2026","rel":"","context":"En &quot;Lugares&quot;","block_context":{"text":"Lugares","link":"https:\/\/soclose.mx\/blog\/category\/lugares\/"},"img":{"alt_text":"","src":"https:\/\/i0.wp.com\/soclose.mx\/blog\/wp-content\/uploads\/2021\/03\/Principal-So-Close-blog.jpeg?fit=1200%2C677&ssl=1&resize=350%2C200","width":350,"height":200,"srcset":"https:\/\/i0.wp.com\/soclose.mx\/blog\/wp-content\/uploads\/2021\/03\/Principal-So-Close-blog.jpeg?fit=1200%2C677&ssl=1&resize=350%2C200 1x, https:\/\/i0.wp.com\/soclose.mx\/blog\/wp-content\/uploads\/2021\/03\/Principal-So-Close-blog.jpeg?fit=1200%2C677&ssl=1&resize=525%2C300 1.5x, https:\/\/i0.wp.com\/soclose.mx\/blog\/wp-content\/uploads\/2021\/03\/Principal-So-Close-blog.jpeg?fit=1200%2C677&ssl=1&resize=700%2C400 2x, https:\/\/i0.wp.com\/soclose.mx\/blog\/wp-content\/uploads\/2021\/03\/Principal-So-Close-blog.jpeg?fit=1200%2C677&ssl=1&resize=1050%2C600 3x"},"classes":[]},{"id":10316,"url":"https:\/\/soclose.mx\/blog\/a-la-mexicana\/mexico-a-traves-de-los-videojuegos-asi-es-aztech-forgotten-gods\/","url_meta":{"origin":6363,"position":5},"title":"M\u00e9xico a trav\u00e9s de los videojuegos: as\u00ed es Aztech Forgotten Gods","author":"Daniel Ram\u00edrez","date":"22 junio, 2022","format":false,"excerpt":"\"(...) quisimos continuar con esta inercia queriendo poner la cultura mexicana en el medio de los videojuegos\u201d, explic\u00f3 Alan M\u00e1rquez, socio de Lienzo, estudio mexicano de videojuegos. Estas palabras son en referencia al videojuego Aztech Forgotten Gods, las reciente creaci\u00f3n de la compa\u00f1\u00eda con sede en el estado de Chihuahua.\u2026","rel":"","context":"En &quot;A la mexicana&quot;","block_context":{"text":"A la mexicana","link":"https:\/\/soclose.mx\/blog\/category\/a-la-mexicana\/"},"img":{"alt_text":"","src":"https:\/\/i0.wp.com\/soclose.mx\/blog\/wp-content\/uploads\/2022\/06\/azte.jpg?fit=1003%2C561&ssl=1&resize=350%2C200","width":350,"height":200,"srcset":"https:\/\/i0.wp.com\/soclose.mx\/blog\/wp-content\/uploads\/2022\/06\/azte.jpg?fit=1003%2C561&ssl=1&resize=350%2C200 1x, https:\/\/i0.wp.com\/soclose.mx\/blog\/wp-content\/uploads\/2022\/06\/azte.jpg?fit=1003%2C561&ssl=1&resize=525%2C300 1.5x, https:\/\/i0.wp.com\/soclose.mx\/blog\/wp-content\/uploads\/2022\/06\/azte.jpg?fit=1003%2C561&ssl=1&resize=700%2C400 2x"},"classes":[]}],"jetpack_sharing_enabled":true,"_links":{"self":[{"href":"https:\/\/soclose.mx\/blog\/wp-json\/wp\/v2\/posts\/6363","targetHints":{"allow":["GET"]}}],"collection":[{"href":"https:\/\/soclose.mx\/blog\/wp-json\/wp\/v2\/posts"}],"about":[{"href":"https:\/\/soclose.mx\/blog\/wp-json\/wp\/v2\/types\/post"}],"author":[{"embeddable":true,"href":"https:\/\/soclose.mx\/blog\/wp-json\/wp\/v2\/users\/1"}],"replies":[{"embeddable":true,"href":"https:\/\/soclose.mx\/blog\/wp-json\/wp\/v2\/comments?post=6363"}],"version-history":[{"count":0,"href":"https:\/\/soclose.mx\/blog\/wp-json\/wp\/v2\/posts\/6363\/revisions"}],"wp:featuredmedia":[{"embeddable":true,"href":"https:\/\/soclose.mx\/blog\/wp-json\/wp\/v2\/media\/6364"}],"wp:attachment":[{"href":"https:\/\/soclose.mx\/blog\/wp-json\/wp\/v2\/media?parent=6363"}],"wp:term":[{"taxonomy":"category","embeddable":true,"href":"https:\/\/soclose.mx\/blog\/wp-json\/wp\/v2\/categories?post=6363"},{"taxonomy":"post_tag","embeddable":true,"href":"https:\/\/soclose.mx\/blog\/wp-json\/wp\/v2\/tags?post=6363"}],"curies":[{"name":"wp","href":"https:\/\/api.w.org\/{rel}","templated":true}]}}