{"id":6429,"date":"2021-07-06T16:12:31","date_gmt":"2021-07-06T21:12:31","guid":{"rendered":"https:\/\/soclose.mx\/blog\/?p=6429"},"modified":"2021-07-06T19:44:49","modified_gmt":"2021-07-07T00:44:49","slug":"10-datos-de-frida-kahlo-antes-de-ser-artista","status":"publish","type":"post","link":"https:\/\/soclose.mx\/blog\/ay-goeeee\/10-datos-de-frida-kahlo-antes-de-ser-artista\/","title":{"rendered":"10 datos de Frida Kahlo antes de ser artista"},"content":{"rendered":"<p>Magdalena Carmen <strong>Frida Kahlo<\/strong> Calder\u00f3n, nombre completo de la artista mexicana <strong>Frida Kahlo<\/strong>, naci\u00f3 el 6 de julio de 1907 en la Ciudad de M\u00e9xico y como todos sabemos, se cas\u00f3 con <strong>Diego Rivera<\/strong>, pero antes de eso y antes de conocer todo su arte, \u00bfqu\u00e9 vivi\u00f3 la peque\u00f1a &#8220;Friducha&#8221;? Aqu\u00ed te dejamos 10 datos que te dar\u00e1n una idea de lo que form\u00f3 a la pintora.<\/p>\n<blockquote>\n<ol>\n<li>Su padre era <strong>Guillermo Kahlo<\/strong>, era un inmigrante de origen alem\u00e1n nacido en 1872, y lleg\u00f3 a M\u00e9xico en 1890, a los 19 a\u00f1os de edad.<\/li>\n<li>Trabaj\u00f3 en la joyer\u00eda La Perla, ubicada en la actualidad en la calle de Madero y ah\u00ed conoci\u00f3 a gente de la alta sociedad del <strong>porfiriato. <\/strong>Ah\u00ed conoci\u00f3 a Matilde Calder\u00f3n, con quien se cas\u00f3.<\/li>\n<li>Tuvieron cuatro hijas: Matilde, Adriana, <strong>Frida<\/strong> y Cristina, adem\u00e1s un var\u00f3n, Guillermo, quien falleci\u00f3 a los pocos d\u00edas de nacido.<\/li>\n<li>Luego de ser invitado por Jos\u00e9 Ives Limantour, ministro de Hacienda del presidente <strong>Porfirio D\u00edaz,<\/strong> entre 1904 y 1908 <strong>Guillermo Kahlo<\/strong> se ocup\u00f3 del registro fotogr\u00e1fico de los inmuebles y monumentos hist\u00f3ricos relevantes para la <a href=\"https:\/\/soclose.mx\/blog\/?s=historia+de+M%C3%A9xico\" target=\"_blank\" rel=\"noopener\"><strong>historia de M\u00e9xico.<\/strong><\/a><\/li>\n<li>Con lo que gan\u00f3 durante el gobierno de D\u00edaz, m\u00e1s la herencia que le dej\u00f3 su padre en Alemania, permitieron a Guillermo la construcci\u00f3n de la <strong>casa azul<\/strong> de <strong>Coyoac\u00e1n.<\/strong><\/li>\n<li>Con el fin del <strong>Porfiriato <\/strong>y la llegada de\u00a0la <strong>Revoluci\u00f3n Mexicana, <\/strong>la familia vivi\u00f3 carencias y Guillermo tuvo que hipotecar la <strong>Casa Azul<\/strong> y rematar, en un lote, el mobiliario de la sala.<\/li>\n<li><strong>Frida<\/strong> ayudaba a su padre en el <strong>laboratorio fotogr\u00e1fico<\/strong> para el retoque de las im\u00e1genes que pintaban a color.<\/li>\n<li>Principalmente lo hac\u00eda porque su padre padec\u00eda epilepsia.<\/li>\n<li>Igual que su padre, <strong>Frida<\/strong> recibi\u00f3 las atenciones de los m\u00e9dicos de su padre porque en 1913, a los seis a\u00f1os de edad, se enferm\u00f3 de poliomielitis.<\/li>\n<li>Guillermo la animaba para que ejercitase con el uso de la bicicleta y con la pr\u00e1ctica de la nataci\u00f3n.<\/li>\n<\/ol>\n<\/blockquote>\n<p>Fuente: <a href=\"https:\/\/www.museofridakahlo.org.mx\/es\/\" target=\"_blank\" rel=\"noopener\">museofridakahlo.org.mx<\/a><\/p>\n","protected":false},"excerpt":{"rendered":"<p>Magdalena Carmen Frida Kahlo Calder\u00f3n, nombre completo de la artista mexicana Frida Kahlo, naci\u00f3 el 6 de julio de 1907 en la Ciudad de M\u00e9xico y como todos sabemos, se cas\u00f3 con Diego Rivera, pero antes de eso y antes de conocer todo su arte, \u00bfqu\u00e9 vivi\u00f3 la peque\u00f1a &#8220;Friducha&#8221;? Aqu\u00ed te dejamos 10 datos que te dar\u00e1n una idea de lo que form\u00f3 a la pintora. Su padre era Guillermo Kahlo, era un inmigrante de origen alem\u00e1n nacido en 1872, y lleg\u00f3 a M\u00e9xico en 1890, a los 19 a\u00f1os de edad. Trabaj\u00f3 en la joyer\u00eda La Perla, ubicada<\/p>\n","protected":false},"author":1,"featured_media":6456,"comment_status":"open","ping_status":"open","sticky":false,"template":"","format":"standard","meta":{"_jetpack_memberships_contains_paid_content":false,"footnotes":""},"categories":[1],"tags":[1053,443,126,127,1052],"class_list":["post-6429","post","type-post","status-publish","format-standard","has-post-thumbnail","hentry","category-ay-goeeee","tag-casa-azul","tag-coyoacan","tag-diego-rivera","tag-frida-kahlo","tag-porfirio-diaz"],"yoast_head":"<!-- This site is optimized with the Yoast SEO plugin v26.7 - https:\/\/yoast.com\/wordpress\/plugins\/seo\/ -->\n<title>10 datos de Frida Kahlo antes de ser artista - So Close<\/title>\n<meta name=\"description\" content=\"Su padre era Guillermo Kahlo, era un inmigrante de origen alem\u00e1n nacido en 1872, y lleg\u00f3 a M\u00e9xico en 1890, a los 19 a\u00f1os de edad.\" \/>\n<meta name=\"robots\" content=\"index, follow, max-snippet:-1, max-image-preview:large, max-video-preview:-1\" \/>\n<link rel=\"canonical\" href=\"https:\/\/soclose.mx\/blog\/ay-goeeee\/10-datos-de-frida-kahlo-antes-de-ser-artista\/\" \/>\n<meta property=\"og:locale\" content=\"es_MX\" \/>\n<meta property=\"og:type\" content=\"article\" \/>\n<meta property=\"og:title\" content=\"10 datos de Frida Kahlo antes de ser artista - So Close\" \/>\n<meta property=\"og:description\" content=\"Su padre era Guillermo Kahlo, era un inmigrante de origen alem\u00e1n nacido en 1872, y lleg\u00f3 a M\u00e9xico en 1890, a los 19 a\u00f1os de edad.\" \/>\n<meta property=\"og:url\" content=\"https:\/\/soclose.mx\/blog\/ay-goeeee\/10-datos-de-frida-kahlo-antes-de-ser-artista\/\" \/>\n<meta property=\"og:site_name\" content=\"So Close\" \/>\n<meta property=\"article:published_time\" content=\"2021-07-06T21:12:31+00:00\" \/>\n<meta property=\"article:modified_time\" content=\"2021-07-07T00:44:49+00:00\" \/>\n<meta property=\"og:image\" content=\"https:\/\/i0.wp.com\/soclose.mx\/blog\/wp-content\/uploads\/2021\/07\/frida-kahlo.jpeg?fit=1240%2C700&ssl=1\" \/>\n\t<meta property=\"og:image:width\" content=\"1240\" \/>\n\t<meta property=\"og:image:height\" content=\"700\" \/>\n\t<meta property=\"og:image:type\" content=\"image\/jpeg\" \/>\n<meta name=\"author\" content=\"So Close\" \/>\n<meta name=\"twitter:card\" content=\"summary_large_image\" \/>\n<meta name=\"twitter:label1\" content=\"Escrito por\" \/>\n\t<meta name=\"twitter:data1\" content=\"So Close\" \/>\n\t<meta name=\"twitter:label2\" content=\"Tiempo de lectura\" \/>\n\t<meta name=\"twitter:data2\" content=\"2 minutos\" \/>\n<script type=\"application\/ld+json\" class=\"yoast-schema-graph\">{\"@context\":\"https:\/\/schema.org\",\"@graph\":[{\"@type\":\"Article\",\"@id\":\"https:\/\/soclose.mx\/blog\/ay-goeeee\/10-datos-de-frida-kahlo-antes-de-ser-artista\/#article\",\"isPartOf\":{\"@id\":\"https:\/\/soclose.mx\/blog\/ay-goeeee\/10-datos-de-frida-kahlo-antes-de-ser-artista\/\"},\"author\":{\"name\":\"So Close\",\"@id\":\"https:\/\/soclose.mx\/blog\/#\/schema\/person\/723eb117ab965b55c3e56b5d29751667\"},\"headline\":\"10 datos de Frida Kahlo antes de ser artista\",\"datePublished\":\"2021-07-06T21:12:31+00:00\",\"dateModified\":\"2021-07-07T00:44:49+00:00\",\"mainEntityOfPage\":{\"@id\":\"https:\/\/soclose.mx\/blog\/ay-goeeee\/10-datos-de-frida-kahlo-antes-de-ser-artista\/\"},\"wordCount\":355,\"commentCount\":0,\"publisher\":{\"@id\":\"https:\/\/soclose.mx\/blog\/#organization\"},\"image\":{\"@id\":\"https:\/\/soclose.mx\/blog\/ay-goeeee\/10-datos-de-frida-kahlo-antes-de-ser-artista\/#primaryimage\"},\"thumbnailUrl\":\"https:\/\/i0.wp.com\/soclose.mx\/blog\/wp-content\/uploads\/2021\/07\/frida-kahlo.jpeg?fit=1240%2C700&ssl=1\",\"keywords\":[\"casa azul\",\"coyoacan\",\"diego rivera\",\"frida kahlo\",\"porfirio d\u00edaz\"],\"articleSection\":[\"\u00a1Ay goeeee!\"],\"inLanguage\":\"es\",\"potentialAction\":[{\"@type\":\"CommentAction\",\"name\":\"Comment\",\"target\":[\"https:\/\/soclose.mx\/blog\/ay-goeeee\/10-datos-de-frida-kahlo-antes-de-ser-artista\/#respond\"]}]},{\"@type\":\"WebPage\",\"@id\":\"https:\/\/soclose.mx\/blog\/ay-goeeee\/10-datos-de-frida-kahlo-antes-de-ser-artista\/\",\"url\":\"https:\/\/soclose.mx\/blog\/ay-goeeee\/10-datos-de-frida-kahlo-antes-de-ser-artista\/\",\"name\":\"10 datos de Frida Kahlo antes de ser artista - So Close\",\"isPartOf\":{\"@id\":\"https:\/\/soclose.mx\/blog\/#website\"},\"primaryImageOfPage\":{\"@id\":\"https:\/\/soclose.mx\/blog\/ay-goeeee\/10-datos-de-frida-kahlo-antes-de-ser-artista\/#primaryimage\"},\"image\":{\"@id\":\"https:\/\/soclose.mx\/blog\/ay-goeeee\/10-datos-de-frida-kahlo-antes-de-ser-artista\/#primaryimage\"},\"thumbnailUrl\":\"https:\/\/i0.wp.com\/soclose.mx\/blog\/wp-content\/uploads\/2021\/07\/frida-kahlo.jpeg?fit=1240%2C700&ssl=1\",\"datePublished\":\"2021-07-06T21:12:31+00:00\",\"dateModified\":\"2021-07-07T00:44:49+00:00\",\"description\":\"Su padre era Guillermo Kahlo, era un inmigrante de origen alem\u00e1n nacido en 1872, y lleg\u00f3 a M\u00e9xico en 1890, a los 19 a\u00f1os de edad.\",\"breadcrumb\":{\"@id\":\"https:\/\/soclose.mx\/blog\/ay-goeeee\/10-datos-de-frida-kahlo-antes-de-ser-artista\/#breadcrumb\"},\"inLanguage\":\"es\",\"potentialAction\":[{\"@type\":\"ReadAction\",\"target\":[\"https:\/\/soclose.mx\/blog\/ay-goeeee\/10-datos-de-frida-kahlo-antes-de-ser-artista\/\"]}]},{\"@type\":\"ImageObject\",\"inLanguage\":\"es\",\"@id\":\"https:\/\/soclose.mx\/blog\/ay-goeeee\/10-datos-de-frida-kahlo-antes-de-ser-artista\/#primaryimage\",\"url\":\"https:\/\/i0.wp.com\/soclose.mx\/blog\/wp-content\/uploads\/2021\/07\/frida-kahlo.jpeg?fit=1240%2C700&ssl=1\",\"contentUrl\":\"https:\/\/i0.wp.com\/soclose.mx\/blog\/wp-content\/uploads\/2021\/07\/frida-kahlo.jpeg?fit=1240%2C700&ssl=1\",\"width\":1240,\"height\":700},{\"@type\":\"BreadcrumbList\",\"@id\":\"https:\/\/soclose.mx\/blog\/ay-goeeee\/10-datos-de-frida-kahlo-antes-de-ser-artista\/#breadcrumb\",\"itemListElement\":[{\"@type\":\"ListItem\",\"position\":1,\"name\":\"Inicio\",\"item\":\"https:\/\/soclose.mx\/blog\/\"},{\"@type\":\"ListItem\",\"position\":2,\"name\":\"10 datos de Frida Kahlo antes de ser artista\"}]},{\"@type\":\"WebSite\",\"@id\":\"https:\/\/soclose.mx\/blog\/#website\",\"url\":\"https:\/\/soclose.mx\/blog\/\",\"name\":\"So Close\",\"description\":\"Hacemos contenidos de M\u00e9xico\",\"publisher\":{\"@id\":\"https:\/\/soclose.mx\/blog\/#organization\"},\"potentialAction\":[{\"@type\":\"SearchAction\",\"target\":{\"@type\":\"EntryPoint\",\"urlTemplate\":\"https:\/\/soclose.mx\/blog\/?s={search_term_string}\"},\"query-input\":{\"@type\":\"PropertyValueSpecification\",\"valueRequired\":true,\"valueName\":\"search_term_string\"}}],\"inLanguage\":\"es\"},{\"@type\":\"Organization\",\"@id\":\"https:\/\/soclose.mx\/blog\/#organization\",\"name\":\"So Close\",\"url\":\"https:\/\/soclose.mx\/blog\/\",\"logo\":{\"@type\":\"ImageObject\",\"inLanguage\":\"es\",\"@id\":\"https:\/\/soclose.mx\/blog\/#\/schema\/logo\/image\/\",\"url\":\"https:\/\/i0.wp.com\/soclose.mx\/blog\/wp-content\/uploads\/2020\/12\/LOGO_SOCLOSE_COLOR-e1608310133507.png?fit=2858%2C1264&ssl=1\",\"contentUrl\":\"https:\/\/i0.wp.com\/soclose.mx\/blog\/wp-content\/uploads\/2020\/12\/LOGO_SOCLOSE_COLOR-e1608310133507.png?fit=2858%2C1264&ssl=1\",\"width\":2858,\"height\":1264,\"caption\":\"So Close\"},\"image\":{\"@id\":\"https:\/\/soclose.mx\/blog\/#\/schema\/logo\/image\/\"}},{\"@type\":\"Person\",\"@id\":\"https:\/\/soclose.mx\/blog\/#\/schema\/person\/723eb117ab965b55c3e56b5d29751667\",\"name\":\"So Close\",\"image\":{\"@type\":\"ImageObject\",\"inLanguage\":\"es\",\"@id\":\"https:\/\/soclose.mx\/blog\/#\/schema\/person\/image\/\",\"url\":\"https:\/\/secure.gravatar.com\/avatar\/5a1d1d694eaf6d2c28f450f0984cbb34821b92dc49c1d088c0250fbc6a48efec?s=96&d=mm&r=g\",\"contentUrl\":\"https:\/\/secure.gravatar.com\/avatar\/5a1d1d694eaf6d2c28f450f0984cbb34821b92dc49c1d088c0250fbc6a48efec?s=96&d=mm&r=g\",\"caption\":\"So Close\"},\"sameAs\":[\"http:\/\/www.soclose.mx\",\"https:\/\/www.youtube.com\/@soclosemx\"],\"url\":\"https:\/\/soclose.mx\/blog\/author\/admin\/\"}]}<\/script>\n<!-- \/ Yoast SEO plugin. -->","yoast_head_json":{"title":"10 datos de Frida Kahlo antes de ser artista - So Close","description":"Su padre era Guillermo Kahlo, era un inmigrante de origen alem\u00e1n nacido en 1872, y lleg\u00f3 a M\u00e9xico en 1890, a los 19 a\u00f1os de edad.","robots":{"index":"index","follow":"follow","max-snippet":"max-snippet:-1","max-image-preview":"max-image-preview:large","max-video-preview":"max-video-preview:-1"},"canonical":"https:\/\/soclose.mx\/blog\/ay-goeeee\/10-datos-de-frida-kahlo-antes-de-ser-artista\/","og_locale":"es_MX","og_type":"article","og_title":"10 datos de Frida Kahlo antes de ser artista - So Close","og_description":"Su padre era Guillermo Kahlo, era un inmigrante de origen alem\u00e1n nacido en 1872, y lleg\u00f3 a M\u00e9xico en 1890, a los 19 a\u00f1os de edad.","og_url":"https:\/\/soclose.mx\/blog\/ay-goeeee\/10-datos-de-frida-kahlo-antes-de-ser-artista\/","og_site_name":"So Close","article_published_time":"2021-07-06T21:12:31+00:00","article_modified_time":"2021-07-07T00:44:49+00:00","og_image":[{"width":1240,"height":700,"url":"https:\/\/i0.wp.com\/soclose.mx\/blog\/wp-content\/uploads\/2021\/07\/frida-kahlo.jpeg?fit=1240%2C700&ssl=1","type":"image\/jpeg"}],"author":"So Close","twitter_card":"summary_large_image","twitter_misc":{"Escrito por":"So Close","Tiempo de lectura":"2 minutos"},"schema":{"@context":"https:\/\/schema.org","@graph":[{"@type":"Article","@id":"https:\/\/soclose.mx\/blog\/ay-goeeee\/10-datos-de-frida-kahlo-antes-de-ser-artista\/#article","isPartOf":{"@id":"https:\/\/soclose.mx\/blog\/ay-goeeee\/10-datos-de-frida-kahlo-antes-de-ser-artista\/"},"author":{"name":"So Close","@id":"https:\/\/soclose.mx\/blog\/#\/schema\/person\/723eb117ab965b55c3e56b5d29751667"},"headline":"10 datos de Frida Kahlo antes de ser artista","datePublished":"2021-07-06T21:12:31+00:00","dateModified":"2021-07-07T00:44:49+00:00","mainEntityOfPage":{"@id":"https:\/\/soclose.mx\/blog\/ay-goeeee\/10-datos-de-frida-kahlo-antes-de-ser-artista\/"},"wordCount":355,"commentCount":0,"publisher":{"@id":"https:\/\/soclose.mx\/blog\/#organization"},"image":{"@id":"https:\/\/soclose.mx\/blog\/ay-goeeee\/10-datos-de-frida-kahlo-antes-de-ser-artista\/#primaryimage"},"thumbnailUrl":"https:\/\/i0.wp.com\/soclose.mx\/blog\/wp-content\/uploads\/2021\/07\/frida-kahlo.jpeg?fit=1240%2C700&ssl=1","keywords":["casa azul","coyoacan","diego rivera","frida kahlo","porfirio d\u00edaz"],"articleSection":["\u00a1Ay goeeee!"],"inLanguage":"es","potentialAction":[{"@type":"CommentAction","name":"Comment","target":["https:\/\/soclose.mx\/blog\/ay-goeeee\/10-datos-de-frida-kahlo-antes-de-ser-artista\/#respond"]}]},{"@type":"WebPage","@id":"https:\/\/soclose.mx\/blog\/ay-goeeee\/10-datos-de-frida-kahlo-antes-de-ser-artista\/","url":"https:\/\/soclose.mx\/blog\/ay-goeeee\/10-datos-de-frida-kahlo-antes-de-ser-artista\/","name":"10 datos de Frida Kahlo antes de ser artista - So Close","isPartOf":{"@id":"https:\/\/soclose.mx\/blog\/#website"},"primaryImageOfPage":{"@id":"https:\/\/soclose.mx\/blog\/ay-goeeee\/10-datos-de-frida-kahlo-antes-de-ser-artista\/#primaryimage"},"image":{"@id":"https:\/\/soclose.mx\/blog\/ay-goeeee\/10-datos-de-frida-kahlo-antes-de-ser-artista\/#primaryimage"},"thumbnailUrl":"https:\/\/i0.wp.com\/soclose.mx\/blog\/wp-content\/uploads\/2021\/07\/frida-kahlo.jpeg?fit=1240%2C700&ssl=1","datePublished":"2021-07-06T21:12:31+00:00","dateModified":"2021-07-07T00:44:49+00:00","description":"Su padre era Guillermo Kahlo, era un inmigrante de origen alem\u00e1n nacido en 1872, y lleg\u00f3 a M\u00e9xico en 1890, a los 19 a\u00f1os de edad.","breadcrumb":{"@id":"https:\/\/soclose.mx\/blog\/ay-goeeee\/10-datos-de-frida-kahlo-antes-de-ser-artista\/#breadcrumb"},"inLanguage":"es","potentialAction":[{"@type":"ReadAction","target":["https:\/\/soclose.mx\/blog\/ay-goeeee\/10-datos-de-frida-kahlo-antes-de-ser-artista\/"]}]},{"@type":"ImageObject","inLanguage":"es","@id":"https:\/\/soclose.mx\/blog\/ay-goeeee\/10-datos-de-frida-kahlo-antes-de-ser-artista\/#primaryimage","url":"https:\/\/i0.wp.com\/soclose.mx\/blog\/wp-content\/uploads\/2021\/07\/frida-kahlo.jpeg?fit=1240%2C700&ssl=1","contentUrl":"https:\/\/i0.wp.com\/soclose.mx\/blog\/wp-content\/uploads\/2021\/07\/frida-kahlo.jpeg?fit=1240%2C700&ssl=1","width":1240,"height":700},{"@type":"BreadcrumbList","@id":"https:\/\/soclose.mx\/blog\/ay-goeeee\/10-datos-de-frida-kahlo-antes-de-ser-artista\/#breadcrumb","itemListElement":[{"@type":"ListItem","position":1,"name":"Inicio","item":"https:\/\/soclose.mx\/blog\/"},{"@type":"ListItem","position":2,"name":"10 datos de Frida Kahlo antes de ser artista"}]},{"@type":"WebSite","@id":"https:\/\/soclose.mx\/blog\/#website","url":"https:\/\/soclose.mx\/blog\/","name":"So Close","description":"Hacemos contenidos de M\u00e9xico","publisher":{"@id":"https:\/\/soclose.mx\/blog\/#organization"},"potentialAction":[{"@type":"SearchAction","target":{"@type":"EntryPoint","urlTemplate":"https:\/\/soclose.mx\/blog\/?s={search_term_string}"},"query-input":{"@type":"PropertyValueSpecification","valueRequired":true,"valueName":"search_term_string"}}],"inLanguage":"es"},{"@type":"Organization","@id":"https:\/\/soclose.mx\/blog\/#organization","name":"So Close","url":"https:\/\/soclose.mx\/blog\/","logo":{"@type":"ImageObject","inLanguage":"es","@id":"https:\/\/soclose.mx\/blog\/#\/schema\/logo\/image\/","url":"https:\/\/i0.wp.com\/soclose.mx\/blog\/wp-content\/uploads\/2020\/12\/LOGO_SOCLOSE_COLOR-e1608310133507.png?fit=2858%2C1264&ssl=1","contentUrl":"https:\/\/i0.wp.com\/soclose.mx\/blog\/wp-content\/uploads\/2020\/12\/LOGO_SOCLOSE_COLOR-e1608310133507.png?fit=2858%2C1264&ssl=1","width":2858,"height":1264,"caption":"So Close"},"image":{"@id":"https:\/\/soclose.mx\/blog\/#\/schema\/logo\/image\/"}},{"@type":"Person","@id":"https:\/\/soclose.mx\/blog\/#\/schema\/person\/723eb117ab965b55c3e56b5d29751667","name":"So Close","image":{"@type":"ImageObject","inLanguage":"es","@id":"https:\/\/soclose.mx\/blog\/#\/schema\/person\/image\/","url":"https:\/\/secure.gravatar.com\/avatar\/5a1d1d694eaf6d2c28f450f0984cbb34821b92dc49c1d088c0250fbc6a48efec?s=96&d=mm&r=g","contentUrl":"https:\/\/secure.gravatar.com\/avatar\/5a1d1d694eaf6d2c28f450f0984cbb34821b92dc49c1d088c0250fbc6a48efec?s=96&d=mm&r=g","caption":"So Close"},"sameAs":["http:\/\/www.soclose.mx","https:\/\/www.youtube.com\/@soclosemx"],"url":"https:\/\/soclose.mx\/blog\/author\/admin\/"}]}},"jetpack_featured_media_url":"https:\/\/i0.wp.com\/soclose.mx\/blog\/wp-content\/uploads\/2021\/07\/frida-kahlo.jpeg?fit=1240%2C700&ssl=1","jetpack-related-posts":[{"id":9170,"url":"https:\/\/soclose.mx\/blog\/a-la-mexicana\/frida-kahlo-y-diego-rivera-llegan-a-la-novela-grafica\/","url_meta":{"origin":6429,"position":0},"title":"Frida Kahlo y Diego Rivera llegan a la novela gr\u00e1fica","author":"Miguel Angel Romero","date":"2 marzo, 2022","format":false,"excerpt":"Inspirado en La fabulosa vida de\u00a0Diego Rivera\u00a0de Bertram D. Wolfe, el ilustrador mexicano\u00a0Francisco de la Mora decidi\u00f3 llevar a Diego Rivera a la novela gr\u00e1fica. Diego Rivera, como se titula la historieta\u00a0 ilustrada por Jos\u00e9 Luis Pescador y publicada por el sello ingl\u00e9s SelfMadeHero, (empresa que dedica sus n\u00fameros a\u2026","rel":"","context":"En &quot;A la mexicana&quot;","block_context":{"text":"A la mexicana","link":"https:\/\/soclose.mx\/blog\/category\/a-la-mexicana\/"},"img":{"alt_text":"","src":"https:\/\/i0.wp.com\/soclose.mx\/blog\/wp-content\/uploads\/2022\/03\/f960x540-484000_558075_0.jpg?fit=960%2C540&ssl=1&resize=350%2C200","width":350,"height":200,"srcset":"https:\/\/i0.wp.com\/soclose.mx\/blog\/wp-content\/uploads\/2022\/03\/f960x540-484000_558075_0.jpg?fit=960%2C540&ssl=1&resize=350%2C200 1x, https:\/\/i0.wp.com\/soclose.mx\/blog\/wp-content\/uploads\/2022\/03\/f960x540-484000_558075_0.jpg?fit=960%2C540&ssl=1&resize=525%2C300 1.5x, https:\/\/i0.wp.com\/soclose.mx\/blog\/wp-content\/uploads\/2022\/03\/f960x540-484000_558075_0.jpg?fit=960%2C540&ssl=1&resize=700%2C400 2x"},"classes":[]},{"id":9007,"url":"https:\/\/soclose.mx\/blog\/ay-goeeee\/nick-muray-el-otro-amor-de-frida-kahlo\/","url_meta":{"origin":6429,"position":1},"title":"Nickolas Muray: el otro amor de Frida Kahlo","author":"Miguel Angel Romero","date":"12 abril, 2022","format":false,"excerpt":"Nickolas Muray fue uno de los fot\u00f3grafos m\u00e1s relevantes entre los a\u00f1os 20 y 40, su nombre tambi\u00e9n resuena al ser de las personas m\u00e1s allegadas a Frida Kahlo. En su trayectoria profesional captur\u00f3 a celebridades del mundo pol\u00edtico, literario, musical y art\u00edstico como\u00a0Marilyn Monroe, David Herbert Richards Lawrence, Anna\u2026","rel":"","context":"En &quot;\u00a1Ay goeeee!&quot;","block_context":{"text":"\u00a1Ay goeeee!","link":"https:\/\/soclose.mx\/blog\/category\/ay-goeeee\/"},"img":{"alt_text":"","src":"https:\/\/i0.wp.com\/soclose.mx\/blog\/wp-content\/uploads\/2022\/02\/Copia-de-Principal-So-Close-blog-2-4.png?fit=1200%2C677&ssl=1&resize=350%2C200","width":350,"height":200,"srcset":"https:\/\/i0.wp.com\/soclose.mx\/blog\/wp-content\/uploads\/2022\/02\/Copia-de-Principal-So-Close-blog-2-4.png?fit=1200%2C677&ssl=1&resize=350%2C200 1x, https:\/\/i0.wp.com\/soclose.mx\/blog\/wp-content\/uploads\/2022\/02\/Copia-de-Principal-So-Close-blog-2-4.png?fit=1200%2C677&ssl=1&resize=525%2C300 1.5x, https:\/\/i0.wp.com\/soclose.mx\/blog\/wp-content\/uploads\/2022\/02\/Copia-de-Principal-So-Close-blog-2-4.png?fit=1200%2C677&ssl=1&resize=700%2C400 2x, https:\/\/i0.wp.com\/soclose.mx\/blog\/wp-content\/uploads\/2022\/02\/Copia-de-Principal-So-Close-blog-2-4.png?fit=1200%2C677&ssl=1&resize=1050%2C600 3x"},"classes":[]},{"id":10573,"url":"https:\/\/soclose.mx\/blog\/ay-goeeee\/frida-kahlo-mas-famosa-que-vincent-van-gogh-y-picasso\/","url_meta":{"origin":6429,"position":2},"title":"Frida Kahlo, m\u00e1s famosa que Vincent van Gogh y Picasso","author":"Daniel Ram\u00edrez","date":"12 julio, 2022","format":false,"excerpt":"\u00bfQu\u00e9 hiciste durante la etapa m\u00e1s cr\u00edtica de la pandemia de COVID-19? Si buscaste en Google sobre la vida, obra y otras cosas de Frida Kahlo, fuiste parte de millones que lo hicieron en esa etapa. Ken Bromley Arts Supplies, una empresa dedicada a la venta de materiales de arte,\u2026","rel":"","context":"En &quot;\u00a1Ay goeeee!&quot;","block_context":{"text":"\u00a1Ay goeeee!","link":"https:\/\/soclose.mx\/blog\/category\/ay-goeeee\/"},"img":{"alt_text":"","src":"https:\/\/i0.wp.com\/soclose.mx\/blog\/wp-content\/uploads\/2018\/05\/frida-kahlo.jpg?fit=1140%2C730&ssl=1&resize=350%2C200","width":350,"height":200,"srcset":"https:\/\/i0.wp.com\/soclose.mx\/blog\/wp-content\/uploads\/2018\/05\/frida-kahlo.jpg?fit=1140%2C730&ssl=1&resize=350%2C200 1x, https:\/\/i0.wp.com\/soclose.mx\/blog\/wp-content\/uploads\/2018\/05\/frida-kahlo.jpg?fit=1140%2C730&ssl=1&resize=525%2C300 1.5x, https:\/\/i0.wp.com\/soclose.mx\/blog\/wp-content\/uploads\/2018\/05\/frida-kahlo.jpg?fit=1140%2C730&ssl=1&resize=700%2C400 2x, https:\/\/i0.wp.com\/soclose.mx\/blog\/wp-content\/uploads\/2018\/05\/frida-kahlo.jpg?fit=1140%2C730&ssl=1&resize=1050%2C600 3x"},"classes":[]},{"id":6528,"url":"https:\/\/soclose.mx\/blog\/ay-goeeee\/5-frases-de-frida-kahlo-que-hablan-de-su-amor-por-la-vida\/","url_meta":{"origin":6429,"position":3},"title":"5 frases de Frida Kahlo que hablan de su amor por la vida","author":"So Close","date":"13 julio, 2021","format":false,"excerpt":"El 13 de julio Frida Kahlo muri\u00f3 a los 47 a\u00f1os de edad y fue velada en el Palacio de Bellas Artes, pero de acuerdo con su biograf\u00eda publicada en el sitio museofridakahlo.org.mx: Frida escribi\u00f3, al final de su Diario, antes de su muerte, a manera de despedida: \u201cEspero alegre\u2026","rel":"","context":"En &quot;\u00a1Ay goeeee!&quot;","block_context":{"text":"\u00a1Ay goeeee!","link":"https:\/\/soclose.mx\/blog\/category\/ay-goeeee\/"},"img":{"alt_text":"","src":"https:\/\/i0.wp.com\/soclose.mx\/blog\/wp-content\/uploads\/2021\/07\/frida-kahlo-1.jpeg?fit=1200%2C677&ssl=1&resize=350%2C200","width":350,"height":200,"srcset":"https:\/\/i0.wp.com\/soclose.mx\/blog\/wp-content\/uploads\/2021\/07\/frida-kahlo-1.jpeg?fit=1200%2C677&ssl=1&resize=350%2C200 1x, https:\/\/i0.wp.com\/soclose.mx\/blog\/wp-content\/uploads\/2021\/07\/frida-kahlo-1.jpeg?fit=1200%2C677&ssl=1&resize=525%2C300 1.5x, https:\/\/i0.wp.com\/soclose.mx\/blog\/wp-content\/uploads\/2021\/07\/frida-kahlo-1.jpeg?fit=1200%2C677&ssl=1&resize=700%2C400 2x, https:\/\/i0.wp.com\/soclose.mx\/blog\/wp-content\/uploads\/2021\/07\/frida-kahlo-1.jpeg?fit=1200%2C677&ssl=1&resize=1050%2C600 3x"},"classes":[]},{"id":10499,"url":"https:\/\/soclose.mx\/blog\/a-la-mexicana\/conoce-yo-y-mis-pericos-una-de-las-pinturas-de-frida-kahlo-mas-caras-en-la-historia-del-arte\/","url_meta":{"origin":6429,"position":4},"title":"Conoce &#8220;Yo y mis Pericos&#8221;, una de las pinturas de Frida Kahlo m\u00e1s caras en la historia del arte","author":"Daniel Ram\u00edrez","date":"5 julio, 2022","format":false,"excerpt":"Pintar, pintamos todos, pero pocos fueron tocados con la varita m\u00e1gica para ser capaces de realizar cuadros incre\u00edbles. Como Frida Kahlo, la pintora mexicana quien hizo verdaderas maravillas con las que deslumbr\u00f3 y deleit\u00f3 al mundo entero. Muestra de ello es el valor que tienen sus obras, como el cuadro\u2026","rel":"","context":"En &quot;A la mexicana&quot;","block_context":{"text":"A la mexicana","link":"https:\/\/soclose.mx\/blog\/category\/a-la-mexicana\/"},"img":{"alt_text":"","src":"https:\/\/i0.wp.com\/soclose.mx\/blog\/wp-content\/uploads\/2022\/07\/pexels-tim-mossholder-10681850-scaled.jpg?fit=1200%2C800&ssl=1&resize=350%2C200","width":350,"height":200,"srcset":"https:\/\/i0.wp.com\/soclose.mx\/blog\/wp-content\/uploads\/2022\/07\/pexels-tim-mossholder-10681850-scaled.jpg?fit=1200%2C800&ssl=1&resize=350%2C200 1x, https:\/\/i0.wp.com\/soclose.mx\/blog\/wp-content\/uploads\/2022\/07\/pexels-tim-mossholder-10681850-scaled.jpg?fit=1200%2C800&ssl=1&resize=525%2C300 1.5x, https:\/\/i0.wp.com\/soclose.mx\/blog\/wp-content\/uploads\/2022\/07\/pexels-tim-mossholder-10681850-scaled.jpg?fit=1200%2C800&ssl=1&resize=700%2C400 2x, https:\/\/i0.wp.com\/soclose.mx\/blog\/wp-content\/uploads\/2022\/07\/pexels-tim-mossholder-10681850-scaled.jpg?fit=1200%2C800&ssl=1&resize=1050%2C600 3x"},"classes":[]},{"id":7736,"url":"https:\/\/soclose.mx\/blog\/news-feed\/la-experiencia-inmersiva-para-que-conozcas-aun-mas-a-frida\/","url_meta":{"origin":6429,"position":5},"title":"La experiencia inmersiva para que conozcas a\u00fan m\u00e1s a Frida","author":"Miguel Angel Romero","date":"10 noviembre, 2021","format":false,"excerpt":"Frida Inmersiva\u00a0es una exposici\u00f3n que invita a vivir, sentir y redescubrir a la emblem\u00e1tica artista Frida Kahlo. As\u00ed es, por medio de una experiencia interactiva que se lleva a cabo en el Front\u00f3n M\u00e9xico, podr\u00e1s admirar de una manera innovadora y tecnol\u00f3gica las ic\u00f3nicas pinturas que hicieron de su vida\u2026","rel":"","context":"En &quot;News feed&quot;","block_context":{"text":"News feed","link":"https:\/\/soclose.mx\/blog\/category\/news-feed\/"},"img":{"alt_text":"","src":"https:\/\/i0.wp.com\/soclose.mx\/blog\/wp-content\/uploads\/2021\/11\/Copia-de-Principal-So-Close-blog-4-1.png?fit=1200%2C677&ssl=1&resize=350%2C200","width":350,"height":200,"srcset":"https:\/\/i0.wp.com\/soclose.mx\/blog\/wp-content\/uploads\/2021\/11\/Copia-de-Principal-So-Close-blog-4-1.png?fit=1200%2C677&ssl=1&resize=350%2C200 1x, https:\/\/i0.wp.com\/soclose.mx\/blog\/wp-content\/uploads\/2021\/11\/Copia-de-Principal-So-Close-blog-4-1.png?fit=1200%2C677&ssl=1&resize=525%2C300 1.5x, https:\/\/i0.wp.com\/soclose.mx\/blog\/wp-content\/uploads\/2021\/11\/Copia-de-Principal-So-Close-blog-4-1.png?fit=1200%2C677&ssl=1&resize=700%2C400 2x, https:\/\/i0.wp.com\/soclose.mx\/blog\/wp-content\/uploads\/2021\/11\/Copia-de-Principal-So-Close-blog-4-1.png?fit=1200%2C677&ssl=1&resize=1050%2C600 3x"},"classes":[]}],"jetpack_sharing_enabled":true,"_links":{"self":[{"href":"https:\/\/soclose.mx\/blog\/wp-json\/wp\/v2\/posts\/6429","targetHints":{"allow":["GET"]}}],"collection":[{"href":"https:\/\/soclose.mx\/blog\/wp-json\/wp\/v2\/posts"}],"about":[{"href":"https:\/\/soclose.mx\/blog\/wp-json\/wp\/v2\/types\/post"}],"author":[{"embeddable":true,"href":"https:\/\/soclose.mx\/blog\/wp-json\/wp\/v2\/users\/1"}],"replies":[{"embeddable":true,"href":"https:\/\/soclose.mx\/blog\/wp-json\/wp\/v2\/comments?post=6429"}],"version-history":[{"count":0,"href":"https:\/\/soclose.mx\/blog\/wp-json\/wp\/v2\/posts\/6429\/revisions"}],"wp:featuredmedia":[{"embeddable":true,"href":"https:\/\/soclose.mx\/blog\/wp-json\/wp\/v2\/media\/6456"}],"wp:attachment":[{"href":"https:\/\/soclose.mx\/blog\/wp-json\/wp\/v2\/media?parent=6429"}],"wp:term":[{"taxonomy":"category","embeddable":true,"href":"https:\/\/soclose.mx\/blog\/wp-json\/wp\/v2\/categories?post=6429"},{"taxonomy":"post_tag","embeddable":true,"href":"https:\/\/soclose.mx\/blog\/wp-json\/wp\/v2\/tags?post=6429"}],"curies":[{"name":"wp","href":"https:\/\/api.w.org\/{rel}","templated":true}]}}