{"id":6489,"date":"2021-07-07T20:39:52","date_gmt":"2021-07-08T01:39:52","guid":{"rendered":"https:\/\/soclose.mx\/blog\/?p=6489"},"modified":"2021-07-07T20:53:27","modified_gmt":"2021-07-08T01:53:27","slug":"coatlicue-la-musa-de-artistas-mexicanos-en-el-siglo-xx","status":"publish","type":"post","link":"https:\/\/soclose.mx\/blog\/ay-goeeee\/coatlicue-la-musa-de-artistas-mexicanos-en-el-siglo-xx\/","title":{"rendered":"Coatlicue, la musa de artistas mexicanos en el siglo XX"},"content":{"rendered":"<p>De acuerdo con el arque\u00f3logo Leonardo L\u00f3pez Luj\u00e1n, la <strong>diosa-madre de la tierra<\/strong> &#8220;<strong>Coatlicue&#8221;<\/strong> en la pl\u00e1stica mexicana, en el siglo XX, fue una musa para su arte, muestra de ello comienza con el lienzo <em>Nuestros Dioses Antiguos<\/em>, que en 1915 pint\u00f3 Saturnino Herr\u00e1n y en el que sintetiz\u00f3 los elementos religiosos tanto ind\u00edgenas como espa\u00f1oles, de esta manera, en esta obra aparecen fusionados un crucifijo y la <strong>Coatlicue.<\/strong><\/p>\n<p>En la d\u00e9cada de los 20, <strong>Miguel Covarrubias<\/strong> hizo una caricatura para la revista Vanity Fair,\u00a0 en donde &#8220;retrata en medio de un elegante c\u00f3ctel a la <strong>Coatlicue<\/strong>&#8220;.<\/p>\n<p>En 1932, <strong>Clemente Orozco<\/strong> viaja a\u00a0 Hannover, Estados Unidos, y en la Biblioteca Baker del Dartmouth Collage, realiza una serie de murales, entre ellos\u00a0<em>La industrializaci\u00f3n<\/em>, en el que aparece retratada la <strong>Coatlicue<\/strong> como el alma que impulsa una maquinaria.<\/p>\n<p>A\u00f1os despu\u00e9s, en Guadalajara, en el Hospicio Caba\u00f1as pinta el mural <em>Sacrificio<\/em>\u00a0que en una de sus escenas retrata a una <strong>Coatlicue guerrera<\/strong>, con arco y flecha.<\/p>\n<figure id=\"attachment_6497\" aria-describedby=\"caption-attachment-6497\" style=\"width: 472px\" class=\"wp-caption alignright\"><img data-recalc-dims=\"1\" fetchpriority=\"high\" decoding=\"async\" class=\" wp-image-6497\" src=\"https:\/\/i0.wp.com\/soclose.mx\/blog\/wp-content\/uploads\/2021\/07\/coatlicue.jpeg?resize=472%2C467&#038;ssl=1\" alt=\"\" width=\"472\" height=\"467\" srcset=\"https:\/\/i0.wp.com\/soclose.mx\/blog\/wp-content\/uploads\/2021\/07\/coatlicue.jpeg?w=800&amp;ssl=1 800w, https:\/\/i0.wp.com\/soclose.mx\/blog\/wp-content\/uploads\/2021\/07\/coatlicue.jpeg?resize=300%2C297&amp;ssl=1 300w, https:\/\/i0.wp.com\/soclose.mx\/blog\/wp-content\/uploads\/2021\/07\/coatlicue.jpeg?resize=768%2C760&amp;ssl=1 768w, https:\/\/i0.wp.com\/soclose.mx\/blog\/wp-content\/uploads\/2021\/07\/coatlicue.jpeg?resize=12%2C12&amp;ssl=1 12w, https:\/\/i0.wp.com\/soclose.mx\/blog\/wp-content\/uploads\/2021\/07\/coatlicue.jpeg?resize=770%2C762&amp;ssl=1 770w, https:\/\/i0.wp.com\/soclose.mx\/blog\/wp-content\/uploads\/2021\/07\/coatlicue.jpeg?resize=110%2C110&amp;ssl=1 110w\" sizes=\"(max-width: 472px) 100vw, 472px\" \/><figcaption id=\"caption-attachment-6497\" class=\"wp-caption-text\">John F. Kennedy observando la Piedra de la Cuatlicue en el Museo Nacional de Antropolog\u00eda e Historia.<br \/>Foto: Mediateca INAH<\/figcaption><\/figure>\n<p>En 1933, <strong><a href=\"https:\/\/soclose.mx\/blog\/?s=Diego+Rivera\" target=\"_blank\" rel=\"noopener\">Diego Rivera<\/a>,<\/strong> con el apoyo de Edsel Ford, pint\u00f3 un mural para el Institute of Arts, en Detroit, Estados Unidos, donde plasm\u00f3 <strong><em>La Coatlicue mec\u00e1nica<\/em><\/strong>.<\/p>\n<p>En 1934, <strong>Rivera<\/strong> regres\u00f3 a M\u00e9xico y en el Museo Anahuacalli cre\u00f3, en uno de los pisos, un mosaico que nada tiene que ver con la obra pintada en EU, \u201caqu\u00ed hace una representaci\u00f3n realista de la escultura que se exhibe en el Museo Nacional de Antropolog\u00eda\u201d.<\/p>\n<p>Cinco a\u00f1os despu\u00e9s, en plena Guerra Mundial, <a href=\"https:\/\/soclose.mx\/blog\/?s=Diego+Rivera\" target=\"_blank\" rel=\"noopener\"><strong>Diego Rivera<\/strong><\/a> viaj\u00f3 a San Francisco donde realiz\u00f3 el mural\u00a0<em>Unidad Panamericana<\/em>\u00a0en el que represent\u00f3 la uni\u00f3n del continente americano y fusion\u00f3 las dos pinturas anteriores de la diosa \u2014la realista y la mec\u00e1nica-\u2014,\u00a0 y lo exhibi\u00f3 en la Exposici\u00f3n Internacional Golden Gate, de esa ciudad estadunidense.<\/p>\n<p>El arque\u00f3logo L\u00f3pez Luj\u00e1n destaca que en la Colonia, a la <strong>Coatlicue<\/strong> se le conoc\u00eda como <strong>Teoyaomiqui,<\/strong> deidad vinculada con los muertos, y fue hasta 1867 que fue totalmente identificada como una diosa asociada con la <strong>tierra y la fertilidad.<\/strong><\/p>\n<p>Fuente: <a href=\"https:\/\/www.inah.gob.mx\/\" target=\"_blank\" rel=\"noopener\">INAH.<\/a><\/p>\n","protected":false},"excerpt":{"rendered":"<p>De acuerdo con el arque\u00f3logo Leonardo L\u00f3pez Luj\u00e1n, la diosa-madre de la tierra &#8220;Coatlicue&#8221; en la pl\u00e1stica mexicana, en el siglo XX, fue una musa para su arte, muestra de ello comienza con el lienzo Nuestros Dioses Antiguos, que en 1915 pint\u00f3 Saturnino Herr\u00e1n y en el que sintetiz\u00f3 los elementos religiosos tanto ind\u00edgenas como espa\u00f1oles, de esta manera, en esta obra aparecen fusionados un crucifijo y la Coatlicue. En la d\u00e9cada de los 20, Miguel Covarrubias hizo una caricatura para la revista Vanity Fair,\u00a0 en donde &#8220;retrata en medio de un elegante c\u00f3ctel a la Coatlicue&#8220;. En 1932, Clemente<\/p>\n","protected":false},"author":1,"featured_media":6493,"comment_status":"open","ping_status":"open","sticky":false,"template":"","format":"standard","meta":{"_jetpack_memberships_contains_paid_content":false,"footnotes":""},"categories":[1],"tags":[1061,1059,126,1062,1060],"class_list":["post-6489","post","type-post","status-publish","format-standard","has-post-thumbnail","hentry","category-ay-goeeee","tag-clemente-orozco","tag-coatlicue","tag-diego-rivera","tag-miguel-covarrubias","tag-teoyaomiqui"],"yoast_head":"<!-- This site is optimized with the Yoast SEO plugin v26.7 - https:\/\/yoast.com\/wordpress\/plugins\/seo\/ -->\n<title>Coatlicue, la musa de artistas mexicanos en el siglo XX - So Close<\/title>\n<meta name=\"description\" content=\"En los 20, Miguel Covarrubias hizo una caricatura para la revista Vanity Fair,\u00a0 donde &quot;retrata en medio de un elegante c\u00f3ctel a la Coatlicue&quot;.\" \/>\n<meta name=\"robots\" content=\"index, follow, max-snippet:-1, max-image-preview:large, max-video-preview:-1\" \/>\n<link rel=\"canonical\" href=\"https:\/\/soclose.mx\/blog\/ay-goeeee\/coatlicue-la-musa-de-artistas-mexicanos-en-el-siglo-xx\/\" \/>\n<meta property=\"og:locale\" content=\"es_MX\" \/>\n<meta property=\"og:type\" content=\"article\" \/>\n<meta property=\"og:title\" content=\"Coatlicue, la musa de artistas mexicanos en el siglo XX - So Close\" \/>\n<meta property=\"og:description\" content=\"En los 20, Miguel Covarrubias hizo una caricatura para la revista Vanity Fair,\u00a0 donde &quot;retrata en medio de un elegante c\u00f3ctel a la Coatlicue&quot;.\" \/>\n<meta property=\"og:url\" content=\"https:\/\/soclose.mx\/blog\/ay-goeeee\/coatlicue-la-musa-de-artistas-mexicanos-en-el-siglo-xx\/\" \/>\n<meta property=\"og:site_name\" content=\"So Close\" \/>\n<meta property=\"article:published_time\" content=\"2021-07-08T01:39:52+00:00\" \/>\n<meta property=\"article:modified_time\" content=\"2021-07-08T01:53:27+00:00\" \/>\n<meta property=\"og:image\" content=\"https:\/\/i0.wp.com\/soclose.mx\/blog\/wp-content\/uploads\/2021\/07\/coatlicue-artistas-mexicanos.jpeg?fit=1240%2C700&ssl=1\" \/>\n\t<meta property=\"og:image:width\" content=\"1240\" \/>\n\t<meta property=\"og:image:height\" content=\"700\" \/>\n\t<meta property=\"og:image:type\" content=\"image\/jpeg\" \/>\n<meta name=\"author\" content=\"So Close\" \/>\n<meta name=\"twitter:card\" content=\"summary_large_image\" \/>\n<meta name=\"twitter:label1\" content=\"Escrito por\" \/>\n\t<meta name=\"twitter:data1\" content=\"So Close\" \/>\n\t<meta name=\"twitter:label2\" content=\"Tiempo de lectura\" \/>\n\t<meta name=\"twitter:data2\" content=\"2 minutos\" \/>\n<script type=\"application\/ld+json\" class=\"yoast-schema-graph\">{\"@context\":\"https:\/\/schema.org\",\"@graph\":[{\"@type\":\"Article\",\"@id\":\"https:\/\/soclose.mx\/blog\/ay-goeeee\/coatlicue-la-musa-de-artistas-mexicanos-en-el-siglo-xx\/#article\",\"isPartOf\":{\"@id\":\"https:\/\/soclose.mx\/blog\/ay-goeeee\/coatlicue-la-musa-de-artistas-mexicanos-en-el-siglo-xx\/\"},\"author\":{\"name\":\"So Close\",\"@id\":\"https:\/\/soclose.mx\/blog\/#\/schema\/person\/723eb117ab965b55c3e56b5d29751667\"},\"headline\":\"Coatlicue, la musa de artistas mexicanos en el siglo XX\",\"datePublished\":\"2021-07-08T01:39:52+00:00\",\"dateModified\":\"2021-07-08T01:53:27+00:00\",\"mainEntityOfPage\":{\"@id\":\"https:\/\/soclose.mx\/blog\/ay-goeeee\/coatlicue-la-musa-de-artistas-mexicanos-en-el-siglo-xx\/\"},\"wordCount\":393,\"commentCount\":0,\"publisher\":{\"@id\":\"https:\/\/soclose.mx\/blog\/#organization\"},\"image\":{\"@id\":\"https:\/\/soclose.mx\/blog\/ay-goeeee\/coatlicue-la-musa-de-artistas-mexicanos-en-el-siglo-xx\/#primaryimage\"},\"thumbnailUrl\":\"https:\/\/i0.wp.com\/soclose.mx\/blog\/wp-content\/uploads\/2021\/07\/coatlicue-artistas-mexicanos.jpeg?fit=1240%2C700&ssl=1\",\"keywords\":[\"clemente orozco\",\"Coatlicue\",\"diego rivera\",\"miguel covarrubias\",\"Teoyaomiqui\"],\"articleSection\":[\"\u00a1Ay goeeee!\"],\"inLanguage\":\"es\",\"potentialAction\":[{\"@type\":\"CommentAction\",\"name\":\"Comment\",\"target\":[\"https:\/\/soclose.mx\/blog\/ay-goeeee\/coatlicue-la-musa-de-artistas-mexicanos-en-el-siglo-xx\/#respond\"]}]},{\"@type\":\"WebPage\",\"@id\":\"https:\/\/soclose.mx\/blog\/ay-goeeee\/coatlicue-la-musa-de-artistas-mexicanos-en-el-siglo-xx\/\",\"url\":\"https:\/\/soclose.mx\/blog\/ay-goeeee\/coatlicue-la-musa-de-artistas-mexicanos-en-el-siglo-xx\/\",\"name\":\"Coatlicue, la musa de artistas mexicanos en el siglo XX - So Close\",\"isPartOf\":{\"@id\":\"https:\/\/soclose.mx\/blog\/#website\"},\"primaryImageOfPage\":{\"@id\":\"https:\/\/soclose.mx\/blog\/ay-goeeee\/coatlicue-la-musa-de-artistas-mexicanos-en-el-siglo-xx\/#primaryimage\"},\"image\":{\"@id\":\"https:\/\/soclose.mx\/blog\/ay-goeeee\/coatlicue-la-musa-de-artistas-mexicanos-en-el-siglo-xx\/#primaryimage\"},\"thumbnailUrl\":\"https:\/\/i0.wp.com\/soclose.mx\/blog\/wp-content\/uploads\/2021\/07\/coatlicue-artistas-mexicanos.jpeg?fit=1240%2C700&ssl=1\",\"datePublished\":\"2021-07-08T01:39:52+00:00\",\"dateModified\":\"2021-07-08T01:53:27+00:00\",\"description\":\"En los 20, Miguel Covarrubias hizo una caricatura para la revista Vanity Fair,\u00a0 donde \\\"retrata en medio de un elegante c\u00f3ctel a la Coatlicue\\\".\",\"breadcrumb\":{\"@id\":\"https:\/\/soclose.mx\/blog\/ay-goeeee\/coatlicue-la-musa-de-artistas-mexicanos-en-el-siglo-xx\/#breadcrumb\"},\"inLanguage\":\"es\",\"potentialAction\":[{\"@type\":\"ReadAction\",\"target\":[\"https:\/\/soclose.mx\/blog\/ay-goeeee\/coatlicue-la-musa-de-artistas-mexicanos-en-el-siglo-xx\/\"]}]},{\"@type\":\"ImageObject\",\"inLanguage\":\"es\",\"@id\":\"https:\/\/soclose.mx\/blog\/ay-goeeee\/coatlicue-la-musa-de-artistas-mexicanos-en-el-siglo-xx\/#primaryimage\",\"url\":\"https:\/\/i0.wp.com\/soclose.mx\/blog\/wp-content\/uploads\/2021\/07\/coatlicue-artistas-mexicanos.jpeg?fit=1240%2C700&ssl=1\",\"contentUrl\":\"https:\/\/i0.wp.com\/soclose.mx\/blog\/wp-content\/uploads\/2021\/07\/coatlicue-artistas-mexicanos.jpeg?fit=1240%2C700&ssl=1\",\"width\":1240,\"height\":700},{\"@type\":\"BreadcrumbList\",\"@id\":\"https:\/\/soclose.mx\/blog\/ay-goeeee\/coatlicue-la-musa-de-artistas-mexicanos-en-el-siglo-xx\/#breadcrumb\",\"itemListElement\":[{\"@type\":\"ListItem\",\"position\":1,\"name\":\"Inicio\",\"item\":\"https:\/\/soclose.mx\/blog\/\"},{\"@type\":\"ListItem\",\"position\":2,\"name\":\"Coatlicue, la musa de artistas mexicanos en el siglo XX\"}]},{\"@type\":\"WebSite\",\"@id\":\"https:\/\/soclose.mx\/blog\/#website\",\"url\":\"https:\/\/soclose.mx\/blog\/\",\"name\":\"So Close\",\"description\":\"Hacemos contenidos de M\u00e9xico\",\"publisher\":{\"@id\":\"https:\/\/soclose.mx\/blog\/#organization\"},\"potentialAction\":[{\"@type\":\"SearchAction\",\"target\":{\"@type\":\"EntryPoint\",\"urlTemplate\":\"https:\/\/soclose.mx\/blog\/?s={search_term_string}\"},\"query-input\":{\"@type\":\"PropertyValueSpecification\",\"valueRequired\":true,\"valueName\":\"search_term_string\"}}],\"inLanguage\":\"es\"},{\"@type\":\"Organization\",\"@id\":\"https:\/\/soclose.mx\/blog\/#organization\",\"name\":\"So Close\",\"url\":\"https:\/\/soclose.mx\/blog\/\",\"logo\":{\"@type\":\"ImageObject\",\"inLanguage\":\"es\",\"@id\":\"https:\/\/soclose.mx\/blog\/#\/schema\/logo\/image\/\",\"url\":\"https:\/\/i0.wp.com\/soclose.mx\/blog\/wp-content\/uploads\/2020\/12\/LOGO_SOCLOSE_COLOR-e1608310133507.png?fit=2858%2C1264&ssl=1\",\"contentUrl\":\"https:\/\/i0.wp.com\/soclose.mx\/blog\/wp-content\/uploads\/2020\/12\/LOGO_SOCLOSE_COLOR-e1608310133507.png?fit=2858%2C1264&ssl=1\",\"width\":2858,\"height\":1264,\"caption\":\"So Close\"},\"image\":{\"@id\":\"https:\/\/soclose.mx\/blog\/#\/schema\/logo\/image\/\"}},{\"@type\":\"Person\",\"@id\":\"https:\/\/soclose.mx\/blog\/#\/schema\/person\/723eb117ab965b55c3e56b5d29751667\",\"name\":\"So Close\",\"image\":{\"@type\":\"ImageObject\",\"inLanguage\":\"es\",\"@id\":\"https:\/\/soclose.mx\/blog\/#\/schema\/person\/image\/\",\"url\":\"https:\/\/secure.gravatar.com\/avatar\/5a1d1d694eaf6d2c28f450f0984cbb34821b92dc49c1d088c0250fbc6a48efec?s=96&d=mm&r=g\",\"contentUrl\":\"https:\/\/secure.gravatar.com\/avatar\/5a1d1d694eaf6d2c28f450f0984cbb34821b92dc49c1d088c0250fbc6a48efec?s=96&d=mm&r=g\",\"caption\":\"So Close\"},\"sameAs\":[\"http:\/\/www.soclose.mx\",\"https:\/\/www.youtube.com\/@soclosemx\"],\"url\":\"https:\/\/soclose.mx\/blog\/author\/admin\/\"}]}<\/script>\n<!-- \/ Yoast SEO plugin. -->","yoast_head_json":{"title":"Coatlicue, la musa de artistas mexicanos en el siglo XX - So Close","description":"En los 20, Miguel Covarrubias hizo una caricatura para la revista Vanity Fair,\u00a0 donde \"retrata en medio de un elegante c\u00f3ctel a la Coatlicue\".","robots":{"index":"index","follow":"follow","max-snippet":"max-snippet:-1","max-image-preview":"max-image-preview:large","max-video-preview":"max-video-preview:-1"},"canonical":"https:\/\/soclose.mx\/blog\/ay-goeeee\/coatlicue-la-musa-de-artistas-mexicanos-en-el-siglo-xx\/","og_locale":"es_MX","og_type":"article","og_title":"Coatlicue, la musa de artistas mexicanos en el siglo XX - So Close","og_description":"En los 20, Miguel Covarrubias hizo una caricatura para la revista Vanity Fair,\u00a0 donde \"retrata en medio de un elegante c\u00f3ctel a la Coatlicue\".","og_url":"https:\/\/soclose.mx\/blog\/ay-goeeee\/coatlicue-la-musa-de-artistas-mexicanos-en-el-siglo-xx\/","og_site_name":"So Close","article_published_time":"2021-07-08T01:39:52+00:00","article_modified_time":"2021-07-08T01:53:27+00:00","og_image":[{"width":1240,"height":700,"url":"https:\/\/i0.wp.com\/soclose.mx\/blog\/wp-content\/uploads\/2021\/07\/coatlicue-artistas-mexicanos.jpeg?fit=1240%2C700&ssl=1","type":"image\/jpeg"}],"author":"So Close","twitter_card":"summary_large_image","twitter_misc":{"Escrito por":"So Close","Tiempo de lectura":"2 minutos"},"schema":{"@context":"https:\/\/schema.org","@graph":[{"@type":"Article","@id":"https:\/\/soclose.mx\/blog\/ay-goeeee\/coatlicue-la-musa-de-artistas-mexicanos-en-el-siglo-xx\/#article","isPartOf":{"@id":"https:\/\/soclose.mx\/blog\/ay-goeeee\/coatlicue-la-musa-de-artistas-mexicanos-en-el-siglo-xx\/"},"author":{"name":"So Close","@id":"https:\/\/soclose.mx\/blog\/#\/schema\/person\/723eb117ab965b55c3e56b5d29751667"},"headline":"Coatlicue, la musa de artistas mexicanos en el siglo XX","datePublished":"2021-07-08T01:39:52+00:00","dateModified":"2021-07-08T01:53:27+00:00","mainEntityOfPage":{"@id":"https:\/\/soclose.mx\/blog\/ay-goeeee\/coatlicue-la-musa-de-artistas-mexicanos-en-el-siglo-xx\/"},"wordCount":393,"commentCount":0,"publisher":{"@id":"https:\/\/soclose.mx\/blog\/#organization"},"image":{"@id":"https:\/\/soclose.mx\/blog\/ay-goeeee\/coatlicue-la-musa-de-artistas-mexicanos-en-el-siglo-xx\/#primaryimage"},"thumbnailUrl":"https:\/\/i0.wp.com\/soclose.mx\/blog\/wp-content\/uploads\/2021\/07\/coatlicue-artistas-mexicanos.jpeg?fit=1240%2C700&ssl=1","keywords":["clemente orozco","Coatlicue","diego rivera","miguel covarrubias","Teoyaomiqui"],"articleSection":["\u00a1Ay goeeee!"],"inLanguage":"es","potentialAction":[{"@type":"CommentAction","name":"Comment","target":["https:\/\/soclose.mx\/blog\/ay-goeeee\/coatlicue-la-musa-de-artistas-mexicanos-en-el-siglo-xx\/#respond"]}]},{"@type":"WebPage","@id":"https:\/\/soclose.mx\/blog\/ay-goeeee\/coatlicue-la-musa-de-artistas-mexicanos-en-el-siglo-xx\/","url":"https:\/\/soclose.mx\/blog\/ay-goeeee\/coatlicue-la-musa-de-artistas-mexicanos-en-el-siglo-xx\/","name":"Coatlicue, la musa de artistas mexicanos en el siglo XX - So Close","isPartOf":{"@id":"https:\/\/soclose.mx\/blog\/#website"},"primaryImageOfPage":{"@id":"https:\/\/soclose.mx\/blog\/ay-goeeee\/coatlicue-la-musa-de-artistas-mexicanos-en-el-siglo-xx\/#primaryimage"},"image":{"@id":"https:\/\/soclose.mx\/blog\/ay-goeeee\/coatlicue-la-musa-de-artistas-mexicanos-en-el-siglo-xx\/#primaryimage"},"thumbnailUrl":"https:\/\/i0.wp.com\/soclose.mx\/blog\/wp-content\/uploads\/2021\/07\/coatlicue-artistas-mexicanos.jpeg?fit=1240%2C700&ssl=1","datePublished":"2021-07-08T01:39:52+00:00","dateModified":"2021-07-08T01:53:27+00:00","description":"En los 20, Miguel Covarrubias hizo una caricatura para la revista Vanity Fair,\u00a0 donde \"retrata en medio de un elegante c\u00f3ctel a la Coatlicue\".","breadcrumb":{"@id":"https:\/\/soclose.mx\/blog\/ay-goeeee\/coatlicue-la-musa-de-artistas-mexicanos-en-el-siglo-xx\/#breadcrumb"},"inLanguage":"es","potentialAction":[{"@type":"ReadAction","target":["https:\/\/soclose.mx\/blog\/ay-goeeee\/coatlicue-la-musa-de-artistas-mexicanos-en-el-siglo-xx\/"]}]},{"@type":"ImageObject","inLanguage":"es","@id":"https:\/\/soclose.mx\/blog\/ay-goeeee\/coatlicue-la-musa-de-artistas-mexicanos-en-el-siglo-xx\/#primaryimage","url":"https:\/\/i0.wp.com\/soclose.mx\/blog\/wp-content\/uploads\/2021\/07\/coatlicue-artistas-mexicanos.jpeg?fit=1240%2C700&ssl=1","contentUrl":"https:\/\/i0.wp.com\/soclose.mx\/blog\/wp-content\/uploads\/2021\/07\/coatlicue-artistas-mexicanos.jpeg?fit=1240%2C700&ssl=1","width":1240,"height":700},{"@type":"BreadcrumbList","@id":"https:\/\/soclose.mx\/blog\/ay-goeeee\/coatlicue-la-musa-de-artistas-mexicanos-en-el-siglo-xx\/#breadcrumb","itemListElement":[{"@type":"ListItem","position":1,"name":"Inicio","item":"https:\/\/soclose.mx\/blog\/"},{"@type":"ListItem","position":2,"name":"Coatlicue, la musa de artistas mexicanos en el siglo XX"}]},{"@type":"WebSite","@id":"https:\/\/soclose.mx\/blog\/#website","url":"https:\/\/soclose.mx\/blog\/","name":"So Close","description":"Hacemos contenidos de M\u00e9xico","publisher":{"@id":"https:\/\/soclose.mx\/blog\/#organization"},"potentialAction":[{"@type":"SearchAction","target":{"@type":"EntryPoint","urlTemplate":"https:\/\/soclose.mx\/blog\/?s={search_term_string}"},"query-input":{"@type":"PropertyValueSpecification","valueRequired":true,"valueName":"search_term_string"}}],"inLanguage":"es"},{"@type":"Organization","@id":"https:\/\/soclose.mx\/blog\/#organization","name":"So Close","url":"https:\/\/soclose.mx\/blog\/","logo":{"@type":"ImageObject","inLanguage":"es","@id":"https:\/\/soclose.mx\/blog\/#\/schema\/logo\/image\/","url":"https:\/\/i0.wp.com\/soclose.mx\/blog\/wp-content\/uploads\/2020\/12\/LOGO_SOCLOSE_COLOR-e1608310133507.png?fit=2858%2C1264&ssl=1","contentUrl":"https:\/\/i0.wp.com\/soclose.mx\/blog\/wp-content\/uploads\/2020\/12\/LOGO_SOCLOSE_COLOR-e1608310133507.png?fit=2858%2C1264&ssl=1","width":2858,"height":1264,"caption":"So Close"},"image":{"@id":"https:\/\/soclose.mx\/blog\/#\/schema\/logo\/image\/"}},{"@type":"Person","@id":"https:\/\/soclose.mx\/blog\/#\/schema\/person\/723eb117ab965b55c3e56b5d29751667","name":"So Close","image":{"@type":"ImageObject","inLanguage":"es","@id":"https:\/\/soclose.mx\/blog\/#\/schema\/person\/image\/","url":"https:\/\/secure.gravatar.com\/avatar\/5a1d1d694eaf6d2c28f450f0984cbb34821b92dc49c1d088c0250fbc6a48efec?s=96&d=mm&r=g","contentUrl":"https:\/\/secure.gravatar.com\/avatar\/5a1d1d694eaf6d2c28f450f0984cbb34821b92dc49c1d088c0250fbc6a48efec?s=96&d=mm&r=g","caption":"So Close"},"sameAs":["http:\/\/www.soclose.mx","https:\/\/www.youtube.com\/@soclosemx"],"url":"https:\/\/soclose.mx\/blog\/author\/admin\/"}]}},"jetpack_featured_media_url":"https:\/\/i0.wp.com\/soclose.mx\/blog\/wp-content\/uploads\/2021\/07\/coatlicue-artistas-mexicanos.jpeg?fit=1240%2C700&ssl=1","jetpack-related-posts":[{"id":10949,"url":"https:\/\/soclose.mx\/blog\/para-todos\/a-un-siglo-del-nacimiento-del-muralismo-mexicano-la-exposicion-digital-sobre-este-movimiento\/","url_meta":{"origin":6489,"position":0},"title":"&#8220;A un siglo del nacimiento del muralismo mexicano&#8221;, la exposici\u00f3n digital sobre este movimiento","author":"Daniel Ram\u00edrez","date":"17 agosto, 2022","format":false,"excerpt":"Jos\u00e9 Clemente Orozco, Diego Rivera y David Alfaro Siqueiros, consolidaron el muralismo mexicano, uno de los movimientos art\u00edsticos m\u00e1s importantes en la historia de nuestro pa\u00eds. Se caracteriz\u00f3 por plasmar la identidad nacional en los espacios p\u00fablicos a trav\u00e9s de las pinturas de los idealistas de la \u00e9poca, para ponerlos\u2026","rel":"","context":"En &quot;Para todos&quot;","block_context":{"text":"Para todos","link":"https:\/\/soclose.mx\/blog\/category\/para-todos\/"},"img":{"alt_text":"","src":"https:\/\/i0.wp.com\/soclose.mx\/blog\/wp-content\/uploads\/2022\/08\/muralismo-1.jpg?fit=1200%2C591&ssl=1&resize=350%2C200","width":350,"height":200,"srcset":"https:\/\/i0.wp.com\/soclose.mx\/blog\/wp-content\/uploads\/2022\/08\/muralismo-1.jpg?fit=1200%2C591&ssl=1&resize=350%2C200 1x, https:\/\/i0.wp.com\/soclose.mx\/blog\/wp-content\/uploads\/2022\/08\/muralismo-1.jpg?fit=1200%2C591&ssl=1&resize=525%2C300 1.5x, https:\/\/i0.wp.com\/soclose.mx\/blog\/wp-content\/uploads\/2022\/08\/muralismo-1.jpg?fit=1200%2C591&ssl=1&resize=700%2C400 2x, https:\/\/i0.wp.com\/soclose.mx\/blog\/wp-content\/uploads\/2022\/08\/muralismo-1.jpg?fit=1200%2C591&ssl=1&resize=1050%2C600 3x"},"classes":[]},{"id":14733,"url":"https:\/\/soclose.mx\/blog\/ay-goeeee\/poemas-memorables-de-mujeres-mexicanas-que-rompen-esquemas\/","url_meta":{"origin":6489,"position":1},"title":"Poemas Memorables de Mujeres Mexicanas que Rompen Esquemas","author":"So Close","date":"7 marzo, 2025","format":false,"excerpt":"La poes\u00eda mexicana, rica en historia y tradici\u00f3n, ha sido moldeada por voces femeninas que, a menudo, han permanecido en la sombra. Sin embargo, sus versos, llenos de pasi\u00f3n, rebeld\u00eda y sensibilidad, merecen ser rescatados y celebrados. En este art\u00edculo, exploraremos la obra de algunas de las poetisas mexicanas m\u00e1s\u2026","rel":"","context":"En &quot;\u00a1Ay goeeee!&quot;","block_context":{"text":"\u00a1Ay goeeee!","link":"https:\/\/soclose.mx\/blog\/category\/ay-goeeee\/"},"img":{"alt_text":"Pita Amore, poetisa mexicana","src":"https:\/\/i0.wp.com\/soclose.mx\/blog\/wp-content\/uploads\/2025\/03\/Pita-Amore-poetisa-mexicana.jpg?fit=1200%2C675&ssl=1&resize=350%2C200","width":350,"height":200,"srcset":"https:\/\/i0.wp.com\/soclose.mx\/blog\/wp-content\/uploads\/2025\/03\/Pita-Amore-poetisa-mexicana.jpg?fit=1200%2C675&ssl=1&resize=350%2C200 1x, https:\/\/i0.wp.com\/soclose.mx\/blog\/wp-content\/uploads\/2025\/03\/Pita-Amore-poetisa-mexicana.jpg?fit=1200%2C675&ssl=1&resize=525%2C300 1.5x, https:\/\/i0.wp.com\/soclose.mx\/blog\/wp-content\/uploads\/2025\/03\/Pita-Amore-poetisa-mexicana.jpg?fit=1200%2C675&ssl=1&resize=700%2C400 2x, https:\/\/i0.wp.com\/soclose.mx\/blog\/wp-content\/uploads\/2025\/03\/Pita-Amore-poetisa-mexicana.jpg?fit=1200%2C675&ssl=1&resize=1050%2C600 3x"},"classes":[]},{"id":5835,"url":"https:\/\/soclose.mx\/blog\/comida-mexicana\/7-datos-que-debes-saber-sobre-el-pulque-el-elixir-de-los-dioses\/","url_meta":{"origin":6489,"position":2},"title":"7 datos que debes saber sobre el pulque, el elixir de los dioses","author":"So Close","date":"5 enero, 2024","format":false,"excerpt":"\u00a0 Es una bebida de origen prehisp\u00e1nico que se elabora a partir de la fermentaci\u00f3n de agave o maguey. Se produce principalmente en Tlaxcala, Estado de M\u00e9xico, Hidalgo, Ciudad de M\u00e9xico, Puebla, Morelos, Quer\u00e9taro, Guanajuato, Guerrero, Michoac\u00e1n, Oaxaca, San Luis Potos\u00ed, Jalisco, y Veracruz. Cuenta la leyenda que la princesa\u2026","rel":"","context":"En &quot;Bebida&quot;","block_context":{"text":"Bebida","link":"https:\/\/soclose.mx\/blog\/category\/bebida\/"},"img":{"alt_text":"","src":"https:\/\/i0.wp.com\/soclose.mx\/blog\/wp-content\/uploads\/2021\/03\/barra-de-pulque.jpg?fit=1200%2C677&ssl=1&resize=350%2C200","width":350,"height":200,"srcset":"https:\/\/i0.wp.com\/soclose.mx\/blog\/wp-content\/uploads\/2021\/03\/barra-de-pulque.jpg?fit=1200%2C677&ssl=1&resize=350%2C200 1x, https:\/\/i0.wp.com\/soclose.mx\/blog\/wp-content\/uploads\/2021\/03\/barra-de-pulque.jpg?fit=1200%2C677&ssl=1&resize=525%2C300 1.5x, https:\/\/i0.wp.com\/soclose.mx\/blog\/wp-content\/uploads\/2021\/03\/barra-de-pulque.jpg?fit=1200%2C677&ssl=1&resize=700%2C400 2x, https:\/\/i0.wp.com\/soclose.mx\/blog\/wp-content\/uploads\/2021\/03\/barra-de-pulque.jpg?fit=1200%2C677&ssl=1&resize=1050%2C600 3x"},"classes":[]},{"id":10565,"url":"https:\/\/soclose.mx\/blog\/ay-goeeee\/video-la-doble-mexicana-de-betty-la-fea\/","url_meta":{"origin":6489,"position":3},"title":"Video: \u00a1la doble mexicana de Betty, la Fea!","author":"Daniel Ram\u00edrez","date":"9 julio, 2022","format":false,"excerpt":"Este 10 de julio, la mayor\u00eda de los mexicanos estar\u00e1 (estaremos) muy triste porque la serie Yo soy Betty, la fea, saldr\u00e1 de Netflix. Si bien hay algunas parecidas con la serie original, no podr\u00e1n equiparar el \u00e9xito que tuvo durante su estancia en la plataforma y ser\u00e1 dif\u00edcil para\u2026","rel":"","context":"En &quot;\u00a1Ay goeeee!&quot;","block_context":{"text":"\u00a1Ay goeeee!","link":"https:\/\/soclose.mx\/blog\/category\/ay-goeeee\/"},"img":{"alt_text":"","src":"https:\/\/i0.wp.com\/soclose.mx\/blog\/wp-content\/uploads\/2022\/07\/WhatsApp-Image-2022-07-09-at-11.14.10-PM.jpeg?fit=1170%2C1184&ssl=1&resize=350%2C200","width":350,"height":200,"srcset":"https:\/\/i0.wp.com\/soclose.mx\/blog\/wp-content\/uploads\/2022\/07\/WhatsApp-Image-2022-07-09-at-11.14.10-PM.jpeg?fit=1170%2C1184&ssl=1&resize=350%2C200 1x, https:\/\/i0.wp.com\/soclose.mx\/blog\/wp-content\/uploads\/2022\/07\/WhatsApp-Image-2022-07-09-at-11.14.10-PM.jpeg?fit=1170%2C1184&ssl=1&resize=525%2C300 1.5x, https:\/\/i0.wp.com\/soclose.mx\/blog\/wp-content\/uploads\/2022\/07\/WhatsApp-Image-2022-07-09-at-11.14.10-PM.jpeg?fit=1170%2C1184&ssl=1&resize=700%2C400 2x, https:\/\/i0.wp.com\/soclose.mx\/blog\/wp-content\/uploads\/2022\/07\/WhatsApp-Image-2022-07-09-at-11.14.10-PM.jpeg?fit=1170%2C1184&ssl=1&resize=1050%2C600 3x"},"classes":[]},{"id":6843,"url":"https:\/\/soclose.mx\/blog\/ay-goeeee\/7-curiosidades-de-la-pintura-de-diego-rivera-desnudo-con-alcatraces\/","url_meta":{"origin":6489,"position":4},"title":"7 curiosidades de la pintura de Diego Rivera: &#8220;Desnudo con alcatraces&#8221;","author":"So Close","date":"10 agosto, 2021","format":false,"excerpt":"El pintor y muralista Diego Rivera, tambi\u00e9n conocido por su relaci\u00f3n con Frida Kahlo, entre sus obras realiz\u00f3 una que tuvo un peculiar impacto en su \u00e9poca, pero tambi\u00e9n gener\u00f3 atenci\u00f3n porque rompi\u00f3 un estereotipo de modelos al dibujar a una mujer que no era la cl\u00e1sica de origen cauc\u00e1sico.\u2026","rel":"","context":"En &quot;\u00a1Ay goeeee!&quot;","block_context":{"text":"\u00a1Ay goeeee!","link":"https:\/\/soclose.mx\/blog\/category\/ay-goeeee\/"},"img":{"alt_text":"","src":"https:\/\/i0.wp.com\/soclose.mx\/blog\/wp-content\/uploads\/2021\/08\/Desnudo-con-alcatraces.jpeg?fit=1200%2C677&ssl=1&resize=350%2C200","width":350,"height":200,"srcset":"https:\/\/i0.wp.com\/soclose.mx\/blog\/wp-content\/uploads\/2021\/08\/Desnudo-con-alcatraces.jpeg?fit=1200%2C677&ssl=1&resize=350%2C200 1x, https:\/\/i0.wp.com\/soclose.mx\/blog\/wp-content\/uploads\/2021\/08\/Desnudo-con-alcatraces.jpeg?fit=1200%2C677&ssl=1&resize=525%2C300 1.5x, https:\/\/i0.wp.com\/soclose.mx\/blog\/wp-content\/uploads\/2021\/08\/Desnudo-con-alcatraces.jpeg?fit=1200%2C677&ssl=1&resize=700%2C400 2x, https:\/\/i0.wp.com\/soclose.mx\/blog\/wp-content\/uploads\/2021\/08\/Desnudo-con-alcatraces.jpeg?fit=1200%2C677&ssl=1&resize=1050%2C600 3x"},"classes":[]},{"id":10819,"url":"https:\/\/soclose.mx\/blog\/ay-goeeee\/los-calendarios-con-imagenes-arte-popular-mexicano-de-principios-del-siglo-xx\/","url_meta":{"origin":6489,"position":5},"title":"Los calendarios con im\u00e1genes, arte popular mexicano de principios del siglo XX","author":"Daniel Ram\u00edrez","date":"4 agosto, 2022","format":false,"excerpt":"\u00bfQu\u00e9n en su casa no ha tenido un calendario que le regal\u00f3 a su mam\u00e1 el se\u00f1or de la carnicer\u00eda, de la poller\u00eda o de los abarrotes? Sin temor a equivocarnos, parece que todo mexicano. Ese regalo no solo es una imagen por s\u00ed sola con los 365 d\u00edas del\u2026","rel":"","context":"En &quot;\u00a1Ay goeeee!&quot;","block_context":{"text":"\u00a1Ay goeeee!","link":"https:\/\/soclose.mx\/blog\/category\/ay-goeeee\/"},"img":{"alt_text":"","src":"https:\/\/i0.wp.com\/soclose.mx\/blog\/wp-content\/uploads\/2022\/08\/cromo4.jpg?fit=965%2C793&ssl=1&resize=350%2C200","width":350,"height":200,"srcset":"https:\/\/i0.wp.com\/soclose.mx\/blog\/wp-content\/uploads\/2022\/08\/cromo4.jpg?fit=965%2C793&ssl=1&resize=350%2C200 1x, https:\/\/i0.wp.com\/soclose.mx\/blog\/wp-content\/uploads\/2022\/08\/cromo4.jpg?fit=965%2C793&ssl=1&resize=525%2C300 1.5x, https:\/\/i0.wp.com\/soclose.mx\/blog\/wp-content\/uploads\/2022\/08\/cromo4.jpg?fit=965%2C793&ssl=1&resize=700%2C400 2x"},"classes":[]}],"jetpack_sharing_enabled":true,"_links":{"self":[{"href":"https:\/\/soclose.mx\/blog\/wp-json\/wp\/v2\/posts\/6489","targetHints":{"allow":["GET"]}}],"collection":[{"href":"https:\/\/soclose.mx\/blog\/wp-json\/wp\/v2\/posts"}],"about":[{"href":"https:\/\/soclose.mx\/blog\/wp-json\/wp\/v2\/types\/post"}],"author":[{"embeddable":true,"href":"https:\/\/soclose.mx\/blog\/wp-json\/wp\/v2\/users\/1"}],"replies":[{"embeddable":true,"href":"https:\/\/soclose.mx\/blog\/wp-json\/wp\/v2\/comments?post=6489"}],"version-history":[{"count":0,"href":"https:\/\/soclose.mx\/blog\/wp-json\/wp\/v2\/posts\/6489\/revisions"}],"wp:featuredmedia":[{"embeddable":true,"href":"https:\/\/soclose.mx\/blog\/wp-json\/wp\/v2\/media\/6493"}],"wp:attachment":[{"href":"https:\/\/soclose.mx\/blog\/wp-json\/wp\/v2\/media?parent=6489"}],"wp:term":[{"taxonomy":"category","embeddable":true,"href":"https:\/\/soclose.mx\/blog\/wp-json\/wp\/v2\/categories?post=6489"},{"taxonomy":"post_tag","embeddable":true,"href":"https:\/\/soclose.mx\/blog\/wp-json\/wp\/v2\/tags?post=6489"}],"curies":[{"name":"wp","href":"https:\/\/api.w.org\/{rel}","templated":true}]}}