{"id":6524,"date":"2021-07-13T15:22:56","date_gmt":"2021-07-13T20:22:56","guid":{"rendered":"https:\/\/soclose.mx\/blog\/?p=6524"},"modified":"2021-07-13T15:22:56","modified_gmt":"2021-07-13T20:22:56","slug":"video-hallan-nueva-especie-de-pez-que-vivio-hace-95-millones-de-anos","status":"publish","type":"post","link":"https:\/\/soclose.mx\/blog\/ay-goeeee\/video-hallan-nueva-especie-de-pez-que-vivio-hace-95-millones-de-anos\/","title":{"rendered":"Video | Hallan nueva especie de pez que vivi\u00f3 hace 95 millones de a\u00f1os"},"content":{"rendered":"<p>En <a href=\"https:\/\/soclose.mx\/blog\/?s=chiapas\" target=\"_blank\" rel=\"noopener\"><strong>Chiapas<\/strong><\/a> fue hallado el <strong>f\u00f3sil de un pez<\/strong> cuya caracter\u00edstica principal es la presencia de numerosas espinas en las aletas dorsal y anal. Se trata de una especie que anteriormente no hab\u00eda sido identificada y que habit\u00f3 hace aproximadamente 95 millones de a\u00f1os; es decir, en la \u00e9poca de la existencia de los <strong>dinosaurios.<\/strong><\/p>\n<p>Paleont\u00f3logos del Instituto de Geolog\u00eda (IGl) de la UNAM lo encontraron en 2018 en la <strong>cantera El Chango<\/strong>, ubicada en el municipio de <strong>Ocozocoautla de Espinosa, <a href=\"https:\/\/soclose.mx\/blog\/?s=chiapas\" target=\"_blank\" rel=\"noopener\">Chiapas<\/a>,<\/strong> aproximadamente a 30 kil\u00f3metros de <strong>Tuxtla Guti\u00e9rrez,<\/strong> explic\u00f3 Kleyton Magno Cantalice Severiano, especialista en paleoictiolog\u00eda de esa entidad acad\u00e9mica y cuya descripci\u00f3n fue publicada en la revista brit\u00e1nica\u00a0<em>Papers in Palaeontology<\/em>.<\/p>\n<p>Junto con Eduardo Villalobos Segura, de la Colecci\u00f3n Nacional de Peces, y el doctorante Bruno Andr\u00e9s Than Marchese del posgrado en Ciencias en Biodiversidad y Conservaci\u00f3n de Ecosistemas Tropicales, de la Universidad de Ciencias y Artes de Chiapas, el experto describi\u00f3 el f\u00f3sil y lo bautizaron con el nombre\u00a0<strong><em>Choichix alvaradoi<\/em><\/strong>, en honor a Jes\u00fas Alvarado Ortega, quien dedica su vida acad\u00e9mica al estudio de los <strong>peces f\u00f3siles en M\u00e9xico<\/strong> y a la formaci\u00f3n de otros paleont\u00f3logos; tambi\u00e9n es un homenaje a la lengua que se habla en las comunidades cercanas de la cantera.<\/p>\n<p>Kleyton Magno Cantalice explic\u00f3 que <strong>Choichix alvaradoi<\/strong> es un g\u00e9nero y una especie nuevos para el mundo. El nombre del g\u00e9nero deriva de la combinaci\u00f3n del <strong>Tzotzil \u201cChoy\u201d, que significa pez; y \u201cCh\u00b4ix\u201d, espinas,<\/strong> en referencia al n\u00famero de espinas en las aleta dorsal y anal del f\u00f3sil.<\/p>\n<p><iframe loading=\"lazy\" title=\"YouTube video player\" src=\"https:\/\/www.youtube.com\/embed\/1lfAbAYkVV4\" width=\"560\" height=\"315\" frameborder=\"0\" allowfullscreen=\"allowfullscreen\"><\/iframe><\/p>\n<p>El especialista dijo que pertenece a un grupo grande de peces denominados acantomorfos (acanto=espina, morphos=forma) del cual forman parte casi todos aquellos que tienen una espina en sus aletas, como la <strong>mojarra, robalo, huachinango,<\/strong> entre otros que hoy se consumen como alimento.<\/p>\n<p>\u201cAunque el nuestro es uno de los m\u00e1s antiguos, descubrimos que se trata de un nuevo grupo de peces por el n\u00famero de espinas en la aleta dorsal, 13; mientras que otros dos ejemplares anteriores, tambi\u00e9n recolectados en esa zona, uno con ocho espinas y otro con tres; aunque este \u00faltimo est\u00e1 mucho m\u00e1s diferenciado, de ah\u00ed deriv\u00f3 el nombre que le dimos: <strong>pez con espinas\u201d<\/strong>.<\/p>\n<p>La localidad donde se realiz\u00f3 el hallazgo, expuso, es un lugar de f\u00f3siles conocido en M\u00e9xico; a partir de 2006 se reporta el descubrimiento de <strong>peces<\/strong> y tambi\u00e9n de plantas, moluscos, crust\u00e1ceos y amonitas. Es una zona del Cret\u00e1cico, espec\u00edficamente Cenomaniano, que es de hace aproximadamente 95 millones de a\u00f1os.<\/p>\n<p>\u201cPodr\u00edamos decir que esta especie vivi\u00f3 a la par de los<strong> dinosaurios<\/strong>, aunque esto no quiere decir que en esa cantera haya ese tipo de f\u00f3siles, pero s\u00ed la edad es la misma en la que \u00e9stos vivieron; se trata de una cantera donde hay colectas regulares, los ejemplares est\u00e1n muy bien preservados y lo que m\u00e1s se ha recolectado ah\u00ed son f\u00f3siles de peces\u201d, apunt\u00f3.<\/p>\n<p>Hasta el momento cuentan con nueve especies de peces encontrados en el lugar donde los <strong>restos f\u00f3siles<\/strong> permiten conocer el tipo de vida en el pasado remoto, incluso la clase de ecosistemas que existieron hace millones de a\u00f1os, refiri\u00f3.<\/p>\n<p>Espinas en las aletas<\/p>\n<p>Kleyton Magno Cantalice se\u00f1al\u00f3 que la caracter\u00edstica principal de este ejemplar es la presencia de <strong>espinas en las aletas<\/strong>, tanto en la dorsal como en la anal; sin embargo, no tiene espinas en la aleta p\u00e9lvica. La importancia de este hallazgo tambi\u00e9n radica en que los dem\u00e1s peces acantomorfos son conocidos por tener espinas en la aleta p\u00e9lvica.<\/p>\n<p>Al realizar un an\u00e1lisis filogen\u00e9tico observamos que el ejemplar ser\u00eda el linaje m\u00e1s cercano del ancestro com\u00fan de todos los peces que cuentan con espinas en las aletas, incluso en la p\u00e9lvica.<\/p>\n<p>Adem\u00e1s de que se trata de una nueva especie, subray\u00f3 Kleyton Magno, nos explica c\u00f3mo ocurri\u00f3 la evoluci\u00f3n de la estructura de la espina de la aleta p\u00e9lvica dentro de este grupo de peces. \u201cPodemos ver ah\u00ed un escenario de transformaci\u00f3n evolutiva que ocurri\u00f3 a lo largo del tiempo\u201d.<\/p>\n<p>El cient\u00edfico mencion\u00f3 que varios de los ejemplares colectados en otras localidades f\u00f3siles distantes a M\u00e9xico, como por ejemplo en el L\u00edbano, son similares a las encontradas en la cantera de <strong>El Chango.<\/strong><\/p>\n<p>Por lo anterior, se piensa que\u00a0<strong><em>Choichix alvaradoi<\/em><\/strong>\u00a0es la especie m\u00e1s primitiva dentro del an\u00e1lisis filogen\u00e9tico, lo que lleva a considerar que el origen de este grupo fue en nuestro pa\u00eds con dispersi\u00f3n y diversificaci\u00f3n hacia el mar de Tetis, un oc\u00e9ano de la era Mesozoica, previo a la aparici\u00f3n del oc\u00e9ano \u00cdndico.<\/p>\n<p>\u201cAntes se cre\u00eda que los peces se hab\u00edan originado all\u00e1 y que migraron a esta parte de Am\u00e9rica. Sin embargo, ahora vemos que los peces m\u00e1s antiguos y primitivos estaban en esta regi\u00f3n y posteriormente se diversificaron hacia el mar de Tetis\u201d, reiter\u00f3.<\/p>\n<p>Ese tambi\u00e9n es un hallazgo importante porque no solo lo vemos con este pez, sino con otros animales, lo que apunta a una nueva historia para este grupo, cuyo origen es americano y no europeo.<\/p>\n<p>Al concluir inform\u00f3 que\u00a0<strong><em>Choichix alvaradoi<\/em>\u00a0<\/strong>est\u00e1 depositado en la Colecci\u00f3n Nacional de Peces de la UNAM, donde queda resguardado y a disposici\u00f3n de quien desee consultarlo para su estudio.<\/p>\n<p>Fuente: comunicado <a href=\"https:\/\/www.dgcs.unam.mx\/index.html\" target=\"_blank\" rel=\"noopener\">UNAM.<\/a><\/p>\n","protected":false},"excerpt":{"rendered":"<p>En Chiapas fue hallado el f\u00f3sil de un pez cuya caracter\u00edstica principal es la presencia de numerosas espinas en las aletas dorsal y anal. Se trata de una especie que anteriormente no hab\u00eda sido identificada y que habit\u00f3 hace aproximadamente 95 millones de a\u00f1os; es decir, en la \u00e9poca de la existencia de los dinosaurios. Paleont\u00f3logos del Instituto de Geolog\u00eda (IGl) de la UNAM lo encontraron en 2018 en la cantera El Chango, ubicada en el municipio de Ocozocoautla de Espinosa, Chiapas, aproximadamente a 30 kil\u00f3metros de Tuxtla Guti\u00e9rrez, explic\u00f3 Kleyton Magno Cantalice Severiano, especialista en paleoictiolog\u00eda de esa entidad<\/p>\n","protected":false},"author":1,"featured_media":6527,"comment_status":"open","ping_status":"open","sticky":false,"template":"","format":"standard","meta":{"_jetpack_memberships_contains_paid_content":false,"footnotes":""},"categories":[1,628],"tags":[1080,1081,1078,1079],"class_list":["post-6524","post","type-post","status-publish","format-standard","has-post-thumbnail","hentry","category-ay-goeeee","category-news-feed","tag-choichix-alvaradoi","tag-dinosaurios","tag-fosiles","tag-pez"],"yoast_head":"<!-- This site is optimized with the Yoast SEO plugin v26.7 - https:\/\/yoast.com\/wordpress\/plugins\/seo\/ -->\n<title>Video | Hallan nueva especie de pez que vivi\u00f3 hace 95 millones de a\u00f1os - So Close<\/title>\n<meta name=\"description\" content=\"La localidad donde se realiz\u00f3 el hallazgo, expuso, es un lugar de f\u00f3siles conocido en M\u00e9xico; a partir de 2006.\" \/>\n<meta name=\"robots\" content=\"index, follow, max-snippet:-1, max-image-preview:large, max-video-preview:-1\" \/>\n<link rel=\"canonical\" href=\"https:\/\/soclose.mx\/blog\/ay-goeeee\/video-hallan-nueva-especie-de-pez-que-vivio-hace-95-millones-de-anos\/\" \/>\n<meta property=\"og:locale\" content=\"es_MX\" \/>\n<meta property=\"og:type\" content=\"article\" \/>\n<meta property=\"og:title\" content=\"Video | Hallan nueva especie de pez que vivi\u00f3 hace 95 millones de a\u00f1os - So Close\" \/>\n<meta property=\"og:description\" content=\"La localidad donde se realiz\u00f3 el hallazgo, expuso, es un lugar de f\u00f3siles conocido en M\u00e9xico; a partir de 2006.\" \/>\n<meta property=\"og:url\" content=\"https:\/\/soclose.mx\/blog\/ay-goeeee\/video-hallan-nueva-especie-de-pez-que-vivio-hace-95-millones-de-anos\/\" \/>\n<meta property=\"og:site_name\" content=\"So Close\" \/>\n<meta property=\"article:published_time\" content=\"2021-07-13T20:22:56+00:00\" \/>\n<meta property=\"og:image\" content=\"https:\/\/i0.wp.com\/soclose.mx\/blog\/wp-content\/uploads\/2021\/07\/fosil-pez.jpeg?fit=1240%2C700&ssl=1\" \/>\n\t<meta property=\"og:image:width\" content=\"1240\" \/>\n\t<meta property=\"og:image:height\" content=\"700\" \/>\n\t<meta property=\"og:image:type\" content=\"image\/jpeg\" \/>\n<meta name=\"author\" content=\"So Close\" \/>\n<meta name=\"twitter:card\" content=\"summary_large_image\" \/>\n<meta name=\"twitter:label1\" content=\"Escrito por\" \/>\n\t<meta name=\"twitter:data1\" content=\"So Close\" \/>\n\t<meta name=\"twitter:label2\" content=\"Tiempo de lectura\" \/>\n\t<meta name=\"twitter:data2\" content=\"4 minutos\" \/>\n<script type=\"application\/ld+json\" class=\"yoast-schema-graph\">{\"@context\":\"https:\/\/schema.org\",\"@graph\":[{\"@type\":\"Article\",\"@id\":\"https:\/\/soclose.mx\/blog\/ay-goeeee\/video-hallan-nueva-especie-de-pez-que-vivio-hace-95-millones-de-anos\/#article\",\"isPartOf\":{\"@id\":\"https:\/\/soclose.mx\/blog\/ay-goeeee\/video-hallan-nueva-especie-de-pez-que-vivio-hace-95-millones-de-anos\/\"},\"author\":{\"name\":\"So Close\",\"@id\":\"https:\/\/soclose.mx\/blog\/#\/schema\/person\/723eb117ab965b55c3e56b5d29751667\"},\"headline\":\"Video | Hallan nueva especie de pez que vivi\u00f3 hace 95 millones de a\u00f1os\",\"datePublished\":\"2021-07-13T20:22:56+00:00\",\"mainEntityOfPage\":{\"@id\":\"https:\/\/soclose.mx\/blog\/ay-goeeee\/video-hallan-nueva-especie-de-pez-que-vivio-hace-95-millones-de-anos\/\"},\"wordCount\":953,\"commentCount\":0,\"publisher\":{\"@id\":\"https:\/\/soclose.mx\/blog\/#organization\"},\"image\":{\"@id\":\"https:\/\/soclose.mx\/blog\/ay-goeeee\/video-hallan-nueva-especie-de-pez-que-vivio-hace-95-millones-de-anos\/#primaryimage\"},\"thumbnailUrl\":\"https:\/\/i0.wp.com\/soclose.mx\/blog\/wp-content\/uploads\/2021\/07\/fosil-pez.jpeg?fit=1240%2C700&ssl=1\",\"keywords\":[\"Choichix alvaradoi\",\"dinosaurios\",\"f\u00f3siles\",\"pez\"],\"articleSection\":[\"\u00a1Ay goeeee!\",\"News feed\"],\"inLanguage\":\"es\",\"potentialAction\":[{\"@type\":\"CommentAction\",\"name\":\"Comment\",\"target\":[\"https:\/\/soclose.mx\/blog\/ay-goeeee\/video-hallan-nueva-especie-de-pez-que-vivio-hace-95-millones-de-anos\/#respond\"]}]},{\"@type\":\"WebPage\",\"@id\":\"https:\/\/soclose.mx\/blog\/ay-goeeee\/video-hallan-nueva-especie-de-pez-que-vivio-hace-95-millones-de-anos\/\",\"url\":\"https:\/\/soclose.mx\/blog\/ay-goeeee\/video-hallan-nueva-especie-de-pez-que-vivio-hace-95-millones-de-anos\/\",\"name\":\"Video | Hallan nueva especie de pez que vivi\u00f3 hace 95 millones de a\u00f1os - So Close\",\"isPartOf\":{\"@id\":\"https:\/\/soclose.mx\/blog\/#website\"},\"primaryImageOfPage\":{\"@id\":\"https:\/\/soclose.mx\/blog\/ay-goeeee\/video-hallan-nueva-especie-de-pez-que-vivio-hace-95-millones-de-anos\/#primaryimage\"},\"image\":{\"@id\":\"https:\/\/soclose.mx\/blog\/ay-goeeee\/video-hallan-nueva-especie-de-pez-que-vivio-hace-95-millones-de-anos\/#primaryimage\"},\"thumbnailUrl\":\"https:\/\/i0.wp.com\/soclose.mx\/blog\/wp-content\/uploads\/2021\/07\/fosil-pez.jpeg?fit=1240%2C700&ssl=1\",\"datePublished\":\"2021-07-13T20:22:56+00:00\",\"description\":\"La localidad donde se realiz\u00f3 el hallazgo, expuso, es un lugar de f\u00f3siles conocido en M\u00e9xico; a partir de 2006.\",\"breadcrumb\":{\"@id\":\"https:\/\/soclose.mx\/blog\/ay-goeeee\/video-hallan-nueva-especie-de-pez-que-vivio-hace-95-millones-de-anos\/#breadcrumb\"},\"inLanguage\":\"es\",\"potentialAction\":[{\"@type\":\"ReadAction\",\"target\":[\"https:\/\/soclose.mx\/blog\/ay-goeeee\/video-hallan-nueva-especie-de-pez-que-vivio-hace-95-millones-de-anos\/\"]}]},{\"@type\":\"ImageObject\",\"inLanguage\":\"es\",\"@id\":\"https:\/\/soclose.mx\/blog\/ay-goeeee\/video-hallan-nueva-especie-de-pez-que-vivio-hace-95-millones-de-anos\/#primaryimage\",\"url\":\"https:\/\/i0.wp.com\/soclose.mx\/blog\/wp-content\/uploads\/2021\/07\/fosil-pez.jpeg?fit=1240%2C700&ssl=1\",\"contentUrl\":\"https:\/\/i0.wp.com\/soclose.mx\/blog\/wp-content\/uploads\/2021\/07\/fosil-pez.jpeg?fit=1240%2C700&ssl=1\",\"width\":1240,\"height\":700},{\"@type\":\"BreadcrumbList\",\"@id\":\"https:\/\/soclose.mx\/blog\/ay-goeeee\/video-hallan-nueva-especie-de-pez-que-vivio-hace-95-millones-de-anos\/#breadcrumb\",\"itemListElement\":[{\"@type\":\"ListItem\",\"position\":1,\"name\":\"Inicio\",\"item\":\"https:\/\/soclose.mx\/blog\/\"},{\"@type\":\"ListItem\",\"position\":2,\"name\":\"Video | Hallan nueva especie de pez que vivi\u00f3 hace 95 millones de a\u00f1os\"}]},{\"@type\":\"WebSite\",\"@id\":\"https:\/\/soclose.mx\/blog\/#website\",\"url\":\"https:\/\/soclose.mx\/blog\/\",\"name\":\"So Close\",\"description\":\"Hacemos contenidos de M\u00e9xico\",\"publisher\":{\"@id\":\"https:\/\/soclose.mx\/blog\/#organization\"},\"potentialAction\":[{\"@type\":\"SearchAction\",\"target\":{\"@type\":\"EntryPoint\",\"urlTemplate\":\"https:\/\/soclose.mx\/blog\/?s={search_term_string}\"},\"query-input\":{\"@type\":\"PropertyValueSpecification\",\"valueRequired\":true,\"valueName\":\"search_term_string\"}}],\"inLanguage\":\"es\"},{\"@type\":\"Organization\",\"@id\":\"https:\/\/soclose.mx\/blog\/#organization\",\"name\":\"So Close\",\"url\":\"https:\/\/soclose.mx\/blog\/\",\"logo\":{\"@type\":\"ImageObject\",\"inLanguage\":\"es\",\"@id\":\"https:\/\/soclose.mx\/blog\/#\/schema\/logo\/image\/\",\"url\":\"https:\/\/i0.wp.com\/soclose.mx\/blog\/wp-content\/uploads\/2020\/12\/LOGO_SOCLOSE_COLOR-e1608310133507.png?fit=2858%2C1264&ssl=1\",\"contentUrl\":\"https:\/\/i0.wp.com\/soclose.mx\/blog\/wp-content\/uploads\/2020\/12\/LOGO_SOCLOSE_COLOR-e1608310133507.png?fit=2858%2C1264&ssl=1\",\"width\":2858,\"height\":1264,\"caption\":\"So Close\"},\"image\":{\"@id\":\"https:\/\/soclose.mx\/blog\/#\/schema\/logo\/image\/\"}},{\"@type\":\"Person\",\"@id\":\"https:\/\/soclose.mx\/blog\/#\/schema\/person\/723eb117ab965b55c3e56b5d29751667\",\"name\":\"So Close\",\"image\":{\"@type\":\"ImageObject\",\"inLanguage\":\"es\",\"@id\":\"https:\/\/soclose.mx\/blog\/#\/schema\/person\/image\/\",\"url\":\"https:\/\/secure.gravatar.com\/avatar\/5a1d1d694eaf6d2c28f450f0984cbb34821b92dc49c1d088c0250fbc6a48efec?s=96&d=mm&r=g\",\"contentUrl\":\"https:\/\/secure.gravatar.com\/avatar\/5a1d1d694eaf6d2c28f450f0984cbb34821b92dc49c1d088c0250fbc6a48efec?s=96&d=mm&r=g\",\"caption\":\"So Close\"},\"sameAs\":[\"http:\/\/www.soclose.mx\",\"https:\/\/www.youtube.com\/@soclosemx\"],\"url\":\"https:\/\/soclose.mx\/blog\/author\/admin\/\"}]}<\/script>\n<!-- \/ Yoast SEO plugin. -->","yoast_head_json":{"title":"Video | Hallan nueva especie de pez que vivi\u00f3 hace 95 millones de a\u00f1os - So Close","description":"La localidad donde se realiz\u00f3 el hallazgo, expuso, es un lugar de f\u00f3siles conocido en M\u00e9xico; a partir de 2006.","robots":{"index":"index","follow":"follow","max-snippet":"max-snippet:-1","max-image-preview":"max-image-preview:large","max-video-preview":"max-video-preview:-1"},"canonical":"https:\/\/soclose.mx\/blog\/ay-goeeee\/video-hallan-nueva-especie-de-pez-que-vivio-hace-95-millones-de-anos\/","og_locale":"es_MX","og_type":"article","og_title":"Video | Hallan nueva especie de pez que vivi\u00f3 hace 95 millones de a\u00f1os - So Close","og_description":"La localidad donde se realiz\u00f3 el hallazgo, expuso, es un lugar de f\u00f3siles conocido en M\u00e9xico; a partir de 2006.","og_url":"https:\/\/soclose.mx\/blog\/ay-goeeee\/video-hallan-nueva-especie-de-pez-que-vivio-hace-95-millones-de-anos\/","og_site_name":"So Close","article_published_time":"2021-07-13T20:22:56+00:00","og_image":[{"width":1240,"height":700,"url":"https:\/\/i0.wp.com\/soclose.mx\/blog\/wp-content\/uploads\/2021\/07\/fosil-pez.jpeg?fit=1240%2C700&ssl=1","type":"image\/jpeg"}],"author":"So Close","twitter_card":"summary_large_image","twitter_misc":{"Escrito por":"So Close","Tiempo de lectura":"4 minutos"},"schema":{"@context":"https:\/\/schema.org","@graph":[{"@type":"Article","@id":"https:\/\/soclose.mx\/blog\/ay-goeeee\/video-hallan-nueva-especie-de-pez-que-vivio-hace-95-millones-de-anos\/#article","isPartOf":{"@id":"https:\/\/soclose.mx\/blog\/ay-goeeee\/video-hallan-nueva-especie-de-pez-que-vivio-hace-95-millones-de-anos\/"},"author":{"name":"So Close","@id":"https:\/\/soclose.mx\/blog\/#\/schema\/person\/723eb117ab965b55c3e56b5d29751667"},"headline":"Video | Hallan nueva especie de pez que vivi\u00f3 hace 95 millones de a\u00f1os","datePublished":"2021-07-13T20:22:56+00:00","mainEntityOfPage":{"@id":"https:\/\/soclose.mx\/blog\/ay-goeeee\/video-hallan-nueva-especie-de-pez-que-vivio-hace-95-millones-de-anos\/"},"wordCount":953,"commentCount":0,"publisher":{"@id":"https:\/\/soclose.mx\/blog\/#organization"},"image":{"@id":"https:\/\/soclose.mx\/blog\/ay-goeeee\/video-hallan-nueva-especie-de-pez-que-vivio-hace-95-millones-de-anos\/#primaryimage"},"thumbnailUrl":"https:\/\/i0.wp.com\/soclose.mx\/blog\/wp-content\/uploads\/2021\/07\/fosil-pez.jpeg?fit=1240%2C700&ssl=1","keywords":["Choichix alvaradoi","dinosaurios","f\u00f3siles","pez"],"articleSection":["\u00a1Ay goeeee!","News feed"],"inLanguage":"es","potentialAction":[{"@type":"CommentAction","name":"Comment","target":["https:\/\/soclose.mx\/blog\/ay-goeeee\/video-hallan-nueva-especie-de-pez-que-vivio-hace-95-millones-de-anos\/#respond"]}]},{"@type":"WebPage","@id":"https:\/\/soclose.mx\/blog\/ay-goeeee\/video-hallan-nueva-especie-de-pez-que-vivio-hace-95-millones-de-anos\/","url":"https:\/\/soclose.mx\/blog\/ay-goeeee\/video-hallan-nueva-especie-de-pez-que-vivio-hace-95-millones-de-anos\/","name":"Video | Hallan nueva especie de pez que vivi\u00f3 hace 95 millones de a\u00f1os - So Close","isPartOf":{"@id":"https:\/\/soclose.mx\/blog\/#website"},"primaryImageOfPage":{"@id":"https:\/\/soclose.mx\/blog\/ay-goeeee\/video-hallan-nueva-especie-de-pez-que-vivio-hace-95-millones-de-anos\/#primaryimage"},"image":{"@id":"https:\/\/soclose.mx\/blog\/ay-goeeee\/video-hallan-nueva-especie-de-pez-que-vivio-hace-95-millones-de-anos\/#primaryimage"},"thumbnailUrl":"https:\/\/i0.wp.com\/soclose.mx\/blog\/wp-content\/uploads\/2021\/07\/fosil-pez.jpeg?fit=1240%2C700&ssl=1","datePublished":"2021-07-13T20:22:56+00:00","description":"La localidad donde se realiz\u00f3 el hallazgo, expuso, es un lugar de f\u00f3siles conocido en M\u00e9xico; a partir de 2006.","breadcrumb":{"@id":"https:\/\/soclose.mx\/blog\/ay-goeeee\/video-hallan-nueva-especie-de-pez-que-vivio-hace-95-millones-de-anos\/#breadcrumb"},"inLanguage":"es","potentialAction":[{"@type":"ReadAction","target":["https:\/\/soclose.mx\/blog\/ay-goeeee\/video-hallan-nueva-especie-de-pez-que-vivio-hace-95-millones-de-anos\/"]}]},{"@type":"ImageObject","inLanguage":"es","@id":"https:\/\/soclose.mx\/blog\/ay-goeeee\/video-hallan-nueva-especie-de-pez-que-vivio-hace-95-millones-de-anos\/#primaryimage","url":"https:\/\/i0.wp.com\/soclose.mx\/blog\/wp-content\/uploads\/2021\/07\/fosil-pez.jpeg?fit=1240%2C700&ssl=1","contentUrl":"https:\/\/i0.wp.com\/soclose.mx\/blog\/wp-content\/uploads\/2021\/07\/fosil-pez.jpeg?fit=1240%2C700&ssl=1","width":1240,"height":700},{"@type":"BreadcrumbList","@id":"https:\/\/soclose.mx\/blog\/ay-goeeee\/video-hallan-nueva-especie-de-pez-que-vivio-hace-95-millones-de-anos\/#breadcrumb","itemListElement":[{"@type":"ListItem","position":1,"name":"Inicio","item":"https:\/\/soclose.mx\/blog\/"},{"@type":"ListItem","position":2,"name":"Video | Hallan nueva especie de pez que vivi\u00f3 hace 95 millones de a\u00f1os"}]},{"@type":"WebSite","@id":"https:\/\/soclose.mx\/blog\/#website","url":"https:\/\/soclose.mx\/blog\/","name":"So Close","description":"Hacemos contenidos de M\u00e9xico","publisher":{"@id":"https:\/\/soclose.mx\/blog\/#organization"},"potentialAction":[{"@type":"SearchAction","target":{"@type":"EntryPoint","urlTemplate":"https:\/\/soclose.mx\/blog\/?s={search_term_string}"},"query-input":{"@type":"PropertyValueSpecification","valueRequired":true,"valueName":"search_term_string"}}],"inLanguage":"es"},{"@type":"Organization","@id":"https:\/\/soclose.mx\/blog\/#organization","name":"So Close","url":"https:\/\/soclose.mx\/blog\/","logo":{"@type":"ImageObject","inLanguage":"es","@id":"https:\/\/soclose.mx\/blog\/#\/schema\/logo\/image\/","url":"https:\/\/i0.wp.com\/soclose.mx\/blog\/wp-content\/uploads\/2020\/12\/LOGO_SOCLOSE_COLOR-e1608310133507.png?fit=2858%2C1264&ssl=1","contentUrl":"https:\/\/i0.wp.com\/soclose.mx\/blog\/wp-content\/uploads\/2020\/12\/LOGO_SOCLOSE_COLOR-e1608310133507.png?fit=2858%2C1264&ssl=1","width":2858,"height":1264,"caption":"So Close"},"image":{"@id":"https:\/\/soclose.mx\/blog\/#\/schema\/logo\/image\/"}},{"@type":"Person","@id":"https:\/\/soclose.mx\/blog\/#\/schema\/person\/723eb117ab965b55c3e56b5d29751667","name":"So Close","image":{"@type":"ImageObject","inLanguage":"es","@id":"https:\/\/soclose.mx\/blog\/#\/schema\/person\/image\/","url":"https:\/\/secure.gravatar.com\/avatar\/5a1d1d694eaf6d2c28f450f0984cbb34821b92dc49c1d088c0250fbc6a48efec?s=96&d=mm&r=g","contentUrl":"https:\/\/secure.gravatar.com\/avatar\/5a1d1d694eaf6d2c28f450f0984cbb34821b92dc49c1d088c0250fbc6a48efec?s=96&d=mm&r=g","caption":"So Close"},"sameAs":["http:\/\/www.soclose.mx","https:\/\/www.youtube.com\/@soclosemx"],"url":"https:\/\/soclose.mx\/blog\/author\/admin\/"}]}},"jetpack_featured_media_url":"https:\/\/i0.wp.com\/soclose.mx\/blog\/wp-content\/uploads\/2021\/07\/fosil-pez.jpeg?fit=1240%2C700&ssl=1","jetpack-related-posts":[{"id":6057,"url":"https:\/\/soclose.mx\/blog\/news-feed\/inah-y-unam-descubren-nueva-especie-de-dinosaurio-como-las-de-parque-jurasico\/","url_meta":{"origin":6524,"position":0},"title":"INAH y UNAM descubren nueva especie de dinosaurio como las de Parque Jur\u00e1sico","author":"So Close","date":"13 mayo, 2021","format":false,"excerpt":"Hace 72 o 73 millones de a\u00f1os, un colosal dinosaurio herb\u00edvoro muri\u00f3 en lo que debi\u00f3 ser un cuerpo de agua copioso en sedimentos, por lo que su cuerpo qued\u00f3 r\u00e1pidamente cubierto por la tierra y pudo preservarse a lo largo de las eras, hasta que paleont\u00f3logos del Instituto Nacional\u2026","rel":"","context":"En &quot;News feed&quot;","block_context":{"text":"News feed","link":"https:\/\/soclose.mx\/blog\/category\/news-feed\/"},"img":{"alt_text":"","src":"https:\/\/i0.wp.com\/soclose.mx\/blog\/wp-content\/uploads\/2021\/05\/dinosaurio-Tlatolophus-galorum.jpeg?fit=1200%2C677&ssl=1&resize=350%2C200","width":350,"height":200,"srcset":"https:\/\/i0.wp.com\/soclose.mx\/blog\/wp-content\/uploads\/2021\/05\/dinosaurio-Tlatolophus-galorum.jpeg?fit=1200%2C677&ssl=1&resize=350%2C200 1x, https:\/\/i0.wp.com\/soclose.mx\/blog\/wp-content\/uploads\/2021\/05\/dinosaurio-Tlatolophus-galorum.jpeg?fit=1200%2C677&ssl=1&resize=525%2C300 1.5x, https:\/\/i0.wp.com\/soclose.mx\/blog\/wp-content\/uploads\/2021\/05\/dinosaurio-Tlatolophus-galorum.jpeg?fit=1200%2C677&ssl=1&resize=700%2C400 2x, https:\/\/i0.wp.com\/soclose.mx\/blog\/wp-content\/uploads\/2021\/05\/dinosaurio-Tlatolophus-galorum.jpeg?fit=1200%2C677&ssl=1&resize=1050%2C600 3x"},"classes":[]},{"id":9340,"url":"https:\/\/soclose.mx\/blog\/ay-goeeee\/5-datos-que-no-sabias-del-pez-tequila\/","url_meta":{"origin":6524,"position":1},"title":"5 datos que no sab\u00edas del pez tequila","author":"Miguel Angel Romero","date":"13 abril, 2022","format":false,"excerpt":"Parece un milagro, pero no lo es y es que el pez Tequila, que \"desapareci\u00f3\" desde 2003, ha sido devuelto a la naturaleza despu\u00e9s de haber sido declarado extinto. Es por eso que te presentamos 5 datos que quiz\u00e1s no sab\u00edas de esta fauna tan especial: Esta especie estaba pr\u00e1cticamente\u2026","rel":"","context":"En &quot;\u00a1Ay goeeee!&quot;","block_context":{"text":"\u00a1Ay goeeee!","link":"https:\/\/soclose.mx\/blog\/category\/ay-goeeee\/"},"img":{"alt_text":"","src":"https:\/\/i0.wp.com\/soclose.mx\/blog\/wp-content\/uploads\/2022\/03\/Copia-de-Principal-So-Close-blog-2-9.png?fit=1200%2C677&ssl=1&resize=350%2C200","width":350,"height":200,"srcset":"https:\/\/i0.wp.com\/soclose.mx\/blog\/wp-content\/uploads\/2022\/03\/Copia-de-Principal-So-Close-blog-2-9.png?fit=1200%2C677&ssl=1&resize=350%2C200 1x, https:\/\/i0.wp.com\/soclose.mx\/blog\/wp-content\/uploads\/2022\/03\/Copia-de-Principal-So-Close-blog-2-9.png?fit=1200%2C677&ssl=1&resize=525%2C300 1.5x, https:\/\/i0.wp.com\/soclose.mx\/blog\/wp-content\/uploads\/2022\/03\/Copia-de-Principal-So-Close-blog-2-9.png?fit=1200%2C677&ssl=1&resize=700%2C400 2x, https:\/\/i0.wp.com\/soclose.mx\/blog\/wp-content\/uploads\/2022\/03\/Copia-de-Principal-So-Close-blog-2-9.png?fit=1200%2C677&ssl=1&resize=1050%2C600 3x"},"classes":[]},{"id":10365,"url":"https:\/\/soclose.mx\/blog\/lugares\/los-dinosaurios-invaden-buenavista\/","url_meta":{"origin":6524,"position":2},"title":"\u00a1Los dinosaurios invaden Buenavista!","author":"Daniel Ram\u00edrez","date":"25 junio, 2022","format":false,"excerpt":"Si no tienes planes para llevara. tus peques a alg\u00fan lugar, \u00bfc\u00f3mo les caer\u00eda conocer y saber un poco m\u00e1s de los dinosaurios? En el estacionamiento azul de F\u00f3rum Buenavista de la Ciudad de M\u00e9xico, se encuentra una exposici\u00f3n sobre estos animales que habitaron nuestro planeta hace millones de a\u00f1os.\u2026","rel":"","context":"En &quot;Lugares&quot;","block_context":{"text":"Lugares","link":"https:\/\/soclose.mx\/blog\/category\/lugares\/"},"img":{"alt_text":"","src":"https:\/\/i0.wp.com\/soclose.mx\/blog\/wp-content\/uploads\/2022\/06\/pexels-mike-b-410859-scaled.jpg?fit=1200%2C800&ssl=1&resize=350%2C200","width":350,"height":200,"srcset":"https:\/\/i0.wp.com\/soclose.mx\/blog\/wp-content\/uploads\/2022\/06\/pexels-mike-b-410859-scaled.jpg?fit=1200%2C800&ssl=1&resize=350%2C200 1x, https:\/\/i0.wp.com\/soclose.mx\/blog\/wp-content\/uploads\/2022\/06\/pexels-mike-b-410859-scaled.jpg?fit=1200%2C800&ssl=1&resize=525%2C300 1.5x, https:\/\/i0.wp.com\/soclose.mx\/blog\/wp-content\/uploads\/2022\/06\/pexels-mike-b-410859-scaled.jpg?fit=1200%2C800&ssl=1&resize=700%2C400 2x, https:\/\/i0.wp.com\/soclose.mx\/blog\/wp-content\/uploads\/2022\/06\/pexels-mike-b-410859-scaled.jpg?fit=1200%2C800&ssl=1&resize=1050%2C600 3x"},"classes":[]},{"id":6567,"url":"https:\/\/soclose.mx\/blog\/news-feed\/una-persona-entrego-al-inah-mas-de-200-dientes-fosiles-posiblemente-de-un-megalodon\/","url_meta":{"origin":6524,"position":3},"title":"Una persona entreg\u00f3 al INAH m\u00e1s de 200 dientes f\u00f3siles, posiblemente de un megalodon","author":"So Close","date":"19 julio, 2021","format":false,"excerpt":"Otodus megalodon\u00a0es el nombre cient\u00edfico de una de las m\u00e1s grandes especies de tiburones que han surcado las aguas del planeta, y de la cual existen hoy vestigios f\u00f3siles. El pasado martes 13 de julio, un particular entreg\u00f3 al Instituto Nacional de Antropolog\u00eda e Historia (INAH) 211 dientes f\u00f3siles, presumiblemente\u2026","rel":"","context":"En &quot;News feed&quot;","block_context":{"text":"News feed","link":"https:\/\/soclose.mx\/blog\/category\/news-feed\/"},"img":{"alt_text":"","src":"https:\/\/i0.wp.com\/soclose.mx\/blog\/wp-content\/uploads\/2021\/07\/colmillos-megalodon.jpeg?fit=1200%2C677&ssl=1&resize=350%2C200","width":350,"height":200,"srcset":"https:\/\/i0.wp.com\/soclose.mx\/blog\/wp-content\/uploads\/2021\/07\/colmillos-megalodon.jpeg?fit=1200%2C677&ssl=1&resize=350%2C200 1x, https:\/\/i0.wp.com\/soclose.mx\/blog\/wp-content\/uploads\/2021\/07\/colmillos-megalodon.jpeg?fit=1200%2C677&ssl=1&resize=525%2C300 1.5x, https:\/\/i0.wp.com\/soclose.mx\/blog\/wp-content\/uploads\/2021\/07\/colmillos-megalodon.jpeg?fit=1200%2C677&ssl=1&resize=700%2C400 2x, https:\/\/i0.wp.com\/soclose.mx\/blog\/wp-content\/uploads\/2021\/07\/colmillos-megalodon.jpeg?fit=1200%2C677&ssl=1&resize=1050%2C600 3x"},"classes":[]},{"id":9470,"url":"https:\/\/soclose.mx\/blog\/news-feed\/esta-exposicion-es-para-ti-si-amas-los-dinosaurios\/","url_meta":{"origin":6524,"position":4},"title":"\u00c9sta exposici\u00f3n es para ti, si amas los dinosaurios&#8230;","author":"Miguel Angel Romero","date":"24 marzo, 2022","format":false,"excerpt":"Si te apasiona el mundo de los\u00a0dinosaurios,\u00a0 tienes que visitar\u00a0Dinosaurios Animatronics,\u00a0un espacio que te transportar\u00e1 a la\u00a0era Cret\u00e1cica.\u00a0 En tu propio auto\u00a0o a bordo de un\u00a0trenecito\u00a0vas a poder recorrer\u00a04,000\u00a0metros\u00a0cuadrados en los que est\u00e1n distribuidos\u00a024 dinosaurios\u00a0de tama\u00f1o real que emiten sonidos, en 12 escenarios fant\u00e1sticos. Si viajas en el tren, durante\u2026","rel":"","context":"En &quot;News feed&quot;","block_context":{"text":"News feed","link":"https:\/\/soclose.mx\/blog\/category\/news-feed\/"},"img":{"alt_text":"","src":"https:\/\/i0.wp.com\/soclose.mx\/blog\/wp-content\/uploads\/2022\/03\/Copia-de-Principal-So-Close-blog-21.png?fit=1200%2C677&ssl=1&resize=350%2C200","width":350,"height":200,"srcset":"https:\/\/i0.wp.com\/soclose.mx\/blog\/wp-content\/uploads\/2022\/03\/Copia-de-Principal-So-Close-blog-21.png?fit=1200%2C677&ssl=1&resize=350%2C200 1x, https:\/\/i0.wp.com\/soclose.mx\/blog\/wp-content\/uploads\/2022\/03\/Copia-de-Principal-So-Close-blog-21.png?fit=1200%2C677&ssl=1&resize=525%2C300 1.5x, https:\/\/i0.wp.com\/soclose.mx\/blog\/wp-content\/uploads\/2022\/03\/Copia-de-Principal-So-Close-blog-21.png?fit=1200%2C677&ssl=1&resize=700%2C400 2x, https:\/\/i0.wp.com\/soclose.mx\/blog\/wp-content\/uploads\/2022\/03\/Copia-de-Principal-So-Close-blog-21.png?fit=1200%2C677&ssl=1&resize=1050%2C600 3x"},"classes":[]},{"id":6685,"url":"https:\/\/soclose.mx\/blog\/lugares\/cinco-playas-en-chiapas-que-te-estan-esperando-este-verano-y-todo-el-ano\/","url_meta":{"origin":6524,"position":5},"title":"Cinco playas en Chiapas que te est\u00e1n esperando&#8230; todo el a\u00f1o","author":"So Close","date":"28 julio, 2021","format":false,"excerpt":"Para vivir y visitar las playas de Chiapas en M\u00e9xico, no es necesario que lo hagas en verano, pero definitivamente s\u00ed es una \u00e9poca del a\u00f1o que estos lugares que te recomendamos se convierten en verdaderos espacios de placer. Puerto Arista Es una de las principales playas de Chiapas; tiene\u2026","rel":"","context":"En &quot;Lugares&quot;","block_context":{"text":"Lugares","link":"https:\/\/soclose.mx\/blog\/category\/lugares\/"},"img":{"alt_text":"","src":"https:\/\/i0.wp.com\/soclose.mx\/blog\/wp-content\/uploads\/2021\/07\/puerto-arista-chiapas.jpeg?fit=1200%2C677&ssl=1&resize=350%2C200","width":350,"height":200,"srcset":"https:\/\/i0.wp.com\/soclose.mx\/blog\/wp-content\/uploads\/2021\/07\/puerto-arista-chiapas.jpeg?fit=1200%2C677&ssl=1&resize=350%2C200 1x, https:\/\/i0.wp.com\/soclose.mx\/blog\/wp-content\/uploads\/2021\/07\/puerto-arista-chiapas.jpeg?fit=1200%2C677&ssl=1&resize=525%2C300 1.5x, https:\/\/i0.wp.com\/soclose.mx\/blog\/wp-content\/uploads\/2021\/07\/puerto-arista-chiapas.jpeg?fit=1200%2C677&ssl=1&resize=700%2C400 2x, https:\/\/i0.wp.com\/soclose.mx\/blog\/wp-content\/uploads\/2021\/07\/puerto-arista-chiapas.jpeg?fit=1200%2C677&ssl=1&resize=1050%2C600 3x"},"classes":[]}],"jetpack_sharing_enabled":true,"_links":{"self":[{"href":"https:\/\/soclose.mx\/blog\/wp-json\/wp\/v2\/posts\/6524","targetHints":{"allow":["GET"]}}],"collection":[{"href":"https:\/\/soclose.mx\/blog\/wp-json\/wp\/v2\/posts"}],"about":[{"href":"https:\/\/soclose.mx\/blog\/wp-json\/wp\/v2\/types\/post"}],"author":[{"embeddable":true,"href":"https:\/\/soclose.mx\/blog\/wp-json\/wp\/v2\/users\/1"}],"replies":[{"embeddable":true,"href":"https:\/\/soclose.mx\/blog\/wp-json\/wp\/v2\/comments?post=6524"}],"version-history":[{"count":0,"href":"https:\/\/soclose.mx\/blog\/wp-json\/wp\/v2\/posts\/6524\/revisions"}],"wp:featuredmedia":[{"embeddable":true,"href":"https:\/\/soclose.mx\/blog\/wp-json\/wp\/v2\/media\/6527"}],"wp:attachment":[{"href":"https:\/\/soclose.mx\/blog\/wp-json\/wp\/v2\/media?parent=6524"}],"wp:term":[{"taxonomy":"category","embeddable":true,"href":"https:\/\/soclose.mx\/blog\/wp-json\/wp\/v2\/categories?post=6524"},{"taxonomy":"post_tag","embeddable":true,"href":"https:\/\/soclose.mx\/blog\/wp-json\/wp\/v2\/tags?post=6524"}],"curies":[{"name":"wp","href":"https:\/\/api.w.org\/{rel}","templated":true}]}}