{"id":6528,"date":"2021-07-13T19:06:43","date_gmt":"2021-07-14T00:06:43","guid":{"rendered":"https:\/\/soclose.mx\/blog\/?p=6528"},"modified":"2021-07-13T19:06:43","modified_gmt":"2021-07-14T00:06:43","slug":"5-frases-de-frida-kahlo-que-hablan-de-su-amor-por-la-vida","status":"publish","type":"post","link":"https:\/\/soclose.mx\/blog\/ay-goeeee\/5-frases-de-frida-kahlo-que-hablan-de-su-amor-por-la-vida\/","title":{"rendered":"5 frases de Frida Kahlo que hablan de su amor por la vida"},"content":{"rendered":"<p>El 13 de julio <a href=\"https:\/\/soclose.mx\/blog\/10-datos-de-frida-kahlo-antes-de-ser-artista\/\" target=\"_blank\" rel=\"noopener\"><strong>Frida Kahlo<\/strong><\/a> muri\u00f3 a los 47 a\u00f1os de edad y fue velada en el <strong>Palacio de Bellas Artes,<\/strong> pero de acuerdo con su biograf\u00eda publicada en el sitio <a href=\"https:\/\/www.museofridakahlo.org.mx\/es\/\" target=\"_blank\" rel=\"noopener\"><strong>museofridakahlo.org.mx<\/strong><\/a>:<\/p>\n<blockquote><p><em><a href=\"https:\/\/soclose.mx\/blog\/10-datos-de-frida-kahlo-antes-de-ser-artista\/\" target=\"_blank\" rel=\"noopener\"><strong>Frida<\/strong><\/a> escribi\u00f3, al final de su Diario, antes de su muerte, a manera de despedida:<\/em> \u201cEspero alegre la salida y espero no volver jam\u00e1s\u201d.<\/p><\/blockquote>\n<p>Y en <strong>So Close<\/strong> nos dimos a la tarea de seleccionar aquellas palabras que la hicieron inmortal en nuestro <strong>#M\u00e9xicoChulo<\/strong> y en el mundo por su <strong>amor a la vida<\/strong>:<\/p>\n<blockquote><p>Pies para qu\u00e9 los quiero si tengo alas pa\u2019 volar<\/p>\n<p>Quiz\u00e1 esperen o\u00edr de m\u00ed lamentos de lo mucho que se sufre viviendo con un hombre como Diego. Pero yo no creo que las m\u00e1rgenes de un r\u00edo sufran por dejarlo correr (\u2026).<\/p>\n<p>Cada tic-tac es un segundo de la vida que pasa, huye, y no se repite. Y hay en ella tanta intensidad, tanto inter\u00e9s, que el problema es solo saberla <strong>vivir.<\/strong> Que cada uno lo resuelva como pueda.<\/p>\n<p>\u00bfQui\u00e9n dir\u00eda que las manchas viven y ayudan a <strong>vivir<\/strong>? Tinta, sangre, olor\u2026 \u00bfQu\u00e9 har\u00eda yo sin lo absurdo y lo fugaz?<\/p>\n<p>El arte m\u00e1s poderoso de la <strong>vida<\/strong> es hacer del dolor un talism\u00e1n que cura, una mariposa que renace florecida en fiesta de colores.<\/p><\/blockquote>\n<p>&nbsp;<\/p>\n","protected":false},"excerpt":{"rendered":"<p>El 13 de julio Frida Kahlo muri\u00f3 a los 47 a\u00f1os de edad y fue velada en el Palacio de Bellas Artes, pero de acuerdo con su biograf\u00eda publicada en el sitio museofridakahlo.org.mx: Frida escribi\u00f3, al final de su Diario, antes de su muerte, a manera de despedida: \u201cEspero alegre la salida y espero no volver jam\u00e1s\u201d. Y en So Close nos dimos a la tarea de seleccionar aquellas palabras que la hicieron inmortal en nuestro #M\u00e9xicoChulo y en el mundo por su amor a la vida: Pies para qu\u00e9 los quiero si tengo alas pa\u2019 volar Quiz\u00e1 esperen o\u00edr<\/p>\n","protected":false},"author":1,"featured_media":6536,"comment_status":"open","ping_status":"open","sticky":false,"template":"","format":"standard","meta":{"_jetpack_memberships_contains_paid_content":false,"footnotes":""},"categories":[1],"tags":[1053,127,1082,1083],"class_list":["post-6528","post","type-post","status-publish","format-standard","has-post-thumbnail","hentry","category-ay-goeeee","tag-casa-azul","tag-frida-kahlo","tag-museo-frida-kahlo","tag-pies-para-que-los-quiero-si-tengo-alas-pa-volar"],"yoast_head":"<!-- This site is optimized with the Yoast SEO plugin v26.7 - https:\/\/yoast.com\/wordpress\/plugins\/seo\/ -->\n<title>5 frases de Frida Kahlo que hablan de su amor por la vida - So Close<\/title>\n<meta name=\"description\" content=\"Frida escribi\u00f3, al final de su Diario, antes de su muerte, a manera de despedida: \u201cEspero alegre la salida y espero no volver jam\u00e1s\u201d.\" \/>\n<meta name=\"robots\" content=\"index, follow, max-snippet:-1, max-image-preview:large, max-video-preview:-1\" \/>\n<link rel=\"canonical\" href=\"https:\/\/soclose.mx\/blog\/ay-goeeee\/5-frases-de-frida-kahlo-que-hablan-de-su-amor-por-la-vida\/\" \/>\n<meta property=\"og:locale\" content=\"es_MX\" \/>\n<meta property=\"og:type\" content=\"article\" \/>\n<meta property=\"og:title\" content=\"5 frases de Frida Kahlo que hablan de su amor por la vida - So Close\" \/>\n<meta property=\"og:description\" content=\"Frida escribi\u00f3, al final de su Diario, antes de su muerte, a manera de despedida: \u201cEspero alegre la salida y espero no volver jam\u00e1s\u201d.\" \/>\n<meta property=\"og:url\" content=\"https:\/\/soclose.mx\/blog\/ay-goeeee\/5-frases-de-frida-kahlo-que-hablan-de-su-amor-por-la-vida\/\" \/>\n<meta property=\"og:site_name\" content=\"So Close\" \/>\n<meta property=\"article:published_time\" content=\"2021-07-14T00:06:43+00:00\" \/>\n<meta property=\"og:image\" content=\"https:\/\/i0.wp.com\/soclose.mx\/blog\/wp-content\/uploads\/2021\/07\/frida-kahlo-1.jpeg?fit=1240%2C700&ssl=1\" \/>\n\t<meta property=\"og:image:width\" content=\"1240\" \/>\n\t<meta property=\"og:image:height\" content=\"700\" \/>\n\t<meta property=\"og:image:type\" content=\"image\/jpeg\" \/>\n<meta name=\"author\" content=\"So Close\" \/>\n<meta name=\"twitter:card\" content=\"summary_large_image\" \/>\n<meta name=\"twitter:label1\" content=\"Escrito por\" \/>\n\t<meta name=\"twitter:data1\" content=\"So Close\" \/>\n\t<meta name=\"twitter:label2\" content=\"Tiempo de lectura\" \/>\n\t<meta name=\"twitter:data2\" content=\"1 minuto\" \/>\n<script type=\"application\/ld+json\" class=\"yoast-schema-graph\">{\"@context\":\"https:\/\/schema.org\",\"@graph\":[{\"@type\":\"Article\",\"@id\":\"https:\/\/soclose.mx\/blog\/ay-goeeee\/5-frases-de-frida-kahlo-que-hablan-de-su-amor-por-la-vida\/#article\",\"isPartOf\":{\"@id\":\"https:\/\/soclose.mx\/blog\/ay-goeeee\/5-frases-de-frida-kahlo-que-hablan-de-su-amor-por-la-vida\/\"},\"author\":{\"name\":\"So Close\",\"@id\":\"https:\/\/soclose.mx\/blog\/#\/schema\/person\/723eb117ab965b55c3e56b5d29751667\"},\"headline\":\"5 frases de Frida Kahlo que hablan de su amor por la vida\",\"datePublished\":\"2021-07-14T00:06:43+00:00\",\"mainEntityOfPage\":{\"@id\":\"https:\/\/soclose.mx\/blog\/ay-goeeee\/5-frases-de-frida-kahlo-que-hablan-de-su-amor-por-la-vida\/\"},\"wordCount\":238,\"commentCount\":0,\"publisher\":{\"@id\":\"https:\/\/soclose.mx\/blog\/#organization\"},\"image\":{\"@id\":\"https:\/\/soclose.mx\/blog\/ay-goeeee\/5-frases-de-frida-kahlo-que-hablan-de-su-amor-por-la-vida\/#primaryimage\"},\"thumbnailUrl\":\"https:\/\/i0.wp.com\/soclose.mx\/blog\/wp-content\/uploads\/2021\/07\/frida-kahlo-1.jpeg?fit=1240%2C700&ssl=1\",\"keywords\":[\"casa azul\",\"frida kahlo\",\"museo frida kahlo\",\"Pies para qu\u00e9 los quiero si tengo alas pa\u2019 volar\"],\"articleSection\":[\"\u00a1Ay goeeee!\"],\"inLanguage\":\"es\",\"potentialAction\":[{\"@type\":\"CommentAction\",\"name\":\"Comment\",\"target\":[\"https:\/\/soclose.mx\/blog\/ay-goeeee\/5-frases-de-frida-kahlo-que-hablan-de-su-amor-por-la-vida\/#respond\"]}]},{\"@type\":\"WebPage\",\"@id\":\"https:\/\/soclose.mx\/blog\/ay-goeeee\/5-frases-de-frida-kahlo-que-hablan-de-su-amor-por-la-vida\/\",\"url\":\"https:\/\/soclose.mx\/blog\/ay-goeeee\/5-frases-de-frida-kahlo-que-hablan-de-su-amor-por-la-vida\/\",\"name\":\"5 frases de Frida Kahlo que hablan de su amor por la vida - So Close\",\"isPartOf\":{\"@id\":\"https:\/\/soclose.mx\/blog\/#website\"},\"primaryImageOfPage\":{\"@id\":\"https:\/\/soclose.mx\/blog\/ay-goeeee\/5-frases-de-frida-kahlo-que-hablan-de-su-amor-por-la-vida\/#primaryimage\"},\"image\":{\"@id\":\"https:\/\/soclose.mx\/blog\/ay-goeeee\/5-frases-de-frida-kahlo-que-hablan-de-su-amor-por-la-vida\/#primaryimage\"},\"thumbnailUrl\":\"https:\/\/i0.wp.com\/soclose.mx\/blog\/wp-content\/uploads\/2021\/07\/frida-kahlo-1.jpeg?fit=1240%2C700&ssl=1\",\"datePublished\":\"2021-07-14T00:06:43+00:00\",\"description\":\"Frida escribi\u00f3, al final de su Diario, antes de su muerte, a manera de despedida: \u201cEspero alegre la salida y espero no volver jam\u00e1s\u201d.\",\"breadcrumb\":{\"@id\":\"https:\/\/soclose.mx\/blog\/ay-goeeee\/5-frases-de-frida-kahlo-que-hablan-de-su-amor-por-la-vida\/#breadcrumb\"},\"inLanguage\":\"es\",\"potentialAction\":[{\"@type\":\"ReadAction\",\"target\":[\"https:\/\/soclose.mx\/blog\/ay-goeeee\/5-frases-de-frida-kahlo-que-hablan-de-su-amor-por-la-vida\/\"]}]},{\"@type\":\"ImageObject\",\"inLanguage\":\"es\",\"@id\":\"https:\/\/soclose.mx\/blog\/ay-goeeee\/5-frases-de-frida-kahlo-que-hablan-de-su-amor-por-la-vida\/#primaryimage\",\"url\":\"https:\/\/i0.wp.com\/soclose.mx\/blog\/wp-content\/uploads\/2021\/07\/frida-kahlo-1.jpeg?fit=1240%2C700&ssl=1\",\"contentUrl\":\"https:\/\/i0.wp.com\/soclose.mx\/blog\/wp-content\/uploads\/2021\/07\/frida-kahlo-1.jpeg?fit=1240%2C700&ssl=1\",\"width\":1240,\"height\":700},{\"@type\":\"BreadcrumbList\",\"@id\":\"https:\/\/soclose.mx\/blog\/ay-goeeee\/5-frases-de-frida-kahlo-que-hablan-de-su-amor-por-la-vida\/#breadcrumb\",\"itemListElement\":[{\"@type\":\"ListItem\",\"position\":1,\"name\":\"Inicio\",\"item\":\"https:\/\/soclose.mx\/blog\/\"},{\"@type\":\"ListItem\",\"position\":2,\"name\":\"5 frases de Frida Kahlo que hablan de su amor por la vida\"}]},{\"@type\":\"WebSite\",\"@id\":\"https:\/\/soclose.mx\/blog\/#website\",\"url\":\"https:\/\/soclose.mx\/blog\/\",\"name\":\"So Close\",\"description\":\"Hacemos contenidos de M\u00e9xico\",\"publisher\":{\"@id\":\"https:\/\/soclose.mx\/blog\/#organization\"},\"potentialAction\":[{\"@type\":\"SearchAction\",\"target\":{\"@type\":\"EntryPoint\",\"urlTemplate\":\"https:\/\/soclose.mx\/blog\/?s={search_term_string}\"},\"query-input\":{\"@type\":\"PropertyValueSpecification\",\"valueRequired\":true,\"valueName\":\"search_term_string\"}}],\"inLanguage\":\"es\"},{\"@type\":\"Organization\",\"@id\":\"https:\/\/soclose.mx\/blog\/#organization\",\"name\":\"So Close\",\"url\":\"https:\/\/soclose.mx\/blog\/\",\"logo\":{\"@type\":\"ImageObject\",\"inLanguage\":\"es\",\"@id\":\"https:\/\/soclose.mx\/blog\/#\/schema\/logo\/image\/\",\"url\":\"https:\/\/i0.wp.com\/soclose.mx\/blog\/wp-content\/uploads\/2020\/12\/LOGO_SOCLOSE_COLOR-e1608310133507.png?fit=2858%2C1264&ssl=1\",\"contentUrl\":\"https:\/\/i0.wp.com\/soclose.mx\/blog\/wp-content\/uploads\/2020\/12\/LOGO_SOCLOSE_COLOR-e1608310133507.png?fit=2858%2C1264&ssl=1\",\"width\":2858,\"height\":1264,\"caption\":\"So Close\"},\"image\":{\"@id\":\"https:\/\/soclose.mx\/blog\/#\/schema\/logo\/image\/\"}},{\"@type\":\"Person\",\"@id\":\"https:\/\/soclose.mx\/blog\/#\/schema\/person\/723eb117ab965b55c3e56b5d29751667\",\"name\":\"So Close\",\"image\":{\"@type\":\"ImageObject\",\"inLanguage\":\"es\",\"@id\":\"https:\/\/soclose.mx\/blog\/#\/schema\/person\/image\/\",\"url\":\"https:\/\/secure.gravatar.com\/avatar\/5a1d1d694eaf6d2c28f450f0984cbb34821b92dc49c1d088c0250fbc6a48efec?s=96&d=mm&r=g\",\"contentUrl\":\"https:\/\/secure.gravatar.com\/avatar\/5a1d1d694eaf6d2c28f450f0984cbb34821b92dc49c1d088c0250fbc6a48efec?s=96&d=mm&r=g\",\"caption\":\"So Close\"},\"sameAs\":[\"http:\/\/www.soclose.mx\",\"https:\/\/www.youtube.com\/@soclosemx\"],\"url\":\"https:\/\/soclose.mx\/blog\/author\/admin\/\"}]}<\/script>\n<!-- \/ Yoast SEO plugin. -->","yoast_head_json":{"title":"5 frases de Frida Kahlo que hablan de su amor por la vida - So Close","description":"Frida escribi\u00f3, al final de su Diario, antes de su muerte, a manera de despedida: \u201cEspero alegre la salida y espero no volver jam\u00e1s\u201d.","robots":{"index":"index","follow":"follow","max-snippet":"max-snippet:-1","max-image-preview":"max-image-preview:large","max-video-preview":"max-video-preview:-1"},"canonical":"https:\/\/soclose.mx\/blog\/ay-goeeee\/5-frases-de-frida-kahlo-que-hablan-de-su-amor-por-la-vida\/","og_locale":"es_MX","og_type":"article","og_title":"5 frases de Frida Kahlo que hablan de su amor por la vida - So Close","og_description":"Frida escribi\u00f3, al final de su Diario, antes de su muerte, a manera de despedida: \u201cEspero alegre la salida y espero no volver jam\u00e1s\u201d.","og_url":"https:\/\/soclose.mx\/blog\/ay-goeeee\/5-frases-de-frida-kahlo-que-hablan-de-su-amor-por-la-vida\/","og_site_name":"So Close","article_published_time":"2021-07-14T00:06:43+00:00","og_image":[{"width":1240,"height":700,"url":"https:\/\/i0.wp.com\/soclose.mx\/blog\/wp-content\/uploads\/2021\/07\/frida-kahlo-1.jpeg?fit=1240%2C700&ssl=1","type":"image\/jpeg"}],"author":"So Close","twitter_card":"summary_large_image","twitter_misc":{"Escrito por":"So Close","Tiempo de lectura":"1 minuto"},"schema":{"@context":"https:\/\/schema.org","@graph":[{"@type":"Article","@id":"https:\/\/soclose.mx\/blog\/ay-goeeee\/5-frases-de-frida-kahlo-que-hablan-de-su-amor-por-la-vida\/#article","isPartOf":{"@id":"https:\/\/soclose.mx\/blog\/ay-goeeee\/5-frases-de-frida-kahlo-que-hablan-de-su-amor-por-la-vida\/"},"author":{"name":"So Close","@id":"https:\/\/soclose.mx\/blog\/#\/schema\/person\/723eb117ab965b55c3e56b5d29751667"},"headline":"5 frases de Frida Kahlo que hablan de su amor por la vida","datePublished":"2021-07-14T00:06:43+00:00","mainEntityOfPage":{"@id":"https:\/\/soclose.mx\/blog\/ay-goeeee\/5-frases-de-frida-kahlo-que-hablan-de-su-amor-por-la-vida\/"},"wordCount":238,"commentCount":0,"publisher":{"@id":"https:\/\/soclose.mx\/blog\/#organization"},"image":{"@id":"https:\/\/soclose.mx\/blog\/ay-goeeee\/5-frases-de-frida-kahlo-que-hablan-de-su-amor-por-la-vida\/#primaryimage"},"thumbnailUrl":"https:\/\/i0.wp.com\/soclose.mx\/blog\/wp-content\/uploads\/2021\/07\/frida-kahlo-1.jpeg?fit=1240%2C700&ssl=1","keywords":["casa azul","frida kahlo","museo frida kahlo","Pies para qu\u00e9 los quiero si tengo alas pa\u2019 volar"],"articleSection":["\u00a1Ay goeeee!"],"inLanguage":"es","potentialAction":[{"@type":"CommentAction","name":"Comment","target":["https:\/\/soclose.mx\/blog\/ay-goeeee\/5-frases-de-frida-kahlo-que-hablan-de-su-amor-por-la-vida\/#respond"]}]},{"@type":"WebPage","@id":"https:\/\/soclose.mx\/blog\/ay-goeeee\/5-frases-de-frida-kahlo-que-hablan-de-su-amor-por-la-vida\/","url":"https:\/\/soclose.mx\/blog\/ay-goeeee\/5-frases-de-frida-kahlo-que-hablan-de-su-amor-por-la-vida\/","name":"5 frases de Frida Kahlo que hablan de su amor por la vida - So Close","isPartOf":{"@id":"https:\/\/soclose.mx\/blog\/#website"},"primaryImageOfPage":{"@id":"https:\/\/soclose.mx\/blog\/ay-goeeee\/5-frases-de-frida-kahlo-que-hablan-de-su-amor-por-la-vida\/#primaryimage"},"image":{"@id":"https:\/\/soclose.mx\/blog\/ay-goeeee\/5-frases-de-frida-kahlo-que-hablan-de-su-amor-por-la-vida\/#primaryimage"},"thumbnailUrl":"https:\/\/i0.wp.com\/soclose.mx\/blog\/wp-content\/uploads\/2021\/07\/frida-kahlo-1.jpeg?fit=1240%2C700&ssl=1","datePublished":"2021-07-14T00:06:43+00:00","description":"Frida escribi\u00f3, al final de su Diario, antes de su muerte, a manera de despedida: \u201cEspero alegre la salida y espero no volver jam\u00e1s\u201d.","breadcrumb":{"@id":"https:\/\/soclose.mx\/blog\/ay-goeeee\/5-frases-de-frida-kahlo-que-hablan-de-su-amor-por-la-vida\/#breadcrumb"},"inLanguage":"es","potentialAction":[{"@type":"ReadAction","target":["https:\/\/soclose.mx\/blog\/ay-goeeee\/5-frases-de-frida-kahlo-que-hablan-de-su-amor-por-la-vida\/"]}]},{"@type":"ImageObject","inLanguage":"es","@id":"https:\/\/soclose.mx\/blog\/ay-goeeee\/5-frases-de-frida-kahlo-que-hablan-de-su-amor-por-la-vida\/#primaryimage","url":"https:\/\/i0.wp.com\/soclose.mx\/blog\/wp-content\/uploads\/2021\/07\/frida-kahlo-1.jpeg?fit=1240%2C700&ssl=1","contentUrl":"https:\/\/i0.wp.com\/soclose.mx\/blog\/wp-content\/uploads\/2021\/07\/frida-kahlo-1.jpeg?fit=1240%2C700&ssl=1","width":1240,"height":700},{"@type":"BreadcrumbList","@id":"https:\/\/soclose.mx\/blog\/ay-goeeee\/5-frases-de-frida-kahlo-que-hablan-de-su-amor-por-la-vida\/#breadcrumb","itemListElement":[{"@type":"ListItem","position":1,"name":"Inicio","item":"https:\/\/soclose.mx\/blog\/"},{"@type":"ListItem","position":2,"name":"5 frases de Frida Kahlo que hablan de su amor por la vida"}]},{"@type":"WebSite","@id":"https:\/\/soclose.mx\/blog\/#website","url":"https:\/\/soclose.mx\/blog\/","name":"So Close","description":"Hacemos contenidos de M\u00e9xico","publisher":{"@id":"https:\/\/soclose.mx\/blog\/#organization"},"potentialAction":[{"@type":"SearchAction","target":{"@type":"EntryPoint","urlTemplate":"https:\/\/soclose.mx\/blog\/?s={search_term_string}"},"query-input":{"@type":"PropertyValueSpecification","valueRequired":true,"valueName":"search_term_string"}}],"inLanguage":"es"},{"@type":"Organization","@id":"https:\/\/soclose.mx\/blog\/#organization","name":"So Close","url":"https:\/\/soclose.mx\/blog\/","logo":{"@type":"ImageObject","inLanguage":"es","@id":"https:\/\/soclose.mx\/blog\/#\/schema\/logo\/image\/","url":"https:\/\/i0.wp.com\/soclose.mx\/blog\/wp-content\/uploads\/2020\/12\/LOGO_SOCLOSE_COLOR-e1608310133507.png?fit=2858%2C1264&ssl=1","contentUrl":"https:\/\/i0.wp.com\/soclose.mx\/blog\/wp-content\/uploads\/2020\/12\/LOGO_SOCLOSE_COLOR-e1608310133507.png?fit=2858%2C1264&ssl=1","width":2858,"height":1264,"caption":"So Close"},"image":{"@id":"https:\/\/soclose.mx\/blog\/#\/schema\/logo\/image\/"}},{"@type":"Person","@id":"https:\/\/soclose.mx\/blog\/#\/schema\/person\/723eb117ab965b55c3e56b5d29751667","name":"So Close","image":{"@type":"ImageObject","inLanguage":"es","@id":"https:\/\/soclose.mx\/blog\/#\/schema\/person\/image\/","url":"https:\/\/secure.gravatar.com\/avatar\/5a1d1d694eaf6d2c28f450f0984cbb34821b92dc49c1d088c0250fbc6a48efec?s=96&d=mm&r=g","contentUrl":"https:\/\/secure.gravatar.com\/avatar\/5a1d1d694eaf6d2c28f450f0984cbb34821b92dc49c1d088c0250fbc6a48efec?s=96&d=mm&r=g","caption":"So Close"},"sameAs":["http:\/\/www.soclose.mx","https:\/\/www.youtube.com\/@soclosemx"],"url":"https:\/\/soclose.mx\/blog\/author\/admin\/"}]}},"jetpack_featured_media_url":"https:\/\/i0.wp.com\/soclose.mx\/blog\/wp-content\/uploads\/2021\/07\/frida-kahlo-1.jpeg?fit=1240%2C700&ssl=1","jetpack-related-posts":[{"id":9007,"url":"https:\/\/soclose.mx\/blog\/ay-goeeee\/nick-muray-el-otro-amor-de-frida-kahlo\/","url_meta":{"origin":6528,"position":0},"title":"Nickolas Muray: el otro amor de Frida Kahlo","author":"Miguel Angel Romero","date":"12 abril, 2022","format":false,"excerpt":"Nickolas Muray fue uno de los fot\u00f3grafos m\u00e1s relevantes entre los a\u00f1os 20 y 40, su nombre tambi\u00e9n resuena al ser de las personas m\u00e1s allegadas a Frida Kahlo. En su trayectoria profesional captur\u00f3 a celebridades del mundo pol\u00edtico, literario, musical y art\u00edstico como\u00a0Marilyn Monroe, David Herbert Richards Lawrence, Anna\u2026","rel":"","context":"En &quot;\u00a1Ay goeeee!&quot;","block_context":{"text":"\u00a1Ay goeeee!","link":"https:\/\/soclose.mx\/blog\/category\/ay-goeeee\/"},"img":{"alt_text":"","src":"https:\/\/i0.wp.com\/soclose.mx\/blog\/wp-content\/uploads\/2022\/02\/Copia-de-Principal-So-Close-blog-2-4.png?fit=1200%2C677&ssl=1&resize=350%2C200","width":350,"height":200,"srcset":"https:\/\/i0.wp.com\/soclose.mx\/blog\/wp-content\/uploads\/2022\/02\/Copia-de-Principal-So-Close-blog-2-4.png?fit=1200%2C677&ssl=1&resize=350%2C200 1x, https:\/\/i0.wp.com\/soclose.mx\/blog\/wp-content\/uploads\/2022\/02\/Copia-de-Principal-So-Close-blog-2-4.png?fit=1200%2C677&ssl=1&resize=525%2C300 1.5x, https:\/\/i0.wp.com\/soclose.mx\/blog\/wp-content\/uploads\/2022\/02\/Copia-de-Principal-So-Close-blog-2-4.png?fit=1200%2C677&ssl=1&resize=700%2C400 2x, https:\/\/i0.wp.com\/soclose.mx\/blog\/wp-content\/uploads\/2022\/02\/Copia-de-Principal-So-Close-blog-2-4.png?fit=1200%2C677&ssl=1&resize=1050%2C600 3x"},"classes":[]},{"id":10573,"url":"https:\/\/soclose.mx\/blog\/ay-goeeee\/frida-kahlo-mas-famosa-que-vincent-van-gogh-y-picasso\/","url_meta":{"origin":6528,"position":1},"title":"Frida Kahlo, m\u00e1s famosa que Vincent van Gogh y Picasso","author":"Daniel Ram\u00edrez","date":"12 julio, 2022","format":false,"excerpt":"\u00bfQu\u00e9 hiciste durante la etapa m\u00e1s cr\u00edtica de la pandemia de COVID-19? Si buscaste en Google sobre la vida, obra y otras cosas de Frida Kahlo, fuiste parte de millones que lo hicieron en esa etapa. Ken Bromley Arts Supplies, una empresa dedicada a la venta de materiales de arte,\u2026","rel":"","context":"En &quot;\u00a1Ay goeeee!&quot;","block_context":{"text":"\u00a1Ay goeeee!","link":"https:\/\/soclose.mx\/blog\/category\/ay-goeeee\/"},"img":{"alt_text":"","src":"https:\/\/i0.wp.com\/soclose.mx\/blog\/wp-content\/uploads\/2018\/05\/frida-kahlo.jpg?fit=1140%2C730&ssl=1&resize=350%2C200","width":350,"height":200,"srcset":"https:\/\/i0.wp.com\/soclose.mx\/blog\/wp-content\/uploads\/2018\/05\/frida-kahlo.jpg?fit=1140%2C730&ssl=1&resize=350%2C200 1x, https:\/\/i0.wp.com\/soclose.mx\/blog\/wp-content\/uploads\/2018\/05\/frida-kahlo.jpg?fit=1140%2C730&ssl=1&resize=525%2C300 1.5x, https:\/\/i0.wp.com\/soclose.mx\/blog\/wp-content\/uploads\/2018\/05\/frida-kahlo.jpg?fit=1140%2C730&ssl=1&resize=700%2C400 2x, https:\/\/i0.wp.com\/soclose.mx\/blog\/wp-content\/uploads\/2018\/05\/frida-kahlo.jpg?fit=1140%2C730&ssl=1&resize=1050%2C600 3x"},"classes":[]},{"id":6429,"url":"https:\/\/soclose.mx\/blog\/ay-goeeee\/10-datos-de-frida-kahlo-antes-de-ser-artista\/","url_meta":{"origin":6528,"position":2},"title":"10 datos de Frida Kahlo antes de ser artista","author":"So Close","date":"6 julio, 2021","format":false,"excerpt":"Magdalena Carmen Frida Kahlo Calder\u00f3n, nombre completo de la artista mexicana Frida Kahlo, naci\u00f3 el 6 de julio de 1907 en la Ciudad de M\u00e9xico y como todos sabemos, se cas\u00f3 con Diego Rivera, pero antes de eso y antes de conocer todo su arte, \u00bfqu\u00e9 vivi\u00f3 la peque\u00f1a \"Friducha\"?\u2026","rel":"","context":"En &quot;\u00a1Ay goeeee!&quot;","block_context":{"text":"\u00a1Ay goeeee!","link":"https:\/\/soclose.mx\/blog\/category\/ay-goeeee\/"},"img":{"alt_text":"","src":"https:\/\/i0.wp.com\/soclose.mx\/blog\/wp-content\/uploads\/2021\/07\/frida-kahlo.jpeg?fit=1200%2C677&ssl=1&resize=350%2C200","width":350,"height":200,"srcset":"https:\/\/i0.wp.com\/soclose.mx\/blog\/wp-content\/uploads\/2021\/07\/frida-kahlo.jpeg?fit=1200%2C677&ssl=1&resize=350%2C200 1x, https:\/\/i0.wp.com\/soclose.mx\/blog\/wp-content\/uploads\/2021\/07\/frida-kahlo.jpeg?fit=1200%2C677&ssl=1&resize=525%2C300 1.5x, https:\/\/i0.wp.com\/soclose.mx\/blog\/wp-content\/uploads\/2021\/07\/frida-kahlo.jpeg?fit=1200%2C677&ssl=1&resize=700%2C400 2x, https:\/\/i0.wp.com\/soclose.mx\/blog\/wp-content\/uploads\/2021\/07\/frida-kahlo.jpeg?fit=1200%2C677&ssl=1&resize=1050%2C600 3x"},"classes":[]},{"id":9170,"url":"https:\/\/soclose.mx\/blog\/a-la-mexicana\/frida-kahlo-y-diego-rivera-llegan-a-la-novela-grafica\/","url_meta":{"origin":6528,"position":3},"title":"Frida Kahlo y Diego Rivera llegan a la novela gr\u00e1fica","author":"Miguel Angel Romero","date":"2 marzo, 2022","format":false,"excerpt":"Inspirado en La fabulosa vida de\u00a0Diego Rivera\u00a0de Bertram D. Wolfe, el ilustrador mexicano\u00a0Francisco de la Mora decidi\u00f3 llevar a Diego Rivera a la novela gr\u00e1fica. Diego Rivera, como se titula la historieta\u00a0 ilustrada por Jos\u00e9 Luis Pescador y publicada por el sello ingl\u00e9s SelfMadeHero, (empresa que dedica sus n\u00fameros a\u2026","rel":"","context":"En &quot;A la mexicana&quot;","block_context":{"text":"A la mexicana","link":"https:\/\/soclose.mx\/blog\/category\/a-la-mexicana\/"},"img":{"alt_text":"","src":"https:\/\/i0.wp.com\/soclose.mx\/blog\/wp-content\/uploads\/2022\/03\/f960x540-484000_558075_0.jpg?fit=960%2C540&ssl=1&resize=350%2C200","width":350,"height":200,"srcset":"https:\/\/i0.wp.com\/soclose.mx\/blog\/wp-content\/uploads\/2022\/03\/f960x540-484000_558075_0.jpg?fit=960%2C540&ssl=1&resize=350%2C200 1x, https:\/\/i0.wp.com\/soclose.mx\/blog\/wp-content\/uploads\/2022\/03\/f960x540-484000_558075_0.jpg?fit=960%2C540&ssl=1&resize=525%2C300 1.5x, https:\/\/i0.wp.com\/soclose.mx\/blog\/wp-content\/uploads\/2022\/03\/f960x540-484000_558075_0.jpg?fit=960%2C540&ssl=1&resize=700%2C400 2x"},"classes":[]},{"id":7736,"url":"https:\/\/soclose.mx\/blog\/news-feed\/la-experiencia-inmersiva-para-que-conozcas-aun-mas-a-frida\/","url_meta":{"origin":6528,"position":4},"title":"La experiencia inmersiva para que conozcas a\u00fan m\u00e1s a Frida","author":"Miguel Angel Romero","date":"10 noviembre, 2021","format":false,"excerpt":"Frida Inmersiva\u00a0es una exposici\u00f3n que invita a vivir, sentir y redescubrir a la emblem\u00e1tica artista Frida Kahlo. As\u00ed es, por medio de una experiencia interactiva que se lleva a cabo en el Front\u00f3n M\u00e9xico, podr\u00e1s admirar de una manera innovadora y tecnol\u00f3gica las ic\u00f3nicas pinturas que hicieron de su vida\u2026","rel":"","context":"En &quot;News feed&quot;","block_context":{"text":"News feed","link":"https:\/\/soclose.mx\/blog\/category\/news-feed\/"},"img":{"alt_text":"","src":"https:\/\/i0.wp.com\/soclose.mx\/blog\/wp-content\/uploads\/2021\/11\/Copia-de-Principal-So-Close-blog-4-1.png?fit=1200%2C677&ssl=1&resize=350%2C200","width":350,"height":200,"srcset":"https:\/\/i0.wp.com\/soclose.mx\/blog\/wp-content\/uploads\/2021\/11\/Copia-de-Principal-So-Close-blog-4-1.png?fit=1200%2C677&ssl=1&resize=350%2C200 1x, https:\/\/i0.wp.com\/soclose.mx\/blog\/wp-content\/uploads\/2021\/11\/Copia-de-Principal-So-Close-blog-4-1.png?fit=1200%2C677&ssl=1&resize=525%2C300 1.5x, https:\/\/i0.wp.com\/soclose.mx\/blog\/wp-content\/uploads\/2021\/11\/Copia-de-Principal-So-Close-blog-4-1.png?fit=1200%2C677&ssl=1&resize=700%2C400 2x, https:\/\/i0.wp.com\/soclose.mx\/blog\/wp-content\/uploads\/2021\/11\/Copia-de-Principal-So-Close-blog-4-1.png?fit=1200%2C677&ssl=1&resize=1050%2C600 3x"},"classes":[]},{"id":10499,"url":"https:\/\/soclose.mx\/blog\/a-la-mexicana\/conoce-yo-y-mis-pericos-una-de-las-pinturas-de-frida-kahlo-mas-caras-en-la-historia-del-arte\/","url_meta":{"origin":6528,"position":5},"title":"Conoce &#8220;Yo y mis Pericos&#8221;, una de las pinturas de Frida Kahlo m\u00e1s caras en la historia del arte","author":"Daniel Ram\u00edrez","date":"5 julio, 2022","format":false,"excerpt":"Pintar, pintamos todos, pero pocos fueron tocados con la varita m\u00e1gica para ser capaces de realizar cuadros incre\u00edbles. Como Frida Kahlo, la pintora mexicana quien hizo verdaderas maravillas con las que deslumbr\u00f3 y deleit\u00f3 al mundo entero. Muestra de ello es el valor que tienen sus obras, como el cuadro\u2026","rel":"","context":"En &quot;A la mexicana&quot;","block_context":{"text":"A la mexicana","link":"https:\/\/soclose.mx\/blog\/category\/a-la-mexicana\/"},"img":{"alt_text":"","src":"https:\/\/i0.wp.com\/soclose.mx\/blog\/wp-content\/uploads\/2022\/07\/pexels-tim-mossholder-10681850-scaled.jpg?fit=1200%2C800&ssl=1&resize=350%2C200","width":350,"height":200,"srcset":"https:\/\/i0.wp.com\/soclose.mx\/blog\/wp-content\/uploads\/2022\/07\/pexels-tim-mossholder-10681850-scaled.jpg?fit=1200%2C800&ssl=1&resize=350%2C200 1x, https:\/\/i0.wp.com\/soclose.mx\/blog\/wp-content\/uploads\/2022\/07\/pexels-tim-mossholder-10681850-scaled.jpg?fit=1200%2C800&ssl=1&resize=525%2C300 1.5x, https:\/\/i0.wp.com\/soclose.mx\/blog\/wp-content\/uploads\/2022\/07\/pexels-tim-mossholder-10681850-scaled.jpg?fit=1200%2C800&ssl=1&resize=700%2C400 2x, https:\/\/i0.wp.com\/soclose.mx\/blog\/wp-content\/uploads\/2022\/07\/pexels-tim-mossholder-10681850-scaled.jpg?fit=1200%2C800&ssl=1&resize=1050%2C600 3x"},"classes":[]}],"jetpack_sharing_enabled":true,"_links":{"self":[{"href":"https:\/\/soclose.mx\/blog\/wp-json\/wp\/v2\/posts\/6528","targetHints":{"allow":["GET"]}}],"collection":[{"href":"https:\/\/soclose.mx\/blog\/wp-json\/wp\/v2\/posts"}],"about":[{"href":"https:\/\/soclose.mx\/blog\/wp-json\/wp\/v2\/types\/post"}],"author":[{"embeddable":true,"href":"https:\/\/soclose.mx\/blog\/wp-json\/wp\/v2\/users\/1"}],"replies":[{"embeddable":true,"href":"https:\/\/soclose.mx\/blog\/wp-json\/wp\/v2\/comments?post=6528"}],"version-history":[{"count":0,"href":"https:\/\/soclose.mx\/blog\/wp-json\/wp\/v2\/posts\/6528\/revisions"}],"wp:featuredmedia":[{"embeddable":true,"href":"https:\/\/soclose.mx\/blog\/wp-json\/wp\/v2\/media\/6536"}],"wp:attachment":[{"href":"https:\/\/soclose.mx\/blog\/wp-json\/wp\/v2\/media?parent=6528"}],"wp:term":[{"taxonomy":"category","embeddable":true,"href":"https:\/\/soclose.mx\/blog\/wp-json\/wp\/v2\/categories?post=6528"},{"taxonomy":"post_tag","embeddable":true,"href":"https:\/\/soclose.mx\/blog\/wp-json\/wp\/v2\/tags?post=6528"}],"curies":[{"name":"wp","href":"https:\/\/api.w.org\/{rel}","templated":true}]}}