{"id":6537,"date":"2021-07-14T15:46:15","date_gmt":"2021-07-14T20:46:15","guid":{"rendered":"https:\/\/soclose.mx\/blog\/?p=6537"},"modified":"2021-07-14T15:46:15","modified_gmt":"2021-07-14T20:46:15","slug":"las-zonas-arqueologicas-de-alta-vista-y-cerro-del-teul-en-zacatecas-reabriran-a-la-visita-publica-este-15-de-julio","status":"publish","type":"post","link":"https:\/\/soclose.mx\/blog\/news-feed\/las-zonas-arqueologicas-de-alta-vista-y-cerro-del-teul-en-zacatecas-reabriran-a-la-visita-publica-este-15-de-julio\/","title":{"rendered":"Las zonas arqueol\u00f3gicas de Alta Vista y Cerro del Te\u00fal, en Zacatecas, reabrir\u00e1n a la visita p\u00fablica este 15 de julio"},"content":{"rendered":"<p>La Secretar\u00eda de Cultura del Gobierno de M\u00e9xico informa sobre la reapertura de las zonas arqueol\u00f3gicas de <strong>Alta Vista y Cerro del Te\u00fal;<\/strong> as\u00ed como la ampliaci\u00f3n de los d\u00edas de visita de la <strong><a href=\"https:\/\/soclose.mx\/blog\/?s=Zona+Arqueol%C3%B3gica\" target=\"_blank\" rel=\"noopener\">Zona Arqueol\u00f3gica<\/a> de La Quemada<\/strong> a partir de este jueves 15 de julio, bajo estrictas medidas sanitarias.<\/p>\n<p>Los <strong>sitios arqueol\u00f3gicos de Alta Vista y Cerro del Te\u00fal<\/strong> estar\u00e1n abiertos al p\u00fablico a partir del 15 de julio.<\/p>\n<p>En el acceso a estos espacios se har\u00e1 la aplicaci\u00f3n de alcohol gel y toma de temperatura, revisi\u00f3n del uso obligatorio y adecuado del cubrebocas; se pide mantener la sana distancia de 1.50 metros entre los visitantes de distintos grupos durante toda la visita.<\/p>\n<p>La <strong><a href=\"https:\/\/soclose.mx\/blog\/?s=Zona+Arqueol%C3%B3gica\" target=\"_blank\" rel=\"noopener\">Zona Arqueol\u00f3gica<\/a> y Museo de Sitio de Alta Vista<\/strong>, en el municipio de <strong>Chalchihuites,<\/strong> abrir\u00e1 de jueves a domingo de 9:30 a 17:00 horas, con \u00faltimo acceso a las 16:00 horas. El ingreso ser\u00e1 en grupos no mayores a 10 personas, con aforo m\u00e1ximo de 30 personas de manera simult\u00e1nea en la <strong>zona arqueol\u00f3gica<\/strong> y de 20 en el museo de sitio, as\u00ed como 250 visitantes por d\u00eda.<\/p>\n<p>En tanto, la <strong><a href=\"https:\/\/soclose.mx\/blog\/?s=Zona+Arqueol%C3%B3gica\" target=\"_blank\" rel=\"noopener\">Zona Arqueol\u00f3gica<\/a> Cerro del Te\u00fal<\/strong>, en el municipio de <strong>Te\u00fal de Gonz\u00e1lez Ortega,<\/strong> abrir\u00e1 de jueves a domingo de 9:30 a 17:00, con \u00faltimo acceso a las 16:00 horas. El acceso ser\u00e1 en grupos no mayores a 10 personas, con un aforo m\u00e1ximo de 80 personas de manera simult\u00e1nea, y 250 visitantes por d\u00eda.<\/p>\n<p>&nbsp;<\/p>\n<p><strong>La Quemada amplia horario de visita<\/strong><\/p>\n<p>&nbsp;<\/p>\n<p>La <strong>Zona de Monumentos Arqueol\u00f3gicos La Quemad<\/strong><strong>a<\/strong>, en el municipio de <strong>Villanueva,<\/strong> ampliar\u00e1 sus d\u00edas de servicio de jueves a domingo, de 9:30 a 17:00 horas, con \u00faltimo acceso a las 16:00 horas. El Museo de Sitio abrir\u00e1 de 9:30 a 16:00 horas. El acceso ser\u00e1 en grupos no mayores a 10 personas, con un aforo 80 personas de manera simult\u00e1nea en la Zona Arqueol\u00f3gica y 20 personas de manera simult\u00e1nea en el museo de sitio, un total de 420 visitantes por d\u00eda.<\/p>\n<p>Fuente: <a href=\"https:\/\/www.inah.gob.mx\/\" target=\"_blank\" rel=\"noopener\">INAH.<\/a><\/p>\n","protected":false},"excerpt":{"rendered":"<p>La Secretar\u00eda de Cultura del Gobierno de M\u00e9xico informa sobre la reapertura de las zonas arqueol\u00f3gicas de Alta Vista y Cerro del Te\u00fal; as\u00ed como la ampliaci\u00f3n de los d\u00edas de visita de la Zona Arqueol\u00f3gica de La Quemada a partir de este jueves 15 de julio, bajo estrictas medidas sanitarias. Los sitios arqueol\u00f3gicos de Alta Vista y Cerro del Te\u00fal estar\u00e1n abiertos al p\u00fablico a partir del 15 de julio. En el acceso a estos espacios se har\u00e1 la aplicaci\u00f3n de alcohol gel y toma de temperatura, revisi\u00f3n del uso obligatorio y adecuado del cubrebocas; se pide mantener la<\/p>\n","protected":false},"author":1,"featured_media":6541,"comment_status":"open","ping_status":"open","sticky":false,"template":"","format":"standard","meta":{"_jetpack_memberships_contains_paid_content":false,"footnotes":""},"categories":[628],"tags":[1084,1085,1086,1087],"class_list":["post-6537","post","type-post","status-publish","format-standard","has-post-thumbnail","hentry","category-news-feed","tag-alta-vista","tag-cerro-del-teul","tag-la-quemada","tag-teul-de-gonzalez-ortega"],"yoast_head":"<!-- This site is optimized with the Yoast SEO plugin v26.7 - https:\/\/yoast.com\/wordpress\/plugins\/seo\/ -->\n<title>Las zonas arqueol\u00f3gicas de Alta Vista y Cerro del Te\u00fal, en Zacatecas, reabrir\u00e1n a la visita p\u00fablica este 15 de julio - So Close<\/title>\n<meta name=\"description\" content=\"la Zona Arqueol\u00f3gica Cerro del Te\u00fal, en el municipio de Te\u00fal de Gonz\u00e1lez Ortega, abrir\u00e1 de jueves a domingo de 9:30 a 17:00.\" \/>\n<meta name=\"robots\" content=\"index, follow, max-snippet:-1, max-image-preview:large, max-video-preview:-1\" \/>\n<link rel=\"canonical\" href=\"https:\/\/soclose.mx\/blog\/news-feed\/las-zonas-arqueologicas-de-alta-vista-y-cerro-del-teul-en-zacatecas-reabriran-a-la-visita-publica-este-15-de-julio\/\" \/>\n<meta property=\"og:locale\" content=\"es_MX\" \/>\n<meta property=\"og:type\" content=\"article\" \/>\n<meta property=\"og:title\" content=\"Las zonas arqueol\u00f3gicas de Alta Vista y Cerro del Te\u00fal, en Zacatecas, reabrir\u00e1n a la visita p\u00fablica este 15 de julio - So Close\" \/>\n<meta property=\"og:description\" content=\"la Zona Arqueol\u00f3gica Cerro del Te\u00fal, en el municipio de Te\u00fal de Gonz\u00e1lez Ortega, abrir\u00e1 de jueves a domingo de 9:30 a 17:00.\" \/>\n<meta property=\"og:url\" content=\"https:\/\/soclose.mx\/blog\/news-feed\/las-zonas-arqueologicas-de-alta-vista-y-cerro-del-teul-en-zacatecas-reabriran-a-la-visita-publica-este-15-de-julio\/\" \/>\n<meta property=\"og:site_name\" content=\"So Close\" \/>\n<meta property=\"article:published_time\" content=\"2021-07-14T20:46:15+00:00\" \/>\n<meta property=\"og:image\" content=\"https:\/\/i0.wp.com\/soclose.mx\/blog\/wp-content\/uploads\/2021\/07\/zona-arqueologica-altavista.jpeg?fit=1240%2C700&ssl=1\" \/>\n\t<meta property=\"og:image:width\" content=\"1240\" \/>\n\t<meta property=\"og:image:height\" content=\"700\" \/>\n\t<meta property=\"og:image:type\" content=\"image\/jpeg\" \/>\n<meta name=\"author\" content=\"So Close\" \/>\n<meta name=\"twitter:card\" content=\"summary_large_image\" \/>\n<meta name=\"twitter:label1\" content=\"Escrito por\" \/>\n\t<meta name=\"twitter:data1\" content=\"So Close\" \/>\n\t<meta name=\"twitter:label2\" content=\"Tiempo de lectura\" \/>\n\t<meta name=\"twitter:data2\" content=\"2 minutos\" \/>\n<script type=\"application\/ld+json\" class=\"yoast-schema-graph\">{\"@context\":\"https:\/\/schema.org\",\"@graph\":[{\"@type\":\"Article\",\"@id\":\"https:\/\/soclose.mx\/blog\/news-feed\/las-zonas-arqueologicas-de-alta-vista-y-cerro-del-teul-en-zacatecas-reabriran-a-la-visita-publica-este-15-de-julio\/#article\",\"isPartOf\":{\"@id\":\"https:\/\/soclose.mx\/blog\/news-feed\/las-zonas-arqueologicas-de-alta-vista-y-cerro-del-teul-en-zacatecas-reabriran-a-la-visita-publica-este-15-de-julio\/\"},\"author\":{\"name\":\"So Close\",\"@id\":\"https:\/\/soclose.mx\/blog\/#\/schema\/person\/723eb117ab965b55c3e56b5d29751667\"},\"headline\":\"Las zonas arqueol\u00f3gicas de Alta Vista y Cerro del Te\u00fal, en Zacatecas, reabrir\u00e1n a la visita p\u00fablica este 15 de julio\",\"datePublished\":\"2021-07-14T20:46:15+00:00\",\"mainEntityOfPage\":{\"@id\":\"https:\/\/soclose.mx\/blog\/news-feed\/las-zonas-arqueologicas-de-alta-vista-y-cerro-del-teul-en-zacatecas-reabriran-a-la-visita-publica-este-15-de-julio\/\"},\"wordCount\":365,\"commentCount\":0,\"publisher\":{\"@id\":\"https:\/\/soclose.mx\/blog\/#organization\"},\"image\":{\"@id\":\"https:\/\/soclose.mx\/blog\/news-feed\/las-zonas-arqueologicas-de-alta-vista-y-cerro-del-teul-en-zacatecas-reabriran-a-la-visita-publica-este-15-de-julio\/#primaryimage\"},\"thumbnailUrl\":\"https:\/\/i0.wp.com\/soclose.mx\/blog\/wp-content\/uploads\/2021\/07\/zona-arqueologica-altavista.jpeg?fit=1240%2C700&ssl=1\",\"keywords\":[\"Alta Vista\",\"Cerro del Te\u00fal\",\"la quemada\",\"Te\u00fal de Gonz\u00e1lez Ortega\"],\"articleSection\":[\"News feed\"],\"inLanguage\":\"es\",\"potentialAction\":[{\"@type\":\"CommentAction\",\"name\":\"Comment\",\"target\":[\"https:\/\/soclose.mx\/blog\/news-feed\/las-zonas-arqueologicas-de-alta-vista-y-cerro-del-teul-en-zacatecas-reabriran-a-la-visita-publica-este-15-de-julio\/#respond\"]}]},{\"@type\":\"WebPage\",\"@id\":\"https:\/\/soclose.mx\/blog\/news-feed\/las-zonas-arqueologicas-de-alta-vista-y-cerro-del-teul-en-zacatecas-reabriran-a-la-visita-publica-este-15-de-julio\/\",\"url\":\"https:\/\/soclose.mx\/blog\/news-feed\/las-zonas-arqueologicas-de-alta-vista-y-cerro-del-teul-en-zacatecas-reabriran-a-la-visita-publica-este-15-de-julio\/\",\"name\":\"Las zonas arqueol\u00f3gicas de Alta Vista y Cerro del Te\u00fal, en Zacatecas, reabrir\u00e1n a la visita p\u00fablica este 15 de julio - So Close\",\"isPartOf\":{\"@id\":\"https:\/\/soclose.mx\/blog\/#website\"},\"primaryImageOfPage\":{\"@id\":\"https:\/\/soclose.mx\/blog\/news-feed\/las-zonas-arqueologicas-de-alta-vista-y-cerro-del-teul-en-zacatecas-reabriran-a-la-visita-publica-este-15-de-julio\/#primaryimage\"},\"image\":{\"@id\":\"https:\/\/soclose.mx\/blog\/news-feed\/las-zonas-arqueologicas-de-alta-vista-y-cerro-del-teul-en-zacatecas-reabriran-a-la-visita-publica-este-15-de-julio\/#primaryimage\"},\"thumbnailUrl\":\"https:\/\/i0.wp.com\/soclose.mx\/blog\/wp-content\/uploads\/2021\/07\/zona-arqueologica-altavista.jpeg?fit=1240%2C700&ssl=1\",\"datePublished\":\"2021-07-14T20:46:15+00:00\",\"description\":\"la Zona Arqueol\u00f3gica Cerro del Te\u00fal, en el municipio de Te\u00fal de Gonz\u00e1lez Ortega, abrir\u00e1 de jueves a domingo de 9:30 a 17:00.\",\"breadcrumb\":{\"@id\":\"https:\/\/soclose.mx\/blog\/news-feed\/las-zonas-arqueologicas-de-alta-vista-y-cerro-del-teul-en-zacatecas-reabriran-a-la-visita-publica-este-15-de-julio\/#breadcrumb\"},\"inLanguage\":\"es\",\"potentialAction\":[{\"@type\":\"ReadAction\",\"target\":[\"https:\/\/soclose.mx\/blog\/news-feed\/las-zonas-arqueologicas-de-alta-vista-y-cerro-del-teul-en-zacatecas-reabriran-a-la-visita-publica-este-15-de-julio\/\"]}]},{\"@type\":\"ImageObject\",\"inLanguage\":\"es\",\"@id\":\"https:\/\/soclose.mx\/blog\/news-feed\/las-zonas-arqueologicas-de-alta-vista-y-cerro-del-teul-en-zacatecas-reabriran-a-la-visita-publica-este-15-de-julio\/#primaryimage\",\"url\":\"https:\/\/i0.wp.com\/soclose.mx\/blog\/wp-content\/uploads\/2021\/07\/zona-arqueologica-altavista.jpeg?fit=1240%2C700&ssl=1\",\"contentUrl\":\"https:\/\/i0.wp.com\/soclose.mx\/blog\/wp-content\/uploads\/2021\/07\/zona-arqueologica-altavista.jpeg?fit=1240%2C700&ssl=1\",\"width\":1240,\"height\":700},{\"@type\":\"BreadcrumbList\",\"@id\":\"https:\/\/soclose.mx\/blog\/news-feed\/las-zonas-arqueologicas-de-alta-vista-y-cerro-del-teul-en-zacatecas-reabriran-a-la-visita-publica-este-15-de-julio\/#breadcrumb\",\"itemListElement\":[{\"@type\":\"ListItem\",\"position\":1,\"name\":\"Inicio\",\"item\":\"https:\/\/soclose.mx\/blog\/\"},{\"@type\":\"ListItem\",\"position\":2,\"name\":\"Las zonas arqueol\u00f3gicas de Alta Vista y Cerro del Te\u00fal, en Zacatecas, reabrir\u00e1n a la visita p\u00fablica este 15 de julio\"}]},{\"@type\":\"WebSite\",\"@id\":\"https:\/\/soclose.mx\/blog\/#website\",\"url\":\"https:\/\/soclose.mx\/blog\/\",\"name\":\"So Close\",\"description\":\"Hacemos contenidos de M\u00e9xico\",\"publisher\":{\"@id\":\"https:\/\/soclose.mx\/blog\/#organization\"},\"potentialAction\":[{\"@type\":\"SearchAction\",\"target\":{\"@type\":\"EntryPoint\",\"urlTemplate\":\"https:\/\/soclose.mx\/blog\/?s={search_term_string}\"},\"query-input\":{\"@type\":\"PropertyValueSpecification\",\"valueRequired\":true,\"valueName\":\"search_term_string\"}}],\"inLanguage\":\"es\"},{\"@type\":\"Organization\",\"@id\":\"https:\/\/soclose.mx\/blog\/#organization\",\"name\":\"So Close\",\"url\":\"https:\/\/soclose.mx\/blog\/\",\"logo\":{\"@type\":\"ImageObject\",\"inLanguage\":\"es\",\"@id\":\"https:\/\/soclose.mx\/blog\/#\/schema\/logo\/image\/\",\"url\":\"https:\/\/i0.wp.com\/soclose.mx\/blog\/wp-content\/uploads\/2020\/12\/LOGO_SOCLOSE_COLOR-e1608310133507.png?fit=2858%2C1264&ssl=1\",\"contentUrl\":\"https:\/\/i0.wp.com\/soclose.mx\/blog\/wp-content\/uploads\/2020\/12\/LOGO_SOCLOSE_COLOR-e1608310133507.png?fit=2858%2C1264&ssl=1\",\"width\":2858,\"height\":1264,\"caption\":\"So Close\"},\"image\":{\"@id\":\"https:\/\/soclose.mx\/blog\/#\/schema\/logo\/image\/\"}},{\"@type\":\"Person\",\"@id\":\"https:\/\/soclose.mx\/blog\/#\/schema\/person\/723eb117ab965b55c3e56b5d29751667\",\"name\":\"So Close\",\"image\":{\"@type\":\"ImageObject\",\"inLanguage\":\"es\",\"@id\":\"https:\/\/soclose.mx\/blog\/#\/schema\/person\/image\/\",\"url\":\"https:\/\/secure.gravatar.com\/avatar\/5a1d1d694eaf6d2c28f450f0984cbb34821b92dc49c1d088c0250fbc6a48efec?s=96&d=mm&r=g\",\"contentUrl\":\"https:\/\/secure.gravatar.com\/avatar\/5a1d1d694eaf6d2c28f450f0984cbb34821b92dc49c1d088c0250fbc6a48efec?s=96&d=mm&r=g\",\"caption\":\"So Close\"},\"sameAs\":[\"http:\/\/www.soclose.mx\",\"https:\/\/www.youtube.com\/@soclosemx\"],\"url\":\"https:\/\/soclose.mx\/blog\/author\/admin\/\"}]}<\/script>\n<!-- \/ Yoast SEO plugin. -->","yoast_head_json":{"title":"Las zonas arqueol\u00f3gicas de Alta Vista y Cerro del Te\u00fal, en Zacatecas, reabrir\u00e1n a la visita p\u00fablica este 15 de julio - So Close","description":"la Zona Arqueol\u00f3gica Cerro del Te\u00fal, en el municipio de Te\u00fal de Gonz\u00e1lez Ortega, abrir\u00e1 de jueves a domingo de 9:30 a 17:00.","robots":{"index":"index","follow":"follow","max-snippet":"max-snippet:-1","max-image-preview":"max-image-preview:large","max-video-preview":"max-video-preview:-1"},"canonical":"https:\/\/soclose.mx\/blog\/news-feed\/las-zonas-arqueologicas-de-alta-vista-y-cerro-del-teul-en-zacatecas-reabriran-a-la-visita-publica-este-15-de-julio\/","og_locale":"es_MX","og_type":"article","og_title":"Las zonas arqueol\u00f3gicas de Alta Vista y Cerro del Te\u00fal, en Zacatecas, reabrir\u00e1n a la visita p\u00fablica este 15 de julio - So Close","og_description":"la Zona Arqueol\u00f3gica Cerro del Te\u00fal, en el municipio de Te\u00fal de Gonz\u00e1lez Ortega, abrir\u00e1 de jueves a domingo de 9:30 a 17:00.","og_url":"https:\/\/soclose.mx\/blog\/news-feed\/las-zonas-arqueologicas-de-alta-vista-y-cerro-del-teul-en-zacatecas-reabriran-a-la-visita-publica-este-15-de-julio\/","og_site_name":"So Close","article_published_time":"2021-07-14T20:46:15+00:00","og_image":[{"width":1240,"height":700,"url":"https:\/\/i0.wp.com\/soclose.mx\/blog\/wp-content\/uploads\/2021\/07\/zona-arqueologica-altavista.jpeg?fit=1240%2C700&ssl=1","type":"image\/jpeg"}],"author":"So Close","twitter_card":"summary_large_image","twitter_misc":{"Escrito por":"So Close","Tiempo de lectura":"2 minutos"},"schema":{"@context":"https:\/\/schema.org","@graph":[{"@type":"Article","@id":"https:\/\/soclose.mx\/blog\/news-feed\/las-zonas-arqueologicas-de-alta-vista-y-cerro-del-teul-en-zacatecas-reabriran-a-la-visita-publica-este-15-de-julio\/#article","isPartOf":{"@id":"https:\/\/soclose.mx\/blog\/news-feed\/las-zonas-arqueologicas-de-alta-vista-y-cerro-del-teul-en-zacatecas-reabriran-a-la-visita-publica-este-15-de-julio\/"},"author":{"name":"So Close","@id":"https:\/\/soclose.mx\/blog\/#\/schema\/person\/723eb117ab965b55c3e56b5d29751667"},"headline":"Las zonas arqueol\u00f3gicas de Alta Vista y Cerro del Te\u00fal, en Zacatecas, reabrir\u00e1n a la visita p\u00fablica este 15 de julio","datePublished":"2021-07-14T20:46:15+00:00","mainEntityOfPage":{"@id":"https:\/\/soclose.mx\/blog\/news-feed\/las-zonas-arqueologicas-de-alta-vista-y-cerro-del-teul-en-zacatecas-reabriran-a-la-visita-publica-este-15-de-julio\/"},"wordCount":365,"commentCount":0,"publisher":{"@id":"https:\/\/soclose.mx\/blog\/#organization"},"image":{"@id":"https:\/\/soclose.mx\/blog\/news-feed\/las-zonas-arqueologicas-de-alta-vista-y-cerro-del-teul-en-zacatecas-reabriran-a-la-visita-publica-este-15-de-julio\/#primaryimage"},"thumbnailUrl":"https:\/\/i0.wp.com\/soclose.mx\/blog\/wp-content\/uploads\/2021\/07\/zona-arqueologica-altavista.jpeg?fit=1240%2C700&ssl=1","keywords":["Alta Vista","Cerro del Te\u00fal","la quemada","Te\u00fal de Gonz\u00e1lez Ortega"],"articleSection":["News feed"],"inLanguage":"es","potentialAction":[{"@type":"CommentAction","name":"Comment","target":["https:\/\/soclose.mx\/blog\/news-feed\/las-zonas-arqueologicas-de-alta-vista-y-cerro-del-teul-en-zacatecas-reabriran-a-la-visita-publica-este-15-de-julio\/#respond"]}]},{"@type":"WebPage","@id":"https:\/\/soclose.mx\/blog\/news-feed\/las-zonas-arqueologicas-de-alta-vista-y-cerro-del-teul-en-zacatecas-reabriran-a-la-visita-publica-este-15-de-julio\/","url":"https:\/\/soclose.mx\/blog\/news-feed\/las-zonas-arqueologicas-de-alta-vista-y-cerro-del-teul-en-zacatecas-reabriran-a-la-visita-publica-este-15-de-julio\/","name":"Las zonas arqueol\u00f3gicas de Alta Vista y Cerro del Te\u00fal, en Zacatecas, reabrir\u00e1n a la visita p\u00fablica este 15 de julio - So Close","isPartOf":{"@id":"https:\/\/soclose.mx\/blog\/#website"},"primaryImageOfPage":{"@id":"https:\/\/soclose.mx\/blog\/news-feed\/las-zonas-arqueologicas-de-alta-vista-y-cerro-del-teul-en-zacatecas-reabriran-a-la-visita-publica-este-15-de-julio\/#primaryimage"},"image":{"@id":"https:\/\/soclose.mx\/blog\/news-feed\/las-zonas-arqueologicas-de-alta-vista-y-cerro-del-teul-en-zacatecas-reabriran-a-la-visita-publica-este-15-de-julio\/#primaryimage"},"thumbnailUrl":"https:\/\/i0.wp.com\/soclose.mx\/blog\/wp-content\/uploads\/2021\/07\/zona-arqueologica-altavista.jpeg?fit=1240%2C700&ssl=1","datePublished":"2021-07-14T20:46:15+00:00","description":"la Zona Arqueol\u00f3gica Cerro del Te\u00fal, en el municipio de Te\u00fal de Gonz\u00e1lez Ortega, abrir\u00e1 de jueves a domingo de 9:30 a 17:00.","breadcrumb":{"@id":"https:\/\/soclose.mx\/blog\/news-feed\/las-zonas-arqueologicas-de-alta-vista-y-cerro-del-teul-en-zacatecas-reabriran-a-la-visita-publica-este-15-de-julio\/#breadcrumb"},"inLanguage":"es","potentialAction":[{"@type":"ReadAction","target":["https:\/\/soclose.mx\/blog\/news-feed\/las-zonas-arqueologicas-de-alta-vista-y-cerro-del-teul-en-zacatecas-reabriran-a-la-visita-publica-este-15-de-julio\/"]}]},{"@type":"ImageObject","inLanguage":"es","@id":"https:\/\/soclose.mx\/blog\/news-feed\/las-zonas-arqueologicas-de-alta-vista-y-cerro-del-teul-en-zacatecas-reabriran-a-la-visita-publica-este-15-de-julio\/#primaryimage","url":"https:\/\/i0.wp.com\/soclose.mx\/blog\/wp-content\/uploads\/2021\/07\/zona-arqueologica-altavista.jpeg?fit=1240%2C700&ssl=1","contentUrl":"https:\/\/i0.wp.com\/soclose.mx\/blog\/wp-content\/uploads\/2021\/07\/zona-arqueologica-altavista.jpeg?fit=1240%2C700&ssl=1","width":1240,"height":700},{"@type":"BreadcrumbList","@id":"https:\/\/soclose.mx\/blog\/news-feed\/las-zonas-arqueologicas-de-alta-vista-y-cerro-del-teul-en-zacatecas-reabriran-a-la-visita-publica-este-15-de-julio\/#breadcrumb","itemListElement":[{"@type":"ListItem","position":1,"name":"Inicio","item":"https:\/\/soclose.mx\/blog\/"},{"@type":"ListItem","position":2,"name":"Las zonas arqueol\u00f3gicas de Alta Vista y Cerro del Te\u00fal, en Zacatecas, reabrir\u00e1n a la visita p\u00fablica este 15 de julio"}]},{"@type":"WebSite","@id":"https:\/\/soclose.mx\/blog\/#website","url":"https:\/\/soclose.mx\/blog\/","name":"So Close","description":"Hacemos contenidos de M\u00e9xico","publisher":{"@id":"https:\/\/soclose.mx\/blog\/#organization"},"potentialAction":[{"@type":"SearchAction","target":{"@type":"EntryPoint","urlTemplate":"https:\/\/soclose.mx\/blog\/?s={search_term_string}"},"query-input":{"@type":"PropertyValueSpecification","valueRequired":true,"valueName":"search_term_string"}}],"inLanguage":"es"},{"@type":"Organization","@id":"https:\/\/soclose.mx\/blog\/#organization","name":"So Close","url":"https:\/\/soclose.mx\/blog\/","logo":{"@type":"ImageObject","inLanguage":"es","@id":"https:\/\/soclose.mx\/blog\/#\/schema\/logo\/image\/","url":"https:\/\/i0.wp.com\/soclose.mx\/blog\/wp-content\/uploads\/2020\/12\/LOGO_SOCLOSE_COLOR-e1608310133507.png?fit=2858%2C1264&ssl=1","contentUrl":"https:\/\/i0.wp.com\/soclose.mx\/blog\/wp-content\/uploads\/2020\/12\/LOGO_SOCLOSE_COLOR-e1608310133507.png?fit=2858%2C1264&ssl=1","width":2858,"height":1264,"caption":"So Close"},"image":{"@id":"https:\/\/soclose.mx\/blog\/#\/schema\/logo\/image\/"}},{"@type":"Person","@id":"https:\/\/soclose.mx\/blog\/#\/schema\/person\/723eb117ab965b55c3e56b5d29751667","name":"So Close","image":{"@type":"ImageObject","inLanguage":"es","@id":"https:\/\/soclose.mx\/blog\/#\/schema\/person\/image\/","url":"https:\/\/secure.gravatar.com\/avatar\/5a1d1d694eaf6d2c28f450f0984cbb34821b92dc49c1d088c0250fbc6a48efec?s=96&d=mm&r=g","contentUrl":"https:\/\/secure.gravatar.com\/avatar\/5a1d1d694eaf6d2c28f450f0984cbb34821b92dc49c1d088c0250fbc6a48efec?s=96&d=mm&r=g","caption":"So Close"},"sameAs":["http:\/\/www.soclose.mx","https:\/\/www.youtube.com\/@soclosemx"],"url":"https:\/\/soclose.mx\/blog\/author\/admin\/"}]}},"jetpack_featured_media_url":"https:\/\/i0.wp.com\/soclose.mx\/blog\/wp-content\/uploads\/2021\/07\/zona-arqueologica-altavista.jpeg?fit=1240%2C700&ssl=1","jetpack-related-posts":[{"id":6082,"url":"https:\/\/soclose.mx\/blog\/news-feed\/reabren-al-publico-zonas-arqueologicas-de-xochicalco-y-coatetelco-en-morelos\/","url_meta":{"origin":6537,"position":0},"title":"Reabren al p\u00fablico zonas arqueol\u00f3gicas de Xochicalco y Coatetelco, en Morelos","author":"So Close","date":"18 mayo, 2021","format":false,"excerpt":"A partir de este jueves 20 de mayo reabrir\u00e1n a la visita p\u00fablica las zonas arqueol\u00f3gicas de Xochicalco y Coatetelco, bajo estrictas medidas sanitarias, a fin de garantizan la salud de los visitantes y de los trabajadores. La Zona Arqueol\u00f3gica de Xochicalco abrir\u00e1 de mi\u00e9rcoles a domingo, de 9:00 a\u2026","rel":"","context":"En &quot;News feed&quot;","block_context":{"text":"News feed","link":"https:\/\/soclose.mx\/blog\/category\/news-feed\/"},"img":{"alt_text":"","src":"https:\/\/i0.wp.com\/soclose.mx\/blog\/wp-content\/uploads\/2021\/05\/zona-arqueologica-xochicalco.jpeg?fit=1200%2C677&ssl=1&resize=350%2C200","width":350,"height":200,"srcset":"https:\/\/i0.wp.com\/soclose.mx\/blog\/wp-content\/uploads\/2021\/05\/zona-arqueologica-xochicalco.jpeg?fit=1200%2C677&ssl=1&resize=350%2C200 1x, https:\/\/i0.wp.com\/soclose.mx\/blog\/wp-content\/uploads\/2021\/05\/zona-arqueologica-xochicalco.jpeg?fit=1200%2C677&ssl=1&resize=525%2C300 1.5x, https:\/\/i0.wp.com\/soclose.mx\/blog\/wp-content\/uploads\/2021\/05\/zona-arqueologica-xochicalco.jpeg?fit=1200%2C677&ssl=1&resize=700%2C400 2x, https:\/\/i0.wp.com\/soclose.mx\/blog\/wp-content\/uploads\/2021\/05\/zona-arqueologica-xochicalco.jpeg?fit=1200%2C677&ssl=1&resize=1050%2C600 3x"},"classes":[]},{"id":5769,"url":"https:\/\/soclose.mx\/blog\/news-feed\/zona-arqueologica-de-teotihuacan-reabrira-al-publico\/","url_meta":{"origin":6537,"position":1},"title":"Zona Arqueol\u00f3gica de Teotihuacan reabrir\u00e1 al p\u00fablico","author":"So Close","date":"22 febrero, 2021","format":false,"excerpt":"El mi\u00e9rcoles 24 de febrero, la Secretar\u00eda de Cultura del Gobierno de M\u00e9xico y el Instituto Nacional de Antropolog\u00eda e Historia (INAH) abrir\u00e1n nuevamente al p\u00fablico la Zona Arqueol\u00f3gica de Teotihuacan, en el Estado de M\u00e9xico, bajo estrictos protocolos de salud. La Zona Arqueol\u00f3gica de Teotihuacan abrir\u00e1 en un\u00a0horario de\u2026","rel":"","context":"En &quot;News feed&quot;","block_context":{"text":"News feed","link":"https:\/\/soclose.mx\/blog\/category\/news-feed\/"},"img":{"alt_text":"","src":"https:\/\/i0.wp.com\/soclose.mx\/blog\/wp-content\/uploads\/2021\/02\/Principal-So-Close-blog-3.jpg?fit=1200%2C677&ssl=1&resize=350%2C200","width":350,"height":200,"srcset":"https:\/\/i0.wp.com\/soclose.mx\/blog\/wp-content\/uploads\/2021\/02\/Principal-So-Close-blog-3.jpg?fit=1200%2C677&ssl=1&resize=350%2C200 1x, https:\/\/i0.wp.com\/soclose.mx\/blog\/wp-content\/uploads\/2021\/02\/Principal-So-Close-blog-3.jpg?fit=1200%2C677&ssl=1&resize=525%2C300 1.5x, https:\/\/i0.wp.com\/soclose.mx\/blog\/wp-content\/uploads\/2021\/02\/Principal-So-Close-blog-3.jpg?fit=1200%2C677&ssl=1&resize=700%2C400 2x, https:\/\/i0.wp.com\/soclose.mx\/blog\/wp-content\/uploads\/2021\/02\/Principal-So-Close-blog-3.jpg?fit=1200%2C677&ssl=1&resize=1050%2C600 3x"},"classes":[]},{"id":6646,"url":"https:\/\/soclose.mx\/blog\/news-feed\/la-zona-arqueologica-de-tizatlan-en-tlaxcala-retoma-actividades\/","url_meta":{"origin":6537,"position":2},"title":"La Zona Arqueol\u00f3gica de Tizatl\u00e1n, en Tlaxcala, retoma actividades","author":"So Close","date":"23 julio, 2021","format":false,"excerpt":"La Secretar\u00eda de Cultura, a trav\u00e9s del Instituto Nacional de Antropolog\u00eda e Historia (INAH) y el Centro INAH Tlaxcala, reabri\u00f3 al p\u00fablico bajo la nueva normalidad, la Zona Arqueol\u00f3gica de Tizatl\u00e1n, la tercera en este estado que reanuda actividades. El sitio puede visitarse de mi\u00e9rcoles a domingo, de 10:00 a\u2026","rel":"","context":"En &quot;News feed&quot;","block_context":{"text":"News feed","link":"https:\/\/soclose.mx\/blog\/category\/news-feed\/"},"img":{"alt_text":"","src":"https:\/\/i0.wp.com\/soclose.mx\/blog\/wp-content\/uploads\/2021\/07\/Zona-Arqueologica-de-Tizatlan.jpeg?fit=1200%2C677&ssl=1&resize=350%2C200","width":350,"height":200,"srcset":"https:\/\/i0.wp.com\/soclose.mx\/blog\/wp-content\/uploads\/2021\/07\/Zona-Arqueologica-de-Tizatlan.jpeg?fit=1200%2C677&ssl=1&resize=350%2C200 1x, https:\/\/i0.wp.com\/soclose.mx\/blog\/wp-content\/uploads\/2021\/07\/Zona-Arqueologica-de-Tizatlan.jpeg?fit=1200%2C677&ssl=1&resize=525%2C300 1.5x, https:\/\/i0.wp.com\/soclose.mx\/blog\/wp-content\/uploads\/2021\/07\/Zona-Arqueologica-de-Tizatlan.jpeg?fit=1200%2C677&ssl=1&resize=700%2C400 2x, https:\/\/i0.wp.com\/soclose.mx\/blog\/wp-content\/uploads\/2021\/07\/Zona-Arqueologica-de-Tizatlan.jpeg?fit=1200%2C677&ssl=1&resize=1050%2C600 3x"},"classes":[]},{"id":6729,"url":"https:\/\/soclose.mx\/blog\/news-feed\/reabren-en-campeche-las-zonas-arqueologicas-de-chunhuhub-y-chicanna\/","url_meta":{"origin":6537,"position":3},"title":"Reabren en Campeche las zonas arqueol\u00f3gicas de Chunhuhub y Chicann\u00e1","author":"So Close","date":"2 agosto, 2021","format":false,"excerpt":"Tras haber cerrado sus puertas en marzo de 2020, como medida preventiva ante la contingencia sanitaria por la COVID-19, las zonas arqueol\u00f3gicas de M\u00e9xico contin\u00faan con el proceso gradual de reapertura, priorizando la salud de los visitantes y los trabajadores. Bajo este esquema, la Secretar\u00eda de Cultura del Gobierno de\u2026","rel":"","context":"En &quot;News feed&quot;","block_context":{"text":"News feed","link":"https:\/\/soclose.mx\/blog\/category\/news-feed\/"},"img":{"alt_text":"","src":"https:\/\/i0.wp.com\/soclose.mx\/blog\/wp-content\/uploads\/2021\/08\/Chicanna-Zona-Arqueologica-de-Campeche.jpeg?fit=1200%2C677&ssl=1&resize=350%2C200","width":350,"height":200,"srcset":"https:\/\/i0.wp.com\/soclose.mx\/blog\/wp-content\/uploads\/2021\/08\/Chicanna-Zona-Arqueologica-de-Campeche.jpeg?fit=1200%2C677&ssl=1&resize=350%2C200 1x, https:\/\/i0.wp.com\/soclose.mx\/blog\/wp-content\/uploads\/2021\/08\/Chicanna-Zona-Arqueologica-de-Campeche.jpeg?fit=1200%2C677&ssl=1&resize=525%2C300 1.5x, https:\/\/i0.wp.com\/soclose.mx\/blog\/wp-content\/uploads\/2021\/08\/Chicanna-Zona-Arqueologica-de-Campeche.jpeg?fit=1200%2C677&ssl=1&resize=700%2C400 2x, https:\/\/i0.wp.com\/soclose.mx\/blog\/wp-content\/uploads\/2021\/08\/Chicanna-Zona-Arqueologica-de-Campeche.jpeg?fit=1200%2C677&ssl=1&resize=1050%2C600 3x"},"classes":[]},{"id":7699,"url":"https:\/\/soclose.mx\/blog\/para-todos\/reabren-sitios-arqueologicos-y-espacios-culturales-en-hidalgo\/","url_meta":{"origin":6537,"position":4},"title":"Reabren sitios arqueol\u00f3gicos y espacios culturales en Hidalgo","author":"Miguel Angel Romero","date":"2 noviembre, 2021","format":false,"excerpt":"Luego de permanecer cerrados durante un a\u00f1o siete meses, a causa de la contingencia sanitaria, sitios arqueol\u00f3gicos y espacios culturales en Hidalgo reabren. As\u00ed es, las zonas arqueol\u00f3gicas de Pah\u00f1\u00fa, Huapalcalco y Hidalgo, as\u00ed como en los Ex conventos de Epazoyucan, Actopan y San Francisco de Tepeapulco con el Museo\u2026","rel":"","context":"En &quot;Para todos&quot;","block_context":{"text":"Para todos","link":"https:\/\/soclose.mx\/blog\/category\/para-todos\/"},"img":{"alt_text":"","src":"https:\/\/i0.wp.com\/soclose.mx\/blog\/wp-content\/uploads\/2021\/11\/Copia-de-Principal-So-Close-blog-1.png?fit=1200%2C677&ssl=1&resize=350%2C200","width":350,"height":200,"srcset":"https:\/\/i0.wp.com\/soclose.mx\/blog\/wp-content\/uploads\/2021\/11\/Copia-de-Principal-So-Close-blog-1.png?fit=1200%2C677&ssl=1&resize=350%2C200 1x, https:\/\/i0.wp.com\/soclose.mx\/blog\/wp-content\/uploads\/2021\/11\/Copia-de-Principal-So-Close-blog-1.png?fit=1200%2C677&ssl=1&resize=525%2C300 1.5x, https:\/\/i0.wp.com\/soclose.mx\/blog\/wp-content\/uploads\/2021\/11\/Copia-de-Principal-So-Close-blog-1.png?fit=1200%2C677&ssl=1&resize=700%2C400 2x, https:\/\/i0.wp.com\/soclose.mx\/blog\/wp-content\/uploads\/2021\/11\/Copia-de-Principal-So-Close-blog-1.png?fit=1200%2C677&ssl=1&resize=1050%2C600 3x"},"classes":[]},{"id":6378,"url":"https:\/\/soclose.mx\/blog\/news-feed\/reabren-zonas-arqueologicas-de-queretaro-y-guerrero\/","url_meta":{"origin":6537,"position":5},"title":"Reabren zonas arqueol\u00f3gicas de Quer\u00e9taro y Guerrero","author":"So Close","date":"1 julio, 2021","format":false,"excerpt":"En el estado de Quer\u00e9taro este 1 de julio reabren tres sitios, siguiendo estrictos protocolos sanitarios. Las zonas arqueol\u00f3gicas de El Cerrito, Toluquilla y Tancama podr\u00e1n recorrerse nuevamente de jueves a domingo. El horario de visita en El Cerrito es de 9:00 a 14:00 horas. El aforo m\u00e1ximo permitido es\u2026","rel":"","context":"En &quot;News feed&quot;","block_context":{"text":"News feed","link":"https:\/\/soclose.mx\/blog\/category\/news-feed\/"},"img":{"alt_text":"","src":"https:\/\/i0.wp.com\/soclose.mx\/blog\/wp-content\/uploads\/2021\/07\/zona-arqueologica-guerrero.jpg?fit=1200%2C677&ssl=1&resize=350%2C200","width":350,"height":200,"srcset":"https:\/\/i0.wp.com\/soclose.mx\/blog\/wp-content\/uploads\/2021\/07\/zona-arqueologica-guerrero.jpg?fit=1200%2C677&ssl=1&resize=350%2C200 1x, https:\/\/i0.wp.com\/soclose.mx\/blog\/wp-content\/uploads\/2021\/07\/zona-arqueologica-guerrero.jpg?fit=1200%2C677&ssl=1&resize=525%2C300 1.5x, https:\/\/i0.wp.com\/soclose.mx\/blog\/wp-content\/uploads\/2021\/07\/zona-arqueologica-guerrero.jpg?fit=1200%2C677&ssl=1&resize=700%2C400 2x, https:\/\/i0.wp.com\/soclose.mx\/blog\/wp-content\/uploads\/2021\/07\/zona-arqueologica-guerrero.jpg?fit=1200%2C677&ssl=1&resize=1050%2C600 3x"},"classes":[]}],"jetpack_sharing_enabled":true,"_links":{"self":[{"href":"https:\/\/soclose.mx\/blog\/wp-json\/wp\/v2\/posts\/6537","targetHints":{"allow":["GET"]}}],"collection":[{"href":"https:\/\/soclose.mx\/blog\/wp-json\/wp\/v2\/posts"}],"about":[{"href":"https:\/\/soclose.mx\/blog\/wp-json\/wp\/v2\/types\/post"}],"author":[{"embeddable":true,"href":"https:\/\/soclose.mx\/blog\/wp-json\/wp\/v2\/users\/1"}],"replies":[{"embeddable":true,"href":"https:\/\/soclose.mx\/blog\/wp-json\/wp\/v2\/comments?post=6537"}],"version-history":[{"count":0,"href":"https:\/\/soclose.mx\/blog\/wp-json\/wp\/v2\/posts\/6537\/revisions"}],"wp:featuredmedia":[{"embeddable":true,"href":"https:\/\/soclose.mx\/blog\/wp-json\/wp\/v2\/media\/6541"}],"wp:attachment":[{"href":"https:\/\/soclose.mx\/blog\/wp-json\/wp\/v2\/media?parent=6537"}],"wp:term":[{"taxonomy":"category","embeddable":true,"href":"https:\/\/soclose.mx\/blog\/wp-json\/wp\/v2\/categories?post=6537"},{"taxonomy":"post_tag","embeddable":true,"href":"https:\/\/soclose.mx\/blog\/wp-json\/wp\/v2\/tags?post=6537"}],"curies":[{"name":"wp","href":"https:\/\/api.w.org\/{rel}","templated":true}]}}