{"id":6567,"date":"2021-07-19T18:32:40","date_gmt":"2021-07-19T23:32:40","guid":{"rendered":"https:\/\/soclose.mx\/blog\/?p=6567"},"modified":"2021-07-19T18:35:44","modified_gmt":"2021-07-19T23:35:44","slug":"una-persona-entrego-al-inah-mas-de-200-dientes-fosiles-posiblemente-de-un-megalodon","status":"publish","type":"post","link":"https:\/\/soclose.mx\/blog\/news-feed\/una-persona-entrego-al-inah-mas-de-200-dientes-fosiles-posiblemente-de-un-megalodon\/","title":{"rendered":"Una persona entreg\u00f3 al INAH m\u00e1s de 200 dientes f\u00f3siles, posiblemente de un megalodon"},"content":{"rendered":"<p><strong><em>Otodus megalodon<\/em><\/strong>\u00a0es el nombre cient\u00edfico de una de las m\u00e1s grandes especies de <strong>tiburones<\/strong> que han surcado las aguas del planeta, y de la cual existen hoy vestigios f\u00f3siles. El pasado martes 13 de julio, un particular entreg\u00f3 al Instituto Nacional de Antropolog\u00eda e Historia (INAH) <strong>211 dientes f\u00f3siles,<\/strong> presumiblemente originales, probablemente de esta especie; un f\u00f3sil poco frecuente en M\u00e9xico.<\/p>\n<p>En el acto de entrega-recepci\u00f3n llevado a cabo en la sede en <strong>Chetumal<\/strong> del Centro INAH <a href=\"https:\/\/soclose.mx\/blog\/?s=Quintana+Roo\" target=\"_blank\" rel=\"noopener\"><strong>Quintana Roo<\/strong><\/a>, ante autoridades del Instituto en la entidad, el ciudadano Gustavo Mart\u00ednez Ramos formaliz\u00f3 la entrega de los elementos \u00f3seos, para su correspondiente resguardo, protecci\u00f3n legal, conservaci\u00f3n e investigaci\u00f3n.<\/p>\n<p>El director del Centro INAH Quintana Roo, Margarito Molina Rend\u00f3n, consider\u00f3 que se trata de un buen gesto, ya que a lo largo del pa\u00eds todav\u00eda subsiste el comercio ilegal de este tipo de <strong>f\u00f3siles,<\/strong> por lo que esta entrega se vuelve un ejemplo a seguir para la valoraci\u00f3n del <strong>patrimonio paleontol\u00f3gico y cultural de M\u00e9xico.<\/strong><\/p>\n<p>El conjunto \u00f3seo procede de alguna localidad paleontol\u00f3gica de M\u00e9xico y posteriormente fue llevado a <strong>Bacalar<\/strong> \u2013donde reside el ciudadano\u2013, y ahora se une en su resguardo a un amplio mosaico de bienes patrimoniales de car\u00e1cter paleontol\u00f3gico, bajo custodia del INAH.<\/p>\n<p>Con apoyo de los especialistas de la Subdirecci\u00f3n de Laboratorios y Apoyo T\u00e9cnico del INAH, Ana Fabiola Guzm\u00e1n Camacho y Joaqu\u00edn Arroyo Cabrales, se hizo un primer acercamiento sobre la identificaci\u00f3n de los <strong>dientes f\u00f3siles de tibur\u00f3n.<\/strong><\/p>\n<p>La especie conocida como\u00a0<strong><em>Otodus megalodon<\/em><\/strong>\u00a0\u2013por mucho tiempo nombrada como\u00a0<em><strong>Carcharodon megalodo<\/strong>n<\/em>\u00a0en la literatura relativa a <strong>M\u00e9xico<\/strong>\u2013 es caracter\u00edstica de la \u00e9poca geol\u00f3gica conocida como Mioceno, la cual comenz\u00f3 hace 23 millones de a\u00f1os y finaliz\u00f3 hace cinco millones de a\u00f1os.<\/p>\n<p>De acuerdo con informaci\u00f3n brindada por Ana Fabiola Guzm\u00e1n, los<strong> f\u00f3siles de megalod\u00f3n<\/strong> en <strong>M\u00e9xico<\/strong> han sido registrados en la pen\u00ednsula de Baja California, aunque algunos autores tambi\u00e9n lo ubican en Tabasco, hacia el periodo Oligoceno, iniciado hace 34 millones de a\u00f1os y finalizado hace 23 millones de a\u00f1os.<\/p>\n<p>Cabe destacar que, de acuerdo con los expertos, esta especie es considerada como un f\u00f3sil no frecuente en M\u00e9xico por su n\u00famero de localidades, de all\u00ed que, de cara a posteriores dict\u00e1menes por parte de paleont\u00f3logos, resulta trascendente la entrega hecha al INAH, en pro del legado hist\u00f3rico de nuestro pa\u00eds.<\/p>\n<p>Fuente: bolet\u00edn de prensa <a href=\"https:\/\/www.inah.gob.mx\/\" target=\"_blank\" rel=\"noopener\">INAH.<\/a><\/p>\n","protected":false},"excerpt":{"rendered":"<p>Otodus megalodon\u00a0es el nombre cient\u00edfico de una de las m\u00e1s grandes especies de tiburones que han surcado las aguas del planeta, y de la cual existen hoy vestigios f\u00f3siles. El pasado martes 13 de julio, un particular entreg\u00f3 al Instituto Nacional de Antropolog\u00eda e Historia (INAH) 211 dientes f\u00f3siles, presumiblemente originales, probablemente de esta especie; un f\u00f3sil poco frecuente en M\u00e9xico. En el acto de entrega-recepci\u00f3n llevado a cabo en la sede en Chetumal del Centro INAH Quintana Roo, ante autoridades del Instituto en la entidad, el ciudadano Gustavo Mart\u00ednez Ramos formaliz\u00f3 la entrega de los elementos \u00f3seos, para su<\/p>\n","protected":false},"author":1,"featured_media":6571,"comment_status":"open","ping_status":"open","sticky":false,"template":"","format":"standard","meta":{"_jetpack_memberships_contains_paid_content":false,"footnotes":""},"categories":[628],"tags":[1101,1100,1098,1102,1078,1099,193,1103],"class_list":["post-6567","post","type-post","status-publish","format-standard","has-post-thumbnail","hentry","category-news-feed","tag-bacalar","tag-chetumal","tag-colmillos","tag-dientes-fosiles","tag-fosiles","tag-megalodon","tag-quintana-roo","tag-tiburon"],"yoast_head":"<!-- This site is optimized with the Yoast SEO plugin v26.7 - https:\/\/yoast.com\/wordpress\/plugins\/seo\/ -->\n<title>Una persona entreg\u00f3 al INAH m\u00e1s de 200 dientes f\u00f3siles, posiblemente de un megalodon - So Close<\/title>\n<meta name=\"description\" content=\"La especie conocida como\u00a0Otodus megalodon, por mucho tiempo fue nombrada como\u00a0Carcharodon megalodon\u00a0en la literatura relativa a M\u00e9xico.\" \/>\n<meta name=\"robots\" content=\"index, follow, max-snippet:-1, max-image-preview:large, max-video-preview:-1\" \/>\n<link rel=\"canonical\" href=\"https:\/\/soclose.mx\/blog\/news-feed\/una-persona-entrego-al-inah-mas-de-200-dientes-fosiles-posiblemente-de-un-megalodon\/\" \/>\n<meta property=\"og:locale\" content=\"es_MX\" \/>\n<meta property=\"og:type\" content=\"article\" \/>\n<meta property=\"og:title\" content=\"Una persona entreg\u00f3 al INAH m\u00e1s de 200 dientes f\u00f3siles, posiblemente de un megalodon - So Close\" \/>\n<meta property=\"og:description\" content=\"La especie conocida como\u00a0Otodus megalodon, por mucho tiempo fue nombrada como\u00a0Carcharodon megalodon\u00a0en la literatura relativa a M\u00e9xico.\" \/>\n<meta property=\"og:url\" content=\"https:\/\/soclose.mx\/blog\/news-feed\/una-persona-entrego-al-inah-mas-de-200-dientes-fosiles-posiblemente-de-un-megalodon\/\" \/>\n<meta property=\"og:site_name\" content=\"So Close\" \/>\n<meta property=\"article:published_time\" content=\"2021-07-19T23:32:40+00:00\" \/>\n<meta property=\"article:modified_time\" content=\"2021-07-19T23:35:44+00:00\" \/>\n<meta property=\"og:image\" content=\"https:\/\/i0.wp.com\/soclose.mx\/blog\/wp-content\/uploads\/2021\/07\/colmillos-megalodon.jpeg?fit=1240%2C700&ssl=1\" \/>\n\t<meta property=\"og:image:width\" content=\"1240\" \/>\n\t<meta property=\"og:image:height\" content=\"700\" \/>\n\t<meta property=\"og:image:type\" content=\"image\/jpeg\" \/>\n<meta name=\"author\" content=\"So Close\" \/>\n<meta name=\"twitter:card\" content=\"summary_large_image\" \/>\n<meta name=\"twitter:label1\" content=\"Escrito por\" \/>\n\t<meta name=\"twitter:data1\" content=\"So Close\" \/>\n\t<meta name=\"twitter:label2\" content=\"Tiempo de lectura\" \/>\n\t<meta name=\"twitter:data2\" content=\"2 minutos\" \/>\n<script type=\"application\/ld+json\" class=\"yoast-schema-graph\">{\"@context\":\"https:\/\/schema.org\",\"@graph\":[{\"@type\":\"Article\",\"@id\":\"https:\/\/soclose.mx\/blog\/news-feed\/una-persona-entrego-al-inah-mas-de-200-dientes-fosiles-posiblemente-de-un-megalodon\/#article\",\"isPartOf\":{\"@id\":\"https:\/\/soclose.mx\/blog\/news-feed\/una-persona-entrego-al-inah-mas-de-200-dientes-fosiles-posiblemente-de-un-megalodon\/\"},\"author\":{\"name\":\"So Close\",\"@id\":\"https:\/\/soclose.mx\/blog\/#\/schema\/person\/723eb117ab965b55c3e56b5d29751667\"},\"headline\":\"Una persona entreg\u00f3 al INAH m\u00e1s de 200 dientes f\u00f3siles, posiblemente de un megalodon\",\"datePublished\":\"2021-07-19T23:32:40+00:00\",\"dateModified\":\"2021-07-19T23:35:44+00:00\",\"mainEntityOfPage\":{\"@id\":\"https:\/\/soclose.mx\/blog\/news-feed\/una-persona-entrego-al-inah-mas-de-200-dientes-fosiles-posiblemente-de-un-megalodon\/\"},\"wordCount\":452,\"commentCount\":0,\"publisher\":{\"@id\":\"https:\/\/soclose.mx\/blog\/#organization\"},\"image\":{\"@id\":\"https:\/\/soclose.mx\/blog\/news-feed\/una-persona-entrego-al-inah-mas-de-200-dientes-fosiles-posiblemente-de-un-megalodon\/#primaryimage\"},\"thumbnailUrl\":\"https:\/\/i0.wp.com\/soclose.mx\/blog\/wp-content\/uploads\/2021\/07\/colmillos-megalodon.jpeg?fit=1240%2C700&ssl=1\",\"keywords\":[\"bacalar\",\"chetumal\",\"colmillos\",\"dientes f\u00f3siles\",\"f\u00f3siles\",\"megalodon\",\"quintana roo\",\"tibur\u00f3n\"],\"articleSection\":[\"News feed\"],\"inLanguage\":\"es\",\"potentialAction\":[{\"@type\":\"CommentAction\",\"name\":\"Comment\",\"target\":[\"https:\/\/soclose.mx\/blog\/news-feed\/una-persona-entrego-al-inah-mas-de-200-dientes-fosiles-posiblemente-de-un-megalodon\/#respond\"]}]},{\"@type\":\"WebPage\",\"@id\":\"https:\/\/soclose.mx\/blog\/news-feed\/una-persona-entrego-al-inah-mas-de-200-dientes-fosiles-posiblemente-de-un-megalodon\/\",\"url\":\"https:\/\/soclose.mx\/blog\/news-feed\/una-persona-entrego-al-inah-mas-de-200-dientes-fosiles-posiblemente-de-un-megalodon\/\",\"name\":\"Una persona entreg\u00f3 al INAH m\u00e1s de 200 dientes f\u00f3siles, posiblemente de un megalodon - So Close\",\"isPartOf\":{\"@id\":\"https:\/\/soclose.mx\/blog\/#website\"},\"primaryImageOfPage\":{\"@id\":\"https:\/\/soclose.mx\/blog\/news-feed\/una-persona-entrego-al-inah-mas-de-200-dientes-fosiles-posiblemente-de-un-megalodon\/#primaryimage\"},\"image\":{\"@id\":\"https:\/\/soclose.mx\/blog\/news-feed\/una-persona-entrego-al-inah-mas-de-200-dientes-fosiles-posiblemente-de-un-megalodon\/#primaryimage\"},\"thumbnailUrl\":\"https:\/\/i0.wp.com\/soclose.mx\/blog\/wp-content\/uploads\/2021\/07\/colmillos-megalodon.jpeg?fit=1240%2C700&ssl=1\",\"datePublished\":\"2021-07-19T23:32:40+00:00\",\"dateModified\":\"2021-07-19T23:35:44+00:00\",\"description\":\"La especie conocida como\u00a0Otodus megalodon, por mucho tiempo fue nombrada como\u00a0Carcharodon megalodon\u00a0en la literatura relativa a M\u00e9xico.\",\"breadcrumb\":{\"@id\":\"https:\/\/soclose.mx\/blog\/news-feed\/una-persona-entrego-al-inah-mas-de-200-dientes-fosiles-posiblemente-de-un-megalodon\/#breadcrumb\"},\"inLanguage\":\"es\",\"potentialAction\":[{\"@type\":\"ReadAction\",\"target\":[\"https:\/\/soclose.mx\/blog\/news-feed\/una-persona-entrego-al-inah-mas-de-200-dientes-fosiles-posiblemente-de-un-megalodon\/\"]}]},{\"@type\":\"ImageObject\",\"inLanguage\":\"es\",\"@id\":\"https:\/\/soclose.mx\/blog\/news-feed\/una-persona-entrego-al-inah-mas-de-200-dientes-fosiles-posiblemente-de-un-megalodon\/#primaryimage\",\"url\":\"https:\/\/i0.wp.com\/soclose.mx\/blog\/wp-content\/uploads\/2021\/07\/colmillos-megalodon.jpeg?fit=1240%2C700&ssl=1\",\"contentUrl\":\"https:\/\/i0.wp.com\/soclose.mx\/blog\/wp-content\/uploads\/2021\/07\/colmillos-megalodon.jpeg?fit=1240%2C700&ssl=1\",\"width\":1240,\"height\":700},{\"@type\":\"BreadcrumbList\",\"@id\":\"https:\/\/soclose.mx\/blog\/news-feed\/una-persona-entrego-al-inah-mas-de-200-dientes-fosiles-posiblemente-de-un-megalodon\/#breadcrumb\",\"itemListElement\":[{\"@type\":\"ListItem\",\"position\":1,\"name\":\"Inicio\",\"item\":\"https:\/\/soclose.mx\/blog\/\"},{\"@type\":\"ListItem\",\"position\":2,\"name\":\"Una persona entreg\u00f3 al INAH m\u00e1s de 200 dientes f\u00f3siles, posiblemente de un megalodon\"}]},{\"@type\":\"WebSite\",\"@id\":\"https:\/\/soclose.mx\/blog\/#website\",\"url\":\"https:\/\/soclose.mx\/blog\/\",\"name\":\"So Close\",\"description\":\"Hacemos contenidos de M\u00e9xico\",\"publisher\":{\"@id\":\"https:\/\/soclose.mx\/blog\/#organization\"},\"potentialAction\":[{\"@type\":\"SearchAction\",\"target\":{\"@type\":\"EntryPoint\",\"urlTemplate\":\"https:\/\/soclose.mx\/blog\/?s={search_term_string}\"},\"query-input\":{\"@type\":\"PropertyValueSpecification\",\"valueRequired\":true,\"valueName\":\"search_term_string\"}}],\"inLanguage\":\"es\"},{\"@type\":\"Organization\",\"@id\":\"https:\/\/soclose.mx\/blog\/#organization\",\"name\":\"So Close\",\"url\":\"https:\/\/soclose.mx\/blog\/\",\"logo\":{\"@type\":\"ImageObject\",\"inLanguage\":\"es\",\"@id\":\"https:\/\/soclose.mx\/blog\/#\/schema\/logo\/image\/\",\"url\":\"https:\/\/i0.wp.com\/soclose.mx\/blog\/wp-content\/uploads\/2020\/12\/LOGO_SOCLOSE_COLOR-e1608310133507.png?fit=2858%2C1264&ssl=1\",\"contentUrl\":\"https:\/\/i0.wp.com\/soclose.mx\/blog\/wp-content\/uploads\/2020\/12\/LOGO_SOCLOSE_COLOR-e1608310133507.png?fit=2858%2C1264&ssl=1\",\"width\":2858,\"height\":1264,\"caption\":\"So Close\"},\"image\":{\"@id\":\"https:\/\/soclose.mx\/blog\/#\/schema\/logo\/image\/\"}},{\"@type\":\"Person\",\"@id\":\"https:\/\/soclose.mx\/blog\/#\/schema\/person\/723eb117ab965b55c3e56b5d29751667\",\"name\":\"So Close\",\"image\":{\"@type\":\"ImageObject\",\"inLanguage\":\"es\",\"@id\":\"https:\/\/soclose.mx\/blog\/#\/schema\/person\/image\/\",\"url\":\"https:\/\/secure.gravatar.com\/avatar\/5a1d1d694eaf6d2c28f450f0984cbb34821b92dc49c1d088c0250fbc6a48efec?s=96&d=mm&r=g\",\"contentUrl\":\"https:\/\/secure.gravatar.com\/avatar\/5a1d1d694eaf6d2c28f450f0984cbb34821b92dc49c1d088c0250fbc6a48efec?s=96&d=mm&r=g\",\"caption\":\"So Close\"},\"sameAs\":[\"http:\/\/www.soclose.mx\",\"https:\/\/www.youtube.com\/@soclosemx\"],\"url\":\"https:\/\/soclose.mx\/blog\/author\/admin\/\"}]}<\/script>\n<!-- \/ Yoast SEO plugin. -->","yoast_head_json":{"title":"Una persona entreg\u00f3 al INAH m\u00e1s de 200 dientes f\u00f3siles, posiblemente de un megalodon - So Close","description":"La especie conocida como\u00a0Otodus megalodon, por mucho tiempo fue nombrada como\u00a0Carcharodon megalodon\u00a0en la literatura relativa a M\u00e9xico.","robots":{"index":"index","follow":"follow","max-snippet":"max-snippet:-1","max-image-preview":"max-image-preview:large","max-video-preview":"max-video-preview:-1"},"canonical":"https:\/\/soclose.mx\/blog\/news-feed\/una-persona-entrego-al-inah-mas-de-200-dientes-fosiles-posiblemente-de-un-megalodon\/","og_locale":"es_MX","og_type":"article","og_title":"Una persona entreg\u00f3 al INAH m\u00e1s de 200 dientes f\u00f3siles, posiblemente de un megalodon - So Close","og_description":"La especie conocida como\u00a0Otodus megalodon, por mucho tiempo fue nombrada como\u00a0Carcharodon megalodon\u00a0en la literatura relativa a M\u00e9xico.","og_url":"https:\/\/soclose.mx\/blog\/news-feed\/una-persona-entrego-al-inah-mas-de-200-dientes-fosiles-posiblemente-de-un-megalodon\/","og_site_name":"So Close","article_published_time":"2021-07-19T23:32:40+00:00","article_modified_time":"2021-07-19T23:35:44+00:00","og_image":[{"width":1240,"height":700,"url":"https:\/\/i0.wp.com\/soclose.mx\/blog\/wp-content\/uploads\/2021\/07\/colmillos-megalodon.jpeg?fit=1240%2C700&ssl=1","type":"image\/jpeg"}],"author":"So Close","twitter_card":"summary_large_image","twitter_misc":{"Escrito por":"So Close","Tiempo de lectura":"2 minutos"},"schema":{"@context":"https:\/\/schema.org","@graph":[{"@type":"Article","@id":"https:\/\/soclose.mx\/blog\/news-feed\/una-persona-entrego-al-inah-mas-de-200-dientes-fosiles-posiblemente-de-un-megalodon\/#article","isPartOf":{"@id":"https:\/\/soclose.mx\/blog\/news-feed\/una-persona-entrego-al-inah-mas-de-200-dientes-fosiles-posiblemente-de-un-megalodon\/"},"author":{"name":"So Close","@id":"https:\/\/soclose.mx\/blog\/#\/schema\/person\/723eb117ab965b55c3e56b5d29751667"},"headline":"Una persona entreg\u00f3 al INAH m\u00e1s de 200 dientes f\u00f3siles, posiblemente de un megalodon","datePublished":"2021-07-19T23:32:40+00:00","dateModified":"2021-07-19T23:35:44+00:00","mainEntityOfPage":{"@id":"https:\/\/soclose.mx\/blog\/news-feed\/una-persona-entrego-al-inah-mas-de-200-dientes-fosiles-posiblemente-de-un-megalodon\/"},"wordCount":452,"commentCount":0,"publisher":{"@id":"https:\/\/soclose.mx\/blog\/#organization"},"image":{"@id":"https:\/\/soclose.mx\/blog\/news-feed\/una-persona-entrego-al-inah-mas-de-200-dientes-fosiles-posiblemente-de-un-megalodon\/#primaryimage"},"thumbnailUrl":"https:\/\/i0.wp.com\/soclose.mx\/blog\/wp-content\/uploads\/2021\/07\/colmillos-megalodon.jpeg?fit=1240%2C700&ssl=1","keywords":["bacalar","chetumal","colmillos","dientes f\u00f3siles","f\u00f3siles","megalodon","quintana roo","tibur\u00f3n"],"articleSection":["News feed"],"inLanguage":"es","potentialAction":[{"@type":"CommentAction","name":"Comment","target":["https:\/\/soclose.mx\/blog\/news-feed\/una-persona-entrego-al-inah-mas-de-200-dientes-fosiles-posiblemente-de-un-megalodon\/#respond"]}]},{"@type":"WebPage","@id":"https:\/\/soclose.mx\/blog\/news-feed\/una-persona-entrego-al-inah-mas-de-200-dientes-fosiles-posiblemente-de-un-megalodon\/","url":"https:\/\/soclose.mx\/blog\/news-feed\/una-persona-entrego-al-inah-mas-de-200-dientes-fosiles-posiblemente-de-un-megalodon\/","name":"Una persona entreg\u00f3 al INAH m\u00e1s de 200 dientes f\u00f3siles, posiblemente de un megalodon - So Close","isPartOf":{"@id":"https:\/\/soclose.mx\/blog\/#website"},"primaryImageOfPage":{"@id":"https:\/\/soclose.mx\/blog\/news-feed\/una-persona-entrego-al-inah-mas-de-200-dientes-fosiles-posiblemente-de-un-megalodon\/#primaryimage"},"image":{"@id":"https:\/\/soclose.mx\/blog\/news-feed\/una-persona-entrego-al-inah-mas-de-200-dientes-fosiles-posiblemente-de-un-megalodon\/#primaryimage"},"thumbnailUrl":"https:\/\/i0.wp.com\/soclose.mx\/blog\/wp-content\/uploads\/2021\/07\/colmillos-megalodon.jpeg?fit=1240%2C700&ssl=1","datePublished":"2021-07-19T23:32:40+00:00","dateModified":"2021-07-19T23:35:44+00:00","description":"La especie conocida como\u00a0Otodus megalodon, por mucho tiempo fue nombrada como\u00a0Carcharodon megalodon\u00a0en la literatura relativa a M\u00e9xico.","breadcrumb":{"@id":"https:\/\/soclose.mx\/blog\/news-feed\/una-persona-entrego-al-inah-mas-de-200-dientes-fosiles-posiblemente-de-un-megalodon\/#breadcrumb"},"inLanguage":"es","potentialAction":[{"@type":"ReadAction","target":["https:\/\/soclose.mx\/blog\/news-feed\/una-persona-entrego-al-inah-mas-de-200-dientes-fosiles-posiblemente-de-un-megalodon\/"]}]},{"@type":"ImageObject","inLanguage":"es","@id":"https:\/\/soclose.mx\/blog\/news-feed\/una-persona-entrego-al-inah-mas-de-200-dientes-fosiles-posiblemente-de-un-megalodon\/#primaryimage","url":"https:\/\/i0.wp.com\/soclose.mx\/blog\/wp-content\/uploads\/2021\/07\/colmillos-megalodon.jpeg?fit=1240%2C700&ssl=1","contentUrl":"https:\/\/i0.wp.com\/soclose.mx\/blog\/wp-content\/uploads\/2021\/07\/colmillos-megalodon.jpeg?fit=1240%2C700&ssl=1","width":1240,"height":700},{"@type":"BreadcrumbList","@id":"https:\/\/soclose.mx\/blog\/news-feed\/una-persona-entrego-al-inah-mas-de-200-dientes-fosiles-posiblemente-de-un-megalodon\/#breadcrumb","itemListElement":[{"@type":"ListItem","position":1,"name":"Inicio","item":"https:\/\/soclose.mx\/blog\/"},{"@type":"ListItem","position":2,"name":"Una persona entreg\u00f3 al INAH m\u00e1s de 200 dientes f\u00f3siles, posiblemente de un megalodon"}]},{"@type":"WebSite","@id":"https:\/\/soclose.mx\/blog\/#website","url":"https:\/\/soclose.mx\/blog\/","name":"So Close","description":"Hacemos contenidos de M\u00e9xico","publisher":{"@id":"https:\/\/soclose.mx\/blog\/#organization"},"potentialAction":[{"@type":"SearchAction","target":{"@type":"EntryPoint","urlTemplate":"https:\/\/soclose.mx\/blog\/?s={search_term_string}"},"query-input":{"@type":"PropertyValueSpecification","valueRequired":true,"valueName":"search_term_string"}}],"inLanguage":"es"},{"@type":"Organization","@id":"https:\/\/soclose.mx\/blog\/#organization","name":"So Close","url":"https:\/\/soclose.mx\/blog\/","logo":{"@type":"ImageObject","inLanguage":"es","@id":"https:\/\/soclose.mx\/blog\/#\/schema\/logo\/image\/","url":"https:\/\/i0.wp.com\/soclose.mx\/blog\/wp-content\/uploads\/2020\/12\/LOGO_SOCLOSE_COLOR-e1608310133507.png?fit=2858%2C1264&ssl=1","contentUrl":"https:\/\/i0.wp.com\/soclose.mx\/blog\/wp-content\/uploads\/2020\/12\/LOGO_SOCLOSE_COLOR-e1608310133507.png?fit=2858%2C1264&ssl=1","width":2858,"height":1264,"caption":"So Close"},"image":{"@id":"https:\/\/soclose.mx\/blog\/#\/schema\/logo\/image\/"}},{"@type":"Person","@id":"https:\/\/soclose.mx\/blog\/#\/schema\/person\/723eb117ab965b55c3e56b5d29751667","name":"So Close","image":{"@type":"ImageObject","inLanguage":"es","@id":"https:\/\/soclose.mx\/blog\/#\/schema\/person\/image\/","url":"https:\/\/secure.gravatar.com\/avatar\/5a1d1d694eaf6d2c28f450f0984cbb34821b92dc49c1d088c0250fbc6a48efec?s=96&d=mm&r=g","contentUrl":"https:\/\/secure.gravatar.com\/avatar\/5a1d1d694eaf6d2c28f450f0984cbb34821b92dc49c1d088c0250fbc6a48efec?s=96&d=mm&r=g","caption":"So Close"},"sameAs":["http:\/\/www.soclose.mx","https:\/\/www.youtube.com\/@soclosemx"],"url":"https:\/\/soclose.mx\/blog\/author\/admin\/"}]}},"jetpack_featured_media_url":"https:\/\/i0.wp.com\/soclose.mx\/blog\/wp-content\/uploads\/2021\/07\/colmillos-megalodon.jpeg?fit=1240%2C700&ssl=1","jetpack-related-posts":[{"id":6851,"url":"https:\/\/soclose.mx\/blog\/news-feed\/reabre-al-publico-coba-zona-arqueologica-en-quintana-roo\/","url_meta":{"origin":6567,"position":0},"title":"Reabre al p\u00fablico Cob\u00e1, Zona Arqueol\u00f3gica en Quintana Roo","author":"Miguel Angel Romero","date":"16 agosto, 2021","format":false,"excerpt":"El Instituto Nacional de Antropolog\u00eda e Historia (INAH) y el Centro INAH Quintana Roo, reabre a la visita p\u00fablica, bajo estrictas medidas sanitarias, la Zona Arqueol\u00f3gica de Cob\u00e1 ubicada en el municipio de Tulum, Quintana Roo. La Zona Arqueol\u00f3gica de Cob\u00e1 es una de las de mayor relevancia en el\u2026","rel":"","context":"En &quot;News feed&quot;","block_context":{"text":"News feed","link":"https:\/\/soclose.mx\/blog\/category\/news-feed\/"},"img":{"alt_text":"","src":"https:\/\/i0.wp.com\/soclose.mx\/blog\/wp-content\/uploads\/2021\/08\/foto_home.jpeg?fit=1200%2C803&ssl=1&resize=350%2C200","width":350,"height":200,"srcset":"https:\/\/i0.wp.com\/soclose.mx\/blog\/wp-content\/uploads\/2021\/08\/foto_home.jpeg?fit=1200%2C803&ssl=1&resize=350%2C200 1x, https:\/\/i0.wp.com\/soclose.mx\/blog\/wp-content\/uploads\/2021\/08\/foto_home.jpeg?fit=1200%2C803&ssl=1&resize=525%2C300 1.5x, https:\/\/i0.wp.com\/soclose.mx\/blog\/wp-content\/uploads\/2021\/08\/foto_home.jpeg?fit=1200%2C803&ssl=1&resize=700%2C400 2x, https:\/\/i0.wp.com\/soclose.mx\/blog\/wp-content\/uploads\/2021\/08\/foto_home.jpeg?fit=1200%2C803&ssl=1&resize=1050%2C600 3x"},"classes":[]},{"id":6057,"url":"https:\/\/soclose.mx\/blog\/news-feed\/inah-y-unam-descubren-nueva-especie-de-dinosaurio-como-las-de-parque-jurasico\/","url_meta":{"origin":6567,"position":1},"title":"INAH y UNAM descubren nueva especie de dinosaurio como las de Parque Jur\u00e1sico","author":"So Close","date":"13 mayo, 2021","format":false,"excerpt":"Hace 72 o 73 millones de a\u00f1os, un colosal dinosaurio herb\u00edvoro muri\u00f3 en lo que debi\u00f3 ser un cuerpo de agua copioso en sedimentos, por lo que su cuerpo qued\u00f3 r\u00e1pidamente cubierto por la tierra y pudo preservarse a lo largo de las eras, hasta que paleont\u00f3logos del Instituto Nacional\u2026","rel":"","context":"En &quot;News feed&quot;","block_context":{"text":"News feed","link":"https:\/\/soclose.mx\/blog\/category\/news-feed\/"},"img":{"alt_text":"","src":"https:\/\/i0.wp.com\/soclose.mx\/blog\/wp-content\/uploads\/2021\/05\/dinosaurio-Tlatolophus-galorum.jpeg?fit=1200%2C677&ssl=1&resize=350%2C200","width":350,"height":200,"srcset":"https:\/\/i0.wp.com\/soclose.mx\/blog\/wp-content\/uploads\/2021\/05\/dinosaurio-Tlatolophus-galorum.jpeg?fit=1200%2C677&ssl=1&resize=350%2C200 1x, https:\/\/i0.wp.com\/soclose.mx\/blog\/wp-content\/uploads\/2021\/05\/dinosaurio-Tlatolophus-galorum.jpeg?fit=1200%2C677&ssl=1&resize=525%2C300 1.5x, https:\/\/i0.wp.com\/soclose.mx\/blog\/wp-content\/uploads\/2021\/05\/dinosaurio-Tlatolophus-galorum.jpeg?fit=1200%2C677&ssl=1&resize=700%2C400 2x, https:\/\/i0.wp.com\/soclose.mx\/blog\/wp-content\/uploads\/2021\/05\/dinosaurio-Tlatolophus-galorum.jpeg?fit=1200%2C677&ssl=1&resize=1050%2C600 3x"},"classes":[]},{"id":6524,"url":"https:\/\/soclose.mx\/blog\/ay-goeeee\/video-hallan-nueva-especie-de-pez-que-vivio-hace-95-millones-de-anos\/","url_meta":{"origin":6567,"position":2},"title":"Video | Hallan nueva especie de pez que vivi\u00f3 hace 95 millones de a\u00f1os","author":"So Close","date":"13 julio, 2021","format":false,"excerpt":"En Chiapas fue hallado el f\u00f3sil de un pez cuya caracter\u00edstica principal es la presencia de numerosas espinas en las aletas dorsal y anal. Se trata de una especie que anteriormente no hab\u00eda sido identificada y que habit\u00f3 hace aproximadamente 95 millones de a\u00f1os; es decir, en la \u00e9poca de\u2026","rel":"","context":"En &quot;\u00a1Ay goeeee!&quot;","block_context":{"text":"\u00a1Ay goeeee!","link":"https:\/\/soclose.mx\/blog\/category\/ay-goeeee\/"},"img":{"alt_text":"","src":"https:\/\/i0.wp.com\/soclose.mx\/blog\/wp-content\/uploads\/2021\/07\/fosil-pez.jpeg?fit=1200%2C677&ssl=1&resize=350%2C200","width":350,"height":200,"srcset":"https:\/\/i0.wp.com\/soclose.mx\/blog\/wp-content\/uploads\/2021\/07\/fosil-pez.jpeg?fit=1200%2C677&ssl=1&resize=350%2C200 1x, https:\/\/i0.wp.com\/soclose.mx\/blog\/wp-content\/uploads\/2021\/07\/fosil-pez.jpeg?fit=1200%2C677&ssl=1&resize=525%2C300 1.5x, https:\/\/i0.wp.com\/soclose.mx\/blog\/wp-content\/uploads\/2021\/07\/fosil-pez.jpeg?fit=1200%2C677&ssl=1&resize=700%2C400 2x, https:\/\/i0.wp.com\/soclose.mx\/blog\/wp-content\/uploads\/2021\/07\/fosil-pez.jpeg?fit=1200%2C677&ssl=1&resize=1050%2C600 3x"},"classes":[]},{"id":6001,"url":"https:\/\/soclose.mx\/blog\/news-feed\/reabren-museo-maya-de-cancun-y-la-zona-arqueologica-de-san-miguelito-en-quintana-roo\/","url_meta":{"origin":6567,"position":3},"title":"Reabren Museo Maya de Canc\u00fan y la Zona Arqueol\u00f3gica de San Miguelito, en Quintana Roo","author":"So Close","date":"29 abril, 2021","format":false,"excerpt":"A partir del 28 de abril, bajo estrictas medidas sanitarias a fin de garantizar la seguridad y el bienestar de su personal operativo y de los visitantes, el Museo Maya de Canc\u00fan y la Zona Arqueol\u00f3gica de San Miguelito, en Quintana Roo, abri\u00f3 nuevamente sus puertas al p\u00fablico. Ambos espacios\u2026","rel":"","context":"En &quot;News feed&quot;","block_context":{"text":"News feed","link":"https:\/\/soclose.mx\/blog\/category\/news-feed\/"},"img":{"alt_text":"","src":"https:\/\/i0.wp.com\/soclose.mx\/blog\/wp-content\/uploads\/2021\/04\/museo-maya-cancun-quintanaroo.jpeg?fit=1200%2C677&ssl=1&resize=350%2C200","width":350,"height":200,"srcset":"https:\/\/i0.wp.com\/soclose.mx\/blog\/wp-content\/uploads\/2021\/04\/museo-maya-cancun-quintanaroo.jpeg?fit=1200%2C677&ssl=1&resize=350%2C200 1x, https:\/\/i0.wp.com\/soclose.mx\/blog\/wp-content\/uploads\/2021\/04\/museo-maya-cancun-quintanaroo.jpeg?fit=1200%2C677&ssl=1&resize=525%2C300 1.5x, https:\/\/i0.wp.com\/soclose.mx\/blog\/wp-content\/uploads\/2021\/04\/museo-maya-cancun-quintanaroo.jpeg?fit=1200%2C677&ssl=1&resize=700%2C400 2x, https:\/\/i0.wp.com\/soclose.mx\/blog\/wp-content\/uploads\/2021\/04\/museo-maya-cancun-quintanaroo.jpeg?fit=1200%2C677&ssl=1&resize=1050%2C600 3x"},"classes":[]},{"id":6106,"url":"https:\/\/soclose.mx\/blog\/news-feed\/zona-arqueologica-de-tulum-y-palenque-reabren-sus-puertas-al-publico\/","url_meta":{"origin":6567,"position":4},"title":"Zona Arqueol\u00f3gica de Tulum y Palenque reabren sus puertas al p\u00fablico","author":"So Close","date":"24 mayo, 2021","format":false,"excerpt":"La Zona Arqueol\u00f3gica de Tulum, en el estado de Quintana Roo, reabri\u00f3 sus puertas a la visita p\u00fablica este lunes bajo estrictas medidas de operaci\u00f3n que garantizan la salud de los visitantes y de los trabajadores. Este sitio arqueol\u00f3gico, emblem\u00e1tico de la costa quintanarroense y representativo del estilo arquitect\u00f3nico llamado\u2026","rel":"","context":"En &quot;News feed&quot;","block_context":{"text":"News feed","link":"https:\/\/soclose.mx\/blog\/category\/news-feed\/"},"img":{"alt_text":"","src":"https:\/\/i0.wp.com\/soclose.mx\/blog\/wp-content\/uploads\/2021\/05\/zona-arqueologica-tulum.jpeg?fit=1200%2C677&ssl=1&resize=350%2C200","width":350,"height":200,"srcset":"https:\/\/i0.wp.com\/soclose.mx\/blog\/wp-content\/uploads\/2021\/05\/zona-arqueologica-tulum.jpeg?fit=1200%2C677&ssl=1&resize=350%2C200 1x, https:\/\/i0.wp.com\/soclose.mx\/blog\/wp-content\/uploads\/2021\/05\/zona-arqueologica-tulum.jpeg?fit=1200%2C677&ssl=1&resize=525%2C300 1.5x, https:\/\/i0.wp.com\/soclose.mx\/blog\/wp-content\/uploads\/2021\/05\/zona-arqueologica-tulum.jpeg?fit=1200%2C677&ssl=1&resize=700%2C400 2x, https:\/\/i0.wp.com\/soclose.mx\/blog\/wp-content\/uploads\/2021\/05\/zona-arqueologica-tulum.jpeg?fit=1200%2C677&ssl=1&resize=1050%2C600 3x"},"classes":[]},{"id":6009,"url":"https:\/\/soclose.mx\/blog\/news-feed\/reabren-zona-arqueologica-el-vallecito-y-el-museo-campo-alaska-en-baja-california\/","url_meta":{"origin":6567,"position":5},"title":"Reabren Zona Arqueol\u00f3gica El Vallecito y el Museo Campo Alaska, en Baja California","author":"So Close","date":"3 mayo, 2021","format":false,"excerpt":"La Zona Arqueol\u00f3gica El Vallecito y el Museo de Sitio Campo Alaska, en Baja California, abren nuevamente al p\u00fablico. El sitio arqueol\u00f3gico estar\u00e1 abierto de mi\u00e9rcoles a domingo, de 8:00 a 15:00 horas, con un aforo permitido de 50 personas de manera simult\u00e1nea. Los resguardos rocosos con pintura rupestre conocidos\u2026","rel":"","context":"En &quot;News feed&quot;","block_context":{"text":"News feed","link":"https:\/\/soclose.mx\/blog\/category\/news-feed\/"},"img":{"alt_text":"","src":"https:\/\/i0.wp.com\/soclose.mx\/blog\/wp-content\/uploads\/2021\/05\/museo-sitio-campo-alaska.jpeg?fit=1200%2C677&ssl=1&resize=350%2C200","width":350,"height":200,"srcset":"https:\/\/i0.wp.com\/soclose.mx\/blog\/wp-content\/uploads\/2021\/05\/museo-sitio-campo-alaska.jpeg?fit=1200%2C677&ssl=1&resize=350%2C200 1x, https:\/\/i0.wp.com\/soclose.mx\/blog\/wp-content\/uploads\/2021\/05\/museo-sitio-campo-alaska.jpeg?fit=1200%2C677&ssl=1&resize=525%2C300 1.5x, https:\/\/i0.wp.com\/soclose.mx\/blog\/wp-content\/uploads\/2021\/05\/museo-sitio-campo-alaska.jpeg?fit=1200%2C677&ssl=1&resize=700%2C400 2x, https:\/\/i0.wp.com\/soclose.mx\/blog\/wp-content\/uploads\/2021\/05\/museo-sitio-campo-alaska.jpeg?fit=1200%2C677&ssl=1&resize=1050%2C600 3x"},"classes":[]}],"jetpack_sharing_enabled":true,"_links":{"self":[{"href":"https:\/\/soclose.mx\/blog\/wp-json\/wp\/v2\/posts\/6567","targetHints":{"allow":["GET"]}}],"collection":[{"href":"https:\/\/soclose.mx\/blog\/wp-json\/wp\/v2\/posts"}],"about":[{"href":"https:\/\/soclose.mx\/blog\/wp-json\/wp\/v2\/types\/post"}],"author":[{"embeddable":true,"href":"https:\/\/soclose.mx\/blog\/wp-json\/wp\/v2\/users\/1"}],"replies":[{"embeddable":true,"href":"https:\/\/soclose.mx\/blog\/wp-json\/wp\/v2\/comments?post=6567"}],"version-history":[{"count":0,"href":"https:\/\/soclose.mx\/blog\/wp-json\/wp\/v2\/posts\/6567\/revisions"}],"wp:featuredmedia":[{"embeddable":true,"href":"https:\/\/soclose.mx\/blog\/wp-json\/wp\/v2\/media\/6571"}],"wp:attachment":[{"href":"https:\/\/soclose.mx\/blog\/wp-json\/wp\/v2\/media?parent=6567"}],"wp:term":[{"taxonomy":"category","embeddable":true,"href":"https:\/\/soclose.mx\/blog\/wp-json\/wp\/v2\/categories?post=6567"},{"taxonomy":"post_tag","embeddable":true,"href":"https:\/\/soclose.mx\/blog\/wp-json\/wp\/v2\/tags?post=6567"}],"curies":[{"name":"wp","href":"https:\/\/api.w.org\/{rel}","templated":true}]}}