{"id":6591,"date":"2021-07-21T17:04:10","date_gmt":"2021-07-21T22:04:10","guid":{"rendered":"https:\/\/soclose.mx\/blog\/?p=6591"},"modified":"2021-07-21T17:05:28","modified_gmt":"2021-07-21T22:05:28","slug":"5-datos-que-hacen-a-pancho-villa-un-revolucionario-nato","status":"publish","type":"post","link":"https:\/\/soclose.mx\/blog\/ay-goeeee\/5-datos-que-hacen-a-pancho-villa-un-revolucionario-nato\/","title":{"rendered":"5 datos que hacen a Pancho Villa un revolucionario nato"},"content":{"rendered":"<blockquote><p><strong>Doroteo Arango Ar\u00e1mbula<\/strong>, mejor conocido como <strong>Pancho Villa,<\/strong> en la Hacienda en la que trabajaba, el m\u00e1s joven de los L\u00f3pez Negrete, intent\u00f3 abusar de su hermana, por lo <strong>Villa<\/strong> le dispar\u00f3.<\/p>\n<p>En 1910, al iniciar la <a href=\"https:\/\/soclose.mx\/blog\/?s=Revoluci%C3%B3n+Mexicana\" target=\"_blank\" rel=\"noopener\"><strong>Revoluci\u00f3n Mexicana<\/strong><\/a>, se uni\u00f3 a las filas maderistas para luchar contra la dictadura de Porfirio D\u00edaz, a quien derrotaron a los seis meses de haberse unido con Madero.<\/p>\n<p>Tras la muerte de<strong> Francisco I. Madero,<\/strong> se uni\u00f3 a las tropas constitucionalistas de <strong>Venustiano Carranza <\/strong>con quien derrot\u00f3 a<strong> Victoriano Huerta.<\/strong><\/p>\n<p>Junto con <strong>Emiliano Zapata<\/strong> se apoder\u00f3 de la Ciudad de M\u00e9xico el 6 de diciembre de 1914, pero no lograron establecer un gobierno.<\/p>\n<p>En 1916, el 9 de marzo, con su ej\u00e9rcito conocido como <strong>&#8220;Divisi\u00f3n del Norte&#8221;<\/strong>, atacaron al pueblo de <strong>Columbus, Nuevo M\u00e9xico <\/strong>en <strong>Estados Unidos<\/strong>. Esta acci\u00f3n le ha valido que varios historiadores, hasta la fecha, lo reconozcan como el \u00fanico latinamericano que ha invadido territorio estadonunidense.<\/p><\/blockquote>\n<p>&nbsp;<\/p>\n","protected":false},"excerpt":{"rendered":"<p>Doroteo Arango Ar\u00e1mbula, mejor conocido como Pancho Villa, en la Hacienda en la que trabajaba, el m\u00e1s joven de los L\u00f3pez Negrete, intent\u00f3 abusar de su hermana, por lo Villa le dispar\u00f3. En 1910, al iniciar la Revoluci\u00f3n Mexicana, se uni\u00f3 a las filas maderistas para luchar contra la dictadura de Porfirio D\u00edaz, a quien derrotaron a los seis meses de haberse unido con Madero. Tras la muerte de Francisco I. Madero, se uni\u00f3 a las tropas constitucionalistas de Venustiano Carranza con quien derrot\u00f3 a Victoriano Huerta. Junto con Emiliano Zapata se apoder\u00f3 de la Ciudad de M\u00e9xico el 6<\/p>\n","protected":false},"author":1,"featured_media":6598,"comment_status":"open","ping_status":"open","sticky":false,"template":"","format":"standard","meta":{"_jetpack_memberships_contains_paid_content":false,"footnotes":""},"categories":[1],"tags":[1112,793,1110,856,1111],"class_list":["post-6591","post","type-post","status-publish","format-standard","has-post-thumbnail","hentry","category-ay-goeeee","tag-doroteo-arango-arambula","tag-emiliano-zapata","tag-pancho-villa","tag-revolucion-mexicana","tag-venustiano-carranza"],"yoast_head":"<!-- This site is optimized with the Yoast SEO plugin v26.7 - https:\/\/yoast.com\/wordpress\/plugins\/seo\/ -->\n<title>5 datos que hacen a Pancho Villa un revolucionario nato - So Close<\/title>\n<meta name=\"description\" content=\"En 1916, el 9 de marzo, con su ej\u00e9rcito conocido como &quot;Divisi\u00f3n del Norte&quot;, atacaron al pueblo de Columbus, Nuevo M\u00e9xico.\" \/>\n<meta name=\"robots\" content=\"index, follow, max-snippet:-1, max-image-preview:large, max-video-preview:-1\" \/>\n<link rel=\"canonical\" href=\"https:\/\/soclose.mx\/blog\/ay-goeeee\/5-datos-que-hacen-a-pancho-villa-un-revolucionario-nato\/\" \/>\n<meta property=\"og:locale\" content=\"es_MX\" \/>\n<meta property=\"og:type\" content=\"article\" \/>\n<meta property=\"og:title\" content=\"5 datos que hacen a Pancho Villa un revolucionario nato - So Close\" \/>\n<meta property=\"og:description\" content=\"En 1916, el 9 de marzo, con su ej\u00e9rcito conocido como &quot;Divisi\u00f3n del Norte&quot;, atacaron al pueblo de Columbus, Nuevo M\u00e9xico.\" \/>\n<meta property=\"og:url\" content=\"https:\/\/soclose.mx\/blog\/ay-goeeee\/5-datos-que-hacen-a-pancho-villa-un-revolucionario-nato\/\" \/>\n<meta property=\"og:site_name\" content=\"So Close\" \/>\n<meta property=\"article:published_time\" content=\"2021-07-21T22:04:10+00:00\" \/>\n<meta property=\"article:modified_time\" content=\"2021-07-21T22:05:28+00:00\" \/>\n<meta property=\"og:image\" content=\"https:\/\/i0.wp.com\/soclose.mx\/blog\/wp-content\/uploads\/2021\/07\/pancho-villa-emiliano-zapata.jpeg?fit=1240%2C700&ssl=1\" \/>\n\t<meta property=\"og:image:width\" content=\"1240\" \/>\n\t<meta property=\"og:image:height\" content=\"700\" \/>\n\t<meta property=\"og:image:type\" content=\"image\/jpeg\" \/>\n<meta name=\"author\" content=\"So Close\" \/>\n<meta name=\"twitter:card\" content=\"summary_large_image\" \/>\n<meta name=\"twitter:label1\" content=\"Escrito por\" \/>\n\t<meta name=\"twitter:data1\" content=\"So Close\" \/>\n\t<meta name=\"twitter:label2\" content=\"Tiempo de lectura\" \/>\n\t<meta name=\"twitter:data2\" content=\"1 minuto\" \/>\n<script type=\"application\/ld+json\" class=\"yoast-schema-graph\">{\"@context\":\"https:\/\/schema.org\",\"@graph\":[{\"@type\":\"Article\",\"@id\":\"https:\/\/soclose.mx\/blog\/ay-goeeee\/5-datos-que-hacen-a-pancho-villa-un-revolucionario-nato\/#article\",\"isPartOf\":{\"@id\":\"https:\/\/soclose.mx\/blog\/ay-goeeee\/5-datos-que-hacen-a-pancho-villa-un-revolucionario-nato\/\"},\"author\":{\"name\":\"So Close\",\"@id\":\"https:\/\/soclose.mx\/blog\/#\/schema\/person\/723eb117ab965b55c3e56b5d29751667\"},\"headline\":\"5 datos que hacen a Pancho Villa un revolucionario nato\",\"datePublished\":\"2021-07-21T22:04:10+00:00\",\"dateModified\":\"2021-07-21T22:05:28+00:00\",\"mainEntityOfPage\":{\"@id\":\"https:\/\/soclose.mx\/blog\/ay-goeeee\/5-datos-que-hacen-a-pancho-villa-un-revolucionario-nato\/\"},\"wordCount\":171,\"commentCount\":0,\"publisher\":{\"@id\":\"https:\/\/soclose.mx\/blog\/#organization\"},\"image\":{\"@id\":\"https:\/\/soclose.mx\/blog\/ay-goeeee\/5-datos-que-hacen-a-pancho-villa-un-revolucionario-nato\/#primaryimage\"},\"thumbnailUrl\":\"https:\/\/i0.wp.com\/soclose.mx\/blog\/wp-content\/uploads\/2021\/07\/pancho-villa-emiliano-zapata.jpeg?fit=1240%2C700&ssl=1\",\"keywords\":[\"Doroteo Arango Ar\u00e1mbula\",\"emiliano zapata\",\"pancho villa\",\"revolucion mexicana\",\"venustiano carranza\"],\"articleSection\":[\"\u00a1Ay goeeee!\"],\"inLanguage\":\"es\",\"potentialAction\":[{\"@type\":\"CommentAction\",\"name\":\"Comment\",\"target\":[\"https:\/\/soclose.mx\/blog\/ay-goeeee\/5-datos-que-hacen-a-pancho-villa-un-revolucionario-nato\/#respond\"]}]},{\"@type\":\"WebPage\",\"@id\":\"https:\/\/soclose.mx\/blog\/ay-goeeee\/5-datos-que-hacen-a-pancho-villa-un-revolucionario-nato\/\",\"url\":\"https:\/\/soclose.mx\/blog\/ay-goeeee\/5-datos-que-hacen-a-pancho-villa-un-revolucionario-nato\/\",\"name\":\"5 datos que hacen a Pancho Villa un revolucionario nato - So Close\",\"isPartOf\":{\"@id\":\"https:\/\/soclose.mx\/blog\/#website\"},\"primaryImageOfPage\":{\"@id\":\"https:\/\/soclose.mx\/blog\/ay-goeeee\/5-datos-que-hacen-a-pancho-villa-un-revolucionario-nato\/#primaryimage\"},\"image\":{\"@id\":\"https:\/\/soclose.mx\/blog\/ay-goeeee\/5-datos-que-hacen-a-pancho-villa-un-revolucionario-nato\/#primaryimage\"},\"thumbnailUrl\":\"https:\/\/i0.wp.com\/soclose.mx\/blog\/wp-content\/uploads\/2021\/07\/pancho-villa-emiliano-zapata.jpeg?fit=1240%2C700&ssl=1\",\"datePublished\":\"2021-07-21T22:04:10+00:00\",\"dateModified\":\"2021-07-21T22:05:28+00:00\",\"description\":\"En 1916, el 9 de marzo, con su ej\u00e9rcito conocido como \\\"Divisi\u00f3n del Norte\\\", atacaron al pueblo de Columbus, Nuevo M\u00e9xico.\",\"breadcrumb\":{\"@id\":\"https:\/\/soclose.mx\/blog\/ay-goeeee\/5-datos-que-hacen-a-pancho-villa-un-revolucionario-nato\/#breadcrumb\"},\"inLanguage\":\"es\",\"potentialAction\":[{\"@type\":\"ReadAction\",\"target\":[\"https:\/\/soclose.mx\/blog\/ay-goeeee\/5-datos-que-hacen-a-pancho-villa-un-revolucionario-nato\/\"]}]},{\"@type\":\"ImageObject\",\"inLanguage\":\"es\",\"@id\":\"https:\/\/soclose.mx\/blog\/ay-goeeee\/5-datos-que-hacen-a-pancho-villa-un-revolucionario-nato\/#primaryimage\",\"url\":\"https:\/\/i0.wp.com\/soclose.mx\/blog\/wp-content\/uploads\/2021\/07\/pancho-villa-emiliano-zapata.jpeg?fit=1240%2C700&ssl=1\",\"contentUrl\":\"https:\/\/i0.wp.com\/soclose.mx\/blog\/wp-content\/uploads\/2021\/07\/pancho-villa-emiliano-zapata.jpeg?fit=1240%2C700&ssl=1\",\"width\":1240,\"height\":700,\"caption\":\"Pancho Villa cartel recompensa\"},{\"@type\":\"BreadcrumbList\",\"@id\":\"https:\/\/soclose.mx\/blog\/ay-goeeee\/5-datos-que-hacen-a-pancho-villa-un-revolucionario-nato\/#breadcrumb\",\"itemListElement\":[{\"@type\":\"ListItem\",\"position\":1,\"name\":\"Inicio\",\"item\":\"https:\/\/soclose.mx\/blog\/\"},{\"@type\":\"ListItem\",\"position\":2,\"name\":\"5 datos que hacen a Pancho Villa un revolucionario nato\"}]},{\"@type\":\"WebSite\",\"@id\":\"https:\/\/soclose.mx\/blog\/#website\",\"url\":\"https:\/\/soclose.mx\/blog\/\",\"name\":\"So Close\",\"description\":\"Hacemos contenidos de M\u00e9xico\",\"publisher\":{\"@id\":\"https:\/\/soclose.mx\/blog\/#organization\"},\"potentialAction\":[{\"@type\":\"SearchAction\",\"target\":{\"@type\":\"EntryPoint\",\"urlTemplate\":\"https:\/\/soclose.mx\/blog\/?s={search_term_string}\"},\"query-input\":{\"@type\":\"PropertyValueSpecification\",\"valueRequired\":true,\"valueName\":\"search_term_string\"}}],\"inLanguage\":\"es\"},{\"@type\":\"Organization\",\"@id\":\"https:\/\/soclose.mx\/blog\/#organization\",\"name\":\"So Close\",\"url\":\"https:\/\/soclose.mx\/blog\/\",\"logo\":{\"@type\":\"ImageObject\",\"inLanguage\":\"es\",\"@id\":\"https:\/\/soclose.mx\/blog\/#\/schema\/logo\/image\/\",\"url\":\"https:\/\/i0.wp.com\/soclose.mx\/blog\/wp-content\/uploads\/2020\/12\/LOGO_SOCLOSE_COLOR-e1608310133507.png?fit=2858%2C1264&ssl=1\",\"contentUrl\":\"https:\/\/i0.wp.com\/soclose.mx\/blog\/wp-content\/uploads\/2020\/12\/LOGO_SOCLOSE_COLOR-e1608310133507.png?fit=2858%2C1264&ssl=1\",\"width\":2858,\"height\":1264,\"caption\":\"So Close\"},\"image\":{\"@id\":\"https:\/\/soclose.mx\/blog\/#\/schema\/logo\/image\/\"}},{\"@type\":\"Person\",\"@id\":\"https:\/\/soclose.mx\/blog\/#\/schema\/person\/723eb117ab965b55c3e56b5d29751667\",\"name\":\"So Close\",\"image\":{\"@type\":\"ImageObject\",\"inLanguage\":\"es\",\"@id\":\"https:\/\/soclose.mx\/blog\/#\/schema\/person\/image\/\",\"url\":\"https:\/\/secure.gravatar.com\/avatar\/5a1d1d694eaf6d2c28f450f0984cbb34821b92dc49c1d088c0250fbc6a48efec?s=96&d=mm&r=g\",\"contentUrl\":\"https:\/\/secure.gravatar.com\/avatar\/5a1d1d694eaf6d2c28f450f0984cbb34821b92dc49c1d088c0250fbc6a48efec?s=96&d=mm&r=g\",\"caption\":\"So Close\"},\"sameAs\":[\"http:\/\/www.soclose.mx\",\"https:\/\/www.youtube.com\/@soclosemx\"],\"url\":\"https:\/\/soclose.mx\/blog\/author\/admin\/\"}]}<\/script>\n<!-- \/ Yoast SEO plugin. -->","yoast_head_json":{"title":"5 datos que hacen a Pancho Villa un revolucionario nato - So Close","description":"En 1916, el 9 de marzo, con su ej\u00e9rcito conocido como \"Divisi\u00f3n del Norte\", atacaron al pueblo de Columbus, Nuevo M\u00e9xico.","robots":{"index":"index","follow":"follow","max-snippet":"max-snippet:-1","max-image-preview":"max-image-preview:large","max-video-preview":"max-video-preview:-1"},"canonical":"https:\/\/soclose.mx\/blog\/ay-goeeee\/5-datos-que-hacen-a-pancho-villa-un-revolucionario-nato\/","og_locale":"es_MX","og_type":"article","og_title":"5 datos que hacen a Pancho Villa un revolucionario nato - So Close","og_description":"En 1916, el 9 de marzo, con su ej\u00e9rcito conocido como \"Divisi\u00f3n del Norte\", atacaron al pueblo de Columbus, Nuevo M\u00e9xico.","og_url":"https:\/\/soclose.mx\/blog\/ay-goeeee\/5-datos-que-hacen-a-pancho-villa-un-revolucionario-nato\/","og_site_name":"So Close","article_published_time":"2021-07-21T22:04:10+00:00","article_modified_time":"2021-07-21T22:05:28+00:00","og_image":[{"width":1240,"height":700,"url":"https:\/\/i0.wp.com\/soclose.mx\/blog\/wp-content\/uploads\/2021\/07\/pancho-villa-emiliano-zapata.jpeg?fit=1240%2C700&ssl=1","type":"image\/jpeg"}],"author":"So Close","twitter_card":"summary_large_image","twitter_misc":{"Escrito por":"So Close","Tiempo de lectura":"1 minuto"},"schema":{"@context":"https:\/\/schema.org","@graph":[{"@type":"Article","@id":"https:\/\/soclose.mx\/blog\/ay-goeeee\/5-datos-que-hacen-a-pancho-villa-un-revolucionario-nato\/#article","isPartOf":{"@id":"https:\/\/soclose.mx\/blog\/ay-goeeee\/5-datos-que-hacen-a-pancho-villa-un-revolucionario-nato\/"},"author":{"name":"So Close","@id":"https:\/\/soclose.mx\/blog\/#\/schema\/person\/723eb117ab965b55c3e56b5d29751667"},"headline":"5 datos que hacen a Pancho Villa un revolucionario nato","datePublished":"2021-07-21T22:04:10+00:00","dateModified":"2021-07-21T22:05:28+00:00","mainEntityOfPage":{"@id":"https:\/\/soclose.mx\/blog\/ay-goeeee\/5-datos-que-hacen-a-pancho-villa-un-revolucionario-nato\/"},"wordCount":171,"commentCount":0,"publisher":{"@id":"https:\/\/soclose.mx\/blog\/#organization"},"image":{"@id":"https:\/\/soclose.mx\/blog\/ay-goeeee\/5-datos-que-hacen-a-pancho-villa-un-revolucionario-nato\/#primaryimage"},"thumbnailUrl":"https:\/\/i0.wp.com\/soclose.mx\/blog\/wp-content\/uploads\/2021\/07\/pancho-villa-emiliano-zapata.jpeg?fit=1240%2C700&ssl=1","keywords":["Doroteo Arango Ar\u00e1mbula","emiliano zapata","pancho villa","revolucion mexicana","venustiano carranza"],"articleSection":["\u00a1Ay goeeee!"],"inLanguage":"es","potentialAction":[{"@type":"CommentAction","name":"Comment","target":["https:\/\/soclose.mx\/blog\/ay-goeeee\/5-datos-que-hacen-a-pancho-villa-un-revolucionario-nato\/#respond"]}]},{"@type":"WebPage","@id":"https:\/\/soclose.mx\/blog\/ay-goeeee\/5-datos-que-hacen-a-pancho-villa-un-revolucionario-nato\/","url":"https:\/\/soclose.mx\/blog\/ay-goeeee\/5-datos-que-hacen-a-pancho-villa-un-revolucionario-nato\/","name":"5 datos que hacen a Pancho Villa un revolucionario nato - So Close","isPartOf":{"@id":"https:\/\/soclose.mx\/blog\/#website"},"primaryImageOfPage":{"@id":"https:\/\/soclose.mx\/blog\/ay-goeeee\/5-datos-que-hacen-a-pancho-villa-un-revolucionario-nato\/#primaryimage"},"image":{"@id":"https:\/\/soclose.mx\/blog\/ay-goeeee\/5-datos-que-hacen-a-pancho-villa-un-revolucionario-nato\/#primaryimage"},"thumbnailUrl":"https:\/\/i0.wp.com\/soclose.mx\/blog\/wp-content\/uploads\/2021\/07\/pancho-villa-emiliano-zapata.jpeg?fit=1240%2C700&ssl=1","datePublished":"2021-07-21T22:04:10+00:00","dateModified":"2021-07-21T22:05:28+00:00","description":"En 1916, el 9 de marzo, con su ej\u00e9rcito conocido como \"Divisi\u00f3n del Norte\", atacaron al pueblo de Columbus, Nuevo M\u00e9xico.","breadcrumb":{"@id":"https:\/\/soclose.mx\/blog\/ay-goeeee\/5-datos-que-hacen-a-pancho-villa-un-revolucionario-nato\/#breadcrumb"},"inLanguage":"es","potentialAction":[{"@type":"ReadAction","target":["https:\/\/soclose.mx\/blog\/ay-goeeee\/5-datos-que-hacen-a-pancho-villa-un-revolucionario-nato\/"]}]},{"@type":"ImageObject","inLanguage":"es","@id":"https:\/\/soclose.mx\/blog\/ay-goeeee\/5-datos-que-hacen-a-pancho-villa-un-revolucionario-nato\/#primaryimage","url":"https:\/\/i0.wp.com\/soclose.mx\/blog\/wp-content\/uploads\/2021\/07\/pancho-villa-emiliano-zapata.jpeg?fit=1240%2C700&ssl=1","contentUrl":"https:\/\/i0.wp.com\/soclose.mx\/blog\/wp-content\/uploads\/2021\/07\/pancho-villa-emiliano-zapata.jpeg?fit=1240%2C700&ssl=1","width":1240,"height":700,"caption":"Pancho Villa cartel recompensa"},{"@type":"BreadcrumbList","@id":"https:\/\/soclose.mx\/blog\/ay-goeeee\/5-datos-que-hacen-a-pancho-villa-un-revolucionario-nato\/#breadcrumb","itemListElement":[{"@type":"ListItem","position":1,"name":"Inicio","item":"https:\/\/soclose.mx\/blog\/"},{"@type":"ListItem","position":2,"name":"5 datos que hacen a Pancho Villa un revolucionario nato"}]},{"@type":"WebSite","@id":"https:\/\/soclose.mx\/blog\/#website","url":"https:\/\/soclose.mx\/blog\/","name":"So Close","description":"Hacemos contenidos de M\u00e9xico","publisher":{"@id":"https:\/\/soclose.mx\/blog\/#organization"},"potentialAction":[{"@type":"SearchAction","target":{"@type":"EntryPoint","urlTemplate":"https:\/\/soclose.mx\/blog\/?s={search_term_string}"},"query-input":{"@type":"PropertyValueSpecification","valueRequired":true,"valueName":"search_term_string"}}],"inLanguage":"es"},{"@type":"Organization","@id":"https:\/\/soclose.mx\/blog\/#organization","name":"So Close","url":"https:\/\/soclose.mx\/blog\/","logo":{"@type":"ImageObject","inLanguage":"es","@id":"https:\/\/soclose.mx\/blog\/#\/schema\/logo\/image\/","url":"https:\/\/i0.wp.com\/soclose.mx\/blog\/wp-content\/uploads\/2020\/12\/LOGO_SOCLOSE_COLOR-e1608310133507.png?fit=2858%2C1264&ssl=1","contentUrl":"https:\/\/i0.wp.com\/soclose.mx\/blog\/wp-content\/uploads\/2020\/12\/LOGO_SOCLOSE_COLOR-e1608310133507.png?fit=2858%2C1264&ssl=1","width":2858,"height":1264,"caption":"So Close"},"image":{"@id":"https:\/\/soclose.mx\/blog\/#\/schema\/logo\/image\/"}},{"@type":"Person","@id":"https:\/\/soclose.mx\/blog\/#\/schema\/person\/723eb117ab965b55c3e56b5d29751667","name":"So Close","image":{"@type":"ImageObject","inLanguage":"es","@id":"https:\/\/soclose.mx\/blog\/#\/schema\/person\/image\/","url":"https:\/\/secure.gravatar.com\/avatar\/5a1d1d694eaf6d2c28f450f0984cbb34821b92dc49c1d088c0250fbc6a48efec?s=96&d=mm&r=g","contentUrl":"https:\/\/secure.gravatar.com\/avatar\/5a1d1d694eaf6d2c28f450f0984cbb34821b92dc49c1d088c0250fbc6a48efec?s=96&d=mm&r=g","caption":"So Close"},"sameAs":["http:\/\/www.soclose.mx","https:\/\/www.youtube.com\/@soclosemx"],"url":"https:\/\/soclose.mx\/blog\/author\/admin\/"}]}},"jetpack_featured_media_url":"https:\/\/i0.wp.com\/soclose.mx\/blog\/wp-content\/uploads\/2021\/07\/pancho-villa-emiliano-zapata.jpeg?fit=1240%2C700&ssl=1","jetpack-related-posts":[{"id":12061,"url":"https:\/\/soclose.mx\/blog\/ay-goeeee\/pancho-villa-cartel-recompensa-cuanto-cuesta\/","url_meta":{"origin":6591,"position":0},"title":"Pancho Villa: Esto cuesta hoy el cartel de su arresto &#8220;vivo o muerto&#8221;","author":"Emmanuel Oviedo","date":"15 noviembre, 2023","format":false,"excerpt":"Dice muy bien el refr\u00e1n: \"El que es buen gallo, donde quiera canta\" y en este caso aplica para representar a uno de los h\u00e9roes de la Revoluci\u00f3n mexicana, Pancho Villa. Su nombre verdadero es Jos\u00e9 Doroteo Arango Ar\u00e1mbula y naci\u00f3 en Durango en el a\u00f1o 1878. Cuando pensamos en\u2026","rel":"","context":"En &quot;\u00a1Ay goeeee!&quot;","block_context":{"text":"\u00a1Ay goeeee!","link":"https:\/\/soclose.mx\/blog\/category\/ay-goeeee\/"},"img":{"alt_text":"Pancho Villa cartel recompensa","src":"https:\/\/i0.wp.com\/soclose.mx\/blog\/wp-content\/uploads\/2021\/07\/pancho-villa-emiliano-zapata.jpeg?fit=1200%2C677&ssl=1&resize=350%2C200","width":350,"height":200,"srcset":"https:\/\/i0.wp.com\/soclose.mx\/blog\/wp-content\/uploads\/2021\/07\/pancho-villa-emiliano-zapata.jpeg?fit=1200%2C677&ssl=1&resize=350%2C200 1x, https:\/\/i0.wp.com\/soclose.mx\/blog\/wp-content\/uploads\/2021\/07\/pancho-villa-emiliano-zapata.jpeg?fit=1200%2C677&ssl=1&resize=525%2C300 1.5x, https:\/\/i0.wp.com\/soclose.mx\/blog\/wp-content\/uploads\/2021\/07\/pancho-villa-emiliano-zapata.jpeg?fit=1200%2C677&ssl=1&resize=700%2C400 2x, https:\/\/i0.wp.com\/soclose.mx\/blog\/wp-content\/uploads\/2021\/07\/pancho-villa-emiliano-zapata.jpeg?fit=1200%2C677&ssl=1&resize=1050%2C600 3x"},"classes":[]},{"id":11762,"url":"https:\/\/soclose.mx\/blog\/ay-goeeee\/cabeza-de-francisco-villa-revolucion-mexicana\/","url_meta":{"origin":6591,"position":1},"title":"El misterioso robo de la cabeza de Francisco Villa \u00bfConoces la leyenda?","author":"So Close","date":"23 junio, 2023","format":false,"excerpt":"La vida y muerte de Pancho Villa son un enigma, desde su nombre real, hasta su cabeza perdida. Aqu\u00ed te contamos el misterio de la segunda.","rel":"","context":"En &quot;\u00a1Ay goeeee!&quot;","block_context":{"text":"\u00a1Ay goeeee!","link":"https:\/\/soclose.mx\/blog\/category\/ay-goeeee\/"},"img":{"alt_text":"Cabeza de Francisco Villa","src":"https:\/\/i0.wp.com\/soclose.mx\/blog\/wp-content\/uploads\/2023\/06\/Cabeza-de-Francisco-Villa-Mito-Revolucion-Mexicana.jpg?fit=1200%2C675&ssl=1&resize=350%2C200","width":350,"height":200,"srcset":"https:\/\/i0.wp.com\/soclose.mx\/blog\/wp-content\/uploads\/2023\/06\/Cabeza-de-Francisco-Villa-Mito-Revolucion-Mexicana.jpg?fit=1200%2C675&ssl=1&resize=350%2C200 1x, https:\/\/i0.wp.com\/soclose.mx\/blog\/wp-content\/uploads\/2023\/06\/Cabeza-de-Francisco-Villa-Mito-Revolucion-Mexicana.jpg?fit=1200%2C675&ssl=1&resize=525%2C300 1.5x, https:\/\/i0.wp.com\/soclose.mx\/blog\/wp-content\/uploads\/2023\/06\/Cabeza-de-Francisco-Villa-Mito-Revolucion-Mexicana.jpg?fit=1200%2C675&ssl=1&resize=700%2C400 2x, https:\/\/i0.wp.com\/soclose.mx\/blog\/wp-content\/uploads\/2023\/06\/Cabeza-de-Francisco-Villa-Mito-Revolucion-Mexicana.jpg?fit=1200%2C675&ssl=1&resize=1050%2C600 3x"},"classes":[]},{"id":14431,"url":"https:\/\/soclose.mx\/blog\/ay-goeeee\/kingo-nonaka-el-medico-samurai-de-la-revolucion-mexicana\/","url_meta":{"origin":6591,"position":2},"title":"Kingo Nonaka: el m\u00e9dico samurai de la Revoluci\u00f3n Mexicana","author":"So Close","date":"1 noviembre, 2025","format":false,"excerpt":"Descubre la fascinante historia de Kingo Nonaka, un m\u00e9dico japon\u00e9s que se uni\u00f3 a la Revoluci\u00f3n Mexicana. Conoce su papel como combatiente, fot\u00f3grafo y su legado en M\u00e9xico. \u00a1Una historia de valent\u00eda y multiculturalidad! Kingo Nonaka fue un destacado personaje de la Revoluci\u00f3n Mexicana, conocido por su papel como enfermero\u2026","rel":"","context":"En &quot;\u00a1Ay goeeee!&quot;","block_context":{"text":"\u00a1Ay goeeee!","link":"https:\/\/soclose.mx\/blog\/category\/ay-goeeee\/"},"img":{"alt_text":"Kingo Nonaka: El m\u00e9dico samurai de la Revoluci\u00f3n Mexicana","src":"https:\/\/i0.wp.com\/soclose.mx\/blog\/wp-content\/uploads\/2024\/11\/Kingo-Nonaka-el-medico-samurai-de-la-Revolucion-Mexicana.jpg?fit=1200%2C675&ssl=1&resize=350%2C200","width":350,"height":200,"srcset":"https:\/\/i0.wp.com\/soclose.mx\/blog\/wp-content\/uploads\/2024\/11\/Kingo-Nonaka-el-medico-samurai-de-la-Revolucion-Mexicana.jpg?fit=1200%2C675&ssl=1&resize=350%2C200 1x, https:\/\/i0.wp.com\/soclose.mx\/blog\/wp-content\/uploads\/2024\/11\/Kingo-Nonaka-el-medico-samurai-de-la-Revolucion-Mexicana.jpg?fit=1200%2C675&ssl=1&resize=525%2C300 1.5x, https:\/\/i0.wp.com\/soclose.mx\/blog\/wp-content\/uploads\/2024\/11\/Kingo-Nonaka-el-medico-samurai-de-la-Revolucion-Mexicana.jpg?fit=1200%2C675&ssl=1&resize=700%2C400 2x, https:\/\/i0.wp.com\/soclose.mx\/blog\/wp-content\/uploads\/2024\/11\/Kingo-Nonaka-el-medico-samurai-de-la-Revolucion-Mexicana.jpg?fit=1200%2C675&ssl=1&resize=1050%2C600 3x"},"classes":[]},{"id":14339,"url":"https:\/\/soclose.mx\/blog\/a-la-mexicana\/10-leyendas-de-terror-de-la-revolucion-mexicana\/","url_meta":{"origin":6591,"position":3},"title":"10 Leyendas de Terror de la Revoluci\u00f3n Mexicana","author":"So Close","date":"11 noviembre, 2025","format":false,"excerpt":"\u00bfTe apasiona la historia de M\u00e9xico? \u00bfTe intrigan las historias de fantasmas y criaturas sobrenaturales? Entonces prep\u00e1rate para sumergirte en un mundo de terror y misterio con estas 10 leyendas de terror de la Revoluci\u00f3n Mexicana. La Revoluci\u00f3n Mexicana, un periodo de grandes cambios y conflictos armados, fue tambi\u00e9n un\u2026","rel":"","context":"En &quot;\u00a1Ay goeeee!&quot;","block_context":{"text":"\u00a1Ay goeeee!","link":"https:\/\/soclose.mx\/blog\/category\/ay-goeeee\/"},"img":{"alt_text":"Leyendas de terror de la revoluci\u00f3n mexicana","src":"https:\/\/i0.wp.com\/soclose.mx\/blog\/wp-content\/uploads\/2024\/11\/revolucion-mexicana.jpeg?fit=1200%2C799&ssl=1&resize=350%2C200","width":350,"height":200,"srcset":"https:\/\/i0.wp.com\/soclose.mx\/blog\/wp-content\/uploads\/2024\/11\/revolucion-mexicana.jpeg?fit=1200%2C799&ssl=1&resize=350%2C200 1x, https:\/\/i0.wp.com\/soclose.mx\/blog\/wp-content\/uploads\/2024\/11\/revolucion-mexicana.jpeg?fit=1200%2C799&ssl=1&resize=525%2C300 1.5x, https:\/\/i0.wp.com\/soclose.mx\/blog\/wp-content\/uploads\/2024\/11\/revolucion-mexicana.jpeg?fit=1200%2C799&ssl=1&resize=700%2C400 2x, https:\/\/i0.wp.com\/soclose.mx\/blog\/wp-content\/uploads\/2024\/11\/revolucion-mexicana.jpeg?fit=1200%2C799&ssl=1&resize=1050%2C600 3x"},"classes":[]},{"id":9915,"url":"https:\/\/soclose.mx\/blog\/ay-goeeee\/el-origen-de-la-historica-pistola-de-francisco-i-madero\/","url_meta":{"origin":6591,"position":4},"title":"El origen de la hist\u00f3rica pistola de Francisco I. Madero","author":"Daniel Ram\u00edrez","date":"19 mayo, 2022","format":false,"excerpt":"De 38 mil\u00edmetros, hecha de acero y oro, con figuras en color amarillo y detalles en azul y una \u201cU\u201d con doble corona real como inscripci\u00f3n, as\u00ed es el arma que Francisco I. Madero le regal\u00f3 a Francisco Villa. Esta pieza hist\u00f3rica, que se exhibi\u00f3 en la exposici\u00f3n \u201cLa Grandeza\u2026","rel":"","context":"En &quot;\u00a1Ay goeeee!&quot;","block_context":{"text":"\u00a1Ay goeeee!","link":"https:\/\/soclose.mx\/blog\/category\/ay-goeeee\/"},"img":{"alt_text":"","src":"https:\/\/i0.wp.com\/soclose.mx\/blog\/wp-content\/uploads\/2022\/05\/WhatsApp-Image-2022-05-19-at-7.06.03-PM.jpeg?fit=1024%2C680&ssl=1&resize=350%2C200","width":350,"height":200,"srcset":"https:\/\/i0.wp.com\/soclose.mx\/blog\/wp-content\/uploads\/2022\/05\/WhatsApp-Image-2022-05-19-at-7.06.03-PM.jpeg?fit=1024%2C680&ssl=1&resize=350%2C200 1x, https:\/\/i0.wp.com\/soclose.mx\/blog\/wp-content\/uploads\/2022\/05\/WhatsApp-Image-2022-05-19-at-7.06.03-PM.jpeg?fit=1024%2C680&ssl=1&resize=525%2C300 1.5x, https:\/\/i0.wp.com\/soclose.mx\/blog\/wp-content\/uploads\/2022\/05\/WhatsApp-Image-2022-05-19-at-7.06.03-PM.jpeg?fit=1024%2C680&ssl=1&resize=700%2C400 2x"},"classes":[]},{"id":7646,"url":"https:\/\/soclose.mx\/blog\/ay-goeeee\/te-contamos-el-origen-de-la-cancion-de-la-cucaracha\/","url_meta":{"origin":6591,"position":5},"title":"Te contamos el origen de la canci\u00f3n de la cucaracha","author":"Miguel Angel Romero","date":"24 noviembre, 2021","format":false,"excerpt":"Desde que \u00e9ramos peque\u00f1os, escuch\u00e1bamos la canci\u00f3n de la cucaracha, pero sabes cu\u00e1l es el origen de esta melod\u00eda que ha traspasado varias d\u00e9cadas. De acuerdo con los historiadores, la canci\u00f3n es un corrido mexicano propio de la Revoluci\u00f3n Mexicana, sin embargo, el tema musical tiene un origen todav\u00eda m\u00e1s\u2026","rel":"","context":"En &quot;\u00a1Ay goeeee!&quot;","block_context":{"text":"\u00a1Ay goeeee!","link":"https:\/\/soclose.mx\/blog\/category\/ay-goeeee\/"},"img":{"alt_text":"","src":"https:\/\/i0.wp.com\/soclose.mx\/blog\/wp-content\/uploads\/2021\/10\/Copia-de-Principal-So-Close-blog-3-4.png?fit=1200%2C677&ssl=1&resize=350%2C200","width":350,"height":200,"srcset":"https:\/\/i0.wp.com\/soclose.mx\/blog\/wp-content\/uploads\/2021\/10\/Copia-de-Principal-So-Close-blog-3-4.png?fit=1200%2C677&ssl=1&resize=350%2C200 1x, https:\/\/i0.wp.com\/soclose.mx\/blog\/wp-content\/uploads\/2021\/10\/Copia-de-Principal-So-Close-blog-3-4.png?fit=1200%2C677&ssl=1&resize=525%2C300 1.5x, https:\/\/i0.wp.com\/soclose.mx\/blog\/wp-content\/uploads\/2021\/10\/Copia-de-Principal-So-Close-blog-3-4.png?fit=1200%2C677&ssl=1&resize=700%2C400 2x, https:\/\/i0.wp.com\/soclose.mx\/blog\/wp-content\/uploads\/2021\/10\/Copia-de-Principal-So-Close-blog-3-4.png?fit=1200%2C677&ssl=1&resize=1050%2C600 3x"},"classes":[]}],"jetpack_sharing_enabled":true,"_links":{"self":[{"href":"https:\/\/soclose.mx\/blog\/wp-json\/wp\/v2\/posts\/6591","targetHints":{"allow":["GET"]}}],"collection":[{"href":"https:\/\/soclose.mx\/blog\/wp-json\/wp\/v2\/posts"}],"about":[{"href":"https:\/\/soclose.mx\/blog\/wp-json\/wp\/v2\/types\/post"}],"author":[{"embeddable":true,"href":"https:\/\/soclose.mx\/blog\/wp-json\/wp\/v2\/users\/1"}],"replies":[{"embeddable":true,"href":"https:\/\/soclose.mx\/blog\/wp-json\/wp\/v2\/comments?post=6591"}],"version-history":[{"count":0,"href":"https:\/\/soclose.mx\/blog\/wp-json\/wp\/v2\/posts\/6591\/revisions"}],"wp:featuredmedia":[{"embeddable":true,"href":"https:\/\/soclose.mx\/blog\/wp-json\/wp\/v2\/media\/6598"}],"wp:attachment":[{"href":"https:\/\/soclose.mx\/blog\/wp-json\/wp\/v2\/media?parent=6591"}],"wp:term":[{"taxonomy":"category","embeddable":true,"href":"https:\/\/soclose.mx\/blog\/wp-json\/wp\/v2\/categories?post=6591"},{"taxonomy":"post_tag","embeddable":true,"href":"https:\/\/soclose.mx\/blog\/wp-json\/wp\/v2\/tags?post=6591"}],"curies":[{"name":"wp","href":"https:\/\/api.w.org\/{rel}","templated":true}]}}