{"id":6665,"date":"2021-07-26T20:43:28","date_gmt":"2021-07-27T01:43:28","guid":{"rendered":"https:\/\/soclose.mx\/blog\/?p=6665"},"modified":"2021-07-26T20:43:28","modified_gmt":"2021-07-27T01:43:28","slug":"que-hizo-la-pequena-mexicana-iveth-camila-para-ser-reconocida-por-la-revista-forbes","status":"publish","type":"post","link":"https:\/\/soclose.mx\/blog\/ay-goeeee\/que-hizo-la-pequena-mexicana-iveth-camila-para-ser-reconocida-por-la-revista-forbes\/","title":{"rendered":"\u00bfQu\u00e9 hizo la peque\u00f1a mexicana Iveth Camila para ser reconocida por la revista Forbes?"},"content":{"rendered":"<p>El pasado 19 de julio, la revista <a href=\"https:\/\/www.forbes.com.mx\/forbes-women-lista-las-100-mujeres-mas-poderosas-2021-mujeres-poderosas\/\" target=\"_blank\" rel=\"noopener\"><strong>Forbes<\/strong><\/a> incluy\u00f3 a <strong>Iveth Camila Ortiz<\/strong> dentro de su lista de <strong>mujeres poderosas.<\/strong><\/p>\n<p>Este reconocimiento a <strong>Camila<\/strong> fue otorgado por la revista gracias a la labor que hizo al registrar a m\u00e1s de 500 personas de su natal Albia en Torre\u00f3n a la lista de vacunaci\u00f3n contra la <strong>Covid19.<\/strong><\/p>\n<p>La <strong>peque\u00f1a <a href=\"https:\/\/soclose.mx\/blog\/?s=mexicana\" target=\"_blank\" rel=\"noopener\">mexicana<\/a><\/strong> de 12 a\u00f1os comenz\u00f3 a ayudar a otros habitantes de su comunidad luego de registrar a sus abuelos a la inoculaci\u00f3n y adem\u00e1s intent\u00f3 llevar, con ayuda de su mam\u00e1, llevar al recinto de aplicaci\u00f3n del antivirus a todas las personas registradas, pero desafortunadamente no logr\u00f3 su cometido por cuestiones ajenas a ella.<\/p>\n<p><iframe loading=\"lazy\" style=\"border: none; overflow: hidden;\" src=\"https:\/\/www.facebook.com\/plugins\/post.php?href=https%3A%2F%2Fwww.facebook.com%2Fpermalink.php%3Fstory_fbid%3D122384376649915%26id%3D103064575248562&amp;show_text=true&amp;width=500\" width=\"500\" height=\"645\" frameborder=\"0\" scrolling=\"no\" allowfullscreen=\"allowfullscreen\"><\/iframe><\/p>\n<p>De acuerdo con la misma revista Forbes, <strong>Iveth Camila <\/strong>quiere ser pediatra o investigadora.<\/p>\n","protected":false},"excerpt":{"rendered":"<p>El pasado 19 de julio, la revista Forbes incluy\u00f3 a Iveth Camila Ortiz dentro de su lista de mujeres poderosas. Este reconocimiento a Camila fue otorgado por la revista gracias a la labor que hizo al registrar a m\u00e1s de 500 personas de su natal Albia en Torre\u00f3n a la lista de vacunaci\u00f3n contra la Covid19. La peque\u00f1a mexicana de 12 a\u00f1os comenz\u00f3 a ayudar a otros habitantes de su comunidad luego de registrar a sus abuelos a la inoculaci\u00f3n y adem\u00e1s intent\u00f3 llevar, con ayuda de su mam\u00e1, llevar al recinto de aplicaci\u00f3n del antivirus a todas las personas<\/p>\n","protected":false},"author":1,"featured_media":6668,"comment_status":"open","ping_status":"open","sticky":false,"template":"","format":"standard","meta":{"_jetpack_memberships_contains_paid_content":false,"footnotes":""},"categories":[1],"tags":[727,1135,1133,1134],"class_list":["post-6665","post","type-post","status-publish","format-standard","has-post-thumbnail","hentry","category-ay-goeeee","tag-covid19","tag-forbes","tag-iveth-camila-ortiz","tag-torreon"],"yoast_head":"<!-- This site is optimized with the Yoast SEO plugin v26.7 - https:\/\/yoast.com\/wordpress\/plugins\/seo\/ -->\n<title>\u00bfQu\u00e9 hizo la peque\u00f1a mexicana Iveth Camila para ser reconocida por la revista Forbes? - So Close<\/title>\n<meta name=\"description\" content=\"La peque\u00f1a mexicana de 12 a\u00f1os comenz\u00f3 a ayudar a otros habitantes de su comunidad luego de registrar a sus abuelos a la inoculaci\u00f3n.\" \/>\n<meta name=\"robots\" content=\"index, follow, max-snippet:-1, max-image-preview:large, max-video-preview:-1\" \/>\n<link rel=\"canonical\" href=\"https:\/\/soclose.mx\/blog\/ay-goeeee\/que-hizo-la-pequena-mexicana-iveth-camila-para-ser-reconocida-por-la-revista-forbes\/\" \/>\n<meta property=\"og:locale\" content=\"es_MX\" \/>\n<meta property=\"og:type\" content=\"article\" \/>\n<meta property=\"og:title\" content=\"\u00bfQu\u00e9 hizo la peque\u00f1a mexicana Iveth Camila para ser reconocida por la revista Forbes? - So Close\" \/>\n<meta property=\"og:description\" content=\"La peque\u00f1a mexicana de 12 a\u00f1os comenz\u00f3 a ayudar a otros habitantes de su comunidad luego de registrar a sus abuelos a la inoculaci\u00f3n.\" \/>\n<meta property=\"og:url\" content=\"https:\/\/soclose.mx\/blog\/ay-goeeee\/que-hizo-la-pequena-mexicana-iveth-camila-para-ser-reconocida-por-la-revista-forbes\/\" \/>\n<meta property=\"og:site_name\" content=\"So Close\" \/>\n<meta property=\"article:published_time\" content=\"2021-07-27T01:43:28+00:00\" \/>\n<meta property=\"og:image\" content=\"https:\/\/soclose.mx\/blog\/wp-content\/uploads\/2021\/07\/Iveth-Camila-Ortiz-Ramirez.jpeg\" \/>\n\t<meta property=\"og:image:width\" content=\"1240\" \/>\n\t<meta property=\"og:image:height\" content=\"700\" \/>\n\t<meta property=\"og:image:type\" content=\"image\/jpeg\" \/>\n<meta name=\"author\" content=\"So Close\" \/>\n<meta name=\"twitter:card\" content=\"summary_large_image\" \/>\n<meta name=\"twitter:label1\" content=\"Escrito por\" \/>\n\t<meta name=\"twitter:data1\" content=\"So Close\" \/>\n\t<meta name=\"twitter:label2\" content=\"Tiempo de lectura\" \/>\n\t<meta name=\"twitter:data2\" content=\"1 minuto\" \/>\n<script type=\"application\/ld+json\" class=\"yoast-schema-graph\">{\"@context\":\"https:\/\/schema.org\",\"@graph\":[{\"@type\":\"Article\",\"@id\":\"https:\/\/soclose.mx\/blog\/ay-goeeee\/que-hizo-la-pequena-mexicana-iveth-camila-para-ser-reconocida-por-la-revista-forbes\/#article\",\"isPartOf\":{\"@id\":\"https:\/\/soclose.mx\/blog\/ay-goeeee\/que-hizo-la-pequena-mexicana-iveth-camila-para-ser-reconocida-por-la-revista-forbes\/\"},\"author\":{\"name\":\"So Close\",\"@id\":\"https:\/\/soclose.mx\/blog\/#\/schema\/person\/723eb117ab965b55c3e56b5d29751667\"},\"headline\":\"\u00bfQu\u00e9 hizo la peque\u00f1a mexicana Iveth Camila para ser reconocida por la revista Forbes?\",\"datePublished\":\"2021-07-27T01:43:28+00:00\",\"mainEntityOfPage\":{\"@id\":\"https:\/\/soclose.mx\/blog\/ay-goeeee\/que-hizo-la-pequena-mexicana-iveth-camila-para-ser-reconocida-por-la-revista-forbes\/\"},\"wordCount\":146,\"commentCount\":0,\"publisher\":{\"@id\":\"https:\/\/soclose.mx\/blog\/#organization\"},\"image\":{\"@id\":\"https:\/\/soclose.mx\/blog\/ay-goeeee\/que-hizo-la-pequena-mexicana-iveth-camila-para-ser-reconocida-por-la-revista-forbes\/#primaryimage\"},\"thumbnailUrl\":\"https:\/\/i0.wp.com\/soclose.mx\/blog\/wp-content\/uploads\/2021\/07\/Iveth-Camila-Ortiz-Ramirez.jpeg?fit=1240%2C700&ssl=1\",\"keywords\":[\"covid19\",\"forbes\",\"Iveth Camila Ortiz\",\"torre\u00f3n\"],\"articleSection\":[\"\u00a1Ay goeeee!\"],\"inLanguage\":\"es\",\"potentialAction\":[{\"@type\":\"CommentAction\",\"name\":\"Comment\",\"target\":[\"https:\/\/soclose.mx\/blog\/ay-goeeee\/que-hizo-la-pequena-mexicana-iveth-camila-para-ser-reconocida-por-la-revista-forbes\/#respond\"]}]},{\"@type\":\"WebPage\",\"@id\":\"https:\/\/soclose.mx\/blog\/ay-goeeee\/que-hizo-la-pequena-mexicana-iveth-camila-para-ser-reconocida-por-la-revista-forbes\/\",\"url\":\"https:\/\/soclose.mx\/blog\/ay-goeeee\/que-hizo-la-pequena-mexicana-iveth-camila-para-ser-reconocida-por-la-revista-forbes\/\",\"name\":\"\u00bfQu\u00e9 hizo la peque\u00f1a mexicana Iveth Camila para ser reconocida por la revista Forbes? - So Close\",\"isPartOf\":{\"@id\":\"https:\/\/soclose.mx\/blog\/#website\"},\"primaryImageOfPage\":{\"@id\":\"https:\/\/soclose.mx\/blog\/ay-goeeee\/que-hizo-la-pequena-mexicana-iveth-camila-para-ser-reconocida-por-la-revista-forbes\/#primaryimage\"},\"image\":{\"@id\":\"https:\/\/soclose.mx\/blog\/ay-goeeee\/que-hizo-la-pequena-mexicana-iveth-camila-para-ser-reconocida-por-la-revista-forbes\/#primaryimage\"},\"thumbnailUrl\":\"https:\/\/i0.wp.com\/soclose.mx\/blog\/wp-content\/uploads\/2021\/07\/Iveth-Camila-Ortiz-Ramirez.jpeg?fit=1240%2C700&ssl=1\",\"datePublished\":\"2021-07-27T01:43:28+00:00\",\"description\":\"La peque\u00f1a mexicana de 12 a\u00f1os comenz\u00f3 a ayudar a otros habitantes de su comunidad luego de registrar a sus abuelos a la inoculaci\u00f3n.\",\"breadcrumb\":{\"@id\":\"https:\/\/soclose.mx\/blog\/ay-goeeee\/que-hizo-la-pequena-mexicana-iveth-camila-para-ser-reconocida-por-la-revista-forbes\/#breadcrumb\"},\"inLanguage\":\"es\",\"potentialAction\":[{\"@type\":\"ReadAction\",\"target\":[\"https:\/\/soclose.mx\/blog\/ay-goeeee\/que-hizo-la-pequena-mexicana-iveth-camila-para-ser-reconocida-por-la-revista-forbes\/\"]}]},{\"@type\":\"ImageObject\",\"inLanguage\":\"es\",\"@id\":\"https:\/\/soclose.mx\/blog\/ay-goeeee\/que-hizo-la-pequena-mexicana-iveth-camila-para-ser-reconocida-por-la-revista-forbes\/#primaryimage\",\"url\":\"https:\/\/i0.wp.com\/soclose.mx\/blog\/wp-content\/uploads\/2021\/07\/Iveth-Camila-Ortiz-Ramirez.jpeg?fit=1240%2C700&ssl=1\",\"contentUrl\":\"https:\/\/i0.wp.com\/soclose.mx\/blog\/wp-content\/uploads\/2021\/07\/Iveth-Camila-Ortiz-Ramirez.jpeg?fit=1240%2C700&ssl=1\",\"width\":1240,\"height\":700},{\"@type\":\"BreadcrumbList\",\"@id\":\"https:\/\/soclose.mx\/blog\/ay-goeeee\/que-hizo-la-pequena-mexicana-iveth-camila-para-ser-reconocida-por-la-revista-forbes\/#breadcrumb\",\"itemListElement\":[{\"@type\":\"ListItem\",\"position\":1,\"name\":\"Inicio\",\"item\":\"https:\/\/soclose.mx\/blog\/\"},{\"@type\":\"ListItem\",\"position\":2,\"name\":\"\u00bfQu\u00e9 hizo la peque\u00f1a mexicana Iveth Camila para ser reconocida por la revista Forbes?\"}]},{\"@type\":\"WebSite\",\"@id\":\"https:\/\/soclose.mx\/blog\/#website\",\"url\":\"https:\/\/soclose.mx\/blog\/\",\"name\":\"So Close\",\"description\":\"Hacemos contenidos de M\u00e9xico\",\"publisher\":{\"@id\":\"https:\/\/soclose.mx\/blog\/#organization\"},\"potentialAction\":[{\"@type\":\"SearchAction\",\"target\":{\"@type\":\"EntryPoint\",\"urlTemplate\":\"https:\/\/soclose.mx\/blog\/?s={search_term_string}\"},\"query-input\":{\"@type\":\"PropertyValueSpecification\",\"valueRequired\":true,\"valueName\":\"search_term_string\"}}],\"inLanguage\":\"es\"},{\"@type\":\"Organization\",\"@id\":\"https:\/\/soclose.mx\/blog\/#organization\",\"name\":\"So Close\",\"url\":\"https:\/\/soclose.mx\/blog\/\",\"logo\":{\"@type\":\"ImageObject\",\"inLanguage\":\"es\",\"@id\":\"https:\/\/soclose.mx\/blog\/#\/schema\/logo\/image\/\",\"url\":\"https:\/\/i0.wp.com\/soclose.mx\/blog\/wp-content\/uploads\/2020\/12\/LOGO_SOCLOSE_COLOR-e1608310133507.png?fit=2858%2C1264&ssl=1\",\"contentUrl\":\"https:\/\/i0.wp.com\/soclose.mx\/blog\/wp-content\/uploads\/2020\/12\/LOGO_SOCLOSE_COLOR-e1608310133507.png?fit=2858%2C1264&ssl=1\",\"width\":2858,\"height\":1264,\"caption\":\"So Close\"},\"image\":{\"@id\":\"https:\/\/soclose.mx\/blog\/#\/schema\/logo\/image\/\"}},{\"@type\":\"Person\",\"@id\":\"https:\/\/soclose.mx\/blog\/#\/schema\/person\/723eb117ab965b55c3e56b5d29751667\",\"name\":\"So Close\",\"image\":{\"@type\":\"ImageObject\",\"inLanguage\":\"es\",\"@id\":\"https:\/\/soclose.mx\/blog\/#\/schema\/person\/image\/\",\"url\":\"https:\/\/secure.gravatar.com\/avatar\/5a1d1d694eaf6d2c28f450f0984cbb34821b92dc49c1d088c0250fbc6a48efec?s=96&d=mm&r=g\",\"contentUrl\":\"https:\/\/secure.gravatar.com\/avatar\/5a1d1d694eaf6d2c28f450f0984cbb34821b92dc49c1d088c0250fbc6a48efec?s=96&d=mm&r=g\",\"caption\":\"So Close\"},\"sameAs\":[\"http:\/\/www.soclose.mx\",\"https:\/\/www.youtube.com\/@soclosemx\"],\"url\":\"https:\/\/soclose.mx\/blog\/author\/admin\/\"}]}<\/script>\n<!-- \/ Yoast SEO plugin. -->","yoast_head_json":{"title":"\u00bfQu\u00e9 hizo la peque\u00f1a mexicana Iveth Camila para ser reconocida por la revista Forbes? - So Close","description":"La peque\u00f1a mexicana de 12 a\u00f1os comenz\u00f3 a ayudar a otros habitantes de su comunidad luego de registrar a sus abuelos a la inoculaci\u00f3n.","robots":{"index":"index","follow":"follow","max-snippet":"max-snippet:-1","max-image-preview":"max-image-preview:large","max-video-preview":"max-video-preview:-1"},"canonical":"https:\/\/soclose.mx\/blog\/ay-goeeee\/que-hizo-la-pequena-mexicana-iveth-camila-para-ser-reconocida-por-la-revista-forbes\/","og_locale":"es_MX","og_type":"article","og_title":"\u00bfQu\u00e9 hizo la peque\u00f1a mexicana Iveth Camila para ser reconocida por la revista Forbes? - So Close","og_description":"La peque\u00f1a mexicana de 12 a\u00f1os comenz\u00f3 a ayudar a otros habitantes de su comunidad luego de registrar a sus abuelos a la inoculaci\u00f3n.","og_url":"https:\/\/soclose.mx\/blog\/ay-goeeee\/que-hizo-la-pequena-mexicana-iveth-camila-para-ser-reconocida-por-la-revista-forbes\/","og_site_name":"So Close","article_published_time":"2021-07-27T01:43:28+00:00","og_image":[{"width":1240,"height":700,"url":"https:\/\/soclose.mx\/blog\/wp-content\/uploads\/2021\/07\/Iveth-Camila-Ortiz-Ramirez.jpeg","type":"image\/jpeg"}],"author":"So Close","twitter_card":"summary_large_image","twitter_misc":{"Escrito por":"So Close","Tiempo de lectura":"1 minuto"},"schema":{"@context":"https:\/\/schema.org","@graph":[{"@type":"Article","@id":"https:\/\/soclose.mx\/blog\/ay-goeeee\/que-hizo-la-pequena-mexicana-iveth-camila-para-ser-reconocida-por-la-revista-forbes\/#article","isPartOf":{"@id":"https:\/\/soclose.mx\/blog\/ay-goeeee\/que-hizo-la-pequena-mexicana-iveth-camila-para-ser-reconocida-por-la-revista-forbes\/"},"author":{"name":"So Close","@id":"https:\/\/soclose.mx\/blog\/#\/schema\/person\/723eb117ab965b55c3e56b5d29751667"},"headline":"\u00bfQu\u00e9 hizo la peque\u00f1a mexicana Iveth Camila para ser reconocida por la revista Forbes?","datePublished":"2021-07-27T01:43:28+00:00","mainEntityOfPage":{"@id":"https:\/\/soclose.mx\/blog\/ay-goeeee\/que-hizo-la-pequena-mexicana-iveth-camila-para-ser-reconocida-por-la-revista-forbes\/"},"wordCount":146,"commentCount":0,"publisher":{"@id":"https:\/\/soclose.mx\/blog\/#organization"},"image":{"@id":"https:\/\/soclose.mx\/blog\/ay-goeeee\/que-hizo-la-pequena-mexicana-iveth-camila-para-ser-reconocida-por-la-revista-forbes\/#primaryimage"},"thumbnailUrl":"https:\/\/i0.wp.com\/soclose.mx\/blog\/wp-content\/uploads\/2021\/07\/Iveth-Camila-Ortiz-Ramirez.jpeg?fit=1240%2C700&ssl=1","keywords":["covid19","forbes","Iveth Camila Ortiz","torre\u00f3n"],"articleSection":["\u00a1Ay goeeee!"],"inLanguage":"es","potentialAction":[{"@type":"CommentAction","name":"Comment","target":["https:\/\/soclose.mx\/blog\/ay-goeeee\/que-hizo-la-pequena-mexicana-iveth-camila-para-ser-reconocida-por-la-revista-forbes\/#respond"]}]},{"@type":"WebPage","@id":"https:\/\/soclose.mx\/blog\/ay-goeeee\/que-hizo-la-pequena-mexicana-iveth-camila-para-ser-reconocida-por-la-revista-forbes\/","url":"https:\/\/soclose.mx\/blog\/ay-goeeee\/que-hizo-la-pequena-mexicana-iveth-camila-para-ser-reconocida-por-la-revista-forbes\/","name":"\u00bfQu\u00e9 hizo la peque\u00f1a mexicana Iveth Camila para ser reconocida por la revista Forbes? - So Close","isPartOf":{"@id":"https:\/\/soclose.mx\/blog\/#website"},"primaryImageOfPage":{"@id":"https:\/\/soclose.mx\/blog\/ay-goeeee\/que-hizo-la-pequena-mexicana-iveth-camila-para-ser-reconocida-por-la-revista-forbes\/#primaryimage"},"image":{"@id":"https:\/\/soclose.mx\/blog\/ay-goeeee\/que-hizo-la-pequena-mexicana-iveth-camila-para-ser-reconocida-por-la-revista-forbes\/#primaryimage"},"thumbnailUrl":"https:\/\/i0.wp.com\/soclose.mx\/blog\/wp-content\/uploads\/2021\/07\/Iveth-Camila-Ortiz-Ramirez.jpeg?fit=1240%2C700&ssl=1","datePublished":"2021-07-27T01:43:28+00:00","description":"La peque\u00f1a mexicana de 12 a\u00f1os comenz\u00f3 a ayudar a otros habitantes de su comunidad luego de registrar a sus abuelos a la inoculaci\u00f3n.","breadcrumb":{"@id":"https:\/\/soclose.mx\/blog\/ay-goeeee\/que-hizo-la-pequena-mexicana-iveth-camila-para-ser-reconocida-por-la-revista-forbes\/#breadcrumb"},"inLanguage":"es","potentialAction":[{"@type":"ReadAction","target":["https:\/\/soclose.mx\/blog\/ay-goeeee\/que-hizo-la-pequena-mexicana-iveth-camila-para-ser-reconocida-por-la-revista-forbes\/"]}]},{"@type":"ImageObject","inLanguage":"es","@id":"https:\/\/soclose.mx\/blog\/ay-goeeee\/que-hizo-la-pequena-mexicana-iveth-camila-para-ser-reconocida-por-la-revista-forbes\/#primaryimage","url":"https:\/\/i0.wp.com\/soclose.mx\/blog\/wp-content\/uploads\/2021\/07\/Iveth-Camila-Ortiz-Ramirez.jpeg?fit=1240%2C700&ssl=1","contentUrl":"https:\/\/i0.wp.com\/soclose.mx\/blog\/wp-content\/uploads\/2021\/07\/Iveth-Camila-Ortiz-Ramirez.jpeg?fit=1240%2C700&ssl=1","width":1240,"height":700},{"@type":"BreadcrumbList","@id":"https:\/\/soclose.mx\/blog\/ay-goeeee\/que-hizo-la-pequena-mexicana-iveth-camila-para-ser-reconocida-por-la-revista-forbes\/#breadcrumb","itemListElement":[{"@type":"ListItem","position":1,"name":"Inicio","item":"https:\/\/soclose.mx\/blog\/"},{"@type":"ListItem","position":2,"name":"\u00bfQu\u00e9 hizo la peque\u00f1a mexicana Iveth Camila para ser reconocida por la revista Forbes?"}]},{"@type":"WebSite","@id":"https:\/\/soclose.mx\/blog\/#website","url":"https:\/\/soclose.mx\/blog\/","name":"So Close","description":"Hacemos contenidos de M\u00e9xico","publisher":{"@id":"https:\/\/soclose.mx\/blog\/#organization"},"potentialAction":[{"@type":"SearchAction","target":{"@type":"EntryPoint","urlTemplate":"https:\/\/soclose.mx\/blog\/?s={search_term_string}"},"query-input":{"@type":"PropertyValueSpecification","valueRequired":true,"valueName":"search_term_string"}}],"inLanguage":"es"},{"@type":"Organization","@id":"https:\/\/soclose.mx\/blog\/#organization","name":"So Close","url":"https:\/\/soclose.mx\/blog\/","logo":{"@type":"ImageObject","inLanguage":"es","@id":"https:\/\/soclose.mx\/blog\/#\/schema\/logo\/image\/","url":"https:\/\/i0.wp.com\/soclose.mx\/blog\/wp-content\/uploads\/2020\/12\/LOGO_SOCLOSE_COLOR-e1608310133507.png?fit=2858%2C1264&ssl=1","contentUrl":"https:\/\/i0.wp.com\/soclose.mx\/blog\/wp-content\/uploads\/2020\/12\/LOGO_SOCLOSE_COLOR-e1608310133507.png?fit=2858%2C1264&ssl=1","width":2858,"height":1264,"caption":"So Close"},"image":{"@id":"https:\/\/soclose.mx\/blog\/#\/schema\/logo\/image\/"}},{"@type":"Person","@id":"https:\/\/soclose.mx\/blog\/#\/schema\/person\/723eb117ab965b55c3e56b5d29751667","name":"So Close","image":{"@type":"ImageObject","inLanguage":"es","@id":"https:\/\/soclose.mx\/blog\/#\/schema\/person\/image\/","url":"https:\/\/secure.gravatar.com\/avatar\/5a1d1d694eaf6d2c28f450f0984cbb34821b92dc49c1d088c0250fbc6a48efec?s=96&d=mm&r=g","contentUrl":"https:\/\/secure.gravatar.com\/avatar\/5a1d1d694eaf6d2c28f450f0984cbb34821b92dc49c1d088c0250fbc6a48efec?s=96&d=mm&r=g","caption":"So Close"},"sameAs":["http:\/\/www.soclose.mx","https:\/\/www.youtube.com\/@soclosemx"],"url":"https:\/\/soclose.mx\/blog\/author\/admin\/"}]}},"jetpack_featured_media_url":"https:\/\/i0.wp.com\/soclose.mx\/blog\/wp-content\/uploads\/2021\/07\/Iveth-Camila-Ortiz-Ramirez.jpeg?fit=1240%2C700&ssl=1","jetpack-related-posts":[{"id":5969,"url":"https:\/\/soclose.mx\/blog\/ay-goeeee\/7-datos-de-adhara-la-nina-mexicana-que-viajara-a-marte\/","url_meta":{"origin":6665,"position":0},"title":"7 datos de Adhara, la ni\u00f1a mexicana que viajar\u00e1 a Marte","author":"So Close","date":"22 abril, 2021","format":false,"excerpt":"Por Manolo RoCa Sin duda, M\u00e9xico tiene tesoros que ning\u00fan otro lugar del planeta podr\u00e1 presumir, pero no solo se trata de lugares, comida, colores y sabores, M\u00e9xico tambi\u00e9n tiene personas impresionantes y un ejemplo de estas joyas es Adhara, una peque\u00f1a que sorprendi\u00f3 al mundo con su capacidad intelectual.\u2026","rel":"","context":"En &quot;\u00a1Ay goeeee!&quot;","block_context":{"text":"\u00a1Ay goeeee!","link":"https:\/\/soclose.mx\/blog\/category\/ay-goeeee\/"},"img":{"alt_text":"","src":"https:\/\/i0.wp.com\/soclose.mx\/blog\/wp-content\/uploads\/2021\/04\/Principal-So-Close-blog-2.jpeg?fit=1200%2C677&ssl=1&resize=350%2C200","width":350,"height":200,"srcset":"https:\/\/i0.wp.com\/soclose.mx\/blog\/wp-content\/uploads\/2021\/04\/Principal-So-Close-blog-2.jpeg?fit=1200%2C677&ssl=1&resize=350%2C200 1x, https:\/\/i0.wp.com\/soclose.mx\/blog\/wp-content\/uploads\/2021\/04\/Principal-So-Close-blog-2.jpeg?fit=1200%2C677&ssl=1&resize=525%2C300 1.5x, https:\/\/i0.wp.com\/soclose.mx\/blog\/wp-content\/uploads\/2021\/04\/Principal-So-Close-blog-2.jpeg?fit=1200%2C677&ssl=1&resize=700%2C400 2x, https:\/\/i0.wp.com\/soclose.mx\/blog\/wp-content\/uploads\/2021\/04\/Principal-So-Close-blog-2.jpeg?fit=1200%2C677&ssl=1&resize=1050%2C600 3x"},"classes":[]},{"id":11760,"url":"https:\/\/soclose.mx\/blog\/a-la-mexicana\/los-papas-mas-guapos-de-mexico\/","url_meta":{"origin":6665,"position":1},"title":"Ellos son los pap\u00e1s m\u00e1s guapos de M\u00e9xico \u00bfQu\u00e9 opinas?","author":"So Close","date":"13 junio, 2023","format":false,"excerpt":"M\u00e9xico celebra el D\u00eda del Padre cada tercer domingo de junio. En esta ocasi\u00f3n, queremos presentarte a los pap\u00e1s m\u00e1s guapos de M\u00e9xico, quienes trabajan en el medio art\u00edstico, a quienes la paternidad les ha sentado bien. Ellos no solo destacan por su atractivo, sino por ser grandes ejemplos de\u2026","rel":"","context":"En &quot;A la mexicana&quot;","block_context":{"text":"A la mexicana","link":"https:\/\/soclose.mx\/blog\/category\/a-la-mexicana\/"},"img":{"alt_text":"Los pap\u00e1s m\u00e1s guapos de M\u00e9xico","src":"https:\/\/i0.wp.com\/soclose.mx\/blog\/wp-content\/uploads\/2023\/06\/Los-papas-mas-guapos-de-Mexico-1.jpg?fit=1200%2C740&ssl=1&resize=350%2C200","width":350,"height":200,"srcset":"https:\/\/i0.wp.com\/soclose.mx\/blog\/wp-content\/uploads\/2023\/06\/Los-papas-mas-guapos-de-Mexico-1.jpg?fit=1200%2C740&ssl=1&resize=350%2C200 1x, https:\/\/i0.wp.com\/soclose.mx\/blog\/wp-content\/uploads\/2023\/06\/Los-papas-mas-guapos-de-Mexico-1.jpg?fit=1200%2C740&ssl=1&resize=525%2C300 1.5x, https:\/\/i0.wp.com\/soclose.mx\/blog\/wp-content\/uploads\/2023\/06\/Los-papas-mas-guapos-de-Mexico-1.jpg?fit=1200%2C740&ssl=1&resize=700%2C400 2x, https:\/\/i0.wp.com\/soclose.mx\/blog\/wp-content\/uploads\/2023\/06\/Los-papas-mas-guapos-de-Mexico-1.jpg?fit=1200%2C740&ssl=1&resize=1050%2C600 3x"},"classes":[]},{"id":10691,"url":"https:\/\/soclose.mx\/blog\/ay-goeeee\/saxofonista-oaxaquena-maria-elena-rios-entre-las-100-mujeres-mas-poderosas-de-mexico\/","url_meta":{"origin":6665,"position":2},"title":"Saxofonista oaxaque\u00f1a Mar\u00eda Elena R\u00edos, entre las 100 mujeres m\u00e1s poderosas de M\u00e9xico","author":"Daniel Ram\u00edrez","date":"22 julio, 2022","format":false,"excerpt":"\"Me siento contenta, porque este tipo de publicaciones siempre han sido espacio para mujeres blancas. Me siento contenta porque yo no pertenezco a esa \u00e9lite\", fueron las palabras de Mar\u00eda Elena R\u00edos a El Universal. Estas palabras fueron tras enterarse de su inclusi\u00f3n en la lista de las 100 Mujeres\u2026","rel":"","context":"En &quot;\u00a1Ay goeeee!&quot;","block_context":{"text":"\u00a1Ay goeeee!","link":"https:\/\/soclose.mx\/blog\/category\/ay-goeeee\/"},"img":{"alt_text":"","src":"https:\/\/i0.wp.com\/soclose.mx\/blog\/wp-content\/uploads\/2022\/07\/pexels-cottonbro-4709829-scaled.jpg?fit=1200%2C800&ssl=1&resize=350%2C200","width":350,"height":200,"srcset":"https:\/\/i0.wp.com\/soclose.mx\/blog\/wp-content\/uploads\/2022\/07\/pexels-cottonbro-4709829-scaled.jpg?fit=1200%2C800&ssl=1&resize=350%2C200 1x, https:\/\/i0.wp.com\/soclose.mx\/blog\/wp-content\/uploads\/2022\/07\/pexels-cottonbro-4709829-scaled.jpg?fit=1200%2C800&ssl=1&resize=525%2C300 1.5x, https:\/\/i0.wp.com\/soclose.mx\/blog\/wp-content\/uploads\/2022\/07\/pexels-cottonbro-4709829-scaled.jpg?fit=1200%2C800&ssl=1&resize=700%2C400 2x, https:\/\/i0.wp.com\/soclose.mx\/blog\/wp-content\/uploads\/2022\/07\/pexels-cottonbro-4709829-scaled.jpg?fit=1200%2C800&ssl=1&resize=1050%2C600 3x"},"classes":[]},{"id":7460,"url":"https:\/\/soclose.mx\/blog\/news-feed\/estos-son-los-nombres-mas-comunes-en-mexico\/","url_meta":{"origin":6665,"position":3},"title":"Estos son los nombres m\u00e1s comunes en M\u00e9xico","author":"Miguel Angel Romero","date":"19 octubre, 2021","format":false,"excerpt":"Desde 1900, el\u00a0Registro Nacional de Poblaci\u00f3n\u00a0ha llevado un archivo de los\u00a0nombres m\u00e1s comunes entre los mexicanos y aqu\u00ed te mostramos cu\u00e1les han sido los m\u00e1s populares en los \u00faltimos a\u00f1os. De acuerdo con el\u00a0Instituto Nacional de Estad\u00edstica y Geograf\u00eda (INEGI), los\u00a010 nombres m\u00e1s comunes para var\u00f3n en M\u00e9xico son los\u2026","rel":"","context":"En &quot;News feed&quot;","block_context":{"text":"News feed","link":"https:\/\/soclose.mx\/blog\/category\/news-feed\/"},"img":{"alt_text":"","src":"https:\/\/i0.wp.com\/soclose.mx\/blog\/wp-content\/uploads\/2021\/10\/Copia-de-Principal-So-Close-blog-3-2.png?fit=1200%2C677&ssl=1&resize=350%2C200","width":350,"height":200,"srcset":"https:\/\/i0.wp.com\/soclose.mx\/blog\/wp-content\/uploads\/2021\/10\/Copia-de-Principal-So-Close-blog-3-2.png?fit=1200%2C677&ssl=1&resize=350%2C200 1x, https:\/\/i0.wp.com\/soclose.mx\/blog\/wp-content\/uploads\/2021\/10\/Copia-de-Principal-So-Close-blog-3-2.png?fit=1200%2C677&ssl=1&resize=525%2C300 1.5x, https:\/\/i0.wp.com\/soclose.mx\/blog\/wp-content\/uploads\/2021\/10\/Copia-de-Principal-So-Close-blog-3-2.png?fit=1200%2C677&ssl=1&resize=700%2C400 2x, https:\/\/i0.wp.com\/soclose.mx\/blog\/wp-content\/uploads\/2021\/10\/Copia-de-Principal-So-Close-blog-3-2.png?fit=1200%2C677&ssl=1&resize=1050%2C600 3x"},"classes":[]},{"id":6019,"url":"https:\/\/soclose.mx\/blog\/ay-goeeee\/video-7-cosas-que-amaras-de-el-tacubo-un-superheroe-muy-mexicano\/","url_meta":{"origin":6665,"position":4},"title":"VIDEO | 7 cosas que amar\u00e1s de &#8220;El Tacubo&#8221;, un superh\u00e9roe muy mexicano","author":"So Close","date":"6 mayo, 2021","format":false,"excerpt":"En M\u00e9xico no es sorpresa que en momentos dif\u00edciles aparezca la solidaridad y el apoyo hacia quienes m\u00e1s lo necesitan; \"El Tacubo\" es uno de esos personajes, de esos superh\u00e9roes an\u00f3nimos, quien durante la pandemia provocada por la Covid19\u00a0decidi\u00f3 hacerle la vida m\u00e1s llevadera a los ni\u00f1os quienes se vieron\u2026","rel":"","context":"En &quot;\u00a1Ay goeeee!&quot;","block_context":{"text":"\u00a1Ay goeeee!","link":"https:\/\/soclose.mx\/blog\/category\/ay-goeeee\/"},"img":{"alt_text":"","src":"https:\/\/i0.wp.com\/soclose.mx\/blog\/wp-content\/uploads\/2021\/05\/luchador-tacubo.jpeg?fit=1200%2C677&ssl=1&resize=350%2C200","width":350,"height":200,"srcset":"https:\/\/i0.wp.com\/soclose.mx\/blog\/wp-content\/uploads\/2021\/05\/luchador-tacubo.jpeg?fit=1200%2C677&ssl=1&resize=350%2C200 1x, https:\/\/i0.wp.com\/soclose.mx\/blog\/wp-content\/uploads\/2021\/05\/luchador-tacubo.jpeg?fit=1200%2C677&ssl=1&resize=525%2C300 1.5x, https:\/\/i0.wp.com\/soclose.mx\/blog\/wp-content\/uploads\/2021\/05\/luchador-tacubo.jpeg?fit=1200%2C677&ssl=1&resize=700%2C400 2x, https:\/\/i0.wp.com\/soclose.mx\/blog\/wp-content\/uploads\/2021\/05\/luchador-tacubo.jpeg?fit=1200%2C677&ssl=1&resize=1050%2C600 3x"},"classes":[]},{"id":12248,"url":"https:\/\/soclose.mx\/blog\/a-la-mexicana\/primeros-partidos-politicos-mexico-cuales-sobrevivieron\/","url_meta":{"origin":6665,"position":5},"title":"Primeros partidos pol\u00edticos en M\u00e9xico \u00bfSobrevivieron?","author":"Emmanuel Oviedo","date":"24 septiembre, 2023","format":false,"excerpt":"En M\u00e9xico, cada seis a\u00f1os hay elecciones federales y estatales y cada tres, votaciones municipales y de congresos locales y es el momento en el que depositamos las decisiones importantes de la naci\u00f3n en un grupo de personas que militan en partidos pol\u00edticos. A veces, ni siquiera identificamos los nombres\u2026","rel":"","context":"En &quot;A la mexicana&quot;","block_context":{"text":"A la mexicana","link":"https:\/\/soclose.mx\/blog\/category\/a-la-mexicana\/"},"img":{"alt_text":"","src":"https:\/\/i0.wp.com\/soclose.mx\/blog\/wp-content\/uploads\/2023\/09\/Voto-mujer.jpg?fit=1000%2C600&ssl=1&resize=350%2C200","width":350,"height":200,"srcset":"https:\/\/i0.wp.com\/soclose.mx\/blog\/wp-content\/uploads\/2023\/09\/Voto-mujer.jpg?fit=1000%2C600&ssl=1&resize=350%2C200 1x, https:\/\/i0.wp.com\/soclose.mx\/blog\/wp-content\/uploads\/2023\/09\/Voto-mujer.jpg?fit=1000%2C600&ssl=1&resize=525%2C300 1.5x, https:\/\/i0.wp.com\/soclose.mx\/blog\/wp-content\/uploads\/2023\/09\/Voto-mujer.jpg?fit=1000%2C600&ssl=1&resize=700%2C400 2x"},"classes":[]}],"jetpack_sharing_enabled":true,"_links":{"self":[{"href":"https:\/\/soclose.mx\/blog\/wp-json\/wp\/v2\/posts\/6665","targetHints":{"allow":["GET"]}}],"collection":[{"href":"https:\/\/soclose.mx\/blog\/wp-json\/wp\/v2\/posts"}],"about":[{"href":"https:\/\/soclose.mx\/blog\/wp-json\/wp\/v2\/types\/post"}],"author":[{"embeddable":true,"href":"https:\/\/soclose.mx\/blog\/wp-json\/wp\/v2\/users\/1"}],"replies":[{"embeddable":true,"href":"https:\/\/soclose.mx\/blog\/wp-json\/wp\/v2\/comments?post=6665"}],"version-history":[{"count":0,"href":"https:\/\/soclose.mx\/blog\/wp-json\/wp\/v2\/posts\/6665\/revisions"}],"wp:featuredmedia":[{"embeddable":true,"href":"https:\/\/soclose.mx\/blog\/wp-json\/wp\/v2\/media\/6668"}],"wp:attachment":[{"href":"https:\/\/soclose.mx\/blog\/wp-json\/wp\/v2\/media?parent=6665"}],"wp:term":[{"taxonomy":"category","embeddable":true,"href":"https:\/\/soclose.mx\/blog\/wp-json\/wp\/v2\/categories?post=6665"},{"taxonomy":"post_tag","embeddable":true,"href":"https:\/\/soclose.mx\/blog\/wp-json\/wp\/v2\/tags?post=6665"}],"curies":[{"name":"wp","href":"https:\/\/api.w.org\/{rel}","templated":true}]}}