{"id":6670,"date":"2021-07-27T17:41:08","date_gmt":"2021-07-27T22:41:08","guid":{"rendered":"https:\/\/soclose.mx\/blog\/?p=6670"},"modified":"2021-07-27T17:41:08","modified_gmt":"2021-07-27T22:41:08","slug":"10-inolvidables-datos-de-super-porky","status":"publish","type":"post","link":"https:\/\/soclose.mx\/blog\/ay-goeeee\/10-inolvidables-datos-de-super-porky\/","title":{"rendered":"10 inolvidables datos de S\u00faper Porky"},"content":{"rendered":"<p>En M\u00e9xico la <strong>lucha libre<\/strong> es un ingrediente m\u00e1s de la cultura contempor\u00e1nea y, por ende, los<strong> luchadores<\/strong> son parte del gusto popular de nacionales y visitantes.<\/p>\n<p>Por ello, sin lugar a dudas, <strong>S\u00faper Porky<\/strong> fue un exponente de la <a href=\"https:\/\/soclose.mx\/blog\/?s=lucha+libre\" target=\"_blank\" rel=\"noopener\"><strong>lucha libre<\/strong><\/a> admirado y querido por su carisma. Aqu\u00ed te dejamos 10 datos que nos recuerdan su inolvidable carrera.<\/p>\n<ul>\n<li>Su nombre completo es <strong>Jos\u00e9 Luis Alvarado Nieves.<\/strong><\/li>\n<li>Naci\u00f3 el 19 de marzo de 1963<\/li>\n<li>Debut\u00f3 en combates de equipo con su hermano <strong>Brazo de Oro<\/strong> y en tr\u00edos con su otro hermano <strong>El Brazo.<\/strong><\/li>\n<li>Fue tambi\u00e9n conocido dentro y fuera del cuadril\u00e1tero como <strong>Brazo de Plata<\/strong><\/li>\n<li>Luch\u00f3 en \u00a0la AAA, el CMLL y la WWE.<\/li>\n<li><strong>S\u00faper Porky<\/strong> perteneci\u00f3 a una gran dinast\u00eda de la <strong><a href=\"https:\/\/soclose.mx\/blog\/?s=lucha+libre\" target=\"_blank\" rel=\"noopener\">lucha Libre<\/a> en M\u00e9xico<\/strong>, porque era hermano de<strong> Brazo de Oro, Brazo y padre de Psycho Clown y Goya Kong.<\/strong><\/li>\n<li>En 1988, junto con sus hermanos perdieron las m\u00e1scaras ante los <strong>Villanos I, IV y V<\/strong> en Monterrey, Nuevo Le\u00f3n.<\/li>\n<li><strong>S\u00faper Porky<\/strong> tuvo su \u00faltima lucha en la AAA cuando perdi\u00f3 con <strong>La Parka.<\/strong><\/li>\n<li>En marzo de 2019 regres\u00f3 a la <a href=\"http:\/\/www.luchalibreaaa.com\/\" target=\"_blank\" rel=\"noopener\">AAA<\/a> apoyando a sus hijos M\u00e1ximo y Psycho Clown.<\/li>\n<li>Muri\u00f3 este lunes 26 de julio de 2021 a los 58 a\u00f1os de edad.<\/li>\n<\/ul>\n<blockquote class=\"twitter-tweet\">\n<p dir=\"ltr\" lang=\"es\">\ud83d\ude22 \u00a1HASTA SIEMPRE, S\u00daPER PORKY!<br \/>\nEl CMLL se une a la pena que embarga a la familia luch\u00edstica por el sensible fallecimiento de Jos\u00e9 Luis Alvarado Nieves, mejor conocido como &#8220;S\u00faper Porky (Brazo de Plata)&#8221; gladiador que marcara \u00e9poca en la Lucha Libre Mexicana.<\/p>\n<p>Descanse en paz. <a href=\"https:\/\/t.co\/20ssp4RjFQ\">pic.twitter.com\/20ssp4RjFQ<\/a><\/p>\n<p>\u2014 Lucha Libre CMLL (@CMLL_OFICIAL) <a href=\"https:\/\/twitter.com\/CMLL_OFICIAL\/status\/1419865169295921152?ref_src=twsrc%5Etfw\">July 27, 2021<\/a><\/p><\/blockquote>\n<p><script async src=\"https:\/\/platform.twitter.com\/widgets.js\" charset=\"utf-8\"><\/script><\/p>\n<p>&nbsp;<\/p>\n<blockquote class=\"twitter-tweet\">\n<p dir=\"ltr\" lang=\"es\">Nos entristece profundamente el fallecimiento de Jos\u00e9 Luis Alvarado Nieves, a quien todos en el Universo de WWE conocimos como \u201cSuper Porky\u201d <a href=\"https:\/\/t.co\/OwcnviI294\">pic.twitter.com\/OwcnviI294<\/a><\/p>\n<p>\u2014 WWE Espa\u00f1ol (@wweespanol) <a href=\"https:\/\/twitter.com\/wweespanol\/status\/1419876730450423832?ref_src=twsrc%5Etfw\">July 27, 2021<\/a><\/p><\/blockquote>\n<p><script async src=\"https:\/\/platform.twitter.com\/widgets.js\" charset=\"utf-8\"><\/script><\/p>\n","protected":false},"excerpt":{"rendered":"<p>En M\u00e9xico la lucha libre es un ingrediente m\u00e1s de la cultura contempor\u00e1nea y, por ende, los luchadores son parte del gusto popular de nacionales y visitantes. Por ello, sin lugar a dudas, S\u00faper Porky fue un exponente de la lucha libre admirado y querido por su carisma. Aqu\u00ed te dejamos 10 datos que nos recuerdan su inolvidable carrera. Su nombre completo es Jos\u00e9 Luis Alvarado Nieves. Naci\u00f3 el 19 de marzo de 1963 Debut\u00f3 en combates de equipo con su hermano Brazo de Oro y en tr\u00edos con su otro hermano El Brazo. Fue tambi\u00e9n conocido dentro y fuera<\/p>\n","protected":false},"author":1,"featured_media":6677,"comment_status":"open","ping_status":"open","sticky":false,"template":"","format":"standard","meta":{"_jetpack_memberships_contains_paid_content":false,"footnotes":""},"categories":[1],"tags":[1139,1137,1138,512,1136,1140],"class_list":["post-6670","post","type-post","status-publish","format-standard","has-post-thumbnail","hentry","category-ay-goeeee","tag-brazo","tag-brazo-de-oro","tag-brazo-de-plata","tag-lucha-libre","tag-super-porky","tag-triple-a"],"yoast_head":"<!-- This site is optimized with the Yoast SEO plugin v26.7 - https:\/\/yoast.com\/wordpress\/plugins\/seo\/ -->\n<title>10 inolvidables datos de S\u00faper Porky - So Close<\/title>\n<meta name=\"description\" content=\"Sin lugar a dudas, S\u00faper Porky fue un exponente de la lucha libre admirado y querido por su carisma. Muri\u00f3 este lunes 26 de julio de 2021.\" \/>\n<meta name=\"robots\" content=\"index, follow, max-snippet:-1, max-image-preview:large, max-video-preview:-1\" \/>\n<link rel=\"canonical\" href=\"https:\/\/soclose.mx\/blog\/ay-goeeee\/10-inolvidables-datos-de-super-porky\/\" \/>\n<meta property=\"og:locale\" content=\"es_MX\" \/>\n<meta property=\"og:type\" content=\"article\" \/>\n<meta property=\"og:title\" content=\"10 inolvidables datos de S\u00faper Porky - So Close\" \/>\n<meta property=\"og:description\" content=\"Sin lugar a dudas, S\u00faper Porky fue un exponente de la lucha libre admirado y querido por su carisma. Muri\u00f3 este lunes 26 de julio de 2021.\" \/>\n<meta property=\"og:url\" content=\"https:\/\/soclose.mx\/blog\/ay-goeeee\/10-inolvidables-datos-de-super-porky\/\" \/>\n<meta property=\"og:site_name\" content=\"So Close\" \/>\n<meta property=\"article:published_time\" content=\"2021-07-27T22:41:08+00:00\" \/>\n<meta property=\"og:image\" content=\"https:\/\/soclose.mx\/blog\/wp-content\/uploads\/2021\/07\/super-porky.jpeg\" \/>\n\t<meta property=\"og:image:width\" content=\"1240\" \/>\n\t<meta property=\"og:image:height\" content=\"700\" \/>\n\t<meta property=\"og:image:type\" content=\"image\/jpeg\" \/>\n<meta name=\"author\" content=\"So Close\" \/>\n<meta name=\"twitter:card\" content=\"summary_large_image\" \/>\n<meta name=\"twitter:label1\" content=\"Escrito por\" \/>\n\t<meta name=\"twitter:data1\" content=\"So Close\" \/>\n\t<meta name=\"twitter:label2\" content=\"Tiempo de lectura\" \/>\n\t<meta name=\"twitter:data2\" content=\"2 minutos\" \/>\n<script type=\"application\/ld+json\" class=\"yoast-schema-graph\">{\"@context\":\"https:\/\/schema.org\",\"@graph\":[{\"@type\":\"Article\",\"@id\":\"https:\/\/soclose.mx\/blog\/ay-goeeee\/10-inolvidables-datos-de-super-porky\/#article\",\"isPartOf\":{\"@id\":\"https:\/\/soclose.mx\/blog\/ay-goeeee\/10-inolvidables-datos-de-super-porky\/\"},\"author\":{\"name\":\"So Close\",\"@id\":\"https:\/\/soclose.mx\/blog\/#\/schema\/person\/723eb117ab965b55c3e56b5d29751667\"},\"headline\":\"10 inolvidables datos de S\u00faper Porky\",\"datePublished\":\"2021-07-27T22:41:08+00:00\",\"mainEntityOfPage\":{\"@id\":\"https:\/\/soclose.mx\/blog\/ay-goeeee\/10-inolvidables-datos-de-super-porky\/\"},\"wordCount\":313,\"commentCount\":0,\"publisher\":{\"@id\":\"https:\/\/soclose.mx\/blog\/#organization\"},\"image\":{\"@id\":\"https:\/\/soclose.mx\/blog\/ay-goeeee\/10-inolvidables-datos-de-super-porky\/#primaryimage\"},\"thumbnailUrl\":\"https:\/\/i0.wp.com\/soclose.mx\/blog\/wp-content\/uploads\/2021\/07\/super-porky.jpeg?fit=1240%2C700&ssl=1\",\"keywords\":[\"brazo\",\"brazo de oro\",\"brazo de plata\",\"lucha libre\",\"s\u00faper porky\",\"triple a\"],\"articleSection\":[\"\u00a1Ay goeeee!\"],\"inLanguage\":\"es\",\"potentialAction\":[{\"@type\":\"CommentAction\",\"name\":\"Comment\",\"target\":[\"https:\/\/soclose.mx\/blog\/ay-goeeee\/10-inolvidables-datos-de-super-porky\/#respond\"]}]},{\"@type\":\"WebPage\",\"@id\":\"https:\/\/soclose.mx\/blog\/ay-goeeee\/10-inolvidables-datos-de-super-porky\/\",\"url\":\"https:\/\/soclose.mx\/blog\/ay-goeeee\/10-inolvidables-datos-de-super-porky\/\",\"name\":\"10 inolvidables datos de S\u00faper Porky - So Close\",\"isPartOf\":{\"@id\":\"https:\/\/soclose.mx\/blog\/#website\"},\"primaryImageOfPage\":{\"@id\":\"https:\/\/soclose.mx\/blog\/ay-goeeee\/10-inolvidables-datos-de-super-porky\/#primaryimage\"},\"image\":{\"@id\":\"https:\/\/soclose.mx\/blog\/ay-goeeee\/10-inolvidables-datos-de-super-porky\/#primaryimage\"},\"thumbnailUrl\":\"https:\/\/i0.wp.com\/soclose.mx\/blog\/wp-content\/uploads\/2021\/07\/super-porky.jpeg?fit=1240%2C700&ssl=1\",\"datePublished\":\"2021-07-27T22:41:08+00:00\",\"description\":\"Sin lugar a dudas, S\u00faper Porky fue un exponente de la lucha libre admirado y querido por su carisma. Muri\u00f3 este lunes 26 de julio de 2021.\",\"breadcrumb\":{\"@id\":\"https:\/\/soclose.mx\/blog\/ay-goeeee\/10-inolvidables-datos-de-super-porky\/#breadcrumb\"},\"inLanguage\":\"es\",\"potentialAction\":[{\"@type\":\"ReadAction\",\"target\":[\"https:\/\/soclose.mx\/blog\/ay-goeeee\/10-inolvidables-datos-de-super-porky\/\"]}]},{\"@type\":\"ImageObject\",\"inLanguage\":\"es\",\"@id\":\"https:\/\/soclose.mx\/blog\/ay-goeeee\/10-inolvidables-datos-de-super-porky\/#primaryimage\",\"url\":\"https:\/\/i0.wp.com\/soclose.mx\/blog\/wp-content\/uploads\/2021\/07\/super-porky.jpeg?fit=1240%2C700&ssl=1\",\"contentUrl\":\"https:\/\/i0.wp.com\/soclose.mx\/blog\/wp-content\/uploads\/2021\/07\/super-porky.jpeg?fit=1240%2C700&ssl=1\",\"width\":1240,\"height\":700},{\"@type\":\"BreadcrumbList\",\"@id\":\"https:\/\/soclose.mx\/blog\/ay-goeeee\/10-inolvidables-datos-de-super-porky\/#breadcrumb\",\"itemListElement\":[{\"@type\":\"ListItem\",\"position\":1,\"name\":\"Inicio\",\"item\":\"https:\/\/soclose.mx\/blog\/\"},{\"@type\":\"ListItem\",\"position\":2,\"name\":\"10 inolvidables datos de S\u00faper Porky\"}]},{\"@type\":\"WebSite\",\"@id\":\"https:\/\/soclose.mx\/blog\/#website\",\"url\":\"https:\/\/soclose.mx\/blog\/\",\"name\":\"So Close\",\"description\":\"Hacemos contenidos de M\u00e9xico\",\"publisher\":{\"@id\":\"https:\/\/soclose.mx\/blog\/#organization\"},\"potentialAction\":[{\"@type\":\"SearchAction\",\"target\":{\"@type\":\"EntryPoint\",\"urlTemplate\":\"https:\/\/soclose.mx\/blog\/?s={search_term_string}\"},\"query-input\":{\"@type\":\"PropertyValueSpecification\",\"valueRequired\":true,\"valueName\":\"search_term_string\"}}],\"inLanguage\":\"es\"},{\"@type\":\"Organization\",\"@id\":\"https:\/\/soclose.mx\/blog\/#organization\",\"name\":\"So Close\",\"url\":\"https:\/\/soclose.mx\/blog\/\",\"logo\":{\"@type\":\"ImageObject\",\"inLanguage\":\"es\",\"@id\":\"https:\/\/soclose.mx\/blog\/#\/schema\/logo\/image\/\",\"url\":\"https:\/\/i0.wp.com\/soclose.mx\/blog\/wp-content\/uploads\/2020\/12\/LOGO_SOCLOSE_COLOR-e1608310133507.png?fit=2858%2C1264&ssl=1\",\"contentUrl\":\"https:\/\/i0.wp.com\/soclose.mx\/blog\/wp-content\/uploads\/2020\/12\/LOGO_SOCLOSE_COLOR-e1608310133507.png?fit=2858%2C1264&ssl=1\",\"width\":2858,\"height\":1264,\"caption\":\"So Close\"},\"image\":{\"@id\":\"https:\/\/soclose.mx\/blog\/#\/schema\/logo\/image\/\"}},{\"@type\":\"Person\",\"@id\":\"https:\/\/soclose.mx\/blog\/#\/schema\/person\/723eb117ab965b55c3e56b5d29751667\",\"name\":\"So Close\",\"image\":{\"@type\":\"ImageObject\",\"inLanguage\":\"es\",\"@id\":\"https:\/\/soclose.mx\/blog\/#\/schema\/person\/image\/\",\"url\":\"https:\/\/secure.gravatar.com\/avatar\/5a1d1d694eaf6d2c28f450f0984cbb34821b92dc49c1d088c0250fbc6a48efec?s=96&d=mm&r=g\",\"contentUrl\":\"https:\/\/secure.gravatar.com\/avatar\/5a1d1d694eaf6d2c28f450f0984cbb34821b92dc49c1d088c0250fbc6a48efec?s=96&d=mm&r=g\",\"caption\":\"So Close\"},\"sameAs\":[\"http:\/\/www.soclose.mx\",\"https:\/\/www.youtube.com\/@soclosemx\"],\"url\":\"https:\/\/soclose.mx\/blog\/author\/admin\/\"}]}<\/script>\n<!-- \/ Yoast SEO plugin. -->","yoast_head_json":{"title":"10 inolvidables datos de S\u00faper Porky - So Close","description":"Sin lugar a dudas, S\u00faper Porky fue un exponente de la lucha libre admirado y querido por su carisma. Muri\u00f3 este lunes 26 de julio de 2021.","robots":{"index":"index","follow":"follow","max-snippet":"max-snippet:-1","max-image-preview":"max-image-preview:large","max-video-preview":"max-video-preview:-1"},"canonical":"https:\/\/soclose.mx\/blog\/ay-goeeee\/10-inolvidables-datos-de-super-porky\/","og_locale":"es_MX","og_type":"article","og_title":"10 inolvidables datos de S\u00faper Porky - So Close","og_description":"Sin lugar a dudas, S\u00faper Porky fue un exponente de la lucha libre admirado y querido por su carisma. Muri\u00f3 este lunes 26 de julio de 2021.","og_url":"https:\/\/soclose.mx\/blog\/ay-goeeee\/10-inolvidables-datos-de-super-porky\/","og_site_name":"So Close","article_published_time":"2021-07-27T22:41:08+00:00","og_image":[{"width":1240,"height":700,"url":"https:\/\/soclose.mx\/blog\/wp-content\/uploads\/2021\/07\/super-porky.jpeg","type":"image\/jpeg"}],"author":"So Close","twitter_card":"summary_large_image","twitter_misc":{"Escrito por":"So Close","Tiempo de lectura":"2 minutos"},"schema":{"@context":"https:\/\/schema.org","@graph":[{"@type":"Article","@id":"https:\/\/soclose.mx\/blog\/ay-goeeee\/10-inolvidables-datos-de-super-porky\/#article","isPartOf":{"@id":"https:\/\/soclose.mx\/blog\/ay-goeeee\/10-inolvidables-datos-de-super-porky\/"},"author":{"name":"So Close","@id":"https:\/\/soclose.mx\/blog\/#\/schema\/person\/723eb117ab965b55c3e56b5d29751667"},"headline":"10 inolvidables datos de S\u00faper Porky","datePublished":"2021-07-27T22:41:08+00:00","mainEntityOfPage":{"@id":"https:\/\/soclose.mx\/blog\/ay-goeeee\/10-inolvidables-datos-de-super-porky\/"},"wordCount":313,"commentCount":0,"publisher":{"@id":"https:\/\/soclose.mx\/blog\/#organization"},"image":{"@id":"https:\/\/soclose.mx\/blog\/ay-goeeee\/10-inolvidables-datos-de-super-porky\/#primaryimage"},"thumbnailUrl":"https:\/\/i0.wp.com\/soclose.mx\/blog\/wp-content\/uploads\/2021\/07\/super-porky.jpeg?fit=1240%2C700&ssl=1","keywords":["brazo","brazo de oro","brazo de plata","lucha libre","s\u00faper porky","triple a"],"articleSection":["\u00a1Ay goeeee!"],"inLanguage":"es","potentialAction":[{"@type":"CommentAction","name":"Comment","target":["https:\/\/soclose.mx\/blog\/ay-goeeee\/10-inolvidables-datos-de-super-porky\/#respond"]}]},{"@type":"WebPage","@id":"https:\/\/soclose.mx\/blog\/ay-goeeee\/10-inolvidables-datos-de-super-porky\/","url":"https:\/\/soclose.mx\/blog\/ay-goeeee\/10-inolvidables-datos-de-super-porky\/","name":"10 inolvidables datos de S\u00faper Porky - So Close","isPartOf":{"@id":"https:\/\/soclose.mx\/blog\/#website"},"primaryImageOfPage":{"@id":"https:\/\/soclose.mx\/blog\/ay-goeeee\/10-inolvidables-datos-de-super-porky\/#primaryimage"},"image":{"@id":"https:\/\/soclose.mx\/blog\/ay-goeeee\/10-inolvidables-datos-de-super-porky\/#primaryimage"},"thumbnailUrl":"https:\/\/i0.wp.com\/soclose.mx\/blog\/wp-content\/uploads\/2021\/07\/super-porky.jpeg?fit=1240%2C700&ssl=1","datePublished":"2021-07-27T22:41:08+00:00","description":"Sin lugar a dudas, S\u00faper Porky fue un exponente de la lucha libre admirado y querido por su carisma. Muri\u00f3 este lunes 26 de julio de 2021.","breadcrumb":{"@id":"https:\/\/soclose.mx\/blog\/ay-goeeee\/10-inolvidables-datos-de-super-porky\/#breadcrumb"},"inLanguage":"es","potentialAction":[{"@type":"ReadAction","target":["https:\/\/soclose.mx\/blog\/ay-goeeee\/10-inolvidables-datos-de-super-porky\/"]}]},{"@type":"ImageObject","inLanguage":"es","@id":"https:\/\/soclose.mx\/blog\/ay-goeeee\/10-inolvidables-datos-de-super-porky\/#primaryimage","url":"https:\/\/i0.wp.com\/soclose.mx\/blog\/wp-content\/uploads\/2021\/07\/super-porky.jpeg?fit=1240%2C700&ssl=1","contentUrl":"https:\/\/i0.wp.com\/soclose.mx\/blog\/wp-content\/uploads\/2021\/07\/super-porky.jpeg?fit=1240%2C700&ssl=1","width":1240,"height":700},{"@type":"BreadcrumbList","@id":"https:\/\/soclose.mx\/blog\/ay-goeeee\/10-inolvidables-datos-de-super-porky\/#breadcrumb","itemListElement":[{"@type":"ListItem","position":1,"name":"Inicio","item":"https:\/\/soclose.mx\/blog\/"},{"@type":"ListItem","position":2,"name":"10 inolvidables datos de S\u00faper Porky"}]},{"@type":"WebSite","@id":"https:\/\/soclose.mx\/blog\/#website","url":"https:\/\/soclose.mx\/blog\/","name":"So Close","description":"Hacemos contenidos de M\u00e9xico","publisher":{"@id":"https:\/\/soclose.mx\/blog\/#organization"},"potentialAction":[{"@type":"SearchAction","target":{"@type":"EntryPoint","urlTemplate":"https:\/\/soclose.mx\/blog\/?s={search_term_string}"},"query-input":{"@type":"PropertyValueSpecification","valueRequired":true,"valueName":"search_term_string"}}],"inLanguage":"es"},{"@type":"Organization","@id":"https:\/\/soclose.mx\/blog\/#organization","name":"So Close","url":"https:\/\/soclose.mx\/blog\/","logo":{"@type":"ImageObject","inLanguage":"es","@id":"https:\/\/soclose.mx\/blog\/#\/schema\/logo\/image\/","url":"https:\/\/i0.wp.com\/soclose.mx\/blog\/wp-content\/uploads\/2020\/12\/LOGO_SOCLOSE_COLOR-e1608310133507.png?fit=2858%2C1264&ssl=1","contentUrl":"https:\/\/i0.wp.com\/soclose.mx\/blog\/wp-content\/uploads\/2020\/12\/LOGO_SOCLOSE_COLOR-e1608310133507.png?fit=2858%2C1264&ssl=1","width":2858,"height":1264,"caption":"So Close"},"image":{"@id":"https:\/\/soclose.mx\/blog\/#\/schema\/logo\/image\/"}},{"@type":"Person","@id":"https:\/\/soclose.mx\/blog\/#\/schema\/person\/723eb117ab965b55c3e56b5d29751667","name":"So Close","image":{"@type":"ImageObject","inLanguage":"es","@id":"https:\/\/soclose.mx\/blog\/#\/schema\/person\/image\/","url":"https:\/\/secure.gravatar.com\/avatar\/5a1d1d694eaf6d2c28f450f0984cbb34821b92dc49c1d088c0250fbc6a48efec?s=96&d=mm&r=g","contentUrl":"https:\/\/secure.gravatar.com\/avatar\/5a1d1d694eaf6d2c28f450f0984cbb34821b92dc49c1d088c0250fbc6a48efec?s=96&d=mm&r=g","caption":"So Close"},"sameAs":["http:\/\/www.soclose.mx","https:\/\/www.youtube.com\/@soclosemx"],"url":"https:\/\/soclose.mx\/blog\/author\/admin\/"}]}},"jetpack_featured_media_url":"https:\/\/i0.wp.com\/soclose.mx\/blog\/wp-content\/uploads\/2021\/07\/super-porky.jpeg?fit=1240%2C700&ssl=1","jetpack-related-posts":[{"id":10849,"url":"https:\/\/soclose.mx\/blog\/a-la-mexicana\/tnt-de-albanil-en-colima-a-leyenda-de-la-lucha-libre-mexicana\/","url_meta":{"origin":6670,"position":0},"title":"TNT, de alba\u00f1il en Colima a leyenda de la Lucha Libre mexicana","author":"Daniel Ram\u00edrez","date":"6 agosto, 2022","format":false,"excerpt":"Pesar m\u00e1s de 136 kilogramos y medir 1.87 metros, fueron las cartas principales de Jos\u00e9 Guadalupe Aguilar Herrera, mejor conocido como el TNT, un luchador legendario de la d\u00e9cada de los 70 y 80. Lupe era originario de Villa de Arriaga, San Luis Potos\u00ed, pero desde chico se fue a\u2026","rel":"","context":"En &quot;A la mexicana&quot;","block_context":{"text":"A la mexicana","link":"https:\/\/soclose.mx\/blog\/category\/a-la-mexicana\/"},"img":{"alt_text":"","src":"https:\/\/i0.wp.com\/soclose.mx\/blog\/wp-content\/uploads\/2022\/08\/06TNT.jpg?fit=800%2C350&ssl=1&resize=350%2C200","width":350,"height":200,"srcset":"https:\/\/i0.wp.com\/soclose.mx\/blog\/wp-content\/uploads\/2022\/08\/06TNT.jpg?fit=800%2C350&ssl=1&resize=350%2C200 1x, https:\/\/i0.wp.com\/soclose.mx\/blog\/wp-content\/uploads\/2022\/08\/06TNT.jpg?fit=800%2C350&ssl=1&resize=525%2C300 1.5x, https:\/\/i0.wp.com\/soclose.mx\/blog\/wp-content\/uploads\/2022\/08\/06TNT.jpg?fit=800%2C350&ssl=1&resize=700%2C400 2x"},"classes":[]},{"id":13986,"url":"https:\/\/soclose.mx\/blog\/seleccion-mexicana\/arnulfo-castorena-el-tiburon-mexicano-que-derroto-al-destino\/","url_meta":{"origin":6670,"position":1},"title":"Arnulfo Castorena: el tibur\u00f3n paral\u00edmpico mexicano que derrot\u00f3 al destino","author":"So Close","date":"5 septiembre, 2024","format":false,"excerpt":"Jos\u00e9 Arnulfo Castorena V\u00e9lez: el tibur\u00f3n mexicano (as\u00ed lo llamamos por los huev... que tuvo para cambiar el destino que le tocaba) es un destacado nadador paral\u00edmpico mexicano, cuyo viaje personal y profesional es un testimonio de resiliencia y superaci\u00f3n. Nacido el 27 de mayo de 1978 en Guadalajara, Jalisco,\u2026","rel":"","context":"En &quot;Selecci\u00f3n mexicana&quot;","block_context":{"text":"Selecci\u00f3n mexicana","link":"https:\/\/soclose.mx\/blog\/category\/seleccion-mexicana\/"},"img":{"alt_text":"Arnulfo Castorena","src":"https:\/\/i0.wp.com\/soclose.mx\/blog\/wp-content\/uploads\/2024\/09\/arnulfo-castorena-nadador-paralimpico-mexicano.jpg?fit=1200%2C675&ssl=1&resize=350%2C200","width":350,"height":200,"srcset":"https:\/\/i0.wp.com\/soclose.mx\/blog\/wp-content\/uploads\/2024\/09\/arnulfo-castorena-nadador-paralimpico-mexicano.jpg?fit=1200%2C675&ssl=1&resize=350%2C200 1x, https:\/\/i0.wp.com\/soclose.mx\/blog\/wp-content\/uploads\/2024\/09\/arnulfo-castorena-nadador-paralimpico-mexicano.jpg?fit=1200%2C675&ssl=1&resize=525%2C300 1.5x, https:\/\/i0.wp.com\/soclose.mx\/blog\/wp-content\/uploads\/2024\/09\/arnulfo-castorena-nadador-paralimpico-mexicano.jpg?fit=1200%2C675&ssl=1&resize=700%2C400 2x, https:\/\/i0.wp.com\/soclose.mx\/blog\/wp-content\/uploads\/2024\/09\/arnulfo-castorena-nadador-paralimpico-mexicano.jpg?fit=1200%2C675&ssl=1&resize=1050%2C600 3x"},"classes":[]},{"id":10388,"url":"https:\/\/soclose.mx\/blog\/ay-goeeee\/undertaker-la-estrella-de-la-wwe-que-admiraba-a-octagon\/","url_meta":{"origin":6670,"position":2},"title":"Undertaker, la estrella de la WWE que admiraba a Octag\u00f3n","author":"Daniel Ram\u00edrez","date":"28 junio, 2022","format":false,"excerpt":"A\u00f1o 1997, Alamodome de San Antonio, Texas. Los luchadores mexicanos fueron invitados a participar en el Royal Rumble, organizado por la WWE, antes WWF. En aquella funci\u00f3n, el cuadril\u00e1tero fue engalanado con la presencia de Blue Demon, Abismo Negro, Tinieblas Jr., Histeria, Heavy Metal y el favorito de todos: Octag\u00f3n.\u2026","rel":"","context":"En &quot;\u00a1Ay goeeee!&quot;","block_context":{"text":"\u00a1Ay goeeee!","link":"https:\/\/soclose.mx\/blog\/category\/ay-goeeee\/"},"img":{"alt_text":"","src":"https:\/\/i0.wp.com\/soclose.mx\/blog\/wp-content\/uploads\/2022\/06\/Captura-de-Pantalla-2022-06-28-a-las-19.50.35.png?fit=901%2C503&ssl=1&resize=350%2C200","width":350,"height":200,"srcset":"https:\/\/i0.wp.com\/soclose.mx\/blog\/wp-content\/uploads\/2022\/06\/Captura-de-Pantalla-2022-06-28-a-las-19.50.35.png?fit=901%2C503&ssl=1&resize=350%2C200 1x, https:\/\/i0.wp.com\/soclose.mx\/blog\/wp-content\/uploads\/2022\/06\/Captura-de-Pantalla-2022-06-28-a-las-19.50.35.png?fit=901%2C503&ssl=1&resize=525%2C300 1.5x, https:\/\/i0.wp.com\/soclose.mx\/blog\/wp-content\/uploads\/2022\/06\/Captura-de-Pantalla-2022-06-28-a-las-19.50.35.png?fit=901%2C503&ssl=1&resize=700%2C400 2x"},"classes":[]},{"id":15018,"url":"https:\/\/soclose.mx\/blog\/ay-goeeee\/juan-rulfo-y-las-mujeres-en-sus-cuentos\/","url_meta":{"origin":6670,"position":3},"title":"Juan Rulfo y las mujeres en sus cuentos","author":"So Close","date":"7 enero, 2026","format":false,"excerpt":"\u00bfTe has puesto a pensar c\u00f3mo Juan Rulfo y las mujeres en sus cuentos reflejaron a M\u00e9xico? Lo hizo con realidad, con su crudeza po\u00e9tica que te deja pensando d\u00edas enteros. En Pedro P\u00e1ramo y El llano en llamas, las hace reales: madres que cargan con todo, amantes inalcanzables y\u2026","rel":"","context":"En &quot;\u00a1Ay goeeee!&quot;","block_context":{"text":"\u00a1Ay goeeee!","link":"https:\/\/soclose.mx\/blog\/category\/ay-goeeee\/"},"img":{"alt_text":"Juan Rulfo","src":"https:\/\/i0.wp.com\/soclose.mx\/blog\/wp-content\/uploads\/2026\/01\/Juan-Rulfo.jpg?fit=1200%2C675&ssl=1&resize=350%2C200","width":350,"height":200,"srcset":"https:\/\/i0.wp.com\/soclose.mx\/blog\/wp-content\/uploads\/2026\/01\/Juan-Rulfo.jpg?fit=1200%2C675&ssl=1&resize=350%2C200 1x, https:\/\/i0.wp.com\/soclose.mx\/blog\/wp-content\/uploads\/2026\/01\/Juan-Rulfo.jpg?fit=1200%2C675&ssl=1&resize=525%2C300 1.5x, https:\/\/i0.wp.com\/soclose.mx\/blog\/wp-content\/uploads\/2026\/01\/Juan-Rulfo.jpg?fit=1200%2C675&ssl=1&resize=700%2C400 2x, https:\/\/i0.wp.com\/soclose.mx\/blog\/wp-content\/uploads\/2026\/01\/Juan-Rulfo.jpg?fit=1200%2C675&ssl=1&resize=1050%2C600 3x"},"classes":[]},{"id":7251,"url":"https:\/\/soclose.mx\/blog\/news-feed\/lanzate-al-tianguis-de-pulque-cerveza-y-lucha-libre-en-tlatelolco\/","url_meta":{"origin":6670,"position":4},"title":"\u00a1L\u00e1nzate al tianguis de pulque, cerveza y lucha libre en Tlatelolco!","author":"Miguel Angel Romero","date":"16 septiembre, 2021","format":false,"excerpt":"Qu\u00e9 mejor manera de cerrar una semana muy mexicana que con el tianguis del Pulque y la Cerveza 2021, el festival que se llevar\u00e1 a cabo este s\u00e1bado 18 y domingo 19 de septiembre, en el Centro de Convenciones de Tlatelolco. El evento se realizar\u00e1 un espacio grande para que\u2026","rel":"","context":"En &quot;News feed&quot;","block_context":{"text":"News feed","link":"https:\/\/soclose.mx\/blog\/category\/news-feed\/"},"img":{"alt_text":"","src":"https:\/\/i0.wp.com\/soclose.mx\/blog\/wp-content\/uploads\/2021\/09\/Principal-So-Close-blog-18.jpg?fit=1200%2C677&ssl=1&resize=350%2C200","width":350,"height":200,"srcset":"https:\/\/i0.wp.com\/soclose.mx\/blog\/wp-content\/uploads\/2021\/09\/Principal-So-Close-blog-18.jpg?fit=1200%2C677&ssl=1&resize=350%2C200 1x, https:\/\/i0.wp.com\/soclose.mx\/blog\/wp-content\/uploads\/2021\/09\/Principal-So-Close-blog-18.jpg?fit=1200%2C677&ssl=1&resize=525%2C300 1.5x, https:\/\/i0.wp.com\/soclose.mx\/blog\/wp-content\/uploads\/2021\/09\/Principal-So-Close-blog-18.jpg?fit=1200%2C677&ssl=1&resize=700%2C400 2x, https:\/\/i0.wp.com\/soclose.mx\/blog\/wp-content\/uploads\/2021\/09\/Principal-So-Close-blog-18.jpg?fit=1200%2C677&ssl=1&resize=1050%2C600 3x"},"classes":[]},{"id":7729,"url":"https:\/\/soclose.mx\/blog\/ay-goeeee\/conoce-las-estrofas-que-le-quitaron-al-himno-nacional\/","url_meta":{"origin":6670,"position":5},"title":"Conoce las estrofas que le quitaron al Himno Nacional","author":"Miguel Angel Romero","date":"16 noviembre, 2021","format":false,"excerpt":"Seguramente esos lunes por la ma\u00f1ana en los que ten\u00edas que entonar a todo pulm\u00f3n el Himno Nacional,\u00a0nunca te enteraste que existen dos estrofas que fueron prohibidas. Recordemos que la obra maestra de Francisco Gonz\u00e1lez Bocanegra y Jaime Nun\u00f3 \u00a0fue usada por primera vez como Himno Nacional Mexicano durante los\u2026","rel":"","context":"En &quot;\u00a1Ay goeeee!&quot;","block_context":{"text":"\u00a1Ay goeeee!","link":"https:\/\/soclose.mx\/blog\/category\/ay-goeeee\/"},"img":{"alt_text":"","src":"https:\/\/i0.wp.com\/soclose.mx\/blog\/wp-content\/uploads\/2021\/11\/Copia-de-Principal-So-Close-blog-4.png?fit=1200%2C677&ssl=1&resize=350%2C200","width":350,"height":200,"srcset":"https:\/\/i0.wp.com\/soclose.mx\/blog\/wp-content\/uploads\/2021\/11\/Copia-de-Principal-So-Close-blog-4.png?fit=1200%2C677&ssl=1&resize=350%2C200 1x, https:\/\/i0.wp.com\/soclose.mx\/blog\/wp-content\/uploads\/2021\/11\/Copia-de-Principal-So-Close-blog-4.png?fit=1200%2C677&ssl=1&resize=525%2C300 1.5x, https:\/\/i0.wp.com\/soclose.mx\/blog\/wp-content\/uploads\/2021\/11\/Copia-de-Principal-So-Close-blog-4.png?fit=1200%2C677&ssl=1&resize=700%2C400 2x, https:\/\/i0.wp.com\/soclose.mx\/blog\/wp-content\/uploads\/2021\/11\/Copia-de-Principal-So-Close-blog-4.png?fit=1200%2C677&ssl=1&resize=1050%2C600 3x"},"classes":[]}],"jetpack_sharing_enabled":true,"_links":{"self":[{"href":"https:\/\/soclose.mx\/blog\/wp-json\/wp\/v2\/posts\/6670","targetHints":{"allow":["GET"]}}],"collection":[{"href":"https:\/\/soclose.mx\/blog\/wp-json\/wp\/v2\/posts"}],"about":[{"href":"https:\/\/soclose.mx\/blog\/wp-json\/wp\/v2\/types\/post"}],"author":[{"embeddable":true,"href":"https:\/\/soclose.mx\/blog\/wp-json\/wp\/v2\/users\/1"}],"replies":[{"embeddable":true,"href":"https:\/\/soclose.mx\/blog\/wp-json\/wp\/v2\/comments?post=6670"}],"version-history":[{"count":0,"href":"https:\/\/soclose.mx\/blog\/wp-json\/wp\/v2\/posts\/6670\/revisions"}],"wp:featuredmedia":[{"embeddable":true,"href":"https:\/\/soclose.mx\/blog\/wp-json\/wp\/v2\/media\/6677"}],"wp:attachment":[{"href":"https:\/\/soclose.mx\/blog\/wp-json\/wp\/v2\/media?parent=6670"}],"wp:term":[{"taxonomy":"category","embeddable":true,"href":"https:\/\/soclose.mx\/blog\/wp-json\/wp\/v2\/categories?post=6670"},{"taxonomy":"post_tag","embeddable":true,"href":"https:\/\/soclose.mx\/blog\/wp-json\/wp\/v2\/tags?post=6670"}],"curies":[{"name":"wp","href":"https:\/\/api.w.org\/{rel}","templated":true}]}}