{"id":6717,"date":"2021-07-29T20:23:03","date_gmt":"2021-07-30T01:23:03","guid":{"rendered":"https:\/\/soclose.mx\/blog\/?p=6717"},"modified":"2021-07-29T20:23:03","modified_gmt":"2021-07-30T01:23:03","slug":"ya-puedes-visitar-la-feria-artesanal-lo-bello-y-lo-util","status":"publish","type":"post","link":"https:\/\/soclose.mx\/blog\/news-feed\/ya-puedes-visitar-la-feria-artesanal-lo-bello-y-lo-util\/","title":{"rendered":"Ya puedes visitar la feria artesanal &#8220;Lo bello y lo \u00fatil&#8221;"},"content":{"rendered":"<p>Con el objetivo de contribuir a la reactivaci\u00f3n econ\u00f3mica del sector artesanal y promover la producci\u00f3n y consumo de obras de alfarer\u00eda elaboradas con esmaltes libres de plomo, la Secretar\u00eda de Cultura organiz\u00f3 la <strong>feria artesanal<\/strong><strong> <em>Lo bello y lo \u00fatil. Barro vidriado libre de plomo<\/em><\/strong>\u00a0en la explanada de la Secretar\u00eda de Econom\u00eda y en la Casa Miguel Alem\u00e1n del <strong>Complejo Cultural Los Pinos.<\/strong><\/p>\n<p>Esta expo venta que, a partir del 28 de julio abri\u00f3 sus puertas, re\u00fane a<strong> artistas alfareros<\/strong> provenientes de los estados de <strong><a href=\"https:\/\/soclose.mx\/blog\/?s=Puebla\" target=\"_blank\" rel=\"noopener\">Puebla<\/a>, Michoac\u00e1n, Jalisco, Tlaxcala, Guanajuato, Estado de M\u00e9xico, Ciudad de M\u00e9xico, Oaxaca, Tabasco, Hidalgo y Veracruz<\/strong> que ofrecen objetos utilitarios como vajillas, cazuelas, jarras o tarros; y ornamentales como platones, floreros, \u00e1rboles de la vida o animales decorativos.<\/p>\n<p>En representaci\u00f3n de las artesanas y artesanos, Magdalena Gonz\u00e1lez Hern\u00e1ndez, originaria de <strong>Zautla, <a href=\"https:\/\/soclose.mx\/blog\/?s=Puebla\" target=\"_blank\" rel=\"noopener\">Puebla<\/a>,<\/strong> se\u00f1al\u00f3 los beneficios a la salud para los creadores al trabajar con esmaltes libres de plomo e invit\u00f3 al p\u00fablico a visitar la feria con la seguridad de que est\u00e1n llevando a casa objetos seguros para su consumo.<\/p>\n<p>La <strong>alfarer\u00eda<\/strong> es una de las ramas artesanales principales de M\u00e9xico. Entre las distintas t\u00e9cnicas de ese oficio se encuentra la <strong>loza esmaltada<\/strong>, es decir, la cubierta por un <strong>esmalte<\/strong> o <strong>vidriado<\/strong> que impide la filtraci\u00f3n de l\u00edquidos.<\/p>\n<p>Estudios cient\u00edficos recientes han determinado que el uso del esmalte o vidriado elaborado con base <strong>\u00f3xido de plomo<\/strong>, denominado\u00a0<em>greta<\/em>, que se emplea en M\u00e9xico desde la \u00e9poca colonial, es altamente t\u00f3xico, afectando la salud de las familias alfareras y de las y los consumidores.<\/p>\n<p>Por ello, desde los a\u00f1os ochenta, FONART ha realizado acciones de capacitaci\u00f3n y apoyo a la producci\u00f3n entre dicho <strong>sector artesanal<\/strong> para la sustituci\u00f3n de la <em>greta<\/em>\u00a0por esmaltes no t\u00f3xicos. Fruto de ese esfuerzo com\u00fan es la <strong>muestra artesanal<\/strong> de los talleres aqu\u00ed representados.<\/p>\n<p><strong>La feria artesanal\u00a0<em>Lo bello y lo \u00fatil.\u00a0<\/em><em>Barro vidriado libre de plomo<\/em><\/strong>\u00a0puede visitarse del 28 de julio al 1 de agosto en dos sedes: la <strong>explanada de la Secretar\u00eda de Econom\u00eda,<\/strong> en un horario de 10:00 a 18:00 horas, y en la <strong>casa Miguel Alem\u00e1n del Complejo Cultural Los Pinos,<\/strong> de 11:00 a 17:00 horas. En ambas sedes se cuenta con todos los protocolos sanitarios para el cuidado de la salud, por lo que el uso de cubrebocas, as\u00ed como la aplicaci\u00f3n de gel antibacterial, entre otras medidas, son obligatorias.<\/p>\n<p>Fuente: <a href=\"https:\/\/www.gob.mx\/cultura\" target=\"_blank\" rel=\"noopener\">Secretar\u00eda de Cultura.<\/a><\/p>\n","protected":false},"excerpt":{"rendered":"<p>Con el objetivo de contribuir a la reactivaci\u00f3n econ\u00f3mica del sector artesanal y promover la producci\u00f3n y consumo de obras de alfarer\u00eda elaboradas con esmaltes libres de plomo, la Secretar\u00eda de Cultura organiz\u00f3 la feria artesanal Lo bello y lo \u00fatil. Barro vidriado libre de plomo\u00a0en la explanada de la Secretar\u00eda de Econom\u00eda y en la Casa Miguel Alem\u00e1n del Complejo Cultural Los Pinos. Esta expo venta que, a partir del 28 de julio abri\u00f3 sus puertas, re\u00fane a artistas alfareros provenientes de los estados de Puebla, Michoac\u00e1n, Jalisco, Tlaxcala, Guanajuato, Estado de M\u00e9xico, Ciudad de M\u00e9xico, Oaxaca, Tabasco, Hidalgo<\/p>\n","protected":false},"author":1,"featured_media":6720,"comment_status":"open","ping_status":"open","sticky":false,"template":"","format":"standard","meta":{"_jetpack_memberships_contains_paid_content":false,"footnotes":""},"categories":[628],"tags":[1159,1157,712,1156,1158],"class_list":["post-6717","post","type-post","status-publish","format-standard","has-post-thumbnail","hentry","category-news-feed","tag-alfareria","tag-alfareros","tag-artesanos","tag-feria-artesanal-lo-bello-y-lo-util-barro-vidriado-libre-de-plomo","tag-vidriado"],"yoast_head":"<!-- This site is optimized with the Yoast SEO plugin v26.7 - https:\/\/yoast.com\/wordpress\/plugins\/seo\/ -->\n<title>Ya puedes visitar la feria artesanal &quot;Lo bello y lo \u00fatil&quot; - So Close<\/title>\n<meta name=\"description\" content=\"La feria artesanal\u00a0Lo bello y lo \u00fatil.\u00a0Barro vidriado libre de plomo\u00a0puede visitarse del 28 de julio al 1 de agosto en dos sedes.\" \/>\n<meta name=\"robots\" content=\"index, follow, max-snippet:-1, max-image-preview:large, max-video-preview:-1\" \/>\n<link rel=\"canonical\" href=\"https:\/\/soclose.mx\/blog\/news-feed\/ya-puedes-visitar-la-feria-artesanal-lo-bello-y-lo-util\/\" \/>\n<meta property=\"og:locale\" content=\"es_MX\" \/>\n<meta property=\"og:type\" content=\"article\" \/>\n<meta property=\"og:title\" content=\"Ya puedes visitar la feria artesanal &quot;Lo bello y lo \u00fatil&quot; - So Close\" \/>\n<meta property=\"og:description\" content=\"La feria artesanal\u00a0Lo bello y lo \u00fatil.\u00a0Barro vidriado libre de plomo\u00a0puede visitarse del 28 de julio al 1 de agosto en dos sedes.\" \/>\n<meta property=\"og:url\" content=\"https:\/\/soclose.mx\/blog\/news-feed\/ya-puedes-visitar-la-feria-artesanal-lo-bello-y-lo-util\/\" \/>\n<meta property=\"og:site_name\" content=\"So Close\" \/>\n<meta property=\"article:published_time\" content=\"2021-07-30T01:23:03+00:00\" \/>\n<meta property=\"og:image\" content=\"https:\/\/i0.wp.com\/soclose.mx\/blog\/wp-content\/uploads\/2021\/07\/alfarera-mexicana.jpeg?fit=1240%2C700&ssl=1\" \/>\n\t<meta property=\"og:image:width\" content=\"1240\" \/>\n\t<meta property=\"og:image:height\" content=\"700\" \/>\n\t<meta property=\"og:image:type\" content=\"image\/jpeg\" \/>\n<meta name=\"author\" content=\"So Close\" \/>\n<meta name=\"twitter:card\" content=\"summary_large_image\" \/>\n<meta name=\"twitter:label1\" content=\"Escrito por\" \/>\n\t<meta name=\"twitter:data1\" content=\"So Close\" \/>\n\t<meta name=\"twitter:label2\" content=\"Tiempo de lectura\" \/>\n\t<meta name=\"twitter:data2\" content=\"2 minutos\" \/>\n<script type=\"application\/ld+json\" class=\"yoast-schema-graph\">{\"@context\":\"https:\/\/schema.org\",\"@graph\":[{\"@type\":\"Article\",\"@id\":\"https:\/\/soclose.mx\/blog\/news-feed\/ya-puedes-visitar-la-feria-artesanal-lo-bello-y-lo-util\/#article\",\"isPartOf\":{\"@id\":\"https:\/\/soclose.mx\/blog\/news-feed\/ya-puedes-visitar-la-feria-artesanal-lo-bello-y-lo-util\/\"},\"author\":{\"name\":\"So Close\",\"@id\":\"https:\/\/soclose.mx\/blog\/#\/schema\/person\/723eb117ab965b55c3e56b5d29751667\"},\"headline\":\"Ya puedes visitar la feria artesanal &#8220;Lo bello y lo \u00fatil&#8221;\",\"datePublished\":\"2021-07-30T01:23:03+00:00\",\"mainEntityOfPage\":{\"@id\":\"https:\/\/soclose.mx\/blog\/news-feed\/ya-puedes-visitar-la-feria-artesanal-lo-bello-y-lo-util\/\"},\"wordCount\":442,\"commentCount\":0,\"publisher\":{\"@id\":\"https:\/\/soclose.mx\/blog\/#organization\"},\"image\":{\"@id\":\"https:\/\/soclose.mx\/blog\/news-feed\/ya-puedes-visitar-la-feria-artesanal-lo-bello-y-lo-util\/#primaryimage\"},\"thumbnailUrl\":\"https:\/\/i0.wp.com\/soclose.mx\/blog\/wp-content\/uploads\/2021\/07\/alfarera-mexicana.jpeg?fit=1240%2C700&ssl=1\",\"keywords\":[\"alfarer\u00eda\",\"alfareros\",\"artesanos\",\"feria artesanal Lo bello y lo \u00fatil. Barro vidriado libre de plomo\",\"vidriado\"],\"articleSection\":[\"News feed\"],\"inLanguage\":\"es\",\"potentialAction\":[{\"@type\":\"CommentAction\",\"name\":\"Comment\",\"target\":[\"https:\/\/soclose.mx\/blog\/news-feed\/ya-puedes-visitar-la-feria-artesanal-lo-bello-y-lo-util\/#respond\"]}]},{\"@type\":\"WebPage\",\"@id\":\"https:\/\/soclose.mx\/blog\/news-feed\/ya-puedes-visitar-la-feria-artesanal-lo-bello-y-lo-util\/\",\"url\":\"https:\/\/soclose.mx\/blog\/news-feed\/ya-puedes-visitar-la-feria-artesanal-lo-bello-y-lo-util\/\",\"name\":\"Ya puedes visitar la feria artesanal \\\"Lo bello y lo \u00fatil\\\" - So Close\",\"isPartOf\":{\"@id\":\"https:\/\/soclose.mx\/blog\/#website\"},\"primaryImageOfPage\":{\"@id\":\"https:\/\/soclose.mx\/blog\/news-feed\/ya-puedes-visitar-la-feria-artesanal-lo-bello-y-lo-util\/#primaryimage\"},\"image\":{\"@id\":\"https:\/\/soclose.mx\/blog\/news-feed\/ya-puedes-visitar-la-feria-artesanal-lo-bello-y-lo-util\/#primaryimage\"},\"thumbnailUrl\":\"https:\/\/i0.wp.com\/soclose.mx\/blog\/wp-content\/uploads\/2021\/07\/alfarera-mexicana.jpeg?fit=1240%2C700&ssl=1\",\"datePublished\":\"2021-07-30T01:23:03+00:00\",\"description\":\"La feria artesanal\u00a0Lo bello y lo \u00fatil.\u00a0Barro vidriado libre de plomo\u00a0puede visitarse del 28 de julio al 1 de agosto en dos sedes.\",\"breadcrumb\":{\"@id\":\"https:\/\/soclose.mx\/blog\/news-feed\/ya-puedes-visitar-la-feria-artesanal-lo-bello-y-lo-util\/#breadcrumb\"},\"inLanguage\":\"es\",\"potentialAction\":[{\"@type\":\"ReadAction\",\"target\":[\"https:\/\/soclose.mx\/blog\/news-feed\/ya-puedes-visitar-la-feria-artesanal-lo-bello-y-lo-util\/\"]}]},{\"@type\":\"ImageObject\",\"inLanguage\":\"es\",\"@id\":\"https:\/\/soclose.mx\/blog\/news-feed\/ya-puedes-visitar-la-feria-artesanal-lo-bello-y-lo-util\/#primaryimage\",\"url\":\"https:\/\/i0.wp.com\/soclose.mx\/blog\/wp-content\/uploads\/2021\/07\/alfarera-mexicana.jpeg?fit=1240%2C700&ssl=1\",\"contentUrl\":\"https:\/\/i0.wp.com\/soclose.mx\/blog\/wp-content\/uploads\/2021\/07\/alfarera-mexicana.jpeg?fit=1240%2C700&ssl=1\",\"width\":1240,\"height\":700},{\"@type\":\"BreadcrumbList\",\"@id\":\"https:\/\/soclose.mx\/blog\/news-feed\/ya-puedes-visitar-la-feria-artesanal-lo-bello-y-lo-util\/#breadcrumb\",\"itemListElement\":[{\"@type\":\"ListItem\",\"position\":1,\"name\":\"Inicio\",\"item\":\"https:\/\/soclose.mx\/blog\/\"},{\"@type\":\"ListItem\",\"position\":2,\"name\":\"Ya puedes visitar la feria artesanal &#8220;Lo bello y lo \u00fatil&#8221;\"}]},{\"@type\":\"WebSite\",\"@id\":\"https:\/\/soclose.mx\/blog\/#website\",\"url\":\"https:\/\/soclose.mx\/blog\/\",\"name\":\"So Close\",\"description\":\"Hacemos contenidos de M\u00e9xico\",\"publisher\":{\"@id\":\"https:\/\/soclose.mx\/blog\/#organization\"},\"potentialAction\":[{\"@type\":\"SearchAction\",\"target\":{\"@type\":\"EntryPoint\",\"urlTemplate\":\"https:\/\/soclose.mx\/blog\/?s={search_term_string}\"},\"query-input\":{\"@type\":\"PropertyValueSpecification\",\"valueRequired\":true,\"valueName\":\"search_term_string\"}}],\"inLanguage\":\"es\"},{\"@type\":\"Organization\",\"@id\":\"https:\/\/soclose.mx\/blog\/#organization\",\"name\":\"So Close\",\"url\":\"https:\/\/soclose.mx\/blog\/\",\"logo\":{\"@type\":\"ImageObject\",\"inLanguage\":\"es\",\"@id\":\"https:\/\/soclose.mx\/blog\/#\/schema\/logo\/image\/\",\"url\":\"https:\/\/i0.wp.com\/soclose.mx\/blog\/wp-content\/uploads\/2020\/12\/LOGO_SOCLOSE_COLOR-e1608310133507.png?fit=2858%2C1264&ssl=1\",\"contentUrl\":\"https:\/\/i0.wp.com\/soclose.mx\/blog\/wp-content\/uploads\/2020\/12\/LOGO_SOCLOSE_COLOR-e1608310133507.png?fit=2858%2C1264&ssl=1\",\"width\":2858,\"height\":1264,\"caption\":\"So Close\"},\"image\":{\"@id\":\"https:\/\/soclose.mx\/blog\/#\/schema\/logo\/image\/\"}},{\"@type\":\"Person\",\"@id\":\"https:\/\/soclose.mx\/blog\/#\/schema\/person\/723eb117ab965b55c3e56b5d29751667\",\"name\":\"So Close\",\"image\":{\"@type\":\"ImageObject\",\"inLanguage\":\"es\",\"@id\":\"https:\/\/soclose.mx\/blog\/#\/schema\/person\/image\/\",\"url\":\"https:\/\/secure.gravatar.com\/avatar\/5a1d1d694eaf6d2c28f450f0984cbb34821b92dc49c1d088c0250fbc6a48efec?s=96&d=mm&r=g\",\"contentUrl\":\"https:\/\/secure.gravatar.com\/avatar\/5a1d1d694eaf6d2c28f450f0984cbb34821b92dc49c1d088c0250fbc6a48efec?s=96&d=mm&r=g\",\"caption\":\"So Close\"},\"sameAs\":[\"http:\/\/www.soclose.mx\",\"https:\/\/www.youtube.com\/@soclosemx\"],\"url\":\"https:\/\/soclose.mx\/blog\/author\/admin\/\"}]}<\/script>\n<!-- \/ Yoast SEO plugin. -->","yoast_head_json":{"title":"Ya puedes visitar la feria artesanal \"Lo bello y lo \u00fatil\" - So Close","description":"La feria artesanal\u00a0Lo bello y lo \u00fatil.\u00a0Barro vidriado libre de plomo\u00a0puede visitarse del 28 de julio al 1 de agosto en dos sedes.","robots":{"index":"index","follow":"follow","max-snippet":"max-snippet:-1","max-image-preview":"max-image-preview:large","max-video-preview":"max-video-preview:-1"},"canonical":"https:\/\/soclose.mx\/blog\/news-feed\/ya-puedes-visitar-la-feria-artesanal-lo-bello-y-lo-util\/","og_locale":"es_MX","og_type":"article","og_title":"Ya puedes visitar la feria artesanal \"Lo bello y lo \u00fatil\" - So Close","og_description":"La feria artesanal\u00a0Lo bello y lo \u00fatil.\u00a0Barro vidriado libre de plomo\u00a0puede visitarse del 28 de julio al 1 de agosto en dos sedes.","og_url":"https:\/\/soclose.mx\/blog\/news-feed\/ya-puedes-visitar-la-feria-artesanal-lo-bello-y-lo-util\/","og_site_name":"So Close","article_published_time":"2021-07-30T01:23:03+00:00","og_image":[{"width":1240,"height":700,"url":"https:\/\/i0.wp.com\/soclose.mx\/blog\/wp-content\/uploads\/2021\/07\/alfarera-mexicana.jpeg?fit=1240%2C700&ssl=1","type":"image\/jpeg"}],"author":"So Close","twitter_card":"summary_large_image","twitter_misc":{"Escrito por":"So Close","Tiempo de lectura":"2 minutos"},"schema":{"@context":"https:\/\/schema.org","@graph":[{"@type":"Article","@id":"https:\/\/soclose.mx\/blog\/news-feed\/ya-puedes-visitar-la-feria-artesanal-lo-bello-y-lo-util\/#article","isPartOf":{"@id":"https:\/\/soclose.mx\/blog\/news-feed\/ya-puedes-visitar-la-feria-artesanal-lo-bello-y-lo-util\/"},"author":{"name":"So Close","@id":"https:\/\/soclose.mx\/blog\/#\/schema\/person\/723eb117ab965b55c3e56b5d29751667"},"headline":"Ya puedes visitar la feria artesanal &#8220;Lo bello y lo \u00fatil&#8221;","datePublished":"2021-07-30T01:23:03+00:00","mainEntityOfPage":{"@id":"https:\/\/soclose.mx\/blog\/news-feed\/ya-puedes-visitar-la-feria-artesanal-lo-bello-y-lo-util\/"},"wordCount":442,"commentCount":0,"publisher":{"@id":"https:\/\/soclose.mx\/blog\/#organization"},"image":{"@id":"https:\/\/soclose.mx\/blog\/news-feed\/ya-puedes-visitar-la-feria-artesanal-lo-bello-y-lo-util\/#primaryimage"},"thumbnailUrl":"https:\/\/i0.wp.com\/soclose.mx\/blog\/wp-content\/uploads\/2021\/07\/alfarera-mexicana.jpeg?fit=1240%2C700&ssl=1","keywords":["alfarer\u00eda","alfareros","artesanos","feria artesanal Lo bello y lo \u00fatil. Barro vidriado libre de plomo","vidriado"],"articleSection":["News feed"],"inLanguage":"es","potentialAction":[{"@type":"CommentAction","name":"Comment","target":["https:\/\/soclose.mx\/blog\/news-feed\/ya-puedes-visitar-la-feria-artesanal-lo-bello-y-lo-util\/#respond"]}]},{"@type":"WebPage","@id":"https:\/\/soclose.mx\/blog\/news-feed\/ya-puedes-visitar-la-feria-artesanal-lo-bello-y-lo-util\/","url":"https:\/\/soclose.mx\/blog\/news-feed\/ya-puedes-visitar-la-feria-artesanal-lo-bello-y-lo-util\/","name":"Ya puedes visitar la feria artesanal \"Lo bello y lo \u00fatil\" - So Close","isPartOf":{"@id":"https:\/\/soclose.mx\/blog\/#website"},"primaryImageOfPage":{"@id":"https:\/\/soclose.mx\/blog\/news-feed\/ya-puedes-visitar-la-feria-artesanal-lo-bello-y-lo-util\/#primaryimage"},"image":{"@id":"https:\/\/soclose.mx\/blog\/news-feed\/ya-puedes-visitar-la-feria-artesanal-lo-bello-y-lo-util\/#primaryimage"},"thumbnailUrl":"https:\/\/i0.wp.com\/soclose.mx\/blog\/wp-content\/uploads\/2021\/07\/alfarera-mexicana.jpeg?fit=1240%2C700&ssl=1","datePublished":"2021-07-30T01:23:03+00:00","description":"La feria artesanal\u00a0Lo bello y lo \u00fatil.\u00a0Barro vidriado libre de plomo\u00a0puede visitarse del 28 de julio al 1 de agosto en dos sedes.","breadcrumb":{"@id":"https:\/\/soclose.mx\/blog\/news-feed\/ya-puedes-visitar-la-feria-artesanal-lo-bello-y-lo-util\/#breadcrumb"},"inLanguage":"es","potentialAction":[{"@type":"ReadAction","target":["https:\/\/soclose.mx\/blog\/news-feed\/ya-puedes-visitar-la-feria-artesanal-lo-bello-y-lo-util\/"]}]},{"@type":"ImageObject","inLanguage":"es","@id":"https:\/\/soclose.mx\/blog\/news-feed\/ya-puedes-visitar-la-feria-artesanal-lo-bello-y-lo-util\/#primaryimage","url":"https:\/\/i0.wp.com\/soclose.mx\/blog\/wp-content\/uploads\/2021\/07\/alfarera-mexicana.jpeg?fit=1240%2C700&ssl=1","contentUrl":"https:\/\/i0.wp.com\/soclose.mx\/blog\/wp-content\/uploads\/2021\/07\/alfarera-mexicana.jpeg?fit=1240%2C700&ssl=1","width":1240,"height":700},{"@type":"BreadcrumbList","@id":"https:\/\/soclose.mx\/blog\/news-feed\/ya-puedes-visitar-la-feria-artesanal-lo-bello-y-lo-util\/#breadcrumb","itemListElement":[{"@type":"ListItem","position":1,"name":"Inicio","item":"https:\/\/soclose.mx\/blog\/"},{"@type":"ListItem","position":2,"name":"Ya puedes visitar la feria artesanal &#8220;Lo bello y lo \u00fatil&#8221;"}]},{"@type":"WebSite","@id":"https:\/\/soclose.mx\/blog\/#website","url":"https:\/\/soclose.mx\/blog\/","name":"So Close","description":"Hacemos contenidos de M\u00e9xico","publisher":{"@id":"https:\/\/soclose.mx\/blog\/#organization"},"potentialAction":[{"@type":"SearchAction","target":{"@type":"EntryPoint","urlTemplate":"https:\/\/soclose.mx\/blog\/?s={search_term_string}"},"query-input":{"@type":"PropertyValueSpecification","valueRequired":true,"valueName":"search_term_string"}}],"inLanguage":"es"},{"@type":"Organization","@id":"https:\/\/soclose.mx\/blog\/#organization","name":"So Close","url":"https:\/\/soclose.mx\/blog\/","logo":{"@type":"ImageObject","inLanguage":"es","@id":"https:\/\/soclose.mx\/blog\/#\/schema\/logo\/image\/","url":"https:\/\/i0.wp.com\/soclose.mx\/blog\/wp-content\/uploads\/2020\/12\/LOGO_SOCLOSE_COLOR-e1608310133507.png?fit=2858%2C1264&ssl=1","contentUrl":"https:\/\/i0.wp.com\/soclose.mx\/blog\/wp-content\/uploads\/2020\/12\/LOGO_SOCLOSE_COLOR-e1608310133507.png?fit=2858%2C1264&ssl=1","width":2858,"height":1264,"caption":"So Close"},"image":{"@id":"https:\/\/soclose.mx\/blog\/#\/schema\/logo\/image\/"}},{"@type":"Person","@id":"https:\/\/soclose.mx\/blog\/#\/schema\/person\/723eb117ab965b55c3e56b5d29751667","name":"So Close","image":{"@type":"ImageObject","inLanguage":"es","@id":"https:\/\/soclose.mx\/blog\/#\/schema\/person\/image\/","url":"https:\/\/secure.gravatar.com\/avatar\/5a1d1d694eaf6d2c28f450f0984cbb34821b92dc49c1d088c0250fbc6a48efec?s=96&d=mm&r=g","contentUrl":"https:\/\/secure.gravatar.com\/avatar\/5a1d1d694eaf6d2c28f450f0984cbb34821b92dc49c1d088c0250fbc6a48efec?s=96&d=mm&r=g","caption":"So Close"},"sameAs":["http:\/\/www.soclose.mx","https:\/\/www.youtube.com\/@soclosemx"],"url":"https:\/\/soclose.mx\/blog\/author\/admin\/"}]}},"jetpack_featured_media_url":"https:\/\/i0.wp.com\/soclose.mx\/blog\/wp-content\/uploads\/2021\/07\/alfarera-mexicana.jpeg?fit=1240%2C700&ssl=1","jetpack-related-posts":[{"id":6227,"url":"https:\/\/soclose.mx\/blog\/ay-goeeee\/los-tipos-y-categorias-del-mezcal-para-sentir-el-sabor-de-mexico\/","url_meta":{"origin":6717,"position":0},"title":"Tipos del Mezcal de M\u00e9xico: \u00a1Descubre el Elixir de los Dioses!","author":"So Close","date":"21 agosto, 2024","format":false,"excerpt":"\u00bfEst\u00e1s listo para un viaje sensorial por M\u00e9xico? \ud83c\uddf2\ud83c\uddfd El mezcal, esa bebida ancestral que nos transporta a tierras m\u00e1gicas, esconde un universo de sabores y aromas que te dejar\u00e1n con ganas de m\u00e1s. \u00a1As\u00ed que olv\u00eddate de los tequilas y prep\u00e1rate para descubrir\u00a0 los Tipos del Mezcal de M\u00e9xico!\u2026","rel":"","context":"En &quot;\u00a1Ay goeeee!&quot;","block_context":{"text":"\u00a1Ay goeeee!","link":"https:\/\/soclose.mx\/blog\/category\/ay-goeeee\/"},"img":{"alt_text":"","src":"https:\/\/i0.wp.com\/soclose.mx\/blog\/wp-content\/uploads\/2021\/06\/mezcal.jpeg?fit=1200%2C677&ssl=1&resize=350%2C200","width":350,"height":200,"srcset":"https:\/\/i0.wp.com\/soclose.mx\/blog\/wp-content\/uploads\/2021\/06\/mezcal.jpeg?fit=1200%2C677&ssl=1&resize=350%2C200 1x, https:\/\/i0.wp.com\/soclose.mx\/blog\/wp-content\/uploads\/2021\/06\/mezcal.jpeg?fit=1200%2C677&ssl=1&resize=525%2C300 1.5x, https:\/\/i0.wp.com\/soclose.mx\/blog\/wp-content\/uploads\/2021\/06\/mezcal.jpeg?fit=1200%2C677&ssl=1&resize=700%2C400 2x, https:\/\/i0.wp.com\/soclose.mx\/blog\/wp-content\/uploads\/2021\/06\/mezcal.jpeg?fit=1200%2C677&ssl=1&resize=1050%2C600 3x"},"classes":[]},{"id":9504,"url":"https:\/\/soclose.mx\/blog\/para-todos\/asi-sera-la-feria-de-la-nieve-2022-en-xochimilco\/","url_meta":{"origin":6717,"position":1},"title":"As\u00ed ser\u00e1 la Feria de la Nieve 2022 en Xochimilco","author":"Miguel Angel Romero","date":"6 abril, 2022","format":false,"excerpt":"La Feria de la Nieve se realizar\u00e1 este a\u00f1o del\u00a09 al 18 de abril, en la explanada de\u00a0Santiago Tulyehualco, conocida como Plaza C\u00edvica y la entrada es libre. Con 135 a\u00f1os de tradici\u00f3n, este evento invita a probar desde los cl\u00e1sicos de lim\u00f3n queso, guan\u00e1bana, fresa, mamey, nieve flotante, hasta\u2026","rel":"","context":"En &quot;Para todos&quot;","block_context":{"text":"Para todos","link":"https:\/\/soclose.mx\/blog\/category\/para-todos\/"},"img":{"alt_text":"","src":"https:\/\/i0.wp.com\/soclose.mx\/blog\/wp-content\/uploads\/2022\/03\/Copia-de-Principal-So-Close-blog-24.png?fit=1200%2C677&ssl=1&resize=350%2C200","width":350,"height":200,"srcset":"https:\/\/i0.wp.com\/soclose.mx\/blog\/wp-content\/uploads\/2022\/03\/Copia-de-Principal-So-Close-blog-24.png?fit=1200%2C677&ssl=1&resize=350%2C200 1x, https:\/\/i0.wp.com\/soclose.mx\/blog\/wp-content\/uploads\/2022\/03\/Copia-de-Principal-So-Close-blog-24.png?fit=1200%2C677&ssl=1&resize=525%2C300 1.5x, https:\/\/i0.wp.com\/soclose.mx\/blog\/wp-content\/uploads\/2022\/03\/Copia-de-Principal-So-Close-blog-24.png?fit=1200%2C677&ssl=1&resize=700%2C400 2x, https:\/\/i0.wp.com\/soclose.mx\/blog\/wp-content\/uploads\/2022\/03\/Copia-de-Principal-So-Close-blog-24.png?fit=1200%2C677&ssl=1&resize=1050%2C600 3x"},"classes":[]},{"id":7595,"url":"https:\/\/soclose.mx\/blog\/news-feed\/endulzate-en-la-feria-del-alfenique-de-toluca\/","url_meta":{"origin":6717,"position":2},"title":"End\u00falzate en la Feria del Alfe\u00f1ique de Toluca","author":"Miguel Angel Romero","date":"20 octubre, 2021","format":false,"excerpt":"Con m\u00e1s de medio siglo de tradici\u00f3n se desarrolla la\u00a0Feria del Alfe\u00f1ique de Toluca,\u00a0la cual se ha convertido en un \u00edcono de la capital mexiquense durante la temporada de\u00a0D\u00eda de Muertos. Tienes hasta el 2 de noviembre para disfrutar de las piezas que engalanan los pasillos de Los Portales de\u2026","rel":"","context":"En &quot;News feed&quot;","block_context":{"text":"News feed","link":"https:\/\/soclose.mx\/blog\/category\/news-feed\/"},"img":{"alt_text":"","src":"https:\/\/i0.wp.com\/soclose.mx\/blog\/wp-content\/uploads\/2021\/10\/Copia-de-Principal-So-Close-blog-1-5.png?fit=1200%2C677&ssl=1&resize=350%2C200","width":350,"height":200,"srcset":"https:\/\/i0.wp.com\/soclose.mx\/blog\/wp-content\/uploads\/2021\/10\/Copia-de-Principal-So-Close-blog-1-5.png?fit=1200%2C677&ssl=1&resize=350%2C200 1x, https:\/\/i0.wp.com\/soclose.mx\/blog\/wp-content\/uploads\/2021\/10\/Copia-de-Principal-So-Close-blog-1-5.png?fit=1200%2C677&ssl=1&resize=525%2C300 1.5x, https:\/\/i0.wp.com\/soclose.mx\/blog\/wp-content\/uploads\/2021\/10\/Copia-de-Principal-So-Close-blog-1-5.png?fit=1200%2C677&ssl=1&resize=700%2C400 2x, https:\/\/i0.wp.com\/soclose.mx\/blog\/wp-content\/uploads\/2021\/10\/Copia-de-Principal-So-Close-blog-1-5.png?fit=1200%2C677&ssl=1&resize=1050%2C600 3x"},"classes":[]},{"id":9457,"url":"https:\/\/soclose.mx\/blog\/para-todos\/exhibicion-con-artesanias-mexicanas-en-abu-dhabi\/","url_meta":{"origin":6717,"position":3},"title":"Exhibici\u00f3n con artesan\u00edas mexicanas en Abu Dhabi","author":"Miguel Angel Romero","date":"23 marzo, 2022","format":false,"excerpt":"Se inaugur\u00f3 en Abu Dhabi, Emiratos \u00c1rabes Unidos, la exhibici\u00f3n\u00a0Weaving Cultures: From M\u00e9xico to the UAE\u00a0que muestra piezas estelares de la Colecci\u00f3n de Fomento Cultural Citibanamex (por primera vez en EAU) y piezas artesanales emirat\u00eds. Iniciando con las ollas de barro hasta los textiles tejidos y de fibras, las piezas\u2026","rel":"","context":"En &quot;Para todos&quot;","block_context":{"text":"Para todos","link":"https:\/\/soclose.mx\/blog\/category\/para-todos\/"},"img":{"alt_text":"","src":"https:\/\/i0.wp.com\/soclose.mx\/blog\/wp-content\/uploads\/2022\/03\/Copia-de-Principal-So-Close-blog-20.png?fit=1200%2C677&ssl=1&resize=350%2C200","width":350,"height":200,"srcset":"https:\/\/i0.wp.com\/soclose.mx\/blog\/wp-content\/uploads\/2022\/03\/Copia-de-Principal-So-Close-blog-20.png?fit=1200%2C677&ssl=1&resize=350%2C200 1x, https:\/\/i0.wp.com\/soclose.mx\/blog\/wp-content\/uploads\/2022\/03\/Copia-de-Principal-So-Close-blog-20.png?fit=1200%2C677&ssl=1&resize=525%2C300 1.5x, https:\/\/i0.wp.com\/soclose.mx\/blog\/wp-content\/uploads\/2022\/03\/Copia-de-Principal-So-Close-blog-20.png?fit=1200%2C677&ssl=1&resize=700%2C400 2x, https:\/\/i0.wp.com\/soclose.mx\/blog\/wp-content\/uploads\/2022\/03\/Copia-de-Principal-So-Close-blog-20.png?fit=1200%2C677&ssl=1&resize=1050%2C600 3x"},"classes":[]},{"id":8583,"url":"https:\/\/soclose.mx\/blog\/lugares\/la-gran-historia-de-el-cosmovitral-jardin-botanico\/","url_meta":{"origin":6717,"position":4},"title":"La gran historia de El Cosmovitral \u2013 Jard\u00edn Bot\u00e1nico","author":"Miguel Angel Romero","date":"9 febrero, 2022","format":false,"excerpt":"El cosmovitral es el s\u00edmbolo del Estado de M\u00e9xico y est\u00e1 hecho en vidrio, una obra de arte compuesta de murales con este material y fruto de los sue\u00f1os del artista mexiquense Leopoldo Flores. Ubicado en\u00a0Toluca, el cosmovitral se aloja en el antiguo edificio de la plaza Garibay de estilo\u2026","rel":"","context":"En &quot;Lugares&quot;","block_context":{"text":"Lugares","link":"https:\/\/soclose.mx\/blog\/category\/lugares\/"},"img":{"alt_text":"","src":"https:\/\/i0.wp.com\/soclose.mx\/blog\/wp-content\/uploads\/2022\/01\/Copia-de-Principal-So-Close-blog-5-4.png?fit=1200%2C677&ssl=1&resize=350%2C200","width":350,"height":200,"srcset":"https:\/\/i0.wp.com\/soclose.mx\/blog\/wp-content\/uploads\/2022\/01\/Copia-de-Principal-So-Close-blog-5-4.png?fit=1200%2C677&ssl=1&resize=350%2C200 1x, https:\/\/i0.wp.com\/soclose.mx\/blog\/wp-content\/uploads\/2022\/01\/Copia-de-Principal-So-Close-blog-5-4.png?fit=1200%2C677&ssl=1&resize=525%2C300 1.5x, https:\/\/i0.wp.com\/soclose.mx\/blog\/wp-content\/uploads\/2022\/01\/Copia-de-Principal-So-Close-blog-5-4.png?fit=1200%2C677&ssl=1&resize=700%2C400 2x, https:\/\/i0.wp.com\/soclose.mx\/blog\/wp-content\/uploads\/2022\/01\/Copia-de-Principal-So-Close-blog-5-4.png?fit=1200%2C677&ssl=1&resize=1050%2C600 3x"},"classes":[]},{"id":14639,"url":"https:\/\/soclose.mx\/blog\/news-feed\/feria-nacional-de-la-michelada-2025-todo-lo-que-debes-saber\/","url_meta":{"origin":6717,"position":5},"title":"Feria Nacional de la Michelada 2025&#8230; todo lo que debes saber","author":"So Close","date":"27 enero, 2025","format":false,"excerpt":"La Feria Nacional de la Michelada 2025 es un evento que promete ser una experiencia \u00fanica para los amantes de este popular c\u00f3ctel mexicano. Del 13 al 17 de marzo, la feria se llevar\u00e1 a cabo en la calle 14 Poniente, en San Andr\u00e9s Cholula, Puebla, cerca de la emblem\u00e1tica\u2026","rel":"","context":"En &quot;News feed&quot;","block_context":{"text":"News feed","link":"https:\/\/soclose.mx\/blog\/category\/news-feed\/"},"img":{"alt_text":"Feria de la michelada 2025","src":"https:\/\/i0.wp.com\/soclose.mx\/blog\/wp-content\/uploads\/2025\/01\/Feria-de-la-michelada-2025.jpg?fit=1200%2C675&ssl=1&resize=350%2C200","width":350,"height":200,"srcset":"https:\/\/i0.wp.com\/soclose.mx\/blog\/wp-content\/uploads\/2025\/01\/Feria-de-la-michelada-2025.jpg?fit=1200%2C675&ssl=1&resize=350%2C200 1x, https:\/\/i0.wp.com\/soclose.mx\/blog\/wp-content\/uploads\/2025\/01\/Feria-de-la-michelada-2025.jpg?fit=1200%2C675&ssl=1&resize=525%2C300 1.5x, https:\/\/i0.wp.com\/soclose.mx\/blog\/wp-content\/uploads\/2025\/01\/Feria-de-la-michelada-2025.jpg?fit=1200%2C675&ssl=1&resize=700%2C400 2x, https:\/\/i0.wp.com\/soclose.mx\/blog\/wp-content\/uploads\/2025\/01\/Feria-de-la-michelada-2025.jpg?fit=1200%2C675&ssl=1&resize=1050%2C600 3x"},"classes":[]}],"jetpack_sharing_enabled":true,"_links":{"self":[{"href":"https:\/\/soclose.mx\/blog\/wp-json\/wp\/v2\/posts\/6717","targetHints":{"allow":["GET"]}}],"collection":[{"href":"https:\/\/soclose.mx\/blog\/wp-json\/wp\/v2\/posts"}],"about":[{"href":"https:\/\/soclose.mx\/blog\/wp-json\/wp\/v2\/types\/post"}],"author":[{"embeddable":true,"href":"https:\/\/soclose.mx\/blog\/wp-json\/wp\/v2\/users\/1"}],"replies":[{"embeddable":true,"href":"https:\/\/soclose.mx\/blog\/wp-json\/wp\/v2\/comments?post=6717"}],"version-history":[{"count":0,"href":"https:\/\/soclose.mx\/blog\/wp-json\/wp\/v2\/posts\/6717\/revisions"}],"wp:featuredmedia":[{"embeddable":true,"href":"https:\/\/soclose.mx\/blog\/wp-json\/wp\/v2\/media\/6720"}],"wp:attachment":[{"href":"https:\/\/soclose.mx\/blog\/wp-json\/wp\/v2\/media?parent=6717"}],"wp:term":[{"taxonomy":"category","embeddable":true,"href":"https:\/\/soclose.mx\/blog\/wp-json\/wp\/v2\/categories?post=6717"},{"taxonomy":"post_tag","embeddable":true,"href":"https:\/\/soclose.mx\/blog\/wp-json\/wp\/v2\/tags?post=6717"}],"curies":[{"name":"wp","href":"https:\/\/api.w.org\/{rel}","templated":true}]}}