{"id":6762,"date":"2021-08-04T19:00:39","date_gmt":"2021-08-05T00:00:39","guid":{"rendered":"https:\/\/soclose.mx\/blog\/?p=6762"},"modified":"2021-08-04T11:24:41","modified_gmt":"2021-08-04T16:24:41","slug":"inauguran-exposicion-conmemorativa-del-bicentenario-del-plan-de-iguala","status":"publish","type":"post","link":"https:\/\/soclose.mx\/blog\/news-feed\/inauguran-exposicion-conmemorativa-del-bicentenario-del-plan-de-iguala\/","title":{"rendered":"Lista la exposici\u00f3n del bicentenario del Plan de Iguala para que la visites"},"content":{"rendered":"<p>En el marco de las conmemoraciones emblem\u00e1ticas de 2021, \u201c<strong>A\u00f1o de la Grandeza y la Independencia de M\u00e9xico<\/strong>\u201d, la <a href=\"https:\/\/soclose.mx\/blog\/animalia-la-fauna-en-el-arte-popular-mexicano-muestra-sobre-la-biodiversidad-llega-al-museo-nacional-de-culturas-populares\/\">exposici\u00f3n<\/a> &#8220;<strong>200 a\u00f1os de la Promulgaci\u00f3n del <\/strong><em><strong>Plan de Iguala&#8221;<\/strong><\/em>, organizada por la Secretar\u00eda de Cultura del Gobierno de M\u00e9xico, a trav\u00e9s del <strong>Instituto Nacional de Antropolog\u00eda e Historia<\/strong> (INAH), llega al <strong>Museo Regional de Nuevo Le\u00f3n, El Obispado<\/strong>.<\/p>\n<p>La muestra itinerante, la cual podr\u00e1 visitarse del 4 al 22 de agosto, ha sido adaptada en sus contenidos para dar cuenta de c\u00f3mo fue el desarrollo de la gesta independentista en las provincias internas de oriente.<\/p>\n<p>Integrada por cinco banderas, facs\u00edmiles de originales resguardados en el <strong>Museo Nacional de Historia<\/strong>, <strong>Castillo de Chapultepec<\/strong>, la muestra inicia su recorrido con la bandera de <strong>Ignacio Allende<\/strong>, confeccionada en 1810.<\/p>\n<p>La segunda insignia es el estandarte\u00a0<strong>Viva Mar\u00eda Sant\u00edsima de Guadalupe<\/strong>\u00a0proveniente de Michoac\u00e1n, de acuerdo con un escudo que incluye la imagen de San Pedro y San Pablo, as\u00ed como las tres islas de los se\u00f1or\u00edos ind\u00edgenas de Michoac\u00e1n.<\/p>\n<p>El tercer elemento es\u00a0<strong>El Doliente de Hidalgo<\/strong>\u00a0dise\u00f1ado por el insurgente <strong>Jos\u00e9 Mar\u00eda Cos<\/strong> para rendir homenaje al cura Miguel Hidalgo en los meses posteriores a su ejecuci\u00f3n.<\/p>\n<p>El recorrido cierra con la bandera del <strong>Regimiento de Infanter\u00eda de San Fernando<\/strong> empleada por el ej\u00e9rcito de <strong>Jos\u00e9 Mar\u00eda Morelos y Pav\u00f3n<\/strong>, y con la ense\u00f1a de la\u00a0<strong>Infanter\u00eda Provisional de Puebla del Ej\u00e9rcito Trigarante\u00a0<\/strong>(1821), la cual data de la etapa final de la lucha independentista.<\/p>\n<p>Si deseas asistir a la exposici\u00f3n en el <strong>Museo Regional de Nuevo Le\u00f3n,<\/strong> <strong>El Obispado<\/strong>, deber\u00e1s portar cubrebocas en todo momento y respetar los aforos y medidas de prevenci\u00f3n dictadas por el personal del recinto.<\/p>\n<p>Cabe mencionar que los d\u00edas y horarios de exhibici\u00f3n pueden estar sujetos a cambios debido al sem\u00e1foro epidemiol\u00f3gico de la entidad.<\/p>\n<p><strong>Fuente: <a href=\"https:\/\/www.inah.gob.mx\/\">INAH<\/a><\/strong><\/p>\n","protected":false},"excerpt":{"rendered":"<p>En el marco de las conmemoraciones emblem\u00e1ticas de 2021, \u201cA\u00f1o de la Grandeza y la Independencia de M\u00e9xico\u201d, la exposici\u00f3n &#8220;200 a\u00f1os de la Promulgaci\u00f3n del Plan de Iguala&#8221;, organizada por la Secretar\u00eda de Cultura del Gobierno de M\u00e9xico, a trav\u00e9s del Instituto Nacional de Antropolog\u00eda e Historia (INAH), llega al Museo Regional de Nuevo Le\u00f3n, El Obispado. La muestra itinerante, la cual podr\u00e1 visitarse del 4 al 22 de agosto, ha sido adaptada en sus contenidos para dar cuenta de c\u00f3mo fue el desarrollo de la gesta independentista en las provincias internas de oriente. Integrada por cinco banderas, facs\u00edmiles<\/p>\n","protected":false},"author":8,"featured_media":6763,"comment_status":"open","ping_status":"open","sticky":false,"template":"","format":"standard","meta":{"_jetpack_memberships_contains_paid_content":false,"footnotes":""},"categories":[628],"tags":[225,1183,1182,867],"class_list":["post-6762","post","type-post","status-publish","format-standard","has-post-thumbnail","hentry","category-news-feed","tag-exposicion","tag-jose-maria-morelos-y-pavon","tag-museo-regional-de-nuevo-leon","tag-plan-de-iguala"],"yoast_head":"<!-- This site is optimized with the Yoast SEO plugin v26.7 - https:\/\/yoast.com\/wordpress\/plugins\/seo\/ -->\n<title>Lista la exposici\u00f3n del bicentenario del Plan de Iguala para que la visites - So Close<\/title>\n<meta name=\"description\" content=\"La exposici\u00f3n\u00a0&quot;200 a\u00f1os\u00a0de\u00a0la promulgaci\u00f3n del\u00a0Plan\u00a0de\u00a0Iguala&quot; podr\u00e1 visitarse del 4 al 22 de agosto en el Museo Regional de Nuevo Le\u00f3n.\" \/>\n<meta name=\"robots\" content=\"index, follow, max-snippet:-1, max-image-preview:large, max-video-preview:-1\" \/>\n<link rel=\"canonical\" href=\"https:\/\/soclose.mx\/blog\/news-feed\/inauguran-exposicion-conmemorativa-del-bicentenario-del-plan-de-iguala\/\" \/>\n<meta property=\"og:locale\" content=\"es_MX\" \/>\n<meta property=\"og:type\" content=\"article\" \/>\n<meta property=\"og:title\" content=\"Lista la exposici\u00f3n del bicentenario del Plan de Iguala para que la visites - So Close\" \/>\n<meta property=\"og:description\" content=\"La exposici\u00f3n\u00a0&quot;200 a\u00f1os\u00a0de\u00a0la promulgaci\u00f3n del\u00a0Plan\u00a0de\u00a0Iguala&quot; podr\u00e1 visitarse del 4 al 22 de agosto en el Museo Regional de Nuevo Le\u00f3n.\" \/>\n<meta property=\"og:url\" content=\"https:\/\/soclose.mx\/blog\/news-feed\/inauguran-exposicion-conmemorativa-del-bicentenario-del-plan-de-iguala\/\" \/>\n<meta property=\"og:site_name\" content=\"So Close\" \/>\n<meta property=\"article:author\" content=\"www.facebook.com\/mikexever\/\" \/>\n<meta property=\"article:published_time\" content=\"2021-08-05T00:00:39+00:00\" \/>\n<meta property=\"og:image\" content=\"https:\/\/i0.wp.com\/soclose.mx\/blog\/wp-content\/uploads\/2021\/08\/foto_home_inah.png?fit=800%2C536&ssl=1\" \/>\n\t<meta property=\"og:image:width\" content=\"800\" \/>\n\t<meta property=\"og:image:height\" content=\"536\" \/>\n\t<meta property=\"og:image:type\" content=\"image\/png\" \/>\n<meta name=\"author\" content=\"Miguel Angel Romero\" \/>\n<meta name=\"twitter:card\" content=\"summary_large_image\" \/>\n<meta name=\"twitter:creator\" content=\"@Mikerecomienda\" \/>\n<meta name=\"twitter:label1\" content=\"Escrito por\" \/>\n\t<meta name=\"twitter:data1\" content=\"Miguel Angel Romero\" \/>\n\t<meta name=\"twitter:label2\" content=\"Tiempo de lectura\" \/>\n\t<meta name=\"twitter:data2\" content=\"2 minutos\" \/>\n<script type=\"application\/ld+json\" class=\"yoast-schema-graph\">{\"@context\":\"https:\/\/schema.org\",\"@graph\":[{\"@type\":\"Article\",\"@id\":\"https:\/\/soclose.mx\/blog\/news-feed\/inauguran-exposicion-conmemorativa-del-bicentenario-del-plan-de-iguala\/#article\",\"isPartOf\":{\"@id\":\"https:\/\/soclose.mx\/blog\/news-feed\/inauguran-exposicion-conmemorativa-del-bicentenario-del-plan-de-iguala\/\"},\"author\":{\"name\":\"Miguel Angel Romero\",\"@id\":\"https:\/\/soclose.mx\/blog\/#\/schema\/person\/cddec6ccd5d7037d286395fb411e23f1\"},\"headline\":\"Lista la exposici\u00f3n del bicentenario del Plan de Iguala para que la visites\",\"datePublished\":\"2021-08-05T00:00:39+00:00\",\"mainEntityOfPage\":{\"@id\":\"https:\/\/soclose.mx\/blog\/news-feed\/inauguran-exposicion-conmemorativa-del-bicentenario-del-plan-de-iguala\/\"},\"wordCount\":347,\"commentCount\":0,\"publisher\":{\"@id\":\"https:\/\/soclose.mx\/blog\/#organization\"},\"image\":{\"@id\":\"https:\/\/soclose.mx\/blog\/news-feed\/inauguran-exposicion-conmemorativa-del-bicentenario-del-plan-de-iguala\/#primaryimage\"},\"thumbnailUrl\":\"https:\/\/i0.wp.com\/soclose.mx\/blog\/wp-content\/uploads\/2021\/08\/foto_home_inah.png?fit=800%2C536&ssl=1\",\"keywords\":[\"exposicion\",\"Jos\u00e9 Mar\u00eda Morelos y Pav\u00f3n\",\"Museo Regional de Nuevo Le\u00f3n\",\"Plan de Iguala\"],\"articleSection\":[\"News feed\"],\"inLanguage\":\"es\",\"potentialAction\":[{\"@type\":\"CommentAction\",\"name\":\"Comment\",\"target\":[\"https:\/\/soclose.mx\/blog\/news-feed\/inauguran-exposicion-conmemorativa-del-bicentenario-del-plan-de-iguala\/#respond\"]}]},{\"@type\":\"WebPage\",\"@id\":\"https:\/\/soclose.mx\/blog\/news-feed\/inauguran-exposicion-conmemorativa-del-bicentenario-del-plan-de-iguala\/\",\"url\":\"https:\/\/soclose.mx\/blog\/news-feed\/inauguran-exposicion-conmemorativa-del-bicentenario-del-plan-de-iguala\/\",\"name\":\"Lista la exposici\u00f3n del bicentenario del Plan de Iguala para que la visites - So Close\",\"isPartOf\":{\"@id\":\"https:\/\/soclose.mx\/blog\/#website\"},\"primaryImageOfPage\":{\"@id\":\"https:\/\/soclose.mx\/blog\/news-feed\/inauguran-exposicion-conmemorativa-del-bicentenario-del-plan-de-iguala\/#primaryimage\"},\"image\":{\"@id\":\"https:\/\/soclose.mx\/blog\/news-feed\/inauguran-exposicion-conmemorativa-del-bicentenario-del-plan-de-iguala\/#primaryimage\"},\"thumbnailUrl\":\"https:\/\/i0.wp.com\/soclose.mx\/blog\/wp-content\/uploads\/2021\/08\/foto_home_inah.png?fit=800%2C536&ssl=1\",\"datePublished\":\"2021-08-05T00:00:39+00:00\",\"description\":\"La exposici\u00f3n\u00a0\\\"200 a\u00f1os\u00a0de\u00a0la promulgaci\u00f3n del\u00a0Plan\u00a0de\u00a0Iguala\\\" podr\u00e1 visitarse del 4 al 22 de agosto en el Museo Regional de Nuevo Le\u00f3n.\",\"breadcrumb\":{\"@id\":\"https:\/\/soclose.mx\/blog\/news-feed\/inauguran-exposicion-conmemorativa-del-bicentenario-del-plan-de-iguala\/#breadcrumb\"},\"inLanguage\":\"es\",\"potentialAction\":[{\"@type\":\"ReadAction\",\"target\":[\"https:\/\/soclose.mx\/blog\/news-feed\/inauguran-exposicion-conmemorativa-del-bicentenario-del-plan-de-iguala\/\"]}]},{\"@type\":\"ImageObject\",\"inLanguage\":\"es\",\"@id\":\"https:\/\/soclose.mx\/blog\/news-feed\/inauguran-exposicion-conmemorativa-del-bicentenario-del-plan-de-iguala\/#primaryimage\",\"url\":\"https:\/\/i0.wp.com\/soclose.mx\/blog\/wp-content\/uploads\/2021\/08\/foto_home_inah.png?fit=800%2C536&ssl=1\",\"contentUrl\":\"https:\/\/i0.wp.com\/soclose.mx\/blog\/wp-content\/uploads\/2021\/08\/foto_home_inah.png?fit=800%2C536&ssl=1\",\"width\":800,\"height\":536},{\"@type\":\"BreadcrumbList\",\"@id\":\"https:\/\/soclose.mx\/blog\/news-feed\/inauguran-exposicion-conmemorativa-del-bicentenario-del-plan-de-iguala\/#breadcrumb\",\"itemListElement\":[{\"@type\":\"ListItem\",\"position\":1,\"name\":\"Inicio\",\"item\":\"https:\/\/soclose.mx\/blog\/\"},{\"@type\":\"ListItem\",\"position\":2,\"name\":\"Lista la exposici\u00f3n del bicentenario del Plan de Iguala para que la visites\"}]},{\"@type\":\"WebSite\",\"@id\":\"https:\/\/soclose.mx\/blog\/#website\",\"url\":\"https:\/\/soclose.mx\/blog\/\",\"name\":\"So Close\",\"description\":\"Hacemos contenidos de M\u00e9xico\",\"publisher\":{\"@id\":\"https:\/\/soclose.mx\/blog\/#organization\"},\"potentialAction\":[{\"@type\":\"SearchAction\",\"target\":{\"@type\":\"EntryPoint\",\"urlTemplate\":\"https:\/\/soclose.mx\/blog\/?s={search_term_string}\"},\"query-input\":{\"@type\":\"PropertyValueSpecification\",\"valueRequired\":true,\"valueName\":\"search_term_string\"}}],\"inLanguage\":\"es\"},{\"@type\":\"Organization\",\"@id\":\"https:\/\/soclose.mx\/blog\/#organization\",\"name\":\"So Close\",\"url\":\"https:\/\/soclose.mx\/blog\/\",\"logo\":{\"@type\":\"ImageObject\",\"inLanguage\":\"es\",\"@id\":\"https:\/\/soclose.mx\/blog\/#\/schema\/logo\/image\/\",\"url\":\"https:\/\/i0.wp.com\/soclose.mx\/blog\/wp-content\/uploads\/2020\/12\/LOGO_SOCLOSE_COLOR-e1608310133507.png?fit=2858%2C1264&ssl=1\",\"contentUrl\":\"https:\/\/i0.wp.com\/soclose.mx\/blog\/wp-content\/uploads\/2020\/12\/LOGO_SOCLOSE_COLOR-e1608310133507.png?fit=2858%2C1264&ssl=1\",\"width\":2858,\"height\":1264,\"caption\":\"So Close\"},\"image\":{\"@id\":\"https:\/\/soclose.mx\/blog\/#\/schema\/logo\/image\/\"}},{\"@type\":\"Person\",\"@id\":\"https:\/\/soclose.mx\/blog\/#\/schema\/person\/cddec6ccd5d7037d286395fb411e23f1\",\"name\":\"Miguel Angel Romero\",\"image\":{\"@type\":\"ImageObject\",\"inLanguage\":\"es\",\"@id\":\"https:\/\/soclose.mx\/blog\/#\/schema\/person\/image\/\",\"url\":\"https:\/\/secure.gravatar.com\/avatar\/45b44006b4f93497bb24d251f77bc39385015bfa120582412df580dbfcbb14f3?s=96&d=mm&r=g\",\"contentUrl\":\"https:\/\/secure.gravatar.com\/avatar\/45b44006b4f93497bb24d251f77bc39385015bfa120582412df580dbfcbb14f3?s=96&d=mm&r=g\",\"caption\":\"Miguel Angel Romero\"},\"sameAs\":[\"http:\/\/\/mikexever.blogspot.com\/\",\"www.facebook.com\/mikexever\/\",\"https:\/\/x.com\/Mikerecomienda\"],\"url\":\"https:\/\/soclose.mx\/blog\/author\/mike\/\"}]}<\/script>\n<!-- \/ Yoast SEO plugin. -->","yoast_head_json":{"title":"Lista la exposici\u00f3n del bicentenario del Plan de Iguala para que la visites - So Close","description":"La exposici\u00f3n\u00a0\"200 a\u00f1os\u00a0de\u00a0la promulgaci\u00f3n del\u00a0Plan\u00a0de\u00a0Iguala\" podr\u00e1 visitarse del 4 al 22 de agosto en el Museo Regional de Nuevo Le\u00f3n.","robots":{"index":"index","follow":"follow","max-snippet":"max-snippet:-1","max-image-preview":"max-image-preview:large","max-video-preview":"max-video-preview:-1"},"canonical":"https:\/\/soclose.mx\/blog\/news-feed\/inauguran-exposicion-conmemorativa-del-bicentenario-del-plan-de-iguala\/","og_locale":"es_MX","og_type":"article","og_title":"Lista la exposici\u00f3n del bicentenario del Plan de Iguala para que la visites - So Close","og_description":"La exposici\u00f3n\u00a0\"200 a\u00f1os\u00a0de\u00a0la promulgaci\u00f3n del\u00a0Plan\u00a0de\u00a0Iguala\" podr\u00e1 visitarse del 4 al 22 de agosto en el Museo Regional de Nuevo Le\u00f3n.","og_url":"https:\/\/soclose.mx\/blog\/news-feed\/inauguran-exposicion-conmemorativa-del-bicentenario-del-plan-de-iguala\/","og_site_name":"So Close","article_author":"www.facebook.com\/mikexever\/","article_published_time":"2021-08-05T00:00:39+00:00","og_image":[{"width":800,"height":536,"url":"https:\/\/i0.wp.com\/soclose.mx\/blog\/wp-content\/uploads\/2021\/08\/foto_home_inah.png?fit=800%2C536&ssl=1","type":"image\/png"}],"author":"Miguel Angel Romero","twitter_card":"summary_large_image","twitter_creator":"@Mikerecomienda","twitter_misc":{"Escrito por":"Miguel Angel Romero","Tiempo de lectura":"2 minutos"},"schema":{"@context":"https:\/\/schema.org","@graph":[{"@type":"Article","@id":"https:\/\/soclose.mx\/blog\/news-feed\/inauguran-exposicion-conmemorativa-del-bicentenario-del-plan-de-iguala\/#article","isPartOf":{"@id":"https:\/\/soclose.mx\/blog\/news-feed\/inauguran-exposicion-conmemorativa-del-bicentenario-del-plan-de-iguala\/"},"author":{"name":"Miguel Angel Romero","@id":"https:\/\/soclose.mx\/blog\/#\/schema\/person\/cddec6ccd5d7037d286395fb411e23f1"},"headline":"Lista la exposici\u00f3n del bicentenario del Plan de Iguala para que la visites","datePublished":"2021-08-05T00:00:39+00:00","mainEntityOfPage":{"@id":"https:\/\/soclose.mx\/blog\/news-feed\/inauguran-exposicion-conmemorativa-del-bicentenario-del-plan-de-iguala\/"},"wordCount":347,"commentCount":0,"publisher":{"@id":"https:\/\/soclose.mx\/blog\/#organization"},"image":{"@id":"https:\/\/soclose.mx\/blog\/news-feed\/inauguran-exposicion-conmemorativa-del-bicentenario-del-plan-de-iguala\/#primaryimage"},"thumbnailUrl":"https:\/\/i0.wp.com\/soclose.mx\/blog\/wp-content\/uploads\/2021\/08\/foto_home_inah.png?fit=800%2C536&ssl=1","keywords":["exposicion","Jos\u00e9 Mar\u00eda Morelos y Pav\u00f3n","Museo Regional de Nuevo Le\u00f3n","Plan de Iguala"],"articleSection":["News feed"],"inLanguage":"es","potentialAction":[{"@type":"CommentAction","name":"Comment","target":["https:\/\/soclose.mx\/blog\/news-feed\/inauguran-exposicion-conmemorativa-del-bicentenario-del-plan-de-iguala\/#respond"]}]},{"@type":"WebPage","@id":"https:\/\/soclose.mx\/blog\/news-feed\/inauguran-exposicion-conmemorativa-del-bicentenario-del-plan-de-iguala\/","url":"https:\/\/soclose.mx\/blog\/news-feed\/inauguran-exposicion-conmemorativa-del-bicentenario-del-plan-de-iguala\/","name":"Lista la exposici\u00f3n del bicentenario del Plan de Iguala para que la visites - So Close","isPartOf":{"@id":"https:\/\/soclose.mx\/blog\/#website"},"primaryImageOfPage":{"@id":"https:\/\/soclose.mx\/blog\/news-feed\/inauguran-exposicion-conmemorativa-del-bicentenario-del-plan-de-iguala\/#primaryimage"},"image":{"@id":"https:\/\/soclose.mx\/blog\/news-feed\/inauguran-exposicion-conmemorativa-del-bicentenario-del-plan-de-iguala\/#primaryimage"},"thumbnailUrl":"https:\/\/i0.wp.com\/soclose.mx\/blog\/wp-content\/uploads\/2021\/08\/foto_home_inah.png?fit=800%2C536&ssl=1","datePublished":"2021-08-05T00:00:39+00:00","description":"La exposici\u00f3n\u00a0\"200 a\u00f1os\u00a0de\u00a0la promulgaci\u00f3n del\u00a0Plan\u00a0de\u00a0Iguala\" podr\u00e1 visitarse del 4 al 22 de agosto en el Museo Regional de Nuevo Le\u00f3n.","breadcrumb":{"@id":"https:\/\/soclose.mx\/blog\/news-feed\/inauguran-exposicion-conmemorativa-del-bicentenario-del-plan-de-iguala\/#breadcrumb"},"inLanguage":"es","potentialAction":[{"@type":"ReadAction","target":["https:\/\/soclose.mx\/blog\/news-feed\/inauguran-exposicion-conmemorativa-del-bicentenario-del-plan-de-iguala\/"]}]},{"@type":"ImageObject","inLanguage":"es","@id":"https:\/\/soclose.mx\/blog\/news-feed\/inauguran-exposicion-conmemorativa-del-bicentenario-del-plan-de-iguala\/#primaryimage","url":"https:\/\/i0.wp.com\/soclose.mx\/blog\/wp-content\/uploads\/2021\/08\/foto_home_inah.png?fit=800%2C536&ssl=1","contentUrl":"https:\/\/i0.wp.com\/soclose.mx\/blog\/wp-content\/uploads\/2021\/08\/foto_home_inah.png?fit=800%2C536&ssl=1","width":800,"height":536},{"@type":"BreadcrumbList","@id":"https:\/\/soclose.mx\/blog\/news-feed\/inauguran-exposicion-conmemorativa-del-bicentenario-del-plan-de-iguala\/#breadcrumb","itemListElement":[{"@type":"ListItem","position":1,"name":"Inicio","item":"https:\/\/soclose.mx\/blog\/"},{"@type":"ListItem","position":2,"name":"Lista la exposici\u00f3n del bicentenario del Plan de Iguala para que la visites"}]},{"@type":"WebSite","@id":"https:\/\/soclose.mx\/blog\/#website","url":"https:\/\/soclose.mx\/blog\/","name":"So Close","description":"Hacemos contenidos de M\u00e9xico","publisher":{"@id":"https:\/\/soclose.mx\/blog\/#organization"},"potentialAction":[{"@type":"SearchAction","target":{"@type":"EntryPoint","urlTemplate":"https:\/\/soclose.mx\/blog\/?s={search_term_string}"},"query-input":{"@type":"PropertyValueSpecification","valueRequired":true,"valueName":"search_term_string"}}],"inLanguage":"es"},{"@type":"Organization","@id":"https:\/\/soclose.mx\/blog\/#organization","name":"So Close","url":"https:\/\/soclose.mx\/blog\/","logo":{"@type":"ImageObject","inLanguage":"es","@id":"https:\/\/soclose.mx\/blog\/#\/schema\/logo\/image\/","url":"https:\/\/i0.wp.com\/soclose.mx\/blog\/wp-content\/uploads\/2020\/12\/LOGO_SOCLOSE_COLOR-e1608310133507.png?fit=2858%2C1264&ssl=1","contentUrl":"https:\/\/i0.wp.com\/soclose.mx\/blog\/wp-content\/uploads\/2020\/12\/LOGO_SOCLOSE_COLOR-e1608310133507.png?fit=2858%2C1264&ssl=1","width":2858,"height":1264,"caption":"So Close"},"image":{"@id":"https:\/\/soclose.mx\/blog\/#\/schema\/logo\/image\/"}},{"@type":"Person","@id":"https:\/\/soclose.mx\/blog\/#\/schema\/person\/cddec6ccd5d7037d286395fb411e23f1","name":"Miguel Angel Romero","image":{"@type":"ImageObject","inLanguage":"es","@id":"https:\/\/soclose.mx\/blog\/#\/schema\/person\/image\/","url":"https:\/\/secure.gravatar.com\/avatar\/45b44006b4f93497bb24d251f77bc39385015bfa120582412df580dbfcbb14f3?s=96&d=mm&r=g","contentUrl":"https:\/\/secure.gravatar.com\/avatar\/45b44006b4f93497bb24d251f77bc39385015bfa120582412df580dbfcbb14f3?s=96&d=mm&r=g","caption":"Miguel Angel Romero"},"sameAs":["http:\/\/\/mikexever.blogspot.com\/","www.facebook.com\/mikexever\/","https:\/\/x.com\/Mikerecomienda"],"url":"https:\/\/soclose.mx\/blog\/author\/mike\/"}]}},"jetpack_featured_media_url":"https:\/\/i0.wp.com\/soclose.mx\/blog\/wp-content\/uploads\/2021\/08\/foto_home_inah.png?fit=800%2C536&ssl=1","jetpack-related-posts":[{"id":6043,"url":"https:\/\/soclose.mx\/blog\/news-feed\/la-bandera-trigarante-regresa-despues-de-200-anos-a-morelia\/","url_meta":{"origin":6762,"position":0},"title":"La Bandera Trigarante regresa despu\u00e9s de 200 a\u00f1os a Morelia","author":"So Close","date":"12 mayo, 2021","format":false,"excerpt":"La muestra 200 a\u00f1os de la promulgaci\u00f3n del Plan de Iguala podr\u00e1 visitarse del 11 al 20 de mayo en el Museo Regional Michoacano; entrada libre. Hace dos siglos, en mayo de 1821, el vallisoletano (proveniente de Valladolid) Agust\u00edn de Iturbide regresaba triunfante a su ciudad natal \u2013hoy Morelia\u2013, semanas\u2026","rel":"","context":"En &quot;News feed&quot;","block_context":{"text":"News feed","link":"https:\/\/soclose.mx\/blog\/category\/news-feed\/"},"img":{"alt_text":"","src":"https:\/\/i0.wp.com\/soclose.mx\/blog\/wp-content\/uploads\/2021\/05\/Museo-Regional-Michoacano.jpeg?fit=1200%2C677&ssl=1&resize=350%2C200","width":350,"height":200,"srcset":"https:\/\/i0.wp.com\/soclose.mx\/blog\/wp-content\/uploads\/2021\/05\/Museo-Regional-Michoacano.jpeg?fit=1200%2C677&ssl=1&resize=350%2C200 1x, https:\/\/i0.wp.com\/soclose.mx\/blog\/wp-content\/uploads\/2021\/05\/Museo-Regional-Michoacano.jpeg?fit=1200%2C677&ssl=1&resize=525%2C300 1.5x, https:\/\/i0.wp.com\/soclose.mx\/blog\/wp-content\/uploads\/2021\/05\/Museo-Regional-Michoacano.jpeg?fit=1200%2C677&ssl=1&resize=700%2C400 2x, https:\/\/i0.wp.com\/soclose.mx\/blog\/wp-content\/uploads\/2021\/05\/Museo-Regional-Michoacano.jpeg?fit=1200%2C677&ssl=1&resize=1050%2C600 3x"},"classes":[]},{"id":7280,"url":"https:\/\/soclose.mx\/blog\/news-feed\/tesoros-que-se-exhiben-en-la-exposicion-la-grandeza-de-mexico\/","url_meta":{"origin":6762,"position":1},"title":"Tesoros que se exhiben en la exposici\u00f3n &#8220;La Grandeza de M\u00e9xico&#8221;","author":"Miguel Angel Romero","date":"5 octubre, 2021","format":false,"excerpt":"La exposici\u00f3n \"La grandeza de M\u00e9xico\", que celebra los 200 a\u00f1os de la consumaci\u00f3n de la Independencia del pa\u00eds, se llevar\u00e1 a cabo en dos sedes de la Ciudad de M\u00e9xico: El edificio de la Secretar\u00eda de Educaci\u00f3n P\u00fablica (SEP), en el Centro Hist\u00f3rico. El Museo Nacional de Antropolog\u00eda e\u2026","rel":"","context":"En &quot;News feed&quot;","block_context":{"text":"News feed","link":"https:\/\/soclose.mx\/blog\/category\/news-feed\/"},"img":{"alt_text":"","src":"https:\/\/i0.wp.com\/soclose.mx\/blog\/wp-content\/uploads\/2021\/09\/Principal-So-Close-blog-1.png?fit=1200%2C677&ssl=1&resize=350%2C200","width":350,"height":200,"srcset":"https:\/\/i0.wp.com\/soclose.mx\/blog\/wp-content\/uploads\/2021\/09\/Principal-So-Close-blog-1.png?fit=1200%2C677&ssl=1&resize=350%2C200 1x, https:\/\/i0.wp.com\/soclose.mx\/blog\/wp-content\/uploads\/2021\/09\/Principal-So-Close-blog-1.png?fit=1200%2C677&ssl=1&resize=525%2C300 1.5x, https:\/\/i0.wp.com\/soclose.mx\/blog\/wp-content\/uploads\/2021\/09\/Principal-So-Close-blog-1.png?fit=1200%2C677&ssl=1&resize=700%2C400 2x, https:\/\/i0.wp.com\/soclose.mx\/blog\/wp-content\/uploads\/2021\/09\/Principal-So-Close-blog-1.png?fit=1200%2C677&ssl=1&resize=1050%2C600 3x"},"classes":[]},{"id":13864,"url":"https:\/\/soclose.mx\/blog\/a-la-mexicana\/lugares-diferentes-para-celebrar-la-independencia-de-mexico\/","url_meta":{"origin":6762,"position":2},"title":"Lugares diferentes para celebrar la Independencia de M\u00e9xico","author":"So Close","date":"2 agosto, 2024","format":false,"excerpt":"El 15 y 16 de septiembre son fechas de gran importancia en M\u00e9xico, marcando la conmemoraci\u00f3n de la Independencia del pa\u00eds. Si est\u00e1s buscando una manera inusual y emocionante de celebrar la Independencia de M\u00e9xico, explorar lugares poco convencionales puede ofrecerte una experiencia \u00fanica y memorable. Desde escenarios naturales impresionantes\u2026","rel":"","context":"En &quot;A la mexicana&quot;","block_context":{"text":"A la mexicana","link":"https:\/\/soclose.mx\/blog\/category\/a-la-mexicana\/"},"img":{"alt_text":"Cenote Ik Kil en Yucatan","src":"https:\/\/i0.wp.com\/soclose.mx\/blog\/wp-content\/uploads\/2024\/08\/Cenote-Ik-Kil-en-Yucatan.jpg?fit=1000%2C750&ssl=1&resize=350%2C200","width":350,"height":200,"srcset":"https:\/\/i0.wp.com\/soclose.mx\/blog\/wp-content\/uploads\/2024\/08\/Cenote-Ik-Kil-en-Yucatan.jpg?fit=1000%2C750&ssl=1&resize=350%2C200 1x, https:\/\/i0.wp.com\/soclose.mx\/blog\/wp-content\/uploads\/2024\/08\/Cenote-Ik-Kil-en-Yucatan.jpg?fit=1000%2C750&ssl=1&resize=525%2C300 1.5x, https:\/\/i0.wp.com\/soclose.mx\/blog\/wp-content\/uploads\/2024\/08\/Cenote-Ik-Kil-en-Yucatan.jpg?fit=1000%2C750&ssl=1&resize=700%2C400 2x"},"classes":[]},{"id":6880,"url":"https:\/\/soclose.mx\/blog\/news-feed\/abre-exposicion-sobre-la-caida-de-tenochtitlan-y-tlatelolco\/","url_meta":{"origin":6762,"position":3},"title":"Abre exposici\u00f3n sobre la ca\u00edda de Tenochtitlan y Tlatelolco","author":"Miguel Angel Romero","date":"17 agosto, 2021","format":false,"excerpt":"En el marco del quinto centenario de la toma de M\u00e9xico-Tenochtitlan, se inaugura la exposici\u00f3n temporal\u00a0Tenochtitlan y Tlatelolco. A 500 a\u00f1os de su ca\u00edda, bajo la curadur\u00eda de Eduardo Matos Moctezuma, Patricia Ledesma Bouchan y Judith Alva S\u00e1nchez. La exposici\u00f3n enfatiza la manera en que Tenochtitlan y Tlatelolco, decidieron compartir\u2026","rel":"","context":"En &quot;\u00a1Ay goeeee!&quot;","block_context":{"text":"\u00a1Ay goeeee!","link":"https:\/\/soclose.mx\/blog\/category\/ay-goeeee\/"},"img":{"alt_text":"","src":"https:\/\/i0.wp.com\/soclose.mx\/blog\/wp-content\/uploads\/2021\/08\/foto_home.png?fit=1019%2C792&ssl=1&resize=350%2C200","width":350,"height":200,"srcset":"https:\/\/i0.wp.com\/soclose.mx\/blog\/wp-content\/uploads\/2021\/08\/foto_home.png?fit=1019%2C792&ssl=1&resize=350%2C200 1x, https:\/\/i0.wp.com\/soclose.mx\/blog\/wp-content\/uploads\/2021\/08\/foto_home.png?fit=1019%2C792&ssl=1&resize=525%2C300 1.5x, https:\/\/i0.wp.com\/soclose.mx\/blog\/wp-content\/uploads\/2021\/08\/foto_home.png?fit=1019%2C792&ssl=1&resize=700%2C400 2x"},"classes":[]},{"id":5982,"url":"https:\/\/soclose.mx\/blog\/news-feed\/reabren-chalcatzingo-en-morelos-y-museo-de-historia-de-aguascalientes\/","url_meta":{"origin":6762,"position":4},"title":"Reabren Chalcatzingo, en Morelos, y Museo de Historia de Aguascalientes","author":"So Close","date":"23 abril, 2021","format":false,"excerpt":"A partir del mi\u00e9rcoles 21 de abril, bajo estrictas medidas sanitarias, reabren la Zona Arqueol\u00f3gica de Chalcatzingo, en el estado de Morelos, y el Museo Regional de Historia de Aguascalientes (MRHA). El sitio arqueol\u00f3gico de filiaci\u00f3n olmeca estar\u00e1 abierto de mi\u00e9rcoles a domingo, de 9:00 a 16:30 horas. Para el\u2026","rel":"","context":"En &quot;News feed&quot;","block_context":{"text":"News feed","link":"https:\/\/soclose.mx\/blog\/category\/news-feed\/"},"img":{"alt_text":"","src":"https:\/\/i0.wp.com\/soclose.mx\/blog\/wp-content\/uploads\/2021\/04\/Principal-So-Close-blog-3.jpeg?fit=1200%2C677&ssl=1&resize=350%2C200","width":350,"height":200,"srcset":"https:\/\/i0.wp.com\/soclose.mx\/blog\/wp-content\/uploads\/2021\/04\/Principal-So-Close-blog-3.jpeg?fit=1200%2C677&ssl=1&resize=350%2C200 1x, https:\/\/i0.wp.com\/soclose.mx\/blog\/wp-content\/uploads\/2021\/04\/Principal-So-Close-blog-3.jpeg?fit=1200%2C677&ssl=1&resize=525%2C300 1.5x, https:\/\/i0.wp.com\/soclose.mx\/blog\/wp-content\/uploads\/2021\/04\/Principal-So-Close-blog-3.jpeg?fit=1200%2C677&ssl=1&resize=700%2C400 2x, https:\/\/i0.wp.com\/soclose.mx\/blog\/wp-content\/uploads\/2021\/04\/Principal-So-Close-blog-3.jpeg?fit=1200%2C677&ssl=1&resize=1050%2C600 3x"},"classes":[]},{"id":6808,"url":"https:\/\/soclose.mx\/blog\/news-feed\/exposicion-mexicana-aztecas-conquista-los-paises-bajos\/","url_meta":{"origin":6762,"position":5},"title":"Exposici\u00f3n mexicana \u2018Aztecas\u2019 conquista los Pa\u00edses Bajos","author":"Miguel Angel Romero","date":"6 agosto, 2021","format":false,"excerpt":"En el marco de la conmemoraci\u00f3n de los\u00a0500 a\u00f1os de la ca\u00edda de Tenochtitlan, se inaugur\u00f3 la exposici\u00f3n mexicana \"Aztecas\"\u00a0en\u00a0 el\u00a0Museo de Etnolog\u00eda de Leiden, ubicado en los Pa\u00edses Bajos. La muestra ya recorri\u00f3 parte de Europa, en el Museo Linden de Stuttgart, Alemania, donde 50 mil personas la visitaron,\u2026","rel":"","context":"En &quot;News feed&quot;","block_context":{"text":"News feed","link":"https:\/\/soclose.mx\/blog\/category\/news-feed\/"},"img":{"alt_text":"","src":"https:\/\/i0.wp.com\/soclose.mx\/blog\/wp-content\/uploads\/2021\/08\/Principal-So-Close-blog-8.jpg?fit=1200%2C677&ssl=1&resize=350%2C200","width":350,"height":200,"srcset":"https:\/\/i0.wp.com\/soclose.mx\/blog\/wp-content\/uploads\/2021\/08\/Principal-So-Close-blog-8.jpg?fit=1200%2C677&ssl=1&resize=350%2C200 1x, https:\/\/i0.wp.com\/soclose.mx\/blog\/wp-content\/uploads\/2021\/08\/Principal-So-Close-blog-8.jpg?fit=1200%2C677&ssl=1&resize=525%2C300 1.5x, https:\/\/i0.wp.com\/soclose.mx\/blog\/wp-content\/uploads\/2021\/08\/Principal-So-Close-blog-8.jpg?fit=1200%2C677&ssl=1&resize=700%2C400 2x, https:\/\/i0.wp.com\/soclose.mx\/blog\/wp-content\/uploads\/2021\/08\/Principal-So-Close-blog-8.jpg?fit=1200%2C677&ssl=1&resize=1050%2C600 3x"},"classes":[]}],"jetpack_sharing_enabled":true,"_links":{"self":[{"href":"https:\/\/soclose.mx\/blog\/wp-json\/wp\/v2\/posts\/6762","targetHints":{"allow":["GET"]}}],"collection":[{"href":"https:\/\/soclose.mx\/blog\/wp-json\/wp\/v2\/posts"}],"about":[{"href":"https:\/\/soclose.mx\/blog\/wp-json\/wp\/v2\/types\/post"}],"author":[{"embeddable":true,"href":"https:\/\/soclose.mx\/blog\/wp-json\/wp\/v2\/users\/8"}],"replies":[{"embeddable":true,"href":"https:\/\/soclose.mx\/blog\/wp-json\/wp\/v2\/comments?post=6762"}],"version-history":[{"count":0,"href":"https:\/\/soclose.mx\/blog\/wp-json\/wp\/v2\/posts\/6762\/revisions"}],"wp:featuredmedia":[{"embeddable":true,"href":"https:\/\/soclose.mx\/blog\/wp-json\/wp\/v2\/media\/6763"}],"wp:attachment":[{"href":"https:\/\/soclose.mx\/blog\/wp-json\/wp\/v2\/media?parent=6762"}],"wp:term":[{"taxonomy":"category","embeddable":true,"href":"https:\/\/soclose.mx\/blog\/wp-json\/wp\/v2\/categories?post=6762"},{"taxonomy":"post_tag","embeddable":true,"href":"https:\/\/soclose.mx\/blog\/wp-json\/wp\/v2\/tags?post=6762"}],"curies":[{"name":"wp","href":"https:\/\/api.w.org\/{rel}","templated":true}]}}