{"id":6832,"date":"2021-08-09T12:40:29","date_gmt":"2021-08-09T17:40:29","guid":{"rendered":"https:\/\/soclose.mx\/blog\/?p=6832"},"modified":"2021-08-08T02:03:46","modified_gmt":"2021-08-08T07:03:46","slug":"todo-lo-que-debes-saber-de-la-linea-2-del-cablebus","status":"publish","type":"post","link":"https:\/\/soclose.mx\/blog\/ay-goeeee\/todo-lo-que-debes-saber-de-la-linea-2-del-cablebus\/","title":{"rendered":"Todo lo que debes saber de la l\u00ednea 2 del Cableb\u00fas"},"content":{"rendered":"<p>Ya empez\u00f3 a funcionar la <strong>L\u00ednea 2 del Cableb\u00fas<\/strong> \u00a0que correr\u00e1 de <strong>Constituci\u00f3n de 1917 a Santa Martha Acatitla<\/strong>, en la alcald\u00eda <strong>Iztapalapa, <\/strong>y aqu\u00ed te decimos todo lo que tienes que saber para usarla.<\/p>\n<p>Las estaciones son siete:<\/p>\n<ol>\n<li><strong>Constituci\u00f3n de 1917<\/strong><\/li>\n<li><strong>\u00a0Quetzalc\u00f3atl<\/strong><\/li>\n<li><strong>Torres Buenavista<\/strong><\/li>\n<li><strong>Minas<\/strong><\/li>\n<li><strong>Lomas de la Estancia<\/strong><\/li>\n<li><strong>San Miguel Teotongo<\/strong><\/li>\n<li><strong>Santa Marta Acatitla<\/strong><\/li>\n<\/ol>\n<p>&nbsp;<\/p>\n<blockquote class=\"twitter-tweet\">\n<p dir=\"ltr\" lang=\"es\"><a href=\"https:\/\/twitter.com\/hashtag\/Sab%C3%ADasQue?src=hash&amp;ref_src=twsrc%5Etfw\">#Sab\u00edasQue<\/a> \ud83d\udc40 <a href=\"https:\/\/twitter.com\/LanceWymanNews?ref_src=twsrc%5Etfw\">@LanceWymanNews<\/a>, aparte de dise\u00f1ar el logo de los Juegos Ol\u00edmpicos \u201868 y la iconograf\u00eda de <a href=\"https:\/\/twitter.com\/MetroCDMX?ref_src=twsrc%5Etfw\">@MetroCDMX<\/a>, \u00a1tambi\u00e9n es el autor del logo de Movilidad Integrada y de los dise\u00f1os de <a href=\"https:\/\/twitter.com\/MICablebusCDMX?ref_src=twsrc%5Etfw\">@MICablebusCDMX<\/a>! \u2764\ufe0f<\/p>\n<p>Adem\u00e1s \u00a1creamos pictogramas innovadores que podr\u00e1s conocer pronto! <a href=\"https:\/\/t.co\/6BNonWKoHF\">pic.twitter.com\/6BNonWKoHF<\/a><\/p>\n<p>\u2014 Secretar\u00eda de Movilidad CDMX (@LaSEMOVI) <a href=\"https:\/\/twitter.com\/LaSEMOVI\/status\/1421864527487029253?ref_src=twsrc%5Etfw\">August 1, 2021<\/a><\/p><\/blockquote>\n<p><script async src=\"https:\/\/platform.twitter.com\/widgets.js\" charset=\"utf-8\"><\/script><\/p>\n<p>La tarifa del <strong>Cableb\u00fas<\/strong> es de <strong>7 pesos<\/strong> para la poblaci\u00f3n en general, con excepci\u00f3n de los adultos mayores, personas con discapacidad y menores de 5 a\u00f1os, quienes tendr\u00e1n el ingreso gratuito.<\/p>\n<p>Los <strong>horarios de operaci\u00f3n<\/strong> ser\u00e1n de lunes a viernes, de las 5:00 a las 23:00 horas; s\u00e1bados, de 6:00 a las 23:00 horas, y domingos y d\u00edas festivos, de 7:00 a 23:00 horas.<\/p>\n<p>Las estaciones cubren un recorrido de 10.6 kil\u00f3metros, y se espera que reduzca el\u00a0tiempo de traslado a 40 minutos, de 78 que tomaba antes de la construcci\u00f3n.<\/p>\n<p>Las cabinas est\u00e1n dise\u00f1adas para\u00a0<b><a href=\"https:\/\/soclose.mx\/blog\/deja-que-te-lleve-el-tren-recorridos-para-los-aventureros-romanticos-y-amantes-de-los-paisajes-de-pelicula\/\" target=\"_blank\" rel=\"noopener\">transportar<\/a> <\/b>hasta 10 personas sentadas; sin embargo, debido a la contingencia sanitaria por la pandemia, por el momento <b>s\u00f3lo se permitir\u00e1 una ocupaci\u00f3n de seis personas<\/b>.<\/p>\n<p><img data-recalc-dims=\"1\" fetchpriority=\"high\" decoding=\"async\" class=\"alignnone wp-image-6838 \" src=\"https:\/\/i0.wp.com\/soclose.mx\/blog\/wp-content\/uploads\/2021\/08\/CABLEBUS.jpg?resize=588%2C362&#038;ssl=1\" alt=\"\" width=\"588\" height=\"362\" srcset=\"https:\/\/i0.wp.com\/soclose.mx\/blog\/wp-content\/uploads\/2021\/08\/CABLEBUS.jpg?w=973&amp;ssl=1 973w, https:\/\/i0.wp.com\/soclose.mx\/blog\/wp-content\/uploads\/2021\/08\/CABLEBUS.jpg?resize=300%2C185&amp;ssl=1 300w, https:\/\/i0.wp.com\/soclose.mx\/blog\/wp-content\/uploads\/2021\/08\/CABLEBUS.jpg?resize=768%2C473&amp;ssl=1 768w, https:\/\/i0.wp.com\/soclose.mx\/blog\/wp-content\/uploads\/2021\/08\/CABLEBUS.jpg?resize=18%2C12&amp;ssl=1 18w, https:\/\/i0.wp.com\/soclose.mx\/blog\/wp-content\/uploads\/2021\/08\/CABLEBUS.jpg?resize=770%2C474&amp;ssl=1 770w\" sizes=\"(max-width: 588px) 100vw, 588px\" \/><\/p>\n","protected":false},"excerpt":{"rendered":"<p>Ya empez\u00f3 a funcionar la L\u00ednea 2 del Cableb\u00fas \u00a0que correr\u00e1 de Constituci\u00f3n de 1917 a Santa Martha Acatitla, en la alcald\u00eda Iztapalapa, y aqu\u00ed te decimos todo lo que tienes que saber para usarla. Las estaciones son siete: Constituci\u00f3n de 1917 \u00a0Quetzalc\u00f3atl Torres Buenavista Minas Lomas de la Estancia San Miguel Teotongo Santa Marta Acatitla &nbsp; #Sab\u00edasQue \ud83d\udc40 @LanceWymanNews, aparte de dise\u00f1ar el logo de los Juegos Ol\u00edmpicos \u201868 y la iconograf\u00eda de @MetroCDMX, \u00a1tambi\u00e9n es el autor del logo de Movilidad Integrada y de los dise\u00f1os de @MICablebusCDMX! \u2764\ufe0f Adem\u00e1s \u00a1creamos pictogramas innovadores que podr\u00e1s conocer pronto! pic.twitter.com\/6BNonWKoHF<\/p>\n","protected":false},"author":8,"featured_media":6836,"comment_status":"open","ping_status":"open","sticky":false,"template":"","format":"standard","meta":{"_jetpack_memberships_contains_paid_content":false,"footnotes":""},"categories":[1,628],"tags":[1200,218,1201],"class_list":["post-6832","post","type-post","status-publish","format-standard","has-post-thumbnail","hentry","category-ay-goeeee","category-news-feed","tag-cablebus","tag-cdmx","tag-transporte"],"yoast_head":"<!-- This site is optimized with the Yoast SEO plugin v26.7 - https:\/\/yoast.com\/wordpress\/plugins\/seo\/ -->\n<title>Todo lo que debes saber de la l\u00ednea 2 del Cableb\u00fas - So Close<\/title>\n<meta name=\"description\" content=\"Ya te puedes transportar en la L\u00ednea 2 del Cableb\u00fas y aqu\u00ed te decimos todo lo que necesitas saber para usarlo.\" \/>\n<meta name=\"robots\" content=\"index, follow, max-snippet:-1, max-image-preview:large, max-video-preview:-1\" \/>\n<link rel=\"canonical\" href=\"https:\/\/soclose.mx\/blog\/ay-goeeee\/todo-lo-que-debes-saber-de-la-linea-2-del-cablebus\/\" \/>\n<meta property=\"og:locale\" content=\"es_MX\" \/>\n<meta property=\"og:type\" content=\"article\" \/>\n<meta property=\"og:title\" content=\"Todo lo que debes saber de la l\u00ednea 2 del Cableb\u00fas - So Close\" \/>\n<meta property=\"og:description\" content=\"Ya te puedes transportar en la L\u00ednea 2 del Cableb\u00fas y aqu\u00ed te decimos todo lo que necesitas saber para usarlo.\" \/>\n<meta property=\"og:url\" content=\"https:\/\/soclose.mx\/blog\/ay-goeeee\/todo-lo-que-debes-saber-de-la-linea-2-del-cablebus\/\" \/>\n<meta property=\"og:site_name\" content=\"So Close\" \/>\n<meta property=\"article:author\" content=\"www.facebook.com\/mikexever\/\" \/>\n<meta property=\"article:published_time\" content=\"2021-08-09T17:40:29+00:00\" \/>\n<meta property=\"og:image\" content=\"https:\/\/soclose.mx\/blog\/wp-content\/uploads\/2021\/08\/Principal-So-Close-blog-1-1.jpg\" \/>\n\t<meta property=\"og:image:width\" content=\"1240\" \/>\n\t<meta property=\"og:image:height\" content=\"700\" \/>\n\t<meta property=\"og:image:type\" content=\"image\/jpeg\" \/>\n<meta name=\"author\" content=\"Miguel Angel Romero\" \/>\n<meta name=\"twitter:card\" content=\"summary_large_image\" \/>\n<meta name=\"twitter:creator\" content=\"@Mikerecomienda\" \/>\n<meta name=\"twitter:label1\" content=\"Escrito por\" \/>\n\t<meta name=\"twitter:data1\" content=\"Miguel Angel Romero\" \/>\n\t<meta name=\"twitter:label2\" content=\"Tiempo de lectura\" \/>\n\t<meta name=\"twitter:data2\" content=\"2 minutos\" \/>\n<script type=\"application\/ld+json\" class=\"yoast-schema-graph\">{\"@context\":\"https:\/\/schema.org\",\"@graph\":[{\"@type\":\"Article\",\"@id\":\"https:\/\/soclose.mx\/blog\/ay-goeeee\/todo-lo-que-debes-saber-de-la-linea-2-del-cablebus\/#article\",\"isPartOf\":{\"@id\":\"https:\/\/soclose.mx\/blog\/ay-goeeee\/todo-lo-que-debes-saber-de-la-linea-2-del-cablebus\/\"},\"author\":{\"name\":\"Miguel Angel Romero\",\"@id\":\"https:\/\/soclose.mx\/blog\/#\/schema\/person\/cddec6ccd5d7037d286395fb411e23f1\"},\"headline\":\"Todo lo que debes saber de la l\u00ednea 2 del Cableb\u00fas\",\"datePublished\":\"2021-08-09T17:40:29+00:00\",\"mainEntityOfPage\":{\"@id\":\"https:\/\/soclose.mx\/blog\/ay-goeeee\/todo-lo-que-debes-saber-de-la-linea-2-del-cablebus\/\"},\"wordCount\":257,\"commentCount\":0,\"publisher\":{\"@id\":\"https:\/\/soclose.mx\/blog\/#organization\"},\"image\":{\"@id\":\"https:\/\/soclose.mx\/blog\/ay-goeeee\/todo-lo-que-debes-saber-de-la-linea-2-del-cablebus\/#primaryimage\"},\"thumbnailUrl\":\"https:\/\/i0.wp.com\/soclose.mx\/blog\/wp-content\/uploads\/2021\/08\/Principal-So-Close-blog-1-1.jpg?fit=1240%2C700&ssl=1\",\"keywords\":[\"cableb\u00fas\",\"cdmx\",\"transporte\"],\"articleSection\":[\"\u00a1Ay goeeee!\",\"News feed\"],\"inLanguage\":\"es\",\"potentialAction\":[{\"@type\":\"CommentAction\",\"name\":\"Comment\",\"target\":[\"https:\/\/soclose.mx\/blog\/ay-goeeee\/todo-lo-que-debes-saber-de-la-linea-2-del-cablebus\/#respond\"]}]},{\"@type\":\"WebPage\",\"@id\":\"https:\/\/soclose.mx\/blog\/ay-goeeee\/todo-lo-que-debes-saber-de-la-linea-2-del-cablebus\/\",\"url\":\"https:\/\/soclose.mx\/blog\/ay-goeeee\/todo-lo-que-debes-saber-de-la-linea-2-del-cablebus\/\",\"name\":\"Todo lo que debes saber de la l\u00ednea 2 del Cableb\u00fas - So Close\",\"isPartOf\":{\"@id\":\"https:\/\/soclose.mx\/blog\/#website\"},\"primaryImageOfPage\":{\"@id\":\"https:\/\/soclose.mx\/blog\/ay-goeeee\/todo-lo-que-debes-saber-de-la-linea-2-del-cablebus\/#primaryimage\"},\"image\":{\"@id\":\"https:\/\/soclose.mx\/blog\/ay-goeeee\/todo-lo-que-debes-saber-de-la-linea-2-del-cablebus\/#primaryimage\"},\"thumbnailUrl\":\"https:\/\/i0.wp.com\/soclose.mx\/blog\/wp-content\/uploads\/2021\/08\/Principal-So-Close-blog-1-1.jpg?fit=1240%2C700&ssl=1\",\"datePublished\":\"2021-08-09T17:40:29+00:00\",\"description\":\"Ya te puedes transportar en la L\u00ednea 2 del Cableb\u00fas y aqu\u00ed te decimos todo lo que necesitas saber para usarlo.\",\"breadcrumb\":{\"@id\":\"https:\/\/soclose.mx\/blog\/ay-goeeee\/todo-lo-que-debes-saber-de-la-linea-2-del-cablebus\/#breadcrumb\"},\"inLanguage\":\"es\",\"potentialAction\":[{\"@type\":\"ReadAction\",\"target\":[\"https:\/\/soclose.mx\/blog\/ay-goeeee\/todo-lo-que-debes-saber-de-la-linea-2-del-cablebus\/\"]}]},{\"@type\":\"ImageObject\",\"inLanguage\":\"es\",\"@id\":\"https:\/\/soclose.mx\/blog\/ay-goeeee\/todo-lo-que-debes-saber-de-la-linea-2-del-cablebus\/#primaryimage\",\"url\":\"https:\/\/i0.wp.com\/soclose.mx\/blog\/wp-content\/uploads\/2021\/08\/Principal-So-Close-blog-1-1.jpg?fit=1240%2C700&ssl=1\",\"contentUrl\":\"https:\/\/i0.wp.com\/soclose.mx\/blog\/wp-content\/uploads\/2021\/08\/Principal-So-Close-blog-1-1.jpg?fit=1240%2C700&ssl=1\",\"width\":1240,\"height\":700},{\"@type\":\"BreadcrumbList\",\"@id\":\"https:\/\/soclose.mx\/blog\/ay-goeeee\/todo-lo-que-debes-saber-de-la-linea-2-del-cablebus\/#breadcrumb\",\"itemListElement\":[{\"@type\":\"ListItem\",\"position\":1,\"name\":\"Inicio\",\"item\":\"https:\/\/soclose.mx\/blog\/\"},{\"@type\":\"ListItem\",\"position\":2,\"name\":\"Todo lo que debes saber de la l\u00ednea 2 del Cableb\u00fas\"}]},{\"@type\":\"WebSite\",\"@id\":\"https:\/\/soclose.mx\/blog\/#website\",\"url\":\"https:\/\/soclose.mx\/blog\/\",\"name\":\"So Close\",\"description\":\"Hacemos contenidos de M\u00e9xico\",\"publisher\":{\"@id\":\"https:\/\/soclose.mx\/blog\/#organization\"},\"potentialAction\":[{\"@type\":\"SearchAction\",\"target\":{\"@type\":\"EntryPoint\",\"urlTemplate\":\"https:\/\/soclose.mx\/blog\/?s={search_term_string}\"},\"query-input\":{\"@type\":\"PropertyValueSpecification\",\"valueRequired\":true,\"valueName\":\"search_term_string\"}}],\"inLanguage\":\"es\"},{\"@type\":\"Organization\",\"@id\":\"https:\/\/soclose.mx\/blog\/#organization\",\"name\":\"So Close\",\"url\":\"https:\/\/soclose.mx\/blog\/\",\"logo\":{\"@type\":\"ImageObject\",\"inLanguage\":\"es\",\"@id\":\"https:\/\/soclose.mx\/blog\/#\/schema\/logo\/image\/\",\"url\":\"https:\/\/i0.wp.com\/soclose.mx\/blog\/wp-content\/uploads\/2020\/12\/LOGO_SOCLOSE_COLOR-e1608310133507.png?fit=2858%2C1264&ssl=1\",\"contentUrl\":\"https:\/\/i0.wp.com\/soclose.mx\/blog\/wp-content\/uploads\/2020\/12\/LOGO_SOCLOSE_COLOR-e1608310133507.png?fit=2858%2C1264&ssl=1\",\"width\":2858,\"height\":1264,\"caption\":\"So Close\"},\"image\":{\"@id\":\"https:\/\/soclose.mx\/blog\/#\/schema\/logo\/image\/\"}},{\"@type\":\"Person\",\"@id\":\"https:\/\/soclose.mx\/blog\/#\/schema\/person\/cddec6ccd5d7037d286395fb411e23f1\",\"name\":\"Miguel Angel Romero\",\"image\":{\"@type\":\"ImageObject\",\"inLanguage\":\"es\",\"@id\":\"https:\/\/soclose.mx\/blog\/#\/schema\/person\/image\/\",\"url\":\"https:\/\/secure.gravatar.com\/avatar\/45b44006b4f93497bb24d251f77bc39385015bfa120582412df580dbfcbb14f3?s=96&d=mm&r=g\",\"contentUrl\":\"https:\/\/secure.gravatar.com\/avatar\/45b44006b4f93497bb24d251f77bc39385015bfa120582412df580dbfcbb14f3?s=96&d=mm&r=g\",\"caption\":\"Miguel Angel Romero\"},\"sameAs\":[\"http:\/\/\/mikexever.blogspot.com\/\",\"www.facebook.com\/mikexever\/\",\"https:\/\/x.com\/Mikerecomienda\"],\"url\":\"https:\/\/soclose.mx\/blog\/author\/mike\/\"}]}<\/script>\n<!-- \/ Yoast SEO plugin. -->","yoast_head_json":{"title":"Todo lo que debes saber de la l\u00ednea 2 del Cableb\u00fas - So Close","description":"Ya te puedes transportar en la L\u00ednea 2 del Cableb\u00fas y aqu\u00ed te decimos todo lo que necesitas saber para usarlo.","robots":{"index":"index","follow":"follow","max-snippet":"max-snippet:-1","max-image-preview":"max-image-preview:large","max-video-preview":"max-video-preview:-1"},"canonical":"https:\/\/soclose.mx\/blog\/ay-goeeee\/todo-lo-que-debes-saber-de-la-linea-2-del-cablebus\/","og_locale":"es_MX","og_type":"article","og_title":"Todo lo que debes saber de la l\u00ednea 2 del Cableb\u00fas - So Close","og_description":"Ya te puedes transportar en la L\u00ednea 2 del Cableb\u00fas y aqu\u00ed te decimos todo lo que necesitas saber para usarlo.","og_url":"https:\/\/soclose.mx\/blog\/ay-goeeee\/todo-lo-que-debes-saber-de-la-linea-2-del-cablebus\/","og_site_name":"So Close","article_author":"www.facebook.com\/mikexever\/","article_published_time":"2021-08-09T17:40:29+00:00","og_image":[{"width":1240,"height":700,"url":"https:\/\/soclose.mx\/blog\/wp-content\/uploads\/2021\/08\/Principal-So-Close-blog-1-1.jpg","type":"image\/jpeg"}],"author":"Miguel Angel Romero","twitter_card":"summary_large_image","twitter_creator":"@Mikerecomienda","twitter_misc":{"Escrito por":"Miguel Angel Romero","Tiempo de lectura":"2 minutos"},"schema":{"@context":"https:\/\/schema.org","@graph":[{"@type":"Article","@id":"https:\/\/soclose.mx\/blog\/ay-goeeee\/todo-lo-que-debes-saber-de-la-linea-2-del-cablebus\/#article","isPartOf":{"@id":"https:\/\/soclose.mx\/blog\/ay-goeeee\/todo-lo-que-debes-saber-de-la-linea-2-del-cablebus\/"},"author":{"name":"Miguel Angel Romero","@id":"https:\/\/soclose.mx\/blog\/#\/schema\/person\/cddec6ccd5d7037d286395fb411e23f1"},"headline":"Todo lo que debes saber de la l\u00ednea 2 del Cableb\u00fas","datePublished":"2021-08-09T17:40:29+00:00","mainEntityOfPage":{"@id":"https:\/\/soclose.mx\/blog\/ay-goeeee\/todo-lo-que-debes-saber-de-la-linea-2-del-cablebus\/"},"wordCount":257,"commentCount":0,"publisher":{"@id":"https:\/\/soclose.mx\/blog\/#organization"},"image":{"@id":"https:\/\/soclose.mx\/blog\/ay-goeeee\/todo-lo-que-debes-saber-de-la-linea-2-del-cablebus\/#primaryimage"},"thumbnailUrl":"https:\/\/i0.wp.com\/soclose.mx\/blog\/wp-content\/uploads\/2021\/08\/Principal-So-Close-blog-1-1.jpg?fit=1240%2C700&ssl=1","keywords":["cableb\u00fas","cdmx","transporte"],"articleSection":["\u00a1Ay goeeee!","News feed"],"inLanguage":"es","potentialAction":[{"@type":"CommentAction","name":"Comment","target":["https:\/\/soclose.mx\/blog\/ay-goeeee\/todo-lo-que-debes-saber-de-la-linea-2-del-cablebus\/#respond"]}]},{"@type":"WebPage","@id":"https:\/\/soclose.mx\/blog\/ay-goeeee\/todo-lo-que-debes-saber-de-la-linea-2-del-cablebus\/","url":"https:\/\/soclose.mx\/blog\/ay-goeeee\/todo-lo-que-debes-saber-de-la-linea-2-del-cablebus\/","name":"Todo lo que debes saber de la l\u00ednea 2 del Cableb\u00fas - So Close","isPartOf":{"@id":"https:\/\/soclose.mx\/blog\/#website"},"primaryImageOfPage":{"@id":"https:\/\/soclose.mx\/blog\/ay-goeeee\/todo-lo-que-debes-saber-de-la-linea-2-del-cablebus\/#primaryimage"},"image":{"@id":"https:\/\/soclose.mx\/blog\/ay-goeeee\/todo-lo-que-debes-saber-de-la-linea-2-del-cablebus\/#primaryimage"},"thumbnailUrl":"https:\/\/i0.wp.com\/soclose.mx\/blog\/wp-content\/uploads\/2021\/08\/Principal-So-Close-blog-1-1.jpg?fit=1240%2C700&ssl=1","datePublished":"2021-08-09T17:40:29+00:00","description":"Ya te puedes transportar en la L\u00ednea 2 del Cableb\u00fas y aqu\u00ed te decimos todo lo que necesitas saber para usarlo.","breadcrumb":{"@id":"https:\/\/soclose.mx\/blog\/ay-goeeee\/todo-lo-que-debes-saber-de-la-linea-2-del-cablebus\/#breadcrumb"},"inLanguage":"es","potentialAction":[{"@type":"ReadAction","target":["https:\/\/soclose.mx\/blog\/ay-goeeee\/todo-lo-que-debes-saber-de-la-linea-2-del-cablebus\/"]}]},{"@type":"ImageObject","inLanguage":"es","@id":"https:\/\/soclose.mx\/blog\/ay-goeeee\/todo-lo-que-debes-saber-de-la-linea-2-del-cablebus\/#primaryimage","url":"https:\/\/i0.wp.com\/soclose.mx\/blog\/wp-content\/uploads\/2021\/08\/Principal-So-Close-blog-1-1.jpg?fit=1240%2C700&ssl=1","contentUrl":"https:\/\/i0.wp.com\/soclose.mx\/blog\/wp-content\/uploads\/2021\/08\/Principal-So-Close-blog-1-1.jpg?fit=1240%2C700&ssl=1","width":1240,"height":700},{"@type":"BreadcrumbList","@id":"https:\/\/soclose.mx\/blog\/ay-goeeee\/todo-lo-que-debes-saber-de-la-linea-2-del-cablebus\/#breadcrumb","itemListElement":[{"@type":"ListItem","position":1,"name":"Inicio","item":"https:\/\/soclose.mx\/blog\/"},{"@type":"ListItem","position":2,"name":"Todo lo que debes saber de la l\u00ednea 2 del Cableb\u00fas"}]},{"@type":"WebSite","@id":"https:\/\/soclose.mx\/blog\/#website","url":"https:\/\/soclose.mx\/blog\/","name":"So Close","description":"Hacemos contenidos de M\u00e9xico","publisher":{"@id":"https:\/\/soclose.mx\/blog\/#organization"},"potentialAction":[{"@type":"SearchAction","target":{"@type":"EntryPoint","urlTemplate":"https:\/\/soclose.mx\/blog\/?s={search_term_string}"},"query-input":{"@type":"PropertyValueSpecification","valueRequired":true,"valueName":"search_term_string"}}],"inLanguage":"es"},{"@type":"Organization","@id":"https:\/\/soclose.mx\/blog\/#organization","name":"So Close","url":"https:\/\/soclose.mx\/blog\/","logo":{"@type":"ImageObject","inLanguage":"es","@id":"https:\/\/soclose.mx\/blog\/#\/schema\/logo\/image\/","url":"https:\/\/i0.wp.com\/soclose.mx\/blog\/wp-content\/uploads\/2020\/12\/LOGO_SOCLOSE_COLOR-e1608310133507.png?fit=2858%2C1264&ssl=1","contentUrl":"https:\/\/i0.wp.com\/soclose.mx\/blog\/wp-content\/uploads\/2020\/12\/LOGO_SOCLOSE_COLOR-e1608310133507.png?fit=2858%2C1264&ssl=1","width":2858,"height":1264,"caption":"So Close"},"image":{"@id":"https:\/\/soclose.mx\/blog\/#\/schema\/logo\/image\/"}},{"@type":"Person","@id":"https:\/\/soclose.mx\/blog\/#\/schema\/person\/cddec6ccd5d7037d286395fb411e23f1","name":"Miguel Angel Romero","image":{"@type":"ImageObject","inLanguage":"es","@id":"https:\/\/soclose.mx\/blog\/#\/schema\/person\/image\/","url":"https:\/\/secure.gravatar.com\/avatar\/45b44006b4f93497bb24d251f77bc39385015bfa120582412df580dbfcbb14f3?s=96&d=mm&r=g","contentUrl":"https:\/\/secure.gravatar.com\/avatar\/45b44006b4f93497bb24d251f77bc39385015bfa120582412df580dbfcbb14f3?s=96&d=mm&r=g","caption":"Miguel Angel Romero"},"sameAs":["http:\/\/\/mikexever.blogspot.com\/","www.facebook.com\/mikexever\/","https:\/\/x.com\/Mikerecomienda"],"url":"https:\/\/soclose.mx\/blog\/author\/mike\/"}]}},"jetpack_featured_media_url":"https:\/\/i0.wp.com\/soclose.mx\/blog\/wp-content\/uploads\/2021\/08\/Principal-So-Close-blog-1-1.jpg?fit=1240%2C700&ssl=1","jetpack-related-posts":[{"id":14763,"url":"https:\/\/soclose.mx\/blog\/lugares\/cablebus-de-la-cdmx-guia-completa-para-turistas-y-usuarios\/","url_meta":{"origin":6832,"position":0},"title":"Cableb\u00fas de la CDMX: Gu\u00eda completa para turistas y usuarios","author":"So Close","date":"26 marzo, 2025","format":false,"excerpt":"El Cableb\u00fas de la CDMX es un sistema de transporte p\u00fablico por telef\u00e9rico que combina eficiencia, seguridad y vistas panor\u00e1micas de la capital. Con tres l\u00edneas operativas, conecta zonas de alta densidad poblacional y ofrece una experiencia \u00fanica para turistas y residentes. Detalles clave del Cableb\u00fas de la CDMX para\u2026","rel":"","context":"En &quot;Lugares&quot;","block_context":{"text":"Lugares","link":"https:\/\/soclose.mx\/blog\/category\/lugares\/"},"img":{"alt_text":"Cablebus cdmx","src":"https:\/\/i0.wp.com\/soclose.mx\/blog\/wp-content\/uploads\/2025\/03\/Cablebus-cdmx.jpg?fit=1200%2C675&ssl=1&resize=350%2C200","width":350,"height":200,"srcset":"https:\/\/i0.wp.com\/soclose.mx\/blog\/wp-content\/uploads\/2025\/03\/Cablebus-cdmx.jpg?fit=1200%2C675&ssl=1&resize=350%2C200 1x, https:\/\/i0.wp.com\/soclose.mx\/blog\/wp-content\/uploads\/2025\/03\/Cablebus-cdmx.jpg?fit=1200%2C675&ssl=1&resize=525%2C300 1.5x, https:\/\/i0.wp.com\/soclose.mx\/blog\/wp-content\/uploads\/2025\/03\/Cablebus-cdmx.jpg?fit=1200%2C675&ssl=1&resize=700%2C400 2x, https:\/\/i0.wp.com\/soclose.mx\/blog\/wp-content\/uploads\/2025\/03\/Cablebus-cdmx.jpg?fit=1200%2C675&ssl=1&resize=1050%2C600 3x"},"classes":[]},{"id":11214,"url":"https:\/\/soclose.mx\/blog\/lugares\/iztapalapa-mural-cdmx-artistas\/","url_meta":{"origin":6832,"position":1},"title":"Iztapalapa Mural; los muros que iluminan el oriente de la CDMX","author":"Mar\u00eda Ju\u00e1rez","date":"20 febrero, 2023","format":false,"excerpt":"\u00bfVives en la Ciudad de M\u00e9xico (CDMX) y no conoces Iztapalapa? Si no has escuchado hablar del proyecto Iztapalapa Mural, aqu\u00ed te vamos a decir de qu\u00e9 hablan y qui\u00e9n los pint\u00f3; son cientos de bardas y azoteas que dan otra vista a esa zona de la capital. Lo m\u00e1s\u2026","rel":"","context":"En &quot;Lugares&quot;","block_context":{"text":"Lugares","link":"https:\/\/soclose.mx\/blog\/category\/lugares\/"},"img":{"alt_text":"Iztapalapa Mural quien pint\u00f3 portada","src":"https:\/\/i0.wp.com\/soclose.mx\/blog\/wp-content\/uploads\/2023\/02\/Iztapalapa-Mural-quien-pinto.jpg?fit=1200%2C761&ssl=1&resize=350%2C200","width":350,"height":200,"srcset":"https:\/\/i0.wp.com\/soclose.mx\/blog\/wp-content\/uploads\/2023\/02\/Iztapalapa-Mural-quien-pinto.jpg?fit=1200%2C761&ssl=1&resize=350%2C200 1x, https:\/\/i0.wp.com\/soclose.mx\/blog\/wp-content\/uploads\/2023\/02\/Iztapalapa-Mural-quien-pinto.jpg?fit=1200%2C761&ssl=1&resize=525%2C300 1.5x, https:\/\/i0.wp.com\/soclose.mx\/blog\/wp-content\/uploads\/2023\/02\/Iztapalapa-Mural-quien-pinto.jpg?fit=1200%2C761&ssl=1&resize=700%2C400 2x, https:\/\/i0.wp.com\/soclose.mx\/blog\/wp-content\/uploads\/2023\/02\/Iztapalapa-Mural-quien-pinto.jpg?fit=1200%2C761&ssl=1&resize=1050%2C600 3x"},"classes":[]},{"id":9844,"url":"https:\/\/soclose.mx\/blog\/news-feed\/gana-dinero-viajando-en-el-transporte-publico-de-la-cdmx\/","url_meta":{"origin":6832,"position":2},"title":"Gana dinero viajando en el transporte p\u00fablico de la CDMX","author":"Daniel Ram\u00edrez","date":"13 mayo, 2022","format":false,"excerpt":"Sabemos que viajar en el transporte p\u00fablico puede ser una odisea, pero seguro esta noticia puede interesarte. En lugar de echarte una pesta\u00f1ita cuando vas en el metro o en cualquier otro transporte p\u00fablico de la Ciudad de M\u00e9xico, haz un video con el que te puedes ganar hasta 30\u2026","rel":"","context":"En &quot;News feed&quot;","block_context":{"text":"News feed","link":"https:\/\/soclose.mx\/blog\/category\/news-feed\/"},"img":{"alt_text":"","src":"https:\/\/i0.wp.com\/soclose.mx\/blog\/wp-content\/uploads\/2022\/05\/WhatsApp-Image-2022-05-13-at-6.22.36-PM.jpeg?fit=1200%2C900&ssl=1&resize=350%2C200","width":350,"height":200,"srcset":"https:\/\/i0.wp.com\/soclose.mx\/blog\/wp-content\/uploads\/2022\/05\/WhatsApp-Image-2022-05-13-at-6.22.36-PM.jpeg?fit=1200%2C900&ssl=1&resize=350%2C200 1x, https:\/\/i0.wp.com\/soclose.mx\/blog\/wp-content\/uploads\/2022\/05\/WhatsApp-Image-2022-05-13-at-6.22.36-PM.jpeg?fit=1200%2C900&ssl=1&resize=525%2C300 1.5x, https:\/\/i0.wp.com\/soclose.mx\/blog\/wp-content\/uploads\/2022\/05\/WhatsApp-Image-2022-05-13-at-6.22.36-PM.jpeg?fit=1200%2C900&ssl=1&resize=700%2C400 2x, https:\/\/i0.wp.com\/soclose.mx\/blog\/wp-content\/uploads\/2022\/05\/WhatsApp-Image-2022-05-13-at-6.22.36-PM.jpeg?fit=1200%2C900&ssl=1&resize=1050%2C600 3x"},"classes":[]},{"id":11239,"url":"https:\/\/soclose.mx\/blog\/ay-goeeee\/trolebus-historia-barato-cdmx\/","url_meta":{"origin":6832,"position":3},"title":"Historia del Troleb\u00fas y c\u00f3mo viajar bara, bara, en la CDMX","author":"Mar\u00eda Ju\u00e1rez","date":"2 marzo, 2023","format":false,"excerpt":"\u00bfQui\u00e9n no se ha subido a alg\u00fan transporte p\u00fablico de la Ciudad de M\u00e9xico? Desde el Metro, Metrob\u00fas, Cableb\u00fas, pasando por cientos de rutas en combi, micro, cami\u00f3n, taxi o bicitaxi \u00a1S\u00fabale, s\u00fabale, hay lugares! Hablaremos de la historia del Troleb\u00fas, el transporte m\u00e1s bara de la CDMX. Ha sobrevivido\u2026","rel":"","context":"En &quot;\u00a1Ay goeeee!&quot;","block_context":{"text":"\u00a1Ay goeeee!","link":"https:\/\/soclose.mx\/blog\/category\/ay-goeeee\/"},"img":{"alt_text":"Historia del Troleb\u00fas en la CDMX","src":"https:\/\/i0.wp.com\/soclose.mx\/blog\/wp-content\/uploads\/2023\/02\/Trolebus-transporte-historia-CDMX-barato-1.jpg?fit=1200%2C606&ssl=1&resize=350%2C200","width":350,"height":200,"srcset":"https:\/\/i0.wp.com\/soclose.mx\/blog\/wp-content\/uploads\/2023\/02\/Trolebus-transporte-historia-CDMX-barato-1.jpg?fit=1200%2C606&ssl=1&resize=350%2C200 1x, https:\/\/i0.wp.com\/soclose.mx\/blog\/wp-content\/uploads\/2023\/02\/Trolebus-transporte-historia-CDMX-barato-1.jpg?fit=1200%2C606&ssl=1&resize=525%2C300 1.5x, https:\/\/i0.wp.com\/soclose.mx\/blog\/wp-content\/uploads\/2023\/02\/Trolebus-transporte-historia-CDMX-barato-1.jpg?fit=1200%2C606&ssl=1&resize=700%2C400 2x, https:\/\/i0.wp.com\/soclose.mx\/blog\/wp-content\/uploads\/2023\/02\/Trolebus-transporte-historia-CDMX-barato-1.jpg?fit=1200%2C606&ssl=1&resize=1050%2C600 3x"},"classes":[]},{"id":8856,"url":"https:\/\/soclose.mx\/blog\/ay-goeeee\/8-datos-de-la-constitucion-de-1917-que-debes-de-saber\/","url_meta":{"origin":6832,"position":4},"title":"8 datos de la Constituci\u00f3n de 1917 que debes de saber","author":"Miguel Angel Romero","date":"5 febrero, 2022","format":false,"excerpt":"Seamos francos, nos encantan los d\u00edas festivos, aprovechamos los puentes, pero pocas veces recordamos qu\u00e9 se celebra en esos d\u00edas de descanso y felicidad, y el 5 de febrero no es la excepci\u00f3n. Se celebra el d\u00eda en que se promulg\u00f3 nuestra carta magna, la Constituci\u00f3n\u00a0Pol\u00edtica\u00a0de los Estados Unidos\u00a0Mexicanos, bajo\u2026","rel":"","context":"En &quot;\u00a1Ay goeeee!&quot;","block_context":{"text":"\u00a1Ay goeeee!","link":"https:\/\/soclose.mx\/blog\/category\/ay-goeeee\/"},"img":{"alt_text":"","src":"https:\/\/i0.wp.com\/soclose.mx\/blog\/wp-content\/uploads\/2022\/02\/Copia-de-Principal-So-Close-blog-7.png?fit=1200%2C677&ssl=1&resize=350%2C200","width":350,"height":200,"srcset":"https:\/\/i0.wp.com\/soclose.mx\/blog\/wp-content\/uploads\/2022\/02\/Copia-de-Principal-So-Close-blog-7.png?fit=1200%2C677&ssl=1&resize=350%2C200 1x, https:\/\/i0.wp.com\/soclose.mx\/blog\/wp-content\/uploads\/2022\/02\/Copia-de-Principal-So-Close-blog-7.png?fit=1200%2C677&ssl=1&resize=525%2C300 1.5x, https:\/\/i0.wp.com\/soclose.mx\/blog\/wp-content\/uploads\/2022\/02\/Copia-de-Principal-So-Close-blog-7.png?fit=1200%2C677&ssl=1&resize=700%2C400 2x, https:\/\/i0.wp.com\/soclose.mx\/blog\/wp-content\/uploads\/2022\/02\/Copia-de-Principal-So-Close-blog-7.png?fit=1200%2C677&ssl=1&resize=1050%2C600 3x"},"classes":[]},{"id":15001,"url":"https:\/\/soclose.mx\/blog\/news-feed\/tarjeta-de-movilidad-digital-de-la-cdmx-guia-para-obtenerla\/","url_meta":{"origin":6832,"position":5},"title":"Tarjeta de Movilidad Digital de la CDMX: Gu\u00eda para obtenerla\u2028","author":"So Close","date":"15 diciembre, 2025","format":false,"excerpt":"Con la Tarjeta de movilidad digital de la CDMX puedes pagar Metro, Metrob\u00fas y m\u00e1s solo con tu celular. Fue lanzada en diciembre de 2025 por la Agencia Digital de Innovaci\u00f3n P\u00fablica (ADIP), y con esto se elimina la necesidad de tarjetas f\u00edsicas y agiliza accesos para commuters diarios. Esta\u2026","rel":"","context":"En &quot;News feed&quot;","block_context":{"text":"News feed","link":"https:\/\/soclose.mx\/blog\/category\/news-feed\/"},"img":{"alt_text":"Tarjeta de Movilidad Digital de la CDMX","src":"https:\/\/i0.wp.com\/soclose.mx\/blog\/wp-content\/uploads\/2025\/12\/Tarjeta-de-Movilidad-Digital-de-la-CDMX.jpg?fit=1200%2C675&ssl=1&resize=350%2C200","width":350,"height":200,"srcset":"https:\/\/i0.wp.com\/soclose.mx\/blog\/wp-content\/uploads\/2025\/12\/Tarjeta-de-Movilidad-Digital-de-la-CDMX.jpg?fit=1200%2C675&ssl=1&resize=350%2C200 1x, https:\/\/i0.wp.com\/soclose.mx\/blog\/wp-content\/uploads\/2025\/12\/Tarjeta-de-Movilidad-Digital-de-la-CDMX.jpg?fit=1200%2C675&ssl=1&resize=525%2C300 1.5x, https:\/\/i0.wp.com\/soclose.mx\/blog\/wp-content\/uploads\/2025\/12\/Tarjeta-de-Movilidad-Digital-de-la-CDMX.jpg?fit=1200%2C675&ssl=1&resize=700%2C400 2x, https:\/\/i0.wp.com\/soclose.mx\/blog\/wp-content\/uploads\/2025\/12\/Tarjeta-de-Movilidad-Digital-de-la-CDMX.jpg?fit=1200%2C675&ssl=1&resize=1050%2C600 3x"},"classes":[]}],"jetpack_sharing_enabled":true,"_links":{"self":[{"href":"https:\/\/soclose.mx\/blog\/wp-json\/wp\/v2\/posts\/6832","targetHints":{"allow":["GET"]}}],"collection":[{"href":"https:\/\/soclose.mx\/blog\/wp-json\/wp\/v2\/posts"}],"about":[{"href":"https:\/\/soclose.mx\/blog\/wp-json\/wp\/v2\/types\/post"}],"author":[{"embeddable":true,"href":"https:\/\/soclose.mx\/blog\/wp-json\/wp\/v2\/users\/8"}],"replies":[{"embeddable":true,"href":"https:\/\/soclose.mx\/blog\/wp-json\/wp\/v2\/comments?post=6832"}],"version-history":[{"count":0,"href":"https:\/\/soclose.mx\/blog\/wp-json\/wp\/v2\/posts\/6832\/revisions"}],"wp:featuredmedia":[{"embeddable":true,"href":"https:\/\/soclose.mx\/blog\/wp-json\/wp\/v2\/media\/6836"}],"wp:attachment":[{"href":"https:\/\/soclose.mx\/blog\/wp-json\/wp\/v2\/media?parent=6832"}],"wp:term":[{"taxonomy":"category","embeddable":true,"href":"https:\/\/soclose.mx\/blog\/wp-json\/wp\/v2\/categories?post=6832"},{"taxonomy":"post_tag","embeddable":true,"href":"https:\/\/soclose.mx\/blog\/wp-json\/wp\/v2\/tags?post=6832"}],"curies":[{"name":"wp","href":"https:\/\/api.w.org\/{rel}","templated":true}]}}