{"id":6942,"date":"2021-08-24T09:00:13","date_gmt":"2021-08-24T14:00:13","guid":{"rendered":"https:\/\/soclose.mx\/blog\/?p=6942"},"modified":"2021-08-25T21:38:33","modified_gmt":"2021-08-26T02:38:33","slug":"primer-festival-del-aguacate-en-atlixco-puebla","status":"publish","type":"post","link":"https:\/\/soclose.mx\/blog\/news-feed\/primer-festival-del-aguacate-en-atlixco-puebla\/","title":{"rendered":"Primer festival del aguacate en Atlixco, Puebla"},"content":{"rendered":"<p style=\"font-weight: 400;\">Si t\u00fa eres amante del aguacate, entonces prep\u00e1rate porque el pr\u00f3ximo 28 y 29 de agosto se llevar\u00e1 a cabo el <strong>primer Festival del Aguacate en Atlixco, Puebla.<\/strong><\/p>\n<p>El poblado no s\u00f3lo se cuenta con una buena producci\u00f3n de este fruto, sino que adem\u00e1s ya posee\u00a0un d\u00eda dedicado a \u00e9l, una <strong>obra de teatro<\/strong>\u00a0y se realizar\u00e1 el\u00a0<strong>primer festival<\/strong>\u00a0en su honor, esto debido a las variadas aplicaciones que tiene dicha\u00a0<strong>fruta<\/strong>.<\/p>\n<p style=\"font-weight: 400;\">En este evento estar\u00e1n participando m\u00e1s de 500 aguacateros\u00a0de toda la regi\u00f3n, con muestras como\u00a0<strong>artesan\u00edas, derivados,\u00a0 mezcal de aguacate, paletas<\/strong>,\u00a0<strong>productos de belleza, <\/strong>por mencionar s\u00f3lo algunos.<\/p>\n<p>El <strong>aguacate<\/strong> fuerte, como un s\u00edmbolo de los atlixquenses, ser\u00e1 la estrella principal del festival que se realizar\u00e1 en la <strong>Granja de Clau<\/strong>, ubicada en la colonia Cabrera.<\/p>\n<p>Y si todo esto a\u00fan no te convence, \u00bfa poco no te gustar\u00eda probar una <strong>cerveza<\/strong> con sabor al llamado oro verde mexicano? Aqu\u00ed, se lanzar\u00e1 la primera, bajo la marca de &#8220;Don Goyo&#8221;.<\/p>\n<p>&nbsp;<\/p>\n<p><em>Por: Miguel Angel Romero<\/em><\/p>\n","protected":false},"excerpt":{"rendered":"<p>Si t\u00fa eres amante del aguacate, entonces prep\u00e1rate porque el pr\u00f3ximo 28 y 29 de agosto se llevar\u00e1 a cabo el primer Festival del Aguacate en Atlixco, Puebla. El poblado no s\u00f3lo se cuenta con una buena producci\u00f3n de este fruto, sino que adem\u00e1s ya posee\u00a0un d\u00eda dedicado a \u00e9l, una obra de teatro\u00a0y se realizar\u00e1 el\u00a0primer festival\u00a0en su honor, esto debido a las variadas aplicaciones que tiene dicha\u00a0fruta. En este evento estar\u00e1n participando m\u00e1s de 500 aguacateros\u00a0de toda la regi\u00f3n, con muestras como\u00a0artesan\u00edas, derivados,\u00a0 mezcal de aguacate, paletas,\u00a0productos de belleza, por mencionar s\u00f3lo algunos. El aguacate fuerte, como un<\/p>\n","protected":false},"author":8,"featured_media":6943,"comment_status":"open","ping_status":"open","sticky":false,"template":"","format":"standard","meta":{"_jetpack_memberships_contains_paid_content":false,"footnotes":""},"categories":[628],"tags":[1208,577,162,1232,312],"class_list":["post-6942","post","type-post","status-publish","format-standard","has-post-thumbnail","hentry","category-news-feed","tag-aguacate","tag-atlixco","tag-festival","tag-festival-de-aguacate","tag-puebla"],"yoast_head":"<!-- This site is optimized with the Yoast SEO plugin v26.7 - https:\/\/yoast.com\/wordpress\/plugins\/seo\/ -->\n<title>Primer festival del aguacate en Atlixco, Puebla - So Close<\/title>\n<meta name=\"description\" content=\"Este evento se realizar\u00e1 el pr\u00f3ximo 28 y 29 de agosto en la granja de Clau, ubicada en la colonia Cabrera.\" \/>\n<meta name=\"robots\" content=\"index, follow, max-snippet:-1, max-image-preview:large, max-video-preview:-1\" \/>\n<link rel=\"canonical\" href=\"https:\/\/soclose.mx\/blog\/news-feed\/primer-festival-del-aguacate-en-atlixco-puebla\/\" \/>\n<meta property=\"og:locale\" content=\"es_MX\" \/>\n<meta property=\"og:type\" content=\"article\" \/>\n<meta property=\"og:title\" content=\"Primer festival del aguacate en Atlixco, Puebla - So Close\" \/>\n<meta property=\"og:description\" content=\"Este evento se realizar\u00e1 el pr\u00f3ximo 28 y 29 de agosto en la granja de Clau, ubicada en la colonia Cabrera.\" \/>\n<meta property=\"og:url\" content=\"https:\/\/soclose.mx\/blog\/news-feed\/primer-festival-del-aguacate-en-atlixco-puebla\/\" \/>\n<meta property=\"og:site_name\" content=\"So Close\" \/>\n<meta property=\"article:author\" content=\"www.facebook.com\/mikexever\/\" \/>\n<meta property=\"article:published_time\" content=\"2021-08-24T14:00:13+00:00\" \/>\n<meta property=\"article:modified_time\" content=\"2021-08-26T02:38:33+00:00\" \/>\n<meta property=\"og:image\" content=\"https:\/\/soclose.mx\/blog\/wp-content\/uploads\/2021\/08\/Principal-So-Close-blog-21.jpg\" \/>\n\t<meta property=\"og:image:width\" content=\"1240\" \/>\n\t<meta property=\"og:image:height\" content=\"700\" \/>\n\t<meta property=\"og:image:type\" content=\"image\/jpeg\" \/>\n<meta name=\"author\" content=\"Miguel Angel Romero\" \/>\n<meta name=\"twitter:card\" content=\"summary_large_image\" \/>\n<meta name=\"twitter:creator\" content=\"@Mikerecomienda\" \/>\n<meta name=\"twitter:label1\" content=\"Escrito por\" \/>\n\t<meta name=\"twitter:data1\" content=\"Miguel Angel Romero\" \/>\n\t<meta name=\"twitter:label2\" content=\"Tiempo de lectura\" \/>\n\t<meta name=\"twitter:data2\" content=\"1 minuto\" \/>\n<script type=\"application\/ld+json\" class=\"yoast-schema-graph\">{\"@context\":\"https:\/\/schema.org\",\"@graph\":[{\"@type\":\"Article\",\"@id\":\"https:\/\/soclose.mx\/blog\/news-feed\/primer-festival-del-aguacate-en-atlixco-puebla\/#article\",\"isPartOf\":{\"@id\":\"https:\/\/soclose.mx\/blog\/news-feed\/primer-festival-del-aguacate-en-atlixco-puebla\/\"},\"author\":{\"name\":\"Miguel Angel Romero\",\"@id\":\"https:\/\/soclose.mx\/blog\/#\/schema\/person\/cddec6ccd5d7037d286395fb411e23f1\"},\"headline\":\"Primer festival del aguacate en Atlixco, Puebla\",\"datePublished\":\"2021-08-24T14:00:13+00:00\",\"dateModified\":\"2021-08-26T02:38:33+00:00\",\"mainEntityOfPage\":{\"@id\":\"https:\/\/soclose.mx\/blog\/news-feed\/primer-festival-del-aguacate-en-atlixco-puebla\/\"},\"wordCount\":188,\"commentCount\":0,\"publisher\":{\"@id\":\"https:\/\/soclose.mx\/blog\/#organization\"},\"image\":{\"@id\":\"https:\/\/soclose.mx\/blog\/news-feed\/primer-festival-del-aguacate-en-atlixco-puebla\/#primaryimage\"},\"thumbnailUrl\":\"https:\/\/i0.wp.com\/soclose.mx\/blog\/wp-content\/uploads\/2021\/08\/Principal-So-Close-blog-21.jpg?fit=1240%2C700&ssl=1\",\"keywords\":[\"aguacate\",\"atlixco\",\"festival\",\"festival de aguacate\",\"puebla\"],\"articleSection\":[\"News feed\"],\"inLanguage\":\"es\",\"potentialAction\":[{\"@type\":\"CommentAction\",\"name\":\"Comment\",\"target\":[\"https:\/\/soclose.mx\/blog\/news-feed\/primer-festival-del-aguacate-en-atlixco-puebla\/#respond\"]}]},{\"@type\":\"WebPage\",\"@id\":\"https:\/\/soclose.mx\/blog\/news-feed\/primer-festival-del-aguacate-en-atlixco-puebla\/\",\"url\":\"https:\/\/soclose.mx\/blog\/news-feed\/primer-festival-del-aguacate-en-atlixco-puebla\/\",\"name\":\"Primer festival del aguacate en Atlixco, Puebla - So Close\",\"isPartOf\":{\"@id\":\"https:\/\/soclose.mx\/blog\/#website\"},\"primaryImageOfPage\":{\"@id\":\"https:\/\/soclose.mx\/blog\/news-feed\/primer-festival-del-aguacate-en-atlixco-puebla\/#primaryimage\"},\"image\":{\"@id\":\"https:\/\/soclose.mx\/blog\/news-feed\/primer-festival-del-aguacate-en-atlixco-puebla\/#primaryimage\"},\"thumbnailUrl\":\"https:\/\/i0.wp.com\/soclose.mx\/blog\/wp-content\/uploads\/2021\/08\/Principal-So-Close-blog-21.jpg?fit=1240%2C700&ssl=1\",\"datePublished\":\"2021-08-24T14:00:13+00:00\",\"dateModified\":\"2021-08-26T02:38:33+00:00\",\"description\":\"Este evento se realizar\u00e1 el pr\u00f3ximo 28 y 29 de agosto en la granja de Clau, ubicada en la colonia Cabrera.\",\"breadcrumb\":{\"@id\":\"https:\/\/soclose.mx\/blog\/news-feed\/primer-festival-del-aguacate-en-atlixco-puebla\/#breadcrumb\"},\"inLanguage\":\"es\",\"potentialAction\":[{\"@type\":\"ReadAction\",\"target\":[\"https:\/\/soclose.mx\/blog\/news-feed\/primer-festival-del-aguacate-en-atlixco-puebla\/\"]}]},{\"@type\":\"ImageObject\",\"inLanguage\":\"es\",\"@id\":\"https:\/\/soclose.mx\/blog\/news-feed\/primer-festival-del-aguacate-en-atlixco-puebla\/#primaryimage\",\"url\":\"https:\/\/i0.wp.com\/soclose.mx\/blog\/wp-content\/uploads\/2021\/08\/Principal-So-Close-blog-21.jpg?fit=1240%2C700&ssl=1\",\"contentUrl\":\"https:\/\/i0.wp.com\/soclose.mx\/blog\/wp-content\/uploads\/2021\/08\/Principal-So-Close-blog-21.jpg?fit=1240%2C700&ssl=1\",\"width\":1240,\"height\":700},{\"@type\":\"BreadcrumbList\",\"@id\":\"https:\/\/soclose.mx\/blog\/news-feed\/primer-festival-del-aguacate-en-atlixco-puebla\/#breadcrumb\",\"itemListElement\":[{\"@type\":\"ListItem\",\"position\":1,\"name\":\"Inicio\",\"item\":\"https:\/\/soclose.mx\/blog\/\"},{\"@type\":\"ListItem\",\"position\":2,\"name\":\"Primer festival del aguacate en Atlixco, Puebla\"}]},{\"@type\":\"WebSite\",\"@id\":\"https:\/\/soclose.mx\/blog\/#website\",\"url\":\"https:\/\/soclose.mx\/blog\/\",\"name\":\"So Close\",\"description\":\"Hacemos contenidos de M\u00e9xico\",\"publisher\":{\"@id\":\"https:\/\/soclose.mx\/blog\/#organization\"},\"potentialAction\":[{\"@type\":\"SearchAction\",\"target\":{\"@type\":\"EntryPoint\",\"urlTemplate\":\"https:\/\/soclose.mx\/blog\/?s={search_term_string}\"},\"query-input\":{\"@type\":\"PropertyValueSpecification\",\"valueRequired\":true,\"valueName\":\"search_term_string\"}}],\"inLanguage\":\"es\"},{\"@type\":\"Organization\",\"@id\":\"https:\/\/soclose.mx\/blog\/#organization\",\"name\":\"So Close\",\"url\":\"https:\/\/soclose.mx\/blog\/\",\"logo\":{\"@type\":\"ImageObject\",\"inLanguage\":\"es\",\"@id\":\"https:\/\/soclose.mx\/blog\/#\/schema\/logo\/image\/\",\"url\":\"https:\/\/i0.wp.com\/soclose.mx\/blog\/wp-content\/uploads\/2020\/12\/LOGO_SOCLOSE_COLOR-e1608310133507.png?fit=2858%2C1264&ssl=1\",\"contentUrl\":\"https:\/\/i0.wp.com\/soclose.mx\/blog\/wp-content\/uploads\/2020\/12\/LOGO_SOCLOSE_COLOR-e1608310133507.png?fit=2858%2C1264&ssl=1\",\"width\":2858,\"height\":1264,\"caption\":\"So Close\"},\"image\":{\"@id\":\"https:\/\/soclose.mx\/blog\/#\/schema\/logo\/image\/\"}},{\"@type\":\"Person\",\"@id\":\"https:\/\/soclose.mx\/blog\/#\/schema\/person\/cddec6ccd5d7037d286395fb411e23f1\",\"name\":\"Miguel Angel Romero\",\"image\":{\"@type\":\"ImageObject\",\"inLanguage\":\"es\",\"@id\":\"https:\/\/soclose.mx\/blog\/#\/schema\/person\/image\/\",\"url\":\"https:\/\/secure.gravatar.com\/avatar\/45b44006b4f93497bb24d251f77bc39385015bfa120582412df580dbfcbb14f3?s=96&d=mm&r=g\",\"contentUrl\":\"https:\/\/secure.gravatar.com\/avatar\/45b44006b4f93497bb24d251f77bc39385015bfa120582412df580dbfcbb14f3?s=96&d=mm&r=g\",\"caption\":\"Miguel Angel Romero\"},\"sameAs\":[\"http:\/\/\/mikexever.blogspot.com\/\",\"www.facebook.com\/mikexever\/\",\"https:\/\/x.com\/Mikerecomienda\"],\"url\":\"https:\/\/soclose.mx\/blog\/author\/mike\/\"}]}<\/script>\n<!-- \/ Yoast SEO plugin. -->","yoast_head_json":{"title":"Primer festival del aguacate en Atlixco, Puebla - So Close","description":"Este evento se realizar\u00e1 el pr\u00f3ximo 28 y 29 de agosto en la granja de Clau, ubicada en la colonia Cabrera.","robots":{"index":"index","follow":"follow","max-snippet":"max-snippet:-1","max-image-preview":"max-image-preview:large","max-video-preview":"max-video-preview:-1"},"canonical":"https:\/\/soclose.mx\/blog\/news-feed\/primer-festival-del-aguacate-en-atlixco-puebla\/","og_locale":"es_MX","og_type":"article","og_title":"Primer festival del aguacate en Atlixco, Puebla - So Close","og_description":"Este evento se realizar\u00e1 el pr\u00f3ximo 28 y 29 de agosto en la granja de Clau, ubicada en la colonia Cabrera.","og_url":"https:\/\/soclose.mx\/blog\/news-feed\/primer-festival-del-aguacate-en-atlixco-puebla\/","og_site_name":"So Close","article_author":"www.facebook.com\/mikexever\/","article_published_time":"2021-08-24T14:00:13+00:00","article_modified_time":"2021-08-26T02:38:33+00:00","og_image":[{"width":1240,"height":700,"url":"https:\/\/soclose.mx\/blog\/wp-content\/uploads\/2021\/08\/Principal-So-Close-blog-21.jpg","type":"image\/jpeg"}],"author":"Miguel Angel Romero","twitter_card":"summary_large_image","twitter_creator":"@Mikerecomienda","twitter_misc":{"Escrito por":"Miguel Angel Romero","Tiempo de lectura":"1 minuto"},"schema":{"@context":"https:\/\/schema.org","@graph":[{"@type":"Article","@id":"https:\/\/soclose.mx\/blog\/news-feed\/primer-festival-del-aguacate-en-atlixco-puebla\/#article","isPartOf":{"@id":"https:\/\/soclose.mx\/blog\/news-feed\/primer-festival-del-aguacate-en-atlixco-puebla\/"},"author":{"name":"Miguel Angel Romero","@id":"https:\/\/soclose.mx\/blog\/#\/schema\/person\/cddec6ccd5d7037d286395fb411e23f1"},"headline":"Primer festival del aguacate en Atlixco, Puebla","datePublished":"2021-08-24T14:00:13+00:00","dateModified":"2021-08-26T02:38:33+00:00","mainEntityOfPage":{"@id":"https:\/\/soclose.mx\/blog\/news-feed\/primer-festival-del-aguacate-en-atlixco-puebla\/"},"wordCount":188,"commentCount":0,"publisher":{"@id":"https:\/\/soclose.mx\/blog\/#organization"},"image":{"@id":"https:\/\/soclose.mx\/blog\/news-feed\/primer-festival-del-aguacate-en-atlixco-puebla\/#primaryimage"},"thumbnailUrl":"https:\/\/i0.wp.com\/soclose.mx\/blog\/wp-content\/uploads\/2021\/08\/Principal-So-Close-blog-21.jpg?fit=1240%2C700&ssl=1","keywords":["aguacate","atlixco","festival","festival de aguacate","puebla"],"articleSection":["News feed"],"inLanguage":"es","potentialAction":[{"@type":"CommentAction","name":"Comment","target":["https:\/\/soclose.mx\/blog\/news-feed\/primer-festival-del-aguacate-en-atlixco-puebla\/#respond"]}]},{"@type":"WebPage","@id":"https:\/\/soclose.mx\/blog\/news-feed\/primer-festival-del-aguacate-en-atlixco-puebla\/","url":"https:\/\/soclose.mx\/blog\/news-feed\/primer-festival-del-aguacate-en-atlixco-puebla\/","name":"Primer festival del aguacate en Atlixco, Puebla - So Close","isPartOf":{"@id":"https:\/\/soclose.mx\/blog\/#website"},"primaryImageOfPage":{"@id":"https:\/\/soclose.mx\/blog\/news-feed\/primer-festival-del-aguacate-en-atlixco-puebla\/#primaryimage"},"image":{"@id":"https:\/\/soclose.mx\/blog\/news-feed\/primer-festival-del-aguacate-en-atlixco-puebla\/#primaryimage"},"thumbnailUrl":"https:\/\/i0.wp.com\/soclose.mx\/blog\/wp-content\/uploads\/2021\/08\/Principal-So-Close-blog-21.jpg?fit=1240%2C700&ssl=1","datePublished":"2021-08-24T14:00:13+00:00","dateModified":"2021-08-26T02:38:33+00:00","description":"Este evento se realizar\u00e1 el pr\u00f3ximo 28 y 29 de agosto en la granja de Clau, ubicada en la colonia Cabrera.","breadcrumb":{"@id":"https:\/\/soclose.mx\/blog\/news-feed\/primer-festival-del-aguacate-en-atlixco-puebla\/#breadcrumb"},"inLanguage":"es","potentialAction":[{"@type":"ReadAction","target":["https:\/\/soclose.mx\/blog\/news-feed\/primer-festival-del-aguacate-en-atlixco-puebla\/"]}]},{"@type":"ImageObject","inLanguage":"es","@id":"https:\/\/soclose.mx\/blog\/news-feed\/primer-festival-del-aguacate-en-atlixco-puebla\/#primaryimage","url":"https:\/\/i0.wp.com\/soclose.mx\/blog\/wp-content\/uploads\/2021\/08\/Principal-So-Close-blog-21.jpg?fit=1240%2C700&ssl=1","contentUrl":"https:\/\/i0.wp.com\/soclose.mx\/blog\/wp-content\/uploads\/2021\/08\/Principal-So-Close-blog-21.jpg?fit=1240%2C700&ssl=1","width":1240,"height":700},{"@type":"BreadcrumbList","@id":"https:\/\/soclose.mx\/blog\/news-feed\/primer-festival-del-aguacate-en-atlixco-puebla\/#breadcrumb","itemListElement":[{"@type":"ListItem","position":1,"name":"Inicio","item":"https:\/\/soclose.mx\/blog\/"},{"@type":"ListItem","position":2,"name":"Primer festival del aguacate en Atlixco, Puebla"}]},{"@type":"WebSite","@id":"https:\/\/soclose.mx\/blog\/#website","url":"https:\/\/soclose.mx\/blog\/","name":"So Close","description":"Hacemos contenidos de M\u00e9xico","publisher":{"@id":"https:\/\/soclose.mx\/blog\/#organization"},"potentialAction":[{"@type":"SearchAction","target":{"@type":"EntryPoint","urlTemplate":"https:\/\/soclose.mx\/blog\/?s={search_term_string}"},"query-input":{"@type":"PropertyValueSpecification","valueRequired":true,"valueName":"search_term_string"}}],"inLanguage":"es"},{"@type":"Organization","@id":"https:\/\/soclose.mx\/blog\/#organization","name":"So Close","url":"https:\/\/soclose.mx\/blog\/","logo":{"@type":"ImageObject","inLanguage":"es","@id":"https:\/\/soclose.mx\/blog\/#\/schema\/logo\/image\/","url":"https:\/\/i0.wp.com\/soclose.mx\/blog\/wp-content\/uploads\/2020\/12\/LOGO_SOCLOSE_COLOR-e1608310133507.png?fit=2858%2C1264&ssl=1","contentUrl":"https:\/\/i0.wp.com\/soclose.mx\/blog\/wp-content\/uploads\/2020\/12\/LOGO_SOCLOSE_COLOR-e1608310133507.png?fit=2858%2C1264&ssl=1","width":2858,"height":1264,"caption":"So Close"},"image":{"@id":"https:\/\/soclose.mx\/blog\/#\/schema\/logo\/image\/"}},{"@type":"Person","@id":"https:\/\/soclose.mx\/blog\/#\/schema\/person\/cddec6ccd5d7037d286395fb411e23f1","name":"Miguel Angel Romero","image":{"@type":"ImageObject","inLanguage":"es","@id":"https:\/\/soclose.mx\/blog\/#\/schema\/person\/image\/","url":"https:\/\/secure.gravatar.com\/avatar\/45b44006b4f93497bb24d251f77bc39385015bfa120582412df580dbfcbb14f3?s=96&d=mm&r=g","contentUrl":"https:\/\/secure.gravatar.com\/avatar\/45b44006b4f93497bb24d251f77bc39385015bfa120582412df580dbfcbb14f3?s=96&d=mm&r=g","caption":"Miguel Angel Romero"},"sameAs":["http:\/\/\/mikexever.blogspot.com\/","www.facebook.com\/mikexever\/","https:\/\/x.com\/Mikerecomienda"],"url":"https:\/\/soclose.mx\/blog\/author\/mike\/"}]}},"jetpack_featured_media_url":"https:\/\/i0.wp.com\/soclose.mx\/blog\/wp-content\/uploads\/2021\/08\/Principal-So-Close-blog-21.jpg?fit=1240%2C700&ssl=1","jetpack-related-posts":[{"id":9113,"url":"https:\/\/soclose.mx\/blog\/ay-goeeee\/raysome-el-mexicano-que-se-rie-del-covid-con-musica\/","url_meta":{"origin":6942,"position":0},"title":"&#8220;Raysome&#8221;, el mexicano que se r\u00ede del Covid con m\u00fasica","author":"Manolo RoCa","date":"26 febrero, 2022","format":false,"excerpt":"Por Manolo RoCa Raymundo Solano Merino, \"Raysome\", como le gusta que le digan, vive en Atlixco, Puebla,\u00a0vende verduras en el mercado, dice que fue el m\u00e1s tomador del pueblo y recomienda el aguacate como afrodisiaco. Cada que habla, no deja espacio para sonre\u00edr, y si se trata de demostrar su\u2026","rel":"","context":"En &quot;\u00a1Ay goeeee!&quot;","block_context":{"text":"\u00a1Ay goeeee!","link":"https:\/\/soclose.mx\/blog\/category\/ay-goeeee\/"},"img":{"alt_text":"El hombre de la m\u00fasica de acetato","src":"https:\/\/i0.wp.com\/soclose.mx\/blog\/wp-content\/uploads\/2022\/02\/raysome-baja.jpg?fit=1200%2C659&ssl=1&resize=350%2C200","width":350,"height":200,"srcset":"https:\/\/i0.wp.com\/soclose.mx\/blog\/wp-content\/uploads\/2022\/02\/raysome-baja.jpg?fit=1200%2C659&ssl=1&resize=350%2C200 1x, https:\/\/i0.wp.com\/soclose.mx\/blog\/wp-content\/uploads\/2022\/02\/raysome-baja.jpg?fit=1200%2C659&ssl=1&resize=525%2C300 1.5x, https:\/\/i0.wp.com\/soclose.mx\/blog\/wp-content\/uploads\/2022\/02\/raysome-baja.jpg?fit=1200%2C659&ssl=1&resize=700%2C400 2x, https:\/\/i0.wp.com\/soclose.mx\/blog\/wp-content\/uploads\/2022\/02\/raysome-baja.jpg?fit=1200%2C659&ssl=1&resize=1050%2C600 3x"},"classes":[]},{"id":6856,"url":"https:\/\/soclose.mx\/blog\/comida-mexicana\/aguacate-el-oro-verde-mexicano\/","url_meta":{"origin":6942,"position":1},"title":"Aguacate: El oro verde mexicano","author":"Miguel Angel Romero","date":"16 agosto, 2021","format":false,"excerpt":"El aguacate es casi indispensable en aderezos, tacos, tostadas o ensaladas, por mencionar s\u00f3lo algunos, y ese, es el llamado oro verde mexicano, que muchos amamos. Fruto del aguacatero\u00a0(Persea americana), un \u00e1rbol de la familia de las Laur\u00e1ceas, que abarca plantas le\u00f1osas que crecen en regiones c\u00e1lidas, y en la\u2026","rel":"","context":"En &quot;\u00a1Ay goeeee!&quot;","block_context":{"text":"\u00a1Ay goeeee!","link":"https:\/\/soclose.mx\/blog\/category\/ay-goeeee\/"},"img":{"alt_text":"","src":"https:\/\/i0.wp.com\/soclose.mx\/blog\/wp-content\/uploads\/2021\/08\/Principal-So-Close-blog.png?fit=1200%2C677&ssl=1&resize=350%2C200","width":350,"height":200,"srcset":"https:\/\/i0.wp.com\/soclose.mx\/blog\/wp-content\/uploads\/2021\/08\/Principal-So-Close-blog.png?fit=1200%2C677&ssl=1&resize=350%2C200 1x, https:\/\/i0.wp.com\/soclose.mx\/blog\/wp-content\/uploads\/2021\/08\/Principal-So-Close-blog.png?fit=1200%2C677&ssl=1&resize=525%2C300 1.5x, https:\/\/i0.wp.com\/soclose.mx\/blog\/wp-content\/uploads\/2021\/08\/Principal-So-Close-blog.png?fit=1200%2C677&ssl=1&resize=700%2C400 2x, https:\/\/i0.wp.com\/soclose.mx\/blog\/wp-content\/uploads\/2021\/08\/Principal-So-Close-blog.png?fit=1200%2C677&ssl=1&resize=1050%2C600 3x"},"classes":[]},{"id":5749,"url":"https:\/\/soclose.mx\/blog\/lugares\/puebla-y-sus-10-pueblos-magicos-uno-de-los-estados-mas-visitados-de-mexico\/","url_meta":{"origin":6942,"position":2},"title":"Puebla y sus 10 pueblos m\u00e1gicos, uno de los estados m\u00e1s visitados de M\u00e9xico","author":"So Close","date":"12 febrero, 2021","format":false,"excerpt":"Como primer punto est\u00e1 el pueblo de Tetela de Ocampo, su infinita belleza, lo convirti\u00f3 en el nuevo Pueblo M\u00e1gico de Puebla. Su nombre deriva del n\u00e1huatl, que puede traducirse como abundancia de cerros, el Zoyayo y Zotolo. Cabe recordar que antes de ser \u201cde Ocampo\u201d, era Tetela de Oro;\u2026","rel":"","context":"En &quot;Lugares&quot;","block_context":{"text":"Lugares","link":"https:\/\/soclose.mx\/blog\/category\/lugares\/"},"img":{"alt_text":"","src":"https:\/\/i0.wp.com\/soclose.mx\/blog\/wp-content\/uploads\/2021\/02\/puebla-centro-historico.jpg?fit=1200%2C677&ssl=1&resize=350%2C200","width":350,"height":200,"srcset":"https:\/\/i0.wp.com\/soclose.mx\/blog\/wp-content\/uploads\/2021\/02\/puebla-centro-historico.jpg?fit=1200%2C677&ssl=1&resize=350%2C200 1x, https:\/\/i0.wp.com\/soclose.mx\/blog\/wp-content\/uploads\/2021\/02\/puebla-centro-historico.jpg?fit=1200%2C677&ssl=1&resize=525%2C300 1.5x, https:\/\/i0.wp.com\/soclose.mx\/blog\/wp-content\/uploads\/2021\/02\/puebla-centro-historico.jpg?fit=1200%2C677&ssl=1&resize=700%2C400 2x, https:\/\/i0.wp.com\/soclose.mx\/blog\/wp-content\/uploads\/2021\/02\/puebla-centro-historico.jpg?fit=1200%2C677&ssl=1&resize=1050%2C600 3x"},"classes":[]},{"id":7236,"url":"https:\/\/soclose.mx\/blog\/news-feed\/puebla-esta-en-el-aire-primer-festival-del-globo-en-atlixco\/","url_meta":{"origin":6942,"position":3},"title":"\u00a1Puebla est\u00e1 en el aire!: Primer Festival del Globo en Atlixco","author":"Miguel Angel Romero","date":"17 septiembre, 2021","format":false,"excerpt":"Se alista el primer\u00a0Festival del Globo\u00a0\u201cPuebla est\u00e1 en el aire\u201d en\u00a0Atlixco, Puebla, donde el\u00a02 y 3 de octubre en el Parque Xtremo, podr\u00e1s disfrutar decenas de\u00a0globos aerost\u00e1ticos en pleno vuelo. Se presentar\u00e1n 25\u00a0 en los cuales se planean ofrecer experiencias como: \u201cEl vuelo del alba\u201d, un recorrido d\u00f3nde se podr\u00e1n\u2026","rel":"","context":"En &quot;News feed&quot;","block_context":{"text":"News feed","link":"https:\/\/soclose.mx\/blog\/category\/news-feed\/"},"img":{"alt_text":"","src":"https:\/\/i0.wp.com\/soclose.mx\/blog\/wp-content\/uploads\/2021\/09\/Principal-So-Close-blog-13-2.jpg?fit=1200%2C677&ssl=1&resize=350%2C200","width":350,"height":200,"srcset":"https:\/\/i0.wp.com\/soclose.mx\/blog\/wp-content\/uploads\/2021\/09\/Principal-So-Close-blog-13-2.jpg?fit=1200%2C677&ssl=1&resize=350%2C200 1x, https:\/\/i0.wp.com\/soclose.mx\/blog\/wp-content\/uploads\/2021\/09\/Principal-So-Close-blog-13-2.jpg?fit=1200%2C677&ssl=1&resize=525%2C300 1.5x, https:\/\/i0.wp.com\/soclose.mx\/blog\/wp-content\/uploads\/2021\/09\/Principal-So-Close-blog-13-2.jpg?fit=1200%2C677&ssl=1&resize=700%2C400 2x, https:\/\/i0.wp.com\/soclose.mx\/blog\/wp-content\/uploads\/2021\/09\/Principal-So-Close-blog-13-2.jpg?fit=1200%2C677&ssl=1&resize=1050%2C600 3x"},"classes":[]},{"id":10748,"url":"https:\/\/soclose.mx\/blog\/news-feed\/llega-el-festival-del-ovni-a-atlixco-puebla\/","url_meta":{"origin":6942,"position":4},"title":"\u00a1Llega el Festival del OVNI a Atlixco, Puebla!","author":"Daniel Ram\u00edrez","date":"28 julio, 2022","format":false,"excerpt":"\"Los marcianos llegaron ya, y llegaron bailando ricach\u00e1...\", as\u00ed suena la canci\u00f3n Los Marcianos, de Tito Rodr\u00edguez y su Orquesta. Esta bien podr\u00eda estar incluida en el soundtrack de la primera edici\u00f3n del \"Festival OVNI Atlixco-Metepec\", que realizar\u00e1 en el Pueblo M\u00e1gico de Atlixco, Puebla. Este espect\u00e1culo se llevar\u00e1 a\u2026","rel":"","context":"En &quot;News feed&quot;","block_context":{"text":"News feed","link":"https:\/\/soclose.mx\/blog\/category\/news-feed\/"},"img":{"alt_text":"","src":"https:\/\/i0.wp.com\/soclose.mx\/blog\/wp-content\/uploads\/2022\/07\/WhatsApp-Image-2022-07-28-at-7.20.16-PM.jpeg?fit=900%2C900&ssl=1&resize=350%2C200","width":350,"height":200,"srcset":"https:\/\/i0.wp.com\/soclose.mx\/blog\/wp-content\/uploads\/2022\/07\/WhatsApp-Image-2022-07-28-at-7.20.16-PM.jpeg?fit=900%2C900&ssl=1&resize=350%2C200 1x, https:\/\/i0.wp.com\/soclose.mx\/blog\/wp-content\/uploads\/2022\/07\/WhatsApp-Image-2022-07-28-at-7.20.16-PM.jpeg?fit=900%2C900&ssl=1&resize=525%2C300 1.5x, https:\/\/i0.wp.com\/soclose.mx\/blog\/wp-content\/uploads\/2022\/07\/WhatsApp-Image-2022-07-28-at-7.20.16-PM.jpeg?fit=900%2C900&ssl=1&resize=700%2C400 2x"},"classes":[]},{"id":7678,"url":"https:\/\/soclose.mx\/blog\/lugares\/3-historias-que-quizas-sucedieron-en-el-callejon-del-aguacate\/","url_meta":{"origin":6942,"position":5},"title":"3 historias que (quiz\u00e1s) sucedieron en el callej\u00f3n del aguacate","author":"Miguel Angel Romero","date":"28 octubre, 2021","format":false,"excerpt":"El callej\u00f3n del aguacate se encuentra muy cerca del centro de Coyoac\u00e1n, de la Ciudad de M\u00e9xico, para ser exactos, en la colonia Santa Catarina, la cual posee historias espeluznantes que aqu\u00ed te compartimos. El general Se dice que viv\u00eda un militar solitario de un car\u00e1cter r\u00edgido y reservado, quien\u2026","rel":"","context":"En &quot;Lugares&quot;","block_context":{"text":"Lugares","link":"https:\/\/soclose.mx\/blog\/category\/lugares\/"},"img":{"alt_text":"","src":"https:\/\/i0.wp.com\/soclose.mx\/blog\/wp-content\/uploads\/2021\/10\/Copia-de-Principal-So-Close-blog-6-2.png?fit=1200%2C677&ssl=1&resize=350%2C200","width":350,"height":200,"srcset":"https:\/\/i0.wp.com\/soclose.mx\/blog\/wp-content\/uploads\/2021\/10\/Copia-de-Principal-So-Close-blog-6-2.png?fit=1200%2C677&ssl=1&resize=350%2C200 1x, https:\/\/i0.wp.com\/soclose.mx\/blog\/wp-content\/uploads\/2021\/10\/Copia-de-Principal-So-Close-blog-6-2.png?fit=1200%2C677&ssl=1&resize=525%2C300 1.5x, https:\/\/i0.wp.com\/soclose.mx\/blog\/wp-content\/uploads\/2021\/10\/Copia-de-Principal-So-Close-blog-6-2.png?fit=1200%2C677&ssl=1&resize=700%2C400 2x, https:\/\/i0.wp.com\/soclose.mx\/blog\/wp-content\/uploads\/2021\/10\/Copia-de-Principal-So-Close-blog-6-2.png?fit=1200%2C677&ssl=1&resize=1050%2C600 3x"},"classes":[]}],"jetpack_sharing_enabled":true,"_links":{"self":[{"href":"https:\/\/soclose.mx\/blog\/wp-json\/wp\/v2\/posts\/6942","targetHints":{"allow":["GET"]}}],"collection":[{"href":"https:\/\/soclose.mx\/blog\/wp-json\/wp\/v2\/posts"}],"about":[{"href":"https:\/\/soclose.mx\/blog\/wp-json\/wp\/v2\/types\/post"}],"author":[{"embeddable":true,"href":"https:\/\/soclose.mx\/blog\/wp-json\/wp\/v2\/users\/8"}],"replies":[{"embeddable":true,"href":"https:\/\/soclose.mx\/blog\/wp-json\/wp\/v2\/comments?post=6942"}],"version-history":[{"count":0,"href":"https:\/\/soclose.mx\/blog\/wp-json\/wp\/v2\/posts\/6942\/revisions"}],"wp:featuredmedia":[{"embeddable":true,"href":"https:\/\/soclose.mx\/blog\/wp-json\/wp\/v2\/media\/6943"}],"wp:attachment":[{"href":"https:\/\/soclose.mx\/blog\/wp-json\/wp\/v2\/media?parent=6942"}],"wp:term":[{"taxonomy":"category","embeddable":true,"href":"https:\/\/soclose.mx\/blog\/wp-json\/wp\/v2\/categories?post=6942"},{"taxonomy":"post_tag","embeddable":true,"href":"https:\/\/soclose.mx\/blog\/wp-json\/wp\/v2\/tags?post=6942"}],"curies":[{"name":"wp","href":"https:\/\/api.w.org\/{rel}","templated":true}]}}