{"id":7019,"date":"2021-09-16T09:30:46","date_gmt":"2021-09-16T14:30:46","guid":{"rendered":"https:\/\/soclose.mx\/blog\/?p=7019"},"modified":"2021-09-13T00:49:28","modified_gmt":"2021-09-13T05:49:28","slug":"por-que-los-mexicanos-hablamos-en-diminutivo","status":"publish","type":"post","link":"https:\/\/soclose.mx\/blog\/ay-goeeee\/por-que-los-mexicanos-hablamos-en-diminutivo\/","title":{"rendered":"\u00bfPor qu\u00e9 los mexicanos (casi) siempre hablamos en diminutivo?"},"content":{"rendered":"<p>Casita, tiendita, puertita, hoyito&#8230; Seguro has escuchado estos diminutivos que todos los <strong>mexicanos<\/strong> hemos usado, incluso cuando no corresponden con la realidad f\u00edsica del objeto de referencia.<\/p>\n<p>El uso del diminutivo es tal, que se llega a aplicar a los adverbios, generando palabras como \u201cadiosito\u201d, \u201cfavorcito\u201d o \u201capenitas\u201d.<\/p>\n<p>Incluso palabras como Dios (\u201cDiosito\u201d) o madre (\u201cmadrecita\u201d) sin que ello implique una falta de respeto o disminuci\u00f3n, al contrario, son formas que reflejan una mayor veneraci\u00f3n, cari\u00f1o.<\/p>\n<p>De acuerdo con el art\u00edculo\u00a0<em><a class=\"ek-link\" href=\"http:\/\/www.historicas.unam.mx\/publicaciones\/revistas\/nahuatl\/pdf\/ecn01\/007.pdf\" target=\"_blank\" rel=\"noreferrer noopener\" aria-label=\"Posible influencia del n\u00e1huatl en el uso y abuso del diminutivo en el espa\u00f1ol de M\u00e9xico (opens in a new tab)\">Posible influencia del n\u00e1huatl en el uso y abuso del diminutivo en el espa\u00f1ol de M\u00e9xico<\/a><\/em>\u00a0del especialista en culturas mesoamericanas,<strong>\u00a0Jos\u00e9 Ignacio D\u00e1vila Garibi<\/strong>, el uso del diminutivo en el espa\u00f1ol de <strong>M\u00e9xico<\/strong> podr\u00eda ser semejante a las formas ling\u00fc\u00edsticas del diminutivo en n\u00e1huatl.<\/p>\n<p>De acuerdo con \u00e9l, este uso excesivo del <strong>diminutivo<\/strong>, se deriva del intercambio cultural durante los primeros a\u00f1os de la Nueva Espa\u00f1a: \u201cEs debido a la influencia del <strong>n\u00e1huatl<\/strong> en que tan profusamente se usa el diminutivo y que necesariamente tuvieron que hablarlo los conquistadores espa\u00f1oles para comunicarse con los indios.\u201d<\/p>\n<p>El n\u00e1huatl es una lengua donde el uso del diminutivo tiene una vital importancia con distintas formas y sentidos. Por ejemplo, para <em>m\u00e1zatl<\/em>, cuyo significado es venado, pod\u00edan generarse:<\/p>\n<ul>\n<li>A un venadito reci\u00e9n nacido o por lo menos de corta edad, se le llama\u00a0<em>mazaconetl<\/em>\u00a0(cervatillo).<\/li>\n<li>Mientras que un venado enano ser\u00eda\u00a0<em>mazatepito<\/em>.<\/li>\n<li>Si a cualquiera de ellos se le menciona respetuosamente o con amor:\u00a0<em>mazatzin<\/em>.<\/li>\n<li>Si se trata de un animal momoso:\u00a0<em>maz\u00e1pil<\/em>.<\/li>\n<\/ul>\n<p>La aplicaci\u00f3n de los diminutivos es tan com\u00fan en este\u00a0<strong>idioma prehisp\u00e1nico,\u00a0<\/strong>que se aplica a top\u00f3nimos: <em>Mazapilco<\/em>\u00a0(lugar de los\u00ad venaditos).<\/p>\n<p>&nbsp;<\/p>\n<p><em>Por: Miguel Angel Romero<\/em><\/p>\n","protected":false},"excerpt":{"rendered":"<p>Casita, tiendita, puertita, hoyito&#8230; Seguro has escuchado estos diminutivos que todos los mexicanos hemos usado, incluso cuando no corresponden con la realidad f\u00edsica del objeto de referencia. El uso del diminutivo es tal, que se llega a aplicar a los adverbios, generando palabras como \u201cadiosito\u201d, \u201cfavorcito\u201d o \u201capenitas\u201d. Incluso palabras como Dios (\u201cDiosito\u201d) o madre (\u201cmadrecita\u201d) sin que ello implique una falta de respeto o disminuci\u00f3n, al contrario, son formas que reflejan una mayor veneraci\u00f3n, cari\u00f1o. De acuerdo con el art\u00edculo\u00a0Posible influencia del n\u00e1huatl en el uso y abuso del diminutivo en el espa\u00f1ol de M\u00e9xico\u00a0del especialista en culturas mesoamericanas,\u00a0Jos\u00e9<\/p>\n","protected":false},"author":8,"featured_media":7020,"comment_status":"open","ping_status":"open","sticky":false,"template":"","format":"standard","meta":{"_jetpack_memberships_contains_paid_content":false,"footnotes":""},"categories":[1],"tags":[1261,1262,1260,788],"class_list":["post-7019","post","type-post","status-publish","format-standard","has-post-thumbnail","hentry","category-ay-goeeee","tag-diminutivo","tag-lengua","tag-lenguaje","tag-mexicanos"],"yoast_head":"<!-- This site is optimized with the Yoast SEO plugin v26.7 - https:\/\/yoast.com\/wordpress\/plugins\/seo\/ -->\n<title>\u00bfPor qu\u00e9 los mexicanos (casi) siempre hablamos en diminutivo? - So Close<\/title>\n<meta name=\"description\" content=\"Te platicamos la raz\u00f3n por la que los mexicanos usamos tantos diminutivos.\" \/>\n<meta name=\"robots\" content=\"index, follow, max-snippet:-1, max-image-preview:large, max-video-preview:-1\" \/>\n<link rel=\"canonical\" href=\"https:\/\/soclose.mx\/blog\/ay-goeeee\/por-que-los-mexicanos-hablamos-en-diminutivo\/\" \/>\n<meta property=\"og:locale\" content=\"es_MX\" \/>\n<meta property=\"og:type\" content=\"article\" \/>\n<meta property=\"og:title\" content=\"\u00bfPor qu\u00e9 los mexicanos (casi) siempre hablamos en diminutivo? - So Close\" \/>\n<meta property=\"og:description\" content=\"Te platicamos la raz\u00f3n por la que los mexicanos usamos tantos diminutivos.\" \/>\n<meta property=\"og:url\" content=\"https:\/\/soclose.mx\/blog\/ay-goeeee\/por-que-los-mexicanos-hablamos-en-diminutivo\/\" \/>\n<meta property=\"og:site_name\" content=\"So Close\" \/>\n<meta property=\"article:author\" content=\"www.facebook.com\/mikexever\/\" \/>\n<meta property=\"article:published_time\" content=\"2021-09-16T14:30:46+00:00\" \/>\n<meta property=\"og:image\" content=\"https:\/\/i0.wp.com\/soclose.mx\/blog\/wp-content\/uploads\/2021\/08\/Principal-So-Close-blog-4-2.jpg?fit=1240%2C700&ssl=1\" \/>\n\t<meta property=\"og:image:width\" content=\"1240\" \/>\n\t<meta property=\"og:image:height\" content=\"700\" \/>\n\t<meta property=\"og:image:type\" content=\"image\/jpeg\" \/>\n<meta name=\"author\" content=\"Miguel Angel Romero\" \/>\n<meta name=\"twitter:card\" content=\"summary_large_image\" \/>\n<meta name=\"twitter:creator\" content=\"@Mikerecomienda\" \/>\n<meta name=\"twitter:label1\" content=\"Escrito por\" \/>\n\t<meta name=\"twitter:data1\" content=\"Miguel Angel Romero\" \/>\n\t<meta name=\"twitter:label2\" content=\"Tiempo de lectura\" \/>\n\t<meta name=\"twitter:data2\" content=\"2 minutos\" \/>\n<script type=\"application\/ld+json\" class=\"yoast-schema-graph\">{\"@context\":\"https:\/\/schema.org\",\"@graph\":[{\"@type\":\"Article\",\"@id\":\"https:\/\/soclose.mx\/blog\/ay-goeeee\/por-que-los-mexicanos-hablamos-en-diminutivo\/#article\",\"isPartOf\":{\"@id\":\"https:\/\/soclose.mx\/blog\/ay-goeeee\/por-que-los-mexicanos-hablamos-en-diminutivo\/\"},\"author\":{\"name\":\"Miguel Angel Romero\",\"@id\":\"https:\/\/soclose.mx\/blog\/#\/schema\/person\/cddec6ccd5d7037d286395fb411e23f1\"},\"headline\":\"\u00bfPor qu\u00e9 los mexicanos (casi) siempre hablamos en diminutivo?\",\"datePublished\":\"2021-09-16T14:30:46+00:00\",\"mainEntityOfPage\":{\"@id\":\"https:\/\/soclose.mx\/blog\/ay-goeeee\/por-que-los-mexicanos-hablamos-en-diminutivo\/\"},\"wordCount\":315,\"commentCount\":0,\"publisher\":{\"@id\":\"https:\/\/soclose.mx\/blog\/#organization\"},\"image\":{\"@id\":\"https:\/\/soclose.mx\/blog\/ay-goeeee\/por-que-los-mexicanos-hablamos-en-diminutivo\/#primaryimage\"},\"thumbnailUrl\":\"https:\/\/i0.wp.com\/soclose.mx\/blog\/wp-content\/uploads\/2021\/08\/Principal-So-Close-blog-4-2.jpg?fit=1240%2C700&ssl=1\",\"keywords\":[\"diminutivo\",\"lengua\",\"lenguaje\",\"mexicanos\"],\"articleSection\":[\"\u00a1Ay goeeee!\"],\"inLanguage\":\"es\",\"potentialAction\":[{\"@type\":\"CommentAction\",\"name\":\"Comment\",\"target\":[\"https:\/\/soclose.mx\/blog\/ay-goeeee\/por-que-los-mexicanos-hablamos-en-diminutivo\/#respond\"]}]},{\"@type\":\"WebPage\",\"@id\":\"https:\/\/soclose.mx\/blog\/ay-goeeee\/por-que-los-mexicanos-hablamos-en-diminutivo\/\",\"url\":\"https:\/\/soclose.mx\/blog\/ay-goeeee\/por-que-los-mexicanos-hablamos-en-diminutivo\/\",\"name\":\"\u00bfPor qu\u00e9 los mexicanos (casi) siempre hablamos en diminutivo? - So Close\",\"isPartOf\":{\"@id\":\"https:\/\/soclose.mx\/blog\/#website\"},\"primaryImageOfPage\":{\"@id\":\"https:\/\/soclose.mx\/blog\/ay-goeeee\/por-que-los-mexicanos-hablamos-en-diminutivo\/#primaryimage\"},\"image\":{\"@id\":\"https:\/\/soclose.mx\/blog\/ay-goeeee\/por-que-los-mexicanos-hablamos-en-diminutivo\/#primaryimage\"},\"thumbnailUrl\":\"https:\/\/i0.wp.com\/soclose.mx\/blog\/wp-content\/uploads\/2021\/08\/Principal-So-Close-blog-4-2.jpg?fit=1240%2C700&ssl=1\",\"datePublished\":\"2021-09-16T14:30:46+00:00\",\"description\":\"Te platicamos la raz\u00f3n por la que los mexicanos usamos tantos diminutivos.\",\"breadcrumb\":{\"@id\":\"https:\/\/soclose.mx\/blog\/ay-goeeee\/por-que-los-mexicanos-hablamos-en-diminutivo\/#breadcrumb\"},\"inLanguage\":\"es\",\"potentialAction\":[{\"@type\":\"ReadAction\",\"target\":[\"https:\/\/soclose.mx\/blog\/ay-goeeee\/por-que-los-mexicanos-hablamos-en-diminutivo\/\"]}]},{\"@type\":\"ImageObject\",\"inLanguage\":\"es\",\"@id\":\"https:\/\/soclose.mx\/blog\/ay-goeeee\/por-que-los-mexicanos-hablamos-en-diminutivo\/#primaryimage\",\"url\":\"https:\/\/i0.wp.com\/soclose.mx\/blog\/wp-content\/uploads\/2021\/08\/Principal-So-Close-blog-4-2.jpg?fit=1240%2C700&ssl=1\",\"contentUrl\":\"https:\/\/i0.wp.com\/soclose.mx\/blog\/wp-content\/uploads\/2021\/08\/Principal-So-Close-blog-4-2.jpg?fit=1240%2C700&ssl=1\",\"width\":1240,\"height\":700},{\"@type\":\"BreadcrumbList\",\"@id\":\"https:\/\/soclose.mx\/blog\/ay-goeeee\/por-que-los-mexicanos-hablamos-en-diminutivo\/#breadcrumb\",\"itemListElement\":[{\"@type\":\"ListItem\",\"position\":1,\"name\":\"Inicio\",\"item\":\"https:\/\/soclose.mx\/blog\/\"},{\"@type\":\"ListItem\",\"position\":2,\"name\":\"\u00bfPor qu\u00e9 los mexicanos (casi) siempre hablamos en diminutivo?\"}]},{\"@type\":\"WebSite\",\"@id\":\"https:\/\/soclose.mx\/blog\/#website\",\"url\":\"https:\/\/soclose.mx\/blog\/\",\"name\":\"So Close\",\"description\":\"Hacemos contenidos de M\u00e9xico\",\"publisher\":{\"@id\":\"https:\/\/soclose.mx\/blog\/#organization\"},\"potentialAction\":[{\"@type\":\"SearchAction\",\"target\":{\"@type\":\"EntryPoint\",\"urlTemplate\":\"https:\/\/soclose.mx\/blog\/?s={search_term_string}\"},\"query-input\":{\"@type\":\"PropertyValueSpecification\",\"valueRequired\":true,\"valueName\":\"search_term_string\"}}],\"inLanguage\":\"es\"},{\"@type\":\"Organization\",\"@id\":\"https:\/\/soclose.mx\/blog\/#organization\",\"name\":\"So Close\",\"url\":\"https:\/\/soclose.mx\/blog\/\",\"logo\":{\"@type\":\"ImageObject\",\"inLanguage\":\"es\",\"@id\":\"https:\/\/soclose.mx\/blog\/#\/schema\/logo\/image\/\",\"url\":\"https:\/\/i0.wp.com\/soclose.mx\/blog\/wp-content\/uploads\/2020\/12\/LOGO_SOCLOSE_COLOR-e1608310133507.png?fit=2858%2C1264&ssl=1\",\"contentUrl\":\"https:\/\/i0.wp.com\/soclose.mx\/blog\/wp-content\/uploads\/2020\/12\/LOGO_SOCLOSE_COLOR-e1608310133507.png?fit=2858%2C1264&ssl=1\",\"width\":2858,\"height\":1264,\"caption\":\"So Close\"},\"image\":{\"@id\":\"https:\/\/soclose.mx\/blog\/#\/schema\/logo\/image\/\"}},{\"@type\":\"Person\",\"@id\":\"https:\/\/soclose.mx\/blog\/#\/schema\/person\/cddec6ccd5d7037d286395fb411e23f1\",\"name\":\"Miguel Angel Romero\",\"image\":{\"@type\":\"ImageObject\",\"inLanguage\":\"es\",\"@id\":\"https:\/\/soclose.mx\/blog\/#\/schema\/person\/image\/\",\"url\":\"https:\/\/secure.gravatar.com\/avatar\/45b44006b4f93497bb24d251f77bc39385015bfa120582412df580dbfcbb14f3?s=96&d=mm&r=g\",\"contentUrl\":\"https:\/\/secure.gravatar.com\/avatar\/45b44006b4f93497bb24d251f77bc39385015bfa120582412df580dbfcbb14f3?s=96&d=mm&r=g\",\"caption\":\"Miguel Angel Romero\"},\"sameAs\":[\"http:\/\/\/mikexever.blogspot.com\/\",\"www.facebook.com\/mikexever\/\",\"https:\/\/x.com\/Mikerecomienda\"],\"url\":\"https:\/\/soclose.mx\/blog\/author\/mike\/\"}]}<\/script>\n<!-- \/ Yoast SEO plugin. -->","yoast_head_json":{"title":"\u00bfPor qu\u00e9 los mexicanos (casi) siempre hablamos en diminutivo? - So Close","description":"Te platicamos la raz\u00f3n por la que los mexicanos usamos tantos diminutivos.","robots":{"index":"index","follow":"follow","max-snippet":"max-snippet:-1","max-image-preview":"max-image-preview:large","max-video-preview":"max-video-preview:-1"},"canonical":"https:\/\/soclose.mx\/blog\/ay-goeeee\/por-que-los-mexicanos-hablamos-en-diminutivo\/","og_locale":"es_MX","og_type":"article","og_title":"\u00bfPor qu\u00e9 los mexicanos (casi) siempre hablamos en diminutivo? - So Close","og_description":"Te platicamos la raz\u00f3n por la que los mexicanos usamos tantos diminutivos.","og_url":"https:\/\/soclose.mx\/blog\/ay-goeeee\/por-que-los-mexicanos-hablamos-en-diminutivo\/","og_site_name":"So Close","article_author":"www.facebook.com\/mikexever\/","article_published_time":"2021-09-16T14:30:46+00:00","og_image":[{"width":1240,"height":700,"url":"https:\/\/i0.wp.com\/soclose.mx\/blog\/wp-content\/uploads\/2021\/08\/Principal-So-Close-blog-4-2.jpg?fit=1240%2C700&ssl=1","type":"image\/jpeg"}],"author":"Miguel Angel Romero","twitter_card":"summary_large_image","twitter_creator":"@Mikerecomienda","twitter_misc":{"Escrito por":"Miguel Angel Romero","Tiempo de lectura":"2 minutos"},"schema":{"@context":"https:\/\/schema.org","@graph":[{"@type":"Article","@id":"https:\/\/soclose.mx\/blog\/ay-goeeee\/por-que-los-mexicanos-hablamos-en-diminutivo\/#article","isPartOf":{"@id":"https:\/\/soclose.mx\/blog\/ay-goeeee\/por-que-los-mexicanos-hablamos-en-diminutivo\/"},"author":{"name":"Miguel Angel Romero","@id":"https:\/\/soclose.mx\/blog\/#\/schema\/person\/cddec6ccd5d7037d286395fb411e23f1"},"headline":"\u00bfPor qu\u00e9 los mexicanos (casi) siempre hablamos en diminutivo?","datePublished":"2021-09-16T14:30:46+00:00","mainEntityOfPage":{"@id":"https:\/\/soclose.mx\/blog\/ay-goeeee\/por-que-los-mexicanos-hablamos-en-diminutivo\/"},"wordCount":315,"commentCount":0,"publisher":{"@id":"https:\/\/soclose.mx\/blog\/#organization"},"image":{"@id":"https:\/\/soclose.mx\/blog\/ay-goeeee\/por-que-los-mexicanos-hablamos-en-diminutivo\/#primaryimage"},"thumbnailUrl":"https:\/\/i0.wp.com\/soclose.mx\/blog\/wp-content\/uploads\/2021\/08\/Principal-So-Close-blog-4-2.jpg?fit=1240%2C700&ssl=1","keywords":["diminutivo","lengua","lenguaje","mexicanos"],"articleSection":["\u00a1Ay goeeee!"],"inLanguage":"es","potentialAction":[{"@type":"CommentAction","name":"Comment","target":["https:\/\/soclose.mx\/blog\/ay-goeeee\/por-que-los-mexicanos-hablamos-en-diminutivo\/#respond"]}]},{"@type":"WebPage","@id":"https:\/\/soclose.mx\/blog\/ay-goeeee\/por-que-los-mexicanos-hablamos-en-diminutivo\/","url":"https:\/\/soclose.mx\/blog\/ay-goeeee\/por-que-los-mexicanos-hablamos-en-diminutivo\/","name":"\u00bfPor qu\u00e9 los mexicanos (casi) siempre hablamos en diminutivo? - So Close","isPartOf":{"@id":"https:\/\/soclose.mx\/blog\/#website"},"primaryImageOfPage":{"@id":"https:\/\/soclose.mx\/blog\/ay-goeeee\/por-que-los-mexicanos-hablamos-en-diminutivo\/#primaryimage"},"image":{"@id":"https:\/\/soclose.mx\/blog\/ay-goeeee\/por-que-los-mexicanos-hablamos-en-diminutivo\/#primaryimage"},"thumbnailUrl":"https:\/\/i0.wp.com\/soclose.mx\/blog\/wp-content\/uploads\/2021\/08\/Principal-So-Close-blog-4-2.jpg?fit=1240%2C700&ssl=1","datePublished":"2021-09-16T14:30:46+00:00","description":"Te platicamos la raz\u00f3n por la que los mexicanos usamos tantos diminutivos.","breadcrumb":{"@id":"https:\/\/soclose.mx\/blog\/ay-goeeee\/por-que-los-mexicanos-hablamos-en-diminutivo\/#breadcrumb"},"inLanguage":"es","potentialAction":[{"@type":"ReadAction","target":["https:\/\/soclose.mx\/blog\/ay-goeeee\/por-que-los-mexicanos-hablamos-en-diminutivo\/"]}]},{"@type":"ImageObject","inLanguage":"es","@id":"https:\/\/soclose.mx\/blog\/ay-goeeee\/por-que-los-mexicanos-hablamos-en-diminutivo\/#primaryimage","url":"https:\/\/i0.wp.com\/soclose.mx\/blog\/wp-content\/uploads\/2021\/08\/Principal-So-Close-blog-4-2.jpg?fit=1240%2C700&ssl=1","contentUrl":"https:\/\/i0.wp.com\/soclose.mx\/blog\/wp-content\/uploads\/2021\/08\/Principal-So-Close-blog-4-2.jpg?fit=1240%2C700&ssl=1","width":1240,"height":700},{"@type":"BreadcrumbList","@id":"https:\/\/soclose.mx\/blog\/ay-goeeee\/por-que-los-mexicanos-hablamos-en-diminutivo\/#breadcrumb","itemListElement":[{"@type":"ListItem","position":1,"name":"Inicio","item":"https:\/\/soclose.mx\/blog\/"},{"@type":"ListItem","position":2,"name":"\u00bfPor qu\u00e9 los mexicanos (casi) siempre hablamos en diminutivo?"}]},{"@type":"WebSite","@id":"https:\/\/soclose.mx\/blog\/#website","url":"https:\/\/soclose.mx\/blog\/","name":"So Close","description":"Hacemos contenidos de M\u00e9xico","publisher":{"@id":"https:\/\/soclose.mx\/blog\/#organization"},"potentialAction":[{"@type":"SearchAction","target":{"@type":"EntryPoint","urlTemplate":"https:\/\/soclose.mx\/blog\/?s={search_term_string}"},"query-input":{"@type":"PropertyValueSpecification","valueRequired":true,"valueName":"search_term_string"}}],"inLanguage":"es"},{"@type":"Organization","@id":"https:\/\/soclose.mx\/blog\/#organization","name":"So Close","url":"https:\/\/soclose.mx\/blog\/","logo":{"@type":"ImageObject","inLanguage":"es","@id":"https:\/\/soclose.mx\/blog\/#\/schema\/logo\/image\/","url":"https:\/\/i0.wp.com\/soclose.mx\/blog\/wp-content\/uploads\/2020\/12\/LOGO_SOCLOSE_COLOR-e1608310133507.png?fit=2858%2C1264&ssl=1","contentUrl":"https:\/\/i0.wp.com\/soclose.mx\/blog\/wp-content\/uploads\/2020\/12\/LOGO_SOCLOSE_COLOR-e1608310133507.png?fit=2858%2C1264&ssl=1","width":2858,"height":1264,"caption":"So Close"},"image":{"@id":"https:\/\/soclose.mx\/blog\/#\/schema\/logo\/image\/"}},{"@type":"Person","@id":"https:\/\/soclose.mx\/blog\/#\/schema\/person\/cddec6ccd5d7037d286395fb411e23f1","name":"Miguel Angel Romero","image":{"@type":"ImageObject","inLanguage":"es","@id":"https:\/\/soclose.mx\/blog\/#\/schema\/person\/image\/","url":"https:\/\/secure.gravatar.com\/avatar\/45b44006b4f93497bb24d251f77bc39385015bfa120582412df580dbfcbb14f3?s=96&d=mm&r=g","contentUrl":"https:\/\/secure.gravatar.com\/avatar\/45b44006b4f93497bb24d251f77bc39385015bfa120582412df580dbfcbb14f3?s=96&d=mm&r=g","caption":"Miguel Angel Romero"},"sameAs":["http:\/\/\/mikexever.blogspot.com\/","www.facebook.com\/mikexever\/","https:\/\/x.com\/Mikerecomienda"],"url":"https:\/\/soclose.mx\/blog\/author\/mike\/"}]}},"jetpack_featured_media_url":"https:\/\/i0.wp.com\/soclose.mx\/blog\/wp-content\/uploads\/2021\/08\/Principal-So-Close-blog-4-2.jpg?fit=1240%2C700&ssl=1","jetpack-related-posts":[{"id":7493,"url":"https:\/\/soclose.mx\/blog\/ay-goeeee\/12-expresiones-que-solo-los-mexicanos-entendemos\/","url_meta":{"origin":7019,"position":0},"title":"12 expresiones que s\u00f3lo los mexicanos entendemos","author":"Miguel Angel Romero","date":"13 marzo, 2024","format":false,"excerpt":"Frases de norte a sur, palabras que han vivido a lo largo de las d\u00e9cadas, es por eso que te presentamos algunas expresiones que s\u00f3lo los mexicanos entendemos muy bien: \"Ya nos cay\u00f3 el chahuistle\" El chahuistle es un hongo que invade las cosechas de los agricultores, una verdadera tragedia.\u2026","rel":"","context":"En &quot;\u00a1Ay goeeee!&quot;","block_context":{"text":"\u00a1Ay goeeee!","link":"https:\/\/soclose.mx\/blog\/category\/ay-goeeee\/"},"img":{"alt_text":"","src":"https:\/\/i0.wp.com\/soclose.mx\/blog\/wp-content\/uploads\/2021\/10\/Copia-de-Principal-So-Close-blog-10.png?fit=1200%2C677&ssl=1&resize=350%2C200","width":350,"height":200,"srcset":"https:\/\/i0.wp.com\/soclose.mx\/blog\/wp-content\/uploads\/2021\/10\/Copia-de-Principal-So-Close-blog-10.png?fit=1200%2C677&ssl=1&resize=350%2C200 1x, https:\/\/i0.wp.com\/soclose.mx\/blog\/wp-content\/uploads\/2021\/10\/Copia-de-Principal-So-Close-blog-10.png?fit=1200%2C677&ssl=1&resize=525%2C300 1.5x, https:\/\/i0.wp.com\/soclose.mx\/blog\/wp-content\/uploads\/2021\/10\/Copia-de-Principal-So-Close-blog-10.png?fit=1200%2C677&ssl=1&resize=700%2C400 2x, https:\/\/i0.wp.com\/soclose.mx\/blog\/wp-content\/uploads\/2021\/10\/Copia-de-Principal-So-Close-blog-10.png?fit=1200%2C677&ssl=1&resize=1050%2C600 3x"},"classes":[]},{"id":8396,"url":"https:\/\/soclose.mx\/blog\/ay-goeeee\/8-palabras-que-los-mayas-nos-heredaron\/","url_meta":{"origin":7019,"position":1},"title":"8 Palabras que los mayas nos heredaron","author":"Miguel Angel Romero","date":"19 enero, 2022","format":false,"excerpt":"Los mayas no s\u00f3lo dejaron un legado art\u00edstico, arquitect\u00f3nico, astron\u00f3mica y ecol\u00f3gica, sino tambi\u00e9n un tesoro intangible: las palabras. Es importante aclarar que la lengua maya\u00a0no es solamente una, es toda una familia ling\u00fc\u00edstica compuesta por aproximadamente 30 lenguas diferentes que se han usado y se usan en el territorio\u2026","rel":"","context":"En &quot;\u00a1Ay goeeee!&quot;","block_context":{"text":"\u00a1Ay goeeee!","link":"https:\/\/soclose.mx\/blog\/category\/ay-goeeee\/"},"img":{"alt_text":"","src":"https:\/\/i0.wp.com\/soclose.mx\/blog\/wp-content\/uploads\/2022\/01\/Copia-de-Principal-So-Close-blog-1-3.png?fit=1200%2C677&ssl=1&resize=350%2C200","width":350,"height":200,"srcset":"https:\/\/i0.wp.com\/soclose.mx\/blog\/wp-content\/uploads\/2022\/01\/Copia-de-Principal-So-Close-blog-1-3.png?fit=1200%2C677&ssl=1&resize=350%2C200 1x, https:\/\/i0.wp.com\/soclose.mx\/blog\/wp-content\/uploads\/2022\/01\/Copia-de-Principal-So-Close-blog-1-3.png?fit=1200%2C677&ssl=1&resize=525%2C300 1.5x, https:\/\/i0.wp.com\/soclose.mx\/blog\/wp-content\/uploads\/2022\/01\/Copia-de-Principal-So-Close-blog-1-3.png?fit=1200%2C677&ssl=1&resize=700%2C400 2x, https:\/\/i0.wp.com\/soclose.mx\/blog\/wp-content\/uploads\/2022\/01\/Copia-de-Principal-So-Close-blog-1-3.png?fit=1200%2C677&ssl=1&resize=1050%2C600 3x"},"classes":[]},{"id":13500,"url":"https:\/\/soclose.mx\/blog\/news-feed\/eclipse-total-solar-2024-asi-se-vivio-en-mexico\/","url_meta":{"origin":7019,"position":2},"title":"Eclipse total solar 2024; as\u00ed se vivi\u00f3 en M\u00e9xico","author":"Emmanuel Oviedo","date":"12 abril, 2024","format":false,"excerpt":"Este sorprendente evento astron\u00f3mico fue admirado por millones de mexicanos, h nos record\u00f3 lo diminutos y sensibles que skmos ante el universo. El pasado lunes 8 de abril ocurri\u00f3 un eclipse solar total que recorri\u00f3 la parte norte de M\u00e9xico, pasando tambi\u00e9n por Estados Unidos y Canad\u00e1. Y es que\u2026","rel":"","context":"En &quot;News feed&quot;","block_context":{"text":"News feed","link":"https:\/\/soclose.mx\/blog\/category\/news-feed\/"},"img":{"alt_text":"","src":"https:\/\/i0.wp.com\/soclose.mx\/blog\/wp-content\/uploads\/2024\/04\/Eclipse-2024.jpg?fit=1200%2C800&ssl=1&resize=350%2C200","width":350,"height":200,"srcset":"https:\/\/i0.wp.com\/soclose.mx\/blog\/wp-content\/uploads\/2024\/04\/Eclipse-2024.jpg?fit=1200%2C800&ssl=1&resize=350%2C200 1x, https:\/\/i0.wp.com\/soclose.mx\/blog\/wp-content\/uploads\/2024\/04\/Eclipse-2024.jpg?fit=1200%2C800&ssl=1&resize=525%2C300 1.5x, https:\/\/i0.wp.com\/soclose.mx\/blog\/wp-content\/uploads\/2024\/04\/Eclipse-2024.jpg?fit=1200%2C800&ssl=1&resize=700%2C400 2x, https:\/\/i0.wp.com\/soclose.mx\/blog\/wp-content\/uploads\/2024\/04\/Eclipse-2024.jpg?fit=1200%2C800&ssl=1&resize=1050%2C600 3x"},"classes":[]},{"id":7320,"url":"https:\/\/soclose.mx\/blog\/ay-goeeee\/orale-una-palabra-espanola-que-ya-es-muy-mexicana\/","url_meta":{"origin":7019,"position":3},"title":"\u00a1\u00d3rale!: Una palabra espa\u00f1ola que ya es muy mexicana","author":"Miguel Angel Romero","date":"6 octubre, 2021","format":false,"excerpt":"Nuestra lengua es muy rica, pero seamos francos, a veces basta una sola palabra para expresar un sinf\u00edn de cosas, y tal es el caso de \u00a1\u00d3rale! Estas cinco letras\u00a0 se trata de una interjecci\u00f3n de origen espa\u00f1ol, es la verbalizaci\u00f3n de un sentimiento ampliamente usado en nuestro pa\u00eds. Si\u2026","rel":"","context":"En &quot;\u00a1Ay goeeee!&quot;","block_context":{"text":"\u00a1Ay goeeee!","link":"https:\/\/soclose.mx\/blog\/category\/ay-goeeee\/"},"img":{"alt_text":"","src":"https:\/\/i0.wp.com\/soclose.mx\/blog\/wp-content\/uploads\/2021\/10\/Principal-So-Close-blog-1.png?fit=1200%2C677&ssl=1&resize=350%2C200","width":350,"height":200,"srcset":"https:\/\/i0.wp.com\/soclose.mx\/blog\/wp-content\/uploads\/2021\/10\/Principal-So-Close-blog-1.png?fit=1200%2C677&ssl=1&resize=350%2C200 1x, https:\/\/i0.wp.com\/soclose.mx\/blog\/wp-content\/uploads\/2021\/10\/Principal-So-Close-blog-1.png?fit=1200%2C677&ssl=1&resize=525%2C300 1.5x, https:\/\/i0.wp.com\/soclose.mx\/blog\/wp-content\/uploads\/2021\/10\/Principal-So-Close-blog-1.png?fit=1200%2C677&ssl=1&resize=700%2C400 2x, https:\/\/i0.wp.com\/soclose.mx\/blog\/wp-content\/uploads\/2021\/10\/Principal-So-Close-blog-1.png?fit=1200%2C677&ssl=1&resize=1050%2C600 3x"},"classes":[]},{"id":8413,"url":"https:\/\/soclose.mx\/blog\/ay-goeeee\/el-uso-de-la-mexicana-letra-x\/","url_meta":{"origin":7019,"position":4},"title":"El uso de la mexicana letra &#8216;x&#8217;","author":"Miguel Angel Romero","date":"18 enero, 2022","format":false,"excerpt":"El uso de la equis (x) que forma parte del top\u00f3nimo M\u00e9xico, es un fonema que plantea problemas para muchas personas. En varios top\u00f3nimos de nuestro pa\u00eds apenas se aplican las normas ortogr\u00e1ficas, por ejemplo, la equis se pronuncia en Xochimilco, Texcoco, Taxco, Tuxpan, pero se pronuncia la jota en\u2026","rel":"","context":"En &quot;\u00a1Ay goeeee!&quot;","block_context":{"text":"\u00a1Ay goeeee!","link":"https:\/\/soclose.mx\/blog\/category\/ay-goeeee\/"},"img":{"alt_text":"","src":"https:\/\/i0.wp.com\/soclose.mx\/blog\/wp-content\/uploads\/2022\/01\/Copia-de-Principal-So-Close-blog-3-1.png?fit=1200%2C677&ssl=1&resize=350%2C200","width":350,"height":200,"srcset":"https:\/\/i0.wp.com\/soclose.mx\/blog\/wp-content\/uploads\/2022\/01\/Copia-de-Principal-So-Close-blog-3-1.png?fit=1200%2C677&ssl=1&resize=350%2C200 1x, https:\/\/i0.wp.com\/soclose.mx\/blog\/wp-content\/uploads\/2022\/01\/Copia-de-Principal-So-Close-blog-3-1.png?fit=1200%2C677&ssl=1&resize=525%2C300 1.5x, https:\/\/i0.wp.com\/soclose.mx\/blog\/wp-content\/uploads\/2022\/01\/Copia-de-Principal-So-Close-blog-3-1.png?fit=1200%2C677&ssl=1&resize=700%2C400 2x, https:\/\/i0.wp.com\/soclose.mx\/blog\/wp-content\/uploads\/2022\/01\/Copia-de-Principal-So-Close-blog-3-1.png?fit=1200%2C677&ssl=1&resize=1050%2C600 3x"},"classes":[]},{"id":12291,"url":"https:\/\/soclose.mx\/blog\/a-la-mexicana\/cuecuechcuicatl-canto-aztecas-origen-albur-mexicano\/","url_meta":{"origin":7019,"position":5},"title":"Origen del albur: Cuecuechcu\u00edcatl, canto travieso de los aztecas","author":"Emmanuel Oviedo","date":"25 septiembre, 2023","format":false,"excerpt":"\u00bfQu\u00e9 es el cuecuechcu\u00edcatl?\u00a0Para desprevenidos e ingeniosos, el albur es una manera de hablar muy mexicana. El uso del doble sentido con un \u00edndole sexual detr\u00e1s revela nuestra habilidad para la picard\u00eda y el juego con el lenguaje, pero \u00bfCu\u00e1l es su origen? Esta palabra es la clave. Ya sea\u2026","rel":"","context":"En &quot;A la mexicana&quot;","block_context":{"text":"A la mexicana","link":"https:\/\/soclose.mx\/blog\/category\/a-la-mexicana\/"},"img":{"alt_text":"Cuecuechcuicatl, origen del albur mexicano","src":"https:\/\/i0.wp.com\/soclose.mx\/blog\/wp-content\/uploads\/2023\/08\/5939851953_97cc391e5c_k.jpg?fit=1200%2C793&ssl=1&resize=350%2C200","width":350,"height":200,"srcset":"https:\/\/i0.wp.com\/soclose.mx\/blog\/wp-content\/uploads\/2023\/08\/5939851953_97cc391e5c_k.jpg?fit=1200%2C793&ssl=1&resize=350%2C200 1x, https:\/\/i0.wp.com\/soclose.mx\/blog\/wp-content\/uploads\/2023\/08\/5939851953_97cc391e5c_k.jpg?fit=1200%2C793&ssl=1&resize=525%2C300 1.5x, https:\/\/i0.wp.com\/soclose.mx\/blog\/wp-content\/uploads\/2023\/08\/5939851953_97cc391e5c_k.jpg?fit=1200%2C793&ssl=1&resize=700%2C400 2x, https:\/\/i0.wp.com\/soclose.mx\/blog\/wp-content\/uploads\/2023\/08\/5939851953_97cc391e5c_k.jpg?fit=1200%2C793&ssl=1&resize=1050%2C600 3x"},"classes":[]}],"jetpack_sharing_enabled":true,"_links":{"self":[{"href":"https:\/\/soclose.mx\/blog\/wp-json\/wp\/v2\/posts\/7019","targetHints":{"allow":["GET"]}}],"collection":[{"href":"https:\/\/soclose.mx\/blog\/wp-json\/wp\/v2\/posts"}],"about":[{"href":"https:\/\/soclose.mx\/blog\/wp-json\/wp\/v2\/types\/post"}],"author":[{"embeddable":true,"href":"https:\/\/soclose.mx\/blog\/wp-json\/wp\/v2\/users\/8"}],"replies":[{"embeddable":true,"href":"https:\/\/soclose.mx\/blog\/wp-json\/wp\/v2\/comments?post=7019"}],"version-history":[{"count":0,"href":"https:\/\/soclose.mx\/blog\/wp-json\/wp\/v2\/posts\/7019\/revisions"}],"wp:featuredmedia":[{"embeddable":true,"href":"https:\/\/soclose.mx\/blog\/wp-json\/wp\/v2\/media\/7020"}],"wp:attachment":[{"href":"https:\/\/soclose.mx\/blog\/wp-json\/wp\/v2\/media?parent=7019"}],"wp:term":[{"taxonomy":"category","embeddable":true,"href":"https:\/\/soclose.mx\/blog\/wp-json\/wp\/v2\/categories?post=7019"},{"taxonomy":"post_tag","embeddable":true,"href":"https:\/\/soclose.mx\/blog\/wp-json\/wp\/v2\/tags?post=7019"}],"curies":[{"name":"wp","href":"https:\/\/api.w.org\/{rel}","templated":true}]}}