{"id":7029,"date":"2021-09-01T10:02:23","date_gmt":"2021-09-01T15:02:23","guid":{"rendered":"https:\/\/soclose.mx\/blog\/?p=7029"},"modified":"2021-08-29T21:23:40","modified_gmt":"2021-08-30T02:23:40","slug":"6-datos-de-la-serie-inspirada-en-las-culturas-maya-inca-y-azteca","status":"publish","type":"post","link":"https:\/\/soclose.mx\/blog\/news-feed\/6-datos-de-la-serie-inspirada-en-las-culturas-maya-inca-y-azteca\/","title":{"rendered":"6 datos de la serie inspirada en las culturas maya, inca y azteca"},"content":{"rendered":"<p><strong>Netflix<\/strong>\u00a0acaba de presentar el <b>tr\u00e1iler<\/b>\u00a0de su nueva serie animada que combina elementos de las mitolog\u00edas azteca, maya e inca, ambientado en la cultura caribe\u00f1a:\u00a0<em><strong>Maya y los tres.<\/strong><\/em><\/p>\n<p>El producto audivisual trata sobre una princesa guerrera que debe embarcarse en una aventura para cumplir una profec\u00eda antigua, reunir a tres grandes guerreros y salvar a la humanidad de los dioses que quieren exterminarla.<\/p>\n<p>Y es por eso que aqu\u00ed te dejamos 6 datos para que te vayas empapando de esta singular historia:<\/p>\n<ol>\n<li>Fue creada por\u00a0<strong>Jorge R.<\/strong>\u00a0<strong>Gutierrez<\/strong>, director de &#8220;El libro de la Vida&#8221;<em>.<\/em><\/li>\n<li>El guion fue desarrollado con la ayuda de <strong>Silvia C\u00e1rdenas Olivas<\/strong>\u00a0y el animador <strong>Jeff Ranjo<\/strong>.<\/li>\n<li>Tendr\u00e1 9 cap\u00edtulos y cuenta con las voces de <strong>Sandra Echeverr\u00eda, Diego Luna, Zoe Salda\u00f1a, Gael Garc\u00eda Bernal, Joaqu\u00edn Cos\u00edo, Kate del Castillo,\u00a0 Javier Rodr\u00edguez<\/strong>,\u00a0 entre otros.<\/li>\n<li>La m\u00fasica est\u00e1 a cargo de\u00a0 <strong>Gustavo Santaolalla<\/strong>, el mexicano ganador del <strong>Oscar<\/strong> a la mejor banda sonora por <strong>Brokeback Mountain<\/strong>\u00a0(2005) y\u00a0<strong>Babel<\/strong>\u00a0(2006).<\/li>\n<li>Aunque la serie tiene una fuerte inspiraci\u00f3n en las culturas mesoamericanas que se desarrolla en un universo de fantas\u00eda,\u00a0en el desarrollo del proyecto hubo especialistas\u00a0que revisaron el tema para evitar ofender las\u00a0creencias hist\u00f3ricas.<\/li>\n<li>A\u00fan\u00a0<strong>no se tiene una fecha espec\u00edfica del estreno<\/strong>, pero se ha dado a conocer que\u00a0<em><strong>Maya y los tres<\/strong><\/em>\u00a0estar\u00e1 disponible en el cat\u00e1logo de\u00a0<a href=\"https:\/\/www.netflix.com\/\">Netflix<\/a>\u00a0durante el\u00a0<strong>oto\u00f1o de 2021<\/strong>.<\/li>\n<\/ol>\n<p><iframe loading=\"lazy\" title=\"YouTube video player\" src=\"https:\/\/www.youtube.com\/embed\/-2TzI6a9iao\" width=\"560\" height=\"315\" frameborder=\"0\" allowfullscreen=\"allowfullscreen\"><\/iframe><\/p>\n","protected":false},"excerpt":{"rendered":"<p>Netflix\u00a0acaba de presentar el tr\u00e1iler\u00a0de su nueva serie animada que combina elementos de las mitolog\u00edas azteca, maya e inca, ambientado en la cultura caribe\u00f1a:\u00a0Maya y los tres. El producto audivisual trata sobre una princesa guerrera que debe embarcarse en una aventura para cumplir una profec\u00eda antigua, reunir a tres grandes guerreros y salvar a la humanidad de los dioses que quieren exterminarla. Y es por eso que aqu\u00ed te dejamos 6 datos para que te vayas empapando de esta singular historia: Fue creada por\u00a0Jorge R.\u00a0Gutierrez, director de &#8220;El libro de la Vida&#8221;. El guion fue desarrollado con la ayuda de<\/p>\n","protected":false},"author":8,"featured_media":7030,"comment_status":"open","ping_status":"open","sticky":false,"template":"","format":"standard","meta":{"_jetpack_memberships_contains_paid_content":false,"footnotes":""},"categories":[628],"tags":[1271,90,1269,244,1270],"class_list":["post-7029","post","type-post","status-publish","format-standard","has-post-thumbnail","hentry","category-news-feed","tag-azteca","tag-maya","tag-maya-y-los-tres","tag-netflix","tag-serie"],"yoast_head":"<!-- This site is optimized with the Yoast SEO plugin v26.7 - https:\/\/yoast.com\/wordpress\/plugins\/seo\/ -->\n<title>6 datos de la serie inspirada en las culturas maya, inca y azteca - So Close<\/title>\n<meta name=\"description\" content=\"Maya y los Tres\u00a0y trata sobre una princesa guerrera que debe embarcarse en una aventura para cumplir una profec\u00eda antigua.\" \/>\n<meta name=\"robots\" content=\"index, follow, max-snippet:-1, max-image-preview:large, max-video-preview:-1\" \/>\n<link rel=\"canonical\" href=\"https:\/\/soclose.mx\/blog\/news-feed\/6-datos-de-la-serie-inspirada-en-las-culturas-maya-inca-y-azteca\/\" \/>\n<meta property=\"og:locale\" content=\"es_MX\" \/>\n<meta property=\"og:type\" content=\"article\" \/>\n<meta property=\"og:title\" content=\"6 datos de la serie inspirada en las culturas maya, inca y azteca - So Close\" \/>\n<meta property=\"og:description\" content=\"Maya y los Tres\u00a0y trata sobre una princesa guerrera que debe embarcarse en una aventura para cumplir una profec\u00eda antigua.\" \/>\n<meta property=\"og:url\" content=\"https:\/\/soclose.mx\/blog\/news-feed\/6-datos-de-la-serie-inspirada-en-las-culturas-maya-inca-y-azteca\/\" \/>\n<meta property=\"og:site_name\" content=\"So Close\" \/>\n<meta property=\"article:author\" content=\"www.facebook.com\/mikexever\/\" \/>\n<meta property=\"article:published_time\" content=\"2021-09-01T15:02:23+00:00\" \/>\n<meta property=\"og:image\" content=\"https:\/\/i0.wp.com\/soclose.mx\/blog\/wp-content\/uploads\/2021\/08\/Principal-So-Close-blog-7-2.jpg?fit=1240%2C700&ssl=1\" \/>\n\t<meta property=\"og:image:width\" content=\"1240\" \/>\n\t<meta property=\"og:image:height\" content=\"700\" \/>\n\t<meta property=\"og:image:type\" content=\"image\/jpeg\" \/>\n<meta name=\"author\" content=\"Miguel Angel Romero\" \/>\n<meta name=\"twitter:card\" content=\"summary_large_image\" \/>\n<meta name=\"twitter:creator\" content=\"@Mikerecomienda\" \/>\n<meta name=\"twitter:label1\" content=\"Escrito por\" \/>\n\t<meta name=\"twitter:data1\" content=\"Miguel Angel Romero\" \/>\n\t<meta name=\"twitter:label2\" content=\"Tiempo de lectura\" \/>\n\t<meta name=\"twitter:data2\" content=\"2 minutos\" \/>\n<script type=\"application\/ld+json\" class=\"yoast-schema-graph\">{\"@context\":\"https:\/\/schema.org\",\"@graph\":[{\"@type\":\"Article\",\"@id\":\"https:\/\/soclose.mx\/blog\/news-feed\/6-datos-de-la-serie-inspirada-en-las-culturas-maya-inca-y-azteca\/#article\",\"isPartOf\":{\"@id\":\"https:\/\/soclose.mx\/blog\/news-feed\/6-datos-de-la-serie-inspirada-en-las-culturas-maya-inca-y-azteca\/\"},\"author\":{\"name\":\"Miguel Angel Romero\",\"@id\":\"https:\/\/soclose.mx\/blog\/#\/schema\/person\/cddec6ccd5d7037d286395fb411e23f1\"},\"headline\":\"6 datos de la serie inspirada en las culturas maya, inca y azteca\",\"datePublished\":\"2021-09-01T15:02:23+00:00\",\"mainEntityOfPage\":{\"@id\":\"https:\/\/soclose.mx\/blog\/news-feed\/6-datos-de-la-serie-inspirada-en-las-culturas-maya-inca-y-azteca\/\"},\"wordCount\":260,\"commentCount\":0,\"publisher\":{\"@id\":\"https:\/\/soclose.mx\/blog\/#organization\"},\"image\":{\"@id\":\"https:\/\/soclose.mx\/blog\/news-feed\/6-datos-de-la-serie-inspirada-en-las-culturas-maya-inca-y-azteca\/#primaryimage\"},\"thumbnailUrl\":\"https:\/\/i0.wp.com\/soclose.mx\/blog\/wp-content\/uploads\/2021\/08\/Principal-So-Close-blog-7-2.jpg?fit=1240%2C700&ssl=1\",\"keywords\":[\"azteca\",\"maya\",\"Maya y los tres\",\"netflix\",\"serie\"],\"articleSection\":[\"News feed\"],\"inLanguage\":\"es\",\"potentialAction\":[{\"@type\":\"CommentAction\",\"name\":\"Comment\",\"target\":[\"https:\/\/soclose.mx\/blog\/news-feed\/6-datos-de-la-serie-inspirada-en-las-culturas-maya-inca-y-azteca\/#respond\"]}]},{\"@type\":\"WebPage\",\"@id\":\"https:\/\/soclose.mx\/blog\/news-feed\/6-datos-de-la-serie-inspirada-en-las-culturas-maya-inca-y-azteca\/\",\"url\":\"https:\/\/soclose.mx\/blog\/news-feed\/6-datos-de-la-serie-inspirada-en-las-culturas-maya-inca-y-azteca\/\",\"name\":\"6 datos de la serie inspirada en las culturas maya, inca y azteca - So Close\",\"isPartOf\":{\"@id\":\"https:\/\/soclose.mx\/blog\/#website\"},\"primaryImageOfPage\":{\"@id\":\"https:\/\/soclose.mx\/blog\/news-feed\/6-datos-de-la-serie-inspirada-en-las-culturas-maya-inca-y-azteca\/#primaryimage\"},\"image\":{\"@id\":\"https:\/\/soclose.mx\/blog\/news-feed\/6-datos-de-la-serie-inspirada-en-las-culturas-maya-inca-y-azteca\/#primaryimage\"},\"thumbnailUrl\":\"https:\/\/i0.wp.com\/soclose.mx\/blog\/wp-content\/uploads\/2021\/08\/Principal-So-Close-blog-7-2.jpg?fit=1240%2C700&ssl=1\",\"datePublished\":\"2021-09-01T15:02:23+00:00\",\"description\":\"Maya y los Tres\u00a0y trata sobre una princesa guerrera que debe embarcarse en una aventura para cumplir una profec\u00eda antigua.\",\"breadcrumb\":{\"@id\":\"https:\/\/soclose.mx\/blog\/news-feed\/6-datos-de-la-serie-inspirada-en-las-culturas-maya-inca-y-azteca\/#breadcrumb\"},\"inLanguage\":\"es\",\"potentialAction\":[{\"@type\":\"ReadAction\",\"target\":[\"https:\/\/soclose.mx\/blog\/news-feed\/6-datos-de-la-serie-inspirada-en-las-culturas-maya-inca-y-azteca\/\"]}]},{\"@type\":\"ImageObject\",\"inLanguage\":\"es\",\"@id\":\"https:\/\/soclose.mx\/blog\/news-feed\/6-datos-de-la-serie-inspirada-en-las-culturas-maya-inca-y-azteca\/#primaryimage\",\"url\":\"https:\/\/i0.wp.com\/soclose.mx\/blog\/wp-content\/uploads\/2021\/08\/Principal-So-Close-blog-7-2.jpg?fit=1240%2C700&ssl=1\",\"contentUrl\":\"https:\/\/i0.wp.com\/soclose.mx\/blog\/wp-content\/uploads\/2021\/08\/Principal-So-Close-blog-7-2.jpg?fit=1240%2C700&ssl=1\",\"width\":1240,\"height\":700},{\"@type\":\"BreadcrumbList\",\"@id\":\"https:\/\/soclose.mx\/blog\/news-feed\/6-datos-de-la-serie-inspirada-en-las-culturas-maya-inca-y-azteca\/#breadcrumb\",\"itemListElement\":[{\"@type\":\"ListItem\",\"position\":1,\"name\":\"Inicio\",\"item\":\"https:\/\/soclose.mx\/blog\/\"},{\"@type\":\"ListItem\",\"position\":2,\"name\":\"6 datos de la serie inspirada en las culturas maya, inca y azteca\"}]},{\"@type\":\"WebSite\",\"@id\":\"https:\/\/soclose.mx\/blog\/#website\",\"url\":\"https:\/\/soclose.mx\/blog\/\",\"name\":\"So Close\",\"description\":\"Hacemos contenidos de M\u00e9xico\",\"publisher\":{\"@id\":\"https:\/\/soclose.mx\/blog\/#organization\"},\"potentialAction\":[{\"@type\":\"SearchAction\",\"target\":{\"@type\":\"EntryPoint\",\"urlTemplate\":\"https:\/\/soclose.mx\/blog\/?s={search_term_string}\"},\"query-input\":{\"@type\":\"PropertyValueSpecification\",\"valueRequired\":true,\"valueName\":\"search_term_string\"}}],\"inLanguage\":\"es\"},{\"@type\":\"Organization\",\"@id\":\"https:\/\/soclose.mx\/blog\/#organization\",\"name\":\"So Close\",\"url\":\"https:\/\/soclose.mx\/blog\/\",\"logo\":{\"@type\":\"ImageObject\",\"inLanguage\":\"es\",\"@id\":\"https:\/\/soclose.mx\/blog\/#\/schema\/logo\/image\/\",\"url\":\"https:\/\/i0.wp.com\/soclose.mx\/blog\/wp-content\/uploads\/2020\/12\/LOGO_SOCLOSE_COLOR-e1608310133507.png?fit=2858%2C1264&ssl=1\",\"contentUrl\":\"https:\/\/i0.wp.com\/soclose.mx\/blog\/wp-content\/uploads\/2020\/12\/LOGO_SOCLOSE_COLOR-e1608310133507.png?fit=2858%2C1264&ssl=1\",\"width\":2858,\"height\":1264,\"caption\":\"So Close\"},\"image\":{\"@id\":\"https:\/\/soclose.mx\/blog\/#\/schema\/logo\/image\/\"}},{\"@type\":\"Person\",\"@id\":\"https:\/\/soclose.mx\/blog\/#\/schema\/person\/cddec6ccd5d7037d286395fb411e23f1\",\"name\":\"Miguel Angel Romero\",\"image\":{\"@type\":\"ImageObject\",\"inLanguage\":\"es\",\"@id\":\"https:\/\/soclose.mx\/blog\/#\/schema\/person\/image\/\",\"url\":\"https:\/\/secure.gravatar.com\/avatar\/45b44006b4f93497bb24d251f77bc39385015bfa120582412df580dbfcbb14f3?s=96&d=mm&r=g\",\"contentUrl\":\"https:\/\/secure.gravatar.com\/avatar\/45b44006b4f93497bb24d251f77bc39385015bfa120582412df580dbfcbb14f3?s=96&d=mm&r=g\",\"caption\":\"Miguel Angel Romero\"},\"sameAs\":[\"http:\/\/\/mikexever.blogspot.com\/\",\"www.facebook.com\/mikexever\/\",\"https:\/\/x.com\/Mikerecomienda\"],\"url\":\"https:\/\/soclose.mx\/blog\/author\/mike\/\"}]}<\/script>\n<!-- \/ Yoast SEO plugin. -->","yoast_head_json":{"title":"6 datos de la serie inspirada en las culturas maya, inca y azteca - So Close","description":"Maya y los Tres\u00a0y trata sobre una princesa guerrera que debe embarcarse en una aventura para cumplir una profec\u00eda antigua.","robots":{"index":"index","follow":"follow","max-snippet":"max-snippet:-1","max-image-preview":"max-image-preview:large","max-video-preview":"max-video-preview:-1"},"canonical":"https:\/\/soclose.mx\/blog\/news-feed\/6-datos-de-la-serie-inspirada-en-las-culturas-maya-inca-y-azteca\/","og_locale":"es_MX","og_type":"article","og_title":"6 datos de la serie inspirada en las culturas maya, inca y azteca - So Close","og_description":"Maya y los Tres\u00a0y trata sobre una princesa guerrera que debe embarcarse en una aventura para cumplir una profec\u00eda antigua.","og_url":"https:\/\/soclose.mx\/blog\/news-feed\/6-datos-de-la-serie-inspirada-en-las-culturas-maya-inca-y-azteca\/","og_site_name":"So Close","article_author":"www.facebook.com\/mikexever\/","article_published_time":"2021-09-01T15:02:23+00:00","og_image":[{"width":1240,"height":700,"url":"https:\/\/i0.wp.com\/soclose.mx\/blog\/wp-content\/uploads\/2021\/08\/Principal-So-Close-blog-7-2.jpg?fit=1240%2C700&ssl=1","type":"image\/jpeg"}],"author":"Miguel Angel Romero","twitter_card":"summary_large_image","twitter_creator":"@Mikerecomienda","twitter_misc":{"Escrito por":"Miguel Angel Romero","Tiempo de lectura":"2 minutos"},"schema":{"@context":"https:\/\/schema.org","@graph":[{"@type":"Article","@id":"https:\/\/soclose.mx\/blog\/news-feed\/6-datos-de-la-serie-inspirada-en-las-culturas-maya-inca-y-azteca\/#article","isPartOf":{"@id":"https:\/\/soclose.mx\/blog\/news-feed\/6-datos-de-la-serie-inspirada-en-las-culturas-maya-inca-y-azteca\/"},"author":{"name":"Miguel Angel Romero","@id":"https:\/\/soclose.mx\/blog\/#\/schema\/person\/cddec6ccd5d7037d286395fb411e23f1"},"headline":"6 datos de la serie inspirada en las culturas maya, inca y azteca","datePublished":"2021-09-01T15:02:23+00:00","mainEntityOfPage":{"@id":"https:\/\/soclose.mx\/blog\/news-feed\/6-datos-de-la-serie-inspirada-en-las-culturas-maya-inca-y-azteca\/"},"wordCount":260,"commentCount":0,"publisher":{"@id":"https:\/\/soclose.mx\/blog\/#organization"},"image":{"@id":"https:\/\/soclose.mx\/blog\/news-feed\/6-datos-de-la-serie-inspirada-en-las-culturas-maya-inca-y-azteca\/#primaryimage"},"thumbnailUrl":"https:\/\/i0.wp.com\/soclose.mx\/blog\/wp-content\/uploads\/2021\/08\/Principal-So-Close-blog-7-2.jpg?fit=1240%2C700&ssl=1","keywords":["azteca","maya","Maya y los tres","netflix","serie"],"articleSection":["News feed"],"inLanguage":"es","potentialAction":[{"@type":"CommentAction","name":"Comment","target":["https:\/\/soclose.mx\/blog\/news-feed\/6-datos-de-la-serie-inspirada-en-las-culturas-maya-inca-y-azteca\/#respond"]}]},{"@type":"WebPage","@id":"https:\/\/soclose.mx\/blog\/news-feed\/6-datos-de-la-serie-inspirada-en-las-culturas-maya-inca-y-azteca\/","url":"https:\/\/soclose.mx\/blog\/news-feed\/6-datos-de-la-serie-inspirada-en-las-culturas-maya-inca-y-azteca\/","name":"6 datos de la serie inspirada en las culturas maya, inca y azteca - So Close","isPartOf":{"@id":"https:\/\/soclose.mx\/blog\/#website"},"primaryImageOfPage":{"@id":"https:\/\/soclose.mx\/blog\/news-feed\/6-datos-de-la-serie-inspirada-en-las-culturas-maya-inca-y-azteca\/#primaryimage"},"image":{"@id":"https:\/\/soclose.mx\/blog\/news-feed\/6-datos-de-la-serie-inspirada-en-las-culturas-maya-inca-y-azteca\/#primaryimage"},"thumbnailUrl":"https:\/\/i0.wp.com\/soclose.mx\/blog\/wp-content\/uploads\/2021\/08\/Principal-So-Close-blog-7-2.jpg?fit=1240%2C700&ssl=1","datePublished":"2021-09-01T15:02:23+00:00","description":"Maya y los Tres\u00a0y trata sobre una princesa guerrera que debe embarcarse en una aventura para cumplir una profec\u00eda antigua.","breadcrumb":{"@id":"https:\/\/soclose.mx\/blog\/news-feed\/6-datos-de-la-serie-inspirada-en-las-culturas-maya-inca-y-azteca\/#breadcrumb"},"inLanguage":"es","potentialAction":[{"@type":"ReadAction","target":["https:\/\/soclose.mx\/blog\/news-feed\/6-datos-de-la-serie-inspirada-en-las-culturas-maya-inca-y-azteca\/"]}]},{"@type":"ImageObject","inLanguage":"es","@id":"https:\/\/soclose.mx\/blog\/news-feed\/6-datos-de-la-serie-inspirada-en-las-culturas-maya-inca-y-azteca\/#primaryimage","url":"https:\/\/i0.wp.com\/soclose.mx\/blog\/wp-content\/uploads\/2021\/08\/Principal-So-Close-blog-7-2.jpg?fit=1240%2C700&ssl=1","contentUrl":"https:\/\/i0.wp.com\/soclose.mx\/blog\/wp-content\/uploads\/2021\/08\/Principal-So-Close-blog-7-2.jpg?fit=1240%2C700&ssl=1","width":1240,"height":700},{"@type":"BreadcrumbList","@id":"https:\/\/soclose.mx\/blog\/news-feed\/6-datos-de-la-serie-inspirada-en-las-culturas-maya-inca-y-azteca\/#breadcrumb","itemListElement":[{"@type":"ListItem","position":1,"name":"Inicio","item":"https:\/\/soclose.mx\/blog\/"},{"@type":"ListItem","position":2,"name":"6 datos de la serie inspirada en las culturas maya, inca y azteca"}]},{"@type":"WebSite","@id":"https:\/\/soclose.mx\/blog\/#website","url":"https:\/\/soclose.mx\/blog\/","name":"So Close","description":"Hacemos contenidos de M\u00e9xico","publisher":{"@id":"https:\/\/soclose.mx\/blog\/#organization"},"potentialAction":[{"@type":"SearchAction","target":{"@type":"EntryPoint","urlTemplate":"https:\/\/soclose.mx\/blog\/?s={search_term_string}"},"query-input":{"@type":"PropertyValueSpecification","valueRequired":true,"valueName":"search_term_string"}}],"inLanguage":"es"},{"@type":"Organization","@id":"https:\/\/soclose.mx\/blog\/#organization","name":"So Close","url":"https:\/\/soclose.mx\/blog\/","logo":{"@type":"ImageObject","inLanguage":"es","@id":"https:\/\/soclose.mx\/blog\/#\/schema\/logo\/image\/","url":"https:\/\/i0.wp.com\/soclose.mx\/blog\/wp-content\/uploads\/2020\/12\/LOGO_SOCLOSE_COLOR-e1608310133507.png?fit=2858%2C1264&ssl=1","contentUrl":"https:\/\/i0.wp.com\/soclose.mx\/blog\/wp-content\/uploads\/2020\/12\/LOGO_SOCLOSE_COLOR-e1608310133507.png?fit=2858%2C1264&ssl=1","width":2858,"height":1264,"caption":"So Close"},"image":{"@id":"https:\/\/soclose.mx\/blog\/#\/schema\/logo\/image\/"}},{"@type":"Person","@id":"https:\/\/soclose.mx\/blog\/#\/schema\/person\/cddec6ccd5d7037d286395fb411e23f1","name":"Miguel Angel Romero","image":{"@type":"ImageObject","inLanguage":"es","@id":"https:\/\/soclose.mx\/blog\/#\/schema\/person\/image\/","url":"https:\/\/secure.gravatar.com\/avatar\/45b44006b4f93497bb24d251f77bc39385015bfa120582412df580dbfcbb14f3?s=96&d=mm&r=g","contentUrl":"https:\/\/secure.gravatar.com\/avatar\/45b44006b4f93497bb24d251f77bc39385015bfa120582412df580dbfcbb14f3?s=96&d=mm&r=g","caption":"Miguel Angel Romero"},"sameAs":["http:\/\/\/mikexever.blogspot.com\/","www.facebook.com\/mikexever\/","https:\/\/x.com\/Mikerecomienda"],"url":"https:\/\/soclose.mx\/blog\/author\/mike\/"}]}},"jetpack_featured_media_url":"https:\/\/i0.wp.com\/soclose.mx\/blog\/wp-content\/uploads\/2021\/08\/Principal-So-Close-blog-7-2.jpg?fit=1240%2C700&ssl=1","jetpack-related-posts":[{"id":6999,"url":"https:\/\/soclose.mx\/blog\/news-feed\/descubren-dos-basureros-prehispanicos-en-la-colonia-guerrero\/","url_meta":{"origin":7029,"position":0},"title":"Descubren dos basureros prehisp\u00e1nicos en la colonia Guerrero","author":"Miguel Angel Romero","date":"31 agosto, 2021","format":false,"excerpt":"Investigadoras del\u00a0Instituto Nacional de Antropolog\u00eda e Historia (INAH)\u00a0encontraron dos basureros prehisp\u00e1nicos, en la calle San Fernando, colonia Guerrero, con objetos que corresponden a las fases Azteca III (1430-1500 d.C.) y Azteca IV (1500-1521 d.C.). Adem\u00e1s, en calles aleda\u00f1as, hallaron un piso y restos de muros del Ex Convento de San\u2026","rel":"","context":"En &quot;News feed&quot;","block_context":{"text":"News feed","link":"https:\/\/soclose.mx\/blog\/category\/news-feed\/"},"img":{"alt_text":"","src":"https:\/\/i0.wp.com\/soclose.mx\/blog\/wp-content\/uploads\/2021\/08\/Principal-So-Close-blog-33.jpg?fit=1200%2C677&ssl=1&resize=350%2C200","width":350,"height":200,"srcset":"https:\/\/i0.wp.com\/soclose.mx\/blog\/wp-content\/uploads\/2021\/08\/Principal-So-Close-blog-33.jpg?fit=1200%2C677&ssl=1&resize=350%2C200 1x, https:\/\/i0.wp.com\/soclose.mx\/blog\/wp-content\/uploads\/2021\/08\/Principal-So-Close-blog-33.jpg?fit=1200%2C677&ssl=1&resize=525%2C300 1.5x, https:\/\/i0.wp.com\/soclose.mx\/blog\/wp-content\/uploads\/2021\/08\/Principal-So-Close-blog-33.jpg?fit=1200%2C677&ssl=1&resize=700%2C400 2x, https:\/\/i0.wp.com\/soclose.mx\/blog\/wp-content\/uploads\/2021\/08\/Principal-So-Close-blog-33.jpg?fit=1200%2C677&ssl=1&resize=1050%2C600 3x"},"classes":[]},{"id":9814,"url":"https:\/\/soclose.mx\/blog\/para-todos\/surcoreanos-agotan-boletos-para-exposicion-de-los-aztecas\/","url_meta":{"origin":7029,"position":1},"title":"Surcoreanos agotan boletos para exposici\u00f3n de los Aztecas","author":"Daniel Ram\u00edrez","date":"11 mayo, 2022","format":false,"excerpt":"La cultura mexicana no conoce fronteras, cada vez m\u00e1s pa\u00edses reconocen el legado que ha dejado M\u00e9xico a lo largo de su historia. Para muestra un bot\u00f3n. El pasado 2 de mayo se inaugur\u00f3 en Se\u00fal, Corea del Sur, la exposici\u00f3n \u201cAztecas: el pueblo que movi\u00f3 el Sol\u201d. De acuerdo\u2026","rel":"","context":"En &quot;\u00a1Ay goeeee!&quot;","block_context":{"text":"\u00a1Ay goeeee!","link":"https:\/\/soclose.mx\/blog\/category\/ay-goeeee\/"},"img":{"alt_text":"","src":"https:\/\/i0.wp.com\/soclose.mx\/blog\/wp-content\/uploads\/2022\/05\/pexels-kres-thomas-10785484-scaled.jpg?fit=1200%2C800&ssl=1&resize=350%2C200","width":350,"height":200,"srcset":"https:\/\/i0.wp.com\/soclose.mx\/blog\/wp-content\/uploads\/2022\/05\/pexels-kres-thomas-10785484-scaled.jpg?fit=1200%2C800&ssl=1&resize=350%2C200 1x, https:\/\/i0.wp.com\/soclose.mx\/blog\/wp-content\/uploads\/2022\/05\/pexels-kres-thomas-10785484-scaled.jpg?fit=1200%2C800&ssl=1&resize=525%2C300 1.5x, https:\/\/i0.wp.com\/soclose.mx\/blog\/wp-content\/uploads\/2022\/05\/pexels-kres-thomas-10785484-scaled.jpg?fit=1200%2C800&ssl=1&resize=700%2C400 2x, https:\/\/i0.wp.com\/soclose.mx\/blog\/wp-content\/uploads\/2022\/05\/pexels-kres-thomas-10785484-scaled.jpg?fit=1200%2C800&ssl=1&resize=1050%2C600 3x"},"classes":[]},{"id":7065,"url":"https:\/\/soclose.mx\/blog\/news-feed\/cultura-azteca-llega-a-la-nba\/","url_meta":{"origin":7029,"position":2},"title":"Cultura azteca llega a la NBA","author":"Miguel Angel Romero","date":"4 septiembre, 2021","format":false,"excerpt":"El equipo de la NBA, Phoenix Suns, se convirti\u00f3 en el primer equipo de baloncesto \u00a0en rendir un\u00a0homenaje a la cultura azteca. El nuevo uniforme ser\u00eda totalmente negro con detalles en violeta y plata, con la Piedra del Sol al frente, el Disco de la Muerte en la espalda y\u2026","rel":"","context":"En &quot;News feed&quot;","block_context":{"text":"News feed","link":"https:\/\/soclose.mx\/blog\/category\/news-feed\/"},"img":{"alt_text":"","src":"https:\/\/i0.wp.com\/soclose.mx\/blog\/wp-content\/uploads\/2021\/08\/Principal-So-Close-blog-19-1.jpg?fit=1200%2C677&ssl=1&resize=350%2C200","width":350,"height":200,"srcset":"https:\/\/i0.wp.com\/soclose.mx\/blog\/wp-content\/uploads\/2021\/08\/Principal-So-Close-blog-19-1.jpg?fit=1200%2C677&ssl=1&resize=350%2C200 1x, https:\/\/i0.wp.com\/soclose.mx\/blog\/wp-content\/uploads\/2021\/08\/Principal-So-Close-blog-19-1.jpg?fit=1200%2C677&ssl=1&resize=525%2C300 1.5x, https:\/\/i0.wp.com\/soclose.mx\/blog\/wp-content\/uploads\/2021\/08\/Principal-So-Close-blog-19-1.jpg?fit=1200%2C677&ssl=1&resize=700%2C400 2x, https:\/\/i0.wp.com\/soclose.mx\/blog\/wp-content\/uploads\/2021\/08\/Principal-So-Close-blog-19-1.jpg?fit=1200%2C677&ssl=1&resize=1050%2C600 3x"},"classes":[]},{"id":14746,"url":"https:\/\/soclose.mx\/blog\/a-la-mexicana\/estadio-azteca-ahora-estadio-banorte-la-historia-del-coloso-de-santa-ursula\/","url_meta":{"origin":7029,"position":3},"title":"Estadio Azteca ahora Estadio Banorte, la historia del Coloso de Santa Ursula","author":"So Close","date":"14 marzo, 2025","format":false,"excerpt":"El Estadio Azteca ahora Estadio Banorte, conocido como el \"Coloso de Santa \u00darsula\", es uno de los monumentos m\u00e1s emblem\u00e1ticos del mundo. Ubicado en la Ciudad de M\u00e9xico, este recinto ha sido testigo de momentos hist\u00f3ricos en el f\u00fatbol y ha dejado una huella imborrable en la cultura deportiva mexicana.\u2026","rel":"","context":"En &quot;A la mexicana&quot;","block_context":{"text":"A la mexicana","link":"https:\/\/soclose.mx\/blog\/category\/a-la-mexicana\/"},"img":{"alt_text":"Estadio Azteca","src":"https:\/\/i0.wp.com\/soclose.mx\/blog\/wp-content\/uploads\/2025\/03\/Estadio-Azteca.jpg?fit=1200%2C675&ssl=1&resize=350%2C200","width":350,"height":200,"srcset":"https:\/\/i0.wp.com\/soclose.mx\/blog\/wp-content\/uploads\/2025\/03\/Estadio-Azteca.jpg?fit=1200%2C675&ssl=1&resize=350%2C200 1x, https:\/\/i0.wp.com\/soclose.mx\/blog\/wp-content\/uploads\/2025\/03\/Estadio-Azteca.jpg?fit=1200%2C675&ssl=1&resize=525%2C300 1.5x, https:\/\/i0.wp.com\/soclose.mx\/blog\/wp-content\/uploads\/2025\/03\/Estadio-Azteca.jpg?fit=1200%2C675&ssl=1&resize=700%2C400 2x, https:\/\/i0.wp.com\/soclose.mx\/blog\/wp-content\/uploads\/2025\/03\/Estadio-Azteca.jpg?fit=1200%2C675&ssl=1&resize=1050%2C600 3x"},"classes":[]},{"id":6202,"url":"https:\/\/soclose.mx\/blog\/ay-goeeee\/video-claves-para-entender-a-mictlan-an-ancient-mythical-tale-un-videojuego-hecho-en-mexico\/","url_meta":{"origin":7029,"position":4},"title":"VIDEO | Claves para entender a &#8216;Mictlan: An Ancient Mythical Tale&#8217;, un videojuego hecho en M\u00e9xico","author":"So Close","date":"10 junio, 2021","format":false,"excerpt":"Meta Studios, empresa que est\u00e1 detr\u00e1s de este proyecto, indica que el videojuego\u00a0 ya est\u00e1 m\u00e1s que avanzado y pr\u00f3ximamente estar\u00e1n dando noticias del lanzamiento, mientras tanto te dejamos las claves para entender de qu\u00e9 va este proyecto muy mexicano. Est\u00e1 ambientado en la \u00e9poca de la conquista de M\u00e9xico.\u2026","rel":"","context":"En &quot;\u00a1Ay goeeee!&quot;","block_context":{"text":"\u00a1Ay goeeee!","link":"https:\/\/soclose.mx\/blog\/category\/ay-goeeee\/"},"img":{"alt_text":"","src":"https:\/\/i0.wp.com\/soclose.mx\/blog\/wp-content\/uploads\/2021\/06\/videojuego-mexicano-mictlan.jpeg?fit=1200%2C677&ssl=1&resize=350%2C200","width":350,"height":200,"srcset":"https:\/\/i0.wp.com\/soclose.mx\/blog\/wp-content\/uploads\/2021\/06\/videojuego-mexicano-mictlan.jpeg?fit=1200%2C677&ssl=1&resize=350%2C200 1x, https:\/\/i0.wp.com\/soclose.mx\/blog\/wp-content\/uploads\/2021\/06\/videojuego-mexicano-mictlan.jpeg?fit=1200%2C677&ssl=1&resize=525%2C300 1.5x, https:\/\/i0.wp.com\/soclose.mx\/blog\/wp-content\/uploads\/2021\/06\/videojuego-mexicano-mictlan.jpeg?fit=1200%2C677&ssl=1&resize=700%2C400 2x, https:\/\/i0.wp.com\/soclose.mx\/blog\/wp-content\/uploads\/2021\/06\/videojuego-mexicano-mictlan.jpeg?fit=1200%2C677&ssl=1&resize=1050%2C600 3x"},"classes":[]},{"id":7478,"url":"https:\/\/soclose.mx\/blog\/ay-goeeee\/7-detalles-de-la-ave-preciosa-de-mexico-el-quetzal\/","url_meta":{"origin":7029,"position":5},"title":"7 detalles de la ave preciosa de M\u00e9xico, el quetzal","author":"Miguel Angel Romero","date":"21 octubre, 2021","format":false,"excerpt":"El\u00a0quetzal considerada una de las aves m\u00e1s hermosas del mundo, y predilecta por los aztecas y mayas, es sumamente especial. Es por eso que te compartimos siete datos sobre la famosa ave tornasol de la cola larga: 1. Se considera un ave mon\u00f3gama de 38 cent\u00edmetros de alto, que se\u2026","rel":"","context":"En &quot;\u00a1Ay goeeee!&quot;","block_context":{"text":"\u00a1Ay goeeee!","link":"https:\/\/soclose.mx\/blog\/category\/ay-goeeee\/"},"img":{"alt_text":"","src":"https:\/\/i0.wp.com\/soclose.mx\/blog\/wp-content\/uploads\/2021\/10\/Copia-de-Principal-So-Close-blog-8-1.png?fit=1200%2C677&ssl=1&resize=350%2C200","width":350,"height":200,"srcset":"https:\/\/i0.wp.com\/soclose.mx\/blog\/wp-content\/uploads\/2021\/10\/Copia-de-Principal-So-Close-blog-8-1.png?fit=1200%2C677&ssl=1&resize=350%2C200 1x, https:\/\/i0.wp.com\/soclose.mx\/blog\/wp-content\/uploads\/2021\/10\/Copia-de-Principal-So-Close-blog-8-1.png?fit=1200%2C677&ssl=1&resize=525%2C300 1.5x, https:\/\/i0.wp.com\/soclose.mx\/blog\/wp-content\/uploads\/2021\/10\/Copia-de-Principal-So-Close-blog-8-1.png?fit=1200%2C677&ssl=1&resize=700%2C400 2x, https:\/\/i0.wp.com\/soclose.mx\/blog\/wp-content\/uploads\/2021\/10\/Copia-de-Principal-So-Close-blog-8-1.png?fit=1200%2C677&ssl=1&resize=1050%2C600 3x"},"classes":[]}],"jetpack_sharing_enabled":true,"_links":{"self":[{"href":"https:\/\/soclose.mx\/blog\/wp-json\/wp\/v2\/posts\/7029","targetHints":{"allow":["GET"]}}],"collection":[{"href":"https:\/\/soclose.mx\/blog\/wp-json\/wp\/v2\/posts"}],"about":[{"href":"https:\/\/soclose.mx\/blog\/wp-json\/wp\/v2\/types\/post"}],"author":[{"embeddable":true,"href":"https:\/\/soclose.mx\/blog\/wp-json\/wp\/v2\/users\/8"}],"replies":[{"embeddable":true,"href":"https:\/\/soclose.mx\/blog\/wp-json\/wp\/v2\/comments?post=7029"}],"version-history":[{"count":0,"href":"https:\/\/soclose.mx\/blog\/wp-json\/wp\/v2\/posts\/7029\/revisions"}],"wp:featuredmedia":[{"embeddable":true,"href":"https:\/\/soclose.mx\/blog\/wp-json\/wp\/v2\/media\/7030"}],"wp:attachment":[{"href":"https:\/\/soclose.mx\/blog\/wp-json\/wp\/v2\/media?parent=7029"}],"wp:term":[{"taxonomy":"category","embeddable":true,"href":"https:\/\/soclose.mx\/blog\/wp-json\/wp\/v2\/categories?post=7029"},{"taxonomy":"post_tag","embeddable":true,"href":"https:\/\/soclose.mx\/blog\/wp-json\/wp\/v2\/tags?post=7029"}],"curies":[{"name":"wp","href":"https:\/\/api.w.org\/{rel}","templated":true}]}}