{"id":7065,"date":"2021-09-04T09:00:45","date_gmt":"2021-09-04T14:00:45","guid":{"rendered":"https:\/\/soclose.mx\/blog\/?p=7065"},"modified":"2021-08-31T23:09:05","modified_gmt":"2021-09-01T04:09:05","slug":"cultura-azteca-llega-a-la-nba","status":"publish","type":"post","link":"https:\/\/soclose.mx\/blog\/news-feed\/cultura-azteca-llega-a-la-nba\/","title":{"rendered":"Cultura azteca llega a la NBA"},"content":{"rendered":"<p>El equipo de la <strong>NBA<\/strong>, <strong>Phoenix Suns,<\/strong> se convirti\u00f3 en el primer equipo de baloncesto \u00a0en rendir un\u00a0homenaje a la <strong>cultura azteca<\/strong>.<\/p>\n<p>El nuevo uniforme ser\u00eda totalmente negro con detalles en violeta y plata, con la <strong>Piedra del Sol<\/strong> al frente, el <strong>Disco de la Muerte<\/strong> en la espalda y una armadura de guerrero jaguar en el pantal\u00f3n corto.<\/p>\n<p>La idea de utilizar algunos de los elementos aztecas m\u00e1s importantes es que los jugadores y los aficionados se identifiquen con los valores de esa cultura: la audacia, la idea de pelear siempre por su gente, el valor y la unidad.<\/p>\n<p>El nuevo textil de los <strong>Suns<\/strong> fue revelado\u00a0 a trav\u00e9s de las redes sociales del equipo, como parte de una estrategia para conocer las primeras reacciones de los fan\u00e1ticos, quienes hasta el momento se han mostrado mayoritariamente a favor.<\/p>\n<p><img data-recalc-dims=\"1\" fetchpriority=\"high\" decoding=\"async\" class=\"alignnone size-medium wp-image-7068\" src=\"https:\/\/i0.wp.com\/soclose.mx\/blog\/wp-content\/uploads\/2021\/08\/Concept_4-1.png?resize=300%2C300&#038;ssl=1\" alt=\"\" width=\"300\" height=\"300\" srcset=\"https:\/\/i0.wp.com\/soclose.mx\/blog\/wp-content\/uploads\/2021\/08\/Concept_4-1.png?resize=300%2C300&amp;ssl=1 300w, https:\/\/i0.wp.com\/soclose.mx\/blog\/wp-content\/uploads\/2021\/08\/Concept_4-1.png?resize=1024%2C1024&amp;ssl=1 1024w, https:\/\/i0.wp.com\/soclose.mx\/blog\/wp-content\/uploads\/2021\/08\/Concept_4-1.png?resize=150%2C150&amp;ssl=1 150w, https:\/\/i0.wp.com\/soclose.mx\/blog\/wp-content\/uploads\/2021\/08\/Concept_4-1.png?resize=768%2C768&amp;ssl=1 768w, https:\/\/i0.wp.com\/soclose.mx\/blog\/wp-content\/uploads\/2021\/08\/Concept_4-1.png?resize=12%2C12&amp;ssl=1 12w, https:\/\/i0.wp.com\/soclose.mx\/blog\/wp-content\/uploads\/2021\/08\/Concept_4-1.png?resize=770%2C770&amp;ssl=1 770w, https:\/\/i0.wp.com\/soclose.mx\/blog\/wp-content\/uploads\/2021\/08\/Concept_4-1.png?resize=110%2C110&amp;ssl=1 110w, https:\/\/i0.wp.com\/soclose.mx\/blog\/wp-content\/uploads\/2021\/08\/Concept_4-1.png?w=1080&amp;ssl=1 1080w\" sizes=\"(max-width: 300px) 100vw, 300px\" \/><\/p>\n<p>El dise\u00f1o fue examinado con representantes del gobierno mexicano, la <strong>C\u00e1mara de Comercio Hispana de Arizona y el Centro Cultural y de Arte Latino de Arizona<\/strong>.<\/p>\n<p>En 2021 Phoenix Suns cont\u00f3 con una buena parte de apoyo mexicano, en primer lugar porque <strong>Phoenix<\/strong> y en general todo el estado de Arizona tienen una gran comunidad mexicana. Adem\u00e1s el equipo cuenta con un jugador de ascendencia mexicana, <strong>Devin Booker<\/strong>.<\/p>\n<p>Recordemos que <strong>La Piedra del Sol<\/strong> simboliza la concepci\u00f3n del tiempo, sin embargo, no funcionaba como un calendario. En el centro de este monolito se encuentra el rostro semidescarnado de Tonatiuh, dios del Sol.<\/p>\n<p>Por su parte, el <strong>Disco de la Muerte<\/strong> representa un cr\u00e1neo humano con la lengua de fuera y con un tocado a manera de un resplandor que semeja papel plisado. Podr\u00eda estar relacionado con el sacrificio humano y la muerte del Sol.<\/p>\n","protected":false},"excerpt":{"rendered":"<p>El equipo de la NBA, Phoenix Suns, se convirti\u00f3 en el primer equipo de baloncesto \u00a0en rendir un\u00a0homenaje a la cultura azteca. El nuevo uniforme ser\u00eda totalmente negro con detalles en violeta y plata, con la Piedra del Sol al frente, el Disco de la Muerte en la espalda y una armadura de guerrero jaguar en el pantal\u00f3n corto. La idea de utilizar algunos de los elementos aztecas m\u00e1s importantes es que los jugadores y los aficionados se identifiquen con los valores de esa cultura: la audacia, la idea de pelear siempre por su gente, el valor y la unidad.<\/p>\n","protected":false},"author":8,"featured_media":7066,"comment_status":"open","ping_status":"open","sticky":false,"template":"","format":"standard","meta":{"_jetpack_memberships_contains_paid_content":false,"footnotes":""},"categories":[628],"tags":[1271,1284,1285],"class_list":["post-7065","post","type-post","status-publish","format-standard","has-post-thumbnail","hentry","category-news-feed","tag-azteca","tag-nba","tag-piedra-del-sol"],"yoast_head":"<!-- This site is optimized with the Yoast SEO plugin v26.7 - https:\/\/yoast.com\/wordpress\/plugins\/seo\/ -->\n<title>Cultura azteca llega a la NBA - So Close<\/title>\n<meta name=\"description\" content=\"El nuevo uniforme de la NBA contiene la Piedra del Sol al frente, el Disco de la Muerte en la espalda y una armadura de guerrero jaguar en el pantal\u00f3n corto\" \/>\n<meta name=\"robots\" content=\"index, follow, max-snippet:-1, max-image-preview:large, max-video-preview:-1\" \/>\n<link rel=\"canonical\" href=\"https:\/\/soclose.mx\/blog\/news-feed\/cultura-azteca-llega-a-la-nba\/\" \/>\n<meta property=\"og:locale\" content=\"es_MX\" \/>\n<meta property=\"og:type\" content=\"article\" \/>\n<meta property=\"og:title\" content=\"Cultura azteca llega a la NBA - So Close\" \/>\n<meta property=\"og:description\" content=\"El nuevo uniforme de la NBA contiene la Piedra del Sol al frente, el Disco de la Muerte en la espalda y una armadura de guerrero jaguar en el pantal\u00f3n corto\" \/>\n<meta property=\"og:url\" content=\"https:\/\/soclose.mx\/blog\/news-feed\/cultura-azteca-llega-a-la-nba\/\" \/>\n<meta property=\"og:site_name\" content=\"So Close\" \/>\n<meta property=\"article:author\" content=\"www.facebook.com\/mikexever\/\" \/>\n<meta property=\"article:published_time\" content=\"2021-09-04T14:00:45+00:00\" \/>\n<meta property=\"og:image\" content=\"https:\/\/soclose.mx\/blog\/wp-content\/uploads\/2021\/08\/Principal-So-Close-blog-19-1.jpg\" \/>\n\t<meta property=\"og:image:width\" content=\"1240\" \/>\n\t<meta property=\"og:image:height\" content=\"700\" \/>\n\t<meta property=\"og:image:type\" content=\"image\/jpeg\" \/>\n<meta name=\"author\" content=\"Miguel Angel Romero\" \/>\n<meta name=\"twitter:card\" content=\"summary_large_image\" \/>\n<meta name=\"twitter:creator\" content=\"@Mikerecomienda\" \/>\n<meta name=\"twitter:label1\" content=\"Escrito por\" \/>\n\t<meta name=\"twitter:data1\" content=\"Miguel Angel Romero\" \/>\n\t<meta name=\"twitter:label2\" content=\"Tiempo de lectura\" \/>\n\t<meta name=\"twitter:data2\" content=\"2 minutos\" \/>\n<script type=\"application\/ld+json\" class=\"yoast-schema-graph\">{\"@context\":\"https:\/\/schema.org\",\"@graph\":[{\"@type\":\"Article\",\"@id\":\"https:\/\/soclose.mx\/blog\/news-feed\/cultura-azteca-llega-a-la-nba\/#article\",\"isPartOf\":{\"@id\":\"https:\/\/soclose.mx\/blog\/news-feed\/cultura-azteca-llega-a-la-nba\/\"},\"author\":{\"name\":\"Miguel Angel Romero\",\"@id\":\"https:\/\/soclose.mx\/blog\/#\/schema\/person\/cddec6ccd5d7037d286395fb411e23f1\"},\"headline\":\"Cultura azteca llega a la NBA\",\"datePublished\":\"2021-09-04T14:00:45+00:00\",\"mainEntityOfPage\":{\"@id\":\"https:\/\/soclose.mx\/blog\/news-feed\/cultura-azteca-llega-a-la-nba\/\"},\"wordCount\":300,\"commentCount\":0,\"publisher\":{\"@id\":\"https:\/\/soclose.mx\/blog\/#organization\"},\"image\":{\"@id\":\"https:\/\/soclose.mx\/blog\/news-feed\/cultura-azteca-llega-a-la-nba\/#primaryimage\"},\"thumbnailUrl\":\"https:\/\/i0.wp.com\/soclose.mx\/blog\/wp-content\/uploads\/2021\/08\/Principal-So-Close-blog-19-1.jpg?fit=1240%2C700&ssl=1\",\"keywords\":[\"azteca\",\"NBA\",\"piedra del sol\"],\"articleSection\":[\"News feed\"],\"inLanguage\":\"es\",\"potentialAction\":[{\"@type\":\"CommentAction\",\"name\":\"Comment\",\"target\":[\"https:\/\/soclose.mx\/blog\/news-feed\/cultura-azteca-llega-a-la-nba\/#respond\"]}]},{\"@type\":\"WebPage\",\"@id\":\"https:\/\/soclose.mx\/blog\/news-feed\/cultura-azteca-llega-a-la-nba\/\",\"url\":\"https:\/\/soclose.mx\/blog\/news-feed\/cultura-azteca-llega-a-la-nba\/\",\"name\":\"Cultura azteca llega a la NBA - So Close\",\"isPartOf\":{\"@id\":\"https:\/\/soclose.mx\/blog\/#website\"},\"primaryImageOfPage\":{\"@id\":\"https:\/\/soclose.mx\/blog\/news-feed\/cultura-azteca-llega-a-la-nba\/#primaryimage\"},\"image\":{\"@id\":\"https:\/\/soclose.mx\/blog\/news-feed\/cultura-azteca-llega-a-la-nba\/#primaryimage\"},\"thumbnailUrl\":\"https:\/\/i0.wp.com\/soclose.mx\/blog\/wp-content\/uploads\/2021\/08\/Principal-So-Close-blog-19-1.jpg?fit=1240%2C700&ssl=1\",\"datePublished\":\"2021-09-04T14:00:45+00:00\",\"description\":\"El nuevo uniforme de la NBA contiene la Piedra del Sol al frente, el Disco de la Muerte en la espalda y una armadura de guerrero jaguar en el pantal\u00f3n corto\",\"breadcrumb\":{\"@id\":\"https:\/\/soclose.mx\/blog\/news-feed\/cultura-azteca-llega-a-la-nba\/#breadcrumb\"},\"inLanguage\":\"es\",\"potentialAction\":[{\"@type\":\"ReadAction\",\"target\":[\"https:\/\/soclose.mx\/blog\/news-feed\/cultura-azteca-llega-a-la-nba\/\"]}]},{\"@type\":\"ImageObject\",\"inLanguage\":\"es\",\"@id\":\"https:\/\/soclose.mx\/blog\/news-feed\/cultura-azteca-llega-a-la-nba\/#primaryimage\",\"url\":\"https:\/\/i0.wp.com\/soclose.mx\/blog\/wp-content\/uploads\/2021\/08\/Principal-So-Close-blog-19-1.jpg?fit=1240%2C700&ssl=1\",\"contentUrl\":\"https:\/\/i0.wp.com\/soclose.mx\/blog\/wp-content\/uploads\/2021\/08\/Principal-So-Close-blog-19-1.jpg?fit=1240%2C700&ssl=1\",\"width\":1240,\"height\":700},{\"@type\":\"BreadcrumbList\",\"@id\":\"https:\/\/soclose.mx\/blog\/news-feed\/cultura-azteca-llega-a-la-nba\/#breadcrumb\",\"itemListElement\":[{\"@type\":\"ListItem\",\"position\":1,\"name\":\"Inicio\",\"item\":\"https:\/\/soclose.mx\/blog\/\"},{\"@type\":\"ListItem\",\"position\":2,\"name\":\"Cultura azteca llega a la NBA\"}]},{\"@type\":\"WebSite\",\"@id\":\"https:\/\/soclose.mx\/blog\/#website\",\"url\":\"https:\/\/soclose.mx\/blog\/\",\"name\":\"So Close\",\"description\":\"Hacemos contenidos de M\u00e9xico\",\"publisher\":{\"@id\":\"https:\/\/soclose.mx\/blog\/#organization\"},\"potentialAction\":[{\"@type\":\"SearchAction\",\"target\":{\"@type\":\"EntryPoint\",\"urlTemplate\":\"https:\/\/soclose.mx\/blog\/?s={search_term_string}\"},\"query-input\":{\"@type\":\"PropertyValueSpecification\",\"valueRequired\":true,\"valueName\":\"search_term_string\"}}],\"inLanguage\":\"es\"},{\"@type\":\"Organization\",\"@id\":\"https:\/\/soclose.mx\/blog\/#organization\",\"name\":\"So Close\",\"url\":\"https:\/\/soclose.mx\/blog\/\",\"logo\":{\"@type\":\"ImageObject\",\"inLanguage\":\"es\",\"@id\":\"https:\/\/soclose.mx\/blog\/#\/schema\/logo\/image\/\",\"url\":\"https:\/\/i0.wp.com\/soclose.mx\/blog\/wp-content\/uploads\/2020\/12\/LOGO_SOCLOSE_COLOR-e1608310133507.png?fit=2858%2C1264&ssl=1\",\"contentUrl\":\"https:\/\/i0.wp.com\/soclose.mx\/blog\/wp-content\/uploads\/2020\/12\/LOGO_SOCLOSE_COLOR-e1608310133507.png?fit=2858%2C1264&ssl=1\",\"width\":2858,\"height\":1264,\"caption\":\"So Close\"},\"image\":{\"@id\":\"https:\/\/soclose.mx\/blog\/#\/schema\/logo\/image\/\"}},{\"@type\":\"Person\",\"@id\":\"https:\/\/soclose.mx\/blog\/#\/schema\/person\/cddec6ccd5d7037d286395fb411e23f1\",\"name\":\"Miguel Angel Romero\",\"image\":{\"@type\":\"ImageObject\",\"inLanguage\":\"es\",\"@id\":\"https:\/\/soclose.mx\/blog\/#\/schema\/person\/image\/\",\"url\":\"https:\/\/secure.gravatar.com\/avatar\/45b44006b4f93497bb24d251f77bc39385015bfa120582412df580dbfcbb14f3?s=96&d=mm&r=g\",\"contentUrl\":\"https:\/\/secure.gravatar.com\/avatar\/45b44006b4f93497bb24d251f77bc39385015bfa120582412df580dbfcbb14f3?s=96&d=mm&r=g\",\"caption\":\"Miguel Angel Romero\"},\"sameAs\":[\"http:\/\/\/mikexever.blogspot.com\/\",\"www.facebook.com\/mikexever\/\",\"https:\/\/x.com\/Mikerecomienda\"],\"url\":\"https:\/\/soclose.mx\/blog\/author\/mike\/\"}]}<\/script>\n<!-- \/ Yoast SEO plugin. -->","yoast_head_json":{"title":"Cultura azteca llega a la NBA - So Close","description":"El nuevo uniforme de la NBA contiene la Piedra del Sol al frente, el Disco de la Muerte en la espalda y una armadura de guerrero jaguar en el pantal\u00f3n corto","robots":{"index":"index","follow":"follow","max-snippet":"max-snippet:-1","max-image-preview":"max-image-preview:large","max-video-preview":"max-video-preview:-1"},"canonical":"https:\/\/soclose.mx\/blog\/news-feed\/cultura-azteca-llega-a-la-nba\/","og_locale":"es_MX","og_type":"article","og_title":"Cultura azteca llega a la NBA - So Close","og_description":"El nuevo uniforme de la NBA contiene la Piedra del Sol al frente, el Disco de la Muerte en la espalda y una armadura de guerrero jaguar en el pantal\u00f3n corto","og_url":"https:\/\/soclose.mx\/blog\/news-feed\/cultura-azteca-llega-a-la-nba\/","og_site_name":"So Close","article_author":"www.facebook.com\/mikexever\/","article_published_time":"2021-09-04T14:00:45+00:00","og_image":[{"width":1240,"height":700,"url":"https:\/\/soclose.mx\/blog\/wp-content\/uploads\/2021\/08\/Principal-So-Close-blog-19-1.jpg","type":"image\/jpeg"}],"author":"Miguel Angel Romero","twitter_card":"summary_large_image","twitter_creator":"@Mikerecomienda","twitter_misc":{"Escrito por":"Miguel Angel Romero","Tiempo de lectura":"2 minutos"},"schema":{"@context":"https:\/\/schema.org","@graph":[{"@type":"Article","@id":"https:\/\/soclose.mx\/blog\/news-feed\/cultura-azteca-llega-a-la-nba\/#article","isPartOf":{"@id":"https:\/\/soclose.mx\/blog\/news-feed\/cultura-azteca-llega-a-la-nba\/"},"author":{"name":"Miguel Angel Romero","@id":"https:\/\/soclose.mx\/blog\/#\/schema\/person\/cddec6ccd5d7037d286395fb411e23f1"},"headline":"Cultura azteca llega a la NBA","datePublished":"2021-09-04T14:00:45+00:00","mainEntityOfPage":{"@id":"https:\/\/soclose.mx\/blog\/news-feed\/cultura-azteca-llega-a-la-nba\/"},"wordCount":300,"commentCount":0,"publisher":{"@id":"https:\/\/soclose.mx\/blog\/#organization"},"image":{"@id":"https:\/\/soclose.mx\/blog\/news-feed\/cultura-azteca-llega-a-la-nba\/#primaryimage"},"thumbnailUrl":"https:\/\/i0.wp.com\/soclose.mx\/blog\/wp-content\/uploads\/2021\/08\/Principal-So-Close-blog-19-1.jpg?fit=1240%2C700&ssl=1","keywords":["azteca","NBA","piedra del sol"],"articleSection":["News feed"],"inLanguage":"es","potentialAction":[{"@type":"CommentAction","name":"Comment","target":["https:\/\/soclose.mx\/blog\/news-feed\/cultura-azteca-llega-a-la-nba\/#respond"]}]},{"@type":"WebPage","@id":"https:\/\/soclose.mx\/blog\/news-feed\/cultura-azteca-llega-a-la-nba\/","url":"https:\/\/soclose.mx\/blog\/news-feed\/cultura-azteca-llega-a-la-nba\/","name":"Cultura azteca llega a la NBA - So Close","isPartOf":{"@id":"https:\/\/soclose.mx\/blog\/#website"},"primaryImageOfPage":{"@id":"https:\/\/soclose.mx\/blog\/news-feed\/cultura-azteca-llega-a-la-nba\/#primaryimage"},"image":{"@id":"https:\/\/soclose.mx\/blog\/news-feed\/cultura-azteca-llega-a-la-nba\/#primaryimage"},"thumbnailUrl":"https:\/\/i0.wp.com\/soclose.mx\/blog\/wp-content\/uploads\/2021\/08\/Principal-So-Close-blog-19-1.jpg?fit=1240%2C700&ssl=1","datePublished":"2021-09-04T14:00:45+00:00","description":"El nuevo uniforme de la NBA contiene la Piedra del Sol al frente, el Disco de la Muerte en la espalda y una armadura de guerrero jaguar en el pantal\u00f3n corto","breadcrumb":{"@id":"https:\/\/soclose.mx\/blog\/news-feed\/cultura-azteca-llega-a-la-nba\/#breadcrumb"},"inLanguage":"es","potentialAction":[{"@type":"ReadAction","target":["https:\/\/soclose.mx\/blog\/news-feed\/cultura-azteca-llega-a-la-nba\/"]}]},{"@type":"ImageObject","inLanguage":"es","@id":"https:\/\/soclose.mx\/blog\/news-feed\/cultura-azteca-llega-a-la-nba\/#primaryimage","url":"https:\/\/i0.wp.com\/soclose.mx\/blog\/wp-content\/uploads\/2021\/08\/Principal-So-Close-blog-19-1.jpg?fit=1240%2C700&ssl=1","contentUrl":"https:\/\/i0.wp.com\/soclose.mx\/blog\/wp-content\/uploads\/2021\/08\/Principal-So-Close-blog-19-1.jpg?fit=1240%2C700&ssl=1","width":1240,"height":700},{"@type":"BreadcrumbList","@id":"https:\/\/soclose.mx\/blog\/news-feed\/cultura-azteca-llega-a-la-nba\/#breadcrumb","itemListElement":[{"@type":"ListItem","position":1,"name":"Inicio","item":"https:\/\/soclose.mx\/blog\/"},{"@type":"ListItem","position":2,"name":"Cultura azteca llega a la NBA"}]},{"@type":"WebSite","@id":"https:\/\/soclose.mx\/blog\/#website","url":"https:\/\/soclose.mx\/blog\/","name":"So Close","description":"Hacemos contenidos de M\u00e9xico","publisher":{"@id":"https:\/\/soclose.mx\/blog\/#organization"},"potentialAction":[{"@type":"SearchAction","target":{"@type":"EntryPoint","urlTemplate":"https:\/\/soclose.mx\/blog\/?s={search_term_string}"},"query-input":{"@type":"PropertyValueSpecification","valueRequired":true,"valueName":"search_term_string"}}],"inLanguage":"es"},{"@type":"Organization","@id":"https:\/\/soclose.mx\/blog\/#organization","name":"So Close","url":"https:\/\/soclose.mx\/blog\/","logo":{"@type":"ImageObject","inLanguage":"es","@id":"https:\/\/soclose.mx\/blog\/#\/schema\/logo\/image\/","url":"https:\/\/i0.wp.com\/soclose.mx\/blog\/wp-content\/uploads\/2020\/12\/LOGO_SOCLOSE_COLOR-e1608310133507.png?fit=2858%2C1264&ssl=1","contentUrl":"https:\/\/i0.wp.com\/soclose.mx\/blog\/wp-content\/uploads\/2020\/12\/LOGO_SOCLOSE_COLOR-e1608310133507.png?fit=2858%2C1264&ssl=1","width":2858,"height":1264,"caption":"So Close"},"image":{"@id":"https:\/\/soclose.mx\/blog\/#\/schema\/logo\/image\/"}},{"@type":"Person","@id":"https:\/\/soclose.mx\/blog\/#\/schema\/person\/cddec6ccd5d7037d286395fb411e23f1","name":"Miguel Angel Romero","image":{"@type":"ImageObject","inLanguage":"es","@id":"https:\/\/soclose.mx\/blog\/#\/schema\/person\/image\/","url":"https:\/\/secure.gravatar.com\/avatar\/45b44006b4f93497bb24d251f77bc39385015bfa120582412df580dbfcbb14f3?s=96&d=mm&r=g","contentUrl":"https:\/\/secure.gravatar.com\/avatar\/45b44006b4f93497bb24d251f77bc39385015bfa120582412df580dbfcbb14f3?s=96&d=mm&r=g","caption":"Miguel Angel Romero"},"sameAs":["http:\/\/\/mikexever.blogspot.com\/","www.facebook.com\/mikexever\/","https:\/\/x.com\/Mikerecomienda"],"url":"https:\/\/soclose.mx\/blog\/author\/mike\/"}]}},"jetpack_featured_media_url":"https:\/\/i0.wp.com\/soclose.mx\/blog\/wp-content\/uploads\/2021\/08\/Principal-So-Close-blog-19-1.jpg?fit=1240%2C700&ssl=1","jetpack-related-posts":[{"id":6808,"url":"https:\/\/soclose.mx\/blog\/news-feed\/exposicion-mexicana-aztecas-conquista-los-paises-bajos\/","url_meta":{"origin":7065,"position":0},"title":"Exposici\u00f3n mexicana \u2018Aztecas\u2019 conquista los Pa\u00edses Bajos","author":"Miguel Angel Romero","date":"6 agosto, 2021","format":false,"excerpt":"En el marco de la conmemoraci\u00f3n de los\u00a0500 a\u00f1os de la ca\u00edda de Tenochtitlan, se inaugur\u00f3 la exposici\u00f3n mexicana \"Aztecas\"\u00a0en\u00a0 el\u00a0Museo de Etnolog\u00eda de Leiden, ubicado en los Pa\u00edses Bajos. La muestra ya recorri\u00f3 parte de Europa, en el Museo Linden de Stuttgart, Alemania, donde 50 mil personas la visitaron,\u2026","rel":"","context":"En &quot;News feed&quot;","block_context":{"text":"News feed","link":"https:\/\/soclose.mx\/blog\/category\/news-feed\/"},"img":{"alt_text":"","src":"https:\/\/i0.wp.com\/soclose.mx\/blog\/wp-content\/uploads\/2021\/08\/Principal-So-Close-blog-8.jpg?fit=1200%2C677&ssl=1&resize=350%2C200","width":350,"height":200,"srcset":"https:\/\/i0.wp.com\/soclose.mx\/blog\/wp-content\/uploads\/2021\/08\/Principal-So-Close-blog-8.jpg?fit=1200%2C677&ssl=1&resize=350%2C200 1x, https:\/\/i0.wp.com\/soclose.mx\/blog\/wp-content\/uploads\/2021\/08\/Principal-So-Close-blog-8.jpg?fit=1200%2C677&ssl=1&resize=525%2C300 1.5x, https:\/\/i0.wp.com\/soclose.mx\/blog\/wp-content\/uploads\/2021\/08\/Principal-So-Close-blog-8.jpg?fit=1200%2C677&ssl=1&resize=700%2C400 2x, https:\/\/i0.wp.com\/soclose.mx\/blog\/wp-content\/uploads\/2021\/08\/Principal-So-Close-blog-8.jpg?fit=1200%2C677&ssl=1&resize=1050%2C600 3x"},"classes":[]},{"id":8993,"url":"https:\/\/soclose.mx\/blog\/comida-mexicana\/el-calendario-azteca-hecho-paleta-de-hielo\/","url_meta":{"origin":7065,"position":1},"title":"\u00a1El Calendario Azteca hecho paleta de hielo!","author":"Miguel Angel Romero","date":"16 febrero, 2022","format":false,"excerpt":"As\u00ed como lo lees, la tambi\u00e9n llamada Piedra del Sol , no s\u00f3lo la puedes disfrutar visualmente sino tambi\u00e9n, degustarla y fr\u00eda. Dentro del marco GDL ART WKND hasta finales de este mes en Guadalajara, Jalisco, en la exposici\u00f3n \u201cExhibir y desaparecer \u201d, no s\u00f3lo podr\u00e1s probar el Calendario Azteca,\u2026","rel":"","context":"En &quot;Comida mexicana&quot;","block_context":{"text":"Comida mexicana","link":"https:\/\/soclose.mx\/blog\/category\/comida-mexicana\/"},"img":{"alt_text":"","src":"https:\/\/i0.wp.com\/soclose.mx\/blog\/wp-content\/uploads\/2022\/02\/Copia-de-Principal-So-Close-blog-2-3.png?fit=1200%2C677&ssl=1&resize=350%2C200","width":350,"height":200,"srcset":"https:\/\/i0.wp.com\/soclose.mx\/blog\/wp-content\/uploads\/2022\/02\/Copia-de-Principal-So-Close-blog-2-3.png?fit=1200%2C677&ssl=1&resize=350%2C200 1x, https:\/\/i0.wp.com\/soclose.mx\/blog\/wp-content\/uploads\/2022\/02\/Copia-de-Principal-So-Close-blog-2-3.png?fit=1200%2C677&ssl=1&resize=525%2C300 1.5x, https:\/\/i0.wp.com\/soclose.mx\/blog\/wp-content\/uploads\/2022\/02\/Copia-de-Principal-So-Close-blog-2-3.png?fit=1200%2C677&ssl=1&resize=700%2C400 2x, https:\/\/i0.wp.com\/soclose.mx\/blog\/wp-content\/uploads\/2022\/02\/Copia-de-Principal-So-Close-blog-2-3.png?fit=1200%2C677&ssl=1&resize=1050%2C600 3x"},"classes":[]},{"id":14746,"url":"https:\/\/soclose.mx\/blog\/a-la-mexicana\/estadio-azteca-ahora-estadio-banorte-la-historia-del-coloso-de-santa-ursula\/","url_meta":{"origin":7065,"position":2},"title":"Estadio Azteca ahora Estadio Banorte, la historia del Coloso de Santa Ursula","author":"So Close","date":"14 marzo, 2025","format":false,"excerpt":"El Estadio Azteca ahora Estadio Banorte, conocido como el \"Coloso de Santa \u00darsula\", es uno de los monumentos m\u00e1s emblem\u00e1ticos del mundo. Ubicado en la Ciudad de M\u00e9xico, este recinto ha sido testigo de momentos hist\u00f3ricos en el f\u00fatbol y ha dejado una huella imborrable en la cultura deportiva mexicana.\u2026","rel":"","context":"En &quot;A la mexicana&quot;","block_context":{"text":"A la mexicana","link":"https:\/\/soclose.mx\/blog\/category\/a-la-mexicana\/"},"img":{"alt_text":"Estadio Azteca","src":"https:\/\/i0.wp.com\/soclose.mx\/blog\/wp-content\/uploads\/2025\/03\/Estadio-Azteca.jpg?fit=1200%2C675&ssl=1&resize=350%2C200","width":350,"height":200,"srcset":"https:\/\/i0.wp.com\/soclose.mx\/blog\/wp-content\/uploads\/2025\/03\/Estadio-Azteca.jpg?fit=1200%2C675&ssl=1&resize=350%2C200 1x, https:\/\/i0.wp.com\/soclose.mx\/blog\/wp-content\/uploads\/2025\/03\/Estadio-Azteca.jpg?fit=1200%2C675&ssl=1&resize=525%2C300 1.5x, https:\/\/i0.wp.com\/soclose.mx\/blog\/wp-content\/uploads\/2025\/03\/Estadio-Azteca.jpg?fit=1200%2C675&ssl=1&resize=700%2C400 2x, https:\/\/i0.wp.com\/soclose.mx\/blog\/wp-content\/uploads\/2025\/03\/Estadio-Azteca.jpg?fit=1200%2C675&ssl=1&resize=1050%2C600 3x"},"classes":[]},{"id":9814,"url":"https:\/\/soclose.mx\/blog\/para-todos\/surcoreanos-agotan-boletos-para-exposicion-de-los-aztecas\/","url_meta":{"origin":7065,"position":3},"title":"Surcoreanos agotan boletos para exposici\u00f3n de los Aztecas","author":"Daniel Ram\u00edrez","date":"11 mayo, 2022","format":false,"excerpt":"La cultura mexicana no conoce fronteras, cada vez m\u00e1s pa\u00edses reconocen el legado que ha dejado M\u00e9xico a lo largo de su historia. Para muestra un bot\u00f3n. El pasado 2 de mayo se inaugur\u00f3 en Se\u00fal, Corea del Sur, la exposici\u00f3n \u201cAztecas: el pueblo que movi\u00f3 el Sol\u201d. De acuerdo\u2026","rel":"","context":"En &quot;\u00a1Ay goeeee!&quot;","block_context":{"text":"\u00a1Ay goeeee!","link":"https:\/\/soclose.mx\/blog\/category\/ay-goeeee\/"},"img":{"alt_text":"","src":"https:\/\/i0.wp.com\/soclose.mx\/blog\/wp-content\/uploads\/2022\/05\/pexels-kres-thomas-10785484-scaled.jpg?fit=1200%2C800&ssl=1&resize=350%2C200","width":350,"height":200,"srcset":"https:\/\/i0.wp.com\/soclose.mx\/blog\/wp-content\/uploads\/2022\/05\/pexels-kres-thomas-10785484-scaled.jpg?fit=1200%2C800&ssl=1&resize=350%2C200 1x, https:\/\/i0.wp.com\/soclose.mx\/blog\/wp-content\/uploads\/2022\/05\/pexels-kres-thomas-10785484-scaled.jpg?fit=1200%2C800&ssl=1&resize=525%2C300 1.5x, https:\/\/i0.wp.com\/soclose.mx\/blog\/wp-content\/uploads\/2022\/05\/pexels-kres-thomas-10785484-scaled.jpg?fit=1200%2C800&ssl=1&resize=700%2C400 2x, https:\/\/i0.wp.com\/soclose.mx\/blog\/wp-content\/uploads\/2022\/05\/pexels-kres-thomas-10785484-scaled.jpg?fit=1200%2C800&ssl=1&resize=1050%2C600 3x"},"classes":[]},{"id":14774,"url":"https:\/\/soclose.mx\/blog\/news-feed\/inauguracion-del-mundial-2026-en-el-estadio-azteca-fecha-detalles-y-consejos\/","url_meta":{"origin":7065,"position":4},"title":"Inauguraci\u00f3n del Mundial 2026 en el Estadio Azteca: Fecha, Detalles y Consejos","author":"So Close","date":"3 abril, 2025","format":false,"excerpt":"La inauguraci\u00f3n del Mundial 2026 ser\u00e1 un evento hist\u00f3rico y especial, ya que se llevar\u00e1 a cabo en el Estadio Azteca de la Ciudad de M\u00e9xico el 11 de junio de 2026. Este estadio se convertir\u00e1 en el \u00fanico en la historia en albergar tres inauguraciones de la Copa del\u2026","rel":"","context":"En &quot;News feed&quot;","block_context":{"text":"News feed","link":"https:\/\/soclose.mx\/blog\/category\/news-feed\/"},"img":{"alt_text":"Estadio Azteca Banorte","src":"https:\/\/i0.wp.com\/soclose.mx\/blog\/wp-content\/uploads\/2025\/04\/Estadio-Azteca-Banorte.jpg?fit=1200%2C675&ssl=1&resize=350%2C200","width":350,"height":200,"srcset":"https:\/\/i0.wp.com\/soclose.mx\/blog\/wp-content\/uploads\/2025\/04\/Estadio-Azteca-Banorte.jpg?fit=1200%2C675&ssl=1&resize=350%2C200 1x, https:\/\/i0.wp.com\/soclose.mx\/blog\/wp-content\/uploads\/2025\/04\/Estadio-Azteca-Banorte.jpg?fit=1200%2C675&ssl=1&resize=525%2C300 1.5x, https:\/\/i0.wp.com\/soclose.mx\/blog\/wp-content\/uploads\/2025\/04\/Estadio-Azteca-Banorte.jpg?fit=1200%2C675&ssl=1&resize=700%2C400 2x, https:\/\/i0.wp.com\/soclose.mx\/blog\/wp-content\/uploads\/2025\/04\/Estadio-Azteca-Banorte.jpg?fit=1200%2C675&ssl=1&resize=1050%2C600 3x"},"classes":[]},{"id":7029,"url":"https:\/\/soclose.mx\/blog\/news-feed\/6-datos-de-la-serie-inspirada-en-las-culturas-maya-inca-y-azteca\/","url_meta":{"origin":7065,"position":5},"title":"6 datos de la serie inspirada en las culturas maya, inca y azteca","author":"Miguel Angel Romero","date":"1 septiembre, 2021","format":false,"excerpt":"Netflix\u00a0acaba de presentar el tr\u00e1iler\u00a0de su nueva serie animada que combina elementos de las mitolog\u00edas azteca, maya e inca, ambientado en la cultura caribe\u00f1a:\u00a0Maya y los tres. El producto audivisual trata sobre una princesa guerrera que debe embarcarse en una aventura para cumplir una profec\u00eda antigua, reunir a tres grandes\u2026","rel":"","context":"En &quot;News feed&quot;","block_context":{"text":"News feed","link":"https:\/\/soclose.mx\/blog\/category\/news-feed\/"},"img":{"alt_text":"","src":"https:\/\/i0.wp.com\/soclose.mx\/blog\/wp-content\/uploads\/2021\/08\/Principal-So-Close-blog-7-2.jpg?fit=1200%2C677&ssl=1&resize=350%2C200","width":350,"height":200,"srcset":"https:\/\/i0.wp.com\/soclose.mx\/blog\/wp-content\/uploads\/2021\/08\/Principal-So-Close-blog-7-2.jpg?fit=1200%2C677&ssl=1&resize=350%2C200 1x, https:\/\/i0.wp.com\/soclose.mx\/blog\/wp-content\/uploads\/2021\/08\/Principal-So-Close-blog-7-2.jpg?fit=1200%2C677&ssl=1&resize=525%2C300 1.5x, https:\/\/i0.wp.com\/soclose.mx\/blog\/wp-content\/uploads\/2021\/08\/Principal-So-Close-blog-7-2.jpg?fit=1200%2C677&ssl=1&resize=700%2C400 2x, https:\/\/i0.wp.com\/soclose.mx\/blog\/wp-content\/uploads\/2021\/08\/Principal-So-Close-blog-7-2.jpg?fit=1200%2C677&ssl=1&resize=1050%2C600 3x"},"classes":[]}],"jetpack_sharing_enabled":true,"_links":{"self":[{"href":"https:\/\/soclose.mx\/blog\/wp-json\/wp\/v2\/posts\/7065","targetHints":{"allow":["GET"]}}],"collection":[{"href":"https:\/\/soclose.mx\/blog\/wp-json\/wp\/v2\/posts"}],"about":[{"href":"https:\/\/soclose.mx\/blog\/wp-json\/wp\/v2\/types\/post"}],"author":[{"embeddable":true,"href":"https:\/\/soclose.mx\/blog\/wp-json\/wp\/v2\/users\/8"}],"replies":[{"embeddable":true,"href":"https:\/\/soclose.mx\/blog\/wp-json\/wp\/v2\/comments?post=7065"}],"version-history":[{"count":0,"href":"https:\/\/soclose.mx\/blog\/wp-json\/wp\/v2\/posts\/7065\/revisions"}],"wp:featuredmedia":[{"embeddable":true,"href":"https:\/\/soclose.mx\/blog\/wp-json\/wp\/v2\/media\/7066"}],"wp:attachment":[{"href":"https:\/\/soclose.mx\/blog\/wp-json\/wp\/v2\/media?parent=7065"}],"wp:term":[{"taxonomy":"category","embeddable":true,"href":"https:\/\/soclose.mx\/blog\/wp-json\/wp\/v2\/categories?post=7065"},{"taxonomy":"post_tag","embeddable":true,"href":"https:\/\/soclose.mx\/blog\/wp-json\/wp\/v2\/tags?post=7065"}],"curies":[{"name":"wp","href":"https:\/\/api.w.org\/{rel}","templated":true}]}}