{"id":7082,"date":"2021-09-02T10:29:29","date_gmt":"2021-09-02T15:29:29","guid":{"rendered":"https:\/\/soclose.mx\/blog\/?p=7082"},"modified":"2023-12-18T20:48:00","modified_gmt":"2023-12-19T02:48:00","slug":"mexicano-gana-concurso-internacional-de-fotografia","status":"publish","type":"post","link":"https:\/\/soclose.mx\/blog\/news-feed\/mexicano-gana-concurso-internacional-de-fotografia\/","title":{"rendered":"Mexicano gana concurso internacional de fotograf\u00eda"},"content":{"rendered":"<p>El concurso internacional de fotograf\u00edas de aves, <strong>Bird Photographer Of The Year (BPOTY)<\/strong>, concedi\u00f3 el premio al <strong>fot\u00f3grafo<\/strong> del a\u00f1o 2021 al mexicano <strong>Alejandro Prieto<\/strong>.<\/p>\n<p>La <a href=\"https:\/\/soclose.mx\/blog\/rosy-linares-la-fotoperiodista-de-dos-corazones\/\" target=\"_blank\" rel=\"noopener\">fotograf\u00eda<\/a> del nacido en <strong>Guadalajara<\/strong> se llev\u00f3 este par de honores por <strong>&#8220;Bloqueado&#8221;,<\/strong> un retrato de un correcaminos que ve interrumpida su ruta por el muro fronterizo. &#8220;Una historia importante sobre la fragmentaci\u00f3n del h\u00e1bitat y como estructuras como el muro fronterizo pueden evitar que la vida silvestre migre y se traslade a otras \u00e1reas&#8221;, indic\u00f3 el certamen.<\/p>\n<p><img data-recalc-dims=\"1\" fetchpriority=\"high\" decoding=\"async\" class=\"alignnone wp-image-7084 size-full\" src=\"https:\/\/i0.wp.com\/soclose.mx\/blog\/wp-content\/uploads\/2021\/09\/612f9eced07a0.r_d.205-610-8587.jpeg?resize=948%2C465&#038;ssl=1\" alt=\"\" width=\"948\" height=\"465\" srcset=\"https:\/\/i0.wp.com\/soclose.mx\/blog\/wp-content\/uploads\/2021\/09\/612f9eced07a0.r_d.205-610-8587.jpeg?w=948&amp;ssl=1 948w, https:\/\/i0.wp.com\/soclose.mx\/blog\/wp-content\/uploads\/2021\/09\/612f9eced07a0.r_d.205-610-8587.jpeg?resize=300%2C147&amp;ssl=1 300w, https:\/\/i0.wp.com\/soclose.mx\/blog\/wp-content\/uploads\/2021\/09\/612f9eced07a0.r_d.205-610-8587.jpeg?resize=768%2C377&amp;ssl=1 768w, https:\/\/i0.wp.com\/soclose.mx\/blog\/wp-content\/uploads\/2021\/09\/612f9eced07a0.r_d.205-610-8587.jpeg?resize=18%2C9&amp;ssl=1 18w, https:\/\/i0.wp.com\/soclose.mx\/blog\/wp-content\/uploads\/2021\/09\/612f9eced07a0.r_d.205-610-8587.jpeg?resize=770%2C378&amp;ssl=1 770w\" sizes=\"(max-width: 948px) 100vw, 948px\" \/><\/p>\n<p>Cada a\u00f1o, el certamen elige las mejores fotograf\u00edas en las que se refleja la vida de las aves en la tierra de forma art\u00edstica y promueven la conservaci\u00f3n de la especie.<\/p>\n<p>El objetivo del concurso es celebrar la vida de las aves de todo el mundo, y divulgar algunas de las fotos de aves m\u00e1s sorprendentes del mundo.<\/p>\n<div id=\"sm-it-main-container-1630553376540\" class=\"sm-it-main-container\" data-it=\"5ffd1c72-b4a5-4763-8af3-1777cfa7741d\" data-device=\"desktop\" data-index=\"0\">\n<div id=\"sm-alternative-1630553376540\" class=\"sm-alternative\" data-device=\"desktop\" data-it=\"5ffd1c72-b4a5-4763-8af3-1777cfa7741d\">Este a\u00f1o, se han presentado m\u00e1s de 22.000 im\u00e1genes al concurso, y el autor <strong>Alejandro Prieto<\/strong>, se ha llevado un gran premio de 6.8000 d\u00f3lares, unos 5.700 euros.<\/div>\n<\/div>\n","protected":false},"excerpt":{"rendered":"<p>El concurso internacional de fotograf\u00edas de aves, Bird Photographer Of The Year (BPOTY), concedi\u00f3 el premio al fot\u00f3grafo del a\u00f1o 2021 al mexicano Alejandro Prieto. La fotograf\u00eda del nacido en Guadalajara se llev\u00f3 este par de honores por &#8220;Bloqueado&#8221;, un retrato de un correcaminos que ve interrumpida su ruta por el muro fronterizo. &#8220;Una historia importante sobre la fragmentaci\u00f3n del h\u00e1bitat y como estructuras como el muro fronterizo pueden evitar que la vida silvestre migre y se traslade a otras \u00e1reas&#8221;, indic\u00f3 el certamen. Cada a\u00f1o, el certamen elige las mejores fotograf\u00edas en las que se refleja la vida de<\/p>\n","protected":false},"author":8,"featured_media":7085,"comment_status":"open","ping_status":"open","sticky":false,"template":"","format":"standard","meta":{"_jetpack_memberships_contains_paid_content":false,"footnotes":""},"categories":[628],"tags":[1292,86,1293,1291],"class_list":["post-7082","post","type-post","status-publish","format-standard","has-post-thumbnail","hentry","category-news-feed","tag-alejandro-prieto","tag-fotografia","tag-fotografo","tag-premio"],"yoast_head":"<!-- This site is optimized with the Yoast SEO plugin v26.7 - https:\/\/yoast.com\/wordpress\/plugins\/seo\/ -->\n<title>Mexicano gana concurso internacional de fotograf\u00eda - So Close<\/title>\n<meta name=\"description\" content=\"El prestigioso concurso Birds Photographer Of The Year ha premiado al mexicano Alejandro Prieto.\" \/>\n<meta name=\"robots\" content=\"index, follow, max-snippet:-1, max-image-preview:large, max-video-preview:-1\" \/>\n<link rel=\"canonical\" href=\"https:\/\/soclose.mx\/blog\/news-feed\/mexicano-gana-concurso-internacional-de-fotografia\/\" \/>\n<meta property=\"og:locale\" content=\"es_MX\" \/>\n<meta property=\"og:type\" content=\"article\" \/>\n<meta property=\"og:title\" content=\"Mexicano gana concurso internacional de fotograf\u00eda - So Close\" \/>\n<meta property=\"og:description\" content=\"El prestigioso concurso Birds Photographer Of The Year ha premiado al mexicano Alejandro Prieto.\" \/>\n<meta property=\"og:url\" content=\"https:\/\/soclose.mx\/blog\/news-feed\/mexicano-gana-concurso-internacional-de-fotografia\/\" \/>\n<meta property=\"og:site_name\" content=\"So Close\" \/>\n<meta property=\"article:author\" content=\"www.facebook.com\/mikexever\/\" \/>\n<meta property=\"article:published_time\" content=\"2021-09-02T15:29:29+00:00\" \/>\n<meta property=\"article:modified_time\" content=\"2023-12-19T02:48:00+00:00\" \/>\n<meta property=\"og:image\" content=\"https:\/\/soclose.mx\/blog\/wp-content\/uploads\/2021\/09\/Principal-So-Close-blog-1.jpg\" \/>\n\t<meta property=\"og:image:width\" content=\"1240\" \/>\n\t<meta property=\"og:image:height\" content=\"700\" \/>\n\t<meta property=\"og:image:type\" content=\"image\/jpeg\" \/>\n<meta name=\"author\" content=\"Miguel Angel Romero\" \/>\n<meta name=\"twitter:card\" content=\"summary_large_image\" \/>\n<meta name=\"twitter:creator\" content=\"@Mikerecomienda\" \/>\n<meta name=\"twitter:label1\" content=\"Escrito por\" \/>\n\t<meta name=\"twitter:data1\" content=\"Miguel Angel Romero\" \/>\n\t<meta name=\"twitter:label2\" content=\"Tiempo de lectura\" \/>\n\t<meta name=\"twitter:data2\" content=\"2 minutos\" \/>\n<script type=\"application\/ld+json\" class=\"yoast-schema-graph\">{\"@context\":\"https:\/\/schema.org\",\"@graph\":[{\"@type\":\"Article\",\"@id\":\"https:\/\/soclose.mx\/blog\/news-feed\/mexicano-gana-concurso-internacional-de-fotografia\/#article\",\"isPartOf\":{\"@id\":\"https:\/\/soclose.mx\/blog\/news-feed\/mexicano-gana-concurso-internacional-de-fotografia\/\"},\"author\":{\"name\":\"Miguel Angel Romero\",\"@id\":\"https:\/\/soclose.mx\/blog\/#\/schema\/person\/cddec6ccd5d7037d286395fb411e23f1\"},\"headline\":\"Mexicano gana concurso internacional de fotograf\u00eda\",\"datePublished\":\"2021-09-02T15:29:29+00:00\",\"dateModified\":\"2023-12-19T02:48:00+00:00\",\"mainEntityOfPage\":{\"@id\":\"https:\/\/soclose.mx\/blog\/news-feed\/mexicano-gana-concurso-internacional-de-fotografia\/\"},\"wordCount\":188,\"commentCount\":0,\"publisher\":{\"@id\":\"https:\/\/soclose.mx\/blog\/#organization\"},\"image\":{\"@id\":\"https:\/\/soclose.mx\/blog\/news-feed\/mexicano-gana-concurso-internacional-de-fotografia\/#primaryimage\"},\"thumbnailUrl\":\"https:\/\/i0.wp.com\/soclose.mx\/blog\/wp-content\/uploads\/2021\/09\/Principal-So-Close-blog-1.jpg?fit=1240%2C700&ssl=1\",\"keywords\":[\"Alejandro Prieto\",\"fotografia\",\"fot\u00f3grafo\",\"premio\"],\"articleSection\":[\"News feed\"],\"inLanguage\":\"es\",\"potentialAction\":[{\"@type\":\"CommentAction\",\"name\":\"Comment\",\"target\":[\"https:\/\/soclose.mx\/blog\/news-feed\/mexicano-gana-concurso-internacional-de-fotografia\/#respond\"]}]},{\"@type\":\"WebPage\",\"@id\":\"https:\/\/soclose.mx\/blog\/news-feed\/mexicano-gana-concurso-internacional-de-fotografia\/\",\"url\":\"https:\/\/soclose.mx\/blog\/news-feed\/mexicano-gana-concurso-internacional-de-fotografia\/\",\"name\":\"Mexicano gana concurso internacional de fotograf\u00eda - So Close\",\"isPartOf\":{\"@id\":\"https:\/\/soclose.mx\/blog\/#website\"},\"primaryImageOfPage\":{\"@id\":\"https:\/\/soclose.mx\/blog\/news-feed\/mexicano-gana-concurso-internacional-de-fotografia\/#primaryimage\"},\"image\":{\"@id\":\"https:\/\/soclose.mx\/blog\/news-feed\/mexicano-gana-concurso-internacional-de-fotografia\/#primaryimage\"},\"thumbnailUrl\":\"https:\/\/i0.wp.com\/soclose.mx\/blog\/wp-content\/uploads\/2021\/09\/Principal-So-Close-blog-1.jpg?fit=1240%2C700&ssl=1\",\"datePublished\":\"2021-09-02T15:29:29+00:00\",\"dateModified\":\"2023-12-19T02:48:00+00:00\",\"description\":\"El prestigioso concurso Birds Photographer Of The Year ha premiado al mexicano Alejandro Prieto.\",\"breadcrumb\":{\"@id\":\"https:\/\/soclose.mx\/blog\/news-feed\/mexicano-gana-concurso-internacional-de-fotografia\/#breadcrumb\"},\"inLanguage\":\"es\",\"potentialAction\":[{\"@type\":\"ReadAction\",\"target\":[\"https:\/\/soclose.mx\/blog\/news-feed\/mexicano-gana-concurso-internacional-de-fotografia\/\"]}]},{\"@type\":\"ImageObject\",\"inLanguage\":\"es\",\"@id\":\"https:\/\/soclose.mx\/blog\/news-feed\/mexicano-gana-concurso-internacional-de-fotografia\/#primaryimage\",\"url\":\"https:\/\/i0.wp.com\/soclose.mx\/blog\/wp-content\/uploads\/2021\/09\/Principal-So-Close-blog-1.jpg?fit=1240%2C700&ssl=1\",\"contentUrl\":\"https:\/\/i0.wp.com\/soclose.mx\/blog\/wp-content\/uploads\/2021\/09\/Principal-So-Close-blog-1.jpg?fit=1240%2C700&ssl=1\",\"width\":1240,\"height\":700},{\"@type\":\"BreadcrumbList\",\"@id\":\"https:\/\/soclose.mx\/blog\/news-feed\/mexicano-gana-concurso-internacional-de-fotografia\/#breadcrumb\",\"itemListElement\":[{\"@type\":\"ListItem\",\"position\":1,\"name\":\"Inicio\",\"item\":\"https:\/\/soclose.mx\/blog\/\"},{\"@type\":\"ListItem\",\"position\":2,\"name\":\"Mexicano gana concurso internacional de fotograf\u00eda\"}]},{\"@type\":\"WebSite\",\"@id\":\"https:\/\/soclose.mx\/blog\/#website\",\"url\":\"https:\/\/soclose.mx\/blog\/\",\"name\":\"So Close\",\"description\":\"Hacemos contenidos de M\u00e9xico\",\"publisher\":{\"@id\":\"https:\/\/soclose.mx\/blog\/#organization\"},\"potentialAction\":[{\"@type\":\"SearchAction\",\"target\":{\"@type\":\"EntryPoint\",\"urlTemplate\":\"https:\/\/soclose.mx\/blog\/?s={search_term_string}\"},\"query-input\":{\"@type\":\"PropertyValueSpecification\",\"valueRequired\":true,\"valueName\":\"search_term_string\"}}],\"inLanguage\":\"es\"},{\"@type\":\"Organization\",\"@id\":\"https:\/\/soclose.mx\/blog\/#organization\",\"name\":\"So Close\",\"url\":\"https:\/\/soclose.mx\/blog\/\",\"logo\":{\"@type\":\"ImageObject\",\"inLanguage\":\"es\",\"@id\":\"https:\/\/soclose.mx\/blog\/#\/schema\/logo\/image\/\",\"url\":\"https:\/\/i0.wp.com\/soclose.mx\/blog\/wp-content\/uploads\/2020\/12\/LOGO_SOCLOSE_COLOR-e1608310133507.png?fit=2858%2C1264&ssl=1\",\"contentUrl\":\"https:\/\/i0.wp.com\/soclose.mx\/blog\/wp-content\/uploads\/2020\/12\/LOGO_SOCLOSE_COLOR-e1608310133507.png?fit=2858%2C1264&ssl=1\",\"width\":2858,\"height\":1264,\"caption\":\"So Close\"},\"image\":{\"@id\":\"https:\/\/soclose.mx\/blog\/#\/schema\/logo\/image\/\"}},{\"@type\":\"Person\",\"@id\":\"https:\/\/soclose.mx\/blog\/#\/schema\/person\/cddec6ccd5d7037d286395fb411e23f1\",\"name\":\"Miguel Angel Romero\",\"image\":{\"@type\":\"ImageObject\",\"inLanguage\":\"es\",\"@id\":\"https:\/\/soclose.mx\/blog\/#\/schema\/person\/image\/\",\"url\":\"https:\/\/secure.gravatar.com\/avatar\/45b44006b4f93497bb24d251f77bc39385015bfa120582412df580dbfcbb14f3?s=96&d=mm&r=g\",\"contentUrl\":\"https:\/\/secure.gravatar.com\/avatar\/45b44006b4f93497bb24d251f77bc39385015bfa120582412df580dbfcbb14f3?s=96&d=mm&r=g\",\"caption\":\"Miguel Angel Romero\"},\"sameAs\":[\"http:\/\/\/mikexever.blogspot.com\/\",\"www.facebook.com\/mikexever\/\",\"https:\/\/x.com\/Mikerecomienda\"],\"url\":\"https:\/\/soclose.mx\/blog\/author\/mike\/\"}]}<\/script>\n<!-- \/ Yoast SEO plugin. -->","yoast_head_json":{"title":"Mexicano gana concurso internacional de fotograf\u00eda - So Close","description":"El prestigioso concurso Birds Photographer Of The Year ha premiado al mexicano Alejandro Prieto.","robots":{"index":"index","follow":"follow","max-snippet":"max-snippet:-1","max-image-preview":"max-image-preview:large","max-video-preview":"max-video-preview:-1"},"canonical":"https:\/\/soclose.mx\/blog\/news-feed\/mexicano-gana-concurso-internacional-de-fotografia\/","og_locale":"es_MX","og_type":"article","og_title":"Mexicano gana concurso internacional de fotograf\u00eda - So Close","og_description":"El prestigioso concurso Birds Photographer Of The Year ha premiado al mexicano Alejandro Prieto.","og_url":"https:\/\/soclose.mx\/blog\/news-feed\/mexicano-gana-concurso-internacional-de-fotografia\/","og_site_name":"So Close","article_author":"www.facebook.com\/mikexever\/","article_published_time":"2021-09-02T15:29:29+00:00","article_modified_time":"2023-12-19T02:48:00+00:00","og_image":[{"width":1240,"height":700,"url":"https:\/\/soclose.mx\/blog\/wp-content\/uploads\/2021\/09\/Principal-So-Close-blog-1.jpg","type":"image\/jpeg"}],"author":"Miguel Angel Romero","twitter_card":"summary_large_image","twitter_creator":"@Mikerecomienda","twitter_misc":{"Escrito por":"Miguel Angel Romero","Tiempo de lectura":"2 minutos"},"schema":{"@context":"https:\/\/schema.org","@graph":[{"@type":"Article","@id":"https:\/\/soclose.mx\/blog\/news-feed\/mexicano-gana-concurso-internacional-de-fotografia\/#article","isPartOf":{"@id":"https:\/\/soclose.mx\/blog\/news-feed\/mexicano-gana-concurso-internacional-de-fotografia\/"},"author":{"name":"Miguel Angel Romero","@id":"https:\/\/soclose.mx\/blog\/#\/schema\/person\/cddec6ccd5d7037d286395fb411e23f1"},"headline":"Mexicano gana concurso internacional de fotograf\u00eda","datePublished":"2021-09-02T15:29:29+00:00","dateModified":"2023-12-19T02:48:00+00:00","mainEntityOfPage":{"@id":"https:\/\/soclose.mx\/blog\/news-feed\/mexicano-gana-concurso-internacional-de-fotografia\/"},"wordCount":188,"commentCount":0,"publisher":{"@id":"https:\/\/soclose.mx\/blog\/#organization"},"image":{"@id":"https:\/\/soclose.mx\/blog\/news-feed\/mexicano-gana-concurso-internacional-de-fotografia\/#primaryimage"},"thumbnailUrl":"https:\/\/i0.wp.com\/soclose.mx\/blog\/wp-content\/uploads\/2021\/09\/Principal-So-Close-blog-1.jpg?fit=1240%2C700&ssl=1","keywords":["Alejandro Prieto","fotografia","fot\u00f3grafo","premio"],"articleSection":["News feed"],"inLanguage":"es","potentialAction":[{"@type":"CommentAction","name":"Comment","target":["https:\/\/soclose.mx\/blog\/news-feed\/mexicano-gana-concurso-internacional-de-fotografia\/#respond"]}]},{"@type":"WebPage","@id":"https:\/\/soclose.mx\/blog\/news-feed\/mexicano-gana-concurso-internacional-de-fotografia\/","url":"https:\/\/soclose.mx\/blog\/news-feed\/mexicano-gana-concurso-internacional-de-fotografia\/","name":"Mexicano gana concurso internacional de fotograf\u00eda - So Close","isPartOf":{"@id":"https:\/\/soclose.mx\/blog\/#website"},"primaryImageOfPage":{"@id":"https:\/\/soclose.mx\/blog\/news-feed\/mexicano-gana-concurso-internacional-de-fotografia\/#primaryimage"},"image":{"@id":"https:\/\/soclose.mx\/blog\/news-feed\/mexicano-gana-concurso-internacional-de-fotografia\/#primaryimage"},"thumbnailUrl":"https:\/\/i0.wp.com\/soclose.mx\/blog\/wp-content\/uploads\/2021\/09\/Principal-So-Close-blog-1.jpg?fit=1240%2C700&ssl=1","datePublished":"2021-09-02T15:29:29+00:00","dateModified":"2023-12-19T02:48:00+00:00","description":"El prestigioso concurso Birds Photographer Of The Year ha premiado al mexicano Alejandro Prieto.","breadcrumb":{"@id":"https:\/\/soclose.mx\/blog\/news-feed\/mexicano-gana-concurso-internacional-de-fotografia\/#breadcrumb"},"inLanguage":"es","potentialAction":[{"@type":"ReadAction","target":["https:\/\/soclose.mx\/blog\/news-feed\/mexicano-gana-concurso-internacional-de-fotografia\/"]}]},{"@type":"ImageObject","inLanguage":"es","@id":"https:\/\/soclose.mx\/blog\/news-feed\/mexicano-gana-concurso-internacional-de-fotografia\/#primaryimage","url":"https:\/\/i0.wp.com\/soclose.mx\/blog\/wp-content\/uploads\/2021\/09\/Principal-So-Close-blog-1.jpg?fit=1240%2C700&ssl=1","contentUrl":"https:\/\/i0.wp.com\/soclose.mx\/blog\/wp-content\/uploads\/2021\/09\/Principal-So-Close-blog-1.jpg?fit=1240%2C700&ssl=1","width":1240,"height":700},{"@type":"BreadcrumbList","@id":"https:\/\/soclose.mx\/blog\/news-feed\/mexicano-gana-concurso-internacional-de-fotografia\/#breadcrumb","itemListElement":[{"@type":"ListItem","position":1,"name":"Inicio","item":"https:\/\/soclose.mx\/blog\/"},{"@type":"ListItem","position":2,"name":"Mexicano gana concurso internacional de fotograf\u00eda"}]},{"@type":"WebSite","@id":"https:\/\/soclose.mx\/blog\/#website","url":"https:\/\/soclose.mx\/blog\/","name":"So Close","description":"Hacemos contenidos de M\u00e9xico","publisher":{"@id":"https:\/\/soclose.mx\/blog\/#organization"},"potentialAction":[{"@type":"SearchAction","target":{"@type":"EntryPoint","urlTemplate":"https:\/\/soclose.mx\/blog\/?s={search_term_string}"},"query-input":{"@type":"PropertyValueSpecification","valueRequired":true,"valueName":"search_term_string"}}],"inLanguage":"es"},{"@type":"Organization","@id":"https:\/\/soclose.mx\/blog\/#organization","name":"So Close","url":"https:\/\/soclose.mx\/blog\/","logo":{"@type":"ImageObject","inLanguage":"es","@id":"https:\/\/soclose.mx\/blog\/#\/schema\/logo\/image\/","url":"https:\/\/i0.wp.com\/soclose.mx\/blog\/wp-content\/uploads\/2020\/12\/LOGO_SOCLOSE_COLOR-e1608310133507.png?fit=2858%2C1264&ssl=1","contentUrl":"https:\/\/i0.wp.com\/soclose.mx\/blog\/wp-content\/uploads\/2020\/12\/LOGO_SOCLOSE_COLOR-e1608310133507.png?fit=2858%2C1264&ssl=1","width":2858,"height":1264,"caption":"So Close"},"image":{"@id":"https:\/\/soclose.mx\/blog\/#\/schema\/logo\/image\/"}},{"@type":"Person","@id":"https:\/\/soclose.mx\/blog\/#\/schema\/person\/cddec6ccd5d7037d286395fb411e23f1","name":"Miguel Angel Romero","image":{"@type":"ImageObject","inLanguage":"es","@id":"https:\/\/soclose.mx\/blog\/#\/schema\/person\/image\/","url":"https:\/\/secure.gravatar.com\/avatar\/45b44006b4f93497bb24d251f77bc39385015bfa120582412df580dbfcbb14f3?s=96&d=mm&r=g","contentUrl":"https:\/\/secure.gravatar.com\/avatar\/45b44006b4f93497bb24d251f77bc39385015bfa120582412df580dbfcbb14f3?s=96&d=mm&r=g","caption":"Miguel Angel Romero"},"sameAs":["http:\/\/\/mikexever.blogspot.com\/","www.facebook.com\/mikexever\/","https:\/\/x.com\/Mikerecomienda"],"url":"https:\/\/soclose.mx\/blog\/author\/mike\/"}]}},"jetpack_featured_media_url":"https:\/\/i0.wp.com\/soclose.mx\/blog\/wp-content\/uploads\/2021\/09\/Principal-So-Close-blog-1.jpg?fit=1240%2C700&ssl=1","jetpack-related-posts":[{"id":9492,"url":"https:\/\/soclose.mx\/blog\/ay-goeeee\/fotografo-mexicano-entre-los-ganadores-de-world-press-photo-2022\/","url_meta":{"origin":7082,"position":0},"title":"Fot\u00f3grafo mexicano entre los ganadores de &#8216;World Press Photo 2022&#8217;","author":"Miguel Angel Romero","date":"26 marzo, 2022","format":false,"excerpt":"El trabajo fotogr\u00e1fico del mexicano Yael Mart\u00ednez \"La flor del tiempo: La monta\u00f1a roja de Guerrero\" fue uno de los ganadores regionales del World Press Photo 2022. Este es el primer a\u00f1o en el que la Fundaci\u00f3n del World Press Photo, con sede en \u00c1msterdam, aplica la nueva estrategia regional,\u2026","rel":"","context":"En &quot;\u00a1Ay goeeee!&quot;","block_context":{"text":"\u00a1Ay goeeee!","link":"https:\/\/soclose.mx\/blog\/category\/ay-goeeee\/"},"img":{"alt_text":"","src":"https:\/\/i0.wp.com\/soclose.mx\/blog\/wp-content\/uploads\/2022\/03\/Copia-de-Principal-So-Close-blog-2-16.png?fit=1200%2C677&ssl=1&resize=350%2C200","width":350,"height":200,"srcset":"https:\/\/i0.wp.com\/soclose.mx\/blog\/wp-content\/uploads\/2022\/03\/Copia-de-Principal-So-Close-blog-2-16.png?fit=1200%2C677&ssl=1&resize=350%2C200 1x, https:\/\/i0.wp.com\/soclose.mx\/blog\/wp-content\/uploads\/2022\/03\/Copia-de-Principal-So-Close-blog-2-16.png?fit=1200%2C677&ssl=1&resize=525%2C300 1.5x, https:\/\/i0.wp.com\/soclose.mx\/blog\/wp-content\/uploads\/2022\/03\/Copia-de-Principal-So-Close-blog-2-16.png?fit=1200%2C677&ssl=1&resize=700%2C400 2x, https:\/\/i0.wp.com\/soclose.mx\/blog\/wp-content\/uploads\/2022\/03\/Copia-de-Principal-So-Close-blog-2-16.png?fit=1200%2C677&ssl=1&resize=1050%2C600 3x"},"classes":[]},{"id":10252,"url":"https:\/\/soclose.mx\/blog\/a-la-mexicana\/block-ecologico-antibalas-creado-por-estudiantes-del-conalep-gana-concurso-internacional\/","url_meta":{"origin":7082,"position":1},"title":"Block ecol\u00f3gico antibalas creado por estudiantes del Conalep, gana concurso internacional","author":"Daniel Ram\u00edrez","date":"16 junio, 2022","format":false,"excerpt":"Ya estuvo bueno que al Conalep no le den el valor que merece. S\u00ed, tiempo atr\u00e1s era ninguneado, pero ahora est\u00e1 haciendo cosas incre\u00edbles, como lo siguiente. Estudiantes de al Conalep Tampico, en Tamaulipas, crearon un block ligero, econ\u00f3mico, ecol\u00f3gico, a prueba de balas y resistente a una ca\u00edda desde\u2026","rel":"","context":"En &quot;A la mexicana&quot;","block_context":{"text":"A la mexicana","link":"https:\/\/soclose.mx\/blog\/category\/a-la-mexicana\/"},"img":{"alt_text":"","src":"https:\/\/i0.wp.com\/soclose.mx\/blog\/wp-content\/uploads\/2022\/06\/block.png?fit=935%2C571&ssl=1&resize=350%2C200","width":350,"height":200,"srcset":"https:\/\/i0.wp.com\/soclose.mx\/blog\/wp-content\/uploads\/2022\/06\/block.png?fit=935%2C571&ssl=1&resize=350%2C200 1x, https:\/\/i0.wp.com\/soclose.mx\/blog\/wp-content\/uploads\/2022\/06\/block.png?fit=935%2C571&ssl=1&resize=525%2C300 1.5x, https:\/\/i0.wp.com\/soclose.mx\/blog\/wp-content\/uploads\/2022\/06\/block.png?fit=935%2C571&ssl=1&resize=700%2C400 2x"},"classes":[]},{"id":9830,"url":"https:\/\/soclose.mx\/blog\/ay-goeeee\/enrique-metinides-fotografo-mexicano-que-convivio-con-la-muerte\/","url_meta":{"origin":7082,"position":2},"title":"Enrique Metinides, fot\u00f3grafo mexicano que convivi\u00f3 con la muerte","author":"Daniel Ram\u00edrez","date":"12 mayo, 2022","format":false,"excerpt":"\"El Ni\u00f1o\" y \"El hombre que vio demasiado\", as\u00ed se le conoc\u00eda a Enrique Metinides, legendario fot\u00f3grafo de la nota roja en M\u00e9xico, quien falleci\u00f3 a los 88 a\u00f1os de edad. Conoce a este c\u00e9lebre fot\u00f3grafo callejero, quien inmortaliz\u00f3 con su lente terremotos, balaceras, explosiones, accidentes, atropellamientos, asaltos, suicidios, asesinatos\u2026","rel":"","context":"En &quot;\u00a1Ay goeeee!&quot;","block_context":{"text":"\u00a1Ay goeeee!","link":"https:\/\/soclose.mx\/blog\/category\/ay-goeeee\/"},"img":{"alt_text":"","src":"https:\/\/i0.wp.com\/soclose.mx\/blog\/wp-content\/uploads\/2022\/05\/pexels-koolshooters-6494959-scaled.jpg?fit=1200%2C800&ssl=1&resize=350%2C200","width":350,"height":200,"srcset":"https:\/\/i0.wp.com\/soclose.mx\/blog\/wp-content\/uploads\/2022\/05\/pexels-koolshooters-6494959-scaled.jpg?fit=1200%2C800&ssl=1&resize=350%2C200 1x, https:\/\/i0.wp.com\/soclose.mx\/blog\/wp-content\/uploads\/2022\/05\/pexels-koolshooters-6494959-scaled.jpg?fit=1200%2C800&ssl=1&resize=525%2C300 1.5x, https:\/\/i0.wp.com\/soclose.mx\/blog\/wp-content\/uploads\/2022\/05\/pexels-koolshooters-6494959-scaled.jpg?fit=1200%2C800&ssl=1&resize=700%2C400 2x, https:\/\/i0.wp.com\/soclose.mx\/blog\/wp-content\/uploads\/2022\/05\/pexels-koolshooters-6494959-scaled.jpg?fit=1200%2C800&ssl=1&resize=1050%2C600 3x"},"classes":[]},{"id":14779,"url":"https:\/\/soclose.mx\/blog\/news-feed\/concurso-mexico-canta-por-la-paz-y-contra-las-adicciones-como-participar\/","url_meta":{"origin":7082,"position":3},"title":"Concurso &#8220;M\u00e9xico Canta por la Paz y contra las Adicciones&#8221;: \u00bfc\u00f3mo participar?","author":"So Close","date":"7 abril, 2025","format":false,"excerpt":"El Gobierno de M\u00e9xico, bajo la direcci\u00f3n de la presidenta Claudia Sheinbaum, ha lanzado el concurso \"M\u00e9xico Canta por la Paz y contra las Adicciones\", una iniciativa innovadora que busca promover la m\u00fasica mexicana con mensajes positivos, alejados de la violencia y el narcotr\u00e1fico. Este certamen est\u00e1 dise\u00f1ado para j\u00f3venes\u2026","rel":"","context":"En &quot;News feed&quot;","block_context":{"text":"News feed","link":"https:\/\/soclose.mx\/blog\/category\/news-feed\/"},"img":{"alt_text":"Cantante","src":"https:\/\/i0.wp.com\/soclose.mx\/blog\/wp-content\/uploads\/2025\/04\/Cantante.jpg?fit=1200%2C675&ssl=1&resize=350%2C200","width":350,"height":200,"srcset":"https:\/\/i0.wp.com\/soclose.mx\/blog\/wp-content\/uploads\/2025\/04\/Cantante.jpg?fit=1200%2C675&ssl=1&resize=350%2C200 1x, https:\/\/i0.wp.com\/soclose.mx\/blog\/wp-content\/uploads\/2025\/04\/Cantante.jpg?fit=1200%2C675&ssl=1&resize=525%2C300 1.5x, https:\/\/i0.wp.com\/soclose.mx\/blog\/wp-content\/uploads\/2025\/04\/Cantante.jpg?fit=1200%2C675&ssl=1&resize=700%2C400 2x, https:\/\/i0.wp.com\/soclose.mx\/blog\/wp-content\/uploads\/2025\/04\/Cantante.jpg?fit=1200%2C675&ssl=1&resize=1050%2C600 3x"},"classes":[]},{"id":10649,"url":"https:\/\/soclose.mx\/blog\/ay-goeeee\/lourdes-grobet-la-fotografa-mexicana-que-dedico-su-vida-a-la-lucha-libre\/","url_meta":{"origin":7082,"position":4},"title":"Lourdes Grobet, la fot\u00f3grafa mexicana que dedic\u00f3 su vida a la Lucha Libre","author":"Daniel Ram\u00edrez","date":"20 julio, 2022","format":false,"excerpt":"Lourdes Gorbet dej\u00f3 el plano terrenal y se llev\u00f3 las memorias de infinidad de combates de Lucha Libre que pudo disfrutar. El cuadril\u00e1tero era su lugar favorito, su hogar y su vida entera. El 15 de julio de 2022 a los 81 a\u00f1os de edad, falleci\u00f3 la fot\u00f3grafa mexicana m\u00e1s\u2026","rel":"","context":"En &quot;\u00a1Ay goeeee!&quot;","block_context":{"text":"\u00a1Ay goeeee!","link":"https:\/\/soclose.mx\/blog\/category\/ay-goeeee\/"},"img":{"alt_text":"","src":"https:\/\/i0.wp.com\/soclose.mx\/blog\/wp-content\/uploads\/2022\/07\/lourdes-grobet.jpg?fit=1200%2C675&ssl=1&resize=350%2C200","width":350,"height":200,"srcset":"https:\/\/i0.wp.com\/soclose.mx\/blog\/wp-content\/uploads\/2022\/07\/lourdes-grobet.jpg?fit=1200%2C675&ssl=1&resize=350%2C200 1x, https:\/\/i0.wp.com\/soclose.mx\/blog\/wp-content\/uploads\/2022\/07\/lourdes-grobet.jpg?fit=1200%2C675&ssl=1&resize=525%2C300 1.5x, https:\/\/i0.wp.com\/soclose.mx\/blog\/wp-content\/uploads\/2022\/07\/lourdes-grobet.jpg?fit=1200%2C675&ssl=1&resize=700%2C400 2x, https:\/\/i0.wp.com\/soclose.mx\/blog\/wp-content\/uploads\/2022\/07\/lourdes-grobet.jpg?fit=1200%2C675&ssl=1&resize=1050%2C600 3x"},"classes":[]},{"id":14431,"url":"https:\/\/soclose.mx\/blog\/ay-goeeee\/kingo-nonaka-el-medico-samurai-de-la-revolucion-mexicana\/","url_meta":{"origin":7082,"position":5},"title":"Kingo Nonaka: el m\u00e9dico samurai de la Revoluci\u00f3n Mexicana","author":"So Close","date":"1 noviembre, 2025","format":false,"excerpt":"Descubre la fascinante historia de Kingo Nonaka, un m\u00e9dico japon\u00e9s que se uni\u00f3 a la Revoluci\u00f3n Mexicana. Conoce su papel como combatiente, fot\u00f3grafo y su legado en M\u00e9xico. \u00a1Una historia de valent\u00eda y multiculturalidad! Kingo Nonaka fue un destacado personaje de la Revoluci\u00f3n Mexicana, conocido por su papel como enfermero\u2026","rel":"","context":"En &quot;\u00a1Ay goeeee!&quot;","block_context":{"text":"\u00a1Ay goeeee!","link":"https:\/\/soclose.mx\/blog\/category\/ay-goeeee\/"},"img":{"alt_text":"Kingo Nonaka: El m\u00e9dico samurai de la Revoluci\u00f3n Mexicana","src":"https:\/\/i0.wp.com\/soclose.mx\/blog\/wp-content\/uploads\/2024\/11\/Kingo-Nonaka-el-medico-samurai-de-la-Revolucion-Mexicana.jpg?fit=1200%2C675&ssl=1&resize=350%2C200","width":350,"height":200,"srcset":"https:\/\/i0.wp.com\/soclose.mx\/blog\/wp-content\/uploads\/2024\/11\/Kingo-Nonaka-el-medico-samurai-de-la-Revolucion-Mexicana.jpg?fit=1200%2C675&ssl=1&resize=350%2C200 1x, https:\/\/i0.wp.com\/soclose.mx\/blog\/wp-content\/uploads\/2024\/11\/Kingo-Nonaka-el-medico-samurai-de-la-Revolucion-Mexicana.jpg?fit=1200%2C675&ssl=1&resize=525%2C300 1.5x, https:\/\/i0.wp.com\/soclose.mx\/blog\/wp-content\/uploads\/2024\/11\/Kingo-Nonaka-el-medico-samurai-de-la-Revolucion-Mexicana.jpg?fit=1200%2C675&ssl=1&resize=700%2C400 2x, https:\/\/i0.wp.com\/soclose.mx\/blog\/wp-content\/uploads\/2024\/11\/Kingo-Nonaka-el-medico-samurai-de-la-Revolucion-Mexicana.jpg?fit=1200%2C675&ssl=1&resize=1050%2C600 3x"},"classes":[]}],"jetpack_sharing_enabled":true,"_links":{"self":[{"href":"https:\/\/soclose.mx\/blog\/wp-json\/wp\/v2\/posts\/7082","targetHints":{"allow":["GET"]}}],"collection":[{"href":"https:\/\/soclose.mx\/blog\/wp-json\/wp\/v2\/posts"}],"about":[{"href":"https:\/\/soclose.mx\/blog\/wp-json\/wp\/v2\/types\/post"}],"author":[{"embeddable":true,"href":"https:\/\/soclose.mx\/blog\/wp-json\/wp\/v2\/users\/8"}],"replies":[{"embeddable":true,"href":"https:\/\/soclose.mx\/blog\/wp-json\/wp\/v2\/comments?post=7082"}],"version-history":[{"count":0,"href":"https:\/\/soclose.mx\/blog\/wp-json\/wp\/v2\/posts\/7082\/revisions"}],"wp:featuredmedia":[{"embeddable":true,"href":"https:\/\/soclose.mx\/blog\/wp-json\/wp\/v2\/media\/7085"}],"wp:attachment":[{"href":"https:\/\/soclose.mx\/blog\/wp-json\/wp\/v2\/media?parent=7082"}],"wp:term":[{"taxonomy":"category","embeddable":true,"href":"https:\/\/soclose.mx\/blog\/wp-json\/wp\/v2\/categories?post=7082"},{"taxonomy":"post_tag","embeddable":true,"href":"https:\/\/soclose.mx\/blog\/wp-json\/wp\/v2\/tags?post=7082"}],"curies":[{"name":"wp","href":"https:\/\/api.w.org\/{rel}","templated":true}]}}