{"id":7090,"date":"2021-09-02T09:37:35","date_gmt":"2021-09-02T14:37:35","guid":{"rendered":"https:\/\/soclose.mx\/blog\/?p=7090"},"modified":"2023-11-13T20:47:25","modified_gmt":"2023-11-14T02:47:25","slug":"barbie-homenajea-a-la-medallista-paola-espinosa","status":"publish","type":"post","link":"https:\/\/soclose.mx\/blog\/news-feed\/barbie-homenajea-a-la-medallista-paola-espinosa\/","title":{"rendered":"\u201cBarbie\u201d homenajea a la medallista Paola Espinosa"},"content":{"rendered":"<p><strong>Paola Espinosa<\/strong>, clavadista mexicana y medallista ol\u00edmpica, ya tiene una<b>\u00a0Barbie <\/b>inspirada en ella misma.<\/p>\n<p><strong>Mattel<\/strong> lanz\u00f3 la mu\u00f1eca en homenaje a sus m\u00e1s de 25 a\u00f1os de trayectoria en los clavados y como parte del\u00a0<b>Proyecto Dream Gap.<\/b><\/p>\n<p>Cuyo objetivo es presentar a las ni\u00f1as y ni\u00f1os historias de mujeres con distintas ocupaciones: doctoras, enfermeras, psiquiatras, deportistas, profesoras, cient\u00edficas, dise\u00f1adoras de moda, gimnastas, fot\u00f3grafas, entre otras.<\/p>\n<p>A trav\u00e9s de redes sociales, la atleta mexicana present\u00f3 a la <strong>Barbie<\/strong>, la cual viste un uniforme similar al de ella, as\u00ed como una medalla ol\u00edmpica que cuelga de su cuello.<\/p>\n<blockquote class=\"twitter-tweet\">\n<p dir=\"ltr\" lang=\"es\">\u00a1Est\u00e1 incre\u00edble mi <a href=\"https:\/\/twitter.com\/hashtag\/Barbie?src=hash&amp;ref_src=twsrc%5Etfw\">#Barbie<\/a> <a href=\"https:\/\/twitter.com\/hashtag\/PaolaEspinosa?src=hash&amp;ref_src=twsrc%5Etfw\">#PaolaEspinosa<\/a>! La recibo con mucho cari\u00f1o \ud83e\udd70 y agradecimiento \ud83d\ude4f\ud83c\udffc, la guardar\u00e9 por siempre \u2665\ufe0f.Nunca dejes de so\u00f1ar. \ud83e\udd47\ud83e\udd48\ud83e\udd49<br \/>\nHomenaje a atletas latinoamericanas. <a href=\"https:\/\/twitter.com\/hashtag\/TuPuedesSerLoQueQuierasSer?src=hash&amp;ref_src=twsrc%5Etfw\">#TuPuedesSerLoQueQuierasSer<\/a> <a href=\"https:\/\/twitter.com\/hashtag\/Mattel?src=hash&amp;ref_src=twsrc%5Etfw\">#Mattel<\/a> <a href=\"https:\/\/t.co\/35MoKklVLO\">pic.twitter.com\/35MoKklVLO<\/a><\/p>\n<p>\u2014 Paola Espinosa \ud83d\udc9a (@PaolaEspinosaOf) <a href=\"https:\/\/twitter.com\/PaolaEspinosaOf\/status\/1429919173388341252?ref_src=twsrc%5Etfw\">August 23, 2021<\/a><\/p><\/blockquote>\n<p><script async src=\"https:\/\/platform.twitter.com\/widgets.js\" charset=\"utf-8\"><\/script><br \/>\nCabe mencionar que otras figuras que ya tienen su propia <strong>Barbie<\/strong> son <strong>Alex Morgan<\/strong>, campeona de futbol; <strong>Wu Minxia<\/strong>, campeona de buceo; la tablista <strong>Shino Matsuda;<\/strong>\u00a0Farah Ann Abdul Hadi, gimnasta art\u00edstica; y <strong>Manasi Joshi<\/strong>, campeona mundial de Para-Badminton.<\/p>\n<blockquote><p>\u201cGracias Barbie por este homenaje a m\u00e1s de 25 a\u00f1os de trayectoria en los Clavados. Feliz de saber que mi historia como doble medallista ol\u00edmpica, campeona mundial, entre muchos logros m\u00e1s para Latinoam\u00e9rica han inspirado a m\u00e1s ni\u00f1as a cumplir sus sue\u00f1os dentro y fuera de la alberca&#8230;&#8221;<\/p><\/blockquote>\n","protected":false},"excerpt":{"rendered":"<p>Paola Espinosa, clavadista mexicana y medallista ol\u00edmpica, ya tiene una\u00a0Barbie inspirada en ella misma. Mattel lanz\u00f3 la mu\u00f1eca en homenaje a sus m\u00e1s de 25 a\u00f1os de trayectoria en los clavados y como parte del\u00a0Proyecto Dream Gap. Cuyo objetivo es presentar a las ni\u00f1as y ni\u00f1os historias de mujeres con distintas ocupaciones: doctoras, enfermeras, psiquiatras, deportistas, profesoras, cient\u00edficas, dise\u00f1adoras de moda, gimnastas, fot\u00f3grafas, entre otras. A trav\u00e9s de redes sociales, la atleta mexicana present\u00f3 a la Barbie, la cual viste un uniforme similar al de ella, as\u00ed como una medalla ol\u00edmpica que cuelga de su cuello. \u00a1Est\u00e1 incre\u00edble mi #Barbie<\/p>\n","protected":false},"author":8,"featured_media":7091,"comment_status":"open","ping_status":"open","sticky":false,"template":"","format":"standard","meta":{"_jetpack_memberships_contains_paid_content":false,"footnotes":""},"categories":[628],"tags":[1297,787,1298,1299],"class_list":["post-7090","post","type-post","status-publish","format-standard","has-post-thumbnail","hentry","category-news-feed","tag-barbie","tag-juegos-olimpicos","tag-medallista","tag-paola-espinosa"],"yoast_head":"<!-- This site is optimized with the Yoast SEO plugin v26.7 - https:\/\/yoast.com\/wordpress\/plugins\/seo\/ -->\n<title>\u201cBarbie\u201d homenajea a la medallista Paola Espinosa - So Close<\/title>\n<meta name=\"description\" content=\"Mattel lanz\u00f3 la mu\u00f1eca Barbie en homenaje a sus m\u00e1s de 25 a\u00f1os de trayectoria en los clavados y como parte del\u00a0Proyecto Dream Gap.\" \/>\n<meta name=\"robots\" content=\"index, follow, max-snippet:-1, max-image-preview:large, max-video-preview:-1\" \/>\n<link rel=\"canonical\" href=\"https:\/\/soclose.mx\/blog\/news-feed\/barbie-homenajea-a-la-medallista-paola-espinosa\/\" \/>\n<meta property=\"og:locale\" content=\"es_MX\" \/>\n<meta property=\"og:type\" content=\"article\" \/>\n<meta property=\"og:title\" content=\"\u201cBarbie\u201d homenajea a la medallista Paola Espinosa - So Close\" \/>\n<meta property=\"og:description\" content=\"Mattel lanz\u00f3 la mu\u00f1eca Barbie en homenaje a sus m\u00e1s de 25 a\u00f1os de trayectoria en los clavados y como parte del\u00a0Proyecto Dream Gap.\" \/>\n<meta property=\"og:url\" content=\"https:\/\/soclose.mx\/blog\/news-feed\/barbie-homenajea-a-la-medallista-paola-espinosa\/\" \/>\n<meta property=\"og:site_name\" content=\"So Close\" \/>\n<meta property=\"article:author\" content=\"www.facebook.com\/mikexever\/\" \/>\n<meta property=\"article:published_time\" content=\"2021-09-02T14:37:35+00:00\" \/>\n<meta property=\"article:modified_time\" content=\"2023-11-14T02:47:25+00:00\" \/>\n<meta property=\"og:image\" content=\"https:\/\/soclose.mx\/blog\/wp-content\/uploads\/2021\/09\/Principal-So-Close-blog-3.jpg\" \/>\n\t<meta property=\"og:image:width\" content=\"1240\" \/>\n\t<meta property=\"og:image:height\" content=\"700\" \/>\n\t<meta property=\"og:image:type\" content=\"image\/jpeg\" \/>\n<meta name=\"author\" content=\"Miguel Angel Romero\" \/>\n<meta name=\"twitter:card\" content=\"summary_large_image\" \/>\n<meta name=\"twitter:creator\" content=\"@Mikerecomienda\" \/>\n<meta name=\"twitter:label1\" content=\"Escrito por\" \/>\n\t<meta name=\"twitter:data1\" content=\"Miguel Angel Romero\" \/>\n\t<meta name=\"twitter:label2\" content=\"Tiempo de lectura\" \/>\n\t<meta name=\"twitter:data2\" content=\"1 minuto\" \/>\n<script type=\"application\/ld+json\" class=\"yoast-schema-graph\">{\"@context\":\"https:\/\/schema.org\",\"@graph\":[{\"@type\":\"Article\",\"@id\":\"https:\/\/soclose.mx\/blog\/news-feed\/barbie-homenajea-a-la-medallista-paola-espinosa\/#article\",\"isPartOf\":{\"@id\":\"https:\/\/soclose.mx\/blog\/news-feed\/barbie-homenajea-a-la-medallista-paola-espinosa\/\"},\"author\":{\"name\":\"Miguel Angel Romero\",\"@id\":\"https:\/\/soclose.mx\/blog\/#\/schema\/person\/cddec6ccd5d7037d286395fb411e23f1\"},\"headline\":\"\u201cBarbie\u201d homenajea a la medallista Paola Espinosa\",\"datePublished\":\"2021-09-02T14:37:35+00:00\",\"dateModified\":\"2023-11-14T02:47:25+00:00\",\"mainEntityOfPage\":{\"@id\":\"https:\/\/soclose.mx\/blog\/news-feed\/barbie-homenajea-a-la-medallista-paola-espinosa\/\"},\"wordCount\":247,\"commentCount\":0,\"publisher\":{\"@id\":\"https:\/\/soclose.mx\/blog\/#organization\"},\"image\":{\"@id\":\"https:\/\/soclose.mx\/blog\/news-feed\/barbie-homenajea-a-la-medallista-paola-espinosa\/#primaryimage\"},\"thumbnailUrl\":\"https:\/\/i0.wp.com\/soclose.mx\/blog\/wp-content\/uploads\/2021\/09\/Principal-So-Close-blog-3.jpg?fit=1240%2C700&ssl=1\",\"keywords\":[\"Barbie\",\"juegos ol\u00edmpicos\",\"medallista\",\"Paola Espinosa\"],\"articleSection\":[\"News feed\"],\"inLanguage\":\"es\",\"potentialAction\":[{\"@type\":\"CommentAction\",\"name\":\"Comment\",\"target\":[\"https:\/\/soclose.mx\/blog\/news-feed\/barbie-homenajea-a-la-medallista-paola-espinosa\/#respond\"]}]},{\"@type\":\"WebPage\",\"@id\":\"https:\/\/soclose.mx\/blog\/news-feed\/barbie-homenajea-a-la-medallista-paola-espinosa\/\",\"url\":\"https:\/\/soclose.mx\/blog\/news-feed\/barbie-homenajea-a-la-medallista-paola-espinosa\/\",\"name\":\"\u201cBarbie\u201d homenajea a la medallista Paola Espinosa - So Close\",\"isPartOf\":{\"@id\":\"https:\/\/soclose.mx\/blog\/#website\"},\"primaryImageOfPage\":{\"@id\":\"https:\/\/soclose.mx\/blog\/news-feed\/barbie-homenajea-a-la-medallista-paola-espinosa\/#primaryimage\"},\"image\":{\"@id\":\"https:\/\/soclose.mx\/blog\/news-feed\/barbie-homenajea-a-la-medallista-paola-espinosa\/#primaryimage\"},\"thumbnailUrl\":\"https:\/\/i0.wp.com\/soclose.mx\/blog\/wp-content\/uploads\/2021\/09\/Principal-So-Close-blog-3.jpg?fit=1240%2C700&ssl=1\",\"datePublished\":\"2021-09-02T14:37:35+00:00\",\"dateModified\":\"2023-11-14T02:47:25+00:00\",\"description\":\"Mattel lanz\u00f3 la mu\u00f1eca Barbie en homenaje a sus m\u00e1s de 25 a\u00f1os de trayectoria en los clavados y como parte del\u00a0Proyecto Dream Gap.\",\"breadcrumb\":{\"@id\":\"https:\/\/soclose.mx\/blog\/news-feed\/barbie-homenajea-a-la-medallista-paola-espinosa\/#breadcrumb\"},\"inLanguage\":\"es\",\"potentialAction\":[{\"@type\":\"ReadAction\",\"target\":[\"https:\/\/soclose.mx\/blog\/news-feed\/barbie-homenajea-a-la-medallista-paola-espinosa\/\"]}]},{\"@type\":\"ImageObject\",\"inLanguage\":\"es\",\"@id\":\"https:\/\/soclose.mx\/blog\/news-feed\/barbie-homenajea-a-la-medallista-paola-espinosa\/#primaryimage\",\"url\":\"https:\/\/i0.wp.com\/soclose.mx\/blog\/wp-content\/uploads\/2021\/09\/Principal-So-Close-blog-3.jpg?fit=1240%2C700&ssl=1\",\"contentUrl\":\"https:\/\/i0.wp.com\/soclose.mx\/blog\/wp-content\/uploads\/2021\/09\/Principal-So-Close-blog-3.jpg?fit=1240%2C700&ssl=1\",\"width\":1240,\"height\":700},{\"@type\":\"BreadcrumbList\",\"@id\":\"https:\/\/soclose.mx\/blog\/news-feed\/barbie-homenajea-a-la-medallista-paola-espinosa\/#breadcrumb\",\"itemListElement\":[{\"@type\":\"ListItem\",\"position\":1,\"name\":\"Inicio\",\"item\":\"https:\/\/soclose.mx\/blog\/\"},{\"@type\":\"ListItem\",\"position\":2,\"name\":\"\u201cBarbie\u201d homenajea a la medallista Paola Espinosa\"}]},{\"@type\":\"WebSite\",\"@id\":\"https:\/\/soclose.mx\/blog\/#website\",\"url\":\"https:\/\/soclose.mx\/blog\/\",\"name\":\"So Close\",\"description\":\"Hacemos contenidos de M\u00e9xico\",\"publisher\":{\"@id\":\"https:\/\/soclose.mx\/blog\/#organization\"},\"potentialAction\":[{\"@type\":\"SearchAction\",\"target\":{\"@type\":\"EntryPoint\",\"urlTemplate\":\"https:\/\/soclose.mx\/blog\/?s={search_term_string}\"},\"query-input\":{\"@type\":\"PropertyValueSpecification\",\"valueRequired\":true,\"valueName\":\"search_term_string\"}}],\"inLanguage\":\"es\"},{\"@type\":\"Organization\",\"@id\":\"https:\/\/soclose.mx\/blog\/#organization\",\"name\":\"So Close\",\"url\":\"https:\/\/soclose.mx\/blog\/\",\"logo\":{\"@type\":\"ImageObject\",\"inLanguage\":\"es\",\"@id\":\"https:\/\/soclose.mx\/blog\/#\/schema\/logo\/image\/\",\"url\":\"https:\/\/i0.wp.com\/soclose.mx\/blog\/wp-content\/uploads\/2020\/12\/LOGO_SOCLOSE_COLOR-e1608310133507.png?fit=2858%2C1264&ssl=1\",\"contentUrl\":\"https:\/\/i0.wp.com\/soclose.mx\/blog\/wp-content\/uploads\/2020\/12\/LOGO_SOCLOSE_COLOR-e1608310133507.png?fit=2858%2C1264&ssl=1\",\"width\":2858,\"height\":1264,\"caption\":\"So Close\"},\"image\":{\"@id\":\"https:\/\/soclose.mx\/blog\/#\/schema\/logo\/image\/\"}},{\"@type\":\"Person\",\"@id\":\"https:\/\/soclose.mx\/blog\/#\/schema\/person\/cddec6ccd5d7037d286395fb411e23f1\",\"name\":\"Miguel Angel Romero\",\"image\":{\"@type\":\"ImageObject\",\"inLanguage\":\"es\",\"@id\":\"https:\/\/soclose.mx\/blog\/#\/schema\/person\/image\/\",\"url\":\"https:\/\/secure.gravatar.com\/avatar\/45b44006b4f93497bb24d251f77bc39385015bfa120582412df580dbfcbb14f3?s=96&d=mm&r=g\",\"contentUrl\":\"https:\/\/secure.gravatar.com\/avatar\/45b44006b4f93497bb24d251f77bc39385015bfa120582412df580dbfcbb14f3?s=96&d=mm&r=g\",\"caption\":\"Miguel Angel Romero\"},\"sameAs\":[\"http:\/\/\/mikexever.blogspot.com\/\",\"www.facebook.com\/mikexever\/\",\"https:\/\/x.com\/Mikerecomienda\"],\"url\":\"https:\/\/soclose.mx\/blog\/author\/mike\/\"}]}<\/script>\n<!-- \/ Yoast SEO plugin. -->","yoast_head_json":{"title":"\u201cBarbie\u201d homenajea a la medallista Paola Espinosa - So Close","description":"Mattel lanz\u00f3 la mu\u00f1eca Barbie en homenaje a sus m\u00e1s de 25 a\u00f1os de trayectoria en los clavados y como parte del\u00a0Proyecto Dream Gap.","robots":{"index":"index","follow":"follow","max-snippet":"max-snippet:-1","max-image-preview":"max-image-preview:large","max-video-preview":"max-video-preview:-1"},"canonical":"https:\/\/soclose.mx\/blog\/news-feed\/barbie-homenajea-a-la-medallista-paola-espinosa\/","og_locale":"es_MX","og_type":"article","og_title":"\u201cBarbie\u201d homenajea a la medallista Paola Espinosa - So Close","og_description":"Mattel lanz\u00f3 la mu\u00f1eca Barbie en homenaje a sus m\u00e1s de 25 a\u00f1os de trayectoria en los clavados y como parte del\u00a0Proyecto Dream Gap.","og_url":"https:\/\/soclose.mx\/blog\/news-feed\/barbie-homenajea-a-la-medallista-paola-espinosa\/","og_site_name":"So Close","article_author":"www.facebook.com\/mikexever\/","article_published_time":"2021-09-02T14:37:35+00:00","article_modified_time":"2023-11-14T02:47:25+00:00","og_image":[{"width":1240,"height":700,"url":"https:\/\/soclose.mx\/blog\/wp-content\/uploads\/2021\/09\/Principal-So-Close-blog-3.jpg","type":"image\/jpeg"}],"author":"Miguel Angel Romero","twitter_card":"summary_large_image","twitter_creator":"@Mikerecomienda","twitter_misc":{"Escrito por":"Miguel Angel Romero","Tiempo de lectura":"1 minuto"},"schema":{"@context":"https:\/\/schema.org","@graph":[{"@type":"Article","@id":"https:\/\/soclose.mx\/blog\/news-feed\/barbie-homenajea-a-la-medallista-paola-espinosa\/#article","isPartOf":{"@id":"https:\/\/soclose.mx\/blog\/news-feed\/barbie-homenajea-a-la-medallista-paola-espinosa\/"},"author":{"name":"Miguel Angel Romero","@id":"https:\/\/soclose.mx\/blog\/#\/schema\/person\/cddec6ccd5d7037d286395fb411e23f1"},"headline":"\u201cBarbie\u201d homenajea a la medallista Paola Espinosa","datePublished":"2021-09-02T14:37:35+00:00","dateModified":"2023-11-14T02:47:25+00:00","mainEntityOfPage":{"@id":"https:\/\/soclose.mx\/blog\/news-feed\/barbie-homenajea-a-la-medallista-paola-espinosa\/"},"wordCount":247,"commentCount":0,"publisher":{"@id":"https:\/\/soclose.mx\/blog\/#organization"},"image":{"@id":"https:\/\/soclose.mx\/blog\/news-feed\/barbie-homenajea-a-la-medallista-paola-espinosa\/#primaryimage"},"thumbnailUrl":"https:\/\/i0.wp.com\/soclose.mx\/blog\/wp-content\/uploads\/2021\/09\/Principal-So-Close-blog-3.jpg?fit=1240%2C700&ssl=1","keywords":["Barbie","juegos ol\u00edmpicos","medallista","Paola Espinosa"],"articleSection":["News feed"],"inLanguage":"es","potentialAction":[{"@type":"CommentAction","name":"Comment","target":["https:\/\/soclose.mx\/blog\/news-feed\/barbie-homenajea-a-la-medallista-paola-espinosa\/#respond"]}]},{"@type":"WebPage","@id":"https:\/\/soclose.mx\/blog\/news-feed\/barbie-homenajea-a-la-medallista-paola-espinosa\/","url":"https:\/\/soclose.mx\/blog\/news-feed\/barbie-homenajea-a-la-medallista-paola-espinosa\/","name":"\u201cBarbie\u201d homenajea a la medallista Paola Espinosa - So Close","isPartOf":{"@id":"https:\/\/soclose.mx\/blog\/#website"},"primaryImageOfPage":{"@id":"https:\/\/soclose.mx\/blog\/news-feed\/barbie-homenajea-a-la-medallista-paola-espinosa\/#primaryimage"},"image":{"@id":"https:\/\/soclose.mx\/blog\/news-feed\/barbie-homenajea-a-la-medallista-paola-espinosa\/#primaryimage"},"thumbnailUrl":"https:\/\/i0.wp.com\/soclose.mx\/blog\/wp-content\/uploads\/2021\/09\/Principal-So-Close-blog-3.jpg?fit=1240%2C700&ssl=1","datePublished":"2021-09-02T14:37:35+00:00","dateModified":"2023-11-14T02:47:25+00:00","description":"Mattel lanz\u00f3 la mu\u00f1eca Barbie en homenaje a sus m\u00e1s de 25 a\u00f1os de trayectoria en los clavados y como parte del\u00a0Proyecto Dream Gap.","breadcrumb":{"@id":"https:\/\/soclose.mx\/blog\/news-feed\/barbie-homenajea-a-la-medallista-paola-espinosa\/#breadcrumb"},"inLanguage":"es","potentialAction":[{"@type":"ReadAction","target":["https:\/\/soclose.mx\/blog\/news-feed\/barbie-homenajea-a-la-medallista-paola-espinosa\/"]}]},{"@type":"ImageObject","inLanguage":"es","@id":"https:\/\/soclose.mx\/blog\/news-feed\/barbie-homenajea-a-la-medallista-paola-espinosa\/#primaryimage","url":"https:\/\/i0.wp.com\/soclose.mx\/blog\/wp-content\/uploads\/2021\/09\/Principal-So-Close-blog-3.jpg?fit=1240%2C700&ssl=1","contentUrl":"https:\/\/i0.wp.com\/soclose.mx\/blog\/wp-content\/uploads\/2021\/09\/Principal-So-Close-blog-3.jpg?fit=1240%2C700&ssl=1","width":1240,"height":700},{"@type":"BreadcrumbList","@id":"https:\/\/soclose.mx\/blog\/news-feed\/barbie-homenajea-a-la-medallista-paola-espinosa\/#breadcrumb","itemListElement":[{"@type":"ListItem","position":1,"name":"Inicio","item":"https:\/\/soclose.mx\/blog\/"},{"@type":"ListItem","position":2,"name":"\u201cBarbie\u201d homenajea a la medallista Paola Espinosa"}]},{"@type":"WebSite","@id":"https:\/\/soclose.mx\/blog\/#website","url":"https:\/\/soclose.mx\/blog\/","name":"So Close","description":"Hacemos contenidos de M\u00e9xico","publisher":{"@id":"https:\/\/soclose.mx\/blog\/#organization"},"potentialAction":[{"@type":"SearchAction","target":{"@type":"EntryPoint","urlTemplate":"https:\/\/soclose.mx\/blog\/?s={search_term_string}"},"query-input":{"@type":"PropertyValueSpecification","valueRequired":true,"valueName":"search_term_string"}}],"inLanguage":"es"},{"@type":"Organization","@id":"https:\/\/soclose.mx\/blog\/#organization","name":"So Close","url":"https:\/\/soclose.mx\/blog\/","logo":{"@type":"ImageObject","inLanguage":"es","@id":"https:\/\/soclose.mx\/blog\/#\/schema\/logo\/image\/","url":"https:\/\/i0.wp.com\/soclose.mx\/blog\/wp-content\/uploads\/2020\/12\/LOGO_SOCLOSE_COLOR-e1608310133507.png?fit=2858%2C1264&ssl=1","contentUrl":"https:\/\/i0.wp.com\/soclose.mx\/blog\/wp-content\/uploads\/2020\/12\/LOGO_SOCLOSE_COLOR-e1608310133507.png?fit=2858%2C1264&ssl=1","width":2858,"height":1264,"caption":"So Close"},"image":{"@id":"https:\/\/soclose.mx\/blog\/#\/schema\/logo\/image\/"}},{"@type":"Person","@id":"https:\/\/soclose.mx\/blog\/#\/schema\/person\/cddec6ccd5d7037d286395fb411e23f1","name":"Miguel Angel Romero","image":{"@type":"ImageObject","inLanguage":"es","@id":"https:\/\/soclose.mx\/blog\/#\/schema\/person\/image\/","url":"https:\/\/secure.gravatar.com\/avatar\/45b44006b4f93497bb24d251f77bc39385015bfa120582412df580dbfcbb14f3?s=96&d=mm&r=g","contentUrl":"https:\/\/secure.gravatar.com\/avatar\/45b44006b4f93497bb24d251f77bc39385015bfa120582412df580dbfcbb14f3?s=96&d=mm&r=g","caption":"Miguel Angel Romero"},"sameAs":["http:\/\/\/mikexever.blogspot.com\/","www.facebook.com\/mikexever\/","https:\/\/x.com\/Mikerecomienda"],"url":"https:\/\/soclose.mx\/blog\/author\/mike\/"}]}},"jetpack_featured_media_url":"https:\/\/i0.wp.com\/soclose.mx\/blog\/wp-content\/uploads\/2021\/09\/Principal-So-Close-blog-3.jpg?fit=1240%2C700&ssl=1","jetpack-related-posts":[{"id":13032,"url":"https:\/\/soclose.mx\/blog\/seleccion-mexicana\/los-medallistas-mexicanos-que-hicieron-historia-en-las-olimpiadas\/","url_meta":{"origin":7090,"position":0},"title":"Los medallistas mexicanos que hicieron historia en las Olimpiadas","author":"Emmanuel Oviedo","date":"13 febrero, 2024","format":false,"excerpt":"M\u00e9xico se ha formado un gran legado en las justas deportivas, y las Olimpiadas son la mejor ocasi\u00f3n de los deportistas mexicanos para buscar la gloria. No s\u00f3lo como una forma de consolidar su catrera, sino tambi\u00e9n de experimentar la sensaci\u00f3n de subirse al podio y escuchar en alto el\u2026","rel":"","context":"En &quot;Selecci\u00f3n mexicana&quot;","block_context":{"text":"Selecci\u00f3n mexicana","link":"https:\/\/soclose.mx\/blog\/category\/seleccion-mexicana\/"},"img":{"alt_text":"","src":"https:\/\/i0.wp.com\/soclose.mx\/blog\/wp-content\/uploads\/2024\/01\/Olimpiadas.jpg?fit=545%2C363&ssl=1&resize=350%2C200","width":350,"height":200,"srcset":"https:\/\/i0.wp.com\/soclose.mx\/blog\/wp-content\/uploads\/2024\/01\/Olimpiadas.jpg?fit=545%2C363&ssl=1&resize=350%2C200 1x, https:\/\/i0.wp.com\/soclose.mx\/blog\/wp-content\/uploads\/2024\/01\/Olimpiadas.jpg?fit=545%2C363&ssl=1&resize=525%2C300 1.5x"},"classes":[]},{"id":13094,"url":"https:\/\/soclose.mx\/blog\/para-todos\/de-atleta-olimpico-a-politico-mexicano-cinco-casos-de-compromiso\/","url_meta":{"origin":7090,"position":1},"title":"De atleta ol\u00edmpico a pol\u00edtico mexicano: cinco casos de compromiso","author":"Emmanuel Oviedo","date":"5 febrero, 2024","format":false,"excerpt":"Mexico tiene un palmar\u00e9s cuando se trata de competencias ol\u00edmpicas y deportistas. Personajes que destacaron como grandes deportistas en su momento, el atleta ol\u00edmpico y l\u00edder en sus disciplina. Ahora, como mexicanos destacados, pasaron de la disciplina deportiva a la participaci\u00f3n ciudadana para el bien de nuestro pa\u00eds. Ahora que\u2026","rel":"","context":"En &quot;Para todos&quot;","block_context":{"text":"Para todos","link":"https:\/\/soclose.mx\/blog\/category\/para-todos\/"},"img":{"alt_text":"","src":"https:\/\/i0.wp.com\/soclose.mx\/blog\/wp-content\/uploads\/2024\/01\/Tatiana-ortiz-Olimpiadas-1-3.jpg?fit=800%2C532&ssl=1&resize=350%2C200","width":350,"height":200,"srcset":"https:\/\/i0.wp.com\/soclose.mx\/blog\/wp-content\/uploads\/2024\/01\/Tatiana-ortiz-Olimpiadas-1-3.jpg?fit=800%2C532&ssl=1&resize=350%2C200 1x, https:\/\/i0.wp.com\/soclose.mx\/blog\/wp-content\/uploads\/2024\/01\/Tatiana-ortiz-Olimpiadas-1-3.jpg?fit=800%2C532&ssl=1&resize=525%2C300 1.5x, https:\/\/i0.wp.com\/soclose.mx\/blog\/wp-content\/uploads\/2024\/01\/Tatiana-ortiz-Olimpiadas-1-3.jpg?fit=800%2C532&ssl=1&resize=700%2C400 2x"},"classes":[]},{"id":13870,"url":"https:\/\/soclose.mx\/blog\/seleccion-mexicana\/ma-jin-la-entrenadora-china-que-transformo-a-clavadistas-mexicanos\/","url_meta":{"origin":7090,"position":2},"title":"Ma Jin: la entrenadora china que transform\u00f3 a clavadistas mexicanos","author":"So Close","date":"5 agosto, 2024","format":false,"excerpt":"Ma Jin: la entrenadora china | una Leyenda Asi\u00e1tica en Aguas Mexicanas, quien transform\u00f3 a clavadistas mexicanos Ma Jin, una entrenadora china con una trayectoria excepcional, ha dejado una huella imborrable en el deporte mexicano, especialmente en los clavados. Su llegada a M\u00e9xico marc\u00f3 un antes y un despu\u00e9s en\u2026","rel":"","context":"En &quot;Selecci\u00f3n mexicana&quot;","block_context":{"text":"Selecci\u00f3n mexicana","link":"https:\/\/soclose.mx\/blog\/category\/seleccion-mexicana\/"},"img":{"alt_text":"Ma Jin: entrenadora china","src":"https:\/\/i0.wp.com\/soclose.mx\/blog\/wp-content\/uploads\/2024\/08\/WhatsApp_Image_2024-05-22_at_2.52.27_PM__4_.jpg?fit=1200%2C800&ssl=1&resize=350%2C200","width":350,"height":200,"srcset":"https:\/\/i0.wp.com\/soclose.mx\/blog\/wp-content\/uploads\/2024\/08\/WhatsApp_Image_2024-05-22_at_2.52.27_PM__4_.jpg?fit=1200%2C800&ssl=1&resize=350%2C200 1x, https:\/\/i0.wp.com\/soclose.mx\/blog\/wp-content\/uploads\/2024\/08\/WhatsApp_Image_2024-05-22_at_2.52.27_PM__4_.jpg?fit=1200%2C800&ssl=1&resize=525%2C300 1.5x, https:\/\/i0.wp.com\/soclose.mx\/blog\/wp-content\/uploads\/2024\/08\/WhatsApp_Image_2024-05-22_at_2.52.27_PM__4_.jpg?fit=1200%2C800&ssl=1&resize=700%2C400 2x, https:\/\/i0.wp.com\/soclose.mx\/blog\/wp-content\/uploads\/2024\/08\/WhatsApp_Image_2024-05-22_at_2.52.27_PM__4_.jpg?fit=1200%2C800&ssl=1&resize=1050%2C600 3x"},"classes":[]},{"id":10547,"url":"https:\/\/soclose.mx\/blog\/a-la-mexicana\/video-inmigrante-mexicana-encuentra-medalla-de-oro-olimpica-en-envolturas-de-hamburguesas\/","url_meta":{"origin":7090,"position":3},"title":"Video: inmigrante mexicana encuentra medalla de oro ol\u00edmpica \u00a1en envolturas de hamburguesas!","author":"Daniel Ram\u00edrez","date":"8 julio, 2022","format":false,"excerpt":"Vayan preparando el guion para la pel\u00edcula sobre Mar\u00eda Carillo, una inmigrante mexicana que lleg\u00f3 a Estados Unidos hace 30 para trabajar limpiando casas y poner su negocio. Y es que la historia que les contaremos a continuaci\u00f3n es digna de ello. Mar\u00eda sali\u00f3 a pasear a sus perros y\u2026","rel":"","context":"En &quot;A la mexicana&quot;","block_context":{"text":"A la mexicana","link":"https:\/\/soclose.mx\/blog\/category\/a-la-mexicana\/"},"img":{"alt_text":"","src":"https:\/\/i0.wp.com\/soclose.mx\/blog\/wp-content\/uploads\/2022\/07\/medalla.jpg?fit=473%2C379&ssl=1&resize=350%2C200","width":350,"height":200},"classes":[]},{"id":13104,"url":"https:\/\/soclose.mx\/blog\/seleccion-mexicana\/conoce-a-alexa-moreno-la-gimnasta-multimedallista-mexicana\/","url_meta":{"origin":7090,"position":4},"title":"Conoce a Alexa Moreno: la gimnasta multimedallista mexicana","author":"Emmanuel Oviedo","date":"25 enero, 2024","format":false,"excerpt":"Alexa Moreno ha sido una atleta sensacional en todo M\u00e9xico y para todo el mundo. En una edad tan joven ha conquistado las competencias m\u00e1s importantes de la gimnasia, como las que se realizan en Latinoam\u00e9rica y las cumbres de las Olimpiadas. Su nombre ya est\u00e1 dentro de la \u00e9lite\u2026","rel":"","context":"En &quot;Selecci\u00f3n mexicana&quot;","block_context":{"text":"Selecci\u00f3n mexicana","link":"https:\/\/soclose.mx\/blog\/category\/seleccion-mexicana\/"},"img":{"alt_text":"","src":"https:\/\/i0.wp.com\/soclose.mx\/blog\/wp-content\/uploads\/2024\/01\/Alexa-moreno-1.jpg?fit=799%2C533&ssl=1&resize=350%2C200","width":350,"height":200,"srcset":"https:\/\/i0.wp.com\/soclose.mx\/blog\/wp-content\/uploads\/2024\/01\/Alexa-moreno-1.jpg?fit=799%2C533&ssl=1&resize=350%2C200 1x, https:\/\/i0.wp.com\/soclose.mx\/blog\/wp-content\/uploads\/2024\/01\/Alexa-moreno-1.jpg?fit=799%2C533&ssl=1&resize=525%2C300 1.5x, https:\/\/i0.wp.com\/soclose.mx\/blog\/wp-content\/uploads\/2024\/01\/Alexa-moreno-1.jpg?fit=799%2C533&ssl=1&resize=700%2C400 2x"},"classes":[]},{"id":13878,"url":"https:\/\/soclose.mx\/blog\/seleccion-mexicana\/marco-verde-el-boxeador-mexicano-hecho-de-metal-olimpico\/","url_meta":{"origin":7090,"position":5},"title":"Marco Verde: el boxeador mexicano hecho de metal ol\u00edmpico","author":"So Close","date":"6 agosto, 2024","format":false,"excerpt":"Marco Alonso Verde \u00c1lvarez es un joven boxeador mexicano que ha cautivado al p\u00fablico con su talento y determinaci\u00f3n en el ring. Nacido en Mazatl\u00e1n, Sinaloa, el 11 de febrero de 2002, Marco ha demostrado desde temprana edad una pasi\u00f3n por el boxeo, siguiendo los pasos de su padre, Manuel\u2026","rel":"","context":"En &quot;Selecci\u00f3n mexicana&quot;","block_context":{"text":"Selecci\u00f3n mexicana","link":"https:\/\/soclose.mx\/blog\/category\/seleccion-mexicana\/"},"img":{"alt_text":"Marco Verde, boxeador mexicano","src":"https:\/\/i0.wp.com\/soclose.mx\/blog\/wp-content\/uploads\/2024\/08\/Screen-Shot-2024-08-06-at-19.53.03.jpg?fit=668%2C696&ssl=1&resize=350%2C200","width":350,"height":200,"srcset":"https:\/\/i0.wp.com\/soclose.mx\/blog\/wp-content\/uploads\/2024\/08\/Screen-Shot-2024-08-06-at-19.53.03.jpg?fit=668%2C696&ssl=1&resize=350%2C200 1x, https:\/\/i0.wp.com\/soclose.mx\/blog\/wp-content\/uploads\/2024\/08\/Screen-Shot-2024-08-06-at-19.53.03.jpg?fit=668%2C696&ssl=1&resize=525%2C300 1.5x"},"classes":[]}],"jetpack_sharing_enabled":true,"_links":{"self":[{"href":"https:\/\/soclose.mx\/blog\/wp-json\/wp\/v2\/posts\/7090","targetHints":{"allow":["GET"]}}],"collection":[{"href":"https:\/\/soclose.mx\/blog\/wp-json\/wp\/v2\/posts"}],"about":[{"href":"https:\/\/soclose.mx\/blog\/wp-json\/wp\/v2\/types\/post"}],"author":[{"embeddable":true,"href":"https:\/\/soclose.mx\/blog\/wp-json\/wp\/v2\/users\/8"}],"replies":[{"embeddable":true,"href":"https:\/\/soclose.mx\/blog\/wp-json\/wp\/v2\/comments?post=7090"}],"version-history":[{"count":0,"href":"https:\/\/soclose.mx\/blog\/wp-json\/wp\/v2\/posts\/7090\/revisions"}],"wp:featuredmedia":[{"embeddable":true,"href":"https:\/\/soclose.mx\/blog\/wp-json\/wp\/v2\/media\/7091"}],"wp:attachment":[{"href":"https:\/\/soclose.mx\/blog\/wp-json\/wp\/v2\/media?parent=7090"}],"wp:term":[{"taxonomy":"category","embeddable":true,"href":"https:\/\/soclose.mx\/blog\/wp-json\/wp\/v2\/categories?post=7090"},{"taxonomy":"post_tag","embeddable":true,"href":"https:\/\/soclose.mx\/blog\/wp-json\/wp\/v2\/tags?post=7090"}],"curies":[{"name":"wp","href":"https:\/\/api.w.org\/{rel}","templated":true}]}}