{"id":7097,"date":"2021-09-03T08:00:49","date_gmt":"2021-09-03T13:00:49","guid":{"rendered":"https:\/\/soclose.mx\/blog\/?p=7097"},"modified":"2021-09-02T22:02:54","modified_gmt":"2021-09-03T03:02:54","slug":"el-monumento-de-la-casa-de-papel-llega-a-bellas-artes","status":"publish","type":"post","link":"https:\/\/soclose.mx\/blog\/news-feed\/el-monumento-de-la-casa-de-papel-llega-a-bellas-artes\/","title":{"rendered":"El monumento de La Casa de Papel llega a Bellas Artes"},"content":{"rendered":"<p>Una de las <a href=\"https:\/\/soclose.mx\/blog\/datos-que-debes-saber-sobre-la-serie-de-tv-la-grandeza-de-mexico\/\" target=\"_blank\" rel=\"noopener\">series<\/a> que m\u00e1s ha movido alrededor del mundo ha sido, sin duda, <strong>La Casa de Papel<\/strong> y recientemente,\u00a0 un misterioso monumento apareci\u00f3 en la <strong>Ciudad de M\u00e9xico, a un costado de Bellas Artes.<\/strong><\/p>\n<p>Las figuras blancas resguardadas tambi\u00e9n aparecieron en <strong>Buenos Aires y Santiago de Chile.<\/strong><\/p>\n<p>Esto debido al estreno de la primera parte de la \u00faltima temporada de la famosa serie espa\u00f1ola de<strong> Netflix<\/strong>.<\/p>\n<p>El misterioso monumento est\u00e1 conformado por cuatro personajes que dentro de la trama,\u00a0han perdido la vida, pero hay una quinta figura que nos hace pensar que en esta \u00faltima temporada morir\u00e1 uno m\u00e1s.<\/p>\n<p>Dentro de las teor\u00edas que envuelven al monumento donde\u00a0<strong>Nairobi, Oslo, Mosc\u00fa y Berl\u00edn<\/strong>\u00a0son los protagonistas, existe una figura amorfa que\u00a0a\u00fan no revela su identidad, dando a entender que habr\u00e1 un nuevo muerto en la serie.<\/p>\n<p class=\"_114131\">La productora lanz\u00f3 un video explicando porqu\u00e9 algunos personajes no pueden morir en esta \u00faltima temporada, pero a\u00fan as\u00ed, no han resuelto las dudas de qui\u00e9n es el personaje que se encuentra en el monumento de los 5 ca\u00eddos<strong>.<\/strong><\/p>\n<p><iframe loading=\"lazy\" title=\"YouTube video player\" src=\"https:\/\/www.youtube.com\/embed\/6UMmM_XmFVg\" width=\"560\" height=\"315\" frameborder=\"0\" allowfullscreen=\"allowfullscreen\"><\/iframe><br \/>\n<strong>Netflix<\/strong>\u00a0anunci\u00f3 hace unos meses la quinta y \u00faltima temporada de la famosa serie espa\u00f1ola\u00a0<strong>\u201cLa Casa de Papel\u201d<\/strong>, la cual\u00a0<strong>estar\u00e1 dividida en dos partes<\/strong>. La fecha de estreno de la primera parte es 3 se septiembre; tres meses, despu\u00e9s, se estrenar\u00e1 la \u00faltima parte.<\/p>\n","protected":false},"excerpt":{"rendered":"<p>Una de las series que m\u00e1s ha movido alrededor del mundo ha sido, sin duda, La Casa de Papel y recientemente,\u00a0 un misterioso monumento apareci\u00f3 en la Ciudad de M\u00e9xico, a un costado de Bellas Artes. Las figuras blancas resguardadas tambi\u00e9n aparecieron en Buenos Aires y Santiago de Chile. Esto debido al estreno de la primera parte de la \u00faltima temporada de la famosa serie espa\u00f1ola de Netflix. El misterioso monumento est\u00e1 conformado por cuatro personajes que dentro de la trama,\u00a0han perdido la vida, pero hay una quinta figura que nos hace pensar que en esta \u00faltima temporada morir\u00e1 uno<\/p>\n","protected":false},"author":8,"featured_media":7098,"comment_status":"open","ping_status":"open","sticky":false,"template":"","format":"standard","meta":{"_jetpack_memberships_contains_paid_content":false,"footnotes":""},"categories":[628],"tags":[1300,1301,1302,244],"class_list":["post-7097","post","type-post","status-publish","format-standard","has-post-thumbnail","hentry","category-news-feed","tag-bellas-artes","tag-la-casa-de-papel","tag-monumento","tag-netflix"],"yoast_head":"<!-- This site is optimized with the Yoast SEO plugin v26.7 - https:\/\/yoast.com\/wordpress\/plugins\/seo\/ -->\n<title>El monumento de La Casa de Papel llega a Bellas Artes - So Close<\/title>\n<meta name=\"description\" content=\"Las figuras blancas resguardadas no s\u00f3lo aparecieron en Bellas Artes, sino tambi\u00e9n, en Buenos Aires y Santiago de Chile.\" \/>\n<meta name=\"robots\" content=\"index, follow, max-snippet:-1, max-image-preview:large, max-video-preview:-1\" \/>\n<link rel=\"canonical\" href=\"https:\/\/soclose.mx\/blog\/news-feed\/el-monumento-de-la-casa-de-papel-llega-a-bellas-artes\/\" \/>\n<meta property=\"og:locale\" content=\"es_MX\" \/>\n<meta property=\"og:type\" content=\"article\" \/>\n<meta property=\"og:title\" content=\"El monumento de La Casa de Papel llega a Bellas Artes - So Close\" \/>\n<meta property=\"og:description\" content=\"Las figuras blancas resguardadas no s\u00f3lo aparecieron en Bellas Artes, sino tambi\u00e9n, en Buenos Aires y Santiago de Chile.\" \/>\n<meta property=\"og:url\" content=\"https:\/\/soclose.mx\/blog\/news-feed\/el-monumento-de-la-casa-de-papel-llega-a-bellas-artes\/\" \/>\n<meta property=\"og:site_name\" content=\"So Close\" \/>\n<meta property=\"article:author\" content=\"www.facebook.com\/mikexever\/\" \/>\n<meta property=\"article:published_time\" content=\"2021-09-03T13:00:49+00:00\" \/>\n<meta property=\"og:image\" content=\"https:\/\/i0.wp.com\/soclose.mx\/blog\/wp-content\/uploads\/2021\/09\/Principal-So-Close-blog-4.jpg?fit=1240%2C700&ssl=1\" \/>\n\t<meta property=\"og:image:width\" content=\"1240\" \/>\n\t<meta property=\"og:image:height\" content=\"700\" \/>\n\t<meta property=\"og:image:type\" content=\"image\/jpeg\" \/>\n<meta name=\"author\" content=\"Miguel Angel Romero\" \/>\n<meta name=\"twitter:card\" content=\"summary_large_image\" \/>\n<meta name=\"twitter:creator\" content=\"@Mikerecomienda\" \/>\n<meta name=\"twitter:label1\" content=\"Escrito por\" \/>\n\t<meta name=\"twitter:data1\" content=\"Miguel Angel Romero\" \/>\n\t<meta name=\"twitter:label2\" content=\"Tiempo de lectura\" \/>\n\t<meta name=\"twitter:data2\" content=\"1 minuto\" \/>\n<script type=\"application\/ld+json\" class=\"yoast-schema-graph\">{\"@context\":\"https:\/\/schema.org\",\"@graph\":[{\"@type\":\"Article\",\"@id\":\"https:\/\/soclose.mx\/blog\/news-feed\/el-monumento-de-la-casa-de-papel-llega-a-bellas-artes\/#article\",\"isPartOf\":{\"@id\":\"https:\/\/soclose.mx\/blog\/news-feed\/el-monumento-de-la-casa-de-papel-llega-a-bellas-artes\/\"},\"author\":{\"name\":\"Miguel Angel Romero\",\"@id\":\"https:\/\/soclose.mx\/blog\/#\/schema\/person\/cddec6ccd5d7037d286395fb411e23f1\"},\"headline\":\"El monumento de La Casa de Papel llega a Bellas Artes\",\"datePublished\":\"2021-09-03T13:00:49+00:00\",\"mainEntityOfPage\":{\"@id\":\"https:\/\/soclose.mx\/blog\/news-feed\/el-monumento-de-la-casa-de-papel-llega-a-bellas-artes\/\"},\"wordCount\":247,\"commentCount\":0,\"publisher\":{\"@id\":\"https:\/\/soclose.mx\/blog\/#organization\"},\"image\":{\"@id\":\"https:\/\/soclose.mx\/blog\/news-feed\/el-monumento-de-la-casa-de-papel-llega-a-bellas-artes\/#primaryimage\"},\"thumbnailUrl\":\"https:\/\/i0.wp.com\/soclose.mx\/blog\/wp-content\/uploads\/2021\/09\/Principal-So-Close-blog-4.jpg?fit=1240%2C700&ssl=1\",\"keywords\":[\"Bellas Artes\",\"La Casa de Papel\",\"monumento\",\"netflix\"],\"articleSection\":[\"News feed\"],\"inLanguage\":\"es\",\"potentialAction\":[{\"@type\":\"CommentAction\",\"name\":\"Comment\",\"target\":[\"https:\/\/soclose.mx\/blog\/news-feed\/el-monumento-de-la-casa-de-papel-llega-a-bellas-artes\/#respond\"]}]},{\"@type\":\"WebPage\",\"@id\":\"https:\/\/soclose.mx\/blog\/news-feed\/el-monumento-de-la-casa-de-papel-llega-a-bellas-artes\/\",\"url\":\"https:\/\/soclose.mx\/blog\/news-feed\/el-monumento-de-la-casa-de-papel-llega-a-bellas-artes\/\",\"name\":\"El monumento de La Casa de Papel llega a Bellas Artes - So Close\",\"isPartOf\":{\"@id\":\"https:\/\/soclose.mx\/blog\/#website\"},\"primaryImageOfPage\":{\"@id\":\"https:\/\/soclose.mx\/blog\/news-feed\/el-monumento-de-la-casa-de-papel-llega-a-bellas-artes\/#primaryimage\"},\"image\":{\"@id\":\"https:\/\/soclose.mx\/blog\/news-feed\/el-monumento-de-la-casa-de-papel-llega-a-bellas-artes\/#primaryimage\"},\"thumbnailUrl\":\"https:\/\/i0.wp.com\/soclose.mx\/blog\/wp-content\/uploads\/2021\/09\/Principal-So-Close-blog-4.jpg?fit=1240%2C700&ssl=1\",\"datePublished\":\"2021-09-03T13:00:49+00:00\",\"description\":\"Las figuras blancas resguardadas no s\u00f3lo aparecieron en Bellas Artes, sino tambi\u00e9n, en Buenos Aires y Santiago de Chile.\",\"breadcrumb\":{\"@id\":\"https:\/\/soclose.mx\/blog\/news-feed\/el-monumento-de-la-casa-de-papel-llega-a-bellas-artes\/#breadcrumb\"},\"inLanguage\":\"es\",\"potentialAction\":[{\"@type\":\"ReadAction\",\"target\":[\"https:\/\/soclose.mx\/blog\/news-feed\/el-monumento-de-la-casa-de-papel-llega-a-bellas-artes\/\"]}]},{\"@type\":\"ImageObject\",\"inLanguage\":\"es\",\"@id\":\"https:\/\/soclose.mx\/blog\/news-feed\/el-monumento-de-la-casa-de-papel-llega-a-bellas-artes\/#primaryimage\",\"url\":\"https:\/\/i0.wp.com\/soclose.mx\/blog\/wp-content\/uploads\/2021\/09\/Principal-So-Close-blog-4.jpg?fit=1240%2C700&ssl=1\",\"contentUrl\":\"https:\/\/i0.wp.com\/soclose.mx\/blog\/wp-content\/uploads\/2021\/09\/Principal-So-Close-blog-4.jpg?fit=1240%2C700&ssl=1\",\"width\":1240,\"height\":700},{\"@type\":\"BreadcrumbList\",\"@id\":\"https:\/\/soclose.mx\/blog\/news-feed\/el-monumento-de-la-casa-de-papel-llega-a-bellas-artes\/#breadcrumb\",\"itemListElement\":[{\"@type\":\"ListItem\",\"position\":1,\"name\":\"Inicio\",\"item\":\"https:\/\/soclose.mx\/blog\/\"},{\"@type\":\"ListItem\",\"position\":2,\"name\":\"El monumento de La Casa de Papel llega a Bellas Artes\"}]},{\"@type\":\"WebSite\",\"@id\":\"https:\/\/soclose.mx\/blog\/#website\",\"url\":\"https:\/\/soclose.mx\/blog\/\",\"name\":\"So Close\",\"description\":\"Hacemos contenidos de M\u00e9xico\",\"publisher\":{\"@id\":\"https:\/\/soclose.mx\/blog\/#organization\"},\"potentialAction\":[{\"@type\":\"SearchAction\",\"target\":{\"@type\":\"EntryPoint\",\"urlTemplate\":\"https:\/\/soclose.mx\/blog\/?s={search_term_string}\"},\"query-input\":{\"@type\":\"PropertyValueSpecification\",\"valueRequired\":true,\"valueName\":\"search_term_string\"}}],\"inLanguage\":\"es\"},{\"@type\":\"Organization\",\"@id\":\"https:\/\/soclose.mx\/blog\/#organization\",\"name\":\"So Close\",\"url\":\"https:\/\/soclose.mx\/blog\/\",\"logo\":{\"@type\":\"ImageObject\",\"inLanguage\":\"es\",\"@id\":\"https:\/\/soclose.mx\/blog\/#\/schema\/logo\/image\/\",\"url\":\"https:\/\/i0.wp.com\/soclose.mx\/blog\/wp-content\/uploads\/2020\/12\/LOGO_SOCLOSE_COLOR-e1608310133507.png?fit=2858%2C1264&ssl=1\",\"contentUrl\":\"https:\/\/i0.wp.com\/soclose.mx\/blog\/wp-content\/uploads\/2020\/12\/LOGO_SOCLOSE_COLOR-e1608310133507.png?fit=2858%2C1264&ssl=1\",\"width\":2858,\"height\":1264,\"caption\":\"So Close\"},\"image\":{\"@id\":\"https:\/\/soclose.mx\/blog\/#\/schema\/logo\/image\/\"}},{\"@type\":\"Person\",\"@id\":\"https:\/\/soclose.mx\/blog\/#\/schema\/person\/cddec6ccd5d7037d286395fb411e23f1\",\"name\":\"Miguel Angel Romero\",\"image\":{\"@type\":\"ImageObject\",\"inLanguage\":\"es\",\"@id\":\"https:\/\/soclose.mx\/blog\/#\/schema\/person\/image\/\",\"url\":\"https:\/\/secure.gravatar.com\/avatar\/45b44006b4f93497bb24d251f77bc39385015bfa120582412df580dbfcbb14f3?s=96&d=mm&r=g\",\"contentUrl\":\"https:\/\/secure.gravatar.com\/avatar\/45b44006b4f93497bb24d251f77bc39385015bfa120582412df580dbfcbb14f3?s=96&d=mm&r=g\",\"caption\":\"Miguel Angel Romero\"},\"sameAs\":[\"http:\/\/\/mikexever.blogspot.com\/\",\"www.facebook.com\/mikexever\/\",\"https:\/\/x.com\/Mikerecomienda\"],\"url\":\"https:\/\/soclose.mx\/blog\/author\/mike\/\"}]}<\/script>\n<!-- \/ Yoast SEO plugin. -->","yoast_head_json":{"title":"El monumento de La Casa de Papel llega a Bellas Artes - So Close","description":"Las figuras blancas resguardadas no s\u00f3lo aparecieron en Bellas Artes, sino tambi\u00e9n, en Buenos Aires y Santiago de Chile.","robots":{"index":"index","follow":"follow","max-snippet":"max-snippet:-1","max-image-preview":"max-image-preview:large","max-video-preview":"max-video-preview:-1"},"canonical":"https:\/\/soclose.mx\/blog\/news-feed\/el-monumento-de-la-casa-de-papel-llega-a-bellas-artes\/","og_locale":"es_MX","og_type":"article","og_title":"El monumento de La Casa de Papel llega a Bellas Artes - So Close","og_description":"Las figuras blancas resguardadas no s\u00f3lo aparecieron en Bellas Artes, sino tambi\u00e9n, en Buenos Aires y Santiago de Chile.","og_url":"https:\/\/soclose.mx\/blog\/news-feed\/el-monumento-de-la-casa-de-papel-llega-a-bellas-artes\/","og_site_name":"So Close","article_author":"www.facebook.com\/mikexever\/","article_published_time":"2021-09-03T13:00:49+00:00","og_image":[{"width":1240,"height":700,"url":"https:\/\/i0.wp.com\/soclose.mx\/blog\/wp-content\/uploads\/2021\/09\/Principal-So-Close-blog-4.jpg?fit=1240%2C700&ssl=1","type":"image\/jpeg"}],"author":"Miguel Angel Romero","twitter_card":"summary_large_image","twitter_creator":"@Mikerecomienda","twitter_misc":{"Escrito por":"Miguel Angel Romero","Tiempo de lectura":"1 minuto"},"schema":{"@context":"https:\/\/schema.org","@graph":[{"@type":"Article","@id":"https:\/\/soclose.mx\/blog\/news-feed\/el-monumento-de-la-casa-de-papel-llega-a-bellas-artes\/#article","isPartOf":{"@id":"https:\/\/soclose.mx\/blog\/news-feed\/el-monumento-de-la-casa-de-papel-llega-a-bellas-artes\/"},"author":{"name":"Miguel Angel Romero","@id":"https:\/\/soclose.mx\/blog\/#\/schema\/person\/cddec6ccd5d7037d286395fb411e23f1"},"headline":"El monumento de La Casa de Papel llega a Bellas Artes","datePublished":"2021-09-03T13:00:49+00:00","mainEntityOfPage":{"@id":"https:\/\/soclose.mx\/blog\/news-feed\/el-monumento-de-la-casa-de-papel-llega-a-bellas-artes\/"},"wordCount":247,"commentCount":0,"publisher":{"@id":"https:\/\/soclose.mx\/blog\/#organization"},"image":{"@id":"https:\/\/soclose.mx\/blog\/news-feed\/el-monumento-de-la-casa-de-papel-llega-a-bellas-artes\/#primaryimage"},"thumbnailUrl":"https:\/\/i0.wp.com\/soclose.mx\/blog\/wp-content\/uploads\/2021\/09\/Principal-So-Close-blog-4.jpg?fit=1240%2C700&ssl=1","keywords":["Bellas Artes","La Casa de Papel","monumento","netflix"],"articleSection":["News feed"],"inLanguage":"es","potentialAction":[{"@type":"CommentAction","name":"Comment","target":["https:\/\/soclose.mx\/blog\/news-feed\/el-monumento-de-la-casa-de-papel-llega-a-bellas-artes\/#respond"]}]},{"@type":"WebPage","@id":"https:\/\/soclose.mx\/blog\/news-feed\/el-monumento-de-la-casa-de-papel-llega-a-bellas-artes\/","url":"https:\/\/soclose.mx\/blog\/news-feed\/el-monumento-de-la-casa-de-papel-llega-a-bellas-artes\/","name":"El monumento de La Casa de Papel llega a Bellas Artes - So Close","isPartOf":{"@id":"https:\/\/soclose.mx\/blog\/#website"},"primaryImageOfPage":{"@id":"https:\/\/soclose.mx\/blog\/news-feed\/el-monumento-de-la-casa-de-papel-llega-a-bellas-artes\/#primaryimage"},"image":{"@id":"https:\/\/soclose.mx\/blog\/news-feed\/el-monumento-de-la-casa-de-papel-llega-a-bellas-artes\/#primaryimage"},"thumbnailUrl":"https:\/\/i0.wp.com\/soclose.mx\/blog\/wp-content\/uploads\/2021\/09\/Principal-So-Close-blog-4.jpg?fit=1240%2C700&ssl=1","datePublished":"2021-09-03T13:00:49+00:00","description":"Las figuras blancas resguardadas no s\u00f3lo aparecieron en Bellas Artes, sino tambi\u00e9n, en Buenos Aires y Santiago de Chile.","breadcrumb":{"@id":"https:\/\/soclose.mx\/blog\/news-feed\/el-monumento-de-la-casa-de-papel-llega-a-bellas-artes\/#breadcrumb"},"inLanguage":"es","potentialAction":[{"@type":"ReadAction","target":["https:\/\/soclose.mx\/blog\/news-feed\/el-monumento-de-la-casa-de-papel-llega-a-bellas-artes\/"]}]},{"@type":"ImageObject","inLanguage":"es","@id":"https:\/\/soclose.mx\/blog\/news-feed\/el-monumento-de-la-casa-de-papel-llega-a-bellas-artes\/#primaryimage","url":"https:\/\/i0.wp.com\/soclose.mx\/blog\/wp-content\/uploads\/2021\/09\/Principal-So-Close-blog-4.jpg?fit=1240%2C700&ssl=1","contentUrl":"https:\/\/i0.wp.com\/soclose.mx\/blog\/wp-content\/uploads\/2021\/09\/Principal-So-Close-blog-4.jpg?fit=1240%2C700&ssl=1","width":1240,"height":700},{"@type":"BreadcrumbList","@id":"https:\/\/soclose.mx\/blog\/news-feed\/el-monumento-de-la-casa-de-papel-llega-a-bellas-artes\/#breadcrumb","itemListElement":[{"@type":"ListItem","position":1,"name":"Inicio","item":"https:\/\/soclose.mx\/blog\/"},{"@type":"ListItem","position":2,"name":"El monumento de La Casa de Papel llega a Bellas Artes"}]},{"@type":"WebSite","@id":"https:\/\/soclose.mx\/blog\/#website","url":"https:\/\/soclose.mx\/blog\/","name":"So Close","description":"Hacemos contenidos de M\u00e9xico","publisher":{"@id":"https:\/\/soclose.mx\/blog\/#organization"},"potentialAction":[{"@type":"SearchAction","target":{"@type":"EntryPoint","urlTemplate":"https:\/\/soclose.mx\/blog\/?s={search_term_string}"},"query-input":{"@type":"PropertyValueSpecification","valueRequired":true,"valueName":"search_term_string"}}],"inLanguage":"es"},{"@type":"Organization","@id":"https:\/\/soclose.mx\/blog\/#organization","name":"So Close","url":"https:\/\/soclose.mx\/blog\/","logo":{"@type":"ImageObject","inLanguage":"es","@id":"https:\/\/soclose.mx\/blog\/#\/schema\/logo\/image\/","url":"https:\/\/i0.wp.com\/soclose.mx\/blog\/wp-content\/uploads\/2020\/12\/LOGO_SOCLOSE_COLOR-e1608310133507.png?fit=2858%2C1264&ssl=1","contentUrl":"https:\/\/i0.wp.com\/soclose.mx\/blog\/wp-content\/uploads\/2020\/12\/LOGO_SOCLOSE_COLOR-e1608310133507.png?fit=2858%2C1264&ssl=1","width":2858,"height":1264,"caption":"So Close"},"image":{"@id":"https:\/\/soclose.mx\/blog\/#\/schema\/logo\/image\/"}},{"@type":"Person","@id":"https:\/\/soclose.mx\/blog\/#\/schema\/person\/cddec6ccd5d7037d286395fb411e23f1","name":"Miguel Angel Romero","image":{"@type":"ImageObject","inLanguage":"es","@id":"https:\/\/soclose.mx\/blog\/#\/schema\/person\/image\/","url":"https:\/\/secure.gravatar.com\/avatar\/45b44006b4f93497bb24d251f77bc39385015bfa120582412df580dbfcbb14f3?s=96&d=mm&r=g","contentUrl":"https:\/\/secure.gravatar.com\/avatar\/45b44006b4f93497bb24d251f77bc39385015bfa120582412df580dbfcbb14f3?s=96&d=mm&r=g","caption":"Miguel Angel Romero"},"sameAs":["http:\/\/\/mikexever.blogspot.com\/","www.facebook.com\/mikexever\/","https:\/\/x.com\/Mikerecomienda"],"url":"https:\/\/soclose.mx\/blog\/author\/mike\/"}]}},"jetpack_featured_media_url":"https:\/\/i0.wp.com\/soclose.mx\/blog\/wp-content\/uploads\/2021\/09\/Principal-So-Close-blog-4.jpg?fit=1240%2C700&ssl=1","jetpack-related-posts":[{"id":10881,"url":"https:\/\/soclose.mx\/blog\/pueblos-magicos\/angangueo-michoacan-entre-mariposas-monarca-y-casitas-con-techos-de-teja\/","url_meta":{"origin":7097,"position":0},"title":"Angangueo, Michoac\u00e1n, entre mariposas monarca y casitas con techos de teja","author":"Daniel Ram\u00edrez","date":"10 agosto, 2022","format":false,"excerpt":"En la serie de comedia producida por Eugenio Derbez, \"Vecinos\", Do\u00f1a Magda, uno de los personajes, menciona mucho el Angangueo, ya que es oriunda de ah\u00ed. Ese Pueblo M\u00e1gico al que hace referencia, se encuentra en el estado de Michoac\u00e1n y es uno de los m\u00e1s bellos del pa\u00eds; sus\u2026","rel":"","context":"En &quot;Pueblos m\u00e1gicos&quot;","block_context":{"text":"Pueblos m\u00e1gicos","link":"https:\/\/soclose.mx\/blog\/category\/pueblos-magicos\/"},"img":{"alt_text":"","src":"https:\/\/i0.wp.com\/soclose.mx\/blog\/wp-content\/uploads\/2022\/08\/IMG_6760_monumento-al-minero_EPmdOK.jpg?fit=1200%2C800&ssl=1&resize=350%2C200","width":350,"height":200,"srcset":"https:\/\/i0.wp.com\/soclose.mx\/blog\/wp-content\/uploads\/2022\/08\/IMG_6760_monumento-al-minero_EPmdOK.jpg?fit=1200%2C800&ssl=1&resize=350%2C200 1x, https:\/\/i0.wp.com\/soclose.mx\/blog\/wp-content\/uploads\/2022\/08\/IMG_6760_monumento-al-minero_EPmdOK.jpg?fit=1200%2C800&ssl=1&resize=525%2C300 1.5x, https:\/\/i0.wp.com\/soclose.mx\/blog\/wp-content\/uploads\/2022\/08\/IMG_6760_monumento-al-minero_EPmdOK.jpg?fit=1200%2C800&ssl=1&resize=700%2C400 2x, https:\/\/i0.wp.com\/soclose.mx\/blog\/wp-content\/uploads\/2022\/08\/IMG_6760_monumento-al-minero_EPmdOK.jpg?fit=1200%2C800&ssl=1&resize=1050%2C600 3x"},"classes":[]},{"id":12214,"url":"https:\/\/soclose.mx\/blog\/a-la-mexicana\/puerta-inframundo-quien-la-robo-donde-esta\/","url_meta":{"origin":7097,"position":1},"title":"&#8220;La puerta del inframundo\u201d: \u00bfQui\u00e9n se la rob\u00f3 de M\u00e9xico y d\u00f3nde est\u00e1 hoy?","author":"Emmanuel Oviedo","date":"17 octubre, 2023","format":false,"excerpt":"Adem\u00e1s de las guerras del pasado por la defensa de nuestro pa\u00eds, tambi\u00e9n hay otros esfuerzos para mantener la riqueza de nuestra cultura dentro de M\u00e9xico,\u00a0 no s\u00f3lo en museos, si no en las comunidades. Por ello te hablaremos de\u00a0\"La puerta del inframundo\". Uno de estos esfuerzos por preservar nuestro\u2026","rel":"","context":"En &quot;A la mexicana&quot;","block_context":{"text":"A la mexicana","link":"https:\/\/soclose.mx\/blog\/category\/a-la-mexicana\/"},"img":{"alt_text":"La Puerta del inframundo robo M\u00e9xico tesoro","src":"https:\/\/i0.wp.com\/soclose.mx\/blog\/wp-content\/uploads\/2023\/07\/La-puerta-del-inframundo-robo-Mexico-tesoro.jpg?fit=1200%2C751&ssl=1&resize=350%2C200","width":350,"height":200,"srcset":"https:\/\/i0.wp.com\/soclose.mx\/blog\/wp-content\/uploads\/2023\/07\/La-puerta-del-inframundo-robo-Mexico-tesoro.jpg?fit=1200%2C751&ssl=1&resize=350%2C200 1x, https:\/\/i0.wp.com\/soclose.mx\/blog\/wp-content\/uploads\/2023\/07\/La-puerta-del-inframundo-robo-Mexico-tesoro.jpg?fit=1200%2C751&ssl=1&resize=525%2C300 1.5x, https:\/\/i0.wp.com\/soclose.mx\/blog\/wp-content\/uploads\/2023\/07\/La-puerta-del-inframundo-robo-Mexico-tesoro.jpg?fit=1200%2C751&ssl=1&resize=700%2C400 2x, https:\/\/i0.wp.com\/soclose.mx\/blog\/wp-content\/uploads\/2023\/07\/La-puerta-del-inframundo-robo-Mexico-tesoro.jpg?fit=1200%2C751&ssl=1&resize=1050%2C600 3x"},"classes":[]},{"id":7129,"url":"https:\/\/soclose.mx\/blog\/lugares\/donde-esta-peluso-el-monumento-al-perro-callejero\/","url_meta":{"origin":7097,"position":2},"title":"\u00bfD\u00f3nde est\u00e1 Peluso, el Monumento al perro callejero?","author":"Miguel Angel Romero","date":"17 septiembre, 2021","format":false,"excerpt":"Peluso est\u00e1 hecho de bronce, luce una mirada apagada, cola entre las piernas y cuerpo raqu\u00edtico, as\u00ed es el Monumento al Perro Callejero, para recordarnos el problema que representa el abandono y maltrato. Este monumento naci\u00f3 gracias a una iniciativa de la ONG \u201cMilagros Caninos A.C.\u201d, la cual busca ayudar\u2026","rel":"","context":"En &quot;Lugares&quot;","block_context":{"text":"Lugares","link":"https:\/\/soclose.mx\/blog\/category\/lugares\/"},"img":{"alt_text":"","src":"https:\/\/i0.wp.com\/soclose.mx\/blog\/wp-content\/uploads\/2021\/09\/Principal-So-Close-blog-12-1.jpg?fit=1200%2C677&ssl=1&resize=350%2C200","width":350,"height":200,"srcset":"https:\/\/i0.wp.com\/soclose.mx\/blog\/wp-content\/uploads\/2021\/09\/Principal-So-Close-blog-12-1.jpg?fit=1200%2C677&ssl=1&resize=350%2C200 1x, https:\/\/i0.wp.com\/soclose.mx\/blog\/wp-content\/uploads\/2021\/09\/Principal-So-Close-blog-12-1.jpg?fit=1200%2C677&ssl=1&resize=525%2C300 1.5x, https:\/\/i0.wp.com\/soclose.mx\/blog\/wp-content\/uploads\/2021\/09\/Principal-So-Close-blog-12-1.jpg?fit=1200%2C677&ssl=1&resize=700%2C400 2x, https:\/\/i0.wp.com\/soclose.mx\/blog\/wp-content\/uploads\/2021\/09\/Principal-So-Close-blog-12-1.jpg?fit=1200%2C677&ssl=1&resize=1050%2C600 3x"},"classes":[]},{"id":8697,"url":"https:\/\/soclose.mx\/blog\/ay-goeeee\/que-personajes-visitaban-la-cantina-mas-antigua-de-mexico\/","url_meta":{"origin":7097,"position":3},"title":"\u00bfQu\u00e9 personajes visitaban la cantina m\u00e1s antigua de M\u00e9xico?","author":"Miguel Angel Romero","date":"19 febrero, 2022","format":false,"excerpt":"El Nivel fue la primera cantina con permiso para vender alcohol en M\u00e9xico, este edificio ha tenido una evoluci\u00f3n, fue templo prehisp\u00e1nico, universidad y m\u00e1s recientemente, Museo de la UNAM. El Nivel fue la primera cantina en la Ciudad de M\u00e9xico\u00a0que tuvo licencia para vender alcohol. Abri\u00f3 sus puertas en\u2026","rel":"","context":"En &quot;\u00a1Ay goeeee!&quot;","block_context":{"text":"\u00a1Ay goeeee!","link":"https:\/\/soclose.mx\/blog\/category\/ay-goeeee\/"},"img":{"alt_text":"","src":"https:\/\/i0.wp.com\/soclose.mx\/blog\/wp-content\/uploads\/2022\/01\/Copia-de-Principal-So-Close-blog-3-12.png?fit=1200%2C677&ssl=1&resize=350%2C200","width":350,"height":200,"srcset":"https:\/\/i0.wp.com\/soclose.mx\/blog\/wp-content\/uploads\/2022\/01\/Copia-de-Principal-So-Close-blog-3-12.png?fit=1200%2C677&ssl=1&resize=350%2C200 1x, https:\/\/i0.wp.com\/soclose.mx\/blog\/wp-content\/uploads\/2022\/01\/Copia-de-Principal-So-Close-blog-3-12.png?fit=1200%2C677&ssl=1&resize=525%2C300 1.5x, https:\/\/i0.wp.com\/soclose.mx\/blog\/wp-content\/uploads\/2022\/01\/Copia-de-Principal-So-Close-blog-3-12.png?fit=1200%2C677&ssl=1&resize=700%2C400 2x, https:\/\/i0.wp.com\/soclose.mx\/blog\/wp-content\/uploads\/2022\/01\/Copia-de-Principal-So-Close-blog-3-12.png?fit=1200%2C677&ssl=1&resize=1050%2C600 3x"},"classes":[]},{"id":14712,"url":"https:\/\/soclose.mx\/blog\/news-feed\/que-habra-en-el-festival-tiempo-de-mujeres-2025\/","url_meta":{"origin":7097,"position":4},"title":"\u00bfQu\u00e9 habr\u00e1 en el festival Tiempo de Mujeres 2025?","author":"So Close","date":"24 febrero, 2025","format":false,"excerpt":"El festival Tiempo de Mujeres 2025 es un evento cultural significativo que se llevar\u00e1 a cabo en la Ciudad de M\u00e9xico del 28 de febrero al 6 de abril de 2025. Este festival, que celebra su s\u00e9ptima edici\u00f3n, tiene como objetivo visibilizar y fortalecer la lucha por los derechos de\u2026","rel":"","context":"En &quot;News feed&quot;","block_context":{"text":"News feed","link":"https:\/\/soclose.mx\/blog\/category\/news-feed\/"},"img":{"alt_text":"Festival Tiempo de Mujeres","src":"https:\/\/i0.wp.com\/soclose.mx\/blog\/wp-content\/uploads\/2025\/02\/Festival-.jpg?fit=1200%2C675&ssl=1&resize=350%2C200","width":350,"height":200,"srcset":"https:\/\/i0.wp.com\/soclose.mx\/blog\/wp-content\/uploads\/2025\/02\/Festival-.jpg?fit=1200%2C675&ssl=1&resize=350%2C200 1x, https:\/\/i0.wp.com\/soclose.mx\/blog\/wp-content\/uploads\/2025\/02\/Festival-.jpg?fit=1200%2C675&ssl=1&resize=525%2C300 1.5x, https:\/\/i0.wp.com\/soclose.mx\/blog\/wp-content\/uploads\/2025\/02\/Festival-.jpg?fit=1200%2C675&ssl=1&resize=700%2C400 2x, https:\/\/i0.wp.com\/soclose.mx\/blog\/wp-content\/uploads\/2025\/02\/Festival-.jpg?fit=1200%2C675&ssl=1&resize=1050%2C600 3x"},"classes":[]},{"id":11624,"url":"https:\/\/soclose.mx\/blog\/a-la-mexicana\/dia-de-la-madre-10-de-mayo-mexico\/","url_meta":{"origin":7097,"position":5},"title":"D\u00eda de la Madre: 10 de Mayo y su origen en M\u00e9xico","author":"Mar\u00eda Ju\u00e1rez","date":"26 abril, 2023","format":false,"excerpt":"En M\u00e9xico se celebra el D\u00eda de la Madre el d\u00eda 10 de mayo, sin importar qu\u00e9 d\u00eda de la semana sea. La tradici\u00f3n se ha convertido en M\u00e9xico en unos de los d\u00edas de fiesta m\u00e1s celebrados, pero \u00bfCu\u00e1l es su origen? Se trata de una fecha en la\u2026","rel":"","context":"En &quot;A la mexicana&quot;","block_context":{"text":"A la mexicana","link":"https:\/\/soclose.mx\/blog\/category\/a-la-mexicana\/"},"img":{"alt_text":"D\u00eda de la Madre","src":"https:\/\/i0.wp.com\/soclose.mx\/blog\/wp-content\/uploads\/2023\/04\/Dia-de-la-Madre-10-de-mayo.jpg?fit=1200%2C796&ssl=1&resize=350%2C200","width":350,"height":200,"srcset":"https:\/\/i0.wp.com\/soclose.mx\/blog\/wp-content\/uploads\/2023\/04\/Dia-de-la-Madre-10-de-mayo.jpg?fit=1200%2C796&ssl=1&resize=350%2C200 1x, https:\/\/i0.wp.com\/soclose.mx\/blog\/wp-content\/uploads\/2023\/04\/Dia-de-la-Madre-10-de-mayo.jpg?fit=1200%2C796&ssl=1&resize=525%2C300 1.5x, https:\/\/i0.wp.com\/soclose.mx\/blog\/wp-content\/uploads\/2023\/04\/Dia-de-la-Madre-10-de-mayo.jpg?fit=1200%2C796&ssl=1&resize=700%2C400 2x, https:\/\/i0.wp.com\/soclose.mx\/blog\/wp-content\/uploads\/2023\/04\/Dia-de-la-Madre-10-de-mayo.jpg?fit=1200%2C796&ssl=1&resize=1050%2C600 3x"},"classes":[]}],"jetpack_sharing_enabled":true,"_links":{"self":[{"href":"https:\/\/soclose.mx\/blog\/wp-json\/wp\/v2\/posts\/7097","targetHints":{"allow":["GET"]}}],"collection":[{"href":"https:\/\/soclose.mx\/blog\/wp-json\/wp\/v2\/posts"}],"about":[{"href":"https:\/\/soclose.mx\/blog\/wp-json\/wp\/v2\/types\/post"}],"author":[{"embeddable":true,"href":"https:\/\/soclose.mx\/blog\/wp-json\/wp\/v2\/users\/8"}],"replies":[{"embeddable":true,"href":"https:\/\/soclose.mx\/blog\/wp-json\/wp\/v2\/comments?post=7097"}],"version-history":[{"count":0,"href":"https:\/\/soclose.mx\/blog\/wp-json\/wp\/v2\/posts\/7097\/revisions"}],"wp:featuredmedia":[{"embeddable":true,"href":"https:\/\/soclose.mx\/blog\/wp-json\/wp\/v2\/media\/7098"}],"wp:attachment":[{"href":"https:\/\/soclose.mx\/blog\/wp-json\/wp\/v2\/media?parent=7097"}],"wp:term":[{"taxonomy":"category","embeddable":true,"href":"https:\/\/soclose.mx\/blog\/wp-json\/wp\/v2\/categories?post=7097"},{"taxonomy":"post_tag","embeddable":true,"href":"https:\/\/soclose.mx\/blog\/wp-json\/wp\/v2\/tags?post=7097"}],"curies":[{"name":"wp","href":"https:\/\/api.w.org\/{rel}","templated":true}]}}