{"id":7129,"date":"2021-09-17T11:30:46","date_gmt":"2021-09-17T16:30:46","guid":{"rendered":"https:\/\/soclose.mx\/blog\/?p=7129"},"modified":"2021-09-09T23:44:49","modified_gmt":"2021-09-10T04:44:49","slug":"donde-esta-peluso-el-monumento-al-perro-callejero","status":"publish","type":"post","link":"https:\/\/soclose.mx\/blog\/lugares\/donde-esta-peluso-el-monumento-al-perro-callejero\/","title":{"rendered":"\u00bfD\u00f3nde est\u00e1 Peluso, el Monumento al perro callejero?"},"content":{"rendered":"<p><strong>Peluso<\/strong> est\u00e1 hecho de bronce, luce una mirada apagada, cola entre las piernas y cuerpo raqu\u00edtico, as\u00ed es el <strong>Monumento al Perro Callejero<\/strong>, para recordarnos el problema que representa el abandono y maltrato.<\/p>\n<p>Este <a href=\"https:\/\/soclose.mx\/blog\/el-monumento-de-la-casa-de-papel-llega-a-bellas-artes\/\" target=\"_blank\" rel=\"noopener\">monumento<\/a> naci\u00f3 gracias a una iniciativa de la ONG <a href=\"https:\/\/www.facebook.com\/milagroscaninos\" target=\"_blank\" rel=\"noreferrer noopener\">\u201cMilagros Caninos A.C.\u201d<\/a>, la cual busca ayudar a los canes en situaci\u00f3n de calle, con alguna discapacidad o enfermedad.<\/p>\n<p>Si finalidad es crear conciencia,\u00a0 es un intento a trav\u00e9s de las empresas de protecci\u00f3n de animales de llamar la atenci\u00f3n\u00a0 sobre la responsabilidad de conseguir un cachorro, el maltrato a los animales y la esterilizaci\u00f3n.<\/p>\n<p>La obra creada en 2018 es de la autor\u00eda de la escultora <strong>Girasol Botero<\/strong> y fue financiada gracias a los donativos de particulares y de la <strong>Alcald\u00eda Tlalpan<\/strong>.<\/p>\n<p>El monumento cuenta con una placa:<\/p>\n<blockquote class=\"wp-block-quote\"><p>\u201c<em><b>Mi \u00fanico delito fue nacer y vivir en las calles o ser abandonado. Yo no ped\u00ed nacer y a pesar de tu indiferencia y de tus golpes, lo \u00fanico que te pido es lo que sobra de tu amor. \u00a1Ya no quiero sufrir, sobrevivir al mundo es solo una cuesti\u00f3n de horror! \u00a1Ay\u00fadame, ay\u00fadame por favor!&#8221;<\/b><\/em><\/p>\n<p><strong><em>Peluso<\/em><\/strong><\/p><\/blockquote>\n<h2><\/h2>\n<h2>\u00bfD\u00f3nde est\u00e1 el Monumento al Perro Callejero?<\/h2>\n<p>Calle Moneda, Tlalpan Centro I, Tlalpan, 14000 Ciudad de M\u00e9xico. Entre el Instituto Nacional de Neurolog\u00eda y Neurocirug\u00eda y el Deportivo Vivanco.<\/p>\n","protected":false},"excerpt":{"rendered":"<p>Peluso est\u00e1 hecho de bronce, luce una mirada apagada, cola entre las piernas y cuerpo raqu\u00edtico, as\u00ed es el Monumento al Perro Callejero, para recordarnos el problema que representa el abandono y maltrato. Este monumento naci\u00f3 gracias a una iniciativa de la ONG \u201cMilagros Caninos A.C.\u201d, la cual busca ayudar a los canes en situaci\u00f3n de calle, con alguna discapacidad o enfermedad. Si finalidad es crear conciencia,\u00a0 es un intento a trav\u00e9s de las empresas de protecci\u00f3n de animales de llamar la atenci\u00f3n\u00a0 sobre la responsabilidad de conseguir un cachorro, el maltrato a los animales y la esterilizaci\u00f3n. La obra<\/p>\n","protected":false},"author":8,"featured_media":7130,"comment_status":"open","ping_status":"open","sticky":false,"template":"","format":"standard","meta":{"_jetpack_memberships_contains_paid_content":false,"footnotes":""},"categories":[3],"tags":[1302,1316,403,1317],"class_list":["post-7129","post","type-post","status-publish","format-standard","has-post-thumbnail","hentry","category-lugares","tag-monumento","tag-peluso","tag-perro","tag-perros-callejeros"],"yoast_head":"<!-- This site is optimized with the Yoast SEO plugin v26.7 - https:\/\/yoast.com\/wordpress\/plugins\/seo\/ -->\n<title>\u00bfD\u00f3nde est\u00e1 Peluso, el Monumento al perro callejero? - So Close<\/title>\n<meta name=\"description\" content=\"El monumento de Peluso fue creado en 2018 es de la autor\u00eda de la escultora Girasol Botero.\" \/>\n<meta name=\"robots\" content=\"index, follow, max-snippet:-1, max-image-preview:large, max-video-preview:-1\" \/>\n<link rel=\"canonical\" href=\"https:\/\/soclose.mx\/blog\/lugares\/donde-esta-peluso-el-monumento-al-perro-callejero\/\" \/>\n<meta property=\"og:locale\" content=\"es_MX\" \/>\n<meta property=\"og:type\" content=\"article\" \/>\n<meta property=\"og:title\" content=\"\u00bfD\u00f3nde est\u00e1 Peluso, el Monumento al perro callejero? - So Close\" \/>\n<meta property=\"og:description\" content=\"El monumento de Peluso fue creado en 2018 es de la autor\u00eda de la escultora Girasol Botero.\" \/>\n<meta property=\"og:url\" content=\"https:\/\/soclose.mx\/blog\/lugares\/donde-esta-peluso-el-monumento-al-perro-callejero\/\" \/>\n<meta property=\"og:site_name\" content=\"So Close\" \/>\n<meta property=\"article:author\" content=\"www.facebook.com\/mikexever\/\" \/>\n<meta property=\"article:published_time\" content=\"2021-09-17T16:30:46+00:00\" \/>\n<meta property=\"og:image\" content=\"https:\/\/i0.wp.com\/soclose.mx\/blog\/wp-content\/uploads\/2021\/09\/Principal-So-Close-blog-12-1.jpg?fit=1240%2C700&ssl=1\" \/>\n\t<meta property=\"og:image:width\" content=\"1240\" \/>\n\t<meta property=\"og:image:height\" content=\"700\" \/>\n\t<meta property=\"og:image:type\" content=\"image\/jpeg\" \/>\n<meta name=\"author\" content=\"Miguel Angel Romero\" \/>\n<meta name=\"twitter:card\" content=\"summary_large_image\" \/>\n<meta name=\"twitter:creator\" content=\"@Mikerecomienda\" \/>\n<meta name=\"twitter:label1\" content=\"Escrito por\" \/>\n\t<meta name=\"twitter:data1\" content=\"Miguel Angel Romero\" \/>\n<script type=\"application\/ld+json\" class=\"yoast-schema-graph\">{\"@context\":\"https:\/\/schema.org\",\"@graph\":[{\"@type\":\"Article\",\"@id\":\"https:\/\/soclose.mx\/blog\/lugares\/donde-esta-peluso-el-monumento-al-perro-callejero\/#article\",\"isPartOf\":{\"@id\":\"https:\/\/soclose.mx\/blog\/lugares\/donde-esta-peluso-el-monumento-al-perro-callejero\/\"},\"author\":{\"name\":\"Miguel Angel Romero\",\"@id\":\"https:\/\/soclose.mx\/blog\/#\/schema\/person\/cddec6ccd5d7037d286395fb411e23f1\"},\"headline\":\"\u00bfD\u00f3nde est\u00e1 Peluso, el Monumento al perro callejero?\",\"datePublished\":\"2021-09-17T16:30:46+00:00\",\"mainEntityOfPage\":{\"@id\":\"https:\/\/soclose.mx\/blog\/lugares\/donde-esta-peluso-el-monumento-al-perro-callejero\/\"},\"wordCount\":241,\"commentCount\":0,\"publisher\":{\"@id\":\"https:\/\/soclose.mx\/blog\/#organization\"},\"image\":{\"@id\":\"https:\/\/soclose.mx\/blog\/lugares\/donde-esta-peluso-el-monumento-al-perro-callejero\/#primaryimage\"},\"thumbnailUrl\":\"https:\/\/i0.wp.com\/soclose.mx\/blog\/wp-content\/uploads\/2021\/09\/Principal-So-Close-blog-12-1.jpg?fit=1240%2C700&ssl=1\",\"keywords\":[\"monumento\",\"peluso\",\"perro\",\"perros callejeros\"],\"articleSection\":[\"Lugares\"],\"inLanguage\":\"es\",\"potentialAction\":[{\"@type\":\"CommentAction\",\"name\":\"Comment\",\"target\":[\"https:\/\/soclose.mx\/blog\/lugares\/donde-esta-peluso-el-monumento-al-perro-callejero\/#respond\"]}]},{\"@type\":\"WebPage\",\"@id\":\"https:\/\/soclose.mx\/blog\/lugares\/donde-esta-peluso-el-monumento-al-perro-callejero\/\",\"url\":\"https:\/\/soclose.mx\/blog\/lugares\/donde-esta-peluso-el-monumento-al-perro-callejero\/\",\"name\":\"\u00bfD\u00f3nde est\u00e1 Peluso, el Monumento al perro callejero? - So Close\",\"isPartOf\":{\"@id\":\"https:\/\/soclose.mx\/blog\/#website\"},\"primaryImageOfPage\":{\"@id\":\"https:\/\/soclose.mx\/blog\/lugares\/donde-esta-peluso-el-monumento-al-perro-callejero\/#primaryimage\"},\"image\":{\"@id\":\"https:\/\/soclose.mx\/blog\/lugares\/donde-esta-peluso-el-monumento-al-perro-callejero\/#primaryimage\"},\"thumbnailUrl\":\"https:\/\/i0.wp.com\/soclose.mx\/blog\/wp-content\/uploads\/2021\/09\/Principal-So-Close-blog-12-1.jpg?fit=1240%2C700&ssl=1\",\"datePublished\":\"2021-09-17T16:30:46+00:00\",\"description\":\"El monumento de Peluso fue creado en 2018 es de la autor\u00eda de la escultora Girasol Botero.\",\"breadcrumb\":{\"@id\":\"https:\/\/soclose.mx\/blog\/lugares\/donde-esta-peluso-el-monumento-al-perro-callejero\/#breadcrumb\"},\"inLanguage\":\"es\",\"potentialAction\":[{\"@type\":\"ReadAction\",\"target\":[\"https:\/\/soclose.mx\/blog\/lugares\/donde-esta-peluso-el-monumento-al-perro-callejero\/\"]}]},{\"@type\":\"ImageObject\",\"inLanguage\":\"es\",\"@id\":\"https:\/\/soclose.mx\/blog\/lugares\/donde-esta-peluso-el-monumento-al-perro-callejero\/#primaryimage\",\"url\":\"https:\/\/i0.wp.com\/soclose.mx\/blog\/wp-content\/uploads\/2021\/09\/Principal-So-Close-blog-12-1.jpg?fit=1240%2C700&ssl=1\",\"contentUrl\":\"https:\/\/i0.wp.com\/soclose.mx\/blog\/wp-content\/uploads\/2021\/09\/Principal-So-Close-blog-12-1.jpg?fit=1240%2C700&ssl=1\",\"width\":1240,\"height\":700},{\"@type\":\"BreadcrumbList\",\"@id\":\"https:\/\/soclose.mx\/blog\/lugares\/donde-esta-peluso-el-monumento-al-perro-callejero\/#breadcrumb\",\"itemListElement\":[{\"@type\":\"ListItem\",\"position\":1,\"name\":\"Inicio\",\"item\":\"https:\/\/soclose.mx\/blog\/\"},{\"@type\":\"ListItem\",\"position\":2,\"name\":\"\u00bfD\u00f3nde est\u00e1 Peluso, el Monumento al perro callejero?\"}]},{\"@type\":\"WebSite\",\"@id\":\"https:\/\/soclose.mx\/blog\/#website\",\"url\":\"https:\/\/soclose.mx\/blog\/\",\"name\":\"So Close\",\"description\":\"Hacemos contenidos de M\u00e9xico\",\"publisher\":{\"@id\":\"https:\/\/soclose.mx\/blog\/#organization\"},\"potentialAction\":[{\"@type\":\"SearchAction\",\"target\":{\"@type\":\"EntryPoint\",\"urlTemplate\":\"https:\/\/soclose.mx\/blog\/?s={search_term_string}\"},\"query-input\":{\"@type\":\"PropertyValueSpecification\",\"valueRequired\":true,\"valueName\":\"search_term_string\"}}],\"inLanguage\":\"es\"},{\"@type\":\"Organization\",\"@id\":\"https:\/\/soclose.mx\/blog\/#organization\",\"name\":\"So Close\",\"url\":\"https:\/\/soclose.mx\/blog\/\",\"logo\":{\"@type\":\"ImageObject\",\"inLanguage\":\"es\",\"@id\":\"https:\/\/soclose.mx\/blog\/#\/schema\/logo\/image\/\",\"url\":\"https:\/\/i0.wp.com\/soclose.mx\/blog\/wp-content\/uploads\/2020\/12\/LOGO_SOCLOSE_COLOR-e1608310133507.png?fit=2858%2C1264&ssl=1\",\"contentUrl\":\"https:\/\/i0.wp.com\/soclose.mx\/blog\/wp-content\/uploads\/2020\/12\/LOGO_SOCLOSE_COLOR-e1608310133507.png?fit=2858%2C1264&ssl=1\",\"width\":2858,\"height\":1264,\"caption\":\"So Close\"},\"image\":{\"@id\":\"https:\/\/soclose.mx\/blog\/#\/schema\/logo\/image\/\"}},{\"@type\":\"Person\",\"@id\":\"https:\/\/soclose.mx\/blog\/#\/schema\/person\/cddec6ccd5d7037d286395fb411e23f1\",\"name\":\"Miguel Angel Romero\",\"image\":{\"@type\":\"ImageObject\",\"inLanguage\":\"es\",\"@id\":\"https:\/\/soclose.mx\/blog\/#\/schema\/person\/image\/\",\"url\":\"https:\/\/secure.gravatar.com\/avatar\/45b44006b4f93497bb24d251f77bc39385015bfa120582412df580dbfcbb14f3?s=96&d=mm&r=g\",\"contentUrl\":\"https:\/\/secure.gravatar.com\/avatar\/45b44006b4f93497bb24d251f77bc39385015bfa120582412df580dbfcbb14f3?s=96&d=mm&r=g\",\"caption\":\"Miguel Angel Romero\"},\"sameAs\":[\"http:\/\/\/mikexever.blogspot.com\/\",\"www.facebook.com\/mikexever\/\",\"https:\/\/x.com\/Mikerecomienda\"],\"url\":\"https:\/\/soclose.mx\/blog\/author\/mike\/\"}]}<\/script>\n<!-- \/ Yoast SEO plugin. -->","yoast_head_json":{"title":"\u00bfD\u00f3nde est\u00e1 Peluso, el Monumento al perro callejero? - So Close","description":"El monumento de Peluso fue creado en 2018 es de la autor\u00eda de la escultora Girasol Botero.","robots":{"index":"index","follow":"follow","max-snippet":"max-snippet:-1","max-image-preview":"max-image-preview:large","max-video-preview":"max-video-preview:-1"},"canonical":"https:\/\/soclose.mx\/blog\/lugares\/donde-esta-peluso-el-monumento-al-perro-callejero\/","og_locale":"es_MX","og_type":"article","og_title":"\u00bfD\u00f3nde est\u00e1 Peluso, el Monumento al perro callejero? - So Close","og_description":"El monumento de Peluso fue creado en 2018 es de la autor\u00eda de la escultora Girasol Botero.","og_url":"https:\/\/soclose.mx\/blog\/lugares\/donde-esta-peluso-el-monumento-al-perro-callejero\/","og_site_name":"So Close","article_author":"www.facebook.com\/mikexever\/","article_published_time":"2021-09-17T16:30:46+00:00","og_image":[{"width":1240,"height":700,"url":"https:\/\/i0.wp.com\/soclose.mx\/blog\/wp-content\/uploads\/2021\/09\/Principal-So-Close-blog-12-1.jpg?fit=1240%2C700&ssl=1","type":"image\/jpeg"}],"author":"Miguel Angel Romero","twitter_card":"summary_large_image","twitter_creator":"@Mikerecomienda","twitter_misc":{"Escrito por":"Miguel Angel Romero"},"schema":{"@context":"https:\/\/schema.org","@graph":[{"@type":"Article","@id":"https:\/\/soclose.mx\/blog\/lugares\/donde-esta-peluso-el-monumento-al-perro-callejero\/#article","isPartOf":{"@id":"https:\/\/soclose.mx\/blog\/lugares\/donde-esta-peluso-el-monumento-al-perro-callejero\/"},"author":{"name":"Miguel Angel Romero","@id":"https:\/\/soclose.mx\/blog\/#\/schema\/person\/cddec6ccd5d7037d286395fb411e23f1"},"headline":"\u00bfD\u00f3nde est\u00e1 Peluso, el Monumento al perro callejero?","datePublished":"2021-09-17T16:30:46+00:00","mainEntityOfPage":{"@id":"https:\/\/soclose.mx\/blog\/lugares\/donde-esta-peluso-el-monumento-al-perro-callejero\/"},"wordCount":241,"commentCount":0,"publisher":{"@id":"https:\/\/soclose.mx\/blog\/#organization"},"image":{"@id":"https:\/\/soclose.mx\/blog\/lugares\/donde-esta-peluso-el-monumento-al-perro-callejero\/#primaryimage"},"thumbnailUrl":"https:\/\/i0.wp.com\/soclose.mx\/blog\/wp-content\/uploads\/2021\/09\/Principal-So-Close-blog-12-1.jpg?fit=1240%2C700&ssl=1","keywords":["monumento","peluso","perro","perros callejeros"],"articleSection":["Lugares"],"inLanguage":"es","potentialAction":[{"@type":"CommentAction","name":"Comment","target":["https:\/\/soclose.mx\/blog\/lugares\/donde-esta-peluso-el-monumento-al-perro-callejero\/#respond"]}]},{"@type":"WebPage","@id":"https:\/\/soclose.mx\/blog\/lugares\/donde-esta-peluso-el-monumento-al-perro-callejero\/","url":"https:\/\/soclose.mx\/blog\/lugares\/donde-esta-peluso-el-monumento-al-perro-callejero\/","name":"\u00bfD\u00f3nde est\u00e1 Peluso, el Monumento al perro callejero? - So Close","isPartOf":{"@id":"https:\/\/soclose.mx\/blog\/#website"},"primaryImageOfPage":{"@id":"https:\/\/soclose.mx\/blog\/lugares\/donde-esta-peluso-el-monumento-al-perro-callejero\/#primaryimage"},"image":{"@id":"https:\/\/soclose.mx\/blog\/lugares\/donde-esta-peluso-el-monumento-al-perro-callejero\/#primaryimage"},"thumbnailUrl":"https:\/\/i0.wp.com\/soclose.mx\/blog\/wp-content\/uploads\/2021\/09\/Principal-So-Close-blog-12-1.jpg?fit=1240%2C700&ssl=1","datePublished":"2021-09-17T16:30:46+00:00","description":"El monumento de Peluso fue creado en 2018 es de la autor\u00eda de la escultora Girasol Botero.","breadcrumb":{"@id":"https:\/\/soclose.mx\/blog\/lugares\/donde-esta-peluso-el-monumento-al-perro-callejero\/#breadcrumb"},"inLanguage":"es","potentialAction":[{"@type":"ReadAction","target":["https:\/\/soclose.mx\/blog\/lugares\/donde-esta-peluso-el-monumento-al-perro-callejero\/"]}]},{"@type":"ImageObject","inLanguage":"es","@id":"https:\/\/soclose.mx\/blog\/lugares\/donde-esta-peluso-el-monumento-al-perro-callejero\/#primaryimage","url":"https:\/\/i0.wp.com\/soclose.mx\/blog\/wp-content\/uploads\/2021\/09\/Principal-So-Close-blog-12-1.jpg?fit=1240%2C700&ssl=1","contentUrl":"https:\/\/i0.wp.com\/soclose.mx\/blog\/wp-content\/uploads\/2021\/09\/Principal-So-Close-blog-12-1.jpg?fit=1240%2C700&ssl=1","width":1240,"height":700},{"@type":"BreadcrumbList","@id":"https:\/\/soclose.mx\/blog\/lugares\/donde-esta-peluso-el-monumento-al-perro-callejero\/#breadcrumb","itemListElement":[{"@type":"ListItem","position":1,"name":"Inicio","item":"https:\/\/soclose.mx\/blog\/"},{"@type":"ListItem","position":2,"name":"\u00bfD\u00f3nde est\u00e1 Peluso, el Monumento al perro callejero?"}]},{"@type":"WebSite","@id":"https:\/\/soclose.mx\/blog\/#website","url":"https:\/\/soclose.mx\/blog\/","name":"So Close","description":"Hacemos contenidos de M\u00e9xico","publisher":{"@id":"https:\/\/soclose.mx\/blog\/#organization"},"potentialAction":[{"@type":"SearchAction","target":{"@type":"EntryPoint","urlTemplate":"https:\/\/soclose.mx\/blog\/?s={search_term_string}"},"query-input":{"@type":"PropertyValueSpecification","valueRequired":true,"valueName":"search_term_string"}}],"inLanguage":"es"},{"@type":"Organization","@id":"https:\/\/soclose.mx\/blog\/#organization","name":"So Close","url":"https:\/\/soclose.mx\/blog\/","logo":{"@type":"ImageObject","inLanguage":"es","@id":"https:\/\/soclose.mx\/blog\/#\/schema\/logo\/image\/","url":"https:\/\/i0.wp.com\/soclose.mx\/blog\/wp-content\/uploads\/2020\/12\/LOGO_SOCLOSE_COLOR-e1608310133507.png?fit=2858%2C1264&ssl=1","contentUrl":"https:\/\/i0.wp.com\/soclose.mx\/blog\/wp-content\/uploads\/2020\/12\/LOGO_SOCLOSE_COLOR-e1608310133507.png?fit=2858%2C1264&ssl=1","width":2858,"height":1264,"caption":"So Close"},"image":{"@id":"https:\/\/soclose.mx\/blog\/#\/schema\/logo\/image\/"}},{"@type":"Person","@id":"https:\/\/soclose.mx\/blog\/#\/schema\/person\/cddec6ccd5d7037d286395fb411e23f1","name":"Miguel Angel Romero","image":{"@type":"ImageObject","inLanguage":"es","@id":"https:\/\/soclose.mx\/blog\/#\/schema\/person\/image\/","url":"https:\/\/secure.gravatar.com\/avatar\/45b44006b4f93497bb24d251f77bc39385015bfa120582412df580dbfcbb14f3?s=96&d=mm&r=g","contentUrl":"https:\/\/secure.gravatar.com\/avatar\/45b44006b4f93497bb24d251f77bc39385015bfa120582412df580dbfcbb14f3?s=96&d=mm&r=g","caption":"Miguel Angel Romero"},"sameAs":["http:\/\/\/mikexever.blogspot.com\/","www.facebook.com\/mikexever\/","https:\/\/x.com\/Mikerecomienda"],"url":"https:\/\/soclose.mx\/blog\/author\/mike\/"}]}},"jetpack_featured_media_url":"https:\/\/i0.wp.com\/soclose.mx\/blog\/wp-content\/uploads\/2021\/09\/Principal-So-Close-blog-12-1.jpg?fit=1240%2C700&ssl=1","jetpack-related-posts":[{"id":9938,"url":"https:\/\/soclose.mx\/blog\/ay-goeeee\/pequeno-reportero-entrevista-perros-en-la-cdmx\/","url_meta":{"origin":7129,"position":0},"title":"Peque\u00f1o reportero entrevista perros en la CDMX","author":"Daniel Ram\u00edrez","date":"21 mayo, 2022","format":false,"excerpt":"Santiago es un ni\u00f1o que vive en la Ciudad de M\u00e9xico, ama a los perros y cuando tiene oportunidad le da de comer a los que se encuentra en su comunidad. Al peque\u00f1o Santiago le pidieron como tarea escolar hacer un video tipo reportaje de lo que \u00e9l quisiera y\u2026","rel":"","context":"En &quot;\u00a1Ay goeeee!&quot;","block_context":{"text":"\u00a1Ay goeeee!","link":"https:\/\/soclose.mx\/blog\/category\/ay-goeeee\/"},"img":{"alt_text":"","src":"https:\/\/i0.wp.com\/soclose.mx\/blog\/wp-content\/uploads\/2022\/05\/pexels-lumn-406014-scaled.jpg?fit=1200%2C800&ssl=1&resize=350%2C200","width":350,"height":200,"srcset":"https:\/\/i0.wp.com\/soclose.mx\/blog\/wp-content\/uploads\/2022\/05\/pexels-lumn-406014-scaled.jpg?fit=1200%2C800&ssl=1&resize=350%2C200 1x, https:\/\/i0.wp.com\/soclose.mx\/blog\/wp-content\/uploads\/2022\/05\/pexels-lumn-406014-scaled.jpg?fit=1200%2C800&ssl=1&resize=525%2C300 1.5x, https:\/\/i0.wp.com\/soclose.mx\/blog\/wp-content\/uploads\/2022\/05\/pexels-lumn-406014-scaled.jpg?fit=1200%2C800&ssl=1&resize=700%2C400 2x, https:\/\/i0.wp.com\/soclose.mx\/blog\/wp-content\/uploads\/2022\/05\/pexels-lumn-406014-scaled.jpg?fit=1200%2C800&ssl=1&resize=1050%2C600 3x"},"classes":[]},{"id":7097,"url":"https:\/\/soclose.mx\/blog\/news-feed\/el-monumento-de-la-casa-de-papel-llega-a-bellas-artes\/","url_meta":{"origin":7129,"position":1},"title":"El monumento de La Casa de Papel llega a Bellas Artes","author":"Miguel Angel Romero","date":"3 septiembre, 2021","format":false,"excerpt":"Una de las series que m\u00e1s ha movido alrededor del mundo ha sido, sin duda, La Casa de Papel y recientemente,\u00a0 un misterioso monumento apareci\u00f3 en la Ciudad de M\u00e9xico, a un costado de Bellas Artes. Las figuras blancas resguardadas tambi\u00e9n aparecieron en Buenos Aires y Santiago de Chile. Esto\u2026","rel":"","context":"En &quot;News feed&quot;","block_context":{"text":"News feed","link":"https:\/\/soclose.mx\/blog\/category\/news-feed\/"},"img":{"alt_text":"","src":"https:\/\/i0.wp.com\/soclose.mx\/blog\/wp-content\/uploads\/2021\/09\/Principal-So-Close-blog-4.jpg?fit=1200%2C677&ssl=1&resize=350%2C200","width":350,"height":200,"srcset":"https:\/\/i0.wp.com\/soclose.mx\/blog\/wp-content\/uploads\/2021\/09\/Principal-So-Close-blog-4.jpg?fit=1200%2C677&ssl=1&resize=350%2C200 1x, https:\/\/i0.wp.com\/soclose.mx\/blog\/wp-content\/uploads\/2021\/09\/Principal-So-Close-blog-4.jpg?fit=1200%2C677&ssl=1&resize=525%2C300 1.5x, https:\/\/i0.wp.com\/soclose.mx\/blog\/wp-content\/uploads\/2021\/09\/Principal-So-Close-blog-4.jpg?fit=1200%2C677&ssl=1&resize=700%2C400 2x, https:\/\/i0.wp.com\/soclose.mx\/blog\/wp-content\/uploads\/2021\/09\/Principal-So-Close-blog-4.jpg?fit=1200%2C677&ssl=1&resize=1050%2C600 3x"},"classes":[]},{"id":9830,"url":"https:\/\/soclose.mx\/blog\/ay-goeeee\/enrique-metinides-fotografo-mexicano-que-convivio-con-la-muerte\/","url_meta":{"origin":7129,"position":2},"title":"Enrique Metinides, fot\u00f3grafo mexicano que convivi\u00f3 con la muerte","author":"Daniel Ram\u00edrez","date":"12 mayo, 2022","format":false,"excerpt":"\"El Ni\u00f1o\" y \"El hombre que vio demasiado\", as\u00ed se le conoc\u00eda a Enrique Metinides, legendario fot\u00f3grafo de la nota roja en M\u00e9xico, quien falleci\u00f3 a los 88 a\u00f1os de edad. Conoce a este c\u00e9lebre fot\u00f3grafo callejero, quien inmortaliz\u00f3 con su lente terremotos, balaceras, explosiones, accidentes, atropellamientos, asaltos, suicidios, asesinatos\u2026","rel":"","context":"En &quot;\u00a1Ay goeeee!&quot;","block_context":{"text":"\u00a1Ay goeeee!","link":"https:\/\/soclose.mx\/blog\/category\/ay-goeeee\/"},"img":{"alt_text":"","src":"https:\/\/i0.wp.com\/soclose.mx\/blog\/wp-content\/uploads\/2022\/05\/pexels-koolshooters-6494959-scaled.jpg?fit=1200%2C800&ssl=1&resize=350%2C200","width":350,"height":200,"srcset":"https:\/\/i0.wp.com\/soclose.mx\/blog\/wp-content\/uploads\/2022\/05\/pexels-koolshooters-6494959-scaled.jpg?fit=1200%2C800&ssl=1&resize=350%2C200 1x, https:\/\/i0.wp.com\/soclose.mx\/blog\/wp-content\/uploads\/2022\/05\/pexels-koolshooters-6494959-scaled.jpg?fit=1200%2C800&ssl=1&resize=525%2C300 1.5x, https:\/\/i0.wp.com\/soclose.mx\/blog\/wp-content\/uploads\/2022\/05\/pexels-koolshooters-6494959-scaled.jpg?fit=1200%2C800&ssl=1&resize=700%2C400 2x, https:\/\/i0.wp.com\/soclose.mx\/blog\/wp-content\/uploads\/2022\/05\/pexels-koolshooters-6494959-scaled.jpg?fit=1200%2C800&ssl=1&resize=1050%2C600 3x"},"classes":[]},{"id":12214,"url":"https:\/\/soclose.mx\/blog\/a-la-mexicana\/puerta-inframundo-quien-la-robo-donde-esta\/","url_meta":{"origin":7129,"position":3},"title":"&#8220;La puerta del inframundo\u201d: \u00bfQui\u00e9n se la rob\u00f3 de M\u00e9xico y d\u00f3nde est\u00e1 hoy?","author":"Emmanuel Oviedo","date":"17 octubre, 2023","format":false,"excerpt":"Adem\u00e1s de las guerras del pasado por la defensa de nuestro pa\u00eds, tambi\u00e9n hay otros esfuerzos para mantener la riqueza de nuestra cultura dentro de M\u00e9xico,\u00a0 no s\u00f3lo en museos, si no en las comunidades. Por ello te hablaremos de\u00a0\"La puerta del inframundo\". Uno de estos esfuerzos por preservar nuestro\u2026","rel":"","context":"En &quot;A la mexicana&quot;","block_context":{"text":"A la mexicana","link":"https:\/\/soclose.mx\/blog\/category\/a-la-mexicana\/"},"img":{"alt_text":"La Puerta del inframundo robo M\u00e9xico tesoro","src":"https:\/\/i0.wp.com\/soclose.mx\/blog\/wp-content\/uploads\/2023\/07\/La-puerta-del-inframundo-robo-Mexico-tesoro.jpg?fit=1200%2C751&ssl=1&resize=350%2C200","width":350,"height":200,"srcset":"https:\/\/i0.wp.com\/soclose.mx\/blog\/wp-content\/uploads\/2023\/07\/La-puerta-del-inframundo-robo-Mexico-tesoro.jpg?fit=1200%2C751&ssl=1&resize=350%2C200 1x, https:\/\/i0.wp.com\/soclose.mx\/blog\/wp-content\/uploads\/2023\/07\/La-puerta-del-inframundo-robo-Mexico-tesoro.jpg?fit=1200%2C751&ssl=1&resize=525%2C300 1.5x, https:\/\/i0.wp.com\/soclose.mx\/blog\/wp-content\/uploads\/2023\/07\/La-puerta-del-inframundo-robo-Mexico-tesoro.jpg?fit=1200%2C751&ssl=1&resize=700%2C400 2x, https:\/\/i0.wp.com\/soclose.mx\/blog\/wp-content\/uploads\/2023\/07\/La-puerta-del-inframundo-robo-Mexico-tesoro.jpg?fit=1200%2C751&ssl=1&resize=1050%2C600 3x"},"classes":[]},{"id":14837,"url":"https:\/\/soclose.mx\/blog\/news-feed\/lo-que-debes-saber-de-la-carrera-amar-es-adoptar-2025\/","url_meta":{"origin":7129,"position":4},"title":"Lo que debes saber de la Carrera Amar es Adoptar 2025","author":"So Close","date":"22 mayo, 2025","format":false,"excerpt":"La Carrera \u201cAmar es Adoptar\u201d 2025 ser\u00e1 un evento recreativo y de concientizaci\u00f3n organizado en la Ciudad de M\u00e9xico por la Secretar\u00eda del Medio Ambiente (SEDEMA) y la Agencia de Atenci\u00f3n Animal (AGATAN), en colaboraci\u00f3n con la Alcald\u00eda Iztacalco. Su principal objetivo es crear conciencia sobre el abandono animal y\u2026","rel":"","context":"En &quot;News feed&quot;","block_context":{"text":"News feed","link":"https:\/\/soclose.mx\/blog\/category\/news-feed\/"},"img":{"alt_text":"Adopta un perro","src":"https:\/\/i0.wp.com\/soclose.mx\/blog\/wp-content\/uploads\/2025\/05\/Adopta-un-perro.jpg?fit=1200%2C675&ssl=1&resize=350%2C200","width":350,"height":200,"srcset":"https:\/\/i0.wp.com\/soclose.mx\/blog\/wp-content\/uploads\/2025\/05\/Adopta-un-perro.jpg?fit=1200%2C675&ssl=1&resize=350%2C200 1x, https:\/\/i0.wp.com\/soclose.mx\/blog\/wp-content\/uploads\/2025\/05\/Adopta-un-perro.jpg?fit=1200%2C675&ssl=1&resize=525%2C300 1.5x, https:\/\/i0.wp.com\/soclose.mx\/blog\/wp-content\/uploads\/2025\/05\/Adopta-un-perro.jpg?fit=1200%2C675&ssl=1&resize=700%2C400 2x, https:\/\/i0.wp.com\/soclose.mx\/blog\/wp-content\/uploads\/2025\/05\/Adopta-un-perro.jpg?fit=1200%2C675&ssl=1&resize=1050%2C600 3x"},"classes":[]},{"id":14811,"url":"https:\/\/soclose.mx\/blog\/news-feed\/adoptaton-2025-cdmx-fechas-requisitos-para-adoptar-perros-y-gatos\/","url_meta":{"origin":7129,"position":5},"title":"Adoptat\u00f3n 2025 CDMX: Fechas, requisitos para adoptar perros y gatos","author":"So Close","date":"1 mayo, 2025","format":false,"excerpt":"El Adoptat\u00f3n 2025 CDMX\u00a0es una jornada especial dedicada a promover la adopci\u00f3n responsable de animales de compa\u00f1\u00eda, principalmente perros y gatos, que buscan un hogar definitivo. Este evento, organizado por autoridades y asociaciones protectoras de animales, tiene como objetivo principal reducir la poblaci\u00f3n de animales en situaci\u00f3n de calle y\u2026","rel":"","context":"En &quot;News feed&quot;","block_context":{"text":"News feed","link":"https:\/\/soclose.mx\/blog\/category\/news-feed\/"},"img":{"alt_text":"Perro","src":"https:\/\/i0.wp.com\/soclose.mx\/blog\/wp-content\/uploads\/2025\/05\/Perro.jpg?fit=1200%2C675&ssl=1&resize=350%2C200","width":350,"height":200,"srcset":"https:\/\/i0.wp.com\/soclose.mx\/blog\/wp-content\/uploads\/2025\/05\/Perro.jpg?fit=1200%2C675&ssl=1&resize=350%2C200 1x, https:\/\/i0.wp.com\/soclose.mx\/blog\/wp-content\/uploads\/2025\/05\/Perro.jpg?fit=1200%2C675&ssl=1&resize=525%2C300 1.5x, https:\/\/i0.wp.com\/soclose.mx\/blog\/wp-content\/uploads\/2025\/05\/Perro.jpg?fit=1200%2C675&ssl=1&resize=700%2C400 2x, https:\/\/i0.wp.com\/soclose.mx\/blog\/wp-content\/uploads\/2025\/05\/Perro.jpg?fit=1200%2C675&ssl=1&resize=1050%2C600 3x"},"classes":[]}],"jetpack_sharing_enabled":true,"_links":{"self":[{"href":"https:\/\/soclose.mx\/blog\/wp-json\/wp\/v2\/posts\/7129","targetHints":{"allow":["GET"]}}],"collection":[{"href":"https:\/\/soclose.mx\/blog\/wp-json\/wp\/v2\/posts"}],"about":[{"href":"https:\/\/soclose.mx\/blog\/wp-json\/wp\/v2\/types\/post"}],"author":[{"embeddable":true,"href":"https:\/\/soclose.mx\/blog\/wp-json\/wp\/v2\/users\/8"}],"replies":[{"embeddable":true,"href":"https:\/\/soclose.mx\/blog\/wp-json\/wp\/v2\/comments?post=7129"}],"version-history":[{"count":0,"href":"https:\/\/soclose.mx\/blog\/wp-json\/wp\/v2\/posts\/7129\/revisions"}],"wp:featuredmedia":[{"embeddable":true,"href":"https:\/\/soclose.mx\/blog\/wp-json\/wp\/v2\/media\/7130"}],"wp:attachment":[{"href":"https:\/\/soclose.mx\/blog\/wp-json\/wp\/v2\/media?parent=7129"}],"wp:term":[{"taxonomy":"category","embeddable":true,"href":"https:\/\/soclose.mx\/blog\/wp-json\/wp\/v2\/categories?post=7129"},{"taxonomy":"post_tag","embeddable":true,"href":"https:\/\/soclose.mx\/blog\/wp-json\/wp\/v2\/tags?post=7129"}],"curies":[{"name":"wp","href":"https:\/\/api.w.org\/{rel}","templated":true}]}}