{"id":7133,"date":"2021-09-06T08:00:45","date_gmt":"2021-09-06T13:00:45","guid":{"rendered":"https:\/\/soclose.mx\/blog\/?p=7133"},"modified":"2021-09-06T14:51:44","modified_gmt":"2021-09-06T19:51:44","slug":"brilla-mexico-en-los-juegos-paralimpicos-con-22-medallas","status":"publish","type":"post","link":"https:\/\/soclose.mx\/blog\/news-feed\/brilla-mexico-en-los-juegos-paralimpicos-con-22-medallas\/","title":{"rendered":"Brilla M\u00e9xico en los Juegos Paral\u00edmpicos con 22 medallas"},"content":{"rendered":"<p>Todo lo que empieza, acaba y los\u00a0<strong>Juegos Paral\u00edmpicos de Tokio 2020<\/strong> no son la excepci\u00f3n, y la participaci\u00f3n de la delegaci\u00f3n mexicana brill\u00f3 por su gran actuaci\u00f3n y con 22 medallas en su haber.<\/p>\n<p>No solo consiguieron superar las 300 medallas en los <strong>Juegos Paral\u00edmpicos<\/strong>, sino que tambi\u00e9n lograron llegar a las 100 medallas de oro en esta justa.<\/p>\n<p><a href=\"https:\/\/soclose.mx\/blog\/5-atletas-paralimpicos-que-tienes-que-seguir-en-tokio\/\" target=\"_blank\" rel=\"noopener\">Los 60 atletas<\/a>, que compitieron en 11 diferentes disciplinas, pusieron en alto el nombre de nuestro pa\u00eds, siendo siete las ocasiones que son\u00f3 el Himno Nacional y 22 veces las que onde\u00f3 la bandera de <strong>M\u00e9xico<\/strong>.<\/p>\n<blockquote class=\"twitter-tweet\">\n<p dir=\"ltr\" lang=\"es\">\u00a1Termina la gran participaci\u00f3n! \ud83d\ude4c\ud83c\udffb<br \/>\nFueron 22 medallas \ud83e\udd47\ud83e\udd48\ud83e\udd49totales en los Juegos Paral\u00edmpicos de <a href=\"https:\/\/twitter.com\/hashtag\/Tokyo2020?src=hash&amp;ref_src=twsrc%5Etfw\">#Tokyo2020<\/a> para los deportistas mexicanos \ud83c\uddf2\ud83c\uddfd \ud83d\udc4f <a href=\"https:\/\/t.co\/BijJBqbFER\">pic.twitter.com\/BijJBqbFER<\/a><\/p>\n<p>\u2014 CONADE (@CONADE) <a href=\"https:\/\/twitter.com\/CONADE\/status\/1434150072892149765?ref_src=twsrc%5Etfw\">September 4, 2021<\/a><\/p><\/blockquote>\n<p><script async src=\"https:\/\/platform.twitter.com\/widgets.js\" charset=\"utf-8\"><\/script><\/p>\n<p>Cabe mencionar que <strong>M\u00e9xico<\/strong> destac\u00f3 como el mejor pa\u00eds latinoamericano en el medallero tras conquistar 22 preseas en total: 7 de oro, 2 de plata y 13 de bronce, un resultado con el que tambi\u00e9n superaron lo hecho en <strong>R\u00edo 2016<\/strong>.<\/p>\n<p>La prueba en la que m\u00e1s preseas se colgaron los deportistas mexicanos fue la nataci\u00f3n, competici\u00f3n en la que se ganaron 10 en total: 3 de oro, 1 de plata y 6 de bronce; le sigue atletismo con 8 medallas.<\/p>\n<figure id=\"attachment_7135\" aria-describedby=\"caption-attachment-7135\" style=\"width: 960px\" class=\"wp-caption alignnone\"><img data-recalc-dims=\"1\" fetchpriority=\"high\" decoding=\"async\" class=\"size-full wp-image-7135\" src=\"https:\/\/i0.wp.com\/soclose.mx\/blog\/wp-content\/uploads\/2021\/09\/241546271_4057573204352284_4952626263628791694_n.jpg?resize=960%2C960&#038;ssl=1\" alt=\"Comit\u00e9 Paral\u00edmpico Mexicano\" width=\"960\" height=\"960\" srcset=\"https:\/\/i0.wp.com\/soclose.mx\/blog\/wp-content\/uploads\/2021\/09\/241546271_4057573204352284_4952626263628791694_n.jpg?w=960&amp;ssl=1 960w, https:\/\/i0.wp.com\/soclose.mx\/blog\/wp-content\/uploads\/2021\/09\/241546271_4057573204352284_4952626263628791694_n.jpg?resize=300%2C300&amp;ssl=1 300w, https:\/\/i0.wp.com\/soclose.mx\/blog\/wp-content\/uploads\/2021\/09\/241546271_4057573204352284_4952626263628791694_n.jpg?resize=150%2C150&amp;ssl=1 150w, https:\/\/i0.wp.com\/soclose.mx\/blog\/wp-content\/uploads\/2021\/09\/241546271_4057573204352284_4952626263628791694_n.jpg?resize=768%2C768&amp;ssl=1 768w, https:\/\/i0.wp.com\/soclose.mx\/blog\/wp-content\/uploads\/2021\/09\/241546271_4057573204352284_4952626263628791694_n.jpg?resize=12%2C12&amp;ssl=1 12w, https:\/\/i0.wp.com\/soclose.mx\/blog\/wp-content\/uploads\/2021\/09\/241546271_4057573204352284_4952626263628791694_n.jpg?resize=770%2C770&amp;ssl=1 770w, https:\/\/i0.wp.com\/soclose.mx\/blog\/wp-content\/uploads\/2021\/09\/241546271_4057573204352284_4952626263628791694_n.jpg?resize=110%2C110&amp;ssl=1 110w\" sizes=\"(max-width: 960px) 100vw, 960px\" \/><figcaption id=\"caption-attachment-7135\" class=\"wp-caption-text\">Comit\u00e9 Paral\u00edmpico Mexicano<\/figcaption><\/figure>\n","protected":false},"excerpt":{"rendered":"<p>Todo lo que empieza, acaba y los\u00a0Juegos Paral\u00edmpicos de Tokio 2020 no son la excepci\u00f3n, y la participaci\u00f3n de la delegaci\u00f3n mexicana brill\u00f3 por su gran actuaci\u00f3n y con 22 medallas en su haber. No solo consiguieron superar las 300 medallas en los Juegos Paral\u00edmpicos, sino que tambi\u00e9n lograron llegar a las 100 medallas de oro en esta justa. Los 60 atletas, que compitieron en 11 diferentes disciplinas, pusieron en alto el nombre de nuestro pa\u00eds, siendo siete las ocasiones que son\u00f3 el Himno Nacional y 22 veces las que onde\u00f3 la bandera de M\u00e9xico. \u00a1Termina la gran participaci\u00f3n! \ud83d\ude4c\ud83c\udffb<\/p>\n","protected":false},"author":8,"featured_media":7134,"comment_status":"open","ping_status":"open","sticky":false,"template":"","format":"standard","meta":{"_jetpack_memberships_contains_paid_content":false,"footnotes":""},"categories":[628],"tags":[1319,1243,1318,578,1171],"class_list":["post-7133","post","type-post","status-publish","format-standard","has-post-thumbnail","hentry","category-news-feed","tag-atletas","tag-atletas-paralimpicos","tag-juegos-paralimpicos","tag-mexico","tag-tokio-2020"],"yoast_head":"<!-- This site is optimized with the Yoast SEO plugin v26.7 - https:\/\/yoast.com\/wordpress\/plugins\/seo\/ -->\n<title>Brilla M\u00e9xico en los Juegos Paral\u00edmpicos con 22 medallas - So Close<\/title>\n<meta name=\"description\" content=\"M\u00e9xico destac\u00f3 como el mejor pa\u00eds latinoamericano en el medallero tras conquistar 22 preseas en total: 7 de oro, 2 de plata y 13 de bronce\" \/>\n<meta name=\"robots\" content=\"index, follow, max-snippet:-1, max-image-preview:large, max-video-preview:-1\" \/>\n<link rel=\"canonical\" href=\"https:\/\/soclose.mx\/blog\/news-feed\/brilla-mexico-en-los-juegos-paralimpicos-con-22-medallas\/\" \/>\n<meta property=\"og:locale\" content=\"es_MX\" \/>\n<meta property=\"og:type\" content=\"article\" \/>\n<meta property=\"og:title\" content=\"Brilla M\u00e9xico en los Juegos Paral\u00edmpicos con 22 medallas - So Close\" \/>\n<meta property=\"og:description\" content=\"M\u00e9xico destac\u00f3 como el mejor pa\u00eds latinoamericano en el medallero tras conquistar 22 preseas en total: 7 de oro, 2 de plata y 13 de bronce\" \/>\n<meta property=\"og:url\" content=\"https:\/\/soclose.mx\/blog\/news-feed\/brilla-mexico-en-los-juegos-paralimpicos-con-22-medallas\/\" \/>\n<meta property=\"og:site_name\" content=\"So Close\" \/>\n<meta property=\"article:author\" content=\"www.facebook.com\/mikexever\/\" \/>\n<meta property=\"article:published_time\" content=\"2021-09-06T13:00:45+00:00\" \/>\n<meta property=\"article:modified_time\" content=\"2021-09-06T19:51:44+00:00\" \/>\n<meta property=\"og:image\" content=\"https:\/\/i0.wp.com\/soclose.mx\/blog\/wp-content\/uploads\/2021\/09\/Principal-So-Close-blog-13-1.jpg?fit=1240%2C700&ssl=1\" \/>\n\t<meta property=\"og:image:width\" content=\"1240\" \/>\n\t<meta property=\"og:image:height\" content=\"700\" \/>\n\t<meta property=\"og:image:type\" content=\"image\/jpeg\" \/>\n<meta name=\"author\" content=\"Miguel Angel Romero\" \/>\n<meta name=\"twitter:card\" content=\"summary_large_image\" \/>\n<meta name=\"twitter:creator\" content=\"@Mikerecomienda\" \/>\n<meta name=\"twitter:label1\" content=\"Escrito por\" \/>\n\t<meta name=\"twitter:data1\" content=\"Miguel Angel Romero\" \/>\n\t<meta name=\"twitter:label2\" content=\"Tiempo de lectura\" \/>\n\t<meta name=\"twitter:data2\" content=\"2 minutos\" \/>\n<script type=\"application\/ld+json\" class=\"yoast-schema-graph\">{\"@context\":\"https:\/\/schema.org\",\"@graph\":[{\"@type\":\"Article\",\"@id\":\"https:\/\/soclose.mx\/blog\/news-feed\/brilla-mexico-en-los-juegos-paralimpicos-con-22-medallas\/#article\",\"isPartOf\":{\"@id\":\"https:\/\/soclose.mx\/blog\/news-feed\/brilla-mexico-en-los-juegos-paralimpicos-con-22-medallas\/\"},\"author\":{\"name\":\"Miguel Angel Romero\",\"@id\":\"https:\/\/soclose.mx\/blog\/#\/schema\/person\/cddec6ccd5d7037d286395fb411e23f1\"},\"headline\":\"Brilla M\u00e9xico en los Juegos Paral\u00edmpicos con 22 medallas\",\"datePublished\":\"2021-09-06T13:00:45+00:00\",\"dateModified\":\"2021-09-06T19:51:44+00:00\",\"mainEntityOfPage\":{\"@id\":\"https:\/\/soclose.mx\/blog\/news-feed\/brilla-mexico-en-los-juegos-paralimpicos-con-22-medallas\/\"},\"wordCount\":223,\"commentCount\":0,\"publisher\":{\"@id\":\"https:\/\/soclose.mx\/blog\/#organization\"},\"image\":{\"@id\":\"https:\/\/soclose.mx\/blog\/news-feed\/brilla-mexico-en-los-juegos-paralimpicos-con-22-medallas\/#primaryimage\"},\"thumbnailUrl\":\"https:\/\/i0.wp.com\/soclose.mx\/blog\/wp-content\/uploads\/2021\/09\/Principal-So-Close-blog-13-1.jpg?fit=1240%2C700&ssl=1\",\"keywords\":[\"atletas\",\"atletas paralimpicos\",\"Juegos paral\u00edmpicos\",\"mexico\",\"Tokio 2020\"],\"articleSection\":[\"News feed\"],\"inLanguage\":\"es\",\"potentialAction\":[{\"@type\":\"CommentAction\",\"name\":\"Comment\",\"target\":[\"https:\/\/soclose.mx\/blog\/news-feed\/brilla-mexico-en-los-juegos-paralimpicos-con-22-medallas\/#respond\"]}]},{\"@type\":\"WebPage\",\"@id\":\"https:\/\/soclose.mx\/blog\/news-feed\/brilla-mexico-en-los-juegos-paralimpicos-con-22-medallas\/\",\"url\":\"https:\/\/soclose.mx\/blog\/news-feed\/brilla-mexico-en-los-juegos-paralimpicos-con-22-medallas\/\",\"name\":\"Brilla M\u00e9xico en los Juegos Paral\u00edmpicos con 22 medallas - So Close\",\"isPartOf\":{\"@id\":\"https:\/\/soclose.mx\/blog\/#website\"},\"primaryImageOfPage\":{\"@id\":\"https:\/\/soclose.mx\/blog\/news-feed\/brilla-mexico-en-los-juegos-paralimpicos-con-22-medallas\/#primaryimage\"},\"image\":{\"@id\":\"https:\/\/soclose.mx\/blog\/news-feed\/brilla-mexico-en-los-juegos-paralimpicos-con-22-medallas\/#primaryimage\"},\"thumbnailUrl\":\"https:\/\/i0.wp.com\/soclose.mx\/blog\/wp-content\/uploads\/2021\/09\/Principal-So-Close-blog-13-1.jpg?fit=1240%2C700&ssl=1\",\"datePublished\":\"2021-09-06T13:00:45+00:00\",\"dateModified\":\"2021-09-06T19:51:44+00:00\",\"description\":\"M\u00e9xico destac\u00f3 como el mejor pa\u00eds latinoamericano en el medallero tras conquistar 22 preseas en total: 7 de oro, 2 de plata y 13 de bronce\",\"breadcrumb\":{\"@id\":\"https:\/\/soclose.mx\/blog\/news-feed\/brilla-mexico-en-los-juegos-paralimpicos-con-22-medallas\/#breadcrumb\"},\"inLanguage\":\"es\",\"potentialAction\":[{\"@type\":\"ReadAction\",\"target\":[\"https:\/\/soclose.mx\/blog\/news-feed\/brilla-mexico-en-los-juegos-paralimpicos-con-22-medallas\/\"]}]},{\"@type\":\"ImageObject\",\"inLanguage\":\"es\",\"@id\":\"https:\/\/soclose.mx\/blog\/news-feed\/brilla-mexico-en-los-juegos-paralimpicos-con-22-medallas\/#primaryimage\",\"url\":\"https:\/\/i0.wp.com\/soclose.mx\/blog\/wp-content\/uploads\/2021\/09\/Principal-So-Close-blog-13-1.jpg?fit=1240%2C700&ssl=1\",\"contentUrl\":\"https:\/\/i0.wp.com\/soclose.mx\/blog\/wp-content\/uploads\/2021\/09\/Principal-So-Close-blog-13-1.jpg?fit=1240%2C700&ssl=1\",\"width\":1240,\"height\":700},{\"@type\":\"BreadcrumbList\",\"@id\":\"https:\/\/soclose.mx\/blog\/news-feed\/brilla-mexico-en-los-juegos-paralimpicos-con-22-medallas\/#breadcrumb\",\"itemListElement\":[{\"@type\":\"ListItem\",\"position\":1,\"name\":\"Inicio\",\"item\":\"https:\/\/soclose.mx\/blog\/\"},{\"@type\":\"ListItem\",\"position\":2,\"name\":\"Brilla M\u00e9xico en los Juegos Paral\u00edmpicos con 22 medallas\"}]},{\"@type\":\"WebSite\",\"@id\":\"https:\/\/soclose.mx\/blog\/#website\",\"url\":\"https:\/\/soclose.mx\/blog\/\",\"name\":\"So Close\",\"description\":\"Hacemos contenidos de M\u00e9xico\",\"publisher\":{\"@id\":\"https:\/\/soclose.mx\/blog\/#organization\"},\"potentialAction\":[{\"@type\":\"SearchAction\",\"target\":{\"@type\":\"EntryPoint\",\"urlTemplate\":\"https:\/\/soclose.mx\/blog\/?s={search_term_string}\"},\"query-input\":{\"@type\":\"PropertyValueSpecification\",\"valueRequired\":true,\"valueName\":\"search_term_string\"}}],\"inLanguage\":\"es\"},{\"@type\":\"Organization\",\"@id\":\"https:\/\/soclose.mx\/blog\/#organization\",\"name\":\"So Close\",\"url\":\"https:\/\/soclose.mx\/blog\/\",\"logo\":{\"@type\":\"ImageObject\",\"inLanguage\":\"es\",\"@id\":\"https:\/\/soclose.mx\/blog\/#\/schema\/logo\/image\/\",\"url\":\"https:\/\/i0.wp.com\/soclose.mx\/blog\/wp-content\/uploads\/2020\/12\/LOGO_SOCLOSE_COLOR-e1608310133507.png?fit=2858%2C1264&ssl=1\",\"contentUrl\":\"https:\/\/i0.wp.com\/soclose.mx\/blog\/wp-content\/uploads\/2020\/12\/LOGO_SOCLOSE_COLOR-e1608310133507.png?fit=2858%2C1264&ssl=1\",\"width\":2858,\"height\":1264,\"caption\":\"So Close\"},\"image\":{\"@id\":\"https:\/\/soclose.mx\/blog\/#\/schema\/logo\/image\/\"}},{\"@type\":\"Person\",\"@id\":\"https:\/\/soclose.mx\/blog\/#\/schema\/person\/cddec6ccd5d7037d286395fb411e23f1\",\"name\":\"Miguel Angel Romero\",\"image\":{\"@type\":\"ImageObject\",\"inLanguage\":\"es\",\"@id\":\"https:\/\/soclose.mx\/blog\/#\/schema\/person\/image\/\",\"url\":\"https:\/\/secure.gravatar.com\/avatar\/45b44006b4f93497bb24d251f77bc39385015bfa120582412df580dbfcbb14f3?s=96&d=mm&r=g\",\"contentUrl\":\"https:\/\/secure.gravatar.com\/avatar\/45b44006b4f93497bb24d251f77bc39385015bfa120582412df580dbfcbb14f3?s=96&d=mm&r=g\",\"caption\":\"Miguel Angel Romero\"},\"sameAs\":[\"http:\/\/\/mikexever.blogspot.com\/\",\"www.facebook.com\/mikexever\/\",\"https:\/\/x.com\/Mikerecomienda\"],\"url\":\"https:\/\/soclose.mx\/blog\/author\/mike\/\"}]}<\/script>\n<!-- \/ Yoast SEO plugin. -->","yoast_head_json":{"title":"Brilla M\u00e9xico en los Juegos Paral\u00edmpicos con 22 medallas - So Close","description":"M\u00e9xico destac\u00f3 como el mejor pa\u00eds latinoamericano en el medallero tras conquistar 22 preseas en total: 7 de oro, 2 de plata y 13 de bronce","robots":{"index":"index","follow":"follow","max-snippet":"max-snippet:-1","max-image-preview":"max-image-preview:large","max-video-preview":"max-video-preview:-1"},"canonical":"https:\/\/soclose.mx\/blog\/news-feed\/brilla-mexico-en-los-juegos-paralimpicos-con-22-medallas\/","og_locale":"es_MX","og_type":"article","og_title":"Brilla M\u00e9xico en los Juegos Paral\u00edmpicos con 22 medallas - So Close","og_description":"M\u00e9xico destac\u00f3 como el mejor pa\u00eds latinoamericano en el medallero tras conquistar 22 preseas en total: 7 de oro, 2 de plata y 13 de bronce","og_url":"https:\/\/soclose.mx\/blog\/news-feed\/brilla-mexico-en-los-juegos-paralimpicos-con-22-medallas\/","og_site_name":"So Close","article_author":"www.facebook.com\/mikexever\/","article_published_time":"2021-09-06T13:00:45+00:00","article_modified_time":"2021-09-06T19:51:44+00:00","og_image":[{"width":1240,"height":700,"url":"https:\/\/i0.wp.com\/soclose.mx\/blog\/wp-content\/uploads\/2021\/09\/Principal-So-Close-blog-13-1.jpg?fit=1240%2C700&ssl=1","type":"image\/jpeg"}],"author":"Miguel Angel Romero","twitter_card":"summary_large_image","twitter_creator":"@Mikerecomienda","twitter_misc":{"Escrito por":"Miguel Angel Romero","Tiempo de lectura":"2 minutos"},"schema":{"@context":"https:\/\/schema.org","@graph":[{"@type":"Article","@id":"https:\/\/soclose.mx\/blog\/news-feed\/brilla-mexico-en-los-juegos-paralimpicos-con-22-medallas\/#article","isPartOf":{"@id":"https:\/\/soclose.mx\/blog\/news-feed\/brilla-mexico-en-los-juegos-paralimpicos-con-22-medallas\/"},"author":{"name":"Miguel Angel Romero","@id":"https:\/\/soclose.mx\/blog\/#\/schema\/person\/cddec6ccd5d7037d286395fb411e23f1"},"headline":"Brilla M\u00e9xico en los Juegos Paral\u00edmpicos con 22 medallas","datePublished":"2021-09-06T13:00:45+00:00","dateModified":"2021-09-06T19:51:44+00:00","mainEntityOfPage":{"@id":"https:\/\/soclose.mx\/blog\/news-feed\/brilla-mexico-en-los-juegos-paralimpicos-con-22-medallas\/"},"wordCount":223,"commentCount":0,"publisher":{"@id":"https:\/\/soclose.mx\/blog\/#organization"},"image":{"@id":"https:\/\/soclose.mx\/blog\/news-feed\/brilla-mexico-en-los-juegos-paralimpicos-con-22-medallas\/#primaryimage"},"thumbnailUrl":"https:\/\/i0.wp.com\/soclose.mx\/blog\/wp-content\/uploads\/2021\/09\/Principal-So-Close-blog-13-1.jpg?fit=1240%2C700&ssl=1","keywords":["atletas","atletas paralimpicos","Juegos paral\u00edmpicos","mexico","Tokio 2020"],"articleSection":["News feed"],"inLanguage":"es","potentialAction":[{"@type":"CommentAction","name":"Comment","target":["https:\/\/soclose.mx\/blog\/news-feed\/brilla-mexico-en-los-juegos-paralimpicos-con-22-medallas\/#respond"]}]},{"@type":"WebPage","@id":"https:\/\/soclose.mx\/blog\/news-feed\/brilla-mexico-en-los-juegos-paralimpicos-con-22-medallas\/","url":"https:\/\/soclose.mx\/blog\/news-feed\/brilla-mexico-en-los-juegos-paralimpicos-con-22-medallas\/","name":"Brilla M\u00e9xico en los Juegos Paral\u00edmpicos con 22 medallas - So Close","isPartOf":{"@id":"https:\/\/soclose.mx\/blog\/#website"},"primaryImageOfPage":{"@id":"https:\/\/soclose.mx\/blog\/news-feed\/brilla-mexico-en-los-juegos-paralimpicos-con-22-medallas\/#primaryimage"},"image":{"@id":"https:\/\/soclose.mx\/blog\/news-feed\/brilla-mexico-en-los-juegos-paralimpicos-con-22-medallas\/#primaryimage"},"thumbnailUrl":"https:\/\/i0.wp.com\/soclose.mx\/blog\/wp-content\/uploads\/2021\/09\/Principal-So-Close-blog-13-1.jpg?fit=1240%2C700&ssl=1","datePublished":"2021-09-06T13:00:45+00:00","dateModified":"2021-09-06T19:51:44+00:00","description":"M\u00e9xico destac\u00f3 como el mejor pa\u00eds latinoamericano en el medallero tras conquistar 22 preseas en total: 7 de oro, 2 de plata y 13 de bronce","breadcrumb":{"@id":"https:\/\/soclose.mx\/blog\/news-feed\/brilla-mexico-en-los-juegos-paralimpicos-con-22-medallas\/#breadcrumb"},"inLanguage":"es","potentialAction":[{"@type":"ReadAction","target":["https:\/\/soclose.mx\/blog\/news-feed\/brilla-mexico-en-los-juegos-paralimpicos-con-22-medallas\/"]}]},{"@type":"ImageObject","inLanguage":"es","@id":"https:\/\/soclose.mx\/blog\/news-feed\/brilla-mexico-en-los-juegos-paralimpicos-con-22-medallas\/#primaryimage","url":"https:\/\/i0.wp.com\/soclose.mx\/blog\/wp-content\/uploads\/2021\/09\/Principal-So-Close-blog-13-1.jpg?fit=1240%2C700&ssl=1","contentUrl":"https:\/\/i0.wp.com\/soclose.mx\/blog\/wp-content\/uploads\/2021\/09\/Principal-So-Close-blog-13-1.jpg?fit=1240%2C700&ssl=1","width":1240,"height":700},{"@type":"BreadcrumbList","@id":"https:\/\/soclose.mx\/blog\/news-feed\/brilla-mexico-en-los-juegos-paralimpicos-con-22-medallas\/#breadcrumb","itemListElement":[{"@type":"ListItem","position":1,"name":"Inicio","item":"https:\/\/soclose.mx\/blog\/"},{"@type":"ListItem","position":2,"name":"Brilla M\u00e9xico en los Juegos Paral\u00edmpicos con 22 medallas"}]},{"@type":"WebSite","@id":"https:\/\/soclose.mx\/blog\/#website","url":"https:\/\/soclose.mx\/blog\/","name":"So Close","description":"Hacemos contenidos de M\u00e9xico","publisher":{"@id":"https:\/\/soclose.mx\/blog\/#organization"},"potentialAction":[{"@type":"SearchAction","target":{"@type":"EntryPoint","urlTemplate":"https:\/\/soclose.mx\/blog\/?s={search_term_string}"},"query-input":{"@type":"PropertyValueSpecification","valueRequired":true,"valueName":"search_term_string"}}],"inLanguage":"es"},{"@type":"Organization","@id":"https:\/\/soclose.mx\/blog\/#organization","name":"So Close","url":"https:\/\/soclose.mx\/blog\/","logo":{"@type":"ImageObject","inLanguage":"es","@id":"https:\/\/soclose.mx\/blog\/#\/schema\/logo\/image\/","url":"https:\/\/i0.wp.com\/soclose.mx\/blog\/wp-content\/uploads\/2020\/12\/LOGO_SOCLOSE_COLOR-e1608310133507.png?fit=2858%2C1264&ssl=1","contentUrl":"https:\/\/i0.wp.com\/soclose.mx\/blog\/wp-content\/uploads\/2020\/12\/LOGO_SOCLOSE_COLOR-e1608310133507.png?fit=2858%2C1264&ssl=1","width":2858,"height":1264,"caption":"So Close"},"image":{"@id":"https:\/\/soclose.mx\/blog\/#\/schema\/logo\/image\/"}},{"@type":"Person","@id":"https:\/\/soclose.mx\/blog\/#\/schema\/person\/cddec6ccd5d7037d286395fb411e23f1","name":"Miguel Angel Romero","image":{"@type":"ImageObject","inLanguage":"es","@id":"https:\/\/soclose.mx\/blog\/#\/schema\/person\/image\/","url":"https:\/\/secure.gravatar.com\/avatar\/45b44006b4f93497bb24d251f77bc39385015bfa120582412df580dbfcbb14f3?s=96&d=mm&r=g","contentUrl":"https:\/\/secure.gravatar.com\/avatar\/45b44006b4f93497bb24d251f77bc39385015bfa120582412df580dbfcbb14f3?s=96&d=mm&r=g","caption":"Miguel Angel Romero"},"sameAs":["http:\/\/\/mikexever.blogspot.com\/","www.facebook.com\/mikexever\/","https:\/\/x.com\/Mikerecomienda"],"url":"https:\/\/soclose.mx\/blog\/author\/mike\/"}]}},"jetpack_featured_media_url":"https:\/\/i0.wp.com\/soclose.mx\/blog\/wp-content\/uploads\/2021\/09\/Principal-So-Close-blog-13-1.jpg?fit=1240%2C700&ssl=1","jetpack-related-posts":[{"id":6976,"url":"https:\/\/soclose.mx\/blog\/ay-goeeee\/5-atletas-paralimpicos-que-tienes-que-seguir-en-tokio\/","url_meta":{"origin":7133,"position":0},"title":"5 atletas paral\u00edmpicos que tienes que seguir (en Tokio)","author":"Miguel Angel Romero","date":"25 agosto, 2021","format":false,"excerpt":"Los\u00a0Juegos Paral\u00edmpicos\u00a0de Tokio 2020 han empezado y todos estamos a la expectativa de lo que suceder\u00e1 con nuestros 60 atletas paral\u00edmpicos mexicanos. Nuestro pa\u00eds que lleva a\u00a0 29 mujeres\u00a0y\u00a031 hombres en\u00a011 deportes, participar\u00e1 en atletismo, bochas , ecuestre, judo, nataci\u00f3n, powerlifting, remo, taekwondo, tenis de mesa, tiro con arco y\u2026","rel":"","context":"En &quot;\u00a1Ay goeeee!&quot;","block_context":{"text":"\u00a1Ay goeeee!","link":"https:\/\/soclose.mx\/blog\/category\/ay-goeeee\/"},"img":{"alt_text":"","src":"https:\/\/i0.wp.com\/soclose.mx\/blog\/wp-content\/uploads\/2021\/08\/Principal-So-Close-blog-30.jpg?fit=1200%2C677&ssl=1&resize=350%2C200","width":350,"height":200,"srcset":"https:\/\/i0.wp.com\/soclose.mx\/blog\/wp-content\/uploads\/2021\/08\/Principal-So-Close-blog-30.jpg?fit=1200%2C677&ssl=1&resize=350%2C200 1x, https:\/\/i0.wp.com\/soclose.mx\/blog\/wp-content\/uploads\/2021\/08\/Principal-So-Close-blog-30.jpg?fit=1200%2C677&ssl=1&resize=525%2C300 1.5x, https:\/\/i0.wp.com\/soclose.mx\/blog\/wp-content\/uploads\/2021\/08\/Principal-So-Close-blog-30.jpg?fit=1200%2C677&ssl=1&resize=700%2C400 2x, https:\/\/i0.wp.com\/soclose.mx\/blog\/wp-content\/uploads\/2021\/08\/Principal-So-Close-blog-30.jpg?fit=1200%2C677&ssl=1&resize=1050%2C600 3x"},"classes":[]},{"id":13986,"url":"https:\/\/soclose.mx\/blog\/seleccion-mexicana\/arnulfo-castorena-el-tiburon-mexicano-que-derroto-al-destino\/","url_meta":{"origin":7133,"position":1},"title":"Arnulfo Castorena: el tibur\u00f3n paral\u00edmpico mexicano que derrot\u00f3 al destino","author":"So Close","date":"5 septiembre, 2024","format":false,"excerpt":"Jos\u00e9 Arnulfo Castorena V\u00e9lez: el tibur\u00f3n mexicano (as\u00ed lo llamamos por los huev... que tuvo para cambiar el destino que le tocaba) es un destacado nadador paral\u00edmpico mexicano, cuyo viaje personal y profesional es un testimonio de resiliencia y superaci\u00f3n. Nacido el 27 de mayo de 1978 en Guadalajara, Jalisco,\u2026","rel":"","context":"En &quot;Selecci\u00f3n mexicana&quot;","block_context":{"text":"Selecci\u00f3n mexicana","link":"https:\/\/soclose.mx\/blog\/category\/seleccion-mexicana\/"},"img":{"alt_text":"Arnulfo Castorena","src":"https:\/\/i0.wp.com\/soclose.mx\/blog\/wp-content\/uploads\/2024\/09\/arnulfo-castorena-nadador-paralimpico-mexicano.jpg?fit=1200%2C675&ssl=1&resize=350%2C200","width":350,"height":200,"srcset":"https:\/\/i0.wp.com\/soclose.mx\/blog\/wp-content\/uploads\/2024\/09\/arnulfo-castorena-nadador-paralimpico-mexicano.jpg?fit=1200%2C675&ssl=1&resize=350%2C200 1x, https:\/\/i0.wp.com\/soclose.mx\/blog\/wp-content\/uploads\/2024\/09\/arnulfo-castorena-nadador-paralimpico-mexicano.jpg?fit=1200%2C675&ssl=1&resize=525%2C300 1.5x, https:\/\/i0.wp.com\/soclose.mx\/blog\/wp-content\/uploads\/2024\/09\/arnulfo-castorena-nadador-paralimpico-mexicano.jpg?fit=1200%2C675&ssl=1&resize=700%2C400 2x, https:\/\/i0.wp.com\/soclose.mx\/blog\/wp-content\/uploads\/2024\/09\/arnulfo-castorena-nadador-paralimpico-mexicano.jpg?fit=1200%2C675&ssl=1&resize=1050%2C600 3x"},"classes":[]},{"id":13094,"url":"https:\/\/soclose.mx\/blog\/para-todos\/de-atleta-olimpico-a-politico-mexicano-cinco-casos-de-compromiso\/","url_meta":{"origin":7133,"position":2},"title":"De atleta ol\u00edmpico a pol\u00edtico mexicano: cinco casos de compromiso","author":"Emmanuel Oviedo","date":"5 febrero, 2024","format":false,"excerpt":"Mexico tiene un palmar\u00e9s cuando se trata de competencias ol\u00edmpicas y deportistas. Personajes que destacaron como grandes deportistas en su momento, el atleta ol\u00edmpico y l\u00edder en sus disciplina. Ahora, como mexicanos destacados, pasaron de la disciplina deportiva a la participaci\u00f3n ciudadana para el bien de nuestro pa\u00eds. Ahora que\u2026","rel":"","context":"En &quot;Para todos&quot;","block_context":{"text":"Para todos","link":"https:\/\/soclose.mx\/blog\/category\/para-todos\/"},"img":{"alt_text":"","src":"https:\/\/i0.wp.com\/soclose.mx\/blog\/wp-content\/uploads\/2024\/01\/Tatiana-ortiz-Olimpiadas-1-3.jpg?fit=800%2C532&ssl=1&resize=350%2C200","width":350,"height":200,"srcset":"https:\/\/i0.wp.com\/soclose.mx\/blog\/wp-content\/uploads\/2024\/01\/Tatiana-ortiz-Olimpiadas-1-3.jpg?fit=800%2C532&ssl=1&resize=350%2C200 1x, https:\/\/i0.wp.com\/soclose.mx\/blog\/wp-content\/uploads\/2024\/01\/Tatiana-ortiz-Olimpiadas-1-3.jpg?fit=800%2C532&ssl=1&resize=525%2C300 1.5x, https:\/\/i0.wp.com\/soclose.mx\/blog\/wp-content\/uploads\/2024\/01\/Tatiana-ortiz-Olimpiadas-1-3.jpg?fit=800%2C532&ssl=1&resize=700%2C400 2x"},"classes":[]},{"id":13104,"url":"https:\/\/soclose.mx\/blog\/seleccion-mexicana\/conoce-a-alexa-moreno-la-gimnasta-multimedallista-mexicana\/","url_meta":{"origin":7133,"position":3},"title":"Conoce a Alexa Moreno: la gimnasta multimedallista mexicana","author":"Emmanuel Oviedo","date":"25 enero, 2024","format":false,"excerpt":"Alexa Moreno ha sido una atleta sensacional en todo M\u00e9xico y para todo el mundo. En una edad tan joven ha conquistado las competencias m\u00e1s importantes de la gimnasia, como las que se realizan en Latinoam\u00e9rica y las cumbres de las Olimpiadas. Su nombre ya est\u00e1 dentro de la \u00e9lite\u2026","rel":"","context":"En &quot;Selecci\u00f3n mexicana&quot;","block_context":{"text":"Selecci\u00f3n mexicana","link":"https:\/\/soclose.mx\/blog\/category\/seleccion-mexicana\/"},"img":{"alt_text":"","src":"https:\/\/i0.wp.com\/soclose.mx\/blog\/wp-content\/uploads\/2024\/01\/Alexa-moreno-1.jpg?fit=799%2C533&ssl=1&resize=350%2C200","width":350,"height":200,"srcset":"https:\/\/i0.wp.com\/soclose.mx\/blog\/wp-content\/uploads\/2024\/01\/Alexa-moreno-1.jpg?fit=799%2C533&ssl=1&resize=350%2C200 1x, https:\/\/i0.wp.com\/soclose.mx\/blog\/wp-content\/uploads\/2024\/01\/Alexa-moreno-1.jpg?fit=799%2C533&ssl=1&resize=525%2C300 1.5x, https:\/\/i0.wp.com\/soclose.mx\/blog\/wp-content\/uploads\/2024\/01\/Alexa-moreno-1.jpg?fit=799%2C533&ssl=1&resize=700%2C400 2x"},"classes":[]},{"id":10547,"url":"https:\/\/soclose.mx\/blog\/a-la-mexicana\/video-inmigrante-mexicana-encuentra-medalla-de-oro-olimpica-en-envolturas-de-hamburguesas\/","url_meta":{"origin":7133,"position":4},"title":"Video: inmigrante mexicana encuentra medalla de oro ol\u00edmpica \u00a1en envolturas de hamburguesas!","author":"Daniel Ram\u00edrez","date":"8 julio, 2022","format":false,"excerpt":"Vayan preparando el guion para la pel\u00edcula sobre Mar\u00eda Carillo, una inmigrante mexicana que lleg\u00f3 a Estados Unidos hace 30 para trabajar limpiando casas y poner su negocio. Y es que la historia que les contaremos a continuaci\u00f3n es digna de ello. Mar\u00eda sali\u00f3 a pasear a sus perros y\u2026","rel":"","context":"En &quot;A la mexicana&quot;","block_context":{"text":"A la mexicana","link":"https:\/\/soclose.mx\/blog\/category\/a-la-mexicana\/"},"img":{"alt_text":"","src":"https:\/\/i0.wp.com\/soclose.mx\/blog\/wp-content\/uploads\/2022\/07\/medalla.jpg?fit=473%2C379&ssl=1&resize=350%2C200","width":350,"height":200},"classes":[]},{"id":6759,"url":"https:\/\/soclose.mx\/blog\/ay-goeeee\/mexicana-crea-muneco-tejido-inspirado-en-tom-daley\/","url_meta":{"origin":7133,"position":5},"title":"Mexicana crea mu\u00f1eco tejido inspirado en Tom Daley","author":"Miguel Angel Romero","date":"4 agosto, 2021","format":false,"excerpt":"Artesana mexicana realiz\u00f3 un mu\u00f1eco del clavadista brit\u00e1nico Tom Daley que se volvi\u00f3 viral por tejer mientras ve\u00eda una competencia en los Juegos Ol\u00edmpicos de Tokio 2020. \u00a0 El medallista de oro Tom Daley fue visto tejiendo en la final de trampol\u00edn de 3 metros femenino https:\/\/t.co\/TGBme3go1I pic.twitter.com\/fg6W222iKp \u2014 CNN\u2026","rel":"","context":"En &quot;\u00a1Ay goeeee!&quot;","block_context":{"text":"\u00a1Ay goeeee!","link":"https:\/\/soclose.mx\/blog\/category\/ay-goeeee\/"},"img":{"alt_text":"","src":"https:\/\/i0.wp.com\/soclose.mx\/blog\/wp-content\/uploads\/2021\/08\/Principal-So-Close-blog-2.jpg?fit=1200%2C677&ssl=1&resize=350%2C200","width":350,"height":200,"srcset":"https:\/\/i0.wp.com\/soclose.mx\/blog\/wp-content\/uploads\/2021\/08\/Principal-So-Close-blog-2.jpg?fit=1200%2C677&ssl=1&resize=350%2C200 1x, https:\/\/i0.wp.com\/soclose.mx\/blog\/wp-content\/uploads\/2021\/08\/Principal-So-Close-blog-2.jpg?fit=1200%2C677&ssl=1&resize=525%2C300 1.5x, https:\/\/i0.wp.com\/soclose.mx\/blog\/wp-content\/uploads\/2021\/08\/Principal-So-Close-blog-2.jpg?fit=1200%2C677&ssl=1&resize=700%2C400 2x, https:\/\/i0.wp.com\/soclose.mx\/blog\/wp-content\/uploads\/2021\/08\/Principal-So-Close-blog-2.jpg?fit=1200%2C677&ssl=1&resize=1050%2C600 3x"},"classes":[]}],"jetpack_sharing_enabled":true,"_links":{"self":[{"href":"https:\/\/soclose.mx\/blog\/wp-json\/wp\/v2\/posts\/7133","targetHints":{"allow":["GET"]}}],"collection":[{"href":"https:\/\/soclose.mx\/blog\/wp-json\/wp\/v2\/posts"}],"about":[{"href":"https:\/\/soclose.mx\/blog\/wp-json\/wp\/v2\/types\/post"}],"author":[{"embeddable":true,"href":"https:\/\/soclose.mx\/blog\/wp-json\/wp\/v2\/users\/8"}],"replies":[{"embeddable":true,"href":"https:\/\/soclose.mx\/blog\/wp-json\/wp\/v2\/comments?post=7133"}],"version-history":[{"count":0,"href":"https:\/\/soclose.mx\/blog\/wp-json\/wp\/v2\/posts\/7133\/revisions"}],"wp:featuredmedia":[{"embeddable":true,"href":"https:\/\/soclose.mx\/blog\/wp-json\/wp\/v2\/media\/7134"}],"wp:attachment":[{"href":"https:\/\/soclose.mx\/blog\/wp-json\/wp\/v2\/media?parent=7133"}],"wp:term":[{"taxonomy":"category","embeddable":true,"href":"https:\/\/soclose.mx\/blog\/wp-json\/wp\/v2\/categories?post=7133"},{"taxonomy":"post_tag","embeddable":true,"href":"https:\/\/soclose.mx\/blog\/wp-json\/wp\/v2\/tags?post=7133"}],"curies":[{"name":"wp","href":"https:\/\/api.w.org\/{rel}","templated":true}]}}