{"id":7141,"date":"2024-09-10T17:20:31","date_gmt":"2024-09-10T23:20:31","guid":{"rendered":"https:\/\/soclose.mx\/blog\/?p=7141"},"modified":"2024-09-12T19:00:24","modified_gmt":"2024-09-13T01:00:24","slug":"5-canciones-de-juan-gabriel-para-festejar-el-15-de-septiembre","status":"publish","type":"post","link":"https:\/\/soclose.mx\/blog\/a-la-mexicana\/5-canciones-de-juan-gabriel-para-festejar-el-15-de-septiembre\/","title":{"rendered":"10 Canciones de Juan Gabriel para festejar el 15 de septiembre"},"content":{"rendered":"<p>El <a href=\"https:\/\/soclose.mx\/blog\/5-platillos-de-ley-para-celebrar-el-15-de-septiembre\/\" target=\"_blank\" rel=\"noopener\"><strong>15 de septiembre<\/strong><\/a> es, sin duda, una fecha muy especial para los mexicanos\u00a0 y es por eso que te proponemos un concierto muy especial con la m\u00fasica de &#8220;El Divo de Ju\u00e1rez&#8221;. Te sugerimos algunas de sus canciones m\u00e1s mexicanas para celebrar la<strong> Independencia de M\u00e9xico.<\/strong><\/p>\n<p>Definitivamente, existen decenas de canciones de <strong>Juan Gabriel<\/strong> que no pueden faltar en las fiestas patrias, es por eso que hoy te vamos proponer algunas con mariachi\u00a0que har\u00e1n que saques tu esp\u00edritu mexicano.<\/p>\n<p>Y es que, las canciones de <strong>Juan Gabriel <\/strong>no pueden faltar en ninguna fiesta mexicana, aqu\u00ed algunas de ellas:<\/p>\n<p>As\u00ed Fue<br \/>\n<iframe loading=\"lazy\" title=\"YouTube video player\" src=\"https:\/\/www.youtube.com\/embed\/I8gLa380bko\" width=\"560\" height=\"315\" frameborder=\"0\" allowfullscreen=\"allowfullscreen\"><\/iframe><\/p>\n<p>Caray<br \/>\n<iframe loading=\"lazy\" title=\"YouTube video player\" src=\"https:\/\/www.youtube.com\/embed\/4q4mvZLvMec\" width=\"560\" height=\"315\" frameborder=\"0\" allowfullscreen=\"allowfullscreen\"><\/iframe><\/p>\n<p>Amor Eterno<\/p>\n<p><iframe loading=\"lazy\" title=\"YouTube video player\" src=\"https:\/\/www.youtube.com\/embed\/RgKqxLAhRKE\" width=\"560\" height=\"315\" frameborder=\"0\" allowfullscreen=\"allowfullscreen\"><\/iframe><\/p>\n<p>&nbsp;<\/p>\n<p><strong>Juan Gabriel<\/strong> logr\u00f3 hacer creaciones que interpret\u00f3 tanto en balada como con mariachi por lo que si decides escucharlas seguro la pasar\u00e1s de lujo y divertido.<\/p>\n<p>Insensible<\/p>\n<p><iframe loading=\"lazy\" title=\"YouTube video player\" src=\"https:\/\/www.youtube.com\/embed\/dmaPklZEwcM\" width=\"560\" height=\"315\" frameborder=\"0\" allowfullscreen=\"allowfullscreen\"><\/iframe><\/p>\n<p>Yo creo que es tiempo<\/p>\n<p><iframe loading=\"lazy\" title=\"YouTube video player\" src=\"https:\/\/www.youtube.com\/embed\/3Xq-wFCH-o0\" width=\"560\" height=\"315\" frameborder=\"0\" allowfullscreen=\"allowfullscreen\"><\/iframe><\/p>\n<p>Caray, Esta noche voy a verla.<\/p>\n<p><iframe loading=\"lazy\" title=\"YouTube video player\" src=\"https:\/\/www.youtube.com\/embed\/a8Y78eKxvf8?si=stwFEXen3mPJA36S\" width=\"560\" height=\"315\" frameborder=\"0\" allowfullscreen=\"allowfullscreen\"><\/iframe><\/p>\n<h2>\u00bfQui\u00e9n fue Juan Gabriel?<\/h2>\n<p>Alberto Aguilera Valadez, mejor conocido como <strong>Juan Gabriel<\/strong> naci\u00f3 el 7 de enero de 1950 en Par\u00e1cuaro, Michoac\u00e1n. Fue hijo de Gabriel Aguilera Rodr\u00edguez, arriero de oficio y de Victoria Valadez Rojas de Aguilera, campesina.<\/p>\n<p>Fue el menor de 10 hermanos, Rosa, qui\u00e9n muri\u00f3 casi reci\u00e9n nacida; Victoria, \u00fanica y consentida hermana; Jos\u00e9 Guadalupe, Gabriel, Pablo, Miguel, despu\u00e9s nacieron tres Rafael y los tres murieron.<\/p>\n<p>Cuando naci\u00f3, una comadre de su mam\u00e1, Mar\u00eda de Jes\u00fas Valverde, sugiri\u00f3 que lo bautizaran como Alberto, en honor al personaje de una historia cubana, <i>El derecho de nacer<\/i>, llamado Albertico Limonta, el cual estaba de moda gracias a una radionovela de la XEW.<\/p>\n<p>&nbsp;<\/p>\n<p><iframe loading=\"lazy\" title=\"YouTube video player\" src=\"https:\/\/www.youtube.com\/embed\/zwv4WZpAjGQ?si=UYGJFmZLgqXVdoln\" width=\"560\" height=\"315\" frameborder=\"0\" allowfullscreen=\"allowfullscreen\"><\/iframe><\/p>\n<p>Te pareces tato a mi.<\/p>\n<p><iframe loading=\"lazy\" title=\"YouTube video player\" src=\"https:\/\/www.youtube.com\/embed\/4IGrZHmD0-g?si=R6jswIcnTe_592dI\" width=\"560\" height=\"315\" frameborder=\"0\" allowfullscreen=\"allowfullscreen\"><\/iframe><\/p>\n<p>Para Juanga, quien desde muy peque\u00f1o encontr\u00f3 gusto por la m\u00fasica y la creaci\u00f3n opina que ser mexicano significa: \u201cSer un hombre honesto, trabajador y que saca adelante a su familia\u201d.<\/p>\n<p>\u00c9l mismo define su infancia entre &#8220;bonita y triste, parad\u00f3jicamente una mezcla extra\u00f1a de sentimientos, igual que sentimos todos los ni\u00f1os que nos criamos con muchas privaciones.<\/p>\n<p>&#8220;Mi madre ten\u00eda que trabajar de sirvienta y no pod\u00eda atenderme, por eso tuvo que internarme en la Escuela de Mejoramiento Social, en donde permanec\u00ed de los 5 a los 13 a\u00f1os&#8221;, recuerda de acuerdo con una biograf\u00eda citada en la p\u00e1gina de la <a href=\"https:\/\/www.sacm.org.mx\/\">Sociedad de Autores y Compositores de M\u00e9xico<\/a> (SACM).<\/p>\n<p>Costumbres<\/p>\n<p><iframe loading=\"lazy\" title=\"YouTube video player\" src=\"https:\/\/www.youtube.com\/embed\/SXM9w7KAm_A?si=QT00-D9EcE-_AyAY\" width=\"560\" height=\"315\" frameborder=\"0\" allowfullscreen=\"allowfullscreen\"><\/iframe><\/p>\n<p>&nbsp;<\/p>\n<p>Inocente pobre amigo<\/p>\n<p><iframe loading=\"lazy\" title=\"YouTube video player\" src=\"https:\/\/www.youtube.com\/embed\/3MHaPkK9kfE?si=QRXF1KKmSn2gnsRD\" width=\"560\" height=\"315\" frameborder=\"0\" allowfullscreen=\"allowfullscreen\"><\/iframe><\/p>\n<p>&nbsp;<\/p>\n<h2>Homenaje en concierto sinf\u00f3nico<\/h2>\n<p>El concierto sinf\u00f3nico homenaje se llev\u00f3 a cabo \u00a0en el <strong>Teatro \u00c1ngela Peralta<\/strong> y la m\u00fasica fue interpretada por los m\u00fasicos de la <strong>Filarm\u00f3nica de las Artes<\/strong>, cuyos instrumentos hicieron sonar los grandes temas de <strong>Juan Gabriel<\/strong>.<\/p>\n<p><i>S<\/i>e trat\u00f3 de un espect\u00e1culo con triple finalidad: la primera celebrar el retorno paulatino de las actividades culturales presenciales.<\/p>\n<p>La segunda, conmemorar el quinto aniversario luctuoso del c\u00e9lebre compositor. Y por \u00faltimo, el <strong>festejo del d\u00eda de la Independencia de M\u00e9xico<\/strong>\u00a0a 200 a\u00f1os de su consumaci\u00f3n.<\/p>\n<p>Los arreglos fueron del residente <strong>Emmanuel V\u00e1zquez<\/strong>, mientras que la producci\u00f3n\u00a0 de <strong>Diego Careaga y la <\/strong>banda r\u00edtmica est\u00e1 integrada por <strong>talentosas mexicanas<\/strong> que previamente participaron en conciertos similares, como el de <strong>Jos\u00e9 Jos\u00e9<\/strong> o <strong>Queen<\/strong>.<\/p>\n","protected":false},"excerpt":{"rendered":"<p>El 15 de septiembre es, sin duda, una fecha muy especial para los mexicanos\u00a0 y es por eso que te proponemos un concierto muy especial con la m\u00fasica de &#8220;El Divo de Ju\u00e1rez&#8221;. Te sugerimos algunas de sus canciones m\u00e1s mexicanas para celebrar la Independencia de M\u00e9xico. Definitivamente, existen decenas de canciones de Juan Gabriel que no pueden faltar en las fiestas patrias, es por eso que hoy te vamos proponer algunas con mariachi\u00a0que har\u00e1n que saques tu esp\u00edritu mexicano. Y es que, las canciones de Juan Gabriel no pueden faltar en ninguna fiesta mexicana, aqu\u00ed algunas de ellas: As\u00ed<\/p>\n","protected":false},"author":8,"featured_media":12428,"comment_status":"open","ping_status":"open","sticky":false,"template":"","format":"standard","meta":{"_jetpack_memberships_contains_paid_content":false,"footnotes":""},"categories":[1778],"tags":[1272,195,1322,1320,1321],"class_list":["post-7141","post","type-post","status-publish","format-standard","has-post-thumbnail","hentry","category-a-la-mexicana","tag-15-de-septiembre","tag-canciones","tag-filarmonica-de-las-artes","tag-juan-gabriel","tag-sinfonico"],"yoast_head":"<!-- This site is optimized with the Yoast SEO plugin v26.7 - https:\/\/yoast.com\/wordpress\/plugins\/seo\/ -->\n<title>10 Canciones de Juan Gabriel para festejar el 15 de septiembre - So Close<\/title>\n<meta name=\"description\" content=\"Te dejamos 5 temas de Juan Gabriel que seguramente escuchar\u00e1s en el concierto sinf\u00f3nico que se llevar\u00e1 a cabo en el\u00a0Teatro \u00c1ngela Peralta.\" \/>\n<meta name=\"robots\" content=\"index, follow, max-snippet:-1, max-image-preview:large, max-video-preview:-1\" \/>\n<link rel=\"canonical\" href=\"https:\/\/soclose.mx\/blog\/a-la-mexicana\/5-canciones-de-juan-gabriel-para-festejar-el-15-de-septiembre\/\" \/>\n<meta property=\"og:locale\" content=\"es_MX\" \/>\n<meta property=\"og:type\" content=\"article\" \/>\n<meta property=\"og:title\" content=\"10 Canciones de Juan Gabriel para festejar el 15 de septiembre - So Close\" \/>\n<meta property=\"og:description\" content=\"Te dejamos 5 temas de Juan Gabriel que seguramente escuchar\u00e1s en el concierto sinf\u00f3nico que se llevar\u00e1 a cabo en el\u00a0Teatro \u00c1ngela Peralta.\" \/>\n<meta property=\"og:url\" content=\"https:\/\/soclose.mx\/blog\/a-la-mexicana\/5-canciones-de-juan-gabriel-para-festejar-el-15-de-septiembre\/\" \/>\n<meta property=\"og:site_name\" content=\"So Close\" \/>\n<meta property=\"article:author\" content=\"www.facebook.com\/mikexever\/\" \/>\n<meta property=\"article:published_time\" content=\"2024-09-10T23:20:31+00:00\" \/>\n<meta property=\"article:modified_time\" content=\"2024-09-13T01:00:24+00:00\" \/>\n<meta property=\"og:image\" content=\"https:\/\/soclose.mx\/blog\/wp-content\/uploads\/2023\/09\/juan-gabriel.png\" \/>\n\t<meta property=\"og:image:width\" content=\"900\" \/>\n\t<meta property=\"og:image:height\" content=\"900\" \/>\n\t<meta property=\"og:image:type\" content=\"image\/png\" \/>\n<meta name=\"author\" content=\"Miguel Angel Romero\" \/>\n<meta name=\"twitter:card\" content=\"summary_large_image\" \/>\n<meta name=\"twitter:creator\" content=\"@Mikerecomienda\" \/>\n<meta name=\"twitter:label1\" content=\"Escrito por\" \/>\n\t<meta name=\"twitter:data1\" content=\"Miguel Angel Romero\" \/>\n\t<meta name=\"twitter:label2\" content=\"Tiempo de lectura\" \/>\n\t<meta name=\"twitter:data2\" content=\"3 minutos\" \/>\n<script type=\"application\/ld+json\" class=\"yoast-schema-graph\">{\"@context\":\"https:\/\/schema.org\",\"@graph\":[{\"@type\":\"Article\",\"@id\":\"https:\/\/soclose.mx\/blog\/a-la-mexicana\/5-canciones-de-juan-gabriel-para-festejar-el-15-de-septiembre\/#article\",\"isPartOf\":{\"@id\":\"https:\/\/soclose.mx\/blog\/a-la-mexicana\/5-canciones-de-juan-gabriel-para-festejar-el-15-de-septiembre\/\"},\"author\":{\"name\":\"Miguel Angel Romero\",\"@id\":\"https:\/\/soclose.mx\/blog\/#\/schema\/person\/cddec6ccd5d7037d286395fb411e23f1\"},\"headline\":\"10 Canciones de Juan Gabriel para festejar el 15 de septiembre\",\"datePublished\":\"2024-09-10T23:20:31+00:00\",\"dateModified\":\"2024-09-13T01:00:24+00:00\",\"mainEntityOfPage\":{\"@id\":\"https:\/\/soclose.mx\/blog\/a-la-mexicana\/5-canciones-de-juan-gabriel-para-festejar-el-15-de-septiembre\/\"},\"wordCount\":547,\"commentCount\":0,\"publisher\":{\"@id\":\"https:\/\/soclose.mx\/blog\/#organization\"},\"image\":{\"@id\":\"https:\/\/soclose.mx\/blog\/a-la-mexicana\/5-canciones-de-juan-gabriel-para-festejar-el-15-de-septiembre\/#primaryimage\"},\"thumbnailUrl\":\"https:\/\/i0.wp.com\/soclose.mx\/blog\/wp-content\/uploads\/2023\/09\/juan-gabriel.png?fit=900%2C900&ssl=1\",\"keywords\":[\"15 de septiembre\",\"canciones\",\"Filarm\u00f3nica de las Artes\",\"Juan Gabriel\",\"sinf\u00f3nico\"],\"articleSection\":[\"A la mexicana\"],\"inLanguage\":\"es\",\"potentialAction\":[{\"@type\":\"CommentAction\",\"name\":\"Comment\",\"target\":[\"https:\/\/soclose.mx\/blog\/a-la-mexicana\/5-canciones-de-juan-gabriel-para-festejar-el-15-de-septiembre\/#respond\"]}]},{\"@type\":\"WebPage\",\"@id\":\"https:\/\/soclose.mx\/blog\/a-la-mexicana\/5-canciones-de-juan-gabriel-para-festejar-el-15-de-septiembre\/\",\"url\":\"https:\/\/soclose.mx\/blog\/a-la-mexicana\/5-canciones-de-juan-gabriel-para-festejar-el-15-de-septiembre\/\",\"name\":\"10 Canciones de Juan Gabriel para festejar el 15 de septiembre - So Close\",\"isPartOf\":{\"@id\":\"https:\/\/soclose.mx\/blog\/#website\"},\"primaryImageOfPage\":{\"@id\":\"https:\/\/soclose.mx\/blog\/a-la-mexicana\/5-canciones-de-juan-gabriel-para-festejar-el-15-de-septiembre\/#primaryimage\"},\"image\":{\"@id\":\"https:\/\/soclose.mx\/blog\/a-la-mexicana\/5-canciones-de-juan-gabriel-para-festejar-el-15-de-septiembre\/#primaryimage\"},\"thumbnailUrl\":\"https:\/\/i0.wp.com\/soclose.mx\/blog\/wp-content\/uploads\/2023\/09\/juan-gabriel.png?fit=900%2C900&ssl=1\",\"datePublished\":\"2024-09-10T23:20:31+00:00\",\"dateModified\":\"2024-09-13T01:00:24+00:00\",\"description\":\"Te dejamos 5 temas de Juan Gabriel que seguramente escuchar\u00e1s en el concierto sinf\u00f3nico que se llevar\u00e1 a cabo en el\u00a0Teatro \u00c1ngela Peralta.\",\"breadcrumb\":{\"@id\":\"https:\/\/soclose.mx\/blog\/a-la-mexicana\/5-canciones-de-juan-gabriel-para-festejar-el-15-de-septiembre\/#breadcrumb\"},\"inLanguage\":\"es\",\"potentialAction\":[{\"@type\":\"ReadAction\",\"target\":[\"https:\/\/soclose.mx\/blog\/a-la-mexicana\/5-canciones-de-juan-gabriel-para-festejar-el-15-de-septiembre\/\"]}]},{\"@type\":\"ImageObject\",\"inLanguage\":\"es\",\"@id\":\"https:\/\/soclose.mx\/blog\/a-la-mexicana\/5-canciones-de-juan-gabriel-para-festejar-el-15-de-septiembre\/#primaryimage\",\"url\":\"https:\/\/i0.wp.com\/soclose.mx\/blog\/wp-content\/uploads\/2023\/09\/juan-gabriel.png?fit=900%2C900&ssl=1\",\"contentUrl\":\"https:\/\/i0.wp.com\/soclose.mx\/blog\/wp-content\/uploads\/2023\/09\/juan-gabriel.png?fit=900%2C900&ssl=1\",\"width\":900,\"height\":900,\"caption\":\"Juan Gabriel en concierto\"},{\"@type\":\"BreadcrumbList\",\"@id\":\"https:\/\/soclose.mx\/blog\/a-la-mexicana\/5-canciones-de-juan-gabriel-para-festejar-el-15-de-septiembre\/#breadcrumb\",\"itemListElement\":[{\"@type\":\"ListItem\",\"position\":1,\"name\":\"Inicio\",\"item\":\"https:\/\/soclose.mx\/blog\/\"},{\"@type\":\"ListItem\",\"position\":2,\"name\":\"10 Canciones de Juan Gabriel para festejar el 15 de septiembre\"}]},{\"@type\":\"WebSite\",\"@id\":\"https:\/\/soclose.mx\/blog\/#website\",\"url\":\"https:\/\/soclose.mx\/blog\/\",\"name\":\"So Close\",\"description\":\"Hacemos contenidos de M\u00e9xico\",\"publisher\":{\"@id\":\"https:\/\/soclose.mx\/blog\/#organization\"},\"potentialAction\":[{\"@type\":\"SearchAction\",\"target\":{\"@type\":\"EntryPoint\",\"urlTemplate\":\"https:\/\/soclose.mx\/blog\/?s={search_term_string}\"},\"query-input\":{\"@type\":\"PropertyValueSpecification\",\"valueRequired\":true,\"valueName\":\"search_term_string\"}}],\"inLanguage\":\"es\"},{\"@type\":\"Organization\",\"@id\":\"https:\/\/soclose.mx\/blog\/#organization\",\"name\":\"So Close\",\"url\":\"https:\/\/soclose.mx\/blog\/\",\"logo\":{\"@type\":\"ImageObject\",\"inLanguage\":\"es\",\"@id\":\"https:\/\/soclose.mx\/blog\/#\/schema\/logo\/image\/\",\"url\":\"https:\/\/i0.wp.com\/soclose.mx\/blog\/wp-content\/uploads\/2020\/12\/LOGO_SOCLOSE_COLOR-e1608310133507.png?fit=2858%2C1264&ssl=1\",\"contentUrl\":\"https:\/\/i0.wp.com\/soclose.mx\/blog\/wp-content\/uploads\/2020\/12\/LOGO_SOCLOSE_COLOR-e1608310133507.png?fit=2858%2C1264&ssl=1\",\"width\":2858,\"height\":1264,\"caption\":\"So Close\"},\"image\":{\"@id\":\"https:\/\/soclose.mx\/blog\/#\/schema\/logo\/image\/\"}},{\"@type\":\"Person\",\"@id\":\"https:\/\/soclose.mx\/blog\/#\/schema\/person\/cddec6ccd5d7037d286395fb411e23f1\",\"name\":\"Miguel Angel Romero\",\"image\":{\"@type\":\"ImageObject\",\"inLanguage\":\"es\",\"@id\":\"https:\/\/soclose.mx\/blog\/#\/schema\/person\/image\/\",\"url\":\"https:\/\/secure.gravatar.com\/avatar\/45b44006b4f93497bb24d251f77bc39385015bfa120582412df580dbfcbb14f3?s=96&d=mm&r=g\",\"contentUrl\":\"https:\/\/secure.gravatar.com\/avatar\/45b44006b4f93497bb24d251f77bc39385015bfa120582412df580dbfcbb14f3?s=96&d=mm&r=g\",\"caption\":\"Miguel Angel Romero\"},\"sameAs\":[\"http:\/\/\/mikexever.blogspot.com\/\",\"www.facebook.com\/mikexever\/\",\"https:\/\/x.com\/Mikerecomienda\"],\"url\":\"https:\/\/soclose.mx\/blog\/author\/mike\/\"}]}<\/script>\n<!-- \/ Yoast SEO plugin. -->","yoast_head_json":{"title":"10 Canciones de Juan Gabriel para festejar el 15 de septiembre - So Close","description":"Te dejamos 5 temas de Juan Gabriel que seguramente escuchar\u00e1s en el concierto sinf\u00f3nico que se llevar\u00e1 a cabo en el\u00a0Teatro \u00c1ngela Peralta.","robots":{"index":"index","follow":"follow","max-snippet":"max-snippet:-1","max-image-preview":"max-image-preview:large","max-video-preview":"max-video-preview:-1"},"canonical":"https:\/\/soclose.mx\/blog\/a-la-mexicana\/5-canciones-de-juan-gabriel-para-festejar-el-15-de-septiembre\/","og_locale":"es_MX","og_type":"article","og_title":"10 Canciones de Juan Gabriel para festejar el 15 de septiembre - So Close","og_description":"Te dejamos 5 temas de Juan Gabriel que seguramente escuchar\u00e1s en el concierto sinf\u00f3nico que se llevar\u00e1 a cabo en el\u00a0Teatro \u00c1ngela Peralta.","og_url":"https:\/\/soclose.mx\/blog\/a-la-mexicana\/5-canciones-de-juan-gabriel-para-festejar-el-15-de-septiembre\/","og_site_name":"So Close","article_author":"www.facebook.com\/mikexever\/","article_published_time":"2024-09-10T23:20:31+00:00","article_modified_time":"2024-09-13T01:00:24+00:00","og_image":[{"width":900,"height":900,"url":"https:\/\/soclose.mx\/blog\/wp-content\/uploads\/2023\/09\/juan-gabriel.png","type":"image\/png"}],"author":"Miguel Angel Romero","twitter_card":"summary_large_image","twitter_creator":"@Mikerecomienda","twitter_misc":{"Escrito por":"Miguel Angel Romero","Tiempo de lectura":"3 minutos"},"schema":{"@context":"https:\/\/schema.org","@graph":[{"@type":"Article","@id":"https:\/\/soclose.mx\/blog\/a-la-mexicana\/5-canciones-de-juan-gabriel-para-festejar-el-15-de-septiembre\/#article","isPartOf":{"@id":"https:\/\/soclose.mx\/blog\/a-la-mexicana\/5-canciones-de-juan-gabriel-para-festejar-el-15-de-septiembre\/"},"author":{"name":"Miguel Angel Romero","@id":"https:\/\/soclose.mx\/blog\/#\/schema\/person\/cddec6ccd5d7037d286395fb411e23f1"},"headline":"10 Canciones de Juan Gabriel para festejar el 15 de septiembre","datePublished":"2024-09-10T23:20:31+00:00","dateModified":"2024-09-13T01:00:24+00:00","mainEntityOfPage":{"@id":"https:\/\/soclose.mx\/blog\/a-la-mexicana\/5-canciones-de-juan-gabriel-para-festejar-el-15-de-septiembre\/"},"wordCount":547,"commentCount":0,"publisher":{"@id":"https:\/\/soclose.mx\/blog\/#organization"},"image":{"@id":"https:\/\/soclose.mx\/blog\/a-la-mexicana\/5-canciones-de-juan-gabriel-para-festejar-el-15-de-septiembre\/#primaryimage"},"thumbnailUrl":"https:\/\/i0.wp.com\/soclose.mx\/blog\/wp-content\/uploads\/2023\/09\/juan-gabriel.png?fit=900%2C900&ssl=1","keywords":["15 de septiembre","canciones","Filarm\u00f3nica de las Artes","Juan Gabriel","sinf\u00f3nico"],"articleSection":["A la mexicana"],"inLanguage":"es","potentialAction":[{"@type":"CommentAction","name":"Comment","target":["https:\/\/soclose.mx\/blog\/a-la-mexicana\/5-canciones-de-juan-gabriel-para-festejar-el-15-de-septiembre\/#respond"]}]},{"@type":"WebPage","@id":"https:\/\/soclose.mx\/blog\/a-la-mexicana\/5-canciones-de-juan-gabriel-para-festejar-el-15-de-septiembre\/","url":"https:\/\/soclose.mx\/blog\/a-la-mexicana\/5-canciones-de-juan-gabriel-para-festejar-el-15-de-septiembre\/","name":"10 Canciones de Juan Gabriel para festejar el 15 de septiembre - So Close","isPartOf":{"@id":"https:\/\/soclose.mx\/blog\/#website"},"primaryImageOfPage":{"@id":"https:\/\/soclose.mx\/blog\/a-la-mexicana\/5-canciones-de-juan-gabriel-para-festejar-el-15-de-septiembre\/#primaryimage"},"image":{"@id":"https:\/\/soclose.mx\/blog\/a-la-mexicana\/5-canciones-de-juan-gabriel-para-festejar-el-15-de-septiembre\/#primaryimage"},"thumbnailUrl":"https:\/\/i0.wp.com\/soclose.mx\/blog\/wp-content\/uploads\/2023\/09\/juan-gabriel.png?fit=900%2C900&ssl=1","datePublished":"2024-09-10T23:20:31+00:00","dateModified":"2024-09-13T01:00:24+00:00","description":"Te dejamos 5 temas de Juan Gabriel que seguramente escuchar\u00e1s en el concierto sinf\u00f3nico que se llevar\u00e1 a cabo en el\u00a0Teatro \u00c1ngela Peralta.","breadcrumb":{"@id":"https:\/\/soclose.mx\/blog\/a-la-mexicana\/5-canciones-de-juan-gabriel-para-festejar-el-15-de-septiembre\/#breadcrumb"},"inLanguage":"es","potentialAction":[{"@type":"ReadAction","target":["https:\/\/soclose.mx\/blog\/a-la-mexicana\/5-canciones-de-juan-gabriel-para-festejar-el-15-de-septiembre\/"]}]},{"@type":"ImageObject","inLanguage":"es","@id":"https:\/\/soclose.mx\/blog\/a-la-mexicana\/5-canciones-de-juan-gabriel-para-festejar-el-15-de-septiembre\/#primaryimage","url":"https:\/\/i0.wp.com\/soclose.mx\/blog\/wp-content\/uploads\/2023\/09\/juan-gabriel.png?fit=900%2C900&ssl=1","contentUrl":"https:\/\/i0.wp.com\/soclose.mx\/blog\/wp-content\/uploads\/2023\/09\/juan-gabriel.png?fit=900%2C900&ssl=1","width":900,"height":900,"caption":"Juan Gabriel en concierto"},{"@type":"BreadcrumbList","@id":"https:\/\/soclose.mx\/blog\/a-la-mexicana\/5-canciones-de-juan-gabriel-para-festejar-el-15-de-septiembre\/#breadcrumb","itemListElement":[{"@type":"ListItem","position":1,"name":"Inicio","item":"https:\/\/soclose.mx\/blog\/"},{"@type":"ListItem","position":2,"name":"10 Canciones de Juan Gabriel para festejar el 15 de septiembre"}]},{"@type":"WebSite","@id":"https:\/\/soclose.mx\/blog\/#website","url":"https:\/\/soclose.mx\/blog\/","name":"So Close","description":"Hacemos contenidos de M\u00e9xico","publisher":{"@id":"https:\/\/soclose.mx\/blog\/#organization"},"potentialAction":[{"@type":"SearchAction","target":{"@type":"EntryPoint","urlTemplate":"https:\/\/soclose.mx\/blog\/?s={search_term_string}"},"query-input":{"@type":"PropertyValueSpecification","valueRequired":true,"valueName":"search_term_string"}}],"inLanguage":"es"},{"@type":"Organization","@id":"https:\/\/soclose.mx\/blog\/#organization","name":"So Close","url":"https:\/\/soclose.mx\/blog\/","logo":{"@type":"ImageObject","inLanguage":"es","@id":"https:\/\/soclose.mx\/blog\/#\/schema\/logo\/image\/","url":"https:\/\/i0.wp.com\/soclose.mx\/blog\/wp-content\/uploads\/2020\/12\/LOGO_SOCLOSE_COLOR-e1608310133507.png?fit=2858%2C1264&ssl=1","contentUrl":"https:\/\/i0.wp.com\/soclose.mx\/blog\/wp-content\/uploads\/2020\/12\/LOGO_SOCLOSE_COLOR-e1608310133507.png?fit=2858%2C1264&ssl=1","width":2858,"height":1264,"caption":"So Close"},"image":{"@id":"https:\/\/soclose.mx\/blog\/#\/schema\/logo\/image\/"}},{"@type":"Person","@id":"https:\/\/soclose.mx\/blog\/#\/schema\/person\/cddec6ccd5d7037d286395fb411e23f1","name":"Miguel Angel Romero","image":{"@type":"ImageObject","inLanguage":"es","@id":"https:\/\/soclose.mx\/blog\/#\/schema\/person\/image\/","url":"https:\/\/secure.gravatar.com\/avatar\/45b44006b4f93497bb24d251f77bc39385015bfa120582412df580dbfcbb14f3?s=96&d=mm&r=g","contentUrl":"https:\/\/secure.gravatar.com\/avatar\/45b44006b4f93497bb24d251f77bc39385015bfa120582412df580dbfcbb14f3?s=96&d=mm&r=g","caption":"Miguel Angel Romero"},"sameAs":["http:\/\/\/mikexever.blogspot.com\/","www.facebook.com\/mikexever\/","https:\/\/x.com\/Mikerecomienda"],"url":"https:\/\/soclose.mx\/blog\/author\/mike\/"}]}},"jetpack_featured_media_url":"https:\/\/i0.wp.com\/soclose.mx\/blog\/wp-content\/uploads\/2023\/09\/juan-gabriel.png?fit=900%2C900&ssl=1","jetpack-related-posts":[{"id":13948,"url":"https:\/\/soclose.mx\/blog\/a-la-mexicana\/datos-insolitos-de-la-vida-y-obra-de-juan-gabriel-el-divo-de-juarez\/","url_meta":{"origin":7141,"position":0},"title":"Datos Ins\u00f3litos de Juan Gabriel, Vida y Obra de &#8220;El Divo de Ju\u00e1rez&#8221;","author":"So Close","date":"23 agosto, 2024","format":false,"excerpt":"Juan Gabriel, cuyo nombre real era Alberto Aguilera Valadez, fue uno de los cantantes y compositores m\u00e1s exitosos y queridos de M\u00e9xico. Con una carrera que abarc\u00f3 m\u00e1s de cuatro d\u00e9cadas, dej\u00f3 un legado musical inigualable que sigue resonando en el coraz\u00f3n de sus fan\u00e1ticos. A continuaci\u00f3n, te presentamos datos\u2026","rel":"","context":"En &quot;A la mexicana&quot;","block_context":{"text":"A la mexicana","link":"https:\/\/soclose.mx\/blog\/category\/a-la-mexicana\/"},"img":{"alt_text":"Juan Gabriel","src":"https:\/\/i0.wp.com\/soclose.mx\/blog\/wp-content\/uploads\/2024\/08\/juan-gabriel-el-divo-de-juarez.jpg?fit=1118%2C936&ssl=1&resize=350%2C200","width":350,"height":200,"srcset":"https:\/\/i0.wp.com\/soclose.mx\/blog\/wp-content\/uploads\/2024\/08\/juan-gabriel-el-divo-de-juarez.jpg?fit=1118%2C936&ssl=1&resize=350%2C200 1x, https:\/\/i0.wp.com\/soclose.mx\/blog\/wp-content\/uploads\/2024\/08\/juan-gabriel-el-divo-de-juarez.jpg?fit=1118%2C936&ssl=1&resize=525%2C300 1.5x, https:\/\/i0.wp.com\/soclose.mx\/blog\/wp-content\/uploads\/2024\/08\/juan-gabriel-el-divo-de-juarez.jpg?fit=1118%2C936&ssl=1&resize=700%2C400 2x, https:\/\/i0.wp.com\/soclose.mx\/blog\/wp-content\/uploads\/2024\/08\/juan-gabriel-el-divo-de-juarez.jpg?fit=1118%2C936&ssl=1&resize=1050%2C600 3x"},"classes":[]},{"id":14704,"url":"https:\/\/soclose.mx\/blog\/a-la-mexicana\/frases-y-canciones-inolvidables-de-paquita-la-del-barrio\/","url_meta":{"origin":7141,"position":1},"title":"Frases y canciones inolvidables de Paquita la del Barrio","author":"So Close","date":"17 febrero, 2025","format":false,"excerpt":"Francisca Viveros Barradas fue una figura ic\u00f3nica de la m\u00fasica ranchera mexicana, cuyas frases y canciones inolvidables de Paquita la del Barrio, como se le conoc\u00eda popularmente, la convirtieron en un s\u00edmbolo de empoderamiento femenino. Nacida el 2 de abril de 1947 en Alto Lucero, Veracruz, Paquita dej\u00f3 un legado\u2026","rel":"","context":"En &quot;A la mexicana&quot;","block_context":{"text":"A la mexicana","link":"https:\/\/soclose.mx\/blog\/category\/a-la-mexicana\/"},"img":{"alt_text":"Paquita la del Barrio y Juan Gabriel","src":"https:\/\/i0.wp.com\/soclose.mx\/blog\/wp-content\/uploads\/2025\/02\/Paquita-la-del-Barrio-y-Juan-Gabriel.jpg?fit=1200%2C675&ssl=1&resize=350%2C200","width":350,"height":200,"srcset":"https:\/\/i0.wp.com\/soclose.mx\/blog\/wp-content\/uploads\/2025\/02\/Paquita-la-del-Barrio-y-Juan-Gabriel.jpg?fit=1200%2C675&ssl=1&resize=350%2C200 1x, https:\/\/i0.wp.com\/soclose.mx\/blog\/wp-content\/uploads\/2025\/02\/Paquita-la-del-Barrio-y-Juan-Gabriel.jpg?fit=1200%2C675&ssl=1&resize=525%2C300 1.5x, https:\/\/i0.wp.com\/soclose.mx\/blog\/wp-content\/uploads\/2025\/02\/Paquita-la-del-Barrio-y-Juan-Gabriel.jpg?fit=1200%2C675&ssl=1&resize=700%2C400 2x, https:\/\/i0.wp.com\/soclose.mx\/blog\/wp-content\/uploads\/2025\/02\/Paquita-la-del-Barrio-y-Juan-Gabriel.jpg?fit=1200%2C675&ssl=1&resize=1050%2C600 3x"},"classes":[]},{"id":13977,"url":"https:\/\/soclose.mx\/blog\/a-la-mexicana\/viva-mexico-miscelanea-de-bebidas-para-celebrar-el-15-de-septiembre\/","url_meta":{"origin":7141,"position":2},"title":"\u00a1Viva M\u00e9xico! Miscelanea de bebidas para celebrar el 15 de septiembre","author":"So Close","date":"12 septiembre, 2024","format":false,"excerpt":"El d\u00eda de la independencia de M\u00e9xico es una fecha muy especial para los mexicanos, llena de color, m\u00fasica y sabor. Y qu\u00e9 mejor manera de celebrar que armar la lista de bebidas para celebrar el 15 de septiembre. En este art\u00edculo, te presentaremos algunas de las opciones m\u00e1s populares\u2026","rel":"","context":"En &quot;A la mexicana&quot;","block_context":{"text":"A la mexicana","link":"https:\/\/soclose.mx\/blog\/category\/a-la-mexicana\/"},"img":{"alt_text":"Tequila y cerveza","src":"https:\/\/i0.wp.com\/soclose.mx\/blog\/wp-content\/uploads\/2024\/09\/tequila-y-cerveza.jpg?fit=768%2C479&ssl=1&resize=350%2C200","width":350,"height":200,"srcset":"https:\/\/i0.wp.com\/soclose.mx\/blog\/wp-content\/uploads\/2024\/09\/tequila-y-cerveza.jpg?fit=768%2C479&ssl=1&resize=350%2C200 1x, https:\/\/i0.wp.com\/soclose.mx\/blog\/wp-content\/uploads\/2024\/09\/tequila-y-cerveza.jpg?fit=768%2C479&ssl=1&resize=525%2C300 1.5x, https:\/\/i0.wp.com\/soclose.mx\/blog\/wp-content\/uploads\/2024\/09\/tequila-y-cerveza.jpg?fit=768%2C479&ssl=1&resize=700%2C400 2x"},"classes":[]},{"id":8966,"url":"https:\/\/soclose.mx\/blog\/ay-goeeee\/donovan-carrillo-la-desafiante-historia-del-patinador-artistico-mexicano\/","url_meta":{"origin":7141,"position":3},"title":"Donovan Carrillo, la desafiante historia del patinador art\u00edstico mexicano","author":"Miguel Angel Romero","date":"14 febrero, 2022","format":false,"excerpt":"Ya muchos hemos escuchado el nombre de Donovan Carrillo, y no es para menos, \u00a0su habilidad y estilo\u00a0 lo han destacado a nivel nacional, con rutinas en las que incluye temas de la cultura popular mexicana, como m\u00fasica de Juan Gabriel, piezas de danz\u00f3n o mariachi. El joven que ya\u2026","rel":"","context":"En &quot;\u00a1Ay goeeee!&quot;","block_context":{"text":"\u00a1Ay goeeee!","link":"https:\/\/soclose.mx\/blog\/category\/ay-goeeee\/"},"img":{"alt_text":"","src":"https:\/\/i0.wp.com\/soclose.mx\/blog\/wp-content\/uploads\/2022\/02\/Copia-de-Principal-So-Close-blog-2-2.png?fit=1200%2C677&ssl=1&resize=350%2C200","width":350,"height":200,"srcset":"https:\/\/i0.wp.com\/soclose.mx\/blog\/wp-content\/uploads\/2022\/02\/Copia-de-Principal-So-Close-blog-2-2.png?fit=1200%2C677&ssl=1&resize=350%2C200 1x, https:\/\/i0.wp.com\/soclose.mx\/blog\/wp-content\/uploads\/2022\/02\/Copia-de-Principal-So-Close-blog-2-2.png?fit=1200%2C677&ssl=1&resize=525%2C300 1.5x, https:\/\/i0.wp.com\/soclose.mx\/blog\/wp-content\/uploads\/2022\/02\/Copia-de-Principal-So-Close-blog-2-2.png?fit=1200%2C677&ssl=1&resize=700%2C400 2x, https:\/\/i0.wp.com\/soclose.mx\/blog\/wp-content\/uploads\/2022\/02\/Copia-de-Principal-So-Close-blog-2-2.png?fit=1200%2C677&ssl=1&resize=1050%2C600 3x"},"classes":[]},{"id":14013,"url":"https:\/\/soclose.mx\/blog\/a-la-mexicana\/lugares-en-el-mundo-donde-se-festeja-la-independencia-de-mexico\/","url_meta":{"origin":7141,"position":4},"title":"Lugares en el mundo donde se festeja La Independencia de M\u00e9xico","author":"So Close","date":"12 septiembre, 2024","format":false,"excerpt":"El 15 de septiembre es una fecha muy significativa para los mexicanos, ya que marca el inicio de las celebraciones por la Independencia de M\u00e9xico. Esta festividad no solo se vive en el pa\u00eds, sino que tambi\u00e9n se celebra en diversas comunidades alrededor del mundo. A continuaci\u00f3n, exploramos algunos de\u2026","rel":"","context":"En &quot;A la mexicana&quot;","block_context":{"text":"A la mexicana","link":"https:\/\/soclose.mx\/blog\/category\/a-la-mexicana\/"},"img":{"alt_text":"zocalo-cdmx","src":"https:\/\/i0.wp.com\/soclose.mx\/blog\/wp-content\/uploads\/2024\/09\/zocalo-cdmx.jpg?fit=1200%2C675&ssl=1&resize=350%2C200","width":350,"height":200,"srcset":"https:\/\/i0.wp.com\/soclose.mx\/blog\/wp-content\/uploads\/2024\/09\/zocalo-cdmx.jpg?fit=1200%2C675&ssl=1&resize=350%2C200 1x, https:\/\/i0.wp.com\/soclose.mx\/blog\/wp-content\/uploads\/2024\/09\/zocalo-cdmx.jpg?fit=1200%2C675&ssl=1&resize=525%2C300 1.5x, https:\/\/i0.wp.com\/soclose.mx\/blog\/wp-content\/uploads\/2024\/09\/zocalo-cdmx.jpg?fit=1200%2C675&ssl=1&resize=700%2C400 2x, https:\/\/i0.wp.com\/soclose.mx\/blog\/wp-content\/uploads\/2024\/09\/zocalo-cdmx.jpg?fit=1200%2C675&ssl=1&resize=1050%2C600 3x"},"classes":[]},{"id":8541,"url":"https:\/\/soclose.mx\/blog\/ay-goeeee\/7-canciones-mas-representativas-del-mariachi\/","url_meta":{"origin":7141,"position":5},"title":"7 canciones para disfrutar con mariachi","author":"Miguel Angel Romero","date":"20 enero, 2022","format":false,"excerpt":"M\u00e9xico es un pa\u00eds con una riqueza musical envidiable, y el mariachi tiene un lugar privilegiado tanto por los connacionales, como por los extranjeros, de hecho estos con s\u00f3lo o\u00edr alg\u00fan tema vern\u00e1culo su mente se traslada a nuestro pa\u00eds . Y para celebrar este tipo de m\u00fasica, enlistamos 7\u2026","rel":"","context":"En &quot;\u00a1Ay goeeee!&quot;","block_context":{"text":"\u00a1Ay goeeee!","link":"https:\/\/soclose.mx\/blog\/category\/ay-goeeee\/"},"img":{"alt_text":"","src":"https:\/\/i0.wp.com\/soclose.mx\/blog\/wp-content\/uploads\/2022\/01\/Copia-de-Principal-So-Close-blog-18.png?fit=1200%2C677&ssl=1&resize=350%2C200","width":350,"height":200,"srcset":"https:\/\/i0.wp.com\/soclose.mx\/blog\/wp-content\/uploads\/2022\/01\/Copia-de-Principal-So-Close-blog-18.png?fit=1200%2C677&ssl=1&resize=350%2C200 1x, https:\/\/i0.wp.com\/soclose.mx\/blog\/wp-content\/uploads\/2022\/01\/Copia-de-Principal-So-Close-blog-18.png?fit=1200%2C677&ssl=1&resize=525%2C300 1.5x, https:\/\/i0.wp.com\/soclose.mx\/blog\/wp-content\/uploads\/2022\/01\/Copia-de-Principal-So-Close-blog-18.png?fit=1200%2C677&ssl=1&resize=700%2C400 2x, https:\/\/i0.wp.com\/soclose.mx\/blog\/wp-content\/uploads\/2022\/01\/Copia-de-Principal-So-Close-blog-18.png?fit=1200%2C677&ssl=1&resize=1050%2C600 3x"},"classes":[]}],"jetpack_sharing_enabled":true,"_links":{"self":[{"href":"https:\/\/soclose.mx\/blog\/wp-json\/wp\/v2\/posts\/7141","targetHints":{"allow":["GET"]}}],"collection":[{"href":"https:\/\/soclose.mx\/blog\/wp-json\/wp\/v2\/posts"}],"about":[{"href":"https:\/\/soclose.mx\/blog\/wp-json\/wp\/v2\/types\/post"}],"author":[{"embeddable":true,"href":"https:\/\/soclose.mx\/blog\/wp-json\/wp\/v2\/users\/8"}],"replies":[{"embeddable":true,"href":"https:\/\/soclose.mx\/blog\/wp-json\/wp\/v2\/comments?post=7141"}],"version-history":[{"count":1,"href":"https:\/\/soclose.mx\/blog\/wp-json\/wp\/v2\/posts\/7141\/revisions"}],"predecessor-version":[{"id":14012,"href":"https:\/\/soclose.mx\/blog\/wp-json\/wp\/v2\/posts\/7141\/revisions\/14012"}],"wp:featuredmedia":[{"embeddable":true,"href":"https:\/\/soclose.mx\/blog\/wp-json\/wp\/v2\/media\/12428"}],"wp:attachment":[{"href":"https:\/\/soclose.mx\/blog\/wp-json\/wp\/v2\/media?parent=7141"}],"wp:term":[{"taxonomy":"category","embeddable":true,"href":"https:\/\/soclose.mx\/blog\/wp-json\/wp\/v2\/categories?post=7141"},{"taxonomy":"post_tag","embeddable":true,"href":"https:\/\/soclose.mx\/blog\/wp-json\/wp\/v2\/tags?post=7141"}],"curies":[{"name":"wp","href":"https:\/\/api.w.org\/{rel}","templated":true}]}}