{"id":7236,"date":"2021-09-17T10:41:37","date_gmt":"2021-09-17T15:41:37","guid":{"rendered":"https:\/\/soclose.mx\/blog\/?p=7236"},"modified":"2021-09-13T00:05:49","modified_gmt":"2021-09-13T05:05:49","slug":"puebla-esta-en-el-aire-primer-festival-del-globo-en-atlixco","status":"publish","type":"post","link":"https:\/\/soclose.mx\/blog\/news-feed\/puebla-esta-en-el-aire-primer-festival-del-globo-en-atlixco\/","title":{"rendered":"\u00a1Puebla est\u00e1 en el aire!: Primer Festival del Globo en Atlixco"},"content":{"rendered":"<p>Se alista el primer<b>\u00a0Festival del Globo<\/b>\u00a0<b>\u201cPuebla est\u00e1 en el aire\u201d en\u00a0Atlixco, <a href=\"https:\/\/soclose.mx\/blog\/es_mx\/puebla-y-sus-10-pueblos-magicos-uno-de-los-estados-mas-visitados-de-mexico\/\" target=\"_blank\" rel=\"noopener\">Puebla<\/a>, <\/b>donde el\u00a02 y 3 de octubre en el <b>Parque Xtremo<\/b>, podr\u00e1s disfrutar decenas de\u00a0<strong>globos aerost\u00e1ticos<\/strong> en pleno vuelo.<\/p>\n<p>Se presentar\u00e1n 25\u00a0 en los cuales se planean ofrecer experiencias como: \u201c<b>El vuelo del alba<\/b>\u201d, un recorrido d\u00f3nde se podr\u00e1n ver los cielos poblanos al amanecer o \u201c<b>Crep\u00fasculo A\u00e9reo<\/b>\u201d, una experiencia donde ver el atardecer con los volcanes<b> Popocat\u00e9petl e Iztaccihuatl\u00a0<\/b>como escenario.<\/p>\n<p>En esta primera edici\u00f3n, podr\u00e1s gozar diferentes atractivos culturales, gastron\u00f3micos y musicales.<\/p>\n<p>Se contar\u00e1 con el<b>\u00a0pabell\u00f3n gastron\u00f3mico tradicional<\/b>, donde acudir\u00e1n restaurantes reconocidos y tambi\u00e9n se otorgue la oportunidad a cocineras locales y celebridades poblanas del ramo gastron\u00f3mico.<\/p>\n<p>El pabell\u00f3n de<b> pueblos m\u00e1gicos<\/b> presentar\u00e1 la oferta tur\u00edstica que el estado tiene en sus 9 pueblos m\u00e1gicos para todos los visitantes al festival.<\/p>\n<p>Adem\u00e1s, la m\u00fasica corre a cargo de <em>Dj&#8217;s<\/em> mexicanos reconocidos internacionalmente como:\u00a0<b>BSNO, C\u00e9sar Salas, Dj Frido Mart\u00ednez, Luigy Dj o DJ Galaxy.<\/b><\/p>\n<p>Cabe mencionar que se invitar\u00e1 a los asistentes a donar al ingresar al festival 1 kilo de arroz, frijol, haba, lenteja o az\u00facar. Esta donaci\u00f3n ir\u00e1 al <strong>Sistema DIF Estatal<\/strong>.<\/p>\n<p>&nbsp;<\/p>\n<p><em>Por: Miguel Angel Romero<\/em><\/p>\n","protected":false},"excerpt":{"rendered":"<p>Se alista el primer\u00a0Festival del Globo\u00a0\u201cPuebla est\u00e1 en el aire\u201d en\u00a0Atlixco, Puebla, donde el\u00a02 y 3 de octubre en el Parque Xtremo, podr\u00e1s disfrutar decenas de\u00a0globos aerost\u00e1ticos en pleno vuelo. Se presentar\u00e1n 25\u00a0 en los cuales se planean ofrecer experiencias como: \u201cEl vuelo del alba\u201d, un recorrido d\u00f3nde se podr\u00e1n ver los cielos poblanos al amanecer o \u201cCrep\u00fasculo A\u00e9reo\u201d, una experiencia donde ver el atardecer con los volcanes Popocat\u00e9petl e Iztaccihuatl\u00a0como escenario. En esta primera edici\u00f3n, podr\u00e1s gozar diferentes atractivos culturales, gastron\u00f3micos y musicales. Se contar\u00e1 con el\u00a0pabell\u00f3n gastron\u00f3mico tradicional, donde acudir\u00e1n restaurantes reconocidos y tambi\u00e9n se otorgue la oportunidad<\/p>\n","protected":false},"author":8,"featured_media":7237,"comment_status":"open","ping_status":"open","sticky":false,"template":"","format":"standard","meta":{"_jetpack_memberships_contains_paid_content":false,"footnotes":""},"categories":[628],"tags":[577,179,1349,1350,312],"class_list":["post-7236","post","type-post","status-publish","format-standard","has-post-thumbnail","hentry","category-news-feed","tag-atlixco","tag-festival-de-globo","tag-globo","tag-globo-aeroestatico","tag-puebla"],"yoast_head":"<!-- This site is optimized with the Yoast SEO plugin v26.7 - https:\/\/yoast.com\/wordpress\/plugins\/seo\/ -->\n<title>\u00a1Puebla est\u00e1 en el aire!: Primer Festival del Globo en Atlixco - So Close<\/title>\n<meta name=\"description\" content=\"En el Festival del Globo\u00a0\u201cPuebla est\u00e1 en el aire\u201d podr\u00e1s disfrutar decenas de\u00a0globos aerost\u00e1ticos en pleno vuelo.\" \/>\n<meta name=\"robots\" content=\"index, follow, max-snippet:-1, max-image-preview:large, max-video-preview:-1\" \/>\n<link rel=\"canonical\" href=\"https:\/\/soclose.mx\/blog\/news-feed\/puebla-esta-en-el-aire-primer-festival-del-globo-en-atlixco\/\" \/>\n<meta property=\"og:locale\" content=\"es_MX\" \/>\n<meta property=\"og:type\" content=\"article\" \/>\n<meta property=\"og:title\" content=\"\u00a1Puebla est\u00e1 en el aire!: Primer Festival del Globo en Atlixco - So Close\" \/>\n<meta property=\"og:description\" content=\"En el Festival del Globo\u00a0\u201cPuebla est\u00e1 en el aire\u201d podr\u00e1s disfrutar decenas de\u00a0globos aerost\u00e1ticos en pleno vuelo.\" \/>\n<meta property=\"og:url\" content=\"https:\/\/soclose.mx\/blog\/news-feed\/puebla-esta-en-el-aire-primer-festival-del-globo-en-atlixco\/\" \/>\n<meta property=\"og:site_name\" content=\"So Close\" \/>\n<meta property=\"article:author\" content=\"www.facebook.com\/mikexever\/\" \/>\n<meta property=\"article:published_time\" content=\"2021-09-17T15:41:37+00:00\" \/>\n<meta property=\"og:image\" content=\"https:\/\/soclose.mx\/blog\/wp-content\/uploads\/2021\/09\/Principal-So-Close-blog-13-2.jpg\" \/>\n\t<meta property=\"og:image:width\" content=\"1240\" \/>\n\t<meta property=\"og:image:height\" content=\"700\" \/>\n\t<meta property=\"og:image:type\" content=\"image\/jpeg\" \/>\n<meta name=\"author\" content=\"Miguel Angel Romero\" \/>\n<meta name=\"twitter:card\" content=\"summary_large_image\" \/>\n<meta name=\"twitter:creator\" content=\"@Mikerecomienda\" \/>\n<meta name=\"twitter:label1\" content=\"Escrito por\" \/>\n\t<meta name=\"twitter:data1\" content=\"Miguel Angel Romero\" \/>\n\t<meta name=\"twitter:label2\" content=\"Tiempo de lectura\" \/>\n\t<meta name=\"twitter:data2\" content=\"1 minuto\" \/>\n<script type=\"application\/ld+json\" class=\"yoast-schema-graph\">{\"@context\":\"https:\/\/schema.org\",\"@graph\":[{\"@type\":\"Article\",\"@id\":\"https:\/\/soclose.mx\/blog\/news-feed\/puebla-esta-en-el-aire-primer-festival-del-globo-en-atlixco\/#article\",\"isPartOf\":{\"@id\":\"https:\/\/soclose.mx\/blog\/news-feed\/puebla-esta-en-el-aire-primer-festival-del-globo-en-atlixco\/\"},\"author\":{\"name\":\"Miguel Angel Romero\",\"@id\":\"https:\/\/soclose.mx\/blog\/#\/schema\/person\/cddec6ccd5d7037d286395fb411e23f1\"},\"headline\":\"\u00a1Puebla est\u00e1 en el aire!: Primer Festival del Globo en Atlixco\",\"datePublished\":\"2021-09-17T15:41:37+00:00\",\"mainEntityOfPage\":{\"@id\":\"https:\/\/soclose.mx\/blog\/news-feed\/puebla-esta-en-el-aire-primer-festival-del-globo-en-atlixco\/\"},\"wordCount\":231,\"commentCount\":0,\"publisher\":{\"@id\":\"https:\/\/soclose.mx\/blog\/#organization\"},\"image\":{\"@id\":\"https:\/\/soclose.mx\/blog\/news-feed\/puebla-esta-en-el-aire-primer-festival-del-globo-en-atlixco\/#primaryimage\"},\"thumbnailUrl\":\"https:\/\/i0.wp.com\/soclose.mx\/blog\/wp-content\/uploads\/2021\/09\/Principal-So-Close-blog-13-2.jpg?fit=1240%2C700&ssl=1\",\"keywords\":[\"atlixco\",\"festival de globo\",\"globo\",\"globo aeroest\u00e1tico\",\"puebla\"],\"articleSection\":[\"News feed\"],\"inLanguage\":\"es\",\"potentialAction\":[{\"@type\":\"CommentAction\",\"name\":\"Comment\",\"target\":[\"https:\/\/soclose.mx\/blog\/news-feed\/puebla-esta-en-el-aire-primer-festival-del-globo-en-atlixco\/#respond\"]}]},{\"@type\":\"WebPage\",\"@id\":\"https:\/\/soclose.mx\/blog\/news-feed\/puebla-esta-en-el-aire-primer-festival-del-globo-en-atlixco\/\",\"url\":\"https:\/\/soclose.mx\/blog\/news-feed\/puebla-esta-en-el-aire-primer-festival-del-globo-en-atlixco\/\",\"name\":\"\u00a1Puebla est\u00e1 en el aire!: Primer Festival del Globo en Atlixco - So Close\",\"isPartOf\":{\"@id\":\"https:\/\/soclose.mx\/blog\/#website\"},\"primaryImageOfPage\":{\"@id\":\"https:\/\/soclose.mx\/blog\/news-feed\/puebla-esta-en-el-aire-primer-festival-del-globo-en-atlixco\/#primaryimage\"},\"image\":{\"@id\":\"https:\/\/soclose.mx\/blog\/news-feed\/puebla-esta-en-el-aire-primer-festival-del-globo-en-atlixco\/#primaryimage\"},\"thumbnailUrl\":\"https:\/\/i0.wp.com\/soclose.mx\/blog\/wp-content\/uploads\/2021\/09\/Principal-So-Close-blog-13-2.jpg?fit=1240%2C700&ssl=1\",\"datePublished\":\"2021-09-17T15:41:37+00:00\",\"description\":\"En el Festival del Globo\u00a0\u201cPuebla est\u00e1 en el aire\u201d podr\u00e1s disfrutar decenas de\u00a0globos aerost\u00e1ticos en pleno vuelo.\",\"breadcrumb\":{\"@id\":\"https:\/\/soclose.mx\/blog\/news-feed\/puebla-esta-en-el-aire-primer-festival-del-globo-en-atlixco\/#breadcrumb\"},\"inLanguage\":\"es\",\"potentialAction\":[{\"@type\":\"ReadAction\",\"target\":[\"https:\/\/soclose.mx\/blog\/news-feed\/puebla-esta-en-el-aire-primer-festival-del-globo-en-atlixco\/\"]}]},{\"@type\":\"ImageObject\",\"inLanguage\":\"es\",\"@id\":\"https:\/\/soclose.mx\/blog\/news-feed\/puebla-esta-en-el-aire-primer-festival-del-globo-en-atlixco\/#primaryimage\",\"url\":\"https:\/\/i0.wp.com\/soclose.mx\/blog\/wp-content\/uploads\/2021\/09\/Principal-So-Close-blog-13-2.jpg?fit=1240%2C700&ssl=1\",\"contentUrl\":\"https:\/\/i0.wp.com\/soclose.mx\/blog\/wp-content\/uploads\/2021\/09\/Principal-So-Close-blog-13-2.jpg?fit=1240%2C700&ssl=1\",\"width\":1240,\"height\":700},{\"@type\":\"BreadcrumbList\",\"@id\":\"https:\/\/soclose.mx\/blog\/news-feed\/puebla-esta-en-el-aire-primer-festival-del-globo-en-atlixco\/#breadcrumb\",\"itemListElement\":[{\"@type\":\"ListItem\",\"position\":1,\"name\":\"Inicio\",\"item\":\"https:\/\/soclose.mx\/blog\/\"},{\"@type\":\"ListItem\",\"position\":2,\"name\":\"\u00a1Puebla est\u00e1 en el aire!: Primer Festival del Globo en Atlixco\"}]},{\"@type\":\"WebSite\",\"@id\":\"https:\/\/soclose.mx\/blog\/#website\",\"url\":\"https:\/\/soclose.mx\/blog\/\",\"name\":\"So Close\",\"description\":\"Hacemos contenidos de M\u00e9xico\",\"publisher\":{\"@id\":\"https:\/\/soclose.mx\/blog\/#organization\"},\"potentialAction\":[{\"@type\":\"SearchAction\",\"target\":{\"@type\":\"EntryPoint\",\"urlTemplate\":\"https:\/\/soclose.mx\/blog\/?s={search_term_string}\"},\"query-input\":{\"@type\":\"PropertyValueSpecification\",\"valueRequired\":true,\"valueName\":\"search_term_string\"}}],\"inLanguage\":\"es\"},{\"@type\":\"Organization\",\"@id\":\"https:\/\/soclose.mx\/blog\/#organization\",\"name\":\"So Close\",\"url\":\"https:\/\/soclose.mx\/blog\/\",\"logo\":{\"@type\":\"ImageObject\",\"inLanguage\":\"es\",\"@id\":\"https:\/\/soclose.mx\/blog\/#\/schema\/logo\/image\/\",\"url\":\"https:\/\/i0.wp.com\/soclose.mx\/blog\/wp-content\/uploads\/2020\/12\/LOGO_SOCLOSE_COLOR-e1608310133507.png?fit=2858%2C1264&ssl=1\",\"contentUrl\":\"https:\/\/i0.wp.com\/soclose.mx\/blog\/wp-content\/uploads\/2020\/12\/LOGO_SOCLOSE_COLOR-e1608310133507.png?fit=2858%2C1264&ssl=1\",\"width\":2858,\"height\":1264,\"caption\":\"So Close\"},\"image\":{\"@id\":\"https:\/\/soclose.mx\/blog\/#\/schema\/logo\/image\/\"}},{\"@type\":\"Person\",\"@id\":\"https:\/\/soclose.mx\/blog\/#\/schema\/person\/cddec6ccd5d7037d286395fb411e23f1\",\"name\":\"Miguel Angel Romero\",\"image\":{\"@type\":\"ImageObject\",\"inLanguage\":\"es\",\"@id\":\"https:\/\/soclose.mx\/blog\/#\/schema\/person\/image\/\",\"url\":\"https:\/\/secure.gravatar.com\/avatar\/45b44006b4f93497bb24d251f77bc39385015bfa120582412df580dbfcbb14f3?s=96&d=mm&r=g\",\"contentUrl\":\"https:\/\/secure.gravatar.com\/avatar\/45b44006b4f93497bb24d251f77bc39385015bfa120582412df580dbfcbb14f3?s=96&d=mm&r=g\",\"caption\":\"Miguel Angel Romero\"},\"sameAs\":[\"http:\/\/\/mikexever.blogspot.com\/\",\"www.facebook.com\/mikexever\/\",\"https:\/\/x.com\/Mikerecomienda\"],\"url\":\"https:\/\/soclose.mx\/blog\/author\/mike\/\"}]}<\/script>\n<!-- \/ Yoast SEO plugin. -->","yoast_head_json":{"title":"\u00a1Puebla est\u00e1 en el aire!: Primer Festival del Globo en Atlixco - So Close","description":"En el Festival del Globo\u00a0\u201cPuebla est\u00e1 en el aire\u201d podr\u00e1s disfrutar decenas de\u00a0globos aerost\u00e1ticos en pleno vuelo.","robots":{"index":"index","follow":"follow","max-snippet":"max-snippet:-1","max-image-preview":"max-image-preview:large","max-video-preview":"max-video-preview:-1"},"canonical":"https:\/\/soclose.mx\/blog\/news-feed\/puebla-esta-en-el-aire-primer-festival-del-globo-en-atlixco\/","og_locale":"es_MX","og_type":"article","og_title":"\u00a1Puebla est\u00e1 en el aire!: Primer Festival del Globo en Atlixco - So Close","og_description":"En el Festival del Globo\u00a0\u201cPuebla est\u00e1 en el aire\u201d podr\u00e1s disfrutar decenas de\u00a0globos aerost\u00e1ticos en pleno vuelo.","og_url":"https:\/\/soclose.mx\/blog\/news-feed\/puebla-esta-en-el-aire-primer-festival-del-globo-en-atlixco\/","og_site_name":"So Close","article_author":"www.facebook.com\/mikexever\/","article_published_time":"2021-09-17T15:41:37+00:00","og_image":[{"width":1240,"height":700,"url":"https:\/\/soclose.mx\/blog\/wp-content\/uploads\/2021\/09\/Principal-So-Close-blog-13-2.jpg","type":"image\/jpeg"}],"author":"Miguel Angel Romero","twitter_card":"summary_large_image","twitter_creator":"@Mikerecomienda","twitter_misc":{"Escrito por":"Miguel Angel Romero","Tiempo de lectura":"1 minuto"},"schema":{"@context":"https:\/\/schema.org","@graph":[{"@type":"Article","@id":"https:\/\/soclose.mx\/blog\/news-feed\/puebla-esta-en-el-aire-primer-festival-del-globo-en-atlixco\/#article","isPartOf":{"@id":"https:\/\/soclose.mx\/blog\/news-feed\/puebla-esta-en-el-aire-primer-festival-del-globo-en-atlixco\/"},"author":{"name":"Miguel Angel Romero","@id":"https:\/\/soclose.mx\/blog\/#\/schema\/person\/cddec6ccd5d7037d286395fb411e23f1"},"headline":"\u00a1Puebla est\u00e1 en el aire!: Primer Festival del Globo en Atlixco","datePublished":"2021-09-17T15:41:37+00:00","mainEntityOfPage":{"@id":"https:\/\/soclose.mx\/blog\/news-feed\/puebla-esta-en-el-aire-primer-festival-del-globo-en-atlixco\/"},"wordCount":231,"commentCount":0,"publisher":{"@id":"https:\/\/soclose.mx\/blog\/#organization"},"image":{"@id":"https:\/\/soclose.mx\/blog\/news-feed\/puebla-esta-en-el-aire-primer-festival-del-globo-en-atlixco\/#primaryimage"},"thumbnailUrl":"https:\/\/i0.wp.com\/soclose.mx\/blog\/wp-content\/uploads\/2021\/09\/Principal-So-Close-blog-13-2.jpg?fit=1240%2C700&ssl=1","keywords":["atlixco","festival de globo","globo","globo aeroest\u00e1tico","puebla"],"articleSection":["News feed"],"inLanguage":"es","potentialAction":[{"@type":"CommentAction","name":"Comment","target":["https:\/\/soclose.mx\/blog\/news-feed\/puebla-esta-en-el-aire-primer-festival-del-globo-en-atlixco\/#respond"]}]},{"@type":"WebPage","@id":"https:\/\/soclose.mx\/blog\/news-feed\/puebla-esta-en-el-aire-primer-festival-del-globo-en-atlixco\/","url":"https:\/\/soclose.mx\/blog\/news-feed\/puebla-esta-en-el-aire-primer-festival-del-globo-en-atlixco\/","name":"\u00a1Puebla est\u00e1 en el aire!: Primer Festival del Globo en Atlixco - So Close","isPartOf":{"@id":"https:\/\/soclose.mx\/blog\/#website"},"primaryImageOfPage":{"@id":"https:\/\/soclose.mx\/blog\/news-feed\/puebla-esta-en-el-aire-primer-festival-del-globo-en-atlixco\/#primaryimage"},"image":{"@id":"https:\/\/soclose.mx\/blog\/news-feed\/puebla-esta-en-el-aire-primer-festival-del-globo-en-atlixco\/#primaryimage"},"thumbnailUrl":"https:\/\/i0.wp.com\/soclose.mx\/blog\/wp-content\/uploads\/2021\/09\/Principal-So-Close-blog-13-2.jpg?fit=1240%2C700&ssl=1","datePublished":"2021-09-17T15:41:37+00:00","description":"En el Festival del Globo\u00a0\u201cPuebla est\u00e1 en el aire\u201d podr\u00e1s disfrutar decenas de\u00a0globos aerost\u00e1ticos en pleno vuelo.","breadcrumb":{"@id":"https:\/\/soclose.mx\/blog\/news-feed\/puebla-esta-en-el-aire-primer-festival-del-globo-en-atlixco\/#breadcrumb"},"inLanguage":"es","potentialAction":[{"@type":"ReadAction","target":["https:\/\/soclose.mx\/blog\/news-feed\/puebla-esta-en-el-aire-primer-festival-del-globo-en-atlixco\/"]}]},{"@type":"ImageObject","inLanguage":"es","@id":"https:\/\/soclose.mx\/blog\/news-feed\/puebla-esta-en-el-aire-primer-festival-del-globo-en-atlixco\/#primaryimage","url":"https:\/\/i0.wp.com\/soclose.mx\/blog\/wp-content\/uploads\/2021\/09\/Principal-So-Close-blog-13-2.jpg?fit=1240%2C700&ssl=1","contentUrl":"https:\/\/i0.wp.com\/soclose.mx\/blog\/wp-content\/uploads\/2021\/09\/Principal-So-Close-blog-13-2.jpg?fit=1240%2C700&ssl=1","width":1240,"height":700},{"@type":"BreadcrumbList","@id":"https:\/\/soclose.mx\/blog\/news-feed\/puebla-esta-en-el-aire-primer-festival-del-globo-en-atlixco\/#breadcrumb","itemListElement":[{"@type":"ListItem","position":1,"name":"Inicio","item":"https:\/\/soclose.mx\/blog\/"},{"@type":"ListItem","position":2,"name":"\u00a1Puebla est\u00e1 en el aire!: Primer Festival del Globo en Atlixco"}]},{"@type":"WebSite","@id":"https:\/\/soclose.mx\/blog\/#website","url":"https:\/\/soclose.mx\/blog\/","name":"So Close","description":"Hacemos contenidos de M\u00e9xico","publisher":{"@id":"https:\/\/soclose.mx\/blog\/#organization"},"potentialAction":[{"@type":"SearchAction","target":{"@type":"EntryPoint","urlTemplate":"https:\/\/soclose.mx\/blog\/?s={search_term_string}"},"query-input":{"@type":"PropertyValueSpecification","valueRequired":true,"valueName":"search_term_string"}}],"inLanguage":"es"},{"@type":"Organization","@id":"https:\/\/soclose.mx\/blog\/#organization","name":"So Close","url":"https:\/\/soclose.mx\/blog\/","logo":{"@type":"ImageObject","inLanguage":"es","@id":"https:\/\/soclose.mx\/blog\/#\/schema\/logo\/image\/","url":"https:\/\/i0.wp.com\/soclose.mx\/blog\/wp-content\/uploads\/2020\/12\/LOGO_SOCLOSE_COLOR-e1608310133507.png?fit=2858%2C1264&ssl=1","contentUrl":"https:\/\/i0.wp.com\/soclose.mx\/blog\/wp-content\/uploads\/2020\/12\/LOGO_SOCLOSE_COLOR-e1608310133507.png?fit=2858%2C1264&ssl=1","width":2858,"height":1264,"caption":"So Close"},"image":{"@id":"https:\/\/soclose.mx\/blog\/#\/schema\/logo\/image\/"}},{"@type":"Person","@id":"https:\/\/soclose.mx\/blog\/#\/schema\/person\/cddec6ccd5d7037d286395fb411e23f1","name":"Miguel Angel Romero","image":{"@type":"ImageObject","inLanguage":"es","@id":"https:\/\/soclose.mx\/blog\/#\/schema\/person\/image\/","url":"https:\/\/secure.gravatar.com\/avatar\/45b44006b4f93497bb24d251f77bc39385015bfa120582412df580dbfcbb14f3?s=96&d=mm&r=g","contentUrl":"https:\/\/secure.gravatar.com\/avatar\/45b44006b4f93497bb24d251f77bc39385015bfa120582412df580dbfcbb14f3?s=96&d=mm&r=g","caption":"Miguel Angel Romero"},"sameAs":["http:\/\/\/mikexever.blogspot.com\/","www.facebook.com\/mikexever\/","https:\/\/x.com\/Mikerecomienda"],"url":"https:\/\/soclose.mx\/blog\/author\/mike\/"}]}},"jetpack_featured_media_url":"https:\/\/i0.wp.com\/soclose.mx\/blog\/wp-content\/uploads\/2021\/09\/Principal-So-Close-blog-13-2.jpg?fit=1240%2C700&ssl=1","jetpack-related-posts":[{"id":14939,"url":"https:\/\/soclose.mx\/blog\/news-feed\/valle-de-catrinas-atlixco-2025-guia-para-visitarlas\/","url_meta":{"origin":7236,"position":0},"title":"Valle de Catrinas Atlixco 2025: gu\u00eda para visitarlas","author":"So Close","date":"24 octubre, 2025","format":false,"excerpt":"El Valle de Catrinas Atlixco 2025 es una experiencia \u00fanica que se celebra cada a\u00f1o para honrar la tradici\u00f3n del D\u00eda de Muertos con arte y cultura viva. En 2025, esta festividad contar\u00e1 con 22 impresionantes esculturas monumentales de catrinas, muchas de las cuales se alzan hasta ocho metros de\u2026","rel":"","context":"En &quot;News feed&quot;","block_context":{"text":"News feed","link":"https:\/\/soclose.mx\/blog\/category\/news-feed\/"},"img":{"alt_text":"Catrina en Atlixco","src":"https:\/\/i0.wp.com\/soclose.mx\/blog\/wp-content\/uploads\/2025\/10\/Catrina-en-Atlixco.jpg?fit=1200%2C675&ssl=1&resize=350%2C200","width":350,"height":200,"srcset":"https:\/\/i0.wp.com\/soclose.mx\/blog\/wp-content\/uploads\/2025\/10\/Catrina-en-Atlixco.jpg?fit=1200%2C675&ssl=1&resize=350%2C200 1x, https:\/\/i0.wp.com\/soclose.mx\/blog\/wp-content\/uploads\/2025\/10\/Catrina-en-Atlixco.jpg?fit=1200%2C675&ssl=1&resize=525%2C300 1.5x, https:\/\/i0.wp.com\/soclose.mx\/blog\/wp-content\/uploads\/2025\/10\/Catrina-en-Atlixco.jpg?fit=1200%2C675&ssl=1&resize=700%2C400 2x, https:\/\/i0.wp.com\/soclose.mx\/blog\/wp-content\/uploads\/2025\/10\/Catrina-en-Atlixco.jpg?fit=1200%2C675&ssl=1&resize=1050%2C600 3x"},"classes":[]},{"id":10748,"url":"https:\/\/soclose.mx\/blog\/news-feed\/llega-el-festival-del-ovni-a-atlixco-puebla\/","url_meta":{"origin":7236,"position":1},"title":"\u00a1Llega el Festival del OVNI a Atlixco, Puebla!","author":"Daniel Ram\u00edrez","date":"28 julio, 2022","format":false,"excerpt":"\"Los marcianos llegaron ya, y llegaron bailando ricach\u00e1...\", as\u00ed suena la canci\u00f3n Los Marcianos, de Tito Rodr\u00edguez y su Orquesta. Esta bien podr\u00eda estar incluida en el soundtrack de la primera edici\u00f3n del \"Festival OVNI Atlixco-Metepec\", que realizar\u00e1 en el Pueblo M\u00e1gico de Atlixco, Puebla. Este espect\u00e1culo se llevar\u00e1 a\u2026","rel":"","context":"En &quot;News feed&quot;","block_context":{"text":"News feed","link":"https:\/\/soclose.mx\/blog\/category\/news-feed\/"},"img":{"alt_text":"","src":"https:\/\/i0.wp.com\/soclose.mx\/blog\/wp-content\/uploads\/2022\/07\/WhatsApp-Image-2022-07-28-at-7.20.16-PM.jpeg?fit=900%2C900&ssl=1&resize=350%2C200","width":350,"height":200,"srcset":"https:\/\/i0.wp.com\/soclose.mx\/blog\/wp-content\/uploads\/2022\/07\/WhatsApp-Image-2022-07-28-at-7.20.16-PM.jpeg?fit=900%2C900&ssl=1&resize=350%2C200 1x, https:\/\/i0.wp.com\/soclose.mx\/blog\/wp-content\/uploads\/2022\/07\/WhatsApp-Image-2022-07-28-at-7.20.16-PM.jpeg?fit=900%2C900&ssl=1&resize=525%2C300 1.5x, https:\/\/i0.wp.com\/soclose.mx\/blog\/wp-content\/uploads\/2022\/07\/WhatsApp-Image-2022-07-28-at-7.20.16-PM.jpeg?fit=900%2C900&ssl=1&resize=700%2C400 2x"},"classes":[]},{"id":6942,"url":"https:\/\/soclose.mx\/blog\/news-feed\/primer-festival-del-aguacate-en-atlixco-puebla\/","url_meta":{"origin":7236,"position":2},"title":"Primer festival del aguacate en Atlixco, Puebla","author":"Miguel Angel Romero","date":"24 agosto, 2021","format":false,"excerpt":"Si t\u00fa eres amante del aguacate, entonces prep\u00e1rate porque el pr\u00f3ximo 28 y 29 de agosto se llevar\u00e1 a cabo el primer Festival del Aguacate en Atlixco, Puebla. El poblado no s\u00f3lo se cuenta con una buena producci\u00f3n de este fruto, sino que adem\u00e1s ya posee\u00a0un d\u00eda dedicado a \u00e9l,\u2026","rel":"","context":"En &quot;News feed&quot;","block_context":{"text":"News feed","link":"https:\/\/soclose.mx\/blog\/category\/news-feed\/"},"img":{"alt_text":"","src":"https:\/\/i0.wp.com\/soclose.mx\/blog\/wp-content\/uploads\/2021\/08\/Principal-So-Close-blog-21.jpg?fit=1200%2C677&ssl=1&resize=350%2C200","width":350,"height":200,"srcset":"https:\/\/i0.wp.com\/soclose.mx\/blog\/wp-content\/uploads\/2021\/08\/Principal-So-Close-blog-21.jpg?fit=1200%2C677&ssl=1&resize=350%2C200 1x, https:\/\/i0.wp.com\/soclose.mx\/blog\/wp-content\/uploads\/2021\/08\/Principal-So-Close-blog-21.jpg?fit=1200%2C677&ssl=1&resize=525%2C300 1.5x, https:\/\/i0.wp.com\/soclose.mx\/blog\/wp-content\/uploads\/2021\/08\/Principal-So-Close-blog-21.jpg?fit=1200%2C677&ssl=1&resize=700%2C400 2x, https:\/\/i0.wp.com\/soclose.mx\/blog\/wp-content\/uploads\/2021\/08\/Principal-So-Close-blog-21.jpg?fit=1200%2C677&ssl=1&resize=1050%2C600 3x"},"classes":[]},{"id":7991,"url":"https:\/\/soclose.mx\/blog\/news-feed\/atlixco-brilla-con-la-villa-iluminada\/","url_meta":{"origin":7236,"position":3},"title":"Atlixco brilla con la Villa Iluminada","author":"Miguel Angel Romero","date":"11 diciembre, 2021","format":false,"excerpt":"El ambiente de las fiestas decembrinas ya comienza a sentirse y un lugar para vivir la experiencia es la\u00a0Villa Iluminada de Atlixco,\u00a0Puebla. Todo el sitio se encuentra totalmente iluminado y con\u00a0enormes figuras navide\u00f1as, donde tambi\u00e9n se llevar\u00e1 a cabo la\u00a0tradicional pastorela\u00a0y podr\u00e1s disfrutar de la zona de comida con distintas\u2026","rel":"","context":"En &quot;News feed&quot;","block_context":{"text":"News feed","link":"https:\/\/soclose.mx\/blog\/category\/news-feed\/"},"img":{"alt_text":"","src":"https:\/\/i0.wp.com\/soclose.mx\/blog\/wp-content\/uploads\/2021\/12\/Copia-de-Principal-So-Close-blog-2.png?fit=1200%2C677&ssl=1&resize=350%2C200","width":350,"height":200,"srcset":"https:\/\/i0.wp.com\/soclose.mx\/blog\/wp-content\/uploads\/2021\/12\/Copia-de-Principal-So-Close-blog-2.png?fit=1200%2C677&ssl=1&resize=350%2C200 1x, https:\/\/i0.wp.com\/soclose.mx\/blog\/wp-content\/uploads\/2021\/12\/Copia-de-Principal-So-Close-blog-2.png?fit=1200%2C677&ssl=1&resize=525%2C300 1.5x, https:\/\/i0.wp.com\/soclose.mx\/blog\/wp-content\/uploads\/2021\/12\/Copia-de-Principal-So-Close-blog-2.png?fit=1200%2C677&ssl=1&resize=700%2C400 2x, https:\/\/i0.wp.com\/soclose.mx\/blog\/wp-content\/uploads\/2021\/12\/Copia-de-Principal-So-Close-blog-2.png?fit=1200%2C677&ssl=1&resize=1050%2C600 3x"},"classes":[]},{"id":7275,"url":"https:\/\/soclose.mx\/blog\/news-feed\/lanzate-a-los-campos-de-flor-de-cempasuchil-en-puebla\/","url_meta":{"origin":7236,"position":4},"title":"L\u00e1nzate a los campos de flor de cempas\u00fachil en Puebla","author":"Miguel Angel Romero","date":"1 octubre, 2021","format":false,"excerpt":"El olor distintivo de la flor de cempas\u00fachil y mejor a\u00fan, el color tan llamativo que posee, podr\u00e1s disfrutarlo en un tour que te llevar\u00e1 a Atlixco, Puebla donde podr\u00e1s visitar\u00a0los campos\u00a0 tapizados de amarillo. M\u00e9xico N\u00f3mada organiza tours guiados para que aprendes sobre sus variedades, c\u00f3mo se cultivan y\u2026","rel":"","context":"En &quot;News feed&quot;","block_context":{"text":"News feed","link":"https:\/\/soclose.mx\/blog\/category\/news-feed\/"},"img":{"alt_text":"","src":"https:\/\/i0.wp.com\/soclose.mx\/blog\/wp-content\/uploads\/2021\/10\/Principal-So-Close-blog.png?fit=1200%2C677&ssl=1&resize=350%2C200","width":350,"height":200,"srcset":"https:\/\/i0.wp.com\/soclose.mx\/blog\/wp-content\/uploads\/2021\/10\/Principal-So-Close-blog.png?fit=1200%2C677&ssl=1&resize=350%2C200 1x, https:\/\/i0.wp.com\/soclose.mx\/blog\/wp-content\/uploads\/2021\/10\/Principal-So-Close-blog.png?fit=1200%2C677&ssl=1&resize=525%2C300 1.5x, https:\/\/i0.wp.com\/soclose.mx\/blog\/wp-content\/uploads\/2021\/10\/Principal-So-Close-blog.png?fit=1200%2C677&ssl=1&resize=700%2C400 2x, https:\/\/i0.wp.com\/soclose.mx\/blog\/wp-content\/uploads\/2021\/10\/Principal-So-Close-blog.png?fit=1200%2C677&ssl=1&resize=1050%2C600 3x"},"classes":[]},{"id":14508,"url":"https:\/\/soclose.mx\/blog\/para-todos\/profesor-de-cbtis-rompe-esquemas-de-ensenanza\/","url_meta":{"origin":7236,"position":5},"title":"Profesor de CBTis rompe esquemas de ense\u00f1anza","author":"So Close","date":"6 diciembre, 2024","format":false,"excerpt":"Como una alternativa de ense\u00f1anza productiva y en la b\u00fasqueda de resultados pr\u00e1ctico-profesionales en el\u00a0\u00e1rea de especialidad de T\u00e9cnico en electricidad, el profesor del CBTis 16, de Atlixco, Puebla, Crist\u00f3bal V\u00e1zquez Vergara rompe esquemas de ense\u00f1anza tras crear\u00a0una bobinadora para motores el\u00e9ctricos hecha exclusivamente con materiales reciclados.\u00a0 Profesor de CBTis\u2026","rel":"","context":"En &quot;Para todos&quot;","block_context":{"text":"Para todos","link":"https:\/\/soclose.mx\/blog\/category\/para-todos\/"},"img":{"alt_text":"Alumno del cbtis de atlixco","src":"https:\/\/i0.wp.com\/soclose.mx\/blog\/wp-content\/uploads\/2024\/12\/Alumno-del-cbtis-de-atlixco.jpg?fit=1200%2C675&ssl=1&resize=350%2C200","width":350,"height":200,"srcset":"https:\/\/i0.wp.com\/soclose.mx\/blog\/wp-content\/uploads\/2024\/12\/Alumno-del-cbtis-de-atlixco.jpg?fit=1200%2C675&ssl=1&resize=350%2C200 1x, https:\/\/i0.wp.com\/soclose.mx\/blog\/wp-content\/uploads\/2024\/12\/Alumno-del-cbtis-de-atlixco.jpg?fit=1200%2C675&ssl=1&resize=525%2C300 1.5x, https:\/\/i0.wp.com\/soclose.mx\/blog\/wp-content\/uploads\/2024\/12\/Alumno-del-cbtis-de-atlixco.jpg?fit=1200%2C675&ssl=1&resize=700%2C400 2x, https:\/\/i0.wp.com\/soclose.mx\/blog\/wp-content\/uploads\/2024\/12\/Alumno-del-cbtis-de-atlixco.jpg?fit=1200%2C675&ssl=1&resize=1050%2C600 3x"},"classes":[]}],"jetpack_sharing_enabled":true,"_links":{"self":[{"href":"https:\/\/soclose.mx\/blog\/wp-json\/wp\/v2\/posts\/7236","targetHints":{"allow":["GET"]}}],"collection":[{"href":"https:\/\/soclose.mx\/blog\/wp-json\/wp\/v2\/posts"}],"about":[{"href":"https:\/\/soclose.mx\/blog\/wp-json\/wp\/v2\/types\/post"}],"author":[{"embeddable":true,"href":"https:\/\/soclose.mx\/blog\/wp-json\/wp\/v2\/users\/8"}],"replies":[{"embeddable":true,"href":"https:\/\/soclose.mx\/blog\/wp-json\/wp\/v2\/comments?post=7236"}],"version-history":[{"count":0,"href":"https:\/\/soclose.mx\/blog\/wp-json\/wp\/v2\/posts\/7236\/revisions"}],"wp:featuredmedia":[{"embeddable":true,"href":"https:\/\/soclose.mx\/blog\/wp-json\/wp\/v2\/media\/7237"}],"wp:attachment":[{"href":"https:\/\/soclose.mx\/blog\/wp-json\/wp\/v2\/media?parent=7236"}],"wp:term":[{"taxonomy":"category","embeddable":true,"href":"https:\/\/soclose.mx\/blog\/wp-json\/wp\/v2\/categories?post=7236"},{"taxonomy":"post_tag","embeddable":true,"href":"https:\/\/soclose.mx\/blog\/wp-json\/wp\/v2\/tags?post=7236"}],"curies":[{"name":"wp","href":"https:\/\/api.w.org\/{rel}","templated":true}]}}