{"id":7246,"date":"2021-09-14T08:08:36","date_gmt":"2021-09-14T13:08:36","guid":{"rendered":"https:\/\/soclose.mx\/blog\/?p=7246"},"modified":"2021-09-13T22:59:29","modified_gmt":"2021-09-14T03:59:29","slug":"a-correr-se-ha-dicho-si-habra-maraton-de-la-cdmx","status":"publish","type":"post","link":"https:\/\/soclose.mx\/blog\/news-feed\/a-correr-se-ha-dicho-si-habra-maraton-de-la-cdmx\/","title":{"rendered":"\u00a1A correr se ha dicho!, s\u00ed habr\u00e1 Marat\u00f3n de la CDMX"},"content":{"rendered":"<p>Es oficial, s\u00ed se realizar\u00e1 la edici\u00f3n XXXVIII de este a\u00f1o del <b>Marat\u00f3n CDMX, <\/b>el cual est\u00e1 programado para el 28 de noviembre, sin embargo, la competencia tendr\u00e1 una serie de limitaciones y restricciones debido a la pandemia de Covid-19.<\/p>\n<blockquote class=\"twitter-tweet\">\n<p dir=\"ltr\" lang=\"es\">\u00a1El \u00faltimo trimestre del a\u00f1o ser\u00e1 de mucha actividad f\u00edsica!<br \/>\n22 al 31 de octubre &#8211; <a href=\"https:\/\/twitter.com\/MaratonCDMX?ref_src=twsrc%5Etfw\">@MaratonCDMX<\/a> <a href=\"https:\/\/twitter.com\/Telcel?ref_src=twsrc%5Etfw\">@Telcel<\/a> Virtual<br \/>\n28 de noviembre &#8211; <a href=\"https:\/\/twitter.com\/MaratonCDMX?ref_src=twsrc%5Etfw\">@MaratonCDMX<\/a> <a href=\"https:\/\/twitter.com\/Telcel?ref_src=twsrc%5Etfw\">@Telcel<\/a><br \/>\n19 de diciembre &#8211; <a href=\"https:\/\/twitter.com\/21KCDMX?ref_src=twsrc%5Etfw\">@21KCDMX<\/a> <a href=\"https:\/\/twitter.com\/BBVA_Mex?ref_src=twsrc%5Etfw\">@BBVA_Mex<\/a><br \/>\nPrep\u00e1rate y participa en estos eventos para que tengas <a href=\"https:\/\/twitter.com\/hashtag\/SaludEnTuVida?src=hash&amp;ref_src=twsrc%5Etfw\">#SaludEnTuVida<\/a><a href=\"https:\/\/twitter.com\/hashtag\/Marat%C3%B3nCDMXTelcel?src=hash&amp;ref_src=twsrc%5Etfw\">#Marat\u00f3nCDMXTelcel<\/a> <a href=\"https:\/\/t.co\/gNdKy5I3bW\">pic.twitter.com\/gNdKy5I3bW<\/a><\/p>\n<p>\u2014 Marat\u00f3n de la Ciudad de M\u00e9xico Telcel (@MaratonCDMX) <a href=\"https:\/\/twitter.com\/MaratonCDMX\/status\/1437483589319503876?ref_src=twsrc%5Etfw\">September 13, 2021<\/a><\/p><\/blockquote>\n<p><script async src=\"https:\/\/platform.twitter.com\/widgets.js\" charset=\"utf-8\"><\/script><\/p>\n<p>El precio de inscripci\u00f3n al <b>Marat\u00f3n CDMX 2021\u00a0<\/b>se mantendr\u00e1 en 650 pesos; as\u00ed como la ruta de las ediciones anteriores, la cual comienza en <strong>Ciudad Universitaria<\/strong> y termina en el <strong>Z\u00f3calo capitalino<\/strong>, donde est\u00e1 la meta, lo que representa una ruta de 42 mil 195 metros.<\/p>\n<p>El <b>Marat\u00f3n CDMX 2021\u00a0<\/b>tendr\u00e1 un cupo limitado a s\u00f3lo <a href=\"https:\/\/maraton.cdmx.gob.mx\/\" target=\"_blank\" rel=\"noopener\">20 mil participantes<\/a>, ya que en a\u00f1os anteriores hubo una participaci\u00f3n de alrededor de 30 mil personas.<\/p>\n<p>Los participantes al <b>Marat\u00f3n CDMX 2021\u00a0<\/b>deber\u00e1n presentar su <a href=\"https:\/\/soclose.mx\/blog\/es_mx\/crean-cubrebocas-mexicano-que-inactiva-el-covid\/\" target=\"_blank\" rel=\"noopener\">constancia de vacunaci\u00f3n contra Covid-19<\/a> y\/o una prueba negativa con un m\u00e1ximo 72 horas antes del evento.<\/p>\n<p>Adem\u00e1s, la edici\u00f3n XIV del <strong>Medio Marat\u00f3n CDMX<\/strong> tambi\u00e9n se realizar\u00e1 y ser\u00e1 el 19 de diciembre y tambi\u00e9n contar\u00e1 con 20 mil participantes. La ruta se conservar\u00e1 del <strong>Caballito<\/strong> con meta en el <strong>\u00c1ngel de la Independencia<\/strong>.<\/p>\n","protected":false},"excerpt":{"rendered":"<p>Es oficial, s\u00ed se realizar\u00e1 la edici\u00f3n XXXVIII de este a\u00f1o del Marat\u00f3n CDMX, el cual est\u00e1 programado para el 28 de noviembre, sin embargo, la competencia tendr\u00e1 una serie de limitaciones y restricciones debido a la pandemia de Covid-19. \u00a1El \u00faltimo trimestre del a\u00f1o ser\u00e1 de mucha actividad f\u00edsica! 22 al 31 de octubre &#8211; @MaratonCDMX @Telcel Virtual 28 de noviembre &#8211; @MaratonCDMX @Telcel 19 de diciembre &#8211; @21KCDMX @BBVA_Mex Prep\u00e1rate y participa en estos eventos para que tengas #SaludEnTuVida#Marat\u00f3nCDMXTelcel pic.twitter.com\/gNdKy5I3bW \u2014 Marat\u00f3n de la Ciudad de M\u00e9xico Telcel (@MaratonCDMX) September 13, 2021 El precio de inscripci\u00f3n al Marat\u00f3n<\/p>\n","protected":false},"author":8,"featured_media":7247,"comment_status":"open","ping_status":"open","sticky":false,"template":"","format":"standard","meta":{"_jetpack_memberships_contains_paid_content":false,"footnotes":""},"categories":[628],"tags":[218,102,1353],"class_list":["post-7246","post","type-post","status-publish","format-standard","has-post-thumbnail","hentry","category-news-feed","tag-cdmx","tag-maraton","tag-maraton-cdmx"],"yoast_head":"<!-- This site is optimized with the Yoast SEO plugin v26.7 - https:\/\/yoast.com\/wordpress\/plugins\/seo\/ -->\n<title>\u00a1A correr se ha dicho!, s\u00ed habr\u00e1 Marat\u00f3n de la CDMX - So Close<\/title>\n<meta name=\"description\" content=\"Los participantes al Marat\u00f3n CDMX 2021\u00a0deber\u00e1n presentar su constancia de vacunaci\u00f3n contra Covid-19 y\/o una prueba negativa.\" \/>\n<meta name=\"robots\" content=\"index, follow, max-snippet:-1, max-image-preview:large, max-video-preview:-1\" \/>\n<link rel=\"canonical\" href=\"https:\/\/soclose.mx\/blog\/news-feed\/a-correr-se-ha-dicho-si-habra-maraton-de-la-cdmx\/\" \/>\n<meta property=\"og:locale\" content=\"es_MX\" \/>\n<meta property=\"og:type\" content=\"article\" \/>\n<meta property=\"og:title\" content=\"\u00a1A correr se ha dicho!, s\u00ed habr\u00e1 Marat\u00f3n de la CDMX - So Close\" \/>\n<meta property=\"og:description\" content=\"Los participantes al Marat\u00f3n CDMX 2021\u00a0deber\u00e1n presentar su constancia de vacunaci\u00f3n contra Covid-19 y\/o una prueba negativa.\" \/>\n<meta property=\"og:url\" content=\"https:\/\/soclose.mx\/blog\/news-feed\/a-correr-se-ha-dicho-si-habra-maraton-de-la-cdmx\/\" \/>\n<meta property=\"og:site_name\" content=\"So Close\" \/>\n<meta property=\"article:author\" content=\"www.facebook.com\/mikexever\/\" \/>\n<meta property=\"article:published_time\" content=\"2021-09-14T13:08:36+00:00\" \/>\n<meta property=\"og:image\" content=\"https:\/\/i0.wp.com\/soclose.mx\/blog\/wp-content\/uploads\/2021\/09\/Principal-So-Close-blog-17.jpg?fit=1240%2C700&ssl=1\" \/>\n\t<meta property=\"og:image:width\" content=\"1240\" \/>\n\t<meta property=\"og:image:height\" content=\"700\" \/>\n\t<meta property=\"og:image:type\" content=\"image\/jpeg\" \/>\n<meta name=\"author\" content=\"Miguel Angel Romero\" \/>\n<meta name=\"twitter:card\" content=\"summary_large_image\" \/>\n<meta name=\"twitter:creator\" content=\"@Mikerecomienda\" \/>\n<meta name=\"twitter:label1\" content=\"Escrito por\" \/>\n\t<meta name=\"twitter:data1\" content=\"Miguel Angel Romero\" \/>\n\t<meta name=\"twitter:label2\" content=\"Tiempo de lectura\" \/>\n\t<meta name=\"twitter:data2\" content=\"2 minutos\" \/>\n<script type=\"application\/ld+json\" class=\"yoast-schema-graph\">{\"@context\":\"https:\/\/schema.org\",\"@graph\":[{\"@type\":\"Article\",\"@id\":\"https:\/\/soclose.mx\/blog\/news-feed\/a-correr-se-ha-dicho-si-habra-maraton-de-la-cdmx\/#article\",\"isPartOf\":{\"@id\":\"https:\/\/soclose.mx\/blog\/news-feed\/a-correr-se-ha-dicho-si-habra-maraton-de-la-cdmx\/\"},\"author\":{\"name\":\"Miguel Angel Romero\",\"@id\":\"https:\/\/soclose.mx\/blog\/#\/schema\/person\/cddec6ccd5d7037d286395fb411e23f1\"},\"headline\":\"\u00a1A correr se ha dicho!, s\u00ed habr\u00e1 Marat\u00f3n de la CDMX\",\"datePublished\":\"2021-09-14T13:08:36+00:00\",\"mainEntityOfPage\":{\"@id\":\"https:\/\/soclose.mx\/blog\/news-feed\/a-correr-se-ha-dicho-si-habra-maraton-de-la-cdmx\/\"},\"wordCount\":258,\"commentCount\":0,\"publisher\":{\"@id\":\"https:\/\/soclose.mx\/blog\/#organization\"},\"image\":{\"@id\":\"https:\/\/soclose.mx\/blog\/news-feed\/a-correr-se-ha-dicho-si-habra-maraton-de-la-cdmx\/#primaryimage\"},\"thumbnailUrl\":\"https:\/\/i0.wp.com\/soclose.mx\/blog\/wp-content\/uploads\/2021\/09\/Principal-So-Close-blog-17.jpg?fit=1240%2C700&ssl=1\",\"keywords\":[\"cdmx\",\"maraton\",\"marat\u00f3n cdmx\"],\"articleSection\":[\"News feed\"],\"inLanguage\":\"es\",\"potentialAction\":[{\"@type\":\"CommentAction\",\"name\":\"Comment\",\"target\":[\"https:\/\/soclose.mx\/blog\/news-feed\/a-correr-se-ha-dicho-si-habra-maraton-de-la-cdmx\/#respond\"]}]},{\"@type\":\"WebPage\",\"@id\":\"https:\/\/soclose.mx\/blog\/news-feed\/a-correr-se-ha-dicho-si-habra-maraton-de-la-cdmx\/\",\"url\":\"https:\/\/soclose.mx\/blog\/news-feed\/a-correr-se-ha-dicho-si-habra-maraton-de-la-cdmx\/\",\"name\":\"\u00a1A correr se ha dicho!, s\u00ed habr\u00e1 Marat\u00f3n de la CDMX - So Close\",\"isPartOf\":{\"@id\":\"https:\/\/soclose.mx\/blog\/#website\"},\"primaryImageOfPage\":{\"@id\":\"https:\/\/soclose.mx\/blog\/news-feed\/a-correr-se-ha-dicho-si-habra-maraton-de-la-cdmx\/#primaryimage\"},\"image\":{\"@id\":\"https:\/\/soclose.mx\/blog\/news-feed\/a-correr-se-ha-dicho-si-habra-maraton-de-la-cdmx\/#primaryimage\"},\"thumbnailUrl\":\"https:\/\/i0.wp.com\/soclose.mx\/blog\/wp-content\/uploads\/2021\/09\/Principal-So-Close-blog-17.jpg?fit=1240%2C700&ssl=1\",\"datePublished\":\"2021-09-14T13:08:36+00:00\",\"description\":\"Los participantes al Marat\u00f3n CDMX 2021\u00a0deber\u00e1n presentar su constancia de vacunaci\u00f3n contra Covid-19 y\/o una prueba negativa.\",\"breadcrumb\":{\"@id\":\"https:\/\/soclose.mx\/blog\/news-feed\/a-correr-se-ha-dicho-si-habra-maraton-de-la-cdmx\/#breadcrumb\"},\"inLanguage\":\"es\",\"potentialAction\":[{\"@type\":\"ReadAction\",\"target\":[\"https:\/\/soclose.mx\/blog\/news-feed\/a-correr-se-ha-dicho-si-habra-maraton-de-la-cdmx\/\"]}]},{\"@type\":\"ImageObject\",\"inLanguage\":\"es\",\"@id\":\"https:\/\/soclose.mx\/blog\/news-feed\/a-correr-se-ha-dicho-si-habra-maraton-de-la-cdmx\/#primaryimage\",\"url\":\"https:\/\/i0.wp.com\/soclose.mx\/blog\/wp-content\/uploads\/2021\/09\/Principal-So-Close-blog-17.jpg?fit=1240%2C700&ssl=1\",\"contentUrl\":\"https:\/\/i0.wp.com\/soclose.mx\/blog\/wp-content\/uploads\/2021\/09\/Principal-So-Close-blog-17.jpg?fit=1240%2C700&ssl=1\",\"width\":1240,\"height\":700},{\"@type\":\"BreadcrumbList\",\"@id\":\"https:\/\/soclose.mx\/blog\/news-feed\/a-correr-se-ha-dicho-si-habra-maraton-de-la-cdmx\/#breadcrumb\",\"itemListElement\":[{\"@type\":\"ListItem\",\"position\":1,\"name\":\"Inicio\",\"item\":\"https:\/\/soclose.mx\/blog\/\"},{\"@type\":\"ListItem\",\"position\":2,\"name\":\"\u00a1A correr se ha dicho!, s\u00ed habr\u00e1 Marat\u00f3n de la CDMX\"}]},{\"@type\":\"WebSite\",\"@id\":\"https:\/\/soclose.mx\/blog\/#website\",\"url\":\"https:\/\/soclose.mx\/blog\/\",\"name\":\"So Close\",\"description\":\"Hacemos contenidos de M\u00e9xico\",\"publisher\":{\"@id\":\"https:\/\/soclose.mx\/blog\/#organization\"},\"potentialAction\":[{\"@type\":\"SearchAction\",\"target\":{\"@type\":\"EntryPoint\",\"urlTemplate\":\"https:\/\/soclose.mx\/blog\/?s={search_term_string}\"},\"query-input\":{\"@type\":\"PropertyValueSpecification\",\"valueRequired\":true,\"valueName\":\"search_term_string\"}}],\"inLanguage\":\"es\"},{\"@type\":\"Organization\",\"@id\":\"https:\/\/soclose.mx\/blog\/#organization\",\"name\":\"So Close\",\"url\":\"https:\/\/soclose.mx\/blog\/\",\"logo\":{\"@type\":\"ImageObject\",\"inLanguage\":\"es\",\"@id\":\"https:\/\/soclose.mx\/blog\/#\/schema\/logo\/image\/\",\"url\":\"https:\/\/i0.wp.com\/soclose.mx\/blog\/wp-content\/uploads\/2020\/12\/LOGO_SOCLOSE_COLOR-e1608310133507.png?fit=2858%2C1264&ssl=1\",\"contentUrl\":\"https:\/\/i0.wp.com\/soclose.mx\/blog\/wp-content\/uploads\/2020\/12\/LOGO_SOCLOSE_COLOR-e1608310133507.png?fit=2858%2C1264&ssl=1\",\"width\":2858,\"height\":1264,\"caption\":\"So Close\"},\"image\":{\"@id\":\"https:\/\/soclose.mx\/blog\/#\/schema\/logo\/image\/\"}},{\"@type\":\"Person\",\"@id\":\"https:\/\/soclose.mx\/blog\/#\/schema\/person\/cddec6ccd5d7037d286395fb411e23f1\",\"name\":\"Miguel Angel Romero\",\"image\":{\"@type\":\"ImageObject\",\"inLanguage\":\"es\",\"@id\":\"https:\/\/soclose.mx\/blog\/#\/schema\/person\/image\/\",\"url\":\"https:\/\/secure.gravatar.com\/avatar\/45b44006b4f93497bb24d251f77bc39385015bfa120582412df580dbfcbb14f3?s=96&d=mm&r=g\",\"contentUrl\":\"https:\/\/secure.gravatar.com\/avatar\/45b44006b4f93497bb24d251f77bc39385015bfa120582412df580dbfcbb14f3?s=96&d=mm&r=g\",\"caption\":\"Miguel Angel Romero\"},\"sameAs\":[\"http:\/\/\/mikexever.blogspot.com\/\",\"www.facebook.com\/mikexever\/\",\"https:\/\/x.com\/Mikerecomienda\"],\"url\":\"https:\/\/soclose.mx\/blog\/author\/mike\/\"}]}<\/script>\n<!-- \/ Yoast SEO plugin. -->","yoast_head_json":{"title":"\u00a1A correr se ha dicho!, s\u00ed habr\u00e1 Marat\u00f3n de la CDMX - So Close","description":"Los participantes al Marat\u00f3n CDMX 2021\u00a0deber\u00e1n presentar su constancia de vacunaci\u00f3n contra Covid-19 y\/o una prueba negativa.","robots":{"index":"index","follow":"follow","max-snippet":"max-snippet:-1","max-image-preview":"max-image-preview:large","max-video-preview":"max-video-preview:-1"},"canonical":"https:\/\/soclose.mx\/blog\/news-feed\/a-correr-se-ha-dicho-si-habra-maraton-de-la-cdmx\/","og_locale":"es_MX","og_type":"article","og_title":"\u00a1A correr se ha dicho!, s\u00ed habr\u00e1 Marat\u00f3n de la CDMX - So Close","og_description":"Los participantes al Marat\u00f3n CDMX 2021\u00a0deber\u00e1n presentar su constancia de vacunaci\u00f3n contra Covid-19 y\/o una prueba negativa.","og_url":"https:\/\/soclose.mx\/blog\/news-feed\/a-correr-se-ha-dicho-si-habra-maraton-de-la-cdmx\/","og_site_name":"So Close","article_author":"www.facebook.com\/mikexever\/","article_published_time":"2021-09-14T13:08:36+00:00","og_image":[{"width":1240,"height":700,"url":"https:\/\/i0.wp.com\/soclose.mx\/blog\/wp-content\/uploads\/2021\/09\/Principal-So-Close-blog-17.jpg?fit=1240%2C700&ssl=1","type":"image\/jpeg"}],"author":"Miguel Angel Romero","twitter_card":"summary_large_image","twitter_creator":"@Mikerecomienda","twitter_misc":{"Escrito por":"Miguel Angel Romero","Tiempo de lectura":"2 minutos"},"schema":{"@context":"https:\/\/schema.org","@graph":[{"@type":"Article","@id":"https:\/\/soclose.mx\/blog\/news-feed\/a-correr-se-ha-dicho-si-habra-maraton-de-la-cdmx\/#article","isPartOf":{"@id":"https:\/\/soclose.mx\/blog\/news-feed\/a-correr-se-ha-dicho-si-habra-maraton-de-la-cdmx\/"},"author":{"name":"Miguel Angel Romero","@id":"https:\/\/soclose.mx\/blog\/#\/schema\/person\/cddec6ccd5d7037d286395fb411e23f1"},"headline":"\u00a1A correr se ha dicho!, s\u00ed habr\u00e1 Marat\u00f3n de la CDMX","datePublished":"2021-09-14T13:08:36+00:00","mainEntityOfPage":{"@id":"https:\/\/soclose.mx\/blog\/news-feed\/a-correr-se-ha-dicho-si-habra-maraton-de-la-cdmx\/"},"wordCount":258,"commentCount":0,"publisher":{"@id":"https:\/\/soclose.mx\/blog\/#organization"},"image":{"@id":"https:\/\/soclose.mx\/blog\/news-feed\/a-correr-se-ha-dicho-si-habra-maraton-de-la-cdmx\/#primaryimage"},"thumbnailUrl":"https:\/\/i0.wp.com\/soclose.mx\/blog\/wp-content\/uploads\/2021\/09\/Principal-So-Close-blog-17.jpg?fit=1240%2C700&ssl=1","keywords":["cdmx","maraton","marat\u00f3n cdmx"],"articleSection":["News feed"],"inLanguage":"es","potentialAction":[{"@type":"CommentAction","name":"Comment","target":["https:\/\/soclose.mx\/blog\/news-feed\/a-correr-se-ha-dicho-si-habra-maraton-de-la-cdmx\/#respond"]}]},{"@type":"WebPage","@id":"https:\/\/soclose.mx\/blog\/news-feed\/a-correr-se-ha-dicho-si-habra-maraton-de-la-cdmx\/","url":"https:\/\/soclose.mx\/blog\/news-feed\/a-correr-se-ha-dicho-si-habra-maraton-de-la-cdmx\/","name":"\u00a1A correr se ha dicho!, s\u00ed habr\u00e1 Marat\u00f3n de la CDMX - So Close","isPartOf":{"@id":"https:\/\/soclose.mx\/blog\/#website"},"primaryImageOfPage":{"@id":"https:\/\/soclose.mx\/blog\/news-feed\/a-correr-se-ha-dicho-si-habra-maraton-de-la-cdmx\/#primaryimage"},"image":{"@id":"https:\/\/soclose.mx\/blog\/news-feed\/a-correr-se-ha-dicho-si-habra-maraton-de-la-cdmx\/#primaryimage"},"thumbnailUrl":"https:\/\/i0.wp.com\/soclose.mx\/blog\/wp-content\/uploads\/2021\/09\/Principal-So-Close-blog-17.jpg?fit=1240%2C700&ssl=1","datePublished":"2021-09-14T13:08:36+00:00","description":"Los participantes al Marat\u00f3n CDMX 2021\u00a0deber\u00e1n presentar su constancia de vacunaci\u00f3n contra Covid-19 y\/o una prueba negativa.","breadcrumb":{"@id":"https:\/\/soclose.mx\/blog\/news-feed\/a-correr-se-ha-dicho-si-habra-maraton-de-la-cdmx\/#breadcrumb"},"inLanguage":"es","potentialAction":[{"@type":"ReadAction","target":["https:\/\/soclose.mx\/blog\/news-feed\/a-correr-se-ha-dicho-si-habra-maraton-de-la-cdmx\/"]}]},{"@type":"ImageObject","inLanguage":"es","@id":"https:\/\/soclose.mx\/blog\/news-feed\/a-correr-se-ha-dicho-si-habra-maraton-de-la-cdmx\/#primaryimage","url":"https:\/\/i0.wp.com\/soclose.mx\/blog\/wp-content\/uploads\/2021\/09\/Principal-So-Close-blog-17.jpg?fit=1240%2C700&ssl=1","contentUrl":"https:\/\/i0.wp.com\/soclose.mx\/blog\/wp-content\/uploads\/2021\/09\/Principal-So-Close-blog-17.jpg?fit=1240%2C700&ssl=1","width":1240,"height":700},{"@type":"BreadcrumbList","@id":"https:\/\/soclose.mx\/blog\/news-feed\/a-correr-se-ha-dicho-si-habra-maraton-de-la-cdmx\/#breadcrumb","itemListElement":[{"@type":"ListItem","position":1,"name":"Inicio","item":"https:\/\/soclose.mx\/blog\/"},{"@type":"ListItem","position":2,"name":"\u00a1A correr se ha dicho!, s\u00ed habr\u00e1 Marat\u00f3n de la CDMX"}]},{"@type":"WebSite","@id":"https:\/\/soclose.mx\/blog\/#website","url":"https:\/\/soclose.mx\/blog\/","name":"So Close","description":"Hacemos contenidos de M\u00e9xico","publisher":{"@id":"https:\/\/soclose.mx\/blog\/#organization"},"potentialAction":[{"@type":"SearchAction","target":{"@type":"EntryPoint","urlTemplate":"https:\/\/soclose.mx\/blog\/?s={search_term_string}"},"query-input":{"@type":"PropertyValueSpecification","valueRequired":true,"valueName":"search_term_string"}}],"inLanguage":"es"},{"@type":"Organization","@id":"https:\/\/soclose.mx\/blog\/#organization","name":"So Close","url":"https:\/\/soclose.mx\/blog\/","logo":{"@type":"ImageObject","inLanguage":"es","@id":"https:\/\/soclose.mx\/blog\/#\/schema\/logo\/image\/","url":"https:\/\/i0.wp.com\/soclose.mx\/blog\/wp-content\/uploads\/2020\/12\/LOGO_SOCLOSE_COLOR-e1608310133507.png?fit=2858%2C1264&ssl=1","contentUrl":"https:\/\/i0.wp.com\/soclose.mx\/blog\/wp-content\/uploads\/2020\/12\/LOGO_SOCLOSE_COLOR-e1608310133507.png?fit=2858%2C1264&ssl=1","width":2858,"height":1264,"caption":"So Close"},"image":{"@id":"https:\/\/soclose.mx\/blog\/#\/schema\/logo\/image\/"}},{"@type":"Person","@id":"https:\/\/soclose.mx\/blog\/#\/schema\/person\/cddec6ccd5d7037d286395fb411e23f1","name":"Miguel Angel Romero","image":{"@type":"ImageObject","inLanguage":"es","@id":"https:\/\/soclose.mx\/blog\/#\/schema\/person\/image\/","url":"https:\/\/secure.gravatar.com\/avatar\/45b44006b4f93497bb24d251f77bc39385015bfa120582412df580dbfcbb14f3?s=96&d=mm&r=g","contentUrl":"https:\/\/secure.gravatar.com\/avatar\/45b44006b4f93497bb24d251f77bc39385015bfa120582412df580dbfcbb14f3?s=96&d=mm&r=g","caption":"Miguel Angel Romero"},"sameAs":["http:\/\/\/mikexever.blogspot.com\/","www.facebook.com\/mikexever\/","https:\/\/x.com\/Mikerecomienda"],"url":"https:\/\/soclose.mx\/blog\/author\/mike\/"}]}},"jetpack_featured_media_url":"https:\/\/i0.wp.com\/soclose.mx\/blog\/wp-content\/uploads\/2021\/09\/Principal-So-Close-blog-17.jpg?fit=1240%2C700&ssl=1","jetpack-related-posts":[{"id":14643,"url":"https:\/\/soclose.mx\/blog\/news-feed\/maraton-de-la-cdmx-2025-preparate-para-la-gran-carrera\/","url_meta":{"origin":7246,"position":0},"title":"Marat\u00f3n de la CDMX 2025: \u00a1Prep\u00e1rate para la gran carrera!","author":"So Close","date":"13 febrero, 2025","format":false,"excerpt":"El Marat\u00f3n de la CDMX 2025 es uno de los eventos deportivos m\u00e1s esperados del a\u00f1o. En su edici\u00f3n 2025, corredores de todo el mundo se dar\u00e1n cita en la capital mexicana para desafiar sus l\u00edmites y recorrer las emblem\u00e1ticas calles de la ciudad. Si eres un apasionado del running,\u2026","rel":"","context":"En &quot;News feed&quot;","block_context":{"text":"News feed","link":"https:\/\/soclose.mx\/blog\/category\/news-feed\/"},"img":{"alt_text":"Marat\u00f3n CDMX","src":"https:\/\/i0.wp.com\/soclose.mx\/blog\/wp-content\/uploads\/2025\/01\/Maraton-CDMX.jpg?fit=1200%2C675&ssl=1&resize=350%2C200","width":350,"height":200,"srcset":"https:\/\/i0.wp.com\/soclose.mx\/blog\/wp-content\/uploads\/2025\/01\/Maraton-CDMX.jpg?fit=1200%2C675&ssl=1&resize=350%2C200 1x, https:\/\/i0.wp.com\/soclose.mx\/blog\/wp-content\/uploads\/2025\/01\/Maraton-CDMX.jpg?fit=1200%2C675&ssl=1&resize=525%2C300 1.5x, https:\/\/i0.wp.com\/soclose.mx\/blog\/wp-content\/uploads\/2025\/01\/Maraton-CDMX.jpg?fit=1200%2C675&ssl=1&resize=700%2C400 2x, https:\/\/i0.wp.com\/soclose.mx\/blog\/wp-content\/uploads\/2025\/01\/Maraton-CDMX.jpg?fit=1200%2C675&ssl=1&resize=1050%2C600 3x"},"classes":[]},{"id":14699,"url":"https:\/\/soclose.mx\/blog\/news-feed\/entrenamientos-gratis-para-el-maraton-de-la-cdmx-2025-fechas-rutas-y-como-inscribirte\/","url_meta":{"origin":7246,"position":1},"title":"Entrenamientos gratis para el Marat\u00f3n de la CDMX 2025: Fechas, Rutas y C\u00f3mo Inscribirte","author":"So Close","date":"14 febrero, 2025","format":false,"excerpt":"El Marat\u00f3n de la Ciudad de M\u00e9xico (CDMX) 2025 est\u00e1 a la vuelta de la esquina, y para apoyar a los corredores en su preparaci\u00f3n, el Gobierno de la CDMX ha organizado entrenamientos gratuitos dirigidos por expertos. Aqu\u00ed te contamos todos los detalles sobre los entrenamientos gratis para el Marat\u00f3n\u2026","rel":"","context":"En &quot;News feed&quot;","block_context":{"text":"News feed","link":"https:\/\/soclose.mx\/blog\/category\/news-feed\/"},"img":{"alt_text":"Entrenamientos gratis para marat\u00f3n de la CDMX","src":"https:\/\/i0.wp.com\/soclose.mx\/blog\/wp-content\/uploads\/2025\/02\/Entrenamientos-gratis-para-maraton-de-la-cdmx.jpg?fit=1200%2C675&ssl=1&resize=350%2C200","width":350,"height":200,"srcset":"https:\/\/i0.wp.com\/soclose.mx\/blog\/wp-content\/uploads\/2025\/02\/Entrenamientos-gratis-para-maraton-de-la-cdmx.jpg?fit=1200%2C675&ssl=1&resize=350%2C200 1x, https:\/\/i0.wp.com\/soclose.mx\/blog\/wp-content\/uploads\/2025\/02\/Entrenamientos-gratis-para-maraton-de-la-cdmx.jpg?fit=1200%2C675&ssl=1&resize=525%2C300 1.5x, https:\/\/i0.wp.com\/soclose.mx\/blog\/wp-content\/uploads\/2025\/02\/Entrenamientos-gratis-para-maraton-de-la-cdmx.jpg?fit=1200%2C675&ssl=1&resize=700%2C400 2x, https:\/\/i0.wp.com\/soclose.mx\/blog\/wp-content\/uploads\/2025\/02\/Entrenamientos-gratis-para-maraton-de-la-cdmx.jpg?fit=1200%2C675&ssl=1&resize=1050%2C600 3x"},"classes":[]},{"id":7004,"url":"https:\/\/soclose.mx\/blog\/news-feed\/top-9-ciudades-de-mexico-con-el-internet-movil-mas-rapido\/","url_meta":{"origin":7246,"position":2},"title":"Top 9: Ciudades de M\u00e9xico con el internet m\u00f3vil m\u00e1s r\u00e1pido","author":"Miguel Angel Romero","date":"28 agosto, 2021","format":false,"excerpt":"S\u00ed, seamos francos, a veces estamos peleando con el internet (y la lentitud de \u00e9ste), y es por eso que un nuevo estudio revel\u00f3 que en algunas ciudades del pa\u00eds la velocidad de carga y de descarga del internet m\u00f3vil\u00a0es m\u00e1s eficiente que en otras. Speedtest, la conocida plataforma para\u2026","rel":"","context":"En &quot;News feed&quot;","block_context":{"text":"News feed","link":"https:\/\/soclose.mx\/blog\/category\/news-feed\/"},"img":{"alt_text":"","src":"https:\/\/i0.wp.com\/soclose.mx\/blog\/wp-content\/uploads\/2021\/08\/Principal-So-Close-blog-34.jpg?fit=1200%2C677&ssl=1&resize=350%2C200","width":350,"height":200,"srcset":"https:\/\/i0.wp.com\/soclose.mx\/blog\/wp-content\/uploads\/2021\/08\/Principal-So-Close-blog-34.jpg?fit=1200%2C677&ssl=1&resize=350%2C200 1x, https:\/\/i0.wp.com\/soclose.mx\/blog\/wp-content\/uploads\/2021\/08\/Principal-So-Close-blog-34.jpg?fit=1200%2C677&ssl=1&resize=525%2C300 1.5x, https:\/\/i0.wp.com\/soclose.mx\/blog\/wp-content\/uploads\/2021\/08\/Principal-So-Close-blog-34.jpg?fit=1200%2C677&ssl=1&resize=700%2C400 2x, https:\/\/i0.wp.com\/soclose.mx\/blog\/wp-content\/uploads\/2021\/08\/Principal-So-Close-blog-34.jpg?fit=1200%2C677&ssl=1&resize=1050%2C600 3x"},"classes":[]},{"id":14958,"url":"https:\/\/soclose.mx\/blog\/ay-goeeee\/regina-yamin-la-corredora-mexicana-que-domina-el-maraton-master\/","url_meta":{"origin":7246,"position":3},"title":"Regina Yam\u00edn: la corredora mexicana que domina el marat\u00f3n m\u00e1ster","author":"So Close","date":"5 noviembre, 2025","format":false,"excerpt":"Regina Yam\u00edn: la corredora mexicana, es de Le\u00f3n, Guanajuato, es una de las corredoras m\u00e1s destacadas y sin duda una de las chingonas en la escena del marat\u00f3n m\u00e1ster a nivel mundial. Desde sus inicios, su amor por el atletismo la llev\u00f3 a convertirse en una atleta ejemplar, superando obst\u00e1culos\u2026","rel":"","context":"En &quot;\u00a1Ay goeeee!&quot;","block_context":{"text":"\u00a1Ay goeeee!","link":"https:\/\/soclose.mx\/blog\/category\/ay-goeeee\/"},"img":{"alt_text":"Regina Yam\u00edn, maratonista mexicana","src":"https:\/\/i0.wp.com\/soclose.mx\/blog\/wp-content\/uploads\/2025\/11\/Salma-Hayek.jpg?fit=1200%2C675&ssl=1&resize=350%2C200","width":350,"height":200,"srcset":"https:\/\/i0.wp.com\/soclose.mx\/blog\/wp-content\/uploads\/2025\/11\/Salma-Hayek.jpg?fit=1200%2C675&ssl=1&resize=350%2C200 1x, https:\/\/i0.wp.com\/soclose.mx\/blog\/wp-content\/uploads\/2025\/11\/Salma-Hayek.jpg?fit=1200%2C675&ssl=1&resize=525%2C300 1.5x, https:\/\/i0.wp.com\/soclose.mx\/blog\/wp-content\/uploads\/2025\/11\/Salma-Hayek.jpg?fit=1200%2C675&ssl=1&resize=700%2C400 2x, https:\/\/i0.wp.com\/soclose.mx\/blog\/wp-content\/uploads\/2025\/11\/Salma-Hayek.jpg?fit=1200%2C675&ssl=1&resize=1050%2C600 3x"},"classes":[]},{"id":14532,"url":"https:\/\/soclose.mx\/blog\/news-feed\/conciertos-navidenos-en-el-zocalo-de-la-cdmx-horarios-y-artistas\/","url_meta":{"origin":7246,"position":4},"title":"\u00a1Conciertos Navide\u00f1os en el Z\u00f3calo de la CDMX! | horarios y artistas","author":"So Close","date":"10 diciembre, 2024","format":false,"excerpt":"La Ciudad de M\u00e9xico se viste de gala durante la temporada navide\u00f1a, y el centro capitalino es el epicentro de las festividades con Conciertos Navide\u00f1os en el Z\u00f3calo de la CDMX. La Verbena Navide\u00f1a es un evento imperdible para locales y turistas, que ofrece una amplia variedad de actividades, entre\u2026","rel":"","context":"En &quot;News feed&quot;","block_context":{"text":"News feed","link":"https:\/\/soclose.mx\/blog\/category\/news-feed\/"},"img":{"alt_text":"Navidad en el zocalo de la CDMX","src":"https:\/\/i0.wp.com\/soclose.mx\/blog\/wp-content\/uploads\/2024\/12\/navidad-en-el-zocalo-cdmx.jpg?fit=1200%2C675&ssl=1&resize=350%2C200","width":350,"height":200,"srcset":"https:\/\/i0.wp.com\/soclose.mx\/blog\/wp-content\/uploads\/2024\/12\/navidad-en-el-zocalo-cdmx.jpg?fit=1200%2C675&ssl=1&resize=350%2C200 1x, https:\/\/i0.wp.com\/soclose.mx\/blog\/wp-content\/uploads\/2024\/12\/navidad-en-el-zocalo-cdmx.jpg?fit=1200%2C675&ssl=1&resize=525%2C300 1.5x, https:\/\/i0.wp.com\/soclose.mx\/blog\/wp-content\/uploads\/2024\/12\/navidad-en-el-zocalo-cdmx.jpg?fit=1200%2C675&ssl=1&resize=700%2C400 2x, https:\/\/i0.wp.com\/soclose.mx\/blog\/wp-content\/uploads\/2024\/12\/navidad-en-el-zocalo-cdmx.jpg?fit=1200%2C675&ssl=1&resize=1050%2C600 3x"},"classes":[]},{"id":6216,"url":"https:\/\/soclose.mx\/blog\/news-feed\/si-habra-festival-del-pulque-en-la-cdmx\/","url_meta":{"origin":7246,"position":5},"title":"S\u00ed habr\u00e1 festival del pulque en la CDMX","author":"So Close","date":"14 junio, 2021","format":false,"excerpt":"Luego de que el a\u00f1o pasado no se llev\u00f3 a cabo el Festival del Pulque y del Mezcal en la Ciudad de M\u00e9xico por la llegada de la pandemia de la Covid19, este 2021 han confirmado que s\u00ed se realizar\u00e1 esta anhelada exposici\u00f3n. Aqu\u00ed te dejamos los cinco datos para\u2026","rel":"","context":"En &quot;News feed&quot;","block_context":{"text":"News feed","link":"https:\/\/soclose.mx\/blog\/category\/news-feed\/"},"img":{"alt_text":"","src":"https:\/\/i0.wp.com\/soclose.mx\/blog\/wp-content\/uploads\/2021\/06\/pulque.jpeg?fit=1200%2C677&ssl=1&resize=350%2C200","width":350,"height":200,"srcset":"https:\/\/i0.wp.com\/soclose.mx\/blog\/wp-content\/uploads\/2021\/06\/pulque.jpeg?fit=1200%2C677&ssl=1&resize=350%2C200 1x, https:\/\/i0.wp.com\/soclose.mx\/blog\/wp-content\/uploads\/2021\/06\/pulque.jpeg?fit=1200%2C677&ssl=1&resize=525%2C300 1.5x, https:\/\/i0.wp.com\/soclose.mx\/blog\/wp-content\/uploads\/2021\/06\/pulque.jpeg?fit=1200%2C677&ssl=1&resize=700%2C400 2x, https:\/\/i0.wp.com\/soclose.mx\/blog\/wp-content\/uploads\/2021\/06\/pulque.jpeg?fit=1200%2C677&ssl=1&resize=1050%2C600 3x"},"classes":[]}],"jetpack_sharing_enabled":true,"_links":{"self":[{"href":"https:\/\/soclose.mx\/blog\/wp-json\/wp\/v2\/posts\/7246","targetHints":{"allow":["GET"]}}],"collection":[{"href":"https:\/\/soclose.mx\/blog\/wp-json\/wp\/v2\/posts"}],"about":[{"href":"https:\/\/soclose.mx\/blog\/wp-json\/wp\/v2\/types\/post"}],"author":[{"embeddable":true,"href":"https:\/\/soclose.mx\/blog\/wp-json\/wp\/v2\/users\/8"}],"replies":[{"embeddable":true,"href":"https:\/\/soclose.mx\/blog\/wp-json\/wp\/v2\/comments?post=7246"}],"version-history":[{"count":0,"href":"https:\/\/soclose.mx\/blog\/wp-json\/wp\/v2\/posts\/7246\/revisions"}],"wp:featuredmedia":[{"embeddable":true,"href":"https:\/\/soclose.mx\/blog\/wp-json\/wp\/v2\/media\/7247"}],"wp:attachment":[{"href":"https:\/\/soclose.mx\/blog\/wp-json\/wp\/v2\/media?parent=7246"}],"wp:term":[{"taxonomy":"category","embeddable":true,"href":"https:\/\/soclose.mx\/blog\/wp-json\/wp\/v2\/categories?post=7246"},{"taxonomy":"post_tag","embeddable":true,"href":"https:\/\/soclose.mx\/blog\/wp-json\/wp\/v2\/tags?post=7246"}],"curies":[{"name":"wp","href":"https:\/\/api.w.org\/{rel}","templated":true}]}}