{"id":7251,"date":"2021-09-16T10:57:50","date_gmt":"2021-09-16T15:57:50","guid":{"rendered":"https:\/\/soclose.mx\/blog\/?p=7251"},"modified":"2021-09-14T23:13:48","modified_gmt":"2021-09-15T04:13:48","slug":"lanzate-al-tianguis-de-pulque-cerveza-y-lucha-libre-en-tlatelolco","status":"publish","type":"post","link":"https:\/\/soclose.mx\/blog\/news-feed\/lanzate-al-tianguis-de-pulque-cerveza-y-lucha-libre-en-tlatelolco\/","title":{"rendered":"\u00a1L\u00e1nzate al tianguis de pulque, cerveza y lucha libre en Tlatelolco!"},"content":{"rendered":"<p>Qu\u00e9 mejor manera de cerrar una semana muy mexicana que con el <strong><a href=\"https:\/\/www.facebook.com\/TianguisDelPulque\/\" target=\"_blank\" rel=\"noopener\">tianguis del Pulque y la Cerveza 2021<\/a>, <\/strong>el festival que se llevar\u00e1 a cabo este <strong>s\u00e1bado 18 y domingo 19 de septiembre, <\/strong>en el <strong>Centro de Convenciones de<\/strong> <strong>Tlatelolco<\/strong>.<\/p>\n<p>El evento se realizar\u00e1 un espacio grande para que puedas disfrutar de cada uno de los expositores sin riesgo alguno, siempre con sana distancia, en este podr\u00e1s conocer a productores mexicanos de pulque y cerveza artesanal.<\/p>\n<p>Adem\u00e1s, podr\u00e1s convivir con leyendas de la lucha libre como <strong>Los Payasos, Coco Rojo, Coco Verde, Coco Dark, Hurac\u00e1n Ram\u00edrez, S\u00faper Mu\u00f1eco, Pentag\u00f3n<\/strong> y otros 30 luchadores m\u00e1s que se estar\u00e1n anunciando las redes sociales.<\/p>\n<p>Podr\u00e1s bailar al ritmo de Sonido Boston y Dinast\u00eda Arellano y otros m\u00fasicos invitados para amenizar el evento y, por supuesto, <em>cosplayers<\/em> de distintos animes.<\/p>\n<p><img data-recalc-dims=\"1\" fetchpriority=\"high\" decoding=\"async\" class=\"alignnone size-medium wp-image-7254\" src=\"https:\/\/i0.wp.com\/soclose.mx\/blog\/wp-content\/uploads\/2021\/09\/241725254_4776560215695866_6937696502831828388_n.jpg?resize=300%2C300&#038;ssl=1\" alt=\"\" width=\"300\" height=\"300\" srcset=\"https:\/\/i0.wp.com\/soclose.mx\/blog\/wp-content\/uploads\/2021\/09\/241725254_4776560215695866_6937696502831828388_n.jpg?resize=300%2C300&amp;ssl=1 300w, https:\/\/i0.wp.com\/soclose.mx\/blog\/wp-content\/uploads\/2021\/09\/241725254_4776560215695866_6937696502831828388_n.jpg?resize=150%2C150&amp;ssl=1 150w, https:\/\/i0.wp.com\/soclose.mx\/blog\/wp-content\/uploads\/2021\/09\/241725254_4776560215695866_6937696502831828388_n.jpg?resize=12%2C12&amp;ssl=1 12w, https:\/\/i0.wp.com\/soclose.mx\/blog\/wp-content\/uploads\/2021\/09\/241725254_4776560215695866_6937696502831828388_n.jpg?resize=110%2C110&amp;ssl=1 110w, https:\/\/i0.wp.com\/soclose.mx\/blog\/wp-content\/uploads\/2021\/09\/241725254_4776560215695866_6937696502831828388_n.jpg?w=526&amp;ssl=1 526w\" sizes=\"(max-width: 300px) 100vw, 300px\" \/><\/p>\n<p><strong>Cu\u00e1ndo:\u00a0<\/strong>18 y 19 de septiembre 2021<\/p>\n<p><strong>D\u00f3nde:\u00a0<\/strong>Centro de Convenciones Tlatelolco. Manuel Gonz\u00e1lez #171, San Sim\u00f3n Tolnahuac.<\/p>\n<p><strong>Horario:\u00a0<\/strong>12-19 h.<\/p>\n<p><strong>Precio:\u00a0<\/strong>$20 pesos<\/p>\n<p>&nbsp;<\/p>\n","protected":false},"excerpt":{"rendered":"<p>Qu\u00e9 mejor manera de cerrar una semana muy mexicana que con el tianguis del Pulque y la Cerveza 2021, el festival que se llevar\u00e1 a cabo este s\u00e1bado 18 y domingo 19 de septiembre, en el Centro de Convenciones de Tlatelolco. El evento se realizar\u00e1 un espacio grande para que puedas disfrutar de cada uno de los expositores sin riesgo alguno, siempre con sana distancia, en este podr\u00e1s conocer a productores mexicanos de pulque y cerveza artesanal. Adem\u00e1s, podr\u00e1s convivir con leyendas de la lucha libre como Los Payasos, Coco Rojo, Coco Verde, Coco Dark, Hurac\u00e1n Ram\u00edrez, S\u00faper Mu\u00f1eco, Pentag\u00f3n<\/p>\n","protected":false},"author":8,"featured_media":7252,"comment_status":"open","ping_status":"open","sticky":false,"template":"","format":"standard","meta":{"_jetpack_memberships_contains_paid_content":false,"footnotes":""},"categories":[628],"tags":[273,512,291,470],"class_list":["post-7251","post","type-post","status-publish","format-standard","has-post-thumbnail","hentry","category-news-feed","tag-cerveza","tag-lucha-libre","tag-pulque","tag-tianguis"],"yoast_head":"<!-- This site is optimized with the Yoast SEO plugin v26.7 - https:\/\/yoast.com\/wordpress\/plugins\/seo\/ -->\n<title>\u00a1L\u00e1nzate al tianguis de pulque, cerveza y lucha libre en Tlatelolco! - So Close<\/title>\n<meta name=\"description\" content=\"El tianguis del pulque y la cerveza que se llevar\u00e1 a cabo el 18 y 19 de septiembre promete un ambiente para conocer a productores mexicanos y a tus \u00eddolos de la luche libre.\" \/>\n<meta name=\"robots\" content=\"index, follow, max-snippet:-1, max-image-preview:large, max-video-preview:-1\" \/>\n<link rel=\"canonical\" href=\"https:\/\/soclose.mx\/blog\/news-feed\/lanzate-al-tianguis-de-pulque-cerveza-y-lucha-libre-en-tlatelolco\/\" \/>\n<meta property=\"og:locale\" content=\"es_MX\" \/>\n<meta property=\"og:type\" content=\"article\" \/>\n<meta property=\"og:title\" content=\"\u00a1L\u00e1nzate al tianguis de pulque, cerveza y lucha libre en Tlatelolco! - So Close\" \/>\n<meta property=\"og:description\" content=\"El tianguis del pulque y la cerveza que se llevar\u00e1 a cabo el 18 y 19 de septiembre promete un ambiente para conocer a productores mexicanos y a tus \u00eddolos de la luche libre.\" \/>\n<meta property=\"og:url\" content=\"https:\/\/soclose.mx\/blog\/news-feed\/lanzate-al-tianguis-de-pulque-cerveza-y-lucha-libre-en-tlatelolco\/\" \/>\n<meta property=\"og:site_name\" content=\"So Close\" \/>\n<meta property=\"article:author\" content=\"www.facebook.com\/mikexever\/\" \/>\n<meta property=\"article:published_time\" content=\"2021-09-16T15:57:50+00:00\" \/>\n<meta property=\"og:image\" content=\"https:\/\/i0.wp.com\/soclose.mx\/blog\/wp-content\/uploads\/2021\/09\/Principal-So-Close-blog-18.jpg?fit=1240%2C700&ssl=1\" \/>\n\t<meta property=\"og:image:width\" content=\"1240\" \/>\n\t<meta property=\"og:image:height\" content=\"700\" \/>\n\t<meta property=\"og:image:type\" content=\"image\/jpeg\" \/>\n<meta name=\"author\" content=\"Miguel Angel Romero\" \/>\n<meta name=\"twitter:card\" content=\"summary_large_image\" \/>\n<meta name=\"twitter:creator\" content=\"@Mikerecomienda\" \/>\n<meta name=\"twitter:label1\" content=\"Escrito por\" \/>\n\t<meta name=\"twitter:data1\" content=\"Miguel Angel Romero\" \/>\n\t<meta name=\"twitter:label2\" content=\"Tiempo de lectura\" \/>\n\t<meta name=\"twitter:data2\" content=\"1 minuto\" \/>\n<script type=\"application\/ld+json\" class=\"yoast-schema-graph\">{\"@context\":\"https:\/\/schema.org\",\"@graph\":[{\"@type\":\"Article\",\"@id\":\"https:\/\/soclose.mx\/blog\/news-feed\/lanzate-al-tianguis-de-pulque-cerveza-y-lucha-libre-en-tlatelolco\/#article\",\"isPartOf\":{\"@id\":\"https:\/\/soclose.mx\/blog\/news-feed\/lanzate-al-tianguis-de-pulque-cerveza-y-lucha-libre-en-tlatelolco\/\"},\"author\":{\"name\":\"Miguel Angel Romero\",\"@id\":\"https:\/\/soclose.mx\/blog\/#\/schema\/person\/cddec6ccd5d7037d286395fb411e23f1\"},\"headline\":\"\u00a1L\u00e1nzate al tianguis de pulque, cerveza y lucha libre en Tlatelolco!\",\"datePublished\":\"2021-09-16T15:57:50+00:00\",\"mainEntityOfPage\":{\"@id\":\"https:\/\/soclose.mx\/blog\/news-feed\/lanzate-al-tianguis-de-pulque-cerveza-y-lucha-libre-en-tlatelolco\/\"},\"wordCount\":183,\"commentCount\":0,\"publisher\":{\"@id\":\"https:\/\/soclose.mx\/blog\/#organization\"},\"image\":{\"@id\":\"https:\/\/soclose.mx\/blog\/news-feed\/lanzate-al-tianguis-de-pulque-cerveza-y-lucha-libre-en-tlatelolco\/#primaryimage\"},\"thumbnailUrl\":\"https:\/\/i0.wp.com\/soclose.mx\/blog\/wp-content\/uploads\/2021\/09\/Principal-So-Close-blog-18.jpg?fit=1240%2C700&ssl=1\",\"keywords\":[\"cerveza\",\"lucha libre\",\"pulque\",\"tianguis\"],\"articleSection\":[\"News feed\"],\"inLanguage\":\"es\",\"potentialAction\":[{\"@type\":\"CommentAction\",\"name\":\"Comment\",\"target\":[\"https:\/\/soclose.mx\/blog\/news-feed\/lanzate-al-tianguis-de-pulque-cerveza-y-lucha-libre-en-tlatelolco\/#respond\"]}]},{\"@type\":\"WebPage\",\"@id\":\"https:\/\/soclose.mx\/blog\/news-feed\/lanzate-al-tianguis-de-pulque-cerveza-y-lucha-libre-en-tlatelolco\/\",\"url\":\"https:\/\/soclose.mx\/blog\/news-feed\/lanzate-al-tianguis-de-pulque-cerveza-y-lucha-libre-en-tlatelolco\/\",\"name\":\"\u00a1L\u00e1nzate al tianguis de pulque, cerveza y lucha libre en Tlatelolco! - So Close\",\"isPartOf\":{\"@id\":\"https:\/\/soclose.mx\/blog\/#website\"},\"primaryImageOfPage\":{\"@id\":\"https:\/\/soclose.mx\/blog\/news-feed\/lanzate-al-tianguis-de-pulque-cerveza-y-lucha-libre-en-tlatelolco\/#primaryimage\"},\"image\":{\"@id\":\"https:\/\/soclose.mx\/blog\/news-feed\/lanzate-al-tianguis-de-pulque-cerveza-y-lucha-libre-en-tlatelolco\/#primaryimage\"},\"thumbnailUrl\":\"https:\/\/i0.wp.com\/soclose.mx\/blog\/wp-content\/uploads\/2021\/09\/Principal-So-Close-blog-18.jpg?fit=1240%2C700&ssl=1\",\"datePublished\":\"2021-09-16T15:57:50+00:00\",\"description\":\"El tianguis del pulque y la cerveza que se llevar\u00e1 a cabo el 18 y 19 de septiembre promete un ambiente para conocer a productores mexicanos y a tus \u00eddolos de la luche libre.\",\"breadcrumb\":{\"@id\":\"https:\/\/soclose.mx\/blog\/news-feed\/lanzate-al-tianguis-de-pulque-cerveza-y-lucha-libre-en-tlatelolco\/#breadcrumb\"},\"inLanguage\":\"es\",\"potentialAction\":[{\"@type\":\"ReadAction\",\"target\":[\"https:\/\/soclose.mx\/blog\/news-feed\/lanzate-al-tianguis-de-pulque-cerveza-y-lucha-libre-en-tlatelolco\/\"]}]},{\"@type\":\"ImageObject\",\"inLanguage\":\"es\",\"@id\":\"https:\/\/soclose.mx\/blog\/news-feed\/lanzate-al-tianguis-de-pulque-cerveza-y-lucha-libre-en-tlatelolco\/#primaryimage\",\"url\":\"https:\/\/i0.wp.com\/soclose.mx\/blog\/wp-content\/uploads\/2021\/09\/Principal-So-Close-blog-18.jpg?fit=1240%2C700&ssl=1\",\"contentUrl\":\"https:\/\/i0.wp.com\/soclose.mx\/blog\/wp-content\/uploads\/2021\/09\/Principal-So-Close-blog-18.jpg?fit=1240%2C700&ssl=1\",\"width\":1240,\"height\":700},{\"@type\":\"BreadcrumbList\",\"@id\":\"https:\/\/soclose.mx\/blog\/news-feed\/lanzate-al-tianguis-de-pulque-cerveza-y-lucha-libre-en-tlatelolco\/#breadcrumb\",\"itemListElement\":[{\"@type\":\"ListItem\",\"position\":1,\"name\":\"Inicio\",\"item\":\"https:\/\/soclose.mx\/blog\/\"},{\"@type\":\"ListItem\",\"position\":2,\"name\":\"\u00a1L\u00e1nzate al tianguis de pulque, cerveza y lucha libre en Tlatelolco!\"}]},{\"@type\":\"WebSite\",\"@id\":\"https:\/\/soclose.mx\/blog\/#website\",\"url\":\"https:\/\/soclose.mx\/blog\/\",\"name\":\"So Close\",\"description\":\"Hacemos contenidos de M\u00e9xico\",\"publisher\":{\"@id\":\"https:\/\/soclose.mx\/blog\/#organization\"},\"potentialAction\":[{\"@type\":\"SearchAction\",\"target\":{\"@type\":\"EntryPoint\",\"urlTemplate\":\"https:\/\/soclose.mx\/blog\/?s={search_term_string}\"},\"query-input\":{\"@type\":\"PropertyValueSpecification\",\"valueRequired\":true,\"valueName\":\"search_term_string\"}}],\"inLanguage\":\"es\"},{\"@type\":\"Organization\",\"@id\":\"https:\/\/soclose.mx\/blog\/#organization\",\"name\":\"So Close\",\"url\":\"https:\/\/soclose.mx\/blog\/\",\"logo\":{\"@type\":\"ImageObject\",\"inLanguage\":\"es\",\"@id\":\"https:\/\/soclose.mx\/blog\/#\/schema\/logo\/image\/\",\"url\":\"https:\/\/i0.wp.com\/soclose.mx\/blog\/wp-content\/uploads\/2020\/12\/LOGO_SOCLOSE_COLOR-e1608310133507.png?fit=2858%2C1264&ssl=1\",\"contentUrl\":\"https:\/\/i0.wp.com\/soclose.mx\/blog\/wp-content\/uploads\/2020\/12\/LOGO_SOCLOSE_COLOR-e1608310133507.png?fit=2858%2C1264&ssl=1\",\"width\":2858,\"height\":1264,\"caption\":\"So Close\"},\"image\":{\"@id\":\"https:\/\/soclose.mx\/blog\/#\/schema\/logo\/image\/\"}},{\"@type\":\"Person\",\"@id\":\"https:\/\/soclose.mx\/blog\/#\/schema\/person\/cddec6ccd5d7037d286395fb411e23f1\",\"name\":\"Miguel Angel Romero\",\"image\":{\"@type\":\"ImageObject\",\"inLanguage\":\"es\",\"@id\":\"https:\/\/soclose.mx\/blog\/#\/schema\/person\/image\/\",\"url\":\"https:\/\/secure.gravatar.com\/avatar\/45b44006b4f93497bb24d251f77bc39385015bfa120582412df580dbfcbb14f3?s=96&d=mm&r=g\",\"contentUrl\":\"https:\/\/secure.gravatar.com\/avatar\/45b44006b4f93497bb24d251f77bc39385015bfa120582412df580dbfcbb14f3?s=96&d=mm&r=g\",\"caption\":\"Miguel Angel Romero\"},\"sameAs\":[\"http:\/\/\/mikexever.blogspot.com\/\",\"www.facebook.com\/mikexever\/\",\"https:\/\/x.com\/Mikerecomienda\"],\"url\":\"https:\/\/soclose.mx\/blog\/author\/mike\/\"}]}<\/script>\n<!-- \/ Yoast SEO plugin. -->","yoast_head_json":{"title":"\u00a1L\u00e1nzate al tianguis de pulque, cerveza y lucha libre en Tlatelolco! - So Close","description":"El tianguis del pulque y la cerveza que se llevar\u00e1 a cabo el 18 y 19 de septiembre promete un ambiente para conocer a productores mexicanos y a tus \u00eddolos de la luche libre.","robots":{"index":"index","follow":"follow","max-snippet":"max-snippet:-1","max-image-preview":"max-image-preview:large","max-video-preview":"max-video-preview:-1"},"canonical":"https:\/\/soclose.mx\/blog\/news-feed\/lanzate-al-tianguis-de-pulque-cerveza-y-lucha-libre-en-tlatelolco\/","og_locale":"es_MX","og_type":"article","og_title":"\u00a1L\u00e1nzate al tianguis de pulque, cerveza y lucha libre en Tlatelolco! - So Close","og_description":"El tianguis del pulque y la cerveza que se llevar\u00e1 a cabo el 18 y 19 de septiembre promete un ambiente para conocer a productores mexicanos y a tus \u00eddolos de la luche libre.","og_url":"https:\/\/soclose.mx\/blog\/news-feed\/lanzate-al-tianguis-de-pulque-cerveza-y-lucha-libre-en-tlatelolco\/","og_site_name":"So Close","article_author":"www.facebook.com\/mikexever\/","article_published_time":"2021-09-16T15:57:50+00:00","og_image":[{"width":1240,"height":700,"url":"https:\/\/i0.wp.com\/soclose.mx\/blog\/wp-content\/uploads\/2021\/09\/Principal-So-Close-blog-18.jpg?fit=1240%2C700&ssl=1","type":"image\/jpeg"}],"author":"Miguel Angel Romero","twitter_card":"summary_large_image","twitter_creator":"@Mikerecomienda","twitter_misc":{"Escrito por":"Miguel Angel Romero","Tiempo de lectura":"1 minuto"},"schema":{"@context":"https:\/\/schema.org","@graph":[{"@type":"Article","@id":"https:\/\/soclose.mx\/blog\/news-feed\/lanzate-al-tianguis-de-pulque-cerveza-y-lucha-libre-en-tlatelolco\/#article","isPartOf":{"@id":"https:\/\/soclose.mx\/blog\/news-feed\/lanzate-al-tianguis-de-pulque-cerveza-y-lucha-libre-en-tlatelolco\/"},"author":{"name":"Miguel Angel Romero","@id":"https:\/\/soclose.mx\/blog\/#\/schema\/person\/cddec6ccd5d7037d286395fb411e23f1"},"headline":"\u00a1L\u00e1nzate al tianguis de pulque, cerveza y lucha libre en Tlatelolco!","datePublished":"2021-09-16T15:57:50+00:00","mainEntityOfPage":{"@id":"https:\/\/soclose.mx\/blog\/news-feed\/lanzate-al-tianguis-de-pulque-cerveza-y-lucha-libre-en-tlatelolco\/"},"wordCount":183,"commentCount":0,"publisher":{"@id":"https:\/\/soclose.mx\/blog\/#organization"},"image":{"@id":"https:\/\/soclose.mx\/blog\/news-feed\/lanzate-al-tianguis-de-pulque-cerveza-y-lucha-libre-en-tlatelolco\/#primaryimage"},"thumbnailUrl":"https:\/\/i0.wp.com\/soclose.mx\/blog\/wp-content\/uploads\/2021\/09\/Principal-So-Close-blog-18.jpg?fit=1240%2C700&ssl=1","keywords":["cerveza","lucha libre","pulque","tianguis"],"articleSection":["News feed"],"inLanguage":"es","potentialAction":[{"@type":"CommentAction","name":"Comment","target":["https:\/\/soclose.mx\/blog\/news-feed\/lanzate-al-tianguis-de-pulque-cerveza-y-lucha-libre-en-tlatelolco\/#respond"]}]},{"@type":"WebPage","@id":"https:\/\/soclose.mx\/blog\/news-feed\/lanzate-al-tianguis-de-pulque-cerveza-y-lucha-libre-en-tlatelolco\/","url":"https:\/\/soclose.mx\/blog\/news-feed\/lanzate-al-tianguis-de-pulque-cerveza-y-lucha-libre-en-tlatelolco\/","name":"\u00a1L\u00e1nzate al tianguis de pulque, cerveza y lucha libre en Tlatelolco! - So Close","isPartOf":{"@id":"https:\/\/soclose.mx\/blog\/#website"},"primaryImageOfPage":{"@id":"https:\/\/soclose.mx\/blog\/news-feed\/lanzate-al-tianguis-de-pulque-cerveza-y-lucha-libre-en-tlatelolco\/#primaryimage"},"image":{"@id":"https:\/\/soclose.mx\/blog\/news-feed\/lanzate-al-tianguis-de-pulque-cerveza-y-lucha-libre-en-tlatelolco\/#primaryimage"},"thumbnailUrl":"https:\/\/i0.wp.com\/soclose.mx\/blog\/wp-content\/uploads\/2021\/09\/Principal-So-Close-blog-18.jpg?fit=1240%2C700&ssl=1","datePublished":"2021-09-16T15:57:50+00:00","description":"El tianguis del pulque y la cerveza que se llevar\u00e1 a cabo el 18 y 19 de septiembre promete un ambiente para conocer a productores mexicanos y a tus \u00eddolos de la luche libre.","breadcrumb":{"@id":"https:\/\/soclose.mx\/blog\/news-feed\/lanzate-al-tianguis-de-pulque-cerveza-y-lucha-libre-en-tlatelolco\/#breadcrumb"},"inLanguage":"es","potentialAction":[{"@type":"ReadAction","target":["https:\/\/soclose.mx\/blog\/news-feed\/lanzate-al-tianguis-de-pulque-cerveza-y-lucha-libre-en-tlatelolco\/"]}]},{"@type":"ImageObject","inLanguage":"es","@id":"https:\/\/soclose.mx\/blog\/news-feed\/lanzate-al-tianguis-de-pulque-cerveza-y-lucha-libre-en-tlatelolco\/#primaryimage","url":"https:\/\/i0.wp.com\/soclose.mx\/blog\/wp-content\/uploads\/2021\/09\/Principal-So-Close-blog-18.jpg?fit=1240%2C700&ssl=1","contentUrl":"https:\/\/i0.wp.com\/soclose.mx\/blog\/wp-content\/uploads\/2021\/09\/Principal-So-Close-blog-18.jpg?fit=1240%2C700&ssl=1","width":1240,"height":700},{"@type":"BreadcrumbList","@id":"https:\/\/soclose.mx\/blog\/news-feed\/lanzate-al-tianguis-de-pulque-cerveza-y-lucha-libre-en-tlatelolco\/#breadcrumb","itemListElement":[{"@type":"ListItem","position":1,"name":"Inicio","item":"https:\/\/soclose.mx\/blog\/"},{"@type":"ListItem","position":2,"name":"\u00a1L\u00e1nzate al tianguis de pulque, cerveza y lucha libre en Tlatelolco!"}]},{"@type":"WebSite","@id":"https:\/\/soclose.mx\/blog\/#website","url":"https:\/\/soclose.mx\/blog\/","name":"So Close","description":"Hacemos contenidos de M\u00e9xico","publisher":{"@id":"https:\/\/soclose.mx\/blog\/#organization"},"potentialAction":[{"@type":"SearchAction","target":{"@type":"EntryPoint","urlTemplate":"https:\/\/soclose.mx\/blog\/?s={search_term_string}"},"query-input":{"@type":"PropertyValueSpecification","valueRequired":true,"valueName":"search_term_string"}}],"inLanguage":"es"},{"@type":"Organization","@id":"https:\/\/soclose.mx\/blog\/#organization","name":"So Close","url":"https:\/\/soclose.mx\/blog\/","logo":{"@type":"ImageObject","inLanguage":"es","@id":"https:\/\/soclose.mx\/blog\/#\/schema\/logo\/image\/","url":"https:\/\/i0.wp.com\/soclose.mx\/blog\/wp-content\/uploads\/2020\/12\/LOGO_SOCLOSE_COLOR-e1608310133507.png?fit=2858%2C1264&ssl=1","contentUrl":"https:\/\/i0.wp.com\/soclose.mx\/blog\/wp-content\/uploads\/2020\/12\/LOGO_SOCLOSE_COLOR-e1608310133507.png?fit=2858%2C1264&ssl=1","width":2858,"height":1264,"caption":"So Close"},"image":{"@id":"https:\/\/soclose.mx\/blog\/#\/schema\/logo\/image\/"}},{"@type":"Person","@id":"https:\/\/soclose.mx\/blog\/#\/schema\/person\/cddec6ccd5d7037d286395fb411e23f1","name":"Miguel Angel Romero","image":{"@type":"ImageObject","inLanguage":"es","@id":"https:\/\/soclose.mx\/blog\/#\/schema\/person\/image\/","url":"https:\/\/secure.gravatar.com\/avatar\/45b44006b4f93497bb24d251f77bc39385015bfa120582412df580dbfcbb14f3?s=96&d=mm&r=g","contentUrl":"https:\/\/secure.gravatar.com\/avatar\/45b44006b4f93497bb24d251f77bc39385015bfa120582412df580dbfcbb14f3?s=96&d=mm&r=g","caption":"Miguel Angel Romero"},"sameAs":["http:\/\/\/mikexever.blogspot.com\/","www.facebook.com\/mikexever\/","https:\/\/x.com\/Mikerecomienda"],"url":"https:\/\/soclose.mx\/blog\/author\/mike\/"}]}},"jetpack_featured_media_url":"https:\/\/i0.wp.com\/soclose.mx\/blog\/wp-content\/uploads\/2021\/09\/Principal-So-Close-blog-18.jpg?fit=1240%2C700&ssl=1","jetpack-related-posts":[{"id":8024,"url":"https:\/\/soclose.mx\/blog\/news-feed\/salud-llega-a-tlalnepantla-el-pulque-fest-2021\/","url_meta":{"origin":7251,"position":0},"title":"\u00a1Salud! Llega a Tlalnepantla el Pulque Fest 2021","author":"Miguel Angel Romero","date":"7 diciembre, 2021","format":false,"excerpt":"Las celebraciones decembrinas ya iniciaron y qu\u00e9 mejor manera de hacerlo que con un pulque y si eres fan de esta bebida, te puedes lanzar al\u00a0Pulque Fest 2021. En Tlalnepantla podr\u00e1s disfrutar de un buen trago de esta bebida ancestral, pero si lo tuyo no es el pulque, no te\u2026","rel":"","context":"En &quot;News feed&quot;","block_context":{"text":"News feed","link":"https:\/\/soclose.mx\/blog\/category\/news-feed\/"},"img":{"alt_text":"","src":"https:\/\/i0.wp.com\/soclose.mx\/blog\/wp-content\/uploads\/2021\/12\/Copia-de-Principal-So-Close-blog-2-1.png?fit=1200%2C677&ssl=1&resize=350%2C200","width":350,"height":200,"srcset":"https:\/\/i0.wp.com\/soclose.mx\/blog\/wp-content\/uploads\/2021\/12\/Copia-de-Principal-So-Close-blog-2-1.png?fit=1200%2C677&ssl=1&resize=350%2C200 1x, https:\/\/i0.wp.com\/soclose.mx\/blog\/wp-content\/uploads\/2021\/12\/Copia-de-Principal-So-Close-blog-2-1.png?fit=1200%2C677&ssl=1&resize=525%2C300 1.5x, https:\/\/i0.wp.com\/soclose.mx\/blog\/wp-content\/uploads\/2021\/12\/Copia-de-Principal-So-Close-blog-2-1.png?fit=1200%2C677&ssl=1&resize=700%2C400 2x, https:\/\/i0.wp.com\/soclose.mx\/blog\/wp-content\/uploads\/2021\/12\/Copia-de-Principal-So-Close-blog-2-1.png?fit=1200%2C677&ssl=1&resize=1050%2C600 3x"},"classes":[]},{"id":8123,"url":"https:\/\/soclose.mx\/blog\/bebida\/origen-de-la-bebida-de-los-dioses-el-pulque\/","url_meta":{"origin":7251,"position":1},"title":"Origen de la Bebida de los Dioses, el pulque","author":"Miguel Angel Romero","date":"25 diciembre, 2021","format":false,"excerpt":"El pulque es una de las bebidas m\u00e1s emblem\u00e1ticas y populares de M\u00e9xico, su consumo se remonta a ceremonias importantes de las civilizaciones prehisp\u00e1nicas, que permanece hasta nuestros d\u00edas. La palabra pulque,\u00a0 proviene de un vocablo de las islas del Atl\u00e1ntico que significa \u201cpodrido\u201d y que fue usado por los\u2026","rel":"","context":"En &quot;Bebida&quot;","block_context":{"text":"Bebida","link":"https:\/\/soclose.mx\/blog\/category\/bebida\/"},"img":{"alt_text":"","src":"https:\/\/i0.wp.com\/soclose.mx\/blog\/wp-content\/uploads\/2021\/12\/Copia-de-Principal-So-Close-blog-2-5.png?fit=1200%2C677&ssl=1&resize=350%2C200","width":350,"height":200,"srcset":"https:\/\/i0.wp.com\/soclose.mx\/blog\/wp-content\/uploads\/2021\/12\/Copia-de-Principal-So-Close-blog-2-5.png?fit=1200%2C677&ssl=1&resize=350%2C200 1x, https:\/\/i0.wp.com\/soclose.mx\/blog\/wp-content\/uploads\/2021\/12\/Copia-de-Principal-So-Close-blog-2-5.png?fit=1200%2C677&ssl=1&resize=525%2C300 1.5x, https:\/\/i0.wp.com\/soclose.mx\/blog\/wp-content\/uploads\/2021\/12\/Copia-de-Principal-So-Close-blog-2-5.png?fit=1200%2C677&ssl=1&resize=700%2C400 2x, https:\/\/i0.wp.com\/soclose.mx\/blog\/wp-content\/uploads\/2021\/12\/Copia-de-Principal-So-Close-blog-2-5.png?fit=1200%2C677&ssl=1&resize=1050%2C600 3x"},"classes":[]},{"id":13977,"url":"https:\/\/soclose.mx\/blog\/a-la-mexicana\/viva-mexico-miscelanea-de-bebidas-para-celebrar-el-15-de-septiembre\/","url_meta":{"origin":7251,"position":2},"title":"\u00a1Viva M\u00e9xico! Miscelanea de bebidas para celebrar el 15 de septiembre","author":"So Close","date":"12 septiembre, 2024","format":false,"excerpt":"El d\u00eda de la independencia de M\u00e9xico es una fecha muy especial para los mexicanos, llena de color, m\u00fasica y sabor. Y qu\u00e9 mejor manera de celebrar que armar la lista de bebidas para celebrar el 15 de septiembre. En este art\u00edculo, te presentaremos algunas de las opciones m\u00e1s populares\u2026","rel":"","context":"En &quot;A la mexicana&quot;","block_context":{"text":"A la mexicana","link":"https:\/\/soclose.mx\/blog\/category\/a-la-mexicana\/"},"img":{"alt_text":"Tequila y cerveza","src":"https:\/\/i0.wp.com\/soclose.mx\/blog\/wp-content\/uploads\/2024\/09\/tequila-y-cerveza.jpg?fit=768%2C479&ssl=1&resize=350%2C200","width":350,"height":200,"srcset":"https:\/\/i0.wp.com\/soclose.mx\/blog\/wp-content\/uploads\/2024\/09\/tequila-y-cerveza.jpg?fit=768%2C479&ssl=1&resize=350%2C200 1x, https:\/\/i0.wp.com\/soclose.mx\/blog\/wp-content\/uploads\/2024\/09\/tequila-y-cerveza.jpg?fit=768%2C479&ssl=1&resize=525%2C300 1.5x, https:\/\/i0.wp.com\/soclose.mx\/blog\/wp-content\/uploads\/2024\/09\/tequila-y-cerveza.jpg?fit=768%2C479&ssl=1&resize=700%2C400 2x"},"classes":[]},{"id":5835,"url":"https:\/\/soclose.mx\/blog\/comida-mexicana\/7-datos-que-debes-saber-sobre-el-pulque-el-elixir-de-los-dioses\/","url_meta":{"origin":7251,"position":3},"title":"7 datos que debes saber sobre el pulque, el elixir de los dioses","author":"So Close","date":"5 enero, 2024","format":false,"excerpt":"\u00a0 Es una bebida de origen prehisp\u00e1nico que se elabora a partir de la fermentaci\u00f3n de agave o maguey. Se produce principalmente en Tlaxcala, Estado de M\u00e9xico, Hidalgo, Ciudad de M\u00e9xico, Puebla, Morelos, Quer\u00e9taro, Guanajuato, Guerrero, Michoac\u00e1n, Oaxaca, San Luis Potos\u00ed, Jalisco, y Veracruz. Cuenta la leyenda que la princesa\u2026","rel":"","context":"En &quot;Bebida&quot;","block_context":{"text":"Bebida","link":"https:\/\/soclose.mx\/blog\/category\/bebida\/"},"img":{"alt_text":"","src":"https:\/\/i0.wp.com\/soclose.mx\/blog\/wp-content\/uploads\/2021\/03\/barra-de-pulque.jpg?fit=1200%2C677&ssl=1&resize=350%2C200","width":350,"height":200,"srcset":"https:\/\/i0.wp.com\/soclose.mx\/blog\/wp-content\/uploads\/2021\/03\/barra-de-pulque.jpg?fit=1200%2C677&ssl=1&resize=350%2C200 1x, https:\/\/i0.wp.com\/soclose.mx\/blog\/wp-content\/uploads\/2021\/03\/barra-de-pulque.jpg?fit=1200%2C677&ssl=1&resize=525%2C300 1.5x, https:\/\/i0.wp.com\/soclose.mx\/blog\/wp-content\/uploads\/2021\/03\/barra-de-pulque.jpg?fit=1200%2C677&ssl=1&resize=700%2C400 2x, https:\/\/i0.wp.com\/soclose.mx\/blog\/wp-content\/uploads\/2021\/03\/barra-de-pulque.jpg?fit=1200%2C677&ssl=1&resize=1050%2C600 3x"},"classes":[]},{"id":14967,"url":"https:\/\/soclose.mx\/blog\/news-feed\/ferias-y-festivales-de-comida-para-el-buen-fin\/","url_meta":{"origin":7251,"position":4},"title":"Ferias y festivales de comida para el Buen Fin","author":"So Close","date":"11 noviembre, 2025","format":false,"excerpt":"\u00a1Lleg\u00f3 el fin de semana largo! Y es hora de anotar los planes para este fin de semana gastron\u00f3mico, especialmente en CDMX, porque hay varias ferias y festivales de comida para el Buen Fin, ah\u00ed te van: Ferias y festivales de comida\u00a0para el Buen Fin Feria Regional del Pulque y\u2026","rel":"","context":"En &quot;News feed&quot;","block_context":{"text":"News feed","link":"https:\/\/soclose.mx\/blog\/category\/news-feed\/"},"img":{"alt_text":"Taco de barbacoa en tortilla de harina","src":"https:\/\/i0.wp.com\/soclose.mx\/blog\/wp-content\/uploads\/2025\/11\/Taco-de-barbacoa-en-tortilla-de-harina.jpg?fit=1200%2C675&ssl=1&resize=350%2C200","width":350,"height":200,"srcset":"https:\/\/i0.wp.com\/soclose.mx\/blog\/wp-content\/uploads\/2025\/11\/Taco-de-barbacoa-en-tortilla-de-harina.jpg?fit=1200%2C675&ssl=1&resize=350%2C200 1x, https:\/\/i0.wp.com\/soclose.mx\/blog\/wp-content\/uploads\/2025\/11\/Taco-de-barbacoa-en-tortilla-de-harina.jpg?fit=1200%2C675&ssl=1&resize=525%2C300 1.5x, https:\/\/i0.wp.com\/soclose.mx\/blog\/wp-content\/uploads\/2025\/11\/Taco-de-barbacoa-en-tortilla-de-harina.jpg?fit=1200%2C675&ssl=1&resize=700%2C400 2x, https:\/\/i0.wp.com\/soclose.mx\/blog\/wp-content\/uploads\/2025\/11\/Taco-de-barbacoa-en-tortilla-de-harina.jpg?fit=1200%2C675&ssl=1&resize=1050%2C600 3x"},"classes":[]},{"id":6216,"url":"https:\/\/soclose.mx\/blog\/news-feed\/si-habra-festival-del-pulque-en-la-cdmx\/","url_meta":{"origin":7251,"position":5},"title":"S\u00ed habr\u00e1 festival del pulque en la CDMX","author":"So Close","date":"14 junio, 2021","format":false,"excerpt":"Luego de que el a\u00f1o pasado no se llev\u00f3 a cabo el Festival del Pulque y del Mezcal en la Ciudad de M\u00e9xico por la llegada de la pandemia de la Covid19, este 2021 han confirmado que s\u00ed se realizar\u00e1 esta anhelada exposici\u00f3n. Aqu\u00ed te dejamos los cinco datos para\u2026","rel":"","context":"En &quot;News feed&quot;","block_context":{"text":"News feed","link":"https:\/\/soclose.mx\/blog\/category\/news-feed\/"},"img":{"alt_text":"","src":"https:\/\/i0.wp.com\/soclose.mx\/blog\/wp-content\/uploads\/2021\/06\/pulque.jpeg?fit=1200%2C677&ssl=1&resize=350%2C200","width":350,"height":200,"srcset":"https:\/\/i0.wp.com\/soclose.mx\/blog\/wp-content\/uploads\/2021\/06\/pulque.jpeg?fit=1200%2C677&ssl=1&resize=350%2C200 1x, https:\/\/i0.wp.com\/soclose.mx\/blog\/wp-content\/uploads\/2021\/06\/pulque.jpeg?fit=1200%2C677&ssl=1&resize=525%2C300 1.5x, https:\/\/i0.wp.com\/soclose.mx\/blog\/wp-content\/uploads\/2021\/06\/pulque.jpeg?fit=1200%2C677&ssl=1&resize=700%2C400 2x, https:\/\/i0.wp.com\/soclose.mx\/blog\/wp-content\/uploads\/2021\/06\/pulque.jpeg?fit=1200%2C677&ssl=1&resize=1050%2C600 3x"},"classes":[]}],"jetpack_sharing_enabled":true,"_links":{"self":[{"href":"https:\/\/soclose.mx\/blog\/wp-json\/wp\/v2\/posts\/7251","targetHints":{"allow":["GET"]}}],"collection":[{"href":"https:\/\/soclose.mx\/blog\/wp-json\/wp\/v2\/posts"}],"about":[{"href":"https:\/\/soclose.mx\/blog\/wp-json\/wp\/v2\/types\/post"}],"author":[{"embeddable":true,"href":"https:\/\/soclose.mx\/blog\/wp-json\/wp\/v2\/users\/8"}],"replies":[{"embeddable":true,"href":"https:\/\/soclose.mx\/blog\/wp-json\/wp\/v2\/comments?post=7251"}],"version-history":[{"count":0,"href":"https:\/\/soclose.mx\/blog\/wp-json\/wp\/v2\/posts\/7251\/revisions"}],"wp:featuredmedia":[{"embeddable":true,"href":"https:\/\/soclose.mx\/blog\/wp-json\/wp\/v2\/media\/7252"}],"wp:attachment":[{"href":"https:\/\/soclose.mx\/blog\/wp-json\/wp\/v2\/media?parent=7251"}],"wp:term":[{"taxonomy":"category","embeddable":true,"href":"https:\/\/soclose.mx\/blog\/wp-json\/wp\/v2\/categories?post=7251"},{"taxonomy":"post_tag","embeddable":true,"href":"https:\/\/soclose.mx\/blog\/wp-json\/wp\/v2\/tags?post=7251"}],"curies":[{"name":"wp","href":"https:\/\/api.w.org\/{rel}","templated":true}]}}