{"id":7305,"date":"2021-10-06T08:50:42","date_gmt":"2021-10-06T13:50:42","guid":{"rendered":"https:\/\/soclose.mx\/blog\/?p=7305"},"modified":"2023-10-24T20:47:05","modified_gmt":"2023-10-25T02:47:05","slug":"rinde-barbie-homenaje-al-dia-de-muertos","status":"publish","type":"post","link":"https:\/\/soclose.mx\/blog\/ay-goeeee\/rinde-barbie-homenaje-al-dia-de-muertos\/","title":{"rendered":"El d\u00eda que Barbie homenaje\u00f3 al D\u00eda de Muertos"},"content":{"rendered":"<p><strong>Barbie<\/strong>\u00a0celebra el\u00a0<strong>D\u00eda de los Muertos<\/strong>\u00a0 y esta vez con una sorpresa: <del>su amigo<\/del> <strong>Ken <\/strong>para honrar juntos una de las tradiciones m\u00e1s emblem\u00e1ticas de la cultura\u00a0<strong>mexicana<\/strong>.<\/p>\n<p>Este a\u00f1o, la mu\u00f1eca m\u00e1s famosa del mundo no se quiso quedar atr\u00e1s y ahora, junto al Catr\u00edn evoca a la tradici\u00f3n de la charrer\u00eda, adem\u00e1s, implementaron un escenario \u00fanico, que no hab\u00edamos visto en las ediciones pasadas: un<strong> altar de D\u00eda de Muertos<\/strong>.<\/p>\n<p>Contiene\u00a0elementos b\u00e1sicos de una ofrenda\u00a0como veladoras y cirios, flores como el Cempas\u00fachil, alhel\u00ed y nube, calaveritas de az\u00facar, papel picado y hasta una fotograf\u00eda en lo alto de la ofrenda.<\/p>\n<p><img data-recalc-dims=\"1\" fetchpriority=\"high\" decoding=\"async\" class=\"alignnone wp-image-7308 size-full\" src=\"https:\/\/i0.wp.com\/soclose.mx\/blog\/wp-content\/uploads\/2021\/10\/f768x1-1115639_1115766_119.jpg?resize=768%2C932&#038;ssl=1\" alt=\"\" width=\"768\" height=\"932\" srcset=\"https:\/\/i0.wp.com\/soclose.mx\/blog\/wp-content\/uploads\/2021\/10\/f768x1-1115639_1115766_119.jpg?w=768&amp;ssl=1 768w, https:\/\/i0.wp.com\/soclose.mx\/blog\/wp-content\/uploads\/2021\/10\/f768x1-1115639_1115766_119.jpg?resize=247%2C300&amp;ssl=1 247w, https:\/\/i0.wp.com\/soclose.mx\/blog\/wp-content\/uploads\/2021\/10\/f768x1-1115639_1115766_119.jpg?resize=10%2C12&amp;ssl=1 10w\" sizes=\"(max-width: 768px) 100vw, 768px\" \/><\/p>\n<p>El vestido de\u00a0<strong>Barbie <\/strong>es negro combinado con rosa en tres capas, con motivos florales bordados, m\u00e1s calaveras. Los accesorios: un tocado de cal\u00e9ndulas, adem\u00e1s de pulsera y aros que completan el look en el que se destaca especialmente un fascinante maquillaje esqueleto.<\/p>\n<p>Por su parte, <strong>Ken<\/strong> debuta como Catr\u00edn tambi\u00e9n maquillado y usando el traje ic\u00f3nico del charro mexicano, con chaqueta corta, zarape (el poncho mexicano), camisa bordada,\u00a0corbat\u00edn, mo\u00f1o y todos los accesorios alusivos, adem\u00e1s de sombrero, cintur\u00f3n con hebilla con calavera y botas.<\/p>\n<p><img data-recalc-dims=\"1\" decoding=\"async\" class=\"alignnone wp-image-7309 size-full\" src=\"https:\/\/i0.wp.com\/soclose.mx\/blog\/wp-content\/uploads\/2021\/10\/Barbie-montaje.jpg?resize=800%2C538&#038;ssl=1\" alt=\"\" width=\"800\" height=\"538\" srcset=\"https:\/\/i0.wp.com\/soclose.mx\/blog\/wp-content\/uploads\/2021\/10\/Barbie-montaje.jpg?w=800&amp;ssl=1 800w, https:\/\/i0.wp.com\/soclose.mx\/blog\/wp-content\/uploads\/2021\/10\/Barbie-montaje.jpg?resize=300%2C202&amp;ssl=1 300w, https:\/\/i0.wp.com\/soclose.mx\/blog\/wp-content\/uploads\/2021\/10\/Barbie-montaje.jpg?resize=768%2C516&amp;ssl=1 768w, https:\/\/i0.wp.com\/soclose.mx\/blog\/wp-content\/uploads\/2021\/10\/Barbie-montaje.jpg?resize=18%2C12&amp;ssl=1 18w, https:\/\/i0.wp.com\/soclose.mx\/blog\/wp-content\/uploads\/2021\/10\/Barbie-montaje.jpg?resize=770%2C518&amp;ssl=1 770w\" sizes=\"(max-width: 800px) 100vw, 800px\" \/><\/p>\n","protected":false},"excerpt":{"rendered":"<p>Barbie\u00a0celebra el\u00a0D\u00eda de los Muertos\u00a0 y esta vez con una sorpresa: su amigo Ken para honrar juntos una de las tradiciones m\u00e1s emblem\u00e1ticas de la cultura\u00a0mexicana. Este a\u00f1o, la mu\u00f1eca m\u00e1s famosa del mundo no se quiso quedar atr\u00e1s y ahora, junto al Catr\u00edn evoca a la tradici\u00f3n de la charrer\u00eda, adem\u00e1s, implementaron un escenario \u00fanico, que no hab\u00edamos visto en las ediciones pasadas: un altar de D\u00eda de Muertos. Contiene\u00a0elementos b\u00e1sicos de una ofrenda\u00a0como veladoras y cirios, flores como el Cempas\u00fachil, alhel\u00ed y nube, calaveritas de az\u00facar, papel picado y hasta una fotograf\u00eda en lo alto de la ofrenda.<\/p>\n","protected":false},"author":8,"featured_media":7306,"comment_status":"open","ping_status":"open","sticky":false,"template":"","format":"standard","meta":{"_jetpack_memberships_contains_paid_content":false,"footnotes":""},"categories":[1],"tags":[1297,1356,1368],"class_list":["post-7305","post","type-post","status-publish","format-standard","has-post-thumbnail","hentry","category-ay-goeeee","tag-barbie","tag-dia-de-muertos","tag-muneca"],"yoast_head":"<!-- This site is optimized with the Yoast SEO plugin v26.7 - https:\/\/yoast.com\/wordpress\/plugins\/seo\/ -->\n<title>El d\u00eda que Barbie homenaje\u00f3 al D\u00eda de Muertos - So Close<\/title>\n<meta name=\"description\" content=\"Barbie\u00a0celebra el\u00a0D\u00eda de los Muertos a trav\u00e9s de una edici\u00f3n coleccionable, y con su amigo Ken para honrar juntos una de las tradiciones\u00a0mexicanas.\" \/>\n<meta name=\"robots\" content=\"index, follow, max-snippet:-1, max-image-preview:large, max-video-preview:-1\" \/>\n<link rel=\"canonical\" href=\"https:\/\/soclose.mx\/blog\/ay-goeeee\/rinde-barbie-homenaje-al-dia-de-muertos\/\" \/>\n<meta property=\"og:locale\" content=\"es_MX\" \/>\n<meta property=\"og:type\" content=\"article\" \/>\n<meta property=\"og:title\" content=\"El d\u00eda que Barbie homenaje\u00f3 al D\u00eda de Muertos - So Close\" \/>\n<meta property=\"og:description\" content=\"Barbie\u00a0celebra el\u00a0D\u00eda de los Muertos a trav\u00e9s de una edici\u00f3n coleccionable, y con su amigo Ken para honrar juntos una de las tradiciones\u00a0mexicanas.\" \/>\n<meta property=\"og:url\" content=\"https:\/\/soclose.mx\/blog\/ay-goeeee\/rinde-barbie-homenaje-al-dia-de-muertos\/\" \/>\n<meta property=\"og:site_name\" content=\"So Close\" \/>\n<meta property=\"article:author\" content=\"www.facebook.com\/mikexever\/\" \/>\n<meta property=\"article:published_time\" content=\"2021-10-06T13:50:42+00:00\" \/>\n<meta property=\"article:modified_time\" content=\"2023-10-25T02:47:05+00:00\" \/>\n<meta property=\"og:image\" content=\"https:\/\/soclose.mx\/blog\/wp-content\/uploads\/2021\/09\/Principal-So-Close-blog-5-1.png\" \/>\n\t<meta property=\"og:image:width\" content=\"1240\" \/>\n\t<meta property=\"og:image:height\" content=\"700\" \/>\n\t<meta property=\"og:image:type\" content=\"image\/png\" \/>\n<meta name=\"author\" content=\"Miguel Angel Romero\" \/>\n<meta name=\"twitter:card\" content=\"summary_large_image\" \/>\n<meta name=\"twitter:creator\" content=\"@Mikerecomienda\" \/>\n<meta name=\"twitter:label1\" content=\"Escrito por\" \/>\n\t<meta name=\"twitter:data1\" content=\"Miguel Angel Romero\" \/>\n\t<meta name=\"twitter:label2\" content=\"Tiempo de lectura\" \/>\n\t<meta name=\"twitter:data2\" content=\"2 minutos\" \/>\n<script type=\"application\/ld+json\" class=\"yoast-schema-graph\">{\"@context\":\"https:\/\/schema.org\",\"@graph\":[{\"@type\":\"Article\",\"@id\":\"https:\/\/soclose.mx\/blog\/ay-goeeee\/rinde-barbie-homenaje-al-dia-de-muertos\/#article\",\"isPartOf\":{\"@id\":\"https:\/\/soclose.mx\/blog\/ay-goeeee\/rinde-barbie-homenaje-al-dia-de-muertos\/\"},\"author\":{\"name\":\"Miguel Angel Romero\",\"@id\":\"https:\/\/soclose.mx\/blog\/#\/schema\/person\/cddec6ccd5d7037d286395fb411e23f1\"},\"headline\":\"El d\u00eda que Barbie homenaje\u00f3 al D\u00eda de Muertos\",\"datePublished\":\"2021-10-06T13:50:42+00:00\",\"dateModified\":\"2023-10-25T02:47:05+00:00\",\"mainEntityOfPage\":{\"@id\":\"https:\/\/soclose.mx\/blog\/ay-goeeee\/rinde-barbie-homenaje-al-dia-de-muertos\/\"},\"wordCount\":229,\"commentCount\":0,\"publisher\":{\"@id\":\"https:\/\/soclose.mx\/blog\/#organization\"},\"image\":{\"@id\":\"https:\/\/soclose.mx\/blog\/ay-goeeee\/rinde-barbie-homenaje-al-dia-de-muertos\/#primaryimage\"},\"thumbnailUrl\":\"https:\/\/i0.wp.com\/soclose.mx\/blog\/wp-content\/uploads\/2021\/09\/Principal-So-Close-blog-5-1.png?fit=1240%2C700&ssl=1\",\"keywords\":[\"Barbie\",\"d\u00eda de muertos\",\"mu\u00f1eca\"],\"articleSection\":[\"\u00a1Ay goeeee!\"],\"inLanguage\":\"es\",\"potentialAction\":[{\"@type\":\"CommentAction\",\"name\":\"Comment\",\"target\":[\"https:\/\/soclose.mx\/blog\/ay-goeeee\/rinde-barbie-homenaje-al-dia-de-muertos\/#respond\"]}]},{\"@type\":\"WebPage\",\"@id\":\"https:\/\/soclose.mx\/blog\/ay-goeeee\/rinde-barbie-homenaje-al-dia-de-muertos\/\",\"url\":\"https:\/\/soclose.mx\/blog\/ay-goeeee\/rinde-barbie-homenaje-al-dia-de-muertos\/\",\"name\":\"El d\u00eda que Barbie homenaje\u00f3 al D\u00eda de Muertos - So Close\",\"isPartOf\":{\"@id\":\"https:\/\/soclose.mx\/blog\/#website\"},\"primaryImageOfPage\":{\"@id\":\"https:\/\/soclose.mx\/blog\/ay-goeeee\/rinde-barbie-homenaje-al-dia-de-muertos\/#primaryimage\"},\"image\":{\"@id\":\"https:\/\/soclose.mx\/blog\/ay-goeeee\/rinde-barbie-homenaje-al-dia-de-muertos\/#primaryimage\"},\"thumbnailUrl\":\"https:\/\/i0.wp.com\/soclose.mx\/blog\/wp-content\/uploads\/2021\/09\/Principal-So-Close-blog-5-1.png?fit=1240%2C700&ssl=1\",\"datePublished\":\"2021-10-06T13:50:42+00:00\",\"dateModified\":\"2023-10-25T02:47:05+00:00\",\"description\":\"Barbie\u00a0celebra el\u00a0D\u00eda de los Muertos a trav\u00e9s de una edici\u00f3n coleccionable, y con su amigo Ken para honrar juntos una de las tradiciones\u00a0mexicanas.\",\"breadcrumb\":{\"@id\":\"https:\/\/soclose.mx\/blog\/ay-goeeee\/rinde-barbie-homenaje-al-dia-de-muertos\/#breadcrumb\"},\"inLanguage\":\"es\",\"potentialAction\":[{\"@type\":\"ReadAction\",\"target\":[\"https:\/\/soclose.mx\/blog\/ay-goeeee\/rinde-barbie-homenaje-al-dia-de-muertos\/\"]}]},{\"@type\":\"ImageObject\",\"inLanguage\":\"es\",\"@id\":\"https:\/\/soclose.mx\/blog\/ay-goeeee\/rinde-barbie-homenaje-al-dia-de-muertos\/#primaryimage\",\"url\":\"https:\/\/i0.wp.com\/soclose.mx\/blog\/wp-content\/uploads\/2021\/09\/Principal-So-Close-blog-5-1.png?fit=1240%2C700&ssl=1\",\"contentUrl\":\"https:\/\/i0.wp.com\/soclose.mx\/blog\/wp-content\/uploads\/2021\/09\/Principal-So-Close-blog-5-1.png?fit=1240%2C700&ssl=1\",\"width\":1240,\"height\":700},{\"@type\":\"BreadcrumbList\",\"@id\":\"https:\/\/soclose.mx\/blog\/ay-goeeee\/rinde-barbie-homenaje-al-dia-de-muertos\/#breadcrumb\",\"itemListElement\":[{\"@type\":\"ListItem\",\"position\":1,\"name\":\"Inicio\",\"item\":\"https:\/\/soclose.mx\/blog\/\"},{\"@type\":\"ListItem\",\"position\":2,\"name\":\"El d\u00eda que Barbie homenaje\u00f3 al D\u00eda de Muertos\"}]},{\"@type\":\"WebSite\",\"@id\":\"https:\/\/soclose.mx\/blog\/#website\",\"url\":\"https:\/\/soclose.mx\/blog\/\",\"name\":\"So Close\",\"description\":\"Hacemos contenidos de M\u00e9xico\",\"publisher\":{\"@id\":\"https:\/\/soclose.mx\/blog\/#organization\"},\"potentialAction\":[{\"@type\":\"SearchAction\",\"target\":{\"@type\":\"EntryPoint\",\"urlTemplate\":\"https:\/\/soclose.mx\/blog\/?s={search_term_string}\"},\"query-input\":{\"@type\":\"PropertyValueSpecification\",\"valueRequired\":true,\"valueName\":\"search_term_string\"}}],\"inLanguage\":\"es\"},{\"@type\":\"Organization\",\"@id\":\"https:\/\/soclose.mx\/blog\/#organization\",\"name\":\"So Close\",\"url\":\"https:\/\/soclose.mx\/blog\/\",\"logo\":{\"@type\":\"ImageObject\",\"inLanguage\":\"es\",\"@id\":\"https:\/\/soclose.mx\/blog\/#\/schema\/logo\/image\/\",\"url\":\"https:\/\/i0.wp.com\/soclose.mx\/blog\/wp-content\/uploads\/2020\/12\/LOGO_SOCLOSE_COLOR-e1608310133507.png?fit=2858%2C1264&ssl=1\",\"contentUrl\":\"https:\/\/i0.wp.com\/soclose.mx\/blog\/wp-content\/uploads\/2020\/12\/LOGO_SOCLOSE_COLOR-e1608310133507.png?fit=2858%2C1264&ssl=1\",\"width\":2858,\"height\":1264,\"caption\":\"So Close\"},\"image\":{\"@id\":\"https:\/\/soclose.mx\/blog\/#\/schema\/logo\/image\/\"}},{\"@type\":\"Person\",\"@id\":\"https:\/\/soclose.mx\/blog\/#\/schema\/person\/cddec6ccd5d7037d286395fb411e23f1\",\"name\":\"Miguel Angel Romero\",\"image\":{\"@type\":\"ImageObject\",\"inLanguage\":\"es\",\"@id\":\"https:\/\/soclose.mx\/blog\/#\/schema\/person\/image\/\",\"url\":\"https:\/\/secure.gravatar.com\/avatar\/45b44006b4f93497bb24d251f77bc39385015bfa120582412df580dbfcbb14f3?s=96&d=mm&r=g\",\"contentUrl\":\"https:\/\/secure.gravatar.com\/avatar\/45b44006b4f93497bb24d251f77bc39385015bfa120582412df580dbfcbb14f3?s=96&d=mm&r=g\",\"caption\":\"Miguel Angel Romero\"},\"sameAs\":[\"http:\/\/\/mikexever.blogspot.com\/\",\"www.facebook.com\/mikexever\/\",\"https:\/\/x.com\/Mikerecomienda\"],\"url\":\"https:\/\/soclose.mx\/blog\/author\/mike\/\"}]}<\/script>\n<!-- \/ Yoast SEO plugin. -->","yoast_head_json":{"title":"El d\u00eda que Barbie homenaje\u00f3 al D\u00eda de Muertos - So Close","description":"Barbie\u00a0celebra el\u00a0D\u00eda de los Muertos a trav\u00e9s de una edici\u00f3n coleccionable, y con su amigo Ken para honrar juntos una de las tradiciones\u00a0mexicanas.","robots":{"index":"index","follow":"follow","max-snippet":"max-snippet:-1","max-image-preview":"max-image-preview:large","max-video-preview":"max-video-preview:-1"},"canonical":"https:\/\/soclose.mx\/blog\/ay-goeeee\/rinde-barbie-homenaje-al-dia-de-muertos\/","og_locale":"es_MX","og_type":"article","og_title":"El d\u00eda que Barbie homenaje\u00f3 al D\u00eda de Muertos - So Close","og_description":"Barbie\u00a0celebra el\u00a0D\u00eda de los Muertos a trav\u00e9s de una edici\u00f3n coleccionable, y con su amigo Ken para honrar juntos una de las tradiciones\u00a0mexicanas.","og_url":"https:\/\/soclose.mx\/blog\/ay-goeeee\/rinde-barbie-homenaje-al-dia-de-muertos\/","og_site_name":"So Close","article_author":"www.facebook.com\/mikexever\/","article_published_time":"2021-10-06T13:50:42+00:00","article_modified_time":"2023-10-25T02:47:05+00:00","og_image":[{"width":1240,"height":700,"url":"https:\/\/soclose.mx\/blog\/wp-content\/uploads\/2021\/09\/Principal-So-Close-blog-5-1.png","type":"image\/png"}],"author":"Miguel Angel Romero","twitter_card":"summary_large_image","twitter_creator":"@Mikerecomienda","twitter_misc":{"Escrito por":"Miguel Angel Romero","Tiempo de lectura":"2 minutos"},"schema":{"@context":"https:\/\/schema.org","@graph":[{"@type":"Article","@id":"https:\/\/soclose.mx\/blog\/ay-goeeee\/rinde-barbie-homenaje-al-dia-de-muertos\/#article","isPartOf":{"@id":"https:\/\/soclose.mx\/blog\/ay-goeeee\/rinde-barbie-homenaje-al-dia-de-muertos\/"},"author":{"name":"Miguel Angel Romero","@id":"https:\/\/soclose.mx\/blog\/#\/schema\/person\/cddec6ccd5d7037d286395fb411e23f1"},"headline":"El d\u00eda que Barbie homenaje\u00f3 al D\u00eda de Muertos","datePublished":"2021-10-06T13:50:42+00:00","dateModified":"2023-10-25T02:47:05+00:00","mainEntityOfPage":{"@id":"https:\/\/soclose.mx\/blog\/ay-goeeee\/rinde-barbie-homenaje-al-dia-de-muertos\/"},"wordCount":229,"commentCount":0,"publisher":{"@id":"https:\/\/soclose.mx\/blog\/#organization"},"image":{"@id":"https:\/\/soclose.mx\/blog\/ay-goeeee\/rinde-barbie-homenaje-al-dia-de-muertos\/#primaryimage"},"thumbnailUrl":"https:\/\/i0.wp.com\/soclose.mx\/blog\/wp-content\/uploads\/2021\/09\/Principal-So-Close-blog-5-1.png?fit=1240%2C700&ssl=1","keywords":["Barbie","d\u00eda de muertos","mu\u00f1eca"],"articleSection":["\u00a1Ay goeeee!"],"inLanguage":"es","potentialAction":[{"@type":"CommentAction","name":"Comment","target":["https:\/\/soclose.mx\/blog\/ay-goeeee\/rinde-barbie-homenaje-al-dia-de-muertos\/#respond"]}]},{"@type":"WebPage","@id":"https:\/\/soclose.mx\/blog\/ay-goeeee\/rinde-barbie-homenaje-al-dia-de-muertos\/","url":"https:\/\/soclose.mx\/blog\/ay-goeeee\/rinde-barbie-homenaje-al-dia-de-muertos\/","name":"El d\u00eda que Barbie homenaje\u00f3 al D\u00eda de Muertos - So Close","isPartOf":{"@id":"https:\/\/soclose.mx\/blog\/#website"},"primaryImageOfPage":{"@id":"https:\/\/soclose.mx\/blog\/ay-goeeee\/rinde-barbie-homenaje-al-dia-de-muertos\/#primaryimage"},"image":{"@id":"https:\/\/soclose.mx\/blog\/ay-goeeee\/rinde-barbie-homenaje-al-dia-de-muertos\/#primaryimage"},"thumbnailUrl":"https:\/\/i0.wp.com\/soclose.mx\/blog\/wp-content\/uploads\/2021\/09\/Principal-So-Close-blog-5-1.png?fit=1240%2C700&ssl=1","datePublished":"2021-10-06T13:50:42+00:00","dateModified":"2023-10-25T02:47:05+00:00","description":"Barbie\u00a0celebra el\u00a0D\u00eda de los Muertos a trav\u00e9s de una edici\u00f3n coleccionable, y con su amigo Ken para honrar juntos una de las tradiciones\u00a0mexicanas.","breadcrumb":{"@id":"https:\/\/soclose.mx\/blog\/ay-goeeee\/rinde-barbie-homenaje-al-dia-de-muertos\/#breadcrumb"},"inLanguage":"es","potentialAction":[{"@type":"ReadAction","target":["https:\/\/soclose.mx\/blog\/ay-goeeee\/rinde-barbie-homenaje-al-dia-de-muertos\/"]}]},{"@type":"ImageObject","inLanguage":"es","@id":"https:\/\/soclose.mx\/blog\/ay-goeeee\/rinde-barbie-homenaje-al-dia-de-muertos\/#primaryimage","url":"https:\/\/i0.wp.com\/soclose.mx\/blog\/wp-content\/uploads\/2021\/09\/Principal-So-Close-blog-5-1.png?fit=1240%2C700&ssl=1","contentUrl":"https:\/\/i0.wp.com\/soclose.mx\/blog\/wp-content\/uploads\/2021\/09\/Principal-So-Close-blog-5-1.png?fit=1240%2C700&ssl=1","width":1240,"height":700},{"@type":"BreadcrumbList","@id":"https:\/\/soclose.mx\/blog\/ay-goeeee\/rinde-barbie-homenaje-al-dia-de-muertos\/#breadcrumb","itemListElement":[{"@type":"ListItem","position":1,"name":"Inicio","item":"https:\/\/soclose.mx\/blog\/"},{"@type":"ListItem","position":2,"name":"El d\u00eda que Barbie homenaje\u00f3 al D\u00eda de Muertos"}]},{"@type":"WebSite","@id":"https:\/\/soclose.mx\/blog\/#website","url":"https:\/\/soclose.mx\/blog\/","name":"So Close","description":"Hacemos contenidos de M\u00e9xico","publisher":{"@id":"https:\/\/soclose.mx\/blog\/#organization"},"potentialAction":[{"@type":"SearchAction","target":{"@type":"EntryPoint","urlTemplate":"https:\/\/soclose.mx\/blog\/?s={search_term_string}"},"query-input":{"@type":"PropertyValueSpecification","valueRequired":true,"valueName":"search_term_string"}}],"inLanguage":"es"},{"@type":"Organization","@id":"https:\/\/soclose.mx\/blog\/#organization","name":"So Close","url":"https:\/\/soclose.mx\/blog\/","logo":{"@type":"ImageObject","inLanguage":"es","@id":"https:\/\/soclose.mx\/blog\/#\/schema\/logo\/image\/","url":"https:\/\/i0.wp.com\/soclose.mx\/blog\/wp-content\/uploads\/2020\/12\/LOGO_SOCLOSE_COLOR-e1608310133507.png?fit=2858%2C1264&ssl=1","contentUrl":"https:\/\/i0.wp.com\/soclose.mx\/blog\/wp-content\/uploads\/2020\/12\/LOGO_SOCLOSE_COLOR-e1608310133507.png?fit=2858%2C1264&ssl=1","width":2858,"height":1264,"caption":"So Close"},"image":{"@id":"https:\/\/soclose.mx\/blog\/#\/schema\/logo\/image\/"}},{"@type":"Person","@id":"https:\/\/soclose.mx\/blog\/#\/schema\/person\/cddec6ccd5d7037d286395fb411e23f1","name":"Miguel Angel Romero","image":{"@type":"ImageObject","inLanguage":"es","@id":"https:\/\/soclose.mx\/blog\/#\/schema\/person\/image\/","url":"https:\/\/secure.gravatar.com\/avatar\/45b44006b4f93497bb24d251f77bc39385015bfa120582412df580dbfcbb14f3?s=96&d=mm&r=g","contentUrl":"https:\/\/secure.gravatar.com\/avatar\/45b44006b4f93497bb24d251f77bc39385015bfa120582412df580dbfcbb14f3?s=96&d=mm&r=g","caption":"Miguel Angel Romero"},"sameAs":["http:\/\/\/mikexever.blogspot.com\/","www.facebook.com\/mikexever\/","https:\/\/x.com\/Mikerecomienda"],"url":"https:\/\/soclose.mx\/blog\/author\/mike\/"}]}},"jetpack_featured_media_url":"https:\/\/i0.wp.com\/soclose.mx\/blog\/wp-content\/uploads\/2021\/09\/Principal-So-Close-blog-5-1.png?fit=1240%2C700&ssl=1","jetpack-related-posts":[{"id":12053,"url":"https:\/\/soclose.mx\/blog\/mitos-y-leyendas-mexicanos\/siete-formas-de-celebrar-el-dia-de-muertos\/","url_meta":{"origin":7305,"position":0},"title":"Siete formas de celebrar el D\u00eda de Muertos","author":"Emmanuel Oviedo","date":"28 febrero, 2024","format":false,"excerpt":"Las festividades y elementos culturales que nos hacen sentir orgullo de M\u00e9xico, tocan nuestras ra\u00edces m\u00e1s profundas y forman parte de nuestra herencia hist\u00f3rica. Desde tiempos prehisp\u00e1nicos ha permanecido entre los mexicanos una creencia sobrenatural: el culto por la muerte, por eso te recordamos aqu\u00ed algunas formas de celebrar el\u2026","rel":"","context":"En &quot;\u00a1Ay nanita!&quot;","block_context":{"text":"\u00a1Ay nanita!","link":"https:\/\/soclose.mx\/blog\/category\/mitos-y-leyendas-mexicanos\/"},"img":{"alt_text":"D\u00eda de Muertos como celebrar","src":"https:\/\/i0.wp.com\/soclose.mx\/blog\/wp-content\/uploads\/2023\/07\/day-of-the-dead-g1b048d305_1280.jpg?fit=1200%2C800&ssl=1&resize=350%2C200","width":350,"height":200,"srcset":"https:\/\/i0.wp.com\/soclose.mx\/blog\/wp-content\/uploads\/2023\/07\/day-of-the-dead-g1b048d305_1280.jpg?fit=1200%2C800&ssl=1&resize=350%2C200 1x, https:\/\/i0.wp.com\/soclose.mx\/blog\/wp-content\/uploads\/2023\/07\/day-of-the-dead-g1b048d305_1280.jpg?fit=1200%2C800&ssl=1&resize=525%2C300 1.5x, https:\/\/i0.wp.com\/soclose.mx\/blog\/wp-content\/uploads\/2023\/07\/day-of-the-dead-g1b048d305_1280.jpg?fit=1200%2C800&ssl=1&resize=700%2C400 2x, https:\/\/i0.wp.com\/soclose.mx\/blog\/wp-content\/uploads\/2023\/07\/day-of-the-dead-g1b048d305_1280.jpg?fit=1200%2C800&ssl=1&resize=1050%2C600 3x"},"classes":[]},{"id":14032,"url":"https:\/\/soclose.mx\/blog\/pueblos-magicos\/como-hacer-una-ofrenda-de-dia-de-muertos\/","url_meta":{"origin":7305,"position":1},"title":"C\u00f3mo hacer una Ofrenda de D\u00eda de Muertos","author":"So Close","date":"3 octubre, 2024","format":false,"excerpt":"El D\u00eda de Muertos es una celebraci\u00f3n \u00fanica en M\u00e9xico, donde honramos y recordamos a nuestros seres queridos que han fallecido. Una parte fundamental de esta tradici\u00f3n es la creaci\u00f3n de ofrendas, altares coloridos y llenos de significado que sirven como puentes entre el mundo de los vivos y el\u2026","rel":"","context":"En &quot;A la mexicana&quot;","block_context":{"text":"A la mexicana","link":"https:\/\/soclose.mx\/blog\/category\/a-la-mexicana\/"},"img":{"alt_text":"Ofrenda de d\u00eda de muerto en M\u00e9xico","src":"https:\/\/i0.wp.com\/soclose.mx\/blog\/wp-content\/uploads\/2024\/09\/Fotos-notas-So-Close-home-2.jpg?fit=1200%2C675&ssl=1&resize=350%2C200","width":350,"height":200,"srcset":"https:\/\/i0.wp.com\/soclose.mx\/blog\/wp-content\/uploads\/2024\/09\/Fotos-notas-So-Close-home-2.jpg?fit=1200%2C675&ssl=1&resize=350%2C200 1x, https:\/\/i0.wp.com\/soclose.mx\/blog\/wp-content\/uploads\/2024\/09\/Fotos-notas-So-Close-home-2.jpg?fit=1200%2C675&ssl=1&resize=525%2C300 1.5x, https:\/\/i0.wp.com\/soclose.mx\/blog\/wp-content\/uploads\/2024\/09\/Fotos-notas-So-Close-home-2.jpg?fit=1200%2C675&ssl=1&resize=700%2C400 2x, https:\/\/i0.wp.com\/soclose.mx\/blog\/wp-content\/uploads\/2024\/09\/Fotos-notas-So-Close-home-2.jpg?fit=1200%2C675&ssl=1&resize=1050%2C600 3x"},"classes":[]},{"id":14268,"url":"https:\/\/soclose.mx\/blog\/comida-mexicana\/cuando-se-pone-la-ofrenda-de-dia-de-muertos\/","url_meta":{"origin":7305,"position":2},"title":"\u00bfCu\u00e1ndo se pone la ofrenda de d\u00eda de muertos?","author":"So Close","date":"9 octubre, 2024","format":false,"excerpt":"El D\u00eda de Muertos es una celebraci\u00f3n ancestral que fusiona tradiciones ind\u00edgenas y cat\u00f3licas, convirti\u00e9ndose en una de las festividades m\u00e1s representativas de M\u00e9xico. Una de las costumbres m\u00e1s arraigadas es la elaboraci\u00f3n del altar u ofrenda de d\u00eda de muertos para honrar a nuestros difuntos. Pero, \u00bfcu\u00e1ndo es el\u2026","rel":"","context":"En &quot;A la mexicana&quot;","block_context":{"text":"A la mexicana","link":"https:\/\/soclose.mx\/blog\/category\/a-la-mexicana\/"},"img":{"alt_text":"Altar, ofrenda de d\u00eda de muertos","src":"https:\/\/i0.wp.com\/soclose.mx\/blog\/wp-content\/uploads\/2024\/10\/Fotos-notas-So-Close-home-4.jpg?fit=1200%2C675&ssl=1&resize=350%2C200","width":350,"height":200,"srcset":"https:\/\/i0.wp.com\/soclose.mx\/blog\/wp-content\/uploads\/2024\/10\/Fotos-notas-So-Close-home-4.jpg?fit=1200%2C675&ssl=1&resize=350%2C200 1x, https:\/\/i0.wp.com\/soclose.mx\/blog\/wp-content\/uploads\/2024\/10\/Fotos-notas-So-Close-home-4.jpg?fit=1200%2C675&ssl=1&resize=525%2C300 1.5x, https:\/\/i0.wp.com\/soclose.mx\/blog\/wp-content\/uploads\/2024\/10\/Fotos-notas-So-Close-home-4.jpg?fit=1200%2C675&ssl=1&resize=700%2C400 2x, https:\/\/i0.wp.com\/soclose.mx\/blog\/wp-content\/uploads\/2024\/10\/Fotos-notas-So-Close-home-4.jpg?fit=1200%2C675&ssl=1&resize=1050%2C600 3x"},"classes":[]},{"id":7360,"url":"https:\/\/soclose.mx\/blog\/ay-goeeee\/la-celebracion-del-dia-de-muertos-dura-mas-de-2-dias\/","url_meta":{"origin":7305,"position":3},"title":"\u00bfLa celebraci\u00f3n del D\u00eda de Muertos dura solo 2 d\u00edas?","author":"Miguel Angel Romero","date":"11 octubre, 2023","format":false,"excerpt":"El D\u00eda de Muertos es una de las tradiciones m\u00e1s emblem\u00e1ticas de M\u00e9xico, pero, este homenaje a quienes ya se nos adelantaron no s\u00f3lo dura 2 d\u00edas. As\u00ed es, esta festividad, llena de gran colorido que\u00a0 fue declarada en el 2008 como Patrimonio Cultural Inmaterial de la Humanidad por la\u2026","rel":"","context":"En &quot;\u00a1Ay goeeee!&quot;","block_context":{"text":"\u00a1Ay goeeee!","link":"https:\/\/soclose.mx\/blog\/category\/ay-goeeee\/"},"img":{"alt_text":"D\u00eda de muertos d\u00edas de celebraci\u00f3n","src":"https:\/\/i0.wp.com\/soclose.mx\/blog\/wp-content\/uploads\/2021\/10\/Dia-de-Muertos-cuantos-dias-se-celebra.jpg?fit=1200%2C773&ssl=1&resize=350%2C200","width":350,"height":200,"srcset":"https:\/\/i0.wp.com\/soclose.mx\/blog\/wp-content\/uploads\/2021\/10\/Dia-de-Muertos-cuantos-dias-se-celebra.jpg?fit=1200%2C773&ssl=1&resize=350%2C200 1x, https:\/\/i0.wp.com\/soclose.mx\/blog\/wp-content\/uploads\/2021\/10\/Dia-de-Muertos-cuantos-dias-se-celebra.jpg?fit=1200%2C773&ssl=1&resize=525%2C300 1.5x, https:\/\/i0.wp.com\/soclose.mx\/blog\/wp-content\/uploads\/2021\/10\/Dia-de-Muertos-cuantos-dias-se-celebra.jpg?fit=1200%2C773&ssl=1&resize=700%2C400 2x, https:\/\/i0.wp.com\/soclose.mx\/blog\/wp-content\/uploads\/2021\/10\/Dia-de-Muertos-cuantos-dias-se-celebra.jpg?fit=1200%2C773&ssl=1&resize=1050%2C600 3x"},"classes":[]},{"id":7403,"url":"https:\/\/soclose.mx\/blog\/a-la-mexicana\/lo-que-no-puede-faltar-en-una-ofrenda-de-dia-de-muertos\/","url_meta":{"origin":7305,"position":4},"title":"Lo que no puede faltar en la ofrenda de D\u00eda de Muertos \u00bfYa tienes todo?","author":"Miguel Angel Romero","date":"28 octubre, 2025","format":false,"excerpt":"El ofrenda del D\u00eda de Muertos es uno de los elementos m\u00e1s representativos en la fiesta de los fieles difuntos, pues con ella\u00a0 honramos y esperamos a nuestros seres queridos, tradici\u00f3n que sigue viva desde hace siglos. Ac\u00e1 te recordamos lo que no puede faltar. El origen de la ofrenda\u2026","rel":"","context":"En &quot;A la mexicana&quot;","block_context":{"text":"A la mexicana","link":"https:\/\/soclose.mx\/blog\/category\/a-la-mexicana\/"},"img":{"alt_text":"Elementos de la ofrenda del D\u00eda de Muertos","src":"https:\/\/i0.wp.com\/soclose.mx\/blog\/wp-content\/uploads\/2023\/09\/Elementos-de-la-ofrenda-Dia-de-Muertos-Mexico.jpg?fit=1200%2C743&ssl=1&resize=350%2C200","width":350,"height":200,"srcset":"https:\/\/i0.wp.com\/soclose.mx\/blog\/wp-content\/uploads\/2023\/09\/Elementos-de-la-ofrenda-Dia-de-Muertos-Mexico.jpg?fit=1200%2C743&ssl=1&resize=350%2C200 1x, https:\/\/i0.wp.com\/soclose.mx\/blog\/wp-content\/uploads\/2023\/09\/Elementos-de-la-ofrenda-Dia-de-Muertos-Mexico.jpg?fit=1200%2C743&ssl=1&resize=525%2C300 1.5x, https:\/\/i0.wp.com\/soclose.mx\/blog\/wp-content\/uploads\/2023\/09\/Elementos-de-la-ofrenda-Dia-de-Muertos-Mexico.jpg?fit=1200%2C743&ssl=1&resize=700%2C400 2x, https:\/\/i0.wp.com\/soclose.mx\/blog\/wp-content\/uploads\/2023\/09\/Elementos-de-la-ofrenda-Dia-de-Muertos-Mexico.jpg?fit=1200%2C743&ssl=1&resize=1050%2C600 3x"},"classes":[]},{"id":7090,"url":"https:\/\/soclose.mx\/blog\/news-feed\/barbie-homenajea-a-la-medallista-paola-espinosa\/","url_meta":{"origin":7305,"position":5},"title":"\u201cBarbie\u201d homenajea a la medallista Paola Espinosa","author":"Miguel Angel Romero","date":"2 septiembre, 2021","format":false,"excerpt":"Paola Espinosa, clavadista mexicana y medallista ol\u00edmpica, ya tiene una\u00a0Barbie inspirada en ella misma. Mattel lanz\u00f3 la mu\u00f1eca en homenaje a sus m\u00e1s de 25 a\u00f1os de trayectoria en los clavados y como parte del\u00a0Proyecto Dream Gap. Cuyo objetivo es presentar a las ni\u00f1as y ni\u00f1os historias de mujeres con\u2026","rel":"","context":"En &quot;News feed&quot;","block_context":{"text":"News feed","link":"https:\/\/soclose.mx\/blog\/category\/news-feed\/"},"img":{"alt_text":"","src":"https:\/\/i0.wp.com\/soclose.mx\/blog\/wp-content\/uploads\/2021\/09\/Principal-So-Close-blog-3.jpg?fit=1200%2C677&ssl=1&resize=350%2C200","width":350,"height":200,"srcset":"https:\/\/i0.wp.com\/soclose.mx\/blog\/wp-content\/uploads\/2021\/09\/Principal-So-Close-blog-3.jpg?fit=1200%2C677&ssl=1&resize=350%2C200 1x, https:\/\/i0.wp.com\/soclose.mx\/blog\/wp-content\/uploads\/2021\/09\/Principal-So-Close-blog-3.jpg?fit=1200%2C677&ssl=1&resize=525%2C300 1.5x, https:\/\/i0.wp.com\/soclose.mx\/blog\/wp-content\/uploads\/2021\/09\/Principal-So-Close-blog-3.jpg?fit=1200%2C677&ssl=1&resize=700%2C400 2x, https:\/\/i0.wp.com\/soclose.mx\/blog\/wp-content\/uploads\/2021\/09\/Principal-So-Close-blog-3.jpg?fit=1200%2C677&ssl=1&resize=1050%2C600 3x"},"classes":[]}],"jetpack_sharing_enabled":true,"_links":{"self":[{"href":"https:\/\/soclose.mx\/blog\/wp-json\/wp\/v2\/posts\/7305","targetHints":{"allow":["GET"]}}],"collection":[{"href":"https:\/\/soclose.mx\/blog\/wp-json\/wp\/v2\/posts"}],"about":[{"href":"https:\/\/soclose.mx\/blog\/wp-json\/wp\/v2\/types\/post"}],"author":[{"embeddable":true,"href":"https:\/\/soclose.mx\/blog\/wp-json\/wp\/v2\/users\/8"}],"replies":[{"embeddable":true,"href":"https:\/\/soclose.mx\/blog\/wp-json\/wp\/v2\/comments?post=7305"}],"version-history":[{"count":0,"href":"https:\/\/soclose.mx\/blog\/wp-json\/wp\/v2\/posts\/7305\/revisions"}],"wp:featuredmedia":[{"embeddable":true,"href":"https:\/\/soclose.mx\/blog\/wp-json\/wp\/v2\/media\/7306"}],"wp:attachment":[{"href":"https:\/\/soclose.mx\/blog\/wp-json\/wp\/v2\/media?parent=7305"}],"wp:term":[{"taxonomy":"category","embeddable":true,"href":"https:\/\/soclose.mx\/blog\/wp-json\/wp\/v2\/categories?post=7305"},{"taxonomy":"post_tag","embeddable":true,"href":"https:\/\/soclose.mx\/blog\/wp-json\/wp\/v2\/tags?post=7305"}],"curies":[{"name":"wp","href":"https:\/\/api.w.org\/{rel}","templated":true}]}}