{"id":7350,"date":"2021-10-06T10:31:34","date_gmt":"2021-10-06T15:31:34","guid":{"rendered":"https:\/\/soclose.mx\/blog\/?p=7350"},"modified":"2021-10-03T23:04:17","modified_gmt":"2021-10-04T04:04:17","slug":"diana-beltran-primera-chef-mexicana-en-el-vaticano","status":"publish","type":"post","link":"https:\/\/soclose.mx\/blog\/ay-goeeee\/diana-beltran-primera-chef-mexicana-en-el-vaticano\/","title":{"rendered":"Diana Beltr\u00e1n: primera chef mexicana en el Vaticano"},"content":{"rendered":"<p>La gastronom\u00eda mexicana es \u00fanica y <strong>Diana Beltr\u00e1n<\/strong> lo sabe muy bien, tanto que desde que sali\u00f3 de su natal <strong>Acapulco<\/strong>, jam\u00e1s se imagin\u00f3 que podr\u00eda cocinar en el <strong>Vaticano<\/strong>.<\/p>\n<p>No tuvo estudios de gastronom\u00eda; su talento fue descubierto por la <strong>Embajada de <a href=\"https:\/\/soclose.mx\/blog\/es_mx\/mexico-es-el-quinto-pais-con-mayor-herencia-cultural\/\" target=\"_blank\" rel=\"noopener\">M\u00e9xico<\/a> en Italia<\/strong> despu\u00e9s de que se volviera conocida\u00a0 por organizar fiestas con comida de <strong>Guerrero<\/strong>.<\/p>\n<p>Dos a\u00f1os despu\u00e9s de dedicarse a la promoci\u00f3n de la cocina mexicana a trav\u00e9s de la embajada en <strong>Italia<\/strong>, <strong>Beltr\u00e1n<\/strong>\u00a0 abri\u00f3 un restaurante en <strong>Roma: La Cucaracha<\/strong>.<\/p>\n<p>Entonces, la propuesta gastron\u00f3mica de Diana deriv\u00f3 en una ambici\u00f3n m\u00e1s: encontrar ingredientes lo m\u00e1s parecidos -o iguales- a los que se encuentran en <strong>M\u00e9xico<\/strong> pero cultivados en la pen\u00ednsula it\u00e1lica, encontr\u00f3 diferentes variedades de ma\u00edz con los que hace su propio nixtamal y tambi\u00e9n algunas especies de tomate verde que, aunque no son id\u00e9nticas al tomatillo, cumplen bien la funci\u00f3n en una salsa martajada.<\/p>\n<p>En 2008 se necesitaba alguien que sirviera la <strong>cena de Navidad del Vaticano<\/strong>, y aunque ya hab\u00eda banquetero elegido, la historia se aline\u00f3 para que la mexicana fuera la elegida para cocinar la comida.<\/p>\n<p><strong>El Vaticano<\/strong> fue el punto e partida para que el mundo descubriera el talento de <strong>Diana<\/strong> en la promoci\u00f3n de la cocina mexicana, tanto es as\u00ed que desde 2013 ha sido embajadora culinaria en pa\u00edses como <strong>Polonia, Espa\u00f1a y Francia<\/strong>, dedicada a hacer muestras de cocina tradicional con los ingredientes que encuentra a la mano.<\/p>\n<p>Adem\u00e1s, enfoca sus esfuerzos en la investigaci\u00f3n acad\u00e9mica y la difusi\u00f3n de la gastronom\u00eda en foros culturales como los <strong>Guerreros del Ma\u00edz<\/strong>\u00a0y <strong>Madrid Fusi\u00f3n<\/strong>.<\/p>\n","protected":false},"excerpt":{"rendered":"<p>La gastronom\u00eda mexicana es \u00fanica y Diana Beltr\u00e1n lo sabe muy bien, tanto que desde que sali\u00f3 de su natal Acapulco, jam\u00e1s se imagin\u00f3 que podr\u00eda cocinar en el Vaticano. No tuvo estudios de gastronom\u00eda; su talento fue descubierto por la Embajada de M\u00e9xico en Italia despu\u00e9s de que se volviera conocida\u00a0 por organizar fiestas con comida de Guerrero. Dos a\u00f1os despu\u00e9s de dedicarse a la promoci\u00f3n de la cocina mexicana a trav\u00e9s de la embajada en Italia, Beltr\u00e1n\u00a0 abri\u00f3 un restaurante en Roma: La Cucaracha. Entonces, la propuesta gastron\u00f3mica de Diana deriv\u00f3 en una ambici\u00f3n m\u00e1s: encontrar ingredientes lo<\/p>\n","protected":false},"author":8,"featured_media":7351,"comment_status":"open","ping_status":"open","sticky":false,"template":"","format":"standard","meta":{"_jetpack_memberships_contains_paid_content":false,"footnotes":""},"categories":[1],"tags":[413,1378,1379],"class_list":["post-7350","post","type-post","status-publish","format-standard","has-post-thumbnail","hentry","category-ay-goeeee","tag-chef","tag-diana-beltran","tag-vaticano"],"yoast_head":"<!-- This site is optimized with the Yoast SEO plugin v26.7 - https:\/\/yoast.com\/wordpress\/plugins\/seo\/ -->\n<title>Diana Beltr\u00e1n: primera chef mexicana en el Vaticano - So Close<\/title>\n<meta name=\"description\" content=\"La chef tambi\u00e9n se enfoca en la investigaci\u00f3n y la difusi\u00f3n de la gastronom\u00eda en foros culturales como los Guerreros del Ma\u00edz\u00a0y Madrid Fusi\u00f3n.\" \/>\n<meta name=\"robots\" content=\"index, follow, max-snippet:-1, max-image-preview:large, max-video-preview:-1\" \/>\n<link rel=\"canonical\" href=\"https:\/\/soclose.mx\/blog\/tag\/juan-rulfo-frases-mujeres\/\" \/>\n<meta property=\"og:locale\" content=\"es_MX\" \/>\n<meta property=\"og:type\" content=\"article\" \/>\n<meta property=\"og:title\" content=\"Diana Beltr\u00e1n: primera chef mexicana en el Vaticano - So Close\" \/>\n<meta property=\"og:description\" content=\"La chef tambi\u00e9n se enfoca en la investigaci\u00f3n y la difusi\u00f3n de la gastronom\u00eda en foros culturales como los Guerreros del Ma\u00edz\u00a0y Madrid Fusi\u00f3n.\" \/>\n<meta property=\"og:url\" content=\"https:\/\/soclose.mx\/blog\/tag\/juan-rulfo-frases-mujeres\/\" \/>\n<meta property=\"og:site_name\" content=\"So Close\" \/>\n<meta property=\"article:author\" content=\"www.facebook.com\/mikexever\/\" \/>\n<meta property=\"article:published_time\" content=\"2021-10-06T15:31:34+00:00\" \/>\n<meta property=\"og:image\" content=\"https:\/\/i0.wp.com\/soclose.mx\/blog\/wp-content\/uploads\/2021\/10\/Principal-So-Close-blog-5.png?fit=1240%2C700&ssl=1\" \/>\n\t<meta property=\"og:image:width\" content=\"1240\" \/>\n\t<meta property=\"og:image:height\" content=\"700\" \/>\n\t<meta property=\"og:image:type\" content=\"image\/png\" \/>\n<meta name=\"author\" content=\"Miguel Angel Romero\" \/>\n<meta name=\"twitter:card\" content=\"summary_large_image\" \/>\n<meta name=\"twitter:creator\" content=\"@Mikerecomienda\" \/>\n<meta name=\"twitter:label1\" content=\"Escrito por\" \/>\n\t<meta name=\"twitter:data1\" content=\"Miguel Angel Romero\" \/>\n\t<meta name=\"twitter:label2\" content=\"Tiempo de lectura\" \/>\n\t<meta name=\"twitter:data2\" content=\"2 minutos\" \/>\n<script type=\"application\/ld+json\" class=\"yoast-schema-graph\">{\"@context\":\"https:\/\/schema.org\",\"@graph\":[{\"@type\":\"Article\",\"@id\":\"https:\/\/soclose.mx\/blog\/tag\/juan-rulfo-frases-mujeres\/#article\",\"isPartOf\":{\"@id\":\"https:\/\/soclose.mx\/blog\/tag\/juan-rulfo-frases-mujeres\/\"},\"author\":{\"name\":\"Miguel Angel Romero\",\"@id\":\"https:\/\/soclose.mx\/blog\/#\/schema\/person\/cddec6ccd5d7037d286395fb411e23f1\"},\"headline\":\"Diana Beltr\u00e1n: primera chef mexicana en el Vaticano\",\"datePublished\":\"2021-10-06T15:31:34+00:00\",\"mainEntityOfPage\":{\"@id\":\"https:\/\/soclose.mx\/blog\/tag\/juan-rulfo-frases-mujeres\/\"},\"wordCount\":306,\"commentCount\":0,\"publisher\":{\"@id\":\"https:\/\/soclose.mx\/blog\/#organization\"},\"image\":{\"@id\":\"https:\/\/soclose.mx\/blog\/tag\/juan-rulfo-frases-mujeres\/#primaryimage\"},\"thumbnailUrl\":\"https:\/\/i0.wp.com\/soclose.mx\/blog\/wp-content\/uploads\/2021\/10\/Principal-So-Close-blog-5.png?fit=1240%2C700&ssl=1\",\"keywords\":[\"chef\",\"Diana Beltr\u00e1n\",\"Vaticano\"],\"articleSection\":[\"\u00a1Ay goeeee!\"],\"inLanguage\":\"es\",\"potentialAction\":[{\"@type\":\"CommentAction\",\"name\":\"Comment\",\"target\":[\"https:\/\/soclose.mx\/blog\/tag\/juan-rulfo-frases-mujeres\/#respond\"]}]},{\"@type\":\"WebPage\",\"@id\":\"https:\/\/soclose.mx\/blog\/tag\/juan-rulfo-frases-mujeres\/\",\"url\":\"https:\/\/soclose.mx\/blog\/tag\/juan-rulfo-frases-mujeres\/\",\"name\":\"Diana Beltr\u00e1n: primera chef mexicana en el Vaticano - So Close\",\"isPartOf\":{\"@id\":\"https:\/\/soclose.mx\/blog\/#website\"},\"primaryImageOfPage\":{\"@id\":\"https:\/\/soclose.mx\/blog\/tag\/juan-rulfo-frases-mujeres\/#primaryimage\"},\"image\":{\"@id\":\"https:\/\/soclose.mx\/blog\/tag\/juan-rulfo-frases-mujeres\/#primaryimage\"},\"thumbnailUrl\":\"https:\/\/i0.wp.com\/soclose.mx\/blog\/wp-content\/uploads\/2021\/10\/Principal-So-Close-blog-5.png?fit=1240%2C700&ssl=1\",\"datePublished\":\"2021-10-06T15:31:34+00:00\",\"description\":\"La chef tambi\u00e9n se enfoca en la investigaci\u00f3n y la difusi\u00f3n de la gastronom\u00eda en foros culturales como los Guerreros del Ma\u00edz\u00a0y Madrid Fusi\u00f3n.\",\"breadcrumb\":{\"@id\":\"https:\/\/soclose.mx\/blog\/tag\/juan-rulfo-frases-mujeres\/#breadcrumb\"},\"inLanguage\":\"es\",\"potentialAction\":[{\"@type\":\"ReadAction\",\"target\":[\"https:\/\/soclose.mx\/blog\/tag\/juan-rulfo-frases-mujeres\/\"]}]},{\"@type\":\"ImageObject\",\"inLanguage\":\"es\",\"@id\":\"https:\/\/soclose.mx\/blog\/tag\/juan-rulfo-frases-mujeres\/#primaryimage\",\"url\":\"https:\/\/i0.wp.com\/soclose.mx\/blog\/wp-content\/uploads\/2021\/10\/Principal-So-Close-blog-5.png?fit=1240%2C700&ssl=1\",\"contentUrl\":\"https:\/\/i0.wp.com\/soclose.mx\/blog\/wp-content\/uploads\/2021\/10\/Principal-So-Close-blog-5.png?fit=1240%2C700&ssl=1\",\"width\":1240,\"height\":700},{\"@type\":\"BreadcrumbList\",\"@id\":\"https:\/\/soclose.mx\/blog\/tag\/juan-rulfo-frases-mujeres\/#breadcrumb\",\"itemListElement\":[{\"@type\":\"ListItem\",\"position\":1,\"name\":\"Inicio\",\"item\":\"https:\/\/soclose.mx\/blog\/\"},{\"@type\":\"ListItem\",\"position\":2,\"name\":\"Diana Beltr\u00e1n: primera chef mexicana en el Vaticano\"}]},{\"@type\":\"WebSite\",\"@id\":\"https:\/\/soclose.mx\/blog\/#website\",\"url\":\"https:\/\/soclose.mx\/blog\/\",\"name\":\"So Close\",\"description\":\"Hacemos contenidos de M\u00e9xico\",\"publisher\":{\"@id\":\"https:\/\/soclose.mx\/blog\/#organization\"},\"potentialAction\":[{\"@type\":\"SearchAction\",\"target\":{\"@type\":\"EntryPoint\",\"urlTemplate\":\"https:\/\/soclose.mx\/blog\/?s={search_term_string}\"},\"query-input\":{\"@type\":\"PropertyValueSpecification\",\"valueRequired\":true,\"valueName\":\"search_term_string\"}}],\"inLanguage\":\"es\"},{\"@type\":\"Organization\",\"@id\":\"https:\/\/soclose.mx\/blog\/#organization\",\"name\":\"So Close\",\"url\":\"https:\/\/soclose.mx\/blog\/\",\"logo\":{\"@type\":\"ImageObject\",\"inLanguage\":\"es\",\"@id\":\"https:\/\/soclose.mx\/blog\/#\/schema\/logo\/image\/\",\"url\":\"https:\/\/i0.wp.com\/soclose.mx\/blog\/wp-content\/uploads\/2020\/12\/LOGO_SOCLOSE_COLOR-e1608310133507.png?fit=2858%2C1264&ssl=1\",\"contentUrl\":\"https:\/\/i0.wp.com\/soclose.mx\/blog\/wp-content\/uploads\/2020\/12\/LOGO_SOCLOSE_COLOR-e1608310133507.png?fit=2858%2C1264&ssl=1\",\"width\":2858,\"height\":1264,\"caption\":\"So Close\"},\"image\":{\"@id\":\"https:\/\/soclose.mx\/blog\/#\/schema\/logo\/image\/\"}},{\"@type\":\"Person\",\"@id\":\"https:\/\/soclose.mx\/blog\/#\/schema\/person\/cddec6ccd5d7037d286395fb411e23f1\",\"name\":\"Miguel Angel Romero\",\"image\":{\"@type\":\"ImageObject\",\"inLanguage\":\"es\",\"@id\":\"https:\/\/soclose.mx\/blog\/#\/schema\/person\/image\/\",\"url\":\"https:\/\/secure.gravatar.com\/avatar\/45b44006b4f93497bb24d251f77bc39385015bfa120582412df580dbfcbb14f3?s=96&d=mm&r=g\",\"contentUrl\":\"https:\/\/secure.gravatar.com\/avatar\/45b44006b4f93497bb24d251f77bc39385015bfa120582412df580dbfcbb14f3?s=96&d=mm&r=g\",\"caption\":\"Miguel Angel Romero\"},\"sameAs\":[\"http:\/\/\/mikexever.blogspot.com\/\",\"www.facebook.com\/mikexever\/\",\"https:\/\/x.com\/Mikerecomienda\"],\"url\":\"https:\/\/soclose.mx\/blog\/author\/mike\/\"}]}<\/script>\n<!-- \/ Yoast SEO plugin. -->","yoast_head_json":{"title":"Diana Beltr\u00e1n: primera chef mexicana en el Vaticano - So Close","description":"La chef tambi\u00e9n se enfoca en la investigaci\u00f3n y la difusi\u00f3n de la gastronom\u00eda en foros culturales como los Guerreros del Ma\u00edz\u00a0y Madrid Fusi\u00f3n.","robots":{"index":"index","follow":"follow","max-snippet":"max-snippet:-1","max-image-preview":"max-image-preview:large","max-video-preview":"max-video-preview:-1"},"canonical":"https:\/\/soclose.mx\/blog\/tag\/juan-rulfo-frases-mujeres\/","og_locale":"es_MX","og_type":"article","og_title":"Diana Beltr\u00e1n: primera chef mexicana en el Vaticano - So Close","og_description":"La chef tambi\u00e9n se enfoca en la investigaci\u00f3n y la difusi\u00f3n de la gastronom\u00eda en foros culturales como los Guerreros del Ma\u00edz\u00a0y Madrid Fusi\u00f3n.","og_url":"https:\/\/soclose.mx\/blog\/tag\/juan-rulfo-frases-mujeres\/","og_site_name":"So Close","article_author":"www.facebook.com\/mikexever\/","article_published_time":"2021-10-06T15:31:34+00:00","og_image":[{"width":1240,"height":700,"url":"https:\/\/i0.wp.com\/soclose.mx\/blog\/wp-content\/uploads\/2021\/10\/Principal-So-Close-blog-5.png?fit=1240%2C700&ssl=1","type":"image\/png"}],"author":"Miguel Angel Romero","twitter_card":"summary_large_image","twitter_creator":"@Mikerecomienda","twitter_misc":{"Escrito por":"Miguel Angel Romero","Tiempo de lectura":"2 minutos"},"schema":{"@context":"https:\/\/schema.org","@graph":[{"@type":"Article","@id":"https:\/\/soclose.mx\/blog\/tag\/juan-rulfo-frases-mujeres\/#article","isPartOf":{"@id":"https:\/\/soclose.mx\/blog\/tag\/juan-rulfo-frases-mujeres\/"},"author":{"name":"Miguel Angel Romero","@id":"https:\/\/soclose.mx\/blog\/#\/schema\/person\/cddec6ccd5d7037d286395fb411e23f1"},"headline":"Diana Beltr\u00e1n: primera chef mexicana en el Vaticano","datePublished":"2021-10-06T15:31:34+00:00","mainEntityOfPage":{"@id":"https:\/\/soclose.mx\/blog\/tag\/juan-rulfo-frases-mujeres\/"},"wordCount":306,"commentCount":0,"publisher":{"@id":"https:\/\/soclose.mx\/blog\/#organization"},"image":{"@id":"https:\/\/soclose.mx\/blog\/tag\/juan-rulfo-frases-mujeres\/#primaryimage"},"thumbnailUrl":"https:\/\/i0.wp.com\/soclose.mx\/blog\/wp-content\/uploads\/2021\/10\/Principal-So-Close-blog-5.png?fit=1240%2C700&ssl=1","keywords":["chef","Diana Beltr\u00e1n","Vaticano"],"articleSection":["\u00a1Ay goeeee!"],"inLanguage":"es","potentialAction":[{"@type":"CommentAction","name":"Comment","target":["https:\/\/soclose.mx\/blog\/tag\/juan-rulfo-frases-mujeres\/#respond"]}]},{"@type":"WebPage","@id":"https:\/\/soclose.mx\/blog\/tag\/juan-rulfo-frases-mujeres\/","url":"https:\/\/soclose.mx\/blog\/tag\/juan-rulfo-frases-mujeres\/","name":"Diana Beltr\u00e1n: primera chef mexicana en el Vaticano - So Close","isPartOf":{"@id":"https:\/\/soclose.mx\/blog\/#website"},"primaryImageOfPage":{"@id":"https:\/\/soclose.mx\/blog\/tag\/juan-rulfo-frases-mujeres\/#primaryimage"},"image":{"@id":"https:\/\/soclose.mx\/blog\/tag\/juan-rulfo-frases-mujeres\/#primaryimage"},"thumbnailUrl":"https:\/\/i0.wp.com\/soclose.mx\/blog\/wp-content\/uploads\/2021\/10\/Principal-So-Close-blog-5.png?fit=1240%2C700&ssl=1","datePublished":"2021-10-06T15:31:34+00:00","description":"La chef tambi\u00e9n se enfoca en la investigaci\u00f3n y la difusi\u00f3n de la gastronom\u00eda en foros culturales como los Guerreros del Ma\u00edz\u00a0y Madrid Fusi\u00f3n.","breadcrumb":{"@id":"https:\/\/soclose.mx\/blog\/tag\/juan-rulfo-frases-mujeres\/#breadcrumb"},"inLanguage":"es","potentialAction":[{"@type":"ReadAction","target":["https:\/\/soclose.mx\/blog\/tag\/juan-rulfo-frases-mujeres\/"]}]},{"@type":"ImageObject","inLanguage":"es","@id":"https:\/\/soclose.mx\/blog\/tag\/juan-rulfo-frases-mujeres\/#primaryimage","url":"https:\/\/i0.wp.com\/soclose.mx\/blog\/wp-content\/uploads\/2021\/10\/Principal-So-Close-blog-5.png?fit=1240%2C700&ssl=1","contentUrl":"https:\/\/i0.wp.com\/soclose.mx\/blog\/wp-content\/uploads\/2021\/10\/Principal-So-Close-blog-5.png?fit=1240%2C700&ssl=1","width":1240,"height":700},{"@type":"BreadcrumbList","@id":"https:\/\/soclose.mx\/blog\/tag\/juan-rulfo-frases-mujeres\/#breadcrumb","itemListElement":[{"@type":"ListItem","position":1,"name":"Inicio","item":"https:\/\/soclose.mx\/blog\/"},{"@type":"ListItem","position":2,"name":"Diana Beltr\u00e1n: primera chef mexicana en el Vaticano"}]},{"@type":"WebSite","@id":"https:\/\/soclose.mx\/blog\/#website","url":"https:\/\/soclose.mx\/blog\/","name":"So Close","description":"Hacemos contenidos de M\u00e9xico","publisher":{"@id":"https:\/\/soclose.mx\/blog\/#organization"},"potentialAction":[{"@type":"SearchAction","target":{"@type":"EntryPoint","urlTemplate":"https:\/\/soclose.mx\/blog\/?s={search_term_string}"},"query-input":{"@type":"PropertyValueSpecification","valueRequired":true,"valueName":"search_term_string"}}],"inLanguage":"es"},{"@type":"Organization","@id":"https:\/\/soclose.mx\/blog\/#organization","name":"So Close","url":"https:\/\/soclose.mx\/blog\/","logo":{"@type":"ImageObject","inLanguage":"es","@id":"https:\/\/soclose.mx\/blog\/#\/schema\/logo\/image\/","url":"https:\/\/i0.wp.com\/soclose.mx\/blog\/wp-content\/uploads\/2020\/12\/LOGO_SOCLOSE_COLOR-e1608310133507.png?fit=2858%2C1264&ssl=1","contentUrl":"https:\/\/i0.wp.com\/soclose.mx\/blog\/wp-content\/uploads\/2020\/12\/LOGO_SOCLOSE_COLOR-e1608310133507.png?fit=2858%2C1264&ssl=1","width":2858,"height":1264,"caption":"So Close"},"image":{"@id":"https:\/\/soclose.mx\/blog\/#\/schema\/logo\/image\/"}},{"@type":"Person","@id":"https:\/\/soclose.mx\/blog\/#\/schema\/person\/cddec6ccd5d7037d286395fb411e23f1","name":"Miguel Angel Romero","image":{"@type":"ImageObject","inLanguage":"es","@id":"https:\/\/soclose.mx\/blog\/#\/schema\/person\/image\/","url":"https:\/\/secure.gravatar.com\/avatar\/45b44006b4f93497bb24d251f77bc39385015bfa120582412df580dbfcbb14f3?s=96&d=mm&r=g","contentUrl":"https:\/\/secure.gravatar.com\/avatar\/45b44006b4f93497bb24d251f77bc39385015bfa120582412df580dbfcbb14f3?s=96&d=mm&r=g","caption":"Miguel Angel Romero"},"sameAs":["http:\/\/\/mikexever.blogspot.com\/","www.facebook.com\/mikexever\/","https:\/\/x.com\/Mikerecomienda"],"url":"https:\/\/soclose.mx\/blog\/author\/mike\/"}]}},"jetpack_featured_media_url":"https:\/\/i0.wp.com\/soclose.mx\/blog\/wp-content\/uploads\/2021\/10\/Principal-So-Close-blog-5.png?fit=1240%2C700&ssl=1","jetpack-related-posts":[{"id":6790,"url":"https:\/\/soclose.mx\/blog\/news-feed\/la-mejor-cocinera-de-espana-mexicana-cynthia-yaber\/","url_meta":{"origin":7350,"position":0},"title":"Conoce a la mexicana Cynthia Yaber, la mejor cocinera de Espa\u00f1a","author":"Miguel Angel Romero","date":"5 agosto, 2021","format":false,"excerpt":"La (ahora m\u00e1s famosa) chef mexicana Cynthia Yaber,\u00a0 la mejor cocinera de Espa\u00f1a de 2021, poco a poco se ha vuelto m\u00e1s conocida y para recordar que en M\u00e9xico empez\u00f3 su sue\u00f1o, te compartimos cinco datos de ella que quiz\u00e1s\u00a0 no sab\u00edas: A los 18 a\u00f1os sali\u00f3 de M\u00e9xico para\u2026","rel":"","context":"En &quot;News feed&quot;","block_context":{"text":"News feed","link":"https:\/\/soclose.mx\/blog\/category\/news-feed\/"},"img":{"alt_text":"","src":"https:\/\/i0.wp.com\/soclose.mx\/blog\/wp-content\/uploads\/2021\/08\/Principal-So-Close-blog-7.jpg?fit=1200%2C677&ssl=1&resize=350%2C200","width":350,"height":200,"srcset":"https:\/\/i0.wp.com\/soclose.mx\/blog\/wp-content\/uploads\/2021\/08\/Principal-So-Close-blog-7.jpg?fit=1200%2C677&ssl=1&resize=350%2C200 1x, https:\/\/i0.wp.com\/soclose.mx\/blog\/wp-content\/uploads\/2021\/08\/Principal-So-Close-blog-7.jpg?fit=1200%2C677&ssl=1&resize=525%2C300 1.5x, https:\/\/i0.wp.com\/soclose.mx\/blog\/wp-content\/uploads\/2021\/08\/Principal-So-Close-blog-7.jpg?fit=1200%2C677&ssl=1&resize=700%2C400 2x, https:\/\/i0.wp.com\/soclose.mx\/blog\/wp-content\/uploads\/2021\/08\/Principal-So-Close-blog-7.jpg?fit=1200%2C677&ssl=1&resize=1050%2C600 3x"},"classes":[]},{"id":9827,"url":"https:\/\/soclose.mx\/blog\/para-todos\/el-papa-francisco-pide-su-tequila\/","url_meta":{"origin":7350,"position":1},"title":"El Papa Francisco pide su tequila","author":"Daniel Ram\u00edrez","date":"12 mayo, 2022","format":false,"excerpt":"\"Para el mal de rodilla, una copa de tequila\". Estamos seguros que el Papa Francisco pens\u00f3 que ese ser\u00eda un buen remedio para aliviar los males que le aquejan esa zona del cuerpo en los \u00faltimos meses. Y qui\u00e9n si no unos mexicanos para hacerle el favor, al menos de\u2026","rel":"","context":"En &quot;A la mexicana&quot;","block_context":{"text":"A la mexicana","link":"https:\/\/soclose.mx\/blog\/category\/a-la-mexicana\/"},"img":{"alt_text":"","src":"https:\/\/i0.wp.com\/soclose.mx\/blog\/wp-content\/uploads\/2022\/05\/pexels-isabella-mendes-858466-scaled.jpg?fit=1200%2C795&ssl=1&resize=350%2C200","width":350,"height":200,"srcset":"https:\/\/i0.wp.com\/soclose.mx\/blog\/wp-content\/uploads\/2022\/05\/pexels-isabella-mendes-858466-scaled.jpg?fit=1200%2C795&ssl=1&resize=350%2C200 1x, https:\/\/i0.wp.com\/soclose.mx\/blog\/wp-content\/uploads\/2022\/05\/pexels-isabella-mendes-858466-scaled.jpg?fit=1200%2C795&ssl=1&resize=525%2C300 1.5x, https:\/\/i0.wp.com\/soclose.mx\/blog\/wp-content\/uploads\/2022\/05\/pexels-isabella-mendes-858466-scaled.jpg?fit=1200%2C795&ssl=1&resize=700%2C400 2x, https:\/\/i0.wp.com\/soclose.mx\/blog\/wp-content\/uploads\/2022\/05\/pexels-isabella-mendes-858466-scaled.jpg?fit=1200%2C795&ssl=1&resize=1050%2C600 3x"},"classes":[]},{"id":10914,"url":"https:\/\/soclose.mx\/blog\/a-la-mexicana\/cocineros-mx-por-el-mundo-la-revista-mexicana-presente-en-todo-el-planeta\/","url_meta":{"origin":7350,"position":2},"title":"&#8220;Cocineros MX por el Mundo\u201d, la revista mexicana presente en todo el planeta","author":"Daniel Ram\u00edrez","date":"12 agosto, 2022","format":false,"excerpt":"En cualquier parte del mundo siempre encontraremos un mexicano, un paisano que ha hecho su propia historia en el extranjero y ha llevado consigo lo mejor de nuestro pa\u00eds. La comida es el principal veh\u00edculo para encontrar paisanos y existe una herramienta que ayuda a lograr esto: la revista Cocineros\u2026","rel":"","context":"En &quot;A la mexicana&quot;","block_context":{"text":"A la mexicana","link":"https:\/\/soclose.mx\/blog\/category\/a-la-mexicana\/"},"img":{"alt_text":"","src":"https:\/\/i0.wp.com\/soclose.mx\/blog\/wp-content\/uploads\/2022\/08\/Captura-de-Pantalla-2022-08-12-a-las-21.44.34.png?fit=1162%2C644&ssl=1&resize=350%2C200","width":350,"height":200,"srcset":"https:\/\/i0.wp.com\/soclose.mx\/blog\/wp-content\/uploads\/2022\/08\/Captura-de-Pantalla-2022-08-12-a-las-21.44.34.png?fit=1162%2C644&ssl=1&resize=350%2C200 1x, https:\/\/i0.wp.com\/soclose.mx\/blog\/wp-content\/uploads\/2022\/08\/Captura-de-Pantalla-2022-08-12-a-las-21.44.34.png?fit=1162%2C644&ssl=1&resize=525%2C300 1.5x, https:\/\/i0.wp.com\/soclose.mx\/blog\/wp-content\/uploads\/2022\/08\/Captura-de-Pantalla-2022-08-12-a-las-21.44.34.png?fit=1162%2C644&ssl=1&resize=700%2C400 2x, https:\/\/i0.wp.com\/soclose.mx\/blog\/wp-content\/uploads\/2022\/08\/Captura-de-Pantalla-2022-08-12-a-las-21.44.34.png?fit=1162%2C644&ssl=1&resize=1050%2C600 3x"},"classes":[]},{"id":10670,"url":"https:\/\/soclose.mx\/blog\/a-la-mexicana\/restaurantes-mexicanos-dentro-de-los-10-mejores-del-mundo\/","url_meta":{"origin":7350,"position":3},"title":"Restaurantes mexicanos, \u00a1dentro de los 10 mejores del mundo!","author":"Daniel Ram\u00edrez","date":"21 julio, 2022","format":false,"excerpt":"\u00bfHas escuchado hablar de los premios Oscar de la gastronom\u00eda? Pues el ranking The World\u2019s 50 Best\u00a0es considerado su equivalente. Y dentro de este conteo mundial, dos restaurantes mexicanos destacaron en la \u00faltima entrega de premios celebrada el pasado lunes 18 de julio de 2022. Pujol, de Enrique Olvera, y\u2026","rel":"","context":"En &quot;A la mexicana&quot;","block_context":{"text":"A la mexicana","link":"https:\/\/soclose.mx\/blog\/category\/a-la-mexicana\/"},"img":{"alt_text":"","src":"https:\/\/i0.wp.com\/soclose.mx\/blog\/wp-content\/uploads\/2022\/07\/pexels-cup-of-couple-8471716-scaled.jpg?fit=1200%2C800&ssl=1&resize=350%2C200","width":350,"height":200,"srcset":"https:\/\/i0.wp.com\/soclose.mx\/blog\/wp-content\/uploads\/2022\/07\/pexels-cup-of-couple-8471716-scaled.jpg?fit=1200%2C800&ssl=1&resize=350%2C200 1x, https:\/\/i0.wp.com\/soclose.mx\/blog\/wp-content\/uploads\/2022\/07\/pexels-cup-of-couple-8471716-scaled.jpg?fit=1200%2C800&ssl=1&resize=525%2C300 1.5x, https:\/\/i0.wp.com\/soclose.mx\/blog\/wp-content\/uploads\/2022\/07\/pexels-cup-of-couple-8471716-scaled.jpg?fit=1200%2C800&ssl=1&resize=700%2C400 2x, https:\/\/i0.wp.com\/soclose.mx\/blog\/wp-content\/uploads\/2022\/07\/pexels-cup-of-couple-8471716-scaled.jpg?fit=1200%2C800&ssl=1&resize=1050%2C600 3x"},"classes":[]},{"id":7650,"url":"https:\/\/soclose.mx\/blog\/ay-goeeee\/la-mexicana-diana-lorena-rubio-las-10-mejores-docentes\/","url_meta":{"origin":7350,"position":4},"title":"La mexicana Diana Lorena Rubio, entre las 10 mejores docentes del mundo","author":"Miguel Angel Romero","date":"26 octubre, 2021","format":false,"excerpt":"Un orgullo m\u00e1s para nuestro pa\u00eds: la mexicana Diana Lorena Rubio, fue nominada entre los 10 mejores docentes del mundo en el Global Teacher Prize 2021. En caso de llev\u00e1rselo, obtendr\u00eda el premio de un mill\u00f3n de d\u00f3lares, impulsado por la fundaci\u00f3n Varkey en asociaci\u00f3n con la UNESCO. \u201cEstos h\u00e9roes\u2026","rel":"","context":"En &quot;\u00a1Ay goeeee!&quot;","block_context":{"text":"\u00a1Ay goeeee!","link":"https:\/\/soclose.mx\/blog\/category\/ay-goeeee\/"},"img":{"alt_text":"","src":"https:\/\/i0.wp.com\/soclose.mx\/blog\/wp-content\/uploads\/2021\/10\/Copia-de-Principal-So-Close-blog-4-2.png?fit=1200%2C677&ssl=1&resize=350%2C200","width":350,"height":200,"srcset":"https:\/\/i0.wp.com\/soclose.mx\/blog\/wp-content\/uploads\/2021\/10\/Copia-de-Principal-So-Close-blog-4-2.png?fit=1200%2C677&ssl=1&resize=350%2C200 1x, https:\/\/i0.wp.com\/soclose.mx\/blog\/wp-content\/uploads\/2021\/10\/Copia-de-Principal-So-Close-blog-4-2.png?fit=1200%2C677&ssl=1&resize=525%2C300 1.5x, https:\/\/i0.wp.com\/soclose.mx\/blog\/wp-content\/uploads\/2021\/10\/Copia-de-Principal-So-Close-blog-4-2.png?fit=1200%2C677&ssl=1&resize=700%2C400 2x, https:\/\/i0.wp.com\/soclose.mx\/blog\/wp-content\/uploads\/2021\/10\/Copia-de-Principal-So-Close-blog-4-2.png?fit=1200%2C677&ssl=1&resize=1050%2C600 3x"},"classes":[]},{"id":4790,"url":"https:\/\/soclose.mx\/blog\/ay-goeeee\/ella-es-daniela-soto-innes-la-mexicana-nombrada-como-la-mejor-chef-del-mundo-2019\/","url_meta":{"origin":7350,"position":5},"title":"La historia de Daniela Soto-Innes, la mexicana que un d\u00eda fue nombrada la mejor chef del mundo 2019","author":"So Close","date":"22 agosto, 2019","format":false,"excerpt":"Con tan solo 28 a\u00f1os de edad, Daniela Soto-Innes se convirti\u00f3 en la primera mexicana (y la m\u00e1s joven) en ser nombrada como The World's Best Female Chef por el The World's 50 Best Restaurants 2019. Daniela agradeci\u00f3 a trav\u00e9s de su cuenta de Instagram a su familia, al equipo\u2026","rel":"","context":"En &quot;\u00a1Ay goeeee!&quot;","block_context":{"text":"\u00a1Ay goeeee!","link":"https:\/\/soclose.mx\/blog\/category\/ay-goeeee\/"},"img":{"alt_text":"","src":"https:\/\/i0.wp.com\/soclose.mx\/blog\/wp-content\/uploads\/2019\/04\/Captura-de-pantalla-2019-04-26-a-las-19.16.05.png?fit=659%2C440&ssl=1&resize=350%2C200","width":350,"height":200,"srcset":"https:\/\/i0.wp.com\/soclose.mx\/blog\/wp-content\/uploads\/2019\/04\/Captura-de-pantalla-2019-04-26-a-las-19.16.05.png?fit=659%2C440&ssl=1&resize=350%2C200 1x, https:\/\/i0.wp.com\/soclose.mx\/blog\/wp-content\/uploads\/2019\/04\/Captura-de-pantalla-2019-04-26-a-las-19.16.05.png?fit=659%2C440&ssl=1&resize=525%2C300 1.5x"},"classes":[]}],"jetpack_sharing_enabled":true,"_links":{"self":[{"href":"https:\/\/soclose.mx\/blog\/wp-json\/wp\/v2\/posts\/7350","targetHints":{"allow":["GET"]}}],"collection":[{"href":"https:\/\/soclose.mx\/blog\/wp-json\/wp\/v2\/posts"}],"about":[{"href":"https:\/\/soclose.mx\/blog\/wp-json\/wp\/v2\/types\/post"}],"author":[{"embeddable":true,"href":"https:\/\/soclose.mx\/blog\/wp-json\/wp\/v2\/users\/8"}],"replies":[{"embeddable":true,"href":"https:\/\/soclose.mx\/blog\/wp-json\/wp\/v2\/comments?post=7350"}],"version-history":[{"count":0,"href":"https:\/\/soclose.mx\/blog\/wp-json\/wp\/v2\/posts\/7350\/revisions"}],"wp:featuredmedia":[{"embeddable":true,"href":"https:\/\/soclose.mx\/blog\/wp-json\/wp\/v2\/media\/7351"}],"wp:attachment":[{"href":"https:\/\/soclose.mx\/blog\/wp-json\/wp\/v2\/media?parent=7350"}],"wp:term":[{"taxonomy":"category","embeddable":true,"href":"https:\/\/soclose.mx\/blog\/wp-json\/wp\/v2\/categories?post=7350"},{"taxonomy":"post_tag","embeddable":true,"href":"https:\/\/soclose.mx\/blog\/wp-json\/wp\/v2\/tags?post=7350"}],"curies":[{"name":"wp","href":"https:\/\/api.w.org\/{rel}","templated":true}]}}