{"id":7354,"date":"2021-10-07T08:35:31","date_gmt":"2021-10-07T13:35:31","guid":{"rendered":"https:\/\/soclose.mx\/blog\/?p=7354"},"modified":"2021-10-06T23:04:42","modified_gmt":"2021-10-07T04:04:42","slug":"el-agua-de-jamaica-y-su-mexicana-historia","status":"publish","type":"post","link":"https:\/\/soclose.mx\/blog\/bebida\/el-agua-de-jamaica-y-su-mexicana-historia\/","title":{"rendered":"El agua de jamaica y su mexicana historia"},"content":{"rendered":"<p>Todos la hemos probado, su color intenso y su sabor ligeramente acidulado, hacen que el <strong>agua de jamaica<\/strong> sea la favorita de nuestro pa\u00eds, pero aunque no la sab\u00edas, no es originaria de M\u00e9xico.<\/p>\n<p>Pero, seamos francos, ya se ha ganado su carta de naturalizaci\u00f3n con su presencia en todo el territorio nacional, esa flor tan popular\u00a0se llama hibiscus sabdariffa (malv\u00e1ceas) y lleg\u00f3 a M\u00e9xico a bordo de la <strong>Nao de China.<\/strong><\/p>\n<p>Dicha embarcaci\u00f3n espa\u00f1ola que, desde 1565, empez\u00f3 a cruzar el Oc\u00e9ano Pac\u00edfico de Filipinas hasta la Nueva Espa\u00f1a intercambiando productos, de esta manera, podemos deducir que el primer estado mexicano en donde hubo esa flor fue<strong>\u00a0Acapulco<\/strong>, <strong>Guerrero<\/strong>.<\/p>\n<figure class=\"wp-block-image size-large\"><figcaption><\/figcaption><\/figure>\n<p>Sin embargo, parece que el lugar que vio nacer a la flor de jamaica fue el <strong>\u00c1frica Tropical<\/strong>, es decir\u00a0<strong>Egipto<\/strong>, <strong>Sud\u00e1n y Senegal<\/strong>, en estos pa\u00edses se cultivaba no por la flor sino para extraer fibras de sus duros tallos que servir\u00edan para crear telas gruesas, parecidas al henequ\u00e9n.<\/p>\n<p>El 70% de la producci\u00f3n nacional\u00a0 de jamaica se vende a granel y el resto se industrializa para producir vinos, concentrados, mermeladas, bocados y conservas, y claro que las aguas frescas que gustan tanto en nuestro pa\u00eds.<\/p>\n<figure class=\"wp-block-image\"><\/figure>\n<p>Aunque cabe mencionar que en <a href=\"https:\/\/soclose.mx\/blog\/es_mx\/5-platillos-mexicanos-que-son-patrimonio-de-la-humanidad\/\" target=\"_blank\" rel=\"noopener\"><strong>M\u00e9xico<\/strong><\/a> se consume jamaica china y jamaica mexicana, la primera posee un tama\u00f1o peque\u00f1o y con tono negruzco. A diferencia de la nacional que es m\u00e1s fina, de un color rojo intenso y un poco m\u00e1s grande; adem\u00e1s de un sabor extraordinario.<\/p>\n<p>La flor contin\u00faa arraig\u00e1ndose en el paladar de los mexicanos, tanto as\u00ed que ahora no s\u00f3lo se prepara agua con ella sino quesadillas, salsas, sopas, licores, postres y botanas fritas que roseadas con lim\u00f3n y chile piqu\u00edn.<\/p>\n","protected":false},"excerpt":{"rendered":"<p>Todos la hemos probado, su color intenso y su sabor ligeramente acidulado, hacen que el agua de jamaica sea la favorita de nuestro pa\u00eds, pero aunque no la sab\u00edas, no es originaria de M\u00e9xico. Pero, seamos francos, ya se ha ganado su carta de naturalizaci\u00f3n con su presencia en todo el territorio nacional, esa flor tan popular\u00a0se llama hibiscus sabdariffa (malv\u00e1ceas) y lleg\u00f3 a M\u00e9xico a bordo de la Nao de China. Dicha embarcaci\u00f3n espa\u00f1ola que, desde 1565, empez\u00f3 a cruzar el Oc\u00e9ano Pac\u00edfico de Filipinas hasta la Nueva Espa\u00f1a intercambiando productos, de esta manera, podemos deducir que el primer<\/p>\n","protected":false},"author":8,"featured_media":7355,"comment_status":"open","ping_status":"open","sticky":false,"template":"","format":"standard","meta":{"_jetpack_memberships_contains_paid_content":false,"footnotes":""},"categories":[731],"tags":[1380,1381,1382],"class_list":["post-7354","post","type-post","status-publish","format-standard","has-post-thumbnail","hentry","category-bebida","tag-agua-de-jamaica","tag-bebida","tag-jamaica"],"yoast_head":"<!-- This site is optimized with the Yoast SEO plugin v26.7 - https:\/\/yoast.com\/wordpress\/plugins\/seo\/ -->\n<title>El agua de jamaica y su mexicana historia - So Close<\/title>\n<meta name=\"description\" content=\"La planta con la que se produce el agua de jamaica lleg\u00f3 de Filipinas para arraigarse en la gastronom\u00eda mexicana.\" \/>\n<meta name=\"robots\" content=\"index, follow, max-snippet:-1, max-image-preview:large, max-video-preview:-1\" \/>\n<link rel=\"canonical\" href=\"https:\/\/soclose.mx\/blog\/tag\/juan-rulfo-frases-mujeres\/\" \/>\n<meta property=\"og:locale\" content=\"es_MX\" \/>\n<meta property=\"og:type\" content=\"article\" \/>\n<meta property=\"og:title\" content=\"El agua de jamaica y su mexicana historia - So Close\" \/>\n<meta property=\"og:description\" content=\"La planta con la que se produce el agua de jamaica lleg\u00f3 de Filipinas para arraigarse en la gastronom\u00eda mexicana.\" \/>\n<meta property=\"og:url\" content=\"https:\/\/soclose.mx\/blog\/tag\/juan-rulfo-frases-mujeres\/\" \/>\n<meta property=\"og:site_name\" content=\"So Close\" \/>\n<meta property=\"article:author\" content=\"www.facebook.com\/mikexever\/\" \/>\n<meta property=\"article:published_time\" content=\"2021-10-07T13:35:31+00:00\" \/>\n<meta property=\"og:image\" content=\"https:\/\/i0.wp.com\/soclose.mx\/blog\/wp-content\/uploads\/2021\/10\/Principal-So-Close-blog-8.png?fit=1240%2C700&ssl=1\" \/>\n\t<meta property=\"og:image:width\" content=\"1240\" \/>\n\t<meta property=\"og:image:height\" content=\"700\" \/>\n\t<meta property=\"og:image:type\" content=\"image\/png\" \/>\n<meta name=\"author\" content=\"Miguel Angel Romero\" \/>\n<meta name=\"twitter:card\" content=\"summary_large_image\" \/>\n<meta name=\"twitter:creator\" content=\"@Mikerecomienda\" \/>\n<meta name=\"twitter:label1\" content=\"Escrito por\" \/>\n\t<meta name=\"twitter:data1\" content=\"Miguel Angel Romero\" \/>\n\t<meta name=\"twitter:label2\" content=\"Tiempo de lectura\" \/>\n\t<meta name=\"twitter:data2\" content=\"3 minutos\" \/>\n<script type=\"application\/ld+json\" class=\"yoast-schema-graph\">{\"@context\":\"https:\/\/schema.org\",\"@graph\":[{\"@type\":\"Article\",\"@id\":\"https:\/\/soclose.mx\/blog\/tag\/juan-rulfo-frases-mujeres\/#article\",\"isPartOf\":{\"@id\":\"https:\/\/soclose.mx\/blog\/tag\/juan-rulfo-frases-mujeres\/\"},\"author\":{\"name\":\"Miguel Angel Romero\",\"@id\":\"https:\/\/soclose.mx\/blog\/#\/schema\/person\/cddec6ccd5d7037d286395fb411e23f1\"},\"headline\":\"El agua de jamaica y su mexicana historia\",\"datePublished\":\"2021-10-07T13:35:31+00:00\",\"mainEntityOfPage\":{\"@id\":\"https:\/\/soclose.mx\/blog\/tag\/juan-rulfo-frases-mujeres\/\"},\"wordCount\":316,\"commentCount\":0,\"publisher\":{\"@id\":\"https:\/\/soclose.mx\/blog\/#organization\"},\"image\":{\"@id\":\"https:\/\/soclose.mx\/blog\/tag\/juan-rulfo-frases-mujeres\/#primaryimage\"},\"thumbnailUrl\":\"https:\/\/i0.wp.com\/soclose.mx\/blog\/wp-content\/uploads\/2021\/10\/Principal-So-Close-blog-8.png?fit=1240%2C700&ssl=1\",\"keywords\":[\"agua de jamaica\",\"bebida\",\"jamaica\"],\"articleSection\":[\"Bebida\"],\"inLanguage\":\"es\",\"potentialAction\":[{\"@type\":\"CommentAction\",\"name\":\"Comment\",\"target\":[\"https:\/\/soclose.mx\/blog\/tag\/juan-rulfo-frases-mujeres\/#respond\"]}]},{\"@type\":\"WebPage\",\"@id\":\"https:\/\/soclose.mx\/blog\/tag\/juan-rulfo-frases-mujeres\/\",\"url\":\"https:\/\/soclose.mx\/blog\/tag\/juan-rulfo-frases-mujeres\/\",\"name\":\"El agua de jamaica y su mexicana historia - So Close\",\"isPartOf\":{\"@id\":\"https:\/\/soclose.mx\/blog\/#website\"},\"primaryImageOfPage\":{\"@id\":\"https:\/\/soclose.mx\/blog\/tag\/juan-rulfo-frases-mujeres\/#primaryimage\"},\"image\":{\"@id\":\"https:\/\/soclose.mx\/blog\/tag\/juan-rulfo-frases-mujeres\/#primaryimage\"},\"thumbnailUrl\":\"https:\/\/i0.wp.com\/soclose.mx\/blog\/wp-content\/uploads\/2021\/10\/Principal-So-Close-blog-8.png?fit=1240%2C700&ssl=1\",\"datePublished\":\"2021-10-07T13:35:31+00:00\",\"description\":\"La planta con la que se produce el agua de jamaica lleg\u00f3 de Filipinas para arraigarse en la gastronom\u00eda mexicana.\",\"breadcrumb\":{\"@id\":\"https:\/\/soclose.mx\/blog\/tag\/juan-rulfo-frases-mujeres\/#breadcrumb\"},\"inLanguage\":\"es\",\"potentialAction\":[{\"@type\":\"ReadAction\",\"target\":[\"https:\/\/soclose.mx\/blog\/tag\/juan-rulfo-frases-mujeres\/\"]}]},{\"@type\":\"ImageObject\",\"inLanguage\":\"es\",\"@id\":\"https:\/\/soclose.mx\/blog\/tag\/juan-rulfo-frases-mujeres\/#primaryimage\",\"url\":\"https:\/\/i0.wp.com\/soclose.mx\/blog\/wp-content\/uploads\/2021\/10\/Principal-So-Close-blog-8.png?fit=1240%2C700&ssl=1\",\"contentUrl\":\"https:\/\/i0.wp.com\/soclose.mx\/blog\/wp-content\/uploads\/2021\/10\/Principal-So-Close-blog-8.png?fit=1240%2C700&ssl=1\",\"width\":1240,\"height\":700},{\"@type\":\"BreadcrumbList\",\"@id\":\"https:\/\/soclose.mx\/blog\/tag\/juan-rulfo-frases-mujeres\/#breadcrumb\",\"itemListElement\":[{\"@type\":\"ListItem\",\"position\":1,\"name\":\"Inicio\",\"item\":\"https:\/\/soclose.mx\/blog\/\"},{\"@type\":\"ListItem\",\"position\":2,\"name\":\"El agua de jamaica y su mexicana historia\"}]},{\"@type\":\"WebSite\",\"@id\":\"https:\/\/soclose.mx\/blog\/#website\",\"url\":\"https:\/\/soclose.mx\/blog\/\",\"name\":\"So Close\",\"description\":\"Hacemos contenidos de M\u00e9xico\",\"publisher\":{\"@id\":\"https:\/\/soclose.mx\/blog\/#organization\"},\"potentialAction\":[{\"@type\":\"SearchAction\",\"target\":{\"@type\":\"EntryPoint\",\"urlTemplate\":\"https:\/\/soclose.mx\/blog\/?s={search_term_string}\"},\"query-input\":{\"@type\":\"PropertyValueSpecification\",\"valueRequired\":true,\"valueName\":\"search_term_string\"}}],\"inLanguage\":\"es\"},{\"@type\":\"Organization\",\"@id\":\"https:\/\/soclose.mx\/blog\/#organization\",\"name\":\"So Close\",\"url\":\"https:\/\/soclose.mx\/blog\/\",\"logo\":{\"@type\":\"ImageObject\",\"inLanguage\":\"es\",\"@id\":\"https:\/\/soclose.mx\/blog\/#\/schema\/logo\/image\/\",\"url\":\"https:\/\/i0.wp.com\/soclose.mx\/blog\/wp-content\/uploads\/2020\/12\/LOGO_SOCLOSE_COLOR-e1608310133507.png?fit=2858%2C1264&ssl=1\",\"contentUrl\":\"https:\/\/i0.wp.com\/soclose.mx\/blog\/wp-content\/uploads\/2020\/12\/LOGO_SOCLOSE_COLOR-e1608310133507.png?fit=2858%2C1264&ssl=1\",\"width\":2858,\"height\":1264,\"caption\":\"So Close\"},\"image\":{\"@id\":\"https:\/\/soclose.mx\/blog\/#\/schema\/logo\/image\/\"}},{\"@type\":\"Person\",\"@id\":\"https:\/\/soclose.mx\/blog\/#\/schema\/person\/cddec6ccd5d7037d286395fb411e23f1\",\"name\":\"Miguel Angel Romero\",\"image\":{\"@type\":\"ImageObject\",\"inLanguage\":\"es\",\"@id\":\"https:\/\/soclose.mx\/blog\/#\/schema\/person\/image\/\",\"url\":\"https:\/\/secure.gravatar.com\/avatar\/45b44006b4f93497bb24d251f77bc39385015bfa120582412df580dbfcbb14f3?s=96&d=mm&r=g\",\"contentUrl\":\"https:\/\/secure.gravatar.com\/avatar\/45b44006b4f93497bb24d251f77bc39385015bfa120582412df580dbfcbb14f3?s=96&d=mm&r=g\",\"caption\":\"Miguel Angel Romero\"},\"sameAs\":[\"http:\/\/\/mikexever.blogspot.com\/\",\"www.facebook.com\/mikexever\/\",\"https:\/\/x.com\/Mikerecomienda\"],\"url\":\"https:\/\/soclose.mx\/blog\/author\/mike\/\"}]}<\/script>\n<!-- \/ Yoast SEO plugin. -->","yoast_head_json":{"title":"El agua de jamaica y su mexicana historia - So Close","description":"La planta con la que se produce el agua de jamaica lleg\u00f3 de Filipinas para arraigarse en la gastronom\u00eda mexicana.","robots":{"index":"index","follow":"follow","max-snippet":"max-snippet:-1","max-image-preview":"max-image-preview:large","max-video-preview":"max-video-preview:-1"},"canonical":"https:\/\/soclose.mx\/blog\/tag\/juan-rulfo-frases-mujeres\/","og_locale":"es_MX","og_type":"article","og_title":"El agua de jamaica y su mexicana historia - So Close","og_description":"La planta con la que se produce el agua de jamaica lleg\u00f3 de Filipinas para arraigarse en la gastronom\u00eda mexicana.","og_url":"https:\/\/soclose.mx\/blog\/tag\/juan-rulfo-frases-mujeres\/","og_site_name":"So Close","article_author":"www.facebook.com\/mikexever\/","article_published_time":"2021-10-07T13:35:31+00:00","og_image":[{"width":1240,"height":700,"url":"https:\/\/i0.wp.com\/soclose.mx\/blog\/wp-content\/uploads\/2021\/10\/Principal-So-Close-blog-8.png?fit=1240%2C700&ssl=1","type":"image\/png"}],"author":"Miguel Angel Romero","twitter_card":"summary_large_image","twitter_creator":"@Mikerecomienda","twitter_misc":{"Escrito por":"Miguel Angel Romero","Tiempo de lectura":"3 minutos"},"schema":{"@context":"https:\/\/schema.org","@graph":[{"@type":"Article","@id":"https:\/\/soclose.mx\/blog\/tag\/juan-rulfo-frases-mujeres\/#article","isPartOf":{"@id":"https:\/\/soclose.mx\/blog\/tag\/juan-rulfo-frases-mujeres\/"},"author":{"name":"Miguel Angel Romero","@id":"https:\/\/soclose.mx\/blog\/#\/schema\/person\/cddec6ccd5d7037d286395fb411e23f1"},"headline":"El agua de jamaica y su mexicana historia","datePublished":"2021-10-07T13:35:31+00:00","mainEntityOfPage":{"@id":"https:\/\/soclose.mx\/blog\/tag\/juan-rulfo-frases-mujeres\/"},"wordCount":316,"commentCount":0,"publisher":{"@id":"https:\/\/soclose.mx\/blog\/#organization"},"image":{"@id":"https:\/\/soclose.mx\/blog\/tag\/juan-rulfo-frases-mujeres\/#primaryimage"},"thumbnailUrl":"https:\/\/i0.wp.com\/soclose.mx\/blog\/wp-content\/uploads\/2021\/10\/Principal-So-Close-blog-8.png?fit=1240%2C700&ssl=1","keywords":["agua de jamaica","bebida","jamaica"],"articleSection":["Bebida"],"inLanguage":"es","potentialAction":[{"@type":"CommentAction","name":"Comment","target":["https:\/\/soclose.mx\/blog\/tag\/juan-rulfo-frases-mujeres\/#respond"]}]},{"@type":"WebPage","@id":"https:\/\/soclose.mx\/blog\/tag\/juan-rulfo-frases-mujeres\/","url":"https:\/\/soclose.mx\/blog\/tag\/juan-rulfo-frases-mujeres\/","name":"El agua de jamaica y su mexicana historia - So Close","isPartOf":{"@id":"https:\/\/soclose.mx\/blog\/#website"},"primaryImageOfPage":{"@id":"https:\/\/soclose.mx\/blog\/tag\/juan-rulfo-frases-mujeres\/#primaryimage"},"image":{"@id":"https:\/\/soclose.mx\/blog\/tag\/juan-rulfo-frases-mujeres\/#primaryimage"},"thumbnailUrl":"https:\/\/i0.wp.com\/soclose.mx\/blog\/wp-content\/uploads\/2021\/10\/Principal-So-Close-blog-8.png?fit=1240%2C700&ssl=1","datePublished":"2021-10-07T13:35:31+00:00","description":"La planta con la que se produce el agua de jamaica lleg\u00f3 de Filipinas para arraigarse en la gastronom\u00eda mexicana.","breadcrumb":{"@id":"https:\/\/soclose.mx\/blog\/tag\/juan-rulfo-frases-mujeres\/#breadcrumb"},"inLanguage":"es","potentialAction":[{"@type":"ReadAction","target":["https:\/\/soclose.mx\/blog\/tag\/juan-rulfo-frases-mujeres\/"]}]},{"@type":"ImageObject","inLanguage":"es","@id":"https:\/\/soclose.mx\/blog\/tag\/juan-rulfo-frases-mujeres\/#primaryimage","url":"https:\/\/i0.wp.com\/soclose.mx\/blog\/wp-content\/uploads\/2021\/10\/Principal-So-Close-blog-8.png?fit=1240%2C700&ssl=1","contentUrl":"https:\/\/i0.wp.com\/soclose.mx\/blog\/wp-content\/uploads\/2021\/10\/Principal-So-Close-blog-8.png?fit=1240%2C700&ssl=1","width":1240,"height":700},{"@type":"BreadcrumbList","@id":"https:\/\/soclose.mx\/blog\/tag\/juan-rulfo-frases-mujeres\/#breadcrumb","itemListElement":[{"@type":"ListItem","position":1,"name":"Inicio","item":"https:\/\/soclose.mx\/blog\/"},{"@type":"ListItem","position":2,"name":"El agua de jamaica y su mexicana historia"}]},{"@type":"WebSite","@id":"https:\/\/soclose.mx\/blog\/#website","url":"https:\/\/soclose.mx\/blog\/","name":"So Close","description":"Hacemos contenidos de M\u00e9xico","publisher":{"@id":"https:\/\/soclose.mx\/blog\/#organization"},"potentialAction":[{"@type":"SearchAction","target":{"@type":"EntryPoint","urlTemplate":"https:\/\/soclose.mx\/blog\/?s={search_term_string}"},"query-input":{"@type":"PropertyValueSpecification","valueRequired":true,"valueName":"search_term_string"}}],"inLanguage":"es"},{"@type":"Organization","@id":"https:\/\/soclose.mx\/blog\/#organization","name":"So Close","url":"https:\/\/soclose.mx\/blog\/","logo":{"@type":"ImageObject","inLanguage":"es","@id":"https:\/\/soclose.mx\/blog\/#\/schema\/logo\/image\/","url":"https:\/\/i0.wp.com\/soclose.mx\/blog\/wp-content\/uploads\/2020\/12\/LOGO_SOCLOSE_COLOR-e1608310133507.png?fit=2858%2C1264&ssl=1","contentUrl":"https:\/\/i0.wp.com\/soclose.mx\/blog\/wp-content\/uploads\/2020\/12\/LOGO_SOCLOSE_COLOR-e1608310133507.png?fit=2858%2C1264&ssl=1","width":2858,"height":1264,"caption":"So Close"},"image":{"@id":"https:\/\/soclose.mx\/blog\/#\/schema\/logo\/image\/"}},{"@type":"Person","@id":"https:\/\/soclose.mx\/blog\/#\/schema\/person\/cddec6ccd5d7037d286395fb411e23f1","name":"Miguel Angel Romero","image":{"@type":"ImageObject","inLanguage":"es","@id":"https:\/\/soclose.mx\/blog\/#\/schema\/person\/image\/","url":"https:\/\/secure.gravatar.com\/avatar\/45b44006b4f93497bb24d251f77bc39385015bfa120582412df580dbfcbb14f3?s=96&d=mm&r=g","contentUrl":"https:\/\/secure.gravatar.com\/avatar\/45b44006b4f93497bb24d251f77bc39385015bfa120582412df580dbfcbb14f3?s=96&d=mm&r=g","caption":"Miguel Angel Romero"},"sameAs":["http:\/\/\/mikexever.blogspot.com\/","www.facebook.com\/mikexever\/","https:\/\/x.com\/Mikerecomienda"],"url":"https:\/\/soclose.mx\/blog\/author\/mike\/"}]}},"jetpack_featured_media_url":"https:\/\/i0.wp.com\/soclose.mx\/blog\/wp-content\/uploads\/2021\/10\/Principal-So-Close-blog-8.png?fit=1240%2C700&ssl=1","jetpack-related-posts":[{"id":13685,"url":"https:\/\/soclose.mx\/blog\/para-todos\/mexico-en-la-copa-america-2024-fechas-horarios-y-rivales\/","url_meta":{"origin":7354,"position":0},"title":"M\u00e9xico en la Copa Am\u00e9rica 2024: Fechas, horarios y rivales","author":"So Close","date":"19 junio, 2024","format":false,"excerpt":"M\u00e9xico ya est\u00e1 en la Copa Am\u00e9rica 2024 y se prepara para afrontar un nuevo reto, que se celebrar\u00e1 en Estados Unidos del 20 de junio al 14 de julio. Con la ilusi\u00f3n de levantar por primera vez el trofeo continental, M\u00e9xico se enfrentar\u00e1 a rivales de alto calibre en\u2026","rel":"","context":"En &quot;Para todos&quot;","block_context":{"text":"Para todos","link":"https:\/\/soclose.mx\/blog\/category\/para-todos\/"},"img":{"alt_text":"Selecci\u00f3n mexicana de futbol","src":"https:\/\/i0.wp.com\/soclose.mx\/blog\/wp-content\/uploads\/2024\/06\/Screen-Shot-2024-06-19-at-13.45.09.jpg?fit=1200%2C546&ssl=1&resize=350%2C200","width":350,"height":200,"srcset":"https:\/\/i0.wp.com\/soclose.mx\/blog\/wp-content\/uploads\/2024\/06\/Screen-Shot-2024-06-19-at-13.45.09.jpg?fit=1200%2C546&ssl=1&resize=350%2C200 1x, https:\/\/i0.wp.com\/soclose.mx\/blog\/wp-content\/uploads\/2024\/06\/Screen-Shot-2024-06-19-at-13.45.09.jpg?fit=1200%2C546&ssl=1&resize=525%2C300 1.5x, https:\/\/i0.wp.com\/soclose.mx\/blog\/wp-content\/uploads\/2024\/06\/Screen-Shot-2024-06-19-at-13.45.09.jpg?fit=1200%2C546&ssl=1&resize=700%2C400 2x, https:\/\/i0.wp.com\/soclose.mx\/blog\/wp-content\/uploads\/2024\/06\/Screen-Shot-2024-06-19-at-13.45.09.jpg?fit=1200%2C546&ssl=1&resize=1050%2C600 3x"},"classes":[]},{"id":13977,"url":"https:\/\/soclose.mx\/blog\/a-la-mexicana\/viva-mexico-miscelanea-de-bebidas-para-celebrar-el-15-de-septiembre\/","url_meta":{"origin":7354,"position":1},"title":"\u00a1Viva M\u00e9xico! Miscelanea de bebidas para celebrar el 15 de septiembre","author":"So Close","date":"12 septiembre, 2024","format":false,"excerpt":"El d\u00eda de la independencia de M\u00e9xico es una fecha muy especial para los mexicanos, llena de color, m\u00fasica y sabor. Y qu\u00e9 mejor manera de celebrar que armar la lista de bebidas para celebrar el 15 de septiembre. En este art\u00edculo, te presentaremos algunas de las opciones m\u00e1s populares\u2026","rel":"","context":"En &quot;A la mexicana&quot;","block_context":{"text":"A la mexicana","link":"https:\/\/soclose.mx\/blog\/category\/a-la-mexicana\/"},"img":{"alt_text":"Tequila y cerveza","src":"https:\/\/i0.wp.com\/soclose.mx\/blog\/wp-content\/uploads\/2024\/09\/tequila-y-cerveza.jpg?fit=768%2C479&ssl=1&resize=350%2C200","width":350,"height":200,"srcset":"https:\/\/i0.wp.com\/soclose.mx\/blog\/wp-content\/uploads\/2024\/09\/tequila-y-cerveza.jpg?fit=768%2C479&ssl=1&resize=350%2C200 1x, https:\/\/i0.wp.com\/soclose.mx\/blog\/wp-content\/uploads\/2024\/09\/tequila-y-cerveza.jpg?fit=768%2C479&ssl=1&resize=525%2C300 1.5x, https:\/\/i0.wp.com\/soclose.mx\/blog\/wp-content\/uploads\/2024\/09\/tequila-y-cerveza.jpg?fit=768%2C479&ssl=1&resize=700%2C400 2x"},"classes":[]},{"id":8084,"url":"https:\/\/soclose.mx\/blog\/ay-goeeee\/descubre-el-origen-del-siempre-delicioso-ponche\/","url_meta":{"origin":7354,"position":2},"title":"El \u00bfmexicano? origen del (siempre delicioso) ponche","author":"Miguel Angel Romero","date":"23 diciembre, 2021","format":false,"excerpt":"Seamos francos, el ponche es una de las bebidas que m\u00e1s amamos durante la \u00e9poca navide\u00f1a, pero, \u00bfsab\u00edas que esta bebida es de origen hind\u00fa? La palabra ponche\u00a0viene de la palabra hind\u00fa\u00a0panc,\u00a0que quiere decir 5 y hace referencia a que esta bebida inicialmente se realizaba solo con 5 ingredientes. Poco\u2026","rel":"","context":"En &quot;\u00a1Ay goeeee!&quot;","block_context":{"text":"\u00a1Ay goeeee!","link":"https:\/\/soclose.mx\/blog\/category\/ay-goeeee\/"},"img":{"alt_text":"","src":"https:\/\/i0.wp.com\/soclose.mx\/blog\/wp-content\/uploads\/2021\/12\/Copia-de-Principal-So-Close-blog-4-2.png?fit=1200%2C677&ssl=1&resize=350%2C200","width":350,"height":200,"srcset":"https:\/\/i0.wp.com\/soclose.mx\/blog\/wp-content\/uploads\/2021\/12\/Copia-de-Principal-So-Close-blog-4-2.png?fit=1200%2C677&ssl=1&resize=350%2C200 1x, https:\/\/i0.wp.com\/soclose.mx\/blog\/wp-content\/uploads\/2021\/12\/Copia-de-Principal-So-Close-blog-4-2.png?fit=1200%2C677&ssl=1&resize=525%2C300 1.5x, https:\/\/i0.wp.com\/soclose.mx\/blog\/wp-content\/uploads\/2021\/12\/Copia-de-Principal-So-Close-blog-4-2.png?fit=1200%2C677&ssl=1&resize=700%2C400 2x, https:\/\/i0.wp.com\/soclose.mx\/blog\/wp-content\/uploads\/2021\/12\/Copia-de-Principal-So-Close-blog-4-2.png?fit=1200%2C677&ssl=1&resize=1050%2C600 3x"},"classes":[]},{"id":14479,"url":"https:\/\/soclose.mx\/blog\/lugares\/los-mejores-tianguis-navidenos-de-mexico-una-tradicion-llena-de-color-y-magia\/","url_meta":{"origin":7354,"position":3},"title":"Los mejores tianguis navide\u00f1os de M\u00e9xico: Una tradici\u00f3n llena de color y magia","author":"So Close","date":"22 noviembre, 2024","format":false,"excerpt":"La temporada navide\u00f1a en M\u00e9xico es un momento especial lleno de tradiciones y celebraciones, y una de las mejores formas de prepararse para estas festividades es visitando los tianguis de productos navide\u00f1os. Estos tianguis navide\u00f1os de M\u00e9xico ofrecen una amplia variedad de adornos, \u00e1rboles, luces y todo lo necesario para\u2026","rel":"","context":"En &quot;Lugares&quot;","block_context":{"text":"Lugares","link":"https:\/\/soclose.mx\/blog\/category\/lugares\/"},"img":{"alt_text":"Los mejores tianguis navide\u00f1os de M\u00e9xico","src":"https:\/\/i0.wp.com\/soclose.mx\/blog\/wp-content\/uploads\/2024\/11\/tianguis-de-navidad-en-mexico.jpg?fit=1200%2C675&ssl=1&resize=350%2C200","width":350,"height":200,"srcset":"https:\/\/i0.wp.com\/soclose.mx\/blog\/wp-content\/uploads\/2024\/11\/tianguis-de-navidad-en-mexico.jpg?fit=1200%2C675&ssl=1&resize=350%2C200 1x, https:\/\/i0.wp.com\/soclose.mx\/blog\/wp-content\/uploads\/2024\/11\/tianguis-de-navidad-en-mexico.jpg?fit=1200%2C675&ssl=1&resize=525%2C300 1.5x, https:\/\/i0.wp.com\/soclose.mx\/blog\/wp-content\/uploads\/2024\/11\/tianguis-de-navidad-en-mexico.jpg?fit=1200%2C675&ssl=1&resize=700%2C400 2x, https:\/\/i0.wp.com\/soclose.mx\/blog\/wp-content\/uploads\/2024\/11\/tianguis-de-navidad-en-mexico.jpg?fit=1200%2C675&ssl=1&resize=1050%2C600 3x"},"classes":[]},{"id":14715,"url":"https:\/\/soclose.mx\/blog\/lugares\/el-rincon-del-inutil-herencia-gastronomica-de-paquita-la-del-barrio\/","url_meta":{"origin":7354,"position":4},"title":"El Rinc\u00f3n del In\u00fatil: herencia gastron\u00f3mica de Paquita la del Barrio","author":"So Close","date":"25 febrero, 2025","format":false,"excerpt":"Ubicado en el coraz\u00f3n del Mercado Mart\u00ednez de la Torre, en la colonia Guerrero de la Ciudad de M\u00e9xico, El Rinc\u00f3n del In\u00fatil es un negocio que combina la tradici\u00f3n familiar con la inspiraci\u00f3n de una de las figuras m\u00e1s ic\u00f3nicas de la m\u00fasica mexicana: Paquita la del Barrio. Este\u2026","rel":"","context":"En &quot;Comida mexicana&quot;","block_context":{"text":"Comida mexicana","link":"https:\/\/soclose.mx\/blog\/category\/comida-mexicana\/"},"img":{"alt_text":"Restaurante el rinc\u00f3n del in\u00fatil","src":"https:\/\/i0.wp.com\/soclose.mx\/blog\/wp-content\/uploads\/2025\/02\/Restaurante-el-rincon-del-inutil.jpg?fit=1200%2C675&ssl=1&resize=350%2C200","width":350,"height":200,"srcset":"https:\/\/i0.wp.com\/soclose.mx\/blog\/wp-content\/uploads\/2025\/02\/Restaurante-el-rincon-del-inutil.jpg?fit=1200%2C675&ssl=1&resize=350%2C200 1x, https:\/\/i0.wp.com\/soclose.mx\/blog\/wp-content\/uploads\/2025\/02\/Restaurante-el-rincon-del-inutil.jpg?fit=1200%2C675&ssl=1&resize=525%2C300 1.5x, https:\/\/i0.wp.com\/soclose.mx\/blog\/wp-content\/uploads\/2025\/02\/Restaurante-el-rincon-del-inutil.jpg?fit=1200%2C675&ssl=1&resize=700%2C400 2x, https:\/\/i0.wp.com\/soclose.mx\/blog\/wp-content\/uploads\/2025\/02\/Restaurante-el-rincon-del-inutil.jpg?fit=1200%2C675&ssl=1&resize=1050%2C600 3x"},"classes":[]},{"id":6294,"url":"https:\/\/soclose.mx\/blog\/news-feed\/destacan-el-valor-de-la-comunidad-afromexicana-a-traves-de-talleres-para-ninos\/","url_meta":{"origin":7354,"position":5},"title":"Destacan el valor de la comunidad afromexicana a trav\u00e9s de talleres para ni\u00f1os","author":"So Close","date":"24 junio, 2021","format":false,"excerpt":"Con el objetivo de reconocer las expresiones culturales de los afrodescendientes, as\u00ed como reflexionar y valorar el papel de la comunidad afromexicana en nuestra historia y cultura, por medio de actividades como bailes, m\u00fasica, arte, gastronom\u00eda y narraciones, el Museo de El Carmen llevar\u00e1 a cabo la segunda edici\u00f3n del\u2026","rel":"","context":"En &quot;News feed&quot;","block_context":{"text":"News feed","link":"https:\/\/soclose.mx\/blog\/category\/news-feed\/"},"img":{"alt_text":"","src":"https:\/\/i0.wp.com\/soclose.mx\/blog\/wp-content\/uploads\/2021\/06\/festival-afromexicano.jpeg?fit=1200%2C677&ssl=1&resize=350%2C200","width":350,"height":200,"srcset":"https:\/\/i0.wp.com\/soclose.mx\/blog\/wp-content\/uploads\/2021\/06\/festival-afromexicano.jpeg?fit=1200%2C677&ssl=1&resize=350%2C200 1x, https:\/\/i0.wp.com\/soclose.mx\/blog\/wp-content\/uploads\/2021\/06\/festival-afromexicano.jpeg?fit=1200%2C677&ssl=1&resize=525%2C300 1.5x, https:\/\/i0.wp.com\/soclose.mx\/blog\/wp-content\/uploads\/2021\/06\/festival-afromexicano.jpeg?fit=1200%2C677&ssl=1&resize=700%2C400 2x, https:\/\/i0.wp.com\/soclose.mx\/blog\/wp-content\/uploads\/2021\/06\/festival-afromexicano.jpeg?fit=1200%2C677&ssl=1&resize=1050%2C600 3x"},"classes":[]}],"jetpack_sharing_enabled":true,"_links":{"self":[{"href":"https:\/\/soclose.mx\/blog\/wp-json\/wp\/v2\/posts\/7354","targetHints":{"allow":["GET"]}}],"collection":[{"href":"https:\/\/soclose.mx\/blog\/wp-json\/wp\/v2\/posts"}],"about":[{"href":"https:\/\/soclose.mx\/blog\/wp-json\/wp\/v2\/types\/post"}],"author":[{"embeddable":true,"href":"https:\/\/soclose.mx\/blog\/wp-json\/wp\/v2\/users\/8"}],"replies":[{"embeddable":true,"href":"https:\/\/soclose.mx\/blog\/wp-json\/wp\/v2\/comments?post=7354"}],"version-history":[{"count":0,"href":"https:\/\/soclose.mx\/blog\/wp-json\/wp\/v2\/posts\/7354\/revisions"}],"wp:featuredmedia":[{"embeddable":true,"href":"https:\/\/soclose.mx\/blog\/wp-json\/wp\/v2\/media\/7355"}],"wp:attachment":[{"href":"https:\/\/soclose.mx\/blog\/wp-json\/wp\/v2\/media?parent=7354"}],"wp:term":[{"taxonomy":"category","embeddable":true,"href":"https:\/\/soclose.mx\/blog\/wp-json\/wp\/v2\/categories?post=7354"},{"taxonomy":"post_tag","embeddable":true,"href":"https:\/\/soclose.mx\/blog\/wp-json\/wp\/v2\/tags?post=7354"}],"curies":[{"name":"wp","href":"https:\/\/api.w.org\/{rel}","templated":true}]}}