{"id":7409,"date":"2021-10-08T09:12:02","date_gmt":"2021-10-08T14:12:02","guid":{"rendered":"https:\/\/soclose.mx\/blog\/?p=7409"},"modified":"2023-05-05T17:31:31","modified_gmt":"2023-05-05T23:31:31","slug":"festival-de-la-paella-sabores-espanoles-muy-a-la-mexicana","status":"publish","type":"post","link":"https:\/\/soclose.mx\/blog\/news-feed\/festival-de-la-paella-sabores-espanoles-muy-a-la-mexicana\/","title":{"rendered":"Festival de la Paella: Sabores espa\u00f1oles muy a la mexicana"},"content":{"rendered":"<p>Este 9 y 10 de octubre podr\u00e1s disfrutar del <strong>Festival de la Paella<\/strong> en <strong>Hacienda Sep\u00falveda<\/strong>, un evento que se celebra a\u00f1o con a\u00f1o para conmemorar el D\u00eda de la Raza.<\/p>\n<p>La hacienda del <strong>Siglo XV en Lagos de Moreno, Jalisco<\/strong>, conmemora los 529 a\u00f1os del descubrimiento de <strong>Am\u00e9rica<\/strong> con el <strong>Festival de la Paella <\/strong><em><strong>Encuentro de Dos Mundos<\/strong>.<\/em><\/p>\n<div class=\"code-block code-block-3 ax_with_media\">\n<div id=\"div-gpt-ad-9210411-3\" data-google-query-id=\"CJyNkajSt_MCFVc6AQod0RoFZg\">\n<div id=\"google_ads_iframe_\/22075143846\/agt-notas-content-p1_0__container__\">Se lleva a cabo desde hace cuatro a\u00f1os para celebrar y honrar nuestras ra\u00edces prehisp\u00e1nicas y espa\u00f1olas, tanto gastron\u00f3micas como culturales.<\/div>\n<div><\/div>\n<\/div>\n<div>Adem\u00e1s, podr\u00e1s probar una paella valenciana tradicional y ver c\u00f3mo la elabora un chef espa\u00f1ol sorpresa, paso a paso. Y del <a href=\"https:\/\/soclose.mx\/blog\/es_mx\/5-platillos-mexicanos-que-son-patrimonio-de-la-humanidad\/\" target=\"_blank\" rel=\"noopener\">lado mexicano<\/a>, podr\u00e1s saborear algo que es muy poco probable que hayas experimentado: la elaboraci\u00f3n y degustaci\u00f3n de una paella con ingredientes prehisp\u00e1nicos.<\/div>\n<\/div>\n<div><\/div>\n<div>M\u00e1s tarde podr\u00e1s disfrutar de baile flamenco con guitarra andaluza y, del lado mexicano, bailes tradicionales y espect\u00e1culos de charrer\u00eda realizados por la <strong>Asociaci\u00f3n de Charros de Lagos de Moreno<\/strong>.<\/div>\n<div><\/div>\n<div>Durante tu visita tambi\u00e9n podr\u00e1s explorar el casco hist\u00f3rico de la hacienda a caballo, en calandria o a pie; remar en su lago, o disfrutar de un delicioso tratamiento de spa.<\/div>\n<div><\/div>\n<div class=\"code-block code-block-3 ax_with_media\">\n<div id=\"div-gpt-ad-9210411-3\" data-google-query-id=\"CJyNkajSt_MCFVc6AQod0RoFZg\"><\/div>\n<\/div>\n<div id=\"attachment_85877\" class=\"wp-caption alignnone ax_with_media\">\n<p id=\"caption-attachment-85877\" class=\"wp-caption-text\"><strong>Lugar: <a href=\"https:\/\/haciendasepulveda.com.mx\/?lang=es\" target=\"_blank\" rel=\"noopener\">Hacienda Sep\u00falveda<\/a><\/strong><\/p>\n<p class=\"wp-caption-text\"><strong>Fecha: S\u00e1bado 9 y domingo 10 de octubre.<\/strong><\/p>\n<p class=\"wp-caption-text\"><strong>Horario: 2:30 a 6:00 pm.<\/strong><\/p>\n<\/div>\n<p>&nbsp;<\/p>\n","protected":false},"excerpt":{"rendered":"<p>Este 9 y 10 de octubre podr\u00e1s disfrutar del Festival de la Paella en Hacienda Sep\u00falveda, un evento que se celebra a\u00f1o con a\u00f1o para conmemorar el D\u00eda de la Raza. La hacienda del Siglo XV en Lagos de Moreno, Jalisco, conmemora los 529 a\u00f1os del descubrimiento de Am\u00e9rica con el Festival de la Paella Encuentro de Dos Mundos. Se lleva a cabo desde hace cuatro a\u00f1os para celebrar y honrar nuestras ra\u00edces prehisp\u00e1nicas y espa\u00f1olas, tanto gastron\u00f3micas como culturales. Adem\u00e1s, podr\u00e1s probar una paella valenciana tradicional y ver c\u00f3mo la elabora un chef espa\u00f1ol sorpresa, paso a paso. Y<\/p>\n","protected":false},"author":8,"featured_media":7411,"comment_status":"open","ping_status":"open","sticky":false,"template":"","format":"standard","meta":{"_jetpack_memberships_contains_paid_content":false,"footnotes":""},"categories":[628],"tags":[162,1402,1403],"class_list":["post-7409","post","type-post","status-publish","format-standard","has-post-thumbnail","hentry","category-news-feed","tag-festival","tag-festival-de-la-paella","tag-paella"],"yoast_head":"<!-- This site is optimized with the Yoast SEO plugin v26.7 - https:\/\/yoast.com\/wordpress\/plugins\/seo\/ -->\n<title>Festival de la Paella: Sabores espa\u00f1oles muy a la mexicana - So Close<\/title>\n<meta name=\"description\" content=\"El festival se lleva a cabo para celebrar y honrar nuestras ra\u00edces prehisp\u00e1nicas y espa\u00f1olas, tanto gastron\u00f3micas como culturales.\" \/>\n<meta name=\"robots\" content=\"index, follow, max-snippet:-1, max-image-preview:large, max-video-preview:-1\" \/>\n<link rel=\"canonical\" href=\"https:\/\/soclose.mx\/blog\/tag\/juan-rulfo-frases-mujeres\/\" \/>\n<meta property=\"og:locale\" content=\"es_MX\" \/>\n<meta property=\"og:type\" content=\"article\" \/>\n<meta property=\"og:title\" content=\"Festival de la Paella: Sabores espa\u00f1oles muy a la mexicana - So Close\" \/>\n<meta property=\"og:description\" content=\"El festival se lleva a cabo para celebrar y honrar nuestras ra\u00edces prehisp\u00e1nicas y espa\u00f1olas, tanto gastron\u00f3micas como culturales.\" \/>\n<meta property=\"og:url\" content=\"https:\/\/soclose.mx\/blog\/tag\/juan-rulfo-frases-mujeres\/\" \/>\n<meta property=\"og:site_name\" content=\"So Close\" \/>\n<meta property=\"article:author\" content=\"www.facebook.com\/mikexever\/\" \/>\n<meta property=\"article:published_time\" content=\"2021-10-08T14:12:02+00:00\" \/>\n<meta property=\"article:modified_time\" content=\"2023-05-05T23:31:31+00:00\" \/>\n<meta property=\"og:image\" content=\"https:\/\/i0.wp.com\/soclose.mx\/blog\/wp-content\/uploads\/2021\/10\/Copia-de-Principal-So-Close-blog-4.png?fit=1240%2C700&ssl=1\" \/>\n\t<meta property=\"og:image:width\" content=\"1240\" \/>\n\t<meta property=\"og:image:height\" content=\"700\" \/>\n\t<meta property=\"og:image:type\" content=\"image\/png\" \/>\n<meta name=\"author\" content=\"Miguel Angel Romero\" \/>\n<meta name=\"twitter:card\" content=\"summary_large_image\" \/>\n<meta name=\"twitter:creator\" content=\"@Mikerecomienda\" \/>\n<meta name=\"twitter:label1\" content=\"Escrito por\" \/>\n\t<meta name=\"twitter:data1\" content=\"Miguel Angel Romero\" \/>\n\t<meta name=\"twitter:label2\" content=\"Tiempo de lectura\" \/>\n\t<meta name=\"twitter:data2\" content=\"1 minuto\" \/>\n<script type=\"application\/ld+json\" class=\"yoast-schema-graph\">{\"@context\":\"https:\/\/schema.org\",\"@graph\":[{\"@type\":\"Article\",\"@id\":\"https:\/\/soclose.mx\/blog\/tag\/juan-rulfo-frases-mujeres\/#article\",\"isPartOf\":{\"@id\":\"https:\/\/soclose.mx\/blog\/tag\/juan-rulfo-frases-mujeres\/\"},\"author\":{\"name\":\"Miguel Angel Romero\",\"@id\":\"https:\/\/soclose.mx\/blog\/#\/schema\/person\/cddec6ccd5d7037d286395fb411e23f1\"},\"headline\":\"Festival de la Paella: Sabores espa\u00f1oles muy a la mexicana\",\"datePublished\":\"2021-10-08T14:12:02+00:00\",\"dateModified\":\"2023-05-05T23:31:31+00:00\",\"mainEntityOfPage\":{\"@id\":\"https:\/\/soclose.mx\/blog\/tag\/juan-rulfo-frases-mujeres\/\"},\"wordCount\":236,\"commentCount\":0,\"publisher\":{\"@id\":\"https:\/\/soclose.mx\/blog\/#organization\"},\"image\":{\"@id\":\"https:\/\/soclose.mx\/blog\/tag\/juan-rulfo-frases-mujeres\/#primaryimage\"},\"thumbnailUrl\":\"https:\/\/i0.wp.com\/soclose.mx\/blog\/wp-content\/uploads\/2021\/10\/Copia-de-Principal-So-Close-blog-4.png?fit=1240%2C700&ssl=1\",\"keywords\":[\"festival\",\"festival de la paella\",\"paella\"],\"articleSection\":[\"News feed\"],\"inLanguage\":\"es\",\"potentialAction\":[{\"@type\":\"CommentAction\",\"name\":\"Comment\",\"target\":[\"https:\/\/soclose.mx\/blog\/tag\/juan-rulfo-frases-mujeres\/#respond\"]}]},{\"@type\":\"WebPage\",\"@id\":\"https:\/\/soclose.mx\/blog\/tag\/juan-rulfo-frases-mujeres\/\",\"url\":\"https:\/\/soclose.mx\/blog\/tag\/juan-rulfo-frases-mujeres\/\",\"name\":\"Festival de la Paella: Sabores espa\u00f1oles muy a la mexicana - So Close\",\"isPartOf\":{\"@id\":\"https:\/\/soclose.mx\/blog\/#website\"},\"primaryImageOfPage\":{\"@id\":\"https:\/\/soclose.mx\/blog\/tag\/juan-rulfo-frases-mujeres\/#primaryimage\"},\"image\":{\"@id\":\"https:\/\/soclose.mx\/blog\/tag\/juan-rulfo-frases-mujeres\/#primaryimage\"},\"thumbnailUrl\":\"https:\/\/i0.wp.com\/soclose.mx\/blog\/wp-content\/uploads\/2021\/10\/Copia-de-Principal-So-Close-blog-4.png?fit=1240%2C700&ssl=1\",\"datePublished\":\"2021-10-08T14:12:02+00:00\",\"dateModified\":\"2023-05-05T23:31:31+00:00\",\"description\":\"El festival se lleva a cabo para celebrar y honrar nuestras ra\u00edces prehisp\u00e1nicas y espa\u00f1olas, tanto gastron\u00f3micas como culturales.\",\"breadcrumb\":{\"@id\":\"https:\/\/soclose.mx\/blog\/tag\/juan-rulfo-frases-mujeres\/#breadcrumb\"},\"inLanguage\":\"es\",\"potentialAction\":[{\"@type\":\"ReadAction\",\"target\":[\"https:\/\/soclose.mx\/blog\/tag\/juan-rulfo-frases-mujeres\/\"]}]},{\"@type\":\"ImageObject\",\"inLanguage\":\"es\",\"@id\":\"https:\/\/soclose.mx\/blog\/tag\/juan-rulfo-frases-mujeres\/#primaryimage\",\"url\":\"https:\/\/i0.wp.com\/soclose.mx\/blog\/wp-content\/uploads\/2021\/10\/Copia-de-Principal-So-Close-blog-4.png?fit=1240%2C700&ssl=1\",\"contentUrl\":\"https:\/\/i0.wp.com\/soclose.mx\/blog\/wp-content\/uploads\/2021\/10\/Copia-de-Principal-So-Close-blog-4.png?fit=1240%2C700&ssl=1\",\"width\":1240,\"height\":700},{\"@type\":\"BreadcrumbList\",\"@id\":\"https:\/\/soclose.mx\/blog\/tag\/juan-rulfo-frases-mujeres\/#breadcrumb\",\"itemListElement\":[{\"@type\":\"ListItem\",\"position\":1,\"name\":\"Inicio\",\"item\":\"https:\/\/soclose.mx\/blog\/\"},{\"@type\":\"ListItem\",\"position\":2,\"name\":\"Festival de la Paella: Sabores espa\u00f1oles muy a la mexicana\"}]},{\"@type\":\"WebSite\",\"@id\":\"https:\/\/soclose.mx\/blog\/#website\",\"url\":\"https:\/\/soclose.mx\/blog\/\",\"name\":\"So Close\",\"description\":\"Hacemos contenidos de M\u00e9xico\",\"publisher\":{\"@id\":\"https:\/\/soclose.mx\/blog\/#organization\"},\"potentialAction\":[{\"@type\":\"SearchAction\",\"target\":{\"@type\":\"EntryPoint\",\"urlTemplate\":\"https:\/\/soclose.mx\/blog\/?s={search_term_string}\"},\"query-input\":{\"@type\":\"PropertyValueSpecification\",\"valueRequired\":true,\"valueName\":\"search_term_string\"}}],\"inLanguage\":\"es\"},{\"@type\":\"Organization\",\"@id\":\"https:\/\/soclose.mx\/blog\/#organization\",\"name\":\"So Close\",\"url\":\"https:\/\/soclose.mx\/blog\/\",\"logo\":{\"@type\":\"ImageObject\",\"inLanguage\":\"es\",\"@id\":\"https:\/\/soclose.mx\/blog\/#\/schema\/logo\/image\/\",\"url\":\"https:\/\/i0.wp.com\/soclose.mx\/blog\/wp-content\/uploads\/2020\/12\/LOGO_SOCLOSE_COLOR-e1608310133507.png?fit=2858%2C1264&ssl=1\",\"contentUrl\":\"https:\/\/i0.wp.com\/soclose.mx\/blog\/wp-content\/uploads\/2020\/12\/LOGO_SOCLOSE_COLOR-e1608310133507.png?fit=2858%2C1264&ssl=1\",\"width\":2858,\"height\":1264,\"caption\":\"So Close\"},\"image\":{\"@id\":\"https:\/\/soclose.mx\/blog\/#\/schema\/logo\/image\/\"}},{\"@type\":\"Person\",\"@id\":\"https:\/\/soclose.mx\/blog\/#\/schema\/person\/cddec6ccd5d7037d286395fb411e23f1\",\"name\":\"Miguel Angel Romero\",\"image\":{\"@type\":\"ImageObject\",\"inLanguage\":\"es\",\"@id\":\"https:\/\/soclose.mx\/blog\/#\/schema\/person\/image\/\",\"url\":\"https:\/\/secure.gravatar.com\/avatar\/45b44006b4f93497bb24d251f77bc39385015bfa120582412df580dbfcbb14f3?s=96&d=mm&r=g\",\"contentUrl\":\"https:\/\/secure.gravatar.com\/avatar\/45b44006b4f93497bb24d251f77bc39385015bfa120582412df580dbfcbb14f3?s=96&d=mm&r=g\",\"caption\":\"Miguel Angel Romero\"},\"sameAs\":[\"http:\/\/\/mikexever.blogspot.com\/\",\"www.facebook.com\/mikexever\/\",\"https:\/\/x.com\/Mikerecomienda\"],\"url\":\"https:\/\/soclose.mx\/blog\/author\/mike\/\"}]}<\/script>\n<!-- \/ Yoast SEO plugin. -->","yoast_head_json":{"title":"Festival de la Paella: Sabores espa\u00f1oles muy a la mexicana - So Close","description":"El festival se lleva a cabo para celebrar y honrar nuestras ra\u00edces prehisp\u00e1nicas y espa\u00f1olas, tanto gastron\u00f3micas como culturales.","robots":{"index":"index","follow":"follow","max-snippet":"max-snippet:-1","max-image-preview":"max-image-preview:large","max-video-preview":"max-video-preview:-1"},"canonical":"https:\/\/soclose.mx\/blog\/tag\/juan-rulfo-frases-mujeres\/","og_locale":"es_MX","og_type":"article","og_title":"Festival de la Paella: Sabores espa\u00f1oles muy a la mexicana - So Close","og_description":"El festival se lleva a cabo para celebrar y honrar nuestras ra\u00edces prehisp\u00e1nicas y espa\u00f1olas, tanto gastron\u00f3micas como culturales.","og_url":"https:\/\/soclose.mx\/blog\/tag\/juan-rulfo-frases-mujeres\/","og_site_name":"So Close","article_author":"www.facebook.com\/mikexever\/","article_published_time":"2021-10-08T14:12:02+00:00","article_modified_time":"2023-05-05T23:31:31+00:00","og_image":[{"width":1240,"height":700,"url":"https:\/\/i0.wp.com\/soclose.mx\/blog\/wp-content\/uploads\/2021\/10\/Copia-de-Principal-So-Close-blog-4.png?fit=1240%2C700&ssl=1","type":"image\/png"}],"author":"Miguel Angel Romero","twitter_card":"summary_large_image","twitter_creator":"@Mikerecomienda","twitter_misc":{"Escrito por":"Miguel Angel Romero","Tiempo de lectura":"1 minuto"},"schema":{"@context":"https:\/\/schema.org","@graph":[{"@type":"Article","@id":"https:\/\/soclose.mx\/blog\/tag\/juan-rulfo-frases-mujeres\/#article","isPartOf":{"@id":"https:\/\/soclose.mx\/blog\/tag\/juan-rulfo-frases-mujeres\/"},"author":{"name":"Miguel Angel Romero","@id":"https:\/\/soclose.mx\/blog\/#\/schema\/person\/cddec6ccd5d7037d286395fb411e23f1"},"headline":"Festival de la Paella: Sabores espa\u00f1oles muy a la mexicana","datePublished":"2021-10-08T14:12:02+00:00","dateModified":"2023-05-05T23:31:31+00:00","mainEntityOfPage":{"@id":"https:\/\/soclose.mx\/blog\/tag\/juan-rulfo-frases-mujeres\/"},"wordCount":236,"commentCount":0,"publisher":{"@id":"https:\/\/soclose.mx\/blog\/#organization"},"image":{"@id":"https:\/\/soclose.mx\/blog\/tag\/juan-rulfo-frases-mujeres\/#primaryimage"},"thumbnailUrl":"https:\/\/i0.wp.com\/soclose.mx\/blog\/wp-content\/uploads\/2021\/10\/Copia-de-Principal-So-Close-blog-4.png?fit=1240%2C700&ssl=1","keywords":["festival","festival de la paella","paella"],"articleSection":["News feed"],"inLanguage":"es","potentialAction":[{"@type":"CommentAction","name":"Comment","target":["https:\/\/soclose.mx\/blog\/tag\/juan-rulfo-frases-mujeres\/#respond"]}]},{"@type":"WebPage","@id":"https:\/\/soclose.mx\/blog\/tag\/juan-rulfo-frases-mujeres\/","url":"https:\/\/soclose.mx\/blog\/tag\/juan-rulfo-frases-mujeres\/","name":"Festival de la Paella: Sabores espa\u00f1oles muy a la mexicana - So Close","isPartOf":{"@id":"https:\/\/soclose.mx\/blog\/#website"},"primaryImageOfPage":{"@id":"https:\/\/soclose.mx\/blog\/tag\/juan-rulfo-frases-mujeres\/#primaryimage"},"image":{"@id":"https:\/\/soclose.mx\/blog\/tag\/juan-rulfo-frases-mujeres\/#primaryimage"},"thumbnailUrl":"https:\/\/i0.wp.com\/soclose.mx\/blog\/wp-content\/uploads\/2021\/10\/Copia-de-Principal-So-Close-blog-4.png?fit=1240%2C700&ssl=1","datePublished":"2021-10-08T14:12:02+00:00","dateModified":"2023-05-05T23:31:31+00:00","description":"El festival se lleva a cabo para celebrar y honrar nuestras ra\u00edces prehisp\u00e1nicas y espa\u00f1olas, tanto gastron\u00f3micas como culturales.","breadcrumb":{"@id":"https:\/\/soclose.mx\/blog\/tag\/juan-rulfo-frases-mujeres\/#breadcrumb"},"inLanguage":"es","potentialAction":[{"@type":"ReadAction","target":["https:\/\/soclose.mx\/blog\/tag\/juan-rulfo-frases-mujeres\/"]}]},{"@type":"ImageObject","inLanguage":"es","@id":"https:\/\/soclose.mx\/blog\/tag\/juan-rulfo-frases-mujeres\/#primaryimage","url":"https:\/\/i0.wp.com\/soclose.mx\/blog\/wp-content\/uploads\/2021\/10\/Copia-de-Principal-So-Close-blog-4.png?fit=1240%2C700&ssl=1","contentUrl":"https:\/\/i0.wp.com\/soclose.mx\/blog\/wp-content\/uploads\/2021\/10\/Copia-de-Principal-So-Close-blog-4.png?fit=1240%2C700&ssl=1","width":1240,"height":700},{"@type":"BreadcrumbList","@id":"https:\/\/soclose.mx\/blog\/tag\/juan-rulfo-frases-mujeres\/#breadcrumb","itemListElement":[{"@type":"ListItem","position":1,"name":"Inicio","item":"https:\/\/soclose.mx\/blog\/"},{"@type":"ListItem","position":2,"name":"Festival de la Paella: Sabores espa\u00f1oles muy a la mexicana"}]},{"@type":"WebSite","@id":"https:\/\/soclose.mx\/blog\/#website","url":"https:\/\/soclose.mx\/blog\/","name":"So Close","description":"Hacemos contenidos de M\u00e9xico","publisher":{"@id":"https:\/\/soclose.mx\/blog\/#organization"},"potentialAction":[{"@type":"SearchAction","target":{"@type":"EntryPoint","urlTemplate":"https:\/\/soclose.mx\/blog\/?s={search_term_string}"},"query-input":{"@type":"PropertyValueSpecification","valueRequired":true,"valueName":"search_term_string"}}],"inLanguage":"es"},{"@type":"Organization","@id":"https:\/\/soclose.mx\/blog\/#organization","name":"So Close","url":"https:\/\/soclose.mx\/blog\/","logo":{"@type":"ImageObject","inLanguage":"es","@id":"https:\/\/soclose.mx\/blog\/#\/schema\/logo\/image\/","url":"https:\/\/i0.wp.com\/soclose.mx\/blog\/wp-content\/uploads\/2020\/12\/LOGO_SOCLOSE_COLOR-e1608310133507.png?fit=2858%2C1264&ssl=1","contentUrl":"https:\/\/i0.wp.com\/soclose.mx\/blog\/wp-content\/uploads\/2020\/12\/LOGO_SOCLOSE_COLOR-e1608310133507.png?fit=2858%2C1264&ssl=1","width":2858,"height":1264,"caption":"So Close"},"image":{"@id":"https:\/\/soclose.mx\/blog\/#\/schema\/logo\/image\/"}},{"@type":"Person","@id":"https:\/\/soclose.mx\/blog\/#\/schema\/person\/cddec6ccd5d7037d286395fb411e23f1","name":"Miguel Angel Romero","image":{"@type":"ImageObject","inLanguage":"es","@id":"https:\/\/soclose.mx\/blog\/#\/schema\/person\/image\/","url":"https:\/\/secure.gravatar.com\/avatar\/45b44006b4f93497bb24d251f77bc39385015bfa120582412df580dbfcbb14f3?s=96&d=mm&r=g","contentUrl":"https:\/\/secure.gravatar.com\/avatar\/45b44006b4f93497bb24d251f77bc39385015bfa120582412df580dbfcbb14f3?s=96&d=mm&r=g","caption":"Miguel Angel Romero"},"sameAs":["http:\/\/\/mikexever.blogspot.com\/","www.facebook.com\/mikexever\/","https:\/\/x.com\/Mikerecomienda"],"url":"https:\/\/soclose.mx\/blog\/author\/mike\/"}]}},"jetpack_featured_media_url":"https:\/\/i0.wp.com\/soclose.mx\/blog\/wp-content\/uploads\/2021\/10\/Copia-de-Principal-So-Close-blog-4.png?fit=1240%2C700&ssl=1","jetpack-related-posts":[{"id":8449,"url":"https:\/\/soclose.mx\/blog\/pueblos-magicos\/6-cosas-que-hacer-en-tequisquiapan\/","url_meta":{"origin":7409,"position":0},"title":"6 cosas que hacer en Tequisquiapan","author":"Miguel Angel Romero","date":"22 enero, 2022","format":false,"excerpt":"Tequisquiapan, Quer\u00e9taro cuyo significado en n\u00e1huatl es lugar de tequesquite (una sal mineral prehisp\u00e1nica, funcionaba como lo que ahora conocemos como polvo para hornear) fue reconocido como pueblo m\u00e1gico en el 2012. En esta ocasi\u00f3n, te enlistamos 6 cosas que tienes que hacer cuando vayas a visitar este gran lugar:\u2026","rel":"","context":"En &quot;Pueblos m\u00e1gicos&quot;","block_context":{"text":"Pueblos m\u00e1gicos","link":"https:\/\/soclose.mx\/blog\/category\/pueblos-magicos\/"},"img":{"alt_text":"","src":"https:\/\/i0.wp.com\/soclose.mx\/blog\/wp-content\/uploads\/2022\/01\/Copia-de-Principal-So-Close-blog-4-2.png?fit=1200%2C677&ssl=1&resize=350%2C200","width":350,"height":200,"srcset":"https:\/\/i0.wp.com\/soclose.mx\/blog\/wp-content\/uploads\/2022\/01\/Copia-de-Principal-So-Close-blog-4-2.png?fit=1200%2C677&ssl=1&resize=350%2C200 1x, https:\/\/i0.wp.com\/soclose.mx\/blog\/wp-content\/uploads\/2022\/01\/Copia-de-Principal-So-Close-blog-4-2.png?fit=1200%2C677&ssl=1&resize=525%2C300 1.5x, https:\/\/i0.wp.com\/soclose.mx\/blog\/wp-content\/uploads\/2022\/01\/Copia-de-Principal-So-Close-blog-4-2.png?fit=1200%2C677&ssl=1&resize=700%2C400 2x, https:\/\/i0.wp.com\/soclose.mx\/blog\/wp-content\/uploads\/2022\/01\/Copia-de-Principal-So-Close-blog-4-2.png?fit=1200%2C677&ssl=1&resize=1050%2C600 3x"},"classes":[]},{"id":7909,"url":"https:\/\/soclose.mx\/blog\/news-feed\/el-festival-de-navidad-simpson-llega-a-la-cdmx\/","url_meta":{"origin":7409,"position":1},"title":"El \u2018Festival de Navidad Simpson\u2019 llega a la CDMX","author":"Miguel Angel Romero","date":"23 noviembre, 2021","format":false,"excerpt":"As\u00ed como lo lees, la familia (amarilla) m\u00e1s querida de la televisi\u00f3n visitar\u00e1 el Centro Hist\u00f3rico de la Ciudad de M\u00e9xico\u00a0para pasar la\u00a0Navidad contigo. Si eres fan\u00e1tico de esta serie animada, seguramente este evento te encantar\u00e1 ya podr\u00e1s vivir en Springfield por unas horas y visitar algunos lugares ic\u00f3nicos de\u2026","rel":"","context":"En &quot;News feed&quot;","block_context":{"text":"News feed","link":"https:\/\/soclose.mx\/blog\/category\/news-feed\/"},"img":{"alt_text":"","src":"https:\/\/i0.wp.com\/soclose.mx\/blog\/wp-content\/uploads\/2021\/11\/Copia-de-Principal-So-Close-blog-1-8.png?fit=1200%2C677&ssl=1&resize=350%2C200","width":350,"height":200,"srcset":"https:\/\/i0.wp.com\/soclose.mx\/blog\/wp-content\/uploads\/2021\/11\/Copia-de-Principal-So-Close-blog-1-8.png?fit=1200%2C677&ssl=1&resize=350%2C200 1x, https:\/\/i0.wp.com\/soclose.mx\/blog\/wp-content\/uploads\/2021\/11\/Copia-de-Principal-So-Close-blog-1-8.png?fit=1200%2C677&ssl=1&resize=525%2C300 1.5x, https:\/\/i0.wp.com\/soclose.mx\/blog\/wp-content\/uploads\/2021\/11\/Copia-de-Principal-So-Close-blog-1-8.png?fit=1200%2C677&ssl=1&resize=700%2C400 2x, https:\/\/i0.wp.com\/soclose.mx\/blog\/wp-content\/uploads\/2021\/11\/Copia-de-Principal-So-Close-blog-1-8.png?fit=1200%2C677&ssl=1&resize=1050%2C600 3x"},"classes":[]},{"id":10748,"url":"https:\/\/soclose.mx\/blog\/news-feed\/llega-el-festival-del-ovni-a-atlixco-puebla\/","url_meta":{"origin":7409,"position":2},"title":"\u00a1Llega el Festival del OVNI a Atlixco, Puebla!","author":"Daniel Ram\u00edrez","date":"28 julio, 2022","format":false,"excerpt":"\"Los marcianos llegaron ya, y llegaron bailando ricach\u00e1...\", as\u00ed suena la canci\u00f3n Los Marcianos, de Tito Rodr\u00edguez y su Orquesta. Esta bien podr\u00eda estar incluida en el soundtrack de la primera edici\u00f3n del \"Festival OVNI Atlixco-Metepec\", que realizar\u00e1 en el Pueblo M\u00e1gico de Atlixco, Puebla. Este espect\u00e1culo se llevar\u00e1 a\u2026","rel":"","context":"En &quot;News feed&quot;","block_context":{"text":"News feed","link":"https:\/\/soclose.mx\/blog\/category\/news-feed\/"},"img":{"alt_text":"","src":"https:\/\/i0.wp.com\/soclose.mx\/blog\/wp-content\/uploads\/2022\/07\/WhatsApp-Image-2022-07-28-at-7.20.16-PM.jpeg?fit=900%2C900&ssl=1&resize=350%2C200","width":350,"height":200,"srcset":"https:\/\/i0.wp.com\/soclose.mx\/blog\/wp-content\/uploads\/2022\/07\/WhatsApp-Image-2022-07-28-at-7.20.16-PM.jpeg?fit=900%2C900&ssl=1&resize=350%2C200 1x, https:\/\/i0.wp.com\/soclose.mx\/blog\/wp-content\/uploads\/2022\/07\/WhatsApp-Image-2022-07-28-at-7.20.16-PM.jpeg?fit=900%2C900&ssl=1&resize=525%2C300 1.5x, https:\/\/i0.wp.com\/soclose.mx\/blog\/wp-content\/uploads\/2022\/07\/WhatsApp-Image-2022-07-28-at-7.20.16-PM.jpeg?fit=900%2C900&ssl=1&resize=700%2C400 2x"},"classes":[]},{"id":14744,"url":"https:\/\/soclose.mx\/blog\/news-feed\/donde-ver-el-vive-latino-2025\/","url_meta":{"origin":7409,"position":3},"title":"D\u00f3nde Ver el Vive Latino 2025","author":"So Close","date":"13 marzo, 2025","format":false,"excerpt":"El Vive Latino, uno de los festivales de m\u00fasica m\u00e1s ic\u00f3nicos de Latinoam\u00e9rica, celebra su 25\u00ba aniversario los d\u00edas 15 y 16 de marzo en el Estadio GNP Seguros de la Ciudad de M\u00e9xico. Este evento promete ser una experiencia inolvidable para los amantes de la m\u00fasica, con un lineup\u2026","rel":"","context":"En &quot;News feed&quot;","block_context":{"text":"News feed","link":"https:\/\/soclose.mx\/blog\/category\/news-feed\/"},"img":{"alt_text":"Slash en un Vive Latino","src":"https:\/\/i0.wp.com\/soclose.mx\/blog\/wp-content\/uploads\/2025\/03\/Slash-en-un-Vive-Latino.jpg?fit=1200%2C675&ssl=1&resize=350%2C200","width":350,"height":200,"srcset":"https:\/\/i0.wp.com\/soclose.mx\/blog\/wp-content\/uploads\/2025\/03\/Slash-en-un-Vive-Latino.jpg?fit=1200%2C675&ssl=1&resize=350%2C200 1x, https:\/\/i0.wp.com\/soclose.mx\/blog\/wp-content\/uploads\/2025\/03\/Slash-en-un-Vive-Latino.jpg?fit=1200%2C675&ssl=1&resize=525%2C300 1.5x, https:\/\/i0.wp.com\/soclose.mx\/blog\/wp-content\/uploads\/2025\/03\/Slash-en-un-Vive-Latino.jpg?fit=1200%2C675&ssl=1&resize=700%2C400 2x, https:\/\/i0.wp.com\/soclose.mx\/blog\/wp-content\/uploads\/2025\/03\/Slash-en-un-Vive-Latino.jpg?fit=1200%2C675&ssl=1&resize=1050%2C600 3x"},"classes":[]},{"id":10312,"url":"https:\/\/soclose.mx\/blog\/news-feed\/cuantas-y-de-a-como-se-viene-el-festival-de-la-cerveza-en-queretaro\/","url_meta":{"origin":7409,"position":4},"title":"\u00a1Cu\u00e1ntas y de a c\u00f3mo! Se viene el festival de la cerveza en Quer\u00e9taro","author":"Daniel Ram\u00edrez","date":"22 junio, 2022","format":false,"excerpt":"Si nunca has escuchado hablar de H\u00e9rcules, All Bier, Cirquera, Cuatro Palos, Tekesquite, B\u00f3ruma, Arellano o Virola, es tu oportunidad para que las conozcas. Se trata de cerveceras que estar\u00e1n presentes en el Festival Chelero que se llevar\u00e1 a cabo en Bodegas Norte B, en Tequisquiapan, Quer\u00e9taro, los pr\u00f3ximos 25\u2026","rel":"","context":"En &quot;News feed&quot;","block_context":{"text":"News feed","link":"https:\/\/soclose.mx\/blog\/category\/news-feed\/"},"img":{"alt_text":"","src":"https:\/\/i0.wp.com\/soclose.mx\/blog\/wp-content\/uploads\/2022\/06\/pexels-elevate-1267700-scaled.jpg?fit=1200%2C972&ssl=1&resize=350%2C200","width":350,"height":200,"srcset":"https:\/\/i0.wp.com\/soclose.mx\/blog\/wp-content\/uploads\/2022\/06\/pexels-elevate-1267700-scaled.jpg?fit=1200%2C972&ssl=1&resize=350%2C200 1x, https:\/\/i0.wp.com\/soclose.mx\/blog\/wp-content\/uploads\/2022\/06\/pexels-elevate-1267700-scaled.jpg?fit=1200%2C972&ssl=1&resize=525%2C300 1.5x, https:\/\/i0.wp.com\/soclose.mx\/blog\/wp-content\/uploads\/2022\/06\/pexels-elevate-1267700-scaled.jpg?fit=1200%2C972&ssl=1&resize=700%2C400 2x, https:\/\/i0.wp.com\/soclose.mx\/blog\/wp-content\/uploads\/2022\/06\/pexels-elevate-1267700-scaled.jpg?fit=1200%2C972&ssl=1&resize=1050%2C600 3x"},"classes":[]},{"id":14013,"url":"https:\/\/soclose.mx\/blog\/a-la-mexicana\/lugares-en-el-mundo-donde-se-festeja-la-independencia-de-mexico\/","url_meta":{"origin":7409,"position":5},"title":"Lugares en el mundo donde se festeja La Independencia de M\u00e9xico","author":"So Close","date":"12 septiembre, 2024","format":false,"excerpt":"El 15 de septiembre es una fecha muy significativa para los mexicanos, ya que marca el inicio de las celebraciones por la Independencia de M\u00e9xico. Esta festividad no solo se vive en el pa\u00eds, sino que tambi\u00e9n se celebra en diversas comunidades alrededor del mundo. A continuaci\u00f3n, exploramos algunos de\u2026","rel":"","context":"En &quot;A la mexicana&quot;","block_context":{"text":"A la mexicana","link":"https:\/\/soclose.mx\/blog\/category\/a-la-mexicana\/"},"img":{"alt_text":"zocalo-cdmx","src":"https:\/\/i0.wp.com\/soclose.mx\/blog\/wp-content\/uploads\/2024\/09\/zocalo-cdmx.jpg?fit=1200%2C675&ssl=1&resize=350%2C200","width":350,"height":200,"srcset":"https:\/\/i0.wp.com\/soclose.mx\/blog\/wp-content\/uploads\/2024\/09\/zocalo-cdmx.jpg?fit=1200%2C675&ssl=1&resize=350%2C200 1x, https:\/\/i0.wp.com\/soclose.mx\/blog\/wp-content\/uploads\/2024\/09\/zocalo-cdmx.jpg?fit=1200%2C675&ssl=1&resize=525%2C300 1.5x, https:\/\/i0.wp.com\/soclose.mx\/blog\/wp-content\/uploads\/2024\/09\/zocalo-cdmx.jpg?fit=1200%2C675&ssl=1&resize=700%2C400 2x, https:\/\/i0.wp.com\/soclose.mx\/blog\/wp-content\/uploads\/2024\/09\/zocalo-cdmx.jpg?fit=1200%2C675&ssl=1&resize=1050%2C600 3x"},"classes":[]}],"jetpack_sharing_enabled":true,"_links":{"self":[{"href":"https:\/\/soclose.mx\/blog\/wp-json\/wp\/v2\/posts\/7409","targetHints":{"allow":["GET"]}}],"collection":[{"href":"https:\/\/soclose.mx\/blog\/wp-json\/wp\/v2\/posts"}],"about":[{"href":"https:\/\/soclose.mx\/blog\/wp-json\/wp\/v2\/types\/post"}],"author":[{"embeddable":true,"href":"https:\/\/soclose.mx\/blog\/wp-json\/wp\/v2\/users\/8"}],"replies":[{"embeddable":true,"href":"https:\/\/soclose.mx\/blog\/wp-json\/wp\/v2\/comments?post=7409"}],"version-history":[{"count":0,"href":"https:\/\/soclose.mx\/blog\/wp-json\/wp\/v2\/posts\/7409\/revisions"}],"wp:featuredmedia":[{"embeddable":true,"href":"https:\/\/soclose.mx\/blog\/wp-json\/wp\/v2\/media\/7411"}],"wp:attachment":[{"href":"https:\/\/soclose.mx\/blog\/wp-json\/wp\/v2\/media?parent=7409"}],"wp:term":[{"taxonomy":"category","embeddable":true,"href":"https:\/\/soclose.mx\/blog\/wp-json\/wp\/v2\/categories?post=7409"},{"taxonomy":"post_tag","embeddable":true,"href":"https:\/\/soclose.mx\/blog\/wp-json\/wp\/v2\/tags?post=7409"}],"curies":[{"name":"wp","href":"https:\/\/api.w.org\/{rel}","templated":true}]}}