{"id":7484,"date":"2021-10-29T10:10:42","date_gmt":"2021-10-29T15:10:42","guid":{"rendered":"https:\/\/soclose.mx\/blog\/?p=7484"},"modified":"2021-10-21T00:38:29","modified_gmt":"2021-10-21T05:38:29","slug":"el-copal-y-sus-propiedades-medicinales-y-espirituales","status":"publish","type":"post","link":"https:\/\/soclose.mx\/blog\/ay-goeeee\/el-copal-y-sus-propiedades-medicinales-y-espirituales\/","title":{"rendered":"El copal y sus propiedades medicinales y espirituales"},"content":{"rendered":"<p>El <strong>copal<\/strong> se ha utilizado en diferentes culturas al considerar que purifica el ambiente y aleja los malos esp\u00edritus, y c\u00f3mo no, si posee varias <strong>propiedades medicinales y espirituales<\/strong>.<\/p>\n<p>Adem\u00e1s de que se usa como agradecimiento u ofrenda en diferentes rituales y eventos religiosos principalmente de <strong>Semana Santa<\/strong> y <a href=\"https:\/\/soclose.mx\/blog\/es_mx\/rinde-barbie-homenaje-al-dia-de-muertos\/\" target=\"_blank\" rel=\"noopener\"><strong>D\u00eda de Muertos<\/strong><\/a>.<\/p>\n<p>Algunos aman y otros odian el olor, pero sin duda se ha vuelto parte de nuestras tradiciones y basta detectarlo para trasportarnos a noviembre, aunque su uso no es exclusivo de las <strong>ofrendas.<\/strong><\/p>\n<p>La\u00a0<a href=\"https:\/\/www.biodiversidad.gob.mx\/v_ingles\/use\/copales\/Manual%20de%20copales.pdf\" target=\"_blank\" rel=\"dofollow noopener\"><em>Comisi\u00f3n Nacional para el Conocimiento y Uso de la Biodiversidad<\/em><\/a> (Conabio), explica que el copal es una\u00a0resina arom\u00e1tica que se usa como incienso. \u00c9sta se obtiene de\u00a0\u00e1rboles o arbusto, a los cuales tambi\u00e9n se les llama copales, que pertenecen al g\u00e9nero\u00a0<em>Bursera<\/em>, cuyos\u00a0aceites y resinas arom\u00e1ticas\u00a0han sido apreciados desde la antig\u00fcedad.<\/p>\n<p>En la \u00e9poca prehisp\u00e1nica, el \u00e1rbol de copal era conocido como\u00a0<em><strong>copalqu\u00e1huitl<\/strong><\/em>, mientras que la resina olorosa era conocida como\u00a0<strong>copalli<\/strong>, cuyo significado literal es incienso.<\/p>\n<blockquote class=\"twitter-tweet\">\n<p dir=\"ltr\" lang=\"es\">La siembra y recolecci\u00f3n sustentable del <a href=\"https:\/\/twitter.com\/hashtag\/copal?src=hash&amp;ref_src=twsrc%5Etfw\">#copal<\/a> mejora la econom\u00eda familiar, se usa en los ba\u00f1os de temazcal que han recobrado auge, y siguen siendo utilizadas en ceremonias religiosas de distintos credos. Conoce m\u00e1s en <a href=\"https:\/\/t.co\/frTOuY5c8K\">https:\/\/t.co\/frTOuY5c8K<\/a>. \ud83c\udf33\ud83c\udf33\ud83c\udf33 <a href=\"https:\/\/t.co\/hHUpLbIxr7\">pic.twitter.com\/hHUpLbIxr7<\/a><\/p>\n<p>\u2014 SEMARNAT M\u00e9xico (@SEMARNAT_mx) <a href=\"https:\/\/twitter.com\/SEMARNAT_mx\/status\/1029397040545951745?ref_src=twsrc%5Etfw\">August 14, 2018<\/a><\/p><\/blockquote>\n<p><script async src=\"https:\/\/platform.twitter.com\/widgets.js\" charset=\"utf-8\"><\/script><\/p>\n<p>El m\u00e9dico y bot\u00e1nico <strong>Francisco Hern\u00e1ndez<\/strong>, hizo un estudio sobre el copal en el siglo XVI, aclarando que no se trataba de una goma en espec\u00edfico, sino de distintas gomas que se designaban bajo un mismo nombre y serv\u00eda para aliviar las jaquecas.<\/p>\n<p>Otros cronistas espa\u00f1oles narran que el copal ten\u00eda una fuerte vinculaci\u00f3n con la fertilidad y el agua, por lo que se lleg\u00f3 a representar a <strong>Tl\u00e1loc<\/strong>\u00a0con una bolsa de copal.<\/p>\n<p>Adem\u00e1s de la curaci\u00f3n del dolor de cabeza, el copal es usado:<\/p>\n<ul>\n<li>como analg\u00e9sico general<\/li>\n<li>ayuda en el tratamiento con dolores de huesos<\/li>\n<li>para el malestar de \u00fatero<\/li>\n<li>contra el dolor de muelas<\/li>\n<li>contra el padecimientos del est\u00f3mago<\/li>\n<li>contra quemaduras<\/li>\n<\/ul>\n<p>Sin embargo, su principal uso es como purificador y como medicina de enfermedades espirituales, las cuales, seg\u00fan la cosmovisi\u00f3n ind\u00edgena, pueden manifestarse en enfermedades f\u00edsicas.<\/p>\n","protected":false},"excerpt":{"rendered":"<p>El copal se ha utilizado en diferentes culturas al considerar que purifica el ambiente y aleja los malos esp\u00edritus, y c\u00f3mo no, si posee varias propiedades medicinales y espirituales. Adem\u00e1s de que se usa como agradecimiento u ofrenda en diferentes rituales y eventos religiosos principalmente de Semana Santa y D\u00eda de Muertos. Algunos aman y otros odian el olor, pero sin duda se ha vuelto parte de nuestras tradiciones y basta detectarlo para trasportarnos a noviembre, aunque su uso no es exclusivo de las ofrendas. La\u00a0Comisi\u00f3n Nacional para el Conocimiento y Uso de la Biodiversidad (Conabio), explica que el copal<\/p>\n","protected":false},"author":8,"featured_media":7485,"comment_status":"open","ping_status":"open","sticky":false,"template":"","format":"standard","meta":{"_jetpack_memberships_contains_paid_content":false,"footnotes":""},"categories":[1],"tags":[1427,1356,1428,1328],"class_list":["post-7484","post","type-post","status-publish","format-standard","has-post-thumbnail","hentry","category-ay-goeeee","tag-copal","tag-dia-de-muertos","tag-incienso","tag-propiedades"],"yoast_head":"<!-- This site is optimized with the Yoast SEO plugin v26.7 - https:\/\/yoast.com\/wordpress\/plugins\/seo\/ -->\n<title>El copal y sus propiedades medicinales y espirituales - So Close<\/title>\n<meta name=\"description\" content=\"El copal es el incienso mexicano por excelencia y est\u00e1 lleno de varias propiedades medicinales y espirituales.\" \/>\n<meta name=\"robots\" content=\"index, follow, max-snippet:-1, max-image-preview:large, max-video-preview:-1\" \/>\n<link rel=\"canonical\" href=\"https:\/\/soclose.mx\/blog\/tag\/juan-rulfo-frases-mujeres\/\" \/>\n<meta property=\"og:locale\" content=\"es_MX\" \/>\n<meta property=\"og:type\" content=\"article\" \/>\n<meta property=\"og:title\" content=\"El copal y sus propiedades medicinales y espirituales - So Close\" \/>\n<meta property=\"og:description\" content=\"El copal es el incienso mexicano por excelencia y est\u00e1 lleno de varias propiedades medicinales y espirituales.\" \/>\n<meta property=\"og:url\" content=\"https:\/\/soclose.mx\/blog\/tag\/juan-rulfo-frases-mujeres\/\" \/>\n<meta property=\"og:site_name\" content=\"So Close\" \/>\n<meta property=\"article:author\" content=\"www.facebook.com\/mikexever\/\" \/>\n<meta property=\"article:published_time\" content=\"2021-10-29T15:10:42+00:00\" \/>\n<meta property=\"og:image\" content=\"https:\/\/i0.wp.com\/soclose.mx\/blog\/wp-content\/uploads\/2021\/10\/Copia-de-Principal-So-Close-blog-9.png?fit=1240%2C700&ssl=1\" \/>\n\t<meta property=\"og:image:width\" content=\"1240\" \/>\n\t<meta property=\"og:image:height\" content=\"700\" \/>\n\t<meta property=\"og:image:type\" content=\"image\/png\" \/>\n<meta name=\"author\" content=\"Miguel Angel Romero\" \/>\n<meta name=\"twitter:card\" content=\"summary_large_image\" \/>\n<meta name=\"twitter:creator\" content=\"@Mikerecomienda\" \/>\n<meta name=\"twitter:label1\" content=\"Escrito por\" \/>\n\t<meta name=\"twitter:data1\" content=\"Miguel Angel Romero\" \/>\n\t<meta name=\"twitter:label2\" content=\"Tiempo de lectura\" \/>\n\t<meta name=\"twitter:data2\" content=\"2 minutos\" \/>\n<script type=\"application\/ld+json\" class=\"yoast-schema-graph\">{\"@context\":\"https:\/\/schema.org\",\"@graph\":[{\"@type\":\"Article\",\"@id\":\"https:\/\/soclose.mx\/blog\/tag\/juan-rulfo-frases-mujeres\/#article\",\"isPartOf\":{\"@id\":\"https:\/\/soclose.mx\/blog\/tag\/juan-rulfo-frases-mujeres\/\"},\"author\":{\"name\":\"Miguel Angel Romero\",\"@id\":\"https:\/\/soclose.mx\/blog\/#\/schema\/person\/cddec6ccd5d7037d286395fb411e23f1\"},\"headline\":\"El copal y sus propiedades medicinales y espirituales\",\"datePublished\":\"2021-10-29T15:10:42+00:00\",\"mainEntityOfPage\":{\"@id\":\"https:\/\/soclose.mx\/blog\/tag\/juan-rulfo-frases-mujeres\/\"},\"wordCount\":398,\"commentCount\":0,\"publisher\":{\"@id\":\"https:\/\/soclose.mx\/blog\/#organization\"},\"image\":{\"@id\":\"https:\/\/soclose.mx\/blog\/tag\/juan-rulfo-frases-mujeres\/#primaryimage\"},\"thumbnailUrl\":\"https:\/\/i0.wp.com\/soclose.mx\/blog\/wp-content\/uploads\/2021\/10\/Copia-de-Principal-So-Close-blog-9.png?fit=1240%2C700&ssl=1\",\"keywords\":[\"copal\",\"d\u00eda de muertos\",\"incienso\",\"propiedades\"],\"articleSection\":[\"\u00a1Ay goeeee!\"],\"inLanguage\":\"es\",\"potentialAction\":[{\"@type\":\"CommentAction\",\"name\":\"Comment\",\"target\":[\"https:\/\/soclose.mx\/blog\/tag\/juan-rulfo-frases-mujeres\/#respond\"]}]},{\"@type\":\"WebPage\",\"@id\":\"https:\/\/soclose.mx\/blog\/tag\/juan-rulfo-frases-mujeres\/\",\"url\":\"https:\/\/soclose.mx\/blog\/tag\/juan-rulfo-frases-mujeres\/\",\"name\":\"El copal y sus propiedades medicinales y espirituales - So Close\",\"isPartOf\":{\"@id\":\"https:\/\/soclose.mx\/blog\/#website\"},\"primaryImageOfPage\":{\"@id\":\"https:\/\/soclose.mx\/blog\/tag\/juan-rulfo-frases-mujeres\/#primaryimage\"},\"image\":{\"@id\":\"https:\/\/soclose.mx\/blog\/tag\/juan-rulfo-frases-mujeres\/#primaryimage\"},\"thumbnailUrl\":\"https:\/\/i0.wp.com\/soclose.mx\/blog\/wp-content\/uploads\/2021\/10\/Copia-de-Principal-So-Close-blog-9.png?fit=1240%2C700&ssl=1\",\"datePublished\":\"2021-10-29T15:10:42+00:00\",\"description\":\"El copal es el incienso mexicano por excelencia y est\u00e1 lleno de varias propiedades medicinales y espirituales.\",\"breadcrumb\":{\"@id\":\"https:\/\/soclose.mx\/blog\/tag\/juan-rulfo-frases-mujeres\/#breadcrumb\"},\"inLanguage\":\"es\",\"potentialAction\":[{\"@type\":\"ReadAction\",\"target\":[\"https:\/\/soclose.mx\/blog\/tag\/juan-rulfo-frases-mujeres\/\"]}]},{\"@type\":\"ImageObject\",\"inLanguage\":\"es\",\"@id\":\"https:\/\/soclose.mx\/blog\/tag\/juan-rulfo-frases-mujeres\/#primaryimage\",\"url\":\"https:\/\/i0.wp.com\/soclose.mx\/blog\/wp-content\/uploads\/2021\/10\/Copia-de-Principal-So-Close-blog-9.png?fit=1240%2C700&ssl=1\",\"contentUrl\":\"https:\/\/i0.wp.com\/soclose.mx\/blog\/wp-content\/uploads\/2021\/10\/Copia-de-Principal-So-Close-blog-9.png?fit=1240%2C700&ssl=1\",\"width\":1240,\"height\":700},{\"@type\":\"BreadcrumbList\",\"@id\":\"https:\/\/soclose.mx\/blog\/tag\/juan-rulfo-frases-mujeres\/#breadcrumb\",\"itemListElement\":[{\"@type\":\"ListItem\",\"position\":1,\"name\":\"Inicio\",\"item\":\"https:\/\/soclose.mx\/blog\/\"},{\"@type\":\"ListItem\",\"position\":2,\"name\":\"El copal y sus propiedades medicinales y espirituales\"}]},{\"@type\":\"WebSite\",\"@id\":\"https:\/\/soclose.mx\/blog\/#website\",\"url\":\"https:\/\/soclose.mx\/blog\/\",\"name\":\"So Close\",\"description\":\"Hacemos contenidos de M\u00e9xico\",\"publisher\":{\"@id\":\"https:\/\/soclose.mx\/blog\/#organization\"},\"potentialAction\":[{\"@type\":\"SearchAction\",\"target\":{\"@type\":\"EntryPoint\",\"urlTemplate\":\"https:\/\/soclose.mx\/blog\/?s={search_term_string}\"},\"query-input\":{\"@type\":\"PropertyValueSpecification\",\"valueRequired\":true,\"valueName\":\"search_term_string\"}}],\"inLanguage\":\"es\"},{\"@type\":\"Organization\",\"@id\":\"https:\/\/soclose.mx\/blog\/#organization\",\"name\":\"So Close\",\"url\":\"https:\/\/soclose.mx\/blog\/\",\"logo\":{\"@type\":\"ImageObject\",\"inLanguage\":\"es\",\"@id\":\"https:\/\/soclose.mx\/blog\/#\/schema\/logo\/image\/\",\"url\":\"https:\/\/i0.wp.com\/soclose.mx\/blog\/wp-content\/uploads\/2020\/12\/LOGO_SOCLOSE_COLOR-e1608310133507.png?fit=2858%2C1264&ssl=1\",\"contentUrl\":\"https:\/\/i0.wp.com\/soclose.mx\/blog\/wp-content\/uploads\/2020\/12\/LOGO_SOCLOSE_COLOR-e1608310133507.png?fit=2858%2C1264&ssl=1\",\"width\":2858,\"height\":1264,\"caption\":\"So Close\"},\"image\":{\"@id\":\"https:\/\/soclose.mx\/blog\/#\/schema\/logo\/image\/\"}},{\"@type\":\"Person\",\"@id\":\"https:\/\/soclose.mx\/blog\/#\/schema\/person\/cddec6ccd5d7037d286395fb411e23f1\",\"name\":\"Miguel Angel Romero\",\"image\":{\"@type\":\"ImageObject\",\"inLanguage\":\"es\",\"@id\":\"https:\/\/soclose.mx\/blog\/#\/schema\/person\/image\/\",\"url\":\"https:\/\/secure.gravatar.com\/avatar\/45b44006b4f93497bb24d251f77bc39385015bfa120582412df580dbfcbb14f3?s=96&d=mm&r=g\",\"contentUrl\":\"https:\/\/secure.gravatar.com\/avatar\/45b44006b4f93497bb24d251f77bc39385015bfa120582412df580dbfcbb14f3?s=96&d=mm&r=g\",\"caption\":\"Miguel Angel Romero\"},\"sameAs\":[\"http:\/\/\/mikexever.blogspot.com\/\",\"www.facebook.com\/mikexever\/\",\"https:\/\/x.com\/Mikerecomienda\"],\"url\":\"https:\/\/soclose.mx\/blog\/author\/mike\/\"}]}<\/script>\n<!-- \/ Yoast SEO plugin. -->","yoast_head_json":{"title":"El copal y sus propiedades medicinales y espirituales - So Close","description":"El copal es el incienso mexicano por excelencia y est\u00e1 lleno de varias propiedades medicinales y espirituales.","robots":{"index":"index","follow":"follow","max-snippet":"max-snippet:-1","max-image-preview":"max-image-preview:large","max-video-preview":"max-video-preview:-1"},"canonical":"https:\/\/soclose.mx\/blog\/tag\/juan-rulfo-frases-mujeres\/","og_locale":"es_MX","og_type":"article","og_title":"El copal y sus propiedades medicinales y espirituales - So Close","og_description":"El copal es el incienso mexicano por excelencia y est\u00e1 lleno de varias propiedades medicinales y espirituales.","og_url":"https:\/\/soclose.mx\/blog\/tag\/juan-rulfo-frases-mujeres\/","og_site_name":"So Close","article_author":"www.facebook.com\/mikexever\/","article_published_time":"2021-10-29T15:10:42+00:00","og_image":[{"width":1240,"height":700,"url":"https:\/\/i0.wp.com\/soclose.mx\/blog\/wp-content\/uploads\/2021\/10\/Copia-de-Principal-So-Close-blog-9.png?fit=1240%2C700&ssl=1","type":"image\/png"}],"author":"Miguel Angel Romero","twitter_card":"summary_large_image","twitter_creator":"@Mikerecomienda","twitter_misc":{"Escrito por":"Miguel Angel Romero","Tiempo de lectura":"2 minutos"},"schema":{"@context":"https:\/\/schema.org","@graph":[{"@type":"Article","@id":"https:\/\/soclose.mx\/blog\/tag\/juan-rulfo-frases-mujeres\/#article","isPartOf":{"@id":"https:\/\/soclose.mx\/blog\/tag\/juan-rulfo-frases-mujeres\/"},"author":{"name":"Miguel Angel Romero","@id":"https:\/\/soclose.mx\/blog\/#\/schema\/person\/cddec6ccd5d7037d286395fb411e23f1"},"headline":"El copal y sus propiedades medicinales y espirituales","datePublished":"2021-10-29T15:10:42+00:00","mainEntityOfPage":{"@id":"https:\/\/soclose.mx\/blog\/tag\/juan-rulfo-frases-mujeres\/"},"wordCount":398,"commentCount":0,"publisher":{"@id":"https:\/\/soclose.mx\/blog\/#organization"},"image":{"@id":"https:\/\/soclose.mx\/blog\/tag\/juan-rulfo-frases-mujeres\/#primaryimage"},"thumbnailUrl":"https:\/\/i0.wp.com\/soclose.mx\/blog\/wp-content\/uploads\/2021\/10\/Copia-de-Principal-So-Close-blog-9.png?fit=1240%2C700&ssl=1","keywords":["copal","d\u00eda de muertos","incienso","propiedades"],"articleSection":["\u00a1Ay goeeee!"],"inLanguage":"es","potentialAction":[{"@type":"CommentAction","name":"Comment","target":["https:\/\/soclose.mx\/blog\/tag\/juan-rulfo-frases-mujeres\/#respond"]}]},{"@type":"WebPage","@id":"https:\/\/soclose.mx\/blog\/tag\/juan-rulfo-frases-mujeres\/","url":"https:\/\/soclose.mx\/blog\/tag\/juan-rulfo-frases-mujeres\/","name":"El copal y sus propiedades medicinales y espirituales - So Close","isPartOf":{"@id":"https:\/\/soclose.mx\/blog\/#website"},"primaryImageOfPage":{"@id":"https:\/\/soclose.mx\/blog\/tag\/juan-rulfo-frases-mujeres\/#primaryimage"},"image":{"@id":"https:\/\/soclose.mx\/blog\/tag\/juan-rulfo-frases-mujeres\/#primaryimage"},"thumbnailUrl":"https:\/\/i0.wp.com\/soclose.mx\/blog\/wp-content\/uploads\/2021\/10\/Copia-de-Principal-So-Close-blog-9.png?fit=1240%2C700&ssl=1","datePublished":"2021-10-29T15:10:42+00:00","description":"El copal es el incienso mexicano por excelencia y est\u00e1 lleno de varias propiedades medicinales y espirituales.","breadcrumb":{"@id":"https:\/\/soclose.mx\/blog\/tag\/juan-rulfo-frases-mujeres\/#breadcrumb"},"inLanguage":"es","potentialAction":[{"@type":"ReadAction","target":["https:\/\/soclose.mx\/blog\/tag\/juan-rulfo-frases-mujeres\/"]}]},{"@type":"ImageObject","inLanguage":"es","@id":"https:\/\/soclose.mx\/blog\/tag\/juan-rulfo-frases-mujeres\/#primaryimage","url":"https:\/\/i0.wp.com\/soclose.mx\/blog\/wp-content\/uploads\/2021\/10\/Copia-de-Principal-So-Close-blog-9.png?fit=1240%2C700&ssl=1","contentUrl":"https:\/\/i0.wp.com\/soclose.mx\/blog\/wp-content\/uploads\/2021\/10\/Copia-de-Principal-So-Close-blog-9.png?fit=1240%2C700&ssl=1","width":1240,"height":700},{"@type":"BreadcrumbList","@id":"https:\/\/soclose.mx\/blog\/tag\/juan-rulfo-frases-mujeres\/#breadcrumb","itemListElement":[{"@type":"ListItem","position":1,"name":"Inicio","item":"https:\/\/soclose.mx\/blog\/"},{"@type":"ListItem","position":2,"name":"El copal y sus propiedades medicinales y espirituales"}]},{"@type":"WebSite","@id":"https:\/\/soclose.mx\/blog\/#website","url":"https:\/\/soclose.mx\/blog\/","name":"So Close","description":"Hacemos contenidos de M\u00e9xico","publisher":{"@id":"https:\/\/soclose.mx\/blog\/#organization"},"potentialAction":[{"@type":"SearchAction","target":{"@type":"EntryPoint","urlTemplate":"https:\/\/soclose.mx\/blog\/?s={search_term_string}"},"query-input":{"@type":"PropertyValueSpecification","valueRequired":true,"valueName":"search_term_string"}}],"inLanguage":"es"},{"@type":"Organization","@id":"https:\/\/soclose.mx\/blog\/#organization","name":"So Close","url":"https:\/\/soclose.mx\/blog\/","logo":{"@type":"ImageObject","inLanguage":"es","@id":"https:\/\/soclose.mx\/blog\/#\/schema\/logo\/image\/","url":"https:\/\/i0.wp.com\/soclose.mx\/blog\/wp-content\/uploads\/2020\/12\/LOGO_SOCLOSE_COLOR-e1608310133507.png?fit=2858%2C1264&ssl=1","contentUrl":"https:\/\/i0.wp.com\/soclose.mx\/blog\/wp-content\/uploads\/2020\/12\/LOGO_SOCLOSE_COLOR-e1608310133507.png?fit=2858%2C1264&ssl=1","width":2858,"height":1264,"caption":"So Close"},"image":{"@id":"https:\/\/soclose.mx\/blog\/#\/schema\/logo\/image\/"}},{"@type":"Person","@id":"https:\/\/soclose.mx\/blog\/#\/schema\/person\/cddec6ccd5d7037d286395fb411e23f1","name":"Miguel Angel Romero","image":{"@type":"ImageObject","inLanguage":"es","@id":"https:\/\/soclose.mx\/blog\/#\/schema\/person\/image\/","url":"https:\/\/secure.gravatar.com\/avatar\/45b44006b4f93497bb24d251f77bc39385015bfa120582412df580dbfcbb14f3?s=96&d=mm&r=g","contentUrl":"https:\/\/secure.gravatar.com\/avatar\/45b44006b4f93497bb24d251f77bc39385015bfa120582412df580dbfcbb14f3?s=96&d=mm&r=g","caption":"Miguel Angel Romero"},"sameAs":["http:\/\/\/mikexever.blogspot.com\/","www.facebook.com\/mikexever\/","https:\/\/x.com\/Mikerecomienda"],"url":"https:\/\/soclose.mx\/blog\/author\/mike\/"}]}},"jetpack_featured_media_url":"https:\/\/i0.wp.com\/soclose.mx\/blog\/wp-content\/uploads\/2021\/10\/Copia-de-Principal-So-Close-blog-9.png?fit=1240%2C700&ssl=1","jetpack-related-posts":[{"id":7360,"url":"https:\/\/soclose.mx\/blog\/ay-goeeee\/la-celebracion-del-dia-de-muertos-dura-mas-de-2-dias\/","url_meta":{"origin":7484,"position":0},"title":"\u00bfLa celebraci\u00f3n del D\u00eda de Muertos dura solo 2 d\u00edas?","author":"Miguel Angel Romero","date":"11 octubre, 2023","format":false,"excerpt":"El D\u00eda de Muertos es una de las tradiciones m\u00e1s emblem\u00e1ticas de M\u00e9xico, pero, este homenaje a quienes ya se nos adelantaron no s\u00f3lo dura 2 d\u00edas. As\u00ed es, esta festividad, llena de gran colorido que\u00a0 fue declarada en el 2008 como Patrimonio Cultural Inmaterial de la Humanidad por la\u2026","rel":"","context":"En &quot;\u00a1Ay goeeee!&quot;","block_context":{"text":"\u00a1Ay goeeee!","link":"https:\/\/soclose.mx\/blog\/category\/ay-goeeee\/"},"img":{"alt_text":"D\u00eda de muertos d\u00edas de celebraci\u00f3n","src":"https:\/\/i0.wp.com\/soclose.mx\/blog\/wp-content\/uploads\/2021\/10\/Dia-de-Muertos-cuantos-dias-se-celebra.jpg?fit=1200%2C773&ssl=1&resize=350%2C200","width":350,"height":200,"srcset":"https:\/\/i0.wp.com\/soclose.mx\/blog\/wp-content\/uploads\/2021\/10\/Dia-de-Muertos-cuantos-dias-se-celebra.jpg?fit=1200%2C773&ssl=1&resize=350%2C200 1x, https:\/\/i0.wp.com\/soclose.mx\/blog\/wp-content\/uploads\/2021\/10\/Dia-de-Muertos-cuantos-dias-se-celebra.jpg?fit=1200%2C773&ssl=1&resize=525%2C300 1.5x, https:\/\/i0.wp.com\/soclose.mx\/blog\/wp-content\/uploads\/2021\/10\/Dia-de-Muertos-cuantos-dias-se-celebra.jpg?fit=1200%2C773&ssl=1&resize=700%2C400 2x, https:\/\/i0.wp.com\/soclose.mx\/blog\/wp-content\/uploads\/2021\/10\/Dia-de-Muertos-cuantos-dias-se-celebra.jpg?fit=1200%2C773&ssl=1&resize=1050%2C600 3x"},"classes":[]},{"id":7403,"url":"https:\/\/soclose.mx\/blog\/a-la-mexicana\/lo-que-no-puede-faltar-en-una-ofrenda-de-dia-de-muertos\/","url_meta":{"origin":7484,"position":1},"title":"Lo que no puede faltar en la ofrenda de D\u00eda de Muertos \u00bfYa tienes todo?","author":"Miguel Angel Romero","date":"28 octubre, 2025","format":false,"excerpt":"El ofrenda del D\u00eda de Muertos es uno de los elementos m\u00e1s representativos en la fiesta de los fieles difuntos, pues con ella\u00a0 honramos y esperamos a nuestros seres queridos, tradici\u00f3n que sigue viva desde hace siglos. Ac\u00e1 te recordamos lo que no puede faltar. El origen de la ofrenda\u2026","rel":"","context":"En &quot;A la mexicana&quot;","block_context":{"text":"A la mexicana","link":"https:\/\/soclose.mx\/blog\/category\/a-la-mexicana\/"},"img":{"alt_text":"Elementos de la ofrenda del D\u00eda de Muertos","src":"https:\/\/i0.wp.com\/soclose.mx\/blog\/wp-content\/uploads\/2023\/09\/Elementos-de-la-ofrenda-Dia-de-Muertos-Mexico.jpg?fit=1200%2C743&ssl=1&resize=350%2C200","width":350,"height":200,"srcset":"https:\/\/i0.wp.com\/soclose.mx\/blog\/wp-content\/uploads\/2023\/09\/Elementos-de-la-ofrenda-Dia-de-Muertos-Mexico.jpg?fit=1200%2C743&ssl=1&resize=350%2C200 1x, https:\/\/i0.wp.com\/soclose.mx\/blog\/wp-content\/uploads\/2023\/09\/Elementos-de-la-ofrenda-Dia-de-Muertos-Mexico.jpg?fit=1200%2C743&ssl=1&resize=525%2C300 1.5x, https:\/\/i0.wp.com\/soclose.mx\/blog\/wp-content\/uploads\/2023\/09\/Elementos-de-la-ofrenda-Dia-de-Muertos-Mexico.jpg?fit=1200%2C743&ssl=1&resize=700%2C400 2x, https:\/\/i0.wp.com\/soclose.mx\/blog\/wp-content\/uploads\/2023\/09\/Elementos-de-la-ofrenda-Dia-de-Muertos-Mexico.jpg?fit=1200%2C743&ssl=1&resize=1050%2C600 3x"},"classes":[]},{"id":14032,"url":"https:\/\/soclose.mx\/blog\/pueblos-magicos\/como-hacer-una-ofrenda-de-dia-de-muertos\/","url_meta":{"origin":7484,"position":2},"title":"C\u00f3mo hacer una Ofrenda de D\u00eda de Muertos","author":"So Close","date":"3 octubre, 2024","format":false,"excerpt":"El D\u00eda de Muertos es una celebraci\u00f3n \u00fanica en M\u00e9xico, donde honramos y recordamos a nuestros seres queridos que han fallecido. Una parte fundamental de esta tradici\u00f3n es la creaci\u00f3n de ofrendas, altares coloridos y llenos de significado que sirven como puentes entre el mundo de los vivos y el\u2026","rel":"","context":"En &quot;A la mexicana&quot;","block_context":{"text":"A la mexicana","link":"https:\/\/soclose.mx\/blog\/category\/a-la-mexicana\/"},"img":{"alt_text":"Ofrenda de d\u00eda de muerto en M\u00e9xico","src":"https:\/\/i0.wp.com\/soclose.mx\/blog\/wp-content\/uploads\/2024\/09\/Fotos-notas-So-Close-home-2.jpg?fit=1200%2C675&ssl=1&resize=350%2C200","width":350,"height":200,"srcset":"https:\/\/i0.wp.com\/soclose.mx\/blog\/wp-content\/uploads\/2024\/09\/Fotos-notas-So-Close-home-2.jpg?fit=1200%2C675&ssl=1&resize=350%2C200 1x, https:\/\/i0.wp.com\/soclose.mx\/blog\/wp-content\/uploads\/2024\/09\/Fotos-notas-So-Close-home-2.jpg?fit=1200%2C675&ssl=1&resize=525%2C300 1.5x, https:\/\/i0.wp.com\/soclose.mx\/blog\/wp-content\/uploads\/2024\/09\/Fotos-notas-So-Close-home-2.jpg?fit=1200%2C675&ssl=1&resize=700%2C400 2x, https:\/\/i0.wp.com\/soclose.mx\/blog\/wp-content\/uploads\/2024\/09\/Fotos-notas-So-Close-home-2.jpg?fit=1200%2C675&ssl=1&resize=1050%2C600 3x"},"classes":[]},{"id":7333,"url":"https:\/\/soclose.mx\/blog\/a-la-mexicana\/6-canciones-infantiles-para-el-dia-de-muertos\/","url_meta":{"origin":7484,"position":3},"title":"6 canciones infantiles para el D\u00eda de Muertos","author":"Miguel Angel Romero","date":"15 octubre, 2025","format":false,"excerpt":"Olor a cempas\u00fachil, aroma a copal, flores amarillas, naranjas, pan de muerto, casi todo perfecto para honrar a quienes se nos adelantaron en el D\u00eda de Muertos, y para complementar una de las festividades mexicanas que tanto cari\u00f1o tenemos, anota estas\u00a0 6 canciones infantiles que nos recuerdan a nuestra ni\u00f1ez\u2026","rel":"","context":"En &quot;A la mexicana&quot;","block_context":{"text":"A la mexicana","link":"https:\/\/soclose.mx\/blog\/category\/a-la-mexicana\/"},"img":{"alt_text":"Canciones infantiles D\u00eda de Muertos","src":"https:\/\/i0.wp.com\/soclose.mx\/blog\/wp-content\/uploads\/2021\/10\/Principal-So-Close-blog-3.png?fit=1200%2C677&ssl=1&resize=350%2C200","width":350,"height":200,"srcset":"https:\/\/i0.wp.com\/soclose.mx\/blog\/wp-content\/uploads\/2021\/10\/Principal-So-Close-blog-3.png?fit=1200%2C677&ssl=1&resize=350%2C200 1x, https:\/\/i0.wp.com\/soclose.mx\/blog\/wp-content\/uploads\/2021\/10\/Principal-So-Close-blog-3.png?fit=1200%2C677&ssl=1&resize=525%2C300 1.5x, https:\/\/i0.wp.com\/soclose.mx\/blog\/wp-content\/uploads\/2021\/10\/Principal-So-Close-blog-3.png?fit=1200%2C677&ssl=1&resize=700%2C400 2x, https:\/\/i0.wp.com\/soclose.mx\/blog\/wp-content\/uploads\/2021\/10\/Principal-So-Close-blog-3.png?fit=1200%2C677&ssl=1&resize=1050%2C600 3x"},"classes":[]},{"id":14268,"url":"https:\/\/soclose.mx\/blog\/comida-mexicana\/cuando-se-pone-la-ofrenda-de-dia-de-muertos\/","url_meta":{"origin":7484,"position":4},"title":"\u00bfCu\u00e1ndo se pone la ofrenda de d\u00eda de muertos?","author":"So Close","date":"9 octubre, 2024","format":false,"excerpt":"El D\u00eda de Muertos es una celebraci\u00f3n ancestral que fusiona tradiciones ind\u00edgenas y cat\u00f3licas, convirti\u00e9ndose en una de las festividades m\u00e1s representativas de M\u00e9xico. Una de las costumbres m\u00e1s arraigadas es la elaboraci\u00f3n del altar u ofrenda de d\u00eda de muertos para honrar a nuestros difuntos. Pero, \u00bfcu\u00e1ndo es el\u2026","rel":"","context":"En &quot;A la mexicana&quot;","block_context":{"text":"A la mexicana","link":"https:\/\/soclose.mx\/blog\/category\/a-la-mexicana\/"},"img":{"alt_text":"Altar, ofrenda de d\u00eda de muertos","src":"https:\/\/i0.wp.com\/soclose.mx\/blog\/wp-content\/uploads\/2024\/10\/Fotos-notas-So-Close-home-4.jpg?fit=1200%2C675&ssl=1&resize=350%2C200","width":350,"height":200,"srcset":"https:\/\/i0.wp.com\/soclose.mx\/blog\/wp-content\/uploads\/2024\/10\/Fotos-notas-So-Close-home-4.jpg?fit=1200%2C675&ssl=1&resize=350%2C200 1x, https:\/\/i0.wp.com\/soclose.mx\/blog\/wp-content\/uploads\/2024\/10\/Fotos-notas-So-Close-home-4.jpg?fit=1200%2C675&ssl=1&resize=525%2C300 1.5x, https:\/\/i0.wp.com\/soclose.mx\/blog\/wp-content\/uploads\/2024\/10\/Fotos-notas-So-Close-home-4.jpg?fit=1200%2C675&ssl=1&resize=700%2C400 2x, https:\/\/i0.wp.com\/soclose.mx\/blog\/wp-content\/uploads\/2024\/10\/Fotos-notas-So-Close-home-4.jpg?fit=1200%2C675&ssl=1&resize=1050%2C600 3x"},"classes":[]},{"id":14748,"url":"https:\/\/soclose.mx\/blog\/a-la-mexicana\/rituales-mexicanos-para-recibir-el-equinoccio-de-primavera\/","url_meta":{"origin":7484,"position":5},"title":"Rituales Mexicanos para Recibir el Equinoccio de Primavera","author":"So Close","date":"17 marzo, 2025","format":false,"excerpt":"El equinoccio de primavera, que ocurre alrededor del 20 y 21 de marzo en el hemisferio norte, es un momento de gran significado cultural y espiritual en M\u00e9xico. Este fen\u00f3meno astron\u00f3mico marca el comienzo de la primavera y simboliza la renovaci\u00f3n y el renacimiento de la naturaleza. En M\u00e9xico, diversas\u2026","rel":"","context":"En &quot;A la mexicana&quot;","block_context":{"text":"A la mexicana","link":"https:\/\/soclose.mx\/blog\/category\/a-la-mexicana\/"},"img":{"alt_text":"Rituales en Chichen Itza","src":"https:\/\/i0.wp.com\/soclose.mx\/blog\/wp-content\/uploads\/2025\/03\/Rituales-en-Chichen-Itza.jpg?fit=1200%2C675&ssl=1&resize=350%2C200","width":350,"height":200,"srcset":"https:\/\/i0.wp.com\/soclose.mx\/blog\/wp-content\/uploads\/2025\/03\/Rituales-en-Chichen-Itza.jpg?fit=1200%2C675&ssl=1&resize=350%2C200 1x, https:\/\/i0.wp.com\/soclose.mx\/blog\/wp-content\/uploads\/2025\/03\/Rituales-en-Chichen-Itza.jpg?fit=1200%2C675&ssl=1&resize=525%2C300 1.5x, https:\/\/i0.wp.com\/soclose.mx\/blog\/wp-content\/uploads\/2025\/03\/Rituales-en-Chichen-Itza.jpg?fit=1200%2C675&ssl=1&resize=700%2C400 2x, https:\/\/i0.wp.com\/soclose.mx\/blog\/wp-content\/uploads\/2025\/03\/Rituales-en-Chichen-Itza.jpg?fit=1200%2C675&ssl=1&resize=1050%2C600 3x"},"classes":[]}],"jetpack_sharing_enabled":true,"_links":{"self":[{"href":"https:\/\/soclose.mx\/blog\/wp-json\/wp\/v2\/posts\/7484","targetHints":{"allow":["GET"]}}],"collection":[{"href":"https:\/\/soclose.mx\/blog\/wp-json\/wp\/v2\/posts"}],"about":[{"href":"https:\/\/soclose.mx\/blog\/wp-json\/wp\/v2\/types\/post"}],"author":[{"embeddable":true,"href":"https:\/\/soclose.mx\/blog\/wp-json\/wp\/v2\/users\/8"}],"replies":[{"embeddable":true,"href":"https:\/\/soclose.mx\/blog\/wp-json\/wp\/v2\/comments?post=7484"}],"version-history":[{"count":0,"href":"https:\/\/soclose.mx\/blog\/wp-json\/wp\/v2\/posts\/7484\/revisions"}],"wp:featuredmedia":[{"embeddable":true,"href":"https:\/\/soclose.mx\/blog\/wp-json\/wp\/v2\/media\/7485"}],"wp:attachment":[{"href":"https:\/\/soclose.mx\/blog\/wp-json\/wp\/v2\/media?parent=7484"}],"wp:term":[{"taxonomy":"category","embeddable":true,"href":"https:\/\/soclose.mx\/blog\/wp-json\/wp\/v2\/categories?post=7484"},{"taxonomy":"post_tag","embeddable":true,"href":"https:\/\/soclose.mx\/blog\/wp-json\/wp\/v2\/tags?post=7484"}],"curies":[{"name":"wp","href":"https:\/\/api.w.org\/{rel}","templated":true}]}}