{"id":7550,"date":"2021-10-19T09:15:31","date_gmt":"2021-10-19T14:15:31","guid":{"rendered":"https:\/\/soclose.mx\/blog\/?p=7550"},"modified":"2021-10-17T01:25:30","modified_gmt":"2021-10-17T06:25:30","slug":"puebla-crea-las-conchas-de-dia-de-muertos","status":"publish","type":"post","link":"https:\/\/soclose.mx\/blog\/comida-mexicana\/puebla-crea-las-conchas-de-dia-de-muertos\/","title":{"rendered":"Puebla crea las conchas de D\u00eda de Muertos"},"content":{"rendered":"<p>Despu\u00e9s de cuatro d\u00e9cadas, <strong>La<\/strong> <strong>panader\u00eda La Herencia<\/strong>,\u00a0 decidieron innovar sus creaciones con las<strong>\u00a0\u201cmonstruo conchas\u201d\u00a0<\/strong>para la temporada del\u00a0<a href=\"https:\/\/soclose.mx\/blog\/es_mx\/?s=dia+de+muertos\" target=\"_blank\" rel=\"noopener\"><strong>D\u00eda de Muertos<\/strong><\/a>.<\/p>\n<p>As\u00ed es, la <strong>momiconcha, vampiconcha, Frankieconcha<\/strong> y hasta la<strong> calabaconcha<\/strong>\u00a0es parte de la variedad de conchas monstruo que crearon los hermanos Ju\u00e1rez en <strong>San Pedro Cholula, Puebla<\/strong>.<\/p>\n<p><img data-recalc-dims=\"1\" fetchpriority=\"high\" decoding=\"async\" class=\"alignnone wp-image-7552 size-full\" src=\"https:\/\/i0.wp.com\/soclose.mx\/blog\/wp-content\/uploads\/2021\/10\/243792892_4698916973461590_8937851543301887334_n.jpg?resize=960%2C720&#038;ssl=1\" alt=\"\" width=\"960\" height=\"720\" srcset=\"https:\/\/i0.wp.com\/soclose.mx\/blog\/wp-content\/uploads\/2021\/10\/243792892_4698916973461590_8937851543301887334_n.jpg?w=960&amp;ssl=1 960w, https:\/\/i0.wp.com\/soclose.mx\/blog\/wp-content\/uploads\/2021\/10\/243792892_4698916973461590_8937851543301887334_n.jpg?resize=300%2C225&amp;ssl=1 300w, https:\/\/i0.wp.com\/soclose.mx\/blog\/wp-content\/uploads\/2021\/10\/243792892_4698916973461590_8937851543301887334_n.jpg?resize=768%2C576&amp;ssl=1 768w, https:\/\/i0.wp.com\/soclose.mx\/blog\/wp-content\/uploads\/2021\/10\/243792892_4698916973461590_8937851543301887334_n.jpg?resize=16%2C12&amp;ssl=1 16w, https:\/\/i0.wp.com\/soclose.mx\/blog\/wp-content\/uploads\/2021\/10\/243792892_4698916973461590_8937851543301887334_n.jpg?resize=770%2C578&amp;ssl=1 770w\" sizes=\"(max-width: 960px) 100vw, 960px\" \/><\/p>\n<p class=\"rtejustify\">La \u201cfrankieconcha\u201d es de color verde y con cabello hecho a base de pasta de chocolate y con las cicatrices caracter\u00edsticas de esta figura; mientras que la \u201ccalabaconcha\u201d tiene la t\u00edpica figura de la calabaza color naranja y ojos saltones.<\/p>\n<p class=\"rtejustify\">A su vez, la \u201cvampiconcha\u201d, a base de pasta morada y con sus usuales colmillos y la \u201cmomiconcha\u201d est\u00e1 hecha a base de pasta de vainilla con ojos de chocolate que sobresalen.<\/p>\n<p class=\"rtejustify\">La hojaldra de <a href=\"https:\/\/www.facebook.com\/laherenciajd\/photos\" target=\"_blank\" rel=\"noopener\"><strong>La<\/strong>\u00a0<strong>panader\u00eda La Herencia<\/strong><\/a>\u00a0tambi\u00e9n fue modificada pusieron una bola de pan al centro simulando el cr\u00e1neo haciendo alusi\u00f3n a la catrina, por lo que a este pan lo han nombrado la \u201chojaldrina\u201d, adem\u00e1s agregaron a los costados <strong>flores de cempas\u00fachil<\/strong> hechas con pasta para concha.<\/p>\n<p><strong>La panader\u00eda La Herencia<\/strong>, est\u00e1 ubicada en el municipio de San Pedro Cholula, en el n\u00famero 318 de la calle 10 Poniente.<\/p>\n","protected":false},"excerpt":{"rendered":"<p>Despu\u00e9s de cuatro d\u00e9cadas, La panader\u00eda La Herencia,\u00a0 decidieron innovar sus creaciones con las\u00a0\u201cmonstruo conchas\u201d\u00a0para la temporada del\u00a0D\u00eda de Muertos. As\u00ed es, la momiconcha, vampiconcha, Frankieconcha y hasta la calabaconcha\u00a0es parte de la variedad de conchas monstruo que crearon los hermanos Ju\u00e1rez en San Pedro Cholula, Puebla. La \u201cfrankieconcha\u201d es de color verde y con cabello hecho a base de pasta de chocolate y con las cicatrices caracter\u00edsticas de esta figura; mientras que la \u201ccalabaconcha\u201d tiene la t\u00edpica figura de la calabaza color naranja y ojos saltones. A su vez, la \u201cvampiconcha\u201d, a base de pasta morada y con sus<\/p>\n","protected":false},"author":8,"featured_media":7551,"comment_status":"open","ping_status":"open","sticky":false,"template":"","format":"standard","meta":{"_jetpack_memberships_contains_paid_content":false,"footnotes":""},"categories":[2],"tags":[313,1446,1356,1447,1266,312],"class_list":["post-7550","post","type-post","status-publish","format-standard","has-post-thumbnail","hentry","category-comida-mexicana","tag-cholula","tag-conchas","tag-dia-de-muertos","tag-la-herencia","tag-panaderia","tag-puebla"],"yoast_head":"<!-- This site is optimized with the Yoast SEO plugin v26.7 - https:\/\/yoast.com\/wordpress\/plugins\/seo\/ -->\n<title>Puebla crea las conchas de D\u00eda de Muertos - So Close<\/title>\n<meta name=\"description\" content=\"La momiconcha, vampiconcha, Frankieconcha y hasta la calabaconcha\u00a0es parte de la variedad de conchas creadas para el D\u00eda de Muertos.\" \/>\n<meta name=\"robots\" content=\"index, follow, max-snippet:-1, max-image-preview:large, max-video-preview:-1\" \/>\n<link rel=\"canonical\" href=\"https:\/\/soclose.mx\/blog\/tag\/juan-rulfo-frases-mujeres\/\" \/>\n<meta property=\"og:locale\" content=\"es_MX\" \/>\n<meta property=\"og:type\" content=\"article\" \/>\n<meta property=\"og:title\" content=\"Puebla crea las conchas de D\u00eda de Muertos - So Close\" \/>\n<meta property=\"og:description\" content=\"La momiconcha, vampiconcha, Frankieconcha y hasta la calabaconcha\u00a0es parte de la variedad de conchas creadas para el D\u00eda de Muertos.\" \/>\n<meta property=\"og:url\" content=\"https:\/\/soclose.mx\/blog\/tag\/juan-rulfo-frases-mujeres\/\" \/>\n<meta property=\"og:site_name\" content=\"So Close\" \/>\n<meta property=\"article:author\" content=\"www.facebook.com\/mikexever\/\" \/>\n<meta property=\"article:published_time\" content=\"2021-10-19T14:15:31+00:00\" \/>\n<meta property=\"og:image\" content=\"https:\/\/i0.wp.com\/soclose.mx\/blog\/wp-content\/uploads\/2021\/10\/Copia-de-Principal-So-Close-blog-2-2.png?fit=1240%2C700&ssl=1\" \/>\n\t<meta property=\"og:image:width\" content=\"1240\" \/>\n\t<meta property=\"og:image:height\" content=\"700\" \/>\n\t<meta property=\"og:image:type\" content=\"image\/png\" \/>\n<meta name=\"author\" content=\"Miguel Angel Romero\" \/>\n<meta name=\"twitter:card\" content=\"summary_large_image\" \/>\n<meta name=\"twitter:creator\" content=\"@Mikerecomienda\" \/>\n<meta name=\"twitter:label1\" content=\"Escrito por\" \/>\n\t<meta name=\"twitter:data1\" content=\"Miguel Angel Romero\" \/>\n\t<meta name=\"twitter:label2\" content=\"Tiempo de lectura\" \/>\n\t<meta name=\"twitter:data2\" content=\"2 minutos\" \/>\n<script type=\"application\/ld+json\" class=\"yoast-schema-graph\">{\"@context\":\"https:\/\/schema.org\",\"@graph\":[{\"@type\":\"Article\",\"@id\":\"https:\/\/soclose.mx\/blog\/tag\/juan-rulfo-frases-mujeres\/#article\",\"isPartOf\":{\"@id\":\"https:\/\/soclose.mx\/blog\/tag\/juan-rulfo-frases-mujeres\/\"},\"author\":{\"name\":\"Miguel Angel Romero\",\"@id\":\"https:\/\/soclose.mx\/blog\/#\/schema\/person\/cddec6ccd5d7037d286395fb411e23f1\"},\"headline\":\"Puebla crea las conchas de D\u00eda de Muertos\",\"datePublished\":\"2021-10-19T14:15:31+00:00\",\"mainEntityOfPage\":{\"@id\":\"https:\/\/soclose.mx\/blog\/tag\/juan-rulfo-frases-mujeres\/\"},\"wordCount\":216,\"commentCount\":0,\"publisher\":{\"@id\":\"https:\/\/soclose.mx\/blog\/#organization\"},\"image\":{\"@id\":\"https:\/\/soclose.mx\/blog\/tag\/juan-rulfo-frases-mujeres\/#primaryimage\"},\"thumbnailUrl\":\"https:\/\/i0.wp.com\/soclose.mx\/blog\/wp-content\/uploads\/2021\/10\/Copia-de-Principal-So-Close-blog-2-2.png?fit=1240%2C700&ssl=1\",\"keywords\":[\"cholula\",\"conchas\",\"d\u00eda de muertos\",\"La Herencia\",\"panader\u00eda\",\"puebla\"],\"articleSection\":[\"Comida mexicana\"],\"inLanguage\":\"es\",\"potentialAction\":[{\"@type\":\"CommentAction\",\"name\":\"Comment\",\"target\":[\"https:\/\/soclose.mx\/blog\/tag\/juan-rulfo-frases-mujeres\/#respond\"]}]},{\"@type\":\"WebPage\",\"@id\":\"https:\/\/soclose.mx\/blog\/tag\/juan-rulfo-frases-mujeres\/\",\"url\":\"https:\/\/soclose.mx\/blog\/tag\/juan-rulfo-frases-mujeres\/\",\"name\":\"Puebla crea las conchas de D\u00eda de Muertos - So Close\",\"isPartOf\":{\"@id\":\"https:\/\/soclose.mx\/blog\/#website\"},\"primaryImageOfPage\":{\"@id\":\"https:\/\/soclose.mx\/blog\/tag\/juan-rulfo-frases-mujeres\/#primaryimage\"},\"image\":{\"@id\":\"https:\/\/soclose.mx\/blog\/tag\/juan-rulfo-frases-mujeres\/#primaryimage\"},\"thumbnailUrl\":\"https:\/\/i0.wp.com\/soclose.mx\/blog\/wp-content\/uploads\/2021\/10\/Copia-de-Principal-So-Close-blog-2-2.png?fit=1240%2C700&ssl=1\",\"datePublished\":\"2021-10-19T14:15:31+00:00\",\"description\":\"La momiconcha, vampiconcha, Frankieconcha y hasta la calabaconcha\u00a0es parte de la variedad de conchas creadas para el D\u00eda de Muertos.\",\"breadcrumb\":{\"@id\":\"https:\/\/soclose.mx\/blog\/tag\/juan-rulfo-frases-mujeres\/#breadcrumb\"},\"inLanguage\":\"es\",\"potentialAction\":[{\"@type\":\"ReadAction\",\"target\":[\"https:\/\/soclose.mx\/blog\/tag\/juan-rulfo-frases-mujeres\/\"]}]},{\"@type\":\"ImageObject\",\"inLanguage\":\"es\",\"@id\":\"https:\/\/soclose.mx\/blog\/tag\/juan-rulfo-frases-mujeres\/#primaryimage\",\"url\":\"https:\/\/i0.wp.com\/soclose.mx\/blog\/wp-content\/uploads\/2021\/10\/Copia-de-Principal-So-Close-blog-2-2.png?fit=1240%2C700&ssl=1\",\"contentUrl\":\"https:\/\/i0.wp.com\/soclose.mx\/blog\/wp-content\/uploads\/2021\/10\/Copia-de-Principal-So-Close-blog-2-2.png?fit=1240%2C700&ssl=1\",\"width\":1240,\"height\":700},{\"@type\":\"BreadcrumbList\",\"@id\":\"https:\/\/soclose.mx\/blog\/tag\/juan-rulfo-frases-mujeres\/#breadcrumb\",\"itemListElement\":[{\"@type\":\"ListItem\",\"position\":1,\"name\":\"Inicio\",\"item\":\"https:\/\/soclose.mx\/blog\/\"},{\"@type\":\"ListItem\",\"position\":2,\"name\":\"Puebla crea las conchas de D\u00eda de Muertos\"}]},{\"@type\":\"WebSite\",\"@id\":\"https:\/\/soclose.mx\/blog\/#website\",\"url\":\"https:\/\/soclose.mx\/blog\/\",\"name\":\"So Close\",\"description\":\"Hacemos contenidos de M\u00e9xico\",\"publisher\":{\"@id\":\"https:\/\/soclose.mx\/blog\/#organization\"},\"potentialAction\":[{\"@type\":\"SearchAction\",\"target\":{\"@type\":\"EntryPoint\",\"urlTemplate\":\"https:\/\/soclose.mx\/blog\/?s={search_term_string}\"},\"query-input\":{\"@type\":\"PropertyValueSpecification\",\"valueRequired\":true,\"valueName\":\"search_term_string\"}}],\"inLanguage\":\"es\"},{\"@type\":\"Organization\",\"@id\":\"https:\/\/soclose.mx\/blog\/#organization\",\"name\":\"So Close\",\"url\":\"https:\/\/soclose.mx\/blog\/\",\"logo\":{\"@type\":\"ImageObject\",\"inLanguage\":\"es\",\"@id\":\"https:\/\/soclose.mx\/blog\/#\/schema\/logo\/image\/\",\"url\":\"https:\/\/i0.wp.com\/soclose.mx\/blog\/wp-content\/uploads\/2020\/12\/LOGO_SOCLOSE_COLOR-e1608310133507.png?fit=2858%2C1264&ssl=1\",\"contentUrl\":\"https:\/\/i0.wp.com\/soclose.mx\/blog\/wp-content\/uploads\/2020\/12\/LOGO_SOCLOSE_COLOR-e1608310133507.png?fit=2858%2C1264&ssl=1\",\"width\":2858,\"height\":1264,\"caption\":\"So Close\"},\"image\":{\"@id\":\"https:\/\/soclose.mx\/blog\/#\/schema\/logo\/image\/\"}},{\"@type\":\"Person\",\"@id\":\"https:\/\/soclose.mx\/blog\/#\/schema\/person\/cddec6ccd5d7037d286395fb411e23f1\",\"name\":\"Miguel Angel Romero\",\"image\":{\"@type\":\"ImageObject\",\"inLanguage\":\"es\",\"@id\":\"https:\/\/soclose.mx\/blog\/#\/schema\/person\/image\/\",\"url\":\"https:\/\/secure.gravatar.com\/avatar\/45b44006b4f93497bb24d251f77bc39385015bfa120582412df580dbfcbb14f3?s=96&d=mm&r=g\",\"contentUrl\":\"https:\/\/secure.gravatar.com\/avatar\/45b44006b4f93497bb24d251f77bc39385015bfa120582412df580dbfcbb14f3?s=96&d=mm&r=g\",\"caption\":\"Miguel Angel Romero\"},\"sameAs\":[\"http:\/\/\/mikexever.blogspot.com\/\",\"www.facebook.com\/mikexever\/\",\"https:\/\/x.com\/Mikerecomienda\"],\"url\":\"https:\/\/soclose.mx\/blog\/author\/mike\/\"}]}<\/script>\n<!-- \/ Yoast SEO plugin. -->","yoast_head_json":{"title":"Puebla crea las conchas de D\u00eda de Muertos - So Close","description":"La momiconcha, vampiconcha, Frankieconcha y hasta la calabaconcha\u00a0es parte de la variedad de conchas creadas para el D\u00eda de Muertos.","robots":{"index":"index","follow":"follow","max-snippet":"max-snippet:-1","max-image-preview":"max-image-preview:large","max-video-preview":"max-video-preview:-1"},"canonical":"https:\/\/soclose.mx\/blog\/tag\/juan-rulfo-frases-mujeres\/","og_locale":"es_MX","og_type":"article","og_title":"Puebla crea las conchas de D\u00eda de Muertos - So Close","og_description":"La momiconcha, vampiconcha, Frankieconcha y hasta la calabaconcha\u00a0es parte de la variedad de conchas creadas para el D\u00eda de Muertos.","og_url":"https:\/\/soclose.mx\/blog\/tag\/juan-rulfo-frases-mujeres\/","og_site_name":"So Close","article_author":"www.facebook.com\/mikexever\/","article_published_time":"2021-10-19T14:15:31+00:00","og_image":[{"width":1240,"height":700,"url":"https:\/\/i0.wp.com\/soclose.mx\/blog\/wp-content\/uploads\/2021\/10\/Copia-de-Principal-So-Close-blog-2-2.png?fit=1240%2C700&ssl=1","type":"image\/png"}],"author":"Miguel Angel Romero","twitter_card":"summary_large_image","twitter_creator":"@Mikerecomienda","twitter_misc":{"Escrito por":"Miguel Angel Romero","Tiempo de lectura":"2 minutos"},"schema":{"@context":"https:\/\/schema.org","@graph":[{"@type":"Article","@id":"https:\/\/soclose.mx\/blog\/tag\/juan-rulfo-frases-mujeres\/#article","isPartOf":{"@id":"https:\/\/soclose.mx\/blog\/tag\/juan-rulfo-frases-mujeres\/"},"author":{"name":"Miguel Angel Romero","@id":"https:\/\/soclose.mx\/blog\/#\/schema\/person\/cddec6ccd5d7037d286395fb411e23f1"},"headline":"Puebla crea las conchas de D\u00eda de Muertos","datePublished":"2021-10-19T14:15:31+00:00","mainEntityOfPage":{"@id":"https:\/\/soclose.mx\/blog\/tag\/juan-rulfo-frases-mujeres\/"},"wordCount":216,"commentCount":0,"publisher":{"@id":"https:\/\/soclose.mx\/blog\/#organization"},"image":{"@id":"https:\/\/soclose.mx\/blog\/tag\/juan-rulfo-frases-mujeres\/#primaryimage"},"thumbnailUrl":"https:\/\/i0.wp.com\/soclose.mx\/blog\/wp-content\/uploads\/2021\/10\/Copia-de-Principal-So-Close-blog-2-2.png?fit=1240%2C700&ssl=1","keywords":["cholula","conchas","d\u00eda de muertos","La Herencia","panader\u00eda","puebla"],"articleSection":["Comida mexicana"],"inLanguage":"es","potentialAction":[{"@type":"CommentAction","name":"Comment","target":["https:\/\/soclose.mx\/blog\/tag\/juan-rulfo-frases-mujeres\/#respond"]}]},{"@type":"WebPage","@id":"https:\/\/soclose.mx\/blog\/tag\/juan-rulfo-frases-mujeres\/","url":"https:\/\/soclose.mx\/blog\/tag\/juan-rulfo-frases-mujeres\/","name":"Puebla crea las conchas de D\u00eda de Muertos - So Close","isPartOf":{"@id":"https:\/\/soclose.mx\/blog\/#website"},"primaryImageOfPage":{"@id":"https:\/\/soclose.mx\/blog\/tag\/juan-rulfo-frases-mujeres\/#primaryimage"},"image":{"@id":"https:\/\/soclose.mx\/blog\/tag\/juan-rulfo-frases-mujeres\/#primaryimage"},"thumbnailUrl":"https:\/\/i0.wp.com\/soclose.mx\/blog\/wp-content\/uploads\/2021\/10\/Copia-de-Principal-So-Close-blog-2-2.png?fit=1240%2C700&ssl=1","datePublished":"2021-10-19T14:15:31+00:00","description":"La momiconcha, vampiconcha, Frankieconcha y hasta la calabaconcha\u00a0es parte de la variedad de conchas creadas para el D\u00eda de Muertos.","breadcrumb":{"@id":"https:\/\/soclose.mx\/blog\/tag\/juan-rulfo-frases-mujeres\/#breadcrumb"},"inLanguage":"es","potentialAction":[{"@type":"ReadAction","target":["https:\/\/soclose.mx\/blog\/tag\/juan-rulfo-frases-mujeres\/"]}]},{"@type":"ImageObject","inLanguage":"es","@id":"https:\/\/soclose.mx\/blog\/tag\/juan-rulfo-frases-mujeres\/#primaryimage","url":"https:\/\/i0.wp.com\/soclose.mx\/blog\/wp-content\/uploads\/2021\/10\/Copia-de-Principal-So-Close-blog-2-2.png?fit=1240%2C700&ssl=1","contentUrl":"https:\/\/i0.wp.com\/soclose.mx\/blog\/wp-content\/uploads\/2021\/10\/Copia-de-Principal-So-Close-blog-2-2.png?fit=1240%2C700&ssl=1","width":1240,"height":700},{"@type":"BreadcrumbList","@id":"https:\/\/soclose.mx\/blog\/tag\/juan-rulfo-frases-mujeres\/#breadcrumb","itemListElement":[{"@type":"ListItem","position":1,"name":"Inicio","item":"https:\/\/soclose.mx\/blog\/"},{"@type":"ListItem","position":2,"name":"Puebla crea las conchas de D\u00eda de Muertos"}]},{"@type":"WebSite","@id":"https:\/\/soclose.mx\/blog\/#website","url":"https:\/\/soclose.mx\/blog\/","name":"So Close","description":"Hacemos contenidos de M\u00e9xico","publisher":{"@id":"https:\/\/soclose.mx\/blog\/#organization"},"potentialAction":[{"@type":"SearchAction","target":{"@type":"EntryPoint","urlTemplate":"https:\/\/soclose.mx\/blog\/?s={search_term_string}"},"query-input":{"@type":"PropertyValueSpecification","valueRequired":true,"valueName":"search_term_string"}}],"inLanguage":"es"},{"@type":"Organization","@id":"https:\/\/soclose.mx\/blog\/#organization","name":"So Close","url":"https:\/\/soclose.mx\/blog\/","logo":{"@type":"ImageObject","inLanguage":"es","@id":"https:\/\/soclose.mx\/blog\/#\/schema\/logo\/image\/","url":"https:\/\/i0.wp.com\/soclose.mx\/blog\/wp-content\/uploads\/2020\/12\/LOGO_SOCLOSE_COLOR-e1608310133507.png?fit=2858%2C1264&ssl=1","contentUrl":"https:\/\/i0.wp.com\/soclose.mx\/blog\/wp-content\/uploads\/2020\/12\/LOGO_SOCLOSE_COLOR-e1608310133507.png?fit=2858%2C1264&ssl=1","width":2858,"height":1264,"caption":"So Close"},"image":{"@id":"https:\/\/soclose.mx\/blog\/#\/schema\/logo\/image\/"}},{"@type":"Person","@id":"https:\/\/soclose.mx\/blog\/#\/schema\/person\/cddec6ccd5d7037d286395fb411e23f1","name":"Miguel Angel Romero","image":{"@type":"ImageObject","inLanguage":"es","@id":"https:\/\/soclose.mx\/blog\/#\/schema\/person\/image\/","url":"https:\/\/secure.gravatar.com\/avatar\/45b44006b4f93497bb24d251f77bc39385015bfa120582412df580dbfcbb14f3?s=96&d=mm&r=g","contentUrl":"https:\/\/secure.gravatar.com\/avatar\/45b44006b4f93497bb24d251f77bc39385015bfa120582412df580dbfcbb14f3?s=96&d=mm&r=g","caption":"Miguel Angel Romero"},"sameAs":["http:\/\/\/mikexever.blogspot.com\/","www.facebook.com\/mikexever\/","https:\/\/x.com\/Mikerecomienda"],"url":"https:\/\/soclose.mx\/blog\/author\/mike\/"}]}},"jetpack_featured_media_url":"https:\/\/i0.wp.com\/soclose.mx\/blog\/wp-content\/uploads\/2021\/10\/Copia-de-Principal-So-Close-blog-2-2.png?fit=1240%2C700&ssl=1","jetpack-related-posts":[{"id":9748,"url":"https:\/\/soclose.mx\/blog\/a-la-mexicana\/las-conchanclas-de-guadalajara-jalisco\/","url_meta":{"origin":7550,"position":0},"title":"Las \u201cconchanclas\u201d de Guadalajara, Jalisco","author":"Daniel Ram\u00edrez","date":"6 mayo, 2022","format":false,"excerpt":"De la familia de \u201clas manteconchas\u201d, \u201cConchacrepas\u201d y las conchas rellenas de chilaquiles, llegan las \u201cConchanclas\u201d. La chancla es un elemento importante en la cultura popular mexicana y alguien tuvo la atinada idea de hacerle un homenaje en forma de pan. La panader\u00eda Karycar, en Guadalajara, Jalisco, fue la encargada\u2026","rel":"","context":"En &quot;\u00a1Ay goeeee!&quot;","block_context":{"text":"\u00a1Ay goeeee!","link":"https:\/\/soclose.mx\/blog\/category\/ay-goeeee\/"},"img":{"alt_text":"","src":"https:\/\/i0.wp.com\/soclose.mx\/blog\/wp-content\/uploads\/2022\/05\/coccha.jpeg?fit=1080%2C810&ssl=1&resize=350%2C200","width":350,"height":200,"srcset":"https:\/\/i0.wp.com\/soclose.mx\/blog\/wp-content\/uploads\/2022\/05\/coccha.jpeg?fit=1080%2C810&ssl=1&resize=350%2C200 1x, https:\/\/i0.wp.com\/soclose.mx\/blog\/wp-content\/uploads\/2022\/05\/coccha.jpeg?fit=1080%2C810&ssl=1&resize=525%2C300 1.5x, https:\/\/i0.wp.com\/soclose.mx\/blog\/wp-content\/uploads\/2022\/05\/coccha.jpeg?fit=1080%2C810&ssl=1&resize=700%2C400 2x, https:\/\/i0.wp.com\/soclose.mx\/blog\/wp-content\/uploads\/2022\/05\/coccha.jpeg?fit=1080%2C810&ssl=1&resize=1050%2C600 3x"},"classes":[]},{"id":14939,"url":"https:\/\/soclose.mx\/blog\/news-feed\/valle-de-catrinas-atlixco-2025-guia-para-visitarlas\/","url_meta":{"origin":7550,"position":1},"title":"Valle de Catrinas Atlixco 2025: gu\u00eda para visitarlas","author":"So Close","date":"24 octubre, 2025","format":false,"excerpt":"El Valle de Catrinas Atlixco 2025 es una experiencia \u00fanica que se celebra cada a\u00f1o para honrar la tradici\u00f3n del D\u00eda de Muertos con arte y cultura viva. En 2025, esta festividad contar\u00e1 con 22 impresionantes esculturas monumentales de catrinas, muchas de las cuales se alzan hasta ocho metros de\u2026","rel":"","context":"En &quot;News feed&quot;","block_context":{"text":"News feed","link":"https:\/\/soclose.mx\/blog\/category\/news-feed\/"},"img":{"alt_text":"Catrina en Atlixco","src":"https:\/\/i0.wp.com\/soclose.mx\/blog\/wp-content\/uploads\/2025\/10\/Catrina-en-Atlixco.jpg?fit=1200%2C675&ssl=1&resize=350%2C200","width":350,"height":200,"srcset":"https:\/\/i0.wp.com\/soclose.mx\/blog\/wp-content\/uploads\/2025\/10\/Catrina-en-Atlixco.jpg?fit=1200%2C675&ssl=1&resize=350%2C200 1x, https:\/\/i0.wp.com\/soclose.mx\/blog\/wp-content\/uploads\/2025\/10\/Catrina-en-Atlixco.jpg?fit=1200%2C675&ssl=1&resize=525%2C300 1.5x, https:\/\/i0.wp.com\/soclose.mx\/blog\/wp-content\/uploads\/2025\/10\/Catrina-en-Atlixco.jpg?fit=1200%2C675&ssl=1&resize=700%2C400 2x, https:\/\/i0.wp.com\/soclose.mx\/blog\/wp-content\/uploads\/2025\/10\/Catrina-en-Atlixco.jpg?fit=1200%2C675&ssl=1&resize=1050%2C600 3x"},"classes":[]},{"id":11095,"url":"https:\/\/soclose.mx\/blog\/ay-goeeee\/cuantas-cuantas-crean-en-durango-las-puerconchas\/","url_meta":{"origin":7550,"position":2},"title":"\u00bfCu\u00e1ntas, cu\u00e1ntas? Crean en Durango las &#8220;Puerconchas&#8221;","author":"Daniel Ram\u00edrez","date":"31 agosto, 2022","format":false,"excerpt":"Nunca es mal momento para echarse un buen cafecito acompa\u00f1ado de un rico pan dulce y si es con una concha, pues menos. \u00bfY qu\u00e9 tal si esta concha tiene forma de cerdito? \u00a1Doblemente mejor! En el estado de Durango lo hicieron posible. Estudiantes del taller de panader\u00eda del DIF\u2026","rel":"","context":"En &quot;\u00a1Ay goeeee!&quot;","block_context":{"text":"\u00a1Ay goeeee!","link":"https:\/\/soclose.mx\/blog\/category\/ay-goeeee\/"},"img":{"alt_text":"","src":"https:\/\/i0.wp.com\/soclose.mx\/blog\/wp-content\/uploads\/2022\/08\/puerconchas.png?fit=1132%2C689&ssl=1&resize=350%2C200","width":350,"height":200,"srcset":"https:\/\/i0.wp.com\/soclose.mx\/blog\/wp-content\/uploads\/2022\/08\/puerconchas.png?fit=1132%2C689&ssl=1&resize=350%2C200 1x, https:\/\/i0.wp.com\/soclose.mx\/blog\/wp-content\/uploads\/2022\/08\/puerconchas.png?fit=1132%2C689&ssl=1&resize=525%2C300 1.5x, https:\/\/i0.wp.com\/soclose.mx\/blog\/wp-content\/uploads\/2022\/08\/puerconchas.png?fit=1132%2C689&ssl=1&resize=700%2C400 2x, https:\/\/i0.wp.com\/soclose.mx\/blog\/wp-content\/uploads\/2022\/08\/puerconchas.png?fit=1132%2C689&ssl=1&resize=1050%2C600 3x"},"classes":[]},{"id":14639,"url":"https:\/\/soclose.mx\/blog\/news-feed\/feria-nacional-de-la-michelada-2025-todo-lo-que-debes-saber\/","url_meta":{"origin":7550,"position":3},"title":"Feria Nacional de la Michelada 2025&#8230; todo lo que debes saber","author":"So Close","date":"27 enero, 2025","format":false,"excerpt":"La Feria Nacional de la Michelada 2025 es un evento que promete ser una experiencia \u00fanica para los amantes de este popular c\u00f3ctel mexicano. Del 13 al 17 de marzo, la feria se llevar\u00e1 a cabo en la calle 14 Poniente, en San Andr\u00e9s Cholula, Puebla, cerca de la emblem\u00e1tica\u2026","rel":"","context":"En &quot;News feed&quot;","block_context":{"text":"News feed","link":"https:\/\/soclose.mx\/blog\/category\/news-feed\/"},"img":{"alt_text":"Feria de la michelada 2025","src":"https:\/\/i0.wp.com\/soclose.mx\/blog\/wp-content\/uploads\/2025\/01\/Feria-de-la-michelada-2025.jpg?fit=1200%2C675&ssl=1&resize=350%2C200","width":350,"height":200,"srcset":"https:\/\/i0.wp.com\/soclose.mx\/blog\/wp-content\/uploads\/2025\/01\/Feria-de-la-michelada-2025.jpg?fit=1200%2C675&ssl=1&resize=350%2C200 1x, https:\/\/i0.wp.com\/soclose.mx\/blog\/wp-content\/uploads\/2025\/01\/Feria-de-la-michelada-2025.jpg?fit=1200%2C675&ssl=1&resize=525%2C300 1.5x, https:\/\/i0.wp.com\/soclose.mx\/blog\/wp-content\/uploads\/2025\/01\/Feria-de-la-michelada-2025.jpg?fit=1200%2C675&ssl=1&resize=700%2C400 2x, https:\/\/i0.wp.com\/soclose.mx\/blog\/wp-content\/uploads\/2025\/01\/Feria-de-la-michelada-2025.jpg?fit=1200%2C675&ssl=1&resize=1050%2C600 3x"},"classes":[]},{"id":4418,"url":"https:\/\/soclose.mx\/blog\/lugares\/puebleando-por-cholula-entonces-correle-a-visitar-estas-iglesias\/","url_meta":{"origin":7550,"position":4},"title":"\u00bfPuebleando por Cholula? \u00a1Entonces c\u00f3rrele a visitar estas iglesias!","author":"So Close","date":"10 marzo, 2019","format":false,"excerpt":"Si andas \u2018puebleando\u2019 por Cholula alg\u00fan fin de semana, debes enterarte que es el pueblo m\u00e1gico con m\u00e1s iglesias en el pa\u00eds, 39 para ser exactos, y es muy probable que no te de tiempo de visitarlas todas, por eso te dejamos este Top 5 que no puedes dejar de\u2026","rel":"","context":"En &quot;Lugares&quot;","block_context":{"text":"Lugares","link":"https:\/\/soclose.mx\/blog\/category\/lugares\/"},"img":{"alt_text":"","src":"https:\/\/i0.wp.com\/soclose.mx\/blog\/wp-content\/uploads\/2019\/03\/cholula-106347_1920.jpg?fit=1200%2C900&ssl=1&resize=350%2C200","width":350,"height":200,"srcset":"https:\/\/i0.wp.com\/soclose.mx\/blog\/wp-content\/uploads\/2019\/03\/cholula-106347_1920.jpg?fit=1200%2C900&ssl=1&resize=350%2C200 1x, https:\/\/i0.wp.com\/soclose.mx\/blog\/wp-content\/uploads\/2019\/03\/cholula-106347_1920.jpg?fit=1200%2C900&ssl=1&resize=525%2C300 1.5x, https:\/\/i0.wp.com\/soclose.mx\/blog\/wp-content\/uploads\/2019\/03\/cholula-106347_1920.jpg?fit=1200%2C900&ssl=1&resize=700%2C400 2x, https:\/\/i0.wp.com\/soclose.mx\/blog\/wp-content\/uploads\/2019\/03\/cholula-106347_1920.jpg?fit=1200%2C900&ssl=1&resize=1050%2C600 3x"},"classes":[]},{"id":9535,"url":"https:\/\/soclose.mx\/blog\/news-feed\/lanzate-a-la-feria-nacional-de-la-michelada-en-cholula-puebla\/","url_meta":{"origin":7550,"position":5},"title":"L\u00e1nzate a la Feria Nacional de la Michelada en Cholula, Puebla","author":"Miguel Angel Romero","date":"20 abril, 2022","format":false,"excerpt":"Este a\u00f1o regresa esta gran fiesta cervecera, despu\u00e9s de que la tercera edici\u00f3n de la\u00a0 Feria Nacional de la Michelada fue cancelada por la pandemia de COVID en 2020. Del 28 de abril al 1 de mayo, se prometen\u00a0m\u00e1s de 200 tipos de micheladas,\u00a0pues cualquier ingrediente puede encontrar lugar en\u2026","rel":"","context":"En &quot;News feed&quot;","block_context":{"text":"News feed","link":"https:\/\/soclose.mx\/blog\/category\/news-feed\/"},"img":{"alt_text":"","src":"https:\/\/i0.wp.com\/soclose.mx\/blog\/wp-content\/uploads\/2022\/03\/Copia-de-Principal-So-Close-blog-1-21.png?fit=1200%2C677&ssl=1&resize=350%2C200","width":350,"height":200,"srcset":"https:\/\/i0.wp.com\/soclose.mx\/blog\/wp-content\/uploads\/2022\/03\/Copia-de-Principal-So-Close-blog-1-21.png?fit=1200%2C677&ssl=1&resize=350%2C200 1x, https:\/\/i0.wp.com\/soclose.mx\/blog\/wp-content\/uploads\/2022\/03\/Copia-de-Principal-So-Close-blog-1-21.png?fit=1200%2C677&ssl=1&resize=525%2C300 1.5x, https:\/\/i0.wp.com\/soclose.mx\/blog\/wp-content\/uploads\/2022\/03\/Copia-de-Principal-So-Close-blog-1-21.png?fit=1200%2C677&ssl=1&resize=700%2C400 2x, https:\/\/i0.wp.com\/soclose.mx\/blog\/wp-content\/uploads\/2022\/03\/Copia-de-Principal-So-Close-blog-1-21.png?fit=1200%2C677&ssl=1&resize=1050%2C600 3x"},"classes":[]}],"jetpack_sharing_enabled":true,"_links":{"self":[{"href":"https:\/\/soclose.mx\/blog\/wp-json\/wp\/v2\/posts\/7550","targetHints":{"allow":["GET"]}}],"collection":[{"href":"https:\/\/soclose.mx\/blog\/wp-json\/wp\/v2\/posts"}],"about":[{"href":"https:\/\/soclose.mx\/blog\/wp-json\/wp\/v2\/types\/post"}],"author":[{"embeddable":true,"href":"https:\/\/soclose.mx\/blog\/wp-json\/wp\/v2\/users\/8"}],"replies":[{"embeddable":true,"href":"https:\/\/soclose.mx\/blog\/wp-json\/wp\/v2\/comments?post=7550"}],"version-history":[{"count":0,"href":"https:\/\/soclose.mx\/blog\/wp-json\/wp\/v2\/posts\/7550\/revisions"}],"wp:featuredmedia":[{"embeddable":true,"href":"https:\/\/soclose.mx\/blog\/wp-json\/wp\/v2\/media\/7551"}],"wp:attachment":[{"href":"https:\/\/soclose.mx\/blog\/wp-json\/wp\/v2\/media?parent=7550"}],"wp:term":[{"taxonomy":"category","embeddable":true,"href":"https:\/\/soclose.mx\/blog\/wp-json\/wp\/v2\/categories?post=7550"},{"taxonomy":"post_tag","embeddable":true,"href":"https:\/\/soclose.mx\/blog\/wp-json\/wp\/v2\/tags?post=7550"}],"curies":[{"name":"wp","href":"https:\/\/api.w.org\/{rel}","templated":true}]}}