{"id":7729,"date":"2021-11-16T09:40:52","date_gmt":"2021-11-16T15:40:52","guid":{"rendered":"https:\/\/soclose.mx\/blog\/?p=7729"},"modified":"2021-11-09T00:22:08","modified_gmt":"2021-11-09T06:22:08","slug":"conoce-las-estrofas-que-le-quitaron-al-himno-nacional","status":"publish","type":"post","link":"https:\/\/soclose.mx\/blog\/ay-goeeee\/conoce-las-estrofas-que-le-quitaron-al-himno-nacional\/","title":{"rendered":"Conoce las estrofas que le quitaron al Himno Nacional"},"content":{"rendered":"<p>Seguramente esos lunes por la ma\u00f1ana en los que ten\u00edas que entonar a todo pulm\u00f3n el <strong>Himno Nacional,<\/strong>\u00a0nunca te enteraste que existen dos estrofas que fueron prohibidas.<\/p>\n<div id=\"cc_load_0\" class=\"banner banner-load cc_load_0\" data-google-query-id=\"CO7q0eP--vMCFRTvwAodyCAJTA\">\n<div id=\"google_ads_iframe_\/66677259\/Central\/historia\/nota\/load_web_0__container__\">\n<p>Recordemos que la obra maestra de <strong>Francisco<\/strong> <strong>Gonz\u00e1lez Bocanegra<\/strong> y<strong> Jaime<\/strong> <strong>Nun\u00f3 <\/strong>\u00a0fue usada por primera vez como <strong>Himno Nacional Mexicano<\/strong> durante los festejos del centenario de la Independencia de <a href=\"https:\/\/soclose.mx\/blog\/es_mx\/12-expresiones-que-solo-los-mexicanos-entendemos\/\" target=\"_blank\" rel=\"noopener\">M\u00e9xico<\/a> en 1910, cuando <strong>Porfirio D\u00edaz<\/strong> era el mandatario del pa\u00eds.<\/p>\n<\/div>\n<\/div>\n<p>Durante la administraci\u00f3n del presidente <strong>Manuel \u00c1vila Camacho<\/strong>, se promulg\u00f3 un decreto en 1943 con el que qued\u00f3 establecido que \u00fanicamente se usar\u00edan los\u00a0<em>fragmentos I, V, VI y X,<\/em> m\u00e1s los estribillos del himno.<\/p>\n<p>Las dos estrofas eliminadas, se consideraron ofensivas; una hablaba sobre el derrocamiento de Santa Anna y otra de Agust\u00edn de Iturbide.<\/p>\n<p><strong>Sobre Santa Anna<\/strong><\/p>\n<p><em>Estrofa IV<\/em><\/p>\n<p>Del guerrero inmortal de Zempoala<br \/>\nTe defiende la espada terrible,<br \/>\nY sostiene su brazo invencible<br \/>\nTu sagrado pend\u00f3n tricolor.<\/p>\n<p>\u00c9l ser\u00e1 del feliz mexicano<br \/>\nEn la paz y en la guerra el caudillo,<br \/>\nPorque \u00e9l supo sus armas de brillo<br \/>\nCircundar en los campos de honor<\/p>\n<p><strong>Sobre Iturbide<\/strong><\/p>\n<p><em>Estrofa VII<\/em><\/p>\n<p>Si a la lid contra hueste enemiga<br \/>\nNos convoca la trompa guerrera,<br \/>\nDe Iturbide la sacra bandera<br \/>\n\u00a1Mexicanos! valientes seguid.<\/p>\n<p>Y a los fieros bridones les sirvan<br \/>\nLas vencidas ense\u00f1as de alfombra;<br \/>\nLos laureles del triunfo den sombra<br \/>\nA la frente del bravo adalid.<\/p>\n<p>&nbsp;<\/p>\n<h3>\u00bfCu\u00e1l es la sanci\u00f3n por entonar estas estrofas?<\/h3>\n<p>De acuerdo a la\u00a0<a href=\"https:\/\/www.gob.mx\/segob\/articulos\/uso-adecuado-de-los-simbolos-patrios?idiom=es\">Ley Sobre El Escudo, La Bandera y el Himno Nacionales<\/a>, el uso indebido de cualquier s\u00edmbolo patrio, incluida la modificaci\u00f3n de la letra del <strong>Himno Nacional<\/strong>, representa una falta administrativa, por lo que se sancionar\u00eda con una multa de hasta 85 mil pesos.<\/p>\n","protected":false},"excerpt":{"rendered":"<p>Seguramente esos lunes por la ma\u00f1ana en los que ten\u00edas que entonar a todo pulm\u00f3n el Himno Nacional,\u00a0nunca te enteraste que existen dos estrofas que fueron prohibidas. Recordemos que la obra maestra de Francisco Gonz\u00e1lez Bocanegra y Jaime Nun\u00f3 \u00a0fue usada por primera vez como Himno Nacional Mexicano durante los festejos del centenario de la Independencia de M\u00e9xico en 1910, cuando Porfirio D\u00edaz era el mandatario del pa\u00eds. Durante la administraci\u00f3n del presidente Manuel \u00c1vila Camacho, se promulg\u00f3 un decreto en 1943 con el que qued\u00f3 establecido que \u00fanicamente se usar\u00edan los\u00a0fragmentos I, V, VI y X, m\u00e1s los estribillos<\/p>\n","protected":false},"author":8,"featured_media":7730,"comment_status":"open","ping_status":"open","sticky":false,"template":"","format":"standard","meta":{"_jetpack_memberships_contains_paid_content":false,"footnotes":""},"categories":[1],"tags":[1506,1507],"class_list":["post-7729","post","type-post","status-publish","format-standard","has-post-thumbnail","hentry","category-ay-goeeee","tag-himno-nacional","tag-presidente"],"yoast_head":"<!-- This site is optimized with the Yoast SEO plugin v26.7 - https:\/\/yoast.com\/wordpress\/plugins\/seo\/ -->\n<title>Conoce las estrofas que le quitaron al Himno Nacional - So Close<\/title>\n<meta name=\"description\" content=\"Un expresidente de M\u00e9xico prohibi\u00f3 dos estrofas del Himno Nacional Mexicano. por ser consideradas ofensivas contra los mandatarios.\" \/>\n<meta name=\"robots\" content=\"index, follow, max-snippet:-1, max-image-preview:large, max-video-preview:-1\" \/>\n<link rel=\"canonical\" href=\"https:\/\/soclose.mx\/blog\/tag\/juan-rulfo-frases-mujeres\/\" \/>\n<meta property=\"og:locale\" content=\"es_MX\" \/>\n<meta property=\"og:type\" content=\"article\" \/>\n<meta property=\"og:title\" content=\"Conoce las estrofas que le quitaron al Himno Nacional - So Close\" \/>\n<meta property=\"og:description\" content=\"Un expresidente de M\u00e9xico prohibi\u00f3 dos estrofas del Himno Nacional Mexicano. por ser consideradas ofensivas contra los mandatarios.\" \/>\n<meta property=\"og:url\" content=\"https:\/\/soclose.mx\/blog\/tag\/juan-rulfo-frases-mujeres\/\" \/>\n<meta property=\"og:site_name\" content=\"So Close\" \/>\n<meta property=\"article:author\" content=\"www.facebook.com\/mikexever\/\" \/>\n<meta property=\"article:published_time\" content=\"2021-11-16T15:40:52+00:00\" \/>\n<meta property=\"og:image\" content=\"https:\/\/i0.wp.com\/soclose.mx\/blog\/wp-content\/uploads\/2021\/11\/Copia-de-Principal-So-Close-blog-4.png?fit=1240%2C700&ssl=1\" \/>\n\t<meta property=\"og:image:width\" content=\"1240\" \/>\n\t<meta property=\"og:image:height\" content=\"700\" \/>\n\t<meta property=\"og:image:type\" content=\"image\/png\" \/>\n<meta name=\"author\" content=\"Miguel Angel Romero\" \/>\n<meta name=\"twitter:card\" content=\"summary_large_image\" \/>\n<meta name=\"twitter:creator\" content=\"@Mikerecomienda\" \/>\n<meta name=\"twitter:label1\" content=\"Escrito por\" \/>\n\t<meta name=\"twitter:data1\" content=\"Miguel Angel Romero\" \/>\n\t<meta name=\"twitter:label2\" content=\"Tiempo de lectura\" \/>\n\t<meta name=\"twitter:data2\" content=\"2 minutos\" \/>\n<script type=\"application\/ld+json\" class=\"yoast-schema-graph\">{\"@context\":\"https:\/\/schema.org\",\"@graph\":[{\"@type\":\"Article\",\"@id\":\"https:\/\/soclose.mx\/blog\/tag\/juan-rulfo-frases-mujeres\/#article\",\"isPartOf\":{\"@id\":\"https:\/\/soclose.mx\/blog\/tag\/juan-rulfo-frases-mujeres\/\"},\"author\":{\"name\":\"Miguel Angel Romero\",\"@id\":\"https:\/\/soclose.mx\/blog\/#\/schema\/person\/cddec6ccd5d7037d286395fb411e23f1\"},\"headline\":\"Conoce las estrofas que le quitaron al Himno Nacional\",\"datePublished\":\"2021-11-16T15:40:52+00:00\",\"mainEntityOfPage\":{\"@id\":\"https:\/\/soclose.mx\/blog\/tag\/juan-rulfo-frases-mujeres\/\"},\"wordCount\":304,\"commentCount\":0,\"publisher\":{\"@id\":\"https:\/\/soclose.mx\/blog\/#organization\"},\"image\":{\"@id\":\"https:\/\/soclose.mx\/blog\/tag\/juan-rulfo-frases-mujeres\/#primaryimage\"},\"thumbnailUrl\":\"https:\/\/i0.wp.com\/soclose.mx\/blog\/wp-content\/uploads\/2021\/11\/Copia-de-Principal-So-Close-blog-4.png?fit=1240%2C700&ssl=1\",\"keywords\":[\"Himno nacional\",\"presidente\"],\"articleSection\":[\"\u00a1Ay goeeee!\"],\"inLanguage\":\"es\",\"potentialAction\":[{\"@type\":\"CommentAction\",\"name\":\"Comment\",\"target\":[\"https:\/\/soclose.mx\/blog\/tag\/juan-rulfo-frases-mujeres\/#respond\"]}]},{\"@type\":\"WebPage\",\"@id\":\"https:\/\/soclose.mx\/blog\/tag\/juan-rulfo-frases-mujeres\/\",\"url\":\"https:\/\/soclose.mx\/blog\/tag\/juan-rulfo-frases-mujeres\/\",\"name\":\"Conoce las estrofas que le quitaron al Himno Nacional - So Close\",\"isPartOf\":{\"@id\":\"https:\/\/soclose.mx\/blog\/#website\"},\"primaryImageOfPage\":{\"@id\":\"https:\/\/soclose.mx\/blog\/tag\/juan-rulfo-frases-mujeres\/#primaryimage\"},\"image\":{\"@id\":\"https:\/\/soclose.mx\/blog\/tag\/juan-rulfo-frases-mujeres\/#primaryimage\"},\"thumbnailUrl\":\"https:\/\/i0.wp.com\/soclose.mx\/blog\/wp-content\/uploads\/2021\/11\/Copia-de-Principal-So-Close-blog-4.png?fit=1240%2C700&ssl=1\",\"datePublished\":\"2021-11-16T15:40:52+00:00\",\"description\":\"Un expresidente de M\u00e9xico prohibi\u00f3 dos estrofas del Himno Nacional Mexicano. por ser consideradas ofensivas contra los mandatarios.\",\"breadcrumb\":{\"@id\":\"https:\/\/soclose.mx\/blog\/tag\/juan-rulfo-frases-mujeres\/#breadcrumb\"},\"inLanguage\":\"es\",\"potentialAction\":[{\"@type\":\"ReadAction\",\"target\":[\"https:\/\/soclose.mx\/blog\/tag\/juan-rulfo-frases-mujeres\/\"]}]},{\"@type\":\"ImageObject\",\"inLanguage\":\"es\",\"@id\":\"https:\/\/soclose.mx\/blog\/tag\/juan-rulfo-frases-mujeres\/#primaryimage\",\"url\":\"https:\/\/i0.wp.com\/soclose.mx\/blog\/wp-content\/uploads\/2021\/11\/Copia-de-Principal-So-Close-blog-4.png?fit=1240%2C700&ssl=1\",\"contentUrl\":\"https:\/\/i0.wp.com\/soclose.mx\/blog\/wp-content\/uploads\/2021\/11\/Copia-de-Principal-So-Close-blog-4.png?fit=1240%2C700&ssl=1\",\"width\":1240,\"height\":700},{\"@type\":\"BreadcrumbList\",\"@id\":\"https:\/\/soclose.mx\/blog\/tag\/juan-rulfo-frases-mujeres\/#breadcrumb\",\"itemListElement\":[{\"@type\":\"ListItem\",\"position\":1,\"name\":\"Inicio\",\"item\":\"https:\/\/soclose.mx\/blog\/\"},{\"@type\":\"ListItem\",\"position\":2,\"name\":\"Conoce las estrofas que le quitaron al Himno Nacional\"}]},{\"@type\":\"WebSite\",\"@id\":\"https:\/\/soclose.mx\/blog\/#website\",\"url\":\"https:\/\/soclose.mx\/blog\/\",\"name\":\"So Close\",\"description\":\"Hacemos contenidos de M\u00e9xico\",\"publisher\":{\"@id\":\"https:\/\/soclose.mx\/blog\/#organization\"},\"potentialAction\":[{\"@type\":\"SearchAction\",\"target\":{\"@type\":\"EntryPoint\",\"urlTemplate\":\"https:\/\/soclose.mx\/blog\/?s={search_term_string}\"},\"query-input\":{\"@type\":\"PropertyValueSpecification\",\"valueRequired\":true,\"valueName\":\"search_term_string\"}}],\"inLanguage\":\"es\"},{\"@type\":\"Organization\",\"@id\":\"https:\/\/soclose.mx\/blog\/#organization\",\"name\":\"So Close\",\"url\":\"https:\/\/soclose.mx\/blog\/\",\"logo\":{\"@type\":\"ImageObject\",\"inLanguage\":\"es\",\"@id\":\"https:\/\/soclose.mx\/blog\/#\/schema\/logo\/image\/\",\"url\":\"https:\/\/i0.wp.com\/soclose.mx\/blog\/wp-content\/uploads\/2020\/12\/LOGO_SOCLOSE_COLOR-e1608310133507.png?fit=2858%2C1264&ssl=1\",\"contentUrl\":\"https:\/\/i0.wp.com\/soclose.mx\/blog\/wp-content\/uploads\/2020\/12\/LOGO_SOCLOSE_COLOR-e1608310133507.png?fit=2858%2C1264&ssl=1\",\"width\":2858,\"height\":1264,\"caption\":\"So Close\"},\"image\":{\"@id\":\"https:\/\/soclose.mx\/blog\/#\/schema\/logo\/image\/\"}},{\"@type\":\"Person\",\"@id\":\"https:\/\/soclose.mx\/blog\/#\/schema\/person\/cddec6ccd5d7037d286395fb411e23f1\",\"name\":\"Miguel Angel Romero\",\"image\":{\"@type\":\"ImageObject\",\"inLanguage\":\"es\",\"@id\":\"https:\/\/soclose.mx\/blog\/#\/schema\/person\/image\/\",\"url\":\"https:\/\/secure.gravatar.com\/avatar\/45b44006b4f93497bb24d251f77bc39385015bfa120582412df580dbfcbb14f3?s=96&d=mm&r=g\",\"contentUrl\":\"https:\/\/secure.gravatar.com\/avatar\/45b44006b4f93497bb24d251f77bc39385015bfa120582412df580dbfcbb14f3?s=96&d=mm&r=g\",\"caption\":\"Miguel Angel Romero\"},\"sameAs\":[\"http:\/\/\/mikexever.blogspot.com\/\",\"www.facebook.com\/mikexever\/\",\"https:\/\/x.com\/Mikerecomienda\"],\"url\":\"https:\/\/soclose.mx\/blog\/author\/mike\/\"}]}<\/script>\n<!-- \/ Yoast SEO plugin. -->","yoast_head_json":{"title":"Conoce las estrofas que le quitaron al Himno Nacional - So Close","description":"Un expresidente de M\u00e9xico prohibi\u00f3 dos estrofas del Himno Nacional Mexicano. por ser consideradas ofensivas contra los mandatarios.","robots":{"index":"index","follow":"follow","max-snippet":"max-snippet:-1","max-image-preview":"max-image-preview:large","max-video-preview":"max-video-preview:-1"},"canonical":"https:\/\/soclose.mx\/blog\/tag\/juan-rulfo-frases-mujeres\/","og_locale":"es_MX","og_type":"article","og_title":"Conoce las estrofas que le quitaron al Himno Nacional - So Close","og_description":"Un expresidente de M\u00e9xico prohibi\u00f3 dos estrofas del Himno Nacional Mexicano. por ser consideradas ofensivas contra los mandatarios.","og_url":"https:\/\/soclose.mx\/blog\/tag\/juan-rulfo-frases-mujeres\/","og_site_name":"So Close","article_author":"www.facebook.com\/mikexever\/","article_published_time":"2021-11-16T15:40:52+00:00","og_image":[{"width":1240,"height":700,"url":"https:\/\/i0.wp.com\/soclose.mx\/blog\/wp-content\/uploads\/2021\/11\/Copia-de-Principal-So-Close-blog-4.png?fit=1240%2C700&ssl=1","type":"image\/png"}],"author":"Miguel Angel Romero","twitter_card":"summary_large_image","twitter_creator":"@Mikerecomienda","twitter_misc":{"Escrito por":"Miguel Angel Romero","Tiempo de lectura":"2 minutos"},"schema":{"@context":"https:\/\/schema.org","@graph":[{"@type":"Article","@id":"https:\/\/soclose.mx\/blog\/tag\/juan-rulfo-frases-mujeres\/#article","isPartOf":{"@id":"https:\/\/soclose.mx\/blog\/tag\/juan-rulfo-frases-mujeres\/"},"author":{"name":"Miguel Angel Romero","@id":"https:\/\/soclose.mx\/blog\/#\/schema\/person\/cddec6ccd5d7037d286395fb411e23f1"},"headline":"Conoce las estrofas que le quitaron al Himno Nacional","datePublished":"2021-11-16T15:40:52+00:00","mainEntityOfPage":{"@id":"https:\/\/soclose.mx\/blog\/tag\/juan-rulfo-frases-mujeres\/"},"wordCount":304,"commentCount":0,"publisher":{"@id":"https:\/\/soclose.mx\/blog\/#organization"},"image":{"@id":"https:\/\/soclose.mx\/blog\/tag\/juan-rulfo-frases-mujeres\/#primaryimage"},"thumbnailUrl":"https:\/\/i0.wp.com\/soclose.mx\/blog\/wp-content\/uploads\/2021\/11\/Copia-de-Principal-So-Close-blog-4.png?fit=1240%2C700&ssl=1","keywords":["Himno nacional","presidente"],"articleSection":["\u00a1Ay goeeee!"],"inLanguage":"es","potentialAction":[{"@type":"CommentAction","name":"Comment","target":["https:\/\/soclose.mx\/blog\/tag\/juan-rulfo-frases-mujeres\/#respond"]}]},{"@type":"WebPage","@id":"https:\/\/soclose.mx\/blog\/tag\/juan-rulfo-frases-mujeres\/","url":"https:\/\/soclose.mx\/blog\/tag\/juan-rulfo-frases-mujeres\/","name":"Conoce las estrofas que le quitaron al Himno Nacional - So Close","isPartOf":{"@id":"https:\/\/soclose.mx\/blog\/#website"},"primaryImageOfPage":{"@id":"https:\/\/soclose.mx\/blog\/tag\/juan-rulfo-frases-mujeres\/#primaryimage"},"image":{"@id":"https:\/\/soclose.mx\/blog\/tag\/juan-rulfo-frases-mujeres\/#primaryimage"},"thumbnailUrl":"https:\/\/i0.wp.com\/soclose.mx\/blog\/wp-content\/uploads\/2021\/11\/Copia-de-Principal-So-Close-blog-4.png?fit=1240%2C700&ssl=1","datePublished":"2021-11-16T15:40:52+00:00","description":"Un expresidente de M\u00e9xico prohibi\u00f3 dos estrofas del Himno Nacional Mexicano. por ser consideradas ofensivas contra los mandatarios.","breadcrumb":{"@id":"https:\/\/soclose.mx\/blog\/tag\/juan-rulfo-frases-mujeres\/#breadcrumb"},"inLanguage":"es","potentialAction":[{"@type":"ReadAction","target":["https:\/\/soclose.mx\/blog\/tag\/juan-rulfo-frases-mujeres\/"]}]},{"@type":"ImageObject","inLanguage":"es","@id":"https:\/\/soclose.mx\/blog\/tag\/juan-rulfo-frases-mujeres\/#primaryimage","url":"https:\/\/i0.wp.com\/soclose.mx\/blog\/wp-content\/uploads\/2021\/11\/Copia-de-Principal-So-Close-blog-4.png?fit=1240%2C700&ssl=1","contentUrl":"https:\/\/i0.wp.com\/soclose.mx\/blog\/wp-content\/uploads\/2021\/11\/Copia-de-Principal-So-Close-blog-4.png?fit=1240%2C700&ssl=1","width":1240,"height":700},{"@type":"BreadcrumbList","@id":"https:\/\/soclose.mx\/blog\/tag\/juan-rulfo-frases-mujeres\/#breadcrumb","itemListElement":[{"@type":"ListItem","position":1,"name":"Inicio","item":"https:\/\/soclose.mx\/blog\/"},{"@type":"ListItem","position":2,"name":"Conoce las estrofas que le quitaron al Himno Nacional"}]},{"@type":"WebSite","@id":"https:\/\/soclose.mx\/blog\/#website","url":"https:\/\/soclose.mx\/blog\/","name":"So Close","description":"Hacemos contenidos de M\u00e9xico","publisher":{"@id":"https:\/\/soclose.mx\/blog\/#organization"},"potentialAction":[{"@type":"SearchAction","target":{"@type":"EntryPoint","urlTemplate":"https:\/\/soclose.mx\/blog\/?s={search_term_string}"},"query-input":{"@type":"PropertyValueSpecification","valueRequired":true,"valueName":"search_term_string"}}],"inLanguage":"es"},{"@type":"Organization","@id":"https:\/\/soclose.mx\/blog\/#organization","name":"So Close","url":"https:\/\/soclose.mx\/blog\/","logo":{"@type":"ImageObject","inLanguage":"es","@id":"https:\/\/soclose.mx\/blog\/#\/schema\/logo\/image\/","url":"https:\/\/i0.wp.com\/soclose.mx\/blog\/wp-content\/uploads\/2020\/12\/LOGO_SOCLOSE_COLOR-e1608310133507.png?fit=2858%2C1264&ssl=1","contentUrl":"https:\/\/i0.wp.com\/soclose.mx\/blog\/wp-content\/uploads\/2020\/12\/LOGO_SOCLOSE_COLOR-e1608310133507.png?fit=2858%2C1264&ssl=1","width":2858,"height":1264,"caption":"So Close"},"image":{"@id":"https:\/\/soclose.mx\/blog\/#\/schema\/logo\/image\/"}},{"@type":"Person","@id":"https:\/\/soclose.mx\/blog\/#\/schema\/person\/cddec6ccd5d7037d286395fb411e23f1","name":"Miguel Angel Romero","image":{"@type":"ImageObject","inLanguage":"es","@id":"https:\/\/soclose.mx\/blog\/#\/schema\/person\/image\/","url":"https:\/\/secure.gravatar.com\/avatar\/45b44006b4f93497bb24d251f77bc39385015bfa120582412df580dbfcbb14f3?s=96&d=mm&r=g","contentUrl":"https:\/\/secure.gravatar.com\/avatar\/45b44006b4f93497bb24d251f77bc39385015bfa120582412df580dbfcbb14f3?s=96&d=mm&r=g","caption":"Miguel Angel Romero"},"sameAs":["http:\/\/\/mikexever.blogspot.com\/","www.facebook.com\/mikexever\/","https:\/\/x.com\/Mikerecomienda"],"url":"https:\/\/soclose.mx\/blog\/author\/mike\/"}]}},"jetpack_featured_media_url":"https:\/\/i0.wp.com\/soclose.mx\/blog\/wp-content\/uploads\/2021\/11\/Copia-de-Principal-So-Close-blog-4.png?fit=1240%2C700&ssl=1","jetpack-related-posts":[{"id":8980,"url":"https:\/\/soclose.mx\/blog\/a-la-mexicana\/mariachi-yerushalayim-conquista-a-jerusalen\/","url_meta":{"origin":7729,"position":0},"title":"Mariachi Yerushalayim conquista a Jerusal\u00e9n","author":"Miguel Angel Romero","date":"4 marzo, 2022","format":false,"excerpt":"La fronteras no existen y menos cuando se habla de m\u00fasica, en especial la mexicana, porque no importa en que lugar del mundo te encuentres,\u00a0 seguramente habr\u00e1 un mariachi y en Jerusal\u00e9n, no es la excepci\u00f3n. Mariachi Yerushalaim es una agrupaci\u00f3n conformada por un israel\u00ed, una venezolana, un venezolano, un\u2026","rel":"","context":"En &quot;A la mexicana&quot;","block_context":{"text":"A la mexicana","link":"https:\/\/soclose.mx\/blog\/category\/a-la-mexicana\/"},"img":{"alt_text":"","src":"https:\/\/i0.wp.com\/soclose.mx\/blog\/wp-content\/uploads\/2022\/02\/Copia-de-Principal-So-Close-blog-5-2.png?fit=1200%2C677&ssl=1&resize=350%2C200","width":350,"height":200,"srcset":"https:\/\/i0.wp.com\/soclose.mx\/blog\/wp-content\/uploads\/2022\/02\/Copia-de-Principal-So-Close-blog-5-2.png?fit=1200%2C677&ssl=1&resize=350%2C200 1x, https:\/\/i0.wp.com\/soclose.mx\/blog\/wp-content\/uploads\/2022\/02\/Copia-de-Principal-So-Close-blog-5-2.png?fit=1200%2C677&ssl=1&resize=525%2C300 1.5x, https:\/\/i0.wp.com\/soclose.mx\/blog\/wp-content\/uploads\/2022\/02\/Copia-de-Principal-So-Close-blog-5-2.png?fit=1200%2C677&ssl=1&resize=700%2C400 2x, https:\/\/i0.wp.com\/soclose.mx\/blog\/wp-content\/uploads\/2022\/02\/Copia-de-Principal-So-Close-blog-5-2.png?fit=1200%2C677&ssl=1&resize=1050%2C600 3x"},"classes":[]},{"id":9004,"url":"https:\/\/soclose.mx\/blog\/ay-goeeee\/datos-curiosos-de-las-banderas-monumentales\/","url_meta":{"origin":7729,"position":1},"title":"Datos curiosos de las banderas monumentales","author":"Miguel Angel Romero","date":"23 febrero, 2022","format":false,"excerpt":"En todo nuestro pa\u00eds, existen un promedio de 65 banderas monumentales ubicadas en todos los estados de la Rep\u00fablica Mexicana, siendo la m\u00e1s distintiva la del Z\u00f3calo Capitalino. Esta bandera de 200 kilos de peso y 30 metros de largo por 20 metros de ancho, cuenta con un asta de\u2026","rel":"","context":"En &quot;\u00a1Ay goeeee!&quot;","block_context":{"text":"\u00a1Ay goeeee!","link":"https:\/\/soclose.mx\/blog\/category\/ay-goeeee\/"},"img":{"alt_text":"","src":"https:\/\/i0.wp.com\/soclose.mx\/blog\/wp-content\/uploads\/2022\/02\/Copia-de-Principal-So-Close-blog-16.png?fit=1200%2C677&ssl=1&resize=350%2C200","width":350,"height":200,"srcset":"https:\/\/i0.wp.com\/soclose.mx\/blog\/wp-content\/uploads\/2022\/02\/Copia-de-Principal-So-Close-blog-16.png?fit=1200%2C677&ssl=1&resize=350%2C200 1x, https:\/\/i0.wp.com\/soclose.mx\/blog\/wp-content\/uploads\/2022\/02\/Copia-de-Principal-So-Close-blog-16.png?fit=1200%2C677&ssl=1&resize=525%2C300 1.5x, https:\/\/i0.wp.com\/soclose.mx\/blog\/wp-content\/uploads\/2022\/02\/Copia-de-Principal-So-Close-blog-16.png?fit=1200%2C677&ssl=1&resize=700%2C400 2x, https:\/\/i0.wp.com\/soclose.mx\/blog\/wp-content\/uploads\/2022\/02\/Copia-de-Principal-So-Close-blog-16.png?fit=1200%2C677&ssl=1&resize=1050%2C600 3x"},"classes":[]},{"id":6976,"url":"https:\/\/soclose.mx\/blog\/ay-goeeee\/5-atletas-paralimpicos-que-tienes-que-seguir-en-tokio\/","url_meta":{"origin":7729,"position":2},"title":"5 atletas paral\u00edmpicos que tienes que seguir (en Tokio)","author":"Miguel Angel Romero","date":"25 agosto, 2021","format":false,"excerpt":"Los\u00a0Juegos Paral\u00edmpicos\u00a0de Tokio 2020 han empezado y todos estamos a la expectativa de lo que suceder\u00e1 con nuestros 60 atletas paral\u00edmpicos mexicanos. Nuestro pa\u00eds que lleva a\u00a0 29 mujeres\u00a0y\u00a031 hombres en\u00a011 deportes, participar\u00e1 en atletismo, bochas , ecuestre, judo, nataci\u00f3n, powerlifting, remo, taekwondo, tenis de mesa, tiro con arco y\u2026","rel":"","context":"En &quot;\u00a1Ay goeeee!&quot;","block_context":{"text":"\u00a1Ay goeeee!","link":"https:\/\/soclose.mx\/blog\/category\/ay-goeeee\/"},"img":{"alt_text":"","src":"https:\/\/i0.wp.com\/soclose.mx\/blog\/wp-content\/uploads\/2021\/08\/Principal-So-Close-blog-30.jpg?fit=1200%2C677&ssl=1&resize=350%2C200","width":350,"height":200,"srcset":"https:\/\/i0.wp.com\/soclose.mx\/blog\/wp-content\/uploads\/2021\/08\/Principal-So-Close-blog-30.jpg?fit=1200%2C677&ssl=1&resize=350%2C200 1x, https:\/\/i0.wp.com\/soclose.mx\/blog\/wp-content\/uploads\/2021\/08\/Principal-So-Close-blog-30.jpg?fit=1200%2C677&ssl=1&resize=525%2C300 1.5x, https:\/\/i0.wp.com\/soclose.mx\/blog\/wp-content\/uploads\/2021\/08\/Principal-So-Close-blog-30.jpg?fit=1200%2C677&ssl=1&resize=700%2C400 2x, https:\/\/i0.wp.com\/soclose.mx\/blog\/wp-content\/uploads\/2021\/08\/Principal-So-Close-blog-30.jpg?fit=1200%2C677&ssl=1&resize=1050%2C600 3x"},"classes":[]},{"id":7133,"url":"https:\/\/soclose.mx\/blog\/news-feed\/brilla-mexico-en-los-juegos-paralimpicos-con-22-medallas\/","url_meta":{"origin":7729,"position":3},"title":"Brilla M\u00e9xico en los Juegos Paral\u00edmpicos con 22 medallas","author":"Miguel Angel Romero","date":"6 septiembre, 2021","format":false,"excerpt":"Todo lo que empieza, acaba y los\u00a0Juegos Paral\u00edmpicos de Tokio 2020 no son la excepci\u00f3n, y la participaci\u00f3n de la delegaci\u00f3n mexicana brill\u00f3 por su gran actuaci\u00f3n y con 22 medallas en su haber. No solo consiguieron superar las 300 medallas en los Juegos Paral\u00edmpicos, sino que tambi\u00e9n lograron llegar\u2026","rel":"","context":"En &quot;News feed&quot;","block_context":{"text":"News feed","link":"https:\/\/soclose.mx\/blog\/category\/news-feed\/"},"img":{"alt_text":"","src":"https:\/\/i0.wp.com\/soclose.mx\/blog\/wp-content\/uploads\/2021\/09\/Principal-So-Close-blog-13-1.jpg?fit=1200%2C677&ssl=1&resize=350%2C200","width":350,"height":200,"srcset":"https:\/\/i0.wp.com\/soclose.mx\/blog\/wp-content\/uploads\/2021\/09\/Principal-So-Close-blog-13-1.jpg?fit=1200%2C677&ssl=1&resize=350%2C200 1x, https:\/\/i0.wp.com\/soclose.mx\/blog\/wp-content\/uploads\/2021\/09\/Principal-So-Close-blog-13-1.jpg?fit=1200%2C677&ssl=1&resize=525%2C300 1.5x, https:\/\/i0.wp.com\/soclose.mx\/blog\/wp-content\/uploads\/2021\/09\/Principal-So-Close-blog-13-1.jpg?fit=1200%2C677&ssl=1&resize=700%2C400 2x, https:\/\/i0.wp.com\/soclose.mx\/blog\/wp-content\/uploads\/2021\/09\/Principal-So-Close-blog-13-1.jpg?fit=1200%2C677&ssl=1&resize=1050%2C600 3x"},"classes":[]},{"id":14704,"url":"https:\/\/soclose.mx\/blog\/a-la-mexicana\/frases-y-canciones-inolvidables-de-paquita-la-del-barrio\/","url_meta":{"origin":7729,"position":4},"title":"Frases y canciones inolvidables de Paquita la del Barrio","author":"So Close","date":"17 febrero, 2025","format":false,"excerpt":"Francisca Viveros Barradas fue una figura ic\u00f3nica de la m\u00fasica ranchera mexicana, cuyas frases y canciones inolvidables de Paquita la del Barrio, como se le conoc\u00eda popularmente, la convirtieron en un s\u00edmbolo de empoderamiento femenino. Nacida el 2 de abril de 1947 en Alto Lucero, Veracruz, Paquita dej\u00f3 un legado\u2026","rel":"","context":"En &quot;A la mexicana&quot;","block_context":{"text":"A la mexicana","link":"https:\/\/soclose.mx\/blog\/category\/a-la-mexicana\/"},"img":{"alt_text":"Paquita la del Barrio y Juan Gabriel","src":"https:\/\/i0.wp.com\/soclose.mx\/blog\/wp-content\/uploads\/2025\/02\/Paquita-la-del-Barrio-y-Juan-Gabriel.jpg?fit=1200%2C675&ssl=1&resize=350%2C200","width":350,"height":200,"srcset":"https:\/\/i0.wp.com\/soclose.mx\/blog\/wp-content\/uploads\/2025\/02\/Paquita-la-del-Barrio-y-Juan-Gabriel.jpg?fit=1200%2C675&ssl=1&resize=350%2C200 1x, https:\/\/i0.wp.com\/soclose.mx\/blog\/wp-content\/uploads\/2025\/02\/Paquita-la-del-Barrio-y-Juan-Gabriel.jpg?fit=1200%2C675&ssl=1&resize=525%2C300 1.5x, https:\/\/i0.wp.com\/soclose.mx\/blog\/wp-content\/uploads\/2025\/02\/Paquita-la-del-Barrio-y-Juan-Gabriel.jpg?fit=1200%2C675&ssl=1&resize=700%2C400 2x, https:\/\/i0.wp.com\/soclose.mx\/blog\/wp-content\/uploads\/2025\/02\/Paquita-la-del-Barrio-y-Juan-Gabriel.jpg?fit=1200%2C675&ssl=1&resize=1050%2C600 3x"},"classes":[]},{"id":13032,"url":"https:\/\/soclose.mx\/blog\/seleccion-mexicana\/los-medallistas-mexicanos-que-hicieron-historia-en-las-olimpiadas\/","url_meta":{"origin":7729,"position":5},"title":"Los medallistas mexicanos que hicieron historia en las Olimpiadas","author":"Emmanuel Oviedo","date":"13 febrero, 2024","format":false,"excerpt":"M\u00e9xico se ha formado un gran legado en las justas deportivas, y las Olimpiadas son la mejor ocasi\u00f3n de los deportistas mexicanos para buscar la gloria. No s\u00f3lo como una forma de consolidar su catrera, sino tambi\u00e9n de experimentar la sensaci\u00f3n de subirse al podio y escuchar en alto el\u2026","rel":"","context":"En &quot;Selecci\u00f3n mexicana&quot;","block_context":{"text":"Selecci\u00f3n mexicana","link":"https:\/\/soclose.mx\/blog\/category\/seleccion-mexicana\/"},"img":{"alt_text":"","src":"https:\/\/i0.wp.com\/soclose.mx\/blog\/wp-content\/uploads\/2024\/01\/Olimpiadas.jpg?fit=545%2C363&ssl=1&resize=350%2C200","width":350,"height":200,"srcset":"https:\/\/i0.wp.com\/soclose.mx\/blog\/wp-content\/uploads\/2024\/01\/Olimpiadas.jpg?fit=545%2C363&ssl=1&resize=350%2C200 1x, https:\/\/i0.wp.com\/soclose.mx\/blog\/wp-content\/uploads\/2024\/01\/Olimpiadas.jpg?fit=545%2C363&ssl=1&resize=525%2C300 1.5x"},"classes":[]}],"jetpack_sharing_enabled":true,"_links":{"self":[{"href":"https:\/\/soclose.mx\/blog\/wp-json\/wp\/v2\/posts\/7729","targetHints":{"allow":["GET"]}}],"collection":[{"href":"https:\/\/soclose.mx\/blog\/wp-json\/wp\/v2\/posts"}],"about":[{"href":"https:\/\/soclose.mx\/blog\/wp-json\/wp\/v2\/types\/post"}],"author":[{"embeddable":true,"href":"https:\/\/soclose.mx\/blog\/wp-json\/wp\/v2\/users\/8"}],"replies":[{"embeddable":true,"href":"https:\/\/soclose.mx\/blog\/wp-json\/wp\/v2\/comments?post=7729"}],"version-history":[{"count":0,"href":"https:\/\/soclose.mx\/blog\/wp-json\/wp\/v2\/posts\/7729\/revisions"}],"wp:featuredmedia":[{"embeddable":true,"href":"https:\/\/soclose.mx\/blog\/wp-json\/wp\/v2\/media\/7730"}],"wp:attachment":[{"href":"https:\/\/soclose.mx\/blog\/wp-json\/wp\/v2\/media?parent=7729"}],"wp:term":[{"taxonomy":"category","embeddable":true,"href":"https:\/\/soclose.mx\/blog\/wp-json\/wp\/v2\/categories?post=7729"},{"taxonomy":"post_tag","embeddable":true,"href":"https:\/\/soclose.mx\/blog\/wp-json\/wp\/v2\/tags?post=7729"}],"curies":[{"name":"wp","href":"https:\/\/api.w.org\/{rel}","templated":true}]}}