{"id":7833,"date":"2021-12-03T08:27:31","date_gmt":"2021-12-03T14:27:31","guid":{"rendered":"https:\/\/soclose.mx\/blog\/?p=7833"},"modified":"2021-11-23T01:07:24","modified_gmt":"2021-11-23T07:07:24","slug":"el-zacaton-el-cenote-mas-profundo-del-mundo","status":"publish","type":"post","link":"https:\/\/soclose.mx\/blog\/lugares\/el-zacaton-el-cenote-mas-profundo-del-mundo\/","title":{"rendered":"El Zacat\u00f3n: el cenote m\u00e1s profundo del mundo"},"content":{"rendered":"<p>Considerado como el cenote con mayor profundidad en el mundo, <strong>El Zacat\u00f3n<\/strong> es una maravilla natural que, no, no se encuentra ni en <strong>Quintana Roo<\/strong> ni en <strong>Yucat\u00e1n<\/strong>.<\/p>\n<p><strong>El Zacat\u00f3n<\/strong> es un cenote ubicado en el municipio de Aldama, al sur del estado de <a href=\"https:\/\/soclose.mx\/blog\/es_mx\/?s=tamaulipas\" target=\"_blank\" rel=\"noopener\"><strong>Tamaulipas<\/strong><\/a>.<\/p>\n<p>Fue <strong>El Instituto Nacional de Estad\u00edstica y Geograf\u00eda (INEGI)<\/strong> quien la consider\u00f3 como el m\u00e1s profundo de M\u00e9xico.<\/p>\n<p>Esta forma parte de un sistema de cinco formaciones naturales interconectadas:\u00a0El Zacat\u00f3n, Poza Verde, Poza Azufrada, La Pilita y El Caracol.<\/p>\n<p>La <strong>Agencia Espacial Estadounidense (NASA)<\/strong> ha explorado este cenote para comprobar la veracidad de tal informaci\u00f3n, introduciendo un submarino rob\u00f3tico que descendi\u00f3 319 metros con el fin de hacer pruebas para una futura exploraci\u00f3n en J\u00fapiter.<\/p>\n<p><strong>El Zacat\u00f3n<\/strong> tiene la forma cl\u00e1sica de los cenotes y posee\u00a0una enorme cavidad rodeada con un di\u00e1metro aproximadamente de 140 metros.<\/p>\n<p>Debido a la regi\u00f3n en donde se encuentra, el agua de este cenote tiene una alta cantidad de azufre que no es tolerable para los seres humanos, por tal motivo, no es posible que se pueda nadar o bucear en El Zacat\u00f3n.<\/p>\n<p>&nbsp;<\/p>\n","protected":false},"excerpt":{"rendered":"<p>Considerado como el cenote con mayor profundidad en el mundo, El Zacat\u00f3n es una maravilla natural que, no, no se encuentra ni en Quintana Roo ni en Yucat\u00e1n. El Zacat\u00f3n es un cenote ubicado en el municipio de Aldama, al sur del estado de Tamaulipas. Fue El Instituto Nacional de Estad\u00edstica y Geograf\u00eda (INEGI) quien la consider\u00f3 como el m\u00e1s profundo de M\u00e9xico. Esta forma parte de un sistema de cinco formaciones naturales interconectadas:\u00a0El Zacat\u00f3n, Poza Verde, Poza Azufrada, La Pilita y El Caracol. La Agencia Espacial Estadounidense (NASA) ha explorado este cenote para comprobar la veracidad de tal informaci\u00f3n,<\/p>\n","protected":false},"author":8,"featured_media":7834,"comment_status":"open","ping_status":"open","sticky":false,"template":"","format":"standard","meta":{"_jetpack_memberships_contains_paid_content":false,"footnotes":""},"categories":[3],"tags":[1541,1543,1542],"class_list":["post-7833","post","type-post","status-publish","format-standard","has-post-thumbnail","hentry","category-lugares","tag-cenote","tag-tamaulipas","tag-zacaton"],"yoast_head":"<!-- This site is optimized with the Yoast SEO plugin v26.7 - https:\/\/yoast.com\/wordpress\/plugins\/seo\/ -->\n<title>El Zacat\u00f3n: el cenote m\u00e1s profundo del mundo - So Close<\/title>\n<meta name=\"robots\" content=\"index, follow, max-snippet:-1, max-image-preview:large, max-video-preview:-1\" \/>\n<link rel=\"canonical\" href=\"https:\/\/soclose.mx\/blog\/tag\/juan-rulfo-frases-mujeres\/\" \/>\n<meta property=\"og:locale\" content=\"es_MX\" \/>\n<meta property=\"og:type\" content=\"article\" \/>\n<meta property=\"og:title\" content=\"El Zacat\u00f3n: el cenote m\u00e1s profundo del mundo - So Close\" \/>\n<meta property=\"og:description\" content=\"Considerado como el cenote con mayor profundidad en el mundo, El Zacat\u00f3n es una maravilla natural que, no, no se encuentra ni en Quintana Roo ni en Yucat\u00e1n. El Zacat\u00f3n es un cenote ubicado en el municipio de Aldama, al sur del estado de Tamaulipas. Fue El Instituto Nacional de Estad\u00edstica y Geograf\u00eda (INEGI) quien la consider\u00f3 como el m\u00e1s profundo de M\u00e9xico. Esta forma parte de un sistema de cinco formaciones naturales interconectadas:\u00a0El Zacat\u00f3n, Poza Verde, Poza Azufrada, La Pilita y El Caracol. La Agencia Espacial Estadounidense (NASA) ha explorado este cenote para comprobar la veracidad de tal informaci\u00f3n,\" \/>\n<meta property=\"og:url\" content=\"https:\/\/soclose.mx\/blog\/tag\/juan-rulfo-frases-mujeres\/\" \/>\n<meta property=\"og:site_name\" content=\"So Close\" \/>\n<meta property=\"article:author\" content=\"www.facebook.com\/mikexever\/\" \/>\n<meta property=\"article:published_time\" content=\"2021-12-03T14:27:31+00:00\" \/>\n<meta property=\"og:image\" content=\"https:\/\/i0.wp.com\/soclose.mx\/blog\/wp-content\/uploads\/2021\/11\/Copia-de-Principal-So-Close-blog-4-4.png?fit=1240%2C700&ssl=1\" \/>\n\t<meta property=\"og:image:width\" content=\"1240\" \/>\n\t<meta property=\"og:image:height\" content=\"700\" \/>\n\t<meta property=\"og:image:type\" content=\"image\/png\" \/>\n<meta name=\"author\" content=\"Miguel Angel Romero\" \/>\n<meta name=\"twitter:card\" content=\"summary_large_image\" \/>\n<meta name=\"twitter:creator\" content=\"@Mikerecomienda\" \/>\n<meta name=\"twitter:label1\" content=\"Escrito por\" \/>\n\t<meta name=\"twitter:data1\" content=\"Miguel Angel Romero\" \/>\n\t<meta name=\"twitter:label2\" content=\"Tiempo de lectura\" \/>\n\t<meta name=\"twitter:data2\" content=\"3 minutos\" \/>\n<script type=\"application\/ld+json\" class=\"yoast-schema-graph\">{\"@context\":\"https:\/\/schema.org\",\"@graph\":[{\"@type\":\"Article\",\"@id\":\"https:\/\/soclose.mx\/blog\/tag\/juan-rulfo-frases-mujeres\/#article\",\"isPartOf\":{\"@id\":\"https:\/\/soclose.mx\/blog\/tag\/juan-rulfo-frases-mujeres\/\"},\"author\":{\"name\":\"Miguel Angel Romero\",\"@id\":\"https:\/\/soclose.mx\/blog\/#\/schema\/person\/cddec6ccd5d7037d286395fb411e23f1\"},\"headline\":\"El Zacat\u00f3n: el cenote m\u00e1s profundo del mundo\",\"datePublished\":\"2021-12-03T14:27:31+00:00\",\"mainEntityOfPage\":{\"@id\":\"https:\/\/soclose.mx\/blog\/tag\/juan-rulfo-frases-mujeres\/\"},\"wordCount\":211,\"commentCount\":0,\"publisher\":{\"@id\":\"https:\/\/soclose.mx\/blog\/#organization\"},\"image\":{\"@id\":\"https:\/\/soclose.mx\/blog\/tag\/juan-rulfo-frases-mujeres\/#primaryimage\"},\"thumbnailUrl\":\"https:\/\/i0.wp.com\/soclose.mx\/blog\/wp-content\/uploads\/2021\/11\/Copia-de-Principal-So-Close-blog-4-4.png?fit=1240%2C700&ssl=1\",\"keywords\":[\"cenote\",\"Tamaulipas\",\"Zacat\u00f3n\"],\"articleSection\":[\"Lugares\"],\"inLanguage\":\"es\",\"potentialAction\":[{\"@type\":\"CommentAction\",\"name\":\"Comment\",\"target\":[\"https:\/\/soclose.mx\/blog\/tag\/juan-rulfo-frases-mujeres\/#respond\"]}]},{\"@type\":\"WebPage\",\"@id\":\"https:\/\/soclose.mx\/blog\/tag\/juan-rulfo-frases-mujeres\/\",\"url\":\"https:\/\/soclose.mx\/blog\/tag\/juan-rulfo-frases-mujeres\/\",\"name\":\"El Zacat\u00f3n: el cenote m\u00e1s profundo del mundo - So Close\",\"isPartOf\":{\"@id\":\"https:\/\/soclose.mx\/blog\/#website\"},\"primaryImageOfPage\":{\"@id\":\"https:\/\/soclose.mx\/blog\/tag\/juan-rulfo-frases-mujeres\/#primaryimage\"},\"image\":{\"@id\":\"https:\/\/soclose.mx\/blog\/tag\/juan-rulfo-frases-mujeres\/#primaryimage\"},\"thumbnailUrl\":\"https:\/\/i0.wp.com\/soclose.mx\/blog\/wp-content\/uploads\/2021\/11\/Copia-de-Principal-So-Close-blog-4-4.png?fit=1240%2C700&ssl=1\",\"datePublished\":\"2021-12-03T14:27:31+00:00\",\"breadcrumb\":{\"@id\":\"https:\/\/soclose.mx\/blog\/tag\/juan-rulfo-frases-mujeres\/#breadcrumb\"},\"inLanguage\":\"es\",\"potentialAction\":[{\"@type\":\"ReadAction\",\"target\":[\"https:\/\/soclose.mx\/blog\/tag\/juan-rulfo-frases-mujeres\/\"]}]},{\"@type\":\"ImageObject\",\"inLanguage\":\"es\",\"@id\":\"https:\/\/soclose.mx\/blog\/tag\/juan-rulfo-frases-mujeres\/#primaryimage\",\"url\":\"https:\/\/i0.wp.com\/soclose.mx\/blog\/wp-content\/uploads\/2021\/11\/Copia-de-Principal-So-Close-blog-4-4.png?fit=1240%2C700&ssl=1\",\"contentUrl\":\"https:\/\/i0.wp.com\/soclose.mx\/blog\/wp-content\/uploads\/2021\/11\/Copia-de-Principal-So-Close-blog-4-4.png?fit=1240%2C700&ssl=1\",\"width\":1240,\"height\":700},{\"@type\":\"BreadcrumbList\",\"@id\":\"https:\/\/soclose.mx\/blog\/tag\/juan-rulfo-frases-mujeres\/#breadcrumb\",\"itemListElement\":[{\"@type\":\"ListItem\",\"position\":1,\"name\":\"Inicio\",\"item\":\"https:\/\/soclose.mx\/blog\/\"},{\"@type\":\"ListItem\",\"position\":2,\"name\":\"El Zacat\u00f3n: el cenote m\u00e1s profundo del mundo\"}]},{\"@type\":\"WebSite\",\"@id\":\"https:\/\/soclose.mx\/blog\/#website\",\"url\":\"https:\/\/soclose.mx\/blog\/\",\"name\":\"So Close\",\"description\":\"Hacemos contenidos de M\u00e9xico\",\"publisher\":{\"@id\":\"https:\/\/soclose.mx\/blog\/#organization\"},\"potentialAction\":[{\"@type\":\"SearchAction\",\"target\":{\"@type\":\"EntryPoint\",\"urlTemplate\":\"https:\/\/soclose.mx\/blog\/?s={search_term_string}\"},\"query-input\":{\"@type\":\"PropertyValueSpecification\",\"valueRequired\":true,\"valueName\":\"search_term_string\"}}],\"inLanguage\":\"es\"},{\"@type\":\"Organization\",\"@id\":\"https:\/\/soclose.mx\/blog\/#organization\",\"name\":\"So Close\",\"url\":\"https:\/\/soclose.mx\/blog\/\",\"logo\":{\"@type\":\"ImageObject\",\"inLanguage\":\"es\",\"@id\":\"https:\/\/soclose.mx\/blog\/#\/schema\/logo\/image\/\",\"url\":\"https:\/\/i0.wp.com\/soclose.mx\/blog\/wp-content\/uploads\/2020\/12\/LOGO_SOCLOSE_COLOR-e1608310133507.png?fit=2858%2C1264&ssl=1\",\"contentUrl\":\"https:\/\/i0.wp.com\/soclose.mx\/blog\/wp-content\/uploads\/2020\/12\/LOGO_SOCLOSE_COLOR-e1608310133507.png?fit=2858%2C1264&ssl=1\",\"width\":2858,\"height\":1264,\"caption\":\"So Close\"},\"image\":{\"@id\":\"https:\/\/soclose.mx\/blog\/#\/schema\/logo\/image\/\"}},{\"@type\":\"Person\",\"@id\":\"https:\/\/soclose.mx\/blog\/#\/schema\/person\/cddec6ccd5d7037d286395fb411e23f1\",\"name\":\"Miguel Angel Romero\",\"image\":{\"@type\":\"ImageObject\",\"inLanguage\":\"es\",\"@id\":\"https:\/\/soclose.mx\/blog\/#\/schema\/person\/image\/\",\"url\":\"https:\/\/secure.gravatar.com\/avatar\/45b44006b4f93497bb24d251f77bc39385015bfa120582412df580dbfcbb14f3?s=96&d=mm&r=g\",\"contentUrl\":\"https:\/\/secure.gravatar.com\/avatar\/45b44006b4f93497bb24d251f77bc39385015bfa120582412df580dbfcbb14f3?s=96&d=mm&r=g\",\"caption\":\"Miguel Angel Romero\"},\"sameAs\":[\"http:\/\/\/mikexever.blogspot.com\/\",\"www.facebook.com\/mikexever\/\",\"https:\/\/x.com\/Mikerecomienda\"],\"url\":\"https:\/\/soclose.mx\/blog\/author\/mike\/\"}]}<\/script>\n<!-- \/ Yoast SEO plugin. -->","yoast_head_json":{"title":"El Zacat\u00f3n: el cenote m\u00e1s profundo del mundo - So Close","robots":{"index":"index","follow":"follow","max-snippet":"max-snippet:-1","max-image-preview":"max-image-preview:large","max-video-preview":"max-video-preview:-1"},"canonical":"https:\/\/soclose.mx\/blog\/tag\/juan-rulfo-frases-mujeres\/","og_locale":"es_MX","og_type":"article","og_title":"El Zacat\u00f3n: el cenote m\u00e1s profundo del mundo - So Close","og_description":"Considerado como el cenote con mayor profundidad en el mundo, El Zacat\u00f3n es una maravilla natural que, no, no se encuentra ni en Quintana Roo ni en Yucat\u00e1n. El Zacat\u00f3n es un cenote ubicado en el municipio de Aldama, al sur del estado de Tamaulipas. Fue El Instituto Nacional de Estad\u00edstica y Geograf\u00eda (INEGI) quien la consider\u00f3 como el m\u00e1s profundo de M\u00e9xico. Esta forma parte de un sistema de cinco formaciones naturales interconectadas:\u00a0El Zacat\u00f3n, Poza Verde, Poza Azufrada, La Pilita y El Caracol. La Agencia Espacial Estadounidense (NASA) ha explorado este cenote para comprobar la veracidad de tal informaci\u00f3n,","og_url":"https:\/\/soclose.mx\/blog\/tag\/juan-rulfo-frases-mujeres\/","og_site_name":"So Close","article_author":"www.facebook.com\/mikexever\/","article_published_time":"2021-12-03T14:27:31+00:00","og_image":[{"width":1240,"height":700,"url":"https:\/\/i0.wp.com\/soclose.mx\/blog\/wp-content\/uploads\/2021\/11\/Copia-de-Principal-So-Close-blog-4-4.png?fit=1240%2C700&ssl=1","type":"image\/png"}],"author":"Miguel Angel Romero","twitter_card":"summary_large_image","twitter_creator":"@Mikerecomienda","twitter_misc":{"Escrito por":"Miguel Angel Romero","Tiempo de lectura":"3 minutos"},"schema":{"@context":"https:\/\/schema.org","@graph":[{"@type":"Article","@id":"https:\/\/soclose.mx\/blog\/tag\/juan-rulfo-frases-mujeres\/#article","isPartOf":{"@id":"https:\/\/soclose.mx\/blog\/tag\/juan-rulfo-frases-mujeres\/"},"author":{"name":"Miguel Angel Romero","@id":"https:\/\/soclose.mx\/blog\/#\/schema\/person\/cddec6ccd5d7037d286395fb411e23f1"},"headline":"El Zacat\u00f3n: el cenote m\u00e1s profundo del mundo","datePublished":"2021-12-03T14:27:31+00:00","mainEntityOfPage":{"@id":"https:\/\/soclose.mx\/blog\/tag\/juan-rulfo-frases-mujeres\/"},"wordCount":211,"commentCount":0,"publisher":{"@id":"https:\/\/soclose.mx\/blog\/#organization"},"image":{"@id":"https:\/\/soclose.mx\/blog\/tag\/juan-rulfo-frases-mujeres\/#primaryimage"},"thumbnailUrl":"https:\/\/i0.wp.com\/soclose.mx\/blog\/wp-content\/uploads\/2021\/11\/Copia-de-Principal-So-Close-blog-4-4.png?fit=1240%2C700&ssl=1","keywords":["cenote","Tamaulipas","Zacat\u00f3n"],"articleSection":["Lugares"],"inLanguage":"es","potentialAction":[{"@type":"CommentAction","name":"Comment","target":["https:\/\/soclose.mx\/blog\/tag\/juan-rulfo-frases-mujeres\/#respond"]}]},{"@type":"WebPage","@id":"https:\/\/soclose.mx\/blog\/tag\/juan-rulfo-frases-mujeres\/","url":"https:\/\/soclose.mx\/blog\/tag\/juan-rulfo-frases-mujeres\/","name":"El Zacat\u00f3n: el cenote m\u00e1s profundo del mundo - So Close","isPartOf":{"@id":"https:\/\/soclose.mx\/blog\/#website"},"primaryImageOfPage":{"@id":"https:\/\/soclose.mx\/blog\/tag\/juan-rulfo-frases-mujeres\/#primaryimage"},"image":{"@id":"https:\/\/soclose.mx\/blog\/tag\/juan-rulfo-frases-mujeres\/#primaryimage"},"thumbnailUrl":"https:\/\/i0.wp.com\/soclose.mx\/blog\/wp-content\/uploads\/2021\/11\/Copia-de-Principal-So-Close-blog-4-4.png?fit=1240%2C700&ssl=1","datePublished":"2021-12-03T14:27:31+00:00","breadcrumb":{"@id":"https:\/\/soclose.mx\/blog\/tag\/juan-rulfo-frases-mujeres\/#breadcrumb"},"inLanguage":"es","potentialAction":[{"@type":"ReadAction","target":["https:\/\/soclose.mx\/blog\/tag\/juan-rulfo-frases-mujeres\/"]}]},{"@type":"ImageObject","inLanguage":"es","@id":"https:\/\/soclose.mx\/blog\/tag\/juan-rulfo-frases-mujeres\/#primaryimage","url":"https:\/\/i0.wp.com\/soclose.mx\/blog\/wp-content\/uploads\/2021\/11\/Copia-de-Principal-So-Close-blog-4-4.png?fit=1240%2C700&ssl=1","contentUrl":"https:\/\/i0.wp.com\/soclose.mx\/blog\/wp-content\/uploads\/2021\/11\/Copia-de-Principal-So-Close-blog-4-4.png?fit=1240%2C700&ssl=1","width":1240,"height":700},{"@type":"BreadcrumbList","@id":"https:\/\/soclose.mx\/blog\/tag\/juan-rulfo-frases-mujeres\/#breadcrumb","itemListElement":[{"@type":"ListItem","position":1,"name":"Inicio","item":"https:\/\/soclose.mx\/blog\/"},{"@type":"ListItem","position":2,"name":"El Zacat\u00f3n: el cenote m\u00e1s profundo del mundo"}]},{"@type":"WebSite","@id":"https:\/\/soclose.mx\/blog\/#website","url":"https:\/\/soclose.mx\/blog\/","name":"So Close","description":"Hacemos contenidos de M\u00e9xico","publisher":{"@id":"https:\/\/soclose.mx\/blog\/#organization"},"potentialAction":[{"@type":"SearchAction","target":{"@type":"EntryPoint","urlTemplate":"https:\/\/soclose.mx\/blog\/?s={search_term_string}"},"query-input":{"@type":"PropertyValueSpecification","valueRequired":true,"valueName":"search_term_string"}}],"inLanguage":"es"},{"@type":"Organization","@id":"https:\/\/soclose.mx\/blog\/#organization","name":"So Close","url":"https:\/\/soclose.mx\/blog\/","logo":{"@type":"ImageObject","inLanguage":"es","@id":"https:\/\/soclose.mx\/blog\/#\/schema\/logo\/image\/","url":"https:\/\/i0.wp.com\/soclose.mx\/blog\/wp-content\/uploads\/2020\/12\/LOGO_SOCLOSE_COLOR-e1608310133507.png?fit=2858%2C1264&ssl=1","contentUrl":"https:\/\/i0.wp.com\/soclose.mx\/blog\/wp-content\/uploads\/2020\/12\/LOGO_SOCLOSE_COLOR-e1608310133507.png?fit=2858%2C1264&ssl=1","width":2858,"height":1264,"caption":"So Close"},"image":{"@id":"https:\/\/soclose.mx\/blog\/#\/schema\/logo\/image\/"}},{"@type":"Person","@id":"https:\/\/soclose.mx\/blog\/#\/schema\/person\/cddec6ccd5d7037d286395fb411e23f1","name":"Miguel Angel Romero","image":{"@type":"ImageObject","inLanguage":"es","@id":"https:\/\/soclose.mx\/blog\/#\/schema\/person\/image\/","url":"https:\/\/secure.gravatar.com\/avatar\/45b44006b4f93497bb24d251f77bc39385015bfa120582412df580dbfcbb14f3?s=96&d=mm&r=g","contentUrl":"https:\/\/secure.gravatar.com\/avatar\/45b44006b4f93497bb24d251f77bc39385015bfa120582412df580dbfcbb14f3?s=96&d=mm&r=g","caption":"Miguel Angel Romero"},"sameAs":["http:\/\/\/mikexever.blogspot.com\/","www.facebook.com\/mikexever\/","https:\/\/x.com\/Mikerecomienda"],"url":"https:\/\/soclose.mx\/blog\/author\/mike\/"}]}},"jetpack_featured_media_url":"https:\/\/i0.wp.com\/soclose.mx\/blog\/wp-content\/uploads\/2021\/11\/Copia-de-Principal-So-Close-blog-4-4.png?fit=1240%2C700&ssl=1","jetpack-related-posts":[{"id":10380,"url":"https:\/\/soclose.mx\/blog\/lugares\/el-cenote-mas-profundo-del-mundo-esta-en-mexico-conocelo\/","url_meta":{"origin":7833,"position":0},"title":"El cenote m\u00e1s profundo del mundo est\u00e1 en M\u00e9xico. \u00a1Con\u00f3celo!","author":"Daniel Ram\u00edrez","date":"28 junio, 2022","format":false,"excerpt":"Quiz\u00e1 hemos visitado y sabido de la existencia de infinidad de cenotes en los estados de Yucat\u00e1n y Quintana Roo, \u00bfpero en Tamaulipas, ap\u00e1? Este hermoso estado de la rep\u00fablica mexicana alberga una de las maravillas naturales m\u00e1s impresionantes y enigm\u00e1ticas: la Poza del Zacat\u00f3n. Este impresionante cenote se encuentra\u2026","rel":"","context":"En &quot;Lugares&quot;","block_context":{"text":"Lugares","link":"https:\/\/soclose.mx\/blog\/category\/lugares\/"},"img":{"alt_text":"","src":"https:\/\/i0.wp.com\/soclose.mx\/blog\/wp-content\/uploads\/2022\/06\/WhatsApp-Image-2022-06-28-at-10.05.21-AM.jpeg?fit=802%2C424&ssl=1&resize=350%2C200","width":350,"height":200,"srcset":"https:\/\/i0.wp.com\/soclose.mx\/blog\/wp-content\/uploads\/2022\/06\/WhatsApp-Image-2022-06-28-at-10.05.21-AM.jpeg?fit=802%2C424&ssl=1&resize=350%2C200 1x, https:\/\/i0.wp.com\/soclose.mx\/blog\/wp-content\/uploads\/2022\/06\/WhatsApp-Image-2022-06-28-at-10.05.21-AM.jpeg?fit=802%2C424&ssl=1&resize=525%2C300 1.5x, https:\/\/i0.wp.com\/soclose.mx\/blog\/wp-content\/uploads\/2022\/06\/WhatsApp-Image-2022-06-28-at-10.05.21-AM.jpeg?fit=802%2C424&ssl=1&resize=700%2C400 2x"},"classes":[]},{"id":13864,"url":"https:\/\/soclose.mx\/blog\/a-la-mexicana\/lugares-diferentes-para-celebrar-la-independencia-de-mexico\/","url_meta":{"origin":7833,"position":1},"title":"Lugares diferentes para celebrar la Independencia de M\u00e9xico","author":"So Close","date":"2 agosto, 2024","format":false,"excerpt":"El 15 y 16 de septiembre son fechas de gran importancia en M\u00e9xico, marcando la conmemoraci\u00f3n de la Independencia del pa\u00eds. Si est\u00e1s buscando una manera inusual y emocionante de celebrar la Independencia de M\u00e9xico, explorar lugares poco convencionales puede ofrecerte una experiencia \u00fanica y memorable. Desde escenarios naturales impresionantes\u2026","rel":"","context":"En &quot;A la mexicana&quot;","block_context":{"text":"A la mexicana","link":"https:\/\/soclose.mx\/blog\/category\/a-la-mexicana\/"},"img":{"alt_text":"Cenote Ik Kil en Yucatan","src":"https:\/\/i0.wp.com\/soclose.mx\/blog\/wp-content\/uploads\/2024\/08\/Cenote-Ik-Kil-en-Yucatan.jpg?fit=1000%2C750&ssl=1&resize=350%2C200","width":350,"height":200,"srcset":"https:\/\/i0.wp.com\/soclose.mx\/blog\/wp-content\/uploads\/2024\/08\/Cenote-Ik-Kil-en-Yucatan.jpg?fit=1000%2C750&ssl=1&resize=350%2C200 1x, https:\/\/i0.wp.com\/soclose.mx\/blog\/wp-content\/uploads\/2024\/08\/Cenote-Ik-Kil-en-Yucatan.jpg?fit=1000%2C750&ssl=1&resize=525%2C300 1.5x, https:\/\/i0.wp.com\/soclose.mx\/blog\/wp-content\/uploads\/2024\/08\/Cenote-Ik-Kil-en-Yucatan.jpg?fit=1000%2C750&ssl=1&resize=700%2C400 2x"},"classes":[]},{"id":8396,"url":"https:\/\/soclose.mx\/blog\/ay-goeeee\/8-palabras-que-los-mayas-nos-heredaron\/","url_meta":{"origin":7833,"position":2},"title":"8 Palabras que los mayas nos heredaron","author":"Miguel Angel Romero","date":"19 enero, 2022","format":false,"excerpt":"Los mayas no s\u00f3lo dejaron un legado art\u00edstico, arquitect\u00f3nico, astron\u00f3mica y ecol\u00f3gica, sino tambi\u00e9n un tesoro intangible: las palabras. Es importante aclarar que la lengua maya\u00a0no es solamente una, es toda una familia ling\u00fc\u00edstica compuesta por aproximadamente 30 lenguas diferentes que se han usado y se usan en el territorio\u2026","rel":"","context":"En &quot;\u00a1Ay goeeee!&quot;","block_context":{"text":"\u00a1Ay goeeee!","link":"https:\/\/soclose.mx\/blog\/category\/ay-goeeee\/"},"img":{"alt_text":"","src":"https:\/\/i0.wp.com\/soclose.mx\/blog\/wp-content\/uploads\/2022\/01\/Copia-de-Principal-So-Close-blog-1-3.png?fit=1200%2C677&ssl=1&resize=350%2C200","width":350,"height":200,"srcset":"https:\/\/i0.wp.com\/soclose.mx\/blog\/wp-content\/uploads\/2022\/01\/Copia-de-Principal-So-Close-blog-1-3.png?fit=1200%2C677&ssl=1&resize=350%2C200 1x, https:\/\/i0.wp.com\/soclose.mx\/blog\/wp-content\/uploads\/2022\/01\/Copia-de-Principal-So-Close-blog-1-3.png?fit=1200%2C677&ssl=1&resize=525%2C300 1.5x, https:\/\/i0.wp.com\/soclose.mx\/blog\/wp-content\/uploads\/2022\/01\/Copia-de-Principal-So-Close-blog-1-3.png?fit=1200%2C677&ssl=1&resize=700%2C400 2x, https:\/\/i0.wp.com\/soclose.mx\/blog\/wp-content\/uploads\/2022\/01\/Copia-de-Principal-So-Close-blog-1-3.png?fit=1200%2C677&ssl=1&resize=1050%2C600 3x"},"classes":[]},{"id":10035,"url":"https:\/\/soclose.mx\/blog\/lugares\/resurge-en-merida-ciudad-maya-de-1500-anos-de-antiguedad\/","url_meta":{"origin":7833,"position":3},"title":"Resurge en M\u00e9rida ciudad maya de 1,500 a\u00f1os de antig\u00fcedad","author":"Daniel Ram\u00edrez","date":"31 mayo, 2022","format":false,"excerpt":"Si ya est\u00e1s planeando tus vacaciones de verano, una buena opci\u00f3n podr\u00eda ser M\u00e9rida, Yucat\u00e1n, un lugar que tiene algunas de las playas m\u00e1s bellas del pa\u00eds. Pero hay otro motivo para visitar la pen\u00ednsula, ya que en el municipio de Kanas\u00edn, a solo 10 kil\u00f3metros de la capital de\u2026","rel":"","context":"En &quot;Lugares&quot;","block_context":{"text":"Lugares","link":"https:\/\/soclose.mx\/blog\/category\/lugares\/"},"img":{"alt_text":"","src":"https:\/\/i0.wp.com\/soclose.mx\/blog\/wp-content\/uploads\/2022\/05\/Captura-de-Pantalla-2022-05-31-a-las-17.30.36.png?fit=1089%2C660&ssl=1&resize=350%2C200","width":350,"height":200,"srcset":"https:\/\/i0.wp.com\/soclose.mx\/blog\/wp-content\/uploads\/2022\/05\/Captura-de-Pantalla-2022-05-31-a-las-17.30.36.png?fit=1089%2C660&ssl=1&resize=350%2C200 1x, https:\/\/i0.wp.com\/soclose.mx\/blog\/wp-content\/uploads\/2022\/05\/Captura-de-Pantalla-2022-05-31-a-las-17.30.36.png?fit=1089%2C660&ssl=1&resize=525%2C300 1.5x, https:\/\/i0.wp.com\/soclose.mx\/blog\/wp-content\/uploads\/2022\/05\/Captura-de-Pantalla-2022-05-31-a-las-17.30.36.png?fit=1089%2C660&ssl=1&resize=700%2C400 2x, https:\/\/i0.wp.com\/soclose.mx\/blog\/wp-content\/uploads\/2022\/05\/Captura-de-Pantalla-2022-05-31-a-las-17.30.36.png?fit=1089%2C660&ssl=1&resize=1050%2C600 3x"},"classes":[]},{"id":6745,"url":"https:\/\/soclose.mx\/blog\/ay-goeeee\/famosos-orgullosamente-yucatecos\/","url_meta":{"origin":7833,"position":4},"title":"Famosos y orgullosamente yucatecos","author":"Miguel Angel Romero","date":"3 agosto, 2021","format":false,"excerpt":"Son famosos y tambi\u00e9n son orgullosamente yucatecos, hoy, recordamos algunas de las figuras que han hecho que esta gran regi\u00f3n mexicana se sienta honrada de ellos, en el futbol,\u00a0 en la nataci\u00f3n, y ni se diga en las artes, tanto en la actuaci\u00f3n como en la m\u00fasica. Y es que\u2026","rel":"","context":"En &quot;\u00a1Ay goeeee!&quot;","block_context":{"text":"\u00a1Ay goeeee!","link":"https:\/\/soclose.mx\/blog\/category\/ay-goeeee\/"},"img":{"alt_text":"","src":"https:\/\/i0.wp.com\/soclose.mx\/blog\/wp-content\/uploads\/2021\/08\/armando-manzanero.jpeg?fit=1200%2C798&ssl=1&resize=350%2C200","width":350,"height":200,"srcset":"https:\/\/i0.wp.com\/soclose.mx\/blog\/wp-content\/uploads\/2021\/08\/armando-manzanero.jpeg?fit=1200%2C798&ssl=1&resize=350%2C200 1x, https:\/\/i0.wp.com\/soclose.mx\/blog\/wp-content\/uploads\/2021\/08\/armando-manzanero.jpeg?fit=1200%2C798&ssl=1&resize=525%2C300 1.5x, https:\/\/i0.wp.com\/soclose.mx\/blog\/wp-content\/uploads\/2021\/08\/armando-manzanero.jpeg?fit=1200%2C798&ssl=1&resize=700%2C400 2x, https:\/\/i0.wp.com\/soclose.mx\/blog\/wp-content\/uploads\/2021\/08\/armando-manzanero.jpeg?fit=1200%2C798&ssl=1&resize=1050%2C600 3x"},"classes":[]},{"id":5635,"url":"https:\/\/soclose.mx\/blog\/news-feed\/paises-del-mundo-maya-le-muestran-al-planeta-lo-que-tienen\/","url_meta":{"origin":7833,"position":5},"title":"Pa\u00edses del Mundo Maya le muestran al planeta lo que tienen","author":"So Close","date":"14 enero, 2021","format":false,"excerpt":"Bajo un formato digital, los pa\u00edses que conforman la Organizaci\u00f3n del Mundo Maya expondr\u00e1n su oferta tur\u00edstica al mundo en b\u00fasqueda de oportunidades de negocios. M\u00e9rida, Yucat\u00e1n a 14 de enero de 2021.- Se realiz\u00f3 la primera rueda de negocios virtual, con la expectativa de generar nuevas oportunidades y afianzar\u2026","rel":"","context":"En &quot;News feed&quot;","block_context":{"text":"News feed","link":"https:\/\/soclose.mx\/blog\/category\/news-feed\/"},"img":{"alt_text":"","src":"https:\/\/i0.wp.com\/soclose.mx\/blog\/wp-content\/uploads\/2021\/01\/chichen-itza.jpg?fit=1200%2C790&ssl=1&resize=350%2C200","width":350,"height":200,"srcset":"https:\/\/i0.wp.com\/soclose.mx\/blog\/wp-content\/uploads\/2021\/01\/chichen-itza.jpg?fit=1200%2C790&ssl=1&resize=350%2C200 1x, https:\/\/i0.wp.com\/soclose.mx\/blog\/wp-content\/uploads\/2021\/01\/chichen-itza.jpg?fit=1200%2C790&ssl=1&resize=525%2C300 1.5x, https:\/\/i0.wp.com\/soclose.mx\/blog\/wp-content\/uploads\/2021\/01\/chichen-itza.jpg?fit=1200%2C790&ssl=1&resize=700%2C400 2x, https:\/\/i0.wp.com\/soclose.mx\/blog\/wp-content\/uploads\/2021\/01\/chichen-itza.jpg?fit=1200%2C790&ssl=1&resize=1050%2C600 3x"},"classes":[]}],"jetpack_sharing_enabled":true,"_links":{"self":[{"href":"https:\/\/soclose.mx\/blog\/wp-json\/wp\/v2\/posts\/7833","targetHints":{"allow":["GET"]}}],"collection":[{"href":"https:\/\/soclose.mx\/blog\/wp-json\/wp\/v2\/posts"}],"about":[{"href":"https:\/\/soclose.mx\/blog\/wp-json\/wp\/v2\/types\/post"}],"author":[{"embeddable":true,"href":"https:\/\/soclose.mx\/blog\/wp-json\/wp\/v2\/users\/8"}],"replies":[{"embeddable":true,"href":"https:\/\/soclose.mx\/blog\/wp-json\/wp\/v2\/comments?post=7833"}],"version-history":[{"count":0,"href":"https:\/\/soclose.mx\/blog\/wp-json\/wp\/v2\/posts\/7833\/revisions"}],"wp:featuredmedia":[{"embeddable":true,"href":"https:\/\/soclose.mx\/blog\/wp-json\/wp\/v2\/media\/7834"}],"wp:attachment":[{"href":"https:\/\/soclose.mx\/blog\/wp-json\/wp\/v2\/media?parent=7833"}],"wp:term":[{"taxonomy":"category","embeddable":true,"href":"https:\/\/soclose.mx\/blog\/wp-json\/wp\/v2\/categories?post=7833"},{"taxonomy":"post_tag","embeddable":true,"href":"https:\/\/soclose.mx\/blog\/wp-json\/wp\/v2\/tags?post=7833"}],"curies":[{"name":"wp","href":"https:\/\/api.w.org\/{rel}","templated":true}]}}