{"id":7836,"date":"2021-11-20T11:57:59","date_gmt":"2021-11-20T17:57:59","guid":{"rendered":"https:\/\/soclose.mx\/blog\/?p=7836"},"modified":"2021-11-22T10:55:16","modified_gmt":"2021-11-22T16:55:16","slug":"conoce-el-mural-de-zacatlan-de-las-manzanas","status":"publish","type":"post","link":"https:\/\/soclose.mx\/blog\/ay-goeeee\/conoce-el-mural-de-zacatlan-de-las-manzanas\/","title":{"rendered":"Visita el Mural de Zacatl\u00e1n de las Manzanas"},"content":{"rendered":"<p>A lo largo de una avenida cuya vista da a las\u00a0<strong>Barrancas de los Jilgueros<\/strong>; se encuentra el gran <strong>mural<\/strong> de <strong>Zacatl\u00e1n de las Manzanas<\/strong>.<\/p>\n<p>Esta obra de <a href=\"https:\/\/soclose.mx\/blog\/es_mx\/?s=puebla\" target=\"_blank\" rel=\"noopener\"><strong>Puebla<\/strong><\/a> fue un proyecto comunitario, hecho en conmemoraci\u00f3n de los 300 a\u00f1os del sitio. Con m\u00e1s de 90 metros de largo, este mural rodea al pante\u00f3n municipal, y se divide en tres partes.<\/p>\n<p>La primera de ellas es conocida como <em>La vida eterna<\/em>, que representa diferentes pasajes b\u00edblicos, abarca desde la entrada del pante\u00f3n hasta la torre del reloj que se encuentra en la esquina.<\/p>\n<p>En el otro extremo se encuentran representaciones de Huitzilopochtli, Tonatiuh, Tl\u00e1loc y, principalmente, Quetzalc\u00f3atl.<\/p>\n<p>La parte de la historia del pueblo se encuentra en medio de ambas y es la que da hacia las barrancas. As\u00ed, la luz del sol se refleja en los miles de trozos de vidrio, mosaico y talavera que lo conforman.<\/p>\n<p><img data-recalc-dims=\"1\" fetchpriority=\"high\" decoding=\"async\" class=\"alignnone wp-image-7838 size-full\" src=\"https:\/\/i0.wp.com\/soclose.mx\/blog\/wp-content\/uploads\/2021\/11\/manzana-en-mural.jpg?resize=550%2C413&#038;ssl=1\" alt=\"\" width=\"550\" height=\"413\" srcset=\"https:\/\/i0.wp.com\/soclose.mx\/blog\/wp-content\/uploads\/2021\/11\/manzana-en-mural.jpg?w=550&amp;ssl=1 550w, https:\/\/i0.wp.com\/soclose.mx\/blog\/wp-content\/uploads\/2021\/11\/manzana-en-mural.jpg?resize=300%2C225&amp;ssl=1 300w, https:\/\/i0.wp.com\/soclose.mx\/blog\/wp-content\/uploads\/2021\/11\/manzana-en-mural.jpg?resize=16%2C12&amp;ssl=1 16w\" sizes=\"(max-width: 550px) 100vw, 550px\" \/><\/p>\n<p>La principal impulsora de esta obra fue <strong>Mari Carmen Olvera<\/strong>, nieta de los fundadores de la f\u00e1brica de relojes que lleva su apellido, muy conocida en <strong>Zacatl\u00e1n<\/strong>.<\/p>\n<p>La obra qued\u00f3 a cargo de la artista pl\u00e1stica\u00a0<strong>Trish Meshner-Lynch<\/strong>, y otros trece artistas que colaboraron en su realizaci\u00f3n.<\/p>\n<p>Cabe mencionar que aunque la placa asegura que fue inaugurado el 9 de mayo del 2015; en realidad esto se hizo por etapas. La primera sucedi\u00f3 el 10 de enero del 2015, la segunda en la fecha establecida por la placa; y la tercera, el 8 de octubre del 2016. El trabajo inici\u00f3 a finales del 2014; para conmemorar los 300 a\u00f1os de la fundaci\u00f3n de <strong>Zacatl\u00e1n<\/strong>, en 1714.<\/p>\n","protected":false},"excerpt":{"rendered":"<p>A lo largo de una avenida cuya vista da a las\u00a0Barrancas de los Jilgueros; se encuentra el gran mural de Zacatl\u00e1n de las Manzanas. Esta obra de Puebla fue un proyecto comunitario, hecho en conmemoraci\u00f3n de los 300 a\u00f1os del sitio. Con m\u00e1s de 90 metros de largo, este mural rodea al pante\u00f3n municipal, y se divide en tres partes. La primera de ellas es conocida como La vida eterna, que representa diferentes pasajes b\u00edblicos, abarca desde la entrada del pante\u00f3n hasta la torre del reloj que se encuentra en la esquina. En el otro extremo se encuentran representaciones de<\/p>\n","protected":false},"author":8,"featured_media":7837,"comment_status":"open","ping_status":"open","sticky":false,"template":"","format":"standard","meta":{"_jetpack_memberships_contains_paid_content":false,"footnotes":""},"categories":[1,3],"tags":[1314,312,685],"class_list":["post-7836","post","type-post","status-publish","format-standard","has-post-thumbnail","hentry","category-ay-goeeee","category-lugares","tag-mural","tag-puebla","tag-zacatlan-de-las-manzanas"],"yoast_head":"<!-- This site is optimized with the Yoast SEO plugin v26.7 - https:\/\/yoast.com\/wordpress\/plugins\/seo\/ -->\n<title>Visita el Mural de Zacatl\u00e1n de las Manzanas - So Close<\/title>\n<meta name=\"robots\" content=\"index, follow, max-snippet:-1, max-image-preview:large, max-video-preview:-1\" \/>\n<link rel=\"canonical\" href=\"https:\/\/soclose.mx\/blog\/tag\/juan-rulfo-frases-mujeres\/\" \/>\n<meta property=\"og:locale\" content=\"es_MX\" \/>\n<meta property=\"og:type\" content=\"article\" \/>\n<meta property=\"og:title\" content=\"Visita el Mural de Zacatl\u00e1n de las Manzanas - So Close\" \/>\n<meta property=\"og:description\" content=\"A lo largo de una avenida cuya vista da a las\u00a0Barrancas de los Jilgueros; se encuentra el gran mural de Zacatl\u00e1n de las Manzanas. Esta obra de Puebla fue un proyecto comunitario, hecho en conmemoraci\u00f3n de los 300 a\u00f1os del sitio. Con m\u00e1s de 90 metros de largo, este mural rodea al pante\u00f3n municipal, y se divide en tres partes. La primera de ellas es conocida como La vida eterna, que representa diferentes pasajes b\u00edblicos, abarca desde la entrada del pante\u00f3n hasta la torre del reloj que se encuentra en la esquina. En el otro extremo se encuentran representaciones de\" \/>\n<meta property=\"og:url\" content=\"https:\/\/soclose.mx\/blog\/tag\/juan-rulfo-frases-mujeres\/\" \/>\n<meta property=\"og:site_name\" content=\"So Close\" \/>\n<meta property=\"article:author\" content=\"www.facebook.com\/mikexever\/\" \/>\n<meta property=\"article:published_time\" content=\"2021-11-20T17:57:59+00:00\" \/>\n<meta property=\"article:modified_time\" content=\"2021-11-22T16:55:16+00:00\" \/>\n<meta property=\"og:image\" content=\"https:\/\/i0.wp.com\/soclose.mx\/blog\/wp-content\/uploads\/2021\/11\/Copia-de-Principal-So-Close-blog-5-3.png?fit=1240%2C700&ssl=1\" \/>\n\t<meta property=\"og:image:width\" content=\"1240\" \/>\n\t<meta property=\"og:image:height\" content=\"700\" \/>\n\t<meta property=\"og:image:type\" content=\"image\/png\" \/>\n<meta name=\"author\" content=\"Miguel Angel Romero\" \/>\n<meta name=\"twitter:card\" content=\"summary_large_image\" \/>\n<meta name=\"twitter:creator\" content=\"@Mikerecomienda\" \/>\n<meta name=\"twitter:label1\" content=\"Escrito por\" \/>\n\t<meta name=\"twitter:data1\" content=\"Miguel Angel Romero\" \/>\n\t<meta name=\"twitter:label2\" content=\"Tiempo de lectura\" \/>\n\t<meta name=\"twitter:data2\" content=\"2 minutos\" \/>\n<script type=\"application\/ld+json\" class=\"yoast-schema-graph\">{\"@context\":\"https:\/\/schema.org\",\"@graph\":[{\"@type\":\"Article\",\"@id\":\"https:\/\/soclose.mx\/blog\/tag\/juan-rulfo-frases-mujeres\/#article\",\"isPartOf\":{\"@id\":\"https:\/\/soclose.mx\/blog\/tag\/juan-rulfo-frases-mujeres\/\"},\"author\":{\"name\":\"Miguel Angel Romero\",\"@id\":\"https:\/\/soclose.mx\/blog\/#\/schema\/person\/cddec6ccd5d7037d286395fb411e23f1\"},\"headline\":\"Visita el Mural de Zacatl\u00e1n de las Manzanas\",\"datePublished\":\"2021-11-20T17:57:59+00:00\",\"dateModified\":\"2021-11-22T16:55:16+00:00\",\"mainEntityOfPage\":{\"@id\":\"https:\/\/soclose.mx\/blog\/tag\/juan-rulfo-frases-mujeres\/\"},\"wordCount\":278,\"commentCount\":0,\"publisher\":{\"@id\":\"https:\/\/soclose.mx\/blog\/#organization\"},\"image\":{\"@id\":\"https:\/\/soclose.mx\/blog\/tag\/juan-rulfo-frases-mujeres\/#primaryimage\"},\"thumbnailUrl\":\"https:\/\/i0.wp.com\/soclose.mx\/blog\/wp-content\/uploads\/2021\/11\/Copia-de-Principal-So-Close-blog-5-3.png?fit=1240%2C700&ssl=1\",\"keywords\":[\"mural\",\"puebla\",\"Zacatl\u00e1n de las Manzanas\"],\"articleSection\":[\"\u00a1Ay goeeee!\",\"Lugares\"],\"inLanguage\":\"es\",\"potentialAction\":[{\"@type\":\"CommentAction\",\"name\":\"Comment\",\"target\":[\"https:\/\/soclose.mx\/blog\/tag\/juan-rulfo-frases-mujeres\/#respond\"]}]},{\"@type\":\"WebPage\",\"@id\":\"https:\/\/soclose.mx\/blog\/tag\/juan-rulfo-frases-mujeres\/\",\"url\":\"https:\/\/soclose.mx\/blog\/tag\/juan-rulfo-frases-mujeres\/\",\"name\":\"Visita el Mural de Zacatl\u00e1n de las Manzanas - So Close\",\"isPartOf\":{\"@id\":\"https:\/\/soclose.mx\/blog\/#website\"},\"primaryImageOfPage\":{\"@id\":\"https:\/\/soclose.mx\/blog\/tag\/juan-rulfo-frases-mujeres\/#primaryimage\"},\"image\":{\"@id\":\"https:\/\/soclose.mx\/blog\/tag\/juan-rulfo-frases-mujeres\/#primaryimage\"},\"thumbnailUrl\":\"https:\/\/i0.wp.com\/soclose.mx\/blog\/wp-content\/uploads\/2021\/11\/Copia-de-Principal-So-Close-blog-5-3.png?fit=1240%2C700&ssl=1\",\"datePublished\":\"2021-11-20T17:57:59+00:00\",\"dateModified\":\"2021-11-22T16:55:16+00:00\",\"breadcrumb\":{\"@id\":\"https:\/\/soclose.mx\/blog\/tag\/juan-rulfo-frases-mujeres\/#breadcrumb\"},\"inLanguage\":\"es\",\"potentialAction\":[{\"@type\":\"ReadAction\",\"target\":[\"https:\/\/soclose.mx\/blog\/tag\/juan-rulfo-frases-mujeres\/\"]}]},{\"@type\":\"ImageObject\",\"inLanguage\":\"es\",\"@id\":\"https:\/\/soclose.mx\/blog\/tag\/juan-rulfo-frases-mujeres\/#primaryimage\",\"url\":\"https:\/\/i0.wp.com\/soclose.mx\/blog\/wp-content\/uploads\/2021\/11\/Copia-de-Principal-So-Close-blog-5-3.png?fit=1240%2C700&ssl=1\",\"contentUrl\":\"https:\/\/i0.wp.com\/soclose.mx\/blog\/wp-content\/uploads\/2021\/11\/Copia-de-Principal-So-Close-blog-5-3.png?fit=1240%2C700&ssl=1\",\"width\":1240,\"height\":700},{\"@type\":\"BreadcrumbList\",\"@id\":\"https:\/\/soclose.mx\/blog\/tag\/juan-rulfo-frases-mujeres\/#breadcrumb\",\"itemListElement\":[{\"@type\":\"ListItem\",\"position\":1,\"name\":\"Inicio\",\"item\":\"https:\/\/soclose.mx\/blog\/\"},{\"@type\":\"ListItem\",\"position\":2,\"name\":\"Visita el Mural de Zacatl\u00e1n de las Manzanas\"}]},{\"@type\":\"WebSite\",\"@id\":\"https:\/\/soclose.mx\/blog\/#website\",\"url\":\"https:\/\/soclose.mx\/blog\/\",\"name\":\"So Close\",\"description\":\"Hacemos contenidos de M\u00e9xico\",\"publisher\":{\"@id\":\"https:\/\/soclose.mx\/blog\/#organization\"},\"potentialAction\":[{\"@type\":\"SearchAction\",\"target\":{\"@type\":\"EntryPoint\",\"urlTemplate\":\"https:\/\/soclose.mx\/blog\/?s={search_term_string}\"},\"query-input\":{\"@type\":\"PropertyValueSpecification\",\"valueRequired\":true,\"valueName\":\"search_term_string\"}}],\"inLanguage\":\"es\"},{\"@type\":\"Organization\",\"@id\":\"https:\/\/soclose.mx\/blog\/#organization\",\"name\":\"So Close\",\"url\":\"https:\/\/soclose.mx\/blog\/\",\"logo\":{\"@type\":\"ImageObject\",\"inLanguage\":\"es\",\"@id\":\"https:\/\/soclose.mx\/blog\/#\/schema\/logo\/image\/\",\"url\":\"https:\/\/i0.wp.com\/soclose.mx\/blog\/wp-content\/uploads\/2020\/12\/LOGO_SOCLOSE_COLOR-e1608310133507.png?fit=2858%2C1264&ssl=1\",\"contentUrl\":\"https:\/\/i0.wp.com\/soclose.mx\/blog\/wp-content\/uploads\/2020\/12\/LOGO_SOCLOSE_COLOR-e1608310133507.png?fit=2858%2C1264&ssl=1\",\"width\":2858,\"height\":1264,\"caption\":\"So Close\"},\"image\":{\"@id\":\"https:\/\/soclose.mx\/blog\/#\/schema\/logo\/image\/\"}},{\"@type\":\"Person\",\"@id\":\"https:\/\/soclose.mx\/blog\/#\/schema\/person\/cddec6ccd5d7037d286395fb411e23f1\",\"name\":\"Miguel Angel Romero\",\"image\":{\"@type\":\"ImageObject\",\"inLanguage\":\"es\",\"@id\":\"https:\/\/soclose.mx\/blog\/#\/schema\/person\/image\/\",\"url\":\"https:\/\/secure.gravatar.com\/avatar\/45b44006b4f93497bb24d251f77bc39385015bfa120582412df580dbfcbb14f3?s=96&d=mm&r=g\",\"contentUrl\":\"https:\/\/secure.gravatar.com\/avatar\/45b44006b4f93497bb24d251f77bc39385015bfa120582412df580dbfcbb14f3?s=96&d=mm&r=g\",\"caption\":\"Miguel Angel Romero\"},\"sameAs\":[\"http:\/\/\/mikexever.blogspot.com\/\",\"www.facebook.com\/mikexever\/\",\"https:\/\/x.com\/Mikerecomienda\"],\"url\":\"https:\/\/soclose.mx\/blog\/author\/mike\/\"}]}<\/script>\n<!-- \/ Yoast SEO plugin. -->","yoast_head_json":{"title":"Visita el Mural de Zacatl\u00e1n de las Manzanas - So Close","robots":{"index":"index","follow":"follow","max-snippet":"max-snippet:-1","max-image-preview":"max-image-preview:large","max-video-preview":"max-video-preview:-1"},"canonical":"https:\/\/soclose.mx\/blog\/tag\/juan-rulfo-frases-mujeres\/","og_locale":"es_MX","og_type":"article","og_title":"Visita el Mural de Zacatl\u00e1n de las Manzanas - So Close","og_description":"A lo largo de una avenida cuya vista da a las\u00a0Barrancas de los Jilgueros; se encuentra el gran mural de Zacatl\u00e1n de las Manzanas. Esta obra de Puebla fue un proyecto comunitario, hecho en conmemoraci\u00f3n de los 300 a\u00f1os del sitio. Con m\u00e1s de 90 metros de largo, este mural rodea al pante\u00f3n municipal, y se divide en tres partes. La primera de ellas es conocida como La vida eterna, que representa diferentes pasajes b\u00edblicos, abarca desde la entrada del pante\u00f3n hasta la torre del reloj que se encuentra en la esquina. En el otro extremo se encuentran representaciones de","og_url":"https:\/\/soclose.mx\/blog\/tag\/juan-rulfo-frases-mujeres\/","og_site_name":"So Close","article_author":"www.facebook.com\/mikexever\/","article_published_time":"2021-11-20T17:57:59+00:00","article_modified_time":"2021-11-22T16:55:16+00:00","og_image":[{"width":1240,"height":700,"url":"https:\/\/i0.wp.com\/soclose.mx\/blog\/wp-content\/uploads\/2021\/11\/Copia-de-Principal-So-Close-blog-5-3.png?fit=1240%2C700&ssl=1","type":"image\/png"}],"author":"Miguel Angel Romero","twitter_card":"summary_large_image","twitter_creator":"@Mikerecomienda","twitter_misc":{"Escrito por":"Miguel Angel Romero","Tiempo de lectura":"2 minutos"},"schema":{"@context":"https:\/\/schema.org","@graph":[{"@type":"Article","@id":"https:\/\/soclose.mx\/blog\/tag\/juan-rulfo-frases-mujeres\/#article","isPartOf":{"@id":"https:\/\/soclose.mx\/blog\/tag\/juan-rulfo-frases-mujeres\/"},"author":{"name":"Miguel Angel Romero","@id":"https:\/\/soclose.mx\/blog\/#\/schema\/person\/cddec6ccd5d7037d286395fb411e23f1"},"headline":"Visita el Mural de Zacatl\u00e1n de las Manzanas","datePublished":"2021-11-20T17:57:59+00:00","dateModified":"2021-11-22T16:55:16+00:00","mainEntityOfPage":{"@id":"https:\/\/soclose.mx\/blog\/tag\/juan-rulfo-frases-mujeres\/"},"wordCount":278,"commentCount":0,"publisher":{"@id":"https:\/\/soclose.mx\/blog\/#organization"},"image":{"@id":"https:\/\/soclose.mx\/blog\/tag\/juan-rulfo-frases-mujeres\/#primaryimage"},"thumbnailUrl":"https:\/\/i0.wp.com\/soclose.mx\/blog\/wp-content\/uploads\/2021\/11\/Copia-de-Principal-So-Close-blog-5-3.png?fit=1240%2C700&ssl=1","keywords":["mural","puebla","Zacatl\u00e1n de las Manzanas"],"articleSection":["\u00a1Ay goeeee!","Lugares"],"inLanguage":"es","potentialAction":[{"@type":"CommentAction","name":"Comment","target":["https:\/\/soclose.mx\/blog\/tag\/juan-rulfo-frases-mujeres\/#respond"]}]},{"@type":"WebPage","@id":"https:\/\/soclose.mx\/blog\/tag\/juan-rulfo-frases-mujeres\/","url":"https:\/\/soclose.mx\/blog\/tag\/juan-rulfo-frases-mujeres\/","name":"Visita el Mural de Zacatl\u00e1n de las Manzanas - So Close","isPartOf":{"@id":"https:\/\/soclose.mx\/blog\/#website"},"primaryImageOfPage":{"@id":"https:\/\/soclose.mx\/blog\/tag\/juan-rulfo-frases-mujeres\/#primaryimage"},"image":{"@id":"https:\/\/soclose.mx\/blog\/tag\/juan-rulfo-frases-mujeres\/#primaryimage"},"thumbnailUrl":"https:\/\/i0.wp.com\/soclose.mx\/blog\/wp-content\/uploads\/2021\/11\/Copia-de-Principal-So-Close-blog-5-3.png?fit=1240%2C700&ssl=1","datePublished":"2021-11-20T17:57:59+00:00","dateModified":"2021-11-22T16:55:16+00:00","breadcrumb":{"@id":"https:\/\/soclose.mx\/blog\/tag\/juan-rulfo-frases-mujeres\/#breadcrumb"},"inLanguage":"es","potentialAction":[{"@type":"ReadAction","target":["https:\/\/soclose.mx\/blog\/tag\/juan-rulfo-frases-mujeres\/"]}]},{"@type":"ImageObject","inLanguage":"es","@id":"https:\/\/soclose.mx\/blog\/tag\/juan-rulfo-frases-mujeres\/#primaryimage","url":"https:\/\/i0.wp.com\/soclose.mx\/blog\/wp-content\/uploads\/2021\/11\/Copia-de-Principal-So-Close-blog-5-3.png?fit=1240%2C700&ssl=1","contentUrl":"https:\/\/i0.wp.com\/soclose.mx\/blog\/wp-content\/uploads\/2021\/11\/Copia-de-Principal-So-Close-blog-5-3.png?fit=1240%2C700&ssl=1","width":1240,"height":700},{"@type":"BreadcrumbList","@id":"https:\/\/soclose.mx\/blog\/tag\/juan-rulfo-frases-mujeres\/#breadcrumb","itemListElement":[{"@type":"ListItem","position":1,"name":"Inicio","item":"https:\/\/soclose.mx\/blog\/"},{"@type":"ListItem","position":2,"name":"Visita el Mural de Zacatl\u00e1n de las Manzanas"}]},{"@type":"WebSite","@id":"https:\/\/soclose.mx\/blog\/#website","url":"https:\/\/soclose.mx\/blog\/","name":"So Close","description":"Hacemos contenidos de M\u00e9xico","publisher":{"@id":"https:\/\/soclose.mx\/blog\/#organization"},"potentialAction":[{"@type":"SearchAction","target":{"@type":"EntryPoint","urlTemplate":"https:\/\/soclose.mx\/blog\/?s={search_term_string}"},"query-input":{"@type":"PropertyValueSpecification","valueRequired":true,"valueName":"search_term_string"}}],"inLanguage":"es"},{"@type":"Organization","@id":"https:\/\/soclose.mx\/blog\/#organization","name":"So Close","url":"https:\/\/soclose.mx\/blog\/","logo":{"@type":"ImageObject","inLanguage":"es","@id":"https:\/\/soclose.mx\/blog\/#\/schema\/logo\/image\/","url":"https:\/\/i0.wp.com\/soclose.mx\/blog\/wp-content\/uploads\/2020\/12\/LOGO_SOCLOSE_COLOR-e1608310133507.png?fit=2858%2C1264&ssl=1","contentUrl":"https:\/\/i0.wp.com\/soclose.mx\/blog\/wp-content\/uploads\/2020\/12\/LOGO_SOCLOSE_COLOR-e1608310133507.png?fit=2858%2C1264&ssl=1","width":2858,"height":1264,"caption":"So Close"},"image":{"@id":"https:\/\/soclose.mx\/blog\/#\/schema\/logo\/image\/"}},{"@type":"Person","@id":"https:\/\/soclose.mx\/blog\/#\/schema\/person\/cddec6ccd5d7037d286395fb411e23f1","name":"Miguel Angel Romero","image":{"@type":"ImageObject","inLanguage":"es","@id":"https:\/\/soclose.mx\/blog\/#\/schema\/person\/image\/","url":"https:\/\/secure.gravatar.com\/avatar\/45b44006b4f93497bb24d251f77bc39385015bfa120582412df580dbfcbb14f3?s=96&d=mm&r=g","contentUrl":"https:\/\/secure.gravatar.com\/avatar\/45b44006b4f93497bb24d251f77bc39385015bfa120582412df580dbfcbb14f3?s=96&d=mm&r=g","caption":"Miguel Angel Romero"},"sameAs":["http:\/\/\/mikexever.blogspot.com\/","www.facebook.com\/mikexever\/","https:\/\/x.com\/Mikerecomienda"],"url":"https:\/\/soclose.mx\/blog\/author\/mike\/"}]}},"jetpack_featured_media_url":"https:\/\/i0.wp.com\/soclose.mx\/blog\/wp-content\/uploads\/2021\/11\/Copia-de-Principal-So-Close-blog-5-3.png?fit=1240%2C700&ssl=1","jetpack-related-posts":[{"id":9674,"url":"https:\/\/soclose.mx\/blog\/lugares\/ya-conoces-el-puente-de-cristal-de-zacatlan-de-las-manzanas\/","url_meta":{"origin":7836,"position":0},"title":"\u00bfYa conoces el puente de cristal de Zacatl\u00e1n de las Manzanas?","author":"Miguel Angel Romero","date":"26 abril, 2022","format":false,"excerpt":"El Puente Cristal Mirador de la Barranca, una de las principales atracciones de uno de los Pueblos M\u00e1gicos m\u00e1s queridos: Zacatl\u00e1n de las Manzanas, Puebla. Tiene forma de 'u' con piso transparente y est\u00e1 suspendido, a 400 metros de altura sobre la\u00a0Barranca de los Jilgueros,\u00a0que forma parte de la Sierra\u2026","rel":"","context":"En &quot;Lugares&quot;","block_context":{"text":"Lugares","link":"https:\/\/soclose.mx\/blog\/category\/lugares\/"},"img":{"alt_text":"","src":"https:\/\/i0.wp.com\/soclose.mx\/blog\/wp-content\/uploads\/2022\/04\/Copia-de-Principal-So-Close-blog-12.png?fit=1200%2C677&ssl=1&resize=350%2C200","width":350,"height":200,"srcset":"https:\/\/i0.wp.com\/soclose.mx\/blog\/wp-content\/uploads\/2022\/04\/Copia-de-Principal-So-Close-blog-12.png?fit=1200%2C677&ssl=1&resize=350%2C200 1x, https:\/\/i0.wp.com\/soclose.mx\/blog\/wp-content\/uploads\/2022\/04\/Copia-de-Principal-So-Close-blog-12.png?fit=1200%2C677&ssl=1&resize=525%2C300 1.5x, https:\/\/i0.wp.com\/soclose.mx\/blog\/wp-content\/uploads\/2022\/04\/Copia-de-Principal-So-Close-blog-12.png?fit=1200%2C677&ssl=1&resize=700%2C400 2x, https:\/\/i0.wp.com\/soclose.mx\/blog\/wp-content\/uploads\/2022\/04\/Copia-de-Principal-So-Close-blog-12.png?fit=1200%2C677&ssl=1&resize=1050%2C600 3x"},"classes":[]},{"id":5749,"url":"https:\/\/soclose.mx\/blog\/lugares\/puebla-y-sus-10-pueblos-magicos-uno-de-los-estados-mas-visitados-de-mexico\/","url_meta":{"origin":7836,"position":1},"title":"Puebla y sus 10 pueblos m\u00e1gicos, uno de los estados m\u00e1s visitados de M\u00e9xico","author":"So Close","date":"12 febrero, 2021","format":false,"excerpt":"Como primer punto est\u00e1 el pueblo de Tetela de Ocampo, su infinita belleza, lo convirti\u00f3 en el nuevo Pueblo M\u00e1gico de Puebla. Su nombre deriva del n\u00e1huatl, que puede traducirse como abundancia de cerros, el Zoyayo y Zotolo. Cabe recordar que antes de ser \u201cde Ocampo\u201d, era Tetela de Oro;\u2026","rel":"","context":"En &quot;Lugares&quot;","block_context":{"text":"Lugares","link":"https:\/\/soclose.mx\/blog\/category\/lugares\/"},"img":{"alt_text":"","src":"https:\/\/i0.wp.com\/soclose.mx\/blog\/wp-content\/uploads\/2021\/02\/puebla-centro-historico.jpg?fit=1200%2C677&ssl=1&resize=350%2C200","width":350,"height":200,"srcset":"https:\/\/i0.wp.com\/soclose.mx\/blog\/wp-content\/uploads\/2021\/02\/puebla-centro-historico.jpg?fit=1200%2C677&ssl=1&resize=350%2C200 1x, https:\/\/i0.wp.com\/soclose.mx\/blog\/wp-content\/uploads\/2021\/02\/puebla-centro-historico.jpg?fit=1200%2C677&ssl=1&resize=525%2C300 1.5x, https:\/\/i0.wp.com\/soclose.mx\/blog\/wp-content\/uploads\/2021\/02\/puebla-centro-historico.jpg?fit=1200%2C677&ssl=1&resize=700%2C400 2x, https:\/\/i0.wp.com\/soclose.mx\/blog\/wp-content\/uploads\/2021\/02\/puebla-centro-historico.jpg?fit=1200%2C677&ssl=1&resize=1050%2C600 3x"},"classes":[]},{"id":8512,"url":"https:\/\/soclose.mx\/blog\/news-feed\/mural-de-pintor-tamaulipeco-aparecera-en-billete-de-loteria-nacional\/","url_meta":{"origin":7836,"position":2},"title":"Mural de pintor tamaulipeco aparece en billete de Loter\u00eda Nacional","author":"Miguel Angel Romero","date":"29 enero, 2022","format":false,"excerpt":"El mural del pintor de Tamaulipas, Artemio Guerra, aparecer\u00e1 en un billete del sorteo de la Loter\u00eda Nacional. La obra de uno de los pintores y muralistas m\u00e1s destacados de Tamaulipas, \u201cPrometeo\u201d, se encuentra desde 2011 en el Tecnol\u00f3gico de Reynosa. Artemio Garza Guerra nacido en Reynosa el 5 de\u2026","rel":"","context":"En &quot;News feed&quot;","block_context":{"text":"News feed","link":"https:\/\/soclose.mx\/blog\/category\/news-feed\/"},"img":{"alt_text":"","src":"https:\/\/i0.wp.com\/soclose.mx\/blog\/wp-content\/uploads\/2022\/01\/Copia-de-Principal-So-Close-blog-3-5.png?fit=1200%2C677&ssl=1&resize=350%2C200","width":350,"height":200,"srcset":"https:\/\/i0.wp.com\/soclose.mx\/blog\/wp-content\/uploads\/2022\/01\/Copia-de-Principal-So-Close-blog-3-5.png?fit=1200%2C677&ssl=1&resize=350%2C200 1x, https:\/\/i0.wp.com\/soclose.mx\/blog\/wp-content\/uploads\/2022\/01\/Copia-de-Principal-So-Close-blog-3-5.png?fit=1200%2C677&ssl=1&resize=525%2C300 1.5x, https:\/\/i0.wp.com\/soclose.mx\/blog\/wp-content\/uploads\/2022\/01\/Copia-de-Principal-So-Close-blog-3-5.png?fit=1200%2C677&ssl=1&resize=700%2C400 2x, https:\/\/i0.wp.com\/soclose.mx\/blog\/wp-content\/uploads\/2022\/01\/Copia-de-Principal-So-Close-blog-3-5.png?fit=1200%2C677&ssl=1&resize=1050%2C600 3x"},"classes":[]},{"id":8583,"url":"https:\/\/soclose.mx\/blog\/lugares\/la-gran-historia-de-el-cosmovitral-jardin-botanico\/","url_meta":{"origin":7836,"position":3},"title":"La gran historia de El Cosmovitral \u2013 Jard\u00edn Bot\u00e1nico","author":"Miguel Angel Romero","date":"9 febrero, 2022","format":false,"excerpt":"El cosmovitral es el s\u00edmbolo del Estado de M\u00e9xico y est\u00e1 hecho en vidrio, una obra de arte compuesta de murales con este material y fruto de los sue\u00f1os del artista mexiquense Leopoldo Flores. Ubicado en\u00a0Toluca, el cosmovitral se aloja en el antiguo edificio de la plaza Garibay de estilo\u2026","rel":"","context":"En &quot;Lugares&quot;","block_context":{"text":"Lugares","link":"https:\/\/soclose.mx\/blog\/category\/lugares\/"},"img":{"alt_text":"","src":"https:\/\/i0.wp.com\/soclose.mx\/blog\/wp-content\/uploads\/2022\/01\/Copia-de-Principal-So-Close-blog-5-4.png?fit=1200%2C677&ssl=1&resize=350%2C200","width":350,"height":200,"srcset":"https:\/\/i0.wp.com\/soclose.mx\/blog\/wp-content\/uploads\/2022\/01\/Copia-de-Principal-So-Close-blog-5-4.png?fit=1200%2C677&ssl=1&resize=350%2C200 1x, https:\/\/i0.wp.com\/soclose.mx\/blog\/wp-content\/uploads\/2022\/01\/Copia-de-Principal-So-Close-blog-5-4.png?fit=1200%2C677&ssl=1&resize=525%2C300 1.5x, https:\/\/i0.wp.com\/soclose.mx\/blog\/wp-content\/uploads\/2022\/01\/Copia-de-Principal-So-Close-blog-5-4.png?fit=1200%2C677&ssl=1&resize=700%2C400 2x, https:\/\/i0.wp.com\/soclose.mx\/blog\/wp-content\/uploads\/2022\/01\/Copia-de-Principal-So-Close-blog-5-4.png?fit=1200%2C677&ssl=1&resize=1050%2C600 3x"},"classes":[]},{"id":11214,"url":"https:\/\/soclose.mx\/blog\/lugares\/iztapalapa-mural-cdmx-artistas\/","url_meta":{"origin":7836,"position":4},"title":"Iztapalapa Mural; los muros que iluminan el oriente de la CDMX","author":"Mar\u00eda Ju\u00e1rez","date":"20 febrero, 2023","format":false,"excerpt":"\u00bfVives en la Ciudad de M\u00e9xico (CDMX) y no conoces Iztapalapa? Si no has escuchado hablar del proyecto Iztapalapa Mural, aqu\u00ed te vamos a decir de qu\u00e9 hablan y qui\u00e9n los pint\u00f3; son cientos de bardas y azoteas que dan otra vista a esa zona de la capital. Lo m\u00e1s\u2026","rel":"","context":"En &quot;Lugares&quot;","block_context":{"text":"Lugares","link":"https:\/\/soclose.mx\/blog\/category\/lugares\/"},"img":{"alt_text":"Iztapalapa Mural quien pint\u00f3 portada","src":"https:\/\/i0.wp.com\/soclose.mx\/blog\/wp-content\/uploads\/2023\/02\/Iztapalapa-Mural-quien-pinto.jpg?fit=1200%2C761&ssl=1&resize=350%2C200","width":350,"height":200,"srcset":"https:\/\/i0.wp.com\/soclose.mx\/blog\/wp-content\/uploads\/2023\/02\/Iztapalapa-Mural-quien-pinto.jpg?fit=1200%2C761&ssl=1&resize=350%2C200 1x, https:\/\/i0.wp.com\/soclose.mx\/blog\/wp-content\/uploads\/2023\/02\/Iztapalapa-Mural-quien-pinto.jpg?fit=1200%2C761&ssl=1&resize=525%2C300 1.5x, https:\/\/i0.wp.com\/soclose.mx\/blog\/wp-content\/uploads\/2023\/02\/Iztapalapa-Mural-quien-pinto.jpg?fit=1200%2C761&ssl=1&resize=700%2C400 2x, https:\/\/i0.wp.com\/soclose.mx\/blog\/wp-content\/uploads\/2023\/02\/Iztapalapa-Mural-quien-pinto.jpg?fit=1200%2C761&ssl=1&resize=1050%2C600 3x"},"classes":[]},{"id":10949,"url":"https:\/\/soclose.mx\/blog\/para-todos\/a-un-siglo-del-nacimiento-del-muralismo-mexicano-la-exposicion-digital-sobre-este-movimiento\/","url_meta":{"origin":7836,"position":5},"title":"&#8220;A un siglo del nacimiento del muralismo mexicano&#8221;, la exposici\u00f3n digital sobre este movimiento","author":"Daniel Ram\u00edrez","date":"17 agosto, 2022","format":false,"excerpt":"Jos\u00e9 Clemente Orozco, Diego Rivera y David Alfaro Siqueiros, consolidaron el muralismo mexicano, uno de los movimientos art\u00edsticos m\u00e1s importantes en la historia de nuestro pa\u00eds. Se caracteriz\u00f3 por plasmar la identidad nacional en los espacios p\u00fablicos a trav\u00e9s de las pinturas de los idealistas de la \u00e9poca, para ponerlos\u2026","rel":"","context":"En &quot;Para todos&quot;","block_context":{"text":"Para todos","link":"https:\/\/soclose.mx\/blog\/category\/para-todos\/"},"img":{"alt_text":"","src":"https:\/\/i0.wp.com\/soclose.mx\/blog\/wp-content\/uploads\/2022\/08\/muralismo-1.jpg?fit=1200%2C591&ssl=1&resize=350%2C200","width":350,"height":200,"srcset":"https:\/\/i0.wp.com\/soclose.mx\/blog\/wp-content\/uploads\/2022\/08\/muralismo-1.jpg?fit=1200%2C591&ssl=1&resize=350%2C200 1x, https:\/\/i0.wp.com\/soclose.mx\/blog\/wp-content\/uploads\/2022\/08\/muralismo-1.jpg?fit=1200%2C591&ssl=1&resize=525%2C300 1.5x, https:\/\/i0.wp.com\/soclose.mx\/blog\/wp-content\/uploads\/2022\/08\/muralismo-1.jpg?fit=1200%2C591&ssl=1&resize=700%2C400 2x, https:\/\/i0.wp.com\/soclose.mx\/blog\/wp-content\/uploads\/2022\/08\/muralismo-1.jpg?fit=1200%2C591&ssl=1&resize=1050%2C600 3x"},"classes":[]}],"jetpack_sharing_enabled":true,"_links":{"self":[{"href":"https:\/\/soclose.mx\/blog\/wp-json\/wp\/v2\/posts\/7836","targetHints":{"allow":["GET"]}}],"collection":[{"href":"https:\/\/soclose.mx\/blog\/wp-json\/wp\/v2\/posts"}],"about":[{"href":"https:\/\/soclose.mx\/blog\/wp-json\/wp\/v2\/types\/post"}],"author":[{"embeddable":true,"href":"https:\/\/soclose.mx\/blog\/wp-json\/wp\/v2\/users\/8"}],"replies":[{"embeddable":true,"href":"https:\/\/soclose.mx\/blog\/wp-json\/wp\/v2\/comments?post=7836"}],"version-history":[{"count":0,"href":"https:\/\/soclose.mx\/blog\/wp-json\/wp\/v2\/posts\/7836\/revisions"}],"wp:featuredmedia":[{"embeddable":true,"href":"https:\/\/soclose.mx\/blog\/wp-json\/wp\/v2\/media\/7837"}],"wp:attachment":[{"href":"https:\/\/soclose.mx\/blog\/wp-json\/wp\/v2\/media?parent=7836"}],"wp:term":[{"taxonomy":"category","embeddable":true,"href":"https:\/\/soclose.mx\/blog\/wp-json\/wp\/v2\/categories?post=7836"},{"taxonomy":"post_tag","embeddable":true,"href":"https:\/\/soclose.mx\/blog\/wp-json\/wp\/v2\/tags?post=7836"}],"curies":[{"name":"wp","href":"https:\/\/api.w.org\/{rel}","templated":true}]}}