{"id":7897,"date":"2021-11-22T08:07:58","date_gmt":"2021-11-22T14:07:58","guid":{"rendered":"https:\/\/soclose.mx\/blog\/?p=7897"},"modified":"2021-11-22T10:39:25","modified_gmt":"2021-11-22T16:39:25","slug":"conoce-el-origen-de-la-famosa-adelita","status":"publish","type":"post","link":"https:\/\/soclose.mx\/blog\/ay-goeeee\/conoce-el-origen-de-la-famosa-adelita\/","title":{"rendered":"Descubre el origen de la famosa &#8220;Adelita&#8221;"},"content":{"rendered":"<p>S\u00ed, seguramente habr\u00e1s escuchado &#8220;Si Adelita se fuera con otro&#8230;&#8221;, una canci\u00f3n que ha sobrevivido al paso del tiempo, de hecho, se cree que est\u00e1 basada en la historia de <strong>Adela Velarde P\u00e9rez<\/strong>.<\/p>\n<p>Se cree que <strong>ella<\/strong>\u00a0naci\u00f3 en 1900 en <strong>Ciudad Ju\u00e1rez<\/strong>. Cuando la <a href=\"https:\/\/soclose.mx\/blog\/es_mx\/conoce-a-valentina-la-mujer-revolucionaria-que-inspiro-la-famosa-salsa\/\" target=\"_blank\" rel=\"noopener\">Revoluci\u00f3n<\/a> estall\u00f3, ella apenas contaba con diez a\u00f1os de edad, lo cual no fue impedimento para que ella abandonara su casa, en Chihuahua.<\/p>\n<p>Y alrededor de los 13 o 14 a\u00f1os, se uni\u00f3 a las tropas de la <strong>Divisi\u00f3n del Norte<\/strong>, ofreciendo servicio m\u00e9dico a lo heridos y uni\u00e9ndose\u00a0a la <strong>Asociaci\u00f3n Mexicana de la Cruz Blanca<\/strong>.<\/p>\n<p>Se dice que ella fue la creadora de las Adelitas, grupos de mujeres que se unieron a la lucha.<\/p>\n<p>Su objetivo principal era ayudar con la atenci\u00f3n de los heridos, y se fueron esparciendo por todo el pa\u00eds conforme avanzaba la guerra.<\/p>\n<p>Una vez pasada la <strong>Revoluci\u00f3n<\/strong>, poco se reconoci\u00f3 a Adela y fue hasta 1962 que se reconoci\u00f3 su importancia en la historia de nuestro pa\u00eds. Sin embargo, ella falleci\u00f3 en 1971 en Estados Unidos.<\/p>\n","protected":false},"excerpt":{"rendered":"<p>S\u00ed, seguramente habr\u00e1s escuchado &#8220;Si Adelita se fuera con otro&#8230;&#8221;, una canci\u00f3n que ha sobrevivido al paso del tiempo, de hecho, se cree que est\u00e1 basada en la historia de Adela Velarde P\u00e9rez. Se cree que ella\u00a0naci\u00f3 en 1900 en Ciudad Ju\u00e1rez. Cuando la Revoluci\u00f3n estall\u00f3, ella apenas contaba con diez a\u00f1os de edad, lo cual no fue impedimento para que ella abandonara su casa, en Chihuahua. Y alrededor de los 13 o 14 a\u00f1os, se uni\u00f3 a las tropas de la Divisi\u00f3n del Norte, ofreciendo servicio m\u00e9dico a lo heridos y uni\u00e9ndose\u00a0a la Asociaci\u00f3n Mexicana de la Cruz Blanca.<\/p>\n","protected":false},"author":8,"featured_media":7898,"comment_status":"open","ping_status":"open","sticky":false,"template":"","format":"standard","meta":{"_jetpack_memberships_contains_paid_content":false,"footnotes":""},"categories":[1],"tags":[1001,1344],"class_list":["post-7897","post","type-post","status-publish","format-standard","has-post-thumbnail","hentry","category-ay-goeeee","tag-adelita","tag-origen"],"yoast_head":"<!-- This site is optimized with the Yoast SEO plugin v26.7 - https:\/\/yoast.com\/wordpress\/plugins\/seo\/ -->\n<title>Descubre el origen de la famosa &quot;Adelita&quot; - So Close<\/title>\n<meta name=\"description\" content=\"Los famosos versos de La Adelita surgieron de la historia de Adela Velarde, una joven que se uni\u00f3 a la Revoluci\u00f3n a temprana edad.\" \/>\n<meta name=\"robots\" content=\"index, follow, max-snippet:-1, max-image-preview:large, max-video-preview:-1\" \/>\n<link rel=\"canonical\" href=\"https:\/\/soclose.mx\/blog\/tag\/juan-rulfo-frases-mujeres\/\" \/>\n<meta property=\"og:locale\" content=\"es_MX\" \/>\n<meta property=\"og:type\" content=\"article\" \/>\n<meta property=\"og:title\" content=\"Descubre el origen de la famosa &quot;Adelita&quot; - So Close\" \/>\n<meta property=\"og:description\" content=\"Los famosos versos de La Adelita surgieron de la historia de Adela Velarde, una joven que se uni\u00f3 a la Revoluci\u00f3n a temprana edad.\" \/>\n<meta property=\"og:url\" content=\"https:\/\/soclose.mx\/blog\/tag\/juan-rulfo-frases-mujeres\/\" \/>\n<meta property=\"og:site_name\" content=\"So Close\" \/>\n<meta property=\"article:author\" content=\"www.facebook.com\/mikexever\/\" \/>\n<meta property=\"article:published_time\" content=\"2021-11-22T14:07:58+00:00\" \/>\n<meta property=\"article:modified_time\" content=\"2021-11-22T16:39:25+00:00\" \/>\n<meta property=\"og:image\" content=\"https:\/\/i0.wp.com\/soclose.mx\/blog\/wp-content\/uploads\/2021\/11\/Copia-de-Principal-So-Close-blog-2-7.png?fit=1240%2C700&ssl=1\" \/>\n\t<meta property=\"og:image:width\" content=\"1240\" \/>\n\t<meta property=\"og:image:height\" content=\"700\" \/>\n\t<meta property=\"og:image:type\" content=\"image\/png\" \/>\n<meta name=\"author\" content=\"Miguel Angel Romero\" \/>\n<meta name=\"twitter:card\" content=\"summary_large_image\" \/>\n<meta name=\"twitter:creator\" content=\"@Mikerecomienda\" \/>\n<meta name=\"twitter:label1\" content=\"Escrito por\" \/>\n\t<meta name=\"twitter:data1\" content=\"Miguel Angel Romero\" \/>\n\t<meta name=\"twitter:label2\" content=\"Tiempo de lectura\" \/>\n\t<meta name=\"twitter:data2\" content=\"1 minuto\" \/>\n<script type=\"application\/ld+json\" class=\"yoast-schema-graph\">{\"@context\":\"https:\/\/schema.org\",\"@graph\":[{\"@type\":\"Article\",\"@id\":\"https:\/\/soclose.mx\/blog\/tag\/juan-rulfo-frases-mujeres\/#article\",\"isPartOf\":{\"@id\":\"https:\/\/soclose.mx\/blog\/tag\/juan-rulfo-frases-mujeres\/\"},\"author\":{\"name\":\"Miguel Angel Romero\",\"@id\":\"https:\/\/soclose.mx\/blog\/#\/schema\/person\/cddec6ccd5d7037d286395fb411e23f1\"},\"headline\":\"Descubre el origen de la famosa &#8220;Adelita&#8221;\",\"datePublished\":\"2021-11-22T14:07:58+00:00\",\"dateModified\":\"2021-11-22T16:39:25+00:00\",\"mainEntityOfPage\":{\"@id\":\"https:\/\/soclose.mx\/blog\/tag\/juan-rulfo-frases-mujeres\/\"},\"wordCount\":195,\"commentCount\":0,\"publisher\":{\"@id\":\"https:\/\/soclose.mx\/blog\/#organization\"},\"image\":{\"@id\":\"https:\/\/soclose.mx\/blog\/tag\/juan-rulfo-frases-mujeres\/#primaryimage\"},\"thumbnailUrl\":\"https:\/\/i0.wp.com\/soclose.mx\/blog\/wp-content\/uploads\/2021\/11\/Copia-de-Principal-So-Close-blog-2-7.png?fit=1240%2C700&ssl=1\",\"keywords\":[\"adelita\",\"origen\"],\"articleSection\":[\"\u00a1Ay goeeee!\"],\"inLanguage\":\"es\",\"potentialAction\":[{\"@type\":\"CommentAction\",\"name\":\"Comment\",\"target\":[\"https:\/\/soclose.mx\/blog\/tag\/juan-rulfo-frases-mujeres\/#respond\"]}]},{\"@type\":\"WebPage\",\"@id\":\"https:\/\/soclose.mx\/blog\/tag\/juan-rulfo-frases-mujeres\/\",\"url\":\"https:\/\/soclose.mx\/blog\/tag\/juan-rulfo-frases-mujeres\/\",\"name\":\"Descubre el origen de la famosa \\\"Adelita\\\" - So Close\",\"isPartOf\":{\"@id\":\"https:\/\/soclose.mx\/blog\/#website\"},\"primaryImageOfPage\":{\"@id\":\"https:\/\/soclose.mx\/blog\/tag\/juan-rulfo-frases-mujeres\/#primaryimage\"},\"image\":{\"@id\":\"https:\/\/soclose.mx\/blog\/tag\/juan-rulfo-frases-mujeres\/#primaryimage\"},\"thumbnailUrl\":\"https:\/\/i0.wp.com\/soclose.mx\/blog\/wp-content\/uploads\/2021\/11\/Copia-de-Principal-So-Close-blog-2-7.png?fit=1240%2C700&ssl=1\",\"datePublished\":\"2021-11-22T14:07:58+00:00\",\"dateModified\":\"2021-11-22T16:39:25+00:00\",\"description\":\"Los famosos versos de La Adelita surgieron de la historia de Adela Velarde, una joven que se uni\u00f3 a la Revoluci\u00f3n a temprana edad.\",\"breadcrumb\":{\"@id\":\"https:\/\/soclose.mx\/blog\/tag\/juan-rulfo-frases-mujeres\/#breadcrumb\"},\"inLanguage\":\"es\",\"potentialAction\":[{\"@type\":\"ReadAction\",\"target\":[\"https:\/\/soclose.mx\/blog\/tag\/juan-rulfo-frases-mujeres\/\"]}]},{\"@type\":\"ImageObject\",\"inLanguage\":\"es\",\"@id\":\"https:\/\/soclose.mx\/blog\/tag\/juan-rulfo-frases-mujeres\/#primaryimage\",\"url\":\"https:\/\/i0.wp.com\/soclose.mx\/blog\/wp-content\/uploads\/2021\/11\/Copia-de-Principal-So-Close-blog-2-7.png?fit=1240%2C700&ssl=1\",\"contentUrl\":\"https:\/\/i0.wp.com\/soclose.mx\/blog\/wp-content\/uploads\/2021\/11\/Copia-de-Principal-So-Close-blog-2-7.png?fit=1240%2C700&ssl=1\",\"width\":1240,\"height\":700},{\"@type\":\"BreadcrumbList\",\"@id\":\"https:\/\/soclose.mx\/blog\/tag\/juan-rulfo-frases-mujeres\/#breadcrumb\",\"itemListElement\":[{\"@type\":\"ListItem\",\"position\":1,\"name\":\"Inicio\",\"item\":\"https:\/\/soclose.mx\/blog\/\"},{\"@type\":\"ListItem\",\"position\":2,\"name\":\"Descubre el origen de la famosa &#8220;Adelita&#8221;\"}]},{\"@type\":\"WebSite\",\"@id\":\"https:\/\/soclose.mx\/blog\/#website\",\"url\":\"https:\/\/soclose.mx\/blog\/\",\"name\":\"So Close\",\"description\":\"Hacemos contenidos de M\u00e9xico\",\"publisher\":{\"@id\":\"https:\/\/soclose.mx\/blog\/#organization\"},\"potentialAction\":[{\"@type\":\"SearchAction\",\"target\":{\"@type\":\"EntryPoint\",\"urlTemplate\":\"https:\/\/soclose.mx\/blog\/?s={search_term_string}\"},\"query-input\":{\"@type\":\"PropertyValueSpecification\",\"valueRequired\":true,\"valueName\":\"search_term_string\"}}],\"inLanguage\":\"es\"},{\"@type\":\"Organization\",\"@id\":\"https:\/\/soclose.mx\/blog\/#organization\",\"name\":\"So Close\",\"url\":\"https:\/\/soclose.mx\/blog\/\",\"logo\":{\"@type\":\"ImageObject\",\"inLanguage\":\"es\",\"@id\":\"https:\/\/soclose.mx\/blog\/#\/schema\/logo\/image\/\",\"url\":\"https:\/\/i0.wp.com\/soclose.mx\/blog\/wp-content\/uploads\/2020\/12\/LOGO_SOCLOSE_COLOR-e1608310133507.png?fit=2858%2C1264&ssl=1\",\"contentUrl\":\"https:\/\/i0.wp.com\/soclose.mx\/blog\/wp-content\/uploads\/2020\/12\/LOGO_SOCLOSE_COLOR-e1608310133507.png?fit=2858%2C1264&ssl=1\",\"width\":2858,\"height\":1264,\"caption\":\"So Close\"},\"image\":{\"@id\":\"https:\/\/soclose.mx\/blog\/#\/schema\/logo\/image\/\"}},{\"@type\":\"Person\",\"@id\":\"https:\/\/soclose.mx\/blog\/#\/schema\/person\/cddec6ccd5d7037d286395fb411e23f1\",\"name\":\"Miguel Angel Romero\",\"image\":{\"@type\":\"ImageObject\",\"inLanguage\":\"es\",\"@id\":\"https:\/\/soclose.mx\/blog\/#\/schema\/person\/image\/\",\"url\":\"https:\/\/secure.gravatar.com\/avatar\/45b44006b4f93497bb24d251f77bc39385015bfa120582412df580dbfcbb14f3?s=96&d=mm&r=g\",\"contentUrl\":\"https:\/\/secure.gravatar.com\/avatar\/45b44006b4f93497bb24d251f77bc39385015bfa120582412df580dbfcbb14f3?s=96&d=mm&r=g\",\"caption\":\"Miguel Angel Romero\"},\"sameAs\":[\"http:\/\/\/mikexever.blogspot.com\/\",\"www.facebook.com\/mikexever\/\",\"https:\/\/x.com\/Mikerecomienda\"],\"url\":\"https:\/\/soclose.mx\/blog\/author\/mike\/\"}]}<\/script>\n<!-- \/ Yoast SEO plugin. -->","yoast_head_json":{"title":"Descubre el origen de la famosa \"Adelita\" - So Close","description":"Los famosos versos de La Adelita surgieron de la historia de Adela Velarde, una joven que se uni\u00f3 a la Revoluci\u00f3n a temprana edad.","robots":{"index":"index","follow":"follow","max-snippet":"max-snippet:-1","max-image-preview":"max-image-preview:large","max-video-preview":"max-video-preview:-1"},"canonical":"https:\/\/soclose.mx\/blog\/tag\/juan-rulfo-frases-mujeres\/","og_locale":"es_MX","og_type":"article","og_title":"Descubre el origen de la famosa \"Adelita\" - So Close","og_description":"Los famosos versos de La Adelita surgieron de la historia de Adela Velarde, una joven que se uni\u00f3 a la Revoluci\u00f3n a temprana edad.","og_url":"https:\/\/soclose.mx\/blog\/tag\/juan-rulfo-frases-mujeres\/","og_site_name":"So Close","article_author":"www.facebook.com\/mikexever\/","article_published_time":"2021-11-22T14:07:58+00:00","article_modified_time":"2021-11-22T16:39:25+00:00","og_image":[{"width":1240,"height":700,"url":"https:\/\/i0.wp.com\/soclose.mx\/blog\/wp-content\/uploads\/2021\/11\/Copia-de-Principal-So-Close-blog-2-7.png?fit=1240%2C700&ssl=1","type":"image\/png"}],"author":"Miguel Angel Romero","twitter_card":"summary_large_image","twitter_creator":"@Mikerecomienda","twitter_misc":{"Escrito por":"Miguel Angel Romero","Tiempo de lectura":"1 minuto"},"schema":{"@context":"https:\/\/schema.org","@graph":[{"@type":"Article","@id":"https:\/\/soclose.mx\/blog\/tag\/juan-rulfo-frases-mujeres\/#article","isPartOf":{"@id":"https:\/\/soclose.mx\/blog\/tag\/juan-rulfo-frases-mujeres\/"},"author":{"name":"Miguel Angel Romero","@id":"https:\/\/soclose.mx\/blog\/#\/schema\/person\/cddec6ccd5d7037d286395fb411e23f1"},"headline":"Descubre el origen de la famosa &#8220;Adelita&#8221;","datePublished":"2021-11-22T14:07:58+00:00","dateModified":"2021-11-22T16:39:25+00:00","mainEntityOfPage":{"@id":"https:\/\/soclose.mx\/blog\/tag\/juan-rulfo-frases-mujeres\/"},"wordCount":195,"commentCount":0,"publisher":{"@id":"https:\/\/soclose.mx\/blog\/#organization"},"image":{"@id":"https:\/\/soclose.mx\/blog\/tag\/juan-rulfo-frases-mujeres\/#primaryimage"},"thumbnailUrl":"https:\/\/i0.wp.com\/soclose.mx\/blog\/wp-content\/uploads\/2021\/11\/Copia-de-Principal-So-Close-blog-2-7.png?fit=1240%2C700&ssl=1","keywords":["adelita","origen"],"articleSection":["\u00a1Ay goeeee!"],"inLanguage":"es","potentialAction":[{"@type":"CommentAction","name":"Comment","target":["https:\/\/soclose.mx\/blog\/tag\/juan-rulfo-frases-mujeres\/#respond"]}]},{"@type":"WebPage","@id":"https:\/\/soclose.mx\/blog\/tag\/juan-rulfo-frases-mujeres\/","url":"https:\/\/soclose.mx\/blog\/tag\/juan-rulfo-frases-mujeres\/","name":"Descubre el origen de la famosa \"Adelita\" - So Close","isPartOf":{"@id":"https:\/\/soclose.mx\/blog\/#website"},"primaryImageOfPage":{"@id":"https:\/\/soclose.mx\/blog\/tag\/juan-rulfo-frases-mujeres\/#primaryimage"},"image":{"@id":"https:\/\/soclose.mx\/blog\/tag\/juan-rulfo-frases-mujeres\/#primaryimage"},"thumbnailUrl":"https:\/\/i0.wp.com\/soclose.mx\/blog\/wp-content\/uploads\/2021\/11\/Copia-de-Principal-So-Close-blog-2-7.png?fit=1240%2C700&ssl=1","datePublished":"2021-11-22T14:07:58+00:00","dateModified":"2021-11-22T16:39:25+00:00","description":"Los famosos versos de La Adelita surgieron de la historia de Adela Velarde, una joven que se uni\u00f3 a la Revoluci\u00f3n a temprana edad.","breadcrumb":{"@id":"https:\/\/soclose.mx\/blog\/tag\/juan-rulfo-frases-mujeres\/#breadcrumb"},"inLanguage":"es","potentialAction":[{"@type":"ReadAction","target":["https:\/\/soclose.mx\/blog\/tag\/juan-rulfo-frases-mujeres\/"]}]},{"@type":"ImageObject","inLanguage":"es","@id":"https:\/\/soclose.mx\/blog\/tag\/juan-rulfo-frases-mujeres\/#primaryimage","url":"https:\/\/i0.wp.com\/soclose.mx\/blog\/wp-content\/uploads\/2021\/11\/Copia-de-Principal-So-Close-blog-2-7.png?fit=1240%2C700&ssl=1","contentUrl":"https:\/\/i0.wp.com\/soclose.mx\/blog\/wp-content\/uploads\/2021\/11\/Copia-de-Principal-So-Close-blog-2-7.png?fit=1240%2C700&ssl=1","width":1240,"height":700},{"@type":"BreadcrumbList","@id":"https:\/\/soclose.mx\/blog\/tag\/juan-rulfo-frases-mujeres\/#breadcrumb","itemListElement":[{"@type":"ListItem","position":1,"name":"Inicio","item":"https:\/\/soclose.mx\/blog\/"},{"@type":"ListItem","position":2,"name":"Descubre el origen de la famosa &#8220;Adelita&#8221;"}]},{"@type":"WebSite","@id":"https:\/\/soclose.mx\/blog\/#website","url":"https:\/\/soclose.mx\/blog\/","name":"So Close","description":"Hacemos contenidos de M\u00e9xico","publisher":{"@id":"https:\/\/soclose.mx\/blog\/#organization"},"potentialAction":[{"@type":"SearchAction","target":{"@type":"EntryPoint","urlTemplate":"https:\/\/soclose.mx\/blog\/?s={search_term_string}"},"query-input":{"@type":"PropertyValueSpecification","valueRequired":true,"valueName":"search_term_string"}}],"inLanguage":"es"},{"@type":"Organization","@id":"https:\/\/soclose.mx\/blog\/#organization","name":"So Close","url":"https:\/\/soclose.mx\/blog\/","logo":{"@type":"ImageObject","inLanguage":"es","@id":"https:\/\/soclose.mx\/blog\/#\/schema\/logo\/image\/","url":"https:\/\/i0.wp.com\/soclose.mx\/blog\/wp-content\/uploads\/2020\/12\/LOGO_SOCLOSE_COLOR-e1608310133507.png?fit=2858%2C1264&ssl=1","contentUrl":"https:\/\/i0.wp.com\/soclose.mx\/blog\/wp-content\/uploads\/2020\/12\/LOGO_SOCLOSE_COLOR-e1608310133507.png?fit=2858%2C1264&ssl=1","width":2858,"height":1264,"caption":"So Close"},"image":{"@id":"https:\/\/soclose.mx\/blog\/#\/schema\/logo\/image\/"}},{"@type":"Person","@id":"https:\/\/soclose.mx\/blog\/#\/schema\/person\/cddec6ccd5d7037d286395fb411e23f1","name":"Miguel Angel Romero","image":{"@type":"ImageObject","inLanguage":"es","@id":"https:\/\/soclose.mx\/blog\/#\/schema\/person\/image\/","url":"https:\/\/secure.gravatar.com\/avatar\/45b44006b4f93497bb24d251f77bc39385015bfa120582412df580dbfcbb14f3?s=96&d=mm&r=g","contentUrl":"https:\/\/secure.gravatar.com\/avatar\/45b44006b4f93497bb24d251f77bc39385015bfa120582412df580dbfcbb14f3?s=96&d=mm&r=g","caption":"Miguel Angel Romero"},"sameAs":["http:\/\/\/mikexever.blogspot.com\/","www.facebook.com\/mikexever\/","https:\/\/x.com\/Mikerecomienda"],"url":"https:\/\/soclose.mx\/blog\/author\/mike\/"}]}},"jetpack_featured_media_url":"https:\/\/i0.wp.com\/soclose.mx\/blog\/wp-content\/uploads\/2021\/11\/Copia-de-Principal-So-Close-blog-2-7.png?fit=1240%2C700&ssl=1","jetpack-related-posts":[{"id":11551,"url":"https:\/\/soclose.mx\/blog\/a-la-mexicana\/echar-carrilla-origen-frase\/","url_meta":{"origin":7897,"position":0},"title":"\u201cEchar carrilla\u201d; el escalofriante origen de esta frase mexicana","author":"Mar\u00eda Ju\u00e1rez","date":"17 abril, 2023","format":false,"excerpt":"\u00bfCu\u00e1ntas veces has escuchado a frase \"echar carrilla\"? Desde ni\u00f1os la aplicamos o nos la aplican como una forma de decir que bromean sobre nuestros defectos, incluso cualidades. Pero \u00bfCu\u00e1l es el origen de esta trillada y famosa frase? M\u00e9xico es un pa\u00eds en el que por tradici\u00f3n o costumbre\u2026","rel":"","context":"En &quot;A la mexicana&quot;","block_context":{"text":"A la mexicana","link":"https:\/\/soclose.mx\/blog\/category\/a-la-mexicana\/"},"img":{"alt_text":"Echar carrilla frase","src":"https:\/\/i0.wp.com\/soclose.mx\/blog\/wp-content\/uploads\/2023\/04\/Echar-carrilla-frase-origen.jpg?fit=1200%2C728&ssl=1&resize=350%2C200","width":350,"height":200,"srcset":"https:\/\/i0.wp.com\/soclose.mx\/blog\/wp-content\/uploads\/2023\/04\/Echar-carrilla-frase-origen.jpg?fit=1200%2C728&ssl=1&resize=350%2C200 1x, https:\/\/i0.wp.com\/soclose.mx\/blog\/wp-content\/uploads\/2023\/04\/Echar-carrilla-frase-origen.jpg?fit=1200%2C728&ssl=1&resize=525%2C300 1.5x, https:\/\/i0.wp.com\/soclose.mx\/blog\/wp-content\/uploads\/2023\/04\/Echar-carrilla-frase-origen.jpg?fit=1200%2C728&ssl=1&resize=700%2C400 2x, https:\/\/i0.wp.com\/soclose.mx\/blog\/wp-content\/uploads\/2023\/04\/Echar-carrilla-frase-origen.jpg?fit=1200%2C728&ssl=1&resize=1050%2C600 3x"},"classes":[]},{"id":8123,"url":"https:\/\/soclose.mx\/blog\/bebida\/origen-de-la-bebida-de-los-dioses-el-pulque\/","url_meta":{"origin":7897,"position":1},"title":"Origen de la Bebida de los Dioses, el pulque","author":"Miguel Angel Romero","date":"25 diciembre, 2021","format":false,"excerpt":"El pulque es una de las bebidas m\u00e1s emblem\u00e1ticas y populares de M\u00e9xico, su consumo se remonta a ceremonias importantes de las civilizaciones prehisp\u00e1nicas, que permanece hasta nuestros d\u00edas. La palabra pulque,\u00a0 proviene de un vocablo de las islas del Atl\u00e1ntico que significa \u201cpodrido\u201d y que fue usado por los\u2026","rel":"","context":"En &quot;Bebida&quot;","block_context":{"text":"Bebida","link":"https:\/\/soclose.mx\/blog\/category\/bebida\/"},"img":{"alt_text":"","src":"https:\/\/i0.wp.com\/soclose.mx\/blog\/wp-content\/uploads\/2021\/12\/Copia-de-Principal-So-Close-blog-2-5.png?fit=1200%2C677&ssl=1&resize=350%2C200","width":350,"height":200,"srcset":"https:\/\/i0.wp.com\/soclose.mx\/blog\/wp-content\/uploads\/2021\/12\/Copia-de-Principal-So-Close-blog-2-5.png?fit=1200%2C677&ssl=1&resize=350%2C200 1x, https:\/\/i0.wp.com\/soclose.mx\/blog\/wp-content\/uploads\/2021\/12\/Copia-de-Principal-So-Close-blog-2-5.png?fit=1200%2C677&ssl=1&resize=525%2C300 1.5x, https:\/\/i0.wp.com\/soclose.mx\/blog\/wp-content\/uploads\/2021\/12\/Copia-de-Principal-So-Close-blog-2-5.png?fit=1200%2C677&ssl=1&resize=700%2C400 2x, https:\/\/i0.wp.com\/soclose.mx\/blog\/wp-content\/uploads\/2021\/12\/Copia-de-Principal-So-Close-blog-2-5.png?fit=1200%2C677&ssl=1&resize=1050%2C600 3x"},"classes":[]},{"id":14828,"url":"https:\/\/soclose.mx\/blog\/a-la-mexicana\/frases-populares-que-nacieron-en-la-revolucion-mexicana-y-que-sigues-usandola-revolucion-mexicana-1910-1920-no-solo-fue-un-conflicto-armado-que-transformo-la-historia-politica-y-social-de-m\/","url_meta":{"origin":7897,"position":2},"title":"Frases populares que nacieron en la Revoluci\u00f3n Mexicana\u2026 y que sigues usando","author":"So Close","date":"18 noviembre, 2025","format":false,"excerpt":"La Revoluci\u00f3n Mexicana (1910-1920) no solo fue un conflicto armado que transform\u00f3 la historia pol\u00edtica y social de M\u00e9xico, tambi\u00e9n fue una fuente rica de expresiones coloquiales que a\u00fan hoy forman parte del lenguaje cotidiano. Muchas de estas frases populares que nacieron en la Revoluci\u00f3n Mexicana, fue en medio de\u2026","rel":"","context":"En &quot;\u00a1Ay goeeee!&quot;","block_context":{"text":"\u00a1Ay goeeee!","link":"https:\/\/soclose.mx\/blog\/category\/ay-goeeee\/"},"img":{"alt_text":"Revoluci\u00f3n Mexicana","src":"https:\/\/i0.wp.com\/soclose.mx\/blog\/wp-content\/uploads\/2025\/05\/Revolucion-Mexicana.jpg?fit=1200%2C675&ssl=1&resize=350%2C200","width":350,"height":200,"srcset":"https:\/\/i0.wp.com\/soclose.mx\/blog\/wp-content\/uploads\/2025\/05\/Revolucion-Mexicana.jpg?fit=1200%2C675&ssl=1&resize=350%2C200 1x, https:\/\/i0.wp.com\/soclose.mx\/blog\/wp-content\/uploads\/2025\/05\/Revolucion-Mexicana.jpg?fit=1200%2C675&ssl=1&resize=525%2C300 1.5x, https:\/\/i0.wp.com\/soclose.mx\/blog\/wp-content\/uploads\/2025\/05\/Revolucion-Mexicana.jpg?fit=1200%2C675&ssl=1&resize=700%2C400 2x, https:\/\/i0.wp.com\/soclose.mx\/blog\/wp-content\/uploads\/2025\/05\/Revolucion-Mexicana.jpg?fit=1200%2C675&ssl=1&resize=1050%2C600 3x"},"classes":[]},{"id":12248,"url":"https:\/\/soclose.mx\/blog\/a-la-mexicana\/primeros-partidos-politicos-mexico-cuales-sobrevivieron\/","url_meta":{"origin":7897,"position":3},"title":"Primeros partidos pol\u00edticos en M\u00e9xico \u00bfSobrevivieron?","author":"Emmanuel Oviedo","date":"24 septiembre, 2023","format":false,"excerpt":"En M\u00e9xico, cada seis a\u00f1os hay elecciones federales y estatales y cada tres, votaciones municipales y de congresos locales y es el momento en el que depositamos las decisiones importantes de la naci\u00f3n en un grupo de personas que militan en partidos pol\u00edticos. A veces, ni siquiera identificamos los nombres\u2026","rel":"","context":"En &quot;A la mexicana&quot;","block_context":{"text":"A la mexicana","link":"https:\/\/soclose.mx\/blog\/category\/a-la-mexicana\/"},"img":{"alt_text":"","src":"https:\/\/i0.wp.com\/soclose.mx\/blog\/wp-content\/uploads\/2023\/09\/Voto-mujer.jpg?fit=1000%2C600&ssl=1&resize=350%2C200","width":350,"height":200,"srcset":"https:\/\/i0.wp.com\/soclose.mx\/blog\/wp-content\/uploads\/2023\/09\/Voto-mujer.jpg?fit=1000%2C600&ssl=1&resize=350%2C200 1x, https:\/\/i0.wp.com\/soclose.mx\/blog\/wp-content\/uploads\/2023\/09\/Voto-mujer.jpg?fit=1000%2C600&ssl=1&resize=525%2C300 1.5x, https:\/\/i0.wp.com\/soclose.mx\/blog\/wp-content\/uploads\/2023\/09\/Voto-mujer.jpg?fit=1000%2C600&ssl=1&resize=700%2C400 2x"},"classes":[]},{"id":7758,"url":"https:\/\/soclose.mx\/blog\/bebida\/conoce-el-origen-del-cafe-de-olla\/","url_meta":{"origin":7897,"position":4},"title":"Conoce el origen del caf\u00e9 de olla","author":"Miguel Angel Romero","date":"12 noviembre, 2021","format":false,"excerpt":"En M\u00e9xico no hay una reuni\u00f3n en la que no se ofrezca un poco de caf\u00e9 de olla, s\u00ed, aquella tradicional bebida calientita, que casi siempre se antoja, pero sabes cu\u00e1l es el origen. Muchos historiadores coinciden que fue durante el siglo XVIII cuando el\u00a0caf\u00e9 lleg\u00f3 a nuestro pa\u00eds a\u2026","rel":"","context":"En &quot;Bebida&quot;","block_context":{"text":"Bebida","link":"https:\/\/soclose.mx\/blog\/category\/bebida\/"},"img":{"alt_text":"","src":"https:\/\/i0.wp.com\/soclose.mx\/blog\/wp-content\/uploads\/2021\/11\/Copia-de-Principal-So-Close-blog-2-1.png?fit=1200%2C677&ssl=1&resize=350%2C200","width":350,"height":200,"srcset":"https:\/\/i0.wp.com\/soclose.mx\/blog\/wp-content\/uploads\/2021\/11\/Copia-de-Principal-So-Close-blog-2-1.png?fit=1200%2C677&ssl=1&resize=350%2C200 1x, https:\/\/i0.wp.com\/soclose.mx\/blog\/wp-content\/uploads\/2021\/11\/Copia-de-Principal-So-Close-blog-2-1.png?fit=1200%2C677&ssl=1&resize=525%2C300 1.5x, https:\/\/i0.wp.com\/soclose.mx\/blog\/wp-content\/uploads\/2021\/11\/Copia-de-Principal-So-Close-blog-2-1.png?fit=1200%2C677&ssl=1&resize=700%2C400 2x, https:\/\/i0.wp.com\/soclose.mx\/blog\/wp-content\/uploads\/2021\/11\/Copia-de-Principal-So-Close-blog-2-1.png?fit=1200%2C677&ssl=1&resize=1050%2C600 3x"},"classes":[]},{"id":7646,"url":"https:\/\/soclose.mx\/blog\/ay-goeeee\/te-contamos-el-origen-de-la-cancion-de-la-cucaracha\/","url_meta":{"origin":7897,"position":5},"title":"Te contamos el origen de la canci\u00f3n de la cucaracha","author":"Miguel Angel Romero","date":"24 noviembre, 2021","format":false,"excerpt":"Desde que \u00e9ramos peque\u00f1os, escuch\u00e1bamos la canci\u00f3n de la cucaracha, pero sabes cu\u00e1l es el origen de esta melod\u00eda que ha traspasado varias d\u00e9cadas. De acuerdo con los historiadores, la canci\u00f3n es un corrido mexicano propio de la Revoluci\u00f3n Mexicana, sin embargo, el tema musical tiene un origen todav\u00eda m\u00e1s\u2026","rel":"","context":"En &quot;\u00a1Ay goeeee!&quot;","block_context":{"text":"\u00a1Ay goeeee!","link":"https:\/\/soclose.mx\/blog\/category\/ay-goeeee\/"},"img":{"alt_text":"","src":"https:\/\/i0.wp.com\/soclose.mx\/blog\/wp-content\/uploads\/2021\/10\/Copia-de-Principal-So-Close-blog-3-4.png?fit=1200%2C677&ssl=1&resize=350%2C200","width":350,"height":200,"srcset":"https:\/\/i0.wp.com\/soclose.mx\/blog\/wp-content\/uploads\/2021\/10\/Copia-de-Principal-So-Close-blog-3-4.png?fit=1200%2C677&ssl=1&resize=350%2C200 1x, https:\/\/i0.wp.com\/soclose.mx\/blog\/wp-content\/uploads\/2021\/10\/Copia-de-Principal-So-Close-blog-3-4.png?fit=1200%2C677&ssl=1&resize=525%2C300 1.5x, https:\/\/i0.wp.com\/soclose.mx\/blog\/wp-content\/uploads\/2021\/10\/Copia-de-Principal-So-Close-blog-3-4.png?fit=1200%2C677&ssl=1&resize=700%2C400 2x, https:\/\/i0.wp.com\/soclose.mx\/blog\/wp-content\/uploads\/2021\/10\/Copia-de-Principal-So-Close-blog-3-4.png?fit=1200%2C677&ssl=1&resize=1050%2C600 3x"},"classes":[]}],"jetpack_sharing_enabled":true,"_links":{"self":[{"href":"https:\/\/soclose.mx\/blog\/wp-json\/wp\/v2\/posts\/7897","targetHints":{"allow":["GET"]}}],"collection":[{"href":"https:\/\/soclose.mx\/blog\/wp-json\/wp\/v2\/posts"}],"about":[{"href":"https:\/\/soclose.mx\/blog\/wp-json\/wp\/v2\/types\/post"}],"author":[{"embeddable":true,"href":"https:\/\/soclose.mx\/blog\/wp-json\/wp\/v2\/users\/8"}],"replies":[{"embeddable":true,"href":"https:\/\/soclose.mx\/blog\/wp-json\/wp\/v2\/comments?post=7897"}],"version-history":[{"count":0,"href":"https:\/\/soclose.mx\/blog\/wp-json\/wp\/v2\/posts\/7897\/revisions"}],"wp:featuredmedia":[{"embeddable":true,"href":"https:\/\/soclose.mx\/blog\/wp-json\/wp\/v2\/media\/7898"}],"wp:attachment":[{"href":"https:\/\/soclose.mx\/blog\/wp-json\/wp\/v2\/media?parent=7897"}],"wp:term":[{"taxonomy":"category","embeddable":true,"href":"https:\/\/soclose.mx\/blog\/wp-json\/wp\/v2\/categories?post=7897"},{"taxonomy":"post_tag","embeddable":true,"href":"https:\/\/soclose.mx\/blog\/wp-json\/wp\/v2\/tags?post=7897"}],"curies":[{"name":"wp","href":"https:\/\/api.w.org\/{rel}","templated":true}]}}