{"id":7991,"date":"2021-12-11T18:51:27","date_gmt":"2021-12-12T00:51:27","guid":{"rendered":"https:\/\/soclose.mx\/blog\/?p=7991"},"modified":"2023-12-26T11:05:58","modified_gmt":"2023-12-26T17:05:58","slug":"atlixco-brilla-con-la-villa-iluminada","status":"publish","type":"post","link":"https:\/\/soclose.mx\/blog\/news-feed\/atlixco-brilla-con-la-villa-iluminada\/","title":{"rendered":"Atlixco brilla con la Villa Iluminada"},"content":{"rendered":"<p>El ambiente de las fiestas decembrinas ya comienza a sentirse y un lugar para vivir la experiencia es la<strong>\u00a0Villa Iluminada de <a href=\"https:\/\/soclose.mx\/blog\/es_mx\/?s=atlixco\" target=\"_blank\" rel=\"noopener\">Atlixco<\/a><\/strong>,\u00a0<strong>Puebla.<\/strong><\/p>\n<p>Todo el sitio se encuentra totalmente iluminado y con<strong>\u00a0enormes figuras navide\u00f1as<\/strong>, donde tambi\u00e9n se llevar\u00e1 a cabo la\u00a0<strong>tradicional pastorela<\/strong>\u00a0y podr\u00e1s disfrutar de la zona de comida con distintas ofertas para los comensales.<\/p>\n<p>En el <strong>Brilla Fest<\/strong> de la <strong>Villa Iluminada<\/strong> se puede disfrutar:<\/p>\n<ul>\n<li>El Desfile de Nikolaus, considerado el mejor desfile de Navidad de Am\u00e9rica Latina<\/li>\n<li>Tour en tren<\/li>\n<li>T\u00fanel giratorio<\/li>\n<li>La experiencia del T\u00fanel 3D<\/li>\n<\/ul>\n<p>El evento que se localiza en el Aer\u00f3dromo de Atlixco, Calle 6 Sur, estar\u00e1 abierto hasta el 9 de enero de 2022.<\/p>\n<p>El costo de los boletos va de 330 a 660 pesos por persona, los boletos lo puedes adquirir en su <a href=\"https:\/\/taquillacero.com\/site\/elegir\/evento\/brilla-nikolaus-2021\/foro\/aerodromo-de-atlixco?fbclid=IwAR2JI4_vcz8EjQXicMAMu-JT2ae-GU7o_v3If11tB4LyGs7W5wDp1NvdRfM\" target=\"_blank\" rel=\"noopener\">p\u00e1gina oficial<\/a>.<\/p>\n<p>&nbsp;<\/p>\n","protected":false},"excerpt":{"rendered":"<p>El ambiente de las fiestas decembrinas ya comienza a sentirse y un lugar para vivir la experiencia es la\u00a0Villa Iluminada de Atlixco,\u00a0Puebla. Todo el sitio se encuentra totalmente iluminado y con\u00a0enormes figuras navide\u00f1as, donde tambi\u00e9n se llevar\u00e1 a cabo la\u00a0tradicional pastorela\u00a0y podr\u00e1s disfrutar de la zona de comida con distintas ofertas para los comensales. En el Brilla Fest de la Villa Iluminada se puede disfrutar: El Desfile de Nikolaus, considerado el mejor desfile de Navidad de Am\u00e9rica Latina Tour en tren T\u00fanel giratorio La experiencia del T\u00fanel 3D El evento que se localiza en el Aer\u00f3dromo de Atlixco, Calle 6<\/p>\n","protected":false},"author":8,"featured_media":7992,"comment_status":"open","ping_status":"open","sticky":false,"template":"","format":"standard","meta":{"_jetpack_memberships_contains_paid_content":false,"footnotes":""},"categories":[628],"tags":[577,1519,312,1586],"class_list":["post-7991","post","type-post","status-publish","format-standard","has-post-thumbnail","hentry","category-news-feed","tag-atlixco","tag-navidad","tag-puebla","tag-villa-iluminada"],"yoast_head":"<!-- This site is optimized with the Yoast SEO plugin v26.7 - https:\/\/yoast.com\/wordpress\/plugins\/seo\/ -->\n<title>Atlixco brilla con la Villa Iluminada - So Close<\/title>\n<meta name=\"description\" content=\"La\u00a0Villa Iluminada de Atlixco, se encuentra totalmente iluminado y con\u00a0enormes figuras navide\u00f1as.\" \/>\n<meta name=\"robots\" content=\"index, follow, max-snippet:-1, max-image-preview:large, max-video-preview:-1\" \/>\n<link rel=\"canonical\" href=\"https:\/\/soclose.mx\/blog\/tag\/juan-rulfo-frases-mujeres\/\" \/>\n<meta property=\"og:locale\" content=\"es_MX\" \/>\n<meta property=\"og:type\" content=\"article\" \/>\n<meta property=\"og:title\" content=\"Atlixco brilla con la Villa Iluminada - So Close\" \/>\n<meta property=\"og:description\" content=\"La\u00a0Villa Iluminada de Atlixco, se encuentra totalmente iluminado y con\u00a0enormes figuras navide\u00f1as.\" \/>\n<meta property=\"og:url\" content=\"https:\/\/soclose.mx\/blog\/tag\/juan-rulfo-frases-mujeres\/\" \/>\n<meta property=\"og:site_name\" content=\"So Close\" \/>\n<meta property=\"article:author\" content=\"www.facebook.com\/mikexever\/\" \/>\n<meta property=\"article:published_time\" content=\"2021-12-12T00:51:27+00:00\" \/>\n<meta property=\"article:modified_time\" content=\"2023-12-26T17:05:58+00:00\" \/>\n<meta property=\"og:image\" content=\"https:\/\/i0.wp.com\/soclose.mx\/blog\/wp-content\/uploads\/2021\/12\/Copia-de-Principal-So-Close-blog-2.png?fit=1240%2C700&ssl=1\" \/>\n\t<meta property=\"og:image:width\" content=\"1240\" \/>\n\t<meta property=\"og:image:height\" content=\"700\" \/>\n\t<meta property=\"og:image:type\" content=\"image\/png\" \/>\n<meta name=\"author\" content=\"Miguel Angel Romero\" \/>\n<meta name=\"twitter:card\" content=\"summary_large_image\" \/>\n<meta name=\"twitter:creator\" content=\"@Mikerecomienda\" \/>\n<meta name=\"twitter:label1\" content=\"Escrito por\" \/>\n\t<meta name=\"twitter:data1\" content=\"Miguel Angel Romero\" \/>\n\t<meta name=\"twitter:label2\" content=\"Tiempo de lectura\" \/>\n\t<meta name=\"twitter:data2\" content=\"1 minuto\" \/>\n<script type=\"application\/ld+json\" class=\"yoast-schema-graph\">{\"@context\":\"https:\/\/schema.org\",\"@graph\":[{\"@type\":\"Article\",\"@id\":\"https:\/\/soclose.mx\/blog\/tag\/juan-rulfo-frases-mujeres\/#article\",\"isPartOf\":{\"@id\":\"https:\/\/soclose.mx\/blog\/tag\/juan-rulfo-frases-mujeres\/\"},\"author\":{\"name\":\"Miguel Angel Romero\",\"@id\":\"https:\/\/soclose.mx\/blog\/#\/schema\/person\/cddec6ccd5d7037d286395fb411e23f1\"},\"headline\":\"Atlixco brilla con la Villa Iluminada\",\"datePublished\":\"2021-12-12T00:51:27+00:00\",\"dateModified\":\"2023-12-26T17:05:58+00:00\",\"mainEntityOfPage\":{\"@id\":\"https:\/\/soclose.mx\/blog\/tag\/juan-rulfo-frases-mujeres\/\"},\"wordCount\":147,\"commentCount\":0,\"publisher\":{\"@id\":\"https:\/\/soclose.mx\/blog\/#organization\"},\"image\":{\"@id\":\"https:\/\/soclose.mx\/blog\/tag\/juan-rulfo-frases-mujeres\/#primaryimage\"},\"thumbnailUrl\":\"https:\/\/i0.wp.com\/soclose.mx\/blog\/wp-content\/uploads\/2021\/12\/Copia-de-Principal-So-Close-blog-2.png?fit=1240%2C700&ssl=1\",\"keywords\":[\"atlixco\",\"Navidad\",\"puebla\",\"Villa iluminada\"],\"articleSection\":[\"News feed\"],\"inLanguage\":\"es\",\"potentialAction\":[{\"@type\":\"CommentAction\",\"name\":\"Comment\",\"target\":[\"https:\/\/soclose.mx\/blog\/tag\/juan-rulfo-frases-mujeres\/#respond\"]}]},{\"@type\":\"WebPage\",\"@id\":\"https:\/\/soclose.mx\/blog\/tag\/juan-rulfo-frases-mujeres\/\",\"url\":\"https:\/\/soclose.mx\/blog\/tag\/juan-rulfo-frases-mujeres\/\",\"name\":\"Atlixco brilla con la Villa Iluminada - So Close\",\"isPartOf\":{\"@id\":\"https:\/\/soclose.mx\/blog\/#website\"},\"primaryImageOfPage\":{\"@id\":\"https:\/\/soclose.mx\/blog\/tag\/juan-rulfo-frases-mujeres\/#primaryimage\"},\"image\":{\"@id\":\"https:\/\/soclose.mx\/blog\/tag\/juan-rulfo-frases-mujeres\/#primaryimage\"},\"thumbnailUrl\":\"https:\/\/i0.wp.com\/soclose.mx\/blog\/wp-content\/uploads\/2021\/12\/Copia-de-Principal-So-Close-blog-2.png?fit=1240%2C700&ssl=1\",\"datePublished\":\"2021-12-12T00:51:27+00:00\",\"dateModified\":\"2023-12-26T17:05:58+00:00\",\"description\":\"La\u00a0Villa Iluminada de Atlixco, se encuentra totalmente iluminado y con\u00a0enormes figuras navide\u00f1as.\",\"breadcrumb\":{\"@id\":\"https:\/\/soclose.mx\/blog\/tag\/juan-rulfo-frases-mujeres\/#breadcrumb\"},\"inLanguage\":\"es\",\"potentialAction\":[{\"@type\":\"ReadAction\",\"target\":[\"https:\/\/soclose.mx\/blog\/tag\/juan-rulfo-frases-mujeres\/\"]}]},{\"@type\":\"ImageObject\",\"inLanguage\":\"es\",\"@id\":\"https:\/\/soclose.mx\/blog\/tag\/juan-rulfo-frases-mujeres\/#primaryimage\",\"url\":\"https:\/\/i0.wp.com\/soclose.mx\/blog\/wp-content\/uploads\/2021\/12\/Copia-de-Principal-So-Close-blog-2.png?fit=1240%2C700&ssl=1\",\"contentUrl\":\"https:\/\/i0.wp.com\/soclose.mx\/blog\/wp-content\/uploads\/2021\/12\/Copia-de-Principal-So-Close-blog-2.png?fit=1240%2C700&ssl=1\",\"width\":1240,\"height\":700},{\"@type\":\"BreadcrumbList\",\"@id\":\"https:\/\/soclose.mx\/blog\/tag\/juan-rulfo-frases-mujeres\/#breadcrumb\",\"itemListElement\":[{\"@type\":\"ListItem\",\"position\":1,\"name\":\"Inicio\",\"item\":\"https:\/\/soclose.mx\/blog\/\"},{\"@type\":\"ListItem\",\"position\":2,\"name\":\"Atlixco brilla con la Villa Iluminada\"}]},{\"@type\":\"WebSite\",\"@id\":\"https:\/\/soclose.mx\/blog\/#website\",\"url\":\"https:\/\/soclose.mx\/blog\/\",\"name\":\"So Close\",\"description\":\"Hacemos contenidos de M\u00e9xico\",\"publisher\":{\"@id\":\"https:\/\/soclose.mx\/blog\/#organization\"},\"potentialAction\":[{\"@type\":\"SearchAction\",\"target\":{\"@type\":\"EntryPoint\",\"urlTemplate\":\"https:\/\/soclose.mx\/blog\/?s={search_term_string}\"},\"query-input\":{\"@type\":\"PropertyValueSpecification\",\"valueRequired\":true,\"valueName\":\"search_term_string\"}}],\"inLanguage\":\"es\"},{\"@type\":\"Organization\",\"@id\":\"https:\/\/soclose.mx\/blog\/#organization\",\"name\":\"So Close\",\"url\":\"https:\/\/soclose.mx\/blog\/\",\"logo\":{\"@type\":\"ImageObject\",\"inLanguage\":\"es\",\"@id\":\"https:\/\/soclose.mx\/blog\/#\/schema\/logo\/image\/\",\"url\":\"https:\/\/i0.wp.com\/soclose.mx\/blog\/wp-content\/uploads\/2020\/12\/LOGO_SOCLOSE_COLOR-e1608310133507.png?fit=2858%2C1264&ssl=1\",\"contentUrl\":\"https:\/\/i0.wp.com\/soclose.mx\/blog\/wp-content\/uploads\/2020\/12\/LOGO_SOCLOSE_COLOR-e1608310133507.png?fit=2858%2C1264&ssl=1\",\"width\":2858,\"height\":1264,\"caption\":\"So Close\"},\"image\":{\"@id\":\"https:\/\/soclose.mx\/blog\/#\/schema\/logo\/image\/\"}},{\"@type\":\"Person\",\"@id\":\"https:\/\/soclose.mx\/blog\/#\/schema\/person\/cddec6ccd5d7037d286395fb411e23f1\",\"name\":\"Miguel Angel Romero\",\"image\":{\"@type\":\"ImageObject\",\"inLanguage\":\"es\",\"@id\":\"https:\/\/soclose.mx\/blog\/#\/schema\/person\/image\/\",\"url\":\"https:\/\/secure.gravatar.com\/avatar\/45b44006b4f93497bb24d251f77bc39385015bfa120582412df580dbfcbb14f3?s=96&d=mm&r=g\",\"contentUrl\":\"https:\/\/secure.gravatar.com\/avatar\/45b44006b4f93497bb24d251f77bc39385015bfa120582412df580dbfcbb14f3?s=96&d=mm&r=g\",\"caption\":\"Miguel Angel Romero\"},\"sameAs\":[\"http:\/\/\/mikexever.blogspot.com\/\",\"www.facebook.com\/mikexever\/\",\"https:\/\/x.com\/Mikerecomienda\"],\"url\":\"https:\/\/soclose.mx\/blog\/author\/mike\/\"}]}<\/script>\n<!-- \/ Yoast SEO plugin. -->","yoast_head_json":{"title":"Atlixco brilla con la Villa Iluminada - So Close","description":"La\u00a0Villa Iluminada de Atlixco, se encuentra totalmente iluminado y con\u00a0enormes figuras navide\u00f1as.","robots":{"index":"index","follow":"follow","max-snippet":"max-snippet:-1","max-image-preview":"max-image-preview:large","max-video-preview":"max-video-preview:-1"},"canonical":"https:\/\/soclose.mx\/blog\/tag\/juan-rulfo-frases-mujeres\/","og_locale":"es_MX","og_type":"article","og_title":"Atlixco brilla con la Villa Iluminada - So Close","og_description":"La\u00a0Villa Iluminada de Atlixco, se encuentra totalmente iluminado y con\u00a0enormes figuras navide\u00f1as.","og_url":"https:\/\/soclose.mx\/blog\/tag\/juan-rulfo-frases-mujeres\/","og_site_name":"So Close","article_author":"www.facebook.com\/mikexever\/","article_published_time":"2021-12-12T00:51:27+00:00","article_modified_time":"2023-12-26T17:05:58+00:00","og_image":[{"width":1240,"height":700,"url":"https:\/\/i0.wp.com\/soclose.mx\/blog\/wp-content\/uploads\/2021\/12\/Copia-de-Principal-So-Close-blog-2.png?fit=1240%2C700&ssl=1","type":"image\/png"}],"author":"Miguel Angel Romero","twitter_card":"summary_large_image","twitter_creator":"@Mikerecomienda","twitter_misc":{"Escrito por":"Miguel Angel Romero","Tiempo de lectura":"1 minuto"},"schema":{"@context":"https:\/\/schema.org","@graph":[{"@type":"Article","@id":"https:\/\/soclose.mx\/blog\/tag\/juan-rulfo-frases-mujeres\/#article","isPartOf":{"@id":"https:\/\/soclose.mx\/blog\/tag\/juan-rulfo-frases-mujeres\/"},"author":{"name":"Miguel Angel Romero","@id":"https:\/\/soclose.mx\/blog\/#\/schema\/person\/cddec6ccd5d7037d286395fb411e23f1"},"headline":"Atlixco brilla con la Villa Iluminada","datePublished":"2021-12-12T00:51:27+00:00","dateModified":"2023-12-26T17:05:58+00:00","mainEntityOfPage":{"@id":"https:\/\/soclose.mx\/blog\/tag\/juan-rulfo-frases-mujeres\/"},"wordCount":147,"commentCount":0,"publisher":{"@id":"https:\/\/soclose.mx\/blog\/#organization"},"image":{"@id":"https:\/\/soclose.mx\/blog\/tag\/juan-rulfo-frases-mujeres\/#primaryimage"},"thumbnailUrl":"https:\/\/i0.wp.com\/soclose.mx\/blog\/wp-content\/uploads\/2021\/12\/Copia-de-Principal-So-Close-blog-2.png?fit=1240%2C700&ssl=1","keywords":["atlixco","Navidad","puebla","Villa iluminada"],"articleSection":["News feed"],"inLanguage":"es","potentialAction":[{"@type":"CommentAction","name":"Comment","target":["https:\/\/soclose.mx\/blog\/tag\/juan-rulfo-frases-mujeres\/#respond"]}]},{"@type":"WebPage","@id":"https:\/\/soclose.mx\/blog\/tag\/juan-rulfo-frases-mujeres\/","url":"https:\/\/soclose.mx\/blog\/tag\/juan-rulfo-frases-mujeres\/","name":"Atlixco brilla con la Villa Iluminada - So Close","isPartOf":{"@id":"https:\/\/soclose.mx\/blog\/#website"},"primaryImageOfPage":{"@id":"https:\/\/soclose.mx\/blog\/tag\/juan-rulfo-frases-mujeres\/#primaryimage"},"image":{"@id":"https:\/\/soclose.mx\/blog\/tag\/juan-rulfo-frases-mujeres\/#primaryimage"},"thumbnailUrl":"https:\/\/i0.wp.com\/soclose.mx\/blog\/wp-content\/uploads\/2021\/12\/Copia-de-Principal-So-Close-blog-2.png?fit=1240%2C700&ssl=1","datePublished":"2021-12-12T00:51:27+00:00","dateModified":"2023-12-26T17:05:58+00:00","description":"La\u00a0Villa Iluminada de Atlixco, se encuentra totalmente iluminado y con\u00a0enormes figuras navide\u00f1as.","breadcrumb":{"@id":"https:\/\/soclose.mx\/blog\/tag\/juan-rulfo-frases-mujeres\/#breadcrumb"},"inLanguage":"es","potentialAction":[{"@type":"ReadAction","target":["https:\/\/soclose.mx\/blog\/tag\/juan-rulfo-frases-mujeres\/"]}]},{"@type":"ImageObject","inLanguage":"es","@id":"https:\/\/soclose.mx\/blog\/tag\/juan-rulfo-frases-mujeres\/#primaryimage","url":"https:\/\/i0.wp.com\/soclose.mx\/blog\/wp-content\/uploads\/2021\/12\/Copia-de-Principal-So-Close-blog-2.png?fit=1240%2C700&ssl=1","contentUrl":"https:\/\/i0.wp.com\/soclose.mx\/blog\/wp-content\/uploads\/2021\/12\/Copia-de-Principal-So-Close-blog-2.png?fit=1240%2C700&ssl=1","width":1240,"height":700},{"@type":"BreadcrumbList","@id":"https:\/\/soclose.mx\/blog\/tag\/juan-rulfo-frases-mujeres\/#breadcrumb","itemListElement":[{"@type":"ListItem","position":1,"name":"Inicio","item":"https:\/\/soclose.mx\/blog\/"},{"@type":"ListItem","position":2,"name":"Atlixco brilla con la Villa Iluminada"}]},{"@type":"WebSite","@id":"https:\/\/soclose.mx\/blog\/#website","url":"https:\/\/soclose.mx\/blog\/","name":"So Close","description":"Hacemos contenidos de M\u00e9xico","publisher":{"@id":"https:\/\/soclose.mx\/blog\/#organization"},"potentialAction":[{"@type":"SearchAction","target":{"@type":"EntryPoint","urlTemplate":"https:\/\/soclose.mx\/blog\/?s={search_term_string}"},"query-input":{"@type":"PropertyValueSpecification","valueRequired":true,"valueName":"search_term_string"}}],"inLanguage":"es"},{"@type":"Organization","@id":"https:\/\/soclose.mx\/blog\/#organization","name":"So Close","url":"https:\/\/soclose.mx\/blog\/","logo":{"@type":"ImageObject","inLanguage":"es","@id":"https:\/\/soclose.mx\/blog\/#\/schema\/logo\/image\/","url":"https:\/\/i0.wp.com\/soclose.mx\/blog\/wp-content\/uploads\/2020\/12\/LOGO_SOCLOSE_COLOR-e1608310133507.png?fit=2858%2C1264&ssl=1","contentUrl":"https:\/\/i0.wp.com\/soclose.mx\/blog\/wp-content\/uploads\/2020\/12\/LOGO_SOCLOSE_COLOR-e1608310133507.png?fit=2858%2C1264&ssl=1","width":2858,"height":1264,"caption":"So Close"},"image":{"@id":"https:\/\/soclose.mx\/blog\/#\/schema\/logo\/image\/"}},{"@type":"Person","@id":"https:\/\/soclose.mx\/blog\/#\/schema\/person\/cddec6ccd5d7037d286395fb411e23f1","name":"Miguel Angel Romero","image":{"@type":"ImageObject","inLanguage":"es","@id":"https:\/\/soclose.mx\/blog\/#\/schema\/person\/image\/","url":"https:\/\/secure.gravatar.com\/avatar\/45b44006b4f93497bb24d251f77bc39385015bfa120582412df580dbfcbb14f3?s=96&d=mm&r=g","contentUrl":"https:\/\/secure.gravatar.com\/avatar\/45b44006b4f93497bb24d251f77bc39385015bfa120582412df580dbfcbb14f3?s=96&d=mm&r=g","caption":"Miguel Angel Romero"},"sameAs":["http:\/\/\/mikexever.blogspot.com\/","www.facebook.com\/mikexever\/","https:\/\/x.com\/Mikerecomienda"],"url":"https:\/\/soclose.mx\/blog\/author\/mike\/"}]}},"jetpack_featured_media_url":"https:\/\/i0.wp.com\/soclose.mx\/blog\/wp-content\/uploads\/2021\/12\/Copia-de-Principal-So-Close-blog-2.png?fit=1240%2C700&ssl=1","jetpack-related-posts":[{"id":7761,"url":"https:\/\/soclose.mx\/blog\/news-feed\/luztopia-iluminara-nuevo-leon-monterrey\/","url_meta":{"origin":7991,"position":0},"title":"Luztop\u00eda iluminar\u00e1 (otra vez) Nuevo L\u00e9on, Monterrey","author":"Miguel Angel Romero","date":"5 noviembre, 2021","format":false,"excerpt":"El festival de luces\u00a0\u201cLuztopia\u201d\u00a0en su edici\u00f3n\u00a02021 regresa al Parque Fundidora con una gran n\u00famero de sorpresas, entre ellas la renovaci\u00f3n de las figuras luminosas, todo con un toque mexicano. El evento de Nuevo Le\u00f3n, Monterrey que inicia el 18 de noviembre y finalizar\u00e1 el 16 de enero consta de un\u2026","rel":"","context":"En &quot;News feed&quot;","block_context":{"text":"News feed","link":"https:\/\/soclose.mx\/blog\/category\/news-feed\/"},"img":{"alt_text":"","src":"https:\/\/i0.wp.com\/soclose.mx\/blog\/wp-content\/uploads\/2021\/11\/Copia-de-Principal-So-Close-blog-4-2.png?fit=1200%2C677&ssl=1&resize=350%2C200","width":350,"height":200,"srcset":"https:\/\/i0.wp.com\/soclose.mx\/blog\/wp-content\/uploads\/2021\/11\/Copia-de-Principal-So-Close-blog-4-2.png?fit=1200%2C677&ssl=1&resize=350%2C200 1x, https:\/\/i0.wp.com\/soclose.mx\/blog\/wp-content\/uploads\/2021\/11\/Copia-de-Principal-So-Close-blog-4-2.png?fit=1200%2C677&ssl=1&resize=525%2C300 1.5x, https:\/\/i0.wp.com\/soclose.mx\/blog\/wp-content\/uploads\/2021\/11\/Copia-de-Principal-So-Close-blog-4-2.png?fit=1200%2C677&ssl=1&resize=700%2C400 2x, https:\/\/i0.wp.com\/soclose.mx\/blog\/wp-content\/uploads\/2021\/11\/Copia-de-Principal-So-Close-blog-4-2.png?fit=1200%2C677&ssl=1&resize=1050%2C600 3x"},"classes":[]},{"id":14939,"url":"https:\/\/soclose.mx\/blog\/news-feed\/valle-de-catrinas-atlixco-2025-guia-para-visitarlas\/","url_meta":{"origin":7991,"position":1},"title":"Valle de Catrinas Atlixco 2025: gu\u00eda para visitarlas","author":"So Close","date":"24 octubre, 2025","format":false,"excerpt":"El Valle de Catrinas Atlixco 2025 es una experiencia \u00fanica que se celebra cada a\u00f1o para honrar la tradici\u00f3n del D\u00eda de Muertos con arte y cultura viva. En 2025, esta festividad contar\u00e1 con 22 impresionantes esculturas monumentales de catrinas, muchas de las cuales se alzan hasta ocho metros de\u2026","rel":"","context":"En &quot;News feed&quot;","block_context":{"text":"News feed","link":"https:\/\/soclose.mx\/blog\/category\/news-feed\/"},"img":{"alt_text":"Catrina en Atlixco","src":"https:\/\/i0.wp.com\/soclose.mx\/blog\/wp-content\/uploads\/2025\/10\/Catrina-en-Atlixco.jpg?fit=1200%2C675&ssl=1&resize=350%2C200","width":350,"height":200,"srcset":"https:\/\/i0.wp.com\/soclose.mx\/blog\/wp-content\/uploads\/2025\/10\/Catrina-en-Atlixco.jpg?fit=1200%2C675&ssl=1&resize=350%2C200 1x, https:\/\/i0.wp.com\/soclose.mx\/blog\/wp-content\/uploads\/2025\/10\/Catrina-en-Atlixco.jpg?fit=1200%2C675&ssl=1&resize=525%2C300 1.5x, https:\/\/i0.wp.com\/soclose.mx\/blog\/wp-content\/uploads\/2025\/10\/Catrina-en-Atlixco.jpg?fit=1200%2C675&ssl=1&resize=700%2C400 2x, https:\/\/i0.wp.com\/soclose.mx\/blog\/wp-content\/uploads\/2025\/10\/Catrina-en-Atlixco.jpg?fit=1200%2C675&ssl=1&resize=1050%2C600 3x"},"classes":[]},{"id":7236,"url":"https:\/\/soclose.mx\/blog\/news-feed\/puebla-esta-en-el-aire-primer-festival-del-globo-en-atlixco\/","url_meta":{"origin":7991,"position":2},"title":"\u00a1Puebla est\u00e1 en el aire!: Primer Festival del Globo en Atlixco","author":"Miguel Angel Romero","date":"17 septiembre, 2021","format":false,"excerpt":"Se alista el primer\u00a0Festival del Globo\u00a0\u201cPuebla est\u00e1 en el aire\u201d en\u00a0Atlixco, Puebla, donde el\u00a02 y 3 de octubre en el Parque Xtremo, podr\u00e1s disfrutar decenas de\u00a0globos aerost\u00e1ticos en pleno vuelo. Se presentar\u00e1n 25\u00a0 en los cuales se planean ofrecer experiencias como: \u201cEl vuelo del alba\u201d, un recorrido d\u00f3nde se podr\u00e1n\u2026","rel":"","context":"En &quot;News feed&quot;","block_context":{"text":"News feed","link":"https:\/\/soclose.mx\/blog\/category\/news-feed\/"},"img":{"alt_text":"","src":"https:\/\/i0.wp.com\/soclose.mx\/blog\/wp-content\/uploads\/2021\/09\/Principal-So-Close-blog-13-2.jpg?fit=1200%2C677&ssl=1&resize=350%2C200","width":350,"height":200,"srcset":"https:\/\/i0.wp.com\/soclose.mx\/blog\/wp-content\/uploads\/2021\/09\/Principal-So-Close-blog-13-2.jpg?fit=1200%2C677&ssl=1&resize=350%2C200 1x, https:\/\/i0.wp.com\/soclose.mx\/blog\/wp-content\/uploads\/2021\/09\/Principal-So-Close-blog-13-2.jpg?fit=1200%2C677&ssl=1&resize=525%2C300 1.5x, https:\/\/i0.wp.com\/soclose.mx\/blog\/wp-content\/uploads\/2021\/09\/Principal-So-Close-blog-13-2.jpg?fit=1200%2C677&ssl=1&resize=700%2C400 2x, https:\/\/i0.wp.com\/soclose.mx\/blog\/wp-content\/uploads\/2021\/09\/Principal-So-Close-blog-13-2.jpg?fit=1200%2C677&ssl=1&resize=1050%2C600 3x"},"classes":[]},{"id":12053,"url":"https:\/\/soclose.mx\/blog\/mitos-y-leyendas-mexicanos\/siete-formas-de-celebrar-el-dia-de-muertos\/","url_meta":{"origin":7991,"position":3},"title":"Siete formas de celebrar el D\u00eda de Muertos","author":"Emmanuel Oviedo","date":"28 febrero, 2024","format":false,"excerpt":"Las festividades y elementos culturales que nos hacen sentir orgullo de M\u00e9xico, tocan nuestras ra\u00edces m\u00e1s profundas y forman parte de nuestra herencia hist\u00f3rica. Desde tiempos prehisp\u00e1nicos ha permanecido entre los mexicanos una creencia sobrenatural: el culto por la muerte, por eso te recordamos aqu\u00ed algunas formas de celebrar el\u2026","rel":"","context":"En &quot;\u00a1Ay nanita!&quot;","block_context":{"text":"\u00a1Ay nanita!","link":"https:\/\/soclose.mx\/blog\/category\/mitos-y-leyendas-mexicanos\/"},"img":{"alt_text":"D\u00eda de Muertos como celebrar","src":"https:\/\/i0.wp.com\/soclose.mx\/blog\/wp-content\/uploads\/2023\/07\/day-of-the-dead-g1b048d305_1280.jpg?fit=1200%2C800&ssl=1&resize=350%2C200","width":350,"height":200,"srcset":"https:\/\/i0.wp.com\/soclose.mx\/blog\/wp-content\/uploads\/2023\/07\/day-of-the-dead-g1b048d305_1280.jpg?fit=1200%2C800&ssl=1&resize=350%2C200 1x, https:\/\/i0.wp.com\/soclose.mx\/blog\/wp-content\/uploads\/2023\/07\/day-of-the-dead-g1b048d305_1280.jpg?fit=1200%2C800&ssl=1&resize=525%2C300 1.5x, https:\/\/i0.wp.com\/soclose.mx\/blog\/wp-content\/uploads\/2023\/07\/day-of-the-dead-g1b048d305_1280.jpg?fit=1200%2C800&ssl=1&resize=700%2C400 2x, https:\/\/i0.wp.com\/soclose.mx\/blog\/wp-content\/uploads\/2023\/07\/day-of-the-dead-g1b048d305_1280.jpg?fit=1200%2C800&ssl=1&resize=1050%2C600 3x"},"classes":[]},{"id":10748,"url":"https:\/\/soclose.mx\/blog\/news-feed\/llega-el-festival-del-ovni-a-atlixco-puebla\/","url_meta":{"origin":7991,"position":4},"title":"\u00a1Llega el Festival del OVNI a Atlixco, Puebla!","author":"Daniel Ram\u00edrez","date":"28 julio, 2022","format":false,"excerpt":"\"Los marcianos llegaron ya, y llegaron bailando ricach\u00e1...\", as\u00ed suena la canci\u00f3n Los Marcianos, de Tito Rodr\u00edguez y su Orquesta. Esta bien podr\u00eda estar incluida en el soundtrack de la primera edici\u00f3n del \"Festival OVNI Atlixco-Metepec\", que realizar\u00e1 en el Pueblo M\u00e1gico de Atlixco, Puebla. Este espect\u00e1culo se llevar\u00e1 a\u2026","rel":"","context":"En &quot;News feed&quot;","block_context":{"text":"News feed","link":"https:\/\/soclose.mx\/blog\/category\/news-feed\/"},"img":{"alt_text":"","src":"https:\/\/i0.wp.com\/soclose.mx\/blog\/wp-content\/uploads\/2022\/07\/WhatsApp-Image-2022-07-28-at-7.20.16-PM.jpeg?fit=900%2C900&ssl=1&resize=350%2C200","width":350,"height":200,"srcset":"https:\/\/i0.wp.com\/soclose.mx\/blog\/wp-content\/uploads\/2022\/07\/WhatsApp-Image-2022-07-28-at-7.20.16-PM.jpeg?fit=900%2C900&ssl=1&resize=350%2C200 1x, https:\/\/i0.wp.com\/soclose.mx\/blog\/wp-content\/uploads\/2022\/07\/WhatsApp-Image-2022-07-28-at-7.20.16-PM.jpeg?fit=900%2C900&ssl=1&resize=525%2C300 1.5x, https:\/\/i0.wp.com\/soclose.mx\/blog\/wp-content\/uploads\/2022\/07\/WhatsApp-Image-2022-07-28-at-7.20.16-PM.jpeg?fit=900%2C900&ssl=1&resize=700%2C400 2x"},"classes":[]},{"id":6942,"url":"https:\/\/soclose.mx\/blog\/news-feed\/primer-festival-del-aguacate-en-atlixco-puebla\/","url_meta":{"origin":7991,"position":5},"title":"Primer festival del aguacate en Atlixco, Puebla","author":"Miguel Angel Romero","date":"24 agosto, 2021","format":false,"excerpt":"Si t\u00fa eres amante del aguacate, entonces prep\u00e1rate porque el pr\u00f3ximo 28 y 29 de agosto se llevar\u00e1 a cabo el primer Festival del Aguacate en Atlixco, Puebla. El poblado no s\u00f3lo se cuenta con una buena producci\u00f3n de este fruto, sino que adem\u00e1s ya posee\u00a0un d\u00eda dedicado a \u00e9l,\u2026","rel":"","context":"En &quot;News feed&quot;","block_context":{"text":"News feed","link":"https:\/\/soclose.mx\/blog\/category\/news-feed\/"},"img":{"alt_text":"","src":"https:\/\/i0.wp.com\/soclose.mx\/blog\/wp-content\/uploads\/2021\/08\/Principal-So-Close-blog-21.jpg?fit=1200%2C677&ssl=1&resize=350%2C200","width":350,"height":200,"srcset":"https:\/\/i0.wp.com\/soclose.mx\/blog\/wp-content\/uploads\/2021\/08\/Principal-So-Close-blog-21.jpg?fit=1200%2C677&ssl=1&resize=350%2C200 1x, https:\/\/i0.wp.com\/soclose.mx\/blog\/wp-content\/uploads\/2021\/08\/Principal-So-Close-blog-21.jpg?fit=1200%2C677&ssl=1&resize=525%2C300 1.5x, https:\/\/i0.wp.com\/soclose.mx\/blog\/wp-content\/uploads\/2021\/08\/Principal-So-Close-blog-21.jpg?fit=1200%2C677&ssl=1&resize=700%2C400 2x, https:\/\/i0.wp.com\/soclose.mx\/blog\/wp-content\/uploads\/2021\/08\/Principal-So-Close-blog-21.jpg?fit=1200%2C677&ssl=1&resize=1050%2C600 3x"},"classes":[]}],"jetpack_sharing_enabled":true,"_links":{"self":[{"href":"https:\/\/soclose.mx\/blog\/wp-json\/wp\/v2\/posts\/7991","targetHints":{"allow":["GET"]}}],"collection":[{"href":"https:\/\/soclose.mx\/blog\/wp-json\/wp\/v2\/posts"}],"about":[{"href":"https:\/\/soclose.mx\/blog\/wp-json\/wp\/v2\/types\/post"}],"author":[{"embeddable":true,"href":"https:\/\/soclose.mx\/blog\/wp-json\/wp\/v2\/users\/8"}],"replies":[{"embeddable":true,"href":"https:\/\/soclose.mx\/blog\/wp-json\/wp\/v2\/comments?post=7991"}],"version-history":[{"count":1,"href":"https:\/\/soclose.mx\/blog\/wp-json\/wp\/v2\/posts\/7991\/revisions"}],"predecessor-version":[{"id":12892,"href":"https:\/\/soclose.mx\/blog\/wp-json\/wp\/v2\/posts\/7991\/revisions\/12892"}],"wp:featuredmedia":[{"embeddable":true,"href":"https:\/\/soclose.mx\/blog\/wp-json\/wp\/v2\/media\/7992"}],"wp:attachment":[{"href":"https:\/\/soclose.mx\/blog\/wp-json\/wp\/v2\/media?parent=7991"}],"wp:term":[{"taxonomy":"category","embeddable":true,"href":"https:\/\/soclose.mx\/blog\/wp-json\/wp\/v2\/categories?post=7991"},{"taxonomy":"post_tag","embeddable":true,"href":"https:\/\/soclose.mx\/blog\/wp-json\/wp\/v2\/tags?post=7991"}],"curies":[{"name":"wp","href":"https:\/\/api.w.org\/{rel}","templated":true}]}}