{"id":8056,"date":"2021-12-25T09:12:42","date_gmt":"2021-12-25T15:12:42","guid":{"rendered":"https:\/\/soclose.mx\/blog\/?p=8056"},"modified":"2021-12-19T23:07:51","modified_gmt":"2021-12-20T05:07:51","slug":"callejon-del-dicho-un-curioso-espacio-de-real-del-monte","status":"publish","type":"post","link":"https:\/\/soclose.mx\/blog\/lugares\/callejon-del-dicho-un-curioso-espacio-de-real-del-monte\/","title":{"rendered":"Callej\u00f3n del Dicho: Un curioso espacio de Real del Monte"},"content":{"rendered":"<p>El\u00a0<strong>Callej\u00f3n del Dicho<\/strong>\u00a0es una simp\u00e1tica y estrecha callecita donde puedes observar\u00a0<strong>frases<\/strong>,\u00a0<strong>chistes<\/strong>\u00a0y\u00a0<strong>dichos populares.<\/strong><\/p>\n<p>Es un breve espacio que se suma a las hermosas <strong>calles adoquinadas y a la arquitectura de estilo ingl\u00e9s<\/strong>, en donde es posible hacer paseos por minas, diversos talleres y tiendas de plata, as\u00ed como bosques y monta\u00f1as.<\/p>\n<p>En este callej\u00f3n de<strong> Real del Monte, Hidalgo<\/strong> se plasman las expresiones de los<strong>\u00a0mineros<\/strong> que, de una manera divertida y chusca, comparten sus vivencias, alegr\u00edas y hasta sus penas.<\/p>\n<p>Es un sitio particular que en la \u00e9poca prehisp\u00e1nica se llam\u00f3 <strong>Magotsi<\/strong>, que en Otom\u00ed\u00a0puede traducirse como el paso del portillo ya que justo por ah\u00ed pasaban las personas del se\u00f1or\u00edo de <strong>Metztitlan<\/strong> para dirigirse a la gran <strong>Tenochtitl\u00e1n<\/strong>, y que hoy en d\u00eda se llama <strong>Real del Monte<\/strong>.<\/p>\n<p><strong>\u00a0<\/strong>Aqu\u00ed podr\u00e1s\u00a0<strong>conocer m\u00e1s de 50 dichos<\/strong> que est\u00e1n plasmados a trav\u00e9s del tiempo, ya que cualquier que pase por aqu\u00ed podr\u00e1 leer palabras que tanto caracterizan al humor en <strong>M\u00e9xico<\/strong>.<\/p>\n<p>El\u00a0<strong>Callej\u00f3n del Dicho<\/strong>\u00a0reabri\u00f3 al p\u00fablico durante el\u00a0<strong>XX Festival de la Plata<\/strong>,<strong>\u00a0<\/strong>y desde entonces ha atra\u00eddo a propios y extra\u00f1os, quienes toman fotos, hacen videos o simplemente se r\u00eden con las ocurrencias plasmadas en las paredes.<\/p>\n<blockquote class=\"instagram-media\" style=\"background: #FFF; border: 0; border-radius: 3px; box-shadow: 0 0 1px 0 rgba(0,0,0,0.5),0 1px 10px 0 rgba(0,0,0,0.15); margin: 1px; max-width: 540px; min-width: 326px; padding: 0; width: calc(100% - 2px);\" data-instgrm-captioned=\"\" data-instgrm-permalink=\"https:\/\/www.instagram.com\/p\/CF8rpp9ji_g\/?utm_source=ig_embed&amp;utm_campaign=loading\" data-instgrm-version=\"14\">\n<div style=\"padding: 16px;\">\n<p>&nbsp;<\/p>\n<div style=\"display: flex; flex-direction: row; align-items: center;\">\n<div style=\"background-color: #f4f4f4; border-radius: 50%; flex-grow: 0; height: 40px; margin-right: 14px; width: 40px;\"><\/div>\n<div style=\"display: flex; flex-direction: column; flex-grow: 1; justify-content: center;\">\n<div style=\"background-color: #f4f4f4; border-radius: 4px; flex-grow: 0; height: 14px; margin-bottom: 6px; width: 100px;\"><\/div>\n<div style=\"background-color: #f4f4f4; border-radius: 4px; flex-grow: 0; height: 14px; width: 60px;\"><\/div>\n<\/div>\n<\/div>\n<div style=\"padding: 19% 0;\"><\/div>\n<div style=\"display: block; height: 50px; margin: 0 auto 12px; width: 50px;\"><\/div>\n<div style=\"padding-top: 8px;\">\n<div style=\"color: #3897f0; font-family: Arial,sans-serif; font-size: 14px; font-style: normal; font-weight: 550; line-height: 18px;\">Ver esta publicaci\u00f3n en Instagram<\/div>\n<\/div>\n<div style=\"padding: 12.5% 0;\"><\/div>\n<div style=\"display: flex; flex-direction: row; margin-bottom: 14px; align-items: center;\">\n<div>\n<div style=\"background-color: #f4f4f4; border-radius: 50%; height: 12.5px; width: 12.5px; transform: translateX(0px) translateY(7px);\"><\/div>\n<div style=\"background-color: #f4f4f4; height: 12.5px; transform: rotate(-45deg) translateX(3px) translateY(1px); width: 12.5px; flex-grow: 0; margin-right: 14px; margin-left: 2px;\"><\/div>\n<div style=\"background-color: #f4f4f4; border-radius: 50%; height: 12.5px; width: 12.5px; transform: translateX(9px) translateY(-18px);\"><\/div>\n<\/div>\n<div style=\"margin-left: 8px;\">\n<div style=\"background-color: #f4f4f4; border-radius: 50%; flex-grow: 0; height: 20px; width: 20px;\"><\/div>\n<div style=\"width: 0; height: 0; border-top: 2px solid transparent; border-left: 6px solid #f4f4f4; border-bottom: 2px solid transparent; transform: translateX(16px) translateY(-4px) rotate(30deg);\"><\/div>\n<\/div>\n<div style=\"margin-left: auto;\">\n<div style=\"width: 0px; border-top: 8px solid #F4F4F4; border-right: 8px solid transparent; transform: translateY(16px);\"><\/div>\n<div style=\"background-color: #f4f4f4; flex-grow: 0; height: 12px; width: 16px; transform: translateY(-4px);\"><\/div>\n<div style=\"width: 0; height: 0; border-top: 8px solid #F4F4F4; border-left: 8px solid transparent; transform: translateY(-4px) translateX(8px);\"><\/div>\n<\/div>\n<\/div>\n<div style=\"display: flex; flex-direction: column; flex-grow: 1; justify-content: center; margin-bottom: 24px;\">\n<div style=\"background-color: #f4f4f4; border-radius: 4px; flex-grow: 0; height: 14px; margin-bottom: 6px; width: 224px;\"><\/div>\n<div style=\"background-color: #f4f4f4; border-radius: 4px; flex-grow: 0; height: 14px; width: 144px;\"><\/div>\n<\/div>\n<p>&nbsp;<\/p>\n<p style=\"color: #c9c8cd; font-family: Arial,sans-serif; font-size: 14px; line-height: 17px; margin-bottom: 0; margin-top: 8px; overflow: hidden; padding: 8px 0 7px; text-align: center; text-overflow: ellipsis; white-space: nowrap;\"><a style=\"color: #c9c8cd; font-family: Arial,sans-serif; font-size: 14px; font-style: normal; font-weight: normal; line-height: 17px; text-decoration: none;\" href=\"https:\/\/www.instagram.com\/p\/CF8rpp9ji_g\/?utm_source=ig_embed&amp;utm_campaign=loading\" target=\"_blank\" rel=\"noopener\">Una publicaci\u00f3n compartida por Israel Munoz (@isramuhi)<\/a><\/p>\n<\/div>\n<\/blockquote>\n<p><script async src=\"\/\/www.instagram.com\/embed.js\"><\/script><\/p>\n","protected":false},"excerpt":{"rendered":"<p>El\u00a0Callej\u00f3n del Dicho\u00a0es una simp\u00e1tica y estrecha callecita donde puedes observar\u00a0frases,\u00a0chistes\u00a0y\u00a0dichos populares. Es un breve espacio que se suma a las hermosas calles adoquinadas y a la arquitectura de estilo ingl\u00e9s, en donde es posible hacer paseos por minas, diversos talleres y tiendas de plata, as\u00ed como bosques y monta\u00f1as. En este callej\u00f3n de Real del Monte, Hidalgo se plasman las expresiones de los\u00a0mineros que, de una manera divertida y chusca, comparten sus vivencias, alegr\u00edas y hasta sus penas. Es un sitio particular que en la \u00e9poca prehisp\u00e1nica se llam\u00f3 Magotsi, que en Otom\u00ed\u00a0puede traducirse como el paso del portillo<\/p>\n","protected":false},"author":8,"featured_media":8057,"comment_status":"open","ping_status":"open","sticky":false,"template":"","format":"standard","meta":{"_jetpack_memberships_contains_paid_content":false,"footnotes":""},"categories":[1,3],"tags":[1609,489,1608,1607],"class_list":["post-8056","post","type-post","status-publish","format-standard","has-post-thumbnail","hentry","category-ay-goeeee","category-lugares","tag-callejon-del-dicho","tag-hidalgo","tag-omitlan-de-juarez","tag-real-del-monte"],"yoast_head":"<!-- This site is optimized with the Yoast SEO plugin v26.7 - https:\/\/yoast.com\/wordpress\/plugins\/seo\/ -->\n<title>Callej\u00f3n del Dicho: Un curioso espacio de Real del Monte - So Close<\/title>\n<meta name=\"robots\" content=\"index, follow, max-snippet:-1, max-image-preview:large, max-video-preview:-1\" \/>\n<link rel=\"canonical\" href=\"https:\/\/soclose.mx\/blog\/tag\/juan-rulfo-frases-mujeres\/\" \/>\n<meta property=\"og:locale\" content=\"es_MX\" \/>\n<meta property=\"og:type\" content=\"article\" \/>\n<meta property=\"og:title\" content=\"Callej\u00f3n del Dicho: Un curioso espacio de Real del Monte - So Close\" \/>\n<meta property=\"og:description\" content=\"El\u00a0Callej\u00f3n del Dicho\u00a0es una simp\u00e1tica y estrecha callecita donde puedes observar\u00a0frases,\u00a0chistes\u00a0y\u00a0dichos populares. Es un breve espacio que se suma a las hermosas calles adoquinadas y a la arquitectura de estilo ingl\u00e9s, en donde es posible hacer paseos por minas, diversos talleres y tiendas de plata, as\u00ed como bosques y monta\u00f1as. En este callej\u00f3n de Real del Monte, Hidalgo se plasman las expresiones de los\u00a0mineros que, de una manera divertida y chusca, comparten sus vivencias, alegr\u00edas y hasta sus penas. Es un sitio particular que en la \u00e9poca prehisp\u00e1nica se llam\u00f3 Magotsi, que en Otom\u00ed\u00a0puede traducirse como el paso del portillo\" \/>\n<meta property=\"og:url\" content=\"https:\/\/soclose.mx\/blog\/tag\/juan-rulfo-frases-mujeres\/\" \/>\n<meta property=\"og:site_name\" content=\"So Close\" \/>\n<meta property=\"article:author\" content=\"www.facebook.com\/mikexever\/\" \/>\n<meta property=\"article:published_time\" content=\"2021-12-25T15:12:42+00:00\" \/>\n<meta property=\"og:image\" content=\"https:\/\/i0.wp.com\/soclose.mx\/blog\/wp-content\/uploads\/2021\/12\/Copia-de-Principal-So-Close-blog-5-1.png?fit=1240%2C700&ssl=1\" \/>\n\t<meta property=\"og:image:width\" content=\"1240\" \/>\n\t<meta property=\"og:image:height\" content=\"700\" \/>\n\t<meta property=\"og:image:type\" content=\"image\/png\" \/>\n<meta name=\"author\" content=\"Miguel Angel Romero\" \/>\n<meta name=\"twitter:card\" content=\"summary_large_image\" \/>\n<meta name=\"twitter:creator\" content=\"@Mikerecomienda\" \/>\n<meta name=\"twitter:label1\" content=\"Escrito por\" \/>\n\t<meta name=\"twitter:data1\" content=\"Miguel Angel Romero\" \/>\n\t<meta name=\"twitter:label2\" content=\"Tiempo de lectura\" \/>\n\t<meta name=\"twitter:data2\" content=\"1 minuto\" \/>\n<script type=\"application\/ld+json\" class=\"yoast-schema-graph\">{\"@context\":\"https:\/\/schema.org\",\"@graph\":[{\"@type\":\"Article\",\"@id\":\"https:\/\/soclose.mx\/blog\/tag\/juan-rulfo-frases-mujeres\/#article\",\"isPartOf\":{\"@id\":\"https:\/\/soclose.mx\/blog\/tag\/juan-rulfo-frases-mujeres\/\"},\"author\":{\"name\":\"Miguel Angel Romero\",\"@id\":\"https:\/\/soclose.mx\/blog\/#\/schema\/person\/cddec6ccd5d7037d286395fb411e23f1\"},\"headline\":\"Callej\u00f3n del Dicho: Un curioso espacio de Real del Monte\",\"datePublished\":\"2021-12-25T15:12:42+00:00\",\"mainEntityOfPage\":{\"@id\":\"https:\/\/soclose.mx\/blog\/tag\/juan-rulfo-frases-mujeres\/\"},\"wordCount\":253,\"commentCount\":0,\"publisher\":{\"@id\":\"https:\/\/soclose.mx\/blog\/#organization\"},\"image\":{\"@id\":\"https:\/\/soclose.mx\/blog\/tag\/juan-rulfo-frases-mujeres\/#primaryimage\"},\"thumbnailUrl\":\"https:\/\/i0.wp.com\/soclose.mx\/blog\/wp-content\/uploads\/2021\/12\/Copia-de-Principal-So-Close-blog-5-1.png?fit=1240%2C700&ssl=1\",\"keywords\":[\"Callej\u00f3n del dicho\",\"hidalgo\",\"Omitl\u00e1n de Ju\u00e1rez\",\"Real del Monte\"],\"articleSection\":[\"\u00a1Ay goeeee!\",\"Lugares\"],\"inLanguage\":\"es\",\"potentialAction\":[{\"@type\":\"CommentAction\",\"name\":\"Comment\",\"target\":[\"https:\/\/soclose.mx\/blog\/tag\/juan-rulfo-frases-mujeres\/#respond\"]}]},{\"@type\":\"WebPage\",\"@id\":\"https:\/\/soclose.mx\/blog\/tag\/juan-rulfo-frases-mujeres\/\",\"url\":\"https:\/\/soclose.mx\/blog\/tag\/juan-rulfo-frases-mujeres\/\",\"name\":\"Callej\u00f3n del Dicho: Un curioso espacio de Real del Monte - So Close\",\"isPartOf\":{\"@id\":\"https:\/\/soclose.mx\/blog\/#website\"},\"primaryImageOfPage\":{\"@id\":\"https:\/\/soclose.mx\/blog\/tag\/juan-rulfo-frases-mujeres\/#primaryimage\"},\"image\":{\"@id\":\"https:\/\/soclose.mx\/blog\/tag\/juan-rulfo-frases-mujeres\/#primaryimage\"},\"thumbnailUrl\":\"https:\/\/i0.wp.com\/soclose.mx\/blog\/wp-content\/uploads\/2021\/12\/Copia-de-Principal-So-Close-blog-5-1.png?fit=1240%2C700&ssl=1\",\"datePublished\":\"2021-12-25T15:12:42+00:00\",\"breadcrumb\":{\"@id\":\"https:\/\/soclose.mx\/blog\/tag\/juan-rulfo-frases-mujeres\/#breadcrumb\"},\"inLanguage\":\"es\",\"potentialAction\":[{\"@type\":\"ReadAction\",\"target\":[\"https:\/\/soclose.mx\/blog\/tag\/juan-rulfo-frases-mujeres\/\"]}]},{\"@type\":\"ImageObject\",\"inLanguage\":\"es\",\"@id\":\"https:\/\/soclose.mx\/blog\/tag\/juan-rulfo-frases-mujeres\/#primaryimage\",\"url\":\"https:\/\/i0.wp.com\/soclose.mx\/blog\/wp-content\/uploads\/2021\/12\/Copia-de-Principal-So-Close-blog-5-1.png?fit=1240%2C700&ssl=1\",\"contentUrl\":\"https:\/\/i0.wp.com\/soclose.mx\/blog\/wp-content\/uploads\/2021\/12\/Copia-de-Principal-So-Close-blog-5-1.png?fit=1240%2C700&ssl=1\",\"width\":1240,\"height\":700},{\"@type\":\"BreadcrumbList\",\"@id\":\"https:\/\/soclose.mx\/blog\/tag\/juan-rulfo-frases-mujeres\/#breadcrumb\",\"itemListElement\":[{\"@type\":\"ListItem\",\"position\":1,\"name\":\"Inicio\",\"item\":\"https:\/\/soclose.mx\/blog\/\"},{\"@type\":\"ListItem\",\"position\":2,\"name\":\"Callej\u00f3n del Dicho: Un curioso espacio de Real del Monte\"}]},{\"@type\":\"WebSite\",\"@id\":\"https:\/\/soclose.mx\/blog\/#website\",\"url\":\"https:\/\/soclose.mx\/blog\/\",\"name\":\"So Close\",\"description\":\"Hacemos contenidos de M\u00e9xico\",\"publisher\":{\"@id\":\"https:\/\/soclose.mx\/blog\/#organization\"},\"potentialAction\":[{\"@type\":\"SearchAction\",\"target\":{\"@type\":\"EntryPoint\",\"urlTemplate\":\"https:\/\/soclose.mx\/blog\/?s={search_term_string}\"},\"query-input\":{\"@type\":\"PropertyValueSpecification\",\"valueRequired\":true,\"valueName\":\"search_term_string\"}}],\"inLanguage\":\"es\"},{\"@type\":\"Organization\",\"@id\":\"https:\/\/soclose.mx\/blog\/#organization\",\"name\":\"So Close\",\"url\":\"https:\/\/soclose.mx\/blog\/\",\"logo\":{\"@type\":\"ImageObject\",\"inLanguage\":\"es\",\"@id\":\"https:\/\/soclose.mx\/blog\/#\/schema\/logo\/image\/\",\"url\":\"https:\/\/i0.wp.com\/soclose.mx\/blog\/wp-content\/uploads\/2020\/12\/LOGO_SOCLOSE_COLOR-e1608310133507.png?fit=2858%2C1264&ssl=1\",\"contentUrl\":\"https:\/\/i0.wp.com\/soclose.mx\/blog\/wp-content\/uploads\/2020\/12\/LOGO_SOCLOSE_COLOR-e1608310133507.png?fit=2858%2C1264&ssl=1\",\"width\":2858,\"height\":1264,\"caption\":\"So Close\"},\"image\":{\"@id\":\"https:\/\/soclose.mx\/blog\/#\/schema\/logo\/image\/\"}},{\"@type\":\"Person\",\"@id\":\"https:\/\/soclose.mx\/blog\/#\/schema\/person\/cddec6ccd5d7037d286395fb411e23f1\",\"name\":\"Miguel Angel Romero\",\"image\":{\"@type\":\"ImageObject\",\"inLanguage\":\"es\",\"@id\":\"https:\/\/soclose.mx\/blog\/#\/schema\/person\/image\/\",\"url\":\"https:\/\/secure.gravatar.com\/avatar\/45b44006b4f93497bb24d251f77bc39385015bfa120582412df580dbfcbb14f3?s=96&d=mm&r=g\",\"contentUrl\":\"https:\/\/secure.gravatar.com\/avatar\/45b44006b4f93497bb24d251f77bc39385015bfa120582412df580dbfcbb14f3?s=96&d=mm&r=g\",\"caption\":\"Miguel Angel Romero\"},\"sameAs\":[\"http:\/\/\/mikexever.blogspot.com\/\",\"www.facebook.com\/mikexever\/\",\"https:\/\/x.com\/Mikerecomienda\"],\"url\":\"https:\/\/soclose.mx\/blog\/author\/mike\/\"}]}<\/script>\n<!-- \/ Yoast SEO plugin. -->","yoast_head_json":{"title":"Callej\u00f3n del Dicho: Un curioso espacio de Real del Monte - So Close","robots":{"index":"index","follow":"follow","max-snippet":"max-snippet:-1","max-image-preview":"max-image-preview:large","max-video-preview":"max-video-preview:-1"},"canonical":"https:\/\/soclose.mx\/blog\/tag\/juan-rulfo-frases-mujeres\/","og_locale":"es_MX","og_type":"article","og_title":"Callej\u00f3n del Dicho: Un curioso espacio de Real del Monte - So Close","og_description":"El\u00a0Callej\u00f3n del Dicho\u00a0es una simp\u00e1tica y estrecha callecita donde puedes observar\u00a0frases,\u00a0chistes\u00a0y\u00a0dichos populares. Es un breve espacio que se suma a las hermosas calles adoquinadas y a la arquitectura de estilo ingl\u00e9s, en donde es posible hacer paseos por minas, diversos talleres y tiendas de plata, as\u00ed como bosques y monta\u00f1as. En este callej\u00f3n de Real del Monte, Hidalgo se plasman las expresiones de los\u00a0mineros que, de una manera divertida y chusca, comparten sus vivencias, alegr\u00edas y hasta sus penas. Es un sitio particular que en la \u00e9poca prehisp\u00e1nica se llam\u00f3 Magotsi, que en Otom\u00ed\u00a0puede traducirse como el paso del portillo","og_url":"https:\/\/soclose.mx\/blog\/tag\/juan-rulfo-frases-mujeres\/","og_site_name":"So Close","article_author":"www.facebook.com\/mikexever\/","article_published_time":"2021-12-25T15:12:42+00:00","og_image":[{"width":1240,"height":700,"url":"https:\/\/i0.wp.com\/soclose.mx\/blog\/wp-content\/uploads\/2021\/12\/Copia-de-Principal-So-Close-blog-5-1.png?fit=1240%2C700&ssl=1","type":"image\/png"}],"author":"Miguel Angel Romero","twitter_card":"summary_large_image","twitter_creator":"@Mikerecomienda","twitter_misc":{"Escrito por":"Miguel Angel Romero","Tiempo de lectura":"1 minuto"},"schema":{"@context":"https:\/\/schema.org","@graph":[{"@type":"Article","@id":"https:\/\/soclose.mx\/blog\/tag\/juan-rulfo-frases-mujeres\/#article","isPartOf":{"@id":"https:\/\/soclose.mx\/blog\/tag\/juan-rulfo-frases-mujeres\/"},"author":{"name":"Miguel Angel Romero","@id":"https:\/\/soclose.mx\/blog\/#\/schema\/person\/cddec6ccd5d7037d286395fb411e23f1"},"headline":"Callej\u00f3n del Dicho: Un curioso espacio de Real del Monte","datePublished":"2021-12-25T15:12:42+00:00","mainEntityOfPage":{"@id":"https:\/\/soclose.mx\/blog\/tag\/juan-rulfo-frases-mujeres\/"},"wordCount":253,"commentCount":0,"publisher":{"@id":"https:\/\/soclose.mx\/blog\/#organization"},"image":{"@id":"https:\/\/soclose.mx\/blog\/tag\/juan-rulfo-frases-mujeres\/#primaryimage"},"thumbnailUrl":"https:\/\/i0.wp.com\/soclose.mx\/blog\/wp-content\/uploads\/2021\/12\/Copia-de-Principal-So-Close-blog-5-1.png?fit=1240%2C700&ssl=1","keywords":["Callej\u00f3n del dicho","hidalgo","Omitl\u00e1n de Ju\u00e1rez","Real del Monte"],"articleSection":["\u00a1Ay goeeee!","Lugares"],"inLanguage":"es","potentialAction":[{"@type":"CommentAction","name":"Comment","target":["https:\/\/soclose.mx\/blog\/tag\/juan-rulfo-frases-mujeres\/#respond"]}]},{"@type":"WebPage","@id":"https:\/\/soclose.mx\/blog\/tag\/juan-rulfo-frases-mujeres\/","url":"https:\/\/soclose.mx\/blog\/tag\/juan-rulfo-frases-mujeres\/","name":"Callej\u00f3n del Dicho: Un curioso espacio de Real del Monte - So Close","isPartOf":{"@id":"https:\/\/soclose.mx\/blog\/#website"},"primaryImageOfPage":{"@id":"https:\/\/soclose.mx\/blog\/tag\/juan-rulfo-frases-mujeres\/#primaryimage"},"image":{"@id":"https:\/\/soclose.mx\/blog\/tag\/juan-rulfo-frases-mujeres\/#primaryimage"},"thumbnailUrl":"https:\/\/i0.wp.com\/soclose.mx\/blog\/wp-content\/uploads\/2021\/12\/Copia-de-Principal-So-Close-blog-5-1.png?fit=1240%2C700&ssl=1","datePublished":"2021-12-25T15:12:42+00:00","breadcrumb":{"@id":"https:\/\/soclose.mx\/blog\/tag\/juan-rulfo-frases-mujeres\/#breadcrumb"},"inLanguage":"es","potentialAction":[{"@type":"ReadAction","target":["https:\/\/soclose.mx\/blog\/tag\/juan-rulfo-frases-mujeres\/"]}]},{"@type":"ImageObject","inLanguage":"es","@id":"https:\/\/soclose.mx\/blog\/tag\/juan-rulfo-frases-mujeres\/#primaryimage","url":"https:\/\/i0.wp.com\/soclose.mx\/blog\/wp-content\/uploads\/2021\/12\/Copia-de-Principal-So-Close-blog-5-1.png?fit=1240%2C700&ssl=1","contentUrl":"https:\/\/i0.wp.com\/soclose.mx\/blog\/wp-content\/uploads\/2021\/12\/Copia-de-Principal-So-Close-blog-5-1.png?fit=1240%2C700&ssl=1","width":1240,"height":700},{"@type":"BreadcrumbList","@id":"https:\/\/soclose.mx\/blog\/tag\/juan-rulfo-frases-mujeres\/#breadcrumb","itemListElement":[{"@type":"ListItem","position":1,"name":"Inicio","item":"https:\/\/soclose.mx\/blog\/"},{"@type":"ListItem","position":2,"name":"Callej\u00f3n del Dicho: Un curioso espacio de Real del Monte"}]},{"@type":"WebSite","@id":"https:\/\/soclose.mx\/blog\/#website","url":"https:\/\/soclose.mx\/blog\/","name":"So Close","description":"Hacemos contenidos de M\u00e9xico","publisher":{"@id":"https:\/\/soclose.mx\/blog\/#organization"},"potentialAction":[{"@type":"SearchAction","target":{"@type":"EntryPoint","urlTemplate":"https:\/\/soclose.mx\/blog\/?s={search_term_string}"},"query-input":{"@type":"PropertyValueSpecification","valueRequired":true,"valueName":"search_term_string"}}],"inLanguage":"es"},{"@type":"Organization","@id":"https:\/\/soclose.mx\/blog\/#organization","name":"So Close","url":"https:\/\/soclose.mx\/blog\/","logo":{"@type":"ImageObject","inLanguage":"es","@id":"https:\/\/soclose.mx\/blog\/#\/schema\/logo\/image\/","url":"https:\/\/i0.wp.com\/soclose.mx\/blog\/wp-content\/uploads\/2020\/12\/LOGO_SOCLOSE_COLOR-e1608310133507.png?fit=2858%2C1264&ssl=1","contentUrl":"https:\/\/i0.wp.com\/soclose.mx\/blog\/wp-content\/uploads\/2020\/12\/LOGO_SOCLOSE_COLOR-e1608310133507.png?fit=2858%2C1264&ssl=1","width":2858,"height":1264,"caption":"So Close"},"image":{"@id":"https:\/\/soclose.mx\/blog\/#\/schema\/logo\/image\/"}},{"@type":"Person","@id":"https:\/\/soclose.mx\/blog\/#\/schema\/person\/cddec6ccd5d7037d286395fb411e23f1","name":"Miguel Angel Romero","image":{"@type":"ImageObject","inLanguage":"es","@id":"https:\/\/soclose.mx\/blog\/#\/schema\/person\/image\/","url":"https:\/\/secure.gravatar.com\/avatar\/45b44006b4f93497bb24d251f77bc39385015bfa120582412df580dbfcbb14f3?s=96&d=mm&r=g","contentUrl":"https:\/\/secure.gravatar.com\/avatar\/45b44006b4f93497bb24d251f77bc39385015bfa120582412df580dbfcbb14f3?s=96&d=mm&r=g","caption":"Miguel Angel Romero"},"sameAs":["http:\/\/\/mikexever.blogspot.com\/","www.facebook.com\/mikexever\/","https:\/\/x.com\/Mikerecomienda"],"url":"https:\/\/soclose.mx\/blog\/author\/mike\/"}]}},"jetpack_featured_media_url":"https:\/\/i0.wp.com\/soclose.mx\/blog\/wp-content\/uploads\/2021\/12\/Copia-de-Principal-So-Close-blog-5-1.png?fit=1240%2C700&ssl=1","jetpack-related-posts":[{"id":11345,"url":"https:\/\/soclose.mx\/blog\/lugares\/coyoacan-leyendas-escalofriantes\/","url_meta":{"origin":8056,"position":0},"title":"Coyoac\u00e1n: Cinco escalofriantes leyendas que no conoc\u00edas","author":"Mar\u00eda Ju\u00e1rez","date":"20 marzo, 2023","format":false,"excerpt":"Un espacio de misterio en la Ciudad de M\u00e9xico (CDMX) es, sin duda, Coyoac\u00e1n y las escalofriantes leyendas que se dicen de ese lugar. Se trata de uno de los sitios m\u00e1s visitados de la capital del pa\u00eds, su historia, sus calles empedradas, sus plazas coloniales, las iglesias, los vestigios\u2026","rel":"","context":"En &quot;Lugares&quot;","block_context":{"text":"Lugares","link":"https:\/\/soclose.mx\/blog\/category\/lugares\/"},"img":{"alt_text":"Coyoac\u00e1n","src":"https:\/\/i0.wp.com\/soclose.mx\/blog\/wp-content\/uploads\/2023\/03\/coyoacan-leyendas-escalofriantes.jpg?fit=1200%2C714&ssl=1&resize=350%2C200","width":350,"height":200,"srcset":"https:\/\/i0.wp.com\/soclose.mx\/blog\/wp-content\/uploads\/2023\/03\/coyoacan-leyendas-escalofriantes.jpg?fit=1200%2C714&ssl=1&resize=350%2C200 1x, https:\/\/i0.wp.com\/soclose.mx\/blog\/wp-content\/uploads\/2023\/03\/coyoacan-leyendas-escalofriantes.jpg?fit=1200%2C714&ssl=1&resize=525%2C300 1.5x, https:\/\/i0.wp.com\/soclose.mx\/blog\/wp-content\/uploads\/2023\/03\/coyoacan-leyendas-escalofriantes.jpg?fit=1200%2C714&ssl=1&resize=700%2C400 2x, https:\/\/i0.wp.com\/soclose.mx\/blog\/wp-content\/uploads\/2023\/03\/coyoacan-leyendas-escalofriantes.jpg?fit=1200%2C714&ssl=1&resize=1050%2C600 3x"},"classes":[]},{"id":10005,"url":"https:\/\/soclose.mx\/blog\/a-la-mexicana\/por-culpa-del-gps-turistas-se-atoran-en-callejon-de-taxco\/","url_meta":{"origin":8056,"position":1},"title":"Por culpa del GPS, turistas se atoran en callej\u00f3n de Taxco","author":"Daniel Ram\u00edrez","date":"27 mayo, 2022","format":false,"excerpt":"El GPS y todas las aplicaciones de ubicaciones y rutas son una verdadera maravilla, pero qu\u00e9 pasa cu\u00e1ndo te manda por rutas poco transitadas. Unos turistas de Morelos vivieron una situaci\u00f3n chusca (claro, porque no lo vivimos) por culpa de una de estas aplicaciones. Resulta que la app les marc\u00f3\u2026","rel":"","context":"En &quot;A la mexicana&quot;","block_context":{"text":"A la mexicana","link":"https:\/\/soclose.mx\/blog\/category\/a-la-mexicana\/"},"img":{"alt_text":"","src":"https:\/\/i0.wp.com\/soclose.mx\/blog\/wp-content\/uploads\/2022\/05\/taxco-carro.png?fit=1200%2C690&ssl=1&resize=350%2C200","width":350,"height":200,"srcset":"https:\/\/i0.wp.com\/soclose.mx\/blog\/wp-content\/uploads\/2022\/05\/taxco-carro.png?fit=1200%2C690&ssl=1&resize=350%2C200 1x, https:\/\/i0.wp.com\/soclose.mx\/blog\/wp-content\/uploads\/2022\/05\/taxco-carro.png?fit=1200%2C690&ssl=1&resize=525%2C300 1.5x, https:\/\/i0.wp.com\/soclose.mx\/blog\/wp-content\/uploads\/2022\/05\/taxco-carro.png?fit=1200%2C690&ssl=1&resize=700%2C400 2x, https:\/\/i0.wp.com\/soclose.mx\/blog\/wp-content\/uploads\/2022\/05\/taxco-carro.png?fit=1200%2C690&ssl=1&resize=1050%2C600 3x"},"classes":[]},{"id":7678,"url":"https:\/\/soclose.mx\/blog\/lugares\/3-historias-que-quizas-sucedieron-en-el-callejon-del-aguacate\/","url_meta":{"origin":8056,"position":2},"title":"3 historias que (quiz\u00e1s) sucedieron en el callej\u00f3n del aguacate","author":"Miguel Angel Romero","date":"28 octubre, 2021","format":false,"excerpt":"El callej\u00f3n del aguacate se encuentra muy cerca del centro de Coyoac\u00e1n, de la Ciudad de M\u00e9xico, para ser exactos, en la colonia Santa Catarina, la cual posee historias espeluznantes que aqu\u00ed te compartimos. El general Se dice que viv\u00eda un militar solitario de un car\u00e1cter r\u00edgido y reservado, quien\u2026","rel":"","context":"En &quot;Lugares&quot;","block_context":{"text":"Lugares","link":"https:\/\/soclose.mx\/blog\/category\/lugares\/"},"img":{"alt_text":"","src":"https:\/\/i0.wp.com\/soclose.mx\/blog\/wp-content\/uploads\/2021\/10\/Copia-de-Principal-So-Close-blog-6-2.png?fit=1200%2C677&ssl=1&resize=350%2C200","width":350,"height":200,"srcset":"https:\/\/i0.wp.com\/soclose.mx\/blog\/wp-content\/uploads\/2021\/10\/Copia-de-Principal-So-Close-blog-6-2.png?fit=1200%2C677&ssl=1&resize=350%2C200 1x, https:\/\/i0.wp.com\/soclose.mx\/blog\/wp-content\/uploads\/2021\/10\/Copia-de-Principal-So-Close-blog-6-2.png?fit=1200%2C677&ssl=1&resize=525%2C300 1.5x, https:\/\/i0.wp.com\/soclose.mx\/blog\/wp-content\/uploads\/2021\/10\/Copia-de-Principal-So-Close-blog-6-2.png?fit=1200%2C677&ssl=1&resize=700%2C400 2x, https:\/\/i0.wp.com\/soclose.mx\/blog\/wp-content\/uploads\/2021\/10\/Copia-de-Principal-So-Close-blog-6-2.png?fit=1200%2C677&ssl=1&resize=1050%2C600 3x"},"classes":[]},{"id":10041,"url":"https:\/\/soclose.mx\/blog\/lugares\/calle-regina-de-callejon-sucio-a-encantador-corredor\/","url_meta":{"origin":8056,"position":3},"title":"Calle Regina, de callej\u00f3n sucio a encantador corredor","author":"Daniel Ram\u00edrez","date":"31 mayo, 2022","format":false,"excerpt":"Si bien no tiene el glamour de las grandes avenidas tur\u00edsticas ni acapara las miradas de los transe\u00fantes durante el d\u00eda, la Calle Regina cobra vida cuando empieza a caer la noche. Ubicada en el Centro Hist\u00f3rico de la Ciudad de M\u00e9xico, tiene una apariencia diferente a las otras calles\u2026","rel":"","context":"En &quot;Lugares&quot;","block_context":{"text":"Lugares","link":"https:\/\/soclose.mx\/blog\/category\/lugares\/"},"img":{"alt_text":"","src":"https:\/\/i0.wp.com\/soclose.mx\/blog\/wp-content\/uploads\/2022\/05\/regi-2.jpeg?fit=1024%2C687&ssl=1&resize=350%2C200","width":350,"height":200,"srcset":"https:\/\/i0.wp.com\/soclose.mx\/blog\/wp-content\/uploads\/2022\/05\/regi-2.jpeg?fit=1024%2C687&ssl=1&resize=350%2C200 1x, https:\/\/i0.wp.com\/soclose.mx\/blog\/wp-content\/uploads\/2022\/05\/regi-2.jpeg?fit=1024%2C687&ssl=1&resize=525%2C300 1.5x, https:\/\/i0.wp.com\/soclose.mx\/blog\/wp-content\/uploads\/2022\/05\/regi-2.jpeg?fit=1024%2C687&ssl=1&resize=700%2C400 2x"},"classes":[]},{"id":11653,"url":"https:\/\/soclose.mx\/blog\/lugares\/grito-independencia-16-septiembre-donde-celebrar\/","url_meta":{"origin":8056,"position":4},"title":"Grito de Independencia: Cinco lugares d\u00f3nde celebrar en M\u00e9xico","author":"Mar\u00eda Ju\u00e1rez","date":"2 septiembre, 2023","format":false,"excerpt":"El Grito de Independencia, la noche del 15 de Septiembre, es uno de los hechos hist\u00f3ricos m\u00e1s importantes del pa\u00eds,\u00a0 marca el inicio de la lucha por la Independencia de M\u00e9xico, que se conmemora el 16 de septiembre. El inicio del movimiento independentista comenz\u00f3 cuando Miguel Hidalgo incit\u00f3 al pueblo\u2026","rel":"","context":"En &quot;Lugares&quot;","block_context":{"text":"Lugares","link":"https:\/\/soclose.mx\/blog\/category\/lugares\/"},"img":{"alt_text":"Grito de Independencia","src":"https:\/\/i0.wp.com\/soclose.mx\/blog\/wp-content\/uploads\/2023\/04\/Grito-de-Independencia-16-de-septiembre.jpg?fit=1200%2C722&ssl=1&resize=350%2C200","width":350,"height":200,"srcset":"https:\/\/i0.wp.com\/soclose.mx\/blog\/wp-content\/uploads\/2023\/04\/Grito-de-Independencia-16-de-septiembre.jpg?fit=1200%2C722&ssl=1&resize=350%2C200 1x, https:\/\/i0.wp.com\/soclose.mx\/blog\/wp-content\/uploads\/2023\/04\/Grito-de-Independencia-16-de-septiembre.jpg?fit=1200%2C722&ssl=1&resize=525%2C300 1.5x, https:\/\/i0.wp.com\/soclose.mx\/blog\/wp-content\/uploads\/2023\/04\/Grito-de-Independencia-16-de-septiembre.jpg?fit=1200%2C722&ssl=1&resize=700%2C400 2x, https:\/\/i0.wp.com\/soclose.mx\/blog\/wp-content\/uploads\/2023\/04\/Grito-de-Independencia-16-de-septiembre.jpg?fit=1200%2C722&ssl=1&resize=1050%2C600 3x"},"classes":[]},{"id":5945,"url":"https:\/\/soclose.mx\/blog\/pueblos-magicos\/pueblo-magico-alamos-sonora-o-la-ciudad-de-los-portales\/","url_meta":{"origin":8056,"position":5},"title":"Pueblo M\u00e1gico \u00c1lamos, Sonora, o \u201cLa Ciudad de los Portales\u201d","author":"So Close","date":"15 abril, 2021","format":false,"excerpt":"El pueblo m\u00e1gico de \u00c1lamos fue originalmente llamado Real de la Limpia Concepci\u00f3n de los \u00c1lamos y Real de los Frailes.\u00a0 Tambi\u00e9n le llaman \u201cLa Ciudad de los Portales\u201d y se construy\u00f3 por arquitectos de Andaluc\u00eda, Espa\u00f1a. Su Palacio Municipal es una construcci\u00f3n de ladrillo sostenida por 48 columnas de\u2026","rel":"","context":"En &quot;Lugares&quot;","block_context":{"text":"Lugares","link":"https:\/\/soclose.mx\/blog\/category\/lugares\/"},"img":{"alt_text":"La Aduana en \u00c1lamos, Sonora","src":"https:\/\/i0.wp.com\/soclose.mx\/blog\/wp-content\/uploads\/2021\/04\/la-aduana-alamos-sonora.jpeg?fit=1200%2C677&ssl=1&resize=350%2C200","width":350,"height":200,"srcset":"https:\/\/i0.wp.com\/soclose.mx\/blog\/wp-content\/uploads\/2021\/04\/la-aduana-alamos-sonora.jpeg?fit=1200%2C677&ssl=1&resize=350%2C200 1x, https:\/\/i0.wp.com\/soclose.mx\/blog\/wp-content\/uploads\/2021\/04\/la-aduana-alamos-sonora.jpeg?fit=1200%2C677&ssl=1&resize=525%2C300 1.5x, https:\/\/i0.wp.com\/soclose.mx\/blog\/wp-content\/uploads\/2021\/04\/la-aduana-alamos-sonora.jpeg?fit=1200%2C677&ssl=1&resize=700%2C400 2x, https:\/\/i0.wp.com\/soclose.mx\/blog\/wp-content\/uploads\/2021\/04\/la-aduana-alamos-sonora.jpeg?fit=1200%2C677&ssl=1&resize=1050%2C600 3x"},"classes":[]}],"jetpack_sharing_enabled":true,"_links":{"self":[{"href":"https:\/\/soclose.mx\/blog\/wp-json\/wp\/v2\/posts\/8056","targetHints":{"allow":["GET"]}}],"collection":[{"href":"https:\/\/soclose.mx\/blog\/wp-json\/wp\/v2\/posts"}],"about":[{"href":"https:\/\/soclose.mx\/blog\/wp-json\/wp\/v2\/types\/post"}],"author":[{"embeddable":true,"href":"https:\/\/soclose.mx\/blog\/wp-json\/wp\/v2\/users\/8"}],"replies":[{"embeddable":true,"href":"https:\/\/soclose.mx\/blog\/wp-json\/wp\/v2\/comments?post=8056"}],"version-history":[{"count":0,"href":"https:\/\/soclose.mx\/blog\/wp-json\/wp\/v2\/posts\/8056\/revisions"}],"wp:featuredmedia":[{"embeddable":true,"href":"https:\/\/soclose.mx\/blog\/wp-json\/wp\/v2\/media\/8057"}],"wp:attachment":[{"href":"https:\/\/soclose.mx\/blog\/wp-json\/wp\/v2\/media?parent=8056"}],"wp:term":[{"taxonomy":"category","embeddable":true,"href":"https:\/\/soclose.mx\/blog\/wp-json\/wp\/v2\/categories?post=8056"},{"taxonomy":"post_tag","embeddable":true,"href":"https:\/\/soclose.mx\/blog\/wp-json\/wp\/v2\/tags?post=8056"}],"curies":[{"name":"wp","href":"https:\/\/api.w.org\/{rel}","templated":true}]}}