{"id":8074,"date":"2025-12-15T09:01:21","date_gmt":"2025-12-15T15:01:21","guid":{"rendered":"https:\/\/soclose.mx\/blog\/?p=8074"},"modified":"2025-12-15T11:48:52","modified_gmt":"2025-12-15T17:48:52","slug":"cual-es-el-origen-del-nacimiento-en-navidad","status":"publish","type":"post","link":"https:\/\/soclose.mx\/blog\/ay-goeeee\/cual-es-el-origen-del-nacimiento-en-navidad\/","title":{"rendered":"\u00bfCu\u00e1l es el origen del nacimiento en Navidad?"},"content":{"rendered":"<p>De acuerdo con la leyenda, el origen de los nacimientos se remonta a la \u00e9poca de<strong> Giovanni Bernardone<\/strong>, mejor conocido como\u00a0<strong>San Francisco de As\u00eds,<\/strong> quien fue el primero en instalar un nacimiento viviente para ejemplificar el nacimiento de Jes\u00fas.<\/p>\n<p>Ya habiendo fundado la orden franciscana, \u00e9l recorr\u00eda las poblaciones de su natal Italia con el fin de predicar la palabra.<\/p>\n<p>En 1223, mientras andaba cerca de Rieti, lo sorprendi\u00f3 la <a href=\"https:\/\/soclose.mx\/blog\/es_mx\/?s=navidad\" target=\"_blank\" rel=\"noopener\"><strong>Navidad<\/strong><\/a>\u00a0en la ermita de Greccio, donde se inspir\u00f3 y reprodujo el nacimiento del ni\u00f1o Jes\u00fas.<\/p>\n<p>Ayudado por otros cl\u00e9rigos, construy\u00f3 una casita de paja, un portal y un pesebre e invit\u00f3 a todos los lugare\u00f1os a integrarse en una escena viviente, con Jos\u00e9 y Mar\u00eda, el ni\u00f1o reci\u00e9n nacido, los pastores, un buey y un burro.<\/p>\n<p>El R<strong>ey Carlos III<\/strong> introdujo a territorio espa\u00f1ol, incluyendo a nuestro pa\u00eds, en el Siglo XVIII.<\/p>\n<p><strong>\u00bfD\u00f3nde encontrar algunas figuritas para el nacimiento?<\/strong> Los angelitos en <strong>Tzintzuntzan, Michoac\u00e1n<\/strong>; las figuras de barro en <strong>Metepec, Estado de M\u00e9xico<\/strong>; o los nacimientos en miniatura y policromados en <strong>Tlaquepaque,\u00a0Jalisco<\/strong>.<\/p>\n","protected":false},"excerpt":{"rendered":"<p>De acuerdo con la leyenda, el origen de los nacimientos se remonta a la \u00e9poca de Giovanni Bernardone, mejor conocido como\u00a0San Francisco de As\u00eds, quien fue el primero en instalar un nacimiento viviente para ejemplificar el nacimiento de Jes\u00fas. Ya habiendo fundado la orden franciscana, \u00e9l recorr\u00eda las poblaciones de su natal Italia con el fin de predicar la palabra. En 1223, mientras andaba cerca de Rieti, lo sorprendi\u00f3 la Navidad\u00a0en la ermita de Greccio, donde se inspir\u00f3 y reprodujo el nacimiento del ni\u00f1o Jes\u00fas. Ayudado por otros cl\u00e9rigos, construy\u00f3 una casita de paja, un portal y un pesebre e<\/p>\n","protected":false},"author":8,"featured_media":8198,"comment_status":"closed","ping_status":"closed","sticky":false,"template":"","format":"video","meta":{"_jetpack_memberships_contains_paid_content":false,"footnotes":""},"categories":[1,628],"tags":[1616,1519],"class_list":["post-8074","post","type-post","status-publish","format-video","has-post-thumbnail","hentry","category-ay-goeeee","category-news-feed","tag-nacimiento","tag-navidad","post_format-post-format-video"],"yoast_head":"<!-- This site is optimized with the Yoast SEO plugin v26.7 - https:\/\/yoast.com\/wordpress\/plugins\/seo\/ -->\n<title>\u00bfCu\u00e1l es el origen del nacimiento en Navidad? - So Close<\/title>\n<meta name=\"description\" content=\"San Francisco de As\u00eds, en 1223, mientras andaba cerca de Rieti, lo sorprendi\u00f3 la Navidad\u00a0en la ermita de Greccio.\" \/>\n<meta name=\"robots\" content=\"index, follow, max-snippet:-1, max-image-preview:large, max-video-preview:-1\" \/>\n<link rel=\"canonical\" href=\"https:\/\/soclose.mx\/blog\/tag\/juan-rulfo-frases-mujeres\/\" \/>\n<meta property=\"og:locale\" content=\"es_MX\" \/>\n<meta property=\"og:type\" content=\"article\" \/>\n<meta property=\"og:title\" content=\"\u00bfCu\u00e1l es el origen del nacimiento en Navidad? - So Close\" \/>\n<meta property=\"og:description\" content=\"San Francisco de As\u00eds, en 1223, mientras andaba cerca de Rieti, lo sorprendi\u00f3 la Navidad\u00a0en la ermita de Greccio.\" \/>\n<meta property=\"og:url\" content=\"https:\/\/soclose.mx\/blog\/tag\/juan-rulfo-frases-mujeres\/\" \/>\n<meta property=\"og:site_name\" content=\"So Close\" \/>\n<meta property=\"article:author\" content=\"www.facebook.com\/mikexever\/\" \/>\n<meta property=\"article:published_time\" content=\"2025-12-15T15:01:21+00:00\" \/>\n<meta property=\"article:modified_time\" content=\"2025-12-15T17:48:52+00:00\" \/>\n<meta property=\"og:image\" content=\"https:\/\/i0.wp.com\/soclose.mx\/blog\/wp-content\/uploads\/2021\/12\/pexels-%E4%B8%80-%E5%BE%90-980859.jpg?fit=1280%2C853&ssl=1\" \/>\n\t<meta property=\"og:image:width\" content=\"1280\" \/>\n\t<meta property=\"og:image:height\" content=\"853\" \/>\n\t<meta property=\"og:image:type\" content=\"image\/jpeg\" \/>\n<meta name=\"author\" content=\"Miguel Angel Romero\" \/>\n<meta name=\"twitter:card\" content=\"summary_large_image\" \/>\n<meta name=\"twitter:creator\" content=\"@Mikerecomienda\" \/>\n<meta name=\"twitter:label1\" content=\"Escrito por\" \/>\n\t<meta name=\"twitter:data1\" content=\"Miguel Angel Romero\" \/>\n\t<meta name=\"twitter:label2\" content=\"Tiempo de lectura\" \/>\n\t<meta name=\"twitter:data2\" content=\"1 minuto\" \/>\n<script type=\"application\/ld+json\" class=\"yoast-schema-graph\">{\"@context\":\"https:\/\/schema.org\",\"@graph\":[{\"@type\":\"Article\",\"@id\":\"https:\/\/soclose.mx\/blog\/tag\/juan-rulfo-frases-mujeres\/#article\",\"isPartOf\":{\"@id\":\"https:\/\/soclose.mx\/blog\/tag\/juan-rulfo-frases-mujeres\/\"},\"author\":{\"name\":\"Miguel Angel Romero\",\"@id\":\"https:\/\/soclose.mx\/blog\/#\/schema\/person\/cddec6ccd5d7037d286395fb411e23f1\"},\"headline\":\"\u00bfCu\u00e1l es el origen del nacimiento en Navidad?\",\"datePublished\":\"2025-12-15T15:01:21+00:00\",\"dateModified\":\"2025-12-15T17:48:52+00:00\",\"mainEntityOfPage\":{\"@id\":\"https:\/\/soclose.mx\/blog\/tag\/juan-rulfo-frases-mujeres\/\"},\"wordCount\":198,\"publisher\":{\"@id\":\"https:\/\/soclose.mx\/blog\/#organization\"},\"image\":{\"@id\":\"https:\/\/soclose.mx\/blog\/tag\/juan-rulfo-frases-mujeres\/#primaryimage\"},\"thumbnailUrl\":\"https:\/\/i0.wp.com\/soclose.mx\/blog\/wp-content\/uploads\/2021\/12\/pexels-%E4%B8%80-%E5%BE%90-980859.jpg?fit=1280%2C853&ssl=1\",\"keywords\":[\"nacimiento\",\"Navidad\"],\"articleSection\":[\"\u00a1Ay goeeee!\",\"News feed\"],\"inLanguage\":\"es\"},{\"@type\":\"WebPage\",\"@id\":\"https:\/\/soclose.mx\/blog\/tag\/juan-rulfo-frases-mujeres\/\",\"url\":\"https:\/\/soclose.mx\/blog\/tag\/juan-rulfo-frases-mujeres\/\",\"name\":\"\u00bfCu\u00e1l es el origen del nacimiento en Navidad? - So Close\",\"isPartOf\":{\"@id\":\"https:\/\/soclose.mx\/blog\/#website\"},\"primaryImageOfPage\":{\"@id\":\"https:\/\/soclose.mx\/blog\/tag\/juan-rulfo-frases-mujeres\/#primaryimage\"},\"image\":{\"@id\":\"https:\/\/soclose.mx\/blog\/tag\/juan-rulfo-frases-mujeres\/#primaryimage\"},\"thumbnailUrl\":\"https:\/\/i0.wp.com\/soclose.mx\/blog\/wp-content\/uploads\/2021\/12\/pexels-%E4%B8%80-%E5%BE%90-980859.jpg?fit=1280%2C853&ssl=1\",\"datePublished\":\"2025-12-15T15:01:21+00:00\",\"dateModified\":\"2025-12-15T17:48:52+00:00\",\"description\":\"San Francisco de As\u00eds, en 1223, mientras andaba cerca de Rieti, lo sorprendi\u00f3 la Navidad\u00a0en la ermita de Greccio.\",\"breadcrumb\":{\"@id\":\"https:\/\/soclose.mx\/blog\/tag\/juan-rulfo-frases-mujeres\/#breadcrumb\"},\"inLanguage\":\"es\",\"potentialAction\":[{\"@type\":\"ReadAction\",\"target\":[\"https:\/\/soclose.mx\/blog\/tag\/juan-rulfo-frases-mujeres\/\"]}]},{\"@type\":\"ImageObject\",\"inLanguage\":\"es\",\"@id\":\"https:\/\/soclose.mx\/blog\/tag\/juan-rulfo-frases-mujeres\/#primaryimage\",\"url\":\"https:\/\/i0.wp.com\/soclose.mx\/blog\/wp-content\/uploads\/2021\/12\/pexels-%E4%B8%80-%E5%BE%90-980859.jpg?fit=1280%2C853&ssl=1\",\"contentUrl\":\"https:\/\/i0.wp.com\/soclose.mx\/blog\/wp-content\/uploads\/2021\/12\/pexels-%E4%B8%80-%E5%BE%90-980859.jpg?fit=1280%2C853&ssl=1\",\"width\":1280,\"height\":853},{\"@type\":\"BreadcrumbList\",\"@id\":\"https:\/\/soclose.mx\/blog\/tag\/juan-rulfo-frases-mujeres\/#breadcrumb\",\"itemListElement\":[{\"@type\":\"ListItem\",\"position\":1,\"name\":\"Inicio\",\"item\":\"https:\/\/soclose.mx\/blog\/\"},{\"@type\":\"ListItem\",\"position\":2,\"name\":\"\u00bfCu\u00e1l es el origen del nacimiento en Navidad?\"}]},{\"@type\":\"WebSite\",\"@id\":\"https:\/\/soclose.mx\/blog\/#website\",\"url\":\"https:\/\/soclose.mx\/blog\/\",\"name\":\"So Close\",\"description\":\"Hacemos contenidos de M\u00e9xico\",\"publisher\":{\"@id\":\"https:\/\/soclose.mx\/blog\/#organization\"},\"potentialAction\":[{\"@type\":\"SearchAction\",\"target\":{\"@type\":\"EntryPoint\",\"urlTemplate\":\"https:\/\/soclose.mx\/blog\/?s={search_term_string}\"},\"query-input\":{\"@type\":\"PropertyValueSpecification\",\"valueRequired\":true,\"valueName\":\"search_term_string\"}}],\"inLanguage\":\"es\"},{\"@type\":\"Organization\",\"@id\":\"https:\/\/soclose.mx\/blog\/#organization\",\"name\":\"So Close\",\"url\":\"https:\/\/soclose.mx\/blog\/\",\"logo\":{\"@type\":\"ImageObject\",\"inLanguage\":\"es\",\"@id\":\"https:\/\/soclose.mx\/blog\/#\/schema\/logo\/image\/\",\"url\":\"https:\/\/i0.wp.com\/soclose.mx\/blog\/wp-content\/uploads\/2020\/12\/LOGO_SOCLOSE_COLOR-e1608310133507.png?fit=2858%2C1264&ssl=1\",\"contentUrl\":\"https:\/\/i0.wp.com\/soclose.mx\/blog\/wp-content\/uploads\/2020\/12\/LOGO_SOCLOSE_COLOR-e1608310133507.png?fit=2858%2C1264&ssl=1\",\"width\":2858,\"height\":1264,\"caption\":\"So Close\"},\"image\":{\"@id\":\"https:\/\/soclose.mx\/blog\/#\/schema\/logo\/image\/\"}},{\"@type\":\"Person\",\"@id\":\"https:\/\/soclose.mx\/blog\/#\/schema\/person\/cddec6ccd5d7037d286395fb411e23f1\",\"name\":\"Miguel Angel Romero\",\"image\":{\"@type\":\"ImageObject\",\"inLanguage\":\"es\",\"@id\":\"https:\/\/soclose.mx\/blog\/#\/schema\/person\/image\/\",\"url\":\"https:\/\/secure.gravatar.com\/avatar\/45b44006b4f93497bb24d251f77bc39385015bfa120582412df580dbfcbb14f3?s=96&d=mm&r=g\",\"contentUrl\":\"https:\/\/secure.gravatar.com\/avatar\/45b44006b4f93497bb24d251f77bc39385015bfa120582412df580dbfcbb14f3?s=96&d=mm&r=g\",\"caption\":\"Miguel Angel Romero\"},\"sameAs\":[\"http:\/\/\/mikexever.blogspot.com\/\",\"www.facebook.com\/mikexever\/\",\"https:\/\/x.com\/Mikerecomienda\"],\"url\":\"https:\/\/soclose.mx\/blog\/author\/mike\/\"}]}<\/script>\n<!-- \/ Yoast SEO plugin. -->","yoast_head_json":{"title":"\u00bfCu\u00e1l es el origen del nacimiento en Navidad? - So Close","description":"San Francisco de As\u00eds, en 1223, mientras andaba cerca de Rieti, lo sorprendi\u00f3 la Navidad\u00a0en la ermita de Greccio.","robots":{"index":"index","follow":"follow","max-snippet":"max-snippet:-1","max-image-preview":"max-image-preview:large","max-video-preview":"max-video-preview:-1"},"canonical":"https:\/\/soclose.mx\/blog\/tag\/juan-rulfo-frases-mujeres\/","og_locale":"es_MX","og_type":"article","og_title":"\u00bfCu\u00e1l es el origen del nacimiento en Navidad? - So Close","og_description":"San Francisco de As\u00eds, en 1223, mientras andaba cerca de Rieti, lo sorprendi\u00f3 la Navidad\u00a0en la ermita de Greccio.","og_url":"https:\/\/soclose.mx\/blog\/tag\/juan-rulfo-frases-mujeres\/","og_site_name":"So Close","article_author":"www.facebook.com\/mikexever\/","article_published_time":"2025-12-15T15:01:21+00:00","article_modified_time":"2025-12-15T17:48:52+00:00","og_image":[{"width":1280,"height":853,"url":"https:\/\/i0.wp.com\/soclose.mx\/blog\/wp-content\/uploads\/2021\/12\/pexels-%E4%B8%80-%E5%BE%90-980859.jpg?fit=1280%2C853&ssl=1","type":"image\/jpeg"}],"author":"Miguel Angel Romero","twitter_card":"summary_large_image","twitter_creator":"@Mikerecomienda","twitter_misc":{"Escrito por":"Miguel Angel Romero","Tiempo de lectura":"1 minuto"},"schema":{"@context":"https:\/\/schema.org","@graph":[{"@type":"Article","@id":"https:\/\/soclose.mx\/blog\/tag\/juan-rulfo-frases-mujeres\/#article","isPartOf":{"@id":"https:\/\/soclose.mx\/blog\/tag\/juan-rulfo-frases-mujeres\/"},"author":{"name":"Miguel Angel Romero","@id":"https:\/\/soclose.mx\/blog\/#\/schema\/person\/cddec6ccd5d7037d286395fb411e23f1"},"headline":"\u00bfCu\u00e1l es el origen del nacimiento en Navidad?","datePublished":"2025-12-15T15:01:21+00:00","dateModified":"2025-12-15T17:48:52+00:00","mainEntityOfPage":{"@id":"https:\/\/soclose.mx\/blog\/tag\/juan-rulfo-frases-mujeres\/"},"wordCount":198,"publisher":{"@id":"https:\/\/soclose.mx\/blog\/#organization"},"image":{"@id":"https:\/\/soclose.mx\/blog\/tag\/juan-rulfo-frases-mujeres\/#primaryimage"},"thumbnailUrl":"https:\/\/i0.wp.com\/soclose.mx\/blog\/wp-content\/uploads\/2021\/12\/pexels-%E4%B8%80-%E5%BE%90-980859.jpg?fit=1280%2C853&ssl=1","keywords":["nacimiento","Navidad"],"articleSection":["\u00a1Ay goeeee!","News feed"],"inLanguage":"es"},{"@type":"WebPage","@id":"https:\/\/soclose.mx\/blog\/tag\/juan-rulfo-frases-mujeres\/","url":"https:\/\/soclose.mx\/blog\/tag\/juan-rulfo-frases-mujeres\/","name":"\u00bfCu\u00e1l es el origen del nacimiento en Navidad? - So Close","isPartOf":{"@id":"https:\/\/soclose.mx\/blog\/#website"},"primaryImageOfPage":{"@id":"https:\/\/soclose.mx\/blog\/tag\/juan-rulfo-frases-mujeres\/#primaryimage"},"image":{"@id":"https:\/\/soclose.mx\/blog\/tag\/juan-rulfo-frases-mujeres\/#primaryimage"},"thumbnailUrl":"https:\/\/i0.wp.com\/soclose.mx\/blog\/wp-content\/uploads\/2021\/12\/pexels-%E4%B8%80-%E5%BE%90-980859.jpg?fit=1280%2C853&ssl=1","datePublished":"2025-12-15T15:01:21+00:00","dateModified":"2025-12-15T17:48:52+00:00","description":"San Francisco de As\u00eds, en 1223, mientras andaba cerca de Rieti, lo sorprendi\u00f3 la Navidad\u00a0en la ermita de Greccio.","breadcrumb":{"@id":"https:\/\/soclose.mx\/blog\/tag\/juan-rulfo-frases-mujeres\/#breadcrumb"},"inLanguage":"es","potentialAction":[{"@type":"ReadAction","target":["https:\/\/soclose.mx\/blog\/tag\/juan-rulfo-frases-mujeres\/"]}]},{"@type":"ImageObject","inLanguage":"es","@id":"https:\/\/soclose.mx\/blog\/tag\/juan-rulfo-frases-mujeres\/#primaryimage","url":"https:\/\/i0.wp.com\/soclose.mx\/blog\/wp-content\/uploads\/2021\/12\/pexels-%E4%B8%80-%E5%BE%90-980859.jpg?fit=1280%2C853&ssl=1","contentUrl":"https:\/\/i0.wp.com\/soclose.mx\/blog\/wp-content\/uploads\/2021\/12\/pexels-%E4%B8%80-%E5%BE%90-980859.jpg?fit=1280%2C853&ssl=1","width":1280,"height":853},{"@type":"BreadcrumbList","@id":"https:\/\/soclose.mx\/blog\/tag\/juan-rulfo-frases-mujeres\/#breadcrumb","itemListElement":[{"@type":"ListItem","position":1,"name":"Inicio","item":"https:\/\/soclose.mx\/blog\/"},{"@type":"ListItem","position":2,"name":"\u00bfCu\u00e1l es el origen del nacimiento en Navidad?"}]},{"@type":"WebSite","@id":"https:\/\/soclose.mx\/blog\/#website","url":"https:\/\/soclose.mx\/blog\/","name":"So Close","description":"Hacemos contenidos de M\u00e9xico","publisher":{"@id":"https:\/\/soclose.mx\/blog\/#organization"},"potentialAction":[{"@type":"SearchAction","target":{"@type":"EntryPoint","urlTemplate":"https:\/\/soclose.mx\/blog\/?s={search_term_string}"},"query-input":{"@type":"PropertyValueSpecification","valueRequired":true,"valueName":"search_term_string"}}],"inLanguage":"es"},{"@type":"Organization","@id":"https:\/\/soclose.mx\/blog\/#organization","name":"So Close","url":"https:\/\/soclose.mx\/blog\/","logo":{"@type":"ImageObject","inLanguage":"es","@id":"https:\/\/soclose.mx\/blog\/#\/schema\/logo\/image\/","url":"https:\/\/i0.wp.com\/soclose.mx\/blog\/wp-content\/uploads\/2020\/12\/LOGO_SOCLOSE_COLOR-e1608310133507.png?fit=2858%2C1264&ssl=1","contentUrl":"https:\/\/i0.wp.com\/soclose.mx\/blog\/wp-content\/uploads\/2020\/12\/LOGO_SOCLOSE_COLOR-e1608310133507.png?fit=2858%2C1264&ssl=1","width":2858,"height":1264,"caption":"So Close"},"image":{"@id":"https:\/\/soclose.mx\/blog\/#\/schema\/logo\/image\/"}},{"@type":"Person","@id":"https:\/\/soclose.mx\/blog\/#\/schema\/person\/cddec6ccd5d7037d286395fb411e23f1","name":"Miguel Angel Romero","image":{"@type":"ImageObject","inLanguage":"es","@id":"https:\/\/soclose.mx\/blog\/#\/schema\/person\/image\/","url":"https:\/\/secure.gravatar.com\/avatar\/45b44006b4f93497bb24d251f77bc39385015bfa120582412df580dbfcbb14f3?s=96&d=mm&r=g","contentUrl":"https:\/\/secure.gravatar.com\/avatar\/45b44006b4f93497bb24d251f77bc39385015bfa120582412df580dbfcbb14f3?s=96&d=mm&r=g","caption":"Miguel Angel Romero"},"sameAs":["http:\/\/\/mikexever.blogspot.com\/","www.facebook.com\/mikexever\/","https:\/\/x.com\/Mikerecomienda"],"url":"https:\/\/soclose.mx\/blog\/author\/mike\/"}]}},"jetpack_featured_media_url":"https:\/\/i0.wp.com\/soclose.mx\/blog\/wp-content\/uploads\/2021\/12\/pexels-%E4%B8%80-%E5%BE%90-980859.jpg?fit=1280%2C853&ssl=1","jetpack-related-posts":[{"id":8089,"url":"https:\/\/soclose.mx\/blog\/ay-goeeee\/cuando-empiezan-y-cuanto-duran-las-posadas-navidenas-en-mexico\/","url_meta":{"origin":8074,"position":0},"title":"Cu\u00e1ndo empiezan y cu\u00e1nto duran las posadas navide\u00f1as en M\u00e9xico","author":"Miguel Angel Romero","date":"16 diciembre, 2021","format":false,"excerpt":"Nueve d\u00edas antes de la Navidad, es\u00a0 cuando las familias y personas queridas se re\u00fanen para realizar un banquete, armar el nacimiento, cantar los villancicos y adornar el \u00e1rbol. Del 16 al 24 de diciembre se realizan las posadas, las cuales representan el peregrinar de Jos\u00e9 y Mar\u00eda durante el\u2026","rel":"","context":"En &quot;\u00a1Ay goeeee!&quot;","block_context":{"text":"\u00a1Ay goeeee!","link":"https:\/\/soclose.mx\/blog\/category\/ay-goeeee\/"},"img":{"alt_text":"","src":"https:\/\/i0.wp.com\/soclose.mx\/blog\/wp-content\/uploads\/2021\/12\/Copia-de-Principal-So-Close-blog-10.png?fit=1200%2C677&ssl=1&resize=350%2C200","width":350,"height":200,"srcset":"https:\/\/i0.wp.com\/soclose.mx\/blog\/wp-content\/uploads\/2021\/12\/Copia-de-Principal-So-Close-blog-10.png?fit=1200%2C677&ssl=1&resize=350%2C200 1x, https:\/\/i0.wp.com\/soclose.mx\/blog\/wp-content\/uploads\/2021\/12\/Copia-de-Principal-So-Close-blog-10.png?fit=1200%2C677&ssl=1&resize=525%2C300 1.5x, https:\/\/i0.wp.com\/soclose.mx\/blog\/wp-content\/uploads\/2021\/12\/Copia-de-Principal-So-Close-blog-10.png?fit=1200%2C677&ssl=1&resize=700%2C400 2x, https:\/\/i0.wp.com\/soclose.mx\/blog\/wp-content\/uploads\/2021\/12\/Copia-de-Principal-So-Close-blog-10.png?fit=1200%2C677&ssl=1&resize=1050%2C600 3x"},"classes":[]},{"id":8001,"url":"https:\/\/soclose.mx\/blog\/ay-goeeee\/como-llegaron-las-esferas-navidenas-a-mexico\/","url_meta":{"origin":8074,"position":1},"title":"\u00bfC\u00f3mo llegaron las esferas navide\u00f1as a M\u00e9xico?","author":"Miguel Angel Romero","date":"23 diciembre, 2021","format":false,"excerpt":"Es muy probable\u00a0que aunque el continente Europeo ha sido el lugar el nacimiento de las esferas, es Asia quien se ha adue\u00f1ado de ellos desde hace mucho tiempo. China las export\u00f3 a nuestro pa\u00eds cuando la apertura comercial tuvo su mayor crecimiento a finales del siglo XX. En cambio, las\u2026","rel":"","context":"En &quot;\u00a1Ay goeeee!&quot;","block_context":{"text":"\u00a1Ay goeeee!","link":"https:\/\/soclose.mx\/blog\/category\/ay-goeeee\/"},"img":{"alt_text":"","src":"https:\/\/i0.wp.com\/soclose.mx\/blog\/wp-content\/uploads\/2021\/12\/Copia-de-Principal-So-Close-blog-4-1.png?fit=1200%2C677&ssl=1&resize=350%2C200","width":350,"height":200,"srcset":"https:\/\/i0.wp.com\/soclose.mx\/blog\/wp-content\/uploads\/2021\/12\/Copia-de-Principal-So-Close-blog-4-1.png?fit=1200%2C677&ssl=1&resize=350%2C200 1x, https:\/\/i0.wp.com\/soclose.mx\/blog\/wp-content\/uploads\/2021\/12\/Copia-de-Principal-So-Close-blog-4-1.png?fit=1200%2C677&ssl=1&resize=525%2C300 1.5x, https:\/\/i0.wp.com\/soclose.mx\/blog\/wp-content\/uploads\/2021\/12\/Copia-de-Principal-So-Close-blog-4-1.png?fit=1200%2C677&ssl=1&resize=700%2C400 2x, https:\/\/i0.wp.com\/soclose.mx\/blog\/wp-content\/uploads\/2021\/12\/Copia-de-Principal-So-Close-blog-4-1.png?fit=1200%2C677&ssl=1&resize=1050%2C600 3x"},"classes":[]},{"id":8093,"url":"https:\/\/soclose.mx\/blog\/ay-goeeee\/arbol-de-navidad-hecho-con-artesanias-chontales-en-nacajuca\/","url_meta":{"origin":8074,"position":2},"title":"\u00c1rbol de Navidad hecho con artesan\u00edas chontales en Nacajuca","author":"Miguel Angel Romero","date":"17 diciembre, 2021","format":false,"excerpt":"El \u00e1rbol de Navidad\u00a0 del parque central \u201cMiguel Hidalgo y Costilla\u201d, de Nacajuca, fue creado con artesan\u00edas y material t\u00edpico de la regi\u00f3n. En el pino que mide nueve metros de altura, se emplearon incontables artesan\u00edas; destacando la participaci\u00f3n en su elaboraci\u00f3n del maestro artesano Miguel S\u00e1nchez Morales. \u00a0 \ud83d\udd34\u2026","rel":"","context":"En &quot;\u00a1Ay goeeee!&quot;","block_context":{"text":"\u00a1Ay goeeee!","link":"https:\/\/soclose.mx\/blog\/category\/ay-goeeee\/"},"img":{"alt_text":"","src":"https:\/\/i0.wp.com\/soclose.mx\/blog\/wp-content\/uploads\/2021\/12\/Copia-de-Principal-So-Close-blog-11.png?fit=1200%2C677&ssl=1&resize=350%2C200","width":350,"height":200,"srcset":"https:\/\/i0.wp.com\/soclose.mx\/blog\/wp-content\/uploads\/2021\/12\/Copia-de-Principal-So-Close-blog-11.png?fit=1200%2C677&ssl=1&resize=350%2C200 1x, https:\/\/i0.wp.com\/soclose.mx\/blog\/wp-content\/uploads\/2021\/12\/Copia-de-Principal-So-Close-blog-11.png?fit=1200%2C677&ssl=1&resize=525%2C300 1.5x, https:\/\/i0.wp.com\/soclose.mx\/blog\/wp-content\/uploads\/2021\/12\/Copia-de-Principal-So-Close-blog-11.png?fit=1200%2C677&ssl=1&resize=700%2C400 2x, https:\/\/i0.wp.com\/soclose.mx\/blog\/wp-content\/uploads\/2021\/12\/Copia-de-Principal-So-Close-blog-11.png?fit=1200%2C677&ssl=1&resize=1050%2C600 3x"},"classes":[]},{"id":14479,"url":"https:\/\/soclose.mx\/blog\/lugares\/los-mejores-tianguis-navidenos-de-mexico-una-tradicion-llena-de-color-y-magia\/","url_meta":{"origin":8074,"position":3},"title":"Los mejores tianguis navide\u00f1os de M\u00e9xico: Una tradici\u00f3n llena de color y magia","author":"So Close","date":"22 noviembre, 2024","format":false,"excerpt":"La temporada navide\u00f1a en M\u00e9xico es un momento especial lleno de tradiciones y celebraciones, y una de las mejores formas de prepararse para estas festividades es visitando los tianguis de productos navide\u00f1os. Estos tianguis navide\u00f1os de M\u00e9xico ofrecen una amplia variedad de adornos, \u00e1rboles, luces y todo lo necesario para\u2026","rel":"","context":"En &quot;Lugares&quot;","block_context":{"text":"Lugares","link":"https:\/\/soclose.mx\/blog\/category\/lugares\/"},"img":{"alt_text":"Los mejores tianguis navide\u00f1os de M\u00e9xico","src":"https:\/\/i0.wp.com\/soclose.mx\/blog\/wp-content\/uploads\/2024\/11\/tianguis-de-navidad-en-mexico.jpg?fit=1200%2C675&ssl=1&resize=350%2C200","width":350,"height":200,"srcset":"https:\/\/i0.wp.com\/soclose.mx\/blog\/wp-content\/uploads\/2024\/11\/tianguis-de-navidad-en-mexico.jpg?fit=1200%2C675&ssl=1&resize=350%2C200 1x, https:\/\/i0.wp.com\/soclose.mx\/blog\/wp-content\/uploads\/2024\/11\/tianguis-de-navidad-en-mexico.jpg?fit=1200%2C675&ssl=1&resize=525%2C300 1.5x, https:\/\/i0.wp.com\/soclose.mx\/blog\/wp-content\/uploads\/2024\/11\/tianguis-de-navidad-en-mexico.jpg?fit=1200%2C675&ssl=1&resize=700%2C400 2x, https:\/\/i0.wp.com\/soclose.mx\/blog\/wp-content\/uploads\/2024\/11\/tianguis-de-navidad-en-mexico.jpg?fit=1200%2C675&ssl=1&resize=1050%2C600 3x"},"classes":[]},{"id":7825,"url":"https:\/\/soclose.mx\/blog\/news-feed\/navidalia-abre-sus-puertas-para-llenar-de-magia-a-los-tapatios\/","url_meta":{"origin":8074,"position":4},"title":"Navidalia abre sus puertas para llenar de magia a los tapat\u00edos","author":"Miguel Angel Romero","date":"17 noviembre, 2021","format":false,"excerpt":"A partir del 25 de noviembre, Navidalia transformar\u00e1 el Parque \u00c1vila Camacho de Guadalajara en una experiencia \u00fanica, en donde a lo largo de 5 hect\u00e1reas se vivir\u00e1 la\u00a0verdadera emoci\u00f3n de la Navidad. Frente a Plaza Patria, se podr\u00e1 vivir un viaje por 4 mundos repletos de emociones, cada uno\u2026","rel":"","context":"En &quot;News feed&quot;","block_context":{"text":"News feed","link":"https:\/\/soclose.mx\/blog\/category\/news-feed\/"},"img":{"alt_text":"","src":"https:\/\/i0.wp.com\/soclose.mx\/blog\/wp-content\/uploads\/2021\/11\/Copia-de-Principal-So-Close-blog-2-4.png?fit=1200%2C677&ssl=1&resize=350%2C200","width":350,"height":200,"srcset":"https:\/\/i0.wp.com\/soclose.mx\/blog\/wp-content\/uploads\/2021\/11\/Copia-de-Principal-So-Close-blog-2-4.png?fit=1200%2C677&ssl=1&resize=350%2C200 1x, https:\/\/i0.wp.com\/soclose.mx\/blog\/wp-content\/uploads\/2021\/11\/Copia-de-Principal-So-Close-blog-2-4.png?fit=1200%2C677&ssl=1&resize=525%2C300 1.5x, https:\/\/i0.wp.com\/soclose.mx\/blog\/wp-content\/uploads\/2021\/11\/Copia-de-Principal-So-Close-blog-2-4.png?fit=1200%2C677&ssl=1&resize=700%2C400 2x, https:\/\/i0.wp.com\/soclose.mx\/blog\/wp-content\/uploads\/2021\/11\/Copia-de-Principal-So-Close-blog-2-4.png?fit=1200%2C677&ssl=1&resize=1050%2C600 3x"},"classes":[]},{"id":14591,"url":"https:\/\/soclose.mx\/blog\/news-feed\/mexicanos-que-murieron-en-el-2024\/","url_meta":{"origin":8074,"position":5},"title":"Mexicanos que murieron en el 2024","author":"So Close","date":"27 diciembre, 2024","format":false,"excerpt":"La lista de los mexicanos que murieron en el 2024 incluye varias figuras emblem\u00e1ticas del entretenimiento y la cultura, dejando un vac\u00edo en el coraz\u00f3n de sus seguidores. A continuaci\u00f3n, se presenta una lista detallada de algunos de los que fallecieron este a\u00f1o, junto con las causas de su muerte,\u2026","rel":"","context":"En &quot;News feed&quot;","block_context":{"text":"News feed","link":"https:\/\/soclose.mx\/blog\/category\/news-feed\/"},"img":{"alt_text":"Silvia Pinal","src":"https:\/\/i0.wp.com\/soclose.mx\/blog\/wp-content\/uploads\/2024\/12\/Silvia-Pinal.jpg?fit=1200%2C675&ssl=1&resize=350%2C200","width":350,"height":200,"srcset":"https:\/\/i0.wp.com\/soclose.mx\/blog\/wp-content\/uploads\/2024\/12\/Silvia-Pinal.jpg?fit=1200%2C675&ssl=1&resize=350%2C200 1x, https:\/\/i0.wp.com\/soclose.mx\/blog\/wp-content\/uploads\/2024\/12\/Silvia-Pinal.jpg?fit=1200%2C675&ssl=1&resize=525%2C300 1.5x, https:\/\/i0.wp.com\/soclose.mx\/blog\/wp-content\/uploads\/2024\/12\/Silvia-Pinal.jpg?fit=1200%2C675&ssl=1&resize=700%2C400 2x, https:\/\/i0.wp.com\/soclose.mx\/blog\/wp-content\/uploads\/2024\/12\/Silvia-Pinal.jpg?fit=1200%2C675&ssl=1&resize=1050%2C600 3x"},"classes":[]}],"jetpack_sharing_enabled":true,"_links":{"self":[{"href":"https:\/\/soclose.mx\/blog\/wp-json\/wp\/v2\/posts\/8074","targetHints":{"allow":["GET"]}}],"collection":[{"href":"https:\/\/soclose.mx\/blog\/wp-json\/wp\/v2\/posts"}],"about":[{"href":"https:\/\/soclose.mx\/blog\/wp-json\/wp\/v2\/types\/post"}],"author":[{"embeddable":true,"href":"https:\/\/soclose.mx\/blog\/wp-json\/wp\/v2\/users\/8"}],"replies":[{"embeddable":true,"href":"https:\/\/soclose.mx\/blog\/wp-json\/wp\/v2\/comments?post=8074"}],"version-history":[{"count":0,"href":"https:\/\/soclose.mx\/blog\/wp-json\/wp\/v2\/posts\/8074\/revisions"}],"wp:featuredmedia":[{"embeddable":true,"href":"https:\/\/soclose.mx\/blog\/wp-json\/wp\/v2\/media\/8198"}],"wp:attachment":[{"href":"https:\/\/soclose.mx\/blog\/wp-json\/wp\/v2\/media?parent=8074"}],"wp:term":[{"taxonomy":"category","embeddable":true,"href":"https:\/\/soclose.mx\/blog\/wp-json\/wp\/v2\/categories?post=8074"},{"taxonomy":"post_tag","embeddable":true,"href":"https:\/\/soclose.mx\/blog\/wp-json\/wp\/v2\/tags?post=8074"}],"curies":[{"name":"wp","href":"https:\/\/api.w.org\/{rel}","templated":true}]}}