{"id":8105,"date":"2021-12-24T09:33:22","date_gmt":"2021-12-24T15:33:22","guid":{"rendered":"https:\/\/soclose.mx\/blog\/?p=8105"},"modified":"2023-01-30T13:33:08","modified_gmt":"2023-01-30T19:33:08","slug":"los-mexicanos-que-se-fueron-al-mictlan-en-el-2021","status":"publish","type":"post","link":"https:\/\/soclose.mx\/blog\/news-feed\/los-mexicanos-que-se-fueron-al-mictlan-en-el-2021\/","title":{"rendered":"Los mexicanos que se fueron al Mictl\u00e1n en el 2021"},"content":{"rendered":"<p>Este 2021 y para siempre, no hay mejor manera que reconocer a quienes nos dejaron este a\u00f1o y por eso, te enlistamos a algunos famosos que se nos adelantaron&#8230;<\/p>\n<p>El cantante<a href=\"https:\/\/soclose.mx\/blog\/es_mx\/el-platillo-y-bebida-favorita-de-vicente-fernandez\/\" target=\"_blank\" rel=\"noopener\"><strong> Vicente Fern\u00e1ndez<\/strong>\u00a0<\/a>muri\u00f3 el pasado 12 de diciembre a las 6:15 de la ma\u00f1ana, a los 81 a\u00f1os, tras complicarse su salud y luego de estar varios meses hospitalizado debido a una ca\u00edda en su casa.<\/p>\n<p>El 8 de marzo falleci\u00f3 <strong>Ricardo Gonz\u00e1lez Guti\u00e9rrez<\/strong>, mejor conocido como\u00a0<strong>Cepill\u00edn,<\/strong>\u00a0\u201cel payasito de la televisi\u00f3n\u201d mexicana, a los 75 a\u00f1os de edad,\u00a0tras padecer c\u00e1ncer en la columna vertebral.<\/p>\n<p>A los 22 a\u00f1os, el actor <strong>Octavio Oca\u00f1a, &#8220;Benito&#8221;, <\/strong>muri\u00f3 en el municipio de\u00a0<strong>Cuautitl\u00e1n Izcalli<\/strong>, <strong>Estado de M\u00e9xico<\/strong>, dentro de su\u00a0camioneta\u00a0al recibir\u00a0disparos.<\/p>\n<p class=\"article_title\">A los 96 a\u00f1os de edad, la actriz <strong>Rosita Quintana<\/strong>, leyenda del cine mexicano quien fuera descubierta por <strong>Jorge Negrete \u2018El Charro Cantor&#8221;<\/strong>,\u00a0 muri\u00f3 el 23 de agosto.<\/p>\n<p>Muri\u00f3 en Quintana Roo,\u00a0<strong>\u00d3scar Cadena<\/strong>, quien fuera conductor de \u201c<strong>C\u00e1mara Infraganti<\/strong>\u201d, a los<strong>\u00a075 a\u00f1os<\/strong> de edad quien hab\u00eda sido intervenido quir\u00fargicamente.<\/p>\n<p class=\"article_title\">Falleci\u00f3 el cineasta y guionista mexicano quien gan\u00f3 el <strong>Oso de Plata en Berl\u00edn<\/strong> por su<strong> pel\u00edcula \u2018Canoa\u2019<\/strong>, <strong>Felipe Cazals<\/strong>, el 16 de octubre.<\/p>\n<p>\u00a0El 7 de noviembre se dio a conocer la muerte a los 81 a\u00f1os del primer actor <strong>Enrique Rocha<\/strong>, uno de los grandes villanos de la pantalla chica que inici\u00f3 su carrera en 1965<strong>.<\/strong><\/p>\n<p class=\"article_title\">Dos d\u00edas despu\u00e9s, el 9 de diciembre, falleci\u00f3 la actriz <strong>Carmen Salinas Lozano<\/strong> despu\u00e9s de varios d\u00edas de estar hospitalizada.<\/p>\n","protected":false},"excerpt":{"rendered":"<p>Este 2021 y para siempre, no hay mejor manera que reconocer a quienes nos dejaron este a\u00f1o y por eso, te enlistamos a algunos famosos que se nos adelantaron&#8230; El cantante Vicente Fern\u00e1ndez\u00a0muri\u00f3 el pasado 12 de diciembre a las 6:15 de la ma\u00f1ana, a los 81 a\u00f1os, tras complicarse su salud y luego de estar varios meses hospitalizado debido a una ca\u00edda en su casa. El 8 de marzo falleci\u00f3 Ricardo Gonz\u00e1lez Guti\u00e9rrez, mejor conocido como\u00a0Cepill\u00edn,\u00a0\u201cel payasito de la televisi\u00f3n\u201d mexicana, a los 75 a\u00f1os de edad,\u00a0tras padecer c\u00e1ncer en la columna vertebral. A los 22 a\u00f1os, el actor<\/p>\n","protected":false},"author":8,"featured_media":8106,"comment_status":"open","ping_status":"open","sticky":false,"template":"","format":"standard","meta":{"_jetpack_memberships_contains_paid_content":false,"footnotes":""},"categories":[628],"tags":[1623,1622,788,281,1606],"class_list":["post-8105","post","type-post","status-publish","format-standard","has-post-thumbnail","hentry","category-news-feed","tag-carmen-salinas","tag-cepillin","tag-mexicanos","tag-muerte","tag-vicente-fernandez"],"yoast_head":"<!-- This site is optimized with the Yoast SEO plugin v26.7 - https:\/\/yoast.com\/wordpress\/plugins\/seo\/ -->\n<title>Los mexicanos que se fueron al Mictl\u00e1n en el 2021 - So Close<\/title>\n<meta name=\"description\" content=\"Este 2021 y para siempre, no hay mejor manera que reconocer a quienes nos dejaron este a\u00f1o. Aqu\u00ed la lista de quienes nos dejaron.\" \/>\n<meta name=\"robots\" content=\"index, follow, max-snippet:-1, max-image-preview:large, max-video-preview:-1\" \/>\n<link rel=\"canonical\" href=\"https:\/\/soclose.mx\/blog\/tag\/juan-rulfo-frases-mujeres\/\" \/>\n<meta property=\"og:locale\" content=\"es_MX\" \/>\n<meta property=\"og:type\" content=\"article\" \/>\n<meta property=\"og:title\" content=\"Los mexicanos que se fueron al Mictl\u00e1n en el 2021 - So Close\" \/>\n<meta property=\"og:description\" content=\"Este 2021 y para siempre, no hay mejor manera que reconocer a quienes nos dejaron este a\u00f1o. Aqu\u00ed la lista de quienes nos dejaron.\" \/>\n<meta property=\"og:url\" content=\"https:\/\/soclose.mx\/blog\/tag\/juan-rulfo-frases-mujeres\/\" \/>\n<meta property=\"og:site_name\" content=\"So Close\" \/>\n<meta property=\"article:author\" content=\"www.facebook.com\/mikexever\/\" \/>\n<meta property=\"article:published_time\" content=\"2021-12-24T15:33:22+00:00\" \/>\n<meta property=\"article:modified_time\" content=\"2023-01-30T19:33:08+00:00\" \/>\n<meta property=\"og:image\" content=\"https:\/\/i0.wp.com\/soclose.mx\/blog\/wp-content\/uploads\/2021\/12\/Copia-de-Principal-So-Close-blog-3-4.png?fit=1240%2C700&ssl=1\" \/>\n\t<meta property=\"og:image:width\" content=\"1240\" \/>\n\t<meta property=\"og:image:height\" content=\"700\" \/>\n\t<meta property=\"og:image:type\" content=\"image\/png\" \/>\n<meta name=\"author\" content=\"Miguel Angel Romero\" \/>\n<meta name=\"twitter:card\" content=\"summary_large_image\" \/>\n<meta name=\"twitter:creator\" content=\"@Mikerecomienda\" \/>\n<meta name=\"twitter:label1\" content=\"Escrito por\" \/>\n\t<meta name=\"twitter:data1\" content=\"Miguel Angel Romero\" \/>\n\t<meta name=\"twitter:label2\" content=\"Tiempo de lectura\" \/>\n\t<meta name=\"twitter:data2\" content=\"2 minutos\" \/>\n<script type=\"application\/ld+json\" class=\"yoast-schema-graph\">{\"@context\":\"https:\/\/schema.org\",\"@graph\":[{\"@type\":\"Article\",\"@id\":\"https:\/\/soclose.mx\/blog\/tag\/juan-rulfo-frases-mujeres\/#article\",\"isPartOf\":{\"@id\":\"https:\/\/soclose.mx\/blog\/tag\/juan-rulfo-frases-mujeres\/\"},\"author\":{\"name\":\"Miguel Angel Romero\",\"@id\":\"https:\/\/soclose.mx\/blog\/#\/schema\/person\/cddec6ccd5d7037d286395fb411e23f1\"},\"headline\":\"Los mexicanos que se fueron al Mictl\u00e1n en el 2021\",\"datePublished\":\"2021-12-24T15:33:22+00:00\",\"dateModified\":\"2023-01-30T19:33:08+00:00\",\"mainEntityOfPage\":{\"@id\":\"https:\/\/soclose.mx\/blog\/tag\/juan-rulfo-frases-mujeres\/\"},\"wordCount\":275,\"commentCount\":0,\"publisher\":{\"@id\":\"https:\/\/soclose.mx\/blog\/#organization\"},\"image\":{\"@id\":\"https:\/\/soclose.mx\/blog\/tag\/juan-rulfo-frases-mujeres\/#primaryimage\"},\"thumbnailUrl\":\"https:\/\/i0.wp.com\/soclose.mx\/blog\/wp-content\/uploads\/2021\/12\/Copia-de-Principal-So-Close-blog-3-4.png?fit=1240%2C700&ssl=1\",\"keywords\":[\"Carmen Salinas\",\"Cepill\u00edn\",\"mexicanos\",\"muerte\",\"Vicente Fern\u00e1ndez\"],\"articleSection\":[\"News feed\"],\"inLanguage\":\"es\",\"potentialAction\":[{\"@type\":\"CommentAction\",\"name\":\"Comment\",\"target\":[\"https:\/\/soclose.mx\/blog\/tag\/juan-rulfo-frases-mujeres\/#respond\"]}]},{\"@type\":\"WebPage\",\"@id\":\"https:\/\/soclose.mx\/blog\/tag\/juan-rulfo-frases-mujeres\/\",\"url\":\"https:\/\/soclose.mx\/blog\/tag\/juan-rulfo-frases-mujeres\/\",\"name\":\"Los mexicanos que se fueron al Mictl\u00e1n en el 2021 - So Close\",\"isPartOf\":{\"@id\":\"https:\/\/soclose.mx\/blog\/#website\"},\"primaryImageOfPage\":{\"@id\":\"https:\/\/soclose.mx\/blog\/tag\/juan-rulfo-frases-mujeres\/#primaryimage\"},\"image\":{\"@id\":\"https:\/\/soclose.mx\/blog\/tag\/juan-rulfo-frases-mujeres\/#primaryimage\"},\"thumbnailUrl\":\"https:\/\/i0.wp.com\/soclose.mx\/blog\/wp-content\/uploads\/2021\/12\/Copia-de-Principal-So-Close-blog-3-4.png?fit=1240%2C700&ssl=1\",\"datePublished\":\"2021-12-24T15:33:22+00:00\",\"dateModified\":\"2023-01-30T19:33:08+00:00\",\"description\":\"Este 2021 y para siempre, no hay mejor manera que reconocer a quienes nos dejaron este a\u00f1o. Aqu\u00ed la lista de quienes nos dejaron.\",\"breadcrumb\":{\"@id\":\"https:\/\/soclose.mx\/blog\/tag\/juan-rulfo-frases-mujeres\/#breadcrumb\"},\"inLanguage\":\"es\",\"potentialAction\":[{\"@type\":\"ReadAction\",\"target\":[\"https:\/\/soclose.mx\/blog\/tag\/juan-rulfo-frases-mujeres\/\"]}]},{\"@type\":\"ImageObject\",\"inLanguage\":\"es\",\"@id\":\"https:\/\/soclose.mx\/blog\/tag\/juan-rulfo-frases-mujeres\/#primaryimage\",\"url\":\"https:\/\/i0.wp.com\/soclose.mx\/blog\/wp-content\/uploads\/2021\/12\/Copia-de-Principal-So-Close-blog-3-4.png?fit=1240%2C700&ssl=1\",\"contentUrl\":\"https:\/\/i0.wp.com\/soclose.mx\/blog\/wp-content\/uploads\/2021\/12\/Copia-de-Principal-So-Close-blog-3-4.png?fit=1240%2C700&ssl=1\",\"width\":1240,\"height\":700},{\"@type\":\"BreadcrumbList\",\"@id\":\"https:\/\/soclose.mx\/blog\/tag\/juan-rulfo-frases-mujeres\/#breadcrumb\",\"itemListElement\":[{\"@type\":\"ListItem\",\"position\":1,\"name\":\"Inicio\",\"item\":\"https:\/\/soclose.mx\/blog\/\"},{\"@type\":\"ListItem\",\"position\":2,\"name\":\"Los mexicanos que se fueron al Mictl\u00e1n en el 2021\"}]},{\"@type\":\"WebSite\",\"@id\":\"https:\/\/soclose.mx\/blog\/#website\",\"url\":\"https:\/\/soclose.mx\/blog\/\",\"name\":\"So Close\",\"description\":\"Hacemos contenidos de M\u00e9xico\",\"publisher\":{\"@id\":\"https:\/\/soclose.mx\/blog\/#organization\"},\"potentialAction\":[{\"@type\":\"SearchAction\",\"target\":{\"@type\":\"EntryPoint\",\"urlTemplate\":\"https:\/\/soclose.mx\/blog\/?s={search_term_string}\"},\"query-input\":{\"@type\":\"PropertyValueSpecification\",\"valueRequired\":true,\"valueName\":\"search_term_string\"}}],\"inLanguage\":\"es\"},{\"@type\":\"Organization\",\"@id\":\"https:\/\/soclose.mx\/blog\/#organization\",\"name\":\"So Close\",\"url\":\"https:\/\/soclose.mx\/blog\/\",\"logo\":{\"@type\":\"ImageObject\",\"inLanguage\":\"es\",\"@id\":\"https:\/\/soclose.mx\/blog\/#\/schema\/logo\/image\/\",\"url\":\"https:\/\/i0.wp.com\/soclose.mx\/blog\/wp-content\/uploads\/2020\/12\/LOGO_SOCLOSE_COLOR-e1608310133507.png?fit=2858%2C1264&ssl=1\",\"contentUrl\":\"https:\/\/i0.wp.com\/soclose.mx\/blog\/wp-content\/uploads\/2020\/12\/LOGO_SOCLOSE_COLOR-e1608310133507.png?fit=2858%2C1264&ssl=1\",\"width\":2858,\"height\":1264,\"caption\":\"So Close\"},\"image\":{\"@id\":\"https:\/\/soclose.mx\/blog\/#\/schema\/logo\/image\/\"}},{\"@type\":\"Person\",\"@id\":\"https:\/\/soclose.mx\/blog\/#\/schema\/person\/cddec6ccd5d7037d286395fb411e23f1\",\"name\":\"Miguel Angel Romero\",\"image\":{\"@type\":\"ImageObject\",\"inLanguage\":\"es\",\"@id\":\"https:\/\/soclose.mx\/blog\/#\/schema\/person\/image\/\",\"url\":\"https:\/\/secure.gravatar.com\/avatar\/45b44006b4f93497bb24d251f77bc39385015bfa120582412df580dbfcbb14f3?s=96&d=mm&r=g\",\"contentUrl\":\"https:\/\/secure.gravatar.com\/avatar\/45b44006b4f93497bb24d251f77bc39385015bfa120582412df580dbfcbb14f3?s=96&d=mm&r=g\",\"caption\":\"Miguel Angel Romero\"},\"sameAs\":[\"http:\/\/\/mikexever.blogspot.com\/\",\"www.facebook.com\/mikexever\/\",\"https:\/\/x.com\/Mikerecomienda\"],\"url\":\"https:\/\/soclose.mx\/blog\/author\/mike\/\"}]}<\/script>\n<!-- \/ Yoast SEO plugin. -->","yoast_head_json":{"title":"Los mexicanos que se fueron al Mictl\u00e1n en el 2021 - So Close","description":"Este 2021 y para siempre, no hay mejor manera que reconocer a quienes nos dejaron este a\u00f1o. Aqu\u00ed la lista de quienes nos dejaron.","robots":{"index":"index","follow":"follow","max-snippet":"max-snippet:-1","max-image-preview":"max-image-preview:large","max-video-preview":"max-video-preview:-1"},"canonical":"https:\/\/soclose.mx\/blog\/tag\/juan-rulfo-frases-mujeres\/","og_locale":"es_MX","og_type":"article","og_title":"Los mexicanos que se fueron al Mictl\u00e1n en el 2021 - So Close","og_description":"Este 2021 y para siempre, no hay mejor manera que reconocer a quienes nos dejaron este a\u00f1o. Aqu\u00ed la lista de quienes nos dejaron.","og_url":"https:\/\/soclose.mx\/blog\/tag\/juan-rulfo-frases-mujeres\/","og_site_name":"So Close","article_author":"www.facebook.com\/mikexever\/","article_published_time":"2021-12-24T15:33:22+00:00","article_modified_time":"2023-01-30T19:33:08+00:00","og_image":[{"width":1240,"height":700,"url":"https:\/\/i0.wp.com\/soclose.mx\/blog\/wp-content\/uploads\/2021\/12\/Copia-de-Principal-So-Close-blog-3-4.png?fit=1240%2C700&ssl=1","type":"image\/png"}],"author":"Miguel Angel Romero","twitter_card":"summary_large_image","twitter_creator":"@Mikerecomienda","twitter_misc":{"Escrito por":"Miguel Angel Romero","Tiempo de lectura":"2 minutos"},"schema":{"@context":"https:\/\/schema.org","@graph":[{"@type":"Article","@id":"https:\/\/soclose.mx\/blog\/tag\/juan-rulfo-frases-mujeres\/#article","isPartOf":{"@id":"https:\/\/soclose.mx\/blog\/tag\/juan-rulfo-frases-mujeres\/"},"author":{"name":"Miguel Angel Romero","@id":"https:\/\/soclose.mx\/blog\/#\/schema\/person\/cddec6ccd5d7037d286395fb411e23f1"},"headline":"Los mexicanos que se fueron al Mictl\u00e1n en el 2021","datePublished":"2021-12-24T15:33:22+00:00","dateModified":"2023-01-30T19:33:08+00:00","mainEntityOfPage":{"@id":"https:\/\/soclose.mx\/blog\/tag\/juan-rulfo-frases-mujeres\/"},"wordCount":275,"commentCount":0,"publisher":{"@id":"https:\/\/soclose.mx\/blog\/#organization"},"image":{"@id":"https:\/\/soclose.mx\/blog\/tag\/juan-rulfo-frases-mujeres\/#primaryimage"},"thumbnailUrl":"https:\/\/i0.wp.com\/soclose.mx\/blog\/wp-content\/uploads\/2021\/12\/Copia-de-Principal-So-Close-blog-3-4.png?fit=1240%2C700&ssl=1","keywords":["Carmen Salinas","Cepill\u00edn","mexicanos","muerte","Vicente Fern\u00e1ndez"],"articleSection":["News feed"],"inLanguage":"es","potentialAction":[{"@type":"CommentAction","name":"Comment","target":["https:\/\/soclose.mx\/blog\/tag\/juan-rulfo-frases-mujeres\/#respond"]}]},{"@type":"WebPage","@id":"https:\/\/soclose.mx\/blog\/tag\/juan-rulfo-frases-mujeres\/","url":"https:\/\/soclose.mx\/blog\/tag\/juan-rulfo-frases-mujeres\/","name":"Los mexicanos que se fueron al Mictl\u00e1n en el 2021 - So Close","isPartOf":{"@id":"https:\/\/soclose.mx\/blog\/#website"},"primaryImageOfPage":{"@id":"https:\/\/soclose.mx\/blog\/tag\/juan-rulfo-frases-mujeres\/#primaryimage"},"image":{"@id":"https:\/\/soclose.mx\/blog\/tag\/juan-rulfo-frases-mujeres\/#primaryimage"},"thumbnailUrl":"https:\/\/i0.wp.com\/soclose.mx\/blog\/wp-content\/uploads\/2021\/12\/Copia-de-Principal-So-Close-blog-3-4.png?fit=1240%2C700&ssl=1","datePublished":"2021-12-24T15:33:22+00:00","dateModified":"2023-01-30T19:33:08+00:00","description":"Este 2021 y para siempre, no hay mejor manera que reconocer a quienes nos dejaron este a\u00f1o. Aqu\u00ed la lista de quienes nos dejaron.","breadcrumb":{"@id":"https:\/\/soclose.mx\/blog\/tag\/juan-rulfo-frases-mujeres\/#breadcrumb"},"inLanguage":"es","potentialAction":[{"@type":"ReadAction","target":["https:\/\/soclose.mx\/blog\/tag\/juan-rulfo-frases-mujeres\/"]}]},{"@type":"ImageObject","inLanguage":"es","@id":"https:\/\/soclose.mx\/blog\/tag\/juan-rulfo-frases-mujeres\/#primaryimage","url":"https:\/\/i0.wp.com\/soclose.mx\/blog\/wp-content\/uploads\/2021\/12\/Copia-de-Principal-So-Close-blog-3-4.png?fit=1240%2C700&ssl=1","contentUrl":"https:\/\/i0.wp.com\/soclose.mx\/blog\/wp-content\/uploads\/2021\/12\/Copia-de-Principal-So-Close-blog-3-4.png?fit=1240%2C700&ssl=1","width":1240,"height":700},{"@type":"BreadcrumbList","@id":"https:\/\/soclose.mx\/blog\/tag\/juan-rulfo-frases-mujeres\/#breadcrumb","itemListElement":[{"@type":"ListItem","position":1,"name":"Inicio","item":"https:\/\/soclose.mx\/blog\/"},{"@type":"ListItem","position":2,"name":"Los mexicanos que se fueron al Mictl\u00e1n en el 2021"}]},{"@type":"WebSite","@id":"https:\/\/soclose.mx\/blog\/#website","url":"https:\/\/soclose.mx\/blog\/","name":"So Close","description":"Hacemos contenidos de M\u00e9xico","publisher":{"@id":"https:\/\/soclose.mx\/blog\/#organization"},"potentialAction":[{"@type":"SearchAction","target":{"@type":"EntryPoint","urlTemplate":"https:\/\/soclose.mx\/blog\/?s={search_term_string}"},"query-input":{"@type":"PropertyValueSpecification","valueRequired":true,"valueName":"search_term_string"}}],"inLanguage":"es"},{"@type":"Organization","@id":"https:\/\/soclose.mx\/blog\/#organization","name":"So Close","url":"https:\/\/soclose.mx\/blog\/","logo":{"@type":"ImageObject","inLanguage":"es","@id":"https:\/\/soclose.mx\/blog\/#\/schema\/logo\/image\/","url":"https:\/\/i0.wp.com\/soclose.mx\/blog\/wp-content\/uploads\/2020\/12\/LOGO_SOCLOSE_COLOR-e1608310133507.png?fit=2858%2C1264&ssl=1","contentUrl":"https:\/\/i0.wp.com\/soclose.mx\/blog\/wp-content\/uploads\/2020\/12\/LOGO_SOCLOSE_COLOR-e1608310133507.png?fit=2858%2C1264&ssl=1","width":2858,"height":1264,"caption":"So Close"},"image":{"@id":"https:\/\/soclose.mx\/blog\/#\/schema\/logo\/image\/"}},{"@type":"Person","@id":"https:\/\/soclose.mx\/blog\/#\/schema\/person\/cddec6ccd5d7037d286395fb411e23f1","name":"Miguel Angel Romero","image":{"@type":"ImageObject","inLanguage":"es","@id":"https:\/\/soclose.mx\/blog\/#\/schema\/person\/image\/","url":"https:\/\/secure.gravatar.com\/avatar\/45b44006b4f93497bb24d251f77bc39385015bfa120582412df580dbfcbb14f3?s=96&d=mm&r=g","contentUrl":"https:\/\/secure.gravatar.com\/avatar\/45b44006b4f93497bb24d251f77bc39385015bfa120582412df580dbfcbb14f3?s=96&d=mm&r=g","caption":"Miguel Angel Romero"},"sameAs":["http:\/\/\/mikexever.blogspot.com\/","www.facebook.com\/mikexever\/","https:\/\/x.com\/Mikerecomienda"],"url":"https:\/\/soclose.mx\/blog\/author\/mike\/"}]}},"jetpack_featured_media_url":"https:\/\/i0.wp.com\/soclose.mx\/blog\/wp-content\/uploads\/2021\/12\/Copia-de-Principal-So-Close-blog-3-4.png?fit=1240%2C700&ssl=1","jetpack-related-posts":[{"id":12157,"url":"https:\/\/soclose.mx\/blog\/ay-goeeee\/tragedias-ocurrieron-diciembre-mexico\/","url_meta":{"origin":8105,"position":0},"title":"Tragedias que marcaron el mes de diciembre en M\u00e9xico","author":"Emmanuel Oviedo","date":"4 noviembre, 2023","format":false,"excerpt":"Las tragedias no esperan y lamentablemente no conocen de fechas especiales porque son repentinas, inesperadas.\u00a0Y en \u00e9poca navide\u00f1a, cuando m\u00e1s deseamos tranquilidad, tambi\u00e9n ocurren eventos que nos marcan con un recuerdo negativo. De hecho, los hechos tr\u00e1gicos suelen ser m\u00e1s sonados y lamentables cuando ocurren en diciembre. En M\u00e9xico, nos\u2026","rel":"","context":"En &quot;\u00a1Ay goeeee!&quot;","block_context":{"text":"\u00a1Ay goeeee!","link":"https:\/\/soclose.mx\/blog\/category\/ay-goeeee\/"},"img":{"alt_text":"Tragedias diciembre M\u00e9xico","src":"https:\/\/i0.wp.com\/soclose.mx\/blog\/wp-content\/uploads\/2023\/07\/23122163205_c79b50fbac_k.jpg?fit=1200%2C797&ssl=1&resize=350%2C200","width":350,"height":200,"srcset":"https:\/\/i0.wp.com\/soclose.mx\/blog\/wp-content\/uploads\/2023\/07\/23122163205_c79b50fbac_k.jpg?fit=1200%2C797&ssl=1&resize=350%2C200 1x, https:\/\/i0.wp.com\/soclose.mx\/blog\/wp-content\/uploads\/2023\/07\/23122163205_c79b50fbac_k.jpg?fit=1200%2C797&ssl=1&resize=525%2C300 1.5x, https:\/\/i0.wp.com\/soclose.mx\/blog\/wp-content\/uploads\/2023\/07\/23122163205_c79b50fbac_k.jpg?fit=1200%2C797&ssl=1&resize=700%2C400 2x, https:\/\/i0.wp.com\/soclose.mx\/blog\/wp-content\/uploads\/2023\/07\/23122163205_c79b50fbac_k.jpg?fit=1200%2C797&ssl=1&resize=1050%2C600 3x"},"classes":[]},{"id":8050,"url":"https:\/\/soclose.mx\/blog\/ay-goeeee\/el-platillo-y-bebida-favorita-de-vicente-fernandez\/","url_meta":{"origin":8105,"position":1},"title":"El platillo y bebida favorita de Vicente Fern\u00e1ndez","author":"Miguel Angel Romero","date":"14 diciembre, 2021","format":false,"excerpt":"Ya conocemos lo que le sucedi\u00f3 al \u00eddolo para miles de personas, Vicente Fern\u00e1ndez , pero, lo que muy pocos conoc\u00edan eran\u00a0sus\u00a0gustos gastron\u00f3micos. A la hora de comer y de beber, \u201cEl Charro de Huentit\u00e1n\u201d prefer\u00eda la carne en su jugo, en lo posible con el acompa\u00f1amiento de una buena\u2026","rel":"","context":"En &quot;\u00a1Ay goeeee!&quot;","block_context":{"text":"\u00a1Ay goeeee!","link":"https:\/\/soclose.mx\/blog\/category\/ay-goeeee\/"},"img":{"alt_text":"","src":"https:\/\/i0.wp.com\/soclose.mx\/blog\/wp-content\/uploads\/2021\/12\/Copia-de-Principal-So-Close-blog-3-2.png?fit=1200%2C677&ssl=1&resize=350%2C200","width":350,"height":200,"srcset":"https:\/\/i0.wp.com\/soclose.mx\/blog\/wp-content\/uploads\/2021\/12\/Copia-de-Principal-So-Close-blog-3-2.png?fit=1200%2C677&ssl=1&resize=350%2C200 1x, https:\/\/i0.wp.com\/soclose.mx\/blog\/wp-content\/uploads\/2021\/12\/Copia-de-Principal-So-Close-blog-3-2.png?fit=1200%2C677&ssl=1&resize=525%2C300 1.5x, https:\/\/i0.wp.com\/soclose.mx\/blog\/wp-content\/uploads\/2021\/12\/Copia-de-Principal-So-Close-blog-3-2.png?fit=1200%2C677&ssl=1&resize=700%2C400 2x, https:\/\/i0.wp.com\/soclose.mx\/blog\/wp-content\/uploads\/2021\/12\/Copia-de-Principal-So-Close-blog-3-2.png?fit=1200%2C677&ssl=1&resize=1050%2C600 3x"},"classes":[]},{"id":9128,"url":"https:\/\/soclose.mx\/blog\/a-la-mexicana\/porfirio-diaz-tiene-una-avenida-con-su-nombre-en-francia\/","url_meta":{"origin":8105,"position":2},"title":"Porfirio D\u00edaz tiene una avenida con su nombre&#8230; \u00bfen Francia?","author":"Miguel Angel Romero","date":"1 marzo, 2022","format":false,"excerpt":"As\u00ed es, por muy raro que parezca, tras ser exiliado de M\u00e9xico, Porfirio D\u00edaz vivi\u00f3 sus \u00faltimos a\u00f1os en Francia, en este tiempo pas\u00f3 de ser considerado un h\u00e9roe tras luchar con los franceses a ser uno de los villanos, pero esto no impidi\u00f3 que en una localidad francesa se\u2026","rel":"","context":"En &quot;A la mexicana&quot;","block_context":{"text":"A la mexicana","link":"https:\/\/soclose.mx\/blog\/category\/a-la-mexicana\/"},"img":{"alt_text":"","src":"https:\/\/i0.wp.com\/soclose.mx\/blog\/wp-content\/uploads\/2022\/02\/Copia-de-Principal-So-Close-blog-1-13.png?fit=1200%2C677&ssl=1&resize=350%2C200","width":350,"height":200,"srcset":"https:\/\/i0.wp.com\/soclose.mx\/blog\/wp-content\/uploads\/2022\/02\/Copia-de-Principal-So-Close-blog-1-13.png?fit=1200%2C677&ssl=1&resize=350%2C200 1x, https:\/\/i0.wp.com\/soclose.mx\/blog\/wp-content\/uploads\/2022\/02\/Copia-de-Principal-So-Close-blog-1-13.png?fit=1200%2C677&ssl=1&resize=525%2C300 1.5x, https:\/\/i0.wp.com\/soclose.mx\/blog\/wp-content\/uploads\/2022\/02\/Copia-de-Principal-So-Close-blog-1-13.png?fit=1200%2C677&ssl=1&resize=700%2C400 2x, https:\/\/i0.wp.com\/soclose.mx\/blog\/wp-content\/uploads\/2022\/02\/Copia-de-Principal-So-Close-blog-1-13.png?fit=1200%2C677&ssl=1&resize=1050%2C600 3x"},"classes":[]},{"id":6341,"url":"https:\/\/soclose.mx\/blog\/ay-goeeee\/10-datos-de-pedro-linares-lopez-y-sus-alebrijes\/","url_meta":{"origin":8105,"position":3},"title":"10 datos de Pedro Linares L\u00f3pez y sus alebrijes","author":"So Close","date":"29 junio, 2021","format":false,"excerpt":"Pedro Linares L\u00f3pez fue un destacado artista mexicano, conocido como el creador de los\u00a0alebrijes, figuras fant\u00e1sticas que combinan elementos de diferentes animales y son elaboradas principalmente con cart\u00f3n. Naci\u00f3 en 1906 en la Ciudad de M\u00e9xico. Es reconocido como el creador de los \u201cAlebrijes\u201d. Trabaj\u00f3 como artesano cartonero en la\u2026","rel":"","context":"En &quot;\u00a1Ay goeeee!&quot;","block_context":{"text":"\u00a1Ay goeeee!","link":"https:\/\/soclose.mx\/blog\/category\/ay-goeeee\/"},"img":{"alt_text":"","src":"https:\/\/i0.wp.com\/soclose.mx\/blog\/wp-content\/uploads\/2021\/06\/alebrije.jpg?fit=1200%2C677&ssl=1&resize=350%2C200","width":350,"height":200,"srcset":"https:\/\/i0.wp.com\/soclose.mx\/blog\/wp-content\/uploads\/2021\/06\/alebrije.jpg?fit=1200%2C677&ssl=1&resize=350%2C200 1x, https:\/\/i0.wp.com\/soclose.mx\/blog\/wp-content\/uploads\/2021\/06\/alebrije.jpg?fit=1200%2C677&ssl=1&resize=525%2C300 1.5x, https:\/\/i0.wp.com\/soclose.mx\/blog\/wp-content\/uploads\/2021\/06\/alebrije.jpg?fit=1200%2C677&ssl=1&resize=700%2C400 2x, https:\/\/i0.wp.com\/soclose.mx\/blog\/wp-content\/uploads\/2021\/06\/alebrije.jpg?fit=1200%2C677&ssl=1&resize=1050%2C600 3x"},"classes":[]},{"id":8541,"url":"https:\/\/soclose.mx\/blog\/ay-goeeee\/7-canciones-mas-representativas-del-mariachi\/","url_meta":{"origin":8105,"position":4},"title":"7 canciones para disfrutar con mariachi","author":"Miguel Angel Romero","date":"20 enero, 2022","format":false,"excerpt":"M\u00e9xico es un pa\u00eds con una riqueza musical envidiable, y el mariachi tiene un lugar privilegiado tanto por los connacionales, como por los extranjeros, de hecho estos con s\u00f3lo o\u00edr alg\u00fan tema vern\u00e1culo su mente se traslada a nuestro pa\u00eds . Y para celebrar este tipo de m\u00fasica, enlistamos 7\u2026","rel":"","context":"En &quot;\u00a1Ay goeeee!&quot;","block_context":{"text":"\u00a1Ay goeeee!","link":"https:\/\/soclose.mx\/blog\/category\/ay-goeeee\/"},"img":{"alt_text":"","src":"https:\/\/i0.wp.com\/soclose.mx\/blog\/wp-content\/uploads\/2022\/01\/Copia-de-Principal-So-Close-blog-18.png?fit=1200%2C677&ssl=1&resize=350%2C200","width":350,"height":200,"srcset":"https:\/\/i0.wp.com\/soclose.mx\/blog\/wp-content\/uploads\/2022\/01\/Copia-de-Principal-So-Close-blog-18.png?fit=1200%2C677&ssl=1&resize=350%2C200 1x, https:\/\/i0.wp.com\/soclose.mx\/blog\/wp-content\/uploads\/2022\/01\/Copia-de-Principal-So-Close-blog-18.png?fit=1200%2C677&ssl=1&resize=525%2C300 1.5x, https:\/\/i0.wp.com\/soclose.mx\/blog\/wp-content\/uploads\/2022\/01\/Copia-de-Principal-So-Close-blog-18.png?fit=1200%2C677&ssl=1&resize=700%2C400 2x, https:\/\/i0.wp.com\/soclose.mx\/blog\/wp-content\/uploads\/2022\/01\/Copia-de-Principal-So-Close-blog-18.png?fit=1200%2C677&ssl=1&resize=1050%2C600 3x"},"classes":[]},{"id":6670,"url":"https:\/\/soclose.mx\/blog\/ay-goeeee\/10-inolvidables-datos-de-super-porky\/","url_meta":{"origin":8105,"position":5},"title":"10 inolvidables datos de S\u00faper Porky","author":"So Close","date":"27 julio, 2021","format":false,"excerpt":"En M\u00e9xico la lucha libre es un ingrediente m\u00e1s de la cultura contempor\u00e1nea y, por ende, los luchadores son parte del gusto popular de nacionales y visitantes. Por ello, sin lugar a dudas, S\u00faper Porky fue un exponente de la lucha libre admirado y querido por su carisma. Aqu\u00ed te\u2026","rel":"","context":"En &quot;\u00a1Ay goeeee!&quot;","block_context":{"text":"\u00a1Ay goeeee!","link":"https:\/\/soclose.mx\/blog\/category\/ay-goeeee\/"},"img":{"alt_text":"","src":"https:\/\/i0.wp.com\/soclose.mx\/blog\/wp-content\/uploads\/2021\/07\/super-porky.jpeg?fit=1200%2C677&ssl=1&resize=350%2C200","width":350,"height":200,"srcset":"https:\/\/i0.wp.com\/soclose.mx\/blog\/wp-content\/uploads\/2021\/07\/super-porky.jpeg?fit=1200%2C677&ssl=1&resize=350%2C200 1x, https:\/\/i0.wp.com\/soclose.mx\/blog\/wp-content\/uploads\/2021\/07\/super-porky.jpeg?fit=1200%2C677&ssl=1&resize=525%2C300 1.5x, https:\/\/i0.wp.com\/soclose.mx\/blog\/wp-content\/uploads\/2021\/07\/super-porky.jpeg?fit=1200%2C677&ssl=1&resize=700%2C400 2x, https:\/\/i0.wp.com\/soclose.mx\/blog\/wp-content\/uploads\/2021\/07\/super-porky.jpeg?fit=1200%2C677&ssl=1&resize=1050%2C600 3x"},"classes":[]}],"jetpack_sharing_enabled":true,"_links":{"self":[{"href":"https:\/\/soclose.mx\/blog\/wp-json\/wp\/v2\/posts\/8105","targetHints":{"allow":["GET"]}}],"collection":[{"href":"https:\/\/soclose.mx\/blog\/wp-json\/wp\/v2\/posts"}],"about":[{"href":"https:\/\/soclose.mx\/blog\/wp-json\/wp\/v2\/types\/post"}],"author":[{"embeddable":true,"href":"https:\/\/soclose.mx\/blog\/wp-json\/wp\/v2\/users\/8"}],"replies":[{"embeddable":true,"href":"https:\/\/soclose.mx\/blog\/wp-json\/wp\/v2\/comments?post=8105"}],"version-history":[{"count":0,"href":"https:\/\/soclose.mx\/blog\/wp-json\/wp\/v2\/posts\/8105\/revisions"}],"wp:featuredmedia":[{"embeddable":true,"href":"https:\/\/soclose.mx\/blog\/wp-json\/wp\/v2\/media\/8106"}],"wp:attachment":[{"href":"https:\/\/soclose.mx\/blog\/wp-json\/wp\/v2\/media?parent=8105"}],"wp:term":[{"taxonomy":"category","embeddable":true,"href":"https:\/\/soclose.mx\/blog\/wp-json\/wp\/v2\/categories?post=8105"},{"taxonomy":"post_tag","embeddable":true,"href":"https:\/\/soclose.mx\/blog\/wp-json\/wp\/v2\/tags?post=8105"}],"curies":[{"name":"wp","href":"https:\/\/api.w.org\/{rel}","templated":true}]}}