{"id":8108,"date":"2021-12-24T09:20:44","date_gmt":"2021-12-24T15:20:44","guid":{"rendered":"https:\/\/soclose.mx\/blog\/?p=8108"},"modified":"2021-12-24T12:01:33","modified_gmt":"2021-12-24T18:01:33","slug":"los-mexicas-y-los-mayas-asi-celebraban-el-ano-nuevo","status":"publish","type":"post","link":"https:\/\/soclose.mx\/blog\/ay-goeeee\/los-mexicas-y-los-mayas-asi-celebraban-el-ano-nuevo\/","title":{"rendered":"Los mexicas y los mayas as\u00ed celebraban el a\u00f1o nuevo"},"content":{"rendered":"<p>El a\u00f1o nuevo o el rito para dar inicio a un nuevo ciclo se repite en diferentes culturas pero se destaca en <strong>M\u00e9xico<\/strong> el que se realizaba en las culturas <a href=\"https:\/\/soclose.mx\/blog\/es_mx\/?s=MAYA\" target=\"_blank\" rel=\"noopener\"><strong>Maya<\/strong><\/a> y <strong>Mexica<\/strong>.<\/p>\n<p>Porque mientras que los mexicas le hac\u00edan honor al <strong>Dios del Fuego Xiuhtecuhtli,<\/strong> quien era el encargado de la regeneraci\u00f3n del mundo, los mayas efectuaban una gran fiesta durante el mes\u00a0 que era hacia julio para marcar un nuevo ciclo.<\/p>\n<p>Tanto para los mexicas como para los mayas las festividades para darle la bienvenida a un nuevo ciclo comprend\u00eda la preparaci\u00f3n de platillos especiales, ritos corporales. limpieza del hogar, bailes ceremoniales y\u00a0 el desecho de lo viejo.<\/p>\n<p>Las celebraciones de fin de a\u00f1o est\u00e1n relacionadas con los astros: el sol, la luna y aunque en las civilizaciones de <strong>Mesoam\u00e9rica<\/strong> el calendario estaba conformado en la mayor\u00eda de los lugares por 18 meses de 20 d\u00edas m\u00e1s 5 sobrantes que era considerado un mes corto, el inicio de a\u00f1o se daba en distintas fechas.<\/p>\n<p>Para los mexicas el a\u00f1o iniciaba en febrero, lo cual no ten\u00eda relaci\u00f3n con ning\u00fan acontecimiento importante astral.<\/p>\n<p>Este momento tambi\u00e9n era importante para los j\u00f3venes de distintos barrios o calpullis, quienes iban de caza y entregaban lo obtenido \u2014principalmente sabandijas y animales peque\u00f1os\u2014 a los sacerdotes, quienes a su vez ofrendaban al fuego.<\/p>\n<p>Durante esta fiesta se repart\u00eda un tipo especial de tamal y adem\u00e1s, a final de a\u00f1o, interpretaban un baile como en casi todos los meses.<\/p>\n<p>Asimismo se les practicaba una ceremonia de horadaci\u00f3n (perforaci\u00f3n de las orejas), y les daban de beber pulque en unas tazas peque\u00f1as, que era como una especie de bautizo pues contaban con \u201cpadrinos&#8221;.<\/p>\n<p>En el caso de los mayas, durante estas fechas adoraban a todos sus \u00eddolos y renovaban todas las cosas que ten\u00edan para su servicio: vasijas, bancas, ropa, barr\u00edan las casas y todo lo viejo lo tiraban a la basura.<\/p>\n<p>La costumbre de barrer es muy extendida entre los pueblos, ya que entra\u00f1a la renovaci\u00f3n, pensar que para el a\u00f1o siguiente todo ser\u00e1 bonito.<\/p>\n","protected":false},"excerpt":{"rendered":"<p>El a\u00f1o nuevo o el rito para dar inicio a un nuevo ciclo se repite en diferentes culturas pero se destaca en M\u00e9xico el que se realizaba en las culturas Maya y Mexica. Porque mientras que los mexicas le hac\u00edan honor al Dios del Fuego Xiuhtecuhtli, quien era el encargado de la regeneraci\u00f3n del mundo, los mayas efectuaban una gran fiesta durante el mes\u00a0 que era hacia julio para marcar un nuevo ciclo. Tanto para los mexicas como para los mayas las festividades para darle la bienvenida a un nuevo ciclo comprend\u00eda la preparaci\u00f3n de platillos especiales, ritos corporales. limpieza<\/p>\n","protected":false},"author":8,"featured_media":8110,"comment_status":"open","ping_status":"open","sticky":false,"template":"","format":"standard","meta":{"_jetpack_memberships_contains_paid_content":false,"footnotes":""},"categories":[1],"tags":[1624,775,747],"class_list":["post-8108","post","type-post","status-publish","format-standard","has-post-thumbnail","hentry","category-ay-goeeee","tag-ano-nuevo","tag-mayas","tag-mexicas"],"yoast_head":"<!-- This site is optimized with the Yoast SEO plugin v26.7 - https:\/\/yoast.com\/wordpress\/plugins\/seo\/ -->\n<title>Los mexicas y los mayas as\u00ed celebraban el a\u00f1o nuevo - So Close<\/title>\n<meta name=\"robots\" content=\"index, follow, max-snippet:-1, max-image-preview:large, max-video-preview:-1\" \/>\n<link rel=\"canonical\" href=\"https:\/\/soclose.mx\/blog\/tag\/juan-rulfo-frases-mujeres\/\" \/>\n<meta property=\"og:locale\" content=\"es_MX\" \/>\n<meta property=\"og:type\" content=\"article\" \/>\n<meta property=\"og:title\" content=\"Los mexicas y los mayas as\u00ed celebraban el a\u00f1o nuevo - So Close\" \/>\n<meta property=\"og:description\" content=\"El a\u00f1o nuevo o el rito para dar inicio a un nuevo ciclo se repite en diferentes culturas pero se destaca en M\u00e9xico el que se realizaba en las culturas Maya y Mexica. Porque mientras que los mexicas le hac\u00edan honor al Dios del Fuego Xiuhtecuhtli, quien era el encargado de la regeneraci\u00f3n del mundo, los mayas efectuaban una gran fiesta durante el mes\u00a0 que era hacia julio para marcar un nuevo ciclo. Tanto para los mexicas como para los mayas las festividades para darle la bienvenida a un nuevo ciclo comprend\u00eda la preparaci\u00f3n de platillos especiales, ritos corporales. limpieza\" \/>\n<meta property=\"og:url\" content=\"https:\/\/soclose.mx\/blog\/tag\/juan-rulfo-frases-mujeres\/\" \/>\n<meta property=\"og:site_name\" content=\"So Close\" \/>\n<meta property=\"article:author\" content=\"www.facebook.com\/mikexever\/\" \/>\n<meta property=\"article:published_time\" content=\"2021-12-24T15:20:44+00:00\" \/>\n<meta property=\"article:modified_time\" content=\"2021-12-24T18:01:33+00:00\" \/>\n<meta property=\"og:image\" content=\"https:\/\/i0.wp.com\/soclose.mx\/blog\/wp-content\/uploads\/2021\/12\/Copia-de-Principal-So-Close-blog-4-3.png?fit=1240%2C700&ssl=1\" \/>\n\t<meta property=\"og:image:width\" content=\"1240\" \/>\n\t<meta property=\"og:image:height\" content=\"700\" \/>\n\t<meta property=\"og:image:type\" content=\"image\/png\" \/>\n<meta name=\"author\" content=\"Miguel Angel Romero\" \/>\n<meta name=\"twitter:card\" content=\"summary_large_image\" \/>\n<meta name=\"twitter:creator\" content=\"@Mikerecomienda\" \/>\n<meta name=\"twitter:label1\" content=\"Escrito por\" \/>\n\t<meta name=\"twitter:data1\" content=\"Miguel Angel Romero\" \/>\n\t<meta name=\"twitter:label2\" content=\"Tiempo de lectura\" \/>\n\t<meta name=\"twitter:data2\" content=\"2 minutos\" \/>\n<script type=\"application\/ld+json\" class=\"yoast-schema-graph\">{\"@context\":\"https:\/\/schema.org\",\"@graph\":[{\"@type\":\"Article\",\"@id\":\"https:\/\/soclose.mx\/blog\/tag\/juan-rulfo-frases-mujeres\/#article\",\"isPartOf\":{\"@id\":\"https:\/\/soclose.mx\/blog\/tag\/juan-rulfo-frases-mujeres\/\"},\"author\":{\"name\":\"Miguel Angel Romero\",\"@id\":\"https:\/\/soclose.mx\/blog\/#\/schema\/person\/cddec6ccd5d7037d286395fb411e23f1\"},\"headline\":\"Los mexicas y los mayas as\u00ed celebraban el a\u00f1o nuevo\",\"datePublished\":\"2021-12-24T15:20:44+00:00\",\"dateModified\":\"2021-12-24T18:01:33+00:00\",\"mainEntityOfPage\":{\"@id\":\"https:\/\/soclose.mx\/blog\/tag\/juan-rulfo-frases-mujeres\/\"},\"wordCount\":380,\"commentCount\":0,\"publisher\":{\"@id\":\"https:\/\/soclose.mx\/blog\/#organization\"},\"image\":{\"@id\":\"https:\/\/soclose.mx\/blog\/tag\/juan-rulfo-frases-mujeres\/#primaryimage\"},\"thumbnailUrl\":\"https:\/\/i0.wp.com\/soclose.mx\/blog\/wp-content\/uploads\/2021\/12\/Copia-de-Principal-So-Close-blog-4-3.png?fit=1240%2C700&ssl=1\",\"keywords\":[\"a\u00f1o nuevo\",\"mayas\",\"mexicas\"],\"articleSection\":[\"\u00a1Ay goeeee!\"],\"inLanguage\":\"es\",\"potentialAction\":[{\"@type\":\"CommentAction\",\"name\":\"Comment\",\"target\":[\"https:\/\/soclose.mx\/blog\/tag\/juan-rulfo-frases-mujeres\/#respond\"]}]},{\"@type\":\"WebPage\",\"@id\":\"https:\/\/soclose.mx\/blog\/tag\/juan-rulfo-frases-mujeres\/\",\"url\":\"https:\/\/soclose.mx\/blog\/tag\/juan-rulfo-frases-mujeres\/\",\"name\":\"Los mexicas y los mayas as\u00ed celebraban el a\u00f1o nuevo - So Close\",\"isPartOf\":{\"@id\":\"https:\/\/soclose.mx\/blog\/#website\"},\"primaryImageOfPage\":{\"@id\":\"https:\/\/soclose.mx\/blog\/tag\/juan-rulfo-frases-mujeres\/#primaryimage\"},\"image\":{\"@id\":\"https:\/\/soclose.mx\/blog\/tag\/juan-rulfo-frases-mujeres\/#primaryimage\"},\"thumbnailUrl\":\"https:\/\/i0.wp.com\/soclose.mx\/blog\/wp-content\/uploads\/2021\/12\/Copia-de-Principal-So-Close-blog-4-3.png?fit=1240%2C700&ssl=1\",\"datePublished\":\"2021-12-24T15:20:44+00:00\",\"dateModified\":\"2021-12-24T18:01:33+00:00\",\"breadcrumb\":{\"@id\":\"https:\/\/soclose.mx\/blog\/tag\/juan-rulfo-frases-mujeres\/#breadcrumb\"},\"inLanguage\":\"es\",\"potentialAction\":[{\"@type\":\"ReadAction\",\"target\":[\"https:\/\/soclose.mx\/blog\/tag\/juan-rulfo-frases-mujeres\/\"]}]},{\"@type\":\"ImageObject\",\"inLanguage\":\"es\",\"@id\":\"https:\/\/soclose.mx\/blog\/tag\/juan-rulfo-frases-mujeres\/#primaryimage\",\"url\":\"https:\/\/i0.wp.com\/soclose.mx\/blog\/wp-content\/uploads\/2021\/12\/Copia-de-Principal-So-Close-blog-4-3.png?fit=1240%2C700&ssl=1\",\"contentUrl\":\"https:\/\/i0.wp.com\/soclose.mx\/blog\/wp-content\/uploads\/2021\/12\/Copia-de-Principal-So-Close-blog-4-3.png?fit=1240%2C700&ssl=1\",\"width\":1240,\"height\":700},{\"@type\":\"BreadcrumbList\",\"@id\":\"https:\/\/soclose.mx\/blog\/tag\/juan-rulfo-frases-mujeres\/#breadcrumb\",\"itemListElement\":[{\"@type\":\"ListItem\",\"position\":1,\"name\":\"Inicio\",\"item\":\"https:\/\/soclose.mx\/blog\/\"},{\"@type\":\"ListItem\",\"position\":2,\"name\":\"Los mexicas y los mayas as\u00ed celebraban el a\u00f1o nuevo\"}]},{\"@type\":\"WebSite\",\"@id\":\"https:\/\/soclose.mx\/blog\/#website\",\"url\":\"https:\/\/soclose.mx\/blog\/\",\"name\":\"So Close\",\"description\":\"Hacemos contenidos de M\u00e9xico\",\"publisher\":{\"@id\":\"https:\/\/soclose.mx\/blog\/#organization\"},\"potentialAction\":[{\"@type\":\"SearchAction\",\"target\":{\"@type\":\"EntryPoint\",\"urlTemplate\":\"https:\/\/soclose.mx\/blog\/?s={search_term_string}\"},\"query-input\":{\"@type\":\"PropertyValueSpecification\",\"valueRequired\":true,\"valueName\":\"search_term_string\"}}],\"inLanguage\":\"es\"},{\"@type\":\"Organization\",\"@id\":\"https:\/\/soclose.mx\/blog\/#organization\",\"name\":\"So Close\",\"url\":\"https:\/\/soclose.mx\/blog\/\",\"logo\":{\"@type\":\"ImageObject\",\"inLanguage\":\"es\",\"@id\":\"https:\/\/soclose.mx\/blog\/#\/schema\/logo\/image\/\",\"url\":\"https:\/\/i0.wp.com\/soclose.mx\/blog\/wp-content\/uploads\/2020\/12\/LOGO_SOCLOSE_COLOR-e1608310133507.png?fit=2858%2C1264&ssl=1\",\"contentUrl\":\"https:\/\/i0.wp.com\/soclose.mx\/blog\/wp-content\/uploads\/2020\/12\/LOGO_SOCLOSE_COLOR-e1608310133507.png?fit=2858%2C1264&ssl=1\",\"width\":2858,\"height\":1264,\"caption\":\"So Close\"},\"image\":{\"@id\":\"https:\/\/soclose.mx\/blog\/#\/schema\/logo\/image\/\"}},{\"@type\":\"Person\",\"@id\":\"https:\/\/soclose.mx\/blog\/#\/schema\/person\/cddec6ccd5d7037d286395fb411e23f1\",\"name\":\"Miguel Angel Romero\",\"image\":{\"@type\":\"ImageObject\",\"inLanguage\":\"es\",\"@id\":\"https:\/\/soclose.mx\/blog\/#\/schema\/person\/image\/\",\"url\":\"https:\/\/secure.gravatar.com\/avatar\/45b44006b4f93497bb24d251f77bc39385015bfa120582412df580dbfcbb14f3?s=96&d=mm&r=g\",\"contentUrl\":\"https:\/\/secure.gravatar.com\/avatar\/45b44006b4f93497bb24d251f77bc39385015bfa120582412df580dbfcbb14f3?s=96&d=mm&r=g\",\"caption\":\"Miguel Angel Romero\"},\"sameAs\":[\"http:\/\/\/mikexever.blogspot.com\/\",\"www.facebook.com\/mikexever\/\",\"https:\/\/x.com\/Mikerecomienda\"],\"url\":\"https:\/\/soclose.mx\/blog\/author\/mike\/\"}]}<\/script>\n<!-- \/ Yoast SEO plugin. -->","yoast_head_json":{"title":"Los mexicas y los mayas as\u00ed celebraban el a\u00f1o nuevo - So Close","robots":{"index":"index","follow":"follow","max-snippet":"max-snippet:-1","max-image-preview":"max-image-preview:large","max-video-preview":"max-video-preview:-1"},"canonical":"https:\/\/soclose.mx\/blog\/tag\/juan-rulfo-frases-mujeres\/","og_locale":"es_MX","og_type":"article","og_title":"Los mexicas y los mayas as\u00ed celebraban el a\u00f1o nuevo - So Close","og_description":"El a\u00f1o nuevo o el rito para dar inicio a un nuevo ciclo se repite en diferentes culturas pero se destaca en M\u00e9xico el que se realizaba en las culturas Maya y Mexica. Porque mientras que los mexicas le hac\u00edan honor al Dios del Fuego Xiuhtecuhtli, quien era el encargado de la regeneraci\u00f3n del mundo, los mayas efectuaban una gran fiesta durante el mes\u00a0 que era hacia julio para marcar un nuevo ciclo. Tanto para los mexicas como para los mayas las festividades para darle la bienvenida a un nuevo ciclo comprend\u00eda la preparaci\u00f3n de platillos especiales, ritos corporales. limpieza","og_url":"https:\/\/soclose.mx\/blog\/tag\/juan-rulfo-frases-mujeres\/","og_site_name":"So Close","article_author":"www.facebook.com\/mikexever\/","article_published_time":"2021-12-24T15:20:44+00:00","article_modified_time":"2021-12-24T18:01:33+00:00","og_image":[{"width":1240,"height":700,"url":"https:\/\/i0.wp.com\/soclose.mx\/blog\/wp-content\/uploads\/2021\/12\/Copia-de-Principal-So-Close-blog-4-3.png?fit=1240%2C700&ssl=1","type":"image\/png"}],"author":"Miguel Angel Romero","twitter_card":"summary_large_image","twitter_creator":"@Mikerecomienda","twitter_misc":{"Escrito por":"Miguel Angel Romero","Tiempo de lectura":"2 minutos"},"schema":{"@context":"https:\/\/schema.org","@graph":[{"@type":"Article","@id":"https:\/\/soclose.mx\/blog\/tag\/juan-rulfo-frases-mujeres\/#article","isPartOf":{"@id":"https:\/\/soclose.mx\/blog\/tag\/juan-rulfo-frases-mujeres\/"},"author":{"name":"Miguel Angel Romero","@id":"https:\/\/soclose.mx\/blog\/#\/schema\/person\/cddec6ccd5d7037d286395fb411e23f1"},"headline":"Los mexicas y los mayas as\u00ed celebraban el a\u00f1o nuevo","datePublished":"2021-12-24T15:20:44+00:00","dateModified":"2021-12-24T18:01:33+00:00","mainEntityOfPage":{"@id":"https:\/\/soclose.mx\/blog\/tag\/juan-rulfo-frases-mujeres\/"},"wordCount":380,"commentCount":0,"publisher":{"@id":"https:\/\/soclose.mx\/blog\/#organization"},"image":{"@id":"https:\/\/soclose.mx\/blog\/tag\/juan-rulfo-frases-mujeres\/#primaryimage"},"thumbnailUrl":"https:\/\/i0.wp.com\/soclose.mx\/blog\/wp-content\/uploads\/2021\/12\/Copia-de-Principal-So-Close-blog-4-3.png?fit=1240%2C700&ssl=1","keywords":["a\u00f1o nuevo","mayas","mexicas"],"articleSection":["\u00a1Ay goeeee!"],"inLanguage":"es","potentialAction":[{"@type":"CommentAction","name":"Comment","target":["https:\/\/soclose.mx\/blog\/tag\/juan-rulfo-frases-mujeres\/#respond"]}]},{"@type":"WebPage","@id":"https:\/\/soclose.mx\/blog\/tag\/juan-rulfo-frases-mujeres\/","url":"https:\/\/soclose.mx\/blog\/tag\/juan-rulfo-frases-mujeres\/","name":"Los mexicas y los mayas as\u00ed celebraban el a\u00f1o nuevo - So Close","isPartOf":{"@id":"https:\/\/soclose.mx\/blog\/#website"},"primaryImageOfPage":{"@id":"https:\/\/soclose.mx\/blog\/tag\/juan-rulfo-frases-mujeres\/#primaryimage"},"image":{"@id":"https:\/\/soclose.mx\/blog\/tag\/juan-rulfo-frases-mujeres\/#primaryimage"},"thumbnailUrl":"https:\/\/i0.wp.com\/soclose.mx\/blog\/wp-content\/uploads\/2021\/12\/Copia-de-Principal-So-Close-blog-4-3.png?fit=1240%2C700&ssl=1","datePublished":"2021-12-24T15:20:44+00:00","dateModified":"2021-12-24T18:01:33+00:00","breadcrumb":{"@id":"https:\/\/soclose.mx\/blog\/tag\/juan-rulfo-frases-mujeres\/#breadcrumb"},"inLanguage":"es","potentialAction":[{"@type":"ReadAction","target":["https:\/\/soclose.mx\/blog\/tag\/juan-rulfo-frases-mujeres\/"]}]},{"@type":"ImageObject","inLanguage":"es","@id":"https:\/\/soclose.mx\/blog\/tag\/juan-rulfo-frases-mujeres\/#primaryimage","url":"https:\/\/i0.wp.com\/soclose.mx\/blog\/wp-content\/uploads\/2021\/12\/Copia-de-Principal-So-Close-blog-4-3.png?fit=1240%2C700&ssl=1","contentUrl":"https:\/\/i0.wp.com\/soclose.mx\/blog\/wp-content\/uploads\/2021\/12\/Copia-de-Principal-So-Close-blog-4-3.png?fit=1240%2C700&ssl=1","width":1240,"height":700},{"@type":"BreadcrumbList","@id":"https:\/\/soclose.mx\/blog\/tag\/juan-rulfo-frases-mujeres\/#breadcrumb","itemListElement":[{"@type":"ListItem","position":1,"name":"Inicio","item":"https:\/\/soclose.mx\/blog\/"},{"@type":"ListItem","position":2,"name":"Los mexicas y los mayas as\u00ed celebraban el a\u00f1o nuevo"}]},{"@type":"WebSite","@id":"https:\/\/soclose.mx\/blog\/#website","url":"https:\/\/soclose.mx\/blog\/","name":"So Close","description":"Hacemos contenidos de M\u00e9xico","publisher":{"@id":"https:\/\/soclose.mx\/blog\/#organization"},"potentialAction":[{"@type":"SearchAction","target":{"@type":"EntryPoint","urlTemplate":"https:\/\/soclose.mx\/blog\/?s={search_term_string}"},"query-input":{"@type":"PropertyValueSpecification","valueRequired":true,"valueName":"search_term_string"}}],"inLanguage":"es"},{"@type":"Organization","@id":"https:\/\/soclose.mx\/blog\/#organization","name":"So Close","url":"https:\/\/soclose.mx\/blog\/","logo":{"@type":"ImageObject","inLanguage":"es","@id":"https:\/\/soclose.mx\/blog\/#\/schema\/logo\/image\/","url":"https:\/\/i0.wp.com\/soclose.mx\/blog\/wp-content\/uploads\/2020\/12\/LOGO_SOCLOSE_COLOR-e1608310133507.png?fit=2858%2C1264&ssl=1","contentUrl":"https:\/\/i0.wp.com\/soclose.mx\/blog\/wp-content\/uploads\/2020\/12\/LOGO_SOCLOSE_COLOR-e1608310133507.png?fit=2858%2C1264&ssl=1","width":2858,"height":1264,"caption":"So Close"},"image":{"@id":"https:\/\/soclose.mx\/blog\/#\/schema\/logo\/image\/"}},{"@type":"Person","@id":"https:\/\/soclose.mx\/blog\/#\/schema\/person\/cddec6ccd5d7037d286395fb411e23f1","name":"Miguel Angel Romero","image":{"@type":"ImageObject","inLanguage":"es","@id":"https:\/\/soclose.mx\/blog\/#\/schema\/person\/image\/","url":"https:\/\/secure.gravatar.com\/avatar\/45b44006b4f93497bb24d251f77bc39385015bfa120582412df580dbfcbb14f3?s=96&d=mm&r=g","contentUrl":"https:\/\/secure.gravatar.com\/avatar\/45b44006b4f93497bb24d251f77bc39385015bfa120582412df580dbfcbb14f3?s=96&d=mm&r=g","caption":"Miguel Angel Romero"},"sameAs":["http:\/\/\/mikexever.blogspot.com\/","www.facebook.com\/mikexever\/","https:\/\/x.com\/Mikerecomienda"],"url":"https:\/\/soclose.mx\/blog\/author\/mike\/"}]}},"jetpack_featured_media_url":"https:\/\/i0.wp.com\/soclose.mx\/blog\/wp-content\/uploads\/2021\/12\/Copia-de-Principal-So-Close-blog-4-3.png?fit=1240%2C700&ssl=1","jetpack-related-posts":[{"id":6999,"url":"https:\/\/soclose.mx\/blog\/news-feed\/descubren-dos-basureros-prehispanicos-en-la-colonia-guerrero\/","url_meta":{"origin":8108,"position":0},"title":"Descubren dos basureros prehisp\u00e1nicos en la colonia Guerrero","author":"Miguel Angel Romero","date":"31 agosto, 2021","format":false,"excerpt":"Investigadoras del\u00a0Instituto Nacional de Antropolog\u00eda e Historia (INAH)\u00a0encontraron dos basureros prehisp\u00e1nicos, en la calle San Fernando, colonia Guerrero, con objetos que corresponden a las fases Azteca III (1430-1500 d.C.) y Azteca IV (1500-1521 d.C.). Adem\u00e1s, en calles aleda\u00f1as, hallaron un piso y restos de muros del Ex Convento de San\u2026","rel":"","context":"En &quot;News feed&quot;","block_context":{"text":"News feed","link":"https:\/\/soclose.mx\/blog\/category\/news-feed\/"},"img":{"alt_text":"","src":"https:\/\/i0.wp.com\/soclose.mx\/blog\/wp-content\/uploads\/2021\/08\/Principal-So-Close-blog-33.jpg?fit=1200%2C677&ssl=1&resize=350%2C200","width":350,"height":200,"srcset":"https:\/\/i0.wp.com\/soclose.mx\/blog\/wp-content\/uploads\/2021\/08\/Principal-So-Close-blog-33.jpg?fit=1200%2C677&ssl=1&resize=350%2C200 1x, https:\/\/i0.wp.com\/soclose.mx\/blog\/wp-content\/uploads\/2021\/08\/Principal-So-Close-blog-33.jpg?fit=1200%2C677&ssl=1&resize=525%2C300 1.5x, https:\/\/i0.wp.com\/soclose.mx\/blog\/wp-content\/uploads\/2021\/08\/Principal-So-Close-blog-33.jpg?fit=1200%2C677&ssl=1&resize=700%2C400 2x, https:\/\/i0.wp.com\/soclose.mx\/blog\/wp-content\/uploads\/2021\/08\/Principal-So-Close-blog-33.jpg?fit=1200%2C677&ssl=1&resize=1050%2C600 3x"},"classes":[]},{"id":13955,"url":"https:\/\/soclose.mx\/blog\/news-feed\/puentes-dias-festivos-y-vacaciones-del-ciclo-escolar-2024-2025-en-mexico\/","url_meta":{"origin":8108,"position":1},"title":"Puentes, D\u00edas Festivos y Vacaciones del Ciclo Escolar 2024-2025 en M\u00e9xico","author":"So Close","date":"26 agosto, 2024","format":false,"excerpt":"El ciclo escolar 2024-2025 en M\u00e9xico, organizado por la Secretar\u00eda de Educaci\u00f3n P\u00fablica (SEP), dar\u00e1 inicio el 26 de agosto de 2024 y concluir\u00e1 el 16 de julio de 2025. Este periodo contar\u00e1 con un total de 190 d\u00edas efectivos de clase para los estudiantes de educaci\u00f3n b\u00e1sica, incluyendo preescolar,\u2026","rel":"","context":"En &quot;News feed&quot;","block_context":{"text":"News feed","link":"https:\/\/soclose.mx\/blog\/category\/news-feed\/"},"img":{"alt_text":"Vacaciones en playas de M\u00e9xico","src":"https:\/\/i0.wp.com\/soclose.mx\/blog\/wp-content\/uploads\/2024\/08\/2707gestionvacaciones10.jpg?fit=1200%2C675&ssl=1&resize=350%2C200","width":350,"height":200,"srcset":"https:\/\/i0.wp.com\/soclose.mx\/blog\/wp-content\/uploads\/2024\/08\/2707gestionvacaciones10.jpg?fit=1200%2C675&ssl=1&resize=350%2C200 1x, https:\/\/i0.wp.com\/soclose.mx\/blog\/wp-content\/uploads\/2024\/08\/2707gestionvacaciones10.jpg?fit=1200%2C675&ssl=1&resize=525%2C300 1.5x, https:\/\/i0.wp.com\/soclose.mx\/blog\/wp-content\/uploads\/2024\/08\/2707gestionvacaciones10.jpg?fit=1200%2C675&ssl=1&resize=700%2C400 2x, https:\/\/i0.wp.com\/soclose.mx\/blog\/wp-content\/uploads\/2024\/08\/2707gestionvacaciones10.jpg?fit=1200%2C675&ssl=1&resize=1050%2C600 3x"},"classes":[]},{"id":13888,"url":"https:\/\/soclose.mx\/blog\/news-feed\/dias-festivos-y-vacaciones-en-mexico-lo-que-resta-del-2024\/","url_meta":{"origin":8108,"position":2},"title":"D\u00edas festivos y vacaciones en M\u00e9xico, lo que resta del 2024","author":"So Close","date":"8 agosto, 2024","format":false,"excerpt":"Nuestro pa\u00eds est\u00e1 lleno de tradiciones y celebraciones, y cada a\u00f1o ofrece una variedad de d\u00edas festivos y vacaciones en M\u00e9xico que permiten a los mexicanos disfrutar de momentos de descanso y convivencia. Si est\u00e1s planeando tus pr\u00f3ximas vacaciones, esta gu\u00eda te ser\u00e1 de gran utilidad. D\u00edas Festivos y vacaciones\u2026","rel":"","context":"En &quot;News feed&quot;","block_context":{"text":"News feed","link":"https:\/\/soclose.mx\/blog\/category\/news-feed\/"},"img":{"alt_text":"vacaciones en la playa","src":"https:\/\/i0.wp.com\/soclose.mx\/blog\/wp-content\/uploads\/2024\/08\/vacaciones-en-la-playa.jpg?fit=1200%2C800&ssl=1&resize=350%2C200","width":350,"height":200,"srcset":"https:\/\/i0.wp.com\/soclose.mx\/blog\/wp-content\/uploads\/2024\/08\/vacaciones-en-la-playa.jpg?fit=1200%2C800&ssl=1&resize=350%2C200 1x, https:\/\/i0.wp.com\/soclose.mx\/blog\/wp-content\/uploads\/2024\/08\/vacaciones-en-la-playa.jpg?fit=1200%2C800&ssl=1&resize=525%2C300 1.5x, https:\/\/i0.wp.com\/soclose.mx\/blog\/wp-content\/uploads\/2024\/08\/vacaciones-en-la-playa.jpg?fit=1200%2C800&ssl=1&resize=700%2C400 2x, https:\/\/i0.wp.com\/soclose.mx\/blog\/wp-content\/uploads\/2024\/08\/vacaciones-en-la-playa.jpg?fit=1200%2C800&ssl=1&resize=1050%2C600 3x"},"classes":[]},{"id":14814,"url":"https:\/\/soclose.mx\/blog\/news-feed\/carreras-deportivas-en-mayo-cual-es-tu-nuevo-reto\/","url_meta":{"origin":8108,"position":3},"title":"Carreras Deportivas en Mayo&#8230; \u00bfcu\u00e1l es tu nuevo reto?","author":"So Close","date":"5 mayo, 2025","format":false,"excerpt":"Este mes se presenta como un mes lleno de actividad deportiva en M\u00e9xico, con una amplia variedad de carreras y eventos para todos los niveles y disciplinas. Desde carreras urbanas de 5K y 10K hasta triatlones y carreras de monta\u00f1a, las Carreras Deportivas en Mayo ofrecen opciones para corredores, ciclistas\u2026","rel":"","context":"En &quot;News feed&quot;","block_context":{"text":"News feed","link":"https:\/\/soclose.mx\/blog\/category\/news-feed\/"},"img":{"alt_text":"Running","src":"https:\/\/i0.wp.com\/soclose.mx\/blog\/wp-content\/uploads\/2025\/05\/Running.jpg?fit=1200%2C675&ssl=1&resize=350%2C200","width":350,"height":200,"srcset":"https:\/\/i0.wp.com\/soclose.mx\/blog\/wp-content\/uploads\/2025\/05\/Running.jpg?fit=1200%2C675&ssl=1&resize=350%2C200 1x, https:\/\/i0.wp.com\/soclose.mx\/blog\/wp-content\/uploads\/2025\/05\/Running.jpg?fit=1200%2C675&ssl=1&resize=525%2C300 1.5x, https:\/\/i0.wp.com\/soclose.mx\/blog\/wp-content\/uploads\/2025\/05\/Running.jpg?fit=1200%2C675&ssl=1&resize=700%2C400 2x, https:\/\/i0.wp.com\/soclose.mx\/blog\/wp-content\/uploads\/2025\/05\/Running.jpg?fit=1200%2C675&ssl=1&resize=1050%2C600 3x"},"classes":[]},{"id":9725,"url":"https:\/\/soclose.mx\/blog\/ay-goeeee\/5-de-mayo-dia-de-la-relacion-toxica-mexico-estados-unidos\/","url_meta":{"origin":8108,"position":4},"title":"5 de Mayo, d\u00eda de la relaci\u00f3n \u201ct\u00f3xica\u201d M\u00e9xico-Estados Unidos","author":"Daniel Ram\u00edrez","date":"4 mayo, 2022","format":false,"excerpt":"Este 5 de mayo es un d\u00eda importante para los norteamericanos, muchos lo equiparan con el D\u00eda de la Independencia de M\u00e9xico y lo celebran en grande. En nuestro pa\u00eds pasa un poco desapercibida o no es considerada tan importante. Si M\u00e9xico y Estados Unidos tuvieran una relaci\u00f3n amorosa se\u2026","rel":"","context":"En &quot;\u00a1Ay goeeee!&quot;","block_context":{"text":"\u00a1Ay goeeee!","link":"https:\/\/soclose.mx\/blog\/category\/ay-goeeee\/"},"img":{"alt_text":"","src":"https:\/\/i0.wp.com\/soclose.mx\/blog\/wp-content\/uploads\/2022\/05\/diego-lozano-9xoQo4pRjSY-unsplash-scaled.jpg?fit=1200%2C800&ssl=1&resize=350%2C200","width":350,"height":200,"srcset":"https:\/\/i0.wp.com\/soclose.mx\/blog\/wp-content\/uploads\/2022\/05\/diego-lozano-9xoQo4pRjSY-unsplash-scaled.jpg?fit=1200%2C800&ssl=1&resize=350%2C200 1x, https:\/\/i0.wp.com\/soclose.mx\/blog\/wp-content\/uploads\/2022\/05\/diego-lozano-9xoQo4pRjSY-unsplash-scaled.jpg?fit=1200%2C800&ssl=1&resize=525%2C300 1.5x, https:\/\/i0.wp.com\/soclose.mx\/blog\/wp-content\/uploads\/2022\/05\/diego-lozano-9xoQo4pRjSY-unsplash-scaled.jpg?fit=1200%2C800&ssl=1&resize=700%2C400 2x, https:\/\/i0.wp.com\/soclose.mx\/blog\/wp-content\/uploads\/2022\/05\/diego-lozano-9xoQo4pRjSY-unsplash-scaled.jpg?fit=1200%2C800&ssl=1&resize=1050%2C600 3x"},"classes":[]},{"id":7280,"url":"https:\/\/soclose.mx\/blog\/news-feed\/tesoros-que-se-exhiben-en-la-exposicion-la-grandeza-de-mexico\/","url_meta":{"origin":8108,"position":5},"title":"Tesoros que se exhiben en la exposici\u00f3n &#8220;La Grandeza de M\u00e9xico&#8221;","author":"Miguel Angel Romero","date":"5 octubre, 2021","format":false,"excerpt":"La exposici\u00f3n \"La grandeza de M\u00e9xico\", que celebra los 200 a\u00f1os de la consumaci\u00f3n de la Independencia del pa\u00eds, se llevar\u00e1 a cabo en dos sedes de la Ciudad de M\u00e9xico: El edificio de la Secretar\u00eda de Educaci\u00f3n P\u00fablica (SEP), en el Centro Hist\u00f3rico. El Museo Nacional de Antropolog\u00eda e\u2026","rel":"","context":"En &quot;News feed&quot;","block_context":{"text":"News feed","link":"https:\/\/soclose.mx\/blog\/category\/news-feed\/"},"img":{"alt_text":"","src":"https:\/\/i0.wp.com\/soclose.mx\/blog\/wp-content\/uploads\/2021\/09\/Principal-So-Close-blog-1.png?fit=1200%2C677&ssl=1&resize=350%2C200","width":350,"height":200,"srcset":"https:\/\/i0.wp.com\/soclose.mx\/blog\/wp-content\/uploads\/2021\/09\/Principal-So-Close-blog-1.png?fit=1200%2C677&ssl=1&resize=350%2C200 1x, https:\/\/i0.wp.com\/soclose.mx\/blog\/wp-content\/uploads\/2021\/09\/Principal-So-Close-blog-1.png?fit=1200%2C677&ssl=1&resize=525%2C300 1.5x, https:\/\/i0.wp.com\/soclose.mx\/blog\/wp-content\/uploads\/2021\/09\/Principal-So-Close-blog-1.png?fit=1200%2C677&ssl=1&resize=700%2C400 2x, https:\/\/i0.wp.com\/soclose.mx\/blog\/wp-content\/uploads\/2021\/09\/Principal-So-Close-blog-1.png?fit=1200%2C677&ssl=1&resize=1050%2C600 3x"},"classes":[]}],"jetpack_sharing_enabled":true,"_links":{"self":[{"href":"https:\/\/soclose.mx\/blog\/wp-json\/wp\/v2\/posts\/8108","targetHints":{"allow":["GET"]}}],"collection":[{"href":"https:\/\/soclose.mx\/blog\/wp-json\/wp\/v2\/posts"}],"about":[{"href":"https:\/\/soclose.mx\/blog\/wp-json\/wp\/v2\/types\/post"}],"author":[{"embeddable":true,"href":"https:\/\/soclose.mx\/blog\/wp-json\/wp\/v2\/users\/8"}],"replies":[{"embeddable":true,"href":"https:\/\/soclose.mx\/blog\/wp-json\/wp\/v2\/comments?post=8108"}],"version-history":[{"count":0,"href":"https:\/\/soclose.mx\/blog\/wp-json\/wp\/v2\/posts\/8108\/revisions"}],"wp:featuredmedia":[{"embeddable":true,"href":"https:\/\/soclose.mx\/blog\/wp-json\/wp\/v2\/media\/8110"}],"wp:attachment":[{"href":"https:\/\/soclose.mx\/blog\/wp-json\/wp\/v2\/media?parent=8108"}],"wp:term":[{"taxonomy":"category","embeddable":true,"href":"https:\/\/soclose.mx\/blog\/wp-json\/wp\/v2\/categories?post=8108"},{"taxonomy":"post_tag","embeddable":true,"href":"https:\/\/soclose.mx\/blog\/wp-json\/wp\/v2\/tags?post=8108"}],"curies":[{"name":"wp","href":"https:\/\/api.w.org\/{rel}","templated":true}]}}