{"id":8163,"date":"2022-02-10T09:25:39","date_gmt":"2022-02-10T15:25:39","guid":{"rendered":"https:\/\/soclose.mx\/blog\/?p=8163"},"modified":"2022-01-27T21:53:45","modified_gmt":"2022-01-28T03:53:45","slug":"que-conoce-el-origen-de-responder-mande","status":"publish","type":"post","link":"https:\/\/soclose.mx\/blog\/ay-goeeee\/que-conoce-el-origen-de-responder-mande\/","title":{"rendered":"\u00bf\u00a1Qu\u00e9!?&#8230; Conoce el origen de responder &#8220;mande&#8221;"},"content":{"rendered":"<p>Seguro has escuchado que a\u00fan hoy en d\u00eda, los padres corrigen a sus hijos: &#8220;\u00a1No se dice &#8216;\u00bfqu\u00e9?&#8217;, se dice &#8216;mande&#8217;!&#8221;, incluso a ti, quiz\u00e1 te lo han emitido, \u00bfcierto?<\/p>\n<p>Esta respuesta\u00a0es una <a href=\"https:\/\/soclose.mx\/blog\/es_mx\/?s=palabra\" target=\"_blank\" rel=\"noopener\">expresi\u00f3n<\/a> de cortes\u00eda que algunos dicen que es ap\u00f3cope de &#8220;mande usted&#8221;, que alguien con autoridad exprese la voluntad de que se haga algo.<\/p>\n<p>Los mexicanos contestamos regularmente con esta expresi\u00f3n a alguien que nos llama\u00a0 o cuando no se ha o\u00eddo o entendido con claridad lo dicho por el interlocutor, de manera equivalente a &#8220;dime&#8221;. A menudo se utiliza con tono interrogativo.<\/p>\n<div id=\"vi-stories-top-div-1\" class=\"vi-stories-top-div viUnit2\">\n<div id=\"vi-stories-main-container\" class=\"vi-stories-main-container vi-stories-z-index-base vi-stories-width-600-700 vi-stories-playing-ad vi-stories-floating vi-stories-close-button-show\">\n<div id=\"vi-stories-player-container\" class=\"vi-stories-player-container vi-stories-z-index-base HTMLPlayer-module__container\">\n<div id=\"vi-stories-gui-container\">\n<div class=\"GUI-module__gui GUI-module__container GUI-module__hoverable\">\n<div class=\"GUI-module__controls\">\n<div class=\"GUI-module__controlsBtns\">Y quienes fueron educados bajo la educaci\u00f3n tradicional del siglo XX, que si no contestabas as\u00ed eras considerado maleducados o irrespetuosos.<\/div>\n<\/div>\n<\/div>\n<\/div>\n<\/div>\n<\/div>\n<\/div>\n<p>Al parecer, esta expresi\u00f3n se usa desde los tiempos del <strong>Virreinato<\/strong>, y era la manera en que las castas inferiores \u2014mestizos, indios\u2014 mostraban su sumisi\u00f3n a las personas de castas superiores \u2014blancos, criollos\u2014; tambi\u00e9n hay quien afirma que esta habla ceremoniosa es heredada de las maneras del n\u00e1huatl.<\/p>\n<p>Lo que s\u00ed es que, aunque mucha gente asegura que implica una actitud servil, es m\u00e1s bien una manera de cortes\u00eda que matiza una respuesta directa como &#8220;\u00bfqu\u00e9?&#8221;.<\/p>\n","protected":false},"excerpt":{"rendered":"<p>Seguro has escuchado que a\u00fan hoy en d\u00eda, los padres corrigen a sus hijos: &#8220;\u00a1No se dice &#8216;\u00bfqu\u00e9?&#8217;, se dice &#8216;mande&#8217;!&#8221;, incluso a ti, quiz\u00e1 te lo han emitido, \u00bfcierto? Esta respuesta\u00a0es una expresi\u00f3n de cortes\u00eda que algunos dicen que es ap\u00f3cope de &#8220;mande usted&#8221;, que alguien con autoridad exprese la voluntad de que se haga algo. Los mexicanos contestamos regularmente con esta expresi\u00f3n a alguien que nos llama\u00a0 o cuando no se ha o\u00eddo o entendido con claridad lo dicho por el interlocutor, de manera equivalente a &#8220;dime&#8221;. A menudo se utiliza con tono interrogativo. Y quienes fueron educados<\/p>\n","protected":false},"author":8,"featured_media":8164,"comment_status":"open","ping_status":"open","sticky":false,"template":"","format":"standard","meta":{"_jetpack_memberships_contains_paid_content":false,"footnotes":""},"categories":[1],"tags":[1372,1633,1343],"class_list":["post-8163","post","type-post","status-publish","format-standard","has-post-thumbnail","hentry","category-ay-goeeee","tag-expresion","tag-mande","tag-palabra"],"yoast_head":"<!-- This site is optimized with the Yoast SEO plugin v26.7 - https:\/\/yoast.com\/wordpress\/plugins\/seo\/ -->\n<title>\u00bf\u00a1Qu\u00e9!?... Conoce el origen de responder &quot;mande&quot; - So Close<\/title>\n<meta name=\"description\" content=\"Aqu\u00ed te decimos de d\u00f3nde viene la costumbre de contestar \u00abmande\u00bb cuando se les llama a alguna persona por su nombre.\" \/>\n<meta name=\"robots\" content=\"index, follow, max-snippet:-1, max-image-preview:large, max-video-preview:-1\" \/>\n<link rel=\"canonical\" href=\"https:\/\/soclose.mx\/blog\/tag\/juan-rulfo-frases-mujeres\/\" \/>\n<meta property=\"og:locale\" content=\"es_MX\" \/>\n<meta property=\"og:type\" content=\"article\" \/>\n<meta property=\"og:title\" content=\"\u00bf\u00a1Qu\u00e9!?... Conoce el origen de responder &quot;mande&quot; - So Close\" \/>\n<meta property=\"og:description\" content=\"Aqu\u00ed te decimos de d\u00f3nde viene la costumbre de contestar \u00abmande\u00bb cuando se les llama a alguna persona por su nombre.\" \/>\n<meta property=\"og:url\" content=\"https:\/\/soclose.mx\/blog\/tag\/juan-rulfo-frases-mujeres\/\" \/>\n<meta property=\"og:site_name\" content=\"So Close\" \/>\n<meta property=\"article:author\" content=\"www.facebook.com\/mikexever\/\" \/>\n<meta property=\"article:published_time\" content=\"2022-02-10T15:25:39+00:00\" \/>\n<meta property=\"og:image\" content=\"https:\/\/i0.wp.com\/soclose.mx\/blog\/wp-content\/uploads\/2021\/12\/Copia-de-Principal-So-Close-blog-4-4.png?fit=1240%2C700&ssl=1\" \/>\n\t<meta property=\"og:image:width\" content=\"1240\" \/>\n\t<meta property=\"og:image:height\" content=\"700\" \/>\n\t<meta property=\"og:image:type\" content=\"image\/png\" \/>\n<meta name=\"author\" content=\"Miguel Angel Romero\" \/>\n<meta name=\"twitter:card\" content=\"summary_large_image\" \/>\n<meta name=\"twitter:creator\" content=\"@Mikerecomienda\" \/>\n<meta name=\"twitter:label1\" content=\"Escrito por\" \/>\n\t<meta name=\"twitter:data1\" content=\"Miguel Angel Romero\" \/>\n\t<meta name=\"twitter:label2\" content=\"Tiempo de lectura\" \/>\n\t<meta name=\"twitter:data2\" content=\"1 minuto\" \/>\n<script type=\"application\/ld+json\" class=\"yoast-schema-graph\">{\"@context\":\"https:\/\/schema.org\",\"@graph\":[{\"@type\":\"Article\",\"@id\":\"https:\/\/soclose.mx\/blog\/tag\/juan-rulfo-frases-mujeres\/#article\",\"isPartOf\":{\"@id\":\"https:\/\/soclose.mx\/blog\/tag\/juan-rulfo-frases-mujeres\/\"},\"author\":{\"name\":\"Miguel Angel Romero\",\"@id\":\"https:\/\/soclose.mx\/blog\/#\/schema\/person\/cddec6ccd5d7037d286395fb411e23f1\"},\"headline\":\"\u00bf\u00a1Qu\u00e9!?&#8230; Conoce el origen de responder &#8220;mande&#8221;\",\"datePublished\":\"2022-02-10T15:25:39+00:00\",\"mainEntityOfPage\":{\"@id\":\"https:\/\/soclose.mx\/blog\/tag\/juan-rulfo-frases-mujeres\/\"},\"wordCount\":215,\"commentCount\":0,\"publisher\":{\"@id\":\"https:\/\/soclose.mx\/blog\/#organization\"},\"image\":{\"@id\":\"https:\/\/soclose.mx\/blog\/tag\/juan-rulfo-frases-mujeres\/#primaryimage\"},\"thumbnailUrl\":\"https:\/\/i0.wp.com\/soclose.mx\/blog\/wp-content\/uploads\/2021\/12\/Copia-de-Principal-So-Close-blog-4-4.png?fit=1240%2C700&ssl=1\",\"keywords\":[\"expresi\u00f3n\",\"mande\",\"palabra\"],\"articleSection\":[\"\u00a1Ay goeeee!\"],\"inLanguage\":\"es\",\"potentialAction\":[{\"@type\":\"CommentAction\",\"name\":\"Comment\",\"target\":[\"https:\/\/soclose.mx\/blog\/tag\/juan-rulfo-frases-mujeres\/#respond\"]}]},{\"@type\":\"WebPage\",\"@id\":\"https:\/\/soclose.mx\/blog\/tag\/juan-rulfo-frases-mujeres\/\",\"url\":\"https:\/\/soclose.mx\/blog\/tag\/juan-rulfo-frases-mujeres\/\",\"name\":\"\u00bf\u00a1Qu\u00e9!?... Conoce el origen de responder \\\"mande\\\" - So Close\",\"isPartOf\":{\"@id\":\"https:\/\/soclose.mx\/blog\/#website\"},\"primaryImageOfPage\":{\"@id\":\"https:\/\/soclose.mx\/blog\/tag\/juan-rulfo-frases-mujeres\/#primaryimage\"},\"image\":{\"@id\":\"https:\/\/soclose.mx\/blog\/tag\/juan-rulfo-frases-mujeres\/#primaryimage\"},\"thumbnailUrl\":\"https:\/\/i0.wp.com\/soclose.mx\/blog\/wp-content\/uploads\/2021\/12\/Copia-de-Principal-So-Close-blog-4-4.png?fit=1240%2C700&ssl=1\",\"datePublished\":\"2022-02-10T15:25:39+00:00\",\"description\":\"Aqu\u00ed te decimos de d\u00f3nde viene la costumbre de contestar \u00abmande\u00bb cuando se les llama a alguna persona por su nombre.\",\"breadcrumb\":{\"@id\":\"https:\/\/soclose.mx\/blog\/tag\/juan-rulfo-frases-mujeres\/#breadcrumb\"},\"inLanguage\":\"es\",\"potentialAction\":[{\"@type\":\"ReadAction\",\"target\":[\"https:\/\/soclose.mx\/blog\/tag\/juan-rulfo-frases-mujeres\/\"]}]},{\"@type\":\"ImageObject\",\"inLanguage\":\"es\",\"@id\":\"https:\/\/soclose.mx\/blog\/tag\/juan-rulfo-frases-mujeres\/#primaryimage\",\"url\":\"https:\/\/i0.wp.com\/soclose.mx\/blog\/wp-content\/uploads\/2021\/12\/Copia-de-Principal-So-Close-blog-4-4.png?fit=1240%2C700&ssl=1\",\"contentUrl\":\"https:\/\/i0.wp.com\/soclose.mx\/blog\/wp-content\/uploads\/2021\/12\/Copia-de-Principal-So-Close-blog-4-4.png?fit=1240%2C700&ssl=1\",\"width\":1240,\"height\":700},{\"@type\":\"BreadcrumbList\",\"@id\":\"https:\/\/soclose.mx\/blog\/tag\/juan-rulfo-frases-mujeres\/#breadcrumb\",\"itemListElement\":[{\"@type\":\"ListItem\",\"position\":1,\"name\":\"Inicio\",\"item\":\"https:\/\/soclose.mx\/blog\/\"},{\"@type\":\"ListItem\",\"position\":2,\"name\":\"\u00bf\u00a1Qu\u00e9!?&#8230; Conoce el origen de responder &#8220;mande&#8221;\"}]},{\"@type\":\"WebSite\",\"@id\":\"https:\/\/soclose.mx\/blog\/#website\",\"url\":\"https:\/\/soclose.mx\/blog\/\",\"name\":\"So Close\",\"description\":\"Hacemos contenidos de M\u00e9xico\",\"publisher\":{\"@id\":\"https:\/\/soclose.mx\/blog\/#organization\"},\"potentialAction\":[{\"@type\":\"SearchAction\",\"target\":{\"@type\":\"EntryPoint\",\"urlTemplate\":\"https:\/\/soclose.mx\/blog\/?s={search_term_string}\"},\"query-input\":{\"@type\":\"PropertyValueSpecification\",\"valueRequired\":true,\"valueName\":\"search_term_string\"}}],\"inLanguage\":\"es\"},{\"@type\":\"Organization\",\"@id\":\"https:\/\/soclose.mx\/blog\/#organization\",\"name\":\"So Close\",\"url\":\"https:\/\/soclose.mx\/blog\/\",\"logo\":{\"@type\":\"ImageObject\",\"inLanguage\":\"es\",\"@id\":\"https:\/\/soclose.mx\/blog\/#\/schema\/logo\/image\/\",\"url\":\"https:\/\/i0.wp.com\/soclose.mx\/blog\/wp-content\/uploads\/2020\/12\/LOGO_SOCLOSE_COLOR-e1608310133507.png?fit=2858%2C1264&ssl=1\",\"contentUrl\":\"https:\/\/i0.wp.com\/soclose.mx\/blog\/wp-content\/uploads\/2020\/12\/LOGO_SOCLOSE_COLOR-e1608310133507.png?fit=2858%2C1264&ssl=1\",\"width\":2858,\"height\":1264,\"caption\":\"So Close\"},\"image\":{\"@id\":\"https:\/\/soclose.mx\/blog\/#\/schema\/logo\/image\/\"}},{\"@type\":\"Person\",\"@id\":\"https:\/\/soclose.mx\/blog\/#\/schema\/person\/cddec6ccd5d7037d286395fb411e23f1\",\"name\":\"Miguel Angel Romero\",\"image\":{\"@type\":\"ImageObject\",\"inLanguage\":\"es\",\"@id\":\"https:\/\/soclose.mx\/blog\/#\/schema\/person\/image\/\",\"url\":\"https:\/\/secure.gravatar.com\/avatar\/45b44006b4f93497bb24d251f77bc39385015bfa120582412df580dbfcbb14f3?s=96&d=mm&r=g\",\"contentUrl\":\"https:\/\/secure.gravatar.com\/avatar\/45b44006b4f93497bb24d251f77bc39385015bfa120582412df580dbfcbb14f3?s=96&d=mm&r=g\",\"caption\":\"Miguel Angel Romero\"},\"sameAs\":[\"http:\/\/\/mikexever.blogspot.com\/\",\"www.facebook.com\/mikexever\/\",\"https:\/\/x.com\/Mikerecomienda\"],\"url\":\"https:\/\/soclose.mx\/blog\/author\/mike\/\"}]}<\/script>\n<!-- \/ Yoast SEO plugin. -->","yoast_head_json":{"title":"\u00bf\u00a1Qu\u00e9!?... Conoce el origen de responder \"mande\" - So Close","description":"Aqu\u00ed te decimos de d\u00f3nde viene la costumbre de contestar \u00abmande\u00bb cuando se les llama a alguna persona por su nombre.","robots":{"index":"index","follow":"follow","max-snippet":"max-snippet:-1","max-image-preview":"max-image-preview:large","max-video-preview":"max-video-preview:-1"},"canonical":"https:\/\/soclose.mx\/blog\/tag\/juan-rulfo-frases-mujeres\/","og_locale":"es_MX","og_type":"article","og_title":"\u00bf\u00a1Qu\u00e9!?... Conoce el origen de responder \"mande\" - So Close","og_description":"Aqu\u00ed te decimos de d\u00f3nde viene la costumbre de contestar \u00abmande\u00bb cuando se les llama a alguna persona por su nombre.","og_url":"https:\/\/soclose.mx\/blog\/tag\/juan-rulfo-frases-mujeres\/","og_site_name":"So Close","article_author":"www.facebook.com\/mikexever\/","article_published_time":"2022-02-10T15:25:39+00:00","og_image":[{"width":1240,"height":700,"url":"https:\/\/i0.wp.com\/soclose.mx\/blog\/wp-content\/uploads\/2021\/12\/Copia-de-Principal-So-Close-blog-4-4.png?fit=1240%2C700&ssl=1","type":"image\/png"}],"author":"Miguel Angel Romero","twitter_card":"summary_large_image","twitter_creator":"@Mikerecomienda","twitter_misc":{"Escrito por":"Miguel Angel Romero","Tiempo de lectura":"1 minuto"},"schema":{"@context":"https:\/\/schema.org","@graph":[{"@type":"Article","@id":"https:\/\/soclose.mx\/blog\/tag\/juan-rulfo-frases-mujeres\/#article","isPartOf":{"@id":"https:\/\/soclose.mx\/blog\/tag\/juan-rulfo-frases-mujeres\/"},"author":{"name":"Miguel Angel Romero","@id":"https:\/\/soclose.mx\/blog\/#\/schema\/person\/cddec6ccd5d7037d286395fb411e23f1"},"headline":"\u00bf\u00a1Qu\u00e9!?&#8230; Conoce el origen de responder &#8220;mande&#8221;","datePublished":"2022-02-10T15:25:39+00:00","mainEntityOfPage":{"@id":"https:\/\/soclose.mx\/blog\/tag\/juan-rulfo-frases-mujeres\/"},"wordCount":215,"commentCount":0,"publisher":{"@id":"https:\/\/soclose.mx\/blog\/#organization"},"image":{"@id":"https:\/\/soclose.mx\/blog\/tag\/juan-rulfo-frases-mujeres\/#primaryimage"},"thumbnailUrl":"https:\/\/i0.wp.com\/soclose.mx\/blog\/wp-content\/uploads\/2021\/12\/Copia-de-Principal-So-Close-blog-4-4.png?fit=1240%2C700&ssl=1","keywords":["expresi\u00f3n","mande","palabra"],"articleSection":["\u00a1Ay goeeee!"],"inLanguage":"es","potentialAction":[{"@type":"CommentAction","name":"Comment","target":["https:\/\/soclose.mx\/blog\/tag\/juan-rulfo-frases-mujeres\/#respond"]}]},{"@type":"WebPage","@id":"https:\/\/soclose.mx\/blog\/tag\/juan-rulfo-frases-mujeres\/","url":"https:\/\/soclose.mx\/blog\/tag\/juan-rulfo-frases-mujeres\/","name":"\u00bf\u00a1Qu\u00e9!?... Conoce el origen de responder \"mande\" - So Close","isPartOf":{"@id":"https:\/\/soclose.mx\/blog\/#website"},"primaryImageOfPage":{"@id":"https:\/\/soclose.mx\/blog\/tag\/juan-rulfo-frases-mujeres\/#primaryimage"},"image":{"@id":"https:\/\/soclose.mx\/blog\/tag\/juan-rulfo-frases-mujeres\/#primaryimage"},"thumbnailUrl":"https:\/\/i0.wp.com\/soclose.mx\/blog\/wp-content\/uploads\/2021\/12\/Copia-de-Principal-So-Close-blog-4-4.png?fit=1240%2C700&ssl=1","datePublished":"2022-02-10T15:25:39+00:00","description":"Aqu\u00ed te decimos de d\u00f3nde viene la costumbre de contestar \u00abmande\u00bb cuando se les llama a alguna persona por su nombre.","breadcrumb":{"@id":"https:\/\/soclose.mx\/blog\/tag\/juan-rulfo-frases-mujeres\/#breadcrumb"},"inLanguage":"es","potentialAction":[{"@type":"ReadAction","target":["https:\/\/soclose.mx\/blog\/tag\/juan-rulfo-frases-mujeres\/"]}]},{"@type":"ImageObject","inLanguage":"es","@id":"https:\/\/soclose.mx\/blog\/tag\/juan-rulfo-frases-mujeres\/#primaryimage","url":"https:\/\/i0.wp.com\/soclose.mx\/blog\/wp-content\/uploads\/2021\/12\/Copia-de-Principal-So-Close-blog-4-4.png?fit=1240%2C700&ssl=1","contentUrl":"https:\/\/i0.wp.com\/soclose.mx\/blog\/wp-content\/uploads\/2021\/12\/Copia-de-Principal-So-Close-blog-4-4.png?fit=1240%2C700&ssl=1","width":1240,"height":700},{"@type":"BreadcrumbList","@id":"https:\/\/soclose.mx\/blog\/tag\/juan-rulfo-frases-mujeres\/#breadcrumb","itemListElement":[{"@type":"ListItem","position":1,"name":"Inicio","item":"https:\/\/soclose.mx\/blog\/"},{"@type":"ListItem","position":2,"name":"\u00bf\u00a1Qu\u00e9!?&#8230; Conoce el origen de responder &#8220;mande&#8221;"}]},{"@type":"WebSite","@id":"https:\/\/soclose.mx\/blog\/#website","url":"https:\/\/soclose.mx\/blog\/","name":"So Close","description":"Hacemos contenidos de M\u00e9xico","publisher":{"@id":"https:\/\/soclose.mx\/blog\/#organization"},"potentialAction":[{"@type":"SearchAction","target":{"@type":"EntryPoint","urlTemplate":"https:\/\/soclose.mx\/blog\/?s={search_term_string}"},"query-input":{"@type":"PropertyValueSpecification","valueRequired":true,"valueName":"search_term_string"}}],"inLanguage":"es"},{"@type":"Organization","@id":"https:\/\/soclose.mx\/blog\/#organization","name":"So Close","url":"https:\/\/soclose.mx\/blog\/","logo":{"@type":"ImageObject","inLanguage":"es","@id":"https:\/\/soclose.mx\/blog\/#\/schema\/logo\/image\/","url":"https:\/\/i0.wp.com\/soclose.mx\/blog\/wp-content\/uploads\/2020\/12\/LOGO_SOCLOSE_COLOR-e1608310133507.png?fit=2858%2C1264&ssl=1","contentUrl":"https:\/\/i0.wp.com\/soclose.mx\/blog\/wp-content\/uploads\/2020\/12\/LOGO_SOCLOSE_COLOR-e1608310133507.png?fit=2858%2C1264&ssl=1","width":2858,"height":1264,"caption":"So Close"},"image":{"@id":"https:\/\/soclose.mx\/blog\/#\/schema\/logo\/image\/"}},{"@type":"Person","@id":"https:\/\/soclose.mx\/blog\/#\/schema\/person\/cddec6ccd5d7037d286395fb411e23f1","name":"Miguel Angel Romero","image":{"@type":"ImageObject","inLanguage":"es","@id":"https:\/\/soclose.mx\/blog\/#\/schema\/person\/image\/","url":"https:\/\/secure.gravatar.com\/avatar\/45b44006b4f93497bb24d251f77bc39385015bfa120582412df580dbfcbb14f3?s=96&d=mm&r=g","contentUrl":"https:\/\/secure.gravatar.com\/avatar\/45b44006b4f93497bb24d251f77bc39385015bfa120582412df580dbfcbb14f3?s=96&d=mm&r=g","caption":"Miguel Angel Romero"},"sameAs":["http:\/\/\/mikexever.blogspot.com\/","www.facebook.com\/mikexever\/","https:\/\/x.com\/Mikerecomienda"],"url":"https:\/\/soclose.mx\/blog\/author\/mike\/"}]}},"jetpack_featured_media_url":"https:\/\/i0.wp.com\/soclose.mx\/blog\/wp-content\/uploads\/2021\/12\/Copia-de-Principal-So-Close-blog-4-4.png?fit=1240%2C700&ssl=1","jetpack-related-posts":[{"id":9246,"url":"https:\/\/soclose.mx\/blog\/ay-goeeee\/el-maritimo-origen-de-la-frase-vete-al-carajo\/","url_meta":{"origin":8163,"position":0},"title":"El mar\u00edtimo origen de la frase &#8216;Vete al carajo&#8217;","author":"Miguel Angel Romero","date":"13 abril, 2022","format":false,"excerpt":"Existen expresiones que a pesar de que hoy en d\u00eda son parte de un lenguaje muy coloquial, en otra \u00e9poca ten\u00edan un uso diferente, y ejemplo de ello es la frase \"vete al carajo\". S\u00ed, esta expresi\u00f3n que se utiliza cuando alguien est\u00e1 molesto y dice la frase a otra\u2026","rel":"","context":"En &quot;\u00a1Ay goeeee!&quot;","block_context":{"text":"\u00a1Ay goeeee!","link":"https:\/\/soclose.mx\/blog\/category\/ay-goeeee\/"},"img":{"alt_text":"","src":"https:\/\/i0.wp.com\/soclose.mx\/blog\/wp-content\/uploads\/2022\/03\/Copia-de-Principal-So-Close-blog-2-4.png?fit=1200%2C677&ssl=1&resize=350%2C200","width":350,"height":200,"srcset":"https:\/\/i0.wp.com\/soclose.mx\/blog\/wp-content\/uploads\/2022\/03\/Copia-de-Principal-So-Close-blog-2-4.png?fit=1200%2C677&ssl=1&resize=350%2C200 1x, https:\/\/i0.wp.com\/soclose.mx\/blog\/wp-content\/uploads\/2022\/03\/Copia-de-Principal-So-Close-blog-2-4.png?fit=1200%2C677&ssl=1&resize=525%2C300 1.5x, https:\/\/i0.wp.com\/soclose.mx\/blog\/wp-content\/uploads\/2022\/03\/Copia-de-Principal-So-Close-blog-2-4.png?fit=1200%2C677&ssl=1&resize=700%2C400 2x, https:\/\/i0.wp.com\/soclose.mx\/blog\/wp-content\/uploads\/2022\/03\/Copia-de-Principal-So-Close-blog-2-4.png?fit=1200%2C677&ssl=1&resize=1050%2C600 3x"},"classes":[]},{"id":7493,"url":"https:\/\/soclose.mx\/blog\/ay-goeeee\/12-expresiones-que-solo-los-mexicanos-entendemos\/","url_meta":{"origin":8163,"position":1},"title":"12 expresiones que s\u00f3lo los mexicanos entendemos","author":"Miguel Angel Romero","date":"13 marzo, 2024","format":false,"excerpt":"Frases de norte a sur, palabras que han vivido a lo largo de las d\u00e9cadas, es por eso que te presentamos algunas expresiones que s\u00f3lo los mexicanos entendemos muy bien: \"Ya nos cay\u00f3 el chahuistle\" El chahuistle es un hongo que invade las cosechas de los agricultores, una verdadera tragedia.\u2026","rel":"","context":"En &quot;\u00a1Ay goeeee!&quot;","block_context":{"text":"\u00a1Ay goeeee!","link":"https:\/\/soclose.mx\/blog\/category\/ay-goeeee\/"},"img":{"alt_text":"","src":"https:\/\/i0.wp.com\/soclose.mx\/blog\/wp-content\/uploads\/2021\/10\/Copia-de-Principal-So-Close-blog-10.png?fit=1200%2C677&ssl=1&resize=350%2C200","width":350,"height":200,"srcset":"https:\/\/i0.wp.com\/soclose.mx\/blog\/wp-content\/uploads\/2021\/10\/Copia-de-Principal-So-Close-blog-10.png?fit=1200%2C677&ssl=1&resize=350%2C200 1x, https:\/\/i0.wp.com\/soclose.mx\/blog\/wp-content\/uploads\/2021\/10\/Copia-de-Principal-So-Close-blog-10.png?fit=1200%2C677&ssl=1&resize=525%2C300 1.5x, https:\/\/i0.wp.com\/soclose.mx\/blog\/wp-content\/uploads\/2021\/10\/Copia-de-Principal-So-Close-blog-10.png?fit=1200%2C677&ssl=1&resize=700%2C400 2x, https:\/\/i0.wp.com\/soclose.mx\/blog\/wp-content\/uploads\/2021\/10\/Copia-de-Principal-So-Close-blog-10.png?fit=1200%2C677&ssl=1&resize=1050%2C600 3x"},"classes":[]},{"id":6195,"url":"https:\/\/soclose.mx\/blog\/ay-goeeee\/5-albures-basicos-para-que-no-te-agarren-de-bajada\/","url_meta":{"origin":8163,"position":2},"title":"Albures b\u00e1sicos para que no te &#8220;agarren de bajada&#8221;","author":"So Close","date":"9 junio, 2021","format":false,"excerpt":"M\u00e9xico es tan rico en muchos aspectos que en el lenguaje no es la excepci\u00f3n y el albur o los albures son una de las expresiones idiom\u00e1ticas m\u00e1s recurrentes en ciertas zonas del pa\u00eds. Pero no te espantes, porque una regla de oro para quienes saben \"alburear\" es no ofender\u2026","rel":"","context":"En &quot;\u00a1Ay goeeee!&quot;","block_context":{"text":"\u00a1Ay goeeee!","link":"https:\/\/soclose.mx\/blog\/category\/ay-goeeee\/"},"img":{"alt_text":"","src":"https:\/\/i0.wp.com\/soclose.mx\/blog\/wp-content\/uploads\/2021\/06\/Natural-Cafe-Profesional-Fondo-Virtual-para-Zoom.png?fit=1200%2C675&ssl=1&resize=350%2C200","width":350,"height":200,"srcset":"https:\/\/i0.wp.com\/soclose.mx\/blog\/wp-content\/uploads\/2021\/06\/Natural-Cafe-Profesional-Fondo-Virtual-para-Zoom.png?fit=1200%2C675&ssl=1&resize=350%2C200 1x, https:\/\/i0.wp.com\/soclose.mx\/blog\/wp-content\/uploads\/2021\/06\/Natural-Cafe-Profesional-Fondo-Virtual-para-Zoom.png?fit=1200%2C675&ssl=1&resize=525%2C300 1.5x, https:\/\/i0.wp.com\/soclose.mx\/blog\/wp-content\/uploads\/2021\/06\/Natural-Cafe-Profesional-Fondo-Virtual-para-Zoom.png?fit=1200%2C675&ssl=1&resize=700%2C400 2x, https:\/\/i0.wp.com\/soclose.mx\/blog\/wp-content\/uploads\/2021\/06\/Natural-Cafe-Profesional-Fondo-Virtual-para-Zoom.png?fit=1200%2C675&ssl=1&resize=1050%2C600 3x"},"classes":[]},{"id":6294,"url":"https:\/\/soclose.mx\/blog\/news-feed\/destacan-el-valor-de-la-comunidad-afromexicana-a-traves-de-talleres-para-ninos\/","url_meta":{"origin":8163,"position":3},"title":"Destacan el valor de la comunidad afromexicana a trav\u00e9s de talleres para ni\u00f1os","author":"So Close","date":"24 junio, 2021","format":false,"excerpt":"Con el objetivo de reconocer las expresiones culturales de los afrodescendientes, as\u00ed como reflexionar y valorar el papel de la comunidad afromexicana en nuestra historia y cultura, por medio de actividades como bailes, m\u00fasica, arte, gastronom\u00eda y narraciones, el Museo de El Carmen llevar\u00e1 a cabo la segunda edici\u00f3n del\u2026","rel":"","context":"En &quot;News feed&quot;","block_context":{"text":"News feed","link":"https:\/\/soclose.mx\/blog\/category\/news-feed\/"},"img":{"alt_text":"","src":"https:\/\/i0.wp.com\/soclose.mx\/blog\/wp-content\/uploads\/2021\/06\/festival-afromexicano.jpeg?fit=1200%2C677&ssl=1&resize=350%2C200","width":350,"height":200,"srcset":"https:\/\/i0.wp.com\/soclose.mx\/blog\/wp-content\/uploads\/2021\/06\/festival-afromexicano.jpeg?fit=1200%2C677&ssl=1&resize=350%2C200 1x, https:\/\/i0.wp.com\/soclose.mx\/blog\/wp-content\/uploads\/2021\/06\/festival-afromexicano.jpeg?fit=1200%2C677&ssl=1&resize=525%2C300 1.5x, https:\/\/i0.wp.com\/soclose.mx\/blog\/wp-content\/uploads\/2021\/06\/festival-afromexicano.jpeg?fit=1200%2C677&ssl=1&resize=700%2C400 2x, https:\/\/i0.wp.com\/soclose.mx\/blog\/wp-content\/uploads\/2021\/06\/festival-afromexicano.jpeg?fit=1200%2C677&ssl=1&resize=1050%2C600 3x"},"classes":[]},{"id":9463,"url":"https:\/\/soclose.mx\/blog\/ay-goeeee\/por-que-es-mas-popular-decir-buenos-dias-que-buen-dia\/","url_meta":{"origin":8163,"position":4},"title":"\u00bfPor qu\u00e9 es m\u00e1s popular decir &#8216;buenos d\u00edas&#8217; que &#8216;buen d\u00eda&#8217;?","author":"Miguel Angel Romero","date":"5 abril, 2022","format":false,"excerpt":"Aunque la mayor\u00eda de los hispanohablantes, para ser m\u00e1s espec\u00edfico, los mexicanos, utilizan para saludarse por la ma\u00f1ana la forma plural, desearse un 'buen d\u00eda', en singular, tambi\u00e9n es perfectamente correcto. La Real Academia de la Lengua (RAE) considera que, siendo ambas f\u00f3rmulas correctas,\u00a0es mejor emplear los \"buenos d\u00edas\" en\u2026","rel":"","context":"En &quot;\u00a1Ay goeeee!&quot;","block_context":{"text":"\u00a1Ay goeeee!","link":"https:\/\/soclose.mx\/blog\/category\/ay-goeeee\/"},"img":{"alt_text":"","src":"https:\/\/i0.wp.com\/soclose.mx\/blog\/wp-content\/uploads\/2022\/03\/Copia-de-Principal-So-Close-blog-2-14.png?fit=1200%2C677&ssl=1&resize=350%2C200","width":350,"height":200,"srcset":"https:\/\/i0.wp.com\/soclose.mx\/blog\/wp-content\/uploads\/2022\/03\/Copia-de-Principal-So-Close-blog-2-14.png?fit=1200%2C677&ssl=1&resize=350%2C200 1x, https:\/\/i0.wp.com\/soclose.mx\/blog\/wp-content\/uploads\/2022\/03\/Copia-de-Principal-So-Close-blog-2-14.png?fit=1200%2C677&ssl=1&resize=525%2C300 1.5x, https:\/\/i0.wp.com\/soclose.mx\/blog\/wp-content\/uploads\/2022\/03\/Copia-de-Principal-So-Close-blog-2-14.png?fit=1200%2C677&ssl=1&resize=700%2C400 2x, https:\/\/i0.wp.com\/soclose.mx\/blog\/wp-content\/uploads\/2022\/03\/Copia-de-Principal-So-Close-blog-2-14.png?fit=1200%2C677&ssl=1&resize=1050%2C600 3x"},"classes":[]},{"id":14828,"url":"https:\/\/soclose.mx\/blog\/a-la-mexicana\/frases-populares-que-nacieron-en-la-revolucion-mexicana-y-que-sigues-usandola-revolucion-mexicana-1910-1920-no-solo-fue-un-conflicto-armado-que-transformo-la-historia-politica-y-social-de-m\/","url_meta":{"origin":8163,"position":5},"title":"Frases populares que nacieron en la Revoluci\u00f3n Mexicana\u2026 y que sigues usando","author":"So Close","date":"18 noviembre, 2025","format":false,"excerpt":"La Revoluci\u00f3n Mexicana (1910-1920) no solo fue un conflicto armado que transform\u00f3 la historia pol\u00edtica y social de M\u00e9xico, tambi\u00e9n fue una fuente rica de expresiones coloquiales que a\u00fan hoy forman parte del lenguaje cotidiano. Muchas de estas frases populares que nacieron en la Revoluci\u00f3n Mexicana, fue en medio de\u2026","rel":"","context":"En &quot;\u00a1Ay goeeee!&quot;","block_context":{"text":"\u00a1Ay goeeee!","link":"https:\/\/soclose.mx\/blog\/category\/ay-goeeee\/"},"img":{"alt_text":"Revoluci\u00f3n Mexicana","src":"https:\/\/i0.wp.com\/soclose.mx\/blog\/wp-content\/uploads\/2025\/05\/Revolucion-Mexicana.jpg?fit=1200%2C675&ssl=1&resize=350%2C200","width":350,"height":200,"srcset":"https:\/\/i0.wp.com\/soclose.mx\/blog\/wp-content\/uploads\/2025\/05\/Revolucion-Mexicana.jpg?fit=1200%2C675&ssl=1&resize=350%2C200 1x, https:\/\/i0.wp.com\/soclose.mx\/blog\/wp-content\/uploads\/2025\/05\/Revolucion-Mexicana.jpg?fit=1200%2C675&ssl=1&resize=525%2C300 1.5x, https:\/\/i0.wp.com\/soclose.mx\/blog\/wp-content\/uploads\/2025\/05\/Revolucion-Mexicana.jpg?fit=1200%2C675&ssl=1&resize=700%2C400 2x, https:\/\/i0.wp.com\/soclose.mx\/blog\/wp-content\/uploads\/2025\/05\/Revolucion-Mexicana.jpg?fit=1200%2C675&ssl=1&resize=1050%2C600 3x"},"classes":[]}],"jetpack_sharing_enabled":true,"_links":{"self":[{"href":"https:\/\/soclose.mx\/blog\/wp-json\/wp\/v2\/posts\/8163","targetHints":{"allow":["GET"]}}],"collection":[{"href":"https:\/\/soclose.mx\/blog\/wp-json\/wp\/v2\/posts"}],"about":[{"href":"https:\/\/soclose.mx\/blog\/wp-json\/wp\/v2\/types\/post"}],"author":[{"embeddable":true,"href":"https:\/\/soclose.mx\/blog\/wp-json\/wp\/v2\/users\/8"}],"replies":[{"embeddable":true,"href":"https:\/\/soclose.mx\/blog\/wp-json\/wp\/v2\/comments?post=8163"}],"version-history":[{"count":0,"href":"https:\/\/soclose.mx\/blog\/wp-json\/wp\/v2\/posts\/8163\/revisions"}],"wp:featuredmedia":[{"embeddable":true,"href":"https:\/\/soclose.mx\/blog\/wp-json\/wp\/v2\/media\/8164"}],"wp:attachment":[{"href":"https:\/\/soclose.mx\/blog\/wp-json\/wp\/v2\/media?parent=8163"}],"wp:term":[{"taxonomy":"category","embeddable":true,"href":"https:\/\/soclose.mx\/blog\/wp-json\/wp\/v2\/categories?post=8163"},{"taxonomy":"post_tag","embeddable":true,"href":"https:\/\/soclose.mx\/blog\/wp-json\/wp\/v2\/tags?post=8163"}],"curies":[{"name":"wp","href":"https:\/\/api.w.org\/{rel}","templated":true}]}}