{"id":8192,"date":"2025-12-11T09:09:01","date_gmt":"2025-12-11T15:09:01","guid":{"rendered":"https:\/\/soclose.mx\/blog\/?p=8192"},"modified":"2025-12-11T19:12:49","modified_gmt":"2025-12-12T01:12:49","slug":"paises-donde-tienen-prohibido-celebrar-la-navidad","status":"publish","type":"post","link":"https:\/\/soclose.mx\/blog\/ay-goeeee\/paises-donde-tienen-prohibido-celebrar-la-navidad\/","title":{"rendered":"Pa\u00edses donde tienen prohibido celebrar la Navidad"},"content":{"rendered":"<p>As\u00ed es, hay algunos\u00a0<strong>pa\u00edses donde tienen prohibido celebrar la <a href=\"https:\/\/soclose.mx\/blog\/es_mx\/?s=NAVIDAD\" target=\"_blank\" rel=\"noopener\">Navidad<\/a>\u00a0<\/strong>y esta fecha pasa desapercibida pese a ser considerada una de las \u00e9pocas m\u00e1s bonitas del a\u00f1o y con la cual hasta el ambiente se vuelve tan hogare\u00f1o.<\/p>\n<p><strong>Corea del Norte<\/strong>,\u00a0<strong>Somalia<\/strong>,\u00a0<strong>Brun\u00e9i<\/strong>, quienes al no profesar la religi\u00f3n cristiana, esta celebraci\u00f3n simplemente est\u00e1 prohibida, incluso en algunos casos hasta penadas. Tan s\u00f3lo en el primer territorio\u00a0 no quiere saber nada de Jesucristo, y practicar la religi\u00f3n ser\u00eda motivo de encarcelamiento, tortura y hasta pena de muerte.<\/p>\n<p>Mientras que en\u00a0<strong>Somalia\u00a0<\/strong>se prohibi\u00f3 la\u00a0<strong>Navidad<\/strong>\u00a0en el 2015 para no ver afectada su fe musulmana, lo mismo sucede con\u00a0<strong>Brun\u00e9i<\/strong>, si algunos de sus habitantes la celebran de manera clandestina podr\u00edan pasar cinco a\u00f1os en la c\u00e1rcel.<\/p>\n<p><strong>Tayikist\u00e1n<\/strong>\u00a0es otro pa\u00eds musulm\u00e1n que tiene estrictas normas sobre la\u00a0<strong>Navidad<\/strong>, por lo que tampoco es una festividad que se celebre entre sus habitantes y tambi\u00e9n pasa desapercibida.<\/p>\n<p><strong>China<\/strong>\u00a0tampoco <strong>celebra la Navidad<\/strong>\u00a0como la conocemos en\u00a0 <strong>Latinoam\u00e9ric<\/strong>a ya que la consideran una ofensa a las tradiciones ancestrales, y en caso de festejarla, se castiga con detenciones y multas.<\/p>\n<p><strong>Argelia\u00a0<\/strong>al practicar una religi\u00f3n musulmana sunita no existe esta tradici\u00f3n navide\u00f1a para ellos. Lo mismo sucede con <strong>Arabia Saudita<\/strong>, un pa\u00eds musulm\u00e1n y a pesar de que est\u00e1 en un proceso de transici\u00f3n, la<strong>\u00a0Navidad<\/strong>\u00a0todav\u00eda es una festividad que no aplica para sus pobladores.<\/p>\n","protected":false},"excerpt":{"rendered":"<p>As\u00ed es, hay algunos\u00a0pa\u00edses donde tienen prohibido celebrar la Navidad\u00a0y esta fecha pasa desapercibida pese a ser considerada una de las \u00e9pocas m\u00e1s bonitas del a\u00f1o y con la cual hasta el ambiente se vuelve tan hogare\u00f1o. Corea del Norte,\u00a0Somalia,\u00a0Brun\u00e9i, quienes al no profesar la religi\u00f3n cristiana, esta celebraci\u00f3n simplemente est\u00e1 prohibida, incluso en algunos casos hasta penadas. Tan s\u00f3lo en el primer territorio\u00a0 no quiere saber nada de Jesucristo, y practicar la religi\u00f3n ser\u00eda motivo de encarcelamiento, tortura y hasta pena de muerte. Mientras que en\u00a0Somalia\u00a0se prohibi\u00f3 la\u00a0Navidad\u00a0en el 2015 para no ver afectada su fe musulmana, lo mismo<\/p>\n","protected":false},"author":8,"featured_media":8193,"comment_status":"open","ping_status":"open","sticky":false,"template":"","format":"standard","meta":{"_jetpack_memberships_contains_paid_content":false,"footnotes":""},"categories":[1,628],"tags":[1395,1519,1643],"class_list":["post-8192","post","type-post","status-publish","format-standard","has-post-thumbnail","hentry","category-ay-goeeee","category-news-feed","tag-celebracion","tag-navidad","tag-paises"],"yoast_head":"<!-- This site is optimized with the Yoast SEO plugin v26.7 - https:\/\/yoast.com\/wordpress\/plugins\/seo\/ -->\n<title>Pa\u00edses donde tienen prohibido celebrar la Navidad - So Close<\/title>\n<meta name=\"description\" content=\"En algunos pa\u00edses de \u00c1frica y Asia, el 24 y 25 de diciembre resulta como un d\u00eda m\u00e1s en el calendario, as\u00ed que no celebran la Navidad.\" \/>\n<meta name=\"robots\" content=\"index, follow, max-snippet:-1, max-image-preview:large, max-video-preview:-1\" \/>\n<link rel=\"canonical\" href=\"https:\/\/soclose.mx\/blog\/tag\/juan-rulfo-frases-mujeres\/\" \/>\n<meta property=\"og:locale\" content=\"es_MX\" \/>\n<meta property=\"og:type\" content=\"article\" \/>\n<meta property=\"og:title\" content=\"Pa\u00edses donde tienen prohibido celebrar la Navidad - So Close\" \/>\n<meta property=\"og:description\" content=\"En algunos pa\u00edses de \u00c1frica y Asia, el 24 y 25 de diciembre resulta como un d\u00eda m\u00e1s en el calendario, as\u00ed que no celebran la Navidad.\" \/>\n<meta property=\"og:url\" content=\"https:\/\/soclose.mx\/blog\/tag\/juan-rulfo-frases-mujeres\/\" \/>\n<meta property=\"og:site_name\" content=\"So Close\" \/>\n<meta property=\"article:author\" content=\"www.facebook.com\/mikexever\/\" \/>\n<meta property=\"article:published_time\" content=\"2025-12-11T15:09:01+00:00\" \/>\n<meta property=\"article:modified_time\" content=\"2025-12-12T01:12:49+00:00\" \/>\n<meta property=\"og:image\" content=\"https:\/\/i0.wp.com\/soclose.mx\/blog\/wp-content\/uploads\/2021\/12\/Copia-de-Principal-So-Close-blog-6-1.png?fit=1240%2C700&ssl=1\" \/>\n\t<meta property=\"og:image:width\" content=\"1240\" \/>\n\t<meta property=\"og:image:height\" content=\"700\" \/>\n\t<meta property=\"og:image:type\" content=\"image\/png\" \/>\n<meta name=\"author\" content=\"Miguel Angel Romero\" \/>\n<meta name=\"twitter:card\" content=\"summary_large_image\" \/>\n<meta name=\"twitter:creator\" content=\"@Mikerecomienda\" \/>\n<meta name=\"twitter:label1\" content=\"Escrito por\" \/>\n\t<meta name=\"twitter:data1\" content=\"Miguel Angel Romero\" \/>\n\t<meta name=\"twitter:label2\" content=\"Tiempo de lectura\" \/>\n\t<meta name=\"twitter:data2\" content=\"2 minutos\" \/>\n<script type=\"application\/ld+json\" class=\"yoast-schema-graph\">{\"@context\":\"https:\/\/schema.org\",\"@graph\":[{\"@type\":\"Article\",\"@id\":\"https:\/\/soclose.mx\/blog\/tag\/juan-rulfo-frases-mujeres\/#article\",\"isPartOf\":{\"@id\":\"https:\/\/soclose.mx\/blog\/tag\/juan-rulfo-frases-mujeres\/\"},\"author\":{\"name\":\"Miguel Angel Romero\",\"@id\":\"https:\/\/soclose.mx\/blog\/#\/schema\/person\/cddec6ccd5d7037d286395fb411e23f1\"},\"headline\":\"Pa\u00edses donde tienen prohibido celebrar la Navidad\",\"datePublished\":\"2025-12-11T15:09:01+00:00\",\"dateModified\":\"2025-12-12T01:12:49+00:00\",\"mainEntityOfPage\":{\"@id\":\"https:\/\/soclose.mx\/blog\/tag\/juan-rulfo-frases-mujeres\/\"},\"wordCount\":267,\"commentCount\":0,\"publisher\":{\"@id\":\"https:\/\/soclose.mx\/blog\/#organization\"},\"image\":{\"@id\":\"https:\/\/soclose.mx\/blog\/tag\/juan-rulfo-frases-mujeres\/#primaryimage\"},\"thumbnailUrl\":\"https:\/\/i0.wp.com\/soclose.mx\/blog\/wp-content\/uploads\/2021\/12\/Copia-de-Principal-So-Close-blog-6-1.png?fit=1240%2C700&ssl=1\",\"keywords\":[\"celebraci\u00f3n\",\"Navidad\",\"Pa\u00edses\"],\"articleSection\":[\"\u00a1Ay goeeee!\",\"News feed\"],\"inLanguage\":\"es\",\"potentialAction\":[{\"@type\":\"CommentAction\",\"name\":\"Comment\",\"target\":[\"https:\/\/soclose.mx\/blog\/tag\/juan-rulfo-frases-mujeres\/#respond\"]}]},{\"@type\":\"WebPage\",\"@id\":\"https:\/\/soclose.mx\/blog\/tag\/juan-rulfo-frases-mujeres\/\",\"url\":\"https:\/\/soclose.mx\/blog\/tag\/juan-rulfo-frases-mujeres\/\",\"name\":\"Pa\u00edses donde tienen prohibido celebrar la Navidad - So Close\",\"isPartOf\":{\"@id\":\"https:\/\/soclose.mx\/blog\/#website\"},\"primaryImageOfPage\":{\"@id\":\"https:\/\/soclose.mx\/blog\/tag\/juan-rulfo-frases-mujeres\/#primaryimage\"},\"image\":{\"@id\":\"https:\/\/soclose.mx\/blog\/tag\/juan-rulfo-frases-mujeres\/#primaryimage\"},\"thumbnailUrl\":\"https:\/\/i0.wp.com\/soclose.mx\/blog\/wp-content\/uploads\/2021\/12\/Copia-de-Principal-So-Close-blog-6-1.png?fit=1240%2C700&ssl=1\",\"datePublished\":\"2025-12-11T15:09:01+00:00\",\"dateModified\":\"2025-12-12T01:12:49+00:00\",\"description\":\"En algunos pa\u00edses de \u00c1frica y Asia, el 24 y 25 de diciembre resulta como un d\u00eda m\u00e1s en el calendario, as\u00ed que no celebran la Navidad.\",\"breadcrumb\":{\"@id\":\"https:\/\/soclose.mx\/blog\/tag\/juan-rulfo-frases-mujeres\/#breadcrumb\"},\"inLanguage\":\"es\",\"potentialAction\":[{\"@type\":\"ReadAction\",\"target\":[\"https:\/\/soclose.mx\/blog\/tag\/juan-rulfo-frases-mujeres\/\"]}]},{\"@type\":\"ImageObject\",\"inLanguage\":\"es\",\"@id\":\"https:\/\/soclose.mx\/blog\/tag\/juan-rulfo-frases-mujeres\/#primaryimage\",\"url\":\"https:\/\/i0.wp.com\/soclose.mx\/blog\/wp-content\/uploads\/2021\/12\/Copia-de-Principal-So-Close-blog-6-1.png?fit=1240%2C700&ssl=1\",\"contentUrl\":\"https:\/\/i0.wp.com\/soclose.mx\/blog\/wp-content\/uploads\/2021\/12\/Copia-de-Principal-So-Close-blog-6-1.png?fit=1240%2C700&ssl=1\",\"width\":1240,\"height\":700},{\"@type\":\"BreadcrumbList\",\"@id\":\"https:\/\/soclose.mx\/blog\/tag\/juan-rulfo-frases-mujeres\/#breadcrumb\",\"itemListElement\":[{\"@type\":\"ListItem\",\"position\":1,\"name\":\"Inicio\",\"item\":\"https:\/\/soclose.mx\/blog\/\"},{\"@type\":\"ListItem\",\"position\":2,\"name\":\"Pa\u00edses donde tienen prohibido celebrar la Navidad\"}]},{\"@type\":\"WebSite\",\"@id\":\"https:\/\/soclose.mx\/blog\/#website\",\"url\":\"https:\/\/soclose.mx\/blog\/\",\"name\":\"So Close\",\"description\":\"Hacemos contenidos de M\u00e9xico\",\"publisher\":{\"@id\":\"https:\/\/soclose.mx\/blog\/#organization\"},\"potentialAction\":[{\"@type\":\"SearchAction\",\"target\":{\"@type\":\"EntryPoint\",\"urlTemplate\":\"https:\/\/soclose.mx\/blog\/?s={search_term_string}\"},\"query-input\":{\"@type\":\"PropertyValueSpecification\",\"valueRequired\":true,\"valueName\":\"search_term_string\"}}],\"inLanguage\":\"es\"},{\"@type\":\"Organization\",\"@id\":\"https:\/\/soclose.mx\/blog\/#organization\",\"name\":\"So Close\",\"url\":\"https:\/\/soclose.mx\/blog\/\",\"logo\":{\"@type\":\"ImageObject\",\"inLanguage\":\"es\",\"@id\":\"https:\/\/soclose.mx\/blog\/#\/schema\/logo\/image\/\",\"url\":\"https:\/\/i0.wp.com\/soclose.mx\/blog\/wp-content\/uploads\/2020\/12\/LOGO_SOCLOSE_COLOR-e1608310133507.png?fit=2858%2C1264&ssl=1\",\"contentUrl\":\"https:\/\/i0.wp.com\/soclose.mx\/blog\/wp-content\/uploads\/2020\/12\/LOGO_SOCLOSE_COLOR-e1608310133507.png?fit=2858%2C1264&ssl=1\",\"width\":2858,\"height\":1264,\"caption\":\"So Close\"},\"image\":{\"@id\":\"https:\/\/soclose.mx\/blog\/#\/schema\/logo\/image\/\"}},{\"@type\":\"Person\",\"@id\":\"https:\/\/soclose.mx\/blog\/#\/schema\/person\/cddec6ccd5d7037d286395fb411e23f1\",\"name\":\"Miguel Angel Romero\",\"image\":{\"@type\":\"ImageObject\",\"inLanguage\":\"es\",\"@id\":\"https:\/\/soclose.mx\/blog\/#\/schema\/person\/image\/\",\"url\":\"https:\/\/secure.gravatar.com\/avatar\/45b44006b4f93497bb24d251f77bc39385015bfa120582412df580dbfcbb14f3?s=96&d=mm&r=g\",\"contentUrl\":\"https:\/\/secure.gravatar.com\/avatar\/45b44006b4f93497bb24d251f77bc39385015bfa120582412df580dbfcbb14f3?s=96&d=mm&r=g\",\"caption\":\"Miguel Angel Romero\"},\"sameAs\":[\"http:\/\/\/mikexever.blogspot.com\/\",\"www.facebook.com\/mikexever\/\",\"https:\/\/x.com\/Mikerecomienda\"],\"url\":\"https:\/\/soclose.mx\/blog\/author\/mike\/\"}]}<\/script>\n<!-- \/ Yoast SEO plugin. -->","yoast_head_json":{"title":"Pa\u00edses donde tienen prohibido celebrar la Navidad - So Close","description":"En algunos pa\u00edses de \u00c1frica y Asia, el 24 y 25 de diciembre resulta como un d\u00eda m\u00e1s en el calendario, as\u00ed que no celebran la Navidad.","robots":{"index":"index","follow":"follow","max-snippet":"max-snippet:-1","max-image-preview":"max-image-preview:large","max-video-preview":"max-video-preview:-1"},"canonical":"https:\/\/soclose.mx\/blog\/tag\/juan-rulfo-frases-mujeres\/","og_locale":"es_MX","og_type":"article","og_title":"Pa\u00edses donde tienen prohibido celebrar la Navidad - So Close","og_description":"En algunos pa\u00edses de \u00c1frica y Asia, el 24 y 25 de diciembre resulta como un d\u00eda m\u00e1s en el calendario, as\u00ed que no celebran la Navidad.","og_url":"https:\/\/soclose.mx\/blog\/tag\/juan-rulfo-frases-mujeres\/","og_site_name":"So Close","article_author":"www.facebook.com\/mikexever\/","article_published_time":"2025-12-11T15:09:01+00:00","article_modified_time":"2025-12-12T01:12:49+00:00","og_image":[{"width":1240,"height":700,"url":"https:\/\/i0.wp.com\/soclose.mx\/blog\/wp-content\/uploads\/2021\/12\/Copia-de-Principal-So-Close-blog-6-1.png?fit=1240%2C700&ssl=1","type":"image\/png"}],"author":"Miguel Angel Romero","twitter_card":"summary_large_image","twitter_creator":"@Mikerecomienda","twitter_misc":{"Escrito por":"Miguel Angel Romero","Tiempo de lectura":"2 minutos"},"schema":{"@context":"https:\/\/schema.org","@graph":[{"@type":"Article","@id":"https:\/\/soclose.mx\/blog\/tag\/juan-rulfo-frases-mujeres\/#article","isPartOf":{"@id":"https:\/\/soclose.mx\/blog\/tag\/juan-rulfo-frases-mujeres\/"},"author":{"name":"Miguel Angel Romero","@id":"https:\/\/soclose.mx\/blog\/#\/schema\/person\/cddec6ccd5d7037d286395fb411e23f1"},"headline":"Pa\u00edses donde tienen prohibido celebrar la Navidad","datePublished":"2025-12-11T15:09:01+00:00","dateModified":"2025-12-12T01:12:49+00:00","mainEntityOfPage":{"@id":"https:\/\/soclose.mx\/blog\/tag\/juan-rulfo-frases-mujeres\/"},"wordCount":267,"commentCount":0,"publisher":{"@id":"https:\/\/soclose.mx\/blog\/#organization"},"image":{"@id":"https:\/\/soclose.mx\/blog\/tag\/juan-rulfo-frases-mujeres\/#primaryimage"},"thumbnailUrl":"https:\/\/i0.wp.com\/soclose.mx\/blog\/wp-content\/uploads\/2021\/12\/Copia-de-Principal-So-Close-blog-6-1.png?fit=1240%2C700&ssl=1","keywords":["celebraci\u00f3n","Navidad","Pa\u00edses"],"articleSection":["\u00a1Ay goeeee!","News feed"],"inLanguage":"es","potentialAction":[{"@type":"CommentAction","name":"Comment","target":["https:\/\/soclose.mx\/blog\/tag\/juan-rulfo-frases-mujeres\/#respond"]}]},{"@type":"WebPage","@id":"https:\/\/soclose.mx\/blog\/tag\/juan-rulfo-frases-mujeres\/","url":"https:\/\/soclose.mx\/blog\/tag\/juan-rulfo-frases-mujeres\/","name":"Pa\u00edses donde tienen prohibido celebrar la Navidad - So Close","isPartOf":{"@id":"https:\/\/soclose.mx\/blog\/#website"},"primaryImageOfPage":{"@id":"https:\/\/soclose.mx\/blog\/tag\/juan-rulfo-frases-mujeres\/#primaryimage"},"image":{"@id":"https:\/\/soclose.mx\/blog\/tag\/juan-rulfo-frases-mujeres\/#primaryimage"},"thumbnailUrl":"https:\/\/i0.wp.com\/soclose.mx\/blog\/wp-content\/uploads\/2021\/12\/Copia-de-Principal-So-Close-blog-6-1.png?fit=1240%2C700&ssl=1","datePublished":"2025-12-11T15:09:01+00:00","dateModified":"2025-12-12T01:12:49+00:00","description":"En algunos pa\u00edses de \u00c1frica y Asia, el 24 y 25 de diciembre resulta como un d\u00eda m\u00e1s en el calendario, as\u00ed que no celebran la Navidad.","breadcrumb":{"@id":"https:\/\/soclose.mx\/blog\/tag\/juan-rulfo-frases-mujeres\/#breadcrumb"},"inLanguage":"es","potentialAction":[{"@type":"ReadAction","target":["https:\/\/soclose.mx\/blog\/tag\/juan-rulfo-frases-mujeres\/"]}]},{"@type":"ImageObject","inLanguage":"es","@id":"https:\/\/soclose.mx\/blog\/tag\/juan-rulfo-frases-mujeres\/#primaryimage","url":"https:\/\/i0.wp.com\/soclose.mx\/blog\/wp-content\/uploads\/2021\/12\/Copia-de-Principal-So-Close-blog-6-1.png?fit=1240%2C700&ssl=1","contentUrl":"https:\/\/i0.wp.com\/soclose.mx\/blog\/wp-content\/uploads\/2021\/12\/Copia-de-Principal-So-Close-blog-6-1.png?fit=1240%2C700&ssl=1","width":1240,"height":700},{"@type":"BreadcrumbList","@id":"https:\/\/soclose.mx\/blog\/tag\/juan-rulfo-frases-mujeres\/#breadcrumb","itemListElement":[{"@type":"ListItem","position":1,"name":"Inicio","item":"https:\/\/soclose.mx\/blog\/"},{"@type":"ListItem","position":2,"name":"Pa\u00edses donde tienen prohibido celebrar la Navidad"}]},{"@type":"WebSite","@id":"https:\/\/soclose.mx\/blog\/#website","url":"https:\/\/soclose.mx\/blog\/","name":"So Close","description":"Hacemos contenidos de M\u00e9xico","publisher":{"@id":"https:\/\/soclose.mx\/blog\/#organization"},"potentialAction":[{"@type":"SearchAction","target":{"@type":"EntryPoint","urlTemplate":"https:\/\/soclose.mx\/blog\/?s={search_term_string}"},"query-input":{"@type":"PropertyValueSpecification","valueRequired":true,"valueName":"search_term_string"}}],"inLanguage":"es"},{"@type":"Organization","@id":"https:\/\/soclose.mx\/blog\/#organization","name":"So Close","url":"https:\/\/soclose.mx\/blog\/","logo":{"@type":"ImageObject","inLanguage":"es","@id":"https:\/\/soclose.mx\/blog\/#\/schema\/logo\/image\/","url":"https:\/\/i0.wp.com\/soclose.mx\/blog\/wp-content\/uploads\/2020\/12\/LOGO_SOCLOSE_COLOR-e1608310133507.png?fit=2858%2C1264&ssl=1","contentUrl":"https:\/\/i0.wp.com\/soclose.mx\/blog\/wp-content\/uploads\/2020\/12\/LOGO_SOCLOSE_COLOR-e1608310133507.png?fit=2858%2C1264&ssl=1","width":2858,"height":1264,"caption":"So Close"},"image":{"@id":"https:\/\/soclose.mx\/blog\/#\/schema\/logo\/image\/"}},{"@type":"Person","@id":"https:\/\/soclose.mx\/blog\/#\/schema\/person\/cddec6ccd5d7037d286395fb411e23f1","name":"Miguel Angel Romero","image":{"@type":"ImageObject","inLanguage":"es","@id":"https:\/\/soclose.mx\/blog\/#\/schema\/person\/image\/","url":"https:\/\/secure.gravatar.com\/avatar\/45b44006b4f93497bb24d251f77bc39385015bfa120582412df580dbfcbb14f3?s=96&d=mm&r=g","contentUrl":"https:\/\/secure.gravatar.com\/avatar\/45b44006b4f93497bb24d251f77bc39385015bfa120582412df580dbfcbb14f3?s=96&d=mm&r=g","caption":"Miguel Angel Romero"},"sameAs":["http:\/\/\/mikexever.blogspot.com\/","www.facebook.com\/mikexever\/","https:\/\/x.com\/Mikerecomienda"],"url":"https:\/\/soclose.mx\/blog\/author\/mike\/"}]}},"jetpack_featured_media_url":"https:\/\/i0.wp.com\/soclose.mx\/blog\/wp-content\/uploads\/2021\/12\/Copia-de-Principal-So-Close-blog-6-1.png?fit=1240%2C700&ssl=1","jetpack-related-posts":[{"id":7982,"url":"https:\/\/soclose.mx\/blog\/news-feed\/llega-el-festival-ilusiones-de-navidad-a-xochimilco\/","url_meta":{"origin":8192,"position":0},"title":"Llega el Festival Ilusiones de Navidad a Xochimilco","author":"Miguel Angel Romero","date":"1 diciembre, 2021","format":false,"excerpt":"La Navidad cada vez est\u00e1 m\u00e1s cerca y para recibirla qu\u00e9 mejor manera de empezar la \u00e1poca que con la magia del Festival Ilusiones de Navidad en el Parque Ecol\u00f3gico de Xochimilco. Hasta el 9 de enero, estar\u00e1 disponible un espacio familiar donde vivir\u00e1s la experiencia de conocer la Villa\u2026","rel":"","context":"En &quot;News feed&quot;","block_context":{"text":"News feed","link":"https:\/\/soclose.mx\/blog\/category\/news-feed\/"},"img":{"alt_text":"","src":"https:\/\/i0.wp.com\/soclose.mx\/blog\/wp-content\/uploads\/2021\/11\/Copia-de-Principal-So-Close-blog-17.png?fit=1200%2C677&ssl=1&resize=350%2C200","width":350,"height":200,"srcset":"https:\/\/i0.wp.com\/soclose.mx\/blog\/wp-content\/uploads\/2021\/11\/Copia-de-Principal-So-Close-blog-17.png?fit=1200%2C677&ssl=1&resize=350%2C200 1x, https:\/\/i0.wp.com\/soclose.mx\/blog\/wp-content\/uploads\/2021\/11\/Copia-de-Principal-So-Close-blog-17.png?fit=1200%2C677&ssl=1&resize=525%2C300 1.5x, https:\/\/i0.wp.com\/soclose.mx\/blog\/wp-content\/uploads\/2021\/11\/Copia-de-Principal-So-Close-blog-17.png?fit=1200%2C677&ssl=1&resize=700%2C400 2x, https:\/\/i0.wp.com\/soclose.mx\/blog\/wp-content\/uploads\/2021\/11\/Copia-de-Principal-So-Close-blog-17.png?fit=1200%2C677&ssl=1&resize=1050%2C600 3x"},"classes":[]},{"id":13651,"url":"https:\/\/soclose.mx\/blog\/tramites\/paises-que-puedes-visitar-sin-visa-como-mexicano\/","url_meta":{"origin":8192,"position":1},"title":"Pa\u00edses que puedes visitar sin visa, como mexicano","author":"So Close","date":"10 junio, 2024","format":false,"excerpt":"\u00a1Si eres mexicano, visita estos pa\u00edses sin visa! En el mundo hay pa\u00edses que podr\u00e1s visitar solo con el pasaporte mexicano, porque puedes viajar a m\u00e1s de 160 pa\u00edses sin necesidad de solicitar visa previa. En este art\u00edculo te presentamos una lista actualizada de pa\u00edses que no te piden visa\u2026","rel":"","context":"En &quot;Tr\u00e1mites&quot;","block_context":{"text":"Tr\u00e1mites","link":"https:\/\/soclose.mx\/blog\/category\/tramites\/"},"img":{"alt_text":"Turistas viajando","src":"https:\/\/i0.wp.com\/soclose.mx\/blog\/wp-content\/uploads\/2024\/06\/Portada-notas-del-sitio-So-Close.jpg?fit=1200%2C675&ssl=1&resize=350%2C200","width":350,"height":200,"srcset":"https:\/\/i0.wp.com\/soclose.mx\/blog\/wp-content\/uploads\/2024\/06\/Portada-notas-del-sitio-So-Close.jpg?fit=1200%2C675&ssl=1&resize=350%2C200 1x, https:\/\/i0.wp.com\/soclose.mx\/blog\/wp-content\/uploads\/2024\/06\/Portada-notas-del-sitio-So-Close.jpg?fit=1200%2C675&ssl=1&resize=525%2C300 1.5x, https:\/\/i0.wp.com\/soclose.mx\/blog\/wp-content\/uploads\/2024\/06\/Portada-notas-del-sitio-So-Close.jpg?fit=1200%2C675&ssl=1&resize=700%2C400 2x, https:\/\/i0.wp.com\/soclose.mx\/blog\/wp-content\/uploads\/2024\/06\/Portada-notas-del-sitio-So-Close.jpg?fit=1200%2C675&ssl=1&resize=1050%2C600 3x"},"classes":[]},{"id":14574,"url":"https:\/\/soclose.mx\/blog\/a-la-mexicana\/la-rosca-de-reyes-y-su-llegada-a-mexico\/","url_meta":{"origin":8192,"position":2},"title":"La Rosca de Reyes y su llegada a M\u00e9xico","author":"So Close","date":"24 diciembre, 2024","format":false,"excerpt":"La Rosca de Reyes y su llegada a M\u00e9xico es una tradici\u00f3n profundamente arraigada celebrada cada 6 de enero para conmemorar la llegada de los Reyes Magos al Ni\u00f1o Jes\u00fas. Su historia se remonta a antiguas costumbres europeas que han evolucionado a lo largo de los siglos, incorporando elementos locales\u2026","rel":"","context":"En &quot;A la mexicana&quot;","block_context":{"text":"A la mexicana","link":"https:\/\/soclose.mx\/blog\/category\/a-la-mexicana\/"},"img":{"alt_text":"Rosca de Reyes","src":"https:\/\/i0.wp.com\/soclose.mx\/blog\/wp-content\/uploads\/2024\/12\/rosca-de-reyes.jpg?fit=1200%2C675&ssl=1&resize=350%2C200","width":350,"height":200,"srcset":"https:\/\/i0.wp.com\/soclose.mx\/blog\/wp-content\/uploads\/2024\/12\/rosca-de-reyes.jpg?fit=1200%2C675&ssl=1&resize=350%2C200 1x, https:\/\/i0.wp.com\/soclose.mx\/blog\/wp-content\/uploads\/2024\/12\/rosca-de-reyes.jpg?fit=1200%2C675&ssl=1&resize=525%2C300 1.5x, https:\/\/i0.wp.com\/soclose.mx\/blog\/wp-content\/uploads\/2024\/12\/rosca-de-reyes.jpg?fit=1200%2C675&ssl=1&resize=700%2C400 2x, https:\/\/i0.wp.com\/soclose.mx\/blog\/wp-content\/uploads\/2024\/12\/rosca-de-reyes.jpg?fit=1200%2C675&ssl=1&resize=1050%2C600 3x"},"classes":[]},{"id":8101,"url":"https:\/\/soclose.mx\/blog\/ay-goeeee\/datos-interesantes-de-la-flor-de-nochebuena\/","url_meta":{"origin":8192,"position":3},"title":"Datos interesantes de la flor de Nochebuena","author":"Miguel Angel Romero","date":"21 diciembre, 2021","format":false,"excerpt":"La llamada CdMx ya viste de color rojo, y ni decir de todo el pa\u00eds, gracias a cada una de las flores de Nochebuena que engalanan la metr\u00f3poli gracias a\u00a0 nuestras tradiciones decembrinas. El nombre en n\u00e1huatl es cuetlaxochitl, que significa \u201cflor que se marchita\u201d y era usada para ceremonias\u2026","rel":"","context":"En &quot;\u00a1Ay goeeee!&quot;","block_context":{"text":"\u00a1Ay goeeee!","link":"https:\/\/soclose.mx\/blog\/category\/ay-goeeee\/"},"img":{"alt_text":"","src":"https:\/\/i0.wp.com\/soclose.mx\/blog\/wp-content\/uploads\/2021\/12\/Copia-de-Principal-So-Close-blog-2-4.png?fit=1200%2C677&ssl=1&resize=350%2C200","width":350,"height":200,"srcset":"https:\/\/i0.wp.com\/soclose.mx\/blog\/wp-content\/uploads\/2021\/12\/Copia-de-Principal-So-Close-blog-2-4.png?fit=1200%2C677&ssl=1&resize=350%2C200 1x, https:\/\/i0.wp.com\/soclose.mx\/blog\/wp-content\/uploads\/2021\/12\/Copia-de-Principal-So-Close-blog-2-4.png?fit=1200%2C677&ssl=1&resize=525%2C300 1.5x, https:\/\/i0.wp.com\/soclose.mx\/blog\/wp-content\/uploads\/2021\/12\/Copia-de-Principal-So-Close-blog-2-4.png?fit=1200%2C677&ssl=1&resize=700%2C400 2x, https:\/\/i0.wp.com\/soclose.mx\/blog\/wp-content\/uploads\/2021\/12\/Copia-de-Principal-So-Close-blog-2-4.png?fit=1200%2C677&ssl=1&resize=1050%2C600 3x"},"classes":[]},{"id":14997,"url":"https:\/\/soclose.mx\/blog\/news-feed\/cenas-navidenas-mas-populares-en-mexico-origen-ingredientes-y-regiones\/","url_meta":{"origin":8192,"position":4},"title":"Cenas Navide\u00f1as M\u00e1s Populares en M\u00e9xico: Origen, Ingredientes y Regiones","author":"So Close","date":"11 diciembre, 2025","format":false,"excerpt":"Las cenas navide\u00f1as m\u00e1s populares en M\u00e9xico re\u00fanen tradiciones prehisp\u00e1nicas, coloniales y regionales en platillos ic\u00f3nicos que llenan las mesas el 24 de diciembre. Estos guisos y asados destacan por su sincretismo cultural y se adaptan a climas fr\u00edos o c\u00e1lidos del pa\u00eds. En esta lista de las m\u00e1s populares,\u2026","rel":"","context":"En &quot;A la mexicana&quot;","block_context":{"text":"A la mexicana","link":"https:\/\/soclose.mx\/blog\/category\/a-la-mexicana\/"},"img":{"alt_text":"Romeritos en mole","src":"https:\/\/i0.wp.com\/soclose.mx\/blog\/wp-content\/uploads\/2025\/12\/Romeritos-en-mole.jpg?fit=1200%2C675&ssl=1&resize=350%2C200","width":350,"height":200,"srcset":"https:\/\/i0.wp.com\/soclose.mx\/blog\/wp-content\/uploads\/2025\/12\/Romeritos-en-mole.jpg?fit=1200%2C675&ssl=1&resize=350%2C200 1x, https:\/\/i0.wp.com\/soclose.mx\/blog\/wp-content\/uploads\/2025\/12\/Romeritos-en-mole.jpg?fit=1200%2C675&ssl=1&resize=525%2C300 1.5x, https:\/\/i0.wp.com\/soclose.mx\/blog\/wp-content\/uploads\/2025\/12\/Romeritos-en-mole.jpg?fit=1200%2C675&ssl=1&resize=700%2C400 2x, https:\/\/i0.wp.com\/soclose.mx\/blog\/wp-content\/uploads\/2025\/12\/Romeritos-en-mole.jpg?fit=1200%2C675&ssl=1&resize=1050%2C600 3x"},"classes":[]},{"id":7779,"url":"https:\/\/soclose.mx\/blog\/news-feed\/gracias-a-la-navidad-los-pitufos-llegan-a-la-cdmx\/","url_meta":{"origin":8192,"position":5},"title":"Gracias a la Navidad, los pitufos llegan a la CdMx","author":"Miguel Angel Romero","date":"5 noviembre, 2021","format":false,"excerpt":"Ya pasando el D\u00eda de Muertos, ya todo se transforma en \u00e9poca decembrina y uno de los momentos m\u00e1s bonitos de estas fechas es cuando encendemos el \u00e1rbol de Navidad. Y a\u00fan m\u00e1s si este arranque de la temporada m\u00e1s colorida e iluminada, es con esos peque\u00f1os seres azules que\u2026","rel":"","context":"En &quot;News feed&quot;","block_context":{"text":"News feed","link":"https:\/\/soclose.mx\/blog\/category\/news-feed\/"},"img":{"alt_text":"","src":"https:\/\/i0.wp.com\/soclose.mx\/blog\/wp-content\/uploads\/2021\/11\/Copia-de-Principal-So-Close-blog-2-2.png?fit=1200%2C677&ssl=1&resize=350%2C200","width":350,"height":200,"srcset":"https:\/\/i0.wp.com\/soclose.mx\/blog\/wp-content\/uploads\/2021\/11\/Copia-de-Principal-So-Close-blog-2-2.png?fit=1200%2C677&ssl=1&resize=350%2C200 1x, https:\/\/i0.wp.com\/soclose.mx\/blog\/wp-content\/uploads\/2021\/11\/Copia-de-Principal-So-Close-blog-2-2.png?fit=1200%2C677&ssl=1&resize=525%2C300 1.5x, https:\/\/i0.wp.com\/soclose.mx\/blog\/wp-content\/uploads\/2021\/11\/Copia-de-Principal-So-Close-blog-2-2.png?fit=1200%2C677&ssl=1&resize=700%2C400 2x, https:\/\/i0.wp.com\/soclose.mx\/blog\/wp-content\/uploads\/2021\/11\/Copia-de-Principal-So-Close-blog-2-2.png?fit=1200%2C677&ssl=1&resize=1050%2C600 3x"},"classes":[]}],"jetpack_sharing_enabled":true,"_links":{"self":[{"href":"https:\/\/soclose.mx\/blog\/wp-json\/wp\/v2\/posts\/8192","targetHints":{"allow":["GET"]}}],"collection":[{"href":"https:\/\/soclose.mx\/blog\/wp-json\/wp\/v2\/posts"}],"about":[{"href":"https:\/\/soclose.mx\/blog\/wp-json\/wp\/v2\/types\/post"}],"author":[{"embeddable":true,"href":"https:\/\/soclose.mx\/blog\/wp-json\/wp\/v2\/users\/8"}],"replies":[{"embeddable":true,"href":"https:\/\/soclose.mx\/blog\/wp-json\/wp\/v2\/comments?post=8192"}],"version-history":[{"count":0,"href":"https:\/\/soclose.mx\/blog\/wp-json\/wp\/v2\/posts\/8192\/revisions"}],"wp:featuredmedia":[{"embeddable":true,"href":"https:\/\/soclose.mx\/blog\/wp-json\/wp\/v2\/media\/8193"}],"wp:attachment":[{"href":"https:\/\/soclose.mx\/blog\/wp-json\/wp\/v2\/media?parent=8192"}],"wp:term":[{"taxonomy":"category","embeddable":true,"href":"https:\/\/soclose.mx\/blog\/wp-json\/wp\/v2\/categories?post=8192"},{"taxonomy":"post_tag","embeddable":true,"href":"https:\/\/soclose.mx\/blog\/wp-json\/wp\/v2\/tags?post=8192"}],"curies":[{"name":"wp","href":"https:\/\/api.w.org\/{rel}","templated":true}]}}