{"id":8273,"date":"2022-01-21T09:36:58","date_gmt":"2022-01-21T15:36:58","guid":{"rendered":"https:\/\/soclose.mx\/blog\/?p=8273"},"modified":"2023-05-01T20:19:31","modified_gmt":"2023-05-02T02:19:31","slug":"asi-fue-hace-59-anos-la-primera-transmision-a-color-de-la-television","status":"publish","type":"post","link":"https:\/\/soclose.mx\/blog\/ay-goeeee\/asi-fue-hace-59-anos-la-primera-transmision-a-color-de-la-television\/","title":{"rendered":"As\u00ed fue la primera transmisi\u00f3n a color de la televisi\u00f3n en M\u00e9xico"},"content":{"rendered":"<p>La televisi\u00f3n a color hoy se nos hace algo com\u00fan, pero fue el <strong>21 de enero de 1963<\/strong> que se realiz\u00f3 la primera transmisi\u00f3n a color en <a href=\"https:\/\/soclose.mx\/blog\/es_mx\/?s=television\" target=\"_blank\" rel=\"noopener\">televisi\u00f3n mexicana<\/a>.<\/p>\n<p>Esto fue gracias al ingeniero mexicano <strong>Guillermo Gonz\u00e1lez Camarena<\/strong>, quien desarroll\u00f3 la coloraci\u00f3n de la pantalla a trav\u00e9s de un sistema tricrom\u00e1tico secuencial de campos.<\/p>\n<p>El descubrimiento del sistema tricrom\u00e1tico secuencial de campos convirti\u00f3 a M\u00e9xico en el primer pa\u00eds del mundo que disfrut\u00f3 la televisi\u00f3n a todo color hace 57 a\u00f1os.<\/p>\n<p>La primer transmisi\u00f3n a color \u00a0fue una serie de televisi\u00f3n llamada <strong>\u201cPara\u00edso Infantil\u201d<\/strong>, programa elegido por el mismo Camarena, a trav\u00e9s de la frecuencia <strong>XHGC de Canal 5<\/strong> de <strong>Telesistema Mexicano<\/strong>.<\/p>\n<p>El trabajo de <strong>Guillermo Gonz\u00e1lez Camarena<\/strong> sigui\u00f3 siendo utilizado por dependencias como la <strong>NASA<\/strong>, que en 1979 incorpor\u00f3 el sistema desarrollado por el ingeniero\u00a0 para fotografiar al planeta J\u00fapiter en la misi\u00f3n espacial <strong>Voyager 1<\/strong>.<\/p>\n<figure id=\"attachment_8275\" aria-describedby=\"caption-attachment-8275\" style=\"width: 1024px\" class=\"wp-caption alignnone\"><img data-recalc-dims=\"1\" fetchpriority=\"high\" decoding=\"async\" class=\"wp-image-8275 size-full\" src=\"https:\/\/i0.wp.com\/soclose.mx\/blog\/wp-content\/uploads\/2021\/12\/primera-transmision-color-television-mexicana-1-1-1024x512-1.jpg?resize=1024%2C512&#038;ssl=1\" alt=\"Foto: Archivo General de la Naci\u00f3n\" width=\"1024\" height=\"512\" srcset=\"https:\/\/i0.wp.com\/soclose.mx\/blog\/wp-content\/uploads\/2021\/12\/primera-transmision-color-television-mexicana-1-1-1024x512-1.jpg?w=1024&amp;ssl=1 1024w, https:\/\/i0.wp.com\/soclose.mx\/blog\/wp-content\/uploads\/2021\/12\/primera-transmision-color-television-mexicana-1-1-1024x512-1.jpg?resize=300%2C150&amp;ssl=1 300w, https:\/\/i0.wp.com\/soclose.mx\/blog\/wp-content\/uploads\/2021\/12\/primera-transmision-color-television-mexicana-1-1-1024x512-1.jpg?resize=768%2C384&amp;ssl=1 768w, https:\/\/i0.wp.com\/soclose.mx\/blog\/wp-content\/uploads\/2021\/12\/primera-transmision-color-television-mexicana-1-1-1024x512-1.jpg?resize=18%2C9&amp;ssl=1 18w, https:\/\/i0.wp.com\/soclose.mx\/blog\/wp-content\/uploads\/2021\/12\/primera-transmision-color-television-mexicana-1-1-1024x512-1.jpg?resize=770%2C385&amp;ssl=1 770w, https:\/\/i0.wp.com\/soclose.mx\/blog\/wp-content\/uploads\/2021\/12\/primera-transmision-color-television-mexicana-1-1-1024x512-1.jpg?resize=800%2C400&amp;ssl=1 800w\" sizes=\"(max-width: 1024px) 100vw, 1024px\" \/><figcaption id=\"caption-attachment-8275\" class=\"wp-caption-text\">Foto: Archivo General de la Naci\u00f3n<\/figcaption><\/figure>\n","protected":false},"excerpt":{"rendered":"<p>La televisi\u00f3n a color hoy se nos hace algo com\u00fan, pero fue el 21 de enero de 1963 que se realiz\u00f3 la primera transmisi\u00f3n a color en televisi\u00f3n mexicana. Esto fue gracias al ingeniero mexicano Guillermo Gonz\u00e1lez Camarena, quien desarroll\u00f3 la coloraci\u00f3n de la pantalla a trav\u00e9s de un sistema tricrom\u00e1tico secuencial de campos. El descubrimiento del sistema tricrom\u00e1tico secuencial de campos convirti\u00f3 a M\u00e9xico en el primer pa\u00eds del mundo que disfrut\u00f3 la televisi\u00f3n a todo color hace 57 a\u00f1os. La primer transmisi\u00f3n a color \u00a0fue una serie de televisi\u00f3n llamada \u201cPara\u00edso Infantil\u201d, programa elegido por el mismo Camarena,<\/p>\n","protected":false},"author":8,"featured_media":8274,"comment_status":"open","ping_status":"open","sticky":false,"template":"","format":"standard","meta":{"_jetpack_memberships_contains_paid_content":false,"footnotes":""},"categories":[1],"tags":[1666,1665],"class_list":["post-8273","post","type-post","status-publish","format-standard","has-post-thumbnail","hentry","category-ay-goeeee","tag-guillermo-gonzalez-camarena","tag-television"],"yoast_head":"<!-- This site is optimized with the Yoast SEO plugin v26.7 - https:\/\/yoast.com\/wordpress\/plugins\/seo\/ -->\n<title>As\u00ed fue la primera transmisi\u00f3n a color de la televisi\u00f3n en M\u00e9xico - So Close<\/title>\n<meta name=\"description\" content=\"El descubrimiento del sistema tricrom\u00e1tico secuencial de campos convirti\u00f3 a M\u00e9xico en el primer pa\u00eds del mundo que tuvo televisi\u00f3n a color.\" \/>\n<meta name=\"robots\" content=\"index, follow, max-snippet:-1, max-image-preview:large, max-video-preview:-1\" \/>\n<link rel=\"canonical\" href=\"https:\/\/soclose.mx\/blog\/tag\/juan-rulfo-frases-mujeres\/\" \/>\n<meta property=\"og:locale\" content=\"es_MX\" \/>\n<meta property=\"og:type\" content=\"article\" \/>\n<meta property=\"og:title\" content=\"As\u00ed fue la primera transmisi\u00f3n a color de la televisi\u00f3n en M\u00e9xico - So Close\" \/>\n<meta property=\"og:description\" content=\"El descubrimiento del sistema tricrom\u00e1tico secuencial de campos convirti\u00f3 a M\u00e9xico en el primer pa\u00eds del mundo que tuvo televisi\u00f3n a color.\" \/>\n<meta property=\"og:url\" content=\"https:\/\/soclose.mx\/blog\/tag\/juan-rulfo-frases-mujeres\/\" \/>\n<meta property=\"og:site_name\" content=\"So Close\" \/>\n<meta property=\"article:author\" content=\"www.facebook.com\/mikexever\/\" \/>\n<meta property=\"article:published_time\" content=\"2022-01-21T15:36:58+00:00\" \/>\n<meta property=\"article:modified_time\" content=\"2023-05-02T02:19:31+00:00\" \/>\n<meta property=\"og:image\" content=\"https:\/\/i0.wp.com\/soclose.mx\/blog\/wp-content\/uploads\/2021\/12\/Copia-de-Principal-So-Close-blog-6-2.png?fit=1240%2C700&ssl=1\" \/>\n\t<meta property=\"og:image:width\" content=\"1240\" \/>\n\t<meta property=\"og:image:height\" content=\"700\" \/>\n\t<meta property=\"og:image:type\" content=\"image\/png\" \/>\n<meta name=\"author\" content=\"Miguel Angel Romero\" \/>\n<meta name=\"twitter:card\" content=\"summary_large_image\" \/>\n<meta name=\"twitter:creator\" content=\"@Mikerecomienda\" \/>\n<meta name=\"twitter:label1\" content=\"Escrito por\" \/>\n\t<meta name=\"twitter:data1\" content=\"Miguel Angel Romero\" \/>\n\t<meta name=\"twitter:label2\" content=\"Tiempo de lectura\" \/>\n\t<meta name=\"twitter:data2\" content=\"1 minuto\" \/>\n<script type=\"application\/ld+json\" class=\"yoast-schema-graph\">{\"@context\":\"https:\/\/schema.org\",\"@graph\":[{\"@type\":\"Article\",\"@id\":\"https:\/\/soclose.mx\/blog\/tag\/juan-rulfo-frases-mujeres\/#article\",\"isPartOf\":{\"@id\":\"https:\/\/soclose.mx\/blog\/tag\/juan-rulfo-frases-mujeres\/\"},\"author\":{\"name\":\"Miguel Angel Romero\",\"@id\":\"https:\/\/soclose.mx\/blog\/#\/schema\/person\/cddec6ccd5d7037d286395fb411e23f1\"},\"headline\":\"As\u00ed fue la primera transmisi\u00f3n a color de la televisi\u00f3n en M\u00e9xico\",\"datePublished\":\"2022-01-21T15:36:58+00:00\",\"dateModified\":\"2023-05-02T02:19:31+00:00\",\"mainEntityOfPage\":{\"@id\":\"https:\/\/soclose.mx\/blog\/tag\/juan-rulfo-frases-mujeres\/\"},\"wordCount\":190,\"commentCount\":0,\"publisher\":{\"@id\":\"https:\/\/soclose.mx\/blog\/#organization\"},\"image\":{\"@id\":\"https:\/\/soclose.mx\/blog\/tag\/juan-rulfo-frases-mujeres\/#primaryimage\"},\"thumbnailUrl\":\"https:\/\/i0.wp.com\/soclose.mx\/blog\/wp-content\/uploads\/2021\/12\/Copia-de-Principal-So-Close-blog-6-2.png?fit=1240%2C700&ssl=1\",\"keywords\":[\"guillermo gonz\u00e1lez camarena\",\"televisi\u00f3n\"],\"articleSection\":[\"\u00a1Ay goeeee!\"],\"inLanguage\":\"es\",\"potentialAction\":[{\"@type\":\"CommentAction\",\"name\":\"Comment\",\"target\":[\"https:\/\/soclose.mx\/blog\/tag\/juan-rulfo-frases-mujeres\/#respond\"]}]},{\"@type\":\"WebPage\",\"@id\":\"https:\/\/soclose.mx\/blog\/tag\/juan-rulfo-frases-mujeres\/\",\"url\":\"https:\/\/soclose.mx\/blog\/tag\/juan-rulfo-frases-mujeres\/\",\"name\":\"As\u00ed fue la primera transmisi\u00f3n a color de la televisi\u00f3n en M\u00e9xico - So Close\",\"isPartOf\":{\"@id\":\"https:\/\/soclose.mx\/blog\/#website\"},\"primaryImageOfPage\":{\"@id\":\"https:\/\/soclose.mx\/blog\/tag\/juan-rulfo-frases-mujeres\/#primaryimage\"},\"image\":{\"@id\":\"https:\/\/soclose.mx\/blog\/tag\/juan-rulfo-frases-mujeres\/#primaryimage\"},\"thumbnailUrl\":\"https:\/\/i0.wp.com\/soclose.mx\/blog\/wp-content\/uploads\/2021\/12\/Copia-de-Principal-So-Close-blog-6-2.png?fit=1240%2C700&ssl=1\",\"datePublished\":\"2022-01-21T15:36:58+00:00\",\"dateModified\":\"2023-05-02T02:19:31+00:00\",\"description\":\"El descubrimiento del sistema tricrom\u00e1tico secuencial de campos convirti\u00f3 a M\u00e9xico en el primer pa\u00eds del mundo que tuvo televisi\u00f3n a color.\",\"breadcrumb\":{\"@id\":\"https:\/\/soclose.mx\/blog\/tag\/juan-rulfo-frases-mujeres\/#breadcrumb\"},\"inLanguage\":\"es\",\"potentialAction\":[{\"@type\":\"ReadAction\",\"target\":[\"https:\/\/soclose.mx\/blog\/tag\/juan-rulfo-frases-mujeres\/\"]}]},{\"@type\":\"ImageObject\",\"inLanguage\":\"es\",\"@id\":\"https:\/\/soclose.mx\/blog\/tag\/juan-rulfo-frases-mujeres\/#primaryimage\",\"url\":\"https:\/\/i0.wp.com\/soclose.mx\/blog\/wp-content\/uploads\/2021\/12\/Copia-de-Principal-So-Close-blog-6-2.png?fit=1240%2C700&ssl=1\",\"contentUrl\":\"https:\/\/i0.wp.com\/soclose.mx\/blog\/wp-content\/uploads\/2021\/12\/Copia-de-Principal-So-Close-blog-6-2.png?fit=1240%2C700&ssl=1\",\"width\":1240,\"height\":700},{\"@type\":\"BreadcrumbList\",\"@id\":\"https:\/\/soclose.mx\/blog\/tag\/juan-rulfo-frases-mujeres\/#breadcrumb\",\"itemListElement\":[{\"@type\":\"ListItem\",\"position\":1,\"name\":\"Inicio\",\"item\":\"https:\/\/soclose.mx\/blog\/\"},{\"@type\":\"ListItem\",\"position\":2,\"name\":\"As\u00ed fue la primera transmisi\u00f3n a color de la televisi\u00f3n en M\u00e9xico\"}]},{\"@type\":\"WebSite\",\"@id\":\"https:\/\/soclose.mx\/blog\/#website\",\"url\":\"https:\/\/soclose.mx\/blog\/\",\"name\":\"So Close\",\"description\":\"Hacemos contenidos de M\u00e9xico\",\"publisher\":{\"@id\":\"https:\/\/soclose.mx\/blog\/#organization\"},\"potentialAction\":[{\"@type\":\"SearchAction\",\"target\":{\"@type\":\"EntryPoint\",\"urlTemplate\":\"https:\/\/soclose.mx\/blog\/?s={search_term_string}\"},\"query-input\":{\"@type\":\"PropertyValueSpecification\",\"valueRequired\":true,\"valueName\":\"search_term_string\"}}],\"inLanguage\":\"es\"},{\"@type\":\"Organization\",\"@id\":\"https:\/\/soclose.mx\/blog\/#organization\",\"name\":\"So Close\",\"url\":\"https:\/\/soclose.mx\/blog\/\",\"logo\":{\"@type\":\"ImageObject\",\"inLanguage\":\"es\",\"@id\":\"https:\/\/soclose.mx\/blog\/#\/schema\/logo\/image\/\",\"url\":\"https:\/\/i0.wp.com\/soclose.mx\/blog\/wp-content\/uploads\/2020\/12\/LOGO_SOCLOSE_COLOR-e1608310133507.png?fit=2858%2C1264&ssl=1\",\"contentUrl\":\"https:\/\/i0.wp.com\/soclose.mx\/blog\/wp-content\/uploads\/2020\/12\/LOGO_SOCLOSE_COLOR-e1608310133507.png?fit=2858%2C1264&ssl=1\",\"width\":2858,\"height\":1264,\"caption\":\"So Close\"},\"image\":{\"@id\":\"https:\/\/soclose.mx\/blog\/#\/schema\/logo\/image\/\"}},{\"@type\":\"Person\",\"@id\":\"https:\/\/soclose.mx\/blog\/#\/schema\/person\/cddec6ccd5d7037d286395fb411e23f1\",\"name\":\"Miguel Angel Romero\",\"image\":{\"@type\":\"ImageObject\",\"inLanguage\":\"es\",\"@id\":\"https:\/\/soclose.mx\/blog\/#\/schema\/person\/image\/\",\"url\":\"https:\/\/secure.gravatar.com\/avatar\/45b44006b4f93497bb24d251f77bc39385015bfa120582412df580dbfcbb14f3?s=96&d=mm&r=g\",\"contentUrl\":\"https:\/\/secure.gravatar.com\/avatar\/45b44006b4f93497bb24d251f77bc39385015bfa120582412df580dbfcbb14f3?s=96&d=mm&r=g\",\"caption\":\"Miguel Angel Romero\"},\"sameAs\":[\"http:\/\/\/mikexever.blogspot.com\/\",\"www.facebook.com\/mikexever\/\",\"https:\/\/x.com\/Mikerecomienda\"],\"url\":\"https:\/\/soclose.mx\/blog\/author\/mike\/\"}]}<\/script>\n<!-- \/ Yoast SEO plugin. -->","yoast_head_json":{"title":"As\u00ed fue la primera transmisi\u00f3n a color de la televisi\u00f3n en M\u00e9xico - So Close","description":"El descubrimiento del sistema tricrom\u00e1tico secuencial de campos convirti\u00f3 a M\u00e9xico en el primer pa\u00eds del mundo que tuvo televisi\u00f3n a color.","robots":{"index":"index","follow":"follow","max-snippet":"max-snippet:-1","max-image-preview":"max-image-preview:large","max-video-preview":"max-video-preview:-1"},"canonical":"https:\/\/soclose.mx\/blog\/tag\/juan-rulfo-frases-mujeres\/","og_locale":"es_MX","og_type":"article","og_title":"As\u00ed fue la primera transmisi\u00f3n a color de la televisi\u00f3n en M\u00e9xico - So Close","og_description":"El descubrimiento del sistema tricrom\u00e1tico secuencial de campos convirti\u00f3 a M\u00e9xico en el primer pa\u00eds del mundo que tuvo televisi\u00f3n a color.","og_url":"https:\/\/soclose.mx\/blog\/tag\/juan-rulfo-frases-mujeres\/","og_site_name":"So Close","article_author":"www.facebook.com\/mikexever\/","article_published_time":"2022-01-21T15:36:58+00:00","article_modified_time":"2023-05-02T02:19:31+00:00","og_image":[{"width":1240,"height":700,"url":"https:\/\/i0.wp.com\/soclose.mx\/blog\/wp-content\/uploads\/2021\/12\/Copia-de-Principal-So-Close-blog-6-2.png?fit=1240%2C700&ssl=1","type":"image\/png"}],"author":"Miguel Angel Romero","twitter_card":"summary_large_image","twitter_creator":"@Mikerecomienda","twitter_misc":{"Escrito por":"Miguel Angel Romero","Tiempo de lectura":"1 minuto"},"schema":{"@context":"https:\/\/schema.org","@graph":[{"@type":"Article","@id":"https:\/\/soclose.mx\/blog\/tag\/juan-rulfo-frases-mujeres\/#article","isPartOf":{"@id":"https:\/\/soclose.mx\/blog\/tag\/juan-rulfo-frases-mujeres\/"},"author":{"name":"Miguel Angel Romero","@id":"https:\/\/soclose.mx\/blog\/#\/schema\/person\/cddec6ccd5d7037d286395fb411e23f1"},"headline":"As\u00ed fue la primera transmisi\u00f3n a color de la televisi\u00f3n en M\u00e9xico","datePublished":"2022-01-21T15:36:58+00:00","dateModified":"2023-05-02T02:19:31+00:00","mainEntityOfPage":{"@id":"https:\/\/soclose.mx\/blog\/tag\/juan-rulfo-frases-mujeres\/"},"wordCount":190,"commentCount":0,"publisher":{"@id":"https:\/\/soclose.mx\/blog\/#organization"},"image":{"@id":"https:\/\/soclose.mx\/blog\/tag\/juan-rulfo-frases-mujeres\/#primaryimage"},"thumbnailUrl":"https:\/\/i0.wp.com\/soclose.mx\/blog\/wp-content\/uploads\/2021\/12\/Copia-de-Principal-So-Close-blog-6-2.png?fit=1240%2C700&ssl=1","keywords":["guillermo gonz\u00e1lez camarena","televisi\u00f3n"],"articleSection":["\u00a1Ay goeeee!"],"inLanguage":"es","potentialAction":[{"@type":"CommentAction","name":"Comment","target":["https:\/\/soclose.mx\/blog\/tag\/juan-rulfo-frases-mujeres\/#respond"]}]},{"@type":"WebPage","@id":"https:\/\/soclose.mx\/blog\/tag\/juan-rulfo-frases-mujeres\/","url":"https:\/\/soclose.mx\/blog\/tag\/juan-rulfo-frases-mujeres\/","name":"As\u00ed fue la primera transmisi\u00f3n a color de la televisi\u00f3n en M\u00e9xico - So Close","isPartOf":{"@id":"https:\/\/soclose.mx\/blog\/#website"},"primaryImageOfPage":{"@id":"https:\/\/soclose.mx\/blog\/tag\/juan-rulfo-frases-mujeres\/#primaryimage"},"image":{"@id":"https:\/\/soclose.mx\/blog\/tag\/juan-rulfo-frases-mujeres\/#primaryimage"},"thumbnailUrl":"https:\/\/i0.wp.com\/soclose.mx\/blog\/wp-content\/uploads\/2021\/12\/Copia-de-Principal-So-Close-blog-6-2.png?fit=1240%2C700&ssl=1","datePublished":"2022-01-21T15:36:58+00:00","dateModified":"2023-05-02T02:19:31+00:00","description":"El descubrimiento del sistema tricrom\u00e1tico secuencial de campos convirti\u00f3 a M\u00e9xico en el primer pa\u00eds del mundo que tuvo televisi\u00f3n a color.","breadcrumb":{"@id":"https:\/\/soclose.mx\/blog\/tag\/juan-rulfo-frases-mujeres\/#breadcrumb"},"inLanguage":"es","potentialAction":[{"@type":"ReadAction","target":["https:\/\/soclose.mx\/blog\/tag\/juan-rulfo-frases-mujeres\/"]}]},{"@type":"ImageObject","inLanguage":"es","@id":"https:\/\/soclose.mx\/blog\/tag\/juan-rulfo-frases-mujeres\/#primaryimage","url":"https:\/\/i0.wp.com\/soclose.mx\/blog\/wp-content\/uploads\/2021\/12\/Copia-de-Principal-So-Close-blog-6-2.png?fit=1240%2C700&ssl=1","contentUrl":"https:\/\/i0.wp.com\/soclose.mx\/blog\/wp-content\/uploads\/2021\/12\/Copia-de-Principal-So-Close-blog-6-2.png?fit=1240%2C700&ssl=1","width":1240,"height":700},{"@type":"BreadcrumbList","@id":"https:\/\/soclose.mx\/blog\/tag\/juan-rulfo-frases-mujeres\/#breadcrumb","itemListElement":[{"@type":"ListItem","position":1,"name":"Inicio","item":"https:\/\/soclose.mx\/blog\/"},{"@type":"ListItem","position":2,"name":"As\u00ed fue la primera transmisi\u00f3n a color de la televisi\u00f3n en M\u00e9xico"}]},{"@type":"WebSite","@id":"https:\/\/soclose.mx\/blog\/#website","url":"https:\/\/soclose.mx\/blog\/","name":"So Close","description":"Hacemos contenidos de M\u00e9xico","publisher":{"@id":"https:\/\/soclose.mx\/blog\/#organization"},"potentialAction":[{"@type":"SearchAction","target":{"@type":"EntryPoint","urlTemplate":"https:\/\/soclose.mx\/blog\/?s={search_term_string}"},"query-input":{"@type":"PropertyValueSpecification","valueRequired":true,"valueName":"search_term_string"}}],"inLanguage":"es"},{"@type":"Organization","@id":"https:\/\/soclose.mx\/blog\/#organization","name":"So Close","url":"https:\/\/soclose.mx\/blog\/","logo":{"@type":"ImageObject","inLanguage":"es","@id":"https:\/\/soclose.mx\/blog\/#\/schema\/logo\/image\/","url":"https:\/\/i0.wp.com\/soclose.mx\/blog\/wp-content\/uploads\/2020\/12\/LOGO_SOCLOSE_COLOR-e1608310133507.png?fit=2858%2C1264&ssl=1","contentUrl":"https:\/\/i0.wp.com\/soclose.mx\/blog\/wp-content\/uploads\/2020\/12\/LOGO_SOCLOSE_COLOR-e1608310133507.png?fit=2858%2C1264&ssl=1","width":2858,"height":1264,"caption":"So Close"},"image":{"@id":"https:\/\/soclose.mx\/blog\/#\/schema\/logo\/image\/"}},{"@type":"Person","@id":"https:\/\/soclose.mx\/blog\/#\/schema\/person\/cddec6ccd5d7037d286395fb411e23f1","name":"Miguel Angel Romero","image":{"@type":"ImageObject","inLanguage":"es","@id":"https:\/\/soclose.mx\/blog\/#\/schema\/person\/image\/","url":"https:\/\/secure.gravatar.com\/avatar\/45b44006b4f93497bb24d251f77bc39385015bfa120582412df580dbfcbb14f3?s=96&d=mm&r=g","contentUrl":"https:\/\/secure.gravatar.com\/avatar\/45b44006b4f93497bb24d251f77bc39385015bfa120582412df580dbfcbb14f3?s=96&d=mm&r=g","caption":"Miguel Angel Romero"},"sameAs":["http:\/\/\/mikexever.blogspot.com\/","www.facebook.com\/mikexever\/","https:\/\/x.com\/Mikerecomienda"],"url":"https:\/\/soclose.mx\/blog\/author\/mike\/"}]}},"jetpack_featured_media_url":"https:\/\/i0.wp.com\/soclose.mx\/blog\/wp-content\/uploads\/2021\/12\/Copia-de-Principal-So-Close-blog-6-2.png?fit=1240%2C700&ssl=1","jetpack-related-posts":[{"id":8215,"url":"https:\/\/soclose.mx\/blog\/ay-goeeee\/quien-es-la-mujer-de-los-libros-de-la-sep-victoria-dorantes\/","url_meta":{"origin":8273,"position":0},"title":"\u00bfQui\u00e9n es la mujer de los libros de la SEP, Victoria Dorantes?","author":"Miguel Angel Romero","date":"8 enero, 2022","format":false,"excerpt":"En la d\u00e9cada de los 60 apareci\u00f3 en los\u00a0libros de texto gratuitos la imagen de una mujer de rasgos ind\u00edgenas cubierta s\u00f3lo por una ce\u00f1ida t\u00fanica blanca que dejaba ver su prodigiosa figura: Victoria Dorantes. An\u00f3nimamente ella se fue convirtiendo en el s\u00edmbolo cl\u00e1sico de la patria. Ten\u00eda s\u00f3lo 18\u2026","rel":"","context":"En &quot;\u00a1Ay goeeee!&quot;","block_context":{"text":"\u00a1Ay goeeee!","link":"https:\/\/soclose.mx\/blog\/category\/ay-goeeee\/"},"img":{"alt_text":"","src":"https:\/\/i0.wp.com\/soclose.mx\/blog\/wp-content\/uploads\/2021\/12\/Copia-de-Principal-So-Close-blog-2-9.png?fit=1200%2C677&ssl=1&resize=350%2C200","width":350,"height":200,"srcset":"https:\/\/i0.wp.com\/soclose.mx\/blog\/wp-content\/uploads\/2021\/12\/Copia-de-Principal-So-Close-blog-2-9.png?fit=1200%2C677&ssl=1&resize=350%2C200 1x, https:\/\/i0.wp.com\/soclose.mx\/blog\/wp-content\/uploads\/2021\/12\/Copia-de-Principal-So-Close-blog-2-9.png?fit=1200%2C677&ssl=1&resize=525%2C300 1.5x, https:\/\/i0.wp.com\/soclose.mx\/blog\/wp-content\/uploads\/2021\/12\/Copia-de-Principal-So-Close-blog-2-9.png?fit=1200%2C677&ssl=1&resize=700%2C400 2x, https:\/\/i0.wp.com\/soclose.mx\/blog\/wp-content\/uploads\/2021\/12\/Copia-de-Principal-So-Close-blog-2-9.png?fit=1200%2C677&ssl=1&resize=1050%2C600 3x"},"classes":[]},{"id":13130,"url":"https:\/\/soclose.mx\/blog\/seleccion-mexicana\/los-momentos-mas-polemicos-de-las-olimpiadas-mexico-1968\/","url_meta":{"origin":8273,"position":1},"title":"Los momentos m\u00e1s pol\u00e9micos de las Olimpiadas M\u00e9xico 1968","author":"Emmanuel Oviedo","date":"19 febrero, 2024","format":false,"excerpt":"Las Olimpiadas de M\u00e9xico 1968 rompieron grandes expectativas pero, al mismo tiempo, se realizaron en medio de muchas pol\u00e9micas. Ya sea dentro de nuestro pa\u00eds o a nivel internacional, las Olimpiadas son ocasi\u00f3n de ilusiones deportivas y problem\u00e1ticas sociales, ya que es el lugar donde todos los pa\u00edses pueden reunirse,\u2026","rel":"","context":"En &quot;\u00a1Ay goeeee!&quot;","block_context":{"text":"\u00a1Ay goeeee!","link":"https:\/\/soclose.mx\/blog\/category\/ay-goeeee\/"},"img":{"alt_text":"Black power olimpiadas","src":"https:\/\/i0.wp.com\/soclose.mx\/blog\/wp-content\/uploads\/2024\/01\/Black-power-olimpiadas.jpg?fit=640%2C640&ssl=1&resize=350%2C200","width":350,"height":200,"srcset":"https:\/\/i0.wp.com\/soclose.mx\/blog\/wp-content\/uploads\/2024\/01\/Black-power-olimpiadas.jpg?fit=640%2C640&ssl=1&resize=350%2C200 1x, https:\/\/i0.wp.com\/soclose.mx\/blog\/wp-content\/uploads\/2024\/01\/Black-power-olimpiadas.jpg?fit=640%2C640&ssl=1&resize=525%2C300 1.5x"},"classes":[]},{"id":14729,"url":"https:\/\/soclose.mx\/blog\/news-feed\/llega-el-canal-de-television-de-jaime-maussan-algo-nunca-antes-visto\/","url_meta":{"origin":8273,"position":2},"title":"Llega el canal de televisi\u00f3n de Jaime Maussan, algo nunca antes visto","author":"So Close","date":"4 marzo, 2025","format":false,"excerpt":"El 30 de marzo de 2025 marca el inicio de una nueva era en la televisi\u00f3n mexicana con el lanzamiento del canal de televisi\u00f3n de Jaime Maussan: Maussan Televisi\u00f3n, un canal innovador que promete revelar secretos extraterrestres y abordar temas de gran relevancia social y cient\u00edfica. Este proyecto, liderado por\u2026","rel":"","context":"En &quot;News feed&quot;","block_context":{"text":"News feed","link":"https:\/\/soclose.mx\/blog\/category\/news-feed\/"},"img":{"alt_text":"Jaime Maussan","src":"https:\/\/i0.wp.com\/soclose.mx\/blog\/wp-content\/uploads\/2025\/03\/Jaime-Maussan.jpg?fit=1200%2C675&ssl=1&resize=350%2C200","width":350,"height":200,"srcset":"https:\/\/i0.wp.com\/soclose.mx\/blog\/wp-content\/uploads\/2025\/03\/Jaime-Maussan.jpg?fit=1200%2C675&ssl=1&resize=350%2C200 1x, https:\/\/i0.wp.com\/soclose.mx\/blog\/wp-content\/uploads\/2025\/03\/Jaime-Maussan.jpg?fit=1200%2C675&ssl=1&resize=525%2C300 1.5x, https:\/\/i0.wp.com\/soclose.mx\/blog\/wp-content\/uploads\/2025\/03\/Jaime-Maussan.jpg?fit=1200%2C675&ssl=1&resize=700%2C400 2x, https:\/\/i0.wp.com\/soclose.mx\/blog\/wp-content\/uploads\/2025\/03\/Jaime-Maussan.jpg?fit=1200%2C675&ssl=1&resize=1050%2C600 3x"},"classes":[]},{"id":10443,"url":"https:\/\/soclose.mx\/blog\/a-la-mexicana\/quien-era-fernando-del-solar-el-argentino-mas-mexicano-de-la-television\/","url_meta":{"origin":8273,"position":3},"title":"\u00bfQui\u00e9n era Fernando del Solar, el argentino m\u00e1s mexicano de la televisi\u00f3n?","author":"Daniel Ram\u00edrez","date":"30 junio, 2022","format":false,"excerpt":"Fernando del Solar, uno de los conductores de televisi\u00f3n m\u00e1s carism\u00e1ticos y queridos, falleci\u00f3 un 30 de junio, luego de varios a\u00f1os de lucha contra el c\u00e1ncer. Te dejamos algunos datos del nacido en Argentina, pero mexicano por adopci\u00f3n. Cruz Azul. Cada que pod\u00eda, demostraba su amor por el equipo\u2026","rel":"","context":"En &quot;A la mexicana&quot;","block_context":{"text":"A la mexicana","link":"https:\/\/soclose.mx\/blog\/category\/a-la-mexicana\/"},"img":{"alt_text":"","src":"https:\/\/i0.wp.com\/soclose.mx\/blog\/wp-content\/uploads\/2022\/06\/Captura-de-Pantalla-2022-06-30-a-las-20.14.41.png?fit=1155%2C739&ssl=1&resize=350%2C200","width":350,"height":200,"srcset":"https:\/\/i0.wp.com\/soclose.mx\/blog\/wp-content\/uploads\/2022\/06\/Captura-de-Pantalla-2022-06-30-a-las-20.14.41.png?fit=1155%2C739&ssl=1&resize=350%2C200 1x, https:\/\/i0.wp.com\/soclose.mx\/blog\/wp-content\/uploads\/2022\/06\/Captura-de-Pantalla-2022-06-30-a-las-20.14.41.png?fit=1155%2C739&ssl=1&resize=525%2C300 1.5x, https:\/\/i0.wp.com\/soclose.mx\/blog\/wp-content\/uploads\/2022\/06\/Captura-de-Pantalla-2022-06-30-a-las-20.14.41.png?fit=1155%2C739&ssl=1&resize=700%2C400 2x, https:\/\/i0.wp.com\/soclose.mx\/blog\/wp-content\/uploads\/2022\/06\/Captura-de-Pantalla-2022-06-30-a-las-20.14.41.png?fit=1155%2C739&ssl=1&resize=1050%2C600 3x"},"classes":[]},{"id":14832,"url":"https:\/\/soclose.mx\/blog\/news-feed\/donde-ver-la-final-de-la-liga-mx-clausura-2025-desde-mexico-y-estados-unidos\/","url_meta":{"origin":8273,"position":4},"title":"D\u00f3nde ver la final de la Liga MX Clausura 2025 desde M\u00e9xico y Estados Unidos","author":"So Close","date":"19 mayo, 2025","format":false,"excerpt":"La gran final del Torneo Clausura 2025 de la Liga MX ya est\u00e1 lista para disputarse entre Toluca y Am\u00e9rica, dos de los equipos m\u00e1s emblem\u00e1ticos del f\u00fatbol mexicano. Si quieres saber d\u00f3nde ver la final de la Liga MX Clausura 2025 desde M\u00e9xico o Estados Unidos, aqu\u00ed te contamos\u2026","rel":"","context":"En &quot;News feed&quot;","block_context":{"text":"News feed","link":"https:\/\/soclose.mx\/blog\/category\/news-feed\/"},"img":{"alt_text":"Bal\u00f3n de futbol","src":"https:\/\/i0.wp.com\/soclose.mx\/blog\/wp-content\/uploads\/2025\/05\/Balon-de-futbol.jpg?fit=1200%2C675&ssl=1&resize=350%2C200","width":350,"height":200,"srcset":"https:\/\/i0.wp.com\/soclose.mx\/blog\/wp-content\/uploads\/2025\/05\/Balon-de-futbol.jpg?fit=1200%2C675&ssl=1&resize=350%2C200 1x, https:\/\/i0.wp.com\/soclose.mx\/blog\/wp-content\/uploads\/2025\/05\/Balon-de-futbol.jpg?fit=1200%2C675&ssl=1&resize=525%2C300 1.5x, https:\/\/i0.wp.com\/soclose.mx\/blog\/wp-content\/uploads\/2025\/05\/Balon-de-futbol.jpg?fit=1200%2C675&ssl=1&resize=700%2C400 2x, https:\/\/i0.wp.com\/soclose.mx\/blog\/wp-content\/uploads\/2025\/05\/Balon-de-futbol.jpg?fit=1200%2C675&ssl=1&resize=1050%2C600 3x"},"classes":[]},{"id":9680,"url":"https:\/\/soclose.mx\/blog\/para-todos\/ella-es-la-pianista-mexicana-que-conquisto-el-royal-albert-hall\/","url_meta":{"origin":8273,"position":5},"title":"Ella es la pianista mexicana que conquist\u00f3 el Royal Albert Hall","author":"Miguel Angel Romero","date":"29 abril, 2022","format":false,"excerpt":"Mar\u00eda Hanneman, la pianista que a sus 16 a\u00f1os se ha presentado en grandes salas de concierto como el Palacio de Bellas Artes\u00a0y el\u00a0Carnegie Hall, en\u00a0Nueva York, debut\u00f3 el Royal Albert Hall de Londres. En febrero de 2021 gan\u00f3 el primer lugar en la\u00a0Grand Prize Virtuoso International Music Competition de\u2026","rel":"","context":"En &quot;Para todos&quot;","block_context":{"text":"Para todos","link":"https:\/\/soclose.mx\/blog\/category\/para-todos\/"},"img":{"alt_text":"","src":"https:\/\/i0.wp.com\/soclose.mx\/blog\/wp-content\/uploads\/2022\/04\/Copia-de-Principal-So-Close-blog-3-3.png?fit=1200%2C677&ssl=1&resize=350%2C200","width":350,"height":200,"srcset":"https:\/\/i0.wp.com\/soclose.mx\/blog\/wp-content\/uploads\/2022\/04\/Copia-de-Principal-So-Close-blog-3-3.png?fit=1200%2C677&ssl=1&resize=350%2C200 1x, https:\/\/i0.wp.com\/soclose.mx\/blog\/wp-content\/uploads\/2022\/04\/Copia-de-Principal-So-Close-blog-3-3.png?fit=1200%2C677&ssl=1&resize=525%2C300 1.5x, https:\/\/i0.wp.com\/soclose.mx\/blog\/wp-content\/uploads\/2022\/04\/Copia-de-Principal-So-Close-blog-3-3.png?fit=1200%2C677&ssl=1&resize=700%2C400 2x, https:\/\/i0.wp.com\/soclose.mx\/blog\/wp-content\/uploads\/2022\/04\/Copia-de-Principal-So-Close-blog-3-3.png?fit=1200%2C677&ssl=1&resize=1050%2C600 3x"},"classes":[]}],"jetpack_sharing_enabled":true,"_links":{"self":[{"href":"https:\/\/soclose.mx\/blog\/wp-json\/wp\/v2\/posts\/8273","targetHints":{"allow":["GET"]}}],"collection":[{"href":"https:\/\/soclose.mx\/blog\/wp-json\/wp\/v2\/posts"}],"about":[{"href":"https:\/\/soclose.mx\/blog\/wp-json\/wp\/v2\/types\/post"}],"author":[{"embeddable":true,"href":"https:\/\/soclose.mx\/blog\/wp-json\/wp\/v2\/users\/8"}],"replies":[{"embeddable":true,"href":"https:\/\/soclose.mx\/blog\/wp-json\/wp\/v2\/comments?post=8273"}],"version-history":[{"count":0,"href":"https:\/\/soclose.mx\/blog\/wp-json\/wp\/v2\/posts\/8273\/revisions"}],"wp:featuredmedia":[{"embeddable":true,"href":"https:\/\/soclose.mx\/blog\/wp-json\/wp\/v2\/media\/8274"}],"wp:attachment":[{"href":"https:\/\/soclose.mx\/blog\/wp-json\/wp\/v2\/media?parent=8273"}],"wp:term":[{"taxonomy":"category","embeddable":true,"href":"https:\/\/soclose.mx\/blog\/wp-json\/wp\/v2\/categories?post=8273"},{"taxonomy":"post_tag","embeddable":true,"href":"https:\/\/soclose.mx\/blog\/wp-json\/wp\/v2\/tags?post=8273"}],"curies":[{"name":"wp","href":"https:\/\/api.w.org\/{rel}","templated":true}]}}