{"id":8420,"date":"2022-01-20T09:07:52","date_gmt":"2022-01-20T15:07:52","guid":{"rendered":"https:\/\/soclose.mx\/blog\/?p=8420"},"modified":"2022-01-08T00:03:42","modified_gmt":"2022-01-08T06:03:42","slug":"conoce-el-origen-de-la-frase-el-que-quiere-azul-celeste","status":"publish","type":"post","link":"https:\/\/soclose.mx\/blog\/ay-goeeee\/conoce-el-origen-de-la-frase-el-que-quiere-azul-celeste\/","title":{"rendered":"Conoce el origen de la frase \u201cEl que quiere azul celeste&#8230;\u201d"},"content":{"rendered":"<p>Seguramente en alguna ocasi\u00f3n has dicho o escuchado la <a href=\"https:\/\/soclose.mx\/blog\/?s=PALABRAS\" target=\"_blank\" rel=\"noopener\">frase<\/a> <strong style=\"font-size: 14px; font-family: 'PT Serif', serif;\">\u201cEl que quiere azul celeste, que le <\/strong><strong>cueste\u201d<\/strong>, pero sabes cu\u00e1l es su origen.<\/p>\n<p class=\"content_note\">Se cree que desde <strong>Europa<\/strong> lleg\u00f3 a nuestro pa\u00eds durante el Virreinato\u00a0y se ha mantenido vigente para quienes quieren referirse\u00a0al esfuerzo que implica conseguir ciertos objetivos.<\/p>\n<p class=\"content_note\">Este dicho se refiere al trabajo tan minucioso que implica volver clara la tonalidad intensa del <strong>lapisl\u00e1zuli, <\/strong>una gema muy utilizada en la escultura y las artesan\u00edas en Occidente, en especial Europa y \u00c1frica, desde donde seguramente lleg\u00f3 a Espa\u00f1a y de ah\u00ed a M\u00e9xico.<\/p>\n<p>Durante la antig\u00fcedad, esta gema preciosa lleg\u00f3 a tener\u00a0<strong>un alto costo, m\u00e1s incluso que el oro, debido a la dificultad para extraerla y llevarla a otros pa\u00edses.<\/strong><\/p>\n<p>El color natural de la gema es azul marino y para poder<strong>\u00a0lograr el \u201cceleste\u201d<\/strong> \u2014nombre con el que en otras latitudes de habla hispana (como Espa\u00f1a) se conoce el tono color cielo del azul\u2014 demandaba un esfuerzo extra al mezclarlo.<\/p>\n","protected":false},"excerpt":{"rendered":"<p>Seguramente en alguna ocasi\u00f3n has dicho o escuchado la frase \u201cEl que quiere azul celeste, que le cueste\u201d, pero sabes cu\u00e1l es su origen. Se cree que desde Europa lleg\u00f3 a nuestro pa\u00eds durante el Virreinato\u00a0y se ha mantenido vigente para quienes quieren referirse\u00a0al esfuerzo que implica conseguir ciertos objetivos. Este dicho se refiere al trabajo tan minucioso que implica volver clara la tonalidad intensa del lapisl\u00e1zuli, una gema muy utilizada en la escultura y las artesan\u00edas en Occidente, en especial Europa y \u00c1frica, desde donde seguramente lleg\u00f3 a Espa\u00f1a y de ah\u00ed a M\u00e9xico. Durante la antig\u00fcedad, esta gema<\/p>\n","protected":false},"author":8,"featured_media":8422,"comment_status":"open","ping_status":"open","sticky":false,"template":"","format":"standard","meta":{"_jetpack_memberships_contains_paid_content":false,"footnotes":""},"categories":[1],"tags":[1508,1524],"class_list":["post-8420","post","type-post","status-publish","format-standard","has-post-thumbnail","hentry","category-ay-goeeee","tag-frase","tag-palabras"],"yoast_head":"<!-- This site is optimized with the Yoast SEO plugin v26.7 - https:\/\/yoast.com\/wordpress\/plugins\/seo\/ -->\n<title>Conoce el origen de la frase \u201cEl que quiere azul celeste...\u201d - So Close<\/title>\n<meta name=\"description\" content=\"Se cree que desde Europa lleg\u00f3 a nuestro pa\u00eds durante el Virreinato\u00a0y se ha mantenido vigente en nuestro pa\u00eds.\" \/>\n<meta name=\"robots\" content=\"index, follow, max-snippet:-1, max-image-preview:large, max-video-preview:-1\" \/>\n<link rel=\"canonical\" href=\"https:\/\/soclose.mx\/blog\/tag\/juan-rulfo-frases-mujeres\/\" \/>\n<meta property=\"og:locale\" content=\"es_MX\" \/>\n<meta property=\"og:type\" content=\"article\" \/>\n<meta property=\"og:title\" content=\"Conoce el origen de la frase \u201cEl que quiere azul celeste...\u201d - So Close\" \/>\n<meta property=\"og:description\" content=\"Se cree que desde Europa lleg\u00f3 a nuestro pa\u00eds durante el Virreinato\u00a0y se ha mantenido vigente en nuestro pa\u00eds.\" \/>\n<meta property=\"og:url\" content=\"https:\/\/soclose.mx\/blog\/tag\/juan-rulfo-frases-mujeres\/\" \/>\n<meta property=\"og:site_name\" content=\"So Close\" \/>\n<meta property=\"article:author\" content=\"www.facebook.com\/mikexever\/\" \/>\n<meta property=\"article:published_time\" content=\"2022-01-20T15:07:52+00:00\" \/>\n<meta property=\"og:image\" content=\"https:\/\/i0.wp.com\/soclose.mx\/blog\/wp-content\/uploads\/2022\/01\/Copia-de-Principal-So-Close-blog-2-5.png?fit=1240%2C700&ssl=1\" \/>\n\t<meta property=\"og:image:width\" content=\"1240\" \/>\n\t<meta property=\"og:image:height\" content=\"700\" \/>\n\t<meta property=\"og:image:type\" content=\"image\/png\" \/>\n<meta name=\"author\" content=\"Miguel Angel Romero\" \/>\n<meta name=\"twitter:card\" content=\"summary_large_image\" \/>\n<meta name=\"twitter:creator\" content=\"@Mikerecomienda\" \/>\n<meta name=\"twitter:label1\" content=\"Escrito por\" \/>\n\t<meta name=\"twitter:data1\" content=\"Miguel Angel Romero\" \/>\n\t<meta name=\"twitter:label2\" content=\"Tiempo de lectura\" \/>\n\t<meta name=\"twitter:data2\" content=\"1 minuto\" \/>\n<script type=\"application\/ld+json\" class=\"yoast-schema-graph\">{\"@context\":\"https:\/\/schema.org\",\"@graph\":[{\"@type\":\"Article\",\"@id\":\"https:\/\/soclose.mx\/blog\/tag\/juan-rulfo-frases-mujeres\/#article\",\"isPartOf\":{\"@id\":\"https:\/\/soclose.mx\/blog\/tag\/juan-rulfo-frases-mujeres\/\"},\"author\":{\"name\":\"Miguel Angel Romero\",\"@id\":\"https:\/\/soclose.mx\/blog\/#\/schema\/person\/cddec6ccd5d7037d286395fb411e23f1\"},\"headline\":\"Conoce el origen de la frase \u201cEl que quiere azul celeste&#8230;\u201d\",\"datePublished\":\"2022-01-20T15:07:52+00:00\",\"mainEntityOfPage\":{\"@id\":\"https:\/\/soclose.mx\/blog\/tag\/juan-rulfo-frases-mujeres\/\"},\"wordCount\":188,\"commentCount\":0,\"publisher\":{\"@id\":\"https:\/\/soclose.mx\/blog\/#organization\"},\"image\":{\"@id\":\"https:\/\/soclose.mx\/blog\/tag\/juan-rulfo-frases-mujeres\/#primaryimage\"},\"thumbnailUrl\":\"https:\/\/i0.wp.com\/soclose.mx\/blog\/wp-content\/uploads\/2022\/01\/Copia-de-Principal-So-Close-blog-2-5.png?fit=1240%2C700&ssl=1\",\"keywords\":[\"frase\",\"palabras\"],\"articleSection\":[\"\u00a1Ay goeeee!\"],\"inLanguage\":\"es\",\"potentialAction\":[{\"@type\":\"CommentAction\",\"name\":\"Comment\",\"target\":[\"https:\/\/soclose.mx\/blog\/tag\/juan-rulfo-frases-mujeres\/#respond\"]}]},{\"@type\":\"WebPage\",\"@id\":\"https:\/\/soclose.mx\/blog\/tag\/juan-rulfo-frases-mujeres\/\",\"url\":\"https:\/\/soclose.mx\/blog\/tag\/juan-rulfo-frases-mujeres\/\",\"name\":\"Conoce el origen de la frase \u201cEl que quiere azul celeste...\u201d - So Close\",\"isPartOf\":{\"@id\":\"https:\/\/soclose.mx\/blog\/#website\"},\"primaryImageOfPage\":{\"@id\":\"https:\/\/soclose.mx\/blog\/tag\/juan-rulfo-frases-mujeres\/#primaryimage\"},\"image\":{\"@id\":\"https:\/\/soclose.mx\/blog\/tag\/juan-rulfo-frases-mujeres\/#primaryimage\"},\"thumbnailUrl\":\"https:\/\/i0.wp.com\/soclose.mx\/blog\/wp-content\/uploads\/2022\/01\/Copia-de-Principal-So-Close-blog-2-5.png?fit=1240%2C700&ssl=1\",\"datePublished\":\"2022-01-20T15:07:52+00:00\",\"description\":\"Se cree que desde Europa lleg\u00f3 a nuestro pa\u00eds durante el Virreinato\u00a0y se ha mantenido vigente en nuestro pa\u00eds.\",\"breadcrumb\":{\"@id\":\"https:\/\/soclose.mx\/blog\/tag\/juan-rulfo-frases-mujeres\/#breadcrumb\"},\"inLanguage\":\"es\",\"potentialAction\":[{\"@type\":\"ReadAction\",\"target\":[\"https:\/\/soclose.mx\/blog\/tag\/juan-rulfo-frases-mujeres\/\"]}]},{\"@type\":\"ImageObject\",\"inLanguage\":\"es\",\"@id\":\"https:\/\/soclose.mx\/blog\/tag\/juan-rulfo-frases-mujeres\/#primaryimage\",\"url\":\"https:\/\/i0.wp.com\/soclose.mx\/blog\/wp-content\/uploads\/2022\/01\/Copia-de-Principal-So-Close-blog-2-5.png?fit=1240%2C700&ssl=1\",\"contentUrl\":\"https:\/\/i0.wp.com\/soclose.mx\/blog\/wp-content\/uploads\/2022\/01\/Copia-de-Principal-So-Close-blog-2-5.png?fit=1240%2C700&ssl=1\",\"width\":1240,\"height\":700},{\"@type\":\"BreadcrumbList\",\"@id\":\"https:\/\/soclose.mx\/blog\/tag\/juan-rulfo-frases-mujeres\/#breadcrumb\",\"itemListElement\":[{\"@type\":\"ListItem\",\"position\":1,\"name\":\"Inicio\",\"item\":\"https:\/\/soclose.mx\/blog\/\"},{\"@type\":\"ListItem\",\"position\":2,\"name\":\"Conoce el origen de la frase \u201cEl que quiere azul celeste&#8230;\u201d\"}]},{\"@type\":\"WebSite\",\"@id\":\"https:\/\/soclose.mx\/blog\/#website\",\"url\":\"https:\/\/soclose.mx\/blog\/\",\"name\":\"So Close\",\"description\":\"Hacemos contenidos de M\u00e9xico\",\"publisher\":{\"@id\":\"https:\/\/soclose.mx\/blog\/#organization\"},\"potentialAction\":[{\"@type\":\"SearchAction\",\"target\":{\"@type\":\"EntryPoint\",\"urlTemplate\":\"https:\/\/soclose.mx\/blog\/?s={search_term_string}\"},\"query-input\":{\"@type\":\"PropertyValueSpecification\",\"valueRequired\":true,\"valueName\":\"search_term_string\"}}],\"inLanguage\":\"es\"},{\"@type\":\"Organization\",\"@id\":\"https:\/\/soclose.mx\/blog\/#organization\",\"name\":\"So Close\",\"url\":\"https:\/\/soclose.mx\/blog\/\",\"logo\":{\"@type\":\"ImageObject\",\"inLanguage\":\"es\",\"@id\":\"https:\/\/soclose.mx\/blog\/#\/schema\/logo\/image\/\",\"url\":\"https:\/\/i0.wp.com\/soclose.mx\/blog\/wp-content\/uploads\/2020\/12\/LOGO_SOCLOSE_COLOR-e1608310133507.png?fit=2858%2C1264&ssl=1\",\"contentUrl\":\"https:\/\/i0.wp.com\/soclose.mx\/blog\/wp-content\/uploads\/2020\/12\/LOGO_SOCLOSE_COLOR-e1608310133507.png?fit=2858%2C1264&ssl=1\",\"width\":2858,\"height\":1264,\"caption\":\"So Close\"},\"image\":{\"@id\":\"https:\/\/soclose.mx\/blog\/#\/schema\/logo\/image\/\"}},{\"@type\":\"Person\",\"@id\":\"https:\/\/soclose.mx\/blog\/#\/schema\/person\/cddec6ccd5d7037d286395fb411e23f1\",\"name\":\"Miguel Angel Romero\",\"image\":{\"@type\":\"ImageObject\",\"inLanguage\":\"es\",\"@id\":\"https:\/\/soclose.mx\/blog\/#\/schema\/person\/image\/\",\"url\":\"https:\/\/secure.gravatar.com\/avatar\/45b44006b4f93497bb24d251f77bc39385015bfa120582412df580dbfcbb14f3?s=96&d=mm&r=g\",\"contentUrl\":\"https:\/\/secure.gravatar.com\/avatar\/45b44006b4f93497bb24d251f77bc39385015bfa120582412df580dbfcbb14f3?s=96&d=mm&r=g\",\"caption\":\"Miguel Angel Romero\"},\"sameAs\":[\"http:\/\/\/mikexever.blogspot.com\/\",\"www.facebook.com\/mikexever\/\",\"https:\/\/x.com\/Mikerecomienda\"],\"url\":\"https:\/\/soclose.mx\/blog\/author\/mike\/\"}]}<\/script>\n<!-- \/ Yoast SEO plugin. -->","yoast_head_json":{"title":"Conoce el origen de la frase \u201cEl que quiere azul celeste...\u201d - So Close","description":"Se cree que desde Europa lleg\u00f3 a nuestro pa\u00eds durante el Virreinato\u00a0y se ha mantenido vigente en nuestro pa\u00eds.","robots":{"index":"index","follow":"follow","max-snippet":"max-snippet:-1","max-image-preview":"max-image-preview:large","max-video-preview":"max-video-preview:-1"},"canonical":"https:\/\/soclose.mx\/blog\/tag\/juan-rulfo-frases-mujeres\/","og_locale":"es_MX","og_type":"article","og_title":"Conoce el origen de la frase \u201cEl que quiere azul celeste...\u201d - So Close","og_description":"Se cree que desde Europa lleg\u00f3 a nuestro pa\u00eds durante el Virreinato\u00a0y se ha mantenido vigente en nuestro pa\u00eds.","og_url":"https:\/\/soclose.mx\/blog\/tag\/juan-rulfo-frases-mujeres\/","og_site_name":"So Close","article_author":"www.facebook.com\/mikexever\/","article_published_time":"2022-01-20T15:07:52+00:00","og_image":[{"width":1240,"height":700,"url":"https:\/\/i0.wp.com\/soclose.mx\/blog\/wp-content\/uploads\/2022\/01\/Copia-de-Principal-So-Close-blog-2-5.png?fit=1240%2C700&ssl=1","type":"image\/png"}],"author":"Miguel Angel Romero","twitter_card":"summary_large_image","twitter_creator":"@Mikerecomienda","twitter_misc":{"Escrito por":"Miguel Angel Romero","Tiempo de lectura":"1 minuto"},"schema":{"@context":"https:\/\/schema.org","@graph":[{"@type":"Article","@id":"https:\/\/soclose.mx\/blog\/tag\/juan-rulfo-frases-mujeres\/#article","isPartOf":{"@id":"https:\/\/soclose.mx\/blog\/tag\/juan-rulfo-frases-mujeres\/"},"author":{"name":"Miguel Angel Romero","@id":"https:\/\/soclose.mx\/blog\/#\/schema\/person\/cddec6ccd5d7037d286395fb411e23f1"},"headline":"Conoce el origen de la frase \u201cEl que quiere azul celeste&#8230;\u201d","datePublished":"2022-01-20T15:07:52+00:00","mainEntityOfPage":{"@id":"https:\/\/soclose.mx\/blog\/tag\/juan-rulfo-frases-mujeres\/"},"wordCount":188,"commentCount":0,"publisher":{"@id":"https:\/\/soclose.mx\/blog\/#organization"},"image":{"@id":"https:\/\/soclose.mx\/blog\/tag\/juan-rulfo-frases-mujeres\/#primaryimage"},"thumbnailUrl":"https:\/\/i0.wp.com\/soclose.mx\/blog\/wp-content\/uploads\/2022\/01\/Copia-de-Principal-So-Close-blog-2-5.png?fit=1240%2C700&ssl=1","keywords":["frase","palabras"],"articleSection":["\u00a1Ay goeeee!"],"inLanguage":"es","potentialAction":[{"@type":"CommentAction","name":"Comment","target":["https:\/\/soclose.mx\/blog\/tag\/juan-rulfo-frases-mujeres\/#respond"]}]},{"@type":"WebPage","@id":"https:\/\/soclose.mx\/blog\/tag\/juan-rulfo-frases-mujeres\/","url":"https:\/\/soclose.mx\/blog\/tag\/juan-rulfo-frases-mujeres\/","name":"Conoce el origen de la frase \u201cEl que quiere azul celeste...\u201d - So Close","isPartOf":{"@id":"https:\/\/soclose.mx\/blog\/#website"},"primaryImageOfPage":{"@id":"https:\/\/soclose.mx\/blog\/tag\/juan-rulfo-frases-mujeres\/#primaryimage"},"image":{"@id":"https:\/\/soclose.mx\/blog\/tag\/juan-rulfo-frases-mujeres\/#primaryimage"},"thumbnailUrl":"https:\/\/i0.wp.com\/soclose.mx\/blog\/wp-content\/uploads\/2022\/01\/Copia-de-Principal-So-Close-blog-2-5.png?fit=1240%2C700&ssl=1","datePublished":"2022-01-20T15:07:52+00:00","description":"Se cree que desde Europa lleg\u00f3 a nuestro pa\u00eds durante el Virreinato\u00a0y se ha mantenido vigente en nuestro pa\u00eds.","breadcrumb":{"@id":"https:\/\/soclose.mx\/blog\/tag\/juan-rulfo-frases-mujeres\/#breadcrumb"},"inLanguage":"es","potentialAction":[{"@type":"ReadAction","target":["https:\/\/soclose.mx\/blog\/tag\/juan-rulfo-frases-mujeres\/"]}]},{"@type":"ImageObject","inLanguage":"es","@id":"https:\/\/soclose.mx\/blog\/tag\/juan-rulfo-frases-mujeres\/#primaryimage","url":"https:\/\/i0.wp.com\/soclose.mx\/blog\/wp-content\/uploads\/2022\/01\/Copia-de-Principal-So-Close-blog-2-5.png?fit=1240%2C700&ssl=1","contentUrl":"https:\/\/i0.wp.com\/soclose.mx\/blog\/wp-content\/uploads\/2022\/01\/Copia-de-Principal-So-Close-blog-2-5.png?fit=1240%2C700&ssl=1","width":1240,"height":700},{"@type":"BreadcrumbList","@id":"https:\/\/soclose.mx\/blog\/tag\/juan-rulfo-frases-mujeres\/#breadcrumb","itemListElement":[{"@type":"ListItem","position":1,"name":"Inicio","item":"https:\/\/soclose.mx\/blog\/"},{"@type":"ListItem","position":2,"name":"Conoce el origen de la frase \u201cEl que quiere azul celeste&#8230;\u201d"}]},{"@type":"WebSite","@id":"https:\/\/soclose.mx\/blog\/#website","url":"https:\/\/soclose.mx\/blog\/","name":"So Close","description":"Hacemos contenidos de M\u00e9xico","publisher":{"@id":"https:\/\/soclose.mx\/blog\/#organization"},"potentialAction":[{"@type":"SearchAction","target":{"@type":"EntryPoint","urlTemplate":"https:\/\/soclose.mx\/blog\/?s={search_term_string}"},"query-input":{"@type":"PropertyValueSpecification","valueRequired":true,"valueName":"search_term_string"}}],"inLanguage":"es"},{"@type":"Organization","@id":"https:\/\/soclose.mx\/blog\/#organization","name":"So Close","url":"https:\/\/soclose.mx\/blog\/","logo":{"@type":"ImageObject","inLanguage":"es","@id":"https:\/\/soclose.mx\/blog\/#\/schema\/logo\/image\/","url":"https:\/\/i0.wp.com\/soclose.mx\/blog\/wp-content\/uploads\/2020\/12\/LOGO_SOCLOSE_COLOR-e1608310133507.png?fit=2858%2C1264&ssl=1","contentUrl":"https:\/\/i0.wp.com\/soclose.mx\/blog\/wp-content\/uploads\/2020\/12\/LOGO_SOCLOSE_COLOR-e1608310133507.png?fit=2858%2C1264&ssl=1","width":2858,"height":1264,"caption":"So Close"},"image":{"@id":"https:\/\/soclose.mx\/blog\/#\/schema\/logo\/image\/"}},{"@type":"Person","@id":"https:\/\/soclose.mx\/blog\/#\/schema\/person\/cddec6ccd5d7037d286395fb411e23f1","name":"Miguel Angel Romero","image":{"@type":"ImageObject","inLanguage":"es","@id":"https:\/\/soclose.mx\/blog\/#\/schema\/person\/image\/","url":"https:\/\/secure.gravatar.com\/avatar\/45b44006b4f93497bb24d251f77bc39385015bfa120582412df580dbfcbb14f3?s=96&d=mm&r=g","contentUrl":"https:\/\/secure.gravatar.com\/avatar\/45b44006b4f93497bb24d251f77bc39385015bfa120582412df580dbfcbb14f3?s=96&d=mm&r=g","caption":"Miguel Angel Romero"},"sameAs":["http:\/\/\/mikexever.blogspot.com\/","www.facebook.com\/mikexever\/","https:\/\/x.com\/Mikerecomienda"],"url":"https:\/\/soclose.mx\/blog\/author\/mike\/"}]}},"jetpack_featured_media_url":"https:\/\/i0.wp.com\/soclose.mx\/blog\/wp-content\/uploads\/2022\/01\/Copia-de-Principal-So-Close-blog-2-5.png?fit=1240%2C700&ssl=1","jetpack-related-posts":[{"id":7732,"url":"https:\/\/soclose.mx\/blog\/ay-goeeee\/el-origen-de-la-frase-ya-te-cayo-el-20\/","url_meta":{"origin":8420,"position":0},"title":"El origen de la frase &#8216;\u00bfYa te cay\u00f3 el 20?&#8217;","author":"Miguel Angel Romero","date":"27 noviembre, 2021","format":false,"excerpt":"Nuestro pa\u00eds se ha caracterizado por tener un sinn\u00famero de frases, dichos y expresiones peculiares, y \"Ya te cay\u00f3 el veinte?\" es una de ellas. \"Ya le cay\u00f3 el 20\", \"hasta que le cay\u00f3 el veinte\", \"no me ca\u00eda el 20\", es empleada cuando la persona en cuesti\u00f3n \u201cse da\u2026","rel":"","context":"En &quot;\u00a1Ay goeeee!&quot;","block_context":{"text":"\u00a1Ay goeeee!","link":"https:\/\/soclose.mx\/blog\/category\/ay-goeeee\/"},"img":{"alt_text":"","src":"https:\/\/i0.wp.com\/soclose.mx\/blog\/wp-content\/uploads\/2021\/11\/Copia-de-Principal-So-Close-blog-3-2.png?fit=1200%2C677&ssl=1&resize=350%2C200","width":350,"height":200,"srcset":"https:\/\/i0.wp.com\/soclose.mx\/blog\/wp-content\/uploads\/2021\/11\/Copia-de-Principal-So-Close-blog-3-2.png?fit=1200%2C677&ssl=1&resize=350%2C200 1x, https:\/\/i0.wp.com\/soclose.mx\/blog\/wp-content\/uploads\/2021\/11\/Copia-de-Principal-So-Close-blog-3-2.png?fit=1200%2C677&ssl=1&resize=525%2C300 1.5x, https:\/\/i0.wp.com\/soclose.mx\/blog\/wp-content\/uploads\/2021\/11\/Copia-de-Principal-So-Close-blog-3-2.png?fit=1200%2C677&ssl=1&resize=700%2C400 2x, https:\/\/i0.wp.com\/soclose.mx\/blog\/wp-content\/uploads\/2021\/11\/Copia-de-Principal-So-Close-blog-3-2.png?fit=1200%2C677&ssl=1&resize=1050%2C600 3x"},"classes":[]},{"id":13422,"url":"https:\/\/soclose.mx\/blog\/tramites\/como-encontrar-trabajo-en-europa-si-eres-mexicano\/","url_meta":{"origin":8420,"position":1},"title":"C\u00f3mo encontrar trabajo en Europa, si eres mexicano","author":"Gerardo Albert","date":"10 abril, 2024","format":false,"excerpt":"Trabajar en Europa como mexicano es un sue\u00f1o posible. Las opciones para conseguir este objetivo son muy amplias y no en estos tiempos resulta m\u00e1s habitual. Sin embargo, hacerlo de forma legal implica algunos tr\u00e1mites que te permitir\u00e1n laborar en este continente sin ning\u00fan problema. La calidad de vida, facilidad\u2026","rel":"","context":"En &quot;Tr\u00e1mites&quot;","block_context":{"text":"Tr\u00e1mites","link":"https:\/\/soclose.mx\/blog\/category\/tramites\/"},"img":{"alt_text":"","src":"https:\/\/i0.wp.com\/soclose.mx\/blog\/wp-content\/uploads\/2024\/03\/portada-europa.jpg?fit=1200%2C949&ssl=1&resize=350%2C200","width":350,"height":200,"srcset":"https:\/\/i0.wp.com\/soclose.mx\/blog\/wp-content\/uploads\/2024\/03\/portada-europa.jpg?fit=1200%2C949&ssl=1&resize=350%2C200 1x, https:\/\/i0.wp.com\/soclose.mx\/blog\/wp-content\/uploads\/2024\/03\/portada-europa.jpg?fit=1200%2C949&ssl=1&resize=525%2C300 1.5x, https:\/\/i0.wp.com\/soclose.mx\/blog\/wp-content\/uploads\/2024\/03\/portada-europa.jpg?fit=1200%2C949&ssl=1&resize=700%2C400 2x, https:\/\/i0.wp.com\/soclose.mx\/blog\/wp-content\/uploads\/2024\/03\/portada-europa.jpg?fit=1200%2C949&ssl=1&resize=1050%2C600 3x"},"classes":[]},{"id":11551,"url":"https:\/\/soclose.mx\/blog\/a-la-mexicana\/echar-carrilla-origen-frase\/","url_meta":{"origin":8420,"position":2},"title":"\u201cEchar carrilla\u201d; el escalofriante origen de esta frase mexicana","author":"Mar\u00eda Ju\u00e1rez","date":"17 abril, 2023","format":false,"excerpt":"\u00bfCu\u00e1ntas veces has escuchado a frase \"echar carrilla\"? Desde ni\u00f1os la aplicamos o nos la aplican como una forma de decir que bromean sobre nuestros defectos, incluso cualidades. Pero \u00bfCu\u00e1l es el origen de esta trillada y famosa frase? M\u00e9xico es un pa\u00eds en el que por tradici\u00f3n o costumbre\u2026","rel":"","context":"En &quot;A la mexicana&quot;","block_context":{"text":"A la mexicana","link":"https:\/\/soclose.mx\/blog\/category\/a-la-mexicana\/"},"img":{"alt_text":"Echar carrilla frase","src":"https:\/\/i0.wp.com\/soclose.mx\/blog\/wp-content\/uploads\/2023\/04\/Echar-carrilla-frase-origen.jpg?fit=1200%2C728&ssl=1&resize=350%2C200","width":350,"height":200,"srcset":"https:\/\/i0.wp.com\/soclose.mx\/blog\/wp-content\/uploads\/2023\/04\/Echar-carrilla-frase-origen.jpg?fit=1200%2C728&ssl=1&resize=350%2C200 1x, https:\/\/i0.wp.com\/soclose.mx\/blog\/wp-content\/uploads\/2023\/04\/Echar-carrilla-frase-origen.jpg?fit=1200%2C728&ssl=1&resize=525%2C300 1.5x, https:\/\/i0.wp.com\/soclose.mx\/blog\/wp-content\/uploads\/2023\/04\/Echar-carrilla-frase-origen.jpg?fit=1200%2C728&ssl=1&resize=700%2C400 2x, https:\/\/i0.wp.com\/soclose.mx\/blog\/wp-content\/uploads\/2023\/04\/Echar-carrilla-frase-origen.jpg?fit=1200%2C728&ssl=1&resize=1050%2C600 3x"},"classes":[]},{"id":7217,"url":"https:\/\/soclose.mx\/blog\/ay-goeeee\/el-origen-de-viva-mexico-cabrones\/","url_meta":{"origin":8420,"position":3},"title":"El origen de \u00a1Viva M\u00e9xico, cabrones!","author":"Miguel Angel Romero","date":"15 septiembre, 2021","format":false,"excerpt":"Seguramente, has escuchado esta singular frase en varias ocasiones, y sobre todo, en \u00e9pocas patrias donde resuenan estas palabras como un estandarte de nacionalismo, pero, sabes cu\u00e1l es el origen de \u00a1Viva M\u00e9xico, cabrones! Es la frase que m\u00e1s resuena el 15 y 16 de septiembre por el D\u00eda de\u2026","rel":"","context":"En &quot;\u00a1Ay goeeee!&quot;","block_context":{"text":"\u00a1Ay goeeee!","link":"https:\/\/soclose.mx\/blog\/category\/ay-goeeee\/"},"img":{"alt_text":"","src":"https:\/\/i0.wp.com\/soclose.mx\/blog\/wp-content\/uploads\/2021\/09\/Principal-So-Close-blog-11-1.jpg?fit=1200%2C677&ssl=1&resize=350%2C200","width":350,"height":200,"srcset":"https:\/\/i0.wp.com\/soclose.mx\/blog\/wp-content\/uploads\/2021\/09\/Principal-So-Close-blog-11-1.jpg?fit=1200%2C677&ssl=1&resize=350%2C200 1x, https:\/\/i0.wp.com\/soclose.mx\/blog\/wp-content\/uploads\/2021\/09\/Principal-So-Close-blog-11-1.jpg?fit=1200%2C677&ssl=1&resize=525%2C300 1.5x, https:\/\/i0.wp.com\/soclose.mx\/blog\/wp-content\/uploads\/2021\/09\/Principal-So-Close-blog-11-1.jpg?fit=1200%2C677&ssl=1&resize=700%2C400 2x, https:\/\/i0.wp.com\/soclose.mx\/blog\/wp-content\/uploads\/2021\/09\/Principal-So-Close-blog-11-1.jpg?fit=1200%2C677&ssl=1&resize=1050%2C600 3x"},"classes":[]},{"id":8556,"url":"https:\/\/soclose.mx\/blog\/ay-goeeee\/origen-de-la-frase-muneca-de-sololoy\/","url_meta":{"origin":8420,"position":4},"title":"Origen de la frase &#8220;Mu\u00f1eca de sololoy&#8221;","author":"Miguel Angel Romero","date":"1 febrero, 2022","format":false,"excerpt":"Aunque es una frase, de alguna manera, antigua, si eres mexicano, seguro has escuchado la expresi\u00f3n \u201cmu\u00f1equita de sololoy\u201d. Pero, \u00bfqu\u00e9 es \u201csololoy\u201d?, este vocablo tiene origen en el nombre de un fr\u00e1gil material llamado celuloide, probablemente tambi\u00e9n hayas escuchado esta melodiosa palabra en el cl\u00e1sico canto infantil \"Naranja dulce\".\u2026","rel":"","context":"En &quot;\u00a1Ay goeeee!&quot;","block_context":{"text":"\u00a1Ay goeeee!","link":"https:\/\/soclose.mx\/blog\/category\/ay-goeeee\/"},"img":{"alt_text":"","src":"https:\/\/i0.wp.com\/soclose.mx\/blog\/wp-content\/uploads\/2022\/01\/Copia-de-Principal-So-Close-blog-4-5.png?fit=1200%2C677&ssl=1&resize=350%2C200","width":350,"height":200,"srcset":"https:\/\/i0.wp.com\/soclose.mx\/blog\/wp-content\/uploads\/2022\/01\/Copia-de-Principal-So-Close-blog-4-5.png?fit=1200%2C677&ssl=1&resize=350%2C200 1x, https:\/\/i0.wp.com\/soclose.mx\/blog\/wp-content\/uploads\/2022\/01\/Copia-de-Principal-So-Close-blog-4-5.png?fit=1200%2C677&ssl=1&resize=525%2C300 1.5x, https:\/\/i0.wp.com\/soclose.mx\/blog\/wp-content\/uploads\/2022\/01\/Copia-de-Principal-So-Close-blog-4-5.png?fit=1200%2C677&ssl=1&resize=700%2C400 2x, https:\/\/i0.wp.com\/soclose.mx\/blog\/wp-content\/uploads\/2022\/01\/Copia-de-Principal-So-Close-blog-4-5.png?fit=1200%2C677&ssl=1&resize=1050%2C600 3x"},"classes":[]},{"id":6528,"url":"https:\/\/soclose.mx\/blog\/ay-goeeee\/5-frases-de-frida-kahlo-que-hablan-de-su-amor-por-la-vida\/","url_meta":{"origin":8420,"position":5},"title":"5 frases de Frida Kahlo que hablan de su amor por la vida","author":"So Close","date":"13 julio, 2021","format":false,"excerpt":"El 13 de julio Frida Kahlo muri\u00f3 a los 47 a\u00f1os de edad y fue velada en el Palacio de Bellas Artes, pero de acuerdo con su biograf\u00eda publicada en el sitio museofridakahlo.org.mx: Frida escribi\u00f3, al final de su Diario, antes de su muerte, a manera de despedida: \u201cEspero alegre\u2026","rel":"","context":"En &quot;\u00a1Ay goeeee!&quot;","block_context":{"text":"\u00a1Ay goeeee!","link":"https:\/\/soclose.mx\/blog\/category\/ay-goeeee\/"},"img":{"alt_text":"","src":"https:\/\/i0.wp.com\/soclose.mx\/blog\/wp-content\/uploads\/2021\/07\/frida-kahlo-1.jpeg?fit=1200%2C677&ssl=1&resize=350%2C200","width":350,"height":200,"srcset":"https:\/\/i0.wp.com\/soclose.mx\/blog\/wp-content\/uploads\/2021\/07\/frida-kahlo-1.jpeg?fit=1200%2C677&ssl=1&resize=350%2C200 1x, https:\/\/i0.wp.com\/soclose.mx\/blog\/wp-content\/uploads\/2021\/07\/frida-kahlo-1.jpeg?fit=1200%2C677&ssl=1&resize=525%2C300 1.5x, https:\/\/i0.wp.com\/soclose.mx\/blog\/wp-content\/uploads\/2021\/07\/frida-kahlo-1.jpeg?fit=1200%2C677&ssl=1&resize=700%2C400 2x, https:\/\/i0.wp.com\/soclose.mx\/blog\/wp-content\/uploads\/2021\/07\/frida-kahlo-1.jpeg?fit=1200%2C677&ssl=1&resize=1050%2C600 3x"},"classes":[]}],"jetpack_sharing_enabled":true,"_links":{"self":[{"href":"https:\/\/soclose.mx\/blog\/wp-json\/wp\/v2\/posts\/8420","targetHints":{"allow":["GET"]}}],"collection":[{"href":"https:\/\/soclose.mx\/blog\/wp-json\/wp\/v2\/posts"}],"about":[{"href":"https:\/\/soclose.mx\/blog\/wp-json\/wp\/v2\/types\/post"}],"author":[{"embeddable":true,"href":"https:\/\/soclose.mx\/blog\/wp-json\/wp\/v2\/users\/8"}],"replies":[{"embeddable":true,"href":"https:\/\/soclose.mx\/blog\/wp-json\/wp\/v2\/comments?post=8420"}],"version-history":[{"count":0,"href":"https:\/\/soclose.mx\/blog\/wp-json\/wp\/v2\/posts\/8420\/revisions"}],"wp:featuredmedia":[{"embeddable":true,"href":"https:\/\/soclose.mx\/blog\/wp-json\/wp\/v2\/media\/8422"}],"wp:attachment":[{"href":"https:\/\/soclose.mx\/blog\/wp-json\/wp\/v2\/media?parent=8420"}],"wp:term":[{"taxonomy":"category","embeddable":true,"href":"https:\/\/soclose.mx\/blog\/wp-json\/wp\/v2\/categories?post=8420"},{"taxonomy":"post_tag","embeddable":true,"href":"https:\/\/soclose.mx\/blog\/wp-json\/wp\/v2\/tags?post=8420"}],"curies":[{"name":"wp","href":"https:\/\/api.w.org\/{rel}","templated":true}]}}