{"id":8613,"date":"2022-01-25T09:44:51","date_gmt":"2022-01-25T15:44:51","guid":{"rendered":"https:\/\/soclose.mx\/blog\/?p=8613"},"modified":"2022-01-23T23:10:16","modified_gmt":"2022-01-24T05:10:16","slug":"reciclaton-2022-aqui-podras-desechar-tus-aparatos-electricos","status":"publish","type":"post","link":"https:\/\/soclose.mx\/blog\/news-feed\/reciclaton-2022-aqui-podras-desechar-tus-aparatos-electricos\/","title":{"rendered":"Reciclat\u00f3n 2022: Aqu\u00ed podr\u00e1s desechar tus aparatos el\u00e9ctricos"},"content":{"rendered":"<p>Si tienes alg\u00fan <a href=\"https:\/\/soclose.mx\/blog\/?s=basura\" target=\"_blank\" rel=\"noopener\">tel\u00e9fono descompuesto, una televisi\u00f3n, licuadora o una computadora<\/a> que quieras que &#8220;pase a mejor vida&#8221;, aprovecha la oportunidad que la <strong>UNAM<\/strong> te da mediante el <strong>Reciclatr\u00f3n 2022<\/strong>.<\/p>\n<p>El pr\u00f3ximo 27 y 28 de enero se llevar\u00e1 a cabo este evento organizado por la universidad \u00a0y la <strong>Secretar\u00eda del Medio Ambiente de la CDMX<\/strong>, cuya finalidad es acopiar aparatos el\u00e9ctricos y electrodom\u00e9sticos que ya no sirvan.<\/p>\n<p>Si est\u00e1s interesado podr\u00e1s asistir a <strong>Tu Tienda UNAM<\/strong> en un horario de 9:00 a 16:00; sin embargo, se deber\u00e1 sacar cita previa a trav\u00e9s del link <a href=\"https:\/\/bit.ly\/2UTRjgQ\" target=\"_blank\" rel=\"noreferrer noopener nofollow\">bit.ly\/<\/a><a href=\"https:\/\/bit.ly\/2UTRjgQ\" target=\"_blank\" rel=\"noreferrer noopener nofollow\">2UTRjgQ<\/a><\/p>\n<div class=\"Enhancement\">\n<div class=\"Enhancement-item\">\n<h5>\u00bfQu\u00e9 residuos electr\u00f3nicos puedo llevar al Reciclatr\u00f3n?<\/h5>\n<\/div>\n<\/div>\n<p>\u00b7 Tel\u00e9fonos fijos inal\u00e1mbricos<br \/>\n\u00b7 PDA<br \/>\n\u00b7 Teclados<br \/>\n\u00b7 Videocaseteras<br \/>\n\u00b7 Radios y radiograbadoras<br \/>\n\u00b7 Laptops<br \/>\n\u00b7 Impresoras<br \/>\n\u00b7 Faxes<br \/>\n\u00b7 Microondas<br \/>\n\u00b7 Pilas y bater\u00edas<br \/>\n\u00b7 Aspiradoras<br \/>\n\u00b7 Pantallas<\/p>\n<div class=\"Enhancement\">\n<div class=\"Enhancement-item\">\n<h5>Estos aparatos no se recibir\u00e1n en el Reciclatr\u00f3n<\/h5>\n<\/div>\n<\/div>\n<p>\u00b7 Focos ahorradores<br \/>\n\u00b7 L\u00e1mparas fluorescentes<br \/>\n\u00b7 Equipos desarmados, rotos o desarmados<br \/>\n\u00b7 M\u00f3dems<\/p>\n<p>Cabe mencionar que los <b>residuos <\/b>son trasladados a la empresa <strong>Recupera<\/strong> que se encuentra en la <strong>Ciudad de M\u00e9xico<\/strong> para su almacenamiento temporal. En donde se separan por tipo de residuos, se desarman y se env\u00edan a diversas empresas para su reciclaje.<\/p>\n","protected":false},"excerpt":{"rendered":"<p>Si tienes alg\u00fan tel\u00e9fono descompuesto, una televisi\u00f3n, licuadora o una computadora que quieras que &#8220;pase a mejor vida&#8221;, aprovecha la oportunidad que la UNAM te da mediante el Reciclatr\u00f3n 2022. El pr\u00f3ximo 27 y 28 de enero se llevar\u00e1 a cabo este evento organizado por la universidad \u00a0y la Secretar\u00eda del Medio Ambiente de la CDMX, cuya finalidad es acopiar aparatos el\u00e9ctricos y electrodom\u00e9sticos que ya no sirvan. Si est\u00e1s interesado podr\u00e1s asistir a Tu Tienda UNAM en un horario de 9:00 a 16:00; sin embargo, se deber\u00e1 sacar cita previa a trav\u00e9s del link bit.ly\/2UTRjgQ \u00bfQu\u00e9 residuos electr\u00f3nicos puedo<\/p>\n","protected":false},"author":8,"featured_media":8614,"comment_status":"open","ping_status":"open","sticky":false,"template":"","format":"standard","meta":{"_jetpack_memberships_contains_paid_content":false,"footnotes":""},"categories":[628],"tags":[1737,1736,331],"class_list":["post-8613","post","type-post","status-publish","format-standard","has-post-thumbnail","hentry","category-news-feed","tag-aparatos-electronicos","tag-reciclaton","tag-unam"],"yoast_head":"<!-- This site is optimized with the Yoast SEO plugin v26.7 - https:\/\/yoast.com\/wordpress\/plugins\/seo\/ -->\n<title>Reciclat\u00f3n 2022: Aqu\u00ed podr\u00e1s desechar tus aparatos el\u00e9ctricos - So Close<\/title>\n<meta name=\"description\" content=\"El pr\u00f3ximo 27 y 28 de enero se llevar\u00e1 a cabo este evento organizado por la UNAM y la Secretar\u00eda del Medio Ambiente de la CDMX.\" \/>\n<meta name=\"robots\" content=\"index, follow, max-snippet:-1, max-image-preview:large, max-video-preview:-1\" \/>\n<link rel=\"canonical\" href=\"https:\/\/soclose.mx\/blog\/tag\/juan-rulfo-frases-mujeres\/\" \/>\n<meta property=\"og:locale\" content=\"es_MX\" \/>\n<meta property=\"og:type\" content=\"article\" \/>\n<meta property=\"og:title\" content=\"Reciclat\u00f3n 2022: Aqu\u00ed podr\u00e1s desechar tus aparatos el\u00e9ctricos - So Close\" \/>\n<meta property=\"og:description\" content=\"El pr\u00f3ximo 27 y 28 de enero se llevar\u00e1 a cabo este evento organizado por la UNAM y la Secretar\u00eda del Medio Ambiente de la CDMX.\" \/>\n<meta property=\"og:url\" content=\"https:\/\/soclose.mx\/blog\/tag\/juan-rulfo-frases-mujeres\/\" \/>\n<meta property=\"og:site_name\" content=\"So Close\" \/>\n<meta property=\"article:author\" content=\"www.facebook.com\/mikexever\/\" \/>\n<meta property=\"article:published_time\" content=\"2022-01-25T15:44:51+00:00\" \/>\n<meta property=\"og:image\" content=\"https:\/\/i0.wp.com\/soclose.mx\/blog\/wp-content\/uploads\/2022\/01\/Copia-de-Principal-So-Close-blog-2-11.png?fit=1240%2C700&ssl=1\" \/>\n\t<meta property=\"og:image:width\" content=\"1240\" \/>\n\t<meta property=\"og:image:height\" content=\"700\" \/>\n\t<meta property=\"og:image:type\" content=\"image\/png\" \/>\n<meta name=\"author\" content=\"Miguel Angel Romero\" \/>\n<meta name=\"twitter:card\" content=\"summary_large_image\" \/>\n<meta name=\"twitter:creator\" content=\"@Mikerecomienda\" \/>\n<meta name=\"twitter:label1\" content=\"Escrito por\" \/>\n\t<meta name=\"twitter:data1\" content=\"Miguel Angel Romero\" \/>\n\t<meta name=\"twitter:label2\" content=\"Tiempo de lectura\" \/>\n\t<meta name=\"twitter:data2\" content=\"1 minuto\" \/>\n<script type=\"application\/ld+json\" class=\"yoast-schema-graph\">{\"@context\":\"https:\/\/schema.org\",\"@graph\":[{\"@type\":\"Article\",\"@id\":\"https:\/\/soclose.mx\/blog\/tag\/juan-rulfo-frases-mujeres\/#article\",\"isPartOf\":{\"@id\":\"https:\/\/soclose.mx\/blog\/tag\/juan-rulfo-frases-mujeres\/\"},\"author\":{\"name\":\"Miguel Angel Romero\",\"@id\":\"https:\/\/soclose.mx\/blog\/#\/schema\/person\/cddec6ccd5d7037d286395fb411e23f1\"},\"headline\":\"Reciclat\u00f3n 2022: Aqu\u00ed podr\u00e1s desechar tus aparatos el\u00e9ctricos\",\"datePublished\":\"2022-01-25T15:44:51+00:00\",\"mainEntityOfPage\":{\"@id\":\"https:\/\/soclose.mx\/blog\/tag\/juan-rulfo-frases-mujeres\/\"},\"wordCount\":210,\"commentCount\":0,\"publisher\":{\"@id\":\"https:\/\/soclose.mx\/blog\/#organization\"},\"image\":{\"@id\":\"https:\/\/soclose.mx\/blog\/tag\/juan-rulfo-frases-mujeres\/#primaryimage\"},\"thumbnailUrl\":\"https:\/\/i0.wp.com\/soclose.mx\/blog\/wp-content\/uploads\/2022\/01\/Copia-de-Principal-So-Close-blog-2-11.png?fit=1240%2C700&ssl=1\",\"keywords\":[\"aparatos electr\u00f3nicos\",\"reciclat\u00f3n\",\"unam\"],\"articleSection\":[\"News feed\"],\"inLanguage\":\"es\",\"potentialAction\":[{\"@type\":\"CommentAction\",\"name\":\"Comment\",\"target\":[\"https:\/\/soclose.mx\/blog\/tag\/juan-rulfo-frases-mujeres\/#respond\"]}]},{\"@type\":\"WebPage\",\"@id\":\"https:\/\/soclose.mx\/blog\/tag\/juan-rulfo-frases-mujeres\/\",\"url\":\"https:\/\/soclose.mx\/blog\/tag\/juan-rulfo-frases-mujeres\/\",\"name\":\"Reciclat\u00f3n 2022: Aqu\u00ed podr\u00e1s desechar tus aparatos el\u00e9ctricos - So Close\",\"isPartOf\":{\"@id\":\"https:\/\/soclose.mx\/blog\/#website\"},\"primaryImageOfPage\":{\"@id\":\"https:\/\/soclose.mx\/blog\/tag\/juan-rulfo-frases-mujeres\/#primaryimage\"},\"image\":{\"@id\":\"https:\/\/soclose.mx\/blog\/tag\/juan-rulfo-frases-mujeres\/#primaryimage\"},\"thumbnailUrl\":\"https:\/\/i0.wp.com\/soclose.mx\/blog\/wp-content\/uploads\/2022\/01\/Copia-de-Principal-So-Close-blog-2-11.png?fit=1240%2C700&ssl=1\",\"datePublished\":\"2022-01-25T15:44:51+00:00\",\"description\":\"El pr\u00f3ximo 27 y 28 de enero se llevar\u00e1 a cabo este evento organizado por la UNAM y la Secretar\u00eda del Medio Ambiente de la CDMX.\",\"breadcrumb\":{\"@id\":\"https:\/\/soclose.mx\/blog\/tag\/juan-rulfo-frases-mujeres\/#breadcrumb\"},\"inLanguage\":\"es\",\"potentialAction\":[{\"@type\":\"ReadAction\",\"target\":[\"https:\/\/soclose.mx\/blog\/tag\/juan-rulfo-frases-mujeres\/\"]}]},{\"@type\":\"ImageObject\",\"inLanguage\":\"es\",\"@id\":\"https:\/\/soclose.mx\/blog\/tag\/juan-rulfo-frases-mujeres\/#primaryimage\",\"url\":\"https:\/\/i0.wp.com\/soclose.mx\/blog\/wp-content\/uploads\/2022\/01\/Copia-de-Principal-So-Close-blog-2-11.png?fit=1240%2C700&ssl=1\",\"contentUrl\":\"https:\/\/i0.wp.com\/soclose.mx\/blog\/wp-content\/uploads\/2022\/01\/Copia-de-Principal-So-Close-blog-2-11.png?fit=1240%2C700&ssl=1\",\"width\":1240,\"height\":700},{\"@type\":\"BreadcrumbList\",\"@id\":\"https:\/\/soclose.mx\/blog\/tag\/juan-rulfo-frases-mujeres\/#breadcrumb\",\"itemListElement\":[{\"@type\":\"ListItem\",\"position\":1,\"name\":\"Inicio\",\"item\":\"https:\/\/soclose.mx\/blog\/\"},{\"@type\":\"ListItem\",\"position\":2,\"name\":\"Reciclat\u00f3n 2022: Aqu\u00ed podr\u00e1s desechar tus aparatos el\u00e9ctricos\"}]},{\"@type\":\"WebSite\",\"@id\":\"https:\/\/soclose.mx\/blog\/#website\",\"url\":\"https:\/\/soclose.mx\/blog\/\",\"name\":\"So Close\",\"description\":\"Hacemos contenidos de M\u00e9xico\",\"publisher\":{\"@id\":\"https:\/\/soclose.mx\/blog\/#organization\"},\"potentialAction\":[{\"@type\":\"SearchAction\",\"target\":{\"@type\":\"EntryPoint\",\"urlTemplate\":\"https:\/\/soclose.mx\/blog\/?s={search_term_string}\"},\"query-input\":{\"@type\":\"PropertyValueSpecification\",\"valueRequired\":true,\"valueName\":\"search_term_string\"}}],\"inLanguage\":\"es\"},{\"@type\":\"Organization\",\"@id\":\"https:\/\/soclose.mx\/blog\/#organization\",\"name\":\"So Close\",\"url\":\"https:\/\/soclose.mx\/blog\/\",\"logo\":{\"@type\":\"ImageObject\",\"inLanguage\":\"es\",\"@id\":\"https:\/\/soclose.mx\/blog\/#\/schema\/logo\/image\/\",\"url\":\"https:\/\/i0.wp.com\/soclose.mx\/blog\/wp-content\/uploads\/2020\/12\/LOGO_SOCLOSE_COLOR-e1608310133507.png?fit=2858%2C1264&ssl=1\",\"contentUrl\":\"https:\/\/i0.wp.com\/soclose.mx\/blog\/wp-content\/uploads\/2020\/12\/LOGO_SOCLOSE_COLOR-e1608310133507.png?fit=2858%2C1264&ssl=1\",\"width\":2858,\"height\":1264,\"caption\":\"So Close\"},\"image\":{\"@id\":\"https:\/\/soclose.mx\/blog\/#\/schema\/logo\/image\/\"}},{\"@type\":\"Person\",\"@id\":\"https:\/\/soclose.mx\/blog\/#\/schema\/person\/cddec6ccd5d7037d286395fb411e23f1\",\"name\":\"Miguel Angel Romero\",\"image\":{\"@type\":\"ImageObject\",\"inLanguage\":\"es\",\"@id\":\"https:\/\/soclose.mx\/blog\/#\/schema\/person\/image\/\",\"url\":\"https:\/\/secure.gravatar.com\/avatar\/45b44006b4f93497bb24d251f77bc39385015bfa120582412df580dbfcbb14f3?s=96&d=mm&r=g\",\"contentUrl\":\"https:\/\/secure.gravatar.com\/avatar\/45b44006b4f93497bb24d251f77bc39385015bfa120582412df580dbfcbb14f3?s=96&d=mm&r=g\",\"caption\":\"Miguel Angel Romero\"},\"sameAs\":[\"http:\/\/\/mikexever.blogspot.com\/\",\"www.facebook.com\/mikexever\/\",\"https:\/\/x.com\/Mikerecomienda\"],\"url\":\"https:\/\/soclose.mx\/blog\/author\/mike\/\"}]}<\/script>\n<!-- \/ Yoast SEO plugin. -->","yoast_head_json":{"title":"Reciclat\u00f3n 2022: Aqu\u00ed podr\u00e1s desechar tus aparatos el\u00e9ctricos - So Close","description":"El pr\u00f3ximo 27 y 28 de enero se llevar\u00e1 a cabo este evento organizado por la UNAM y la Secretar\u00eda del Medio Ambiente de la CDMX.","robots":{"index":"index","follow":"follow","max-snippet":"max-snippet:-1","max-image-preview":"max-image-preview:large","max-video-preview":"max-video-preview:-1"},"canonical":"https:\/\/soclose.mx\/blog\/tag\/juan-rulfo-frases-mujeres\/","og_locale":"es_MX","og_type":"article","og_title":"Reciclat\u00f3n 2022: Aqu\u00ed podr\u00e1s desechar tus aparatos el\u00e9ctricos - So Close","og_description":"El pr\u00f3ximo 27 y 28 de enero se llevar\u00e1 a cabo este evento organizado por la UNAM y la Secretar\u00eda del Medio Ambiente de la CDMX.","og_url":"https:\/\/soclose.mx\/blog\/tag\/juan-rulfo-frases-mujeres\/","og_site_name":"So Close","article_author":"www.facebook.com\/mikexever\/","article_published_time":"2022-01-25T15:44:51+00:00","og_image":[{"width":1240,"height":700,"url":"https:\/\/i0.wp.com\/soclose.mx\/blog\/wp-content\/uploads\/2022\/01\/Copia-de-Principal-So-Close-blog-2-11.png?fit=1240%2C700&ssl=1","type":"image\/png"}],"author":"Miguel Angel Romero","twitter_card":"summary_large_image","twitter_creator":"@Mikerecomienda","twitter_misc":{"Escrito por":"Miguel Angel Romero","Tiempo de lectura":"1 minuto"},"schema":{"@context":"https:\/\/schema.org","@graph":[{"@type":"Article","@id":"https:\/\/soclose.mx\/blog\/tag\/juan-rulfo-frases-mujeres\/#article","isPartOf":{"@id":"https:\/\/soclose.mx\/blog\/tag\/juan-rulfo-frases-mujeres\/"},"author":{"name":"Miguel Angel Romero","@id":"https:\/\/soclose.mx\/blog\/#\/schema\/person\/cddec6ccd5d7037d286395fb411e23f1"},"headline":"Reciclat\u00f3n 2022: Aqu\u00ed podr\u00e1s desechar tus aparatos el\u00e9ctricos","datePublished":"2022-01-25T15:44:51+00:00","mainEntityOfPage":{"@id":"https:\/\/soclose.mx\/blog\/tag\/juan-rulfo-frases-mujeres\/"},"wordCount":210,"commentCount":0,"publisher":{"@id":"https:\/\/soclose.mx\/blog\/#organization"},"image":{"@id":"https:\/\/soclose.mx\/blog\/tag\/juan-rulfo-frases-mujeres\/#primaryimage"},"thumbnailUrl":"https:\/\/i0.wp.com\/soclose.mx\/blog\/wp-content\/uploads\/2022\/01\/Copia-de-Principal-So-Close-blog-2-11.png?fit=1240%2C700&ssl=1","keywords":["aparatos electr\u00f3nicos","reciclat\u00f3n","unam"],"articleSection":["News feed"],"inLanguage":"es","potentialAction":[{"@type":"CommentAction","name":"Comment","target":["https:\/\/soclose.mx\/blog\/tag\/juan-rulfo-frases-mujeres\/#respond"]}]},{"@type":"WebPage","@id":"https:\/\/soclose.mx\/blog\/tag\/juan-rulfo-frases-mujeres\/","url":"https:\/\/soclose.mx\/blog\/tag\/juan-rulfo-frases-mujeres\/","name":"Reciclat\u00f3n 2022: Aqu\u00ed podr\u00e1s desechar tus aparatos el\u00e9ctricos - So Close","isPartOf":{"@id":"https:\/\/soclose.mx\/blog\/#website"},"primaryImageOfPage":{"@id":"https:\/\/soclose.mx\/blog\/tag\/juan-rulfo-frases-mujeres\/#primaryimage"},"image":{"@id":"https:\/\/soclose.mx\/blog\/tag\/juan-rulfo-frases-mujeres\/#primaryimage"},"thumbnailUrl":"https:\/\/i0.wp.com\/soclose.mx\/blog\/wp-content\/uploads\/2022\/01\/Copia-de-Principal-So-Close-blog-2-11.png?fit=1240%2C700&ssl=1","datePublished":"2022-01-25T15:44:51+00:00","description":"El pr\u00f3ximo 27 y 28 de enero se llevar\u00e1 a cabo este evento organizado por la UNAM y la Secretar\u00eda del Medio Ambiente de la CDMX.","breadcrumb":{"@id":"https:\/\/soclose.mx\/blog\/tag\/juan-rulfo-frases-mujeres\/#breadcrumb"},"inLanguage":"es","potentialAction":[{"@type":"ReadAction","target":["https:\/\/soclose.mx\/blog\/tag\/juan-rulfo-frases-mujeres\/"]}]},{"@type":"ImageObject","inLanguage":"es","@id":"https:\/\/soclose.mx\/blog\/tag\/juan-rulfo-frases-mujeres\/#primaryimage","url":"https:\/\/i0.wp.com\/soclose.mx\/blog\/wp-content\/uploads\/2022\/01\/Copia-de-Principal-So-Close-blog-2-11.png?fit=1240%2C700&ssl=1","contentUrl":"https:\/\/i0.wp.com\/soclose.mx\/blog\/wp-content\/uploads\/2022\/01\/Copia-de-Principal-So-Close-blog-2-11.png?fit=1240%2C700&ssl=1","width":1240,"height":700},{"@type":"BreadcrumbList","@id":"https:\/\/soclose.mx\/blog\/tag\/juan-rulfo-frases-mujeres\/#breadcrumb","itemListElement":[{"@type":"ListItem","position":1,"name":"Inicio","item":"https:\/\/soclose.mx\/blog\/"},{"@type":"ListItem","position":2,"name":"Reciclat\u00f3n 2022: Aqu\u00ed podr\u00e1s desechar tus aparatos el\u00e9ctricos"}]},{"@type":"WebSite","@id":"https:\/\/soclose.mx\/blog\/#website","url":"https:\/\/soclose.mx\/blog\/","name":"So Close","description":"Hacemos contenidos de M\u00e9xico","publisher":{"@id":"https:\/\/soclose.mx\/blog\/#organization"},"potentialAction":[{"@type":"SearchAction","target":{"@type":"EntryPoint","urlTemplate":"https:\/\/soclose.mx\/blog\/?s={search_term_string}"},"query-input":{"@type":"PropertyValueSpecification","valueRequired":true,"valueName":"search_term_string"}}],"inLanguage":"es"},{"@type":"Organization","@id":"https:\/\/soclose.mx\/blog\/#organization","name":"So Close","url":"https:\/\/soclose.mx\/blog\/","logo":{"@type":"ImageObject","inLanguage":"es","@id":"https:\/\/soclose.mx\/blog\/#\/schema\/logo\/image\/","url":"https:\/\/i0.wp.com\/soclose.mx\/blog\/wp-content\/uploads\/2020\/12\/LOGO_SOCLOSE_COLOR-e1608310133507.png?fit=2858%2C1264&ssl=1","contentUrl":"https:\/\/i0.wp.com\/soclose.mx\/blog\/wp-content\/uploads\/2020\/12\/LOGO_SOCLOSE_COLOR-e1608310133507.png?fit=2858%2C1264&ssl=1","width":2858,"height":1264,"caption":"So Close"},"image":{"@id":"https:\/\/soclose.mx\/blog\/#\/schema\/logo\/image\/"}},{"@type":"Person","@id":"https:\/\/soclose.mx\/blog\/#\/schema\/person\/cddec6ccd5d7037d286395fb411e23f1","name":"Miguel Angel Romero","image":{"@type":"ImageObject","inLanguage":"es","@id":"https:\/\/soclose.mx\/blog\/#\/schema\/person\/image\/","url":"https:\/\/secure.gravatar.com\/avatar\/45b44006b4f93497bb24d251f77bc39385015bfa120582412df580dbfcbb14f3?s=96&d=mm&r=g","contentUrl":"https:\/\/secure.gravatar.com\/avatar\/45b44006b4f93497bb24d251f77bc39385015bfa120582412df580dbfcbb14f3?s=96&d=mm&r=g","caption":"Miguel Angel Romero"},"sameAs":["http:\/\/\/mikexever.blogspot.com\/","www.facebook.com\/mikexever\/","https:\/\/x.com\/Mikerecomienda"],"url":"https:\/\/soclose.mx\/blog\/author\/mike\/"}]}},"jetpack_featured_media_url":"https:\/\/i0.wp.com\/soclose.mx\/blog\/wp-content\/uploads\/2022\/01\/Copia-de-Principal-So-Close-blog-2-11.png?fit=1240%2C700&ssl=1","jetpack-related-posts":[{"id":9978,"url":"https:\/\/soclose.mx\/blog\/news-feed\/prepara-tu-pan-ya-viene-el-cafe-y-chocolate-fest-2022-en-la-cdmx\/","url_meta":{"origin":8613,"position":0},"title":"Prepara tu pan, ya viene el Caf\u00e9 y Chocolate Fest 2022 en la CDMX","author":"Daniel Ram\u00edrez","date":"26 mayo, 2022","format":false,"excerpt":"M\u00e9xico es uno de los pa\u00edses que m\u00e1s produce caf\u00e9 a nivel mundial, siendo Chiapas el principal productor, pues genera el 41% a nivel nacional. Por su parte, en nuestro pa\u00eds el cacao cuenta con Denominaci\u00f3n de Origen, pero solamente el que se cultiva y cosechado en la Regi\u00f3n Grijalva\u2026","rel":"","context":"En &quot;News feed&quot;","block_context":{"text":"News feed","link":"https:\/\/soclose.mx\/blog\/category\/news-feed\/"},"img":{"alt_text":"","src":"https:\/\/i0.wp.com\/soclose.mx\/blog\/wp-content\/uploads\/2022\/05\/pexels-jeshoots-3666-scaled.jpg?fit=1200%2C800&ssl=1&resize=350%2C200","width":350,"height":200,"srcset":"https:\/\/i0.wp.com\/soclose.mx\/blog\/wp-content\/uploads\/2022\/05\/pexels-jeshoots-3666-scaled.jpg?fit=1200%2C800&ssl=1&resize=350%2C200 1x, https:\/\/i0.wp.com\/soclose.mx\/blog\/wp-content\/uploads\/2022\/05\/pexels-jeshoots-3666-scaled.jpg?fit=1200%2C800&ssl=1&resize=525%2C300 1.5x, https:\/\/i0.wp.com\/soclose.mx\/blog\/wp-content\/uploads\/2022\/05\/pexels-jeshoots-3666-scaled.jpg?fit=1200%2C800&ssl=1&resize=700%2C400 2x, https:\/\/i0.wp.com\/soclose.mx\/blog\/wp-content\/uploads\/2022\/05\/pexels-jeshoots-3666-scaled.jpg?fit=1200%2C800&ssl=1&resize=1050%2C600 3x"},"classes":[]},{"id":9621,"url":"https:\/\/soclose.mx\/blog\/news-feed\/regresa-la-fiesta-del-libro-y-la-rosa-de-la-unam\/","url_meta":{"origin":8613,"position":1},"title":"Regresa la Fiesta del Libro y la Rosa de la UNAM","author":"Miguel Angel Romero","date":"16 abril, 2022","format":false,"excerpt":"Con 150 actividades y 320 sellos editoriales, la 14 edici\u00f3n de la Fiesta del Libro y la Rosa 2022, se llevar\u00e1 a cabo del 22 al 24 de abril en distintas sedes de la Universidad Nacional Aut\u00f3noma de M\u00e9xico (UNAM). A dos a\u00f1os y dos meses cumplidos de la epidemia\u2026","rel":"","context":"En &quot;News feed&quot;","block_context":{"text":"News feed","link":"https:\/\/soclose.mx\/blog\/category\/news-feed\/"},"img":{"alt_text":"","src":"https:\/\/i0.wp.com\/soclose.mx\/blog\/wp-content\/uploads\/2022\/04\/Copia-de-Principal-So-Close-blog-10.png?fit=1200%2C677&ssl=1&resize=350%2C200","width":350,"height":200,"srcset":"https:\/\/i0.wp.com\/soclose.mx\/blog\/wp-content\/uploads\/2022\/04\/Copia-de-Principal-So-Close-blog-10.png?fit=1200%2C677&ssl=1&resize=350%2C200 1x, https:\/\/i0.wp.com\/soclose.mx\/blog\/wp-content\/uploads\/2022\/04\/Copia-de-Principal-So-Close-blog-10.png?fit=1200%2C677&ssl=1&resize=525%2C300 1.5x, https:\/\/i0.wp.com\/soclose.mx\/blog\/wp-content\/uploads\/2022\/04\/Copia-de-Principal-So-Close-blog-10.png?fit=1200%2C677&ssl=1&resize=700%2C400 2x, https:\/\/i0.wp.com\/soclose.mx\/blog\/wp-content\/uploads\/2022\/04\/Copia-de-Principal-So-Close-blog-10.png?fit=1200%2C677&ssl=1&resize=1050%2C600 3x"},"classes":[]},{"id":7287,"url":"https:\/\/soclose.mx\/blog\/ay-goeeee\/unam-crea-recorrido-virtual-por-tenochtitlan\/","url_meta":{"origin":8613,"position":2},"title":"UNAM crea recorrido virtual por Tenochtitlan","author":"Miguel Angel Romero","date":"2 octubre, 2021","format":false,"excerpt":"Para conmemorar los\u00a0500 a\u00f1os de la Ca\u00edda de Tenochtitlan, la\u00a0UNAM\u00a0cre\u00f3 el programa\u00a0M\u00e9xico 500, y entre sus proyectos est\u00e1 poder recorrer la ciudad azteca de manera virtual. As\u00ed es, como si fuera un videojuego, este software te permitir\u00e1 viajar en el tiempo y conocer la tierra de nuestros ancestros. \u2018Recorrido virtual,\u2026","rel":"","context":"En &quot;\u00a1Ay goeeee!&quot;","block_context":{"text":"\u00a1Ay goeeee!","link":"https:\/\/soclose.mx\/blog\/category\/ay-goeeee\/"},"img":{"alt_text":"","src":"https:\/\/i0.wp.com\/soclose.mx\/blog\/wp-content\/uploads\/2021\/09\/Principal-So-Close-blog-2.png?fit=1200%2C677&ssl=1&resize=350%2C200","width":350,"height":200,"srcset":"https:\/\/i0.wp.com\/soclose.mx\/blog\/wp-content\/uploads\/2021\/09\/Principal-So-Close-blog-2.png?fit=1200%2C677&ssl=1&resize=350%2C200 1x, https:\/\/i0.wp.com\/soclose.mx\/blog\/wp-content\/uploads\/2021\/09\/Principal-So-Close-blog-2.png?fit=1200%2C677&ssl=1&resize=525%2C300 1.5x, https:\/\/i0.wp.com\/soclose.mx\/blog\/wp-content\/uploads\/2021\/09\/Principal-So-Close-blog-2.png?fit=1200%2C677&ssl=1&resize=700%2C400 2x, https:\/\/i0.wp.com\/soclose.mx\/blog\/wp-content\/uploads\/2021\/09\/Principal-So-Close-blog-2.png?fit=1200%2C677&ssl=1&resize=1050%2C600 3x"},"classes":[]},{"id":5954,"url":"https:\/\/soclose.mx\/blog\/news-feed\/lee-con-el-cuerpo-entero-escrituras-en-el-cielo-en-la-ciudad-de-mexico\/","url_meta":{"origin":8613,"position":3},"title":"Lee con el cuerpo entero ESCRITURAS EN EL CIELO en la Ciudad de M\u00e9xico","author":"So Close","date":"18 abril, 2021","format":false,"excerpt":"A trav\u00e9s de un sistema de drones, Casa del Lago UNAM ser\u00e1 la encargada de producir: Escrituras en el Cielo, una serie de eventos de poemas dibujados con luces en el cielo nocturno de la Ciudad de M\u00e9xico. Ser\u00e1n cuatro noches, en diferentes puntos de la Ciudad de M\u00e9xico, donde\u2026","rel":"","context":"En &quot;News feed&quot;","block_context":{"text":"News feed","link":"https:\/\/soclose.mx\/blog\/category\/news-feed\/"},"img":{"alt_text":"","src":"https:\/\/i0.wp.com\/soclose.mx\/blog\/wp-content\/uploads\/2021\/04\/drones-en-el-cielo.jpg?fit=1200%2C677&ssl=1&resize=350%2C200","width":350,"height":200,"srcset":"https:\/\/i0.wp.com\/soclose.mx\/blog\/wp-content\/uploads\/2021\/04\/drones-en-el-cielo.jpg?fit=1200%2C677&ssl=1&resize=350%2C200 1x, https:\/\/i0.wp.com\/soclose.mx\/blog\/wp-content\/uploads\/2021\/04\/drones-en-el-cielo.jpg?fit=1200%2C677&ssl=1&resize=525%2C300 1.5x, https:\/\/i0.wp.com\/soclose.mx\/blog\/wp-content\/uploads\/2021\/04\/drones-en-el-cielo.jpg?fit=1200%2C677&ssl=1&resize=700%2C400 2x, https:\/\/i0.wp.com\/soclose.mx\/blog\/wp-content\/uploads\/2021\/04\/drones-en-el-cielo.jpg?fit=1200%2C677&ssl=1&resize=1050%2C600 3x"},"classes":[]},{"id":15015,"url":"https:\/\/soclose.mx\/blog\/news-feed\/unam-desarrolla-vacuna-contra-el-cancer-de-mama\/","url_meta":{"origin":8613,"position":4},"title":"UNAM desarrolla vacuna contra el c\u00e1ncer de Mama","author":"So Close","date":"5 enero, 2026","format":false,"excerpt":"La UNAM desarrolla vacuna contra el c\u00e1ncer de Mama la cual activa el sistema inmune para curarlo, inhibir otros tipos y eliminar met\u00e1stasis en modelos de laboratorio, seg\u00fan su bolet\u00edn oficial publicado en diciembre de 2025. El c\u00e1ncer de mama representa la principal causa de fallecimiento en mujeres mexicanas, con\u2026","rel":"","context":"En &quot;News feed&quot;","block_context":{"text":"News feed","link":"https:\/\/soclose.mx\/blog\/category\/news-feed\/"},"img":{"alt_text":"Vacuna","src":"https:\/\/i0.wp.com\/soclose.mx\/blog\/wp-content\/uploads\/2026\/01\/Salma-Hayek-5.jpg?fit=1200%2C675&ssl=1&resize=350%2C200","width":350,"height":200,"srcset":"https:\/\/i0.wp.com\/soclose.mx\/blog\/wp-content\/uploads\/2026\/01\/Salma-Hayek-5.jpg?fit=1200%2C675&ssl=1&resize=350%2C200 1x, https:\/\/i0.wp.com\/soclose.mx\/blog\/wp-content\/uploads\/2026\/01\/Salma-Hayek-5.jpg?fit=1200%2C675&ssl=1&resize=525%2C300 1.5x, https:\/\/i0.wp.com\/soclose.mx\/blog\/wp-content\/uploads\/2026\/01\/Salma-Hayek-5.jpg?fit=1200%2C675&ssl=1&resize=700%2C400 2x, https:\/\/i0.wp.com\/soclose.mx\/blog\/wp-content\/uploads\/2026\/01\/Salma-Hayek-5.jpg?fit=1200%2C675&ssl=1&resize=1050%2C600 3x"},"classes":[]},{"id":8881,"url":"https:\/\/soclose.mx\/blog\/news-feed\/proyecto-colmena-mexico-tendra-su-primer-mision-espacial-a-la-luna\/","url_meta":{"origin":8613,"position":5},"title":"Proyecto Colmena: M\u00e9xico tendr\u00e1 su primer misi\u00f3n espacial a la Luna","author":"Miguel Angel Romero","date":"18 febrero, 2022","format":false,"excerpt":"La Universidad Nacional Aut\u00f3noma de M\u00e9xico (UNAM) dio a conocer que M\u00e9xico tendr\u00e1 su primera misi\u00f3n espacial a la Luna, a trav\u00e9s del proyecto conocido como \"Colmena\" Esta misi\u00f3n de exploraci\u00f3n lunar ser\u00e1 en conjunto con la Secretar\u00eda de Relaciones Exteriores (SRE), la Agencia Espacial Mexicana y el estado de\u2026","rel":"","context":"En &quot;News feed&quot;","block_context":{"text":"News feed","link":"https:\/\/soclose.mx\/blog\/category\/news-feed\/"},"img":{"alt_text":"","src":"https:\/\/i0.wp.com\/soclose.mx\/blog\/wp-content\/uploads\/2022\/02\/Copia-de-Principal-So-Close-blog-1-4.png?fit=1200%2C677&ssl=1&resize=350%2C200","width":350,"height":200,"srcset":"https:\/\/i0.wp.com\/soclose.mx\/blog\/wp-content\/uploads\/2022\/02\/Copia-de-Principal-So-Close-blog-1-4.png?fit=1200%2C677&ssl=1&resize=350%2C200 1x, https:\/\/i0.wp.com\/soclose.mx\/blog\/wp-content\/uploads\/2022\/02\/Copia-de-Principal-So-Close-blog-1-4.png?fit=1200%2C677&ssl=1&resize=525%2C300 1.5x, https:\/\/i0.wp.com\/soclose.mx\/blog\/wp-content\/uploads\/2022\/02\/Copia-de-Principal-So-Close-blog-1-4.png?fit=1200%2C677&ssl=1&resize=700%2C400 2x, https:\/\/i0.wp.com\/soclose.mx\/blog\/wp-content\/uploads\/2022\/02\/Copia-de-Principal-So-Close-blog-1-4.png?fit=1200%2C677&ssl=1&resize=1050%2C600 3x"},"classes":[]}],"jetpack_sharing_enabled":true,"_links":{"self":[{"href":"https:\/\/soclose.mx\/blog\/wp-json\/wp\/v2\/posts\/8613","targetHints":{"allow":["GET"]}}],"collection":[{"href":"https:\/\/soclose.mx\/blog\/wp-json\/wp\/v2\/posts"}],"about":[{"href":"https:\/\/soclose.mx\/blog\/wp-json\/wp\/v2\/types\/post"}],"author":[{"embeddable":true,"href":"https:\/\/soclose.mx\/blog\/wp-json\/wp\/v2\/users\/8"}],"replies":[{"embeddable":true,"href":"https:\/\/soclose.mx\/blog\/wp-json\/wp\/v2\/comments?post=8613"}],"version-history":[{"count":0,"href":"https:\/\/soclose.mx\/blog\/wp-json\/wp\/v2\/posts\/8613\/revisions"}],"wp:featuredmedia":[{"embeddable":true,"href":"https:\/\/soclose.mx\/blog\/wp-json\/wp\/v2\/media\/8614"}],"wp:attachment":[{"href":"https:\/\/soclose.mx\/blog\/wp-json\/wp\/v2\/media?parent=8613"}],"wp:term":[{"taxonomy":"category","embeddable":true,"href":"https:\/\/soclose.mx\/blog\/wp-json\/wp\/v2\/categories?post=8613"},{"taxonomy":"post_tag","embeddable":true,"href":"https:\/\/soclose.mx\/blog\/wp-json\/wp\/v2\/tags?post=8613"}],"curies":[{"name":"wp","href":"https:\/\/api.w.org\/{rel}","templated":true}]}}