{"id":8641,"date":"2022-01-25T00:11:34","date_gmt":"2022-01-25T06:11:34","guid":{"rendered":"https:\/\/soclose.mx\/blog\/?p=8641"},"modified":"2023-09-24T10:18:37","modified_gmt":"2023-09-24T16:18:37","slug":"una-replica-en-hielo-de-la-piramide-de-kukulkan-en-china","status":"publish","type":"post","link":"https:\/\/soclose.mx\/blog\/news-feed\/una-replica-en-hielo-de-la-piramide-de-kukulkan-en-china\/","title":{"rendered":"Una r\u00e9plica en hielo de la pir\u00e1mide de Kukulk\u00e1n \u00a1en China!"},"content":{"rendered":"<p>As\u00ed es, con motivo del <strong>Festival Mundial de Nieve y Hielo<\/strong> que se celebra en <strong>Harbin,\u00a0 China<\/strong>, se exhibe en el pa\u00eds asi\u00e1tico una r\u00e9plica de la <strong>pir\u00e1mide de Kukulk\u00e1n<\/strong>, con la caracter\u00edstica que est\u00e1 hecha de hielo.<\/p>\n<p>La construcci\u00f3n posee una altura de 9.5 metros y ocupa una superficie de unos 440 metros cuadrados, algo menos de la mitad de las dimensiones de la original.<\/p>\n<p>M\u00e1s de 500 personas participaron en su construcci\u00f3n durante siete d\u00edas. Se trata de la primera escultura de hielo representativa de la cultura latinoamericana que se presenta en el festival, que celebra este a\u00f1o su vigesimotercera edici\u00f3n.<\/p>\n<p><strong>La pir\u00e1mide de Kukulk\u00e1n<\/strong>, situada en la<strong> Zona Arqueol\u00f3gica de Chich\u00e9n Itz\u00e1<\/strong>, en la <a href=\"https:\/\/soclose.mx\/blog\/?s=yucatan\" target=\"_blank\" rel=\"noopener\">pen\u00ednsula de <\/a><strong>Yucat\u00e1n,<\/strong> es considerada una de las expresiones arquitect\u00f3nicas m\u00e1s importantes de la regi\u00f3n maya..<\/p>\n<p>Cabe mencionar que el festival se celebra del 25 de diciembre de 2021 hasta finales de febrero de 2022.<\/p>\n<blockquote class=\"twitter-tweet\">\n<p dir=\"ltr\" lang=\"es\">La pir\u00e1mide o templo del Kukulk\u00e1n hecha de hielo en el 23 festival de hielo y nieve del mundo en Havin, China.<br \/>\nEs la primera vez que participa un pa\u00eds latinoamericano.<br \/>\nViva M\u00e9xico \ud83c\uddf2\ud83c\uddfd \ud83c\udde8\ud83c\uddf3\ud83c\udf8a\ud83d\udc83\ud83c\udffb<br \/>\nChina hermana ya eres Mexicana <a href=\"https:\/\/twitter.com\/EmbChinaMex?ref_src=twsrc%5Etfw\">@EmbChinaMex<\/a> \ud83e\udd17 <a href=\"https:\/\/t.co\/FpiofkJLEl\">pic.twitter.com\/FpiofkJLEl<\/a><\/p>\n<p>\u2014 Xiomara8a\ud83c\uddf2\ud83c\uddfd\ud83c\uddeb\ud83c\uddf7\ud83d\udc40\ud83d\udc40\ud83d\udd06\ud83d\udc20\ud83c\udf3b (@Xiomara8a) <a href=\"https:\/\/twitter.com\/Xiomara8a\/status\/1484963445539627014?ref_src=twsrc%5Etfw\">January 22, 2022<\/a><\/p><\/blockquote>\n<p><script async src=\"https:\/\/platform.twitter.com\/widgets.js\" charset=\"utf-8\"><\/script><\/p>\n","protected":false},"excerpt":{"rendered":"<p>As\u00ed es, con motivo del Festival Mundial de Nieve y Hielo que se celebra en Harbin,\u00a0 China, se exhibe en el pa\u00eds asi\u00e1tico una r\u00e9plica de la pir\u00e1mide de Kukulk\u00e1n, con la caracter\u00edstica que est\u00e1 hecha de hielo. La construcci\u00f3n posee una altura de 9.5 metros y ocupa una superficie de unos 440 metros cuadrados, algo menos de la mitad de las dimensiones de la original. M\u00e1s de 500 personas participaron en su construcci\u00f3n durante siete d\u00edas. Se trata de la primera escultura de hielo representativa de la cultura latinoamericana que se presenta en el festival, que celebra este a\u00f1o<\/p>\n","protected":false},"author":8,"featured_media":8642,"comment_status":"open","ping_status":"open","sticky":false,"template":"","format":"standard","meta":{"_jetpack_memberships_contains_paid_content":false,"footnotes":""},"categories":[628],"tags":[543,1746,1745],"class_list":["post-8641","post","type-post","status-publish","format-standard","has-post-thumbnail","hentry","category-news-feed","tag-china","tag-piramide-de-kukulkan","tag-zona-arqueologica-de-chichen-itza"],"yoast_head":"<!-- This site is optimized with the Yoast SEO plugin v26.7 - https:\/\/yoast.com\/wordpress\/plugins\/seo\/ -->\n<title>Una r\u00e9plica en hielo de la pir\u00e1mide de Kukulk\u00e1n \u00a1en China! - So Close<\/title>\n<meta name=\"description\" content=\"La pir\u00e1mide de Chich\u00e9n Itz\u00e1 tiene una altura de 9.5 metros y ocupa una superficie de unos 440 metros cuadrados.\" \/>\n<meta name=\"robots\" content=\"index, follow, max-snippet:-1, max-image-preview:large, max-video-preview:-1\" \/>\n<link rel=\"canonical\" href=\"https:\/\/soclose.mx\/blog\/tag\/juan-rulfo-frases-mujeres\/\" \/>\n<meta property=\"og:locale\" content=\"es_MX\" \/>\n<meta property=\"og:type\" content=\"article\" \/>\n<meta property=\"og:title\" content=\"Una r\u00e9plica en hielo de la pir\u00e1mide de Kukulk\u00e1n \u00a1en China! - So Close\" \/>\n<meta property=\"og:description\" content=\"La pir\u00e1mide de Chich\u00e9n Itz\u00e1 tiene una altura de 9.5 metros y ocupa una superficie de unos 440 metros cuadrados.\" \/>\n<meta property=\"og:url\" content=\"https:\/\/soclose.mx\/blog\/tag\/juan-rulfo-frases-mujeres\/\" \/>\n<meta property=\"og:site_name\" content=\"So Close\" \/>\n<meta property=\"article:author\" content=\"www.facebook.com\/mikexever\/\" \/>\n<meta property=\"article:published_time\" content=\"2022-01-25T06:11:34+00:00\" \/>\n<meta property=\"article:modified_time\" content=\"2023-09-24T16:18:37+00:00\" \/>\n<meta property=\"og:image\" content=\"https:\/\/i0.wp.com\/soclose.mx\/blog\/wp-content\/uploads\/2022\/01\/Copia-de-Principal-So-Close-blog-2-12.png?fit=1240%2C700&ssl=1\" \/>\n\t<meta property=\"og:image:width\" content=\"1240\" \/>\n\t<meta property=\"og:image:height\" content=\"700\" \/>\n\t<meta property=\"og:image:type\" content=\"image\/png\" \/>\n<meta name=\"author\" content=\"Miguel Angel Romero\" \/>\n<meta name=\"twitter:card\" content=\"summary_large_image\" \/>\n<meta name=\"twitter:creator\" content=\"@Mikerecomienda\" \/>\n<meta name=\"twitter:label1\" content=\"Escrito por\" \/>\n\t<meta name=\"twitter:data1\" content=\"Miguel Angel Romero\" \/>\n\t<meta name=\"twitter:label2\" content=\"Tiempo de lectura\" \/>\n\t<meta name=\"twitter:data2\" content=\"1 minuto\" \/>\n<script type=\"application\/ld+json\" class=\"yoast-schema-graph\">{\"@context\":\"https:\/\/schema.org\",\"@graph\":[{\"@type\":\"Article\",\"@id\":\"https:\/\/soclose.mx\/blog\/tag\/juan-rulfo-frases-mujeres\/#article\",\"isPartOf\":{\"@id\":\"https:\/\/soclose.mx\/blog\/tag\/juan-rulfo-frases-mujeres\/\"},\"author\":{\"name\":\"Miguel Angel Romero\",\"@id\":\"https:\/\/soclose.mx\/blog\/#\/schema\/person\/cddec6ccd5d7037d286395fb411e23f1\"},\"headline\":\"Una r\u00e9plica en hielo de la pir\u00e1mide de Kukulk\u00e1n \u00a1en China!\",\"datePublished\":\"2022-01-25T06:11:34+00:00\",\"dateModified\":\"2023-09-24T16:18:37+00:00\",\"mainEntityOfPage\":{\"@id\":\"https:\/\/soclose.mx\/blog\/tag\/juan-rulfo-frases-mujeres\/\"},\"wordCount\":232,\"commentCount\":0,\"publisher\":{\"@id\":\"https:\/\/soclose.mx\/blog\/#organization\"},\"image\":{\"@id\":\"https:\/\/soclose.mx\/blog\/tag\/juan-rulfo-frases-mujeres\/#primaryimage\"},\"thumbnailUrl\":\"https:\/\/i0.wp.com\/soclose.mx\/blog\/wp-content\/uploads\/2022\/01\/Copia-de-Principal-So-Close-blog-2-12.png?fit=1240%2C700&ssl=1\",\"keywords\":[\"china\",\"pir\u00e1mide de Kukulk\u00e1n\",\"Zona Arqueol\u00f3gica de Chich\u00e9n Itz\u00e1\"],\"articleSection\":[\"News feed\"],\"inLanguage\":\"es\",\"potentialAction\":[{\"@type\":\"CommentAction\",\"name\":\"Comment\",\"target\":[\"https:\/\/soclose.mx\/blog\/tag\/juan-rulfo-frases-mujeres\/#respond\"]}]},{\"@type\":\"WebPage\",\"@id\":\"https:\/\/soclose.mx\/blog\/tag\/juan-rulfo-frases-mujeres\/\",\"url\":\"https:\/\/soclose.mx\/blog\/tag\/juan-rulfo-frases-mujeres\/\",\"name\":\"Una r\u00e9plica en hielo de la pir\u00e1mide de Kukulk\u00e1n \u00a1en China! - So Close\",\"isPartOf\":{\"@id\":\"https:\/\/soclose.mx\/blog\/#website\"},\"primaryImageOfPage\":{\"@id\":\"https:\/\/soclose.mx\/blog\/tag\/juan-rulfo-frases-mujeres\/#primaryimage\"},\"image\":{\"@id\":\"https:\/\/soclose.mx\/blog\/tag\/juan-rulfo-frases-mujeres\/#primaryimage\"},\"thumbnailUrl\":\"https:\/\/i0.wp.com\/soclose.mx\/blog\/wp-content\/uploads\/2022\/01\/Copia-de-Principal-So-Close-blog-2-12.png?fit=1240%2C700&ssl=1\",\"datePublished\":\"2022-01-25T06:11:34+00:00\",\"dateModified\":\"2023-09-24T16:18:37+00:00\",\"description\":\"La pir\u00e1mide de Chich\u00e9n Itz\u00e1 tiene una altura de 9.5 metros y ocupa una superficie de unos 440 metros cuadrados.\",\"breadcrumb\":{\"@id\":\"https:\/\/soclose.mx\/blog\/tag\/juan-rulfo-frases-mujeres\/#breadcrumb\"},\"inLanguage\":\"es\",\"potentialAction\":[{\"@type\":\"ReadAction\",\"target\":[\"https:\/\/soclose.mx\/blog\/tag\/juan-rulfo-frases-mujeres\/\"]}]},{\"@type\":\"ImageObject\",\"inLanguage\":\"es\",\"@id\":\"https:\/\/soclose.mx\/blog\/tag\/juan-rulfo-frases-mujeres\/#primaryimage\",\"url\":\"https:\/\/i0.wp.com\/soclose.mx\/blog\/wp-content\/uploads\/2022\/01\/Copia-de-Principal-So-Close-blog-2-12.png?fit=1240%2C700&ssl=1\",\"contentUrl\":\"https:\/\/i0.wp.com\/soclose.mx\/blog\/wp-content\/uploads\/2022\/01\/Copia-de-Principal-So-Close-blog-2-12.png?fit=1240%2C700&ssl=1\",\"width\":1240,\"height\":700},{\"@type\":\"BreadcrumbList\",\"@id\":\"https:\/\/soclose.mx\/blog\/tag\/juan-rulfo-frases-mujeres\/#breadcrumb\",\"itemListElement\":[{\"@type\":\"ListItem\",\"position\":1,\"name\":\"Inicio\",\"item\":\"https:\/\/soclose.mx\/blog\/\"},{\"@type\":\"ListItem\",\"position\":2,\"name\":\"Una r\u00e9plica en hielo de la pir\u00e1mide de Kukulk\u00e1n \u00a1en China!\"}]},{\"@type\":\"WebSite\",\"@id\":\"https:\/\/soclose.mx\/blog\/#website\",\"url\":\"https:\/\/soclose.mx\/blog\/\",\"name\":\"So Close\",\"description\":\"Hacemos contenidos de M\u00e9xico\",\"publisher\":{\"@id\":\"https:\/\/soclose.mx\/blog\/#organization\"},\"potentialAction\":[{\"@type\":\"SearchAction\",\"target\":{\"@type\":\"EntryPoint\",\"urlTemplate\":\"https:\/\/soclose.mx\/blog\/?s={search_term_string}\"},\"query-input\":{\"@type\":\"PropertyValueSpecification\",\"valueRequired\":true,\"valueName\":\"search_term_string\"}}],\"inLanguage\":\"es\"},{\"@type\":\"Organization\",\"@id\":\"https:\/\/soclose.mx\/blog\/#organization\",\"name\":\"So Close\",\"url\":\"https:\/\/soclose.mx\/blog\/\",\"logo\":{\"@type\":\"ImageObject\",\"inLanguage\":\"es\",\"@id\":\"https:\/\/soclose.mx\/blog\/#\/schema\/logo\/image\/\",\"url\":\"https:\/\/i0.wp.com\/soclose.mx\/blog\/wp-content\/uploads\/2020\/12\/LOGO_SOCLOSE_COLOR-e1608310133507.png?fit=2858%2C1264&ssl=1\",\"contentUrl\":\"https:\/\/i0.wp.com\/soclose.mx\/blog\/wp-content\/uploads\/2020\/12\/LOGO_SOCLOSE_COLOR-e1608310133507.png?fit=2858%2C1264&ssl=1\",\"width\":2858,\"height\":1264,\"caption\":\"So Close\"},\"image\":{\"@id\":\"https:\/\/soclose.mx\/blog\/#\/schema\/logo\/image\/\"}},{\"@type\":\"Person\",\"@id\":\"https:\/\/soclose.mx\/blog\/#\/schema\/person\/cddec6ccd5d7037d286395fb411e23f1\",\"name\":\"Miguel Angel Romero\",\"image\":{\"@type\":\"ImageObject\",\"inLanguage\":\"es\",\"@id\":\"https:\/\/soclose.mx\/blog\/#\/schema\/person\/image\/\",\"url\":\"https:\/\/secure.gravatar.com\/avatar\/45b44006b4f93497bb24d251f77bc39385015bfa120582412df580dbfcbb14f3?s=96&d=mm&r=g\",\"contentUrl\":\"https:\/\/secure.gravatar.com\/avatar\/45b44006b4f93497bb24d251f77bc39385015bfa120582412df580dbfcbb14f3?s=96&d=mm&r=g\",\"caption\":\"Miguel Angel Romero\"},\"sameAs\":[\"http:\/\/\/mikexever.blogspot.com\/\",\"www.facebook.com\/mikexever\/\",\"https:\/\/x.com\/Mikerecomienda\"],\"url\":\"https:\/\/soclose.mx\/blog\/author\/mike\/\"}]}<\/script>\n<!-- \/ Yoast SEO plugin. -->","yoast_head_json":{"title":"Una r\u00e9plica en hielo de la pir\u00e1mide de Kukulk\u00e1n \u00a1en China! - So Close","description":"La pir\u00e1mide de Chich\u00e9n Itz\u00e1 tiene una altura de 9.5 metros y ocupa una superficie de unos 440 metros cuadrados.","robots":{"index":"index","follow":"follow","max-snippet":"max-snippet:-1","max-image-preview":"max-image-preview:large","max-video-preview":"max-video-preview:-1"},"canonical":"https:\/\/soclose.mx\/blog\/tag\/juan-rulfo-frases-mujeres\/","og_locale":"es_MX","og_type":"article","og_title":"Una r\u00e9plica en hielo de la pir\u00e1mide de Kukulk\u00e1n \u00a1en China! - So Close","og_description":"La pir\u00e1mide de Chich\u00e9n Itz\u00e1 tiene una altura de 9.5 metros y ocupa una superficie de unos 440 metros cuadrados.","og_url":"https:\/\/soclose.mx\/blog\/tag\/juan-rulfo-frases-mujeres\/","og_site_name":"So Close","article_author":"www.facebook.com\/mikexever\/","article_published_time":"2022-01-25T06:11:34+00:00","article_modified_time":"2023-09-24T16:18:37+00:00","og_image":[{"width":1240,"height":700,"url":"https:\/\/i0.wp.com\/soclose.mx\/blog\/wp-content\/uploads\/2022\/01\/Copia-de-Principal-So-Close-blog-2-12.png?fit=1240%2C700&ssl=1","type":"image\/png"}],"author":"Miguel Angel Romero","twitter_card":"summary_large_image","twitter_creator":"@Mikerecomienda","twitter_misc":{"Escrito por":"Miguel Angel Romero","Tiempo de lectura":"1 minuto"},"schema":{"@context":"https:\/\/schema.org","@graph":[{"@type":"Article","@id":"https:\/\/soclose.mx\/blog\/tag\/juan-rulfo-frases-mujeres\/#article","isPartOf":{"@id":"https:\/\/soclose.mx\/blog\/tag\/juan-rulfo-frases-mujeres\/"},"author":{"name":"Miguel Angel Romero","@id":"https:\/\/soclose.mx\/blog\/#\/schema\/person\/cddec6ccd5d7037d286395fb411e23f1"},"headline":"Una r\u00e9plica en hielo de la pir\u00e1mide de Kukulk\u00e1n \u00a1en China!","datePublished":"2022-01-25T06:11:34+00:00","dateModified":"2023-09-24T16:18:37+00:00","mainEntityOfPage":{"@id":"https:\/\/soclose.mx\/blog\/tag\/juan-rulfo-frases-mujeres\/"},"wordCount":232,"commentCount":0,"publisher":{"@id":"https:\/\/soclose.mx\/blog\/#organization"},"image":{"@id":"https:\/\/soclose.mx\/blog\/tag\/juan-rulfo-frases-mujeres\/#primaryimage"},"thumbnailUrl":"https:\/\/i0.wp.com\/soclose.mx\/blog\/wp-content\/uploads\/2022\/01\/Copia-de-Principal-So-Close-blog-2-12.png?fit=1240%2C700&ssl=1","keywords":["china","pir\u00e1mide de Kukulk\u00e1n","Zona Arqueol\u00f3gica de Chich\u00e9n Itz\u00e1"],"articleSection":["News feed"],"inLanguage":"es","potentialAction":[{"@type":"CommentAction","name":"Comment","target":["https:\/\/soclose.mx\/blog\/tag\/juan-rulfo-frases-mujeres\/#respond"]}]},{"@type":"WebPage","@id":"https:\/\/soclose.mx\/blog\/tag\/juan-rulfo-frases-mujeres\/","url":"https:\/\/soclose.mx\/blog\/tag\/juan-rulfo-frases-mujeres\/","name":"Una r\u00e9plica en hielo de la pir\u00e1mide de Kukulk\u00e1n \u00a1en China! - So Close","isPartOf":{"@id":"https:\/\/soclose.mx\/blog\/#website"},"primaryImageOfPage":{"@id":"https:\/\/soclose.mx\/blog\/tag\/juan-rulfo-frases-mujeres\/#primaryimage"},"image":{"@id":"https:\/\/soclose.mx\/blog\/tag\/juan-rulfo-frases-mujeres\/#primaryimage"},"thumbnailUrl":"https:\/\/i0.wp.com\/soclose.mx\/blog\/wp-content\/uploads\/2022\/01\/Copia-de-Principal-So-Close-blog-2-12.png?fit=1240%2C700&ssl=1","datePublished":"2022-01-25T06:11:34+00:00","dateModified":"2023-09-24T16:18:37+00:00","description":"La pir\u00e1mide de Chich\u00e9n Itz\u00e1 tiene una altura de 9.5 metros y ocupa una superficie de unos 440 metros cuadrados.","breadcrumb":{"@id":"https:\/\/soclose.mx\/blog\/tag\/juan-rulfo-frases-mujeres\/#breadcrumb"},"inLanguage":"es","potentialAction":[{"@type":"ReadAction","target":["https:\/\/soclose.mx\/blog\/tag\/juan-rulfo-frases-mujeres\/"]}]},{"@type":"ImageObject","inLanguage":"es","@id":"https:\/\/soclose.mx\/blog\/tag\/juan-rulfo-frases-mujeres\/#primaryimage","url":"https:\/\/i0.wp.com\/soclose.mx\/blog\/wp-content\/uploads\/2022\/01\/Copia-de-Principal-So-Close-blog-2-12.png?fit=1240%2C700&ssl=1","contentUrl":"https:\/\/i0.wp.com\/soclose.mx\/blog\/wp-content\/uploads\/2022\/01\/Copia-de-Principal-So-Close-blog-2-12.png?fit=1240%2C700&ssl=1","width":1240,"height":700},{"@type":"BreadcrumbList","@id":"https:\/\/soclose.mx\/blog\/tag\/juan-rulfo-frases-mujeres\/#breadcrumb","itemListElement":[{"@type":"ListItem","position":1,"name":"Inicio","item":"https:\/\/soclose.mx\/blog\/"},{"@type":"ListItem","position":2,"name":"Una r\u00e9plica en hielo de la pir\u00e1mide de Kukulk\u00e1n \u00a1en China!"}]},{"@type":"WebSite","@id":"https:\/\/soclose.mx\/blog\/#website","url":"https:\/\/soclose.mx\/blog\/","name":"So Close","description":"Hacemos contenidos de M\u00e9xico","publisher":{"@id":"https:\/\/soclose.mx\/blog\/#organization"},"potentialAction":[{"@type":"SearchAction","target":{"@type":"EntryPoint","urlTemplate":"https:\/\/soclose.mx\/blog\/?s={search_term_string}"},"query-input":{"@type":"PropertyValueSpecification","valueRequired":true,"valueName":"search_term_string"}}],"inLanguage":"es"},{"@type":"Organization","@id":"https:\/\/soclose.mx\/blog\/#organization","name":"So Close","url":"https:\/\/soclose.mx\/blog\/","logo":{"@type":"ImageObject","inLanguage":"es","@id":"https:\/\/soclose.mx\/blog\/#\/schema\/logo\/image\/","url":"https:\/\/i0.wp.com\/soclose.mx\/blog\/wp-content\/uploads\/2020\/12\/LOGO_SOCLOSE_COLOR-e1608310133507.png?fit=2858%2C1264&ssl=1","contentUrl":"https:\/\/i0.wp.com\/soclose.mx\/blog\/wp-content\/uploads\/2020\/12\/LOGO_SOCLOSE_COLOR-e1608310133507.png?fit=2858%2C1264&ssl=1","width":2858,"height":1264,"caption":"So Close"},"image":{"@id":"https:\/\/soclose.mx\/blog\/#\/schema\/logo\/image\/"}},{"@type":"Person","@id":"https:\/\/soclose.mx\/blog\/#\/schema\/person\/cddec6ccd5d7037d286395fb411e23f1","name":"Miguel Angel Romero","image":{"@type":"ImageObject","inLanguage":"es","@id":"https:\/\/soclose.mx\/blog\/#\/schema\/person\/image\/","url":"https:\/\/secure.gravatar.com\/avatar\/45b44006b4f93497bb24d251f77bc39385015bfa120582412df580dbfcbb14f3?s=96&d=mm&r=g","contentUrl":"https:\/\/secure.gravatar.com\/avatar\/45b44006b4f93497bb24d251f77bc39385015bfa120582412df580dbfcbb14f3?s=96&d=mm&r=g","caption":"Miguel Angel Romero"},"sameAs":["http:\/\/\/mikexever.blogspot.com\/","www.facebook.com\/mikexever\/","https:\/\/x.com\/Mikerecomienda"],"url":"https:\/\/soclose.mx\/blog\/author\/mike\/"}]}},"jetpack_featured_media_url":"https:\/\/i0.wp.com\/soclose.mx\/blog\/wp-content\/uploads\/2022\/01\/Copia-de-Principal-So-Close-blog-2-12.png?fit=1240%2C700&ssl=1","jetpack-related-posts":[{"id":14748,"url":"https:\/\/soclose.mx\/blog\/a-la-mexicana\/rituales-mexicanos-para-recibir-el-equinoccio-de-primavera\/","url_meta":{"origin":8641,"position":0},"title":"Rituales Mexicanos para Recibir el Equinoccio de Primavera","author":"So Close","date":"17 marzo, 2025","format":false,"excerpt":"El equinoccio de primavera, que ocurre alrededor del 20 y 21 de marzo en el hemisferio norte, es un momento de gran significado cultural y espiritual en M\u00e9xico. Este fen\u00f3meno astron\u00f3mico marca el comienzo de la primavera y simboliza la renovaci\u00f3n y el renacimiento de la naturaleza. En M\u00e9xico, diversas\u2026","rel":"","context":"En &quot;A la mexicana&quot;","block_context":{"text":"A la mexicana","link":"https:\/\/soclose.mx\/blog\/category\/a-la-mexicana\/"},"img":{"alt_text":"Rituales en Chichen Itza","src":"https:\/\/i0.wp.com\/soclose.mx\/blog\/wp-content\/uploads\/2025\/03\/Rituales-en-Chichen-Itza.jpg?fit=1200%2C675&ssl=1&resize=350%2C200","width":350,"height":200,"srcset":"https:\/\/i0.wp.com\/soclose.mx\/blog\/wp-content\/uploads\/2025\/03\/Rituales-en-Chichen-Itza.jpg?fit=1200%2C675&ssl=1&resize=350%2C200 1x, https:\/\/i0.wp.com\/soclose.mx\/blog\/wp-content\/uploads\/2025\/03\/Rituales-en-Chichen-Itza.jpg?fit=1200%2C675&ssl=1&resize=525%2C300 1.5x, https:\/\/i0.wp.com\/soclose.mx\/blog\/wp-content\/uploads\/2025\/03\/Rituales-en-Chichen-Itza.jpg?fit=1200%2C675&ssl=1&resize=700%2C400 2x, https:\/\/i0.wp.com\/soclose.mx\/blog\/wp-content\/uploads\/2025\/03\/Rituales-en-Chichen-Itza.jpg?fit=1200%2C675&ssl=1&resize=1050%2C600 3x"},"classes":[]},{"id":5769,"url":"https:\/\/soclose.mx\/blog\/news-feed\/zona-arqueologica-de-teotihuacan-reabrira-al-publico\/","url_meta":{"origin":8641,"position":1},"title":"Zona Arqueol\u00f3gica de Teotihuacan reabrir\u00e1 al p\u00fablico","author":"So Close","date":"22 febrero, 2021","format":false,"excerpt":"El mi\u00e9rcoles 24 de febrero, la Secretar\u00eda de Cultura del Gobierno de M\u00e9xico y el Instituto Nacional de Antropolog\u00eda e Historia (INAH) abrir\u00e1n nuevamente al p\u00fablico la Zona Arqueol\u00f3gica de Teotihuacan, en el Estado de M\u00e9xico, bajo estrictos protocolos de salud. La Zona Arqueol\u00f3gica de Teotihuacan abrir\u00e1 en un\u00a0horario de\u2026","rel":"","context":"En &quot;News feed&quot;","block_context":{"text":"News feed","link":"https:\/\/soclose.mx\/blog\/category\/news-feed\/"},"img":{"alt_text":"","src":"https:\/\/i0.wp.com\/soclose.mx\/blog\/wp-content\/uploads\/2021\/02\/Principal-So-Close-blog-3.jpg?fit=1200%2C677&ssl=1&resize=350%2C200","width":350,"height":200,"srcset":"https:\/\/i0.wp.com\/soclose.mx\/blog\/wp-content\/uploads\/2021\/02\/Principal-So-Close-blog-3.jpg?fit=1200%2C677&ssl=1&resize=350%2C200 1x, https:\/\/i0.wp.com\/soclose.mx\/blog\/wp-content\/uploads\/2021\/02\/Principal-So-Close-blog-3.jpg?fit=1200%2C677&ssl=1&resize=525%2C300 1.5x, https:\/\/i0.wp.com\/soclose.mx\/blog\/wp-content\/uploads\/2021\/02\/Principal-So-Close-blog-3.jpg?fit=1200%2C677&ssl=1&resize=700%2C400 2x, https:\/\/i0.wp.com\/soclose.mx\/blog\/wp-content\/uploads\/2021\/02\/Principal-So-Close-blog-3.jpg?fit=1200%2C677&ssl=1&resize=1050%2C600 3x"},"classes":[]},{"id":6478,"url":"https:\/\/soclose.mx\/blog\/news-feed\/inah-trabaja-en-aplicacion-para-visitar-teotihuacan-virtualmente\/","url_meta":{"origin":8641,"position":2},"title":"INAH trabaja en aplicaci\u00f3n para visitar Teotihuacan virtualmente","author":"So Close","date":"7 julio, 2021","format":false,"excerpt":"En el \u00e1rea posterior a la Pir\u00e1mide del Sol, concretamente dentro de la Plaza Gamio, espacio que alberga oficinas administrativas y de investigaci\u00f3n, lo mismo que laboratorios y talleres de restauraci\u00f3n, se ubica uno de los sitios menos conocidos de la Zona Arqueol\u00f3gica de Teotihuacan, la Cueva de Soruco. Modificada\u2026","rel":"","context":"En &quot;News feed&quot;","block_context":{"text":"News feed","link":"https:\/\/soclose.mx\/blog\/category\/news-feed\/"},"img":{"alt_text":"","src":"https:\/\/i0.wp.com\/soclose.mx\/blog\/wp-content\/uploads\/2021\/07\/piramide-del-sol.jpeg?fit=1200%2C677&ssl=1&resize=350%2C200","width":350,"height":200,"srcset":"https:\/\/i0.wp.com\/soclose.mx\/blog\/wp-content\/uploads\/2021\/07\/piramide-del-sol.jpeg?fit=1200%2C677&ssl=1&resize=350%2C200 1x, https:\/\/i0.wp.com\/soclose.mx\/blog\/wp-content\/uploads\/2021\/07\/piramide-del-sol.jpeg?fit=1200%2C677&ssl=1&resize=525%2C300 1.5x, https:\/\/i0.wp.com\/soclose.mx\/blog\/wp-content\/uploads\/2021\/07\/piramide-del-sol.jpeg?fit=1200%2C677&ssl=1&resize=700%2C400 2x, https:\/\/i0.wp.com\/soclose.mx\/blog\/wp-content\/uploads\/2021\/07\/piramide-del-sol.jpeg?fit=1200%2C677&ssl=1&resize=1050%2C600 3x"},"classes":[]},{"id":6722,"url":"https:\/\/soclose.mx\/blog\/news-feed\/localizan-entierros-humanos-y-elementos-prehispanicos-asociados-a-un-templo-de-franciscanos-en-1619\/","url_meta":{"origin":8641,"position":3},"title":"Localizan entierros humanos y elementos prehisp\u00e1nicos asociados a un templo de franciscanos en 1619","author":"So Close","date":"30 julio, 2021","format":false,"excerpt":"Vestigios relacionados con el Templo de Nuestra Se\u00f1ora de la Inmaculada Concepci\u00f3n, erigido en tiempos virreinales, as\u00ed como con un destacamento militar que habr\u00eda sido usado durante la Guerra Social Maya o Guerra de Castas, fueron descubiertos por especialistas del Instituto Nacional de Antropolog\u00eda e Historia (INAH) en la poblaci\u00f3n\u2026","rel":"","context":"En &quot;News feed&quot;","block_context":{"text":"News feed","link":"https:\/\/soclose.mx\/blog\/category\/news-feed\/"},"img":{"alt_text":"","src":"https:\/\/i0.wp.com\/soclose.mx\/blog\/wp-content\/uploads\/2021\/07\/piste-yucatan.jpeg?fit=1200%2C677&ssl=1&resize=350%2C200","width":350,"height":200,"srcset":"https:\/\/i0.wp.com\/soclose.mx\/blog\/wp-content\/uploads\/2021\/07\/piste-yucatan.jpeg?fit=1200%2C677&ssl=1&resize=350%2C200 1x, https:\/\/i0.wp.com\/soclose.mx\/blog\/wp-content\/uploads\/2021\/07\/piste-yucatan.jpeg?fit=1200%2C677&ssl=1&resize=525%2C300 1.5x, https:\/\/i0.wp.com\/soclose.mx\/blog\/wp-content\/uploads\/2021\/07\/piste-yucatan.jpeg?fit=1200%2C677&ssl=1&resize=700%2C400 2x, https:\/\/i0.wp.com\/soclose.mx\/blog\/wp-content\/uploads\/2021\/07\/piste-yucatan.jpeg?fit=1200%2C677&ssl=1&resize=1050%2C600 3x"},"classes":[]},{"id":6819,"url":"https:\/\/soclose.mx\/blog\/news-feed\/concurso-para-detener-deterioro-de-piramide-de-la-serpiente-emplumada\/","url_meta":{"origin":8641,"position":4},"title":"Lanzan concurso para detener deterioro de Pir\u00e1mide de la Serpiente Emplumada","author":"Miguel Angel Romero","date":"6 agosto, 2021","format":false,"excerpt":"El INAH lanza concurso para detener el deterioro de la Pir\u00e1mide de la Serpiente Emplumada, el premio es de 600 mil pesos. A un siglo del descubrimiento de este monumento hist\u00f3rico, el Instituto Nacional de Antropolog\u00eda e Historia (INAH), lanz\u00f3 el\u00a0Concurso Internacional Serpiente Emplumada, cuya finalidad es el dise\u00f1o de\u2026","rel":"","context":"En &quot;News feed&quot;","block_context":{"text":"News feed","link":"https:\/\/soclose.mx\/blog\/category\/news-feed\/"},"img":{"alt_text":"","src":"https:\/\/i0.wp.com\/soclose.mx\/blog\/wp-content\/uploads\/2021\/08\/Principal-So-Close-blog-10.jpg?fit=1200%2C677&ssl=1&resize=350%2C200","width":350,"height":200,"srcset":"https:\/\/i0.wp.com\/soclose.mx\/blog\/wp-content\/uploads\/2021\/08\/Principal-So-Close-blog-10.jpg?fit=1200%2C677&ssl=1&resize=350%2C200 1x, https:\/\/i0.wp.com\/soclose.mx\/blog\/wp-content\/uploads\/2021\/08\/Principal-So-Close-blog-10.jpg?fit=1200%2C677&ssl=1&resize=525%2C300 1.5x, https:\/\/i0.wp.com\/soclose.mx\/blog\/wp-content\/uploads\/2021\/08\/Principal-So-Close-blog-10.jpg?fit=1200%2C677&ssl=1&resize=700%2C400 2x, https:\/\/i0.wp.com\/soclose.mx\/blog\/wp-content\/uploads\/2021\/08\/Principal-So-Close-blog-10.jpg?fit=1200%2C677&ssl=1&resize=1050%2C600 3x"},"classes":[]},{"id":9933,"url":"https:\/\/soclose.mx\/blog\/lugares\/mazatepetl-la-zona-de-venados-de-la-cdmx-que-nadie-conocia\/","url_meta":{"origin":8641,"position":5},"title":"Mazat\u00e9petl, la zona de venados de la CDMX que nadie conoc\u00eda","author":"Daniel Ram\u00edrez","date":"20 mayo, 2022","format":false,"excerpt":"En el a\u00f1o 2000, el Instituto Nacional de Antropolog\u00eda e Historia inici\u00f3 los trabajos de descubrimiento y rescate de la Zona Arqueol\u00f3gica Mazat\u00e9petl, ubicada en el Cerro del Jud\u00edo de San Bernab\u00e9 Ocotepec, alcald\u00eda Magdalena Contreras. La zona se encontraba oculta entre la maleza, por lo que fue dif\u00edcil saber\u2026","rel":"","context":"En &quot;Lugares&quot;","block_context":{"text":"Lugares","link":"https:\/\/soclose.mx\/blog\/category\/lugares\/"},"img":{"alt_text":"","src":"https:\/\/i0.wp.com\/soclose.mx\/blog\/wp-content\/uploads\/2022\/05\/pira.png?fit=1147%2C713&ssl=1&resize=350%2C200","width":350,"height":200,"srcset":"https:\/\/i0.wp.com\/soclose.mx\/blog\/wp-content\/uploads\/2022\/05\/pira.png?fit=1147%2C713&ssl=1&resize=350%2C200 1x, https:\/\/i0.wp.com\/soclose.mx\/blog\/wp-content\/uploads\/2022\/05\/pira.png?fit=1147%2C713&ssl=1&resize=525%2C300 1.5x, https:\/\/i0.wp.com\/soclose.mx\/blog\/wp-content\/uploads\/2022\/05\/pira.png?fit=1147%2C713&ssl=1&resize=700%2C400 2x, https:\/\/i0.wp.com\/soclose.mx\/blog\/wp-content\/uploads\/2022\/05\/pira.png?fit=1147%2C713&ssl=1&resize=1050%2C600 3x"},"classes":[]}],"jetpack_sharing_enabled":true,"_links":{"self":[{"href":"https:\/\/soclose.mx\/blog\/wp-json\/wp\/v2\/posts\/8641","targetHints":{"allow":["GET"]}}],"collection":[{"href":"https:\/\/soclose.mx\/blog\/wp-json\/wp\/v2\/posts"}],"about":[{"href":"https:\/\/soclose.mx\/blog\/wp-json\/wp\/v2\/types\/post"}],"author":[{"embeddable":true,"href":"https:\/\/soclose.mx\/blog\/wp-json\/wp\/v2\/users\/8"}],"replies":[{"embeddable":true,"href":"https:\/\/soclose.mx\/blog\/wp-json\/wp\/v2\/comments?post=8641"}],"version-history":[{"count":0,"href":"https:\/\/soclose.mx\/blog\/wp-json\/wp\/v2\/posts\/8641\/revisions"}],"wp:featuredmedia":[{"embeddable":true,"href":"https:\/\/soclose.mx\/blog\/wp-json\/wp\/v2\/media\/8642"}],"wp:attachment":[{"href":"https:\/\/soclose.mx\/blog\/wp-json\/wp\/v2\/media?parent=8641"}],"wp:term":[{"taxonomy":"category","embeddable":true,"href":"https:\/\/soclose.mx\/blog\/wp-json\/wp\/v2\/categories?post=8641"},{"taxonomy":"post_tag","embeddable":true,"href":"https:\/\/soclose.mx\/blog\/wp-json\/wp\/v2\/tags?post=8641"}],"curies":[{"name":"wp","href":"https:\/\/api.w.org\/{rel}","templated":true}]}}